{"id":2776,"date":"2010-05-22T23:04:07","date_gmt":"2010-05-22T22:04:07","guid":{"rendered":"http:\/\/fjala.shkoder.net\/?p=2776"},"modified":"2010-05-22T23:04:07","modified_gmt":"2010-05-22T22:04:07","slug":"2776","status":"publish","type":"post","link":"https:\/\/fjala.info\/2009-2015\/2776\/","title":{"rendered":"Kriza dhe integrimi"},"content":{"rendered":"<p><img decoding=\"async\" style=\"margin-left: 10px; margin-right: 10px; border: 0px;\" src=\"http:\/\/www.shkoder.net\/images\/fjala\/skender_minxhozi.jpg\" border=\"0\" alt=\"Sk\u00ebnder Minxhozi\" width=\"100\" align=\"right\" \/><\/p>\n<p><strong>Sk\u00ebnder Minxhozi<\/strong><\/p>\n<p>Kush shpresonte se darka e Strasburgut do t\u00eb sillte paqen dhe harmonin\u00eb e p\u00ebrjetshme, pas n\u00ebnt\u00eb muajve tensioni politik, u zhg\u00ebnjye. Por gjithashtu u zhg\u00ebnjye edhe ai q\u00eb besonte dhe vazhdon t\u00eb besoj\u00eb se politika shqiptare \u00ebsht\u00eb nj\u00eb tok\u00eb e djegur, ku s\u2019mbin asgj\u00eb e mir\u00eb. Darka e Krokodilit s\u2019\u00ebsht\u00eb as Darka e Fundit e Librit t\u00eb Shenjt\u00eb dhe as Darka e Gabuar e Kadares\u00eb. Ajo \u00ebsht\u00eb thjesht nj\u00eb stacion, n\u00eb rrug\u00ebn e gjat\u00eb t\u00eb gjetjes s\u00eb nj\u00eb zgjidhjeje p\u00ebr nj\u00eb kriz\u00eb t\u00eb v\u00ebshtir\u00eb dhe komplekse, e cila nd\u00ebrthur t\u00eb sotmen e politik\u00ebs shqiptare, me temperamentin e saj t\u00eb p\u00ebrjetsh\u00ebm, ku dominojn\u00eb pasionet mbi logjik\u00ebn dhe ekuilibrin.<\/p>\n<p>Berisha dhe Rama u ul\u00ebn p\u00ebr her\u00eb t\u00eb par\u00eb ball\u00eb p\u00ebr ball\u00eb, q\u00eb nga takimi tek presidenti Topi, n\u00eb shkurtin e kaluar. Formati i k\u00ebtij takimi t\u00eb dyt\u00eb, klima n\u00eb t\u00eb cilin ai u mblodh dhe trysnia q\u00eb ushtrohej mbi aktor\u00ebt kryesor\u00eb, ishin shum\u00eb m\u00eb sofistikuar se demarshi i ndrojtur i kreut t\u00eb shtetit, ku elementi m\u00eb i r\u00ebnd\u00ebsish\u00ebm rezultaun batutat dhe kund\u00ebrv\u00ebnia mur me mur. K\u00ebsaj rradhe \u00ebsht\u00eb e sigurt\u00eb se batuta nuk pati, gjuha ishte e moderuar dhe pal\u00ebt koshiente p\u00ebr riskun q\u00eb marrin p\u00ebrsip\u00ebr. Qeveria u paraqit n\u00eb takim me paralajm\u00ebrimin e r\u00ebnd\u00eb mbi krye, t\u00eb pezullimit t\u00eb procesit t\u00eb integrimit t\u00eb vendit, deri n\u00eb gjetjen e nj\u00eb formule p\u00ebr kriz\u00ebn elektorale. Opozita nga ana e saj hoqi barrikad\u00ebn njer\u00ebzore n\u00eb bulevard dhe pranoi t\u00eb negocioj\u00eb pa presionin e grev\u00ebs s\u00eb uris\u00eb. Letra e Doll dhe Shulz p\u00ebr Berish\u00ebn dhe Ram\u00ebn \u00ebsht\u00eb ndoshta elementi m\u00eb i r\u00ebnd\u00ebsish\u00ebm i asaj q\u00eb ndodhi para dhe gjat\u00eb dark\u00ebs s\u00eb Strasburgut.<\/p>\n<p>Tashm\u00eb BE i ka l\u00ebn\u00eb edhe formalisht m\u00ebnjan\u00eb apelet dhe ftesat verbale p\u00ebr zgjedhjen e ng\u00ebrcit. Letra e m\u00ebsip\u00ebrme \u00ebsht\u00eb n\u00eb fakt nj\u00eb ultimatum dhe nj\u00eb spostim i hapur i europian\u00ebve nga gjuha e tyre e matur e diplomatike me nj\u00eb vend q\u00eb ende nuk \u00ebsht\u00eb an\u00ebtar i Klubit. K\u00ebrc\u00ebnimi i hapur me pezullim t\u00eb procesit, ka qen\u00eb n\u00eb fakt karta q\u00eb Brukseli, i ndar\u00eb natyrsh\u00ebm n\u00eb q\u00ebndrime q\u00eb pasqyrojn\u00eb edhe ngjyrimet politike, evitoi ta luante, duke shpresuar se kriza e Tiran\u00ebs do t\u00eb kishte nj\u00eb fund. Degjenerimi i situat\u00ebs gjat\u00eb muajit maj dhe mungesa e hapur e vullnetit t\u00eb pal\u00ebve p\u00ebr nj\u00eb fund t\u00eb arsyesh\u00ebm t\u00eb kolapsit politik, mesa duket e shtyu Europ\u00ebn e Bashkuar t\u00eb aplikoj\u00eb gjuh\u00ebn e forc\u00ebs dhe strategjin\u00eb e kusht\u00ebzimit.<\/p>\n<p>E zhvilluar n\u00ebn k\u00ebt\u00eb shpat\u00eb virtuale t\u00eb Damokleut, darka e restorantit me emrin alegorik n\u00eb Strasburg, ka qen\u00eb nj\u00eb bankoprov\u00eb e madhe p\u00ebr t\u00eb dy lider\u00ebt. Sidomos p\u00ebr kryeministrin, i cili deri at\u00eb moment kishte par\u00eb jo pa k\u00ebnaq\u00ebsi sesi nd\u00ebrkomb\u00ebtar\u00ebt kontestonin kryesisht vendimin e opozit\u00ebs p\u00ebr t\u00eb hyr\u00eb n\u00eb grev\u00eb urie, duke kursyer p\u00ebrgjith\u00ebsisht qeverin\u00eb. Nga ky moment llogarit\u00eb duhen b\u00ebr\u00eb t\u00eb pakt\u00ebn n\u00eb m\u00ebnyr\u00eb simetrike.<\/p>\n<p>Rama arriti ta zyrtarizoj\u00eb edhe jasht\u00eb vendit kriz\u00ebn, t\u2019i nxjerr\u00eb njer\u00ebzit nga nj\u00eb grev\u00eb urie q\u00eb po b\u00ebhej e rrezikshme p\u00ebr jet\u00ebt njer\u00ebzore, n\u00eb k\u00ebmbim t\u00eb nj\u00eb gjesti t\u00eb fort\u00eb t\u00eb nd\u00ebrkomb\u00ebtar\u00ebve, t\u00eb detyroj\u00eb s\u00ebrish maxhoranc\u00ebn q\u00eb ofroj\u00eb si zgjedhje (moralisht t\u00eb dyshimt\u00eb) djegien e flet\u00ebve t\u00eb votimit dhe \u00e7\u2019\u00ebsht\u00eb m\u00eb e r\u00ebnd\u00ebsishmja e t\u00eb gjithave, t\u00eb kusht\u00ebzoj\u00eb procesin e integrimit t\u00eb vendit, me arritjen e nj\u00eb kompromisi \u201ct\u00eb ndersh\u00ebm\u201d p\u00ebr kriz\u00ebn elektorale. Tashm\u00eb askush s\u2019mund t\u00eb thot\u00eb m\u00eb se kjo po ndodh p\u00ebr shkak se kreu i PS k\u00ebrkon t\u00eb konsolidoj\u00eb pozit\u00ebn brenda PS dhe as me q\u00ebllimin e rimarrjes s\u00eb pozitave p\u00ebr humbjes s\u00eb zgjedhjeve. Loja \u00ebsht\u00eb shum\u00eb m\u00eb e gjer\u00eb dhe shum\u00eb m\u00eb e thell\u00eb se kaq. Nuk \u00ebsht\u00eb pak, si bilanc, p\u00ebr nj\u00eb njeri q\u00eb rreth nj\u00eb vit m\u00eb par\u00eb shihej pak a shum\u00eb si nj\u00eb kufom\u00eb politike.<\/p>\n<p>Nga ana e tij edhe Berisha mund ta llogaris\u00eb si sukses q\u00eb mundi t\u00eb largoj\u00eb nga bulevardi grevist\u00ebt e uris\u00eb, nj\u00eb situat\u00eb mjaft e sikletshme p\u00ebr qeverin\u00eb, por edhe q\u00eb vazhdon t\u00eb fitoj\u00eb koh\u00eb, pa dh\u00ebn\u00eb nj\u00eb p\u00ebrgjigje dhe duke qen\u00eb ende n\u00eb pozit\u00ebn e atij q\u00eb duhet t\u00eb jap\u00eb koncesionin final. Megjithat\u00eb kryeministri ka humbur shum\u00eb terren gjat\u00eb k\u00ebtyre muajve, sidomos kur ka ndjer\u00eb sesi kriza e brendshme politike po i b\u00ebhej nj\u00eb barr\u00eb e padurueshme, procesit t\u00eb integrimit europian dhe kur ka par\u00eb sesa nervoz\u00eb jan\u00eb b\u00ebr\u00eb nd\u00ebrkomb\u00ebtar\u00ebt, jo vet\u00ebm me kund\u00ebrshtarin e tij t\u00eb majt\u00eb, por edhe me at\u00eb vet\u00eb. Mbetet t\u00eb shihet cfar\u00eb do t\u00eb ndodh\u00eb n\u00eb Konferenc\u00ebn e Sarajev\u00ebs, n\u00eb fillim t\u00eb qershorit, ku do t\u00eb vendoset p\u00ebr liberalizimin e vizave. Gjasat jan\u00eb q\u00eb ky proces, p\u00ebr Shqip\u00ebrin\u00eb, t\u00eb ket\u00eb form\u00ebn e nj\u00eb drite jeshile me kusht.<\/p>\n<p>N\u00eb fund t\u00eb fundit, n\u00eb k\u00ebt\u00eb p\u00ebrplasje t\u00eb transportuar jasht\u00eb vendit, zoti Berisha di mir\u00eb dy gj\u00ebra themelore n\u00eb k\u00ebt\u00eb kriz\u00eb: e para, q\u00eb kostoja e k\u00ebtij sherri n\u00ebnt\u00ebmujor, n\u00eb \u00e7do rrethan\u00eb dhe llogari t\u00eb mundshme, d\u00ebmton m\u00eb s\u00eb shumti qeverin\u00eb. Sic po e shohim faktikisht or\u00ebt e fundit. S\u00eb dyti, q\u00eb kauza e diegies, p\u00ebrball\u00eb kauz\u00ebs s\u00eb transparenc\u00ebs, \u00ebsht\u00eb moralisht m\u00eb e dob\u00ebt dhe mbi t\u00eb gjitha, ngjall shum\u00eb m\u00eb tep\u00ebr dyshime. Njer\u00ebzit nuk logjikojn\u00eb dot me nene dhe klauzola ligjesh q\u00eb s\u2019i kupton askush. Ata jan\u00eb t\u00eb prirur t\u2019i shohin dhe t\u2019i interpretojn\u00eb \u201ctrash\u00eb\u201d k\u00ebto lloj krizash: ky k\u00ebrkon t\u00eb hap\u00eb kutit\u00eb, ky tjetri nuk e lejon. P\u00ebrfundimi imagjinohet dhe n\u00eb pjes\u00ebn d\u00ebrrmuese nuk \u00ebsht\u00eb pozitiv p\u00ebr qeverin\u00eb.<\/p>\n<p>Nga ana tjet\u00ebr, v\u00ebrtet kryeministri po k\u00ebrkon t\u00eb fitoj\u00eb me \u00e7do kusht koh\u00eb, porse ka nj\u00eb problem. N\u00ebse kusht\u00ebzimi i letr\u00ebs s\u00eb Doll-Shulz do t\u00eb shtrihej n\u00eb m\u00ebnyr\u00eb rigoroze deri n\u00eb gjetjen e nj\u00eb zgjidhjeje, fitorja e koh\u00ebs mbi opozit\u00ebn do t\u00eb rrezikonte termat kohor\u00eb t\u00eb procesit t\u00eb integrimit europian. Nj\u00eb operacion shum\u00eb delikat q\u00eb qeveria do t\u00eb donte m\u00eb cdo kusht ta mbante jasht\u00eb sherrit t\u00eb brendsh\u00ebm politik.<\/p>\n<p>N\u00eb k\u00ebto kushte, dy jav\u00ebt e vendosura si afat n\u00eb takimin e Strasburgut, marrin nj\u00eb r\u00ebnd\u00ebsi jetike p\u00ebr t\u00eb dyja pal\u00ebt. N\u00ebse n\u00eb dyert e sezonit veror situata s\u2019do t\u00eb ket\u00eb ndryshuar, pasojat e asaj q\u00eb mund t\u00eb ndodh\u00eb jan\u00eb t\u00eb r\u00ebnda p\u00ebr t\u00eb gjith\u00eb. Ndryshimi i kodit t\u00eb komunikimit nga ana e nd\u00ebrkomb\u00ebtar\u00ebve, \u00ebsht\u00eb shenj\u00eb e qart\u00eb se vija e kuqe po kalohet. Dhe kur kalohet vija e kuqe, paguajn\u00eb t\u00eb gjith\u00eb.<\/p>\n","protected":false},"excerpt":{"rendered":"<p>Sk\u00ebnder Minxhozi Kush shpresonte se darka e Strasburgut do t\u00eb sillte paqen dhe harmonin\u00eb e p\u00ebrjetshme, pas n\u00ebnt\u00eb muajve tensioni politik, u zhg\u00ebnjye. Por gjithashtu u zhg\u00ebnjye edhe ai q\u00eb besonte dhe vazhdon t\u00eb besoj\u00eb se politika shqiptare \u00ebsht\u00eb nj\u00eb tok\u00eb e djegur, ku s\u2019mbin asgj\u00eb e mir\u00eb. Darka e Krokodilit s\u2019\u00ebsht\u00eb as Darka e [&hellip;]<\/p>\n","protected":false},"author":1,"featured_media":0,"comment_status":"open","ping_status":"closed","sticky":false,"template":"","format":"standard","meta":{"footnotes":""},"categories":[2],"tags":[],"class_list":{"0":"post-2776","1":"post","2":"type-post","3":"status-publish","4":"format-standard","6":"category-artikuj"},"yoast_head":"<!-- This site is optimized with the Yoast SEO plugin v27.4 - https:\/\/yoast.com\/product\/yoast-seo-wordpress\/ -->\n<title>Kriza dhe integrimi - FjALA e LIR\u00cb - Arkivi<\/title>\n<meta name=\"robots\" content=\"index, follow, max-snippet:-1, max-image-preview:large, max-video-preview:-1\" \/>\n<link rel=\"canonical\" href=\"https:\/\/fjala.info\/2009-2015\/2776\/\" \/>\n<meta property=\"og:locale\" content=\"sq_AL\" \/>\n<meta property=\"og:type\" content=\"article\" \/>\n<meta property=\"og:title\" content=\"Kriza dhe integrimi - FjALA e LIR\u00cb - Arkivi\" \/>\n<meta property=\"og:description\" content=\"Sk\u00ebnder Minxhozi Kush shpresonte se darka e Strasburgut do t\u00eb sillte paqen dhe harmonin\u00eb e p\u00ebrjetshme, pas n\u00ebnt\u00eb muajve tensioni politik, u zhg\u00ebnjye. Por gjithashtu u zhg\u00ebnjye edhe ai q\u00eb besonte dhe vazhdon t\u00eb besoj\u00eb se politika shqiptare \u00ebsht\u00eb nj\u00eb tok\u00eb e djegur, ku s\u2019mbin asgj\u00eb e mir\u00eb. Darka e Krokodilit s\u2019\u00ebsht\u00eb as Darka e [&hellip;]\" \/>\n<meta property=\"og:url\" content=\"https:\/\/fjala.info\/2009-2015\/2776\/\" \/>\n<meta property=\"og:site_name\" content=\"FjALA e LIR\u00cb - Arkivi\" \/>\n<meta property=\"article:published_time\" content=\"2010-05-22T22:04:07+00:00\" \/>\n<meta property=\"og:image\" content=\"http:\/\/www.shkoder.net\/images\/fjala\/skender_minxhozi.jpg\" \/>\n<meta name=\"author\" content=\"admin\" \/>\n<meta name=\"twitter:card\" content=\"summary_large_image\" \/>\n<meta name=\"twitter:label1\" content=\"Written by\" \/>\n\t<meta name=\"twitter:data1\" content=\"admin\" \/>\n\t<meta name=\"twitter:label2\" content=\"Est. reading time\" \/>\n\t<meta name=\"twitter:data2\" content=\"6 minutes\" \/>\n<script type=\"application\/ld+json\" class=\"yoast-schema-graph\">{\"@context\":\"https:\\\/\\\/schema.org\",\"@graph\":[{\"@type\":\"Article\",\"@id\":\"https:\\\/\\\/fjala.info\\\/2009-2015\\\/2776\\\/#article\",\"isPartOf\":{\"@id\":\"https:\\\/\\\/fjala.info\\\/2009-2015\\\/2776\\\/\"},\"author\":{\"name\":\"admin\",\"@id\":\"https:\\\/\\\/fjala.info\\\/2009-2015\\\/#\\\/schema\\\/person\\\/3aa1163ef05469c496fc94e77611ada2\"},\"headline\":\"Kriza dhe integrimi\",\"datePublished\":\"2010-05-22T22:04:07+00:00\",\"mainEntityOfPage\":{\"@id\":\"https:\\\/\\\/fjala.info\\\/2009-2015\\\/2776\\\/\"},\"wordCount\":1185,\"commentCount\":0,\"publisher\":{\"@id\":\"https:\\\/\\\/fjala.info\\\/2009-2015\\\/#organization\"},\"image\":{\"@id\":\"https:\\\/\\\/fjala.info\\\/2009-2015\\\/2776\\\/#primaryimage\"},\"thumbnailUrl\":\"http:\\\/\\\/www.shkoder.net\\\/images\\\/fjala\\\/skender_minxhozi.jpg\",\"articleSection\":[\"Artikuj\"],\"inLanguage\":\"sq-AL\",\"potentialAction\":[{\"@type\":\"CommentAction\",\"name\":\"Comment\",\"target\":[\"https:\\\/\\\/fjala.info\\\/2009-2015\\\/2776\\\/#respond\"]}]},{\"@type\":\"WebPage\",\"@id\":\"https:\\\/\\\/fjala.info\\\/2009-2015\\\/2776\\\/\",\"url\":\"https:\\\/\\\/fjala.info\\\/2009-2015\\\/2776\\\/\",\"name\":\"Kriza dhe integrimi - FjALA e LIR\u00cb - Arkivi\",\"isPartOf\":{\"@id\":\"https:\\\/\\\/fjala.info\\\/2009-2015\\\/#website\"},\"primaryImageOfPage\":{\"@id\":\"https:\\\/\\\/fjala.info\\\/2009-2015\\\/2776\\\/#primaryimage\"},\"image\":{\"@id\":\"https:\\\/\\\/fjala.info\\\/2009-2015\\\/2776\\\/#primaryimage\"},\"thumbnailUrl\":\"http:\\\/\\\/www.shkoder.net\\\/images\\\/fjala\\\/skender_minxhozi.jpg\",\"datePublished\":\"2010-05-22T22:04:07+00:00\",\"breadcrumb\":{\"@id\":\"https:\\\/\\\/fjala.info\\\/2009-2015\\\/2776\\\/#breadcrumb\"},\"inLanguage\":\"sq-AL\",\"potentialAction\":[{\"@type\":\"ReadAction\",\"target\":[\"https:\\\/\\\/fjala.info\\\/2009-2015\\\/2776\\\/\"]}]},{\"@type\":\"ImageObject\",\"inLanguage\":\"sq-AL\",\"@id\":\"https:\\\/\\\/fjala.info\\\/2009-2015\\\/2776\\\/#primaryimage\",\"url\":\"http:\\\/\\\/www.shkoder.net\\\/images\\\/fjala\\\/skender_minxhozi.jpg\",\"contentUrl\":\"http:\\\/\\\/www.shkoder.net\\\/images\\\/fjala\\\/skender_minxhozi.jpg\"},{\"@type\":\"BreadcrumbList\",\"@id\":\"https:\\\/\\\/fjala.info\\\/2009-2015\\\/2776\\\/#breadcrumb\",\"itemListElement\":[{\"@type\":\"ListItem\",\"position\":1,\"name\":\"Home\",\"item\":\"https:\\\/\\\/fjala.info\\\/2009-2015\\\/\"},{\"@type\":\"ListItem\",\"position\":2,\"name\":\"Kriza dhe integrimi\"}]},{\"@type\":\"WebSite\",\"@id\":\"https:\\\/\\\/fjala.info\\\/2009-2015\\\/#website\",\"url\":\"https:\\\/\\\/fjala.info\\\/2009-2015\\\/\",\"name\":\"FjALA e LIR\u00cb - Arkivi\",\"description\":\"Arkivi 2009-2015\",\"publisher\":{\"@id\":\"https:\\\/\\\/fjala.info\\\/2009-2015\\\/#organization\"},\"potentialAction\":[{\"@type\":\"SearchAction\",\"target\":{\"@type\":\"EntryPoint\",\"urlTemplate\":\"https:\\\/\\\/fjala.info\\\/2009-2015\\\/?s={search_term_string}\"},\"query-input\":{\"@type\":\"PropertyValueSpecification\",\"valueRequired\":true,\"valueName\":\"search_term_string\"}}],\"inLanguage\":\"sq-AL\"},{\"@type\":\"Organization\",\"@id\":\"https:\\\/\\\/fjala.info\\\/2009-2015\\\/#organization\",\"name\":\"FjALA e LIR\u00cb - Arkivi\",\"url\":\"https:\\\/\\\/fjala.info\\\/2009-2015\\\/\",\"logo\":{\"@type\":\"ImageObject\",\"inLanguage\":\"sq-AL\",\"@id\":\"https:\\\/\\\/fjala.info\\\/2009-2015\\\/#\\\/schema\\\/logo\\\/image\\\/\",\"url\":\"\",\"contentUrl\":\"\",\"caption\":\"FjALA e LIR\u00cb - Arkivi\"},\"image\":{\"@id\":\"https:\\\/\\\/fjala.info\\\/2009-2015\\\/#\\\/schema\\\/logo\\\/image\\\/\"}},{\"@type\":\"Person\",\"@id\":\"https:\\\/\\\/fjala.info\\\/2009-2015\\\/#\\\/schema\\\/person\\\/3aa1163ef05469c496fc94e77611ada2\",\"name\":\"admin\",\"image\":{\"@type\":\"ImageObject\",\"inLanguage\":\"sq-AL\",\"@id\":\"https:\\\/\\\/fjala.info\\\/2009-2015\\\/wp-content\\\/uploads\\\/2012\\\/02\\\/arben_cokaj-120x150.jpg\",\"url\":\"https:\\\/\\\/fjala.info\\\/2009-2015\\\/wp-content\\\/uploads\\\/2012\\\/02\\\/arben_cokaj-120x150.jpg\",\"contentUrl\":\"https:\\\/\\\/fjala.info\\\/2009-2015\\\/wp-content\\\/uploads\\\/2012\\\/02\\\/arben_cokaj-120x150.jpg\",\"caption\":\"admin\"},\"description\":\"Admin, Fjala e Lir\u00eb\",\"sameAs\":[\"https:\\\/\\\/fjala.info\\\/\"],\"url\":\"https:\\\/\\\/fjala.info\\\/2009-2015\\\/author\\\/admin\\\/\"}]}<\/script>\n<!-- \/ Yoast SEO plugin. -->","yoast_head_json":{"title":"Kriza dhe integrimi - FjALA e LIR\u00cb - Arkivi","robots":{"index":"index","follow":"follow","max-snippet":"max-snippet:-1","max-image-preview":"max-image-preview:large","max-video-preview":"max-video-preview:-1"},"canonical":"https:\/\/fjala.info\/2009-2015\/2776\/","og_locale":"sq_AL","og_type":"article","og_title":"Kriza dhe integrimi - FjALA e LIR\u00cb - Arkivi","og_description":"Sk\u00ebnder Minxhozi Kush shpresonte se darka e Strasburgut do t\u00eb sillte paqen dhe harmonin\u00eb e p\u00ebrjetshme, pas n\u00ebnt\u00eb muajve tensioni politik, u zhg\u00ebnjye. Por gjithashtu u zhg\u00ebnjye edhe ai q\u00eb besonte dhe vazhdon t\u00eb besoj\u00eb se politika shqiptare \u00ebsht\u00eb nj\u00eb tok\u00eb e djegur, ku s\u2019mbin asgj\u00eb e mir\u00eb. Darka e Krokodilit s\u2019\u00ebsht\u00eb as Darka e [&hellip;]","og_url":"https:\/\/fjala.info\/2009-2015\/2776\/","og_site_name":"FjALA e LIR\u00cb - Arkivi","article_published_time":"2010-05-22T22:04:07+00:00","og_image":[{"url":"http:\/\/www.shkoder.net\/images\/fjala\/skender_minxhozi.jpg","type":"","width":"","height":""}],"author":"admin","twitter_card":"summary_large_image","twitter_misc":{"Written by":"admin","Est. reading time":"6 minutes"},"schema":{"@context":"https:\/\/schema.org","@graph":[{"@type":"Article","@id":"https:\/\/fjala.info\/2009-2015\/2776\/#article","isPartOf":{"@id":"https:\/\/fjala.info\/2009-2015\/2776\/"},"author":{"name":"admin","@id":"https:\/\/fjala.info\/2009-2015\/#\/schema\/person\/3aa1163ef05469c496fc94e77611ada2"},"headline":"Kriza dhe integrimi","datePublished":"2010-05-22T22:04:07+00:00","mainEntityOfPage":{"@id":"https:\/\/fjala.info\/2009-2015\/2776\/"},"wordCount":1185,"commentCount":0,"publisher":{"@id":"https:\/\/fjala.info\/2009-2015\/#organization"},"image":{"@id":"https:\/\/fjala.info\/2009-2015\/2776\/#primaryimage"},"thumbnailUrl":"http:\/\/www.shkoder.net\/images\/fjala\/skender_minxhozi.jpg","articleSection":["Artikuj"],"inLanguage":"sq-AL","potentialAction":[{"@type":"CommentAction","name":"Comment","target":["https:\/\/fjala.info\/2009-2015\/2776\/#respond"]}]},{"@type":"WebPage","@id":"https:\/\/fjala.info\/2009-2015\/2776\/","url":"https:\/\/fjala.info\/2009-2015\/2776\/","name":"Kriza dhe integrimi - FjALA e LIR\u00cb - Arkivi","isPartOf":{"@id":"https:\/\/fjala.info\/2009-2015\/#website"},"primaryImageOfPage":{"@id":"https:\/\/fjala.info\/2009-2015\/2776\/#primaryimage"},"image":{"@id":"https:\/\/fjala.info\/2009-2015\/2776\/#primaryimage"},"thumbnailUrl":"http:\/\/www.shkoder.net\/images\/fjala\/skender_minxhozi.jpg","datePublished":"2010-05-22T22:04:07+00:00","breadcrumb":{"@id":"https:\/\/fjala.info\/2009-2015\/2776\/#breadcrumb"},"inLanguage":"sq-AL","potentialAction":[{"@type":"ReadAction","target":["https:\/\/fjala.info\/2009-2015\/2776\/"]}]},{"@type":"ImageObject","inLanguage":"sq-AL","@id":"https:\/\/fjala.info\/2009-2015\/2776\/#primaryimage","url":"http:\/\/www.shkoder.net\/images\/fjala\/skender_minxhozi.jpg","contentUrl":"http:\/\/www.shkoder.net\/images\/fjala\/skender_minxhozi.jpg"},{"@type":"BreadcrumbList","@id":"https:\/\/fjala.info\/2009-2015\/2776\/#breadcrumb","itemListElement":[{"@type":"ListItem","position":1,"name":"Home","item":"https:\/\/fjala.info\/2009-2015\/"},{"@type":"ListItem","position":2,"name":"Kriza dhe integrimi"}]},{"@type":"WebSite","@id":"https:\/\/fjala.info\/2009-2015\/#website","url":"https:\/\/fjala.info\/2009-2015\/","name":"FjALA e LIR\u00cb - Arkivi","description":"Arkivi 2009-2015","publisher":{"@id":"https:\/\/fjala.info\/2009-2015\/#organization"},"potentialAction":[{"@type":"SearchAction","target":{"@type":"EntryPoint","urlTemplate":"https:\/\/fjala.info\/2009-2015\/?s={search_term_string}"},"query-input":{"@type":"PropertyValueSpecification","valueRequired":true,"valueName":"search_term_string"}}],"inLanguage":"sq-AL"},{"@type":"Organization","@id":"https:\/\/fjala.info\/2009-2015\/#organization","name":"FjALA e LIR\u00cb - Arkivi","url":"https:\/\/fjala.info\/2009-2015\/","logo":{"@type":"ImageObject","inLanguage":"sq-AL","@id":"https:\/\/fjala.info\/2009-2015\/#\/schema\/logo\/image\/","url":"","contentUrl":"","caption":"FjALA e LIR\u00cb - Arkivi"},"image":{"@id":"https:\/\/fjala.info\/2009-2015\/#\/schema\/logo\/image\/"}},{"@type":"Person","@id":"https:\/\/fjala.info\/2009-2015\/#\/schema\/person\/3aa1163ef05469c496fc94e77611ada2","name":"admin","image":{"@type":"ImageObject","inLanguage":"sq-AL","@id":"https:\/\/fjala.info\/2009-2015\/wp-content\/uploads\/2012\/02\/arben_cokaj-120x150.jpg","url":"https:\/\/fjala.info\/2009-2015\/wp-content\/uploads\/2012\/02\/arben_cokaj-120x150.jpg","contentUrl":"https:\/\/fjala.info\/2009-2015\/wp-content\/uploads\/2012\/02\/arben_cokaj-120x150.jpg","caption":"admin"},"description":"Admin, Fjala e Lir\u00eb","sameAs":["https:\/\/fjala.info\/"],"url":"https:\/\/fjala.info\/2009-2015\/author\/admin\/"}]}},"_links":{"self":[{"href":"https:\/\/fjala.info\/2009-2015\/wp-json\/wp\/v2\/posts\/2776","targetHints":{"allow":["GET"]}}],"collection":[{"href":"https:\/\/fjala.info\/2009-2015\/wp-json\/wp\/v2\/posts"}],"about":[{"href":"https:\/\/fjala.info\/2009-2015\/wp-json\/wp\/v2\/types\/post"}],"author":[{"embeddable":true,"href":"https:\/\/fjala.info\/2009-2015\/wp-json\/wp\/v2\/users\/1"}],"replies":[{"embeddable":true,"href":"https:\/\/fjala.info\/2009-2015\/wp-json\/wp\/v2\/comments?post=2776"}],"version-history":[{"count":0,"href":"https:\/\/fjala.info\/2009-2015\/wp-json\/wp\/v2\/posts\/2776\/revisions"}],"wp:attachment":[{"href":"https:\/\/fjala.info\/2009-2015\/wp-json\/wp\/v2\/media?parent=2776"}],"wp:term":[{"taxonomy":"category","embeddable":true,"href":"https:\/\/fjala.info\/2009-2015\/wp-json\/wp\/v2\/categories?post=2776"},{"taxonomy":"post_tag","embeddable":true,"href":"https:\/\/fjala.info\/2009-2015\/wp-json\/wp\/v2\/tags?post=2776"}],"curies":[{"name":"wp","href":"https:\/\/api.w.org\/{rel}","templated":true}]}}