{"id":2775,"date":"2012-05-12T21:32:11","date_gmt":"2012-05-12T20:32:11","guid":{"rendered":"http:\/\/fjala.shkoder.net\/?p=2775"},"modified":"2012-05-12T21:32:11","modified_gmt":"2012-05-12T20:32:11","slug":"ambasadori-danez-u-ben-thirrje-shqiptareve-ta-shkundin-bllokun","status":"publish","type":"post","link":"https:\/\/fjala.info\/2009-2015\/ambasadori-danez-u-ben-thirrje-shqiptareve-ta-shkundin-bllokun\/","title":{"rendered":"Ambasadori danez u b\u00ebn thirrje shqiptar\u00ebve ta shkundin \u2026 bllokun"},"content":{"rendered":"<p><img decoding=\"async\" class=\"alignright size-thumbnail wp-image-7236\" title=\"Karsten Ankj\u00e6r Jensen\" src=\"http:\/\/www.shkoder.net\/images\/fjala\/2011\/karsten_ankjaer_jensen.jpg\" alt=\"\" width=\"250\" \/> <strong>TemA<\/strong>, <em>12 Maj 2012<\/em><\/p>\n<p>Ambasadori danez, Karsten Jensen, njihet p\u00ebr gjuh\u00ebn e tij t\u00eb drejtp\u00ebrdrejt\u00eb. Edhe kur flet n\u00eb nj\u00eb aktivitet kulturor, ai s\u00ebrish do e p\u00ebr\u00e7oj\u00eb nj\u00eb mesazh politik. K\u00ebsaj here ai ka folur n\u00eb kuad\u00ebr t\u00eb lancimit t\u00eb nj\u00eb projekti kulturor e festiv, t\u00eb quajtur \u201cRock the Block\u201d. \u00cbsht\u00eb hera e kat\u00ebrt q\u00eb n\u00eb Shqip\u00ebri organizohet koncerti \u201cRock the Block\u201d. M\u00eb p\u00ebrpara \u00ebsht\u00eb organizuar n\u00eb mars, n\u00eb Dit\u00ebn e Ver\u00ebs. Vjet u festua n\u00eb qershor, kurse sivjet do b\u00ebhet n\u00eb maj, n\u00eb kuad\u00ebr t\u00eb Muajit t\u00eb Europ\u00ebs. Dhe meq\u00eb mesazhi i koncertit \u00ebsht\u00eb \u2018ta shkundim Bllokun\u2019, ambasadori danez ka b\u00ebr\u00eb nj\u00eb loj\u00eb fjal\u00ebsh kur u ka k\u00ebrkuar t\u00eb rinjve shqiptar\u00eb q\u00eb t\u00eb shkundin t\u00eb kaluar\u00ebn.<\/p>\n<p>\u201c<em>T\u00eb gjith\u00eb n\u00eb Shqip\u00ebri e din\u00eb se ku dhe \u00e7far\u00eb \u00ebsht\u00eb Blloku. Duke th\u00ebn\u00eb \u201crock the block\u201d, ne po p\u00ebrpiqemi t\u00eb \u00e7ojm\u00eb edhe nj\u00eb mesazh t\u00eb vog\u00ebl politik. Ndoshta duhet t\u00eb shkundim edhe nj\u00eb pjes\u00eb t\u00eb s\u00eb kaluar\u00ebs s\u00eb k\u00ebtij vendi dhe t\u00eb shikojm\u00eb rreth t\u00eb ardhmes. E mendoj se k\u00ebta t\u00eb rinj q\u00eb ne i sjellim nga vende t\u00eb ndryshme t\u00eb Europ\u00ebs e tregojn\u00eb t\u00eb ardhmen<\/em>\u201d, tha ai.<\/p>\n<p>N\u00eb fakt blloku n\u00eb Shqip\u00ebri ka disa kuptime, \u00ebsht\u00eb blloku ku jetonte nomenklatura, blloku ku jeton sot rina e patrazuar shqiptare, blloku i t\u00eb pasurve, por edhe blloku i Ilir Met\u00ebs, q\u00eb u b\u00eb i famsh\u00ebm n\u00eb videon e tij me Priftin.<\/p>\n","protected":false},"excerpt":{"rendered":"<p>TemA, 12 Maj 2012 Ambasadori danez, Karsten Jensen, njihet p\u00ebr gjuh\u00ebn e tij t\u00eb drejtp\u00ebrdrejt\u00eb. Edhe kur flet n\u00eb nj\u00eb aktivitet kulturor, ai s\u00ebrish do e p\u00ebr\u00e7oj\u00eb nj\u00eb mesazh politik. K\u00ebsaj here ai ka folur n\u00eb kuad\u00ebr t\u00eb lancimit t\u00eb nj\u00eb projekti kulturor e festiv, t\u00eb quajtur \u201cRock the Block\u201d. \u00cbsht\u00eb hera e kat\u00ebrt q\u00eb [&hellip;]<\/p>\n","protected":false},"author":1,"featured_media":0,"comment_status":"open","ping_status":"closed","sticky":false,"template":"","format":"standard","meta":{"footnotes":""},"categories":[2],"tags":[],"class_list":{"0":"post-2775","1":"post","2":"type-post","3":"status-publish","4":"format-standard","6":"category-artikuj"},"yoast_head":"<!-- This site is optimized with the Yoast SEO plugin v27.4 - https:\/\/yoast.com\/product\/yoast-seo-wordpress\/ -->\n<title>Ambasadori danez u b\u00ebn thirrje shqiptar\u00ebve ta shkundin \u2026 bllokun - FjALA e LIR\u00cb - Arkivi<\/title>\n<meta name=\"robots\" content=\"index, follow, max-snippet:-1, max-image-preview:large, max-video-preview:-1\" \/>\n<link rel=\"canonical\" href=\"https:\/\/fjala.info\/2009-2015\/ambasadori-danez-u-ben-thirrje-shqiptareve-ta-shkundin-bllokun\/\" \/>\n<meta property=\"og:locale\" content=\"sq_AL\" \/>\n<meta property=\"og:type\" content=\"article\" \/>\n<meta property=\"og:title\" content=\"Ambasadori danez u b\u00ebn thirrje shqiptar\u00ebve ta shkundin \u2026 bllokun - FjALA e LIR\u00cb - Arkivi\" \/>\n<meta property=\"og:description\" content=\"TemA, 12 Maj 2012 Ambasadori danez, Karsten Jensen, njihet p\u00ebr gjuh\u00ebn e tij t\u00eb drejtp\u00ebrdrejt\u00eb. Edhe kur flet n\u00eb nj\u00eb aktivitet kulturor, ai s\u00ebrish do e p\u00ebr\u00e7oj\u00eb nj\u00eb mesazh politik. K\u00ebsaj here ai ka folur n\u00eb kuad\u00ebr t\u00eb lancimit t\u00eb nj\u00eb projekti kulturor e festiv, t\u00eb quajtur \u201cRock the Block\u201d. \u00cbsht\u00eb hera e kat\u00ebrt q\u00eb [&hellip;]\" \/>\n<meta property=\"og:url\" content=\"https:\/\/fjala.info\/2009-2015\/ambasadori-danez-u-ben-thirrje-shqiptareve-ta-shkundin-bllokun\/\" \/>\n<meta property=\"og:site_name\" content=\"FjALA e LIR\u00cb - Arkivi\" \/>\n<meta property=\"article:published_time\" content=\"2012-05-12T20:32:11+00:00\" \/>\n<meta property=\"og:image\" content=\"http:\/\/www.shkoder.net\/images\/fjala\/2011\/karsten_ankjaer_jensen.jpg\" \/>\n<meta name=\"author\" content=\"admin\" \/>\n<meta name=\"twitter:card\" content=\"summary_large_image\" \/>\n<meta name=\"twitter:label1\" content=\"Written by\" \/>\n\t<meta name=\"twitter:data1\" content=\"admin\" \/>\n\t<meta name=\"twitter:label2\" content=\"Est. reading time\" \/>\n\t<meta name=\"twitter:data2\" content=\"1 minute\" \/>\n<script type=\"application\/ld+json\" class=\"yoast-schema-graph\">{\"@context\":\"https:\\\/\\\/schema.org\",\"@graph\":[{\"@type\":\"Article\",\"@id\":\"https:\\\/\\\/fjala.info\\\/2009-2015\\\/ambasadori-danez-u-ben-thirrje-shqiptareve-ta-shkundin-bllokun\\\/#article\",\"isPartOf\":{\"@id\":\"https:\\\/\\\/fjala.info\\\/2009-2015\\\/ambasadori-danez-u-ben-thirrje-shqiptareve-ta-shkundin-bllokun\\\/\"},\"author\":{\"name\":\"admin\",\"@id\":\"https:\\\/\\\/fjala.info\\\/2009-2015\\\/#\\\/schema\\\/person\\\/3aa1163ef05469c496fc94e77611ada2\"},\"headline\":\"Ambasadori danez u b\u00ebn thirrje shqiptar\u00ebve ta shkundin \u2026 bllokun\",\"datePublished\":\"2012-05-12T20:32:11+00:00\",\"mainEntityOfPage\":{\"@id\":\"https:\\\/\\\/fjala.info\\\/2009-2015\\\/ambasadori-danez-u-ben-thirrje-shqiptareve-ta-shkundin-bllokun\\\/\"},\"wordCount\":268,\"commentCount\":0,\"publisher\":{\"@id\":\"https:\\\/\\\/fjala.info\\\/2009-2015\\\/#organization\"},\"image\":{\"@id\":\"https:\\\/\\\/fjala.info\\\/2009-2015\\\/ambasadori-danez-u-ben-thirrje-shqiptareve-ta-shkundin-bllokun\\\/#primaryimage\"},\"thumbnailUrl\":\"http:\\\/\\\/www.shkoder.net\\\/images\\\/fjala\\\/2011\\\/karsten_ankjaer_jensen.jpg\",\"articleSection\":[\"Artikuj\"],\"inLanguage\":\"sq-AL\",\"potentialAction\":[{\"@type\":\"CommentAction\",\"name\":\"Comment\",\"target\":[\"https:\\\/\\\/fjala.info\\\/2009-2015\\\/ambasadori-danez-u-ben-thirrje-shqiptareve-ta-shkundin-bllokun\\\/#respond\"]}]},{\"@type\":\"WebPage\",\"@id\":\"https:\\\/\\\/fjala.info\\\/2009-2015\\\/ambasadori-danez-u-ben-thirrje-shqiptareve-ta-shkundin-bllokun\\\/\",\"url\":\"https:\\\/\\\/fjala.info\\\/2009-2015\\\/ambasadori-danez-u-ben-thirrje-shqiptareve-ta-shkundin-bllokun\\\/\",\"name\":\"Ambasadori danez u b\u00ebn thirrje shqiptar\u00ebve ta shkundin \u2026 bllokun - FjALA e LIR\u00cb - Arkivi\",\"isPartOf\":{\"@id\":\"https:\\\/\\\/fjala.info\\\/2009-2015\\\/#website\"},\"primaryImageOfPage\":{\"@id\":\"https:\\\/\\\/fjala.info\\\/2009-2015\\\/ambasadori-danez-u-ben-thirrje-shqiptareve-ta-shkundin-bllokun\\\/#primaryimage\"},\"image\":{\"@id\":\"https:\\\/\\\/fjala.info\\\/2009-2015\\\/ambasadori-danez-u-ben-thirrje-shqiptareve-ta-shkundin-bllokun\\\/#primaryimage\"},\"thumbnailUrl\":\"http:\\\/\\\/www.shkoder.net\\\/images\\\/fjala\\\/2011\\\/karsten_ankjaer_jensen.jpg\",\"datePublished\":\"2012-05-12T20:32:11+00:00\",\"breadcrumb\":{\"@id\":\"https:\\\/\\\/fjala.info\\\/2009-2015\\\/ambasadori-danez-u-ben-thirrje-shqiptareve-ta-shkundin-bllokun\\\/#breadcrumb\"},\"inLanguage\":\"sq-AL\",\"potentialAction\":[{\"@type\":\"ReadAction\",\"target\":[\"https:\\\/\\\/fjala.info\\\/2009-2015\\\/ambasadori-danez-u-ben-thirrje-shqiptareve-ta-shkundin-bllokun\\\/\"]}]},{\"@type\":\"ImageObject\",\"inLanguage\":\"sq-AL\",\"@id\":\"https:\\\/\\\/fjala.info\\\/2009-2015\\\/ambasadori-danez-u-ben-thirrje-shqiptareve-ta-shkundin-bllokun\\\/#primaryimage\",\"url\":\"http:\\\/\\\/www.shkoder.net\\\/images\\\/fjala\\\/2011\\\/karsten_ankjaer_jensen.jpg\",\"contentUrl\":\"http:\\\/\\\/www.shkoder.net\\\/images\\\/fjala\\\/2011\\\/karsten_ankjaer_jensen.jpg\"},{\"@type\":\"BreadcrumbList\",\"@id\":\"https:\\\/\\\/fjala.info\\\/2009-2015\\\/ambasadori-danez-u-ben-thirrje-shqiptareve-ta-shkundin-bllokun\\\/#breadcrumb\",\"itemListElement\":[{\"@type\":\"ListItem\",\"position\":1,\"name\":\"Home\",\"item\":\"https:\\\/\\\/fjala.info\\\/2009-2015\\\/\"},{\"@type\":\"ListItem\",\"position\":2,\"name\":\"Ambasadori danez u b\u00ebn thirrje shqiptar\u00ebve ta shkundin \u2026 bllokun\"}]},{\"@type\":\"WebSite\",\"@id\":\"https:\\\/\\\/fjala.info\\\/2009-2015\\\/#website\",\"url\":\"https:\\\/\\\/fjala.info\\\/2009-2015\\\/\",\"name\":\"FjALA e LIR\u00cb - Arkivi\",\"description\":\"Arkivi 2009-2015\",\"publisher\":{\"@id\":\"https:\\\/\\\/fjala.info\\\/2009-2015\\\/#organization\"},\"potentialAction\":[{\"@type\":\"SearchAction\",\"target\":{\"@type\":\"EntryPoint\",\"urlTemplate\":\"https:\\\/\\\/fjala.info\\\/2009-2015\\\/?s={search_term_string}\"},\"query-input\":{\"@type\":\"PropertyValueSpecification\",\"valueRequired\":true,\"valueName\":\"search_term_string\"}}],\"inLanguage\":\"sq-AL\"},{\"@type\":\"Organization\",\"@id\":\"https:\\\/\\\/fjala.info\\\/2009-2015\\\/#organization\",\"name\":\"FjALA e LIR\u00cb - Arkivi\",\"url\":\"https:\\\/\\\/fjala.info\\\/2009-2015\\\/\",\"logo\":{\"@type\":\"ImageObject\",\"inLanguage\":\"sq-AL\",\"@id\":\"https:\\\/\\\/fjala.info\\\/2009-2015\\\/#\\\/schema\\\/logo\\\/image\\\/\",\"url\":\"\",\"contentUrl\":\"\",\"caption\":\"FjALA e LIR\u00cb - Arkivi\"},\"image\":{\"@id\":\"https:\\\/\\\/fjala.info\\\/2009-2015\\\/#\\\/schema\\\/logo\\\/image\\\/\"}},{\"@type\":\"Person\",\"@id\":\"https:\\\/\\\/fjala.info\\\/2009-2015\\\/#\\\/schema\\\/person\\\/3aa1163ef05469c496fc94e77611ada2\",\"name\":\"admin\",\"image\":{\"@type\":\"ImageObject\",\"inLanguage\":\"sq-AL\",\"@id\":\"https:\\\/\\\/fjala.info\\\/2009-2015\\\/wp-content\\\/uploads\\\/2012\\\/02\\\/arben_cokaj-120x150.jpg\",\"url\":\"https:\\\/\\\/fjala.info\\\/2009-2015\\\/wp-content\\\/uploads\\\/2012\\\/02\\\/arben_cokaj-120x150.jpg\",\"contentUrl\":\"https:\\\/\\\/fjala.info\\\/2009-2015\\\/wp-content\\\/uploads\\\/2012\\\/02\\\/arben_cokaj-120x150.jpg\",\"caption\":\"admin\"},\"description\":\"Admin, Fjala e Lir\u00eb\",\"sameAs\":[\"https:\\\/\\\/fjala.info\\\/\"],\"url\":\"https:\\\/\\\/fjala.info\\\/2009-2015\\\/author\\\/admin\\\/\"}]}<\/script>\n<!-- \/ Yoast SEO plugin. -->","yoast_head_json":{"title":"Ambasadori danez u b\u00ebn thirrje shqiptar\u00ebve ta shkundin \u2026 bllokun - FjALA e LIR\u00cb - Arkivi","robots":{"index":"index","follow":"follow","max-snippet":"max-snippet:-1","max-image-preview":"max-image-preview:large","max-video-preview":"max-video-preview:-1"},"canonical":"https:\/\/fjala.info\/2009-2015\/ambasadori-danez-u-ben-thirrje-shqiptareve-ta-shkundin-bllokun\/","og_locale":"sq_AL","og_type":"article","og_title":"Ambasadori danez u b\u00ebn thirrje shqiptar\u00ebve ta shkundin \u2026 bllokun - FjALA e LIR\u00cb - Arkivi","og_description":"TemA, 12 Maj 2012 Ambasadori danez, Karsten Jensen, njihet p\u00ebr gjuh\u00ebn e tij t\u00eb drejtp\u00ebrdrejt\u00eb. Edhe kur flet n\u00eb nj\u00eb aktivitet kulturor, ai s\u00ebrish do e p\u00ebr\u00e7oj\u00eb nj\u00eb mesazh politik. K\u00ebsaj here ai ka folur n\u00eb kuad\u00ebr t\u00eb lancimit t\u00eb nj\u00eb projekti kulturor e festiv, t\u00eb quajtur \u201cRock the Block\u201d. \u00cbsht\u00eb hera e kat\u00ebrt q\u00eb [&hellip;]","og_url":"https:\/\/fjala.info\/2009-2015\/ambasadori-danez-u-ben-thirrje-shqiptareve-ta-shkundin-bllokun\/","og_site_name":"FjALA e LIR\u00cb - Arkivi","article_published_time":"2012-05-12T20:32:11+00:00","og_image":[{"url":"http:\/\/www.shkoder.net\/images\/fjala\/2011\/karsten_ankjaer_jensen.jpg","type":"","width":"","height":""}],"author":"admin","twitter_card":"summary_large_image","twitter_misc":{"Written by":"admin","Est. reading time":"1 minute"},"schema":{"@context":"https:\/\/schema.org","@graph":[{"@type":"Article","@id":"https:\/\/fjala.info\/2009-2015\/ambasadori-danez-u-ben-thirrje-shqiptareve-ta-shkundin-bllokun\/#article","isPartOf":{"@id":"https:\/\/fjala.info\/2009-2015\/ambasadori-danez-u-ben-thirrje-shqiptareve-ta-shkundin-bllokun\/"},"author":{"name":"admin","@id":"https:\/\/fjala.info\/2009-2015\/#\/schema\/person\/3aa1163ef05469c496fc94e77611ada2"},"headline":"Ambasadori danez u b\u00ebn thirrje shqiptar\u00ebve ta shkundin \u2026 bllokun","datePublished":"2012-05-12T20:32:11+00:00","mainEntityOfPage":{"@id":"https:\/\/fjala.info\/2009-2015\/ambasadori-danez-u-ben-thirrje-shqiptareve-ta-shkundin-bllokun\/"},"wordCount":268,"commentCount":0,"publisher":{"@id":"https:\/\/fjala.info\/2009-2015\/#organization"},"image":{"@id":"https:\/\/fjala.info\/2009-2015\/ambasadori-danez-u-ben-thirrje-shqiptareve-ta-shkundin-bllokun\/#primaryimage"},"thumbnailUrl":"http:\/\/www.shkoder.net\/images\/fjala\/2011\/karsten_ankjaer_jensen.jpg","articleSection":["Artikuj"],"inLanguage":"sq-AL","potentialAction":[{"@type":"CommentAction","name":"Comment","target":["https:\/\/fjala.info\/2009-2015\/ambasadori-danez-u-ben-thirrje-shqiptareve-ta-shkundin-bllokun\/#respond"]}]},{"@type":"WebPage","@id":"https:\/\/fjala.info\/2009-2015\/ambasadori-danez-u-ben-thirrje-shqiptareve-ta-shkundin-bllokun\/","url":"https:\/\/fjala.info\/2009-2015\/ambasadori-danez-u-ben-thirrje-shqiptareve-ta-shkundin-bllokun\/","name":"Ambasadori danez u b\u00ebn thirrje shqiptar\u00ebve ta shkundin \u2026 bllokun - FjALA e LIR\u00cb - Arkivi","isPartOf":{"@id":"https:\/\/fjala.info\/2009-2015\/#website"},"primaryImageOfPage":{"@id":"https:\/\/fjala.info\/2009-2015\/ambasadori-danez-u-ben-thirrje-shqiptareve-ta-shkundin-bllokun\/#primaryimage"},"image":{"@id":"https:\/\/fjala.info\/2009-2015\/ambasadori-danez-u-ben-thirrje-shqiptareve-ta-shkundin-bllokun\/#primaryimage"},"thumbnailUrl":"http:\/\/www.shkoder.net\/images\/fjala\/2011\/karsten_ankjaer_jensen.jpg","datePublished":"2012-05-12T20:32:11+00:00","breadcrumb":{"@id":"https:\/\/fjala.info\/2009-2015\/ambasadori-danez-u-ben-thirrje-shqiptareve-ta-shkundin-bllokun\/#breadcrumb"},"inLanguage":"sq-AL","potentialAction":[{"@type":"ReadAction","target":["https:\/\/fjala.info\/2009-2015\/ambasadori-danez-u-ben-thirrje-shqiptareve-ta-shkundin-bllokun\/"]}]},{"@type":"ImageObject","inLanguage":"sq-AL","@id":"https:\/\/fjala.info\/2009-2015\/ambasadori-danez-u-ben-thirrje-shqiptareve-ta-shkundin-bllokun\/#primaryimage","url":"http:\/\/www.shkoder.net\/images\/fjala\/2011\/karsten_ankjaer_jensen.jpg","contentUrl":"http:\/\/www.shkoder.net\/images\/fjala\/2011\/karsten_ankjaer_jensen.jpg"},{"@type":"BreadcrumbList","@id":"https:\/\/fjala.info\/2009-2015\/ambasadori-danez-u-ben-thirrje-shqiptareve-ta-shkundin-bllokun\/#breadcrumb","itemListElement":[{"@type":"ListItem","position":1,"name":"Home","item":"https:\/\/fjala.info\/2009-2015\/"},{"@type":"ListItem","position":2,"name":"Ambasadori danez u b\u00ebn thirrje shqiptar\u00ebve ta shkundin \u2026 bllokun"}]},{"@type":"WebSite","@id":"https:\/\/fjala.info\/2009-2015\/#website","url":"https:\/\/fjala.info\/2009-2015\/","name":"FjALA e LIR\u00cb - Arkivi","description":"Arkivi 2009-2015","publisher":{"@id":"https:\/\/fjala.info\/2009-2015\/#organization"},"potentialAction":[{"@type":"SearchAction","target":{"@type":"EntryPoint","urlTemplate":"https:\/\/fjala.info\/2009-2015\/?s={search_term_string}"},"query-input":{"@type":"PropertyValueSpecification","valueRequired":true,"valueName":"search_term_string"}}],"inLanguage":"sq-AL"},{"@type":"Organization","@id":"https:\/\/fjala.info\/2009-2015\/#organization","name":"FjALA e LIR\u00cb - Arkivi","url":"https:\/\/fjala.info\/2009-2015\/","logo":{"@type":"ImageObject","inLanguage":"sq-AL","@id":"https:\/\/fjala.info\/2009-2015\/#\/schema\/logo\/image\/","url":"","contentUrl":"","caption":"FjALA e LIR\u00cb - Arkivi"},"image":{"@id":"https:\/\/fjala.info\/2009-2015\/#\/schema\/logo\/image\/"}},{"@type":"Person","@id":"https:\/\/fjala.info\/2009-2015\/#\/schema\/person\/3aa1163ef05469c496fc94e77611ada2","name":"admin","image":{"@type":"ImageObject","inLanguage":"sq-AL","@id":"https:\/\/fjala.info\/2009-2015\/wp-content\/uploads\/2012\/02\/arben_cokaj-120x150.jpg","url":"https:\/\/fjala.info\/2009-2015\/wp-content\/uploads\/2012\/02\/arben_cokaj-120x150.jpg","contentUrl":"https:\/\/fjala.info\/2009-2015\/wp-content\/uploads\/2012\/02\/arben_cokaj-120x150.jpg","caption":"admin"},"description":"Admin, Fjala e Lir\u00eb","sameAs":["https:\/\/fjala.info\/"],"url":"https:\/\/fjala.info\/2009-2015\/author\/admin\/"}]}},"_links":{"self":[{"href":"https:\/\/fjala.info\/2009-2015\/wp-json\/wp\/v2\/posts\/2775","targetHints":{"allow":["GET"]}}],"collection":[{"href":"https:\/\/fjala.info\/2009-2015\/wp-json\/wp\/v2\/posts"}],"about":[{"href":"https:\/\/fjala.info\/2009-2015\/wp-json\/wp\/v2\/types\/post"}],"author":[{"embeddable":true,"href":"https:\/\/fjala.info\/2009-2015\/wp-json\/wp\/v2\/users\/1"}],"replies":[{"embeddable":true,"href":"https:\/\/fjala.info\/2009-2015\/wp-json\/wp\/v2\/comments?post=2775"}],"version-history":[{"count":0,"href":"https:\/\/fjala.info\/2009-2015\/wp-json\/wp\/v2\/posts\/2775\/revisions"}],"wp:attachment":[{"href":"https:\/\/fjala.info\/2009-2015\/wp-json\/wp\/v2\/media?parent=2775"}],"wp:term":[{"taxonomy":"category","embeddable":true,"href":"https:\/\/fjala.info\/2009-2015\/wp-json\/wp\/v2\/categories?post=2775"},{"taxonomy":"post_tag","embeddable":true,"href":"https:\/\/fjala.info\/2009-2015\/wp-json\/wp\/v2\/tags?post=2775"}],"curies":[{"name":"wp","href":"https:\/\/api.w.org\/{rel}","templated":true}]}}