{"id":2772,"date":"2010-05-22T22:42:32","date_gmt":"2010-05-22T21:42:32","guid":{"rendered":"http:\/\/fjala.shkoder.net\/?p=2772"},"modified":"2010-05-22T22:42:32","modified_gmt":"2010-05-22T21:42:32","slug":"kryeministri-qe-kercenon-integrimin","status":"publish","type":"post","link":"https:\/\/fjala.info\/2009-2015\/kryeministri-qe-kercenon-integrimin\/","title":{"rendered":"KRYEMINISTRI Q\u00cb K\u00cbRC\u00cbNON INTEGRIMIN"},"content":{"rendered":"<p><img decoding=\"async\" style=\"margin-left: 10px; margin-right: 10px; border: 0px;\" src=\"http:\/\/www.shkoder.net\/images\/fjala\/andrea_stefani.jpg\" border=\"0\" alt=\"Andrea Stefani\" width=\"100\" align=\"left\" \/><\/p>\n<p><strong>Andrea Stefani<\/strong><\/p>\n<p>Nd\u00ebrsa politikan\u00ebt e lart\u00eb t\u00eb Tiran\u00ebs dhe Brukselit kan\u00eb dal\u00eb pa ndonj\u00eb rezultat nga restoranti \u201cKrokodil\u201d, duket se \u00ebsht\u00eb fati i Shqip\u00ebris\u00eb ai q\u00eb ka hyr\u00eb n\u00eb goj\u00ebn e \u201ckrokodilit\u201d. Tashm\u00eb, mbi kok\u00ebn e saj q\u00ebndron nj\u00eb ultimatum q\u00eb vjen prej europian\u00ebve: ose zgjidheni kriz\u00ebn brenda dy jav\u00ebve, ose rrezikoni integrimin n\u00eb Europ\u00eb! K\u00ebshtu, 20 vjet pas nisjes s\u00eb nj\u00eb tranzicioni n\u00ebn moton \u201cdrejt Europ\u00ebs\u201d, shqiptar\u00ebt rrezikojn\u00eb t\u00eb mos e arrijn\u00eb kurr\u00eb at\u00eb.<\/p>\n<p>A ndjehet i shqet\u00ebsuar p\u00ebr nj\u00eb gj\u00eb t\u00eb till\u00eb Kryeministri Sali Berisha, q\u00eb shfaqet p\u00ebrs\u00ebri n\u00eb qend\u00ebr t\u00eb nj\u00eb krize q\u00eb mund t\u00eb qorrollis\u00eb edhe m\u00eb keq se m\u00eb par\u00eb fatin e shtetit q\u00eb ai drejton? Dhe a e percepton ai ultimatumin q\u00eb vjen nga Europa si nj\u00eb humbje? Nuk mund t\u00eb jesh fare i sigurt p\u00ebr k\u00ebt\u00eb. Ka shum\u00eb tregues q\u00eb t\u00eb b\u00ebjn\u00eb t\u00eb mendosh se fitorja e v\u00ebrtet\u00eb, por e fshehur e Berish\u00ebs, do t\u00eb qe pengimi i integrimit t\u00eb Shqip\u00ebris\u00eb. Sepse n\u00eb k\u00ebto 20 vjet n\u00eb krye t\u00eb politik\u00ebs, Berisha nuk ka pushuar s\u00eb zhvilluari nj\u00eb energji prej autokrati q\u00eb jo vet\u00ebm nuk e ka ndihmuar, por e ka penguar procesin e europianizimit t\u00eb Shqip\u00ebris\u00eb.<\/p>\n<p>Autoritarizmi dhe shteti ligjor i tipit europian nuk kan\u00eb asgj\u00eb t\u00eb p\u00ebrbashk\u00ebt nd\u00ebrkoh\u00eb q\u00eb kryeq\u00ebllimi i fiksuar i Berish\u00ebs ka qen\u00eb dhe mbetet kapja e institucioneve q\u00eb duhet t\u00eb balancojn\u00eb qeverisjen dhe shnd\u00ebrrimi i k\u00ebsaj t\u00eb fundit, n\u00eb sundim. Mes k\u00ebsaj strategjie t\u00eb paepur autoritariste dhe faktit q\u00eb Shqip\u00ebria mbetet nga vendet e Ballkanit m\u00eb pak t\u00eb avancuara n\u00eb procesin e integrimit, ka nj\u00eb lidhje fatale q\u00eb nuk fshihet dot.<\/p>\n<p>Edhe kriza e sotme, m\u00eb e gjata n\u00eb k\u00ebto vite tranzicioni, ka n\u00eb themel t\u00eb saj k\u00ebmb\u00ebnguljen e Kryeministrit, p\u00ebr t\u00eb mos i hapur rrug\u00eb nj\u00eb k\u00ebrkese normale t\u00eb opozit\u00ebs p\u00ebr transparenc\u00ebn e vot\u00ebs, duke p\u00ebrdorur si pretekst ligjin dhe Kushtetut\u00ebn. Nj\u00eb pretekst q\u00eb duket se \u00ebsht\u00eb kuptuar m\u00eb n\u00eb fund n\u00eb dark\u00ebn e restorantit \u201cKrokodil\u201d. Ndaj dhe ultimatumi 2-javor i \u201cnd\u00ebrkomb\u00ebtar\u00ebve\u201d ting\u00ebllon si nj\u00eb ultimatum drejtuar Kryeministrit q\u00eb po pengon integrimin e Shqip\u00ebris\u00eb.<\/p>\n<p style=\"text-align: center;\">* * *<\/p>\n<p>Tashm\u00eb, v\u00ebshtir\u00eb t\u00eb ket\u00eb shqiptar q\u00eb t\u00eb mos e ket\u00eb kuptuar se Kryeministri i b\u00ebhet penges\u00eb transparenc\u00ebs p\u00ebr hat\u00ebr t\u00eb mbajtjes s\u00eb nj\u00eb pushteti t\u00eb pamerituar dhe jo p\u00ebr hat\u00ebr t\u00eb respektimit t\u00eb gjyq\u00ebsorit. Si kurdoher\u00eb, edhe n\u00eb k\u00ebt\u00eb rast, transparenc\u00ebs i vihen shkopinj n\u00ebn rrota jo n\u00eb em\u00ebr t\u00eb drejt\u00ebsis\u00eb, por t\u00eb padrejt\u00ebsis\u00eb. Por kjo q\u00eb po ndodh n\u00eb kriz\u00ebn e sotme nuk \u00ebsht\u00eb, n\u00eb thelb, aspak e re. M\u00eb shum\u00eb se nj\u00eb dekad\u00eb m\u00eb par\u00eb qe po Berisha, q\u00eb p\u00ebr hat\u00ebr t\u00eb q\u00ebndrimit n\u00eb pushtet, bllokoi p\u00ebr vite me radh\u00eb transparenc\u00ebn e piramidave financiare.<\/p>\n<p>Dhe kur ky aktivitet i err\u00ebt p\u00ebrfundoi n\u00eb kolaps, ai k\u00ebmb\u00ebnguli t\u00eb q\u00ebndroj\u00eb n\u00eb pushtet edhe pse shihej qartazi q\u00eb e kish humbur mb\u00ebshtetjen popullore. Ishte kjo kok\u00ebfort\u00ebsi, me rr\u00ebnj\u00eb n\u00eb nj\u00eb epsh t\u00eb ekzagjeruar p\u00ebr pushtet, q\u00eb solli m\u00eb pas edhe kolapsin e shtetit. T\u00eb nj\u00ebjtin q\u00ebndrim Berisha po e p\u00ebrs\u00ebrit sot. Ka mbi 9 muaj q\u00eb i \u00ebsht\u00eb b\u00ebr\u00eb penges\u00eb transparenc\u00ebs s\u00eb vot\u00ebs po p\u00ebr q\u00ebllime pushteti. Por nd\u00ebrsa n\u00eb vitin 1997 mungesa e transparenc\u00ebs i b\u00ebri shqiptar\u00ebt t\u00eb humbasin parat\u00eb, n\u00eb vitin 2010 mungesa e transparenc\u00ebs p\u00ebr vot\u00ebn i rrezikon t\u00eb humbasin lirin\u00eb dhe integrimin europian.<\/p>\n<p>Me gjith\u00eb protestat e m\u00ebdha t\u00eb opozit\u00ebs, me gjith\u00eb grev\u00ebn e uris\u00eb prej 19 dit\u00ebsh, Berisha k\u00ebmb\u00ebngul t\u00eb pengoj\u00eb hedhjen e drit\u00ebs n\u00eb kutit\u00eb e votimit. Dhe kush preferon err\u00ebsir\u00ebn n\u00eb vend t\u00eb drit\u00ebs, ai di\u00e7ka fsheh. Tashm\u00eb \u00ebsht\u00eb b\u00ebr\u00eb e qart\u00eb se ajo q\u00eb k\u00ebrkon t\u00eb fsheh\u00eb Kryeministri, jan\u00eb hallatet e mekanizmit t\u00eb vjedhjes s\u00eb votave t\u00eb mbuluara p\u00ebrkoh\u00ebsisht jo me gjethe fiku, por me Kushtetut\u00eb dhe me vendimin e nj\u00eb Kolegji Zgjedhor t\u00eb kapur nga Berisha.<\/p>\n<p style=\"text-align: center;\">* * *<\/p>\n<p>Por zhvillimi i ngjarjeve po d\u00ebshmon se Berish\u00ebs po i soset uji i gamiles. Ky autoritarist q\u00eb nuk rresht p\u00ebrpjekjet p\u00ebr t\u00eb kapur gjykatat (edhe dje shumica e tij rr\u00ebzoi nj\u00eb kandidatur\u00eb t\u00eb Presidentit p\u00ebr Gjykat\u00ebn Kushtetuese) ka 9 muaj q\u00eb e zvarrit Shqip\u00ebrin\u00eb dhe torolleps \u201cnd\u00ebrkomb\u00ebtar\u00ebt\u201d duke penguar \u201cn\u00eb em\u00ebr t\u00eb pavar\u00ebsis\u00eb s\u00eb gjykatave\u201d nj\u00eb transparenc\u00eb q\u00eb mund t\u00eb jet\u00eb k\u00ebrc\u00ebnim vet\u00ebm p\u00ebr vjedh\u00ebsit e votave, por p\u00ebr asnj\u00eb fitues t\u00eb ndersh\u00ebm. Zhvillimet e raportuara nga darka n\u00eb \u201cKrokodil\u201d t\u00eb japin t\u00eb kuptosh se k\u00ebtij mashtrimi me lot krokodili p\u00ebr drejt\u00ebsin\u00eb po i vjen fundi dhe se i ndodhur n\u00ebn presionin nd\u00ebrkomb\u00ebtar, Berisha nuk ka mundur t\u2019i bishtnoj\u00eb akordit p\u00ebr hapjen e kutive me materiale zgjedhore.<\/p>\n<p>Tashm\u00eb, mosmarr\u00ebveshja \u00ebsht\u00eb p\u00ebrqendruar te m\u00ebnyra si do t\u00eb veprohet me kutit\u00eb ku ndodhen votat. Krejt\u00ebsisht i painteresuar p\u00ebr transparenc\u00ebn, Berisha k\u00ebmb\u00ebngul q\u00eb votat t\u00eb digjen, gj\u00eb q\u00eb \u00ebsht\u00eb kund\u00ebrshtuar jo vet\u00ebm nga Rama, por edhe nga nd\u00ebrkomb\u00ebtar\u00ebt. Madje edhe nga t\u00eb djatht\u00ebt e PE-s\u00eb. Duket se Berisha nuk do t\u00eb ket\u00eb m\u00eb shanse t\u00eb maskoj\u00eb me sukses munges\u00ebn e d\u00ebshir\u00ebs p\u00ebr transparenc\u00eb, me ligjin, Kodin Zgjedhor apo Kushtetut\u00ebn. Dje e pengoi transparenc\u00ebn e k\u00ebrkuar nga opozita duke dhunuar Kodin Zgjedhor me an\u00eb t\u00eb nj\u00eb KQZ-je dhe Kolegji Zgjedhor t\u00eb kapur, dhe sot p\u00ebrpiqet ta pengoj\u00eb p\u00ebrs\u00ebri transparenc\u00ebn \u201cn\u00eb respekt t\u00eb Kodit Zgjedhor\u201d!<\/p>\n<p>Por meqen\u00ebse opozita nuk mund t\u00eb heq\u00eb dor\u00eb nga k\u00ebrkesa p\u00ebr transparenc\u00eb pa shkat\u00ebrruar vetveten dhe demokracin\u00eb, pik\u00ebrisht divergjenca e papajtueshme p\u00ebr kutit\u00eb e votave mund t\u2019i jap\u00eb nj\u00eb tjet\u00ebr spirale edhe m\u00eb t\u00eb rrezikshme kriz\u00ebs politike n\u00eb vend, pas asaj zbatice q\u00eb ajo p\u00ebrjetoi me mbylljen e grev\u00ebs s\u00eb uris\u00eb. K\u00ebt\u00eb duket e ka kuptuar jo vet\u00ebm plaku Godo n\u00eb Tiran\u00eb, por edhe \u201cnd\u00ebrkomb\u00ebtar\u00ebt\u201d n\u00eb Strasburg. Madje, edhe t\u00eb djatht\u00ebt e PE-s\u00eb q\u00eb deri m\u00eb sot kan\u00eb mb\u00ebshtetur verb\u00ebrisht Kryeministrin.<\/p>\n<p>Tashm\u00eb ka nj\u00eb dinamik\u00eb zhvillimesh q\u00eb nuk kompozojn\u00eb nj\u00eb bilanc pozitiv p\u00ebr k\u00ebt\u00eb t\u00eb fundit. Ajo q\u00eb po del m\u00eb n\u00eb pah \u00ebsht\u00eb intoleranca autoritariste e Berish\u00ebs, q\u00eb nuk ka b\u00ebr\u00eb deri m\u00eb sot asnj\u00eb l\u00ebshim. Madje sot ai po kund\u00ebrshton edhe rrug\u00ebzgjidhje q\u00eb deri dje i ka pranuar. Nj\u00eb nga ato \u00ebsht\u00eb edhe pranimi i opinionit t\u00eb Komisionit t\u00eb Venecias p\u00ebr hapjen ose jo t\u00eb kutive t\u00eb votimit. N\u00eb t\u00eb kund\u00ebrt, opozita ka b\u00ebr\u00eb nj\u00eb zinxhir t\u00eb gjat\u00eb l\u00ebshimesh. Ajo nd\u00ebrpreu bojkotin total t\u00eb Kuvendit dhe u paraqit n\u00eb seanca p\u00ebr ta zgjidhur kriz\u00ebn atje.<\/p>\n<p>Dhe nuk \u00ebsht\u00eb faji i saj q\u00eb Berisha e K\u00b0 u p\u00ebrpoq\u00ebn q\u00eb k\u00ebt\u00eb l\u00ebshim ta keqp\u00ebrdorin p\u00ebr ta shnd\u00ebrruar opozit\u00ebn n\u00eb nj\u00eb garnitur\u00eb t\u00eb tiranis\u00eb s\u00eb shumic\u00ebs. Opozita nd\u00ebrpreu grev\u00ebn e uris\u00eb, nd\u00ebrkoh\u00eb q\u00eb ka modifikuar disa her\u00eb k\u00ebrkesat e saj p\u00ebr t\u2019i b\u00ebr\u00eb sa m\u00eb t\u00eb pranueshme p\u00ebr shumic\u00ebn. Ka treguar gatishm\u00ebri, p\u00ebr shembull, p\u00ebr t\u00eb hequr dor\u00eb nga hapja e kutive n\u00eb disa zona dhe, p\u00ebr t\u00eb shmangur qoft\u00eb edhe p\u00ebrplasjen e shpikur t\u00eb transparenc\u00ebs me vendimin e Kolegjit Zgjedhor, ka k\u00ebrkuar hapjen e kutive n\u00eb disa zona t\u00eb tjera.<\/p>\n<p>M\u00eb n\u00eb fund duket se q\u00ebndrimi shk\u00ebmbor i Berish\u00ebs ka r\u00ebn\u00eb n\u00eb sy t\u00eb nd\u00ebrkomb\u00ebtar\u00ebve, t\u00eb cil\u00ebt raportohet t\u00eb mos jen\u00eb pajtuar edhe me antimitingjet e organizuara kund\u00ebr opozit\u00ebs, antimitingje q\u00eb duket t\u00eb jen\u00eb par\u00eb me shqet\u00ebsim si p\u00ebrshkall\u00ebzim i friksh\u00ebm tensioni politik dhe \u201cnxemje\u201d e fanatik\u00ebve si p\u00ebrpara nj\u00eb konflikti civil k\u00ebrc\u00ebnues. Nd\u00ebrkomb\u00ebtar\u00ebt kan\u00eb dh\u00ebn\u00eb dy jav\u00eb koh\u00eb.<\/p>\n<p>Por v\u00ebshtir\u00eb t\u00eb besosh se ky ultimatum do t\u00eb b\u00ebj\u00eb q\u00eb Berisha t\u00eb hapet ndaj nj\u00eb transparence q\u00eb do t\u2019ia deligjitimonte p\u00ebrfundimisht jo vet\u00ebm pushtetin, por edhe reputacionin. Kemi p\u00ebrshtypjen se ai do t\u00eb kund\u00ebrshtoj\u00eb me lloj-lloj pretekstesh \u201cligjore\u201d jo vet\u00ebm hapjen e kutive t\u00eb votimit, por edhe ato t\u00eb materialeve zgjedhore q\u00eb, sikund\u00ebr d\u00ebshmoi edhe Ruzhdia, p\u00ebrmbajn\u00eb jo pak fakte mbi at\u00eb q\u00eb do t\u2019i shnd\u00ebrronte zgjedhjet e 28 qershorit nga m\u00eb t\u00eb mirat, n\u00eb ato t\u00eb manipuluara dhe grabitura m\u00eb mir\u00eb.<\/p>\n<p>Berisha do p\u00ebrpiqet ta shkat\u00ebrroj\u00eb nj\u00eb zgjidhje t\u00eb ofruar nga \u201cnd\u00ebrkomb\u00ebtar\u00ebt\u201d edhe duke u fshehur pas k\u00ebmb\u00ebnguljes s\u00eb opozit\u00ebs p\u00ebr mosdjegien e kutive. Por Shqip\u00ebria nuk mund t\u00eb vazhdoj\u00eb m\u00eb k\u00ebshtu. Tashm\u00eb bllokimit t\u00eb reformave integruese i shtohet edhe ultimatumi p\u00ebr pezullimin e procesit t\u00eb integrimit. Po afron momenti q\u00eb do ta detyroj\u00eb Berish\u00ebn t\u00eb vendos\u00eb: ose t\u00eb hap\u00eb kutit\u00eb dhe t\u00eb deligjitimohet, ose t\u2019u drejtohet zgjedhjeve t\u00eb parakohshme n\u00eb nj\u00eb moment jo aq t\u00eb p\u00ebrshtatsh\u00ebm p\u00ebr t\u00eb.<\/p>\n","protected":false},"excerpt":{"rendered":"<p>Andrea Stefani Nd\u00ebrsa politikan\u00ebt e lart\u00eb t\u00eb Tiran\u00ebs dhe Brukselit kan\u00eb dal\u00eb pa ndonj\u00eb rezultat nga restoranti \u201cKrokodil\u201d, duket se \u00ebsht\u00eb fati i Shqip\u00ebris\u00eb ai q\u00eb ka hyr\u00eb n\u00eb goj\u00ebn e \u201ckrokodilit\u201d. Tashm\u00eb, mbi kok\u00ebn e saj q\u00ebndron nj\u00eb ultimatum q\u00eb vjen prej europian\u00ebve: ose zgjidheni kriz\u00ebn brenda dy jav\u00ebve, ose rrezikoni integrimin n\u00eb Europ\u00eb! [&hellip;]<\/p>\n","protected":false},"author":1,"featured_media":0,"comment_status":"open","ping_status":"closed","sticky":false,"template":"","format":"standard","meta":{"footnotes":""},"categories":[2],"tags":[],"class_list":{"0":"post-2772","1":"post","2":"type-post","3":"status-publish","4":"format-standard","6":"category-artikuj"},"yoast_head":"<!-- This site is optimized with the Yoast SEO plugin v27.4 - https:\/\/yoast.com\/product\/yoast-seo-wordpress\/ -->\n<title>KRYEMINISTRI Q\u00cb K\u00cbRC\u00cbNON INTEGRIMIN - FjALA e LIR\u00cb - Arkivi<\/title>\n<meta name=\"robots\" content=\"index, follow, max-snippet:-1, max-image-preview:large, max-video-preview:-1\" \/>\n<link rel=\"canonical\" href=\"https:\/\/fjala.info\/2009-2015\/kryeministri-qe-kercenon-integrimin\/\" \/>\n<meta property=\"og:locale\" content=\"sq_AL\" \/>\n<meta property=\"og:type\" content=\"article\" \/>\n<meta property=\"og:title\" content=\"KRYEMINISTRI Q\u00cb K\u00cbRC\u00cbNON INTEGRIMIN - FjALA e LIR\u00cb - Arkivi\" \/>\n<meta property=\"og:description\" content=\"Andrea Stefani Nd\u00ebrsa politikan\u00ebt e lart\u00eb t\u00eb Tiran\u00ebs dhe Brukselit kan\u00eb dal\u00eb pa ndonj\u00eb rezultat nga restoranti \u201cKrokodil\u201d, duket se \u00ebsht\u00eb fati i Shqip\u00ebris\u00eb ai q\u00eb ka hyr\u00eb n\u00eb goj\u00ebn e \u201ckrokodilit\u201d. Tashm\u00eb, mbi kok\u00ebn e saj q\u00ebndron nj\u00eb ultimatum q\u00eb vjen prej europian\u00ebve: ose zgjidheni kriz\u00ebn brenda dy jav\u00ebve, ose rrezikoni integrimin n\u00eb Europ\u00eb! [&hellip;]\" \/>\n<meta property=\"og:url\" content=\"https:\/\/fjala.info\/2009-2015\/kryeministri-qe-kercenon-integrimin\/\" \/>\n<meta property=\"og:site_name\" content=\"FjALA e LIR\u00cb - Arkivi\" \/>\n<meta property=\"article:published_time\" content=\"2010-05-22T21:42:32+00:00\" \/>\n<meta property=\"og:image\" content=\"http:\/\/www.shkoder.net\/images\/fjala\/andrea_stefani.jpg\" \/>\n<meta name=\"author\" content=\"admin\" \/>\n<meta name=\"twitter:card\" content=\"summary_large_image\" \/>\n<meta name=\"twitter:label1\" content=\"Written by\" \/>\n\t<meta name=\"twitter:data1\" content=\"admin\" \/>\n\t<meta name=\"twitter:label2\" content=\"Est. reading time\" \/>\n\t<meta name=\"twitter:data2\" content=\"8 minutes\" \/>\n<script type=\"application\/ld+json\" class=\"yoast-schema-graph\">{\"@context\":\"https:\\\/\\\/schema.org\",\"@graph\":[{\"@type\":\"Article\",\"@id\":\"https:\\\/\\\/fjala.info\\\/2009-2015\\\/kryeministri-qe-kercenon-integrimin\\\/#article\",\"isPartOf\":{\"@id\":\"https:\\\/\\\/fjala.info\\\/2009-2015\\\/kryeministri-qe-kercenon-integrimin\\\/\"},\"author\":{\"name\":\"admin\",\"@id\":\"https:\\\/\\\/fjala.info\\\/2009-2015\\\/#\\\/schema\\\/person\\\/3aa1163ef05469c496fc94e77611ada2\"},\"headline\":\"KRYEMINISTRI Q\u00cb K\u00cbRC\u00cbNON INTEGRIMIN\",\"datePublished\":\"2010-05-22T21:42:32+00:00\",\"mainEntityOfPage\":{\"@id\":\"https:\\\/\\\/fjala.info\\\/2009-2015\\\/kryeministri-qe-kercenon-integrimin\\\/\"},\"wordCount\":1597,\"commentCount\":0,\"publisher\":{\"@id\":\"https:\\\/\\\/fjala.info\\\/2009-2015\\\/#organization\"},\"image\":{\"@id\":\"https:\\\/\\\/fjala.info\\\/2009-2015\\\/kryeministri-qe-kercenon-integrimin\\\/#primaryimage\"},\"thumbnailUrl\":\"http:\\\/\\\/www.shkoder.net\\\/images\\\/fjala\\\/andrea_stefani.jpg\",\"articleSection\":[\"Artikuj\"],\"inLanguage\":\"sq-AL\",\"potentialAction\":[{\"@type\":\"CommentAction\",\"name\":\"Comment\",\"target\":[\"https:\\\/\\\/fjala.info\\\/2009-2015\\\/kryeministri-qe-kercenon-integrimin\\\/#respond\"]}]},{\"@type\":\"WebPage\",\"@id\":\"https:\\\/\\\/fjala.info\\\/2009-2015\\\/kryeministri-qe-kercenon-integrimin\\\/\",\"url\":\"https:\\\/\\\/fjala.info\\\/2009-2015\\\/kryeministri-qe-kercenon-integrimin\\\/\",\"name\":\"KRYEMINISTRI Q\u00cb K\u00cbRC\u00cbNON INTEGRIMIN - FjALA e LIR\u00cb - Arkivi\",\"isPartOf\":{\"@id\":\"https:\\\/\\\/fjala.info\\\/2009-2015\\\/#website\"},\"primaryImageOfPage\":{\"@id\":\"https:\\\/\\\/fjala.info\\\/2009-2015\\\/kryeministri-qe-kercenon-integrimin\\\/#primaryimage\"},\"image\":{\"@id\":\"https:\\\/\\\/fjala.info\\\/2009-2015\\\/kryeministri-qe-kercenon-integrimin\\\/#primaryimage\"},\"thumbnailUrl\":\"http:\\\/\\\/www.shkoder.net\\\/images\\\/fjala\\\/andrea_stefani.jpg\",\"datePublished\":\"2010-05-22T21:42:32+00:00\",\"breadcrumb\":{\"@id\":\"https:\\\/\\\/fjala.info\\\/2009-2015\\\/kryeministri-qe-kercenon-integrimin\\\/#breadcrumb\"},\"inLanguage\":\"sq-AL\",\"potentialAction\":[{\"@type\":\"ReadAction\",\"target\":[\"https:\\\/\\\/fjala.info\\\/2009-2015\\\/kryeministri-qe-kercenon-integrimin\\\/\"]}]},{\"@type\":\"ImageObject\",\"inLanguage\":\"sq-AL\",\"@id\":\"https:\\\/\\\/fjala.info\\\/2009-2015\\\/kryeministri-qe-kercenon-integrimin\\\/#primaryimage\",\"url\":\"http:\\\/\\\/www.shkoder.net\\\/images\\\/fjala\\\/andrea_stefani.jpg\",\"contentUrl\":\"http:\\\/\\\/www.shkoder.net\\\/images\\\/fjala\\\/andrea_stefani.jpg\"},{\"@type\":\"BreadcrumbList\",\"@id\":\"https:\\\/\\\/fjala.info\\\/2009-2015\\\/kryeministri-qe-kercenon-integrimin\\\/#breadcrumb\",\"itemListElement\":[{\"@type\":\"ListItem\",\"position\":1,\"name\":\"Home\",\"item\":\"https:\\\/\\\/fjala.info\\\/2009-2015\\\/\"},{\"@type\":\"ListItem\",\"position\":2,\"name\":\"KRYEMINISTRI Q\u00cb K\u00cbRC\u00cbNON INTEGRIMIN\"}]},{\"@type\":\"WebSite\",\"@id\":\"https:\\\/\\\/fjala.info\\\/2009-2015\\\/#website\",\"url\":\"https:\\\/\\\/fjala.info\\\/2009-2015\\\/\",\"name\":\"FjALA e LIR\u00cb - Arkivi\",\"description\":\"Arkivi 2009-2015\",\"publisher\":{\"@id\":\"https:\\\/\\\/fjala.info\\\/2009-2015\\\/#organization\"},\"potentialAction\":[{\"@type\":\"SearchAction\",\"target\":{\"@type\":\"EntryPoint\",\"urlTemplate\":\"https:\\\/\\\/fjala.info\\\/2009-2015\\\/?s={search_term_string}\"},\"query-input\":{\"@type\":\"PropertyValueSpecification\",\"valueRequired\":true,\"valueName\":\"search_term_string\"}}],\"inLanguage\":\"sq-AL\"},{\"@type\":\"Organization\",\"@id\":\"https:\\\/\\\/fjala.info\\\/2009-2015\\\/#organization\",\"name\":\"FjALA e LIR\u00cb - Arkivi\",\"url\":\"https:\\\/\\\/fjala.info\\\/2009-2015\\\/\",\"logo\":{\"@type\":\"ImageObject\",\"inLanguage\":\"sq-AL\",\"@id\":\"https:\\\/\\\/fjala.info\\\/2009-2015\\\/#\\\/schema\\\/logo\\\/image\\\/\",\"url\":\"\",\"contentUrl\":\"\",\"caption\":\"FjALA e LIR\u00cb - Arkivi\"},\"image\":{\"@id\":\"https:\\\/\\\/fjala.info\\\/2009-2015\\\/#\\\/schema\\\/logo\\\/image\\\/\"}},{\"@type\":\"Person\",\"@id\":\"https:\\\/\\\/fjala.info\\\/2009-2015\\\/#\\\/schema\\\/person\\\/3aa1163ef05469c496fc94e77611ada2\",\"name\":\"admin\",\"image\":{\"@type\":\"ImageObject\",\"inLanguage\":\"sq-AL\",\"@id\":\"https:\\\/\\\/fjala.info\\\/2009-2015\\\/wp-content\\\/uploads\\\/2012\\\/02\\\/arben_cokaj-120x150.jpg\",\"url\":\"https:\\\/\\\/fjala.info\\\/2009-2015\\\/wp-content\\\/uploads\\\/2012\\\/02\\\/arben_cokaj-120x150.jpg\",\"contentUrl\":\"https:\\\/\\\/fjala.info\\\/2009-2015\\\/wp-content\\\/uploads\\\/2012\\\/02\\\/arben_cokaj-120x150.jpg\",\"caption\":\"admin\"},\"description\":\"Admin, Fjala e Lir\u00eb\",\"sameAs\":[\"https:\\\/\\\/fjala.info\\\/\"],\"url\":\"https:\\\/\\\/fjala.info\\\/2009-2015\\\/author\\\/admin\\\/\"}]}<\/script>\n<!-- \/ Yoast SEO plugin. -->","yoast_head_json":{"title":"KRYEMINISTRI Q\u00cb K\u00cbRC\u00cbNON INTEGRIMIN - FjALA e LIR\u00cb - Arkivi","robots":{"index":"index","follow":"follow","max-snippet":"max-snippet:-1","max-image-preview":"max-image-preview:large","max-video-preview":"max-video-preview:-1"},"canonical":"https:\/\/fjala.info\/2009-2015\/kryeministri-qe-kercenon-integrimin\/","og_locale":"sq_AL","og_type":"article","og_title":"KRYEMINISTRI Q\u00cb K\u00cbRC\u00cbNON INTEGRIMIN - FjALA e LIR\u00cb - Arkivi","og_description":"Andrea Stefani Nd\u00ebrsa politikan\u00ebt e lart\u00eb t\u00eb Tiran\u00ebs dhe Brukselit kan\u00eb dal\u00eb pa ndonj\u00eb rezultat nga restoranti \u201cKrokodil\u201d, duket se \u00ebsht\u00eb fati i Shqip\u00ebris\u00eb ai q\u00eb ka hyr\u00eb n\u00eb goj\u00ebn e \u201ckrokodilit\u201d. Tashm\u00eb, mbi kok\u00ebn e saj q\u00ebndron nj\u00eb ultimatum q\u00eb vjen prej europian\u00ebve: ose zgjidheni kriz\u00ebn brenda dy jav\u00ebve, ose rrezikoni integrimin n\u00eb Europ\u00eb! [&hellip;]","og_url":"https:\/\/fjala.info\/2009-2015\/kryeministri-qe-kercenon-integrimin\/","og_site_name":"FjALA e LIR\u00cb - Arkivi","article_published_time":"2010-05-22T21:42:32+00:00","og_image":[{"url":"http:\/\/www.shkoder.net\/images\/fjala\/andrea_stefani.jpg","type":"","width":"","height":""}],"author":"admin","twitter_card":"summary_large_image","twitter_misc":{"Written by":"admin","Est. reading time":"8 minutes"},"schema":{"@context":"https:\/\/schema.org","@graph":[{"@type":"Article","@id":"https:\/\/fjala.info\/2009-2015\/kryeministri-qe-kercenon-integrimin\/#article","isPartOf":{"@id":"https:\/\/fjala.info\/2009-2015\/kryeministri-qe-kercenon-integrimin\/"},"author":{"name":"admin","@id":"https:\/\/fjala.info\/2009-2015\/#\/schema\/person\/3aa1163ef05469c496fc94e77611ada2"},"headline":"KRYEMINISTRI Q\u00cb K\u00cbRC\u00cbNON INTEGRIMIN","datePublished":"2010-05-22T21:42:32+00:00","mainEntityOfPage":{"@id":"https:\/\/fjala.info\/2009-2015\/kryeministri-qe-kercenon-integrimin\/"},"wordCount":1597,"commentCount":0,"publisher":{"@id":"https:\/\/fjala.info\/2009-2015\/#organization"},"image":{"@id":"https:\/\/fjala.info\/2009-2015\/kryeministri-qe-kercenon-integrimin\/#primaryimage"},"thumbnailUrl":"http:\/\/www.shkoder.net\/images\/fjala\/andrea_stefani.jpg","articleSection":["Artikuj"],"inLanguage":"sq-AL","potentialAction":[{"@type":"CommentAction","name":"Comment","target":["https:\/\/fjala.info\/2009-2015\/kryeministri-qe-kercenon-integrimin\/#respond"]}]},{"@type":"WebPage","@id":"https:\/\/fjala.info\/2009-2015\/kryeministri-qe-kercenon-integrimin\/","url":"https:\/\/fjala.info\/2009-2015\/kryeministri-qe-kercenon-integrimin\/","name":"KRYEMINISTRI Q\u00cb K\u00cbRC\u00cbNON INTEGRIMIN - FjALA e LIR\u00cb - Arkivi","isPartOf":{"@id":"https:\/\/fjala.info\/2009-2015\/#website"},"primaryImageOfPage":{"@id":"https:\/\/fjala.info\/2009-2015\/kryeministri-qe-kercenon-integrimin\/#primaryimage"},"image":{"@id":"https:\/\/fjala.info\/2009-2015\/kryeministri-qe-kercenon-integrimin\/#primaryimage"},"thumbnailUrl":"http:\/\/www.shkoder.net\/images\/fjala\/andrea_stefani.jpg","datePublished":"2010-05-22T21:42:32+00:00","breadcrumb":{"@id":"https:\/\/fjala.info\/2009-2015\/kryeministri-qe-kercenon-integrimin\/#breadcrumb"},"inLanguage":"sq-AL","potentialAction":[{"@type":"ReadAction","target":["https:\/\/fjala.info\/2009-2015\/kryeministri-qe-kercenon-integrimin\/"]}]},{"@type":"ImageObject","inLanguage":"sq-AL","@id":"https:\/\/fjala.info\/2009-2015\/kryeministri-qe-kercenon-integrimin\/#primaryimage","url":"http:\/\/www.shkoder.net\/images\/fjala\/andrea_stefani.jpg","contentUrl":"http:\/\/www.shkoder.net\/images\/fjala\/andrea_stefani.jpg"},{"@type":"BreadcrumbList","@id":"https:\/\/fjala.info\/2009-2015\/kryeministri-qe-kercenon-integrimin\/#breadcrumb","itemListElement":[{"@type":"ListItem","position":1,"name":"Home","item":"https:\/\/fjala.info\/2009-2015\/"},{"@type":"ListItem","position":2,"name":"KRYEMINISTRI Q\u00cb K\u00cbRC\u00cbNON INTEGRIMIN"}]},{"@type":"WebSite","@id":"https:\/\/fjala.info\/2009-2015\/#website","url":"https:\/\/fjala.info\/2009-2015\/","name":"FjALA e LIR\u00cb - Arkivi","description":"Arkivi 2009-2015","publisher":{"@id":"https:\/\/fjala.info\/2009-2015\/#organization"},"potentialAction":[{"@type":"SearchAction","target":{"@type":"EntryPoint","urlTemplate":"https:\/\/fjala.info\/2009-2015\/?s={search_term_string}"},"query-input":{"@type":"PropertyValueSpecification","valueRequired":true,"valueName":"search_term_string"}}],"inLanguage":"sq-AL"},{"@type":"Organization","@id":"https:\/\/fjala.info\/2009-2015\/#organization","name":"FjALA e LIR\u00cb - Arkivi","url":"https:\/\/fjala.info\/2009-2015\/","logo":{"@type":"ImageObject","inLanguage":"sq-AL","@id":"https:\/\/fjala.info\/2009-2015\/#\/schema\/logo\/image\/","url":"","contentUrl":"","caption":"FjALA e LIR\u00cb - Arkivi"},"image":{"@id":"https:\/\/fjala.info\/2009-2015\/#\/schema\/logo\/image\/"}},{"@type":"Person","@id":"https:\/\/fjala.info\/2009-2015\/#\/schema\/person\/3aa1163ef05469c496fc94e77611ada2","name":"admin","image":{"@type":"ImageObject","inLanguage":"sq-AL","@id":"https:\/\/fjala.info\/2009-2015\/wp-content\/uploads\/2012\/02\/arben_cokaj-120x150.jpg","url":"https:\/\/fjala.info\/2009-2015\/wp-content\/uploads\/2012\/02\/arben_cokaj-120x150.jpg","contentUrl":"https:\/\/fjala.info\/2009-2015\/wp-content\/uploads\/2012\/02\/arben_cokaj-120x150.jpg","caption":"admin"},"description":"Admin, Fjala e Lir\u00eb","sameAs":["https:\/\/fjala.info\/"],"url":"https:\/\/fjala.info\/2009-2015\/author\/admin\/"}]}},"_links":{"self":[{"href":"https:\/\/fjala.info\/2009-2015\/wp-json\/wp\/v2\/posts\/2772","targetHints":{"allow":["GET"]}}],"collection":[{"href":"https:\/\/fjala.info\/2009-2015\/wp-json\/wp\/v2\/posts"}],"about":[{"href":"https:\/\/fjala.info\/2009-2015\/wp-json\/wp\/v2\/types\/post"}],"author":[{"embeddable":true,"href":"https:\/\/fjala.info\/2009-2015\/wp-json\/wp\/v2\/users\/1"}],"replies":[{"embeddable":true,"href":"https:\/\/fjala.info\/2009-2015\/wp-json\/wp\/v2\/comments?post=2772"}],"version-history":[{"count":0,"href":"https:\/\/fjala.info\/2009-2015\/wp-json\/wp\/v2\/posts\/2772\/revisions"}],"wp:attachment":[{"href":"https:\/\/fjala.info\/2009-2015\/wp-json\/wp\/v2\/media?parent=2772"}],"wp:term":[{"taxonomy":"category","embeddable":true,"href":"https:\/\/fjala.info\/2009-2015\/wp-json\/wp\/v2\/categories?post=2772"},{"taxonomy":"post_tag","embeddable":true,"href":"https:\/\/fjala.info\/2009-2015\/wp-json\/wp\/v2\/tags?post=2772"}],"curies":[{"name":"wp","href":"https:\/\/api.w.org\/{rel}","templated":true}]}}