{"id":2770,"date":"2010-05-22T22:35:53","date_gmt":"2010-05-22T21:35:53","guid":{"rendered":"http:\/\/fjala.shkoder.net\/?p=2770"},"modified":"2010-05-22T22:35:53","modified_gmt":"2010-05-22T21:35:53","slug":"triumfalizem-i-panevojshem","status":"publish","type":"post","link":"https:\/\/fjala.info\/2009-2015\/triumfalizem-i-panevojshem\/","title":{"rendered":"Triumfaliz\u00ebm i panevojsh\u00ebm"},"content":{"rendered":"<p><img decoding=\"async\" style=\"margin-left: 10px; margin-right: 10px; border: 0px;\" src=\"http:\/\/www.shkoder.net\/images\/fjala\/andi_bushati.jpg\" border=\"0\" alt=\"Andi Bushati\" width=\"150\" align=\"left\" \/><\/p>\n<p><strong>Andi Bushati<\/strong>, <em>22.05.2010<\/em><\/p>\n<p>Dalja aspak e lavdishme e grevist\u00ebve t\u00eb uris\u00eb, pas 19 dit\u00ebsh vuajtjeje dhe privimi nga jeta e p\u00ebrditshme, i ka b\u00ebr\u00eb shum\u00eb nga idhtar\u00ebt e Berish\u00ebs ta pasqyrojn\u00eb me tone triumfaliste k\u00ebt\u00eb ngjarje aspak t\u00eb denj\u00eb. Prej dy dit\u00ebsh \u00ebsht\u00eb v\u00ebn\u00eb n\u00eb l\u00ebvizje nj\u00eb lum\u00eb shkruesish e politik\u00ebb\u00ebr\u00ebsish, q\u00eb po e shprehin gati me ngaz\u00ebllim, gjunj\u00ebzimin pothuajse t\u00eb turpsh\u00ebm t\u00eb kund\u00ebrshtarit t\u00eb tyre politik.<\/p>\n<p>K\u00ebtij grupimi t\u00eb par\u00eb, i \u00ebsht\u00eb shtuar edhe nj\u00eb i dyt\u00eb, q\u00eb toneve t\u00eb triumfalizmit, i ka shtuar ato t\u00eb ironis\u00eb dhe sarkazm\u00ebs. Dikush e paraqet Edi Ram\u00ebn si nj\u00eb f\u00ebmij\u00eb t\u00eb parritur, q\u00eb e g\u00ebnjejn\u00eb me nj\u00eb karamele t\u00eb rreme. Dikush tjet\u00ebr tallet me njeriun q\u00eb b\u00ebrtiste se \u201cDo t\u00eb kalojn\u00eb vet\u00ebm mbi trupat tan\u00eb\u201d dhe doli nga greva me bisht nd\u00ebr shal\u00eb. Dikush tjet\u00ebr ironizon me njeriun q\u00eb ultimatumet e nj\u00ebpasnj\u00ebshme i nd\u00ebrroi me nj\u00eb got\u00eb ver\u00eb dhe nj\u00eb pjat\u00eb pat\u00e8. N\u00eb fakt, duhet th\u00ebn\u00eb, se gjith\u00eb ky triumfaliz\u00ebm e gjith\u00eb kjo sarkaz\u00ebm, \u00ebsht\u00eb e pavend dhe e pavler\u00eb. T\u00eb gjith\u00eb ata q\u00eb ndihen fitimtar\u00eb, nuk ka vend t\u00eb g\u00ebzohen. T\u00eb gjith\u00eb ata q\u00eb ndihen t\u00eb fuqish\u00ebm, nuk ka vend t\u00eb trim\u00ebrohen.<\/p>\n<p>Sepse p\u00ebr fatin e tyre t\u00eb keq, nuk kan\u00eb fituar as ndaj nj\u00eb kund\u00ebrshtari t\u00eb fort\u00eb, as ndaj nj\u00eb kauze t\u00eb drejt\u00eb dhe t\u00eb moralshme.<\/p>\n<p>G\u00ebzimin dhe p\u00ebrmasat e fitores s\u00eb tyre, duhet t\u2019i reduktoj\u00eb ndjesh\u00ebm, pesha e atij q\u00eb kan\u00eb mundur. Esht\u00eb e leht\u00eb t\u00eb b\u00ebsh nj\u00eb bilanc t\u00eb shkurt\u00ebr se k\u00eb kan\u00eb mundur. Kan\u00eb mundur njeriun q\u00eb, q\u00eb kur \u00ebsht\u00eb n\u00eb krye t\u00eb PS, me p\u00ebrjashtim t\u00eb asaj p\u00ebr Bashkin\u00eb e Tiran\u00ebs, i ka humbur t\u00eb gjitha betejat politike. Kan\u00eb mundur njeriun q\u00eb pasi eliminoi gjith\u00eb kandidat\u00ebt e familjes s\u00eb vet politike, e humbi betej\u00ebn p\u00ebr t\u00eb mos lejuar nj\u00eb t\u00eb djatht\u00eb t\u00eb ngrihej n\u00eb fronin e Presidentit t\u00eb Republik\u00ebs. Kan\u00eb mundur at\u00eb q\u00eb e shnd\u00ebrroi n\u00eb humbje edhe tragjedin\u00eb e G\u00ebrdecit, sepse me an\u00eb t\u00eb saj k\u00ebrkoi t\u00eb eliminonte konkurent\u00ebt brenda s\u00eb majt\u00ebs. Kan\u00eb mundur njeriun q\u00eb i dha Berish\u00ebs t\u00eb gjitha ato ndryshime kushtetuese, q\u00eb sot e kan\u00eb rr\u00ebnjosur n\u00eb karrigen e tij kryeministrore.<\/p>\n<p>Kan\u00eb mundur njeriun q\u00eb humbi krejt fushat\u00ebn parazgjedhore, jo vet\u00ebm sepse nuk u p\u00ebrball drejtp\u00ebrdrejt n\u00eb t\u00eb, por u kthye edhe n\u00eb atu-n\u00eb e kund\u00ebrshtarit, duke b\u00ebr\u00eb q\u00eb opozita shqiptare t\u00eb ishte e vetmja opozit\u00eb q\u00eb akuzohej p\u00ebr korrupsion. Kan\u00eb mundur njeriun, q\u00eb hodhi koleg\u00ebt e tij n\u00eb fushat\u00ebn zgjedhore dhe vet q\u00ebndroi n\u00eb zyr\u00ebn e Bashkis\u00eb. Kan\u00eb mundur njeriun q\u00eb tha, po humba largohem, dhe q\u00eb pasi humbi nxori teorin\u00eb, \u201cpo ika, s\u2019kan\u00eb m\u00eb t\u00eb mir\u00eb\u201d. Kan\u00eb mundur njeriun, q\u00eb pasi humbi t\u00eb pahumbshmen, doli e tha se \u00ebsht\u00eb m\u00eb i fort\u00eb se kurr\u00eb.<\/p>\n<p>Kan\u00eb mundur njeriun q\u00eb tha se pas fundqershorit, gjith\u00e7ka do t\u00eb jet\u00eb ndryshe, por k\u00ebt\u00eb ndryshim e kuptonte si sakrific\u00eb t\u00eb t\u00eb tjer\u00ebve dhe jo t\u00eb tij\u00ebn.<\/p>\n<p>Kan\u00eb mundur njeriun q\u00eb vendosi t\u2019i l\u00ebr\u00eb gjith\u00eb deputet\u00ebt e tij gjasht\u00eb muaj pa rrog\u00eb, nd\u00ebrsa vet\u00eb firmoste \u00e7do fundmuaji n\u00eb borderon\u00eb e bashkis\u00eb. Kan\u00eb mundur njeriun q\u00eb b\u00ebrtiste se opozita duhet b\u00ebr\u00eb n\u00eb rrug\u00eb, megjith\u00ebse vet\u00eb, ka 12 vjet q\u00eb nuk i ndahet zyr\u00ebs.Kan\u00eb mundur njeriun q\u00eb u k\u00ebrkoi 200 t\u00eb tijve t\u00eb fillonin nj\u00eb sakrific\u00eb urie dhe q\u00eb vet\u00eb as nuk e provoi shijen e saj, megjith\u00ebse i p\u00ebrbetohej shum\u00ebkujt, se k\u00ebt\u00eb radh\u00eb, ishte i vendosur t\u00eb vdiste live, para kamerave, vet\u00ebm p\u00ebr t\u00eb shp\u00ebtuar Shqip\u00ebrin\u00eb nga Berisha.<\/p>\n<p>Ky \u00ebsht\u00eb kund\u00ebrshtari q\u00eb kan\u00eb mundur sistematikisht, ndaj nuk ka vend p\u00ebr ndonj\u00eb g\u00ebzim t\u00eb madh. As p\u00ebr sarkaz\u00ebm, as p\u00ebr triumfaliz\u00ebm.<br \/>\nPor, nd\u00ebrsa e djathta n\u00eb pushtet nuk ka arsye reale t\u2019i jap\u00eb p\u00ebrmasa tej t\u00eb zakonshmes asaj q\u00eb ka ndodhur, opozita e majt\u00eb ka t\u00eb gjitha t\u00eb drejtat t\u00eb shqet\u00ebsohet, t\u00eb frik\u00ebsohet, madje t\u00eb ngrej\u00eb shum\u00eb pik\u00ebpyetje?<\/p>\n<p>Pik\u00ebpyetje p\u00ebr t\u00eb tashmen dhe t\u00eb ardhmen e saj, me nj\u00eb lider dhe me nj\u00eb filozofi politike, e cila po i \u00e7on nga disfata n\u00eb disfat\u00eb. Nga zhg\u00ebnjimi n\u00eb zhg\u00ebnjim. E k\u00ebto pyetje nuk jan\u00eb pron\u00eb e vet\u00ebm atyre 20 deputet\u00ebve q\u00eb qen\u00eb n\u00eb grev\u00eb. As vet\u00ebm e atyre 180 mb\u00ebshtet\u00ebsve q\u00eb i shkuan me durim dhe sakrific\u00eb deri n\u00eb fund, asaj q\u00eb u k\u00ebrkoi forca e tyre politike. K\u00ebto shqet\u00ebsime dhe k\u00ebto pik\u00ebpyetje jan\u00eb sot p\u00ebr t\u00eb gjith\u00eb opozit\u00ebn e majt\u00eb, madje p\u00ebr m\u00eb shum\u00eb se kaq. P\u00ebr t\u00eb gjith\u00eb ata q\u00eb mendojn\u00eb se i duhet th\u00ebn\u00eb STOP pushtetit, gjithnj\u00eb e m\u00eb abuziv, gjithnj\u00eb e m\u00eb korruptiv, gjithnj\u00eb e m\u00eb shum\u00eb ndrydh\u00ebs t\u00eb lirive, q\u00eb po ushtron Kryeministri Berisha.<\/p>\n<p>Ndaj k\u00ebtu duhet t\u00eb konsistoj\u00eb pyetja dhe dilema e madhe e s\u00eb majt\u00ebs dhe krejt opozit\u00ebs shqiptare: n\u00eb shqet\u00ebsimin se si mund t\u00eb arrihet nj\u00eb gj\u00eb e till\u00eb.<br \/>\nDeri tani, e ndikuar nga lideri i saj, dhe nga njer\u00ebzit pran\u00eb tij, t\u00eb cil\u00ebt kan\u00eb k\u00ebrkuar me \u00e7do \u00e7mim, justifikimin e k\u00ebtij kalvari disfatash t\u00eb nj\u00ebpasnj\u00ebshme, opozita e ka zhvilluar aksionin e saj politik duke pasur si premis\u00eb, si gur themeli, si arm\u00eb lufte, vet\u00ebm nj\u00eb opsion: \u201cKy \u00ebsht\u00eb nj\u00eb pushtet i paligjsh\u00ebm, sepse buron nga vota t\u00eb vjedhura\u201d.<\/p>\n<p>Pra, n\u00eb thelb t\u00eb k\u00ebtij aksioni, ndon\u00ebse n\u00eb pjes\u00ebn m\u00eb t\u00eb madhe pa prova e fakte konkrete, ka qen\u00eb t\u00eb tregoj\u00eb se ky pushtet \u00ebsht\u00eb ilegjitim. Por duke b\u00ebr\u00eb k\u00ebt\u00eb, duke e futur n\u00eb k\u00ebt\u00eb shtrat, vet\u00ebm p\u00ebr arsye personale, gjith\u00eb energjin\u00eb dhe forc\u00ebn e popullit opozitar, ka anashkaluar, ka l\u00ebn\u00eb jasht\u00eb v\u00ebmendjes, ka b\u00ebr\u00eb t\u00eb pandjeshme t\u00eb gjitha rreziqet reale q\u00eb i k\u00ebrc\u00ebnohen shoq\u00ebris\u00eb shqiptare e p\u00ebr t\u00eb cilat opozita, si kudo, duhet t\u00eb jet\u00eb garantja kryesore.<\/p>\n<p>Sepse n\u00eb fakt, problemi real sot n\u00eb Shqip\u00ebri, nuk \u00ebsht\u00eb ekzistenca ose jo e nj\u00eb pushteti legjitim, por shqet\u00ebsimi se ky pushtet po e shp\u00ebrdoron me t\u00eb gjitha format dhe n\u00eb m\u00ebnyr\u00ebn m\u00eb agresive, legjitimitetin e vet. Problemi sot n\u00eb Shqip\u00ebri nuk \u00ebsht\u00eb se po qeveris Berisha, i mb\u00ebshtetur nga votat e Met\u00ebs. Jo dhe jo. N\u00eb t\u00eb gjitha kombinimet e para qershorit 2009, dihej q\u00eb nj\u00eb bashkim i till\u00eb, n\u00ebse ndodhte, krijonte nj\u00eb maxhoranc\u00eb qeveris\u00ebse.<\/p>\n<p>Por, problemi sot \u00ebsht\u00eb se Kryeministri Berisha dhe njer\u00ebzit e tij po e p\u00ebrdorin legjitimitetin e k\u00ebtij pushteti, p\u00ebr t\u00eb shuar t\u00eb gjitha pushtetet e tjera n\u00eb Shqip\u00ebri.<br \/>\nQ\u00eb pas zgjedhjeve t\u00eb fundit, kan\u00eb ndodhur n\u00eb k\u00ebt\u00eb vend gj\u00ebra shum\u00eb m\u00eb t\u00eb r\u00ebnda se \u00e7\u00ebshtja e diskutueshme e kutive.<\/p>\n<p>Pushteti gjyq\u00ebsor \u00ebsht\u00eb m\u00eb shum\u00eb se kurr\u00eb, n\u00eb vitet e fundit, n\u00ebn trysnin\u00eb e ekzekutivit, madje deri n\u00eb at\u00eb pik\u00eb sa aktor\u00ebt e G\u00ebrdecit i shp\u00ebtojn\u00eb gjykimit me procedura ligjore. Prokuroria \u00ebsht\u00eb zbythur krejt\u00ebsisht prej sulmeve politike, aq sa dhe kreu i saj, q\u00eb dikur betohej se sfida e vet ishte p\u00ebrfundimi i \u00e7\u00ebshtjeve t\u00eb r\u00ebnd\u00ebsishme, tani po k\u00ebrkon t\u00eb krijoj\u00eb imazhin e nj\u00eb veline, duke pozuar gjithnj\u00eb e m\u00eb shum\u00eb p\u00ebr shtypin roz\u00eb.<\/p>\n<p>Presidenti i Republik\u00ebs, pas ndonj\u00eb tentative p\u00ebr rezistenc\u00eb para zgjedhjeve, tani i \u00ebsht\u00eb rifutur nj\u00eb gare t\u00eb ethshme p\u00ebr t\u2019u rikonvertuar n\u00eb demokrat, megjith\u00ebse p\u00ebr besnik\u00ebrin\u00eb e tij tashm\u00eb i k\u00ebrkohen prova dhe m\u00eb t\u00eb m\u00ebdha. Gjendja ekonomike \u00ebsht\u00eb gjithnj\u00eb e m\u00eb e r\u00ebnd\u00eb dhe Qeveria ka falimentuar n\u00eb dy drejtime kryesore, qoft\u00eb p\u00ebr t\u00eb paguar ato nd\u00ebrmarrje q\u00eb u ka dh\u00ebn\u00eb pun\u00eb, qoft\u00eb p\u00ebr t\u2019u siguruar konkurenc\u00eb t\u00eb ndershme, p\u00ebr ato kompani q\u00eb presin pun\u00eb. E s\u00eb fundi, gjendja e pushtetit t\u00eb kat\u00ebrt, ajo e mediave, \u00ebsht\u00eb si kurrr\u00eb m\u00eb par\u00eb.<\/p>\n<p>Jo vet\u00ebm p\u00ebr pik\u00ebt q\u00eb kemi humbur n\u00eb renditjen e klasifikimeve nd\u00ebrkomb\u00ebtare, por sepse, si pasoj\u00eb e gjobave dhe dhun\u00ebs financiare t\u00eb Qeveris\u00eb, dy gazeta t\u00eb p\u00ebrditshme jan\u00eb mbyllur dhe z\u00ebra t\u00eb tjer\u00eb autoritar\u00eb, kritik\u00eb t\u00eb Qeveris\u00eb, po tentohet t\u00eb zhduken nga peisazhi mediatik. Kjo duhej t\u00eb ishte n\u00eb fakt panorama e shqet\u00ebsimeve reale t\u00eb k\u00ebsaj opozite. Ky konglomerat problemesh e shqet\u00ebsimesh duhet t\u00eb ishin thelbi i kauz\u00ebs s\u00eb saj. Ajo e nj\u00eb pushteti gjithnj\u00eb e m\u00eb arbitrar, e sfidues, q\u00eb po dhunon p\u00ebrdit\u00eb e m\u00eb shum\u00eb legjitimitetin q\u00eb mori n\u00eb qershorin e shkuar.<\/p>\n<p>Por t\u00eb gjitha k\u00ebto probleme po minimizohen sot, nga debati i stisur p\u00ebr kutit\u00eb, i cila ka uzurpuar gjith\u00eb faqet e gazetave, gjith\u00eb p\u00ebrballjen politike, gjith\u00eb energjit\u00eb e aktor\u00ebve kryesor\u00eb. Ai e ka angazhuar sot opozit\u00ebn me mish e me shpirt, n\u00eb nj\u00eb kauz t\u00eb shpikur, duke b\u00ebr\u00eb, p\u00ebr fatin e saj t\u00eb keq, q\u00eb kjo t\u2019i mbivendoset kauzave t\u00eb drejta, t\u00eb v\u00ebrteta dhe reale q\u00eb duhet t\u00eb kishte. Sepse nd\u00ebrkoh\u00eb q\u00eb Rama dhe t\u00eb tijt\u00eb kan\u00eb shpenzuar nj\u00eb vit me betej\u00ebn e pamundur p\u00ebr kutit\u00eb, Berisha ka marr\u00eb, pa zhurm\u00eb, pothuajse t\u00eb gjitha pushtetet, n\u00eb k\u00ebt\u00eb vend.<\/p>\n<p>E ky uzurpim \u00ebsht\u00eb m\u00eb i preksh\u00ebm, m\u00eb i r\u00ebnd\u00eb dhe m\u00eb me pasoja se akuza e pafaktuar q\u00eb i b\u00ebhet p\u00ebr vot\u00ebn. Dhe ky uzurpim \u00ebsht\u00eb m\u00eb afatgjat\u00eb e m\u00eb i r\u00ebnd\u00eb se gjith\u00eb t\u00eb tjerat. Fakti se po e n\u00ebnvleft\u00ebson at\u00eb, \u00ebsht\u00eb humbja m\u00eb e madhe q\u00eb po p\u00ebson sot kjo opozit\u00eb. Fakti se po e l\u00eb at\u00eb n\u00eb plan t\u00eb dyt\u00eb \u00ebsht\u00eb d\u00ebmi m\u00eb i madh q\u00eb ajo po i shkakton idhtar\u00ebve t\u00eb saj, madje krejt shoq\u00ebris\u00eb. E kjo humbje dhe ky d\u00ebm, jan\u00eb shum\u00eb m\u00eb t\u00eb m\u00ebdha se ato q\u00eb p\u00ebrmenda m\u00eb lart. P\u00ebr ato \u00e7do opozitar duhet t\u00eb trishtohet. P\u00ebr ato edhe antiopozitar\u00ebt m\u00eb triumfal\u00eb, nuk mund t\u00eb ken\u00eb mund\u00ebsi t\u00eb g\u00ebzohen.<\/p>\n","protected":false},"excerpt":{"rendered":"<p>Andi Bushati, 22.05.2010 Dalja aspak e lavdishme e grevist\u00ebve t\u00eb uris\u00eb, pas 19 dit\u00ebsh vuajtjeje dhe privimi nga jeta e p\u00ebrditshme, i ka b\u00ebr\u00eb shum\u00eb nga idhtar\u00ebt e Berish\u00ebs ta pasqyrojn\u00eb me tone triumfaliste k\u00ebt\u00eb ngjarje aspak t\u00eb denj\u00eb. Prej dy dit\u00ebsh \u00ebsht\u00eb v\u00ebn\u00eb n\u00eb l\u00ebvizje nj\u00eb lum\u00eb shkruesish e politik\u00ebb\u00ebr\u00ebsish, q\u00eb po e shprehin [&hellip;]<\/p>\n","protected":false},"author":1,"featured_media":0,"comment_status":"open","ping_status":"closed","sticky":false,"template":"","format":"standard","meta":{"footnotes":""},"categories":[2],"tags":[],"class_list":{"0":"post-2770","1":"post","2":"type-post","3":"status-publish","4":"format-standard","6":"category-artikuj"},"yoast_head":"<!-- This site is optimized with the Yoast SEO plugin v27.4 - https:\/\/yoast.com\/product\/yoast-seo-wordpress\/ -->\n<title>Triumfaliz\u00ebm i panevojsh\u00ebm - FjALA e LIR\u00cb - Arkivi<\/title>\n<meta name=\"robots\" content=\"index, follow, max-snippet:-1, max-image-preview:large, max-video-preview:-1\" \/>\n<link rel=\"canonical\" href=\"https:\/\/fjala.info\/2009-2015\/triumfalizem-i-panevojshem\/\" \/>\n<meta property=\"og:locale\" content=\"sq_AL\" \/>\n<meta property=\"og:type\" content=\"article\" \/>\n<meta property=\"og:title\" content=\"Triumfaliz\u00ebm i panevojsh\u00ebm - FjALA e LIR\u00cb - Arkivi\" \/>\n<meta property=\"og:description\" content=\"Andi Bushati, 22.05.2010 Dalja aspak e lavdishme e grevist\u00ebve t\u00eb uris\u00eb, pas 19 dit\u00ebsh vuajtjeje dhe privimi nga jeta e p\u00ebrditshme, i ka b\u00ebr\u00eb shum\u00eb nga idhtar\u00ebt e Berish\u00ebs ta pasqyrojn\u00eb me tone triumfaliste k\u00ebt\u00eb ngjarje aspak t\u00eb denj\u00eb. Prej dy dit\u00ebsh \u00ebsht\u00eb v\u00ebn\u00eb n\u00eb l\u00ebvizje nj\u00eb lum\u00eb shkruesish e politik\u00ebb\u00ebr\u00ebsish, q\u00eb po e shprehin [&hellip;]\" \/>\n<meta property=\"og:url\" content=\"https:\/\/fjala.info\/2009-2015\/triumfalizem-i-panevojshem\/\" \/>\n<meta property=\"og:site_name\" content=\"FjALA e LIR\u00cb - Arkivi\" \/>\n<meta property=\"article:published_time\" content=\"2010-05-22T21:35:53+00:00\" \/>\n<meta property=\"og:image\" content=\"http:\/\/www.shkoder.net\/images\/fjala\/andi_bushati.jpg\" \/>\n<meta name=\"author\" content=\"admin\" \/>\n<meta name=\"twitter:card\" content=\"summary_large_image\" \/>\n<meta name=\"twitter:label1\" content=\"Written by\" \/>\n\t<meta name=\"twitter:data1\" content=\"admin\" \/>\n\t<meta name=\"twitter:label2\" content=\"Est. reading time\" \/>\n\t<meta name=\"twitter:data2\" content=\"9 minutes\" \/>\n<script type=\"application\/ld+json\" class=\"yoast-schema-graph\">{\"@context\":\"https:\\\/\\\/schema.org\",\"@graph\":[{\"@type\":\"Article\",\"@id\":\"https:\\\/\\\/fjala.info\\\/2009-2015\\\/triumfalizem-i-panevojshem\\\/#article\",\"isPartOf\":{\"@id\":\"https:\\\/\\\/fjala.info\\\/2009-2015\\\/triumfalizem-i-panevojshem\\\/\"},\"author\":{\"name\":\"admin\",\"@id\":\"https:\\\/\\\/fjala.info\\\/2009-2015\\\/#\\\/schema\\\/person\\\/3aa1163ef05469c496fc94e77611ada2\"},\"headline\":\"Triumfaliz\u00ebm i panevojsh\u00ebm\",\"datePublished\":\"2010-05-22T21:35:53+00:00\",\"mainEntityOfPage\":{\"@id\":\"https:\\\/\\\/fjala.info\\\/2009-2015\\\/triumfalizem-i-panevojshem\\\/\"},\"wordCount\":1750,\"commentCount\":0,\"publisher\":{\"@id\":\"https:\\\/\\\/fjala.info\\\/2009-2015\\\/#organization\"},\"image\":{\"@id\":\"https:\\\/\\\/fjala.info\\\/2009-2015\\\/triumfalizem-i-panevojshem\\\/#primaryimage\"},\"thumbnailUrl\":\"http:\\\/\\\/www.shkoder.net\\\/images\\\/fjala\\\/andi_bushati.jpg\",\"articleSection\":[\"Artikuj\"],\"inLanguage\":\"sq-AL\",\"potentialAction\":[{\"@type\":\"CommentAction\",\"name\":\"Comment\",\"target\":[\"https:\\\/\\\/fjala.info\\\/2009-2015\\\/triumfalizem-i-panevojshem\\\/#respond\"]}]},{\"@type\":\"WebPage\",\"@id\":\"https:\\\/\\\/fjala.info\\\/2009-2015\\\/triumfalizem-i-panevojshem\\\/\",\"url\":\"https:\\\/\\\/fjala.info\\\/2009-2015\\\/triumfalizem-i-panevojshem\\\/\",\"name\":\"Triumfaliz\u00ebm i panevojsh\u00ebm - FjALA e LIR\u00cb - Arkivi\",\"isPartOf\":{\"@id\":\"https:\\\/\\\/fjala.info\\\/2009-2015\\\/#website\"},\"primaryImageOfPage\":{\"@id\":\"https:\\\/\\\/fjala.info\\\/2009-2015\\\/triumfalizem-i-panevojshem\\\/#primaryimage\"},\"image\":{\"@id\":\"https:\\\/\\\/fjala.info\\\/2009-2015\\\/triumfalizem-i-panevojshem\\\/#primaryimage\"},\"thumbnailUrl\":\"http:\\\/\\\/www.shkoder.net\\\/images\\\/fjala\\\/andi_bushati.jpg\",\"datePublished\":\"2010-05-22T21:35:53+00:00\",\"breadcrumb\":{\"@id\":\"https:\\\/\\\/fjala.info\\\/2009-2015\\\/triumfalizem-i-panevojshem\\\/#breadcrumb\"},\"inLanguage\":\"sq-AL\",\"potentialAction\":[{\"@type\":\"ReadAction\",\"target\":[\"https:\\\/\\\/fjala.info\\\/2009-2015\\\/triumfalizem-i-panevojshem\\\/\"]}]},{\"@type\":\"ImageObject\",\"inLanguage\":\"sq-AL\",\"@id\":\"https:\\\/\\\/fjala.info\\\/2009-2015\\\/triumfalizem-i-panevojshem\\\/#primaryimage\",\"url\":\"http:\\\/\\\/www.shkoder.net\\\/images\\\/fjala\\\/andi_bushati.jpg\",\"contentUrl\":\"http:\\\/\\\/www.shkoder.net\\\/images\\\/fjala\\\/andi_bushati.jpg\"},{\"@type\":\"BreadcrumbList\",\"@id\":\"https:\\\/\\\/fjala.info\\\/2009-2015\\\/triumfalizem-i-panevojshem\\\/#breadcrumb\",\"itemListElement\":[{\"@type\":\"ListItem\",\"position\":1,\"name\":\"Home\",\"item\":\"https:\\\/\\\/fjala.info\\\/2009-2015\\\/\"},{\"@type\":\"ListItem\",\"position\":2,\"name\":\"Triumfaliz\u00ebm i panevojsh\u00ebm\"}]},{\"@type\":\"WebSite\",\"@id\":\"https:\\\/\\\/fjala.info\\\/2009-2015\\\/#website\",\"url\":\"https:\\\/\\\/fjala.info\\\/2009-2015\\\/\",\"name\":\"FjALA e LIR\u00cb - Arkivi\",\"description\":\"Arkivi 2009-2015\",\"publisher\":{\"@id\":\"https:\\\/\\\/fjala.info\\\/2009-2015\\\/#organization\"},\"potentialAction\":[{\"@type\":\"SearchAction\",\"target\":{\"@type\":\"EntryPoint\",\"urlTemplate\":\"https:\\\/\\\/fjala.info\\\/2009-2015\\\/?s={search_term_string}\"},\"query-input\":{\"@type\":\"PropertyValueSpecification\",\"valueRequired\":true,\"valueName\":\"search_term_string\"}}],\"inLanguage\":\"sq-AL\"},{\"@type\":\"Organization\",\"@id\":\"https:\\\/\\\/fjala.info\\\/2009-2015\\\/#organization\",\"name\":\"FjALA e LIR\u00cb - Arkivi\",\"url\":\"https:\\\/\\\/fjala.info\\\/2009-2015\\\/\",\"logo\":{\"@type\":\"ImageObject\",\"inLanguage\":\"sq-AL\",\"@id\":\"https:\\\/\\\/fjala.info\\\/2009-2015\\\/#\\\/schema\\\/logo\\\/image\\\/\",\"url\":\"\",\"contentUrl\":\"\",\"caption\":\"FjALA e LIR\u00cb - Arkivi\"},\"image\":{\"@id\":\"https:\\\/\\\/fjala.info\\\/2009-2015\\\/#\\\/schema\\\/logo\\\/image\\\/\"}},{\"@type\":\"Person\",\"@id\":\"https:\\\/\\\/fjala.info\\\/2009-2015\\\/#\\\/schema\\\/person\\\/3aa1163ef05469c496fc94e77611ada2\",\"name\":\"admin\",\"image\":{\"@type\":\"ImageObject\",\"inLanguage\":\"sq-AL\",\"@id\":\"https:\\\/\\\/fjala.info\\\/2009-2015\\\/wp-content\\\/uploads\\\/2012\\\/02\\\/arben_cokaj-120x150.jpg\",\"url\":\"https:\\\/\\\/fjala.info\\\/2009-2015\\\/wp-content\\\/uploads\\\/2012\\\/02\\\/arben_cokaj-120x150.jpg\",\"contentUrl\":\"https:\\\/\\\/fjala.info\\\/2009-2015\\\/wp-content\\\/uploads\\\/2012\\\/02\\\/arben_cokaj-120x150.jpg\",\"caption\":\"admin\"},\"description\":\"Admin, Fjala e Lir\u00eb\",\"sameAs\":[\"https:\\\/\\\/fjala.info\\\/\"],\"url\":\"https:\\\/\\\/fjala.info\\\/2009-2015\\\/author\\\/admin\\\/\"}]}<\/script>\n<!-- \/ Yoast SEO plugin. -->","yoast_head_json":{"title":"Triumfaliz\u00ebm i panevojsh\u00ebm - FjALA e LIR\u00cb - Arkivi","robots":{"index":"index","follow":"follow","max-snippet":"max-snippet:-1","max-image-preview":"max-image-preview:large","max-video-preview":"max-video-preview:-1"},"canonical":"https:\/\/fjala.info\/2009-2015\/triumfalizem-i-panevojshem\/","og_locale":"sq_AL","og_type":"article","og_title":"Triumfaliz\u00ebm i panevojsh\u00ebm - FjALA e LIR\u00cb - Arkivi","og_description":"Andi Bushati, 22.05.2010 Dalja aspak e lavdishme e grevist\u00ebve t\u00eb uris\u00eb, pas 19 dit\u00ebsh vuajtjeje dhe privimi nga jeta e p\u00ebrditshme, i ka b\u00ebr\u00eb shum\u00eb nga idhtar\u00ebt e Berish\u00ebs ta pasqyrojn\u00eb me tone triumfaliste k\u00ebt\u00eb ngjarje aspak t\u00eb denj\u00eb. Prej dy dit\u00ebsh \u00ebsht\u00eb v\u00ebn\u00eb n\u00eb l\u00ebvizje nj\u00eb lum\u00eb shkruesish e politik\u00ebb\u00ebr\u00ebsish, q\u00eb po e shprehin [&hellip;]","og_url":"https:\/\/fjala.info\/2009-2015\/triumfalizem-i-panevojshem\/","og_site_name":"FjALA e LIR\u00cb - Arkivi","article_published_time":"2010-05-22T21:35:53+00:00","og_image":[{"url":"http:\/\/www.shkoder.net\/images\/fjala\/andi_bushati.jpg","type":"","width":"","height":""}],"author":"admin","twitter_card":"summary_large_image","twitter_misc":{"Written by":"admin","Est. reading time":"9 minutes"},"schema":{"@context":"https:\/\/schema.org","@graph":[{"@type":"Article","@id":"https:\/\/fjala.info\/2009-2015\/triumfalizem-i-panevojshem\/#article","isPartOf":{"@id":"https:\/\/fjala.info\/2009-2015\/triumfalizem-i-panevojshem\/"},"author":{"name":"admin","@id":"https:\/\/fjala.info\/2009-2015\/#\/schema\/person\/3aa1163ef05469c496fc94e77611ada2"},"headline":"Triumfaliz\u00ebm i panevojsh\u00ebm","datePublished":"2010-05-22T21:35:53+00:00","mainEntityOfPage":{"@id":"https:\/\/fjala.info\/2009-2015\/triumfalizem-i-panevojshem\/"},"wordCount":1750,"commentCount":0,"publisher":{"@id":"https:\/\/fjala.info\/2009-2015\/#organization"},"image":{"@id":"https:\/\/fjala.info\/2009-2015\/triumfalizem-i-panevojshem\/#primaryimage"},"thumbnailUrl":"http:\/\/www.shkoder.net\/images\/fjala\/andi_bushati.jpg","articleSection":["Artikuj"],"inLanguage":"sq-AL","potentialAction":[{"@type":"CommentAction","name":"Comment","target":["https:\/\/fjala.info\/2009-2015\/triumfalizem-i-panevojshem\/#respond"]}]},{"@type":"WebPage","@id":"https:\/\/fjala.info\/2009-2015\/triumfalizem-i-panevojshem\/","url":"https:\/\/fjala.info\/2009-2015\/triumfalizem-i-panevojshem\/","name":"Triumfaliz\u00ebm i panevojsh\u00ebm - FjALA e LIR\u00cb - Arkivi","isPartOf":{"@id":"https:\/\/fjala.info\/2009-2015\/#website"},"primaryImageOfPage":{"@id":"https:\/\/fjala.info\/2009-2015\/triumfalizem-i-panevojshem\/#primaryimage"},"image":{"@id":"https:\/\/fjala.info\/2009-2015\/triumfalizem-i-panevojshem\/#primaryimage"},"thumbnailUrl":"http:\/\/www.shkoder.net\/images\/fjala\/andi_bushati.jpg","datePublished":"2010-05-22T21:35:53+00:00","breadcrumb":{"@id":"https:\/\/fjala.info\/2009-2015\/triumfalizem-i-panevojshem\/#breadcrumb"},"inLanguage":"sq-AL","potentialAction":[{"@type":"ReadAction","target":["https:\/\/fjala.info\/2009-2015\/triumfalizem-i-panevojshem\/"]}]},{"@type":"ImageObject","inLanguage":"sq-AL","@id":"https:\/\/fjala.info\/2009-2015\/triumfalizem-i-panevojshem\/#primaryimage","url":"http:\/\/www.shkoder.net\/images\/fjala\/andi_bushati.jpg","contentUrl":"http:\/\/www.shkoder.net\/images\/fjala\/andi_bushati.jpg"},{"@type":"BreadcrumbList","@id":"https:\/\/fjala.info\/2009-2015\/triumfalizem-i-panevojshem\/#breadcrumb","itemListElement":[{"@type":"ListItem","position":1,"name":"Home","item":"https:\/\/fjala.info\/2009-2015\/"},{"@type":"ListItem","position":2,"name":"Triumfaliz\u00ebm i panevojsh\u00ebm"}]},{"@type":"WebSite","@id":"https:\/\/fjala.info\/2009-2015\/#website","url":"https:\/\/fjala.info\/2009-2015\/","name":"FjALA e LIR\u00cb - Arkivi","description":"Arkivi 2009-2015","publisher":{"@id":"https:\/\/fjala.info\/2009-2015\/#organization"},"potentialAction":[{"@type":"SearchAction","target":{"@type":"EntryPoint","urlTemplate":"https:\/\/fjala.info\/2009-2015\/?s={search_term_string}"},"query-input":{"@type":"PropertyValueSpecification","valueRequired":true,"valueName":"search_term_string"}}],"inLanguage":"sq-AL"},{"@type":"Organization","@id":"https:\/\/fjala.info\/2009-2015\/#organization","name":"FjALA e LIR\u00cb - Arkivi","url":"https:\/\/fjala.info\/2009-2015\/","logo":{"@type":"ImageObject","inLanguage":"sq-AL","@id":"https:\/\/fjala.info\/2009-2015\/#\/schema\/logo\/image\/","url":"","contentUrl":"","caption":"FjALA e LIR\u00cb - Arkivi"},"image":{"@id":"https:\/\/fjala.info\/2009-2015\/#\/schema\/logo\/image\/"}},{"@type":"Person","@id":"https:\/\/fjala.info\/2009-2015\/#\/schema\/person\/3aa1163ef05469c496fc94e77611ada2","name":"admin","image":{"@type":"ImageObject","inLanguage":"sq-AL","@id":"https:\/\/fjala.info\/2009-2015\/wp-content\/uploads\/2012\/02\/arben_cokaj-120x150.jpg","url":"https:\/\/fjala.info\/2009-2015\/wp-content\/uploads\/2012\/02\/arben_cokaj-120x150.jpg","contentUrl":"https:\/\/fjala.info\/2009-2015\/wp-content\/uploads\/2012\/02\/arben_cokaj-120x150.jpg","caption":"admin"},"description":"Admin, Fjala e Lir\u00eb","sameAs":["https:\/\/fjala.info\/"],"url":"https:\/\/fjala.info\/2009-2015\/author\/admin\/"}]}},"_links":{"self":[{"href":"https:\/\/fjala.info\/2009-2015\/wp-json\/wp\/v2\/posts\/2770","targetHints":{"allow":["GET"]}}],"collection":[{"href":"https:\/\/fjala.info\/2009-2015\/wp-json\/wp\/v2\/posts"}],"about":[{"href":"https:\/\/fjala.info\/2009-2015\/wp-json\/wp\/v2\/types\/post"}],"author":[{"embeddable":true,"href":"https:\/\/fjala.info\/2009-2015\/wp-json\/wp\/v2\/users\/1"}],"replies":[{"embeddable":true,"href":"https:\/\/fjala.info\/2009-2015\/wp-json\/wp\/v2\/comments?post=2770"}],"version-history":[{"count":0,"href":"https:\/\/fjala.info\/2009-2015\/wp-json\/wp\/v2\/posts\/2770\/revisions"}],"wp:attachment":[{"href":"https:\/\/fjala.info\/2009-2015\/wp-json\/wp\/v2\/media?parent=2770"}],"wp:term":[{"taxonomy":"category","embeddable":true,"href":"https:\/\/fjala.info\/2009-2015\/wp-json\/wp\/v2\/categories?post=2770"},{"taxonomy":"post_tag","embeddable":true,"href":"https:\/\/fjala.info\/2009-2015\/wp-json\/wp\/v2\/tags?post=2770"}],"curies":[{"name":"wp","href":"https:\/\/api.w.org\/{rel}","templated":true}]}}