{"id":2768,"date":"2010-05-22T22:32:09","date_gmt":"2010-05-22T21:32:09","guid":{"rendered":"http:\/\/fjala.shkoder.net\/?p=2768"},"modified":"2010-05-22T22:32:09","modified_gmt":"2010-05-22T21:32:09","slug":"si-perfunduam-te-au-crocodile","status":"publish","type":"post","link":"https:\/\/fjala.info\/2009-2015\/si-perfunduam-te-au-crocodile\/","title":{"rendered":"Si p\u00ebrfunduam te \u201cAu Crocodile\u201d"},"content":{"rendered":"<p><img decoding=\"async\" style=\"margin-left: 10px; margin-right: 10px; border: 0px;\" src=\"http:\/\/www.shkoder.net\/images\/fjala\/alba_malltezi.jpg\" border=\"0\" alt=\"Alba Malltezi\" width=\"150\" align=\"left\" \/><\/p>\n<p>Nga: <strong>ALBA MALLTEZI<\/strong>, <em>21 Maj 2010<\/em><\/p>\n<p>T\u00eb njoh\u00ebsh mir\u00eb veten, t\u00eb flas\u00ebsh me veten, t\u00eb dialogosh me veten para se t\u00eb flas\u00ebsh me t\u00eb tjer\u00ebt, \u00ebsht\u00eb nj\u00eb pun\u00eb q\u00eb ne shqiptar\u00ebt po tregojm\u00eb se nuk e njohim. Ne kap\u00ebrcejm\u00eb, injorojm\u00eb unin ton\u00eb, nuk e respektojm\u00eb, nuk e vler\u00ebsojm\u00eb; nuk d\u00ebgjojm\u00eb, nuk dim\u00eb t\u00eb lexojm\u00eb men\u00e7urin\u00eb dhe urt\u00ebsin\u00eb q\u00eb me siguri ekziston dhe n\u00eb ADN trash\u00ebguar nga t\u00eb par\u00ebt, q\u00eb kan\u00eb treguar se gj\u00ebra t\u00eb men\u00e7ura kan\u00eb ditur t\u00eb b\u00ebjn\u00eb. Injorojm\u00eb dhe nuk shohim dhe ata q\u00eb kemi m\u00eb af\u00ebr, por presim zgjidhje nga larg, nga jasht\u00eb.<\/p>\n<p>Nj\u00eb zgjidhje q\u00eb vet\u00ebm arnon. Jo m\u00eb kot edhe kjo kriz\u00eb politike kap\u00ebrceu kufijt\u00eb p\u00ebr t\u00eb ulur p\u00ebrfaq\u00ebsuesit m\u00eb t\u00eb lart\u00eb t\u00eb dy partive kryesore shqiptare nga pluhuri i \u201cD\u00ebshmor\u00ebve t\u00eb Kombit\u201d, n\u00eb restorant \u201cAu Crocodile\u201d n\u00eb Strazburg, p\u00ebr t\u00eb biseduar mbi pjata me meny q\u00eb kap\u00ebrcejn\u00eb shifr\u00ebn e nj\u00eb pensioni mujor shqiptar p\u00ebr person. Cilido t\u00eb jet\u00eb rezultati i k\u00ebtyre negociatave brenda ka nj\u00eb d\u00ebshtim t\u00eb madh: paaft\u00ebsin\u00eb ton\u00eb p\u00ebr ta zgjidhur vet\u00eb problemin q\u00eb kishte mbetur pezull. \u00c7far\u00eb pretendojm\u00eb? N\u00eb fund t\u00eb fundit, politika shqiptare pasqyron n\u00eb nj\u00eb far\u00eb m\u00ebnyre at\u00eb gj\u00ebndje q\u00eb shoq\u00ebria jon\u00eb ka nd\u00ebrtuar q\u00eb n\u00eb b\u00ebrtham\u00eb t\u00eb saj: nj\u00eb familje e projektuar jo brenda sht\u00ebpis\u00eb, por jasht\u00eb saj.<\/p>\n<p>P\u00ebr shum\u00eb ka r\u00ebnd\u00ebsi se si i gjykojn\u00eb t\u00eb tjer\u00ebt dhe jo si jetojm\u00eb brenda mureve realisht. P\u00ebr shum\u00eb \u00ebsht\u00eb arritje q\u00eb kriza jon\u00eb nga Tirana shkoi n\u00eb Strasburg, personalisht e konsideroj nj\u00eb d\u00ebshtim dhe nj\u00eb ofendim p\u00ebr inteligjenc\u00ebn e nj\u00eb kombi q\u00eb ka kontribut n\u00eb civilizimin europian dhe bot\u00ebror. Nuk mund ta imagjinoj se si hallet e shqiptar\u00ebve p\u00ebrfunduan mbi nj\u00eb tavolin\u00eb t\u00eb rrumbullak\u00ebt er\u00ebmir\u00eb, me pjatat minimaliste t\u00eb shefit Philippe Bohrer, sikur nd\u00ebrkomb\u00ebtar\u00ebt t\u00eb shpresonin n\u00eb nj\u00eb magji n\u00eb trurin rural t\u00eb lider\u00ebve tan\u00eb.<\/p>\n<p>Nuk mund t\u00eb mos gjendej nj\u00eb marr\u00ebveshje e urt\u00eb n\u00eb Tiran\u00eb, nj\u00eb e mesme q\u00eb do t\u00eb qart\u00ebsonte parregullsit\u00eb q\u00eb s\u2019duhet t\u00eb p\u00ebrs\u00ebriten m\u00eb n\u00eb zgjedhjet e ardhshme e t\u00eb fuste n\u00eb loj\u00eb t\u00eb gjith\u00eb aktor\u00ebt e politik\u00ebs shqiptare. Nj\u00eb Kuvend i ardhsh\u00ebm shum\u00ebngjyr\u00ebsh \u00ebsht\u00eb nj\u00eb garanci p\u00ebr shqiptar\u00ebt dhe PS e PD t\u00eb pranojn\u00eb q\u00eb bashk\u00eb gatuan para 28 qershorti 2009 menyn\u00eb m\u00eb t\u00eb sh\u00ebmtuar, bardh\u00eb e zi, dhe ua ofruan shqiptar\u00ebve, meny q\u00eb nuk ka \u201cAu Crocodile\u201d ta rregulloj\u00eb shijen.<br \/>\n(<em>BalkanWeb<\/em>)<\/p>\n","protected":false},"excerpt":{"rendered":"<p>Nga: ALBA MALLTEZI, 21 Maj 2010 T\u00eb njoh\u00ebsh mir\u00eb veten, t\u00eb flas\u00ebsh me veten, t\u00eb dialogosh me veten para se t\u00eb flas\u00ebsh me t\u00eb tjer\u00ebt, \u00ebsht\u00eb nj\u00eb pun\u00eb q\u00eb ne shqiptar\u00ebt po tregojm\u00eb se nuk e njohim. Ne kap\u00ebrcejm\u00eb, injorojm\u00eb unin ton\u00eb, nuk e respektojm\u00eb, nuk e vler\u00ebsojm\u00eb; nuk d\u00ebgjojm\u00eb, nuk dim\u00eb t\u00eb lexojm\u00eb men\u00e7urin\u00eb [&hellip;]<\/p>\n","protected":false},"author":1,"featured_media":0,"comment_status":"open","ping_status":"closed","sticky":false,"template":"","format":"standard","meta":{"footnotes":""},"categories":[2],"tags":[],"class_list":{"0":"post-2768","1":"post","2":"type-post","3":"status-publish","4":"format-standard","6":"category-artikuj"},"yoast_head":"<!-- This site is optimized with the Yoast SEO plugin v27.4 - https:\/\/yoast.com\/product\/yoast-seo-wordpress\/ -->\n<title>Si p\u00ebrfunduam te \u201cAu Crocodile\u201d - FjALA e LIR\u00cb - Arkivi<\/title>\n<meta name=\"robots\" content=\"index, follow, max-snippet:-1, max-image-preview:large, max-video-preview:-1\" \/>\n<link rel=\"canonical\" href=\"https:\/\/fjala.info\/2009-2015\/si-perfunduam-te-au-crocodile\/\" \/>\n<meta property=\"og:locale\" content=\"sq_AL\" \/>\n<meta property=\"og:type\" content=\"article\" \/>\n<meta property=\"og:title\" content=\"Si p\u00ebrfunduam te \u201cAu Crocodile\u201d - FjALA e LIR\u00cb - Arkivi\" \/>\n<meta property=\"og:description\" content=\"Nga: ALBA MALLTEZI, 21 Maj 2010 T\u00eb njoh\u00ebsh mir\u00eb veten, t\u00eb flas\u00ebsh me veten, t\u00eb dialogosh me veten para se t\u00eb flas\u00ebsh me t\u00eb tjer\u00ebt, \u00ebsht\u00eb nj\u00eb pun\u00eb q\u00eb ne shqiptar\u00ebt po tregojm\u00eb se nuk e njohim. Ne kap\u00ebrcejm\u00eb, injorojm\u00eb unin ton\u00eb, nuk e respektojm\u00eb, nuk e vler\u00ebsojm\u00eb; nuk d\u00ebgjojm\u00eb, nuk dim\u00eb t\u00eb lexojm\u00eb men\u00e7urin\u00eb [&hellip;]\" \/>\n<meta property=\"og:url\" content=\"https:\/\/fjala.info\/2009-2015\/si-perfunduam-te-au-crocodile\/\" \/>\n<meta property=\"og:site_name\" content=\"FjALA e LIR\u00cb - Arkivi\" \/>\n<meta property=\"article:published_time\" content=\"2010-05-22T21:32:09+00:00\" \/>\n<meta property=\"og:image\" content=\"http:\/\/www.shkoder.net\/images\/fjala\/alba_malltezi.jpg\" \/>\n<meta name=\"author\" content=\"admin\" \/>\n<meta name=\"twitter:card\" content=\"summary_large_image\" \/>\n<meta name=\"twitter:label1\" content=\"Written by\" \/>\n\t<meta name=\"twitter:data1\" content=\"admin\" \/>\n\t<meta name=\"twitter:label2\" content=\"Est. reading time\" \/>\n\t<meta name=\"twitter:data2\" content=\"2 minutes\" \/>\n<script type=\"application\/ld+json\" class=\"yoast-schema-graph\">{\"@context\":\"https:\\\/\\\/schema.org\",\"@graph\":[{\"@type\":\"Article\",\"@id\":\"https:\\\/\\\/fjala.info\\\/2009-2015\\\/si-perfunduam-te-au-crocodile\\\/#article\",\"isPartOf\":{\"@id\":\"https:\\\/\\\/fjala.info\\\/2009-2015\\\/si-perfunduam-te-au-crocodile\\\/\"},\"author\":{\"name\":\"admin\",\"@id\":\"https:\\\/\\\/fjala.info\\\/2009-2015\\\/#\\\/schema\\\/person\\\/3aa1163ef05469c496fc94e77611ada2\"},\"headline\":\"Si p\u00ebrfunduam te \u201cAu Crocodile\u201d\",\"datePublished\":\"2010-05-22T21:32:09+00:00\",\"mainEntityOfPage\":{\"@id\":\"https:\\\/\\\/fjala.info\\\/2009-2015\\\/si-perfunduam-te-au-crocodile\\\/\"},\"wordCount\":449,\"commentCount\":0,\"publisher\":{\"@id\":\"https:\\\/\\\/fjala.info\\\/2009-2015\\\/#organization\"},\"image\":{\"@id\":\"https:\\\/\\\/fjala.info\\\/2009-2015\\\/si-perfunduam-te-au-crocodile\\\/#primaryimage\"},\"thumbnailUrl\":\"http:\\\/\\\/www.shkoder.net\\\/images\\\/fjala\\\/alba_malltezi.jpg\",\"articleSection\":[\"Artikuj\"],\"inLanguage\":\"sq-AL\",\"potentialAction\":[{\"@type\":\"CommentAction\",\"name\":\"Comment\",\"target\":[\"https:\\\/\\\/fjala.info\\\/2009-2015\\\/si-perfunduam-te-au-crocodile\\\/#respond\"]}]},{\"@type\":\"WebPage\",\"@id\":\"https:\\\/\\\/fjala.info\\\/2009-2015\\\/si-perfunduam-te-au-crocodile\\\/\",\"url\":\"https:\\\/\\\/fjala.info\\\/2009-2015\\\/si-perfunduam-te-au-crocodile\\\/\",\"name\":\"Si p\u00ebrfunduam te \u201cAu Crocodile\u201d - FjALA e LIR\u00cb - Arkivi\",\"isPartOf\":{\"@id\":\"https:\\\/\\\/fjala.info\\\/2009-2015\\\/#website\"},\"primaryImageOfPage\":{\"@id\":\"https:\\\/\\\/fjala.info\\\/2009-2015\\\/si-perfunduam-te-au-crocodile\\\/#primaryimage\"},\"image\":{\"@id\":\"https:\\\/\\\/fjala.info\\\/2009-2015\\\/si-perfunduam-te-au-crocodile\\\/#primaryimage\"},\"thumbnailUrl\":\"http:\\\/\\\/www.shkoder.net\\\/images\\\/fjala\\\/alba_malltezi.jpg\",\"datePublished\":\"2010-05-22T21:32:09+00:00\",\"breadcrumb\":{\"@id\":\"https:\\\/\\\/fjala.info\\\/2009-2015\\\/si-perfunduam-te-au-crocodile\\\/#breadcrumb\"},\"inLanguage\":\"sq-AL\",\"potentialAction\":[{\"@type\":\"ReadAction\",\"target\":[\"https:\\\/\\\/fjala.info\\\/2009-2015\\\/si-perfunduam-te-au-crocodile\\\/\"]}]},{\"@type\":\"ImageObject\",\"inLanguage\":\"sq-AL\",\"@id\":\"https:\\\/\\\/fjala.info\\\/2009-2015\\\/si-perfunduam-te-au-crocodile\\\/#primaryimage\",\"url\":\"http:\\\/\\\/www.shkoder.net\\\/images\\\/fjala\\\/alba_malltezi.jpg\",\"contentUrl\":\"http:\\\/\\\/www.shkoder.net\\\/images\\\/fjala\\\/alba_malltezi.jpg\"},{\"@type\":\"BreadcrumbList\",\"@id\":\"https:\\\/\\\/fjala.info\\\/2009-2015\\\/si-perfunduam-te-au-crocodile\\\/#breadcrumb\",\"itemListElement\":[{\"@type\":\"ListItem\",\"position\":1,\"name\":\"Home\",\"item\":\"https:\\\/\\\/fjala.info\\\/2009-2015\\\/\"},{\"@type\":\"ListItem\",\"position\":2,\"name\":\"Si p\u00ebrfunduam te \u201cAu Crocodile\u201d\"}]},{\"@type\":\"WebSite\",\"@id\":\"https:\\\/\\\/fjala.info\\\/2009-2015\\\/#website\",\"url\":\"https:\\\/\\\/fjala.info\\\/2009-2015\\\/\",\"name\":\"FjALA e LIR\u00cb - Arkivi\",\"description\":\"Arkivi 2009-2015\",\"publisher\":{\"@id\":\"https:\\\/\\\/fjala.info\\\/2009-2015\\\/#organization\"},\"potentialAction\":[{\"@type\":\"SearchAction\",\"target\":{\"@type\":\"EntryPoint\",\"urlTemplate\":\"https:\\\/\\\/fjala.info\\\/2009-2015\\\/?s={search_term_string}\"},\"query-input\":{\"@type\":\"PropertyValueSpecification\",\"valueRequired\":true,\"valueName\":\"search_term_string\"}}],\"inLanguage\":\"sq-AL\"},{\"@type\":\"Organization\",\"@id\":\"https:\\\/\\\/fjala.info\\\/2009-2015\\\/#organization\",\"name\":\"FjALA e LIR\u00cb - Arkivi\",\"url\":\"https:\\\/\\\/fjala.info\\\/2009-2015\\\/\",\"logo\":{\"@type\":\"ImageObject\",\"inLanguage\":\"sq-AL\",\"@id\":\"https:\\\/\\\/fjala.info\\\/2009-2015\\\/#\\\/schema\\\/logo\\\/image\\\/\",\"url\":\"\",\"contentUrl\":\"\",\"caption\":\"FjALA e LIR\u00cb - Arkivi\"},\"image\":{\"@id\":\"https:\\\/\\\/fjala.info\\\/2009-2015\\\/#\\\/schema\\\/logo\\\/image\\\/\"}},{\"@type\":\"Person\",\"@id\":\"https:\\\/\\\/fjala.info\\\/2009-2015\\\/#\\\/schema\\\/person\\\/3aa1163ef05469c496fc94e77611ada2\",\"name\":\"admin\",\"image\":{\"@type\":\"ImageObject\",\"inLanguage\":\"sq-AL\",\"@id\":\"https:\\\/\\\/fjala.info\\\/2009-2015\\\/wp-content\\\/uploads\\\/2012\\\/02\\\/arben_cokaj-120x150.jpg\",\"url\":\"https:\\\/\\\/fjala.info\\\/2009-2015\\\/wp-content\\\/uploads\\\/2012\\\/02\\\/arben_cokaj-120x150.jpg\",\"contentUrl\":\"https:\\\/\\\/fjala.info\\\/2009-2015\\\/wp-content\\\/uploads\\\/2012\\\/02\\\/arben_cokaj-120x150.jpg\",\"caption\":\"admin\"},\"description\":\"Admin, Fjala e Lir\u00eb\",\"sameAs\":[\"https:\\\/\\\/fjala.info\\\/\"],\"url\":\"https:\\\/\\\/fjala.info\\\/2009-2015\\\/author\\\/admin\\\/\"}]}<\/script>\n<!-- \/ Yoast SEO plugin. -->","yoast_head_json":{"title":"Si p\u00ebrfunduam te \u201cAu Crocodile\u201d - FjALA e LIR\u00cb - Arkivi","robots":{"index":"index","follow":"follow","max-snippet":"max-snippet:-1","max-image-preview":"max-image-preview:large","max-video-preview":"max-video-preview:-1"},"canonical":"https:\/\/fjala.info\/2009-2015\/si-perfunduam-te-au-crocodile\/","og_locale":"sq_AL","og_type":"article","og_title":"Si p\u00ebrfunduam te \u201cAu Crocodile\u201d - FjALA e LIR\u00cb - Arkivi","og_description":"Nga: ALBA MALLTEZI, 21 Maj 2010 T\u00eb njoh\u00ebsh mir\u00eb veten, t\u00eb flas\u00ebsh me veten, t\u00eb dialogosh me veten para se t\u00eb flas\u00ebsh me t\u00eb tjer\u00ebt, \u00ebsht\u00eb nj\u00eb pun\u00eb q\u00eb ne shqiptar\u00ebt po tregojm\u00eb se nuk e njohim. Ne kap\u00ebrcejm\u00eb, injorojm\u00eb unin ton\u00eb, nuk e respektojm\u00eb, nuk e vler\u00ebsojm\u00eb; nuk d\u00ebgjojm\u00eb, nuk dim\u00eb t\u00eb lexojm\u00eb men\u00e7urin\u00eb [&hellip;]","og_url":"https:\/\/fjala.info\/2009-2015\/si-perfunduam-te-au-crocodile\/","og_site_name":"FjALA e LIR\u00cb - Arkivi","article_published_time":"2010-05-22T21:32:09+00:00","og_image":[{"url":"http:\/\/www.shkoder.net\/images\/fjala\/alba_malltezi.jpg","type":"","width":"","height":""}],"author":"admin","twitter_card":"summary_large_image","twitter_misc":{"Written by":"admin","Est. reading time":"2 minutes"},"schema":{"@context":"https:\/\/schema.org","@graph":[{"@type":"Article","@id":"https:\/\/fjala.info\/2009-2015\/si-perfunduam-te-au-crocodile\/#article","isPartOf":{"@id":"https:\/\/fjala.info\/2009-2015\/si-perfunduam-te-au-crocodile\/"},"author":{"name":"admin","@id":"https:\/\/fjala.info\/2009-2015\/#\/schema\/person\/3aa1163ef05469c496fc94e77611ada2"},"headline":"Si p\u00ebrfunduam te \u201cAu Crocodile\u201d","datePublished":"2010-05-22T21:32:09+00:00","mainEntityOfPage":{"@id":"https:\/\/fjala.info\/2009-2015\/si-perfunduam-te-au-crocodile\/"},"wordCount":449,"commentCount":0,"publisher":{"@id":"https:\/\/fjala.info\/2009-2015\/#organization"},"image":{"@id":"https:\/\/fjala.info\/2009-2015\/si-perfunduam-te-au-crocodile\/#primaryimage"},"thumbnailUrl":"http:\/\/www.shkoder.net\/images\/fjala\/alba_malltezi.jpg","articleSection":["Artikuj"],"inLanguage":"sq-AL","potentialAction":[{"@type":"CommentAction","name":"Comment","target":["https:\/\/fjala.info\/2009-2015\/si-perfunduam-te-au-crocodile\/#respond"]}]},{"@type":"WebPage","@id":"https:\/\/fjala.info\/2009-2015\/si-perfunduam-te-au-crocodile\/","url":"https:\/\/fjala.info\/2009-2015\/si-perfunduam-te-au-crocodile\/","name":"Si p\u00ebrfunduam te \u201cAu Crocodile\u201d - FjALA e LIR\u00cb - Arkivi","isPartOf":{"@id":"https:\/\/fjala.info\/2009-2015\/#website"},"primaryImageOfPage":{"@id":"https:\/\/fjala.info\/2009-2015\/si-perfunduam-te-au-crocodile\/#primaryimage"},"image":{"@id":"https:\/\/fjala.info\/2009-2015\/si-perfunduam-te-au-crocodile\/#primaryimage"},"thumbnailUrl":"http:\/\/www.shkoder.net\/images\/fjala\/alba_malltezi.jpg","datePublished":"2010-05-22T21:32:09+00:00","breadcrumb":{"@id":"https:\/\/fjala.info\/2009-2015\/si-perfunduam-te-au-crocodile\/#breadcrumb"},"inLanguage":"sq-AL","potentialAction":[{"@type":"ReadAction","target":["https:\/\/fjala.info\/2009-2015\/si-perfunduam-te-au-crocodile\/"]}]},{"@type":"ImageObject","inLanguage":"sq-AL","@id":"https:\/\/fjala.info\/2009-2015\/si-perfunduam-te-au-crocodile\/#primaryimage","url":"http:\/\/www.shkoder.net\/images\/fjala\/alba_malltezi.jpg","contentUrl":"http:\/\/www.shkoder.net\/images\/fjala\/alba_malltezi.jpg"},{"@type":"BreadcrumbList","@id":"https:\/\/fjala.info\/2009-2015\/si-perfunduam-te-au-crocodile\/#breadcrumb","itemListElement":[{"@type":"ListItem","position":1,"name":"Home","item":"https:\/\/fjala.info\/2009-2015\/"},{"@type":"ListItem","position":2,"name":"Si p\u00ebrfunduam te \u201cAu Crocodile\u201d"}]},{"@type":"WebSite","@id":"https:\/\/fjala.info\/2009-2015\/#website","url":"https:\/\/fjala.info\/2009-2015\/","name":"FjALA e LIR\u00cb - Arkivi","description":"Arkivi 2009-2015","publisher":{"@id":"https:\/\/fjala.info\/2009-2015\/#organization"},"potentialAction":[{"@type":"SearchAction","target":{"@type":"EntryPoint","urlTemplate":"https:\/\/fjala.info\/2009-2015\/?s={search_term_string}"},"query-input":{"@type":"PropertyValueSpecification","valueRequired":true,"valueName":"search_term_string"}}],"inLanguage":"sq-AL"},{"@type":"Organization","@id":"https:\/\/fjala.info\/2009-2015\/#organization","name":"FjALA e LIR\u00cb - Arkivi","url":"https:\/\/fjala.info\/2009-2015\/","logo":{"@type":"ImageObject","inLanguage":"sq-AL","@id":"https:\/\/fjala.info\/2009-2015\/#\/schema\/logo\/image\/","url":"","contentUrl":"","caption":"FjALA e LIR\u00cb - Arkivi"},"image":{"@id":"https:\/\/fjala.info\/2009-2015\/#\/schema\/logo\/image\/"}},{"@type":"Person","@id":"https:\/\/fjala.info\/2009-2015\/#\/schema\/person\/3aa1163ef05469c496fc94e77611ada2","name":"admin","image":{"@type":"ImageObject","inLanguage":"sq-AL","@id":"https:\/\/fjala.info\/2009-2015\/wp-content\/uploads\/2012\/02\/arben_cokaj-120x150.jpg","url":"https:\/\/fjala.info\/2009-2015\/wp-content\/uploads\/2012\/02\/arben_cokaj-120x150.jpg","contentUrl":"https:\/\/fjala.info\/2009-2015\/wp-content\/uploads\/2012\/02\/arben_cokaj-120x150.jpg","caption":"admin"},"description":"Admin, Fjala e Lir\u00eb","sameAs":["https:\/\/fjala.info\/"],"url":"https:\/\/fjala.info\/2009-2015\/author\/admin\/"}]}},"_links":{"self":[{"href":"https:\/\/fjala.info\/2009-2015\/wp-json\/wp\/v2\/posts\/2768","targetHints":{"allow":["GET"]}}],"collection":[{"href":"https:\/\/fjala.info\/2009-2015\/wp-json\/wp\/v2\/posts"}],"about":[{"href":"https:\/\/fjala.info\/2009-2015\/wp-json\/wp\/v2\/types\/post"}],"author":[{"embeddable":true,"href":"https:\/\/fjala.info\/2009-2015\/wp-json\/wp\/v2\/users\/1"}],"replies":[{"embeddable":true,"href":"https:\/\/fjala.info\/2009-2015\/wp-json\/wp\/v2\/comments?post=2768"}],"version-history":[{"count":0,"href":"https:\/\/fjala.info\/2009-2015\/wp-json\/wp\/v2\/posts\/2768\/revisions"}],"wp:attachment":[{"href":"https:\/\/fjala.info\/2009-2015\/wp-json\/wp\/v2\/media?parent=2768"}],"wp:term":[{"taxonomy":"category","embeddable":true,"href":"https:\/\/fjala.info\/2009-2015\/wp-json\/wp\/v2\/categories?post=2768"},{"taxonomy":"post_tag","embeddable":true,"href":"https:\/\/fjala.info\/2009-2015\/wp-json\/wp\/v2\/tags?post=2768"}],"curies":[{"name":"wp","href":"https:\/\/api.w.org\/{rel}","templated":true}]}}