{"id":2767,"date":"2012-05-04T16:16:23","date_gmt":"2012-05-04T15:16:23","guid":{"rendered":"http:\/\/fjala.shkoder.net\/?p=2767"},"modified":"2012-05-04T16:16:23","modified_gmt":"2012-05-04T15:16:23","slug":"klosi-requiem-shprese-vs-nje-kulture-vdekjeje","status":"publish","type":"post","link":"https:\/\/fjala.info\/2009-2015\/klosi-requiem-shprese-vs-nje-kulture-vdekjeje\/","title":{"rendered":"Klosi, requiem shprese vs nj\u00eb kulture vdekjeje"},"content":{"rendered":"<p><img decoding=\"async\" class=\"alignright size-thumbnail wp-image-7236\" title=\"Dom GJERGJ META\" src=\"http:\/\/www.shkoder.net\/2012\/dom_gjergj_meta.jpg\" alt=\"\" width=\"150\" \/> <strong>Dom GJERGJ META<\/strong><\/p>\n<p>Menj\u00ebher\u00eb sapo mora vesh vdekjen e Ardian Klosit, gj\u00ebja e par\u00eb q\u00eb b\u00ebra ishte nj\u00eb lutje p\u00ebr shpirtin e tij dhe n\u00eb wall-in tim t\u00eb Facebook-ut, pa th\u00ebn\u00eb se kujt ia kushtoj, vendosa nj\u00eb requiem t\u00eb Mozart-it (Lacrimosa) me k\u00ebto fjal\u00eb q\u00eb po i sjell n\u00eb latinisht (origjinali) dhe n\u00eb shqip (shqip\u00ebrimi im): Lacrimosa dies illa \/Qua resurget ex favilla \/Judicandus homo reus. \/Huic ergo parce, Deus:\/Pie Jesu Domine, \/Dona eis requiem. Amen<\/p>\n<blockquote><p>(<em>Mbush\u00eb me lot plot ajo dit\u00eb\/<br \/>\nKur prej zjarrit ka me u ngrit, \/<br \/>\nP\u00ebr me u gjyku njeriu fajtor. \/<br \/>\nPor ti kurseje o Hyj qiellor. \/<br \/>\nE ti o Jezus plot m\u00ebshirim, \/<br \/>\nJepu atyre (atij) t\u00ebndin pushim.\/<br \/>\nAmen<\/em>.).<\/p><\/blockquote>\n<p>E kisha takuar vet\u00ebm nj\u00eb her\u00eb pes\u00eb minuta, m\u00eb k\u00ebmb\u00eb, publicistin e njohur dhe gjithmon\u00eb e kam par\u00eb e d\u00ebgjuar nga larg. N\u00eb t\u00eb v\u00ebrtet\u00eb, p\u00ebr t\u00eb kan\u00eb shkruar dhe do t\u00eb vazhdojn\u00eb t\u00eb shkruajn\u00eb miq, t\u00eb af\u00ebrm e shum\u00eb t\u00eb tjer\u00eb q\u00eb e kan\u00eb admiruar Klosin p\u00ebr kontributin q\u00eb ka dh\u00ebn\u00eb. Un\u00eb nuk kam kompetenc\u00ebn e as q\u00ebllimin t\u00eb b\u00ebj nj\u00eb gj\u00eb t\u00eb till\u00eb.<\/p>\n<p>N\u00eb k\u00ebt\u00eb shkrim dua vet\u00ebm t\u00eb \u201cakuzoj\u201d, jo pa nj\u00eb far\u00eb keqardhjeje t\u00eb brendshme, nj\u00eb lloj histerie justifikuese jo kundrejt personit t\u00eb Ardian Klosit, por aktit t\u00eb vet\u00ebvrasjes. Po citoj disa th\u00ebnie t\u00eb k\u00ebtyre dit\u00ebve, q\u00eb n\u00eb goj\u00ebn e shum\u00eb personave publik\u00eb dhe me influenc\u00eb ting\u00ebllojn\u00eb p\u00ebrnj\u00ebmend problematike. Ja disa prej tyre: \u201cKlosi ka vdekur p\u00ebr ta parandaluar vdekjen, sepse ndonj\u00ebher\u00eb \u00ebsht\u00eb m\u00eb mir\u00eb t\u00eb vdes\u00ebsh p\u00ebr t\u00eb jetuar gjat\u00eb\u2026\u201d; \u201cArdian Klosi zgjodhi t\u00eb ik\u00eb p\u00ebr t\u00eb jetuar te vdekja\u201d; \u201cArdian Klosi e thirri vdekjen e tij, madje e b\u00ebri vet\u00eb, me nj\u00eb kuraj\u00eb mbinjer\u00ebzore apo me nj\u00eb leht\u00ebsi hyjnore \u2013 kush e di\u201d; \u201cDo ta kishte pasur shum\u00eb t\u00eb leht\u00eb Dani n\u00ebse do t\u00eb zgjidhte uj\u00ebrat e cek\u00ebta, rrymat konformiste, koret optimiste, por nuk mundej. Donte t\u00eb ishte vetvetja.<\/p>\n<p>Dhe mbeti vetvetja deri n\u00eb fund\u201d; \u201cKlosi iku n\u00eb nj\u00eb bot\u00eb ku ndoshta ndihet m\u00eb i qet\u00eb\u201d; \u201cU ndje i braktisur dhe n\u00eb braktisjen e tij, i fyer. Ishin shenjat e vendimit t\u00eb tij t\u00eb fundm\u00eb. Mos e merrni p\u00ebr dob\u00ebsi vetikjen e tij\u201d; \u201cNdoshta vulgariteti i fundit q\u00eb i refuzoi vetes ishte ta priste vdekjen n\u00eb shtrat\u201d.<\/p>\n<p>Ajo \u00e7ka bie n\u00eb sy \u00ebsht\u00eb nj\u00eb raport me vdekjen dhe me aktin e vet\u00ebvrasjes, i p\u00ebrshkuar thell\u00eb nga nj\u00eb kultur\u00eb nihiliste dhe ekzistencialiste. Kjo \u00ebsht\u00eb kultura e vdekjes. Dhe vulgariteti i v\u00ebrtet\u00eb nuk q\u00ebndron n\u00eb pritjen e vdekjes n\u00eb nj\u00eb shtrat, por n\u00eb justifikime t\u00eb till\u00eb t\u00eb aktit vet\u00ebvras\u00ebs. Nuk mund t\u2019i analizoj nj\u00eb e nga nj\u00eb t\u00eb gjitha k\u00ebto deklarime, q\u00eb n\u00eb t\u00eb v\u00ebrtet\u00eb do t\u2019ia vlente, por dua t\u00eb them se askush nuk mund ta gjykoj\u00eb Ardian Klosin, njeriun, personin e tij, por ama po aq askush nuk mund t\u00eb justifikoj\u00eb aktin vet\u00ebvras\u00ebs. Dhe ata q\u00eb e justifikojn\u00eb kan\u00eb arsye shum\u00eb vulgare. Duket sikur ky akt kthehet n\u00eb epilogun p\u00ebrfundimtar dhe n\u00eb modelin e nj\u00eb jete t\u00eb jetuar n\u00eb v\u00ebrtet\u00ebsi. N\u00ebse personi nuk duhet t\u00eb gjykohet, akti, nga ana tjet\u00ebr, nuk mund t\u00eb marr\u00eb trajt\u00ebn e modelit dhe t\u00eb etalonit me t\u00eb cilin duhet t\u00eb matemi.<\/p>\n<p>Sa njer\u00ebz p\u00ebrdit\u00eb p\u00ebrballen me moskuptimin, posht\u00ebrimin, vuajtjen, pamund\u00ebsin\u00eb, humbjen, err\u00ebsir\u00ebn, por jo t\u00eb gjith\u00eb ata, madje vet\u00ebm pak apo shum\u00eb pak prej tyre, vendosin t\u00eb ikin nga kjo bot\u00eb, sepse diku tjet\u00ebr ndoshta (kinse) u gjendkan m\u00eb mir\u00eb, m\u00eb n\u00eb paqe? Ejani nj\u00eb dit\u00eb n\u00eb Kamz\u00eb t\u2019ju njoh me Lek\u00ebn, q\u00eb para do koh\u00ebsh i vdiq e shoqja me tumor dhe i la kat\u00ebr f\u00ebmij\u00eb, m\u00eb t\u00eb madhen 10 vje\u00e7e, e ai nuk ka as pun\u00eb e as sht\u00ebpi.<\/p>\n<p>Ejani e takoni n\u00eb Kasall\u00eb Zefin 83-vje\u00e7ar prej Puke, q\u00eb punon gjith\u00eb nat\u00ebn p\u00ebr pes\u00ebqind lek\u00eb duke ruajtur nj\u00eb grumbull plehrash p\u00ebr t\u00eb mbajtur f\u00ebmij\u00ebt e djalit q\u00eb \u00ebsht\u00eb n\u00eb burg. Mund t\u2019ju prezantoj n\u00ebn\u00ebn dhe gruan e Pjetrit, q\u00eb i sh\u00ebrbejn\u00eb atij prej m\u00eb se gjasht\u00eb vjet\u00ebsh n\u00eb koma. Po duhet t\u00eb takoni edhe Vjollc\u00ebn nga Valiasi me kat\u00ebr f\u00ebmij\u00ebt e saj, nd\u00ebr t\u00eb cil\u00ebt Pjetri, i vogli, \u00ebsht\u00eb edhe autist e po i rrit e vetme n\u00eb nj\u00eb familje me 14 veta e vet\u00ebm me tre dhoma. E \u00e7do dit\u00eb k\u00ebta njer\u00ebz gjejn\u00eb motive jete e shtytje p\u00ebr t\u00eb ecur p\u00ebrpara, p\u00ebr t\u00eb mos u p\u00ebrkulur asnj\u00ebher\u00eb.<\/p>\n<p>Ne nuk mund t\u00eb jemi kaq nihilist\u00eb me jet\u00ebn. Ardian Klosi vari veten. Arsyet i dinte vet\u00ebm ai, por neve sot, e sidomos njer\u00ebz q\u00eb merren \u00e7do dit\u00eb me publikun, na takon t\u00eb japin mesazhet se jeta duhet ruajtur e jetuar deri n\u00eb fund, nj\u00eb fund q\u00eb duhet pritur dhe jo vet\u00ebdh\u00ebn\u00eb. Nuk mund t\u00eb ket\u00eb dy zgjidhje, sikurse shkroi dikush, \u201ct\u00eb gjesh forc\u00ebn t\u2019i qesh\u00ebsh n\u00eb sy atij q\u00eb t\u00eb p\u00ebrjashton, ose t\u00eb ik\u00ebsh p\u00ebrgjithmon\u00eb bashk\u00eb me shpresat e tua dhe t\u00eb t\u00eb tjer\u00ebve\u201d, por vet\u00ebm nj\u00eb, ajo p\u00ebr jet\u00ebn.<\/p>\n<p>I dashur Ardian, deri tani nuk e kisha me ty. Tani m\u00eb lejo t\u00eb them dy fjal\u00eb. Edhe pse nuk i p\u00ebrket grigj\u00ebs q\u00eb un\u00eb b\u00ebj pjes\u00eb, e di nga miqt\u00eb e tu se kishe shum\u00eb simpati p\u00ebr katolik\u00ebt dhe katolicizmin. Sot \u00ebsht\u00eb e diel! Dita e diel \u00ebsht\u00eb dita e diellit, e Zotit. Ajo \u00e7ka mund t\u00eb b\u00ebj p\u00ebr ty, edhe kur kori i justifikuesve t\u00eb vet\u00ebvrasjes t\u00eb ket\u00eb mbaruar, \u00ebsht\u00eb t\u00eb lutem. P\u00ebr ne katolik\u00ebt \u00ebsht\u00eb e diela e Bariut t\u00eb Mir\u00eb q\u00eb jep jet\u00ebn p\u00ebr delet e veta. Duke shpresuar q\u00eb n\u00eb dyert e amshimit t\u00eb ket\u00eb pritur Bariu i mir\u00eb, i vetmi i aft\u00eb p\u00ebr t\u00eb justifikuar, (p\u00ebr t\u00eb t\u00eb b\u00ebr\u00eb t\u00eb drejt\u00eb edhe n\u00ebse nuk je) m\u00ebshir\u00ebs s\u00eb Tij, n\u00eb p\u00ebrshpirtjet e mia, ia besoj shpirtin t\u00ebnd\u2026!<\/p>\n<p>http:\/\/lajme.shqiperia.com\/lajme\/artikull\/iden\/1047228180\/titulli\/Klosi-requiem-shprese-vs\u2013nje-kulture-vdekjeje<\/p>\n","protected":false},"excerpt":{"rendered":"<p>Dom GJERGJ META Menj\u00ebher\u00eb sapo mora vesh vdekjen e Ardian Klosit, gj\u00ebja e par\u00eb q\u00eb b\u00ebra ishte nj\u00eb lutje p\u00ebr shpirtin e tij dhe n\u00eb wall-in tim t\u00eb Facebook-ut, pa th\u00ebn\u00eb se kujt ia kushtoj, vendosa nj\u00eb requiem t\u00eb Mozart-it (Lacrimosa) me k\u00ebto fjal\u00eb q\u00eb po i sjell n\u00eb latinisht (origjinali) dhe n\u00eb shqip (shqip\u00ebrimi [&hellip;]<\/p>\n","protected":false},"author":1,"featured_media":0,"comment_status":"open","ping_status":"closed","sticky":false,"template":"","format":"standard","meta":{"footnotes":""},"categories":[2],"tags":[],"class_list":{"0":"post-2767","1":"post","2":"type-post","3":"status-publish","4":"format-standard","6":"category-artikuj"},"yoast_head":"<!-- This site is optimized with the Yoast SEO plugin v27.4 - https:\/\/yoast.com\/product\/yoast-seo-wordpress\/ -->\n<title>Klosi, requiem shprese vs nj\u00eb kulture vdekjeje - FjALA e LIR\u00cb - Arkivi<\/title>\n<meta name=\"robots\" content=\"index, follow, max-snippet:-1, max-image-preview:large, max-video-preview:-1\" \/>\n<link rel=\"canonical\" href=\"https:\/\/fjala.info\/2009-2015\/klosi-requiem-shprese-vs-nje-kulture-vdekjeje\/\" \/>\n<meta property=\"og:locale\" content=\"sq_AL\" \/>\n<meta property=\"og:type\" content=\"article\" \/>\n<meta property=\"og:title\" content=\"Klosi, requiem shprese vs nj\u00eb kulture vdekjeje - FjALA e LIR\u00cb - Arkivi\" \/>\n<meta property=\"og:description\" content=\"Dom GJERGJ META Menj\u00ebher\u00eb sapo mora vesh vdekjen e Ardian Klosit, gj\u00ebja e par\u00eb q\u00eb b\u00ebra ishte nj\u00eb lutje p\u00ebr shpirtin e tij dhe n\u00eb wall-in tim t\u00eb Facebook-ut, pa th\u00ebn\u00eb se kujt ia kushtoj, vendosa nj\u00eb requiem t\u00eb Mozart-it (Lacrimosa) me k\u00ebto fjal\u00eb q\u00eb po i sjell n\u00eb latinisht (origjinali) dhe n\u00eb shqip (shqip\u00ebrimi [&hellip;]\" \/>\n<meta property=\"og:url\" content=\"https:\/\/fjala.info\/2009-2015\/klosi-requiem-shprese-vs-nje-kulture-vdekjeje\/\" \/>\n<meta property=\"og:site_name\" content=\"FjALA e LIR\u00cb - Arkivi\" \/>\n<meta property=\"article:published_time\" content=\"2012-05-04T15:16:23+00:00\" \/>\n<meta property=\"og:image\" content=\"http:\/\/www.shkoder.net\/2012\/dom_gjergj_meta.jpg\" \/>\n<meta name=\"author\" content=\"admin\" \/>\n<meta name=\"twitter:card\" content=\"summary_large_image\" \/>\n<meta name=\"twitter:label1\" content=\"Written by\" \/>\n\t<meta name=\"twitter:data1\" content=\"admin\" \/>\n\t<meta name=\"twitter:label2\" content=\"Est. reading time\" \/>\n\t<meta name=\"twitter:data2\" content=\"5 minutes\" \/>\n<script type=\"application\/ld+json\" class=\"yoast-schema-graph\">{\"@context\":\"https:\\\/\\\/schema.org\",\"@graph\":[{\"@type\":\"Article\",\"@id\":\"https:\\\/\\\/fjala.info\\\/2009-2015\\\/klosi-requiem-shprese-vs-nje-kulture-vdekjeje\\\/#article\",\"isPartOf\":{\"@id\":\"https:\\\/\\\/fjala.info\\\/2009-2015\\\/klosi-requiem-shprese-vs-nje-kulture-vdekjeje\\\/\"},\"author\":{\"name\":\"admin\",\"@id\":\"https:\\\/\\\/fjala.info\\\/2009-2015\\\/#\\\/schema\\\/person\\\/3aa1163ef05469c496fc94e77611ada2\"},\"headline\":\"Klosi, requiem shprese vs nj\u00eb kulture vdekjeje\",\"datePublished\":\"2012-05-04T15:16:23+00:00\",\"mainEntityOfPage\":{\"@id\":\"https:\\\/\\\/fjala.info\\\/2009-2015\\\/klosi-requiem-shprese-vs-nje-kulture-vdekjeje\\\/\"},\"wordCount\":1081,\"commentCount\":0,\"publisher\":{\"@id\":\"https:\\\/\\\/fjala.info\\\/2009-2015\\\/#organization\"},\"image\":{\"@id\":\"https:\\\/\\\/fjala.info\\\/2009-2015\\\/klosi-requiem-shprese-vs-nje-kulture-vdekjeje\\\/#primaryimage\"},\"thumbnailUrl\":\"http:\\\/\\\/www.shkoder.net\\\/2012\\\/dom_gjergj_meta.jpg\",\"articleSection\":[\"Artikuj\"],\"inLanguage\":\"sq-AL\",\"potentialAction\":[{\"@type\":\"CommentAction\",\"name\":\"Comment\",\"target\":[\"https:\\\/\\\/fjala.info\\\/2009-2015\\\/klosi-requiem-shprese-vs-nje-kulture-vdekjeje\\\/#respond\"]}]},{\"@type\":\"WebPage\",\"@id\":\"https:\\\/\\\/fjala.info\\\/2009-2015\\\/klosi-requiem-shprese-vs-nje-kulture-vdekjeje\\\/\",\"url\":\"https:\\\/\\\/fjala.info\\\/2009-2015\\\/klosi-requiem-shprese-vs-nje-kulture-vdekjeje\\\/\",\"name\":\"Klosi, requiem shprese vs nj\u00eb kulture vdekjeje - FjALA e LIR\u00cb - Arkivi\",\"isPartOf\":{\"@id\":\"https:\\\/\\\/fjala.info\\\/2009-2015\\\/#website\"},\"primaryImageOfPage\":{\"@id\":\"https:\\\/\\\/fjala.info\\\/2009-2015\\\/klosi-requiem-shprese-vs-nje-kulture-vdekjeje\\\/#primaryimage\"},\"image\":{\"@id\":\"https:\\\/\\\/fjala.info\\\/2009-2015\\\/klosi-requiem-shprese-vs-nje-kulture-vdekjeje\\\/#primaryimage\"},\"thumbnailUrl\":\"http:\\\/\\\/www.shkoder.net\\\/2012\\\/dom_gjergj_meta.jpg\",\"datePublished\":\"2012-05-04T15:16:23+00:00\",\"breadcrumb\":{\"@id\":\"https:\\\/\\\/fjala.info\\\/2009-2015\\\/klosi-requiem-shprese-vs-nje-kulture-vdekjeje\\\/#breadcrumb\"},\"inLanguage\":\"sq-AL\",\"potentialAction\":[{\"@type\":\"ReadAction\",\"target\":[\"https:\\\/\\\/fjala.info\\\/2009-2015\\\/klosi-requiem-shprese-vs-nje-kulture-vdekjeje\\\/\"]}]},{\"@type\":\"ImageObject\",\"inLanguage\":\"sq-AL\",\"@id\":\"https:\\\/\\\/fjala.info\\\/2009-2015\\\/klosi-requiem-shprese-vs-nje-kulture-vdekjeje\\\/#primaryimage\",\"url\":\"http:\\\/\\\/www.shkoder.net\\\/2012\\\/dom_gjergj_meta.jpg\",\"contentUrl\":\"http:\\\/\\\/www.shkoder.net\\\/2012\\\/dom_gjergj_meta.jpg\"},{\"@type\":\"BreadcrumbList\",\"@id\":\"https:\\\/\\\/fjala.info\\\/2009-2015\\\/klosi-requiem-shprese-vs-nje-kulture-vdekjeje\\\/#breadcrumb\",\"itemListElement\":[{\"@type\":\"ListItem\",\"position\":1,\"name\":\"Home\",\"item\":\"https:\\\/\\\/fjala.info\\\/2009-2015\\\/\"},{\"@type\":\"ListItem\",\"position\":2,\"name\":\"Klosi, requiem shprese vs nj\u00eb kulture vdekjeje\"}]},{\"@type\":\"WebSite\",\"@id\":\"https:\\\/\\\/fjala.info\\\/2009-2015\\\/#website\",\"url\":\"https:\\\/\\\/fjala.info\\\/2009-2015\\\/\",\"name\":\"FjALA e LIR\u00cb - Arkivi\",\"description\":\"Arkivi 2009-2015\",\"publisher\":{\"@id\":\"https:\\\/\\\/fjala.info\\\/2009-2015\\\/#organization\"},\"potentialAction\":[{\"@type\":\"SearchAction\",\"target\":{\"@type\":\"EntryPoint\",\"urlTemplate\":\"https:\\\/\\\/fjala.info\\\/2009-2015\\\/?s={search_term_string}\"},\"query-input\":{\"@type\":\"PropertyValueSpecification\",\"valueRequired\":true,\"valueName\":\"search_term_string\"}}],\"inLanguage\":\"sq-AL\"},{\"@type\":\"Organization\",\"@id\":\"https:\\\/\\\/fjala.info\\\/2009-2015\\\/#organization\",\"name\":\"FjALA e LIR\u00cb - Arkivi\",\"url\":\"https:\\\/\\\/fjala.info\\\/2009-2015\\\/\",\"logo\":{\"@type\":\"ImageObject\",\"inLanguage\":\"sq-AL\",\"@id\":\"https:\\\/\\\/fjala.info\\\/2009-2015\\\/#\\\/schema\\\/logo\\\/image\\\/\",\"url\":\"\",\"contentUrl\":\"\",\"caption\":\"FjALA e LIR\u00cb - Arkivi\"},\"image\":{\"@id\":\"https:\\\/\\\/fjala.info\\\/2009-2015\\\/#\\\/schema\\\/logo\\\/image\\\/\"}},{\"@type\":\"Person\",\"@id\":\"https:\\\/\\\/fjala.info\\\/2009-2015\\\/#\\\/schema\\\/person\\\/3aa1163ef05469c496fc94e77611ada2\",\"name\":\"admin\",\"image\":{\"@type\":\"ImageObject\",\"inLanguage\":\"sq-AL\",\"@id\":\"https:\\\/\\\/fjala.info\\\/2009-2015\\\/wp-content\\\/uploads\\\/2012\\\/02\\\/arben_cokaj-120x150.jpg\",\"url\":\"https:\\\/\\\/fjala.info\\\/2009-2015\\\/wp-content\\\/uploads\\\/2012\\\/02\\\/arben_cokaj-120x150.jpg\",\"contentUrl\":\"https:\\\/\\\/fjala.info\\\/2009-2015\\\/wp-content\\\/uploads\\\/2012\\\/02\\\/arben_cokaj-120x150.jpg\",\"caption\":\"admin\"},\"description\":\"Admin, Fjala e Lir\u00eb\",\"sameAs\":[\"https:\\\/\\\/fjala.info\\\/\"],\"url\":\"https:\\\/\\\/fjala.info\\\/2009-2015\\\/author\\\/admin\\\/\"}]}<\/script>\n<!-- \/ Yoast SEO plugin. -->","yoast_head_json":{"title":"Klosi, requiem shprese vs nj\u00eb kulture vdekjeje - FjALA e LIR\u00cb - Arkivi","robots":{"index":"index","follow":"follow","max-snippet":"max-snippet:-1","max-image-preview":"max-image-preview:large","max-video-preview":"max-video-preview:-1"},"canonical":"https:\/\/fjala.info\/2009-2015\/klosi-requiem-shprese-vs-nje-kulture-vdekjeje\/","og_locale":"sq_AL","og_type":"article","og_title":"Klosi, requiem shprese vs nj\u00eb kulture vdekjeje - FjALA e LIR\u00cb - Arkivi","og_description":"Dom GJERGJ META Menj\u00ebher\u00eb sapo mora vesh vdekjen e Ardian Klosit, gj\u00ebja e par\u00eb q\u00eb b\u00ebra ishte nj\u00eb lutje p\u00ebr shpirtin e tij dhe n\u00eb wall-in tim t\u00eb Facebook-ut, pa th\u00ebn\u00eb se kujt ia kushtoj, vendosa nj\u00eb requiem t\u00eb Mozart-it (Lacrimosa) me k\u00ebto fjal\u00eb q\u00eb po i sjell n\u00eb latinisht (origjinali) dhe n\u00eb shqip (shqip\u00ebrimi [&hellip;]","og_url":"https:\/\/fjala.info\/2009-2015\/klosi-requiem-shprese-vs-nje-kulture-vdekjeje\/","og_site_name":"FjALA e LIR\u00cb - Arkivi","article_published_time":"2012-05-04T15:16:23+00:00","og_image":[{"url":"http:\/\/www.shkoder.net\/2012\/dom_gjergj_meta.jpg","type":"","width":"","height":""}],"author":"admin","twitter_card":"summary_large_image","twitter_misc":{"Written by":"admin","Est. reading time":"5 minutes"},"schema":{"@context":"https:\/\/schema.org","@graph":[{"@type":"Article","@id":"https:\/\/fjala.info\/2009-2015\/klosi-requiem-shprese-vs-nje-kulture-vdekjeje\/#article","isPartOf":{"@id":"https:\/\/fjala.info\/2009-2015\/klosi-requiem-shprese-vs-nje-kulture-vdekjeje\/"},"author":{"name":"admin","@id":"https:\/\/fjala.info\/2009-2015\/#\/schema\/person\/3aa1163ef05469c496fc94e77611ada2"},"headline":"Klosi, requiem shprese vs nj\u00eb kulture vdekjeje","datePublished":"2012-05-04T15:16:23+00:00","mainEntityOfPage":{"@id":"https:\/\/fjala.info\/2009-2015\/klosi-requiem-shprese-vs-nje-kulture-vdekjeje\/"},"wordCount":1081,"commentCount":0,"publisher":{"@id":"https:\/\/fjala.info\/2009-2015\/#organization"},"image":{"@id":"https:\/\/fjala.info\/2009-2015\/klosi-requiem-shprese-vs-nje-kulture-vdekjeje\/#primaryimage"},"thumbnailUrl":"http:\/\/www.shkoder.net\/2012\/dom_gjergj_meta.jpg","articleSection":["Artikuj"],"inLanguage":"sq-AL","potentialAction":[{"@type":"CommentAction","name":"Comment","target":["https:\/\/fjala.info\/2009-2015\/klosi-requiem-shprese-vs-nje-kulture-vdekjeje\/#respond"]}]},{"@type":"WebPage","@id":"https:\/\/fjala.info\/2009-2015\/klosi-requiem-shprese-vs-nje-kulture-vdekjeje\/","url":"https:\/\/fjala.info\/2009-2015\/klosi-requiem-shprese-vs-nje-kulture-vdekjeje\/","name":"Klosi, requiem shprese vs nj\u00eb kulture vdekjeje - FjALA e LIR\u00cb - Arkivi","isPartOf":{"@id":"https:\/\/fjala.info\/2009-2015\/#website"},"primaryImageOfPage":{"@id":"https:\/\/fjala.info\/2009-2015\/klosi-requiem-shprese-vs-nje-kulture-vdekjeje\/#primaryimage"},"image":{"@id":"https:\/\/fjala.info\/2009-2015\/klosi-requiem-shprese-vs-nje-kulture-vdekjeje\/#primaryimage"},"thumbnailUrl":"http:\/\/www.shkoder.net\/2012\/dom_gjergj_meta.jpg","datePublished":"2012-05-04T15:16:23+00:00","breadcrumb":{"@id":"https:\/\/fjala.info\/2009-2015\/klosi-requiem-shprese-vs-nje-kulture-vdekjeje\/#breadcrumb"},"inLanguage":"sq-AL","potentialAction":[{"@type":"ReadAction","target":["https:\/\/fjala.info\/2009-2015\/klosi-requiem-shprese-vs-nje-kulture-vdekjeje\/"]}]},{"@type":"ImageObject","inLanguage":"sq-AL","@id":"https:\/\/fjala.info\/2009-2015\/klosi-requiem-shprese-vs-nje-kulture-vdekjeje\/#primaryimage","url":"http:\/\/www.shkoder.net\/2012\/dom_gjergj_meta.jpg","contentUrl":"http:\/\/www.shkoder.net\/2012\/dom_gjergj_meta.jpg"},{"@type":"BreadcrumbList","@id":"https:\/\/fjala.info\/2009-2015\/klosi-requiem-shprese-vs-nje-kulture-vdekjeje\/#breadcrumb","itemListElement":[{"@type":"ListItem","position":1,"name":"Home","item":"https:\/\/fjala.info\/2009-2015\/"},{"@type":"ListItem","position":2,"name":"Klosi, requiem shprese vs nj\u00eb kulture vdekjeje"}]},{"@type":"WebSite","@id":"https:\/\/fjala.info\/2009-2015\/#website","url":"https:\/\/fjala.info\/2009-2015\/","name":"FjALA e LIR\u00cb - Arkivi","description":"Arkivi 2009-2015","publisher":{"@id":"https:\/\/fjala.info\/2009-2015\/#organization"},"potentialAction":[{"@type":"SearchAction","target":{"@type":"EntryPoint","urlTemplate":"https:\/\/fjala.info\/2009-2015\/?s={search_term_string}"},"query-input":{"@type":"PropertyValueSpecification","valueRequired":true,"valueName":"search_term_string"}}],"inLanguage":"sq-AL"},{"@type":"Organization","@id":"https:\/\/fjala.info\/2009-2015\/#organization","name":"FjALA e LIR\u00cb - Arkivi","url":"https:\/\/fjala.info\/2009-2015\/","logo":{"@type":"ImageObject","inLanguage":"sq-AL","@id":"https:\/\/fjala.info\/2009-2015\/#\/schema\/logo\/image\/","url":"","contentUrl":"","caption":"FjALA e LIR\u00cb - Arkivi"},"image":{"@id":"https:\/\/fjala.info\/2009-2015\/#\/schema\/logo\/image\/"}},{"@type":"Person","@id":"https:\/\/fjala.info\/2009-2015\/#\/schema\/person\/3aa1163ef05469c496fc94e77611ada2","name":"admin","image":{"@type":"ImageObject","inLanguage":"sq-AL","@id":"https:\/\/fjala.info\/2009-2015\/wp-content\/uploads\/2012\/02\/arben_cokaj-120x150.jpg","url":"https:\/\/fjala.info\/2009-2015\/wp-content\/uploads\/2012\/02\/arben_cokaj-120x150.jpg","contentUrl":"https:\/\/fjala.info\/2009-2015\/wp-content\/uploads\/2012\/02\/arben_cokaj-120x150.jpg","caption":"admin"},"description":"Admin, Fjala e Lir\u00eb","sameAs":["https:\/\/fjala.info\/"],"url":"https:\/\/fjala.info\/2009-2015\/author\/admin\/"}]}},"_links":{"self":[{"href":"https:\/\/fjala.info\/2009-2015\/wp-json\/wp\/v2\/posts\/2767","targetHints":{"allow":["GET"]}}],"collection":[{"href":"https:\/\/fjala.info\/2009-2015\/wp-json\/wp\/v2\/posts"}],"about":[{"href":"https:\/\/fjala.info\/2009-2015\/wp-json\/wp\/v2\/types\/post"}],"author":[{"embeddable":true,"href":"https:\/\/fjala.info\/2009-2015\/wp-json\/wp\/v2\/users\/1"}],"replies":[{"embeddable":true,"href":"https:\/\/fjala.info\/2009-2015\/wp-json\/wp\/v2\/comments?post=2767"}],"version-history":[{"count":0,"href":"https:\/\/fjala.info\/2009-2015\/wp-json\/wp\/v2\/posts\/2767\/revisions"}],"wp:attachment":[{"href":"https:\/\/fjala.info\/2009-2015\/wp-json\/wp\/v2\/media?parent=2767"}],"wp:term":[{"taxonomy":"category","embeddable":true,"href":"https:\/\/fjala.info\/2009-2015\/wp-json\/wp\/v2\/categories?post=2767"},{"taxonomy":"post_tag","embeddable":true,"href":"https:\/\/fjala.info\/2009-2015\/wp-json\/wp\/v2\/tags?post=2767"}],"curies":[{"name":"wp","href":"https:\/\/api.w.org\/{rel}","templated":true}]}}