{"id":2766,"date":"2010-05-22T10:08:58","date_gmt":"2010-05-22T09:08:58","guid":{"rendered":"http:\/\/fjala.shkoder.net\/?p=2766"},"modified":"2010-05-22T10:08:58","modified_gmt":"2010-05-22T09:08:58","slug":"berisha-po-larteson-kundershtaret-duke-njollosur-te-djathten","status":"publish","type":"post","link":"https:\/\/fjala.info\/2009-2015\/berisha-po-larteson-kundershtaret-duke-njollosur-te-djathten\/","title":{"rendered":"Berisha po lart\u00ebson kund\u00ebrshtar\u00ebt duke njollosur t\u00eb djatht\u00ebn"},"content":{"rendered":"<p><img decoding=\"async\" style=\"margin-left: 10px; margin-right: 10px; border: 0px;\" src=\"http:\/\/www.shkoder.net\/images\/fjala\/mero_baze1.jpg\" border=\"0\" alt=\"Mero Baze\" width=\"100\" align=\"right\" \/><\/p>\n<p>Nga <strong>Mero Baze<\/strong>, &#8220;<em>Faktori Plus<\/em>&#8221;<\/p>\n<p>Bashkimi Evropian do t\u00eb duhet t\u00eb harxhoj\u00eb ende energji dhe koh\u00eb p\u00ebr t\u00eb bindur kryeministrin e vendit Sali Berisha t\u00eb pranoj\u00eb procesin e transparenc\u00ebs s\u00eb zgjedhjeve n\u00eb Shqip\u00ebri dhe t\u00eb nd\u00ebrtoj\u00eb nj\u00eb kuad\u00ebr ligjor q\u00eb n\u00eb t\u00eb ardhmen \u00e7do hetim p\u00ebr transparenc\u00ebn e zgjedhjeve t\u00eb jet\u00eb e drejt\u00eb e ligjshme p\u00ebr opozit\u00ebn. Takimi i Strasburgut, nga i cili shpresohej nj\u00eb rezultat i shpejt\u00eb, nuk arriti t\u00eb bind\u00eb pal\u00ebt p\u00ebr kuadrin e marr\u00ebveshjes, q\u00eb edhe m\u00eb par\u00eb ishte propozuar nga nd\u00ebrkomb\u00ebtar\u00ebt. <\/p>\n<p>Thelbi i kund\u00ebrshtis\u00eb ka t\u00eb b\u00ebj\u00eb me vendosm\u00ebrin\u00eb e Sali Berish\u00ebs p\u00ebr t\u00eb mos lejuar prekjen e flet\u00ebve t\u00eb votimit. N\u00eb arsyetimet e tij, ai bazohet tek interpretimi personal q\u00eb i b\u00ebn Kushtetut\u00ebs sa i p\u00ebrket hetimit t\u00eb flet\u00ebve t\u00eb votimit dhe n\u00eb interpretimin personal q\u00eb i b\u00ebn Kodit Zgjedhor kur i referohet hetimit t\u00eb materialeve zgjedhore. Dy jan\u00eb tezat kontradiktore t\u00eb Sali Berish\u00ebs. <\/p>\n<p>S\u00eb pari, q\u00eb Kushtetuta nuk lejon hetimin e zgjedhjeve dhe s\u00eb dyti, n\u00ebse hetohen materialet zgjedhore, t\u00eb cilat jan\u00eb dokumente arkivi, duhet t\u00eb digjen flet\u00ebt e votimit. Kjo \u00ebsht\u00eb nj\u00ebsoj sikur t\u00eb lejosh nj\u00eb hetim p\u00ebr nj\u00eb vrasje me kusht q\u00eb m\u00eb par\u00eb t\u00eb lejosh autorin e vrasjes t\u00eb djeg\u00eb provat e krimit. Me k\u00ebto nonsense ligjore dhe politike, ai ka mbajtur dje t\u00eb bllokuara n\u00eb Strasburg bisedimet p\u00ebr procesin e transparenc\u00ebs s\u00eb zgjedhjeve n\u00eb Shqip\u00ebri. Nuk dua t\u00eb flas tanim\u00eb p\u00ebr pasojat q\u00eb ka q\u00ebndrimi i Berish\u00ebs p\u00ebr vendin. <\/p>\n<p>Shpresoj q\u00eb liberalizmi i vizave t\u00eb mos mbahet peng nga ky vendim i tij. Shpresoj po ashtu q\u00eb dhe problemet me integrimin e vendit t\u00eb tejkalohen. Por \u00ebsht\u00eb nj\u00eb gj\u00eb q\u00eb nuk ka p\u00ebr t\u2019u tejkaluar kurr\u00eb dhe q\u00eb Berisha po ia l\u00eb njoll\u00eb t\u00eb djatht\u00ebs shqiptare. \u00cbsht\u00eb e pafalshme q\u00eb ajo forc\u00eb politike, e cila ka ndryshuar historin\u00eb e Shqip\u00ebris\u00eb, 20 vite m\u00eb pas t\u2019i jap\u00eb opozit\u00ebs s\u00eb majt\u00eb, q\u00eb ka trash\u00ebgimin\u00eb politike t\u00eb Partis\u00eb s\u00eb Pun\u00ebs, lavdin\u00eb e betej\u00ebs p\u00ebr zgjedhje t\u00eb lira n\u00eb vend. N\u00ebse ka nj\u00eb njeri q\u00eb ka ndihmuar dhe po ndihmon ish-komunist\u00ebt shqiptar\u00eb t\u00eb rehabilitohen t\u00ebr\u00ebsisht n\u00eb syt\u00eb e bot\u00ebs dhe shqiptar\u00ebve, ai \u00ebsht\u00eb Sali Berisha, pasi ai ka pastruar p\u00ebrfundimisht dhe i ka dh\u00ebn\u00eb vlerat e nj\u00eb force politike per\u00ebndimore nj\u00eb force politike, e cila ka problem me historin\u00eb e saj. <\/p>\n<p>Sali Berisha, i cili k\u00ebrkon t\u00eb luftoj\u00eb kund\u00ebrshtar\u00ebt e vet me histori komunist\u00ebsh dhe sekretar\u00ebsh partie, n\u00eb t\u00eb v\u00ebrtet\u00eb i ka kthyer ata n\u00eb tribun\u00eb t\u00eb vot\u00ebs s\u00eb lir\u00eb n\u00eb Shqip\u00ebri, duke i b\u00ebr\u00eb k\u00ebshtu nj\u00eb atentat t\u00eb r\u00ebnd\u00eb forc\u00ebs s\u00eb tij politike ose s\u00eb paku trash\u00ebgimis\u00eb politike t\u00eb saj. P\u00ebr 12 vite rresht q\u00eb nga viti 1996, Sali Berisha po kthen n\u00eb luft\u00ebtar\u00eb t\u00eb vot\u00ebs s\u00eb lir\u00eb n\u00eb k\u00ebt\u00eb vend ish-komunist\u00ebt, duke njollosur padrejt\u00ebsisht t\u00eb djatht\u00ebn shqiptare si hajdute votash n\u00eb k\u00ebt\u00eb vend. Dhe kur mendon se gjith\u00eb k\u00ebt\u00eb rivler\u00ebsim p\u00ebr t\u00eb majt\u00ebn dhe balt\u00eb p\u00ebr t\u00eb djatht\u00ebn e b\u00ebn vet\u00ebm p\u00ebr interesa t\u00eb veta dhe familjes s\u00eb tij, q\u00eb ka zaptuar nd\u00ebrkoh\u00eb Shqip\u00ebrin\u00eb, bilanci ngjan dhe m\u00eb i hidhur.<\/p>\n<p> Ne sot nuk kemi ende nj\u00eb bilanc nga beteja e opozit\u00ebs p\u00ebr zgjedhje t\u00eb lira dhe garantimin e transparenc\u00ebs s\u00eb tyre, por kemi p\u00ebrpara t\u00eb gjith\u00eb nj\u00eb penges\u00eb q\u00eb e tregojm\u00eb me gisht dhe ai \u00ebsht\u00eb Sali Berisha, fatkeq\u00ebsisht lideri i asaj force politike q\u00eb solli pluralizmin dhe lirin\u00eb e zgjedhjeve n\u00eb vend. 20 vite m\u00eb pas, e djathta shqiptare po njollos historin\u00eb e saj dhe po lart\u00ebson biografin\u00eb e kund\u00ebrshtar\u00ebve, me nj\u00eb betej\u00eb t\u00eb shpikur vet\u00ebm p\u00ebr interesin personale dhe familjar t\u00eb Sali Berish\u00ebs, i cili n\u00eb em\u00ebr t\u00eb frik\u00ebs nga gjykimi i t\u00eb birit prej drejt\u00ebsis\u00eb shqiptare, n\u00eb em\u00ebr t\u00eb panikut nga humbja e bizneseve t\u00eb vajz\u00ebs dhe n\u00eb em\u00ebr t\u00eb ruajtjes me \u00e7do kusht t\u00eb pushtetit t\u00eb personal, po njollos t\u00eb djatht\u00ebn shqiptare dhe po b\u00ebn lidershipin e opozit\u00ebs s\u00eb majt\u00eb kalor\u00ebse t\u00eb zgjedhjeve t\u00eb lira dhe transparenc\u00ebs s\u00eb tyre n\u00eb Shqip\u00ebri. <\/p>\n<p>E ritheksoj, q\u00eb Shqip\u00ebria mund t\u2019ia dal\u00eb dhe t\u00eb mos penalizohet nga ky akt i Sali Berish\u00ebs, por e djathta dhe njer\u00ebzit q\u00eb jan\u00eb burgosur p\u00ebr lirin\u00eb e fjal\u00ebs dhe vot\u00ebs n\u00eb k\u00ebt\u00eb vend, jan\u00eb njollosur nd\u00ebrkoh\u00eb n\u00eb em\u00ebr t\u00eb pushtetit personal dhe familjar t\u00eb Sali Berish\u00ebs.<\/p>\n","protected":false},"excerpt":{"rendered":"<p>Nga Mero Baze, &#8220;Faktori Plus&#8221; Bashkimi Evropian do t\u00eb duhet t\u00eb harxhoj\u00eb ende energji dhe koh\u00eb p\u00ebr t\u00eb bindur kryeministrin e vendit Sali Berisha t\u00eb pranoj\u00eb procesin e transparenc\u00ebs s\u00eb zgjedhjeve n\u00eb Shqip\u00ebri dhe t\u00eb nd\u00ebrtoj\u00eb nj\u00eb kuad\u00ebr ligjor q\u00eb n\u00eb t\u00eb ardhmen \u00e7do hetim p\u00ebr transparenc\u00ebn e zgjedhjeve t\u00eb jet\u00eb e drejt\u00eb e ligjshme [&hellip;]<\/p>\n","protected":false},"author":1,"featured_media":0,"comment_status":"open","ping_status":"closed","sticky":false,"template":"","format":"standard","meta":{"footnotes":""},"categories":[2],"tags":[],"class_list":{"0":"post-2766","1":"post","2":"type-post","3":"status-publish","4":"format-standard","6":"category-artikuj"},"yoast_head":"<!-- This site is optimized with the Yoast SEO plugin v27.4 - https:\/\/yoast.com\/product\/yoast-seo-wordpress\/ -->\n<title>Berisha po lart\u00ebson kund\u00ebrshtar\u00ebt duke njollosur t\u00eb djatht\u00ebn - FjALA e LIR\u00cb - Arkivi<\/title>\n<meta name=\"robots\" content=\"index, follow, max-snippet:-1, max-image-preview:large, max-video-preview:-1\" \/>\n<link rel=\"canonical\" href=\"https:\/\/fjala.info\/2009-2015\/berisha-po-larteson-kundershtaret-duke-njollosur-te-djathten\/\" \/>\n<meta property=\"og:locale\" content=\"sq_AL\" \/>\n<meta property=\"og:type\" content=\"article\" \/>\n<meta property=\"og:title\" content=\"Berisha po lart\u00ebson kund\u00ebrshtar\u00ebt duke njollosur t\u00eb djatht\u00ebn - FjALA e LIR\u00cb - Arkivi\" \/>\n<meta property=\"og:description\" content=\"Nga Mero Baze, &#8220;Faktori Plus&#8221; Bashkimi Evropian do t\u00eb duhet t\u00eb harxhoj\u00eb ende energji dhe koh\u00eb p\u00ebr t\u00eb bindur kryeministrin e vendit Sali Berisha t\u00eb pranoj\u00eb procesin e transparenc\u00ebs s\u00eb zgjedhjeve n\u00eb Shqip\u00ebri dhe t\u00eb nd\u00ebrtoj\u00eb nj\u00eb kuad\u00ebr ligjor q\u00eb n\u00eb t\u00eb ardhmen \u00e7do hetim p\u00ebr transparenc\u00ebn e zgjedhjeve t\u00eb jet\u00eb e drejt\u00eb e ligjshme [&hellip;]\" \/>\n<meta property=\"og:url\" content=\"https:\/\/fjala.info\/2009-2015\/berisha-po-larteson-kundershtaret-duke-njollosur-te-djathten\/\" \/>\n<meta property=\"og:site_name\" content=\"FjALA e LIR\u00cb - Arkivi\" \/>\n<meta property=\"article:published_time\" content=\"2010-05-22T09:08:58+00:00\" \/>\n<meta property=\"og:image\" content=\"http:\/\/www.shkoder.net\/images\/fjala\/mero_baze1.jpg\" \/>\n<meta name=\"author\" content=\"admin\" \/>\n<meta name=\"twitter:card\" content=\"summary_large_image\" \/>\n<meta name=\"twitter:label1\" content=\"Written by\" \/>\n\t<meta name=\"twitter:data1\" content=\"admin\" \/>\n\t<meta name=\"twitter:label2\" content=\"Est. reading time\" \/>\n\t<meta name=\"twitter:data2\" content=\"4 minutes\" \/>\n<script type=\"application\/ld+json\" class=\"yoast-schema-graph\">{\"@context\":\"https:\\\/\\\/schema.org\",\"@graph\":[{\"@type\":\"Article\",\"@id\":\"https:\\\/\\\/fjala.info\\\/2009-2015\\\/berisha-po-larteson-kundershtaret-duke-njollosur-te-djathten\\\/#article\",\"isPartOf\":{\"@id\":\"https:\\\/\\\/fjala.info\\\/2009-2015\\\/berisha-po-larteson-kundershtaret-duke-njollosur-te-djathten\\\/\"},\"author\":{\"name\":\"admin\",\"@id\":\"https:\\\/\\\/fjala.info\\\/2009-2015\\\/#\\\/schema\\\/person\\\/3aa1163ef05469c496fc94e77611ada2\"},\"headline\":\"Berisha po lart\u00ebson kund\u00ebrshtar\u00ebt duke njollosur t\u00eb djatht\u00ebn\",\"datePublished\":\"2010-05-22T09:08:58+00:00\",\"mainEntityOfPage\":{\"@id\":\"https:\\\/\\\/fjala.info\\\/2009-2015\\\/berisha-po-larteson-kundershtaret-duke-njollosur-te-djathten\\\/\"},\"wordCount\":822,\"commentCount\":0,\"publisher\":{\"@id\":\"https:\\\/\\\/fjala.info\\\/2009-2015\\\/#organization\"},\"image\":{\"@id\":\"https:\\\/\\\/fjala.info\\\/2009-2015\\\/berisha-po-larteson-kundershtaret-duke-njollosur-te-djathten\\\/#primaryimage\"},\"thumbnailUrl\":\"http:\\\/\\\/www.shkoder.net\\\/images\\\/fjala\\\/mero_baze1.jpg\",\"articleSection\":[\"Artikuj\"],\"inLanguage\":\"sq-AL\",\"potentialAction\":[{\"@type\":\"CommentAction\",\"name\":\"Comment\",\"target\":[\"https:\\\/\\\/fjala.info\\\/2009-2015\\\/berisha-po-larteson-kundershtaret-duke-njollosur-te-djathten\\\/#respond\"]}]},{\"@type\":\"WebPage\",\"@id\":\"https:\\\/\\\/fjala.info\\\/2009-2015\\\/berisha-po-larteson-kundershtaret-duke-njollosur-te-djathten\\\/\",\"url\":\"https:\\\/\\\/fjala.info\\\/2009-2015\\\/berisha-po-larteson-kundershtaret-duke-njollosur-te-djathten\\\/\",\"name\":\"Berisha po lart\u00ebson kund\u00ebrshtar\u00ebt duke njollosur t\u00eb djatht\u00ebn - FjALA e LIR\u00cb - Arkivi\",\"isPartOf\":{\"@id\":\"https:\\\/\\\/fjala.info\\\/2009-2015\\\/#website\"},\"primaryImageOfPage\":{\"@id\":\"https:\\\/\\\/fjala.info\\\/2009-2015\\\/berisha-po-larteson-kundershtaret-duke-njollosur-te-djathten\\\/#primaryimage\"},\"image\":{\"@id\":\"https:\\\/\\\/fjala.info\\\/2009-2015\\\/berisha-po-larteson-kundershtaret-duke-njollosur-te-djathten\\\/#primaryimage\"},\"thumbnailUrl\":\"http:\\\/\\\/www.shkoder.net\\\/images\\\/fjala\\\/mero_baze1.jpg\",\"datePublished\":\"2010-05-22T09:08:58+00:00\",\"breadcrumb\":{\"@id\":\"https:\\\/\\\/fjala.info\\\/2009-2015\\\/berisha-po-larteson-kundershtaret-duke-njollosur-te-djathten\\\/#breadcrumb\"},\"inLanguage\":\"sq-AL\",\"potentialAction\":[{\"@type\":\"ReadAction\",\"target\":[\"https:\\\/\\\/fjala.info\\\/2009-2015\\\/berisha-po-larteson-kundershtaret-duke-njollosur-te-djathten\\\/\"]}]},{\"@type\":\"ImageObject\",\"inLanguage\":\"sq-AL\",\"@id\":\"https:\\\/\\\/fjala.info\\\/2009-2015\\\/berisha-po-larteson-kundershtaret-duke-njollosur-te-djathten\\\/#primaryimage\",\"url\":\"http:\\\/\\\/www.shkoder.net\\\/images\\\/fjala\\\/mero_baze1.jpg\",\"contentUrl\":\"http:\\\/\\\/www.shkoder.net\\\/images\\\/fjala\\\/mero_baze1.jpg\"},{\"@type\":\"BreadcrumbList\",\"@id\":\"https:\\\/\\\/fjala.info\\\/2009-2015\\\/berisha-po-larteson-kundershtaret-duke-njollosur-te-djathten\\\/#breadcrumb\",\"itemListElement\":[{\"@type\":\"ListItem\",\"position\":1,\"name\":\"Home\",\"item\":\"https:\\\/\\\/fjala.info\\\/2009-2015\\\/\"},{\"@type\":\"ListItem\",\"position\":2,\"name\":\"Berisha po lart\u00ebson kund\u00ebrshtar\u00ebt duke njollosur t\u00eb djatht\u00ebn\"}]},{\"@type\":\"WebSite\",\"@id\":\"https:\\\/\\\/fjala.info\\\/2009-2015\\\/#website\",\"url\":\"https:\\\/\\\/fjala.info\\\/2009-2015\\\/\",\"name\":\"FjALA e LIR\u00cb - Arkivi\",\"description\":\"Arkivi 2009-2015\",\"publisher\":{\"@id\":\"https:\\\/\\\/fjala.info\\\/2009-2015\\\/#organization\"},\"potentialAction\":[{\"@type\":\"SearchAction\",\"target\":{\"@type\":\"EntryPoint\",\"urlTemplate\":\"https:\\\/\\\/fjala.info\\\/2009-2015\\\/?s={search_term_string}\"},\"query-input\":{\"@type\":\"PropertyValueSpecification\",\"valueRequired\":true,\"valueName\":\"search_term_string\"}}],\"inLanguage\":\"sq-AL\"},{\"@type\":\"Organization\",\"@id\":\"https:\\\/\\\/fjala.info\\\/2009-2015\\\/#organization\",\"name\":\"FjALA e LIR\u00cb - Arkivi\",\"url\":\"https:\\\/\\\/fjala.info\\\/2009-2015\\\/\",\"logo\":{\"@type\":\"ImageObject\",\"inLanguage\":\"sq-AL\",\"@id\":\"https:\\\/\\\/fjala.info\\\/2009-2015\\\/#\\\/schema\\\/logo\\\/image\\\/\",\"url\":\"\",\"contentUrl\":\"\",\"caption\":\"FjALA e LIR\u00cb - Arkivi\"},\"image\":{\"@id\":\"https:\\\/\\\/fjala.info\\\/2009-2015\\\/#\\\/schema\\\/logo\\\/image\\\/\"}},{\"@type\":\"Person\",\"@id\":\"https:\\\/\\\/fjala.info\\\/2009-2015\\\/#\\\/schema\\\/person\\\/3aa1163ef05469c496fc94e77611ada2\",\"name\":\"admin\",\"image\":{\"@type\":\"ImageObject\",\"inLanguage\":\"sq-AL\",\"@id\":\"https:\\\/\\\/fjala.info\\\/2009-2015\\\/wp-content\\\/uploads\\\/2012\\\/02\\\/arben_cokaj-120x150.jpg\",\"url\":\"https:\\\/\\\/fjala.info\\\/2009-2015\\\/wp-content\\\/uploads\\\/2012\\\/02\\\/arben_cokaj-120x150.jpg\",\"contentUrl\":\"https:\\\/\\\/fjala.info\\\/2009-2015\\\/wp-content\\\/uploads\\\/2012\\\/02\\\/arben_cokaj-120x150.jpg\",\"caption\":\"admin\"},\"description\":\"Admin, Fjala e Lir\u00eb\",\"sameAs\":[\"https:\\\/\\\/fjala.info\\\/\"],\"url\":\"https:\\\/\\\/fjala.info\\\/2009-2015\\\/author\\\/admin\\\/\"}]}<\/script>\n<!-- \/ Yoast SEO plugin. -->","yoast_head_json":{"title":"Berisha po lart\u00ebson kund\u00ebrshtar\u00ebt duke njollosur t\u00eb djatht\u00ebn - FjALA e LIR\u00cb - Arkivi","robots":{"index":"index","follow":"follow","max-snippet":"max-snippet:-1","max-image-preview":"max-image-preview:large","max-video-preview":"max-video-preview:-1"},"canonical":"https:\/\/fjala.info\/2009-2015\/berisha-po-larteson-kundershtaret-duke-njollosur-te-djathten\/","og_locale":"sq_AL","og_type":"article","og_title":"Berisha po lart\u00ebson kund\u00ebrshtar\u00ebt duke njollosur t\u00eb djatht\u00ebn - FjALA e LIR\u00cb - Arkivi","og_description":"Nga Mero Baze, &#8220;Faktori Plus&#8221; Bashkimi Evropian do t\u00eb duhet t\u00eb harxhoj\u00eb ende energji dhe koh\u00eb p\u00ebr t\u00eb bindur kryeministrin e vendit Sali Berisha t\u00eb pranoj\u00eb procesin e transparenc\u00ebs s\u00eb zgjedhjeve n\u00eb Shqip\u00ebri dhe t\u00eb nd\u00ebrtoj\u00eb nj\u00eb kuad\u00ebr ligjor q\u00eb n\u00eb t\u00eb ardhmen \u00e7do hetim p\u00ebr transparenc\u00ebn e zgjedhjeve t\u00eb jet\u00eb e drejt\u00eb e ligjshme [&hellip;]","og_url":"https:\/\/fjala.info\/2009-2015\/berisha-po-larteson-kundershtaret-duke-njollosur-te-djathten\/","og_site_name":"FjALA e LIR\u00cb - Arkivi","article_published_time":"2010-05-22T09:08:58+00:00","og_image":[{"url":"http:\/\/www.shkoder.net\/images\/fjala\/mero_baze1.jpg","type":"","width":"","height":""}],"author":"admin","twitter_card":"summary_large_image","twitter_misc":{"Written by":"admin","Est. reading time":"4 minutes"},"schema":{"@context":"https:\/\/schema.org","@graph":[{"@type":"Article","@id":"https:\/\/fjala.info\/2009-2015\/berisha-po-larteson-kundershtaret-duke-njollosur-te-djathten\/#article","isPartOf":{"@id":"https:\/\/fjala.info\/2009-2015\/berisha-po-larteson-kundershtaret-duke-njollosur-te-djathten\/"},"author":{"name":"admin","@id":"https:\/\/fjala.info\/2009-2015\/#\/schema\/person\/3aa1163ef05469c496fc94e77611ada2"},"headline":"Berisha po lart\u00ebson kund\u00ebrshtar\u00ebt duke njollosur t\u00eb djatht\u00ebn","datePublished":"2010-05-22T09:08:58+00:00","mainEntityOfPage":{"@id":"https:\/\/fjala.info\/2009-2015\/berisha-po-larteson-kundershtaret-duke-njollosur-te-djathten\/"},"wordCount":822,"commentCount":0,"publisher":{"@id":"https:\/\/fjala.info\/2009-2015\/#organization"},"image":{"@id":"https:\/\/fjala.info\/2009-2015\/berisha-po-larteson-kundershtaret-duke-njollosur-te-djathten\/#primaryimage"},"thumbnailUrl":"http:\/\/www.shkoder.net\/images\/fjala\/mero_baze1.jpg","articleSection":["Artikuj"],"inLanguage":"sq-AL","potentialAction":[{"@type":"CommentAction","name":"Comment","target":["https:\/\/fjala.info\/2009-2015\/berisha-po-larteson-kundershtaret-duke-njollosur-te-djathten\/#respond"]}]},{"@type":"WebPage","@id":"https:\/\/fjala.info\/2009-2015\/berisha-po-larteson-kundershtaret-duke-njollosur-te-djathten\/","url":"https:\/\/fjala.info\/2009-2015\/berisha-po-larteson-kundershtaret-duke-njollosur-te-djathten\/","name":"Berisha po lart\u00ebson kund\u00ebrshtar\u00ebt duke njollosur t\u00eb djatht\u00ebn - FjALA e LIR\u00cb - Arkivi","isPartOf":{"@id":"https:\/\/fjala.info\/2009-2015\/#website"},"primaryImageOfPage":{"@id":"https:\/\/fjala.info\/2009-2015\/berisha-po-larteson-kundershtaret-duke-njollosur-te-djathten\/#primaryimage"},"image":{"@id":"https:\/\/fjala.info\/2009-2015\/berisha-po-larteson-kundershtaret-duke-njollosur-te-djathten\/#primaryimage"},"thumbnailUrl":"http:\/\/www.shkoder.net\/images\/fjala\/mero_baze1.jpg","datePublished":"2010-05-22T09:08:58+00:00","breadcrumb":{"@id":"https:\/\/fjala.info\/2009-2015\/berisha-po-larteson-kundershtaret-duke-njollosur-te-djathten\/#breadcrumb"},"inLanguage":"sq-AL","potentialAction":[{"@type":"ReadAction","target":["https:\/\/fjala.info\/2009-2015\/berisha-po-larteson-kundershtaret-duke-njollosur-te-djathten\/"]}]},{"@type":"ImageObject","inLanguage":"sq-AL","@id":"https:\/\/fjala.info\/2009-2015\/berisha-po-larteson-kundershtaret-duke-njollosur-te-djathten\/#primaryimage","url":"http:\/\/www.shkoder.net\/images\/fjala\/mero_baze1.jpg","contentUrl":"http:\/\/www.shkoder.net\/images\/fjala\/mero_baze1.jpg"},{"@type":"BreadcrumbList","@id":"https:\/\/fjala.info\/2009-2015\/berisha-po-larteson-kundershtaret-duke-njollosur-te-djathten\/#breadcrumb","itemListElement":[{"@type":"ListItem","position":1,"name":"Home","item":"https:\/\/fjala.info\/2009-2015\/"},{"@type":"ListItem","position":2,"name":"Berisha po lart\u00ebson kund\u00ebrshtar\u00ebt duke njollosur t\u00eb djatht\u00ebn"}]},{"@type":"WebSite","@id":"https:\/\/fjala.info\/2009-2015\/#website","url":"https:\/\/fjala.info\/2009-2015\/","name":"FjALA e LIR\u00cb - Arkivi","description":"Arkivi 2009-2015","publisher":{"@id":"https:\/\/fjala.info\/2009-2015\/#organization"},"potentialAction":[{"@type":"SearchAction","target":{"@type":"EntryPoint","urlTemplate":"https:\/\/fjala.info\/2009-2015\/?s={search_term_string}"},"query-input":{"@type":"PropertyValueSpecification","valueRequired":true,"valueName":"search_term_string"}}],"inLanguage":"sq-AL"},{"@type":"Organization","@id":"https:\/\/fjala.info\/2009-2015\/#organization","name":"FjALA e LIR\u00cb - Arkivi","url":"https:\/\/fjala.info\/2009-2015\/","logo":{"@type":"ImageObject","inLanguage":"sq-AL","@id":"https:\/\/fjala.info\/2009-2015\/#\/schema\/logo\/image\/","url":"","contentUrl":"","caption":"FjALA e LIR\u00cb - Arkivi"},"image":{"@id":"https:\/\/fjala.info\/2009-2015\/#\/schema\/logo\/image\/"}},{"@type":"Person","@id":"https:\/\/fjala.info\/2009-2015\/#\/schema\/person\/3aa1163ef05469c496fc94e77611ada2","name":"admin","image":{"@type":"ImageObject","inLanguage":"sq-AL","@id":"https:\/\/fjala.info\/2009-2015\/wp-content\/uploads\/2012\/02\/arben_cokaj-120x150.jpg","url":"https:\/\/fjala.info\/2009-2015\/wp-content\/uploads\/2012\/02\/arben_cokaj-120x150.jpg","contentUrl":"https:\/\/fjala.info\/2009-2015\/wp-content\/uploads\/2012\/02\/arben_cokaj-120x150.jpg","caption":"admin"},"description":"Admin, Fjala e Lir\u00eb","sameAs":["https:\/\/fjala.info\/"],"url":"https:\/\/fjala.info\/2009-2015\/author\/admin\/"}]}},"_links":{"self":[{"href":"https:\/\/fjala.info\/2009-2015\/wp-json\/wp\/v2\/posts\/2766","targetHints":{"allow":["GET"]}}],"collection":[{"href":"https:\/\/fjala.info\/2009-2015\/wp-json\/wp\/v2\/posts"}],"about":[{"href":"https:\/\/fjala.info\/2009-2015\/wp-json\/wp\/v2\/types\/post"}],"author":[{"embeddable":true,"href":"https:\/\/fjala.info\/2009-2015\/wp-json\/wp\/v2\/users\/1"}],"replies":[{"embeddable":true,"href":"https:\/\/fjala.info\/2009-2015\/wp-json\/wp\/v2\/comments?post=2766"}],"version-history":[{"count":0,"href":"https:\/\/fjala.info\/2009-2015\/wp-json\/wp\/v2\/posts\/2766\/revisions"}],"wp:attachment":[{"href":"https:\/\/fjala.info\/2009-2015\/wp-json\/wp\/v2\/media?parent=2766"}],"wp:term":[{"taxonomy":"category","embeddable":true,"href":"https:\/\/fjala.info\/2009-2015\/wp-json\/wp\/v2\/categories?post=2766"},{"taxonomy":"post_tag","embeddable":true,"href":"https:\/\/fjala.info\/2009-2015\/wp-json\/wp\/v2\/tags?post=2766"}],"curies":[{"name":"wp","href":"https:\/\/api.w.org\/{rel}","templated":true}]}}