{"id":2764,"date":"2010-05-22T10:06:57","date_gmt":"2010-05-22T09:06:57","guid":{"rendered":"http:\/\/fjala.shkoder.net\/?p=2764"},"modified":"2010-05-22T10:06:57","modified_gmt":"2010-05-22T09:06:57","slug":"sandri-propozon-zgjidhjen-per-trasparencen-e-wc-te-grevisteve","status":"publish","type":"post","link":"https:\/\/fjala.info\/2009-2015\/sandri-propozon-zgjidhjen-per-trasparencen-e-wc-te-grevisteve\/","title":{"rendered":"Sandri propozon zgjidhjen p\u00ebr trasparenc\u00ebn e WC te grevisteve"},"content":{"rendered":"<p>Nga <strong>Antena brenda familjes<\/strong>, TemA<\/p>\n<p>K\u00ebrkesa e doktorit p\u00ebr trasparenc\u00ebn e cadrave hyri n\u00eb dit\u00ebn e 17-t\u00eb. Dhjetra deputete t\u00eb qeveris\u00eb, po sidomos gra, kan\u00eb k\u00ebrkuar p\u00ebrdit\u00eb t\u00eb dijn\u00eb se c\u2019b\u00ebhet pas flet\u00ebve t\u00eb cadrave. P\u00ebr 17 dit\u00eb rresht doktori ka nxjerr gjith\u00eb grat\u00eb e PD-s\u00eb t\u00eb k\u00ebrkojn\u00eb nga Rama t\u00eb dijn\u00eb c\u2019b\u00ebh\u00ebt v\u00ebrtet pas cadrave. M\u00eb e shqet\u00ebsuar ka qen\u00eb Mesila, e cila sic u ka th\u00ebn\u00eb edhe shoqeve t\u00eb veta, se nuk e ka provuar kurr qejfin pas cadrave dhe ka shum\u00eb kurjozitet t\u00eb dij se si b\u00ebhet atje. N\u00eb nj\u00eb mendje kan qen\u00eb dhe gra t\u00eb tjera intelktuale n\u00eb PD, si Albana , Ciljeta, Mirjeta, Rozeta, Kozeta, etj.<\/p>\n<p>Por Sandrit I erdhi dje nj\u00eb ide gjeniale. Mori doktorin n\u00eb telefon dhe shkoi n\u00eb zyr\u00eb e tij.<\/p>\n<p>-E gjeta tha. Un\u00eb them t\u00eb p\u00ebrdorim Institutin e Higjen\u00ebs dhe Epidemiologjis\u00eb, po duhet t\u00eb kemi nj\u00eb njeri tonin t\u00eb besuar&#8230;<\/p>\n<p>-Ja t\u00eb pyes Lilin tha doktori se ajo merret me sh\u00ebndet\u00ebsin\u00eb. Po c\u2019far\u00eb ti k\u00ebrkojm\u00eb?<\/p>\n<p>-Merre merr nj\u00eb her\u00eb Lilin, k\u00eb ka em\u00ebruar atje, pastaj ta them un\u00eb planin I tha Sandri.<\/p>\n<p>-Doktori foli me Lilin dhe ajo e sqaroi se kan\u00eb em\u00ebruar at\u00eb q\u00eb kishin folur at\u00eb dit\u00eb, po ai se kishte pas mendjen.<\/p>\n<p>-Ska problem Sand\u00ebr, njeriu yn\u00eb qenka, I tha doktori.<\/p>\n<p>-At\u00ebhere plani im \u00ebsht\u00eb ky tha Sandri. Instituti t\u00eb shkoj p\u00ebr t\u00eb verifikuar higjen\u00ebn e banjave. Edhe tek grat\u00eb edhe tek burrat. T\u00eb shkojn\u00eb t\u00eb shikojn\u00eb nj\u00eb her\u00eb. N\u00ebse ata kan dal jasht\u00eb dhe ka m\u2026., at\u00ebhere ne I filmojm\u00eb dhe I nxjerrim n\u00eb Tv. I them Fevzos e b\u00ebn dhe emisjon ai se \u00ebsht\u00eb skandal. <\/p>\n<p>-Po n\u00ebse nuk gjejn\u00eb gj\u00eb p\u00ebrvec urin\u00ebs s\u00eb holl\u00eb,- tha doktori.<\/p>\n<p>-Ti qenke fare. Po pse pak m\u2026 ka n\u00eb halet tona. Shkoj\u00ebm tek TVSH marim disa qese dhe I hedhim aty sa p\u00ebr ti filmuar.<\/p>\n<p>-Mir\u00eb t\u00eb ka shku mendja I tha doktori. Fol me Becin t\u00eb merret me k\u00ebt\u00eb c\u00ebshtje.<\/p>\n<p>Sandi I k\u00ebnaqur shum\u00eb nga zgjidhja shkoi dhe m\u00eb tej.<\/p>\n<p>-Un\u00eb them ta b\u00ebj emisjon Fevziu tha Sandri dhe t\u00eb analizojm dhe p\u00ebrb\u00ebrjen e urin\u00ebs. Mund t\u00eb dal p\u00ebr shembull q\u00eb ata kan\u00eb konsumuar alkol. Tek kjo banja e grave do themi q\u00eb kemi gjet dhe gjurm\u00eb droge.<\/p>\n<p>-Mir\u00eb t\u00eb ka shku mendja Sand\u00ebr. Dakord ta b\u00ebjm\u00eb. D\u00ebgjo, shiko, \u2026nejse mir\u00eb t\u00eb ka shku mendja. Po k\u00ebt\u00eb mund ta themi dhe pa I b\u00ebr\u00eb analizat ne\u2026?<\/p>\n<p>-Po jo doktor, mir\u00eb \u00ebsht\u00eb t\u00eb shkojn\u00eb k\u00ebta t\u00eb Institutit&#8230;<\/p>\n<p>-Sand\u00ebr, c\u2019r\u00ebnd\u00ebsi ka shkuan apo nuk shkuan. Ne na besojn\u00eb ata q\u00eb jan\u00eb me ne, jo kund\u00ebrshtar\u00ebt. Ne e themi p\u00ebr pjes\u00ebn ton\u00eb. Le t\u00eb mos shkojn\u00eb fare. I thuaj Becit t\u00eb filmoj banjat e TVSh dhe t\u00eb tregoj banjat plot me m\u2026 dhe t\u00eb thoj ja banjat e grevist\u00ebve.<\/p>\n<p>-Po un\u00eb thash\u00eb ta b\u00ebnim tamam doktor.<\/p>\n<p>-Po tamam \u00ebsht\u00eb, se mos kuptohet se kush e ka b\u00ebr\u00eb at\u00eb. Mjafton ta japi n\u00eb lajme. Ja t\u00eb marr Lilin ti them si e ka emrin ky Drejtori I Higjen\u00ebs dhe Epidemiologjis\u00eb q\u00eb t\u2019ia v\u00ebm\u00eb n\u00eb lajme.<\/p>\n<p>-Po ti marrim ndonj\u00eb sinkron doktor se mos m\u00ebrzitet?<\/p>\n<p>-Po jo mo ai p\u00ebr at\u00eb pu\u00ebn merr rrog\u00ebn, pse do ta pyesim. Shkruaj pak dhe k\u00ebto t\u00eb dh\u00ebnat p\u00ebr drog\u00ebn dhe alkolin q\u00eb \u00ebsht\u00eb gjetur n\u00eb jasht\u00ebqitjet e tyre.<\/p>\n<p>-Hajt se ja jap Fevzos I b\u00ebn ai n\u00eb emisjon k\u00ebto. Merr edhe ndonj\u00eb ekspert t\u00eb k\u00ebsaj fushe.<\/p>\n<p>-T\u00eb marr Ciljet\u00ebn. D\u00ebgjo \u00ebsht\u00eb vajz\u00eb e zgjuar. E kan fyer, I kan\u00eb th\u00ebn xhingije, jan\u00eb tregu t\u00eb pap\u00ebrgjegjsh\u00ebm. Po ku mund t\u00eb krahasohet ajo me Elsa Lil\u00ebn apo ta pseudointelektual\u00ebt q\u00eb nuk firmosin se u vjen turp. D\u00ebgjo ta marr Ciljet\u00ebn\u2026.dhe k\u00ebt\u00eb vjerrin e Genci Pollos si e ka ky se ja harrova\u2026Kumbaro\u2026 ah e gjeta\u2026.prit k\u00eb t\u00eb marr tjet\u00ebr, se na duhen t\u00eb pavarur, ah po t\u00eb marr dhe k\u00ebt\u00eb mo prit si e ka emrin se dhe ajo \u00ebsht\u00eb intelektual e shquar prit,\u2026se ja harrova ah po Ingrit apo Indrit si e ka. <\/p>\n<p>-Ah po ska problem se I njeh Fevziu k\u00ebto. Merret ai. Do jet\u00eb e fort doktor, do ta shkat\u00ebrrojm fare, se tek kjo nuk u shkon mendja. Ka p\u00ebr t\u00eb plas m\u2026 sheshit. Ska grev\u00eb pastaj. S aher\u00eb t\u00eb k\u00ebkrojn hapjen e kutive do tut hemi hapni banjat se I keni plot me m\u2026<\/p>\n","protected":false},"excerpt":{"rendered":"<p>Nga Antena brenda familjes, TemA K\u00ebrkesa e doktorit p\u00ebr trasparenc\u00ebn e cadrave hyri n\u00eb dit\u00ebn e 17-t\u00eb. Dhjetra deputete t\u00eb qeveris\u00eb, po sidomos gra, kan\u00eb k\u00ebrkuar p\u00ebrdit\u00eb t\u00eb dijn\u00eb se c\u2019b\u00ebhet pas flet\u00ebve t\u00eb cadrave. P\u00ebr 17 dit\u00eb rresht doktori ka nxjerr gjith\u00eb grat\u00eb e PD-s\u00eb t\u00eb k\u00ebrkojn\u00eb nga Rama t\u00eb dijn\u00eb c\u2019b\u00ebh\u00ebt v\u00ebrtet pas [&hellip;]<\/p>\n","protected":false},"author":1,"featured_media":0,"comment_status":"open","ping_status":"closed","sticky":false,"template":"","format":"standard","meta":{"footnotes":""},"categories":[2],"tags":[],"class_list":{"0":"post-2764","1":"post","2":"type-post","3":"status-publish","4":"format-standard","6":"category-artikuj"},"yoast_head":"<!-- This site is optimized with the Yoast SEO plugin v27.4 - https:\/\/yoast.com\/product\/yoast-seo-wordpress\/ -->\n<title>Sandri propozon zgjidhjen p\u00ebr trasparenc\u00ebn e WC te grevisteve - FjALA e LIR\u00cb - Arkivi<\/title>\n<meta name=\"robots\" content=\"index, follow, max-snippet:-1, max-image-preview:large, max-video-preview:-1\" \/>\n<link rel=\"canonical\" href=\"https:\/\/fjala.info\/2009-2015\/sandri-propozon-zgjidhjen-per-trasparencen-e-wc-te-grevisteve\/\" \/>\n<meta property=\"og:locale\" content=\"sq_AL\" \/>\n<meta property=\"og:type\" content=\"article\" \/>\n<meta property=\"og:title\" content=\"Sandri propozon zgjidhjen p\u00ebr trasparenc\u00ebn e WC te grevisteve - FjALA e LIR\u00cb - Arkivi\" \/>\n<meta property=\"og:description\" content=\"Nga Antena brenda familjes, TemA K\u00ebrkesa e doktorit p\u00ebr trasparenc\u00ebn e cadrave hyri n\u00eb dit\u00ebn e 17-t\u00eb. Dhjetra deputete t\u00eb qeveris\u00eb, po sidomos gra, kan\u00eb k\u00ebrkuar p\u00ebrdit\u00eb t\u00eb dijn\u00eb se c\u2019b\u00ebhet pas flet\u00ebve t\u00eb cadrave. P\u00ebr 17 dit\u00eb rresht doktori ka nxjerr gjith\u00eb grat\u00eb e PD-s\u00eb t\u00eb k\u00ebrkojn\u00eb nga Rama t\u00eb dijn\u00eb c\u2019b\u00ebh\u00ebt v\u00ebrtet pas [&hellip;]\" \/>\n<meta property=\"og:url\" content=\"https:\/\/fjala.info\/2009-2015\/sandri-propozon-zgjidhjen-per-trasparencen-e-wc-te-grevisteve\/\" \/>\n<meta property=\"og:site_name\" content=\"FjALA e LIR\u00cb - Arkivi\" \/>\n<meta property=\"article:published_time\" content=\"2010-05-22T09:06:57+00:00\" \/>\n<meta name=\"author\" content=\"admin\" \/>\n<meta name=\"twitter:card\" content=\"summary_large_image\" \/>\n<meta name=\"twitter:label1\" content=\"Written by\" \/>\n\t<meta name=\"twitter:data1\" content=\"admin\" \/>\n\t<meta name=\"twitter:label2\" content=\"Est. reading time\" \/>\n\t<meta name=\"twitter:data2\" content=\"4 minutes\" \/>\n<script type=\"application\/ld+json\" class=\"yoast-schema-graph\">{\"@context\":\"https:\\\/\\\/schema.org\",\"@graph\":[{\"@type\":\"Article\",\"@id\":\"https:\\\/\\\/fjala.info\\\/2009-2015\\\/sandri-propozon-zgjidhjen-per-trasparencen-e-wc-te-grevisteve\\\/#article\",\"isPartOf\":{\"@id\":\"https:\\\/\\\/fjala.info\\\/2009-2015\\\/sandri-propozon-zgjidhjen-per-trasparencen-e-wc-te-grevisteve\\\/\"},\"author\":{\"name\":\"admin\",\"@id\":\"https:\\\/\\\/fjala.info\\\/2009-2015\\\/#\\\/schema\\\/person\\\/3aa1163ef05469c496fc94e77611ada2\"},\"headline\":\"Sandri propozon zgjidhjen p\u00ebr trasparenc\u00ebn e WC te grevisteve\",\"datePublished\":\"2010-05-22T09:06:57+00:00\",\"mainEntityOfPage\":{\"@id\":\"https:\\\/\\\/fjala.info\\\/2009-2015\\\/sandri-propozon-zgjidhjen-per-trasparencen-e-wc-te-grevisteve\\\/\"},\"wordCount\":818,\"commentCount\":0,\"publisher\":{\"@id\":\"https:\\\/\\\/fjala.info\\\/2009-2015\\\/#organization\"},\"articleSection\":[\"Artikuj\"],\"inLanguage\":\"sq-AL\",\"potentialAction\":[{\"@type\":\"CommentAction\",\"name\":\"Comment\",\"target\":[\"https:\\\/\\\/fjala.info\\\/2009-2015\\\/sandri-propozon-zgjidhjen-per-trasparencen-e-wc-te-grevisteve\\\/#respond\"]}]},{\"@type\":\"WebPage\",\"@id\":\"https:\\\/\\\/fjala.info\\\/2009-2015\\\/sandri-propozon-zgjidhjen-per-trasparencen-e-wc-te-grevisteve\\\/\",\"url\":\"https:\\\/\\\/fjala.info\\\/2009-2015\\\/sandri-propozon-zgjidhjen-per-trasparencen-e-wc-te-grevisteve\\\/\",\"name\":\"Sandri propozon zgjidhjen p\u00ebr trasparenc\u00ebn e WC te grevisteve - FjALA e LIR\u00cb - Arkivi\",\"isPartOf\":{\"@id\":\"https:\\\/\\\/fjala.info\\\/2009-2015\\\/#website\"},\"datePublished\":\"2010-05-22T09:06:57+00:00\",\"breadcrumb\":{\"@id\":\"https:\\\/\\\/fjala.info\\\/2009-2015\\\/sandri-propozon-zgjidhjen-per-trasparencen-e-wc-te-grevisteve\\\/#breadcrumb\"},\"inLanguage\":\"sq-AL\",\"potentialAction\":[{\"@type\":\"ReadAction\",\"target\":[\"https:\\\/\\\/fjala.info\\\/2009-2015\\\/sandri-propozon-zgjidhjen-per-trasparencen-e-wc-te-grevisteve\\\/\"]}]},{\"@type\":\"BreadcrumbList\",\"@id\":\"https:\\\/\\\/fjala.info\\\/2009-2015\\\/sandri-propozon-zgjidhjen-per-trasparencen-e-wc-te-grevisteve\\\/#breadcrumb\",\"itemListElement\":[{\"@type\":\"ListItem\",\"position\":1,\"name\":\"Home\",\"item\":\"https:\\\/\\\/fjala.info\\\/2009-2015\\\/\"},{\"@type\":\"ListItem\",\"position\":2,\"name\":\"Sandri propozon zgjidhjen p\u00ebr trasparenc\u00ebn e WC te grevisteve\"}]},{\"@type\":\"WebSite\",\"@id\":\"https:\\\/\\\/fjala.info\\\/2009-2015\\\/#website\",\"url\":\"https:\\\/\\\/fjala.info\\\/2009-2015\\\/\",\"name\":\"FjALA e LIR\u00cb - Arkivi\",\"description\":\"Arkivi 2009-2015\",\"publisher\":{\"@id\":\"https:\\\/\\\/fjala.info\\\/2009-2015\\\/#organization\"},\"potentialAction\":[{\"@type\":\"SearchAction\",\"target\":{\"@type\":\"EntryPoint\",\"urlTemplate\":\"https:\\\/\\\/fjala.info\\\/2009-2015\\\/?s={search_term_string}\"},\"query-input\":{\"@type\":\"PropertyValueSpecification\",\"valueRequired\":true,\"valueName\":\"search_term_string\"}}],\"inLanguage\":\"sq-AL\"},{\"@type\":\"Organization\",\"@id\":\"https:\\\/\\\/fjala.info\\\/2009-2015\\\/#organization\",\"name\":\"FjALA e LIR\u00cb - Arkivi\",\"url\":\"https:\\\/\\\/fjala.info\\\/2009-2015\\\/\",\"logo\":{\"@type\":\"ImageObject\",\"inLanguage\":\"sq-AL\",\"@id\":\"https:\\\/\\\/fjala.info\\\/2009-2015\\\/#\\\/schema\\\/logo\\\/image\\\/\",\"url\":\"\",\"contentUrl\":\"\",\"caption\":\"FjALA e LIR\u00cb - Arkivi\"},\"image\":{\"@id\":\"https:\\\/\\\/fjala.info\\\/2009-2015\\\/#\\\/schema\\\/logo\\\/image\\\/\"}},{\"@type\":\"Person\",\"@id\":\"https:\\\/\\\/fjala.info\\\/2009-2015\\\/#\\\/schema\\\/person\\\/3aa1163ef05469c496fc94e77611ada2\",\"name\":\"admin\",\"image\":{\"@type\":\"ImageObject\",\"inLanguage\":\"sq-AL\",\"@id\":\"https:\\\/\\\/fjala.info\\\/2009-2015\\\/wp-content\\\/uploads\\\/2012\\\/02\\\/arben_cokaj-120x150.jpg\",\"url\":\"https:\\\/\\\/fjala.info\\\/2009-2015\\\/wp-content\\\/uploads\\\/2012\\\/02\\\/arben_cokaj-120x150.jpg\",\"contentUrl\":\"https:\\\/\\\/fjala.info\\\/2009-2015\\\/wp-content\\\/uploads\\\/2012\\\/02\\\/arben_cokaj-120x150.jpg\",\"caption\":\"admin\"},\"description\":\"Admin, Fjala e Lir\u00eb\",\"sameAs\":[\"https:\\\/\\\/fjala.info\\\/\"],\"url\":\"https:\\\/\\\/fjala.info\\\/2009-2015\\\/author\\\/admin\\\/\"}]}<\/script>\n<!-- \/ Yoast SEO plugin. -->","yoast_head_json":{"title":"Sandri propozon zgjidhjen p\u00ebr trasparenc\u00ebn e WC te grevisteve - FjALA e LIR\u00cb - Arkivi","robots":{"index":"index","follow":"follow","max-snippet":"max-snippet:-1","max-image-preview":"max-image-preview:large","max-video-preview":"max-video-preview:-1"},"canonical":"https:\/\/fjala.info\/2009-2015\/sandri-propozon-zgjidhjen-per-trasparencen-e-wc-te-grevisteve\/","og_locale":"sq_AL","og_type":"article","og_title":"Sandri propozon zgjidhjen p\u00ebr trasparenc\u00ebn e WC te grevisteve - FjALA e LIR\u00cb - Arkivi","og_description":"Nga Antena brenda familjes, TemA K\u00ebrkesa e doktorit p\u00ebr trasparenc\u00ebn e cadrave hyri n\u00eb dit\u00ebn e 17-t\u00eb. Dhjetra deputete t\u00eb qeveris\u00eb, po sidomos gra, kan\u00eb k\u00ebrkuar p\u00ebrdit\u00eb t\u00eb dijn\u00eb se c\u2019b\u00ebhet pas flet\u00ebve t\u00eb cadrave. P\u00ebr 17 dit\u00eb rresht doktori ka nxjerr gjith\u00eb grat\u00eb e PD-s\u00eb t\u00eb k\u00ebrkojn\u00eb nga Rama t\u00eb dijn\u00eb c\u2019b\u00ebh\u00ebt v\u00ebrtet pas [&hellip;]","og_url":"https:\/\/fjala.info\/2009-2015\/sandri-propozon-zgjidhjen-per-trasparencen-e-wc-te-grevisteve\/","og_site_name":"FjALA e LIR\u00cb - Arkivi","article_published_time":"2010-05-22T09:06:57+00:00","author":"admin","twitter_card":"summary_large_image","twitter_misc":{"Written by":"admin","Est. reading time":"4 minutes"},"schema":{"@context":"https:\/\/schema.org","@graph":[{"@type":"Article","@id":"https:\/\/fjala.info\/2009-2015\/sandri-propozon-zgjidhjen-per-trasparencen-e-wc-te-grevisteve\/#article","isPartOf":{"@id":"https:\/\/fjala.info\/2009-2015\/sandri-propozon-zgjidhjen-per-trasparencen-e-wc-te-grevisteve\/"},"author":{"name":"admin","@id":"https:\/\/fjala.info\/2009-2015\/#\/schema\/person\/3aa1163ef05469c496fc94e77611ada2"},"headline":"Sandri propozon zgjidhjen p\u00ebr trasparenc\u00ebn e WC te grevisteve","datePublished":"2010-05-22T09:06:57+00:00","mainEntityOfPage":{"@id":"https:\/\/fjala.info\/2009-2015\/sandri-propozon-zgjidhjen-per-trasparencen-e-wc-te-grevisteve\/"},"wordCount":818,"commentCount":0,"publisher":{"@id":"https:\/\/fjala.info\/2009-2015\/#organization"},"articleSection":["Artikuj"],"inLanguage":"sq-AL","potentialAction":[{"@type":"CommentAction","name":"Comment","target":["https:\/\/fjala.info\/2009-2015\/sandri-propozon-zgjidhjen-per-trasparencen-e-wc-te-grevisteve\/#respond"]}]},{"@type":"WebPage","@id":"https:\/\/fjala.info\/2009-2015\/sandri-propozon-zgjidhjen-per-trasparencen-e-wc-te-grevisteve\/","url":"https:\/\/fjala.info\/2009-2015\/sandri-propozon-zgjidhjen-per-trasparencen-e-wc-te-grevisteve\/","name":"Sandri propozon zgjidhjen p\u00ebr trasparenc\u00ebn e WC te grevisteve - FjALA e LIR\u00cb - Arkivi","isPartOf":{"@id":"https:\/\/fjala.info\/2009-2015\/#website"},"datePublished":"2010-05-22T09:06:57+00:00","breadcrumb":{"@id":"https:\/\/fjala.info\/2009-2015\/sandri-propozon-zgjidhjen-per-trasparencen-e-wc-te-grevisteve\/#breadcrumb"},"inLanguage":"sq-AL","potentialAction":[{"@type":"ReadAction","target":["https:\/\/fjala.info\/2009-2015\/sandri-propozon-zgjidhjen-per-trasparencen-e-wc-te-grevisteve\/"]}]},{"@type":"BreadcrumbList","@id":"https:\/\/fjala.info\/2009-2015\/sandri-propozon-zgjidhjen-per-trasparencen-e-wc-te-grevisteve\/#breadcrumb","itemListElement":[{"@type":"ListItem","position":1,"name":"Home","item":"https:\/\/fjala.info\/2009-2015\/"},{"@type":"ListItem","position":2,"name":"Sandri propozon zgjidhjen p\u00ebr trasparenc\u00ebn e WC te grevisteve"}]},{"@type":"WebSite","@id":"https:\/\/fjala.info\/2009-2015\/#website","url":"https:\/\/fjala.info\/2009-2015\/","name":"FjALA e LIR\u00cb - Arkivi","description":"Arkivi 2009-2015","publisher":{"@id":"https:\/\/fjala.info\/2009-2015\/#organization"},"potentialAction":[{"@type":"SearchAction","target":{"@type":"EntryPoint","urlTemplate":"https:\/\/fjala.info\/2009-2015\/?s={search_term_string}"},"query-input":{"@type":"PropertyValueSpecification","valueRequired":true,"valueName":"search_term_string"}}],"inLanguage":"sq-AL"},{"@type":"Organization","@id":"https:\/\/fjala.info\/2009-2015\/#organization","name":"FjALA e LIR\u00cb - Arkivi","url":"https:\/\/fjala.info\/2009-2015\/","logo":{"@type":"ImageObject","inLanguage":"sq-AL","@id":"https:\/\/fjala.info\/2009-2015\/#\/schema\/logo\/image\/","url":"","contentUrl":"","caption":"FjALA e LIR\u00cb - Arkivi"},"image":{"@id":"https:\/\/fjala.info\/2009-2015\/#\/schema\/logo\/image\/"}},{"@type":"Person","@id":"https:\/\/fjala.info\/2009-2015\/#\/schema\/person\/3aa1163ef05469c496fc94e77611ada2","name":"admin","image":{"@type":"ImageObject","inLanguage":"sq-AL","@id":"https:\/\/fjala.info\/2009-2015\/wp-content\/uploads\/2012\/02\/arben_cokaj-120x150.jpg","url":"https:\/\/fjala.info\/2009-2015\/wp-content\/uploads\/2012\/02\/arben_cokaj-120x150.jpg","contentUrl":"https:\/\/fjala.info\/2009-2015\/wp-content\/uploads\/2012\/02\/arben_cokaj-120x150.jpg","caption":"admin"},"description":"Admin, Fjala e Lir\u00eb","sameAs":["https:\/\/fjala.info\/"],"url":"https:\/\/fjala.info\/2009-2015\/author\/admin\/"}]}},"_links":{"self":[{"href":"https:\/\/fjala.info\/2009-2015\/wp-json\/wp\/v2\/posts\/2764","targetHints":{"allow":["GET"]}}],"collection":[{"href":"https:\/\/fjala.info\/2009-2015\/wp-json\/wp\/v2\/posts"}],"about":[{"href":"https:\/\/fjala.info\/2009-2015\/wp-json\/wp\/v2\/types\/post"}],"author":[{"embeddable":true,"href":"https:\/\/fjala.info\/2009-2015\/wp-json\/wp\/v2\/users\/1"}],"replies":[{"embeddable":true,"href":"https:\/\/fjala.info\/2009-2015\/wp-json\/wp\/v2\/comments?post=2764"}],"version-history":[{"count":0,"href":"https:\/\/fjala.info\/2009-2015\/wp-json\/wp\/v2\/posts\/2764\/revisions"}],"wp:attachment":[{"href":"https:\/\/fjala.info\/2009-2015\/wp-json\/wp\/v2\/media?parent=2764"}],"wp:term":[{"taxonomy":"category","embeddable":true,"href":"https:\/\/fjala.info\/2009-2015\/wp-json\/wp\/v2\/categories?post=2764"},{"taxonomy":"post_tag","embeddable":true,"href":"https:\/\/fjala.info\/2009-2015\/wp-json\/wp\/v2\/tags?post=2764"}],"curies":[{"name":"wp","href":"https:\/\/api.w.org\/{rel}","templated":true}]}}