{"id":2762,"date":"2010-05-22T09:59:23","date_gmt":"2010-05-22T08:59:23","guid":{"rendered":"http:\/\/fjala.shkoder.net\/?p=2762"},"modified":"2010-05-22T09:59:23","modified_gmt":"2010-05-22T08:59:23","slug":"drejt-zgjidhjes-ose-zgjedhjeve","status":"publish","type":"post","link":"https:\/\/fjala.info\/2009-2015\/drejt-zgjidhjes-ose-zgjedhjeve\/","title":{"rendered":"Drejt zgjidhjes ose zgjedhjeve"},"content":{"rendered":"<p><img decoding=\"async\" style=\"margin-left: 10px; margin-right: 10px; border: 0px;\" src=\"http:\/\/www.shkoder.net\/images\/fjala\/prec_zogaj.jpg\" border=\"0\" alt=\"Pre\u00e7 Zogaj\" width=\"150\" align=\"left\" \/><\/p>\n<p><strong>Pre\u00e7 Zogaj<\/strong>, <em>22.05.2010<\/em><\/p>\n<p>Takimi i Strasburgut p\u00ebr Shqip\u00ebrin\u00eb sh\u00ebnoi nj\u00eb zhvillim t\u00eb madh n\u00eb p\u00ebrpjekjen e gjat\u00eb t\u00eb opozit\u00ebs shqiptare dhe faktorit nd\u00ebrkomb\u00ebtar p\u00ebr t\u00eb zhbllokuar transparenc\u00ebn e zgjedhjeve t\u00eb 28 qershorit.<\/p>\n<p>E djathta dhe e majta europiane thirren shqiptar\u00ebt p\u00ebr t&#8217;u marr\u00eb vesh, pasi ishin marr\u00eb vesh me nj\u00ebra tjetr\u00ebn, pra pasi kishin r\u00ebn\u00eb n\u00eb nj\u00eb mendje p\u00ebr variantet e zgjidhjes s\u00eb kriz\u00ebs son\u00eb.<\/p>\n<p>Po k\u00ebshtu, si\u00e7 u b\u00eb e ditur n\u00eb Strasburg dhe si\u00e7 kuptohej edhe nga deklarata e ambasad\u00ebs amerikane n\u00eb Tiran\u00eb, Shtetet e Bashkuara t\u00eb Amerik\u00ebs ishin t\u00eb pranishme n\u00eb takimin e parmbr\u00ebmsh\u00ebm me p\u00ebrkushtimin e tyre t\u00eb ve\u00e7ant\u00eb p\u00ebr demokracin\u00eb ton\u00eb dhe, kryesorja, me recet\u00ebn e tyre t\u00eb nj\u00ebjt\u00eb me recet\u00ebn antikriz\u00eb t\u00eb Europ\u00ebs.<\/p>\n<p>Unifikimi i q\u00ebndrimeve brenda p\u00ebr brenda Europ\u00ebs dhe pastaj edhe n\u00eb rrafshin e gjith\u00eb hap\u00ebsir\u00ebs euroatlantike t\u00eb qytet\u00ebrimit per\u00ebndimor, duket di\u00e7ka e madhe shum\u00eb p\u00ebr kriz\u00ebn e nj\u00eb vendi t\u00eb vog\u00ebl si Shqip\u00ebria.<\/p>\n<p>Por, ky fakt, v\u00ebrtet\u00eb impresionues mund t\u00eb habis\u00eb vet\u00ebm ata q\u00eb nuk kuptojn\u00eb p\u00ebrmasat e v\u00ebrteta t\u00eb kriz\u00ebs s\u00eb kutive dhe ata q\u00eb mendojn\u00eb se mund t&#8217;ia hedhin familjes euroatlantike me sjelljen prej struci, q\u00eb fsheh kok\u00ebn n\u00eb r\u00ebr\u00eb duke kujtuar se nuk po e shohin as t\u00eb tjer\u00ebt. Kriza shqiptare, q\u00eb p\u00ebr leht\u00ebsi komunikimi quhet kriza e kutive, ka nxjerr\u00eb ne pah kriz\u00ebn e demokracis\u00eb s\u00eb ligjeve pa ligjshm\u00ebri.<\/p>\n<p>M\u00eb tej, n\u00eb reagimet dhe manovrat e ndryshme t\u00eb pushtetit p\u00ebr t\u00eb shmangur transparenc\u00ebn, kjo kriz\u00eb ka shfaqur edhe an\u00ebn e saj provokuese ndaj vlerave t\u00eb qytet\u00ebrimit per\u00ebndimor, ku kemi futur nj\u00eb k\u00ebmb\u00eb dhe duam t\u00eb fusim edhe tjetr\u00ebn. Ky \u00ebsht\u00eb momenti q\u00eb zgjoi Europ\u00ebn e vlerave, e cila \u00ebsht\u00eb di\u00e7ka m\u00eb e qen\u00ebsishme se Europa e partive.<\/p>\n<p>T\u00eb majt\u00ebt dhe t\u00eb djatht\u00ebt, Europa dhe SHBA-ja nuk jan\u00eb bashkuar p\u00ebr t\u00eb fuqizuar nj\u00eb parti shqiptare kund\u00ebr tjetr\u00ebs, opozit\u00ebn kund\u00ebr pushtetin apo pushtetin kund\u00ebr opozit\u00ebs. K\u00ebto meskinitete nuk kan\u00eb vend n\u00eb politik\u00ebn e lart\u00eb. Ata jan\u00eb bashkuar p\u00ebr t\u00eb mbrojtur demokracin\u00eb dhe vlerat e saj themelore n\u00eb Shqip\u00ebri.<\/p>\n<p>Ky bashkim e zbulon kriz\u00ebn shqiptar\u00eb nga retushet dhe artificet politike, e nxjerr n\u00eb drit\u00eb t\u00eb diellit ashtu si\u00e7 \u00ebsht\u00eb, i heq pet\u00ebt lakrorit, si\u00e7 thot\u00eb populli.<\/p>\n<p>Deri pardje, e djathta dhe e majta europiane kishin p\u00ebrgjith\u00ebsisht nj\u00eb qasje partiake ndaj kriz\u00ebs son\u00eb: popullor\u00ebt e s\u00eb djatht\u00ebs favorizonin me shum\u00eb qeverin\u00eb, pushtetin, kryeministrin Berisha.<\/p>\n<p>T\u00eb majt\u00ebt u b\u00ebnin jehon\u00eb me p\u00ebrpar\u00ebsi opsioneve t\u00eb opozit\u00ebs dhe shefit t\u00eb saj, Edi Rama. K\u00ebto q\u00ebndrime vlenin p\u00ebr t\u00eb armatosur pal\u00ebt n\u00eb llogore, por shnd\u00ebrroheshin n\u00eb hi\u00e7 p\u00ebr sa i p\u00ebrket efektit t\u00eb tyre konkret n\u00eb zgjidhjen e ng\u00ebr\u00e7it.<\/p>\n<p>Tani kjo loj\u00eb nuk mund t\u00eb vazhdoj\u00eb m\u00eb. Europa \u00ebsht\u00eb unike p\u00ebrkundrejt kriz\u00ebs son\u00eb. Prova e par\u00eb e k\u00ebtij uniteti u dha n\u00eb Strasburg. Ky \u00ebsht\u00eb lajmi shum\u00eb i mir\u00eb.<\/p>\n<p>Berisha dhe Rama kan\u00eb qen\u00eb arsyesh\u00ebm t\u00eb rezervuar n\u00eb deklaratat e tyre t\u00eb para. Negociatat do t\u00eb vazhdojn\u00eb, asnj\u00ebri nuk \u00ebsht\u00eb pozicionuar prer\u00eb, duke l\u00ebn\u00eb hapur mund\u00ebsin\u00eb e nj\u00eb q\u00ebndrimi fleksib\u00ebl.<\/p>\n<p>Ata e din\u00eb t\u00eb v\u00ebrtet\u00ebn e zgjidhjes s\u00eb ofruar nga nd\u00ebrkomb\u00ebtar\u00ebt. Q\u00ebndrimi i tyre p\u00ebr zgjidhjen e kriz\u00ebs nuk \u00ebsht\u00eb m\u00eb nj\u00eb lum\u00eb fjal\u00ebsh, por \u00ebsht\u00eb thjesht\u00eb e qart\u00eb q\u00ebndrimi q\u00eb do t\u00eb mbajn\u00eb ndaj formul\u00ebs s\u00eb nd\u00ebrkomb\u00ebtar\u00ebve.<\/p>\n<p>Do t\u00eb pranohet hapja e kutive t\u00eb materialeve zgjedhore. Por, ky hap nuk mund t\u00eb shoq\u00ebrohet me djegien e flet\u00ebve t\u00eb votimit. Posaq\u00eb ka nj\u00eb hetim, flet\u00ebt si prov\u00eb materiale minimalisht duhet t\u00eb konservohen.<\/p>\n<p>Kjo \u00ebsht\u00eb elementare. Lejen p\u00ebr hapjen ose mos&#8217;hapjen e k\u00ebtyre kutive le ta jap\u00eb komisioni i Venecias. Kjo \u00ebsht\u00eb zgjidhja e mesme, q\u00eb ruan edhe dinjitetin e pal\u00ebve. Kush e firmos sh\u00ebrben zgjidhjen.<\/p>\n<p>Kush e refuzon, identifikohet me penges\u00ebn e zgjidhjes dhe merr p\u00ebrgjegj\u00ebsin\u00eb e pasojave. Ja ku po mb\u00ebrrijm\u00eb tek momenti i madh i s\u00eb v\u00ebrtet\u00ebs, q\u00eb nuk duron m\u00eb sajime, g\u00ebnjeshtra, propagand\u00eb.<\/p>\n<p>Pik\u00ebrisht se jemi te ky moment, takimi i Strasburgut p\u00ebrb\u00ebn nj\u00eb zhvillimi q\u00eb hap rrug\u00ebn drejt zgjidhjes s\u00eb kriz\u00ebs. \u00cbsht\u00eb gjith\u00eb \u00e7far\u00eb mund t\u00eb pritej nga darka te &#8220;Krokodili&#8221;. Pal\u00ebve u jan\u00eb dh\u00ebn\u00eb dy jav\u00eb afat p\u00ebr t\u00eb reflektuar. K\u00ebto jan\u00eb dy jav\u00eb pritjeje p\u00ebr opozit\u00ebn, pasi ajo e ka pranuar zgjidhjen q\u00ebkurse u dha n\u00eb form\u00ebn e par\u00eb nga ambasadori i OSBE-s\u00eb, Boch me dat\u00ebn 14 maj.<\/p>\n<p>Reflektimi \u00ebsht\u00eb n\u00eb radh\u00eb t\u00eb par\u00eb n\u00eb an\u00ebn e kryeministrit Berisha. Ky reflektim meriton t\u00eb respektohet si i till\u00eb. Padurimi apo nxitimi i disa mediave p\u00ebr t\u00eb folur p\u00ebr d\u00ebshtim n\u00eb m\u00ebngjesin e dark\u00ebs s\u00eb Strasburgut nuk \u00ebsht\u00eb as politik dhe as njer\u00ebzor. Koha p\u00ebr t\u00eb reflektuar \u00ebsht\u00eb standard i \u00e7do negociate.<\/p>\n<p>Por, nd\u00ebrkaq, si p\u00ebr t\u00eb treguar se reflektimi nuk mund t\u00eb p\u00ebrdoret p\u00ebr t\u00eb shtyr\u00eb koh\u00ebn kot, nd\u00ebrkomb\u00ebtar\u00ebt kan\u00eb b\u00ebr\u00eb t\u00eb qart\u00eb sanksionet politike dhe jo vet\u00ebm politike q\u00eb do t\u00eb vuaj\u00eb vendi n\u00ebse nuk shkohet drejt transparenc\u00ebs s\u00eb kutive.<\/p>\n<p>N\u00eb skenarin e refuzimit s\u00ebrish t\u00eb transparenc\u00ebs, do t\u00eb merret vesh qart\u00eb nga t\u00eb gjith\u00eb se kryeministri Berisha ka b\u00ebr\u00eb zgjedhjen e tij: t\u00eb \u00e7oj\u00eb vendin n\u00eb zgjedhje t\u00eb parakohshme. N\u00eb situat\u00ebn e krijuar kur gjith\u00eb komuniteti nd\u00ebrkomb\u00ebtar \u00ebsht\u00eb fokusuar te nj\u00eb zgjidhje e vetme dhe kur opozita \u00ebsht\u00eb akoma m\u00eb e motivuar p\u00ebr t\u00eb vazhduar betej\u00ebn e saj, nuk ka alternativ\u00eb tjet\u00ebr.<\/p>\n<p>Un\u00eb gjithnj\u00eb mendoj dhe preferoj transparenc\u00ebn n\u00eb vend t\u00eb zgjedhjeve t\u00eb parakohshme. Por, pushteti udh\u00ebhiqet nga llogarit\u00eb dhe kjo n\u00eb vetvete nuk \u00ebsht\u00eb kriminale.<\/p>\n","protected":false},"excerpt":{"rendered":"<p>Pre\u00e7 Zogaj, 22.05.2010 Takimi i Strasburgut p\u00ebr Shqip\u00ebrin\u00eb sh\u00ebnoi nj\u00eb zhvillim t\u00eb madh n\u00eb p\u00ebrpjekjen e gjat\u00eb t\u00eb opozit\u00ebs shqiptare dhe faktorit nd\u00ebrkomb\u00ebtar p\u00ebr t\u00eb zhbllokuar transparenc\u00ebn e zgjedhjeve t\u00eb 28 qershorit. E djathta dhe e majta europiane thirren shqiptar\u00ebt p\u00ebr t&#8217;u marr\u00eb vesh, pasi ishin marr\u00eb vesh me nj\u00ebra tjetr\u00ebn, pra pasi kishin r\u00ebn\u00eb [&hellip;]<\/p>\n","protected":false},"author":1,"featured_media":0,"comment_status":"open","ping_status":"closed","sticky":false,"template":"","format":"standard","meta":{"footnotes":""},"categories":[2],"tags":[],"class_list":{"0":"post-2762","1":"post","2":"type-post","3":"status-publish","4":"format-standard","6":"category-artikuj"},"yoast_head":"<!-- This site is optimized with the Yoast SEO plugin v27.4 - https:\/\/yoast.com\/product\/yoast-seo-wordpress\/ -->\n<title>Drejt zgjidhjes ose zgjedhjeve - FjALA e LIR\u00cb - Arkivi<\/title>\n<meta name=\"robots\" content=\"index, follow, max-snippet:-1, max-image-preview:large, max-video-preview:-1\" \/>\n<link rel=\"canonical\" href=\"https:\/\/fjala.info\/2009-2015\/drejt-zgjidhjes-ose-zgjedhjeve\/\" \/>\n<meta property=\"og:locale\" content=\"sq_AL\" \/>\n<meta property=\"og:type\" content=\"article\" \/>\n<meta property=\"og:title\" content=\"Drejt zgjidhjes ose zgjedhjeve - FjALA e LIR\u00cb - Arkivi\" \/>\n<meta property=\"og:description\" content=\"Pre\u00e7 Zogaj, 22.05.2010 Takimi i Strasburgut p\u00ebr Shqip\u00ebrin\u00eb sh\u00ebnoi nj\u00eb zhvillim t\u00eb madh n\u00eb p\u00ebrpjekjen e gjat\u00eb t\u00eb opozit\u00ebs shqiptare dhe faktorit nd\u00ebrkomb\u00ebtar p\u00ebr t\u00eb zhbllokuar transparenc\u00ebn e zgjedhjeve t\u00eb 28 qershorit. E djathta dhe e majta europiane thirren shqiptar\u00ebt p\u00ebr t&#8217;u marr\u00eb vesh, pasi ishin marr\u00eb vesh me nj\u00ebra tjetr\u00ebn, pra pasi kishin r\u00ebn\u00eb [&hellip;]\" \/>\n<meta property=\"og:url\" content=\"https:\/\/fjala.info\/2009-2015\/drejt-zgjidhjes-ose-zgjedhjeve\/\" \/>\n<meta property=\"og:site_name\" content=\"FjALA e LIR\u00cb - Arkivi\" \/>\n<meta property=\"article:published_time\" content=\"2010-05-22T08:59:23+00:00\" \/>\n<meta property=\"og:image\" content=\"http:\/\/www.shkoder.net\/images\/fjala\/prec_zogaj.jpg\" \/>\n<meta name=\"author\" content=\"admin\" \/>\n<meta name=\"twitter:card\" content=\"summary_large_image\" \/>\n<meta name=\"twitter:label1\" content=\"Written by\" \/>\n\t<meta name=\"twitter:data1\" content=\"admin\" \/>\n\t<meta name=\"twitter:label2\" content=\"Est. reading time\" \/>\n\t<meta name=\"twitter:data2\" content=\"5 minutes\" \/>\n<script type=\"application\/ld+json\" class=\"yoast-schema-graph\">{\"@context\":\"https:\\\/\\\/schema.org\",\"@graph\":[{\"@type\":\"Article\",\"@id\":\"https:\\\/\\\/fjala.info\\\/2009-2015\\\/drejt-zgjidhjes-ose-zgjedhjeve\\\/#article\",\"isPartOf\":{\"@id\":\"https:\\\/\\\/fjala.info\\\/2009-2015\\\/drejt-zgjidhjes-ose-zgjedhjeve\\\/\"},\"author\":{\"name\":\"admin\",\"@id\":\"https:\\\/\\\/fjala.info\\\/2009-2015\\\/#\\\/schema\\\/person\\\/3aa1163ef05469c496fc94e77611ada2\"},\"headline\":\"Drejt zgjidhjes ose zgjedhjeve\",\"datePublished\":\"2010-05-22T08:59:23+00:00\",\"mainEntityOfPage\":{\"@id\":\"https:\\\/\\\/fjala.info\\\/2009-2015\\\/drejt-zgjidhjes-ose-zgjedhjeve\\\/\"},\"wordCount\":1050,\"commentCount\":0,\"publisher\":{\"@id\":\"https:\\\/\\\/fjala.info\\\/2009-2015\\\/#organization\"},\"image\":{\"@id\":\"https:\\\/\\\/fjala.info\\\/2009-2015\\\/drejt-zgjidhjes-ose-zgjedhjeve\\\/#primaryimage\"},\"thumbnailUrl\":\"http:\\\/\\\/www.shkoder.net\\\/images\\\/fjala\\\/prec_zogaj.jpg\",\"articleSection\":[\"Artikuj\"],\"inLanguage\":\"sq-AL\",\"potentialAction\":[{\"@type\":\"CommentAction\",\"name\":\"Comment\",\"target\":[\"https:\\\/\\\/fjala.info\\\/2009-2015\\\/drejt-zgjidhjes-ose-zgjedhjeve\\\/#respond\"]}]},{\"@type\":\"WebPage\",\"@id\":\"https:\\\/\\\/fjala.info\\\/2009-2015\\\/drejt-zgjidhjes-ose-zgjedhjeve\\\/\",\"url\":\"https:\\\/\\\/fjala.info\\\/2009-2015\\\/drejt-zgjidhjes-ose-zgjedhjeve\\\/\",\"name\":\"Drejt zgjidhjes ose zgjedhjeve - FjALA e LIR\u00cb - Arkivi\",\"isPartOf\":{\"@id\":\"https:\\\/\\\/fjala.info\\\/2009-2015\\\/#website\"},\"primaryImageOfPage\":{\"@id\":\"https:\\\/\\\/fjala.info\\\/2009-2015\\\/drejt-zgjidhjes-ose-zgjedhjeve\\\/#primaryimage\"},\"image\":{\"@id\":\"https:\\\/\\\/fjala.info\\\/2009-2015\\\/drejt-zgjidhjes-ose-zgjedhjeve\\\/#primaryimage\"},\"thumbnailUrl\":\"http:\\\/\\\/www.shkoder.net\\\/images\\\/fjala\\\/prec_zogaj.jpg\",\"datePublished\":\"2010-05-22T08:59:23+00:00\",\"breadcrumb\":{\"@id\":\"https:\\\/\\\/fjala.info\\\/2009-2015\\\/drejt-zgjidhjes-ose-zgjedhjeve\\\/#breadcrumb\"},\"inLanguage\":\"sq-AL\",\"potentialAction\":[{\"@type\":\"ReadAction\",\"target\":[\"https:\\\/\\\/fjala.info\\\/2009-2015\\\/drejt-zgjidhjes-ose-zgjedhjeve\\\/\"]}]},{\"@type\":\"ImageObject\",\"inLanguage\":\"sq-AL\",\"@id\":\"https:\\\/\\\/fjala.info\\\/2009-2015\\\/drejt-zgjidhjes-ose-zgjedhjeve\\\/#primaryimage\",\"url\":\"http:\\\/\\\/www.shkoder.net\\\/images\\\/fjala\\\/prec_zogaj.jpg\",\"contentUrl\":\"http:\\\/\\\/www.shkoder.net\\\/images\\\/fjala\\\/prec_zogaj.jpg\"},{\"@type\":\"BreadcrumbList\",\"@id\":\"https:\\\/\\\/fjala.info\\\/2009-2015\\\/drejt-zgjidhjes-ose-zgjedhjeve\\\/#breadcrumb\",\"itemListElement\":[{\"@type\":\"ListItem\",\"position\":1,\"name\":\"Home\",\"item\":\"https:\\\/\\\/fjala.info\\\/2009-2015\\\/\"},{\"@type\":\"ListItem\",\"position\":2,\"name\":\"Drejt zgjidhjes ose zgjedhjeve\"}]},{\"@type\":\"WebSite\",\"@id\":\"https:\\\/\\\/fjala.info\\\/2009-2015\\\/#website\",\"url\":\"https:\\\/\\\/fjala.info\\\/2009-2015\\\/\",\"name\":\"FjALA e LIR\u00cb - Arkivi\",\"description\":\"Arkivi 2009-2015\",\"publisher\":{\"@id\":\"https:\\\/\\\/fjala.info\\\/2009-2015\\\/#organization\"},\"potentialAction\":[{\"@type\":\"SearchAction\",\"target\":{\"@type\":\"EntryPoint\",\"urlTemplate\":\"https:\\\/\\\/fjala.info\\\/2009-2015\\\/?s={search_term_string}\"},\"query-input\":{\"@type\":\"PropertyValueSpecification\",\"valueRequired\":true,\"valueName\":\"search_term_string\"}}],\"inLanguage\":\"sq-AL\"},{\"@type\":\"Organization\",\"@id\":\"https:\\\/\\\/fjala.info\\\/2009-2015\\\/#organization\",\"name\":\"FjALA e LIR\u00cb - Arkivi\",\"url\":\"https:\\\/\\\/fjala.info\\\/2009-2015\\\/\",\"logo\":{\"@type\":\"ImageObject\",\"inLanguage\":\"sq-AL\",\"@id\":\"https:\\\/\\\/fjala.info\\\/2009-2015\\\/#\\\/schema\\\/logo\\\/image\\\/\",\"url\":\"\",\"contentUrl\":\"\",\"caption\":\"FjALA e LIR\u00cb - Arkivi\"},\"image\":{\"@id\":\"https:\\\/\\\/fjala.info\\\/2009-2015\\\/#\\\/schema\\\/logo\\\/image\\\/\"}},{\"@type\":\"Person\",\"@id\":\"https:\\\/\\\/fjala.info\\\/2009-2015\\\/#\\\/schema\\\/person\\\/3aa1163ef05469c496fc94e77611ada2\",\"name\":\"admin\",\"image\":{\"@type\":\"ImageObject\",\"inLanguage\":\"sq-AL\",\"@id\":\"https:\\\/\\\/fjala.info\\\/2009-2015\\\/wp-content\\\/uploads\\\/2012\\\/02\\\/arben_cokaj-120x150.jpg\",\"url\":\"https:\\\/\\\/fjala.info\\\/2009-2015\\\/wp-content\\\/uploads\\\/2012\\\/02\\\/arben_cokaj-120x150.jpg\",\"contentUrl\":\"https:\\\/\\\/fjala.info\\\/2009-2015\\\/wp-content\\\/uploads\\\/2012\\\/02\\\/arben_cokaj-120x150.jpg\",\"caption\":\"admin\"},\"description\":\"Admin, Fjala e Lir\u00eb\",\"sameAs\":[\"https:\\\/\\\/fjala.info\\\/\"],\"url\":\"https:\\\/\\\/fjala.info\\\/2009-2015\\\/author\\\/admin\\\/\"}]}<\/script>\n<!-- \/ Yoast SEO plugin. -->","yoast_head_json":{"title":"Drejt zgjidhjes ose zgjedhjeve - FjALA e LIR\u00cb - Arkivi","robots":{"index":"index","follow":"follow","max-snippet":"max-snippet:-1","max-image-preview":"max-image-preview:large","max-video-preview":"max-video-preview:-1"},"canonical":"https:\/\/fjala.info\/2009-2015\/drejt-zgjidhjes-ose-zgjedhjeve\/","og_locale":"sq_AL","og_type":"article","og_title":"Drejt zgjidhjes ose zgjedhjeve - FjALA e LIR\u00cb - Arkivi","og_description":"Pre\u00e7 Zogaj, 22.05.2010 Takimi i Strasburgut p\u00ebr Shqip\u00ebrin\u00eb sh\u00ebnoi nj\u00eb zhvillim t\u00eb madh n\u00eb p\u00ebrpjekjen e gjat\u00eb t\u00eb opozit\u00ebs shqiptare dhe faktorit nd\u00ebrkomb\u00ebtar p\u00ebr t\u00eb zhbllokuar transparenc\u00ebn e zgjedhjeve t\u00eb 28 qershorit. E djathta dhe e majta europiane thirren shqiptar\u00ebt p\u00ebr t&#8217;u marr\u00eb vesh, pasi ishin marr\u00eb vesh me nj\u00ebra tjetr\u00ebn, pra pasi kishin r\u00ebn\u00eb [&hellip;]","og_url":"https:\/\/fjala.info\/2009-2015\/drejt-zgjidhjes-ose-zgjedhjeve\/","og_site_name":"FjALA e LIR\u00cb - Arkivi","article_published_time":"2010-05-22T08:59:23+00:00","og_image":[{"url":"http:\/\/www.shkoder.net\/images\/fjala\/prec_zogaj.jpg","type":"","width":"","height":""}],"author":"admin","twitter_card":"summary_large_image","twitter_misc":{"Written by":"admin","Est. reading time":"5 minutes"},"schema":{"@context":"https:\/\/schema.org","@graph":[{"@type":"Article","@id":"https:\/\/fjala.info\/2009-2015\/drejt-zgjidhjes-ose-zgjedhjeve\/#article","isPartOf":{"@id":"https:\/\/fjala.info\/2009-2015\/drejt-zgjidhjes-ose-zgjedhjeve\/"},"author":{"name":"admin","@id":"https:\/\/fjala.info\/2009-2015\/#\/schema\/person\/3aa1163ef05469c496fc94e77611ada2"},"headline":"Drejt zgjidhjes ose zgjedhjeve","datePublished":"2010-05-22T08:59:23+00:00","mainEntityOfPage":{"@id":"https:\/\/fjala.info\/2009-2015\/drejt-zgjidhjes-ose-zgjedhjeve\/"},"wordCount":1050,"commentCount":0,"publisher":{"@id":"https:\/\/fjala.info\/2009-2015\/#organization"},"image":{"@id":"https:\/\/fjala.info\/2009-2015\/drejt-zgjidhjes-ose-zgjedhjeve\/#primaryimage"},"thumbnailUrl":"http:\/\/www.shkoder.net\/images\/fjala\/prec_zogaj.jpg","articleSection":["Artikuj"],"inLanguage":"sq-AL","potentialAction":[{"@type":"CommentAction","name":"Comment","target":["https:\/\/fjala.info\/2009-2015\/drejt-zgjidhjes-ose-zgjedhjeve\/#respond"]}]},{"@type":"WebPage","@id":"https:\/\/fjala.info\/2009-2015\/drejt-zgjidhjes-ose-zgjedhjeve\/","url":"https:\/\/fjala.info\/2009-2015\/drejt-zgjidhjes-ose-zgjedhjeve\/","name":"Drejt zgjidhjes ose zgjedhjeve - FjALA e LIR\u00cb - Arkivi","isPartOf":{"@id":"https:\/\/fjala.info\/2009-2015\/#website"},"primaryImageOfPage":{"@id":"https:\/\/fjala.info\/2009-2015\/drejt-zgjidhjes-ose-zgjedhjeve\/#primaryimage"},"image":{"@id":"https:\/\/fjala.info\/2009-2015\/drejt-zgjidhjes-ose-zgjedhjeve\/#primaryimage"},"thumbnailUrl":"http:\/\/www.shkoder.net\/images\/fjala\/prec_zogaj.jpg","datePublished":"2010-05-22T08:59:23+00:00","breadcrumb":{"@id":"https:\/\/fjala.info\/2009-2015\/drejt-zgjidhjes-ose-zgjedhjeve\/#breadcrumb"},"inLanguage":"sq-AL","potentialAction":[{"@type":"ReadAction","target":["https:\/\/fjala.info\/2009-2015\/drejt-zgjidhjes-ose-zgjedhjeve\/"]}]},{"@type":"ImageObject","inLanguage":"sq-AL","@id":"https:\/\/fjala.info\/2009-2015\/drejt-zgjidhjes-ose-zgjedhjeve\/#primaryimage","url":"http:\/\/www.shkoder.net\/images\/fjala\/prec_zogaj.jpg","contentUrl":"http:\/\/www.shkoder.net\/images\/fjala\/prec_zogaj.jpg"},{"@type":"BreadcrumbList","@id":"https:\/\/fjala.info\/2009-2015\/drejt-zgjidhjes-ose-zgjedhjeve\/#breadcrumb","itemListElement":[{"@type":"ListItem","position":1,"name":"Home","item":"https:\/\/fjala.info\/2009-2015\/"},{"@type":"ListItem","position":2,"name":"Drejt zgjidhjes ose zgjedhjeve"}]},{"@type":"WebSite","@id":"https:\/\/fjala.info\/2009-2015\/#website","url":"https:\/\/fjala.info\/2009-2015\/","name":"FjALA e LIR\u00cb - Arkivi","description":"Arkivi 2009-2015","publisher":{"@id":"https:\/\/fjala.info\/2009-2015\/#organization"},"potentialAction":[{"@type":"SearchAction","target":{"@type":"EntryPoint","urlTemplate":"https:\/\/fjala.info\/2009-2015\/?s={search_term_string}"},"query-input":{"@type":"PropertyValueSpecification","valueRequired":true,"valueName":"search_term_string"}}],"inLanguage":"sq-AL"},{"@type":"Organization","@id":"https:\/\/fjala.info\/2009-2015\/#organization","name":"FjALA e LIR\u00cb - Arkivi","url":"https:\/\/fjala.info\/2009-2015\/","logo":{"@type":"ImageObject","inLanguage":"sq-AL","@id":"https:\/\/fjala.info\/2009-2015\/#\/schema\/logo\/image\/","url":"","contentUrl":"","caption":"FjALA e LIR\u00cb - Arkivi"},"image":{"@id":"https:\/\/fjala.info\/2009-2015\/#\/schema\/logo\/image\/"}},{"@type":"Person","@id":"https:\/\/fjala.info\/2009-2015\/#\/schema\/person\/3aa1163ef05469c496fc94e77611ada2","name":"admin","image":{"@type":"ImageObject","inLanguage":"sq-AL","@id":"https:\/\/fjala.info\/2009-2015\/wp-content\/uploads\/2012\/02\/arben_cokaj-120x150.jpg","url":"https:\/\/fjala.info\/2009-2015\/wp-content\/uploads\/2012\/02\/arben_cokaj-120x150.jpg","contentUrl":"https:\/\/fjala.info\/2009-2015\/wp-content\/uploads\/2012\/02\/arben_cokaj-120x150.jpg","caption":"admin"},"description":"Admin, Fjala e Lir\u00eb","sameAs":["https:\/\/fjala.info\/"],"url":"https:\/\/fjala.info\/2009-2015\/author\/admin\/"}]}},"_links":{"self":[{"href":"https:\/\/fjala.info\/2009-2015\/wp-json\/wp\/v2\/posts\/2762","targetHints":{"allow":["GET"]}}],"collection":[{"href":"https:\/\/fjala.info\/2009-2015\/wp-json\/wp\/v2\/posts"}],"about":[{"href":"https:\/\/fjala.info\/2009-2015\/wp-json\/wp\/v2\/types\/post"}],"author":[{"embeddable":true,"href":"https:\/\/fjala.info\/2009-2015\/wp-json\/wp\/v2\/users\/1"}],"replies":[{"embeddable":true,"href":"https:\/\/fjala.info\/2009-2015\/wp-json\/wp\/v2\/comments?post=2762"}],"version-history":[{"count":0,"href":"https:\/\/fjala.info\/2009-2015\/wp-json\/wp\/v2\/posts\/2762\/revisions"}],"wp:attachment":[{"href":"https:\/\/fjala.info\/2009-2015\/wp-json\/wp\/v2\/media?parent=2762"}],"wp:term":[{"taxonomy":"category","embeddable":true,"href":"https:\/\/fjala.info\/2009-2015\/wp-json\/wp\/v2\/categories?post=2762"},{"taxonomy":"post_tag","embeddable":true,"href":"https:\/\/fjala.info\/2009-2015\/wp-json\/wp\/v2\/tags?post=2762"}],"curies":[{"name":"wp","href":"https:\/\/api.w.org\/{rel}","templated":true}]}}