{"id":2760,"date":"2010-05-22T09:57:42","date_gmt":"2010-05-22T08:57:42","guid":{"rendered":"http:\/\/fjala.shkoder.net\/?p=2760"},"modified":"2010-05-22T09:57:42","modified_gmt":"2010-05-22T08:57:42","slug":"te-luash-eros-politike","status":"publish","type":"post","link":"https:\/\/fjala.info\/2009-2015\/te-luash-eros-politike\/","title":{"rendered":"T\u00cb LUASH EROS-POLITIKE"},"content":{"rendered":"<p><strong>Monika Shoshori Stafa<\/strong><\/p>\n<p>N\u00eb Shqip\u00ebrin\u00eb e dy dekadave t\u00eb fundme euro-politika \u00ebsht\u00eb vet\u00ebm nj\u00eb vullnet i mire. Nd\u00ebrsa n\u00eb at\u00eb bashk\u00ebkohore rock-politic nuk ka, sepse nuk ka kush ta b\u00ebj\u00eb. Por n\u00eb Shqip\u00ebri ka me boll\u00ebk eros-politik\u00eb. Jo n\u00eb at\u00eb kuptim q\u00eb p\u00ebrdorej kjo fjal\u00eb n\u00eb vitet e luft\u00ebs, kur thuhej se partizan\u00ebt dhe partizanet kishin zgjedhur malet p\u00ebr t\u00eb b\u00ebr\u00eb dashuri. Gjat\u00eb dy jav\u00ebve t\u00eb fundme, gj\u00ebja m\u00eb cinike q\u00eb \u00ebsht\u00eb pohuar prej politikan\u00ebsh e analist\u00ebsh, \u00ebsht\u00eb krahasimi i \u00e7adrave t\u00eb grevist\u00ebve me kampingjet e qejfit. Sot sundon eros-politika, sepse njer\u00ebzit e duan politik\u00ebn  me eros; dhe harxhojn\u00eb pa kursim energji emocionale p\u00ebr t\u00eb.<\/p>\n<p>Gjat\u00eb nj\u00eb gjysme shekulli, n\u00eb em\u00ebr t\u00eb past\u00ebrtis\u00eb klasore, politikat bolshevike likuiduan elitat shqiptare t\u00eb nj\u00eb kohe t\u00eb shkuar, \u201cintelektual\u00ebt borgjez\u00eb\u201d. Gjat\u00eb dy dekadave t\u00eb fundme politikat e reja shqiptare vepruan me nj\u00eb fuqi jasht\u00ebhedh\u00ebse t\u00eb p\u00ebrbindshme ndaj njeriut t\u00eb mendjes. Edhe ajo elit\u00eb q\u00eb kishte nisur t\u00eb m\u00ebsohej me sjellje t\u00eb fisme u depersonalizua. Shkrimtar\u00ebt lan\u00eb penat dhe u b\u00ebn\u00eb deputet\u00eb. Mjek\u00ebt lan\u00eb klinikat dhe u b\u00ebn\u00eb ministra. Piktor\u00ebt dhe skulptor\u00ebt lan\u00eb galerit\u00eb dhe u b\u00ebn\u00eb funksionar\u00eb. Gazetar\u00ebt lan\u00eb profesionin e tyre dhe u b\u00ebn\u00eb z\u00ebdh\u00ebn\u00ebs, sekretar\u00eb, k\u00ebshilltar\u00eb. Nuk u shenjua qoft\u00eb dhe nj\u00eb rast, si ai i E. \u00c7abejt, i cili, n\u00eb vitin 1942, kur u em\u00ebrua minist\u00ebr pa e pyetur njeri, u p\u00ebrgjigj: \u201cN\u00ebse v\u00ebrtet mendoni se k\u00ebt\u00eb vendim e keni marr\u00eb p\u00ebr t\u00eb mir\u00ebn time, ju lutem m\u00eb shtoni dhe disa muaj burs\u00ebn p\u00ebr t\u00eb p\u00ebrfunduar pjes\u00ebn p\u00ebr Shqip\u00ebrin\u00eb n\u00eb atlasin e gjuh\u00ebve europiane\u201d.<\/p>\n<p>Q\u00eb krizat t\u00eb detyrojn\u00eb pushtetet t\u00eb shfaqen n\u00eb an\u00ebn e vet m\u00eb t\u00eb err\u00ebt, kjo \u00ebsht\u00eb m\u00eb se normale. Por q\u00eb krizat t\u00eb depersonalizojn\u00eb at\u00eb q\u00eb, me apo pa merit\u00eb, pretendon t\u00eb quhet elit\u00eb e re, kjo \u00ebsht\u00eb krejt e papritur. E vetmja gj\u00eb q\u00eb mund t\u00eb pohohet n\u00eb k\u00ebt\u00eb rast \u00ebsht\u00eb se elita shqiptare vuan dhimbjet e politik\u00ebs.<\/p>\n<p>N\u00eb fillimet e demokracis\u00eb ndodhi p\u00ebr her\u00eb t\u00eb par\u00eb p\u00ebrdorimi politik i intelektual\u00ebve. Nw dy jav\u00ebt e para t\u00eb majit u provua se sa jemi gabuar. Rreshtimi politik tregoi dhe nj\u00eb her\u00eb fuqin\u00eb e vet. U pa shum\u00eb qart\u00eb se sa e mjer\u00eb \u00ebsht\u00eb gjendja e elit\u00ebs &#8211; i th\u00ebn\u00e7in! N\u00eb Shqip\u00ebri, para se t\u00eb pranohet prekja prej depresionit t\u00eb madh ekonomik bot\u00ebror, duhet t\u00eb njihet ky realitet tjet\u00ebr: d\u00ebshp\u00ebrimi t\u00ebr\u00ebsor intelektual.<\/p>\n<p>Po pse ndodh kjo n\u00eb Shqip\u00ebri? Intelektual\u00ebt shqiptar\u00eb nuk merren me politik\u00eb, por e dashurojn\u00eb at\u00eb; nuk konformohen me politik\u00ebn, por e adhurojn\u00eb verb\u00ebrisht at\u00eb. Ose, m\u00eb sakt\u00eb, nga shkrirja e kufijve midis politik\u00ebs dhe intelektual\u00ebve ka dal\u00eb nj\u00eb bi\u00e7im hibrid q\u00eb nuk njihet askund: eros-politika. Intelektualit shqiptar i dridhet z\u00ebri kur flet p\u00ebr lidershipin, aq sa t\u00eb dashurat \/ t\u00eb dashurit e tyre me t\u00eb drejt\u00eb duhet t\u00eb b\u00ebhen xheloz\u00eb pwr kwtw gjendje t\u00eb till\u00eb emocionale t\u00eb lart\u00eb n\u00eb dashuri. Intelektuali shqiptar nuk \u00e7on trupat speciale p\u00ebr t\u00eb mbik\u00ebqyrur nj\u00eb situat\u00eb, por ngjitet vet\u00eb n\u00eb terrac\u00eb t\u00eb rezidenc\u00ebs qeveritare t\u00eb komandoj\u00eb si gjeneral. Intelektuali shqiptar nuk k\u00ebnaqet t\u00eb mb\u00ebshtes\u00eb liderin, por duhet t\u2019ia shpreh\u00eb publikisht adhurimin atij.<\/p>\n<p>Nga p\u00ebrzierja e politikanit me artistin dhe shkrimtarin ka dal\u00eb nj\u00eb rac\u00eb protagonist\u00ebsh q\u00eb t\u00eb habisin m\u00eb s\u00eb shumti. Ata nuk e kan\u00eb haberin se politika \u00ebsht\u00eb art i s\u00eb mundshmes, q\u00eb do t\u00eb thot\u00eb i gjetjes s\u00eb asaj pike ku konvergojn\u00eb interesat e pal\u00ebve. Ata thjesht mendojn\u00eb si shefi dhe e dramatizojn\u00eb, e aktrojn\u00eb, e deklamojn\u00eb, e kthejn\u00eb n\u00eb recital shprehjen e tyre publike. Ata kan\u00eb vet\u00ebm nj\u00eb kompleks, kompleksin e heroizmit. Ata mendojn\u00eb se rolet e tyre n\u00eb filma dhe karakteret e tyre n\u00eb libra jan\u00eb ata vet\u00eb. Ata mendojn\u00eb se po t\u00eb ken\u00eb luajtur Mine Pez\u00ebn n\u00eb teat\u00ebr apo kinema, jan\u00eb Mine Peza vet\u00eb.<br \/>\nDhe k\u00ebshtu, t\u00eb depersonalizuar gjer n\u00eb inde nga politika dhe t\u00eb pavet\u00ebdijsh\u00ebm p\u00ebr kompleksin e heroizmit q\u00eb kan\u00eb brenda vetes, ata jan\u00eb kthyer n\u00eb parodin\u00eb e koh\u00ebs dhe nuk kan\u00eb b\u00ebr\u00eb gj\u00eb tjet\u00ebr p\u00ebrve\u00e7se zanatin e tyre, n\u00eb martes\u00ebn me politik\u00ebn, e kan\u00eb kthyer n\u00eb nj\u00eb t\u00eb nd\u00ebrmjetme t\u00eb sh\u00ebmtuar: eros-politik\u00eb.<\/p>\n<p>\u201cGaztor\u00ebt e oborreve\u201d e kan\u00eb p\u00ebr zakon q\u00eb dashurimin e politik\u00ebs ta shprehin hapur, ta manifestojn\u00eb, ta b\u00ebrtasin. Ata shkojn\u00eb p\u00ebr humaniz\u00ebm p\u00ebr t\u00eb vizituar grevist\u00ebt dhe m\u00eb par\u00eb kalojn\u00eb nga stilist\u00ebt dhe njoftojn\u00eb kamerat televizive, q\u00eb vizita t\u00eb b\u00ebhet ngjarje. Atyre nuk u intereson se si jan\u00eb grevist\u00ebt, a mund ta shtyjn\u00eb edhe m\u00eb tej apo jo, por u intereson q\u00eb lideri t\u2019i shoh\u00eb n\u00eb edicionin e lajmeve n\u00eb mesdit\u00eb. Ata shkojn\u00eb t\u00eb shprehin dashurin\u00eb p\u00ebr politik\u00ebn.<\/p>\n<p>Kur i sheh intelektual\u00ebt shqiptar\u00eb aq t\u00eb k\u00ebndellur, t\u00eb p\u00ebrndezur, t\u00eb eksituar, t\u00eb dalldisur ndaj politik\u00ebs dhe t\u00eb nd\u00ebrsyer ndaj nj\u00ebri-tjetrit, e kupton se sa e pashpres\u00eb \u00ebsht\u00eb t\u00eb mendosh nj\u00eb Celentano apo nj\u00eb Benigni shqiptar q\u00eb t\u00eb grushtoj\u00eb politik\u00ebn (\u201crock-politic\u201d). Dhe e kupton m\u00eb s\u00eb miri se euro-politika n\u00eb Shqip\u00ebri \u00ebsht\u00eb nj\u00eb \u00ebnd\u00ebrr e larg\u00ebt. Sepse ky \u00ebsht\u00eb nj\u00eb vend ku edhe n\u00eb nj\u00eb debat televiziv duhet t\u00eb jen\u00eb \u201cnj\u00eb imi, nj\u00eb yti\u201d dhe n\u00eb fund duhet t\u00eb fitoj\u00eb ai q\u00eb kontrollon edhe drejtuesin.<\/p>\n<p>P\u00ebr t\u00eb lexuar nj\u00eb koh\u00eb gj\u00ebja m\u00eb e r\u00ebnd\u00ebsishme jan\u00eb sloganet. Dhe pik\u00ebrisht sloganet e kund\u00ebrsloganet e k\u00ebsaj kohe shprehin thelbin e gjendjes s\u00eb d\u00ebshp\u00ebruar ku jemi. Esht\u00eb fiziologjikisht e p\u00ebrligjur q\u00eb, dy jav\u00eb pas hyrjes n\u00eb grev\u00eb urie, t\u00eb ngujuarit t\u00eb rrojn\u00eb me psikoza, t\u00eb fillojn\u00eb t\u00eb besojn\u00eb se jan\u00eb pjesa m\u00eb sublime e kombit; t\u00eb k\u00ebndojn\u00eb me zjarrmi vargjet e Naimit \u201cKur m\u00eb shihni se jam tretur \/ mos pandehni se kam vdekur\u201d. Sepse mjek\u00ebt thon\u00eb se pas jav\u00ebs s\u00eb par\u00eb t\u00eb uris\u00eb fillojn\u00eb halucinacionet. Por m\u00eb shum\u00eb halucinacione kan\u00eb heronjt\u00eb q\u00eb jan\u00eb jasht\u00eb, t\u00eb cil\u00ebt madje i zem\u00ebron qet\u00ebsia e grevist\u00ebve. Ata evokojn\u00eb me shpirt madh\u00ebshtor nj\u00eb grev\u00eb q\u00eb i kan\u00eb prir\u00eb, nj\u00eb t\u00eb shtyr\u00eb n\u00eb nj\u00eb fushat\u00eb; q\u00eb lideri ta d\u00ebgjoj\u00eb dhe nj\u00eb her\u00eb si kan\u00eb rrezikuar p\u00ebr t\u00eb, pa e p\u00ebrfillur logjik\u00ebn normale, e cila m\u00eb p\u00ebrpara duhej t\u00eb kujtonte se si rrojn\u00eb njer\u00ebzit duke num\u00ebruar vahtet sepse u mungon buka e goj\u00ebs.<\/p>\n<p>Eros-politika \u00ebsht\u00eb stili shqiptar i t\u00eb b\u00ebrit politik\u00eb. Intelektuali shqiptar, jo deri n\u00eb vitet 1990, kur me kushtetut\u00eb ndalohej mendimi ndryshe nenit 5, ku ideologjia komuniste shpallej ideologji e vetme; por edhe sot, dy dekada pas p\u00ebrmbysjes s\u00eb totalitarizmit, nuk guxojn\u00eb t\u00eb mendojn\u00eb ndryshe. Jo vet\u00ebm q\u00eb nuk guxojn\u00eb t\u00eb mendojn\u00eb ndryshe, por, edhe kur mendojn\u00eb nj\u00ebsoj si lideri, mendojn\u00eb me afsh, mendojn\u00eb me dashuri t\u00eb verb\u00ebr, mendojn\u00eb me trurin e partis\u00eb. Ata mund t\u00eb pranojn\u00eb t\u2019u ironizohet e folura, veshja, mbiemri, emri, familja, atdheu, por nuk mund t\u00eb pranojn\u00eb qoft\u00eb dhe nj\u00eb fjal\u00eb t\u00eb vetme dyshuese kund\u00ebr liderit. Dhe nuk \u00ebsht\u00eb nj\u00eb adhurim fetar, \u00ebsht\u00eb nj\u00eb dhurim i vetvetes, \u00ebsht\u00eb nj\u00eb dedikim i vetvetes.<\/p>\n<p>Politika shqiptare \u00ebsht\u00eb zhburr\u00ebruar, elita shqiptare \u00ebsht\u00eb rifshatarizuar dhe t\u00eb dyja bashk\u00eb, n\u00ebn nj\u00eb kostum euro-kloni, kan\u00eb b\u00ebr\u00eb eros-politik\u00ebn. E \u00e7far\u00eb ka ndryshuar n\u00eb krahasim me dy dekada m\u00eb par\u00eb, kur poeti vjersh\u00ebn e par\u00eb duhej t\u2019ia kushtonte partis\u00eb; kur piktori tablon\u00eb e pare duhej t\u2019ia kushtonte udh\u00ebheq\u00ebsit; kur aktori duhej t\u00eb parakalonte n\u00eb rrug\u00ebn e Elbasanit, para ish-ambasad\u00ebs sovjetike, kryelart\u00eb?!\u201d Kjo \u00ebsht\u00eb Shqip\u00ebria e sotme, kur ende nuk guxohet t\u00eb thuhet se njeriu \u00ebsht\u00eb i lir\u00eb t\u00eb shkoj\u00eb deri tek mosbindja qytetare; dhe kjo \u00ebsht\u00eb kushtetuese; kur ende elitat rreshtohen pro liderit nj\u00ebsoj si intelektual\u00ebt &#8211; ndihm\u00ebs t\u00eb partis\u00eb n\u00eb vitet 1980, q\u00eb hiqnin dor\u00eb vullnetarisht nga Tirana, nga jeta qytetare, nga puna dhe paga e mir\u00eb, nga honoraret, nga pushimet verore, sepse ashtu donte i pari. Kjo \u00ebsht\u00eb Shqip\u00ebria, e cila kurr\u00eb ndonj\u00ebher\u00eb nuk arriti t\u00eb ket\u00eb nj\u00eb elit\u00eb t\u00eb v\u00ebrtet\u00eb si n\u00eb vitet 1920-1930, kur shtetar\u00ebt hiqnin dor\u00eb nga shp\u00ebrblimi p\u00ebr t\u2019ua \u00e7uar p\u00ebrfitimin zgjedh\u00ebsve; megjith\u00ebse at\u00ebher\u00eb vendi nuk kishte as universitete, as akademi, dhe as institucione arti.<br \/>\nEros-politika \u00ebsht\u00eb d\u00ebshp\u00ebrimi i Shqip\u00ebris\u00eb s\u00eb sotme.<\/p>\n","protected":false},"excerpt":{"rendered":"<p>Monika Shoshori Stafa N\u00eb Shqip\u00ebrin\u00eb e dy dekadave t\u00eb fundme euro-politika \u00ebsht\u00eb vet\u00ebm nj\u00eb vullnet i mire. Nd\u00ebrsa n\u00eb at\u00eb bashk\u00ebkohore rock-politic nuk ka, sepse nuk ka kush ta b\u00ebj\u00eb. Por n\u00eb Shqip\u00ebri ka me boll\u00ebk eros-politik\u00eb. Jo n\u00eb at\u00eb kuptim q\u00eb p\u00ebrdorej kjo fjal\u00eb n\u00eb vitet e luft\u00ebs, kur thuhej se partizan\u00ebt dhe partizanet [&hellip;]<\/p>\n","protected":false},"author":1,"featured_media":0,"comment_status":"open","ping_status":"closed","sticky":false,"template":"","format":"standard","meta":{"footnotes":""},"categories":[2],"tags":[],"class_list":{"0":"post-2760","1":"post","2":"type-post","3":"status-publish","4":"format-standard","6":"category-artikuj"},"yoast_head":"<!-- This site is optimized with the Yoast SEO plugin v27.4 - https:\/\/yoast.com\/product\/yoast-seo-wordpress\/ -->\n<title>T\u00cb LUASH EROS-POLITIKE - FjALA e LIR\u00cb - Arkivi<\/title>\n<meta name=\"robots\" content=\"index, follow, max-snippet:-1, max-image-preview:large, max-video-preview:-1\" \/>\n<link rel=\"canonical\" href=\"https:\/\/fjala.info\/2009-2015\/te-luash-eros-politike\/\" \/>\n<meta property=\"og:locale\" content=\"sq_AL\" \/>\n<meta property=\"og:type\" content=\"article\" \/>\n<meta property=\"og:title\" content=\"T\u00cb LUASH EROS-POLITIKE - FjALA e LIR\u00cb - Arkivi\" \/>\n<meta property=\"og:description\" content=\"Monika Shoshori Stafa N\u00eb Shqip\u00ebrin\u00eb e dy dekadave t\u00eb fundme euro-politika \u00ebsht\u00eb vet\u00ebm nj\u00eb vullnet i mire. Nd\u00ebrsa n\u00eb at\u00eb bashk\u00ebkohore rock-politic nuk ka, sepse nuk ka kush ta b\u00ebj\u00eb. Por n\u00eb Shqip\u00ebri ka me boll\u00ebk eros-politik\u00eb. Jo n\u00eb at\u00eb kuptim q\u00eb p\u00ebrdorej kjo fjal\u00eb n\u00eb vitet e luft\u00ebs, kur thuhej se partizan\u00ebt dhe partizanet [&hellip;]\" \/>\n<meta property=\"og:url\" content=\"https:\/\/fjala.info\/2009-2015\/te-luash-eros-politike\/\" \/>\n<meta property=\"og:site_name\" content=\"FjALA e LIR\u00cb - Arkivi\" \/>\n<meta property=\"article:published_time\" content=\"2010-05-22T08:57:42+00:00\" \/>\n<meta name=\"author\" content=\"admin\" \/>\n<meta name=\"twitter:card\" content=\"summary_large_image\" \/>\n<meta name=\"twitter:label1\" content=\"Written by\" \/>\n\t<meta name=\"twitter:data1\" content=\"admin\" \/>\n\t<meta name=\"twitter:label2\" content=\"Est. reading time\" \/>\n\t<meta name=\"twitter:data2\" content=\"7 minutes\" \/>\n<script type=\"application\/ld+json\" class=\"yoast-schema-graph\">{\"@context\":\"https:\\\/\\\/schema.org\",\"@graph\":[{\"@type\":\"Article\",\"@id\":\"https:\\\/\\\/fjala.info\\\/2009-2015\\\/te-luash-eros-politike\\\/#article\",\"isPartOf\":{\"@id\":\"https:\\\/\\\/fjala.info\\\/2009-2015\\\/te-luash-eros-politike\\\/\"},\"author\":{\"name\":\"admin\",\"@id\":\"https:\\\/\\\/fjala.info\\\/2009-2015\\\/#\\\/schema\\\/person\\\/3aa1163ef05469c496fc94e77611ada2\"},\"headline\":\"T\u00cb LUASH EROS-POLITIKE\",\"datePublished\":\"2010-05-22T08:57:42+00:00\",\"mainEntityOfPage\":{\"@id\":\"https:\\\/\\\/fjala.info\\\/2009-2015\\\/te-luash-eros-politike\\\/\"},\"wordCount\":1465,\"commentCount\":0,\"publisher\":{\"@id\":\"https:\\\/\\\/fjala.info\\\/2009-2015\\\/#organization\"},\"articleSection\":[\"Artikuj\"],\"inLanguage\":\"sq-AL\",\"potentialAction\":[{\"@type\":\"CommentAction\",\"name\":\"Comment\",\"target\":[\"https:\\\/\\\/fjala.info\\\/2009-2015\\\/te-luash-eros-politike\\\/#respond\"]}]},{\"@type\":\"WebPage\",\"@id\":\"https:\\\/\\\/fjala.info\\\/2009-2015\\\/te-luash-eros-politike\\\/\",\"url\":\"https:\\\/\\\/fjala.info\\\/2009-2015\\\/te-luash-eros-politike\\\/\",\"name\":\"T\u00cb LUASH EROS-POLITIKE - FjALA e LIR\u00cb - Arkivi\",\"isPartOf\":{\"@id\":\"https:\\\/\\\/fjala.info\\\/2009-2015\\\/#website\"},\"datePublished\":\"2010-05-22T08:57:42+00:00\",\"breadcrumb\":{\"@id\":\"https:\\\/\\\/fjala.info\\\/2009-2015\\\/te-luash-eros-politike\\\/#breadcrumb\"},\"inLanguage\":\"sq-AL\",\"potentialAction\":[{\"@type\":\"ReadAction\",\"target\":[\"https:\\\/\\\/fjala.info\\\/2009-2015\\\/te-luash-eros-politike\\\/\"]}]},{\"@type\":\"BreadcrumbList\",\"@id\":\"https:\\\/\\\/fjala.info\\\/2009-2015\\\/te-luash-eros-politike\\\/#breadcrumb\",\"itemListElement\":[{\"@type\":\"ListItem\",\"position\":1,\"name\":\"Home\",\"item\":\"https:\\\/\\\/fjala.info\\\/2009-2015\\\/\"},{\"@type\":\"ListItem\",\"position\":2,\"name\":\"T\u00cb LUASH EROS-POLITIKE\"}]},{\"@type\":\"WebSite\",\"@id\":\"https:\\\/\\\/fjala.info\\\/2009-2015\\\/#website\",\"url\":\"https:\\\/\\\/fjala.info\\\/2009-2015\\\/\",\"name\":\"FjALA e LIR\u00cb - Arkivi\",\"description\":\"Arkivi 2009-2015\",\"publisher\":{\"@id\":\"https:\\\/\\\/fjala.info\\\/2009-2015\\\/#organization\"},\"potentialAction\":[{\"@type\":\"SearchAction\",\"target\":{\"@type\":\"EntryPoint\",\"urlTemplate\":\"https:\\\/\\\/fjala.info\\\/2009-2015\\\/?s={search_term_string}\"},\"query-input\":{\"@type\":\"PropertyValueSpecification\",\"valueRequired\":true,\"valueName\":\"search_term_string\"}}],\"inLanguage\":\"sq-AL\"},{\"@type\":\"Organization\",\"@id\":\"https:\\\/\\\/fjala.info\\\/2009-2015\\\/#organization\",\"name\":\"FjALA e LIR\u00cb - Arkivi\",\"url\":\"https:\\\/\\\/fjala.info\\\/2009-2015\\\/\",\"logo\":{\"@type\":\"ImageObject\",\"inLanguage\":\"sq-AL\",\"@id\":\"https:\\\/\\\/fjala.info\\\/2009-2015\\\/#\\\/schema\\\/logo\\\/image\\\/\",\"url\":\"\",\"contentUrl\":\"\",\"caption\":\"FjALA e LIR\u00cb - Arkivi\"},\"image\":{\"@id\":\"https:\\\/\\\/fjala.info\\\/2009-2015\\\/#\\\/schema\\\/logo\\\/image\\\/\"}},{\"@type\":\"Person\",\"@id\":\"https:\\\/\\\/fjala.info\\\/2009-2015\\\/#\\\/schema\\\/person\\\/3aa1163ef05469c496fc94e77611ada2\",\"name\":\"admin\",\"image\":{\"@type\":\"ImageObject\",\"inLanguage\":\"sq-AL\",\"@id\":\"https:\\\/\\\/fjala.info\\\/2009-2015\\\/wp-content\\\/uploads\\\/2012\\\/02\\\/arben_cokaj-120x150.jpg\",\"url\":\"https:\\\/\\\/fjala.info\\\/2009-2015\\\/wp-content\\\/uploads\\\/2012\\\/02\\\/arben_cokaj-120x150.jpg\",\"contentUrl\":\"https:\\\/\\\/fjala.info\\\/2009-2015\\\/wp-content\\\/uploads\\\/2012\\\/02\\\/arben_cokaj-120x150.jpg\",\"caption\":\"admin\"},\"description\":\"Admin, Fjala e Lir\u00eb\",\"sameAs\":[\"https:\\\/\\\/fjala.info\\\/\"],\"url\":\"https:\\\/\\\/fjala.info\\\/2009-2015\\\/author\\\/admin\\\/\"}]}<\/script>\n<!-- \/ Yoast SEO plugin. -->","yoast_head_json":{"title":"T\u00cb LUASH EROS-POLITIKE - FjALA e LIR\u00cb - Arkivi","robots":{"index":"index","follow":"follow","max-snippet":"max-snippet:-1","max-image-preview":"max-image-preview:large","max-video-preview":"max-video-preview:-1"},"canonical":"https:\/\/fjala.info\/2009-2015\/te-luash-eros-politike\/","og_locale":"sq_AL","og_type":"article","og_title":"T\u00cb LUASH EROS-POLITIKE - FjALA e LIR\u00cb - Arkivi","og_description":"Monika Shoshori Stafa N\u00eb Shqip\u00ebrin\u00eb e dy dekadave t\u00eb fundme euro-politika \u00ebsht\u00eb vet\u00ebm nj\u00eb vullnet i mire. Nd\u00ebrsa n\u00eb at\u00eb bashk\u00ebkohore rock-politic nuk ka, sepse nuk ka kush ta b\u00ebj\u00eb. Por n\u00eb Shqip\u00ebri ka me boll\u00ebk eros-politik\u00eb. Jo n\u00eb at\u00eb kuptim q\u00eb p\u00ebrdorej kjo fjal\u00eb n\u00eb vitet e luft\u00ebs, kur thuhej se partizan\u00ebt dhe partizanet [&hellip;]","og_url":"https:\/\/fjala.info\/2009-2015\/te-luash-eros-politike\/","og_site_name":"FjALA e LIR\u00cb - Arkivi","article_published_time":"2010-05-22T08:57:42+00:00","author":"admin","twitter_card":"summary_large_image","twitter_misc":{"Written by":"admin","Est. reading time":"7 minutes"},"schema":{"@context":"https:\/\/schema.org","@graph":[{"@type":"Article","@id":"https:\/\/fjala.info\/2009-2015\/te-luash-eros-politike\/#article","isPartOf":{"@id":"https:\/\/fjala.info\/2009-2015\/te-luash-eros-politike\/"},"author":{"name":"admin","@id":"https:\/\/fjala.info\/2009-2015\/#\/schema\/person\/3aa1163ef05469c496fc94e77611ada2"},"headline":"T\u00cb LUASH EROS-POLITIKE","datePublished":"2010-05-22T08:57:42+00:00","mainEntityOfPage":{"@id":"https:\/\/fjala.info\/2009-2015\/te-luash-eros-politike\/"},"wordCount":1465,"commentCount":0,"publisher":{"@id":"https:\/\/fjala.info\/2009-2015\/#organization"},"articleSection":["Artikuj"],"inLanguage":"sq-AL","potentialAction":[{"@type":"CommentAction","name":"Comment","target":["https:\/\/fjala.info\/2009-2015\/te-luash-eros-politike\/#respond"]}]},{"@type":"WebPage","@id":"https:\/\/fjala.info\/2009-2015\/te-luash-eros-politike\/","url":"https:\/\/fjala.info\/2009-2015\/te-luash-eros-politike\/","name":"T\u00cb LUASH EROS-POLITIKE - FjALA e LIR\u00cb - Arkivi","isPartOf":{"@id":"https:\/\/fjala.info\/2009-2015\/#website"},"datePublished":"2010-05-22T08:57:42+00:00","breadcrumb":{"@id":"https:\/\/fjala.info\/2009-2015\/te-luash-eros-politike\/#breadcrumb"},"inLanguage":"sq-AL","potentialAction":[{"@type":"ReadAction","target":["https:\/\/fjala.info\/2009-2015\/te-luash-eros-politike\/"]}]},{"@type":"BreadcrumbList","@id":"https:\/\/fjala.info\/2009-2015\/te-luash-eros-politike\/#breadcrumb","itemListElement":[{"@type":"ListItem","position":1,"name":"Home","item":"https:\/\/fjala.info\/2009-2015\/"},{"@type":"ListItem","position":2,"name":"T\u00cb LUASH EROS-POLITIKE"}]},{"@type":"WebSite","@id":"https:\/\/fjala.info\/2009-2015\/#website","url":"https:\/\/fjala.info\/2009-2015\/","name":"FjALA e LIR\u00cb - Arkivi","description":"Arkivi 2009-2015","publisher":{"@id":"https:\/\/fjala.info\/2009-2015\/#organization"},"potentialAction":[{"@type":"SearchAction","target":{"@type":"EntryPoint","urlTemplate":"https:\/\/fjala.info\/2009-2015\/?s={search_term_string}"},"query-input":{"@type":"PropertyValueSpecification","valueRequired":true,"valueName":"search_term_string"}}],"inLanguage":"sq-AL"},{"@type":"Organization","@id":"https:\/\/fjala.info\/2009-2015\/#organization","name":"FjALA e LIR\u00cb - Arkivi","url":"https:\/\/fjala.info\/2009-2015\/","logo":{"@type":"ImageObject","inLanguage":"sq-AL","@id":"https:\/\/fjala.info\/2009-2015\/#\/schema\/logo\/image\/","url":"","contentUrl":"","caption":"FjALA e LIR\u00cb - Arkivi"},"image":{"@id":"https:\/\/fjala.info\/2009-2015\/#\/schema\/logo\/image\/"}},{"@type":"Person","@id":"https:\/\/fjala.info\/2009-2015\/#\/schema\/person\/3aa1163ef05469c496fc94e77611ada2","name":"admin","image":{"@type":"ImageObject","inLanguage":"sq-AL","@id":"https:\/\/fjala.info\/2009-2015\/wp-content\/uploads\/2012\/02\/arben_cokaj-120x150.jpg","url":"https:\/\/fjala.info\/2009-2015\/wp-content\/uploads\/2012\/02\/arben_cokaj-120x150.jpg","contentUrl":"https:\/\/fjala.info\/2009-2015\/wp-content\/uploads\/2012\/02\/arben_cokaj-120x150.jpg","caption":"admin"},"description":"Admin, Fjala e Lir\u00eb","sameAs":["https:\/\/fjala.info\/"],"url":"https:\/\/fjala.info\/2009-2015\/author\/admin\/"}]}},"_links":{"self":[{"href":"https:\/\/fjala.info\/2009-2015\/wp-json\/wp\/v2\/posts\/2760","targetHints":{"allow":["GET"]}}],"collection":[{"href":"https:\/\/fjala.info\/2009-2015\/wp-json\/wp\/v2\/posts"}],"about":[{"href":"https:\/\/fjala.info\/2009-2015\/wp-json\/wp\/v2\/types\/post"}],"author":[{"embeddable":true,"href":"https:\/\/fjala.info\/2009-2015\/wp-json\/wp\/v2\/users\/1"}],"replies":[{"embeddable":true,"href":"https:\/\/fjala.info\/2009-2015\/wp-json\/wp\/v2\/comments?post=2760"}],"version-history":[{"count":0,"href":"https:\/\/fjala.info\/2009-2015\/wp-json\/wp\/v2\/posts\/2760\/revisions"}],"wp:attachment":[{"href":"https:\/\/fjala.info\/2009-2015\/wp-json\/wp\/v2\/media?parent=2760"}],"wp:term":[{"taxonomy":"category","embeddable":true,"href":"https:\/\/fjala.info\/2009-2015\/wp-json\/wp\/v2\/categories?post=2760"},{"taxonomy":"post_tag","embeddable":true,"href":"https:\/\/fjala.info\/2009-2015\/wp-json\/wp\/v2\/tags?post=2760"}],"curies":[{"name":"wp","href":"https:\/\/api.w.org\/{rel}","templated":true}]}}