{"id":2758,"date":"2010-05-22T09:54:41","date_gmt":"2010-05-22T08:54:41","guid":{"rendered":"http:\/\/fjala.shkoder.net\/?p=2758"},"modified":"2010-05-22T09:54:41","modified_gmt":"2010-05-22T08:54:41","slug":"kompleksi-i-inferioritetit-i-politikes","status":"publish","type":"post","link":"https:\/\/fjala.info\/2009-2015\/kompleksi-i-inferioritetit-i-politikes\/","title":{"rendered":"Kompleksi i inferioritetit i politik\u00ebs"},"content":{"rendered":"<p><img decoding=\"async\" style=\"margin-left: 10px; margin-right: 10px; border: 0px;\" src=\"http:\/\/www.shkoder.net\/images\/fjala\/rexhep_meidani.jpg\" border=\"0\" alt=\"Rexhep Meidani\" width=\"150\" align=\"right\" \/><\/p>\n<p><strong>Rexhep Meidani<\/strong>, <em>21.05.2010<\/em><\/p>\n<p>Nd\u00ebrprerja e grev\u00ebs s\u00eb lir\u00eb, me kontributin e saj t\u00eb madh n\u00eb sh\u00ebrbim t\u00eb rritjes s\u00eb ndjeshm\u00ebris\u00eb qytetare ndaj procesit zgjedhor dhe vot\u00ebs s\u00eb lir\u00eb, ishte nj\u00eb ngjarje \u00e7liruese p\u00ebr mjedisin politik, social-ekonomik e kulturor shqiptar. Por, ama, n\u00eb k\u00ebt\u00eb \u00e7lirim mbetej p\u00ebrs\u00ebri di\u00e7ka shqet\u00ebsuese dhe e pak\u00ebndshme n\u00eb sedr\u00ebn qytetare dhe dinjitetin institucional. Ishte Strasburgu q\u00eb impononte takimin e dy lider\u00ebve politik\u00eb shqiptar\u00eb, ishte ai, q\u00eb n\u00ebp\u00ebrmjet nj\u00eb \u201cdarke pune\u201d mund\u00ebsonte dialogun, pse jo dhe ofert\u00ebn e zgjidhjes, n\u00eb prani apo n\u00ebp\u00ebrmjet drejtuesve t\u00eb grupeve kryesore parlamentare evropiane.<\/p>\n<p>Pra, nuk mjaftonte Tirana, as institucionet shqiptare dhe mbi t\u00eb gjitha as institucioni i Kryetarit t\u00eb Shtetit, q\u00eb sipas Kushtetut\u00ebs \u201cp\u00ebrfaq\u00ebson unitetin e popullit\u201d. (neni 86, 1). A nuk mish\u00ebron nj\u00eb gj\u00eb e till\u00eb nj\u00eb kompleks inferioriteti ndaj t\u00eb huajve dhe po ashtu, a nuk reflekton e d\u00ebshmon kjo se \u201cpiedestali\u201d kushtetues \u00ebsht\u00eb thjesht retorik\u00eb p\u00ebr drejtuesit e partive kryesore, por jo themel e bindje p\u00ebr veprim politik e institucional?!&#8230;<\/p>\n<p><strong>Kompleksi i inferioritetit<\/strong><br \/>\nPar\u00eb n\u00eb nj\u00eb plan individual, kompleksi i inferioritetit \u00ebsht\u00eb nj\u00eb munges\u00eb sigurie, nj\u00eb mosbesim ndaj vetvetes dhe kapaciteteve personale, nj\u00eb ndjenj\u00eb e lidhur ngusht\u00ebsisht me reagimin, veprimin e sjelljen e ndrojtur, deri t\u00eb p\u00ebrulur, para nj\u00eb individi t\u00eb dyt\u00eb apo nj\u00eb strukture t\u00eb dh\u00ebn\u00eb. Madje, n\u00eb k\u00ebt\u00eb kuptim, origjina e tij ka t\u00eb b\u00ebj\u00eb si me nj\u00eb situat\u00eb konkrete, ashtu edhe t\u00eb imagjinuar, si t\u00eb thuash nj\u00eb kombinim midis imagjinimit dhe aktualitetit, pasiguris\u00eb e ndrojtje-p\u00ebrul\u00ebsis\u00eb.<\/p>\n<p>Jo rrall\u00eb, me kompleksin e inferioritetit lidhet dhe statusi social, pushteti, egoja e dominimi, sidomos kur gjykohet se t\u00eb tjer\u00ebt jan\u00eb m\u00eb t\u00eb mir\u00eb se ju. Po t\u00eb mos ishte ky kompleks i till\u00eb kudo n\u00eb bot\u00eb nuk do t\u00eb ndodhte q\u00eb disa miliard\u00eb njer\u00ebz ta manifestonin jo pak k\u00ebt\u00eb kompleks edhe n\u00eb dit\u00ebt tona. Bile, si i till\u00eb ai shpreh ende nj\u00eb plag\u00eb psikologjike t\u00eb shoq\u00ebris\u00eb s\u00eb sotme. Por, edhe mungesa e nj\u00eb standardi minimal kulture, analize e argumentimi e favorizon k\u00ebt\u00eb kompleks. Sidomos n\u00eb fush\u00ebn politike!&#8230;<\/p>\n<p>Kompleksi i inferioritetit, m\u00eb shpesh i pand\u00ebrgjegjsh\u00ebm, shpreh nj\u00eb m\u00ebnyr\u00eb konkrete kompensimi t\u00eb turbullimeve t\u00eb brendshme dhe t\u00eb jashtme, nj\u00eb pamund\u00ebsi reflektimi e \u201dbrejtje\u201d t\u00eb brendshme, pse jo edhe frik\u00eb, p\u00ebr gabime apo veprime korruptive n\u00eb veprimtarin\u00eb individuale e kolektive. Si i till\u00eb, kompleksi i inferioritetit mund t\u00eb shfaqet dhe si nj\u00eb gjendje e avancuar e dekurajimit, t\u00eb mish\u00ebruar n\u00eb m\u00ebnyr\u00ebn e reagimit dhe sjelljes, m\u00ebnyr\u00ebs s\u00eb kalimit t\u00eb v\u00ebshtir\u00ebsive, luhatjeve nga nj\u00eb pozicionim n\u00eb tjetrin, nga nj\u00eb tension e trysni e brendshme, t\u00eb mbuluar me \u201ckap\u00ebrdisje\u201d t\u00eb jashtme force, etj.<\/p>\n<p>Pa u marr\u00eb me klasifikimin \u201cadlerian\u201d t\u00eb kompleksit primar apo atij sekondar t\u00eb inferioritetit, q\u00eb lidhet me individin dhe p\u00ebrvoj\u00ebn e tij (nga f\u00ebmij\u00ebria n\u00eb nj\u00eb mosh\u00eb madhore), n\u00eb rastin e sjelljen dhe veprimit politik, n\u00eb nivel partiak apo qeveritar, ky kompleks shpreh, po ashtu, sa nj\u00eb kok\u00ebfort\u00ebsi e refuzim, po aq edhe pasiguri subjektive dhe mosbesim t\u00eb nd\u00ebrsjell\u00eb n\u00eb arritjen e nj\u00eb q\u00ebllimi p\u00ebrfundimtar. N\u00eb thelb, mosarritja e q\u00ebllimit, distanca e konsiderueshme prej objektivit t\u00eb p\u00ebrcaktuar, shum\u00eb shpesh \u00e7on n\u00eb nj\u00eb pozicionim t\u00eb tipit negativ, t\u00eb veshur me \u201ctrim\u00ebri\u201d t\u00eb shtir\u00eb dhe retorik\u00eb t\u00eb ashp\u00ebr, duke r\u00ebn\u00eb gradualisht n\u00eb nj\u00eb p\u00ebrs\u00ebritje spontane dhe t\u00eb pand\u00ebrgjegjshme, brenda nj\u00eb rrethi vicioz q\u00ebndrimi, deklarimi e sjelljeje.<\/p>\n<p>Madje, dhe duke r\u00ebn\u00eb n\u00eb \u201cpakujdesi\u201d, nga nj\u00ebra an\u00eb me boksim \u201ct\u00eb altoparlant\u00ebve ambasadorak\u00eb apo t\u00eb ambasador\u00ebve autoparlant\u00eb\u201d dhe nga ana tjet\u00ebr, me turrje joetike ndaj t\u00eb kujto q\u00eb nuk mendonte ndryshe. Por, dhe nj\u00eb sjellje e till\u00eb mish\u00ebron dhe vet\u00eb psikoz\u00ebn e kompleksit t\u00eb inferioritetit, ku pjes\u00eb jo e vog\u00ebl e tij \u00ebsht\u00eb kompleksi i t\u00eb huajit. Shqet\u00ebsuese jan\u00eb kufizimet mendore, krijimi i \u201csituatave neurotike\u201d, q\u00eb cenojn\u00eb p\u00ebrballimin e suksessh\u00ebm t\u00eb v\u00ebshtir\u00ebsive, kap\u00ebrcimin e hezitimeve e mosbesimeve, aq m\u00eb tep\u00ebr kur n\u00eb vend analiz\u00ebs s\u00eb detajuar dhe performanc\u00ebs, ndeshet qejfmbetja, emocioni e retorika!&#8230;<\/p>\n<p>Do t\u00eb g\u00ebnjehej gjithsecili, n\u00ebse do t\u00eb thuhej se ky kompleks \u00ebsht\u00eb vet\u00ebm n\u00eb mendje. Pra, mjafton t\u00eb nd\u00ebrpritet ky lloj t\u00eb menduari inferior p\u00ebr t\u2019i kap\u00ebrcyer aspektet konkrete t\u00eb tij. Por, nuk \u00ebsht\u00eb k\u00ebshtu n\u00eb praktik\u00eb. N\u00eb m\u00ebnyr\u00eb t\u00eb ve\u00e7ant\u00eb n\u00eb politik\u00eb!&#8230;<\/p>\n<p><strong>Kompleksi i t\u00eb huajit<\/strong><br \/>\nP\u00ebr \u00e7\u00ebshtjen e mish\u00ebruar n\u00eb titullin e k\u00ebtij shkrimi, kam shkruar n\u00eb m\u00ebnyr\u00eb t\u00eb ngjashme dhe shum\u00eb vite m\u00eb par\u00eb n\u00eb nj\u00eb t\u00eb p\u00ebrditshme. N\u00eb at\u00eb koh\u00eb titulli i shkrimit ka qen\u00eb thjesht \u201cKompleksi i t\u00eb huajit\u201d (\u201cKorrieri\u201d, 6 prill 2003). Aty, pa pretenduar p\u00ebr t\u00eb analizuar historin\u00eb ton\u00eb nga periudha e lasht\u00eb ilire tek pushtimet e m\u00ebvonshme romake, n\u00eb perandorin\u00eb bizantine dhe m\u00eb tej n\u00eb at\u00eb osmane, aradhat sllave apo pushtimet e tjera m\u00eb koh\u00ebshkurta, paralelisht me kryengritjet e luft\u00ebrat e vazhdueshme vet\u00ebmohuese t\u00eb t\u00eb par\u00ebve tan\u00eb p\u00ebr liri e pavar\u00ebsi, flitet dhe p\u00ebr p\u00ebrpjekje t\u00eb pand\u00ebrprera nga pushtuesit p\u00ebr t\u00eb \u201cfar\u00ebzuar\u201d n\u00eb popullsin\u00eb ton\u00eb embrionet e kompleksit t\u00eb inferioritetit. Ende sot nuk e kemi \u00e7rr\u00ebnjosur ndikimin e tij brenda individit e shoq\u00ebris\u00eb.<\/p>\n<p>Madje, kompleksi inferioritetit ka vazhduar t\u00eb shfaqet jo vet\u00ebm ndaj t\u00eb huajve, por edhe ndaj komandantit, \u201cprij\u00ebsit\u201d e shefit t\u00eb klanit, n\u00eb m\u00ebnyr\u00eb t\u00eb ve\u00e7ant\u00eb n\u00eb kuad\u00ebr t\u00eb nj\u00eb sistemi t\u00eb mbyllur dhe t\u00eb izoluar. Sot, normalisht, pas shum\u00eb vite p\u00ebrpjekjesh p\u00ebr zhvillim t\u00eb lir\u00eb e demokratik, n\u00eb nj\u00eb sistem t\u00eb hapur, edhe pse ting\u00ebllon si shum\u00eb artificiale, kompleksi i inferioritetit \u00ebsht\u00eb ende i fuqish\u00ebm, diku me shfaqje t\u00eb drejtp\u00ebrdrejt\u00eb, diku n\u00eb trajt\u00eb t\u00eb kamufluar, si shprehje interesash nga m\u00eb t\u00eb ndryshmet. Akoma m\u00eb i theksuar vazhdon t\u00eb mish\u00ebrohet ai n\u00eb gjirin e politik\u00ebs!&#8230;<\/p>\n<p>N\u00eb m\u00ebnyr\u00eb t\u00eb natyrshme, \u00e7do dit\u00eb e m\u00eb shum\u00eb qytetari i thjesht\u00eb shqiptar, pavar\u00ebsisht v\u00ebshtir\u00ebsive aktuale t\u00eb tranzicionit, n\u00eb nj\u00eb kontakt shum\u00eb m\u00eb t\u00eb gjer\u00eb e dinamik me bot\u00ebn e p\u00ebrparuar, dhe n\u00eb m\u00ebnyr\u00eb m\u00eb t\u00eb ve\u00e7ant\u00eb t\u00eb rinjt\u00eb shqiptar\u00eb, q\u00eb sot po arrijn\u00eb rezultate shum\u00eb t\u00eb larta n\u00eb universitete t\u00eb huaja; artist\u00ebt, sportist\u00ebt, shkenc\u00ebtar\u00ebt, intelektual\u00ebt e specialist\u00ebt e \u00e7do fushe, por dhe biznesmen\u00ebt e suksessh\u00ebm, kan\u00eb manifestuar partneritet e konkurrenc\u00eb dinjitoze, deri dhe ep\u00ebrsi, n\u00eb shkall\u00eb nd\u00ebrkomb\u00ebtare dhe jan\u00eb shk\u00ebputur t\u00ebr\u00ebsisht n\u00eb saj\u00eb t\u00eb aft\u00ebsive, kapaciteteve, talentit, pun\u00ebs e kuraj\u00ebs s\u00eb tyre, nga kompleksi i t\u00eb huajit. Madje nga ata \u00ebsht\u00eb kuptuar m\u00eb s\u00eb miri se zhvillimi e demokracia, ecja e p\u00ebrgjithshme nuk \u201clypen, huazohen e importohen\u201d, por nd\u00ebrtohen prej vet\u00eb qytetar\u00ebve, me pun\u00ebn e sakrificat, me vet\u00eb nd\u00ebrgjegj\u00ebsimin e brendsh\u00ebm dhe emancipimin shoq\u00ebror t\u00eb tyre.<\/p>\n<p>A nuk ekzistojn\u00eb mund\u00ebsi t\u00eb tilla, n\u00eb nj\u00eb sistem t\u00eb hapur, edhe p\u00ebr politik\u00ebn apo p\u00ebr shum\u00eb nga institucionet e prodhuara prej saj, q\u00eb t\u00eb shk\u00ebputen nga ky kompleks i t\u00eb huajit, q\u00eb t\u00eb jen\u00eb sa m\u00eb pak ose aspak inferiore e \u201cpeqelepe\u201d, as t\u00eb zhytura n\u00eb serviliz\u00ebm. Pra, jan\u00eb t\u00eb gjitha kushtet e nevojshme p\u00ebr partneritet real. Politika shqiptare dhe institucionet e saj duhet t\u00eb jen\u00eb plot\u00ebsisht partnere e denj\u00ebsisht t\u00eb barabarta n\u00eb veprimtarin\u00eb e tyre n\u00eb kuad\u00ebr t\u00eb reciprocitetit dhe binomit t\u00eb sovranitetit t\u00eb nd\u00ebrvarur dhe t\u00eb nd\u00ebrvar\u00ebsis\u00eb sovrane, n\u00eb sh\u00ebrbim t\u00eb qytetarit shqiptar dhe problemeve madhore, q\u00eb ende e preokupojn\u00eb at\u00eb, n\u00eb funksion t\u00eb ardhm\u00ebris\u00eb s\u00eb tij t\u00eb plot\u00eb n\u00eb gjirin e familjes evropiane. Nd\u00ebrkoh\u00eb, p\u00ebr fat t\u00eb keq, ne shohim ende t\u00eb kund\u00ebrt\u00ebn e pak\u00ebndshme, gati \u00e7do dit\u00eb n\u00eb ekranet tona, n\u00eb joreciprocitetin e aspektet protokollare, n\u00eb referimet e interferencat e pajustifikueshme, n\u00eb fjal\u00ebt dhe sjelljen tep\u00ebr inferiore e servile t\u00eb drejtuesve politik\u00eb e partiak\u00eb\u2026<\/p>\n<p>Me t\u00eb drejt\u00eb, shtrohet pyetja: Si shpjegohet ky kompleks inferioriteti tek politika, sidomos ajo qeveris\u00ebse? Mos vall\u00eb mungon aft\u00ebsia e qart\u00ebsia, mungon kuraja e energjia, apo ka arsye m\u00eb t\u00eb thella, ndonj\u00ebher\u00eb mjaft m\u00eb shqet\u00ebsuese, si\u00e7 jan\u00eb manipulimi, politik-zgjedhor, korrupsioni, shkeljet ligjore e kushtetuese, etj.? Si shpjegohet q\u00eb mund\u00ebsit\u00eb jan\u00eb normale p\u00ebr dialog e bashk\u00ebpunim midis lider\u00ebve politik\u00eb antagonist\u00eb para t\u00eb huajve apo n\u00ebp\u00ebrmjet t\u00eb tyre, dhe nuk ekziston as d\u00ebshira m\u00eb e vog\u00ebl e forcave politike t\u00eb an\u00ebve t\u00eb kund\u00ebrta p\u00ebr t\u00eb gjetur zgjidhjet e duhura pa nj\u00eb nd\u00ebrhyrje t\u00eb till\u00eb. Aq m\u00eb keq kur drejtuesit e tyre refuzojn\u00eb ofert\u00ebn kushtetuese t\u00eb kryetarit t\u00eb shtetit dhe i binden me turravrap \u201cfishk\u00ebllim\u00ebs darkore\u201d t\u00eb Brukselit apo Strasburgut!&#8230;<\/p>\n","protected":false},"excerpt":{"rendered":"<p>Rexhep Meidani, 21.05.2010 Nd\u00ebrprerja e grev\u00ebs s\u00eb lir\u00eb, me kontributin e saj t\u00eb madh n\u00eb sh\u00ebrbim t\u00eb rritjes s\u00eb ndjeshm\u00ebris\u00eb qytetare ndaj procesit zgjedhor dhe vot\u00ebs s\u00eb lir\u00eb, ishte nj\u00eb ngjarje \u00e7liruese p\u00ebr mjedisin politik, social-ekonomik e kulturor shqiptar. Por, ama, n\u00eb k\u00ebt\u00eb \u00e7lirim mbetej p\u00ebrs\u00ebri di\u00e7ka shqet\u00ebsuese dhe e pak\u00ebndshme n\u00eb sedr\u00ebn qytetare dhe [&hellip;]<\/p>\n","protected":false},"author":1,"featured_media":0,"comment_status":"open","ping_status":"closed","sticky":false,"template":"","format":"standard","meta":{"footnotes":""},"categories":[2],"tags":[],"class_list":{"0":"post-2758","1":"post","2":"type-post","3":"status-publish","4":"format-standard","6":"category-artikuj"},"yoast_head":"<!-- This site is optimized with the Yoast SEO plugin v27.4 - https:\/\/yoast.com\/product\/yoast-seo-wordpress\/ -->\n<title>Kompleksi i inferioritetit i politik\u00ebs - FjALA e LIR\u00cb - Arkivi<\/title>\n<meta name=\"robots\" content=\"index, follow, max-snippet:-1, max-image-preview:large, max-video-preview:-1\" \/>\n<link rel=\"canonical\" href=\"https:\/\/fjala.info\/2009-2015\/kompleksi-i-inferioritetit-i-politikes\/\" \/>\n<meta property=\"og:locale\" content=\"sq_AL\" \/>\n<meta property=\"og:type\" content=\"article\" \/>\n<meta property=\"og:title\" content=\"Kompleksi i inferioritetit i politik\u00ebs - FjALA e LIR\u00cb - Arkivi\" \/>\n<meta property=\"og:description\" content=\"Rexhep Meidani, 21.05.2010 Nd\u00ebrprerja e grev\u00ebs s\u00eb lir\u00eb, me kontributin e saj t\u00eb madh n\u00eb sh\u00ebrbim t\u00eb rritjes s\u00eb ndjeshm\u00ebris\u00eb qytetare ndaj procesit zgjedhor dhe vot\u00ebs s\u00eb lir\u00eb, ishte nj\u00eb ngjarje \u00e7liruese p\u00ebr mjedisin politik, social-ekonomik e kulturor shqiptar. Por, ama, n\u00eb k\u00ebt\u00eb \u00e7lirim mbetej p\u00ebrs\u00ebri di\u00e7ka shqet\u00ebsuese dhe e pak\u00ebndshme n\u00eb sedr\u00ebn qytetare dhe [&hellip;]\" \/>\n<meta property=\"og:url\" content=\"https:\/\/fjala.info\/2009-2015\/kompleksi-i-inferioritetit-i-politikes\/\" \/>\n<meta property=\"og:site_name\" content=\"FjALA e LIR\u00cb - Arkivi\" \/>\n<meta property=\"article:published_time\" content=\"2010-05-22T08:54:41+00:00\" \/>\n<meta property=\"og:image\" content=\"http:\/\/www.shkoder.net\/images\/fjala\/rexhep_meidani.jpg\" \/>\n<meta name=\"author\" content=\"admin\" \/>\n<meta name=\"twitter:card\" content=\"summary_large_image\" \/>\n<meta name=\"twitter:label1\" content=\"Written by\" \/>\n\t<meta name=\"twitter:data1\" content=\"admin\" \/>\n\t<meta name=\"twitter:label2\" content=\"Est. reading time\" \/>\n\t<meta name=\"twitter:data2\" content=\"8 minutes\" \/>\n<script type=\"application\/ld+json\" class=\"yoast-schema-graph\">{\"@context\":\"https:\\\/\\\/schema.org\",\"@graph\":[{\"@type\":\"Article\",\"@id\":\"https:\\\/\\\/fjala.info\\\/2009-2015\\\/kompleksi-i-inferioritetit-i-politikes\\\/#article\",\"isPartOf\":{\"@id\":\"https:\\\/\\\/fjala.info\\\/2009-2015\\\/kompleksi-i-inferioritetit-i-politikes\\\/\"},\"author\":{\"name\":\"admin\",\"@id\":\"https:\\\/\\\/fjala.info\\\/2009-2015\\\/#\\\/schema\\\/person\\\/3aa1163ef05469c496fc94e77611ada2\"},\"headline\":\"Kompleksi i inferioritetit i politik\u00ebs\",\"datePublished\":\"2010-05-22T08:54:41+00:00\",\"mainEntityOfPage\":{\"@id\":\"https:\\\/\\\/fjala.info\\\/2009-2015\\\/kompleksi-i-inferioritetit-i-politikes\\\/\"},\"wordCount\":1512,\"commentCount\":0,\"publisher\":{\"@id\":\"https:\\\/\\\/fjala.info\\\/2009-2015\\\/#organization\"},\"image\":{\"@id\":\"https:\\\/\\\/fjala.info\\\/2009-2015\\\/kompleksi-i-inferioritetit-i-politikes\\\/#primaryimage\"},\"thumbnailUrl\":\"http:\\\/\\\/www.shkoder.net\\\/images\\\/fjala\\\/rexhep_meidani.jpg\",\"articleSection\":[\"Artikuj\"],\"inLanguage\":\"sq-AL\",\"potentialAction\":[{\"@type\":\"CommentAction\",\"name\":\"Comment\",\"target\":[\"https:\\\/\\\/fjala.info\\\/2009-2015\\\/kompleksi-i-inferioritetit-i-politikes\\\/#respond\"]}]},{\"@type\":\"WebPage\",\"@id\":\"https:\\\/\\\/fjala.info\\\/2009-2015\\\/kompleksi-i-inferioritetit-i-politikes\\\/\",\"url\":\"https:\\\/\\\/fjala.info\\\/2009-2015\\\/kompleksi-i-inferioritetit-i-politikes\\\/\",\"name\":\"Kompleksi i inferioritetit i politik\u00ebs - FjALA e LIR\u00cb - Arkivi\",\"isPartOf\":{\"@id\":\"https:\\\/\\\/fjala.info\\\/2009-2015\\\/#website\"},\"primaryImageOfPage\":{\"@id\":\"https:\\\/\\\/fjala.info\\\/2009-2015\\\/kompleksi-i-inferioritetit-i-politikes\\\/#primaryimage\"},\"image\":{\"@id\":\"https:\\\/\\\/fjala.info\\\/2009-2015\\\/kompleksi-i-inferioritetit-i-politikes\\\/#primaryimage\"},\"thumbnailUrl\":\"http:\\\/\\\/www.shkoder.net\\\/images\\\/fjala\\\/rexhep_meidani.jpg\",\"datePublished\":\"2010-05-22T08:54:41+00:00\",\"breadcrumb\":{\"@id\":\"https:\\\/\\\/fjala.info\\\/2009-2015\\\/kompleksi-i-inferioritetit-i-politikes\\\/#breadcrumb\"},\"inLanguage\":\"sq-AL\",\"potentialAction\":[{\"@type\":\"ReadAction\",\"target\":[\"https:\\\/\\\/fjala.info\\\/2009-2015\\\/kompleksi-i-inferioritetit-i-politikes\\\/\"]}]},{\"@type\":\"ImageObject\",\"inLanguage\":\"sq-AL\",\"@id\":\"https:\\\/\\\/fjala.info\\\/2009-2015\\\/kompleksi-i-inferioritetit-i-politikes\\\/#primaryimage\",\"url\":\"http:\\\/\\\/www.shkoder.net\\\/images\\\/fjala\\\/rexhep_meidani.jpg\",\"contentUrl\":\"http:\\\/\\\/www.shkoder.net\\\/images\\\/fjala\\\/rexhep_meidani.jpg\"},{\"@type\":\"BreadcrumbList\",\"@id\":\"https:\\\/\\\/fjala.info\\\/2009-2015\\\/kompleksi-i-inferioritetit-i-politikes\\\/#breadcrumb\",\"itemListElement\":[{\"@type\":\"ListItem\",\"position\":1,\"name\":\"Home\",\"item\":\"https:\\\/\\\/fjala.info\\\/2009-2015\\\/\"},{\"@type\":\"ListItem\",\"position\":2,\"name\":\"Kompleksi i inferioritetit i politik\u00ebs\"}]},{\"@type\":\"WebSite\",\"@id\":\"https:\\\/\\\/fjala.info\\\/2009-2015\\\/#website\",\"url\":\"https:\\\/\\\/fjala.info\\\/2009-2015\\\/\",\"name\":\"FjALA e LIR\u00cb - Arkivi\",\"description\":\"Arkivi 2009-2015\",\"publisher\":{\"@id\":\"https:\\\/\\\/fjala.info\\\/2009-2015\\\/#organization\"},\"potentialAction\":[{\"@type\":\"SearchAction\",\"target\":{\"@type\":\"EntryPoint\",\"urlTemplate\":\"https:\\\/\\\/fjala.info\\\/2009-2015\\\/?s={search_term_string}\"},\"query-input\":{\"@type\":\"PropertyValueSpecification\",\"valueRequired\":true,\"valueName\":\"search_term_string\"}}],\"inLanguage\":\"sq-AL\"},{\"@type\":\"Organization\",\"@id\":\"https:\\\/\\\/fjala.info\\\/2009-2015\\\/#organization\",\"name\":\"FjALA e LIR\u00cb - Arkivi\",\"url\":\"https:\\\/\\\/fjala.info\\\/2009-2015\\\/\",\"logo\":{\"@type\":\"ImageObject\",\"inLanguage\":\"sq-AL\",\"@id\":\"https:\\\/\\\/fjala.info\\\/2009-2015\\\/#\\\/schema\\\/logo\\\/image\\\/\",\"url\":\"\",\"contentUrl\":\"\",\"caption\":\"FjALA e LIR\u00cb - Arkivi\"},\"image\":{\"@id\":\"https:\\\/\\\/fjala.info\\\/2009-2015\\\/#\\\/schema\\\/logo\\\/image\\\/\"}},{\"@type\":\"Person\",\"@id\":\"https:\\\/\\\/fjala.info\\\/2009-2015\\\/#\\\/schema\\\/person\\\/3aa1163ef05469c496fc94e77611ada2\",\"name\":\"admin\",\"image\":{\"@type\":\"ImageObject\",\"inLanguage\":\"sq-AL\",\"@id\":\"https:\\\/\\\/fjala.info\\\/2009-2015\\\/wp-content\\\/uploads\\\/2012\\\/02\\\/arben_cokaj-120x150.jpg\",\"url\":\"https:\\\/\\\/fjala.info\\\/2009-2015\\\/wp-content\\\/uploads\\\/2012\\\/02\\\/arben_cokaj-120x150.jpg\",\"contentUrl\":\"https:\\\/\\\/fjala.info\\\/2009-2015\\\/wp-content\\\/uploads\\\/2012\\\/02\\\/arben_cokaj-120x150.jpg\",\"caption\":\"admin\"},\"description\":\"Admin, Fjala e Lir\u00eb\",\"sameAs\":[\"https:\\\/\\\/fjala.info\\\/\"],\"url\":\"https:\\\/\\\/fjala.info\\\/2009-2015\\\/author\\\/admin\\\/\"}]}<\/script>\n<!-- \/ Yoast SEO plugin. -->","yoast_head_json":{"title":"Kompleksi i inferioritetit i politik\u00ebs - FjALA e LIR\u00cb - Arkivi","robots":{"index":"index","follow":"follow","max-snippet":"max-snippet:-1","max-image-preview":"max-image-preview:large","max-video-preview":"max-video-preview:-1"},"canonical":"https:\/\/fjala.info\/2009-2015\/kompleksi-i-inferioritetit-i-politikes\/","og_locale":"sq_AL","og_type":"article","og_title":"Kompleksi i inferioritetit i politik\u00ebs - FjALA e LIR\u00cb - Arkivi","og_description":"Rexhep Meidani, 21.05.2010 Nd\u00ebrprerja e grev\u00ebs s\u00eb lir\u00eb, me kontributin e saj t\u00eb madh n\u00eb sh\u00ebrbim t\u00eb rritjes s\u00eb ndjeshm\u00ebris\u00eb qytetare ndaj procesit zgjedhor dhe vot\u00ebs s\u00eb lir\u00eb, ishte nj\u00eb ngjarje \u00e7liruese p\u00ebr mjedisin politik, social-ekonomik e kulturor shqiptar. Por, ama, n\u00eb k\u00ebt\u00eb \u00e7lirim mbetej p\u00ebrs\u00ebri di\u00e7ka shqet\u00ebsuese dhe e pak\u00ebndshme n\u00eb sedr\u00ebn qytetare dhe [&hellip;]","og_url":"https:\/\/fjala.info\/2009-2015\/kompleksi-i-inferioritetit-i-politikes\/","og_site_name":"FjALA e LIR\u00cb - Arkivi","article_published_time":"2010-05-22T08:54:41+00:00","og_image":[{"url":"http:\/\/www.shkoder.net\/images\/fjala\/rexhep_meidani.jpg","type":"","width":"","height":""}],"author":"admin","twitter_card":"summary_large_image","twitter_misc":{"Written by":"admin","Est. reading time":"8 minutes"},"schema":{"@context":"https:\/\/schema.org","@graph":[{"@type":"Article","@id":"https:\/\/fjala.info\/2009-2015\/kompleksi-i-inferioritetit-i-politikes\/#article","isPartOf":{"@id":"https:\/\/fjala.info\/2009-2015\/kompleksi-i-inferioritetit-i-politikes\/"},"author":{"name":"admin","@id":"https:\/\/fjala.info\/2009-2015\/#\/schema\/person\/3aa1163ef05469c496fc94e77611ada2"},"headline":"Kompleksi i inferioritetit i politik\u00ebs","datePublished":"2010-05-22T08:54:41+00:00","mainEntityOfPage":{"@id":"https:\/\/fjala.info\/2009-2015\/kompleksi-i-inferioritetit-i-politikes\/"},"wordCount":1512,"commentCount":0,"publisher":{"@id":"https:\/\/fjala.info\/2009-2015\/#organization"},"image":{"@id":"https:\/\/fjala.info\/2009-2015\/kompleksi-i-inferioritetit-i-politikes\/#primaryimage"},"thumbnailUrl":"http:\/\/www.shkoder.net\/images\/fjala\/rexhep_meidani.jpg","articleSection":["Artikuj"],"inLanguage":"sq-AL","potentialAction":[{"@type":"CommentAction","name":"Comment","target":["https:\/\/fjala.info\/2009-2015\/kompleksi-i-inferioritetit-i-politikes\/#respond"]}]},{"@type":"WebPage","@id":"https:\/\/fjala.info\/2009-2015\/kompleksi-i-inferioritetit-i-politikes\/","url":"https:\/\/fjala.info\/2009-2015\/kompleksi-i-inferioritetit-i-politikes\/","name":"Kompleksi i inferioritetit i politik\u00ebs - FjALA e LIR\u00cb - Arkivi","isPartOf":{"@id":"https:\/\/fjala.info\/2009-2015\/#website"},"primaryImageOfPage":{"@id":"https:\/\/fjala.info\/2009-2015\/kompleksi-i-inferioritetit-i-politikes\/#primaryimage"},"image":{"@id":"https:\/\/fjala.info\/2009-2015\/kompleksi-i-inferioritetit-i-politikes\/#primaryimage"},"thumbnailUrl":"http:\/\/www.shkoder.net\/images\/fjala\/rexhep_meidani.jpg","datePublished":"2010-05-22T08:54:41+00:00","breadcrumb":{"@id":"https:\/\/fjala.info\/2009-2015\/kompleksi-i-inferioritetit-i-politikes\/#breadcrumb"},"inLanguage":"sq-AL","potentialAction":[{"@type":"ReadAction","target":["https:\/\/fjala.info\/2009-2015\/kompleksi-i-inferioritetit-i-politikes\/"]}]},{"@type":"ImageObject","inLanguage":"sq-AL","@id":"https:\/\/fjala.info\/2009-2015\/kompleksi-i-inferioritetit-i-politikes\/#primaryimage","url":"http:\/\/www.shkoder.net\/images\/fjala\/rexhep_meidani.jpg","contentUrl":"http:\/\/www.shkoder.net\/images\/fjala\/rexhep_meidani.jpg"},{"@type":"BreadcrumbList","@id":"https:\/\/fjala.info\/2009-2015\/kompleksi-i-inferioritetit-i-politikes\/#breadcrumb","itemListElement":[{"@type":"ListItem","position":1,"name":"Home","item":"https:\/\/fjala.info\/2009-2015\/"},{"@type":"ListItem","position":2,"name":"Kompleksi i inferioritetit i politik\u00ebs"}]},{"@type":"WebSite","@id":"https:\/\/fjala.info\/2009-2015\/#website","url":"https:\/\/fjala.info\/2009-2015\/","name":"FjALA e LIR\u00cb - Arkivi","description":"Arkivi 2009-2015","publisher":{"@id":"https:\/\/fjala.info\/2009-2015\/#organization"},"potentialAction":[{"@type":"SearchAction","target":{"@type":"EntryPoint","urlTemplate":"https:\/\/fjala.info\/2009-2015\/?s={search_term_string}"},"query-input":{"@type":"PropertyValueSpecification","valueRequired":true,"valueName":"search_term_string"}}],"inLanguage":"sq-AL"},{"@type":"Organization","@id":"https:\/\/fjala.info\/2009-2015\/#organization","name":"FjALA e LIR\u00cb - Arkivi","url":"https:\/\/fjala.info\/2009-2015\/","logo":{"@type":"ImageObject","inLanguage":"sq-AL","@id":"https:\/\/fjala.info\/2009-2015\/#\/schema\/logo\/image\/","url":"","contentUrl":"","caption":"FjALA e LIR\u00cb - Arkivi"},"image":{"@id":"https:\/\/fjala.info\/2009-2015\/#\/schema\/logo\/image\/"}},{"@type":"Person","@id":"https:\/\/fjala.info\/2009-2015\/#\/schema\/person\/3aa1163ef05469c496fc94e77611ada2","name":"admin","image":{"@type":"ImageObject","inLanguage":"sq-AL","@id":"https:\/\/fjala.info\/2009-2015\/wp-content\/uploads\/2012\/02\/arben_cokaj-120x150.jpg","url":"https:\/\/fjala.info\/2009-2015\/wp-content\/uploads\/2012\/02\/arben_cokaj-120x150.jpg","contentUrl":"https:\/\/fjala.info\/2009-2015\/wp-content\/uploads\/2012\/02\/arben_cokaj-120x150.jpg","caption":"admin"},"description":"Admin, Fjala e Lir\u00eb","sameAs":["https:\/\/fjala.info\/"],"url":"https:\/\/fjala.info\/2009-2015\/author\/admin\/"}]}},"_links":{"self":[{"href":"https:\/\/fjala.info\/2009-2015\/wp-json\/wp\/v2\/posts\/2758","targetHints":{"allow":["GET"]}}],"collection":[{"href":"https:\/\/fjala.info\/2009-2015\/wp-json\/wp\/v2\/posts"}],"about":[{"href":"https:\/\/fjala.info\/2009-2015\/wp-json\/wp\/v2\/types\/post"}],"author":[{"embeddable":true,"href":"https:\/\/fjala.info\/2009-2015\/wp-json\/wp\/v2\/users\/1"}],"replies":[{"embeddable":true,"href":"https:\/\/fjala.info\/2009-2015\/wp-json\/wp\/v2\/comments?post=2758"}],"version-history":[{"count":0,"href":"https:\/\/fjala.info\/2009-2015\/wp-json\/wp\/v2\/posts\/2758\/revisions"}],"wp:attachment":[{"href":"https:\/\/fjala.info\/2009-2015\/wp-json\/wp\/v2\/media?parent=2758"}],"wp:term":[{"taxonomy":"category","embeddable":true,"href":"https:\/\/fjala.info\/2009-2015\/wp-json\/wp\/v2\/categories?post=2758"},{"taxonomy":"post_tag","embeddable":true,"href":"https:\/\/fjala.info\/2009-2015\/wp-json\/wp\/v2\/tags?post=2758"}],"curies":[{"name":"wp","href":"https:\/\/api.w.org\/{rel}","templated":true}]}}