{"id":2756,"date":"2010-05-22T09:28:40","date_gmt":"2010-05-22T08:28:40","guid":{"rendered":"http:\/\/fjala.shkoder.net\/?p=2756"},"modified":"2010-05-22T09:28:40","modified_gmt":"2010-05-22T08:28:40","slug":"shqiptareve-ua-shkruajne-jeten-ne-leter-por-i-ndalojne-ta-lexojne-ate","status":"publish","type":"post","link":"https:\/\/fjala.info\/2009-2015\/shqiptareve-ua-shkruajne-jeten-ne-leter-por-i-ndalojne-ta-lexojne-ate\/","title":{"rendered":"Shqiptar\u00ebve ua shkruajn\u00eb jet\u00ebn n\u00eb let\u00ebr, por i ndalojn\u00eb ta lexojn\u00eb at\u00eb"},"content":{"rendered":"<p>Nga: <strong>BESNIK GJONGECAJ <\/strong><\/p>\n<p>Kriza e thell\u00eb n\u00eb t\u00eb cil\u00ebn \u00ebsht\u00eb p\u00ebrfshir\u00eb Shqip\u00ebria, nuk mund ta fsheh\u00eb apo ta relativizoj\u00eb procesin e shnd\u00ebrrimit t\u00eb saj nga nj\u00eb vend kandidat potencial, n\u00eb nj\u00eb vend kandidat t\u00eb Bashkimit Evropian. P\u00ebrkundrazi, p\u00ebr qytetar\u00ebt syhapur dhe politikan\u00ebt q\u00eb nuk jan\u00eb bandit\u00eb, kjo kriz\u00eb vet\u00ebm sa e nxjerr m\u00eb n\u00eb pah nevoj\u00ebn ekstremisht t\u00eb r\u00ebnd\u00ebsishme t\u00eb p\u00ebrshpejtimit t\u00eb k\u00ebtij procesi.<\/p>\n<p>N\u00eb rutin\u00ebn e fjalimeve q\u00eb mbahen nga qeveritar\u00ebt p\u00ebr procesin e an\u00ebtar\u00ebsimit, n\u00eb rutin\u00ebn e t\u00eb gjitha bisedave t\u00eb zakonshme t\u00eb njer\u00ebzve, madje edhe t\u00eb atyre q\u00eb nuk kan\u00eb asnj\u00eb qindark\u00eb p\u00ebr t\u00eb filluar dit\u00ebn, madje edhe t\u00eb atyre q\u00eb nuk din\u00eb t\u00eb lexojn\u00eb por mendojn\u00eb se duke folur p\u00ebr an\u00ebtar\u00ebsimin iu japin t\u00eb tjer\u00ebve t\u00eb kuptojn\u00eb se kan\u00eb b\u00ebr\u00eb goxha shkoll\u00eb, pra, n\u00eb rutin\u00ebn e p\u00ebrditshme t\u00eb p\u00ebrdorimit t\u00eb k\u00ebsaj fjale, shqiptar\u00ebt, padashur, kan\u00eb harruar t\u00eb ndalojn\u00eb nj\u00eb minut\u00eb, t\u00eb marrin frym\u00eb thell\u00eb dhe t\u00eb b\u00ebjn\u00eb pyetjen \u00e7udit\u00ebrisht t\u00eb harruar, megjith\u00ebse m\u00eb t\u00eb thjesht\u00ebn e bot\u00ebs: Si u \u00ebsht\u00eb p\u00ebrgjigjur qeveria pyetjeve q\u00eb na ka b\u00ebr\u00eb Evropa, aq m\u00eb shum\u00eb q\u00eb var\u00ebsisht prej tyre ne do t\u00eb pranohemi prej saj ose jo?<\/p>\n<p>Kjo pyetje e harruar b\u00ebhet akoma m\u00eb esenciale kur dihet q\u00eb pyet\u00ebsori \u00ebsht\u00eb nd\u00ebrtuar q\u00eb evropian\u00ebt t\u00eb njohin jet\u00ebn e shqiptar\u00ebve dhe se si qeverisen ata nga qeveria q\u00eb kan\u00eb. N\u00eb pamund\u00ebsi q\u00eb qytetar\u00ebt t\u00eb marrin pjes\u00eb drejtp\u00ebrdrejt n\u00eb dh\u00ebnien e p\u00ebrgjigjeve, k\u00ebt\u00eb e ka b\u00ebr\u00eb qeveria e tyre dhe kjo \u00ebsht\u00eb deri diku e arsyeshme. Pra, qeveria shqiptare, me gjith\u00eb problemet e m\u00ebdha n\u00eb integritetin e saj, i tregon evropian\u00ebve se si dhe se sa mir\u00eb po i qeveris shqiptar\u00ebt.<\/p>\n<p>Deri diku edhe hahet. Megjithat\u00eb ka nj\u00eb gj\u00eb q\u00eb nuk g\u00eblltitet dot, fare t\u00eb paarsyeshme, n\u00eb t\u00eb gjith\u00eb k\u00ebt\u00eb proces. Qeveria i ka mbajtur t\u00eb fshehta, nuk i ka b\u00ebr\u00eb publike p\u00ebrgjigjet e pyetjeve t\u00eb Evrop\u00ebs, t\u00eb cilat n\u00eb thelbin e tyre jan\u00eb pyetje q\u00eb i dedikohen jet\u00ebs s\u00eb shqiptar\u00ebve, n\u00eb t\u00eb gjitha kuptimet. Zonja n\u00eb krye t\u00eb Ministris\u00eb s\u00eb Integrimit, institucion qeveritar q\u00eb shqiptar\u00ebt e paguajn\u00eb vet\u00ebm p\u00ebr t\u00eb organizuar procesin e p\u00ebrgatitjes s\u00eb p\u00ebrgjigjeve t\u00eb pyetjeve t\u00eb Evrop\u00ebs, thot\u00eb q\u00eb p\u00ebrgjigjet e pyet\u00ebsorit \u201cnuk do t\u00eb b\u00ebhen pjes\u00eb e domain-it t\u00eb publikut\u201d dhe p\u00ebr k\u00ebt\u00eb, qart\u00ebsisht, nuk ndjen ndonj\u00eb p\u00ebrgjegj\u00ebsi qytetare.<\/p>\n<p>Kjo do t\u00eb thot\u00eb q\u00eb dikush, dhe n\u00eb radh\u00eb t\u00eb par\u00eb qeveria e k\u00ebtij vendi, i p\u00ebrgjigjet pyetjeve mbi jet\u00ebn e shqiptar\u00ebve dhe organizimin politik e shoq\u00ebror t\u00eb saj, duke ia fshehur shqiptar\u00ebve. Por, nga ana tjet\u00ebr, nj\u00eb gj\u00eb \u00ebsht\u00eb kristal e qart\u00eb: shqiptar\u00ebt e din\u00eb mir\u00eb si dhe ku jetojn\u00eb, e njohin mir\u00eb realitetin e gj\u00ebrave, vendin e tyre. Prandaj, ajo q\u00eb u mbetet t\u00eb din\u00eb nuk \u00ebsht\u00eb ky realitet n\u00eb vetvete, por se si p\u00ebrshkruhet ai te Evropa nga qeveria q\u00eb ata kan\u00eb.<\/p>\n<p>A \u00ebsht\u00eb e v\u00ebrtet\u00eb q\u00eb n\u00eb p\u00ebrgjigjet e d\u00ebrguara Komisionit t\u00eb BE \u00ebsht\u00eb p\u00ebrshkruar ai realitet t\u00eb cilin e jetojn\u00eb shqiptar\u00ebt apo nj\u00eb realitet tjet\u00ebr, virtual, t\u00eb cilin pritet q\u00eb shqiptar\u00ebt ta jetojn\u00eb n\u00eb dhjet\u00ebvje\u00e7ar\u00ebt e ardhsh\u00ebm? Jemi, prandaj, p\u00ebrball\u00eb nj\u00eb absurdi mbi t\u00eb cilin mund t\u00eb nd\u00ebrtohet nj\u00eb let\u00ebrsi e t\u00ebr\u00eb surealiste: nj\u00eb popull t\u00eb cilit ia shkruajn\u00eb jet\u00ebn e tij n\u00eb let\u00ebr, por ai e ka t\u00eb ndaluar ta lexoj\u00eb at\u00eb!<br \/>\nN\u00eb vend t\u00eb p\u00ebrgjigjeve mbi pyetjet q\u00eb BE ka formuluar p\u00ebr \u00e7do pjes\u00eb t\u00eb realitetit, shqiptar\u00ebt njihen me nj\u00eb grumbull t\u00eb madh shifrash, q\u00eb s\u2019kan\u00eb lidhje me p\u00ebrgjigjet e pyetjeve t\u00eb pyet\u00ebsorit, pra q\u00eb nuk kan\u00eb lidhje me ta, por me qeverin\u00eb.<\/p>\n<p>Nj\u00eb mal shifrash, leximi i t\u00eb cilave vet\u00ebm sa t\u00eb terrorizon: pyet\u00ebsori i BE-s\u00eb ka 384 faqe, ka 2280 pyetje, 33 kapituj; stafi q\u00eb ka punuar p\u00ebr p\u00ebrgjigjet \u00ebsht\u00eb trajnuar nga 28 ekspert\u00eb nd\u00ebrkomb\u00ebtar\u00eb, 30 ekspert\u00eb vendas dhe akademik\u00eb, jan\u00eb mbajtur 160 mbledhje, jan\u00eb angazhuar 67 p\u00ebrkthyes, p\u00ebrgjigjet kan\u00eb z\u00ebn\u00eb 3800 faqe. Ka pak dit\u00eb q\u00eb mbi shifrat e vjetra u shtresuan t\u00eb reja: Komisioni i BE ka b\u00ebr\u00eb pyetje t\u00eb reja; nuk \u00ebsht\u00eb e r\u00ebnd\u00ebsishme \u00e7far\u00eb kishte mbetur pa pyetur, e r\u00ebnd\u00ebsishme \u00ebsht\u00eb q\u00eb jan\u00eb b\u00ebr\u00eb dhe 170 pyetje t\u00eb tjera dhe p\u00ebrve\u00e7 k\u00ebsaj, jan\u00eb paraqitur edhe 530 k\u00ebrkesa t\u00eb reja p\u00ebr plot\u00ebsimin e pyet\u00ebsorit!<\/p>\n<p>Ve\u00e7an\u00ebrisht n\u00eb k\u00ebt\u00eb pik\u00eb, kam v\u00ebn\u00eb re q\u00eb k\u00ebnaq\u00ebsia e zonj\u00ebs s\u00eb Integrimit kur del n\u00eb ekran \u00ebsht\u00eb e jasht\u00ebzakonshme, sepse b\u00ebhen kaq shum\u00eb shifra, b\u00ebhen kaq shum\u00eb faqe, madje nuk mjaftojn\u00eb, pra, duhen faqe t\u00eb reja, pyetje t\u00eb reja; dhe si n\u00eb ekstaz\u00eb i kam par\u00eb syt\u00eb e saj t\u00eb ndrisin kur vjen komenti, p\u00ebrfundimi: e gjitha kjo, pra i gjith\u00eb ky mal shifrash q\u00eb b\u00ebhet akoma m\u00eb i madh, akoma m\u00eb i lart\u00eb, tregon, sipas zonj\u00ebs s\u00eb Integrimit, q\u00eb BE, ata komisioner\u00ebt e larg\u00ebt, jan\u00eb aq t\u00eb interesuar p\u00ebr Shqip\u00ebrin\u00eb, dhe prandaj duan m\u00eb shum\u00eb shifra, \u00e7ka tregon q\u00eb ata nuk jan\u00eb vet\u00ebm t\u00eb interesuar, madje interesi \u00ebsht\u00eb shum\u00eb pak p\u00ebr t\u00eb p\u00ebrshkruar situat\u00ebn, ata gati-gati kan\u00eb r\u00ebn\u00eb n\u00eb dashuri me Shqip\u00ebrin\u00eb, dhe ngaq\u00eb nuk duan q\u00eb kjo ndjenj\u00eb t\u00eb ftohet, po merren me t\u00eb me shpejt\u00ebsi; \u00e7ka do t\u00eb thot\u00eb q\u00eb shifrat e shumta jan\u00eb nj\u00eb ogur i mir\u00eb, nj\u00eb ogur q\u00eb tregon se jemi n\u00eb rrug\u00eb t\u00eb mbar\u00eb, se Europa na do, na duan ata, komisioner\u00ebt e larg\u00ebt.<\/p>\n<p>Nd\u00ebrsa shqiptar\u00ebt heshtin, shohin t\u00eb hutuar ekranet, zonj\u00ebn e Integrimit q\u00eb flet dhe nuk di t\u00eb ndaloj\u00eb, dhe me siguri i b\u00ebjn\u00eb vetes disa pyetje, nga t\u00eb cilat nj\u00ebr\u00ebn e b\u00ebjn\u00eb me siguri: \u00e7\u2019jan\u00eb gjith\u00eb k\u00ebto shifra, faqe, pyetje, manovra p\u00ebrgjigjesh? V\u00ebrtet kaq t\u00eb komplikuar e paskemi pasur ne shqiptar\u00ebt jet\u00ebn dhe n\u00ebse \u00ebsht\u00eb k\u00ebshtu, pse vall\u00eb nuk na l\u00ebn\u00eb ta lexojm\u00eb at\u00eb? Nd\u00ebrkoh\u00eb q\u00eb ata vet\u00eb e din\u00eb, pra shqiptar\u00ebt, se jeta e tyre \u00ebsht\u00eb n\u00eb fakt fare e thjesht\u00eb, madje po b\u00ebhet aq e thjesht\u00eb sa po i humb edhe ato pak ngjyra q\u00eb kishte, t\u00eb cilat po fshihen me shpejt\u00ebsi dhe po mbeten ngjyrat q\u00eb i njohim t\u00eb gjith\u00eb, bardh\u00eb e zi, t\u00eb pasur e t\u00eb varf\u00ebr, me pushtet dhe pa pushtet, n\u00eb an\u00ebn andej ose n\u00eb an\u00ebn k\u00ebtej; gjithmon\u00eb e m\u00eb pak pun\u00eb, gjithmon\u00eb e m\u00eb shum\u00eb nj\u00eb arsim dhe nj\u00eb sh\u00ebndet\u00ebsi e keqe, gjithmon\u00eb e m\u00eb pak drejt\u00ebsi dhe gjithmon\u00eb e m\u00eb e madhe nevoja p\u00ebr t\u00eb mbyllur goj\u00ebn dhe fshehur mendimet q\u00eb ke.<\/p>\n<p>\u00c7far\u00eb ka k\u00ebtu kaq t\u00eb nd\u00ebrlikuar sa duhen me mij\u00ebra pyetje, mij\u00ebra faqe p\u00ebrgjigjesh, dhjet\u00ebra ekspert\u00eb t\u00eb huaj, qindra vendas? Kjo nuk \u00ebsht\u00eb dhe nuk ka si t\u00eb jet\u00eb nj\u00eb pyetje p\u00ebr qeverin\u00eb e shqiptar\u00ebve, sepse ajo ka dh\u00ebn\u00eb prova prej koh\u00ebsh q\u00eb nuk ka integritetin m\u00eb minimal t\u2019i p\u00ebrgjigjet me realiz\u00ebm pyetjeve t\u00eb tilla; aq m\u00eb shum\u00eb kjo nuk \u00ebsht\u00eb nj\u00eb pyetje p\u00ebr at\u00eb, ministrin\u00eb e Integrimit, e cila mbledh t\u00eb dyja: edhe informacionin p\u00ebr jet\u00ebn e shqiptar\u00ebve edhe taksat nga xhepat e tyre. Pyetja n\u00eb fakt \u00ebsht\u00eb p\u00ebr z. Lohan, ambasador, kryetar i Delegacionit t\u00eb Bashkimit Europian n\u00eb Shqip\u00ebri: pse, z.Lohan, p\u00ebrgjigjet e pyetjeve t\u00eb pyet\u00ebsorit nuk u b\u00ebn\u00eb pjes\u00eb e informacionit t\u00eb publikut shqiptar? \u00c7far\u00eb ka t\u00eb klasifikuar n\u00eb p\u00ebrmbajtjen e tyre?<\/p>\n<p style=\"text-align: center;\">* * *<\/p>\n<p>Q\u00eb n\u00eb fillim \u00ebsht\u00eb nisur keq me Shqip\u00ebrin\u00eb, sepse procesi i afrimit me Bashkimin Evropian \u00ebsht\u00eb konceptuar duke shkelur parimet m\u00eb esenciale t\u00eb organizimit dhe ekzistenc\u00ebs s\u00eb k\u00ebsaj organizate. N\u00eb themelimin e Bashkimit Evropian, pra q\u00eb n\u00eb Traktatin e Maastricht-it n\u00eb shkurt t\u00eb vitit 1992, ekzakt\u00ebsisht n\u00eb nenin 1 t\u00eb k\u00ebtij traktati t\u00eb famsh\u00ebm, shkruhet: \u201cKy traktat sh\u00ebnon nj\u00eb stad t\u00eb ri n\u00eb procesin e krijimit t\u00eb nj\u00eb bashkimi q\u00eb kurr\u00eb s\u2019ka qen\u00eb m\u00eb af\u00ebr popujve t\u00eb Evrop\u00ebs dhe ku vendimet merren n\u00eb m\u00ebnyr\u00ebn m\u00eb t\u00eb hapur t\u00eb mundshme (parimi i transparenc\u00ebs) dhe n\u00eb m\u00ebnyr\u00ebn m\u00eb pran\u00eb t\u00eb mundshme (parimi i subsidiaritetit) ndaj qytetarit\u201d.<\/p>\n<p>K\u00ebto dy parime b\u00ebhen pjes\u00eb e r\u00ebnd\u00ebsishme edhe e dy takimeve q\u00eb pasojn\u00eb Maastricht-in, takimi i K\u00ebshillit Evropian n\u00eb Birmingham, tetor 1992 dhe takimi i Edingburgh-ut, dhjetor 1992. Madje, n\u00eb k\u00ebto dy takime BE angazhohet t\u00eb mbik\u00ebqyr\u00eb zbatimin korrekt t\u00eb k\u00ebtyre dy parimeve. Gjithsesi, kulmi arrin n\u00eb takimin e K\u00ebshillit Evropian n\u00eb Kopenhagen, 1993, n\u00eb konkluzionet e t\u00eb cilit, dy parimeve m\u00eb t\u00eb r\u00ebnd\u00ebsishme t\u00eb funksionimit t\u00eb krejt ngrehin\u00ebs s\u00eb BE, pra parimit t\u00eb ndarjes s\u00eb pushtetit sipas r\u00ebnd\u00ebsis\u00eb m\u00eb t\u00eb vog\u00ebl, \u201csubsidiarity principle\u201d, dhe parimit t\u00eb transparenc\u00ebs, ose si\u00e7 shkruhet n\u00eb k\u00ebt\u00eb traktat, \u201copenness principle\u201d, i kushtohet gjith\u00eb paragrafi 15, ku midis t\u00eb tjerash thuhet: \u201cK\u00ebshilli Evropian i fton t\u00eb gjitha institucionet q\u00eb parimet e subsidiaritetit dhe transparenc\u00ebs t\u00eb materializohen n\u00eb t\u00eb gjitha aspektet e aktivitetit t\u00eb vendeve pjes\u00ebmarr\u00ebse si dhe t\u00eb jen\u00eb plot\u00ebsisht t\u00eb zbatueshme n\u00eb veprimet e p\u00ebrditshme t\u00eb k\u00ebtyre institucioneve\u201d.<\/p>\n<p>T\u00eb gjith\u00eb ata q\u00eb merren me k\u00ebt\u00eb pun\u00eb, pra me procesin e zgjerimit t\u00eb BE-s\u00eb, e din\u00eb q\u00eb t\u00eb shnd\u00ebrrohet Shqip\u00ebria n\u00eb nj\u00eb vend kandidat t\u00eb BE, duhet t\u00eb plot\u00ebsoj\u00eb kriteret e Kopenhagenit, dhe m\u00eb kryesori \u00ebsht\u00eb: \u201cvendi duhet t\u00eb ket\u00eb institucione t\u00eb q\u00ebndrueshme q\u00eb garantojn\u00eb demokraci\u201d. Ky kriter nuk mund t\u00eb plot\u00ebsohet n\u00ebse nuk \u00ebsht\u00eb arritur paraprakisht q\u00eb \u201cinstitucionet e k\u00ebtij vendi dhe procesi i marrjes s\u00eb vendimeve prej tyre \u00ebsht\u00eb efektiv dhe i p\u00ebrgjegjsh\u00ebm\u201d.<\/p>\n<p>Nga ana tjet\u00ebr, procesi i marrjes s\u00eb vendimeve \u00ebsht\u00eb efektiv dhe i p\u00ebrgjegjsh\u00ebm vet\u00ebm n\u00ebse institucionet jan\u00eb nd\u00ebrtuar mbi parimin e subsidiaritetit (asnj\u00eb proces vendimmarr\u00ebs nuk \u00ebsht\u00eb demokratik n\u00ebse nuk bazohet mbi k\u00ebt\u00eb parim) dhe vet\u00ebm k\u00ebshtu, pastaj, procesi i vendimmarrjes mund t\u00eb jet\u00eb transparent, i hapur, dhe akoma m\u00eb shum\u00eb, i kontrolluesh\u00ebm.<\/p>\n<p>Qeveria shqiptare po e plot\u00ebson pyet\u00ebsorin e BE-s\u00eb n\u00eb nj\u00eb proces q\u00eb nuk \u00ebsht\u00eb transparent, duke shkelur k\u00ebshtu edhe nj\u00eb parim baz\u00eb t\u00eb ngrehin\u00ebs evropiane ku po p\u00ebrpiqemi t\u00eb hyjm\u00eb. Kjo \u00ebsht\u00eb vet\u00ebm nj\u00ebra an\u00eb, dhe ajo q\u00eb duket leht\u00ebsisht. Ana tjet\u00ebr \u00ebsht\u00eb edhe m\u00eb tragjikja: duke fshehur p\u00ebrgjigjet e pyetjeve ndaj popullit t\u00eb saj, qeveria po mundohet t\u00eb fsheh\u00eb v\u00ebrtet\u00ebsin\u00eb e tyre, \u00e7ka jo vet\u00ebm q\u00eb e kthen procesin n\u00eb jo realist, por edhe t\u00eb turpsh\u00ebm.<\/p>\n<p>Sot nuk ka njeri t\u00eb v\u00ebmendsh\u00ebm dhe q\u00eb i njeh institucionet nj\u00ebkoh\u00ebsisht, t\u00eb mos e ket\u00eb v\u00ebn\u00eb re se t\u00eb gjitha institucionet q\u00eb jan\u00eb n\u00eb Shqip\u00ebri, pa asnj\u00eb p\u00ebrjashtim, si ato t\u00eb pjes\u00ebs ekzekutive, ashtu edhe t\u00eb pushteteve t\u00eb tjera, si t\u00eb marra ve\u00e7 e ve\u00e7, ashtu edhe n\u00eb nivelin shtet\u00ebror (parimi i subsidiaritetit zbatohet n\u00eb nivel shtet\u00ebror dhe pastaj n\u00eb nivel institucional, d.m.th, p\u00ebrgjegj\u00ebsia ndahet nj\u00ebher\u00eb n\u00eb nivel shtet\u00ebror dhe ajo q\u00eb i jepet \u00e7do institucioni, po mbi baz\u00eb t\u00eb k\u00ebtij parimi, ndahet brenda vet\u00eb institucionit), jan\u00eb nd\u00ebrtuar duke mos zbatuar asnj\u00eb prej dy parimeve, pasi procesi vendimmarr\u00ebs nuk \u00ebsht\u00eb kuantifikuar sipas parimit t\u00eb subsidiaritetit nga nj\u00ebra an\u00eb, dhe nuk \u00ebsht\u00eb transparent nga ana tjet\u00ebr.<\/p>\n<p>Kjo e b\u00ebn Shqip\u00ebrin\u00eb nj\u00eb vend krejt t\u00eb pangjash\u00ebm me \u00e7do vend n\u00eb hap\u00ebsir\u00ebn demokratike t\u00eb BE. Shqip\u00ebria mund t\u00eb nd\u00ebrtoj\u00eb rrug\u00eb, mund t\u00eb blej\u00eb kompjutera, madje mund ta shnd\u00ebrroj\u00eb n\u00eb universitet edhe fakultetin e mjek\u00ebsis\u00eb, apo t\u2019i heq\u00eb tatimin mbi vler\u00ebn e shtuar universiteteve private; por ajo kurr\u00eb nuk do t\u00eb b\u00ebhet e ngjashme me Evrop\u00ebn n\u00ebse nuk rind\u00ebrtohet nga pik\u00ebpamja demokratike, mbi baz\u00eb t\u00eb parimeve universale t\u00eb nd\u00ebrtimit t\u00eb institucioneve n\u00eb nj\u00eb vend demokratik. Qeverisja e Shqip\u00ebris\u00eb dhe \u00e7do aksion tjet\u00ebr i nd\u00ebrmarr\u00eb prej saj nuk \u00ebsht\u00eb transparent, sepse qeveria nuk mund t\u00eb zbuloj\u00eb para opinionit publik q\u00eb pushteti i qytetar\u00ebve \u00ebsht\u00eb rr\u00ebmbyer nga shum\u00eb pak duar. N\u00ebse vet\u00ebm p\u00ebr nj\u00eb \u00e7ast qeverisja e k\u00ebtij vendi do t\u00eb ishte transparente para qytetar\u00ebve dhe do t\u00eb denonconte k\u00ebshtu m\u00ebnyr\u00ebn se si e zot\u00ebron dhe p\u00ebrdor pushtetin e dh\u00ebn\u00eb nga qytetar\u00ebt, Shqip\u00ebria jo vet\u00ebm q\u00eb nuk do t\u00eb mund t\u00eb hyj\u00eb n\u00eb Evrop\u00eb, por t\u00eb gjith\u00eb do t\u00eb kuptonin se ajo p\u00ebrb\u00ebn nj\u00eb rrezik p\u00ebr t\u00eb.<\/p>\n<p style=\"text-align: center;\">* * *<\/p>\n<p>N\u00eb \u201cprogres raportin\u201d p\u00ebr vitin 2009, midis t\u00eb tjerash, thuhet: \u201cShqip\u00ebria b\u00ebri progres n\u00eb reformimin e sistemit t\u00eb arsimit t\u00eb lart\u00eb n\u00eb p\u00ebrputhje me drejtimet e Bolonj\u00ebs, ve\u00e7an\u00ebrisht lidhur me sistemin e diplomave\u201d. Ka ndodhur ekzakt\u00ebsisht e kund\u00ebrta. Sistemi i diplomave n\u00eb Shqip\u00ebri \u00ebsht\u00eb plot\u00ebsisht i ndrysh\u00ebm me drejtimin e Bolonj\u00ebs dhe kjo \u00ebsht\u00eb akoma e fiksuar edhe sot n\u00eb ligjin ekzistues t\u00eb arsimit t\u00eb lart\u00eb, me gjith\u00eb tentativat qesharake p\u00ebr ta ndryshuar at\u00eb menj\u00ebher\u00eb pas dy vjet\u00ebsh. Megjith\u00ebse qeveria \u00ebsht\u00eb paralajm\u00ebruar shum\u00eb her\u00eb p\u00ebr k\u00ebt\u00eb shmangie dhe publikisht, raportuesi thot\u00eb t\u00eb kund\u00ebrt\u00ebn, nj\u00eb gj\u00eb t\u00eb pav\u00ebrtet\u00eb, dhe akoma m\u00eb shum\u00eb, nuk b\u00ebn asnj\u00eb tentativ\u00eb p\u00ebr t\u00eb shkuar te rr\u00ebnj\u00ebt e k\u00ebtij problemi. Kjo nuk do t\u00eb thot\u00eb q\u00eb ai nuk ka dashur t\u00eb jet\u00eb realist.<\/p>\n<p>Kjo do t\u00eb thot\u00eb q\u00eb ai ka pyetur zyrtar\u00ebt e k\u00ebsaj qeverie dhe ka shkruar raportin n\u00eb baz\u00eb t\u00eb informacionit t\u00eb tyre, duke anashkaluar faktin aq t\u00eb trishtuesh\u00ebm t\u00eb munges\u00ebs s\u00eb integritetit si karakteristik\u00eb esenciale e k\u00ebsaj qeverisje. Ky \u00ebsht\u00eb vet\u00ebm nj\u00eb shembull, por ka shum\u00eb t\u00eb tjer\u00eb si ky. I dh\u00ebn\u00eb n\u00eb k\u00ebt\u00eb shkrim, ky shembull \u00ebsht\u00eb i mjaftuesh\u00ebm p\u00ebr t\u00eb dh\u00ebn\u00eb alarmin se asnj\u00eb raport mbi Shqip\u00ebrin\u00eb nuk do t\u00eb ishte realist n\u00ebse nuk do t\u00eb ishte transparent, pra, n\u00ebse nuk do t\u00eb b\u00ebhej publik dhe t\u00eb priteshin v\u00ebrejtjet dhe konstatimet e qytetar\u00ebve.<\/p>\n<p>Kjo domosdoshm\u00ebri b\u00ebhet absolute p\u00ebr kushtet e Shqip\u00ebris\u00eb, gj\u00eb q\u00eb nuk zbehet aspak edhe pse grupe ekspert\u00ebsh t\u00eb BE-s\u00eb mund t\u00eb vijn\u00eb n\u00eb terren p\u00ebr t\u00eb kontrolluar v\u00ebrtet\u00ebsin\u00eb e p\u00ebrgjigjeve. Prandaj, z.Lohan, meqen\u00ebse kjo qeveri nuk e b\u00ebn dot, duhet t\u00eb jeni ju ai q\u00eb do t\u00eb duhet t\u00eb b\u00ebj\u00eb transparent p\u00ebrgjigjet e pyet\u00ebsorit para shqiptar\u00ebve. Me siguri, kjo do t\u00eb p\u00ebrmir\u00ebsonte rr\u00ebnj\u00ebsisht edhe cil\u00ebsin\u00eb e pun\u00ebs suaj n\u00eb Shqip\u00ebri.<\/p>\n","protected":false},"excerpt":{"rendered":"<p>Nga: BESNIK GJONGECAJ Kriza e thell\u00eb n\u00eb t\u00eb cil\u00ebn \u00ebsht\u00eb p\u00ebrfshir\u00eb Shqip\u00ebria, nuk mund ta fsheh\u00eb apo ta relativizoj\u00eb procesin e shnd\u00ebrrimit t\u00eb saj nga nj\u00eb vend kandidat potencial, n\u00eb nj\u00eb vend kandidat t\u00eb Bashkimit Evropian. P\u00ebrkundrazi, p\u00ebr qytetar\u00ebt syhapur dhe politikan\u00ebt q\u00eb nuk jan\u00eb bandit\u00eb, kjo kriz\u00eb vet\u00ebm sa e nxjerr m\u00eb n\u00eb pah [&hellip;]<\/p>\n","protected":false},"author":1,"featured_media":0,"comment_status":"open","ping_status":"closed","sticky":false,"template":"","format":"standard","meta":{"footnotes":""},"categories":[2],"tags":[],"class_list":{"0":"post-2756","1":"post","2":"type-post","3":"status-publish","4":"format-standard","6":"category-artikuj"},"yoast_head":"<!-- This site is optimized with the Yoast SEO plugin v27.4 - https:\/\/yoast.com\/product\/yoast-seo-wordpress\/ -->\n<title>Shqiptar\u00ebve ua shkruajn\u00eb jet\u00ebn n\u00eb let\u00ebr, por i ndalojn\u00eb ta lexojn\u00eb at\u00eb - FjALA e LIR\u00cb - Arkivi<\/title>\n<meta name=\"robots\" content=\"index, follow, max-snippet:-1, max-image-preview:large, max-video-preview:-1\" \/>\n<link rel=\"canonical\" href=\"https:\/\/fjala.info\/2009-2015\/shqiptareve-ua-shkruajne-jeten-ne-leter-por-i-ndalojne-ta-lexojne-ate\/\" \/>\n<meta property=\"og:locale\" content=\"sq_AL\" \/>\n<meta property=\"og:type\" content=\"article\" \/>\n<meta property=\"og:title\" content=\"Shqiptar\u00ebve ua shkruajn\u00eb jet\u00ebn n\u00eb let\u00ebr, por i ndalojn\u00eb ta lexojn\u00eb at\u00eb - FjALA e LIR\u00cb - Arkivi\" \/>\n<meta property=\"og:description\" content=\"Nga: BESNIK GJONGECAJ Kriza e thell\u00eb n\u00eb t\u00eb cil\u00ebn \u00ebsht\u00eb p\u00ebrfshir\u00eb Shqip\u00ebria, nuk mund ta fsheh\u00eb apo ta relativizoj\u00eb procesin e shnd\u00ebrrimit t\u00eb saj nga nj\u00eb vend kandidat potencial, n\u00eb nj\u00eb vend kandidat t\u00eb Bashkimit Evropian. P\u00ebrkundrazi, p\u00ebr qytetar\u00ebt syhapur dhe politikan\u00ebt q\u00eb nuk jan\u00eb bandit\u00eb, kjo kriz\u00eb vet\u00ebm sa e nxjerr m\u00eb n\u00eb pah [&hellip;]\" \/>\n<meta property=\"og:url\" content=\"https:\/\/fjala.info\/2009-2015\/shqiptareve-ua-shkruajne-jeten-ne-leter-por-i-ndalojne-ta-lexojne-ate\/\" \/>\n<meta property=\"og:site_name\" content=\"FjALA e LIR\u00cb - Arkivi\" \/>\n<meta property=\"article:published_time\" content=\"2010-05-22T08:28:40+00:00\" \/>\n<meta name=\"author\" content=\"admin\" \/>\n<meta name=\"twitter:card\" content=\"summary_large_image\" \/>\n<meta name=\"twitter:label1\" content=\"Written by\" \/>\n\t<meta name=\"twitter:data1\" content=\"admin\" \/>\n\t<meta name=\"twitter:label2\" content=\"Est. reading time\" \/>\n\t<meta name=\"twitter:data2\" content=\"13 minutes\" \/>\n<script type=\"application\/ld+json\" class=\"yoast-schema-graph\">{\"@context\":\"https:\\\/\\\/schema.org\",\"@graph\":[{\"@type\":\"Article\",\"@id\":\"https:\\\/\\\/fjala.info\\\/2009-2015\\\/shqiptareve-ua-shkruajne-jeten-ne-leter-por-i-ndalojne-ta-lexojne-ate\\\/#article\",\"isPartOf\":{\"@id\":\"https:\\\/\\\/fjala.info\\\/2009-2015\\\/shqiptareve-ua-shkruajne-jeten-ne-leter-por-i-ndalojne-ta-lexojne-ate\\\/\"},\"author\":{\"name\":\"admin\",\"@id\":\"https:\\\/\\\/fjala.info\\\/2009-2015\\\/#\\\/schema\\\/person\\\/3aa1163ef05469c496fc94e77611ada2\"},\"headline\":\"Shqiptar\u00ebve ua shkruajn\u00eb jet\u00ebn n\u00eb let\u00ebr, por i ndalojn\u00eb ta lexojn\u00eb at\u00eb\",\"datePublished\":\"2010-05-22T08:28:40+00:00\",\"mainEntityOfPage\":{\"@id\":\"https:\\\/\\\/fjala.info\\\/2009-2015\\\/shqiptareve-ua-shkruajne-jeten-ne-leter-por-i-ndalojne-ta-lexojne-ate\\\/\"},\"wordCount\":2581,\"commentCount\":0,\"publisher\":{\"@id\":\"https:\\\/\\\/fjala.info\\\/2009-2015\\\/#organization\"},\"articleSection\":[\"Artikuj\"],\"inLanguage\":\"sq-AL\",\"potentialAction\":[{\"@type\":\"CommentAction\",\"name\":\"Comment\",\"target\":[\"https:\\\/\\\/fjala.info\\\/2009-2015\\\/shqiptareve-ua-shkruajne-jeten-ne-leter-por-i-ndalojne-ta-lexojne-ate\\\/#respond\"]}]},{\"@type\":\"WebPage\",\"@id\":\"https:\\\/\\\/fjala.info\\\/2009-2015\\\/shqiptareve-ua-shkruajne-jeten-ne-leter-por-i-ndalojne-ta-lexojne-ate\\\/\",\"url\":\"https:\\\/\\\/fjala.info\\\/2009-2015\\\/shqiptareve-ua-shkruajne-jeten-ne-leter-por-i-ndalojne-ta-lexojne-ate\\\/\",\"name\":\"Shqiptar\u00ebve ua shkruajn\u00eb jet\u00ebn n\u00eb let\u00ebr, por i ndalojn\u00eb ta lexojn\u00eb at\u00eb - FjALA e LIR\u00cb - Arkivi\",\"isPartOf\":{\"@id\":\"https:\\\/\\\/fjala.info\\\/2009-2015\\\/#website\"},\"datePublished\":\"2010-05-22T08:28:40+00:00\",\"breadcrumb\":{\"@id\":\"https:\\\/\\\/fjala.info\\\/2009-2015\\\/shqiptareve-ua-shkruajne-jeten-ne-leter-por-i-ndalojne-ta-lexojne-ate\\\/#breadcrumb\"},\"inLanguage\":\"sq-AL\",\"potentialAction\":[{\"@type\":\"ReadAction\",\"target\":[\"https:\\\/\\\/fjala.info\\\/2009-2015\\\/shqiptareve-ua-shkruajne-jeten-ne-leter-por-i-ndalojne-ta-lexojne-ate\\\/\"]}]},{\"@type\":\"BreadcrumbList\",\"@id\":\"https:\\\/\\\/fjala.info\\\/2009-2015\\\/shqiptareve-ua-shkruajne-jeten-ne-leter-por-i-ndalojne-ta-lexojne-ate\\\/#breadcrumb\",\"itemListElement\":[{\"@type\":\"ListItem\",\"position\":1,\"name\":\"Home\",\"item\":\"https:\\\/\\\/fjala.info\\\/2009-2015\\\/\"},{\"@type\":\"ListItem\",\"position\":2,\"name\":\"Shqiptar\u00ebve ua shkruajn\u00eb jet\u00ebn n\u00eb let\u00ebr, por i ndalojn\u00eb ta lexojn\u00eb at\u00eb\"}]},{\"@type\":\"WebSite\",\"@id\":\"https:\\\/\\\/fjala.info\\\/2009-2015\\\/#website\",\"url\":\"https:\\\/\\\/fjala.info\\\/2009-2015\\\/\",\"name\":\"FjALA e LIR\u00cb - Arkivi\",\"description\":\"Arkivi 2009-2015\",\"publisher\":{\"@id\":\"https:\\\/\\\/fjala.info\\\/2009-2015\\\/#organization\"},\"potentialAction\":[{\"@type\":\"SearchAction\",\"target\":{\"@type\":\"EntryPoint\",\"urlTemplate\":\"https:\\\/\\\/fjala.info\\\/2009-2015\\\/?s={search_term_string}\"},\"query-input\":{\"@type\":\"PropertyValueSpecification\",\"valueRequired\":true,\"valueName\":\"search_term_string\"}}],\"inLanguage\":\"sq-AL\"},{\"@type\":\"Organization\",\"@id\":\"https:\\\/\\\/fjala.info\\\/2009-2015\\\/#organization\",\"name\":\"FjALA e LIR\u00cb - Arkivi\",\"url\":\"https:\\\/\\\/fjala.info\\\/2009-2015\\\/\",\"logo\":{\"@type\":\"ImageObject\",\"inLanguage\":\"sq-AL\",\"@id\":\"https:\\\/\\\/fjala.info\\\/2009-2015\\\/#\\\/schema\\\/logo\\\/image\\\/\",\"url\":\"\",\"contentUrl\":\"\",\"caption\":\"FjALA e LIR\u00cb - Arkivi\"},\"image\":{\"@id\":\"https:\\\/\\\/fjala.info\\\/2009-2015\\\/#\\\/schema\\\/logo\\\/image\\\/\"}},{\"@type\":\"Person\",\"@id\":\"https:\\\/\\\/fjala.info\\\/2009-2015\\\/#\\\/schema\\\/person\\\/3aa1163ef05469c496fc94e77611ada2\",\"name\":\"admin\",\"image\":{\"@type\":\"ImageObject\",\"inLanguage\":\"sq-AL\",\"@id\":\"https:\\\/\\\/fjala.info\\\/2009-2015\\\/wp-content\\\/uploads\\\/2012\\\/02\\\/arben_cokaj-120x150.jpg\",\"url\":\"https:\\\/\\\/fjala.info\\\/2009-2015\\\/wp-content\\\/uploads\\\/2012\\\/02\\\/arben_cokaj-120x150.jpg\",\"contentUrl\":\"https:\\\/\\\/fjala.info\\\/2009-2015\\\/wp-content\\\/uploads\\\/2012\\\/02\\\/arben_cokaj-120x150.jpg\",\"caption\":\"admin\"},\"description\":\"Admin, Fjala e Lir\u00eb\",\"sameAs\":[\"https:\\\/\\\/fjala.info\\\/\"],\"url\":\"https:\\\/\\\/fjala.info\\\/2009-2015\\\/author\\\/admin\\\/\"}]}<\/script>\n<!-- \/ Yoast SEO plugin. -->","yoast_head_json":{"title":"Shqiptar\u00ebve ua shkruajn\u00eb jet\u00ebn n\u00eb let\u00ebr, por i ndalojn\u00eb ta lexojn\u00eb at\u00eb - FjALA e LIR\u00cb - Arkivi","robots":{"index":"index","follow":"follow","max-snippet":"max-snippet:-1","max-image-preview":"max-image-preview:large","max-video-preview":"max-video-preview:-1"},"canonical":"https:\/\/fjala.info\/2009-2015\/shqiptareve-ua-shkruajne-jeten-ne-leter-por-i-ndalojne-ta-lexojne-ate\/","og_locale":"sq_AL","og_type":"article","og_title":"Shqiptar\u00ebve ua shkruajn\u00eb jet\u00ebn n\u00eb let\u00ebr, por i ndalojn\u00eb ta lexojn\u00eb at\u00eb - FjALA e LIR\u00cb - Arkivi","og_description":"Nga: BESNIK GJONGECAJ Kriza e thell\u00eb n\u00eb t\u00eb cil\u00ebn \u00ebsht\u00eb p\u00ebrfshir\u00eb Shqip\u00ebria, nuk mund ta fsheh\u00eb apo ta relativizoj\u00eb procesin e shnd\u00ebrrimit t\u00eb saj nga nj\u00eb vend kandidat potencial, n\u00eb nj\u00eb vend kandidat t\u00eb Bashkimit Evropian. P\u00ebrkundrazi, p\u00ebr qytetar\u00ebt syhapur dhe politikan\u00ebt q\u00eb nuk jan\u00eb bandit\u00eb, kjo kriz\u00eb vet\u00ebm sa e nxjerr m\u00eb n\u00eb pah [&hellip;]","og_url":"https:\/\/fjala.info\/2009-2015\/shqiptareve-ua-shkruajne-jeten-ne-leter-por-i-ndalojne-ta-lexojne-ate\/","og_site_name":"FjALA e LIR\u00cb - Arkivi","article_published_time":"2010-05-22T08:28:40+00:00","author":"admin","twitter_card":"summary_large_image","twitter_misc":{"Written by":"admin","Est. reading time":"13 minutes"},"schema":{"@context":"https:\/\/schema.org","@graph":[{"@type":"Article","@id":"https:\/\/fjala.info\/2009-2015\/shqiptareve-ua-shkruajne-jeten-ne-leter-por-i-ndalojne-ta-lexojne-ate\/#article","isPartOf":{"@id":"https:\/\/fjala.info\/2009-2015\/shqiptareve-ua-shkruajne-jeten-ne-leter-por-i-ndalojne-ta-lexojne-ate\/"},"author":{"name":"admin","@id":"https:\/\/fjala.info\/2009-2015\/#\/schema\/person\/3aa1163ef05469c496fc94e77611ada2"},"headline":"Shqiptar\u00ebve ua shkruajn\u00eb jet\u00ebn n\u00eb let\u00ebr, por i ndalojn\u00eb ta lexojn\u00eb at\u00eb","datePublished":"2010-05-22T08:28:40+00:00","mainEntityOfPage":{"@id":"https:\/\/fjala.info\/2009-2015\/shqiptareve-ua-shkruajne-jeten-ne-leter-por-i-ndalojne-ta-lexojne-ate\/"},"wordCount":2581,"commentCount":0,"publisher":{"@id":"https:\/\/fjala.info\/2009-2015\/#organization"},"articleSection":["Artikuj"],"inLanguage":"sq-AL","potentialAction":[{"@type":"CommentAction","name":"Comment","target":["https:\/\/fjala.info\/2009-2015\/shqiptareve-ua-shkruajne-jeten-ne-leter-por-i-ndalojne-ta-lexojne-ate\/#respond"]}]},{"@type":"WebPage","@id":"https:\/\/fjala.info\/2009-2015\/shqiptareve-ua-shkruajne-jeten-ne-leter-por-i-ndalojne-ta-lexojne-ate\/","url":"https:\/\/fjala.info\/2009-2015\/shqiptareve-ua-shkruajne-jeten-ne-leter-por-i-ndalojne-ta-lexojne-ate\/","name":"Shqiptar\u00ebve ua shkruajn\u00eb jet\u00ebn n\u00eb let\u00ebr, por i ndalojn\u00eb ta lexojn\u00eb at\u00eb - FjALA e LIR\u00cb - Arkivi","isPartOf":{"@id":"https:\/\/fjala.info\/2009-2015\/#website"},"datePublished":"2010-05-22T08:28:40+00:00","breadcrumb":{"@id":"https:\/\/fjala.info\/2009-2015\/shqiptareve-ua-shkruajne-jeten-ne-leter-por-i-ndalojne-ta-lexojne-ate\/#breadcrumb"},"inLanguage":"sq-AL","potentialAction":[{"@type":"ReadAction","target":["https:\/\/fjala.info\/2009-2015\/shqiptareve-ua-shkruajne-jeten-ne-leter-por-i-ndalojne-ta-lexojne-ate\/"]}]},{"@type":"BreadcrumbList","@id":"https:\/\/fjala.info\/2009-2015\/shqiptareve-ua-shkruajne-jeten-ne-leter-por-i-ndalojne-ta-lexojne-ate\/#breadcrumb","itemListElement":[{"@type":"ListItem","position":1,"name":"Home","item":"https:\/\/fjala.info\/2009-2015\/"},{"@type":"ListItem","position":2,"name":"Shqiptar\u00ebve ua shkruajn\u00eb jet\u00ebn n\u00eb let\u00ebr, por i ndalojn\u00eb ta lexojn\u00eb at\u00eb"}]},{"@type":"WebSite","@id":"https:\/\/fjala.info\/2009-2015\/#website","url":"https:\/\/fjala.info\/2009-2015\/","name":"FjALA e LIR\u00cb - Arkivi","description":"Arkivi 2009-2015","publisher":{"@id":"https:\/\/fjala.info\/2009-2015\/#organization"},"potentialAction":[{"@type":"SearchAction","target":{"@type":"EntryPoint","urlTemplate":"https:\/\/fjala.info\/2009-2015\/?s={search_term_string}"},"query-input":{"@type":"PropertyValueSpecification","valueRequired":true,"valueName":"search_term_string"}}],"inLanguage":"sq-AL"},{"@type":"Organization","@id":"https:\/\/fjala.info\/2009-2015\/#organization","name":"FjALA e LIR\u00cb - Arkivi","url":"https:\/\/fjala.info\/2009-2015\/","logo":{"@type":"ImageObject","inLanguage":"sq-AL","@id":"https:\/\/fjala.info\/2009-2015\/#\/schema\/logo\/image\/","url":"","contentUrl":"","caption":"FjALA e LIR\u00cb - Arkivi"},"image":{"@id":"https:\/\/fjala.info\/2009-2015\/#\/schema\/logo\/image\/"}},{"@type":"Person","@id":"https:\/\/fjala.info\/2009-2015\/#\/schema\/person\/3aa1163ef05469c496fc94e77611ada2","name":"admin","image":{"@type":"ImageObject","inLanguage":"sq-AL","@id":"https:\/\/fjala.info\/2009-2015\/wp-content\/uploads\/2012\/02\/arben_cokaj-120x150.jpg","url":"https:\/\/fjala.info\/2009-2015\/wp-content\/uploads\/2012\/02\/arben_cokaj-120x150.jpg","contentUrl":"https:\/\/fjala.info\/2009-2015\/wp-content\/uploads\/2012\/02\/arben_cokaj-120x150.jpg","caption":"admin"},"description":"Admin, Fjala e Lir\u00eb","sameAs":["https:\/\/fjala.info\/"],"url":"https:\/\/fjala.info\/2009-2015\/author\/admin\/"}]}},"_links":{"self":[{"href":"https:\/\/fjala.info\/2009-2015\/wp-json\/wp\/v2\/posts\/2756","targetHints":{"allow":["GET"]}}],"collection":[{"href":"https:\/\/fjala.info\/2009-2015\/wp-json\/wp\/v2\/posts"}],"about":[{"href":"https:\/\/fjala.info\/2009-2015\/wp-json\/wp\/v2\/types\/post"}],"author":[{"embeddable":true,"href":"https:\/\/fjala.info\/2009-2015\/wp-json\/wp\/v2\/users\/1"}],"replies":[{"embeddable":true,"href":"https:\/\/fjala.info\/2009-2015\/wp-json\/wp\/v2\/comments?post=2756"}],"version-history":[{"count":0,"href":"https:\/\/fjala.info\/2009-2015\/wp-json\/wp\/v2\/posts\/2756\/revisions"}],"wp:attachment":[{"href":"https:\/\/fjala.info\/2009-2015\/wp-json\/wp\/v2\/media?parent=2756"}],"wp:term":[{"taxonomy":"category","embeddable":true,"href":"https:\/\/fjala.info\/2009-2015\/wp-json\/wp\/v2\/categories?post=2756"},{"taxonomy":"post_tag","embeddable":true,"href":"https:\/\/fjala.info\/2009-2015\/wp-json\/wp\/v2\/tags?post=2756"}],"curies":[{"name":"wp","href":"https:\/\/api.w.org\/{rel}","templated":true}]}}