{"id":2754,"date":"2010-05-20T08:28:46","date_gmt":"2010-05-20T07:28:46","guid":{"rendered":"http:\/\/fjala.shkoder.net\/?p=2754"},"modified":"2010-05-20T08:28:46","modified_gmt":"2010-05-20T07:28:46","slug":"situata-politike-ne-shqiperi-nga-bbc-dw-dhe-zeri-i-amerikes","status":"publish","type":"post","link":"https:\/\/fjala.info\/2009-2015\/situata-politike-ne-shqiperi-nga-bbc-dw-dhe-zeri-i-amerikes\/","title":{"rendered":"Situata politike n\u00eb Shqip\u00ebri nga BBC, DW dhe Z\u00ebri i Amerik\u00ebs"},"content":{"rendered":"<p><strong>Shekulli<\/strong>, <em>20.05.2010<\/em><\/p>\n<p>M\u00eb poshte jane kronikat e tre mediave nderkombetare me dege ne gjuhen shqipe, BBC-se, radios gjermane Doj\u00e7e Vele dhe Zerit te Amerikes (VOA) &#8211; lidhur me takimin e pritshem ne Strasburg dhe situaten politike ne Shqiperi.<\/p>\n<p><strong>BBC: BE nd\u00ebrmjet\u00ebson n\u00eb Strasburg p\u00ebr kriz\u00ebn politike shqiptare<\/strong><\/p>\n<p>Kryeministri i Shqip\u00ebris\u00eb, Sali Berisha dhe kryetari i PS t\u00eb opozit\u00ebs Edi Rama jan\u00eb n\u00eb Strasburg ku pas disa or\u00ebsh n\u00eb pranin\u00eb e p\u00ebrfaq\u00ebsuesve m\u00eb t\u00eb lart\u00eb t\u00eb majt\u00ebs dhe t\u00eb djatht\u00ebs evropiane dhe t\u00eb Komisionerit p\u00ebr Zgjerimin Stefan Fule nisin bisedimet p\u00ebr gjetjen e gjuh\u00ebs s\u00eb p\u00ebrbashk\u00ebt n\u00eb kap\u00ebrcimin e kriz\u00ebs politike q\u00eb ka mb\u00ebrthyer vendin q\u00eb pas zgjedhjeve t\u00eb dhjet\u00eb muajve m\u00eb par\u00eb.<\/p>\n<p>Takimi i tyre ne Strasburg vjen pasi deputet\u00ebt dhe p\u00ebrkrah\u00ebsit e Partis\u00eb Socialiste t\u00eb opozit\u00ebs n\u00eb Shqip\u00ebri p\u00ebrfunduan pas 19 dit\u00ebsh grev\u00ebn e tyre t\u00eb uris\u00eb pasi udh\u00ebheq\u00ebsit politik\u00eb ran\u00eb dakord t\u00eb mbajn\u00eb bisedime me nd\u00ebrmjet\u00ebsimin e BE-s\u00eb p\u00ebr t&#8217;i dh\u00ebn\u00eb fund kriz\u00ebs politike.<\/p>\n<p>M\u00eb her\u00ebt, kreu i partis\u00eb Socialiste Edi Rama tha se socialist\u00ebt dhe p\u00ebrfaq\u00ebsues nga Partia Demokratike e kryeministrit Sali Berisha do t\u00eb takohen t\u00eb enjten n\u00eb Strasburg n\u00eb negociata ku pritet t\u00eb marr\u00eb pjes\u00eb edhe Komisioneri Evropian p\u00ebr Zgjerimin Stefan Fule.<\/p>\n<p>&#8220;N\u00eb Strasburg p\u00ebrfaq\u00ebsuesit m\u00eb t\u00eb lart\u00eb t\u00eb s\u00eb majt\u00ebs dhe t\u00eb djatht\u00ebs evropiane, me mb\u00ebshtetjen e t\u00eb gjith\u00eb komunitetit nd\u00ebrkomb\u00ebtar, presin n\u00eb tryez\u00eb t\u00eb dyja pal\u00ebt p\u00ebr t\u00eb k\u00ebrkuar zgjidhjen dhe p\u00ebr t&#8217;i hapur rrug\u00ebn jo vet\u00ebm transparenc\u00ebs, por edhe sfidave t\u00eb integrimit,&#8221; tha zoti Rama.<\/p>\n<p>Socialist\u00ebt e opozit\u00ebs kan\u00eb disa muaj q\u00eb protestojn\u00eb duke k\u00ebrkuar transparenc\u00ebn e zgjedhjeve parlamentare, dhe protesta e tyre arriti kulmin kur 21 deputet\u00eb socialist\u00eb dhe 180 mb\u00ebshtet\u00ebs t\u00eb tyre filluan nj\u00eb grev\u00eb urie para zyrave t\u00eb kryeministrit Berisha n\u00eb Tiran\u00eb.<\/p>\n<p>Udh\u00ebheq\u00ebsi socialist paralajm\u00ebroi se fundi i grev\u00ebs nuk do t\u00eb thot\u00eb se ata do t\u00eb ndalin p\u00ebrpjekjet e tyre p\u00ebr t\u00eb arritur zgjidhjen e kriz\u00ebs politike.<\/p>\n<p>&#8220;Ky nuk \u00ebsht\u00eb fundi i betej\u00ebs, por nj\u00eb moment i r\u00ebnd\u00ebsish\u00ebm dhe pa asnj\u00eb dyshim i vlefsh\u00ebm p\u00ebr t\u00eb ardhmen,&#8221; tha zoti Rama.<\/p>\n<p><strong>DW: Berisha dhe Rama n\u00eb tryez\u00ebn e bisedimeve &#8211; gjith\u00ebsesi jo n\u00eb Tiran\u00eb, por n\u00eb Strasburg <\/strong><\/p>\n<p>Pas nd\u00ebrmjet\u00ebsimit t\u00eb BE-s\u00eb kryeministri Berisha dhe lideri i opozit\u00ebs Rama ran\u00eb dakord p\u00ebr bisedime. Ky zhvillim solli mbr\u00ebm\u00eb edhe nd\u00ebrprerjen e grev\u00ebs s\u00eb uris\u00eb t\u00eb deputet\u00ebve socialist\u00eb dhe t\u00eb mb\u00ebshtet\u00ebsve t\u00eb tyre.<\/p>\n<p>&#8220;\u00cbsht\u00eb ora e nj\u00eb shansi t\u00eb ri, \u00ebsht\u00eb nj\u00eb dit\u00eb e mbar\u00eb, &#8221; &#8211; tha kryetari i PS-s\u00eb dhe lideri i opozit\u00ebs, Edi Rama, duke b\u00ebr\u00eb t\u00eb ditur mbr\u00ebm\u00eb (19.05) nd\u00ebrprerjen e grev\u00ebs s\u00eb uris\u00eb.<\/p>\n<p>Zyrtar\u00ebt e Parlamentit Evropian konfirumuan se takimi Rama-Berisha, do t\u00eb zhvillohet sot n\u00eb mbr\u00ebmje (20.05) n\u00eb Strasburg.<\/p>\n<p>N\u00eb takim, i cili nuk \u00ebsht\u00eb pjes\u00eb e aktiviteteve zyrtare t\u00eb Parlamentit Evropian do t\u00eb marr\u00eb pjes\u00eb Komisari p\u00ebr zgjerimin i BE-s\u00eb, Stefan F\u00fcle, kryetar\u00ebt e grupeve parlamentare t\u00eb Parlamentit Evropian, ai i partive socialdemokrate Martin Schulz dhe ai i atyre popullore Joseph Daul.<\/p>\n<p>Takimi nuk dihet sa do t\u00eb zgjas\u00eb &#8220;mbase gjith\u00eb nat\u00ebn&#8221; &#8211; tha p\u00ebr DW Armin Machmer punonj\u00ebs i zyr\u00ebs s\u00eb shtypit t\u00eb Martin Schulz.<\/p>\n<p>Machmer theksoi se bisedimet do t\u00eb jen\u00eb t\u00eb v\u00ebshtira, por megjithat\u00eb shpresa p\u00ebr kompromis mbetet e madhe p\u00ebr t\u00eb gjitha pal\u00ebt pjes\u00ebmarr\u00ebse. Rezultatet priten dikur nga m\u00ebngjesi i dit\u00ebs s\u00eb nes\u00ebrme.<\/p>\n<p>Burime konfidenciale nga kryeministria dhe selia e PS-s\u00eb b\u00ebjn\u00eb t\u00eb ditur p\u00ebr DW se kryetari i Grupit t\u00eb Partive Popullore Evropiane, Joseph Daule, dhe kryetari i Grupit Parlamentar Socialist n\u00eb Parlamentin Evropian, Martin Schultz, paralajm\u00ebruan dje me an\u00eb t\u00eb nj\u00eb letre d\u00ebrguar t\u00eb dyja pal\u00ebve n\u00eb konflikt, se &#8220;do t\u00eb nd\u00ebrpritet procesi i an\u00ebtar\u00ebsimit evropian t\u00eb Shqip\u00ebris\u00eb deri n\u00eb koh\u00ebn, kur do t\u00eb gjendet nj\u00eb zgjidhje e ndershme p\u00ebr kriz\u00ebn politike.&#8221; N\u00eb k\u00ebt\u00eb let\u00ebr Daule dhe Schultz k\u00ebrkonin nd\u00ebrprerjen e menj\u00ebhershme t\u00eb protestave dhe t\u00eb grev\u00ebs s\u00eb uris\u00eb.<\/p>\n<p>Kjo grev\u00eb sh\u00ebnoi kulmin e protestave t\u00eb opozit\u00ebs p\u00ebr t\u00eb detyruar qeverin\u00eb t\u00eb b\u00ebj\u00eb transparenc\u00ebn e zgjedhjeve parlamentare t\u00eb 28 qershorit t\u00eb kaluar p\u00ebrmes hapjes s\u00eb kutive t\u00eb votimit. 22 deputet\u00eb socialist\u00eb dhe 180 mb\u00ebshtet\u00ebs t\u00eb tyre q\u00ebndruan n\u00eb grev\u00eb urie p\u00ebr 19 dit\u00eb n\u00eb \u00e7adrat e vendosura p\u00ebrball\u00eb kryeministris\u00eb.<\/p>\n<p><strong>VOA: Shqip\u00ebri, deputet\u00ebt socialist\u00eb dhe p\u00ebrkrah\u00ebsit e tyre nd\u00ebrpresin grev\u00ebn; Berisha, Rama sot n\u00eb Strasburg<\/strong><\/p>\n<p>N\u00eb Shqiperi, deputet\u00ebt socialist\u00eb dhe p\u00ebrkrah\u00ebsit e tyre nd\u00ebrpren\u00eb pas 19 dit\u00ebsh grev\u00ebn e tyre t\u00eb uris\u00eb, pas njoftimit se kryeministri Sali Berisha dhe kryetari socialist Edi Rama jan\u00eb thirrur p\u00ebr t\u00eb zhvilluar bisedime sot n\u00eb mbr\u00ebmje, me nd\u00ebrmjet\u00ebsimin e krer\u00ebve t\u00eb grupeve t\u00eb djathta dhe t\u00eb majta t\u00eb parlamenrtit europian. Presidenti i partis\u00eb popullore Europiane, grupimi i s\u00eb djatht\u00ebs, Joseph Dual dhe kreu i Partise socialiste demokratike, grupimi i s\u00eb majt\u00ebs Martin Schulz i d\u00ebrguan gjat\u00eb dit\u00ebs se djeshme nj\u00eb let\u00ebr dy p\u00ebrfaq\u00ebsuesve kryesor\u00eb t\u00eb politik\u00ebs shqiptare n\u00eb t\u00eb cil\u00ebn ata paralajm\u00ebronin se do t\u00eb ishte m\u00eb mir\u00eb nd\u00ebrprerja e procesit t\u00eb integrimit t\u00eb Shqip\u00ebris\u00eb derisa t\u00eb gjendej zgjidhja sesa Komisioni europian t\u00eb jepte nj\u00eb vler\u00ebsim negativ.<\/p>\n<p>Kryetari i Paris\u00eb Socialiste, Edi Rama, u b\u00ebri thirrje deputet\u00ebve socialist\u00eb dhe mb\u00ebshtet\u00ebsve t\u00eb tyre q\u00eb t&#8217;i jepnin fund grev\u00ebs s\u00eb uris\u00eb, duke njoftuar se s\u00eb bashku me Kryeministrin Sali Berisha ishin ftuar n\u00eb Strasburg p\u00ebr t\u00eb hapur dialogun p\u00ebr gjetjen e nj\u00eb zgjidhjeje. Zoti Rama tha para p\u00ebrkrah\u00ebsve t\u00eb tij q\u00eb brohorisnin se sot p\u00ebrfaq\u00ebsuesit m\u00eb t\u00eb lart\u00eb t\u00eb s\u00eb djatht\u00ebs dhe t\u00eb majt\u00ebs evropiane me mb\u00ebshtetjen e gjith\u00eb komunitetit nd\u00ebrkomb\u00ebtar presin n\u00eb tryez\u00ebn e bisedimeve t\u00eb dyja pal\u00ebt shqiptare. Ai deklaroi q\u00ebndrimin e Partis\u00eb Socialiste dhe t\u00eb p\u00ebrkrah\u00ebsve t\u00eb tij p\u00ebr t&#8217;i dh\u00ebn\u00eb zgjidhje kriz\u00ebs n\u00eb vend, madje shfaqi shpres\u00ebn q\u00eb edhe pala tjet\u00ebr t\u00eb b\u00ebj\u00eb t\u00eb nj\u00ebjt\u00ebn gj\u00eb.<\/p>\n<p>Por n\u00eb t\u00eb v\u00ebrtet\u00eb nd\u00ebrprerja e grev\u00ebs ishte nj\u00eb prej k\u00ebrkesave t\u00eb ftes\u00ebs p\u00ebr t\u00eb ulur n\u00eb t\u00eb nj\u00ebjt\u00ebn tryez\u00eb larg trysnis\u00eb s\u00eb protestave dy p\u00ebrfaq\u00ebsuesit m\u00eb t\u00eb lart\u00eb t\u00eb politik\u00ebs shqiptare, ftes\u00eb q\u00eb u b\u00eb dje me an\u00eb t\u00eb nj\u00eb letre t\u00eb firmosur bashk\u00ebrisht nga Kryetari i grupimit t\u00eb djatht\u00eb n\u00eb Parlamentin Evropian, Joseph Dual, dhe homologu i tij i grupit t\u00eb majt\u00eb, Martin Schulz. N\u00eb let\u00ebr shprehej shqet\u00ebsimi p\u00ebr munges\u00ebn e \u00e7do shenj\u00eb p\u00ebr nj\u00eb zgjidhje si dhe ndikimin e k\u00ebsaj situate n\u00eb procesin e integrimit evropian t\u00eb Shqip\u00ebris\u00eb.<\/p>\n<p>Drejtuesit e dy grupimeve m\u00eb t\u00eb m\u00ebdha n\u00eb Parlamentin Evropian shkojn\u00eb deri aty sa t\u00eb shprehen se do t\u00eb preferonin t\u00eb k\u00ebrkonin bashkarisht pezullimin e procesit t\u00eb antar\u00ebsimit deri sa t\u00eb arrihej nj\u00eb zgjidhje e drejt\u00eb, se sa t\u00eb rrezikohej nj\u00eb rekomandim negativ nga Komisioni Evropian p\u00ebr k\u00ebrkes\u00ebn e Shqip\u00ebris\u00eb p\u00ebr statusin e vendit kandidat.<\/p>\n<p>Nga ana e qeveris\u00eb nuk pati komente p\u00ebr k\u00ebto zhvillime p\u00ebrve\u00e7 njoftimit t\u00eb b\u00ebr\u00eb mbr\u00ebm\u00eb n\u00eb faqen zyrtare t\u00eb qeveris\u00eb p\u00ebr ftes\u00ebn p\u00ebr takim ku do t\u00eb shqyrtoheshin t\u00eb gjitha rrug\u00ebt dhe mund\u00ebsit\u00eb p\u00ebr daljen nga ng\u00ebr\u00e7i politik.<\/p>\n<p>Megjithat\u00eb m\u00eb her\u00ebt, nd\u00ebrsa ndodhej n\u00eb Durr\u00ebs, kryeministri Sali Berisha dha sinjale t\u00eb qarta hapjeje p\u00ebr nj\u00eb dialog.<\/p>\n<p>Kryetari socialist nga ana e tij u tregua i kujdessh\u00ebm q\u00eb t\u00eb mos ushqente iluzione tek mb\u00ebshtet\u00ebsit e tij, t\u00eb cil\u00ebt th\u00ebrrisnin me tone triumfuese, madje sakt\u00ebsoi se ky moment nuk ishte domosdoshm\u00ebrisht fundi i betej\u00ebs s\u00eb opozit\u00ebs.<br \/>\nGrevist\u00ebt dol\u00ebn nga tenda e tyre 30 minuta pas fjal\u00ebs s\u00eb kryetarit socialist dhe br\u00ebnda pak or\u00ebsh bulevardi kryesor i kryeqytetit u rikthye n\u00eb gjendjen e m\u00ebparshme.<\/p>\n<p>Tani v\u00ebm\u00ebndja \u00ebsht\u00eb spostuar n\u00eb Strasburg. Takimi do t\u00eb zhvillohet si nj\u00eb dark\u00eb, ku do t\u00eb marr\u00eb pjes\u00eb edhe komisioneri p\u00ebr zgjerimin, Stefan Fyle, i cili anulloi nj\u00eb vizit\u00eb zyrtar\u00eb t\u00eb parashikuar m\u00eb par\u00eb. N\u00eb letr\u00ebn e tyre, zot\u00ebrinjt\u00eb Doll dhe Shullc sakt\u00ebsojn\u00eb se do t\u00eb diskutohet mbi parimet e transparenc\u00ebs dhe kushtetueshm\u00ebris\u00eb, t\u00eb gjitha mund\u00ebsit\u00eb e zgjidhjes, duke marr\u00eb n\u00eb konsiderat\u00eb edhe propozimet q\u00eb kan\u00eb qarkulluar, p\u00ebrfshir\u00eb ato t\u00eb dit\u00ebve t\u00eb fundit, thuhet n\u00eb letr\u00ebn e autoriteteve t\u00eb Parlamentit Evropian.<\/p>\n","protected":false},"excerpt":{"rendered":"<p>Shekulli, 20.05.2010 M\u00eb poshte jane kronikat e tre mediave nderkombetare me dege ne gjuhen shqipe, BBC-se, radios gjermane Doj\u00e7e Vele dhe Zerit te Amerikes (VOA) &#8211; lidhur me takimin e pritshem ne Strasburg dhe situaten politike ne Shqiperi. BBC: BE nd\u00ebrmjet\u00ebson n\u00eb Strasburg p\u00ebr kriz\u00ebn politike shqiptare Kryeministri i Shqip\u00ebris\u00eb, Sali Berisha dhe kryetari i [&hellip;]<\/p>\n","protected":false},"author":1,"featured_media":0,"comment_status":"open","ping_status":"closed","sticky":false,"template":"","format":"standard","meta":{"footnotes":""},"categories":[2],"tags":[],"class_list":{"0":"post-2754","1":"post","2":"type-post","3":"status-publish","4":"format-standard","6":"category-artikuj"},"yoast_head":"<!-- This site is optimized with the Yoast SEO plugin v27.4 - https:\/\/yoast.com\/product\/yoast-seo-wordpress\/ -->\n<title>Situata politike n\u00eb Shqip\u00ebri nga BBC, DW dhe Z\u00ebri i Amerik\u00ebs - FjALA e LIR\u00cb - Arkivi<\/title>\n<meta name=\"robots\" content=\"index, follow, max-snippet:-1, max-image-preview:large, max-video-preview:-1\" \/>\n<link rel=\"canonical\" href=\"https:\/\/fjala.info\/2009-2015\/situata-politike-ne-shqiperi-nga-bbc-dw-dhe-zeri-i-amerikes\/\" \/>\n<meta property=\"og:locale\" content=\"sq_AL\" \/>\n<meta property=\"og:type\" content=\"article\" \/>\n<meta property=\"og:title\" content=\"Situata politike n\u00eb Shqip\u00ebri nga BBC, DW dhe Z\u00ebri i Amerik\u00ebs - FjALA e LIR\u00cb - Arkivi\" \/>\n<meta property=\"og:description\" content=\"Shekulli, 20.05.2010 M\u00eb poshte jane kronikat e tre mediave nderkombetare me dege ne gjuhen shqipe, BBC-se, radios gjermane Doj\u00e7e Vele dhe Zerit te Amerikes (VOA) &#8211; lidhur me takimin e pritshem ne Strasburg dhe situaten politike ne Shqiperi. BBC: BE nd\u00ebrmjet\u00ebson n\u00eb Strasburg p\u00ebr kriz\u00ebn politike shqiptare Kryeministri i Shqip\u00ebris\u00eb, Sali Berisha dhe kryetari i [&hellip;]\" \/>\n<meta property=\"og:url\" content=\"https:\/\/fjala.info\/2009-2015\/situata-politike-ne-shqiperi-nga-bbc-dw-dhe-zeri-i-amerikes\/\" \/>\n<meta property=\"og:site_name\" content=\"FjALA e LIR\u00cb - Arkivi\" \/>\n<meta property=\"article:published_time\" content=\"2010-05-20T07:28:46+00:00\" \/>\n<meta name=\"author\" content=\"admin\" \/>\n<meta name=\"twitter:card\" content=\"summary_large_image\" \/>\n<meta name=\"twitter:label1\" content=\"Written by\" \/>\n\t<meta name=\"twitter:data1\" content=\"admin\" \/>\n\t<meta name=\"twitter:label2\" content=\"Est. reading time\" \/>\n\t<meta name=\"twitter:data2\" content=\"8 minutes\" \/>\n<script type=\"application\/ld+json\" class=\"yoast-schema-graph\">{\"@context\":\"https:\\\/\\\/schema.org\",\"@graph\":[{\"@type\":\"Article\",\"@id\":\"https:\\\/\\\/fjala.info\\\/2009-2015\\\/situata-politike-ne-shqiperi-nga-bbc-dw-dhe-zeri-i-amerikes\\\/#article\",\"isPartOf\":{\"@id\":\"https:\\\/\\\/fjala.info\\\/2009-2015\\\/situata-politike-ne-shqiperi-nga-bbc-dw-dhe-zeri-i-amerikes\\\/\"},\"author\":{\"name\":\"admin\",\"@id\":\"https:\\\/\\\/fjala.info\\\/2009-2015\\\/#\\\/schema\\\/person\\\/3aa1163ef05469c496fc94e77611ada2\"},\"headline\":\"Situata politike n\u00eb Shqip\u00ebri nga BBC, DW dhe Z\u00ebri i Amerik\u00ebs\",\"datePublished\":\"2010-05-20T07:28:46+00:00\",\"mainEntityOfPage\":{\"@id\":\"https:\\\/\\\/fjala.info\\\/2009-2015\\\/situata-politike-ne-shqiperi-nga-bbc-dw-dhe-zeri-i-amerikes\\\/\"},\"wordCount\":1534,\"commentCount\":0,\"publisher\":{\"@id\":\"https:\\\/\\\/fjala.info\\\/2009-2015\\\/#organization\"},\"articleSection\":[\"Artikuj\"],\"inLanguage\":\"sq-AL\",\"potentialAction\":[{\"@type\":\"CommentAction\",\"name\":\"Comment\",\"target\":[\"https:\\\/\\\/fjala.info\\\/2009-2015\\\/situata-politike-ne-shqiperi-nga-bbc-dw-dhe-zeri-i-amerikes\\\/#respond\"]}]},{\"@type\":\"WebPage\",\"@id\":\"https:\\\/\\\/fjala.info\\\/2009-2015\\\/situata-politike-ne-shqiperi-nga-bbc-dw-dhe-zeri-i-amerikes\\\/\",\"url\":\"https:\\\/\\\/fjala.info\\\/2009-2015\\\/situata-politike-ne-shqiperi-nga-bbc-dw-dhe-zeri-i-amerikes\\\/\",\"name\":\"Situata politike n\u00eb Shqip\u00ebri nga BBC, DW dhe Z\u00ebri i Amerik\u00ebs - FjALA e LIR\u00cb - Arkivi\",\"isPartOf\":{\"@id\":\"https:\\\/\\\/fjala.info\\\/2009-2015\\\/#website\"},\"datePublished\":\"2010-05-20T07:28:46+00:00\",\"breadcrumb\":{\"@id\":\"https:\\\/\\\/fjala.info\\\/2009-2015\\\/situata-politike-ne-shqiperi-nga-bbc-dw-dhe-zeri-i-amerikes\\\/#breadcrumb\"},\"inLanguage\":\"sq-AL\",\"potentialAction\":[{\"@type\":\"ReadAction\",\"target\":[\"https:\\\/\\\/fjala.info\\\/2009-2015\\\/situata-politike-ne-shqiperi-nga-bbc-dw-dhe-zeri-i-amerikes\\\/\"]}]},{\"@type\":\"BreadcrumbList\",\"@id\":\"https:\\\/\\\/fjala.info\\\/2009-2015\\\/situata-politike-ne-shqiperi-nga-bbc-dw-dhe-zeri-i-amerikes\\\/#breadcrumb\",\"itemListElement\":[{\"@type\":\"ListItem\",\"position\":1,\"name\":\"Home\",\"item\":\"https:\\\/\\\/fjala.info\\\/2009-2015\\\/\"},{\"@type\":\"ListItem\",\"position\":2,\"name\":\"Situata politike n\u00eb Shqip\u00ebri nga BBC, DW dhe Z\u00ebri i Amerik\u00ebs\"}]},{\"@type\":\"WebSite\",\"@id\":\"https:\\\/\\\/fjala.info\\\/2009-2015\\\/#website\",\"url\":\"https:\\\/\\\/fjala.info\\\/2009-2015\\\/\",\"name\":\"FjALA e LIR\u00cb - Arkivi\",\"description\":\"Arkivi 2009-2015\",\"publisher\":{\"@id\":\"https:\\\/\\\/fjala.info\\\/2009-2015\\\/#organization\"},\"potentialAction\":[{\"@type\":\"SearchAction\",\"target\":{\"@type\":\"EntryPoint\",\"urlTemplate\":\"https:\\\/\\\/fjala.info\\\/2009-2015\\\/?s={search_term_string}\"},\"query-input\":{\"@type\":\"PropertyValueSpecification\",\"valueRequired\":true,\"valueName\":\"search_term_string\"}}],\"inLanguage\":\"sq-AL\"},{\"@type\":\"Organization\",\"@id\":\"https:\\\/\\\/fjala.info\\\/2009-2015\\\/#organization\",\"name\":\"FjALA e LIR\u00cb - Arkivi\",\"url\":\"https:\\\/\\\/fjala.info\\\/2009-2015\\\/\",\"logo\":{\"@type\":\"ImageObject\",\"inLanguage\":\"sq-AL\",\"@id\":\"https:\\\/\\\/fjala.info\\\/2009-2015\\\/#\\\/schema\\\/logo\\\/image\\\/\",\"url\":\"\",\"contentUrl\":\"\",\"caption\":\"FjALA e LIR\u00cb - Arkivi\"},\"image\":{\"@id\":\"https:\\\/\\\/fjala.info\\\/2009-2015\\\/#\\\/schema\\\/logo\\\/image\\\/\"}},{\"@type\":\"Person\",\"@id\":\"https:\\\/\\\/fjala.info\\\/2009-2015\\\/#\\\/schema\\\/person\\\/3aa1163ef05469c496fc94e77611ada2\",\"name\":\"admin\",\"image\":{\"@type\":\"ImageObject\",\"inLanguage\":\"sq-AL\",\"@id\":\"https:\\\/\\\/fjala.info\\\/2009-2015\\\/wp-content\\\/uploads\\\/2012\\\/02\\\/arben_cokaj-120x150.jpg\",\"url\":\"https:\\\/\\\/fjala.info\\\/2009-2015\\\/wp-content\\\/uploads\\\/2012\\\/02\\\/arben_cokaj-120x150.jpg\",\"contentUrl\":\"https:\\\/\\\/fjala.info\\\/2009-2015\\\/wp-content\\\/uploads\\\/2012\\\/02\\\/arben_cokaj-120x150.jpg\",\"caption\":\"admin\"},\"description\":\"Admin, Fjala e Lir\u00eb\",\"sameAs\":[\"https:\\\/\\\/fjala.info\\\/\"],\"url\":\"https:\\\/\\\/fjala.info\\\/2009-2015\\\/author\\\/admin\\\/\"}]}<\/script>\n<!-- \/ Yoast SEO plugin. -->","yoast_head_json":{"title":"Situata politike n\u00eb Shqip\u00ebri nga BBC, DW dhe Z\u00ebri i Amerik\u00ebs - FjALA e LIR\u00cb - Arkivi","robots":{"index":"index","follow":"follow","max-snippet":"max-snippet:-1","max-image-preview":"max-image-preview:large","max-video-preview":"max-video-preview:-1"},"canonical":"https:\/\/fjala.info\/2009-2015\/situata-politike-ne-shqiperi-nga-bbc-dw-dhe-zeri-i-amerikes\/","og_locale":"sq_AL","og_type":"article","og_title":"Situata politike n\u00eb Shqip\u00ebri nga BBC, DW dhe Z\u00ebri i Amerik\u00ebs - FjALA e LIR\u00cb - Arkivi","og_description":"Shekulli, 20.05.2010 M\u00eb poshte jane kronikat e tre mediave nderkombetare me dege ne gjuhen shqipe, BBC-se, radios gjermane Doj\u00e7e Vele dhe Zerit te Amerikes (VOA) &#8211; lidhur me takimin e pritshem ne Strasburg dhe situaten politike ne Shqiperi. BBC: BE nd\u00ebrmjet\u00ebson n\u00eb Strasburg p\u00ebr kriz\u00ebn politike shqiptare Kryeministri i Shqip\u00ebris\u00eb, Sali Berisha dhe kryetari i [&hellip;]","og_url":"https:\/\/fjala.info\/2009-2015\/situata-politike-ne-shqiperi-nga-bbc-dw-dhe-zeri-i-amerikes\/","og_site_name":"FjALA e LIR\u00cb - Arkivi","article_published_time":"2010-05-20T07:28:46+00:00","author":"admin","twitter_card":"summary_large_image","twitter_misc":{"Written by":"admin","Est. reading time":"8 minutes"},"schema":{"@context":"https:\/\/schema.org","@graph":[{"@type":"Article","@id":"https:\/\/fjala.info\/2009-2015\/situata-politike-ne-shqiperi-nga-bbc-dw-dhe-zeri-i-amerikes\/#article","isPartOf":{"@id":"https:\/\/fjala.info\/2009-2015\/situata-politike-ne-shqiperi-nga-bbc-dw-dhe-zeri-i-amerikes\/"},"author":{"name":"admin","@id":"https:\/\/fjala.info\/2009-2015\/#\/schema\/person\/3aa1163ef05469c496fc94e77611ada2"},"headline":"Situata politike n\u00eb Shqip\u00ebri nga BBC, DW dhe Z\u00ebri i Amerik\u00ebs","datePublished":"2010-05-20T07:28:46+00:00","mainEntityOfPage":{"@id":"https:\/\/fjala.info\/2009-2015\/situata-politike-ne-shqiperi-nga-bbc-dw-dhe-zeri-i-amerikes\/"},"wordCount":1534,"commentCount":0,"publisher":{"@id":"https:\/\/fjala.info\/2009-2015\/#organization"},"articleSection":["Artikuj"],"inLanguage":"sq-AL","potentialAction":[{"@type":"CommentAction","name":"Comment","target":["https:\/\/fjala.info\/2009-2015\/situata-politike-ne-shqiperi-nga-bbc-dw-dhe-zeri-i-amerikes\/#respond"]}]},{"@type":"WebPage","@id":"https:\/\/fjala.info\/2009-2015\/situata-politike-ne-shqiperi-nga-bbc-dw-dhe-zeri-i-amerikes\/","url":"https:\/\/fjala.info\/2009-2015\/situata-politike-ne-shqiperi-nga-bbc-dw-dhe-zeri-i-amerikes\/","name":"Situata politike n\u00eb Shqip\u00ebri nga BBC, DW dhe Z\u00ebri i Amerik\u00ebs - FjALA e LIR\u00cb - Arkivi","isPartOf":{"@id":"https:\/\/fjala.info\/2009-2015\/#website"},"datePublished":"2010-05-20T07:28:46+00:00","breadcrumb":{"@id":"https:\/\/fjala.info\/2009-2015\/situata-politike-ne-shqiperi-nga-bbc-dw-dhe-zeri-i-amerikes\/#breadcrumb"},"inLanguage":"sq-AL","potentialAction":[{"@type":"ReadAction","target":["https:\/\/fjala.info\/2009-2015\/situata-politike-ne-shqiperi-nga-bbc-dw-dhe-zeri-i-amerikes\/"]}]},{"@type":"BreadcrumbList","@id":"https:\/\/fjala.info\/2009-2015\/situata-politike-ne-shqiperi-nga-bbc-dw-dhe-zeri-i-amerikes\/#breadcrumb","itemListElement":[{"@type":"ListItem","position":1,"name":"Home","item":"https:\/\/fjala.info\/2009-2015\/"},{"@type":"ListItem","position":2,"name":"Situata politike n\u00eb Shqip\u00ebri nga BBC, DW dhe Z\u00ebri i Amerik\u00ebs"}]},{"@type":"WebSite","@id":"https:\/\/fjala.info\/2009-2015\/#website","url":"https:\/\/fjala.info\/2009-2015\/","name":"FjALA e LIR\u00cb - Arkivi","description":"Arkivi 2009-2015","publisher":{"@id":"https:\/\/fjala.info\/2009-2015\/#organization"},"potentialAction":[{"@type":"SearchAction","target":{"@type":"EntryPoint","urlTemplate":"https:\/\/fjala.info\/2009-2015\/?s={search_term_string}"},"query-input":{"@type":"PropertyValueSpecification","valueRequired":true,"valueName":"search_term_string"}}],"inLanguage":"sq-AL"},{"@type":"Organization","@id":"https:\/\/fjala.info\/2009-2015\/#organization","name":"FjALA e LIR\u00cb - Arkivi","url":"https:\/\/fjala.info\/2009-2015\/","logo":{"@type":"ImageObject","inLanguage":"sq-AL","@id":"https:\/\/fjala.info\/2009-2015\/#\/schema\/logo\/image\/","url":"","contentUrl":"","caption":"FjALA e LIR\u00cb - Arkivi"},"image":{"@id":"https:\/\/fjala.info\/2009-2015\/#\/schema\/logo\/image\/"}},{"@type":"Person","@id":"https:\/\/fjala.info\/2009-2015\/#\/schema\/person\/3aa1163ef05469c496fc94e77611ada2","name":"admin","image":{"@type":"ImageObject","inLanguage":"sq-AL","@id":"https:\/\/fjala.info\/2009-2015\/wp-content\/uploads\/2012\/02\/arben_cokaj-120x150.jpg","url":"https:\/\/fjala.info\/2009-2015\/wp-content\/uploads\/2012\/02\/arben_cokaj-120x150.jpg","contentUrl":"https:\/\/fjala.info\/2009-2015\/wp-content\/uploads\/2012\/02\/arben_cokaj-120x150.jpg","caption":"admin"},"description":"Admin, Fjala e Lir\u00eb","sameAs":["https:\/\/fjala.info\/"],"url":"https:\/\/fjala.info\/2009-2015\/author\/admin\/"}]}},"_links":{"self":[{"href":"https:\/\/fjala.info\/2009-2015\/wp-json\/wp\/v2\/posts\/2754","targetHints":{"allow":["GET"]}}],"collection":[{"href":"https:\/\/fjala.info\/2009-2015\/wp-json\/wp\/v2\/posts"}],"about":[{"href":"https:\/\/fjala.info\/2009-2015\/wp-json\/wp\/v2\/types\/post"}],"author":[{"embeddable":true,"href":"https:\/\/fjala.info\/2009-2015\/wp-json\/wp\/v2\/users\/1"}],"replies":[{"embeddable":true,"href":"https:\/\/fjala.info\/2009-2015\/wp-json\/wp\/v2\/comments?post=2754"}],"version-history":[{"count":0,"href":"https:\/\/fjala.info\/2009-2015\/wp-json\/wp\/v2\/posts\/2754\/revisions"}],"wp:attachment":[{"href":"https:\/\/fjala.info\/2009-2015\/wp-json\/wp\/v2\/media?parent=2754"}],"wp:term":[{"taxonomy":"category","embeddable":true,"href":"https:\/\/fjala.info\/2009-2015\/wp-json\/wp\/v2\/categories?post=2754"},{"taxonomy":"post_tag","embeddable":true,"href":"https:\/\/fjala.info\/2009-2015\/wp-json\/wp\/v2\/tags?post=2754"}],"curies":[{"name":"wp","href":"https:\/\/api.w.org\/{rel}","templated":true}]}}