{"id":2752,"date":"2010-05-21T08:27:41","date_gmt":"2010-05-21T07:27:41","guid":{"rendered":"http:\/\/fjala.shkoder.net\/?p=2752"},"modified":"2010-05-21T08:27:41","modified_gmt":"2010-05-21T07:27:41","slug":"shansi-i-trete","status":"publish","type":"post","link":"https:\/\/fjala.info\/2009-2015\/shansi-i-trete\/","title":{"rendered":"Shansi i tret\u00eb"},"content":{"rendered":"<p><img decoding=\"async\" style=\"margin-left: 10px; margin-right: 10px; border: 0px;\" src=\"http:\/\/www.shkoder.net\/images\/fjala\/prec_zogaj.jpg\" border=\"0\" alt=\"Pre\u00e7 Zogaj\" width=\"150\" align=\"left\" \/><\/p>\n<p><strong>Pre\u00e7 Zogaj<\/strong>, <em>21.05.2010<\/em><\/p>\n<p>Vala e dyt\u00eb e protestave popullore p\u00ebr transparenc\u00ebn e zgjedhjeve dhe greva e uris\u00eb si gjeneratorja e tyre e d\u00ebrguan kriz\u00ebn politike shqiptare n\u00eb Strasburg, k\u00ebsaj radhe n\u00eb nj\u00eb seli m\u00eb t\u00eb lart\u00eb se selit\u00eb e m\u00ebparshme.<\/p>\n<p>Krer\u00ebt e dy grupeve m\u00eb t\u00eb m\u00ebdha parlamentare t\u00eb Parlamentit Europian dhe Komisioneri p\u00ebr Zgjerimin i Bashkimit Europian, jan\u00eb bashkuar n\u00eb nj\u00eb p\u00ebrpjekje t\u00eb pazakont\u00eb p\u00ebr t\u00eb afruar kryeministrin Sali Berisha dhe shefin e opozit\u00ebs Edi Rama drejt marr\u00ebveshjes s\u00eb shum\u00ebpritur.<\/p>\n<p>Takimi q\u00eb ka nisur mbr\u00ebm\u00eb \u00ebsht\u00eb samiti i par\u00eb i k\u00ebtij lloji n\u00eb historin\u00eb e tranzicionit, ku nj\u00eb konflikt politik i brendsh\u00ebm midis shumic\u00ebs dhe opozit\u00ebs shqiptare arbitrohet dhe moderohet n\u00eb k\u00ebt\u00eb nivel jasht\u00eb territorit t\u00eb Republik\u00ebs s\u00eb Shqip\u00ebris\u00eb.<\/p>\n<p>Ky fakt tregon se kriza \u00ebsht\u00eb m\u00eb e r\u00ebnd\u00eb dhe m\u00eb e thell\u00eb se sa duket nga jasht\u00eb, se r\u00ebnd\u00ebsia e zgjidhjes s\u00eb saj \u00ebsht\u00eb m\u00eb e madhe se sa e konceptojn\u00eb politikan\u00ebt e Tiran\u00ebs, se Europa po mobilizon elit\u00ebn e institucioneve t\u00eb saj p\u00ebr t\u00eb evituar nj\u00eb d\u00ebshtim me pasoja n\u00eb Shqip\u00ebri.<\/p>\n<p>Takimi i Strasburgut vjen si shansi i tret\u00eb i kryeministrit dhe shefit t\u00eb shumic\u00ebs, zotit Berisha, p\u00ebr t\u00eb b\u00ebr\u00eb transparenc\u00ebn e kutive t\u00eb votimit.<\/p>\n<p>Shansin e par\u00eb e kishte n\u00eb vjesht\u00ebn e vitit t\u00eb kaluar kur ng\u00ebr\u00e7i p\u00ebr kutit\u00eb konsumohej n\u00eb Tiran\u00eb pa jehon\u00eb nd\u00ebrkomb\u00ebtare. Ajo ishte periudha ideale kur Berisha, i vet\u00ebdijsh\u00ebm dhe i mir\u00eb-informuar p\u00ebr trendin n\u00eb ngadal\u00ebsim t\u00eb zhvillimeve ekonomike dhe sociale, mund t\u00eb merrte vet\u00eb nism\u00ebn e nj\u00eb pakti t\u00eb gjer\u00eb me opozit\u00ebn e tij.<\/p>\n<p>N\u00ebse nuk do t\u00eb kishte gjetur menj\u00ebher\u00eb mir\u00ebkuptimin e k\u00ebsaj opozite, \u00ebsht\u00eb e sigurt se do t\u00eb kishte gjetur mb\u00ebshtetje t\u00eb gjer\u00eb n\u00eb publik. Por, ky shans u dogj n\u00eb zakonin e vjet\u00ebr t\u00eb politikan\u00ebve shqiptar\u00eb p\u00ebr t\u00eb q\u00ebndruar prapa ngjarjeve dhe jo para tyre.<\/p>\n<p>Shansi i dyt\u00eb erdhi me nd\u00ebrkomb\u00ebtarizimin e kriz\u00ebs pas protest\u00ebs s\u00eb madhe opozitare t\u00eb 20 n\u00ebntorit 2009, q\u00eb provokoi nj\u00eb rezolut\u00eb p\u00ebr Shqip\u00ebrin\u00eb t\u00eb K\u00ebshillit t\u00eb Europ\u00ebs n\u00eb janar 2010, zbarkimin n\u00eb Tiran\u00eb t\u00eb nj\u00eb delegacioni t\u00eb gjer\u00eb t\u00eb k\u00ebtij institucioni, kthimin e opozit\u00ebs socialiste n\u00eb Kuvend, paraqitjen prej saj t\u00eb nism\u00ebs ligjore p\u00ebr ngritjen e komisionit hetimor parlamentar.<\/p>\n<p>Ky shans u dogj n\u00eb seanc\u00ebn parlamentare t\u00eb 18 marsit, kur shumica hodhi posht\u00eb variantin e opozit\u00ebs dhe votoi me deputet\u00ebt e saj nj\u00eb komision sa p\u00ebr t\u00eb lar\u00eb goj\u00ebn me Europ\u00ebn.<\/p>\n<p>Zhvillimet u kthyen t\u00eb gjitha n\u00eb pik\u00ebn e nisjes, si n\u00eb nj\u00eb notim kund\u00ebr rrym\u00ebs, kur notari l\u00ebshon krah\u00ebt. Qeveria rrezikoi t\u00eb humb s\u00ebrish opozit\u00ebn, nd\u00ebrsa nuk fitoi as Europ\u00ebn, as SHBA-n\u00eb. Nd\u00ebrkomb\u00ebtar\u00ebt pa p\u00ebrjashtim e hodh\u00ebn posht\u00eb si t\u00eb padobish\u00ebm komisionin e shumic\u00ebs.<\/p>\n<p>Shansi i tret\u00eb e ka origjin\u00ebn te vala e re e protestave t\u00eb k\u00ebsaj pranvere dhe para s\u00eb gjithash n\u00eb q\u00ebndres\u00ebn e grevist\u00ebve t\u00eb uris\u00eb. N\u00ebnt\u00ebmb\u00ebdhjet\u00eb dit\u00ebt e grev\u00ebs qen\u00eb d\u00ebshmia e vendosm\u00ebris\u00eb s\u00eb deputet\u00ebve dhe qytetar\u00ebve grevist\u00eb, por edhe e st\u00ebrmundimeve t\u00eb m\u00ebdha p\u00ebr t\u00eb shkuar drejt s\u00eb v\u00ebrtet\u00ebs s\u00eb zgjedhjeve.<\/p>\n<p>Ose e keqja e k\u00ebtyre kutive \u00ebsht\u00eb p\u00ebrtej asaj q\u00eb t\u00eb rrok mendja, ose kok\u00ebfort\u00ebsia dhe sedra e politikan\u00ebve n\u00eb pushtet nuk ka m\u00eb asnj\u00eb lidhje me politik\u00ebn &#8211; nuk ka shpjegim tjet\u00ebr p\u00ebr t\u00eb justifikuar refuzimin me k\u00ebt\u00eb \u00e7mim t\u00eb nj\u00eb k\u00ebrkese elementare n\u00eb bot\u00ebn demokratike, si\u00e7 \u00ebsht\u00eb hetimi parlamentar i zgjedhjeve aty ku ka dyshime p\u00ebr manipulime.<\/p>\n<p>Greva e uris\u00eb e d\u00ebrgoi kriz\u00ebn n\u00eb Strasburg dhe ky \u00ebsht\u00eb nj\u00eb sukses i madh i saj. Greva sensibilizoi nd\u00ebrkomb\u00ebtar\u00ebt si asnj\u00ebher\u00eb tjet\u00ebr. Greva bashkoi t\u00eb majt\u00ebt dhe t\u00eb djatht\u00ebt n\u00eb Parlamentin Europian dhe kjo \u00ebsht\u00eb nj\u00eb risi me vler\u00eb t\u00eb madhe q\u00eb krijon garanci n\u00eb gjetjen e nj\u00eb zgjidhjeje t\u00eb q\u00ebndrueshme q\u00eb do t&#8217;i n\u00ebnshtrohet arsyes dhe jo an\u00ebsive politike partiake. Greva ka v\u00ebn\u00eb n\u00eb l\u00ebvizje miqt\u00eb e Shqip\u00ebris\u00eb, aleat\u00ebt tan\u00eb strategjik\u00eb, Shtetet e Bashkuara t\u00eb Amerik\u00ebs dhe vendet mike t\u00eb Europ\u00ebs per\u00ebndimore.<\/p>\n<p>Asnj\u00eb interes p\u00ebr pushtet n\u00eb Shqip\u00ebri nuk mund t\u00eb q\u00ebndroj\u00eb mbi interesat e demokracis\u00eb dhe orientimit t\u00eb saj per\u00ebndimor. Shqip\u00ebria \u00ebsht\u00eb vend i NATO-s. Doktrina e NATO-s \u00ebsht\u00eb busulla e k\u00ebtij vendi t\u00eb vog\u00ebl.<\/p>\n<p>Marr\u00ebveshja q\u00eb po negociohet n\u00eb Strasburg ka n\u00eb themel transparenc\u00ebn e kutive t\u00eb votimit, por konteksti i saj \u00ebsht\u00eb m\u00eb i gjer\u00eb dhe rrok drejtimin dhe sh\u00ebndetin e demokracis\u00eb n\u00eb Shqip\u00ebri. Marr\u00ebveshja synon t\u00eb krijoj\u00eb nj\u00eb bashk\u00ebjetes\u00eb dhe nj\u00eb paqe t\u00eb themeluar mbi legjitimitetin e pushtetit, mbi t\u00eb drejtat e barabarta e t\u00eb garantuara, mbi nj\u00eb standard t\u00eb ri p\u00ebr zgjedhjet n\u00eb k\u00ebt\u00eb vend.<\/p>\n<p>Berisha nuk mund ta humb\u00eb shansin e tret\u00eb, q\u00eb mund t\u00eb jet\u00eb i fundit. Duke pranuar marr\u00ebveshjen, ai do t&#8217;i kursej\u00eb vendit dhe partner\u00ebve nd\u00ebrkomb\u00ebtar\u00eb p\u00ebrpjekje t\u00eb tjera dhe energji t\u00eb tjera p\u00ebr transparenc\u00ebn. Sepse, nuk ekziston alternativ\u00eb e moszgjidhjes&#8230;<\/p>\n","protected":false},"excerpt":{"rendered":"<p>Pre\u00e7 Zogaj, 21.05.2010 Vala e dyt\u00eb e protestave popullore p\u00ebr transparenc\u00ebn e zgjedhjeve dhe greva e uris\u00eb si gjeneratorja e tyre e d\u00ebrguan kriz\u00ebn politike shqiptare n\u00eb Strasburg, k\u00ebsaj radhe n\u00eb nj\u00eb seli m\u00eb t\u00eb lart\u00eb se selit\u00eb e m\u00ebparshme. Krer\u00ebt e dy grupeve m\u00eb t\u00eb m\u00ebdha parlamentare t\u00eb Parlamentit Europian dhe Komisioneri p\u00ebr Zgjerimin [&hellip;]<\/p>\n","protected":false},"author":1,"featured_media":0,"comment_status":"open","ping_status":"closed","sticky":false,"template":"","format":"standard","meta":{"footnotes":""},"categories":[2],"tags":[],"class_list":{"0":"post-2752","1":"post","2":"type-post","3":"status-publish","4":"format-standard","6":"category-artikuj"},"yoast_head":"<!-- This site is optimized with the Yoast SEO plugin v27.4 - https:\/\/yoast.com\/product\/yoast-seo-wordpress\/ -->\n<title>Shansi i tret\u00eb - FjALA e LIR\u00cb - Arkivi<\/title>\n<meta name=\"robots\" content=\"index, follow, max-snippet:-1, max-image-preview:large, max-video-preview:-1\" \/>\n<link rel=\"canonical\" href=\"https:\/\/fjala.info\/2009-2015\/shansi-i-trete\/\" \/>\n<meta property=\"og:locale\" content=\"sq_AL\" \/>\n<meta property=\"og:type\" content=\"article\" \/>\n<meta property=\"og:title\" content=\"Shansi i tret\u00eb - FjALA e LIR\u00cb - Arkivi\" \/>\n<meta property=\"og:description\" content=\"Pre\u00e7 Zogaj, 21.05.2010 Vala e dyt\u00eb e protestave popullore p\u00ebr transparenc\u00ebn e zgjedhjeve dhe greva e uris\u00eb si gjeneratorja e tyre e d\u00ebrguan kriz\u00ebn politike shqiptare n\u00eb Strasburg, k\u00ebsaj radhe n\u00eb nj\u00eb seli m\u00eb t\u00eb lart\u00eb se selit\u00eb e m\u00ebparshme. Krer\u00ebt e dy grupeve m\u00eb t\u00eb m\u00ebdha parlamentare t\u00eb Parlamentit Europian dhe Komisioneri p\u00ebr Zgjerimin [&hellip;]\" \/>\n<meta property=\"og:url\" content=\"https:\/\/fjala.info\/2009-2015\/shansi-i-trete\/\" \/>\n<meta property=\"og:site_name\" content=\"FjALA e LIR\u00cb - Arkivi\" \/>\n<meta property=\"article:published_time\" content=\"2010-05-21T07:27:41+00:00\" \/>\n<meta property=\"og:image\" content=\"http:\/\/www.shkoder.net\/images\/fjala\/prec_zogaj.jpg\" \/>\n<meta name=\"author\" content=\"admin\" \/>\n<meta name=\"twitter:card\" content=\"summary_large_image\" \/>\n<meta name=\"twitter:label1\" content=\"Written by\" \/>\n\t<meta name=\"twitter:data1\" content=\"admin\" \/>\n\t<meta name=\"twitter:label2\" content=\"Est. reading time\" \/>\n\t<meta name=\"twitter:data2\" content=\"5 minutes\" \/>\n<script type=\"application\/ld+json\" class=\"yoast-schema-graph\">{\"@context\":\"https:\\\/\\\/schema.org\",\"@graph\":[{\"@type\":\"Article\",\"@id\":\"https:\\\/\\\/fjala.info\\\/2009-2015\\\/shansi-i-trete\\\/#article\",\"isPartOf\":{\"@id\":\"https:\\\/\\\/fjala.info\\\/2009-2015\\\/shansi-i-trete\\\/\"},\"author\":{\"name\":\"admin\",\"@id\":\"https:\\\/\\\/fjala.info\\\/2009-2015\\\/#\\\/schema\\\/person\\\/3aa1163ef05469c496fc94e77611ada2\"},\"headline\":\"Shansi i tret\u00eb\",\"datePublished\":\"2010-05-21T07:27:41+00:00\",\"mainEntityOfPage\":{\"@id\":\"https:\\\/\\\/fjala.info\\\/2009-2015\\\/shansi-i-trete\\\/\"},\"wordCount\":929,\"commentCount\":0,\"publisher\":{\"@id\":\"https:\\\/\\\/fjala.info\\\/2009-2015\\\/#organization\"},\"image\":{\"@id\":\"https:\\\/\\\/fjala.info\\\/2009-2015\\\/shansi-i-trete\\\/#primaryimage\"},\"thumbnailUrl\":\"http:\\\/\\\/www.shkoder.net\\\/images\\\/fjala\\\/prec_zogaj.jpg\",\"articleSection\":[\"Artikuj\"],\"inLanguage\":\"sq-AL\",\"potentialAction\":[{\"@type\":\"CommentAction\",\"name\":\"Comment\",\"target\":[\"https:\\\/\\\/fjala.info\\\/2009-2015\\\/shansi-i-trete\\\/#respond\"]}]},{\"@type\":\"WebPage\",\"@id\":\"https:\\\/\\\/fjala.info\\\/2009-2015\\\/shansi-i-trete\\\/\",\"url\":\"https:\\\/\\\/fjala.info\\\/2009-2015\\\/shansi-i-trete\\\/\",\"name\":\"Shansi i tret\u00eb - FjALA e LIR\u00cb - Arkivi\",\"isPartOf\":{\"@id\":\"https:\\\/\\\/fjala.info\\\/2009-2015\\\/#website\"},\"primaryImageOfPage\":{\"@id\":\"https:\\\/\\\/fjala.info\\\/2009-2015\\\/shansi-i-trete\\\/#primaryimage\"},\"image\":{\"@id\":\"https:\\\/\\\/fjala.info\\\/2009-2015\\\/shansi-i-trete\\\/#primaryimage\"},\"thumbnailUrl\":\"http:\\\/\\\/www.shkoder.net\\\/images\\\/fjala\\\/prec_zogaj.jpg\",\"datePublished\":\"2010-05-21T07:27:41+00:00\",\"breadcrumb\":{\"@id\":\"https:\\\/\\\/fjala.info\\\/2009-2015\\\/shansi-i-trete\\\/#breadcrumb\"},\"inLanguage\":\"sq-AL\",\"potentialAction\":[{\"@type\":\"ReadAction\",\"target\":[\"https:\\\/\\\/fjala.info\\\/2009-2015\\\/shansi-i-trete\\\/\"]}]},{\"@type\":\"ImageObject\",\"inLanguage\":\"sq-AL\",\"@id\":\"https:\\\/\\\/fjala.info\\\/2009-2015\\\/shansi-i-trete\\\/#primaryimage\",\"url\":\"http:\\\/\\\/www.shkoder.net\\\/images\\\/fjala\\\/prec_zogaj.jpg\",\"contentUrl\":\"http:\\\/\\\/www.shkoder.net\\\/images\\\/fjala\\\/prec_zogaj.jpg\"},{\"@type\":\"BreadcrumbList\",\"@id\":\"https:\\\/\\\/fjala.info\\\/2009-2015\\\/shansi-i-trete\\\/#breadcrumb\",\"itemListElement\":[{\"@type\":\"ListItem\",\"position\":1,\"name\":\"Home\",\"item\":\"https:\\\/\\\/fjala.info\\\/2009-2015\\\/\"},{\"@type\":\"ListItem\",\"position\":2,\"name\":\"Shansi i tret\u00eb\"}]},{\"@type\":\"WebSite\",\"@id\":\"https:\\\/\\\/fjala.info\\\/2009-2015\\\/#website\",\"url\":\"https:\\\/\\\/fjala.info\\\/2009-2015\\\/\",\"name\":\"FjALA e LIR\u00cb - Arkivi\",\"description\":\"Arkivi 2009-2015\",\"publisher\":{\"@id\":\"https:\\\/\\\/fjala.info\\\/2009-2015\\\/#organization\"},\"potentialAction\":[{\"@type\":\"SearchAction\",\"target\":{\"@type\":\"EntryPoint\",\"urlTemplate\":\"https:\\\/\\\/fjala.info\\\/2009-2015\\\/?s={search_term_string}\"},\"query-input\":{\"@type\":\"PropertyValueSpecification\",\"valueRequired\":true,\"valueName\":\"search_term_string\"}}],\"inLanguage\":\"sq-AL\"},{\"@type\":\"Organization\",\"@id\":\"https:\\\/\\\/fjala.info\\\/2009-2015\\\/#organization\",\"name\":\"FjALA e LIR\u00cb - Arkivi\",\"url\":\"https:\\\/\\\/fjala.info\\\/2009-2015\\\/\",\"logo\":{\"@type\":\"ImageObject\",\"inLanguage\":\"sq-AL\",\"@id\":\"https:\\\/\\\/fjala.info\\\/2009-2015\\\/#\\\/schema\\\/logo\\\/image\\\/\",\"url\":\"\",\"contentUrl\":\"\",\"caption\":\"FjALA e LIR\u00cb - Arkivi\"},\"image\":{\"@id\":\"https:\\\/\\\/fjala.info\\\/2009-2015\\\/#\\\/schema\\\/logo\\\/image\\\/\"}},{\"@type\":\"Person\",\"@id\":\"https:\\\/\\\/fjala.info\\\/2009-2015\\\/#\\\/schema\\\/person\\\/3aa1163ef05469c496fc94e77611ada2\",\"name\":\"admin\",\"image\":{\"@type\":\"ImageObject\",\"inLanguage\":\"sq-AL\",\"@id\":\"https:\\\/\\\/fjala.info\\\/2009-2015\\\/wp-content\\\/uploads\\\/2012\\\/02\\\/arben_cokaj-120x150.jpg\",\"url\":\"https:\\\/\\\/fjala.info\\\/2009-2015\\\/wp-content\\\/uploads\\\/2012\\\/02\\\/arben_cokaj-120x150.jpg\",\"contentUrl\":\"https:\\\/\\\/fjala.info\\\/2009-2015\\\/wp-content\\\/uploads\\\/2012\\\/02\\\/arben_cokaj-120x150.jpg\",\"caption\":\"admin\"},\"description\":\"Admin, Fjala e Lir\u00eb\",\"sameAs\":[\"https:\\\/\\\/fjala.info\\\/\"],\"url\":\"https:\\\/\\\/fjala.info\\\/2009-2015\\\/author\\\/admin\\\/\"}]}<\/script>\n<!-- \/ Yoast SEO plugin. -->","yoast_head_json":{"title":"Shansi i tret\u00eb - FjALA e LIR\u00cb - Arkivi","robots":{"index":"index","follow":"follow","max-snippet":"max-snippet:-1","max-image-preview":"max-image-preview:large","max-video-preview":"max-video-preview:-1"},"canonical":"https:\/\/fjala.info\/2009-2015\/shansi-i-trete\/","og_locale":"sq_AL","og_type":"article","og_title":"Shansi i tret\u00eb - FjALA e LIR\u00cb - Arkivi","og_description":"Pre\u00e7 Zogaj, 21.05.2010 Vala e dyt\u00eb e protestave popullore p\u00ebr transparenc\u00ebn e zgjedhjeve dhe greva e uris\u00eb si gjeneratorja e tyre e d\u00ebrguan kriz\u00ebn politike shqiptare n\u00eb Strasburg, k\u00ebsaj radhe n\u00eb nj\u00eb seli m\u00eb t\u00eb lart\u00eb se selit\u00eb e m\u00ebparshme. Krer\u00ebt e dy grupeve m\u00eb t\u00eb m\u00ebdha parlamentare t\u00eb Parlamentit Europian dhe Komisioneri p\u00ebr Zgjerimin [&hellip;]","og_url":"https:\/\/fjala.info\/2009-2015\/shansi-i-trete\/","og_site_name":"FjALA e LIR\u00cb - Arkivi","article_published_time":"2010-05-21T07:27:41+00:00","og_image":[{"url":"http:\/\/www.shkoder.net\/images\/fjala\/prec_zogaj.jpg","type":"","width":"","height":""}],"author":"admin","twitter_card":"summary_large_image","twitter_misc":{"Written by":"admin","Est. reading time":"5 minutes"},"schema":{"@context":"https:\/\/schema.org","@graph":[{"@type":"Article","@id":"https:\/\/fjala.info\/2009-2015\/shansi-i-trete\/#article","isPartOf":{"@id":"https:\/\/fjala.info\/2009-2015\/shansi-i-trete\/"},"author":{"name":"admin","@id":"https:\/\/fjala.info\/2009-2015\/#\/schema\/person\/3aa1163ef05469c496fc94e77611ada2"},"headline":"Shansi i tret\u00eb","datePublished":"2010-05-21T07:27:41+00:00","mainEntityOfPage":{"@id":"https:\/\/fjala.info\/2009-2015\/shansi-i-trete\/"},"wordCount":929,"commentCount":0,"publisher":{"@id":"https:\/\/fjala.info\/2009-2015\/#organization"},"image":{"@id":"https:\/\/fjala.info\/2009-2015\/shansi-i-trete\/#primaryimage"},"thumbnailUrl":"http:\/\/www.shkoder.net\/images\/fjala\/prec_zogaj.jpg","articleSection":["Artikuj"],"inLanguage":"sq-AL","potentialAction":[{"@type":"CommentAction","name":"Comment","target":["https:\/\/fjala.info\/2009-2015\/shansi-i-trete\/#respond"]}]},{"@type":"WebPage","@id":"https:\/\/fjala.info\/2009-2015\/shansi-i-trete\/","url":"https:\/\/fjala.info\/2009-2015\/shansi-i-trete\/","name":"Shansi i tret\u00eb - FjALA e LIR\u00cb - Arkivi","isPartOf":{"@id":"https:\/\/fjala.info\/2009-2015\/#website"},"primaryImageOfPage":{"@id":"https:\/\/fjala.info\/2009-2015\/shansi-i-trete\/#primaryimage"},"image":{"@id":"https:\/\/fjala.info\/2009-2015\/shansi-i-trete\/#primaryimage"},"thumbnailUrl":"http:\/\/www.shkoder.net\/images\/fjala\/prec_zogaj.jpg","datePublished":"2010-05-21T07:27:41+00:00","breadcrumb":{"@id":"https:\/\/fjala.info\/2009-2015\/shansi-i-trete\/#breadcrumb"},"inLanguage":"sq-AL","potentialAction":[{"@type":"ReadAction","target":["https:\/\/fjala.info\/2009-2015\/shansi-i-trete\/"]}]},{"@type":"ImageObject","inLanguage":"sq-AL","@id":"https:\/\/fjala.info\/2009-2015\/shansi-i-trete\/#primaryimage","url":"http:\/\/www.shkoder.net\/images\/fjala\/prec_zogaj.jpg","contentUrl":"http:\/\/www.shkoder.net\/images\/fjala\/prec_zogaj.jpg"},{"@type":"BreadcrumbList","@id":"https:\/\/fjala.info\/2009-2015\/shansi-i-trete\/#breadcrumb","itemListElement":[{"@type":"ListItem","position":1,"name":"Home","item":"https:\/\/fjala.info\/2009-2015\/"},{"@type":"ListItem","position":2,"name":"Shansi i tret\u00eb"}]},{"@type":"WebSite","@id":"https:\/\/fjala.info\/2009-2015\/#website","url":"https:\/\/fjala.info\/2009-2015\/","name":"FjALA e LIR\u00cb - Arkivi","description":"Arkivi 2009-2015","publisher":{"@id":"https:\/\/fjala.info\/2009-2015\/#organization"},"potentialAction":[{"@type":"SearchAction","target":{"@type":"EntryPoint","urlTemplate":"https:\/\/fjala.info\/2009-2015\/?s={search_term_string}"},"query-input":{"@type":"PropertyValueSpecification","valueRequired":true,"valueName":"search_term_string"}}],"inLanguage":"sq-AL"},{"@type":"Organization","@id":"https:\/\/fjala.info\/2009-2015\/#organization","name":"FjALA e LIR\u00cb - Arkivi","url":"https:\/\/fjala.info\/2009-2015\/","logo":{"@type":"ImageObject","inLanguage":"sq-AL","@id":"https:\/\/fjala.info\/2009-2015\/#\/schema\/logo\/image\/","url":"","contentUrl":"","caption":"FjALA e LIR\u00cb - Arkivi"},"image":{"@id":"https:\/\/fjala.info\/2009-2015\/#\/schema\/logo\/image\/"}},{"@type":"Person","@id":"https:\/\/fjala.info\/2009-2015\/#\/schema\/person\/3aa1163ef05469c496fc94e77611ada2","name":"admin","image":{"@type":"ImageObject","inLanguage":"sq-AL","@id":"https:\/\/fjala.info\/2009-2015\/wp-content\/uploads\/2012\/02\/arben_cokaj-120x150.jpg","url":"https:\/\/fjala.info\/2009-2015\/wp-content\/uploads\/2012\/02\/arben_cokaj-120x150.jpg","contentUrl":"https:\/\/fjala.info\/2009-2015\/wp-content\/uploads\/2012\/02\/arben_cokaj-120x150.jpg","caption":"admin"},"description":"Admin, Fjala e Lir\u00eb","sameAs":["https:\/\/fjala.info\/"],"url":"https:\/\/fjala.info\/2009-2015\/author\/admin\/"}]}},"_links":{"self":[{"href":"https:\/\/fjala.info\/2009-2015\/wp-json\/wp\/v2\/posts\/2752","targetHints":{"allow":["GET"]}}],"collection":[{"href":"https:\/\/fjala.info\/2009-2015\/wp-json\/wp\/v2\/posts"}],"about":[{"href":"https:\/\/fjala.info\/2009-2015\/wp-json\/wp\/v2\/types\/post"}],"author":[{"embeddable":true,"href":"https:\/\/fjala.info\/2009-2015\/wp-json\/wp\/v2\/users\/1"}],"replies":[{"embeddable":true,"href":"https:\/\/fjala.info\/2009-2015\/wp-json\/wp\/v2\/comments?post=2752"}],"version-history":[{"count":0,"href":"https:\/\/fjala.info\/2009-2015\/wp-json\/wp\/v2\/posts\/2752\/revisions"}],"wp:attachment":[{"href":"https:\/\/fjala.info\/2009-2015\/wp-json\/wp\/v2\/media?parent=2752"}],"wp:term":[{"taxonomy":"category","embeddable":true,"href":"https:\/\/fjala.info\/2009-2015\/wp-json\/wp\/v2\/categories?post=2752"},{"taxonomy":"post_tag","embeddable":true,"href":"https:\/\/fjala.info\/2009-2015\/wp-json\/wp\/v2\/tags?post=2752"}],"curies":[{"name":"wp","href":"https:\/\/api.w.org\/{rel}","templated":true}]}}