{"id":2750,"date":"2010-05-21T08:25:17","date_gmt":"2010-05-21T07:25:17","guid":{"rendered":"http:\/\/fjala.shkoder.net\/?p=2750"},"modified":"2010-05-21T08:25:17","modified_gmt":"2010-05-21T07:25:17","slug":"burreshtetesi","status":"publish","type":"post","link":"https:\/\/fjala.info\/2009-2015\/burreshtetesi\/","title":{"rendered":"Burr\u00ebshtet\u00ebsi"},"content":{"rendered":"<p><strong>Prof. As. Dr. Artan Xh. Duka<\/strong>, <em>21.05.2010<\/em><\/p>\n<p>Ndjen trishtim dhe pezmatim q\u00eb p\u00ebrs\u00ebri presim nga t\u00eb huajt &#8220;litarin&#8221; p\u00ebr dal\u00eb nga honi i kaosit dhe absurdit ku kemi r\u00ebn\u00eb duke shtyr\u00eb nj\u00ebri-tjetrin. Pas dy dekadash demokraci, prioritetet e shoq\u00ebris\u00eb duhet t\u00eb ishin krejt t\u00eb tjera. Esht\u00eb zhg\u00ebnjyese dhe e sikletshme q\u00eb Per\u00ebndimi ende &#8220;ul&#8221; standardet p\u00ebr ne. P\u00ebr ironi t\u00eb fatit jemi shum\u00eb pran\u00eb tyre p\u00ebr t\u00eb na bojkotuar pafund.<\/p>\n<p>Nd\u00ebrsa \u00ebsht\u00eb e pritshme dhe normale q\u00eb vendi t\u00eb jet\u00eb gjithnj\u00eb e m\u00eb i p\u00ebrfshir\u00eb n\u00eb filtrat demokratik\u00eb t\u00eb Klubit t\u00eb Per\u00ebndimit ku aspirojm\u00eb, \u00ebsht\u00eb d\u00ebshp\u00ebruese q\u00eb vazhdimisht t\u00eb drejtohet gishti ndaj nesh dhe indirekt diskretitohen kapacitetet tona p\u00ebr t\u00eb nd\u00ebrtuar nj\u00eb demokraci funksionale.<\/p>\n<p>Nd\u00ebr syresh q\u00eb mbajn\u00eb peng emancipimin demokratik \u00ebsht\u00eb mentaliteti i klas\u00ebs politike p\u00ebr t\u00eb cil\u00ebn politika mbetet &#8220;luft\u00eb&#8221; dhe toleranca dhe t\u00ebrheqja \u00ebsht\u00eb turp dhe d\u00ebshtim.<\/p>\n<p>Burr\u00ebshtet\u00ebsia shpesh p\u00ebr ta \u00ebsht\u00eb mision i pamundur, nd\u00ebrkoh\u00eb q\u00eb me burr\u00ebpushtet\u00ebsin\u00eb ata jan\u00eb komod. Kjo jo vet\u00ebm pranohet shpesh si normale nga nj\u00eb pjes\u00eb e shoq\u00ebris\u00eb, por jo rrall\u00eb edhe p\u00ebrsh\u00ebndetet prej saj n\u00eb em\u00ebr t\u00eb &#8220;liderit&#8221; t\u00eb fort\u00eb, me t\u00eb cil\u00ebn ata identifikojn\u00eb dhe p\u00ebrjetojn\u00eb vetveten ideale.<\/p>\n<p>Ky rreth vicioz, rrjedhoj\u00eb, por dhe faktor impakti n\u00eb tranzicionin shqiptar, stonon n\u00eb raport me Per\u00ebndimin ku aspirojm\u00eb duke na b\u00ebr\u00eb jo rrall\u00eb jo vet\u00ebm t\u00eb brisht\u00eb, por me &#8220;bisht&#8221; n\u00eb syt\u00eb e tyre.<\/p>\n<p>Burr\u00ebshtet\u00ebsia k\u00ebrkohet dhe merr vler\u00eb n\u00eb situata kur n\u00eb balanc\u00eb \u00ebsht\u00eb ekonomia, integrimi evropian, por dhe imazhi vendit dhe ajo duhet t\u00eb demonstrohet nga t\u00eb t\u00ebr\u00eb aktor\u00ebt politik\u00eb, por n\u00eb radh\u00eb t\u00eb par\u00eb nga shumica, e cila ka parzmoren e pushtetit veshur.<\/p>\n<p>Opozita dhe lideri saj e d\u00ebshmoi at\u00eb kur pas ngjarjes s\u00eb G\u00ebrdecit, p\u00ebr hir t\u00eb integrimit t\u00eb vendit n\u00eb NATO, (merit\u00ebn p\u00ebr t\u00eb cil\u00ebn sot pushteti p\u00ebrpiqet ta monopolizoj\u00eb), ofroi dor\u00ebn e bashk\u00ebpunimit dhe nuk ndezi motor\u00ebt e protest\u00ebs, &#8211; akt p\u00ebr t\u00eb cil\u00ebn ajo u vler\u00ebsua dhe prej partner\u00ebve tan\u00eb strategjik\u00eb.<\/p>\n<p>Nd\u00ebrsa vendi fitoi nga ky akt, vet\u00eb opozita konsolidoi asetin e saj politik duke krijuar nj\u00eb precedent dhe standard q\u00eb \u00ebsht\u00eb n\u00eb pritje t\u00eb konfirmimit nga pala p\u00ebrball\u00eb.<\/p>\n<p>N\u00eb hierarkin\u00eb e dinjitetit, ai i mbar\u00eb vendit q\u00ebndron m\u00eb lart se t\u00eb tjer\u00ebt. Burr\u00ebshtet\u00ebsia edhe n\u00eb t\u00ebrheqje jep dinjitet, aset p\u00ebr t\u00eb ardhmen dhe l\u00eb hapur der\u00ebn p\u00ebr rikthim.<\/p>\n<p>URT\u00cbSI PRESIDENCIALE<\/p>\n<p>N\u00eb em\u00ebr t\u00eb dinjitetit t\u00eb vendit dhe konfirmimit t\u00eb kapaciteteve tona p\u00ebrkundrejt sensibilitetit t\u00eb miqve tan\u00eb nd\u00ebrkomb\u00ebtare, vet\u00eb Presidenti duhet t\u00eb b\u00ebnte gjith\u00e7ka duke ushtruar ndikimin e tij formal dhe informal ndaj politik\u00ebs.<\/p>\n<p>Ai duhet t\u00eb inicionte tryez\u00ebn e rrumbullak\u00ebt p\u00ebr t\u00eb testuar dhe kapitalizuar mbi vullnetin politik dhe p\u00ebrgjegjshm\u00ebrin\u00eb e politik\u00ebs duke injoruar ndroj\u00ebn se ata mund t\u00eb mos p\u00ebrgjigjen apo marrin seriozisht at\u00eb &#8211; sepse n\u00ebse ndodh, nuk ul dinjitetin e tryez\u00ebs presidenciale, por ekspozon dhe eliminon alibi pafund prej aktor\u00ebsh q\u00eb ndryshe do t\u00eb mbanin peng m\u00eb tej procesin.<\/p>\n<p>Edhe n\u00ebse d\u00ebshton nj\u00eb seanc\u00eb, edhe n\u00ebse interpretohet si r\u00ebnie imazhi presidencial nj\u00eb thirrje apriori pal\u00ebve p\u00ebr ulje n\u00eb tryez\u00eb, m\u00eb mir\u00eb t\u00eb rrezikohet ai sesa p\u00ebrmes heshtjes apo pritshm\u00ebris\u00eb olimpike, t\u00eb mos i jepet nj\u00eb shans imazhit t\u00eb vendit.<\/p>\n<p>Nd\u00ebrkoh\u00eb q\u00eb nuk &#8220;bie&#8221;, por konsolidohet imazhi i disa dhjet\u00ebra politikan\u00ebve, delegacioneve dhe ambasador\u00ebve t\u00eb respektuar t\u00eb vendeve dhe organizmave m\u00eb t\u00eb fuqishme n\u00eb bot\u00eb n\u00eb p\u00ebrpjekjet e tyre t\u00eb pareshtura publike p\u00ebr t\u00eb ulur n\u00eb tryeza deri tani jo efikase politikan\u00ebt shqiptar\u00eb, ai presidencial nuk kishte dhe nuk ka p\u00ebrse t\u00eb jet\u00eb m\u00eb &#8220;delikat&#8221; ndaj duhet t\u00eb ofronte nj\u00eb tryez\u00eb aktive jo thjesht n\u00eb rolin e protokolluesit, por t\u00eb prezantimit t\u00eb drafteve konverguese dhe menaxhuesit me urt\u00ebsi t\u00eb kompromisit.<\/p>\n<p>P\u00ebrball\u00eb 19 dit\u00ebsh grev\u00eb urie, pik\u00ebs 0 n\u00eb raportin pozit\u00eb-opozit\u00eb dhe nj\u00eb shoq\u00ebrie q\u00eb po ndahet m\u00eb dysh p\u00ebr parime universale n\u00eb t\u00eb gjitha nivelet e saj deri n\u00eb elit\u00ebn intelektuale, si uniteti i kombit, Ai duhet t\u00eb b\u00ebnte s\u00eb pari dhe s\u00eb paku nj\u00eb vizit\u00eb humane vet\u00ebm 200 metra larg tek shtetasit e tij q\u00eb nuk e kishin komoditetin e koh\u00ebs dhe po p\u00ebrjetonin ferrin e grev\u00ebs s\u00eb uris\u00eb n\u00eb em\u00ebr t\u00eb nj\u00eb kauze q\u00eb p\u00ebrfshin dhe at\u00eb vet\u00eb.<\/p>\n<p>NDJESHM\u00cbRI DEMOKRATIKE<\/p>\n<p>N\u00eb nj\u00eb shtet q\u00eb aspiron demokracin\u00eb per\u00ebndimore, greva e uris\u00eb ka vler\u00eb simbolike p\u00ebr t\u00eb treguar seriozitetin e kauz\u00ebs dhe p\u00ebrkushtimin ndaj saj dhe nuk presupozon martir\u00eb t\u00eb liris\u00eb por b\u00ebn apel p\u00ebr burr\u00ebshtet\u00ebsi dhe shpejt.<\/p>\n<p>P\u00ebr per\u00ebndimin ndoshta ajo konsiderohet e tejkaluar, sepse shteti ligjor p\u00ebrmes administrat\u00ebs korrekte dhe sistemit gjyq\u00ebsor profesional dhe t\u00eb pavarur mbyll shtigjet e abuzivizmit dhe standardet e politik\u00ebs jan\u00eb t\u00eb konsoliduar.<\/p>\n<p>N\u00eb k\u00ebt\u00eb dyzim, pushteti nuk duhet t\u00eb &#8220;kuronte&#8221; opinionin rreth k\u00ebsaj greve duke u ndalur n\u00eb teknikalitete, por duhet ta merrte seriozisht qysh n\u00eb dit\u00ebn e par\u00eb kauz\u00ebn tej partiake t\u00eb saj.<\/p>\n<p>Nd\u00ebrsa r\u00ebndom \u00ebsht\u00eb kritikuar ekstremiteti i saj, anashkalohet analiza shkak-pasoj\u00eb, n\u00ebse ekstremiteti i grev\u00ebs ekstremizoi situat\u00ebn apo ajo po degjeneronte si e till\u00eb gjithsesi dhe kjo grev\u00eb thjesht ishte pasqyra e saj.<\/p>\n<p>Meraku se greva po rikonfirmonte nj\u00eb precedent ekstrem p\u00ebr t\u00eb ardhmen u sfumua pas 19 dit\u00ebve me precedentin e reagimit ekstrem ndaj saj &#8211; injorim, denigrim, testim t\u00eb kapacitetit biologjik dhe mbijetes\u00ebs etj., veprime jo t\u00eb pritshme p\u00ebr nj\u00eb shoq\u00ebri me kurs per\u00ebndimor, e cila n\u00ebse nuk e stimulon nj\u00eb gj\u00eb t\u00eb till\u00eb, e menaxhon me urgjenc\u00eb n\u00ebse ndodh.<\/p>\n<p>N\u00ebse Kushtetuta, sipas pushtetit, nuk mund\u00ebsonte materializimin e kauz\u00ebs s\u00eb grev\u00ebs, pengesa ishte kjo dhe jo transparenca e vuajtjeve t\u00eb grevist\u00ebve, ndaj n\u00eb vend t\u00eb porcionit ditor t\u00eb sarkazm\u00ebs mediatike, do t\u00eb ishte m\u00eb dinjitoze t\u00eb vizitoheshin k\u00ebta grevist\u00eb koleg\u00eb dhe bashk\u00ebkomb\u00ebs dhe t\u00eb shiheshin sy m\u00eb sy. N\u00ebse \u00ebsht\u00eb i pandjesh\u00ebm, grev\u00ebn e uris\u00eb dhe sakrific\u00ebn e saj, asnj\u00eb pushtet nuk e meriton.<\/p>\n<p>Ajo nuk mund t\u00eb ishte penges\u00eb drejt integrimit europian, sepse nuk ka ngjashm\u00ebri me G\u00ebrdecin, kriz\u00ebn e 1997, vrasjen e deputet\u00ebve, sulmin ndaj institucioneve, piramidat financiare etj p\u00ebrkundrazi, me kauz\u00ebn e saj na afirmoi m\u00eb tej si komb demokratik me vlera p\u00ebr mozaikun e civilizimit europian, dyert e t\u00eb cilit do t\u00eb na hapen edhe pa trokitur.<\/p>\n<p>ZGJEDHJET, ZGJIDHJE!<\/p>\n<p>Kriza ve\u00e7se r\u00ebndohet n\u00ebse injorohet pambarimisht. Testimi deri n\u00eb ezaurim i kuraj\u00ebs e sh\u00ebndetit t\u00eb grevist\u00ebve pasuar dhe me ngritjen e tendave prej andej, ve\u00e7se e b\u00ebjn\u00eb hendekun m\u00eb t\u00eb thelle.<\/p>\n<p>N\u00ebse kauza e grev\u00ebs s\u00eb uris\u00eb injorohet, opozita do t\u00eb ket\u00eb t\u00ebr\u00eb argumentin p\u00ebr t\u00eb bojkotuar n\u00eb pafund\u00ebsi parlamentin, zgjedhjet lokale e gjeneruar kriz\u00eb &#8220;perpetum&#8221; afatgjat\u00eb. N\u00ebse kutit\u00eb e votimeve, duhet t\u00eb anashkalohen, anashkalohen vet\u00ebm p\u00ebrmes rimbushjes s\u00eb tyre &#8211; d.m.th., zgjedhjeve t\u00eb reja.<\/p>\n<p>Duke marr\u00eb bashk\u00ebp\u00ebrgjegj\u00ebsin\u00eb e abuzimit zgjedhor t\u00eb k\u00ebtyre 20 vjet tranzicion, tashm\u00eb si vend i NATO, politika ka shansin e nj\u00eb detante p\u00ebr t\u00eb filluar nga e para, me rregulla t\u00eb qarta loje dhe monitorim objektiv t\u00eb realizimit t\u00eb tyre prej kujtdo.<\/p>\n<p>Duke shpallur zgjedhje t\u00eb reja, shumica mund t&#8217;i jap\u00eb nj\u00eb shans vetes t\u00eb argumentoj\u00eb p\u00ebrs\u00ebri organizimin e tyre, sepse n\u00eb parim nuk mund t\u00eb paragjykohet nj\u00eb pushtet q\u00eb hedh dorashk\u00ebn e sfid\u00ebs p\u00ebr zgjedhje t\u00eb reja, nd\u00ebrkoh\u00eb q\u00eb rruga m\u00eb e mir\u00eb mbetet e nj\u00eb koalicioni t\u00eb madh ku do t\u00eb amortizoheshin nj\u00eb seri shqet\u00ebsimesh eventuale.<\/p>\n<p>P\u00ebr nj\u00eb kauz\u00eb t\u00eb p\u00ebrbashk\u00ebt dhe nj\u00eb t\u00eb ardhme po t\u00eb till\u00eb, \u00ebsht\u00eb koha p\u00ebr qen\u00eb bashk\u00eb, p\u00ebr t&#8217;i shtrir\u00eb dor\u00ebn nj\u00ebri-tjetrit dhe p\u00ebr t&#8217;i treguar bot\u00ebs mbar\u00eb q\u00eb problemet tona i zgjidhim vet\u00eb.<\/p>\n","protected":false},"excerpt":{"rendered":"<p>Prof. As. Dr. Artan Xh. Duka, 21.05.2010 Ndjen trishtim dhe pezmatim q\u00eb p\u00ebrs\u00ebri presim nga t\u00eb huajt &#8220;litarin&#8221; p\u00ebr dal\u00eb nga honi i kaosit dhe absurdit ku kemi r\u00ebn\u00eb duke shtyr\u00eb nj\u00ebri-tjetrin. Pas dy dekadash demokraci, prioritetet e shoq\u00ebris\u00eb duhet t\u00eb ishin krejt t\u00eb tjera. Esht\u00eb zhg\u00ebnjyese dhe e sikletshme q\u00eb Per\u00ebndimi ende &#8220;ul&#8221; standardet [&hellip;]<\/p>\n","protected":false},"author":1,"featured_media":0,"comment_status":"open","ping_status":"closed","sticky":false,"template":"","format":"standard","meta":{"footnotes":""},"categories":[2],"tags":[],"class_list":{"0":"post-2750","1":"post","2":"type-post","3":"status-publish","4":"format-standard","6":"category-artikuj"},"yoast_head":"<!-- This site is optimized with the Yoast SEO plugin v27.4 - https:\/\/yoast.com\/product\/yoast-seo-wordpress\/ -->\n<title>Burr\u00ebshtet\u00ebsi - FjALA e LIR\u00cb - Arkivi<\/title>\n<meta name=\"robots\" content=\"index, follow, max-snippet:-1, max-image-preview:large, max-video-preview:-1\" \/>\n<link rel=\"canonical\" href=\"https:\/\/fjala.info\/2009-2015\/burreshtetesi\/\" \/>\n<meta property=\"og:locale\" content=\"sq_AL\" \/>\n<meta property=\"og:type\" content=\"article\" \/>\n<meta property=\"og:title\" content=\"Burr\u00ebshtet\u00ebsi - FjALA e LIR\u00cb - Arkivi\" \/>\n<meta property=\"og:description\" content=\"Prof. As. Dr. Artan Xh. Duka, 21.05.2010 Ndjen trishtim dhe pezmatim q\u00eb p\u00ebrs\u00ebri presim nga t\u00eb huajt &#8220;litarin&#8221; p\u00ebr dal\u00eb nga honi i kaosit dhe absurdit ku kemi r\u00ebn\u00eb duke shtyr\u00eb nj\u00ebri-tjetrin. Pas dy dekadash demokraci, prioritetet e shoq\u00ebris\u00eb duhet t\u00eb ishin krejt t\u00eb tjera. Esht\u00eb zhg\u00ebnjyese dhe e sikletshme q\u00eb Per\u00ebndimi ende &#8220;ul&#8221; standardet [&hellip;]\" \/>\n<meta property=\"og:url\" content=\"https:\/\/fjala.info\/2009-2015\/burreshtetesi\/\" \/>\n<meta property=\"og:site_name\" content=\"FjALA e LIR\u00cb - Arkivi\" \/>\n<meta property=\"article:published_time\" content=\"2010-05-21T07:25:17+00:00\" \/>\n<meta name=\"author\" content=\"admin\" \/>\n<meta name=\"twitter:card\" content=\"summary_large_image\" \/>\n<meta name=\"twitter:label1\" content=\"Written by\" \/>\n\t<meta name=\"twitter:data1\" content=\"admin\" \/>\n\t<meta name=\"twitter:label2\" content=\"Est. reading time\" \/>\n\t<meta name=\"twitter:data2\" content=\"7 minutes\" \/>\n<script type=\"application\/ld+json\" class=\"yoast-schema-graph\">{\"@context\":\"https:\\\/\\\/schema.org\",\"@graph\":[{\"@type\":\"Article\",\"@id\":\"https:\\\/\\\/fjala.info\\\/2009-2015\\\/burreshtetesi\\\/#article\",\"isPartOf\":{\"@id\":\"https:\\\/\\\/fjala.info\\\/2009-2015\\\/burreshtetesi\\\/\"},\"author\":{\"name\":\"admin\",\"@id\":\"https:\\\/\\\/fjala.info\\\/2009-2015\\\/#\\\/schema\\\/person\\\/3aa1163ef05469c496fc94e77611ada2\"},\"headline\":\"Burr\u00ebshtet\u00ebsi\",\"datePublished\":\"2010-05-21T07:25:17+00:00\",\"mainEntityOfPage\":{\"@id\":\"https:\\\/\\\/fjala.info\\\/2009-2015\\\/burreshtetesi\\\/\"},\"wordCount\":1401,\"commentCount\":0,\"publisher\":{\"@id\":\"https:\\\/\\\/fjala.info\\\/2009-2015\\\/#organization\"},\"articleSection\":[\"Artikuj\"],\"inLanguage\":\"sq-AL\",\"potentialAction\":[{\"@type\":\"CommentAction\",\"name\":\"Comment\",\"target\":[\"https:\\\/\\\/fjala.info\\\/2009-2015\\\/burreshtetesi\\\/#respond\"]}]},{\"@type\":\"WebPage\",\"@id\":\"https:\\\/\\\/fjala.info\\\/2009-2015\\\/burreshtetesi\\\/\",\"url\":\"https:\\\/\\\/fjala.info\\\/2009-2015\\\/burreshtetesi\\\/\",\"name\":\"Burr\u00ebshtet\u00ebsi - FjALA e LIR\u00cb - Arkivi\",\"isPartOf\":{\"@id\":\"https:\\\/\\\/fjala.info\\\/2009-2015\\\/#website\"},\"datePublished\":\"2010-05-21T07:25:17+00:00\",\"breadcrumb\":{\"@id\":\"https:\\\/\\\/fjala.info\\\/2009-2015\\\/burreshtetesi\\\/#breadcrumb\"},\"inLanguage\":\"sq-AL\",\"potentialAction\":[{\"@type\":\"ReadAction\",\"target\":[\"https:\\\/\\\/fjala.info\\\/2009-2015\\\/burreshtetesi\\\/\"]}]},{\"@type\":\"BreadcrumbList\",\"@id\":\"https:\\\/\\\/fjala.info\\\/2009-2015\\\/burreshtetesi\\\/#breadcrumb\",\"itemListElement\":[{\"@type\":\"ListItem\",\"position\":1,\"name\":\"Home\",\"item\":\"https:\\\/\\\/fjala.info\\\/2009-2015\\\/\"},{\"@type\":\"ListItem\",\"position\":2,\"name\":\"Burr\u00ebshtet\u00ebsi\"}]},{\"@type\":\"WebSite\",\"@id\":\"https:\\\/\\\/fjala.info\\\/2009-2015\\\/#website\",\"url\":\"https:\\\/\\\/fjala.info\\\/2009-2015\\\/\",\"name\":\"FjALA e LIR\u00cb - Arkivi\",\"description\":\"Arkivi 2009-2015\",\"publisher\":{\"@id\":\"https:\\\/\\\/fjala.info\\\/2009-2015\\\/#organization\"},\"potentialAction\":[{\"@type\":\"SearchAction\",\"target\":{\"@type\":\"EntryPoint\",\"urlTemplate\":\"https:\\\/\\\/fjala.info\\\/2009-2015\\\/?s={search_term_string}\"},\"query-input\":{\"@type\":\"PropertyValueSpecification\",\"valueRequired\":true,\"valueName\":\"search_term_string\"}}],\"inLanguage\":\"sq-AL\"},{\"@type\":\"Organization\",\"@id\":\"https:\\\/\\\/fjala.info\\\/2009-2015\\\/#organization\",\"name\":\"FjALA e LIR\u00cb - Arkivi\",\"url\":\"https:\\\/\\\/fjala.info\\\/2009-2015\\\/\",\"logo\":{\"@type\":\"ImageObject\",\"inLanguage\":\"sq-AL\",\"@id\":\"https:\\\/\\\/fjala.info\\\/2009-2015\\\/#\\\/schema\\\/logo\\\/image\\\/\",\"url\":\"\",\"contentUrl\":\"\",\"caption\":\"FjALA e LIR\u00cb - Arkivi\"},\"image\":{\"@id\":\"https:\\\/\\\/fjala.info\\\/2009-2015\\\/#\\\/schema\\\/logo\\\/image\\\/\"}},{\"@type\":\"Person\",\"@id\":\"https:\\\/\\\/fjala.info\\\/2009-2015\\\/#\\\/schema\\\/person\\\/3aa1163ef05469c496fc94e77611ada2\",\"name\":\"admin\",\"image\":{\"@type\":\"ImageObject\",\"inLanguage\":\"sq-AL\",\"@id\":\"https:\\\/\\\/fjala.info\\\/2009-2015\\\/wp-content\\\/uploads\\\/2012\\\/02\\\/arben_cokaj-120x150.jpg\",\"url\":\"https:\\\/\\\/fjala.info\\\/2009-2015\\\/wp-content\\\/uploads\\\/2012\\\/02\\\/arben_cokaj-120x150.jpg\",\"contentUrl\":\"https:\\\/\\\/fjala.info\\\/2009-2015\\\/wp-content\\\/uploads\\\/2012\\\/02\\\/arben_cokaj-120x150.jpg\",\"caption\":\"admin\"},\"description\":\"Admin, Fjala e Lir\u00eb\",\"sameAs\":[\"https:\\\/\\\/fjala.info\\\/\"],\"url\":\"https:\\\/\\\/fjala.info\\\/2009-2015\\\/author\\\/admin\\\/\"}]}<\/script>\n<!-- \/ Yoast SEO plugin. -->","yoast_head_json":{"title":"Burr\u00ebshtet\u00ebsi - FjALA e LIR\u00cb - Arkivi","robots":{"index":"index","follow":"follow","max-snippet":"max-snippet:-1","max-image-preview":"max-image-preview:large","max-video-preview":"max-video-preview:-1"},"canonical":"https:\/\/fjala.info\/2009-2015\/burreshtetesi\/","og_locale":"sq_AL","og_type":"article","og_title":"Burr\u00ebshtet\u00ebsi - FjALA e LIR\u00cb - Arkivi","og_description":"Prof. As. Dr. Artan Xh. Duka, 21.05.2010 Ndjen trishtim dhe pezmatim q\u00eb p\u00ebrs\u00ebri presim nga t\u00eb huajt &#8220;litarin&#8221; p\u00ebr dal\u00eb nga honi i kaosit dhe absurdit ku kemi r\u00ebn\u00eb duke shtyr\u00eb nj\u00ebri-tjetrin. Pas dy dekadash demokraci, prioritetet e shoq\u00ebris\u00eb duhet t\u00eb ishin krejt t\u00eb tjera. Esht\u00eb zhg\u00ebnjyese dhe e sikletshme q\u00eb Per\u00ebndimi ende &#8220;ul&#8221; standardet [&hellip;]","og_url":"https:\/\/fjala.info\/2009-2015\/burreshtetesi\/","og_site_name":"FjALA e LIR\u00cb - Arkivi","article_published_time":"2010-05-21T07:25:17+00:00","author":"admin","twitter_card":"summary_large_image","twitter_misc":{"Written by":"admin","Est. reading time":"7 minutes"},"schema":{"@context":"https:\/\/schema.org","@graph":[{"@type":"Article","@id":"https:\/\/fjala.info\/2009-2015\/burreshtetesi\/#article","isPartOf":{"@id":"https:\/\/fjala.info\/2009-2015\/burreshtetesi\/"},"author":{"name":"admin","@id":"https:\/\/fjala.info\/2009-2015\/#\/schema\/person\/3aa1163ef05469c496fc94e77611ada2"},"headline":"Burr\u00ebshtet\u00ebsi","datePublished":"2010-05-21T07:25:17+00:00","mainEntityOfPage":{"@id":"https:\/\/fjala.info\/2009-2015\/burreshtetesi\/"},"wordCount":1401,"commentCount":0,"publisher":{"@id":"https:\/\/fjala.info\/2009-2015\/#organization"},"articleSection":["Artikuj"],"inLanguage":"sq-AL","potentialAction":[{"@type":"CommentAction","name":"Comment","target":["https:\/\/fjala.info\/2009-2015\/burreshtetesi\/#respond"]}]},{"@type":"WebPage","@id":"https:\/\/fjala.info\/2009-2015\/burreshtetesi\/","url":"https:\/\/fjala.info\/2009-2015\/burreshtetesi\/","name":"Burr\u00ebshtet\u00ebsi - FjALA e LIR\u00cb - Arkivi","isPartOf":{"@id":"https:\/\/fjala.info\/2009-2015\/#website"},"datePublished":"2010-05-21T07:25:17+00:00","breadcrumb":{"@id":"https:\/\/fjala.info\/2009-2015\/burreshtetesi\/#breadcrumb"},"inLanguage":"sq-AL","potentialAction":[{"@type":"ReadAction","target":["https:\/\/fjala.info\/2009-2015\/burreshtetesi\/"]}]},{"@type":"BreadcrumbList","@id":"https:\/\/fjala.info\/2009-2015\/burreshtetesi\/#breadcrumb","itemListElement":[{"@type":"ListItem","position":1,"name":"Home","item":"https:\/\/fjala.info\/2009-2015\/"},{"@type":"ListItem","position":2,"name":"Burr\u00ebshtet\u00ebsi"}]},{"@type":"WebSite","@id":"https:\/\/fjala.info\/2009-2015\/#website","url":"https:\/\/fjala.info\/2009-2015\/","name":"FjALA e LIR\u00cb - Arkivi","description":"Arkivi 2009-2015","publisher":{"@id":"https:\/\/fjala.info\/2009-2015\/#organization"},"potentialAction":[{"@type":"SearchAction","target":{"@type":"EntryPoint","urlTemplate":"https:\/\/fjala.info\/2009-2015\/?s={search_term_string}"},"query-input":{"@type":"PropertyValueSpecification","valueRequired":true,"valueName":"search_term_string"}}],"inLanguage":"sq-AL"},{"@type":"Organization","@id":"https:\/\/fjala.info\/2009-2015\/#organization","name":"FjALA e LIR\u00cb - Arkivi","url":"https:\/\/fjala.info\/2009-2015\/","logo":{"@type":"ImageObject","inLanguage":"sq-AL","@id":"https:\/\/fjala.info\/2009-2015\/#\/schema\/logo\/image\/","url":"","contentUrl":"","caption":"FjALA e LIR\u00cb - Arkivi"},"image":{"@id":"https:\/\/fjala.info\/2009-2015\/#\/schema\/logo\/image\/"}},{"@type":"Person","@id":"https:\/\/fjala.info\/2009-2015\/#\/schema\/person\/3aa1163ef05469c496fc94e77611ada2","name":"admin","image":{"@type":"ImageObject","inLanguage":"sq-AL","@id":"https:\/\/fjala.info\/2009-2015\/wp-content\/uploads\/2012\/02\/arben_cokaj-120x150.jpg","url":"https:\/\/fjala.info\/2009-2015\/wp-content\/uploads\/2012\/02\/arben_cokaj-120x150.jpg","contentUrl":"https:\/\/fjala.info\/2009-2015\/wp-content\/uploads\/2012\/02\/arben_cokaj-120x150.jpg","caption":"admin"},"description":"Admin, Fjala e Lir\u00eb","sameAs":["https:\/\/fjala.info\/"],"url":"https:\/\/fjala.info\/2009-2015\/author\/admin\/"}]}},"_links":{"self":[{"href":"https:\/\/fjala.info\/2009-2015\/wp-json\/wp\/v2\/posts\/2750","targetHints":{"allow":["GET"]}}],"collection":[{"href":"https:\/\/fjala.info\/2009-2015\/wp-json\/wp\/v2\/posts"}],"about":[{"href":"https:\/\/fjala.info\/2009-2015\/wp-json\/wp\/v2\/types\/post"}],"author":[{"embeddable":true,"href":"https:\/\/fjala.info\/2009-2015\/wp-json\/wp\/v2\/users\/1"}],"replies":[{"embeddable":true,"href":"https:\/\/fjala.info\/2009-2015\/wp-json\/wp\/v2\/comments?post=2750"}],"version-history":[{"count":0,"href":"https:\/\/fjala.info\/2009-2015\/wp-json\/wp\/v2\/posts\/2750\/revisions"}],"wp:attachment":[{"href":"https:\/\/fjala.info\/2009-2015\/wp-json\/wp\/v2\/media?parent=2750"}],"wp:term":[{"taxonomy":"category","embeddable":true,"href":"https:\/\/fjala.info\/2009-2015\/wp-json\/wp\/v2\/categories?post=2750"},{"taxonomy":"post_tag","embeddable":true,"href":"https:\/\/fjala.info\/2009-2015\/wp-json\/wp\/v2\/tags?post=2750"}],"curies":[{"name":"wp","href":"https:\/\/api.w.org\/{rel}","templated":true}]}}