{"id":2749,"date":"2012-05-12T13:58:10","date_gmt":"2012-05-12T12:58:10","guid":{"rendered":"http:\/\/fjala.shkoder.net\/?p=2749"},"modified":"2012-05-12T13:58:10","modified_gmt":"2012-05-12T12:58:10","slug":"ali-cenaj-haxhiqamilet-e-shkupit","status":"publish","type":"post","link":"https:\/\/fjala.info\/2009-2015\/ali-cenaj-haxhiqamilet-e-shkupit\/","title":{"rendered":"Ali Cenaj: Haxhiqamil\u00ebt e Shkupit!"},"content":{"rendered":"<p><em>\u2026Si t\u00eb mos kishte ndryshuar asgj\u00eb me ne. Si t\u00eb mos kishim marr\u00eb asnj\u00eb m\u00ebsim. E nj\u00eb shekull ka kaluar, por nga Shkupi, \u00e7udit\u00ebrisht, prap\u00eb na vijn\u00eb t\u00eb nj\u00ebjtat thirrje t\u00eb turmave t\u00eb pakok\u00eb q\u00eb po thon\u00eb t\u00eb jen\u00eb spontane.<\/em><\/p>\n<p><img decoding=\"async\" class=\"aligncenter size-thumbnail wp-image-7236\" title=\"Protest\u00eb n\u00eb Shkup\" src=\"http:\/\/www.shkoder.net\/2012\/albanian_protest_in_skopje_macedonia_may12.jpg\" alt=\"\" width=\"450\" \/><\/p>\n<p>Edhe at\u00ebher\u00eb, si sot, kur p\u00ebrcaktoheshin fatet e popujve ballkanik\u00eb dhe Evropa me kalem n\u00eb dor\u00eb kishte n\u00eb tavolin\u00eb hartat e reja, nj\u00eb turm\u00eb \u201c\u00e7lirimtar\u00ebsh\u201d me shallvare, mjekra e shamia beduin\u00ebsh, n\u00eb em\u00ebr t\u00eb shqiptar\u00ebve, th\u00ebrrisnin nj\u00ebsoj si haxhiqamil\u00ebt, pak vite m\u00eb von\u00eb.<br \/>\nDuam Bab\u00ebn Mbret. Rroft\u00eb Dovleti\u2026 e duam Bab\u00ebn&#8230;, b\u00ebrtisnin t\u00eb p\u00ebrjargur duke k\u00ebrkuar kthimin n\u00eb jet\u00eb t\u00eb kufom\u00ebs q\u00eb pas gati pes\u00eb shekujsh po t\u00ebrhiqej prej nga kishte ardhur.<\/p>\n<p>Edhe t\u00eb premten e kaluar nj\u00eb protest\u00eb haxhiqamil\u00e7e nisi si spontanisht nga xhamia \u201cIsa Beu\u201d, si\u00e7 u tha, n\u00eb mbrojtje t\u00eb pafaj\u00ebsis\u00eb s\u00eb t\u00eb arrestuarve p\u00ebr vrasjet makabre t\u00eb pes\u00eb adoleshent\u00ebve maqedonas dhe n\u00eb shenj\u00eb pak\u00ebnaq\u00ebsie t\u00eb identifikimit t\u00eb shqiptar\u00ebve me krimin, terrorizmin, fondamentalizmin\u2026<br \/>\nPor, ajo q\u00eb u pa rrug\u00ebve t\u00eb Shkupit ishte m\u00eb shum\u00eb se befasuese. N\u00eb t\u00eb v\u00ebrtet\u00eb ishte shokuese. Ishte e kund\u00ebrta e asaj q\u00eb ishte promovuar.<\/p>\n<p><img decoding=\"async\" class=\"alignleft size-thumbnail wp-image-7236\" title=\"Ali Cenaj\" src=\"http:\/\/www.shkoder.net\/2012\/ali_cenaj.jpg\" alt=\"\" width=\"150\" \/><strong>ALI CENAJ<\/strong><\/p>\n<p>Pamjet e turm\u00ebs q\u00eb kishte dal\u00eb p\u00ebr t\u00eb protestuar kund\u00ebr arrestimeve me thirrjet \u201cAllahu ekber, Allahu ekber\u201d si n\u00eb trans, e ndonj\u00eb tjet\u00ebr thirrje \u201cShqip\u00ebri etnike, Shqip\u00ebri etnike\u201d q\u00eb mbytej n\u00eb detin e gjelb\u00ebr t\u00eb rekuizitave islamiste, deri te bajraku me shkronja arabe dhe shpat\u00ebn e sheriatit n\u00ebn t\u00eb, pastaj bluzat me porosin\u00eb se \u201cIslami do t\u00eb pushtoj\u00eb bot\u00ebn\u201d promovonin t\u00eb kund\u00ebrt\u00ebn e ides\u00eb p\u00ebr mbrojtjen e t\u00eb arrestuarve.<\/p>\n<p>Ato u ngjasonin si shum\u00eb pamjeve t\u00eb Lindjes s\u00eb Af\u00ebrt apo t\u00eb Hamasit n\u00eb vendet arabe q\u00eb me sa dihet, nuk i kan\u00eb pun\u00ebt aq mir\u00eb, sa t\u2019i marrim si shembull.<\/p>\n<p>Pamje t\u00eb tilla q\u00eb mund t\u00eb p\u00ebrs\u00ebriten sot, n\u00eb versione e p\u00ebrmasa edhe t\u00eb tjera pasi, nga individ\u00eb e grupe q\u00eb nuk duan t\u00eb identifikohen, p\u00ebrmes rrjetit social Facebook, protesta t\u00eb tilla pas xhumas\u00eb jan\u00eb paralajm\u00ebruar s\u00ebrish, jo vet\u00ebm n\u00eb Shkup, por edhe n\u00eb qytetet tjera, shtrojn\u00eb jo pak \u00e7\u00ebshtje shqet\u00ebsuese.<\/p>\n<p>Kush jan\u00eb k\u00ebta njer\u00ebz q\u00eb n\u00eb em\u00ebr t\u00eb shqiptar\u00ebve promovojn\u00eb mend\u00ebsi e tradita arabe. Kujt i duheshin pamjet e tilla, shqiptar\u00ebve dhe interesave t\u00eb tyre legjitime n\u00eb k\u00ebto hap\u00ebsira apo dikujt tjet\u00ebr, q\u00eb rrezikun nga fondamentalizmi i elementit shqiptar po e shet si arm\u00ebn m\u00eb t\u00eb fort\u00eb kund\u00ebr nesh. Dhe po e promovon gjithandej si \u201cthembr\u00ebn ton\u00eb t\u00eb Akilit\u201d.<\/p>\n<p>Ngat\u00ebrrimi i komb\u00ebtares me fetaren, i q\u00ebllimsh\u00ebm e me shum\u00eb hile, b\u00ebhet p\u00ebr t\u00eb d\u00ebmtuar t\u00eb par\u00ebn, sepse fetarja te shqiptar\u00ebt n\u00eb Maqedoni, n\u00eb kuptimin e islamizmit, n\u00ebse nuk ka qen\u00eb e privilegjuar, e rrezikuar nuk ka qen\u00eb kurr\u00eb.<\/p>\n<p>M\u00eb kot p\u00ebrpiqeni t\u00eb gjeni ndonj\u00eb shembull q\u00eb dikush t\u00eb jet\u00eb burgosur apo t\u00eb jet\u00eb vrar\u00eb p\u00ebr nd\u00ebrtimin e xhamive, por shum\u00eb leht\u00eb mund t\u2019u kujtohet sa u rrah\u00ebn, u burgosen e madje u vran\u00eb p\u00ebr shkoll\u00ebn shqip e Universitet.<br \/>\nShqiptaret, jo vet\u00ebm ata n\u00eb Maqedoni dhe lider\u00ebt e tyre, mbase do t\u00eb heqin dor\u00eb nga mend\u00ebsia e strucit me kok\u00ebn n\u00eb r\u00ebr\u00eb.<\/p>\n<p>Hajgareve po u vjen fundi. Shfaqja q\u00eb dhan\u00eb t\u00eb premten e kaluar, jo shqiptar\u00ebt por \u201carab\u00ebt e Maqedonis\u00eb\u201d do t\u00eb duhej t\u00eb ishte e fundit. S\u00eb paku jo n\u00eb em\u00ebr t\u00eb shqiptar\u00ebve.<br \/>\nEfektet tragjike t\u00eb haxhiqamil\u00ebve me britmat: \u201cDuam Bab\u00ebn\u201d, \u201cRroft\u00eb Davleti\u201d\u2026nj\u00eb shekull m\u00eb par\u00eb, kur \u201cshtat\u00eb krajlit\u00eb\u201d p\u00ebrcaktonin hartat dhe fatet e popujve t\u00eb Ballkanit, askush m\u00eb mir\u00eb se ne e i kan\u00eb t\u00eb qarta sepse po i paguan me l\u00ebkur\u00eb t\u00eb vet.<\/p>\n<p><em><strong>Z\u00ebri<\/strong><\/em><\/p>\n<p><a href=\"http:\/\/www.revistadrini.com\/2012\/05\/11\/ali-cenaj-haxhiqamilet-e-shkupit\/\">http:\/\/www.revistadrini.com\/2012\/05\/11\/ali-cenaj-haxhiqamilet-e-shkupit\/<\/a><\/p>\n","protected":false},"excerpt":{"rendered":"<p>\u2026Si t\u00eb mos kishte ndryshuar asgj\u00eb me ne. Si t\u00eb mos kishim marr\u00eb asnj\u00eb m\u00ebsim. E nj\u00eb shekull ka kaluar, por nga Shkupi, \u00e7udit\u00ebrisht, prap\u00eb na vijn\u00eb t\u00eb nj\u00ebjtat thirrje t\u00eb turmave t\u00eb pakok\u00eb q\u00eb po thon\u00eb t\u00eb jen\u00eb spontane. Edhe at\u00ebher\u00eb, si sot, kur p\u00ebrcaktoheshin fatet e popujve ballkanik\u00eb dhe Evropa me kalem n\u00eb [&hellip;]<\/p>\n","protected":false},"author":1,"featured_media":0,"comment_status":"open","ping_status":"closed","sticky":false,"template":"","format":"standard","meta":{"footnotes":""},"categories":[2],"tags":[],"class_list":{"0":"post-2749","1":"post","2":"type-post","3":"status-publish","4":"format-standard","6":"category-artikuj"},"yoast_head":"<!-- This site is optimized with the Yoast SEO plugin v27.4 - https:\/\/yoast.com\/product\/yoast-seo-wordpress\/ -->\n<title>Ali Cenaj: Haxhiqamil\u00ebt e Shkupit! - FjALA e LIR\u00cb - Arkivi<\/title>\n<meta name=\"robots\" content=\"index, follow, max-snippet:-1, max-image-preview:large, max-video-preview:-1\" \/>\n<link rel=\"canonical\" href=\"https:\/\/fjala.info\/2009-2015\/ali-cenaj-haxhiqamilet-e-shkupit\/\" \/>\n<meta property=\"og:locale\" content=\"sq_AL\" \/>\n<meta property=\"og:type\" content=\"article\" \/>\n<meta property=\"og:title\" content=\"Ali Cenaj: Haxhiqamil\u00ebt e Shkupit! - FjALA e LIR\u00cb - Arkivi\" \/>\n<meta property=\"og:description\" content=\"\u2026Si t\u00eb mos kishte ndryshuar asgj\u00eb me ne. Si t\u00eb mos kishim marr\u00eb asnj\u00eb m\u00ebsim. E nj\u00eb shekull ka kaluar, por nga Shkupi, \u00e7udit\u00ebrisht, prap\u00eb na vijn\u00eb t\u00eb nj\u00ebjtat thirrje t\u00eb turmave t\u00eb pakok\u00eb q\u00eb po thon\u00eb t\u00eb jen\u00eb spontane. Edhe at\u00ebher\u00eb, si sot, kur p\u00ebrcaktoheshin fatet e popujve ballkanik\u00eb dhe Evropa me kalem n\u00eb [&hellip;]\" \/>\n<meta property=\"og:url\" content=\"https:\/\/fjala.info\/2009-2015\/ali-cenaj-haxhiqamilet-e-shkupit\/\" \/>\n<meta property=\"og:site_name\" content=\"FjALA e LIR\u00cb - Arkivi\" \/>\n<meta property=\"article:published_time\" content=\"2012-05-12T12:58:10+00:00\" \/>\n<meta property=\"og:image\" content=\"http:\/\/www.shkoder.net\/2012\/albanian_protest_in_skopje_macedonia_may12.jpg\" \/>\n<meta name=\"author\" content=\"admin\" \/>\n<meta name=\"twitter:card\" content=\"summary_large_image\" \/>\n<meta name=\"twitter:label1\" content=\"Written by\" \/>\n\t<meta name=\"twitter:data1\" content=\"admin\" \/>\n\t<meta name=\"twitter:label2\" content=\"Est. reading time\" \/>\n\t<meta name=\"twitter:data2\" content=\"3 minutes\" \/>\n<script type=\"application\/ld+json\" class=\"yoast-schema-graph\">{\"@context\":\"https:\\\/\\\/schema.org\",\"@graph\":[{\"@type\":\"Article\",\"@id\":\"https:\\\/\\\/fjala.info\\\/2009-2015\\\/ali-cenaj-haxhiqamilet-e-shkupit\\\/#article\",\"isPartOf\":{\"@id\":\"https:\\\/\\\/fjala.info\\\/2009-2015\\\/ali-cenaj-haxhiqamilet-e-shkupit\\\/\"},\"author\":{\"name\":\"admin\",\"@id\":\"https:\\\/\\\/fjala.info\\\/2009-2015\\\/#\\\/schema\\\/person\\\/3aa1163ef05469c496fc94e77611ada2\"},\"headline\":\"Ali Cenaj: Haxhiqamil\u00ebt e Shkupit!\",\"datePublished\":\"2012-05-12T12:58:10+00:00\",\"mainEntityOfPage\":{\"@id\":\"https:\\\/\\\/fjala.info\\\/2009-2015\\\/ali-cenaj-haxhiqamilet-e-shkupit\\\/\"},\"wordCount\":679,\"commentCount\":1,\"publisher\":{\"@id\":\"https:\\\/\\\/fjala.info\\\/2009-2015\\\/#organization\"},\"image\":{\"@id\":\"https:\\\/\\\/fjala.info\\\/2009-2015\\\/ali-cenaj-haxhiqamilet-e-shkupit\\\/#primaryimage\"},\"thumbnailUrl\":\"http:\\\/\\\/www.shkoder.net\\\/2012\\\/albanian_protest_in_skopje_macedonia_may12.jpg\",\"articleSection\":[\"Artikuj\"],\"inLanguage\":\"sq-AL\",\"potentialAction\":[{\"@type\":\"CommentAction\",\"name\":\"Comment\",\"target\":[\"https:\\\/\\\/fjala.info\\\/2009-2015\\\/ali-cenaj-haxhiqamilet-e-shkupit\\\/#respond\"]}]},{\"@type\":\"WebPage\",\"@id\":\"https:\\\/\\\/fjala.info\\\/2009-2015\\\/ali-cenaj-haxhiqamilet-e-shkupit\\\/\",\"url\":\"https:\\\/\\\/fjala.info\\\/2009-2015\\\/ali-cenaj-haxhiqamilet-e-shkupit\\\/\",\"name\":\"Ali Cenaj: Haxhiqamil\u00ebt e Shkupit! - FjALA e LIR\u00cb - Arkivi\",\"isPartOf\":{\"@id\":\"https:\\\/\\\/fjala.info\\\/2009-2015\\\/#website\"},\"primaryImageOfPage\":{\"@id\":\"https:\\\/\\\/fjala.info\\\/2009-2015\\\/ali-cenaj-haxhiqamilet-e-shkupit\\\/#primaryimage\"},\"image\":{\"@id\":\"https:\\\/\\\/fjala.info\\\/2009-2015\\\/ali-cenaj-haxhiqamilet-e-shkupit\\\/#primaryimage\"},\"thumbnailUrl\":\"http:\\\/\\\/www.shkoder.net\\\/2012\\\/albanian_protest_in_skopje_macedonia_may12.jpg\",\"datePublished\":\"2012-05-12T12:58:10+00:00\",\"breadcrumb\":{\"@id\":\"https:\\\/\\\/fjala.info\\\/2009-2015\\\/ali-cenaj-haxhiqamilet-e-shkupit\\\/#breadcrumb\"},\"inLanguage\":\"sq-AL\",\"potentialAction\":[{\"@type\":\"ReadAction\",\"target\":[\"https:\\\/\\\/fjala.info\\\/2009-2015\\\/ali-cenaj-haxhiqamilet-e-shkupit\\\/\"]}]},{\"@type\":\"ImageObject\",\"inLanguage\":\"sq-AL\",\"@id\":\"https:\\\/\\\/fjala.info\\\/2009-2015\\\/ali-cenaj-haxhiqamilet-e-shkupit\\\/#primaryimage\",\"url\":\"http:\\\/\\\/www.shkoder.net\\\/2012\\\/albanian_protest_in_skopje_macedonia_may12.jpg\",\"contentUrl\":\"http:\\\/\\\/www.shkoder.net\\\/2012\\\/albanian_protest_in_skopje_macedonia_may12.jpg\"},{\"@type\":\"BreadcrumbList\",\"@id\":\"https:\\\/\\\/fjala.info\\\/2009-2015\\\/ali-cenaj-haxhiqamilet-e-shkupit\\\/#breadcrumb\",\"itemListElement\":[{\"@type\":\"ListItem\",\"position\":1,\"name\":\"Home\",\"item\":\"https:\\\/\\\/fjala.info\\\/2009-2015\\\/\"},{\"@type\":\"ListItem\",\"position\":2,\"name\":\"Ali Cenaj: Haxhiqamil\u00ebt e Shkupit!\"}]},{\"@type\":\"WebSite\",\"@id\":\"https:\\\/\\\/fjala.info\\\/2009-2015\\\/#website\",\"url\":\"https:\\\/\\\/fjala.info\\\/2009-2015\\\/\",\"name\":\"FjALA e LIR\u00cb - Arkivi\",\"description\":\"Arkivi 2009-2015\",\"publisher\":{\"@id\":\"https:\\\/\\\/fjala.info\\\/2009-2015\\\/#organization\"},\"potentialAction\":[{\"@type\":\"SearchAction\",\"target\":{\"@type\":\"EntryPoint\",\"urlTemplate\":\"https:\\\/\\\/fjala.info\\\/2009-2015\\\/?s={search_term_string}\"},\"query-input\":{\"@type\":\"PropertyValueSpecification\",\"valueRequired\":true,\"valueName\":\"search_term_string\"}}],\"inLanguage\":\"sq-AL\"},{\"@type\":\"Organization\",\"@id\":\"https:\\\/\\\/fjala.info\\\/2009-2015\\\/#organization\",\"name\":\"FjALA e LIR\u00cb - Arkivi\",\"url\":\"https:\\\/\\\/fjala.info\\\/2009-2015\\\/\",\"logo\":{\"@type\":\"ImageObject\",\"inLanguage\":\"sq-AL\",\"@id\":\"https:\\\/\\\/fjala.info\\\/2009-2015\\\/#\\\/schema\\\/logo\\\/image\\\/\",\"url\":\"\",\"contentUrl\":\"\",\"caption\":\"FjALA e LIR\u00cb - Arkivi\"},\"image\":{\"@id\":\"https:\\\/\\\/fjala.info\\\/2009-2015\\\/#\\\/schema\\\/logo\\\/image\\\/\"}},{\"@type\":\"Person\",\"@id\":\"https:\\\/\\\/fjala.info\\\/2009-2015\\\/#\\\/schema\\\/person\\\/3aa1163ef05469c496fc94e77611ada2\",\"name\":\"admin\",\"image\":{\"@type\":\"ImageObject\",\"inLanguage\":\"sq-AL\",\"@id\":\"https:\\\/\\\/fjala.info\\\/2009-2015\\\/wp-content\\\/uploads\\\/2012\\\/02\\\/arben_cokaj-120x150.jpg\",\"url\":\"https:\\\/\\\/fjala.info\\\/2009-2015\\\/wp-content\\\/uploads\\\/2012\\\/02\\\/arben_cokaj-120x150.jpg\",\"contentUrl\":\"https:\\\/\\\/fjala.info\\\/2009-2015\\\/wp-content\\\/uploads\\\/2012\\\/02\\\/arben_cokaj-120x150.jpg\",\"caption\":\"admin\"},\"description\":\"Admin, Fjala e Lir\u00eb\",\"sameAs\":[\"https:\\\/\\\/fjala.info\\\/\"],\"url\":\"https:\\\/\\\/fjala.info\\\/2009-2015\\\/author\\\/admin\\\/\"}]}<\/script>\n<!-- \/ Yoast SEO plugin. -->","yoast_head_json":{"title":"Ali Cenaj: Haxhiqamil\u00ebt e Shkupit! - FjALA e LIR\u00cb - Arkivi","robots":{"index":"index","follow":"follow","max-snippet":"max-snippet:-1","max-image-preview":"max-image-preview:large","max-video-preview":"max-video-preview:-1"},"canonical":"https:\/\/fjala.info\/2009-2015\/ali-cenaj-haxhiqamilet-e-shkupit\/","og_locale":"sq_AL","og_type":"article","og_title":"Ali Cenaj: Haxhiqamil\u00ebt e Shkupit! - FjALA e LIR\u00cb - Arkivi","og_description":"\u2026Si t\u00eb mos kishte ndryshuar asgj\u00eb me ne. Si t\u00eb mos kishim marr\u00eb asnj\u00eb m\u00ebsim. E nj\u00eb shekull ka kaluar, por nga Shkupi, \u00e7udit\u00ebrisht, prap\u00eb na vijn\u00eb t\u00eb nj\u00ebjtat thirrje t\u00eb turmave t\u00eb pakok\u00eb q\u00eb po thon\u00eb t\u00eb jen\u00eb spontane. Edhe at\u00ebher\u00eb, si sot, kur p\u00ebrcaktoheshin fatet e popujve ballkanik\u00eb dhe Evropa me kalem n\u00eb [&hellip;]","og_url":"https:\/\/fjala.info\/2009-2015\/ali-cenaj-haxhiqamilet-e-shkupit\/","og_site_name":"FjALA e LIR\u00cb - Arkivi","article_published_time":"2012-05-12T12:58:10+00:00","og_image":[{"url":"http:\/\/www.shkoder.net\/2012\/albanian_protest_in_skopje_macedonia_may12.jpg","type":"","width":"","height":""}],"author":"admin","twitter_card":"summary_large_image","twitter_misc":{"Written by":"admin","Est. reading time":"3 minutes"},"schema":{"@context":"https:\/\/schema.org","@graph":[{"@type":"Article","@id":"https:\/\/fjala.info\/2009-2015\/ali-cenaj-haxhiqamilet-e-shkupit\/#article","isPartOf":{"@id":"https:\/\/fjala.info\/2009-2015\/ali-cenaj-haxhiqamilet-e-shkupit\/"},"author":{"name":"admin","@id":"https:\/\/fjala.info\/2009-2015\/#\/schema\/person\/3aa1163ef05469c496fc94e77611ada2"},"headline":"Ali Cenaj: Haxhiqamil\u00ebt e Shkupit!","datePublished":"2012-05-12T12:58:10+00:00","mainEntityOfPage":{"@id":"https:\/\/fjala.info\/2009-2015\/ali-cenaj-haxhiqamilet-e-shkupit\/"},"wordCount":679,"commentCount":1,"publisher":{"@id":"https:\/\/fjala.info\/2009-2015\/#organization"},"image":{"@id":"https:\/\/fjala.info\/2009-2015\/ali-cenaj-haxhiqamilet-e-shkupit\/#primaryimage"},"thumbnailUrl":"http:\/\/www.shkoder.net\/2012\/albanian_protest_in_skopje_macedonia_may12.jpg","articleSection":["Artikuj"],"inLanguage":"sq-AL","potentialAction":[{"@type":"CommentAction","name":"Comment","target":["https:\/\/fjala.info\/2009-2015\/ali-cenaj-haxhiqamilet-e-shkupit\/#respond"]}]},{"@type":"WebPage","@id":"https:\/\/fjala.info\/2009-2015\/ali-cenaj-haxhiqamilet-e-shkupit\/","url":"https:\/\/fjala.info\/2009-2015\/ali-cenaj-haxhiqamilet-e-shkupit\/","name":"Ali Cenaj: Haxhiqamil\u00ebt e Shkupit! - FjALA e LIR\u00cb - Arkivi","isPartOf":{"@id":"https:\/\/fjala.info\/2009-2015\/#website"},"primaryImageOfPage":{"@id":"https:\/\/fjala.info\/2009-2015\/ali-cenaj-haxhiqamilet-e-shkupit\/#primaryimage"},"image":{"@id":"https:\/\/fjala.info\/2009-2015\/ali-cenaj-haxhiqamilet-e-shkupit\/#primaryimage"},"thumbnailUrl":"http:\/\/www.shkoder.net\/2012\/albanian_protest_in_skopje_macedonia_may12.jpg","datePublished":"2012-05-12T12:58:10+00:00","breadcrumb":{"@id":"https:\/\/fjala.info\/2009-2015\/ali-cenaj-haxhiqamilet-e-shkupit\/#breadcrumb"},"inLanguage":"sq-AL","potentialAction":[{"@type":"ReadAction","target":["https:\/\/fjala.info\/2009-2015\/ali-cenaj-haxhiqamilet-e-shkupit\/"]}]},{"@type":"ImageObject","inLanguage":"sq-AL","@id":"https:\/\/fjala.info\/2009-2015\/ali-cenaj-haxhiqamilet-e-shkupit\/#primaryimage","url":"http:\/\/www.shkoder.net\/2012\/albanian_protest_in_skopje_macedonia_may12.jpg","contentUrl":"http:\/\/www.shkoder.net\/2012\/albanian_protest_in_skopje_macedonia_may12.jpg"},{"@type":"BreadcrumbList","@id":"https:\/\/fjala.info\/2009-2015\/ali-cenaj-haxhiqamilet-e-shkupit\/#breadcrumb","itemListElement":[{"@type":"ListItem","position":1,"name":"Home","item":"https:\/\/fjala.info\/2009-2015\/"},{"@type":"ListItem","position":2,"name":"Ali Cenaj: Haxhiqamil\u00ebt e Shkupit!"}]},{"@type":"WebSite","@id":"https:\/\/fjala.info\/2009-2015\/#website","url":"https:\/\/fjala.info\/2009-2015\/","name":"FjALA e LIR\u00cb - Arkivi","description":"Arkivi 2009-2015","publisher":{"@id":"https:\/\/fjala.info\/2009-2015\/#organization"},"potentialAction":[{"@type":"SearchAction","target":{"@type":"EntryPoint","urlTemplate":"https:\/\/fjala.info\/2009-2015\/?s={search_term_string}"},"query-input":{"@type":"PropertyValueSpecification","valueRequired":true,"valueName":"search_term_string"}}],"inLanguage":"sq-AL"},{"@type":"Organization","@id":"https:\/\/fjala.info\/2009-2015\/#organization","name":"FjALA e LIR\u00cb - Arkivi","url":"https:\/\/fjala.info\/2009-2015\/","logo":{"@type":"ImageObject","inLanguage":"sq-AL","@id":"https:\/\/fjala.info\/2009-2015\/#\/schema\/logo\/image\/","url":"","contentUrl":"","caption":"FjALA e LIR\u00cb - Arkivi"},"image":{"@id":"https:\/\/fjala.info\/2009-2015\/#\/schema\/logo\/image\/"}},{"@type":"Person","@id":"https:\/\/fjala.info\/2009-2015\/#\/schema\/person\/3aa1163ef05469c496fc94e77611ada2","name":"admin","image":{"@type":"ImageObject","inLanguage":"sq-AL","@id":"https:\/\/fjala.info\/2009-2015\/wp-content\/uploads\/2012\/02\/arben_cokaj-120x150.jpg","url":"https:\/\/fjala.info\/2009-2015\/wp-content\/uploads\/2012\/02\/arben_cokaj-120x150.jpg","contentUrl":"https:\/\/fjala.info\/2009-2015\/wp-content\/uploads\/2012\/02\/arben_cokaj-120x150.jpg","caption":"admin"},"description":"Admin, Fjala e Lir\u00eb","sameAs":["https:\/\/fjala.info\/"],"url":"https:\/\/fjala.info\/2009-2015\/author\/admin\/"}]}},"_links":{"self":[{"href":"https:\/\/fjala.info\/2009-2015\/wp-json\/wp\/v2\/posts\/2749","targetHints":{"allow":["GET"]}}],"collection":[{"href":"https:\/\/fjala.info\/2009-2015\/wp-json\/wp\/v2\/posts"}],"about":[{"href":"https:\/\/fjala.info\/2009-2015\/wp-json\/wp\/v2\/types\/post"}],"author":[{"embeddable":true,"href":"https:\/\/fjala.info\/2009-2015\/wp-json\/wp\/v2\/users\/1"}],"replies":[{"embeddable":true,"href":"https:\/\/fjala.info\/2009-2015\/wp-json\/wp\/v2\/comments?post=2749"}],"version-history":[{"count":0,"href":"https:\/\/fjala.info\/2009-2015\/wp-json\/wp\/v2\/posts\/2749\/revisions"}],"wp:attachment":[{"href":"https:\/\/fjala.info\/2009-2015\/wp-json\/wp\/v2\/media?parent=2749"}],"wp:term":[{"taxonomy":"category","embeddable":true,"href":"https:\/\/fjala.info\/2009-2015\/wp-json\/wp\/v2\/categories?post=2749"},{"taxonomy":"post_tag","embeddable":true,"href":"https:\/\/fjala.info\/2009-2015\/wp-json\/wp\/v2\/tags?post=2749"}],"curies":[{"name":"wp","href":"https:\/\/api.w.org\/{rel}","templated":true}]}}