{"id":2747,"date":"2010-05-21T08:23:14","date_gmt":"2010-05-21T07:23:14","guid":{"rendered":"http:\/\/fjala.shkoder.net\/?p=2747"},"modified":"2010-05-21T08:23:14","modified_gmt":"2010-05-21T07:23:14","slug":"vlerat-evropiane-te-betejes-se-opozites","status":"publish","type":"post","link":"https:\/\/fjala.info\/2009-2015\/vlerat-evropiane-te-betejes-se-opozites\/","title":{"rendered":"Vlerat evropiane t\u00eb betej\u00ebs s\u00eb opozit\u00ebs"},"content":{"rendered":"<p><img decoding=\"async\" style=\"margin-left: 10px; margin-right: 10px; border: 0px;\" src=\"http:\/\/www.shkoder.net\/images\/fjala\/mero_baze1.jpg\" border=\"0\" alt=\"Mero Baze\" width=\"100\" align=\"right\" \/><\/p>\n<p>Nga <strong>Mero Baze<\/strong>, &#8220;<em>Faktori Plus<\/em>&#8221;<\/p>\n<p>Opozita shqiptare arriti t\u00eb gjunj\u00ebzoj\u00eb kryeministrin Berisha pas nj\u00eb beteje 19 ditore n\u00eb Bulevardin \u201cD\u00ebshmor\u00ebt e Kombit\u201d. Si asnj\u00eb her\u00eb m\u00eb par\u00eb n\u00eb politik\u00ebn shqiptare, bilanci i nj\u00eb proteste maraton\u00eb ka ndryshuar t\u00ebr\u00ebsisht p\u00ebr tri jav\u00eb qasjen e kryeministrit arrogant ndaj kriz\u00ebs dhe e ka detyruar at\u00eb t\u00eb pranoj\u00eb nd\u00ebrmjet\u00ebs nd\u00ebrkomb\u00ebtar\u00eb p\u00ebr kriz\u00ebn, sikur vendi t\u00eb ishte n\u00eb gjendje lufte. Kjo \u00ebsht\u00eb hera e dyt\u00eb pas nd\u00ebrhyrjes nd\u00ebrkomb\u00ebtare n\u00eb vitin 1997, kur zoti Berisha ka nevoj\u00eb p\u00ebr nd\u00ebrhyrje nd\u00ebrkomb\u00ebtare p\u00ebr t\u00eb zgjidhur krizat politike q\u00eb prodhon me kund\u00ebrshtar\u00ebt e vet.<\/p>\n<p>Pavar\u00ebsisht \u00e7far\u00eb do dal\u00eb nga Marr\u00ebveshja e Strasburgut, protesta e opozit\u00ebs ka arritur suksesin m\u00eb t\u00eb madh t\u00eb mundsh\u00ebm t\u00eb saj, pasi ka b\u00ebr\u00eb aleat\u00eb n\u00eb \u00e7\u00ebshtjen e opozit\u00ebs shqiptare personalitet m\u00eb t\u00eb larta t\u00eb Bashkimit Evropian. Ajo arriti ta ngrej\u00eb debatin mbi transparenc\u00ebn e zgjedhjeve shqiptare, nga nj\u00eb debat i brendsh\u00ebm n\u00eb Partin\u00eb Socialiste dhe nga nj\u00eb debat cinik n\u00eb politik\u00ebn shqiptare, n\u00eb nj\u00eb debat serioz t\u00eb krer\u00ebve m\u00eb t\u00eb lart\u00eb politik\u00eb dhe ekzekutiv\u00eb t\u00eb Bashkimit Evropian. Nj\u00eb sukses tjet\u00ebr i r\u00ebnd\u00ebsish\u00ebm i betej\u00ebs s\u00eb opozit\u00ebs \u00ebsht\u00eb deinkurajimi i frym\u00ebs antiopozitare n\u00eb vend.<\/p>\n<p>P\u00ebr gati nj\u00eb vit kjo betej\u00eb provokoi gjith\u00eb s\u00ebmundjet e fshehura t\u00eb shoq\u00ebris\u00eb shqiptare q\u00eb mbarteshin nga viruset e koh\u00ebs s\u00eb komunizmit. P\u00ebr nj\u00eb vit rresht ne pam\u00eb se si kryeministrit Berisha iu ringjall\u00ebn instinktet e Sekretarit t\u00eb Partis\u00eb Komuniste duke udh\u00ebhequr, q\u00eb nga antimitingjet dhe rreshtimet e intelektual\u00ebve mediok\u00ebr, deri te z\u00ebvend\u00ebsimi i informacionit me propagand\u00eb n\u00eb mediat e kontrolluara prej tij. P\u00ebr nj\u00eb vit resht ai ka nj\u00eb bilanc t\u00eb hidhur t\u00eb p\u00ebrpjekjeve t\u00eb tij p\u00ebr t\u00eb izoluar betej\u00ebn e opozit\u00ebs dhe p\u00ebr ta denigruar at\u00eb.<\/p>\n<p>Ai udh\u00ebhoqi fushata ta pashembullta shpifjesh dhe fyerjesh personale ndaj gjith\u00eb faktor\u00ebve opozitar\u00eb n\u00eb vend, udh\u00ebhoqi nj\u00eb luft\u00eb klasore ndaj medias kritike me t\u00eb dhe bizneseve t\u00eb atyre q\u00eb i konsideron kund\u00ebrshtar\u00eb politik\u00eb dhe n\u00eb fund degradoi n\u00eb nj\u00eb dordolec q\u00eb k\u00ebrkonte t\u00eb trembte opozit\u00ebn me antimitingje dhe lista mediokrish t\u00eb mbetur nga koha e realizmit socialist. P\u00ebr nj\u00eb vit ai p\u00ebrdori gjith\u00eb njer\u00ebzit e privuar nga liria personale n\u00eb k\u00ebt\u00eb vend, n\u00eb sh\u00ebrbim t\u00eb kauz\u00ebs s\u00eb tij p\u00ebr reduktimin e lirive politike dhe ekonomike n\u00eb vend. Por m\u00eb n\u00eb fund d\u00ebshtoi.<\/p>\n<p>Opozita arriti t\u2019i vjet\u00ebroj\u00eb gjith\u00eb p\u00ebrpjekjet e tij, t\u00eb cilat pas betej\u00ebs ngjajn\u00eb edhe m\u00eb qesharake. S\u00eb fundmi, opozita arriti ta kthej\u00eb betej\u00ebn e saj n\u00eb nj\u00eb betej\u00eb p\u00ebr vlerat evropiane t\u00eb Shqip\u00ebris\u00eb. Daullet e Sali Berish\u00ebs, se protestat e opozit\u00ebs duan t\u00eb izolojn\u00eb Shqip\u00ebrin\u00eb nga Evropa, tani duken qesharake. Beteja e opozit\u00ebs ringjalli vlerat per\u00ebndimore n\u00eb Shqip\u00ebri dhe e b\u00ebri \u00e7\u00ebshtjen e opozit\u00ebs \u00e7\u00ebshtje t\u00eb Bashkimit Evropian. Deklarata e djeshme e kryetar\u00ebve t\u00eb grupeve parlamentare evropiane, qart\u00ebsonte se integrimi i Shqip\u00ebris\u00eb rrezikonte t\u00eb bllokohej n\u00ebse nuk zgjidhej kriza.<\/p>\n<p>Kjo deklarat\u00eb \u00ebsht\u00eb nj\u00eb kamban\u00eb alarmi p\u00ebr ata q\u00eb nuk njohin kriz\u00ebn n\u00eb k\u00ebt\u00eb vend dhe q\u00eb duan ta mbajn\u00eb at\u00eb fshehur nga Evropa. Kjo \u00ebsht\u00eb nj\u00eb kamban\u00eb alarmi p\u00ebr sjelljen politike t\u00eb Sali Berish\u00ebs, i cili ka nj\u00eb vit q\u00eb p\u00ebrpiqet ta injoroj\u00eb k\u00ebt\u00eb kriz\u00eb, e cila realisht bllokon demokracin\u00eb shqiptare. Gjunj\u00ebzimi i Sali Berish\u00ebs para presionit evropian dhe ulja e tij n\u00eb tryez\u00eb p\u00ebr t\u00eb zgjidhur kriz\u00ebn me opozit\u00ebn, \u00ebsht\u00eb pasaporta e par\u00eb evropiane q\u00eb opozita po u jep shqiptar\u00ebve, para proceseve normale teknike dhe politike t\u00eb liberalizimit t\u00eb vizave dhe integrimit t\u00eb Shqip\u00ebris\u00eb n\u00eb Evrop\u00eb.<\/p>\n<p>Me k\u00ebt\u00eb betej\u00eb, opozita ka qart\u00ebsuar gjith\u00eb pik\u00ebpyetjet per\u00ebndimore p\u00ebr Shqip\u00ebrin\u00eb, duke detyruar qeverin\u00eb shqiptare t\u00eb riplot\u00ebsoj\u00eb gati gjysm\u00ebn e pyet\u00ebsorit t\u00eb g\u00ebnjesht\u00ebrt q\u00eb dor\u00ebzoi disa jav\u00eb m\u00eb par\u00eb n\u00eb Bruksel. Nuk \u00ebsht\u00eb e sigurt n\u00ebse Berisha do t\u00eb ulet sot n\u00eb Strasburg i dor\u00ebzuar para kriz\u00ebs, apo i vendosur p\u00ebr t\u00eb na \u00e7uar n\u00eb kriz\u00eb t\u00eb re, por e sigurt \u00ebsht\u00eb se opozita shqiptare e ka \u00e7uar betej\u00ebn e saj nga Ruzhdia n\u00eb Strasburg.<\/p>\n","protected":false},"excerpt":{"rendered":"<p>Nga Mero Baze, &#8220;Faktori Plus&#8221; Opozita shqiptare arriti t\u00eb gjunj\u00ebzoj\u00eb kryeministrin Berisha pas nj\u00eb beteje 19 ditore n\u00eb Bulevardin \u201cD\u00ebshmor\u00ebt e Kombit\u201d. Si asnj\u00eb her\u00eb m\u00eb par\u00eb n\u00eb politik\u00ebn shqiptare, bilanci i nj\u00eb proteste maraton\u00eb ka ndryshuar t\u00ebr\u00ebsisht p\u00ebr tri jav\u00eb qasjen e kryeministrit arrogant ndaj kriz\u00ebs dhe e ka detyruar at\u00eb t\u00eb pranoj\u00eb nd\u00ebrmjet\u00ebs [&hellip;]<\/p>\n","protected":false},"author":1,"featured_media":0,"comment_status":"open","ping_status":"closed","sticky":false,"template":"","format":"standard","meta":{"footnotes":""},"categories":[2],"tags":[],"class_list":{"0":"post-2747","1":"post","2":"type-post","3":"status-publish","4":"format-standard","6":"category-artikuj"},"yoast_head":"<!-- This site is optimized with the Yoast SEO plugin v27.4 - https:\/\/yoast.com\/product\/yoast-seo-wordpress\/ -->\n<title>Vlerat evropiane t\u00eb betej\u00ebs s\u00eb opozit\u00ebs - FjALA e LIR\u00cb - Arkivi<\/title>\n<meta name=\"robots\" content=\"index, follow, max-snippet:-1, max-image-preview:large, max-video-preview:-1\" \/>\n<link rel=\"canonical\" href=\"https:\/\/fjala.info\/2009-2015\/vlerat-evropiane-te-betejes-se-opozites\/\" \/>\n<meta property=\"og:locale\" content=\"sq_AL\" \/>\n<meta property=\"og:type\" content=\"article\" \/>\n<meta property=\"og:title\" content=\"Vlerat evropiane t\u00eb betej\u00ebs s\u00eb opozit\u00ebs - FjALA e LIR\u00cb - Arkivi\" \/>\n<meta property=\"og:description\" content=\"Nga Mero Baze, &#8220;Faktori Plus&#8221; Opozita shqiptare arriti t\u00eb gjunj\u00ebzoj\u00eb kryeministrin Berisha pas nj\u00eb beteje 19 ditore n\u00eb Bulevardin \u201cD\u00ebshmor\u00ebt e Kombit\u201d. Si asnj\u00eb her\u00eb m\u00eb par\u00eb n\u00eb politik\u00ebn shqiptare, bilanci i nj\u00eb proteste maraton\u00eb ka ndryshuar t\u00ebr\u00ebsisht p\u00ebr tri jav\u00eb qasjen e kryeministrit arrogant ndaj kriz\u00ebs dhe e ka detyruar at\u00eb t\u00eb pranoj\u00eb nd\u00ebrmjet\u00ebs [&hellip;]\" \/>\n<meta property=\"og:url\" content=\"https:\/\/fjala.info\/2009-2015\/vlerat-evropiane-te-betejes-se-opozites\/\" \/>\n<meta property=\"og:site_name\" content=\"FjALA e LIR\u00cb - Arkivi\" \/>\n<meta property=\"article:published_time\" content=\"2010-05-21T07:23:14+00:00\" \/>\n<meta property=\"og:image\" content=\"http:\/\/www.shkoder.net\/images\/fjala\/mero_baze1.jpg\" \/>\n<meta name=\"author\" content=\"admin\" \/>\n<meta name=\"twitter:card\" content=\"summary_large_image\" \/>\n<meta name=\"twitter:label1\" content=\"Written by\" \/>\n\t<meta name=\"twitter:data1\" content=\"admin\" \/>\n\t<meta name=\"twitter:label2\" content=\"Est. reading time\" \/>\n\t<meta name=\"twitter:data2\" content=\"4 minutes\" \/>\n<script type=\"application\/ld+json\" class=\"yoast-schema-graph\">{\"@context\":\"https:\\\/\\\/schema.org\",\"@graph\":[{\"@type\":\"Article\",\"@id\":\"https:\\\/\\\/fjala.info\\\/2009-2015\\\/vlerat-evropiane-te-betejes-se-opozites\\\/#article\",\"isPartOf\":{\"@id\":\"https:\\\/\\\/fjala.info\\\/2009-2015\\\/vlerat-evropiane-te-betejes-se-opozites\\\/\"},\"author\":{\"name\":\"admin\",\"@id\":\"https:\\\/\\\/fjala.info\\\/2009-2015\\\/#\\\/schema\\\/person\\\/3aa1163ef05469c496fc94e77611ada2\"},\"headline\":\"Vlerat evropiane t\u00eb betej\u00ebs s\u00eb opozit\u00ebs\",\"datePublished\":\"2010-05-21T07:23:14+00:00\",\"mainEntityOfPage\":{\"@id\":\"https:\\\/\\\/fjala.info\\\/2009-2015\\\/vlerat-evropiane-te-betejes-se-opozites\\\/\"},\"wordCount\":759,\"commentCount\":0,\"publisher\":{\"@id\":\"https:\\\/\\\/fjala.info\\\/2009-2015\\\/#organization\"},\"image\":{\"@id\":\"https:\\\/\\\/fjala.info\\\/2009-2015\\\/vlerat-evropiane-te-betejes-se-opozites\\\/#primaryimage\"},\"thumbnailUrl\":\"http:\\\/\\\/www.shkoder.net\\\/images\\\/fjala\\\/mero_baze1.jpg\",\"articleSection\":[\"Artikuj\"],\"inLanguage\":\"sq-AL\",\"potentialAction\":[{\"@type\":\"CommentAction\",\"name\":\"Comment\",\"target\":[\"https:\\\/\\\/fjala.info\\\/2009-2015\\\/vlerat-evropiane-te-betejes-se-opozites\\\/#respond\"]}]},{\"@type\":\"WebPage\",\"@id\":\"https:\\\/\\\/fjala.info\\\/2009-2015\\\/vlerat-evropiane-te-betejes-se-opozites\\\/\",\"url\":\"https:\\\/\\\/fjala.info\\\/2009-2015\\\/vlerat-evropiane-te-betejes-se-opozites\\\/\",\"name\":\"Vlerat evropiane t\u00eb betej\u00ebs s\u00eb opozit\u00ebs - FjALA e LIR\u00cb - Arkivi\",\"isPartOf\":{\"@id\":\"https:\\\/\\\/fjala.info\\\/2009-2015\\\/#website\"},\"primaryImageOfPage\":{\"@id\":\"https:\\\/\\\/fjala.info\\\/2009-2015\\\/vlerat-evropiane-te-betejes-se-opozites\\\/#primaryimage\"},\"image\":{\"@id\":\"https:\\\/\\\/fjala.info\\\/2009-2015\\\/vlerat-evropiane-te-betejes-se-opozites\\\/#primaryimage\"},\"thumbnailUrl\":\"http:\\\/\\\/www.shkoder.net\\\/images\\\/fjala\\\/mero_baze1.jpg\",\"datePublished\":\"2010-05-21T07:23:14+00:00\",\"breadcrumb\":{\"@id\":\"https:\\\/\\\/fjala.info\\\/2009-2015\\\/vlerat-evropiane-te-betejes-se-opozites\\\/#breadcrumb\"},\"inLanguage\":\"sq-AL\",\"potentialAction\":[{\"@type\":\"ReadAction\",\"target\":[\"https:\\\/\\\/fjala.info\\\/2009-2015\\\/vlerat-evropiane-te-betejes-se-opozites\\\/\"]}]},{\"@type\":\"ImageObject\",\"inLanguage\":\"sq-AL\",\"@id\":\"https:\\\/\\\/fjala.info\\\/2009-2015\\\/vlerat-evropiane-te-betejes-se-opozites\\\/#primaryimage\",\"url\":\"http:\\\/\\\/www.shkoder.net\\\/images\\\/fjala\\\/mero_baze1.jpg\",\"contentUrl\":\"http:\\\/\\\/www.shkoder.net\\\/images\\\/fjala\\\/mero_baze1.jpg\"},{\"@type\":\"BreadcrumbList\",\"@id\":\"https:\\\/\\\/fjala.info\\\/2009-2015\\\/vlerat-evropiane-te-betejes-se-opozites\\\/#breadcrumb\",\"itemListElement\":[{\"@type\":\"ListItem\",\"position\":1,\"name\":\"Home\",\"item\":\"https:\\\/\\\/fjala.info\\\/2009-2015\\\/\"},{\"@type\":\"ListItem\",\"position\":2,\"name\":\"Vlerat evropiane t\u00eb betej\u00ebs s\u00eb opozit\u00ebs\"}]},{\"@type\":\"WebSite\",\"@id\":\"https:\\\/\\\/fjala.info\\\/2009-2015\\\/#website\",\"url\":\"https:\\\/\\\/fjala.info\\\/2009-2015\\\/\",\"name\":\"FjALA e LIR\u00cb - Arkivi\",\"description\":\"Arkivi 2009-2015\",\"publisher\":{\"@id\":\"https:\\\/\\\/fjala.info\\\/2009-2015\\\/#organization\"},\"potentialAction\":[{\"@type\":\"SearchAction\",\"target\":{\"@type\":\"EntryPoint\",\"urlTemplate\":\"https:\\\/\\\/fjala.info\\\/2009-2015\\\/?s={search_term_string}\"},\"query-input\":{\"@type\":\"PropertyValueSpecification\",\"valueRequired\":true,\"valueName\":\"search_term_string\"}}],\"inLanguage\":\"sq-AL\"},{\"@type\":\"Organization\",\"@id\":\"https:\\\/\\\/fjala.info\\\/2009-2015\\\/#organization\",\"name\":\"FjALA e LIR\u00cb - Arkivi\",\"url\":\"https:\\\/\\\/fjala.info\\\/2009-2015\\\/\",\"logo\":{\"@type\":\"ImageObject\",\"inLanguage\":\"sq-AL\",\"@id\":\"https:\\\/\\\/fjala.info\\\/2009-2015\\\/#\\\/schema\\\/logo\\\/image\\\/\",\"url\":\"\",\"contentUrl\":\"\",\"caption\":\"FjALA e LIR\u00cb - Arkivi\"},\"image\":{\"@id\":\"https:\\\/\\\/fjala.info\\\/2009-2015\\\/#\\\/schema\\\/logo\\\/image\\\/\"}},{\"@type\":\"Person\",\"@id\":\"https:\\\/\\\/fjala.info\\\/2009-2015\\\/#\\\/schema\\\/person\\\/3aa1163ef05469c496fc94e77611ada2\",\"name\":\"admin\",\"image\":{\"@type\":\"ImageObject\",\"inLanguage\":\"sq-AL\",\"@id\":\"https:\\\/\\\/fjala.info\\\/2009-2015\\\/wp-content\\\/uploads\\\/2012\\\/02\\\/arben_cokaj-120x150.jpg\",\"url\":\"https:\\\/\\\/fjala.info\\\/2009-2015\\\/wp-content\\\/uploads\\\/2012\\\/02\\\/arben_cokaj-120x150.jpg\",\"contentUrl\":\"https:\\\/\\\/fjala.info\\\/2009-2015\\\/wp-content\\\/uploads\\\/2012\\\/02\\\/arben_cokaj-120x150.jpg\",\"caption\":\"admin\"},\"description\":\"Admin, Fjala e Lir\u00eb\",\"sameAs\":[\"https:\\\/\\\/fjala.info\\\/\"],\"url\":\"https:\\\/\\\/fjala.info\\\/2009-2015\\\/author\\\/admin\\\/\"}]}<\/script>\n<!-- \/ Yoast SEO plugin. -->","yoast_head_json":{"title":"Vlerat evropiane t\u00eb betej\u00ebs s\u00eb opozit\u00ebs - FjALA e LIR\u00cb - Arkivi","robots":{"index":"index","follow":"follow","max-snippet":"max-snippet:-1","max-image-preview":"max-image-preview:large","max-video-preview":"max-video-preview:-1"},"canonical":"https:\/\/fjala.info\/2009-2015\/vlerat-evropiane-te-betejes-se-opozites\/","og_locale":"sq_AL","og_type":"article","og_title":"Vlerat evropiane t\u00eb betej\u00ebs s\u00eb opozit\u00ebs - FjALA e LIR\u00cb - Arkivi","og_description":"Nga Mero Baze, &#8220;Faktori Plus&#8221; Opozita shqiptare arriti t\u00eb gjunj\u00ebzoj\u00eb kryeministrin Berisha pas nj\u00eb beteje 19 ditore n\u00eb Bulevardin \u201cD\u00ebshmor\u00ebt e Kombit\u201d. Si asnj\u00eb her\u00eb m\u00eb par\u00eb n\u00eb politik\u00ebn shqiptare, bilanci i nj\u00eb proteste maraton\u00eb ka ndryshuar t\u00ebr\u00ebsisht p\u00ebr tri jav\u00eb qasjen e kryeministrit arrogant ndaj kriz\u00ebs dhe e ka detyruar at\u00eb t\u00eb pranoj\u00eb nd\u00ebrmjet\u00ebs [&hellip;]","og_url":"https:\/\/fjala.info\/2009-2015\/vlerat-evropiane-te-betejes-se-opozites\/","og_site_name":"FjALA e LIR\u00cb - Arkivi","article_published_time":"2010-05-21T07:23:14+00:00","og_image":[{"url":"http:\/\/www.shkoder.net\/images\/fjala\/mero_baze1.jpg","type":"","width":"","height":""}],"author":"admin","twitter_card":"summary_large_image","twitter_misc":{"Written by":"admin","Est. reading time":"4 minutes"},"schema":{"@context":"https:\/\/schema.org","@graph":[{"@type":"Article","@id":"https:\/\/fjala.info\/2009-2015\/vlerat-evropiane-te-betejes-se-opozites\/#article","isPartOf":{"@id":"https:\/\/fjala.info\/2009-2015\/vlerat-evropiane-te-betejes-se-opozites\/"},"author":{"name":"admin","@id":"https:\/\/fjala.info\/2009-2015\/#\/schema\/person\/3aa1163ef05469c496fc94e77611ada2"},"headline":"Vlerat evropiane t\u00eb betej\u00ebs s\u00eb opozit\u00ebs","datePublished":"2010-05-21T07:23:14+00:00","mainEntityOfPage":{"@id":"https:\/\/fjala.info\/2009-2015\/vlerat-evropiane-te-betejes-se-opozites\/"},"wordCount":759,"commentCount":0,"publisher":{"@id":"https:\/\/fjala.info\/2009-2015\/#organization"},"image":{"@id":"https:\/\/fjala.info\/2009-2015\/vlerat-evropiane-te-betejes-se-opozites\/#primaryimage"},"thumbnailUrl":"http:\/\/www.shkoder.net\/images\/fjala\/mero_baze1.jpg","articleSection":["Artikuj"],"inLanguage":"sq-AL","potentialAction":[{"@type":"CommentAction","name":"Comment","target":["https:\/\/fjala.info\/2009-2015\/vlerat-evropiane-te-betejes-se-opozites\/#respond"]}]},{"@type":"WebPage","@id":"https:\/\/fjala.info\/2009-2015\/vlerat-evropiane-te-betejes-se-opozites\/","url":"https:\/\/fjala.info\/2009-2015\/vlerat-evropiane-te-betejes-se-opozites\/","name":"Vlerat evropiane t\u00eb betej\u00ebs s\u00eb opozit\u00ebs - FjALA e LIR\u00cb - Arkivi","isPartOf":{"@id":"https:\/\/fjala.info\/2009-2015\/#website"},"primaryImageOfPage":{"@id":"https:\/\/fjala.info\/2009-2015\/vlerat-evropiane-te-betejes-se-opozites\/#primaryimage"},"image":{"@id":"https:\/\/fjala.info\/2009-2015\/vlerat-evropiane-te-betejes-se-opozites\/#primaryimage"},"thumbnailUrl":"http:\/\/www.shkoder.net\/images\/fjala\/mero_baze1.jpg","datePublished":"2010-05-21T07:23:14+00:00","breadcrumb":{"@id":"https:\/\/fjala.info\/2009-2015\/vlerat-evropiane-te-betejes-se-opozites\/#breadcrumb"},"inLanguage":"sq-AL","potentialAction":[{"@type":"ReadAction","target":["https:\/\/fjala.info\/2009-2015\/vlerat-evropiane-te-betejes-se-opozites\/"]}]},{"@type":"ImageObject","inLanguage":"sq-AL","@id":"https:\/\/fjala.info\/2009-2015\/vlerat-evropiane-te-betejes-se-opozites\/#primaryimage","url":"http:\/\/www.shkoder.net\/images\/fjala\/mero_baze1.jpg","contentUrl":"http:\/\/www.shkoder.net\/images\/fjala\/mero_baze1.jpg"},{"@type":"BreadcrumbList","@id":"https:\/\/fjala.info\/2009-2015\/vlerat-evropiane-te-betejes-se-opozites\/#breadcrumb","itemListElement":[{"@type":"ListItem","position":1,"name":"Home","item":"https:\/\/fjala.info\/2009-2015\/"},{"@type":"ListItem","position":2,"name":"Vlerat evropiane t\u00eb betej\u00ebs s\u00eb opozit\u00ebs"}]},{"@type":"WebSite","@id":"https:\/\/fjala.info\/2009-2015\/#website","url":"https:\/\/fjala.info\/2009-2015\/","name":"FjALA e LIR\u00cb - Arkivi","description":"Arkivi 2009-2015","publisher":{"@id":"https:\/\/fjala.info\/2009-2015\/#organization"},"potentialAction":[{"@type":"SearchAction","target":{"@type":"EntryPoint","urlTemplate":"https:\/\/fjala.info\/2009-2015\/?s={search_term_string}"},"query-input":{"@type":"PropertyValueSpecification","valueRequired":true,"valueName":"search_term_string"}}],"inLanguage":"sq-AL"},{"@type":"Organization","@id":"https:\/\/fjala.info\/2009-2015\/#organization","name":"FjALA e LIR\u00cb - Arkivi","url":"https:\/\/fjala.info\/2009-2015\/","logo":{"@type":"ImageObject","inLanguage":"sq-AL","@id":"https:\/\/fjala.info\/2009-2015\/#\/schema\/logo\/image\/","url":"","contentUrl":"","caption":"FjALA e LIR\u00cb - Arkivi"},"image":{"@id":"https:\/\/fjala.info\/2009-2015\/#\/schema\/logo\/image\/"}},{"@type":"Person","@id":"https:\/\/fjala.info\/2009-2015\/#\/schema\/person\/3aa1163ef05469c496fc94e77611ada2","name":"admin","image":{"@type":"ImageObject","inLanguage":"sq-AL","@id":"https:\/\/fjala.info\/2009-2015\/wp-content\/uploads\/2012\/02\/arben_cokaj-120x150.jpg","url":"https:\/\/fjala.info\/2009-2015\/wp-content\/uploads\/2012\/02\/arben_cokaj-120x150.jpg","contentUrl":"https:\/\/fjala.info\/2009-2015\/wp-content\/uploads\/2012\/02\/arben_cokaj-120x150.jpg","caption":"admin"},"description":"Admin, Fjala e Lir\u00eb","sameAs":["https:\/\/fjala.info\/"],"url":"https:\/\/fjala.info\/2009-2015\/author\/admin\/"}]}},"_links":{"self":[{"href":"https:\/\/fjala.info\/2009-2015\/wp-json\/wp\/v2\/posts\/2747","targetHints":{"allow":["GET"]}}],"collection":[{"href":"https:\/\/fjala.info\/2009-2015\/wp-json\/wp\/v2\/posts"}],"about":[{"href":"https:\/\/fjala.info\/2009-2015\/wp-json\/wp\/v2\/types\/post"}],"author":[{"embeddable":true,"href":"https:\/\/fjala.info\/2009-2015\/wp-json\/wp\/v2\/users\/1"}],"replies":[{"embeddable":true,"href":"https:\/\/fjala.info\/2009-2015\/wp-json\/wp\/v2\/comments?post=2747"}],"version-history":[{"count":0,"href":"https:\/\/fjala.info\/2009-2015\/wp-json\/wp\/v2\/posts\/2747\/revisions"}],"wp:attachment":[{"href":"https:\/\/fjala.info\/2009-2015\/wp-json\/wp\/v2\/media?parent=2747"}],"wp:term":[{"taxonomy":"category","embeddable":true,"href":"https:\/\/fjala.info\/2009-2015\/wp-json\/wp\/v2\/categories?post=2747"},{"taxonomy":"post_tag","embeddable":true,"href":"https:\/\/fjala.info\/2009-2015\/wp-json\/wp\/v2\/tags?post=2747"}],"curies":[{"name":"wp","href":"https:\/\/api.w.org\/{rel}","templated":true}]}}