{"id":2745,"date":"2010-05-21T08:19:52","date_gmt":"2010-05-21T07:19:52","guid":{"rendered":"http:\/\/fjala.shkoder.net\/?p=2745"},"modified":"2010-05-21T08:19:52","modified_gmt":"2010-05-21T07:19:52","slug":"rama-berisha-darka-e-strasburgut-pa-rezultat","status":"publish","type":"post","link":"https:\/\/fjala.info\/2009-2015\/rama-berisha-darka-e-strasburgut-pa-rezultat\/","title":{"rendered":"Rama-Berisha, darka e Strasburgut pa rezultat"},"content":{"rendered":"<p><em><strong>BE:Ju l\u00ebm\u00eb 2 jav\u00eb koh\u00eb<\/strong><\/em><\/p>\n<p><strong>Shekulli<\/strong>, <em>21.05.2010<\/em><\/p>\n<p><img decoding=\"async\" style=\"margin-left: 10px; margin-right: 10px; border: 0px;\" src=\"http:\/\/www.shkoder.net\/images\/fjala\/2010\/berisha_rama.jpg\" border=\"0\" alt=\"Berisha vs. Rama\" width=\"200\" align=\"right\" \/><\/p>\n<p><em>UPDATE <\/em>&#8211; &#8220;Darka e fundit&#8221; dhe m\u00eb e gjata mes kryeministrit Sali Berisha dhe liderit t\u00eb opozit\u00ebs, Edi Rama, n\u00eb Strasburg me pranin\u00eb e zyrtar\u00ebve t\u00eb lart\u00eb t\u00eb Parlamentit Europian dhe Komisionerit p\u00ebr Zgjerimin, Stefan Fyle, ka zgjatur tej parashikimeve dhe pa asnj\u00eb rezultat. E nisur rreth or\u00ebs 20:45 n\u00eb restorant &#8220;Krokodili&#8221; n\u00eb Strasburg, pal\u00ebt kan\u00eb negociuar deri n\u00eb or\u00ebn 02.00 t\u00eb m\u00ebngjesit.<\/p>\n<p>Kryeministri Sali Berisha dhe kryetari i opozit\u00ebs, Edi Rama, kane qen\u00eb t\u00eb par\u00ebt q\u00eb dol\u00ebn mbr\u00ebm\u00eb pas mesnate, nd\u00ebrkoh\u00eb q\u00eb zyrtar\u00ebt e lart\u00eb t\u00eb PE-s\u00eb kan\u00eb q\u00ebndruar bashk\u00eb edhe p\u00ebr 15 minuta t\u00eb tjera, p\u00ebr t&#8217;i dh\u00ebn\u00eb klas\u00ebs politike shqiptare plot dy jav\u00eb koh\u00eb n\u00eb gjetjen e nj\u00eb kompromisi. Pik\u00ebrisht k\u00ebt\u00eb ka deklaruar pas dark\u00ebs, edhe Komisioneri p\u00ebr Zgjerimin, Stefan Fyle.<\/p>\n<p>N\u00eb nj\u00eb deklarat\u00eb p\u00ebr mediat, Fyle ka deklaruar s\u00eb ka ende shum\u00eb pun\u00eb p\u00ebr t\u00eb b\u00ebr\u00eb dhe se klas\u00ebs politike shqiptare do t&#8217;i jepet dy jav\u00eb koh\u00eb p\u00ebr gjetjen e nj\u00eb kompromisi. P\u00ebr pasoj\u00eb, sot nuk priten m\u00eb negociata n\u00eb Strasburg. Kryeministri Sali Berisha kthehet sot n\u00eb Tiran\u00eb, nd\u00ebrsa kryetari i PS-s\u00eb do t\u00eb kthehet nes\u00ebr.<\/p>\n<p>Darka<br \/>\nTakimi midis p\u00ebrfaq\u00ebsuesve kryesor\u00eb t\u00eb forcave politike shqiptare, Kryeministrit Sali Berisha dhe kryesocialistit Edi Rama me ata t\u00eb Parlamentit Europian p\u00ebr t\u00eb zgjidhur kriz\u00ebn politike ka nisur mbr\u00ebm\u00eb rreth or\u00ebs 20:45 n\u00eb hotelin &#8220;Krokodili&#8221; t\u00eb Strasburgut. Fillimisht, n\u00eb or\u00ebn 20:20 n\u00eb k\u00ebt\u00eb hotel ka mb\u00ebrritur kreu i opozit\u00ebs, Edi Rama, i cili ka qen\u00eb i shoq\u00ebruar nga deputetja e Partis\u00eb Socialiste, Vasilika Hysi.<\/p>\n<p>N\u00eb po k\u00ebt\u00eb or\u00eb kan\u00eb mb\u00ebrritur n\u00ebnkryetari i grupit parlamentar socialist n\u00eb Parlamentin Europian, Hannes Svoboda, kreu i grupit parlamentar t\u00eb socialdemokrat\u00ebve n\u00eb PE, Martin Schulz, komisioneri p\u00ebr Zgjerimin Europian, Stefan Fyle, drejtori p\u00ebr Zgjerimin e Ballkanit Per\u00ebndimor, Piere Mirel. P\u00ebrfaq\u00ebsuesit e opozit\u00ebs shqiptare dhe ata t\u00eb Parlamentit Europian kan\u00eb pritur p\u00ebr rreth 10 minuta Kryeministrin Sali Berisha, i shoq\u00ebruar nga drejtori i kabinetit qeveritar, Oerd Bylykbashi, si dhe grupi parlamentar demokrat n\u00eb Parlamentin Europian, i kryesuar nga kreu i Partive Popullore Europiane, Xhozef Daul, si dhe kreu i delegacionit t\u00eb Parlamentit Europian p\u00ebr Europ\u00ebn Juglindore, Eduard Kukan.<\/p>\n<p>T\u00eb gjitha pal\u00ebt jan\u00eb ngjitur n\u00eb kat t\u00eb dyt\u00eb t\u00eb k\u00ebtij hoteli, ku jan\u00eb vendosur n\u00eb nj\u00eb tryez\u00eb t\u00eb p\u00ebrbashk\u00ebt, n\u00eb t\u00eb cil\u00ebn u \u00ebsht\u00eb servirur nj\u00eb ushqim i zgjedhur. Por, p\u00ebrpos menys\u00eb s\u00eb p\u00ebrzgjedhur, Rama dhe Berisha n\u00eb prani t\u00eb faktorit nd\u00ebrkomb\u00ebtar kan\u00eb negociuar gjat\u00eb gjith\u00eb nat\u00ebs p\u00ebr gjetjen e nj\u00eb kompromisi q\u00eb ka qen\u00eb tep\u00ebr i v\u00ebshtir\u00eb. T\u00eb gjith\u00eb p\u00ebrfaq\u00ebsuesit politik\u00eb kan\u00eb q\u00ebndruar n\u00eb katin e dyt\u00eb t\u00eb hotel &#8220;Krokodil&#8221; n\u00eb nj\u00eb dhom\u00eb t\u00eb izoluar, ku nuk \u00ebsht\u00eb lejuar t\u00eb futet askush p\u00ebrve\u00e7 personelit.<\/p>\n<p>Ndryshe nga m\u00ebnyra e komunikimit politik q\u00eb zhvillojn\u00eb n\u00eb Shqip\u00ebri dhe q\u00ebndrimit t\u00eb tyre politik, drejtuesit e forcave politike, Rama e Berisha, gjat\u00eb dark\u00ebs s\u00eb tyre informale n\u00eb Strasburg kan\u00eb p\u00ebrdorur nj\u00eb gjuh\u00eb m\u00eb t\u00eb but\u00eb komunikimi, duke anashkaluar tonet e larta apo konfliktuale. Hoteli &#8220;Krokodil&#8221; \u00ebsht\u00eb em\u00ebr nj\u00eb historik p\u00ebr europarlamentar\u00ebt, sepse p\u00ebrve\u00e7 se ka qen\u00eb qend\u00ebr e takimeve t\u00eb eurparlamentar\u00ebve, n\u00eb k\u00ebt\u00eb hotel \u00ebsht\u00eb miratuar m\u00eb 1984 edhe projekt-traktati i Bashkimit Europian.<\/p>\n<p>****<\/p>\n<p>ora 18:00<\/p>\n<p>Takimi nuk dihet sa do t\u00eb zgjas\u00eb &#8220;mbase gjith\u00eb nat\u00ebn&#8221;, tha pasdite Armin Machmer punonj\u00ebs i zyr\u00ebs s\u00eb shtypit t\u00eb Martin Schulz, duke komentuar takimin e nivelit t\u00eb lart\u00eb n\u00eb Strasburg.<\/p>\n<p>Ai theksoi se bisedimet do t\u00eb jen\u00eb t\u00eb v\u00ebshtira, por megjithat\u00eb shpresa p\u00ebr kompromis mbetet e madhe p\u00ebr t\u00eb gjitha pal\u00ebt pjes\u00ebmarr\u00ebse. Rezultatet priten dikur nga m\u00ebngjesi i dit\u00ebs s\u00eb nes\u00ebrme.<\/p>\n<p>Mbremjen e se merkures Kryetari i Grupit t\u00eb Partive Popullore Evropiane, Joseph Daule, dhe kryetari i Grupit Parlamentar Socialist n\u00eb Parlamentin Evropian, Martin Schultz, paralajm\u00ebruan Berish\u00ebn dhe Ram\u00ebn, me an\u00eb t\u00eb nj\u00eb letre d\u00ebrguar t\u00eb dyja pal\u00ebve se &#8220;do t\u00eb nd\u00ebrpritet procesi i an\u00ebtar\u00ebsimit evropian t\u00eb Shqip\u00ebris\u00eb n\u00ebse nuk do t\u00eb gjendet nj\u00eb zgjidhje e ndershme p\u00ebr kriz\u00ebn politike&#8221;.<\/p>\n<p>20 maj<\/p>\n<p>Lideri socialist Edi Rama eshte nisur heret ne mengjes ne drejtim te Strasburgut, ku me ndermjetesine e nderkombetareve do ulet ne nje darke zyrtare me kryeministri Sali Berisha per te gjetur nje zgjidhje kompromisi, qe pritet te nxjerre vendin nga kriza.<\/p>\n<p>Kreu i PS-se, Edi Rama ka mberritur ne aeroport heret ne mengjes dhe pas procedurave eshte nisur me avion drejt Strasburgut rreth ores 06.20 te mengjesit te sotem. Ai shoqerohej nga deputetet Taulant Balla, Vasilika Hysi, Damian Gjiknuri dhe nga nje prej keshilltareve te tij, Endri Fuga.<\/p>\n<p>Shume me pas kreut te PS-se, shefi i qeverise, Sali Berisha ka mberritur ne Aeroportin &#8220;Nene Tereza&#8221; rreth ores 13.00.<\/p>\n<p>Ulja ne nje tryeze dialogu mes paleve duket se ka marr\u00eb udh\u00eb pas nj\u00eb letre q\u00eb komisioneri p\u00ebr zgjerimin e BE-s\u00eb Stefan Fule u ka nisur dy lider\u00ebve kryesor\u00eb politik n\u00eb vend.<\/p>\n<p>Natyrisht para se t\u00eb arrihej n\u00eb k\u00ebt\u00eb nd\u00ebrhyrje p\u00ebrfundimtare gjat\u00eb dit\u00ebs s\u00eb djeshme m\u00ebsohet se ambasador\u00ebt e institucioneve nd\u00ebrkomb\u00ebtare n\u00eb Tiran\u00eb kan\u00eb zhvilluar nj\u00eb s\u00ebr\u00eb negociatash me p\u00ebrfaq\u00ebsues t\u00eb t\u00eb dyja pal\u00ebve, n\u00ebp\u00ebrmjet t\u00eb cilave duket se \u00ebsht\u00eb b\u00ebr\u00eb e mundur q\u00eb t\u00eb bindin pal\u00ebt, q\u00eb t\u00eb nisin dialogun p\u00ebr zgjidhjen e kriz\u00ebs, pik\u00ebrisht p\u00ebrmes nj\u00eb vizite, q\u00eb do t\u00eb zhvillohet sot n\u00eb Strasburg nga kryeministri Sali Berisha dhe kryetari i opozit\u00ebs, Edi Rama.<\/p>\n<p>Me ftes\u00eb t\u00eb Joseph Doul, Kryetar i Grupit t\u00eb Partis\u00eb Popullore Evropiane t\u00eb Martin Schulz, Kryetar i Grupit t\u00eb Partis\u00eb s\u00eb Socialist\u00ebve Europiane, Kryeministri Berisha niset p\u00ebr n\u00eb Strasburg p\u00ebr t\u00eb darkuar sot n\u00eb mbr\u00ebmje n\u00eb or\u00ebn 20:30 me ta edhe n\u00eb prani t\u00eb kreut t\u00eb opozit\u00ebs Edi Rama, p\u00ebr t\u00eb diskutuar natyrisht p\u00ebr gjetjen e zgjidhjes s\u00eb kriz\u00ebs.<\/p>\n<p>&#8220;Me ftes\u00eb t\u00eb zotit Joseph Doul, Kryetar i Grupit t\u00eb Partis\u00eb Popullore Evropiane n\u00eb Parlamentin Evropian dhe me ftes\u00eb t\u00eb zotit Martin Schulz, Kryetar i Grupit t\u00eb Partis\u00eb s\u00eb Socialist\u00ebve Europian\u00eb n\u00eb Parlamentin Evropian, Kryeministri Berisha niset p\u00ebr n\u00eb Strasburg, p\u00ebr t\u00eb marr\u00eb pjes\u00eb n\u00eb nj\u00eb dark\u00eb q\u00eb shtrohet p\u00ebr Kryeministrin e Republik\u00ebs s\u00eb Shqip\u00ebris\u00eb, zotin Sali Berisha dhe p\u00ebr Kryetarin e Partis\u00eb Socialiste, zotin Edi Rama. Gjat\u00eb k\u00ebsaj darke do t\u00eb diskutohet gjer\u00ebsisht mbi rrug\u00ebt dhe mbi m\u00ebnyrat p\u00ebr t&#8217;i dh\u00ebn\u00eb fund ng\u00ebr\u00e7it politik n\u00eb Shqip\u00ebri&#8221;, &#8211; thuhet n\u00eb njoftimin p\u00ebr shtyp t\u00eb kryeministris\u00eb.<\/p>\n<p>Por ajo q\u00eb n\u00eb sitin e kryeministris\u00eb nuk p\u00ebrfshihet \u00ebsht\u00eb emri i Komisionerit p\u00ebr Zgjerim, Stefan Fule, prania e t\u00eb cilit n\u00eb k\u00ebt\u00eb dark\u00eb \u00ebsht\u00eb konfirmuar nga dy partit\u00eb kryesore n\u00eb vend.<\/p>\n<p>Por duket se negociatat p\u00ebr ti mbushur mendjen dy lider\u00ebve politik\u00eb shqiptar\u00eb nuk kan\u00eb qen\u00eb t\u00eb lehta p\u00ebr nd\u00ebrkomb\u00ebtar\u00ebt, pasi si\u00e7 m\u00ebsohet opozit\u00ebs duket se i vun\u00eb kusht q\u00eb p\u00ebr t\u00eb negociuar zgjidhjen duhej m\u00eb par\u00eb q\u00eb t\u00eb nd\u00ebrpriste grev\u00ebn e uris\u00eb. E nj\u00ebjta k\u00ebrkes\u00eb ka qen\u00eb edhe p\u00ebr kryeministrin Berisha, i cili duhet t\u00eb jepte garancin\u00eb e plot\u00eb se ishte i gatsh\u00ebm t\u00eb negocionte p\u00ebr opsionet e PS-s\u00eb, q\u00eb n\u00eb thelb konsistojn\u00eb n\u00eb hapjen e kutive.<\/p>\n<p>Edhe pse t\u00eb dy partit\u00eb kryesore n\u00eb vend nuk konfirmuan mund\u00ebsin\u00eb e gjetjes s\u00eb nj\u00eb kompromisi paraprak, p\u00ebr t\u00eb cilin shpresohet t\u00eb gjendet sot n\u00eb Strasburg, Kryetari i opozit\u00ebs, Edi Rama ka theksuar n\u00eb fund t\u00eb fjal\u00ebs s\u00eb mbajtur dje para protestuesve se n\u00ebse mazhoranca do t\u00eb ulet n\u00eb k\u00ebt\u00eb tryez\u00eb p\u00ebr t\u00eb mos i dh\u00ebn\u00eb zgjidhje situat\u00ebs, at\u00ebher\u00eb opozita do t\u00eb jet\u00eb e gatshme, q\u00eb t\u00eb nis\u00eb s\u00ebrish grev\u00ebn e saj atje ku e la. Nd\u00ebrkoh\u00eb q\u00eb mbr\u00ebm\u00eb n\u00eb dark\u00eb pal\u00ebt kan\u00eb p\u00ebrcaktuar edhe delegacionet me t\u00eb cilat do t\u00eb ulen n\u00eb k\u00ebt\u00eb tryez\u00eb.<\/p>\n<p>S\u00ebbashku me Berish\u00ebn n\u00eb k\u00ebt\u00eb takim do t\u00eb jet\u00eb i pranish\u00ebm drejtori i tij i kabinetit juristi Oerd Bylykbashi. Nj\u00eb p\u00ebrfaq\u00ebsim ky sa politik aq edhe dhe teknik, \u00e7ka l\u00eb t\u00eb kuptohet qart\u00eb se pal\u00ebt do t\u00eb diskutojn\u00eb jo vet\u00ebm parimisht, por edhe p\u00ebr zgjidhje konkrete juridike.<\/p>\n","protected":false},"excerpt":{"rendered":"<p>BE:Ju l\u00ebm\u00eb 2 jav\u00eb koh\u00eb Shekulli, 21.05.2010 UPDATE &#8211; &#8220;Darka e fundit&#8221; dhe m\u00eb e gjata mes kryeministrit Sali Berisha dhe liderit t\u00eb opozit\u00ebs, Edi Rama, n\u00eb Strasburg me pranin\u00eb e zyrtar\u00ebve t\u00eb lart\u00eb t\u00eb Parlamentit Europian dhe Komisionerit p\u00ebr Zgjerimin, Stefan Fyle, ka zgjatur tej parashikimeve dhe pa asnj\u00eb rezultat. E nisur rreth or\u00ebs [&hellip;]<\/p>\n","protected":false},"author":1,"featured_media":0,"comment_status":"open","ping_status":"closed","sticky":false,"template":"","format":"standard","meta":{"footnotes":""},"categories":[2],"tags":[],"class_list":{"0":"post-2745","1":"post","2":"type-post","3":"status-publish","4":"format-standard","6":"category-artikuj"},"yoast_head":"<!-- This site is optimized with the Yoast SEO plugin v27.4 - https:\/\/yoast.com\/product\/yoast-seo-wordpress\/ -->\n<title>Rama-Berisha, darka e Strasburgut pa rezultat - FjALA e LIR\u00cb - Arkivi<\/title>\n<meta name=\"robots\" content=\"index, follow, max-snippet:-1, max-image-preview:large, max-video-preview:-1\" \/>\n<link rel=\"canonical\" href=\"https:\/\/fjala.info\/2009-2015\/rama-berisha-darka-e-strasburgut-pa-rezultat\/\" \/>\n<meta property=\"og:locale\" content=\"sq_AL\" \/>\n<meta property=\"og:type\" content=\"article\" \/>\n<meta property=\"og:title\" content=\"Rama-Berisha, darka e Strasburgut pa rezultat - FjALA e LIR\u00cb - Arkivi\" \/>\n<meta property=\"og:description\" content=\"BE:Ju l\u00ebm\u00eb 2 jav\u00eb koh\u00eb Shekulli, 21.05.2010 UPDATE &#8211; &#8220;Darka e fundit&#8221; dhe m\u00eb e gjata mes kryeministrit Sali Berisha dhe liderit t\u00eb opozit\u00ebs, Edi Rama, n\u00eb Strasburg me pranin\u00eb e zyrtar\u00ebve t\u00eb lart\u00eb t\u00eb Parlamentit Europian dhe Komisionerit p\u00ebr Zgjerimin, Stefan Fyle, ka zgjatur tej parashikimeve dhe pa asnj\u00eb rezultat. E nisur rreth or\u00ebs [&hellip;]\" \/>\n<meta property=\"og:url\" content=\"https:\/\/fjala.info\/2009-2015\/rama-berisha-darka-e-strasburgut-pa-rezultat\/\" \/>\n<meta property=\"og:site_name\" content=\"FjALA e LIR\u00cb - Arkivi\" \/>\n<meta property=\"article:published_time\" content=\"2010-05-21T07:19:52+00:00\" \/>\n<meta property=\"og:image\" content=\"http:\/\/www.shkoder.net\/images\/fjala\/2010\/berisha_rama.jpg\" \/>\n<meta name=\"author\" content=\"admin\" \/>\n<meta name=\"twitter:card\" content=\"summary_large_image\" \/>\n<meta name=\"twitter:label1\" content=\"Written by\" \/>\n\t<meta name=\"twitter:data1\" content=\"admin\" \/>\n\t<meta name=\"twitter:label2\" content=\"Est. reading time\" \/>\n\t<meta name=\"twitter:data2\" content=\"7 minutes\" \/>\n<script type=\"application\/ld+json\" class=\"yoast-schema-graph\">{\"@context\":\"https:\\\/\\\/schema.org\",\"@graph\":[{\"@type\":\"Article\",\"@id\":\"https:\\\/\\\/fjala.info\\\/2009-2015\\\/rama-berisha-darka-e-strasburgut-pa-rezultat\\\/#article\",\"isPartOf\":{\"@id\":\"https:\\\/\\\/fjala.info\\\/2009-2015\\\/rama-berisha-darka-e-strasburgut-pa-rezultat\\\/\"},\"author\":{\"name\":\"admin\",\"@id\":\"https:\\\/\\\/fjala.info\\\/2009-2015\\\/#\\\/schema\\\/person\\\/3aa1163ef05469c496fc94e77611ada2\"},\"headline\":\"Rama-Berisha, darka e Strasburgut pa rezultat\",\"datePublished\":\"2010-05-21T07:19:52+00:00\",\"mainEntityOfPage\":{\"@id\":\"https:\\\/\\\/fjala.info\\\/2009-2015\\\/rama-berisha-darka-e-strasburgut-pa-rezultat\\\/\"},\"wordCount\":1452,\"commentCount\":0,\"publisher\":{\"@id\":\"https:\\\/\\\/fjala.info\\\/2009-2015\\\/#organization\"},\"image\":{\"@id\":\"https:\\\/\\\/fjala.info\\\/2009-2015\\\/rama-berisha-darka-e-strasburgut-pa-rezultat\\\/#primaryimage\"},\"thumbnailUrl\":\"http:\\\/\\\/www.shkoder.net\\\/images\\\/fjala\\\/2010\\\/berisha_rama.jpg\",\"articleSection\":[\"Artikuj\"],\"inLanguage\":\"sq-AL\",\"potentialAction\":[{\"@type\":\"CommentAction\",\"name\":\"Comment\",\"target\":[\"https:\\\/\\\/fjala.info\\\/2009-2015\\\/rama-berisha-darka-e-strasburgut-pa-rezultat\\\/#respond\"]}]},{\"@type\":\"WebPage\",\"@id\":\"https:\\\/\\\/fjala.info\\\/2009-2015\\\/rama-berisha-darka-e-strasburgut-pa-rezultat\\\/\",\"url\":\"https:\\\/\\\/fjala.info\\\/2009-2015\\\/rama-berisha-darka-e-strasburgut-pa-rezultat\\\/\",\"name\":\"Rama-Berisha, darka e Strasburgut pa rezultat - FjALA e LIR\u00cb - Arkivi\",\"isPartOf\":{\"@id\":\"https:\\\/\\\/fjala.info\\\/2009-2015\\\/#website\"},\"primaryImageOfPage\":{\"@id\":\"https:\\\/\\\/fjala.info\\\/2009-2015\\\/rama-berisha-darka-e-strasburgut-pa-rezultat\\\/#primaryimage\"},\"image\":{\"@id\":\"https:\\\/\\\/fjala.info\\\/2009-2015\\\/rama-berisha-darka-e-strasburgut-pa-rezultat\\\/#primaryimage\"},\"thumbnailUrl\":\"http:\\\/\\\/www.shkoder.net\\\/images\\\/fjala\\\/2010\\\/berisha_rama.jpg\",\"datePublished\":\"2010-05-21T07:19:52+00:00\",\"breadcrumb\":{\"@id\":\"https:\\\/\\\/fjala.info\\\/2009-2015\\\/rama-berisha-darka-e-strasburgut-pa-rezultat\\\/#breadcrumb\"},\"inLanguage\":\"sq-AL\",\"potentialAction\":[{\"@type\":\"ReadAction\",\"target\":[\"https:\\\/\\\/fjala.info\\\/2009-2015\\\/rama-berisha-darka-e-strasburgut-pa-rezultat\\\/\"]}]},{\"@type\":\"ImageObject\",\"inLanguage\":\"sq-AL\",\"@id\":\"https:\\\/\\\/fjala.info\\\/2009-2015\\\/rama-berisha-darka-e-strasburgut-pa-rezultat\\\/#primaryimage\",\"url\":\"http:\\\/\\\/www.shkoder.net\\\/images\\\/fjala\\\/2010\\\/berisha_rama.jpg\",\"contentUrl\":\"http:\\\/\\\/www.shkoder.net\\\/images\\\/fjala\\\/2010\\\/berisha_rama.jpg\"},{\"@type\":\"BreadcrumbList\",\"@id\":\"https:\\\/\\\/fjala.info\\\/2009-2015\\\/rama-berisha-darka-e-strasburgut-pa-rezultat\\\/#breadcrumb\",\"itemListElement\":[{\"@type\":\"ListItem\",\"position\":1,\"name\":\"Home\",\"item\":\"https:\\\/\\\/fjala.info\\\/2009-2015\\\/\"},{\"@type\":\"ListItem\",\"position\":2,\"name\":\"Rama-Berisha, darka e Strasburgut pa rezultat\"}]},{\"@type\":\"WebSite\",\"@id\":\"https:\\\/\\\/fjala.info\\\/2009-2015\\\/#website\",\"url\":\"https:\\\/\\\/fjala.info\\\/2009-2015\\\/\",\"name\":\"FjALA e LIR\u00cb - Arkivi\",\"description\":\"Arkivi 2009-2015\",\"publisher\":{\"@id\":\"https:\\\/\\\/fjala.info\\\/2009-2015\\\/#organization\"},\"potentialAction\":[{\"@type\":\"SearchAction\",\"target\":{\"@type\":\"EntryPoint\",\"urlTemplate\":\"https:\\\/\\\/fjala.info\\\/2009-2015\\\/?s={search_term_string}\"},\"query-input\":{\"@type\":\"PropertyValueSpecification\",\"valueRequired\":true,\"valueName\":\"search_term_string\"}}],\"inLanguage\":\"sq-AL\"},{\"@type\":\"Organization\",\"@id\":\"https:\\\/\\\/fjala.info\\\/2009-2015\\\/#organization\",\"name\":\"FjALA e LIR\u00cb - Arkivi\",\"url\":\"https:\\\/\\\/fjala.info\\\/2009-2015\\\/\",\"logo\":{\"@type\":\"ImageObject\",\"inLanguage\":\"sq-AL\",\"@id\":\"https:\\\/\\\/fjala.info\\\/2009-2015\\\/#\\\/schema\\\/logo\\\/image\\\/\",\"url\":\"\",\"contentUrl\":\"\",\"caption\":\"FjALA e LIR\u00cb - Arkivi\"},\"image\":{\"@id\":\"https:\\\/\\\/fjala.info\\\/2009-2015\\\/#\\\/schema\\\/logo\\\/image\\\/\"}},{\"@type\":\"Person\",\"@id\":\"https:\\\/\\\/fjala.info\\\/2009-2015\\\/#\\\/schema\\\/person\\\/3aa1163ef05469c496fc94e77611ada2\",\"name\":\"admin\",\"image\":{\"@type\":\"ImageObject\",\"inLanguage\":\"sq-AL\",\"@id\":\"https:\\\/\\\/fjala.info\\\/2009-2015\\\/wp-content\\\/uploads\\\/2012\\\/02\\\/arben_cokaj-120x150.jpg\",\"url\":\"https:\\\/\\\/fjala.info\\\/2009-2015\\\/wp-content\\\/uploads\\\/2012\\\/02\\\/arben_cokaj-120x150.jpg\",\"contentUrl\":\"https:\\\/\\\/fjala.info\\\/2009-2015\\\/wp-content\\\/uploads\\\/2012\\\/02\\\/arben_cokaj-120x150.jpg\",\"caption\":\"admin\"},\"description\":\"Admin, Fjala e Lir\u00eb\",\"sameAs\":[\"https:\\\/\\\/fjala.info\\\/\"],\"url\":\"https:\\\/\\\/fjala.info\\\/2009-2015\\\/author\\\/admin\\\/\"}]}<\/script>\n<!-- \/ Yoast SEO plugin. -->","yoast_head_json":{"title":"Rama-Berisha, darka e Strasburgut pa rezultat - FjALA e LIR\u00cb - Arkivi","robots":{"index":"index","follow":"follow","max-snippet":"max-snippet:-1","max-image-preview":"max-image-preview:large","max-video-preview":"max-video-preview:-1"},"canonical":"https:\/\/fjala.info\/2009-2015\/rama-berisha-darka-e-strasburgut-pa-rezultat\/","og_locale":"sq_AL","og_type":"article","og_title":"Rama-Berisha, darka e Strasburgut pa rezultat - FjALA e LIR\u00cb - Arkivi","og_description":"BE:Ju l\u00ebm\u00eb 2 jav\u00eb koh\u00eb Shekulli, 21.05.2010 UPDATE &#8211; &#8220;Darka e fundit&#8221; dhe m\u00eb e gjata mes kryeministrit Sali Berisha dhe liderit t\u00eb opozit\u00ebs, Edi Rama, n\u00eb Strasburg me pranin\u00eb e zyrtar\u00ebve t\u00eb lart\u00eb t\u00eb Parlamentit Europian dhe Komisionerit p\u00ebr Zgjerimin, Stefan Fyle, ka zgjatur tej parashikimeve dhe pa asnj\u00eb rezultat. E nisur rreth or\u00ebs [&hellip;]","og_url":"https:\/\/fjala.info\/2009-2015\/rama-berisha-darka-e-strasburgut-pa-rezultat\/","og_site_name":"FjALA e LIR\u00cb - Arkivi","article_published_time":"2010-05-21T07:19:52+00:00","og_image":[{"url":"http:\/\/www.shkoder.net\/images\/fjala\/2010\/berisha_rama.jpg","type":"","width":"","height":""}],"author":"admin","twitter_card":"summary_large_image","twitter_misc":{"Written by":"admin","Est. reading time":"7 minutes"},"schema":{"@context":"https:\/\/schema.org","@graph":[{"@type":"Article","@id":"https:\/\/fjala.info\/2009-2015\/rama-berisha-darka-e-strasburgut-pa-rezultat\/#article","isPartOf":{"@id":"https:\/\/fjala.info\/2009-2015\/rama-berisha-darka-e-strasburgut-pa-rezultat\/"},"author":{"name":"admin","@id":"https:\/\/fjala.info\/2009-2015\/#\/schema\/person\/3aa1163ef05469c496fc94e77611ada2"},"headline":"Rama-Berisha, darka e Strasburgut pa rezultat","datePublished":"2010-05-21T07:19:52+00:00","mainEntityOfPage":{"@id":"https:\/\/fjala.info\/2009-2015\/rama-berisha-darka-e-strasburgut-pa-rezultat\/"},"wordCount":1452,"commentCount":0,"publisher":{"@id":"https:\/\/fjala.info\/2009-2015\/#organization"},"image":{"@id":"https:\/\/fjala.info\/2009-2015\/rama-berisha-darka-e-strasburgut-pa-rezultat\/#primaryimage"},"thumbnailUrl":"http:\/\/www.shkoder.net\/images\/fjala\/2010\/berisha_rama.jpg","articleSection":["Artikuj"],"inLanguage":"sq-AL","potentialAction":[{"@type":"CommentAction","name":"Comment","target":["https:\/\/fjala.info\/2009-2015\/rama-berisha-darka-e-strasburgut-pa-rezultat\/#respond"]}]},{"@type":"WebPage","@id":"https:\/\/fjala.info\/2009-2015\/rama-berisha-darka-e-strasburgut-pa-rezultat\/","url":"https:\/\/fjala.info\/2009-2015\/rama-berisha-darka-e-strasburgut-pa-rezultat\/","name":"Rama-Berisha, darka e Strasburgut pa rezultat - FjALA e LIR\u00cb - Arkivi","isPartOf":{"@id":"https:\/\/fjala.info\/2009-2015\/#website"},"primaryImageOfPage":{"@id":"https:\/\/fjala.info\/2009-2015\/rama-berisha-darka-e-strasburgut-pa-rezultat\/#primaryimage"},"image":{"@id":"https:\/\/fjala.info\/2009-2015\/rama-berisha-darka-e-strasburgut-pa-rezultat\/#primaryimage"},"thumbnailUrl":"http:\/\/www.shkoder.net\/images\/fjala\/2010\/berisha_rama.jpg","datePublished":"2010-05-21T07:19:52+00:00","breadcrumb":{"@id":"https:\/\/fjala.info\/2009-2015\/rama-berisha-darka-e-strasburgut-pa-rezultat\/#breadcrumb"},"inLanguage":"sq-AL","potentialAction":[{"@type":"ReadAction","target":["https:\/\/fjala.info\/2009-2015\/rama-berisha-darka-e-strasburgut-pa-rezultat\/"]}]},{"@type":"ImageObject","inLanguage":"sq-AL","@id":"https:\/\/fjala.info\/2009-2015\/rama-berisha-darka-e-strasburgut-pa-rezultat\/#primaryimage","url":"http:\/\/www.shkoder.net\/images\/fjala\/2010\/berisha_rama.jpg","contentUrl":"http:\/\/www.shkoder.net\/images\/fjala\/2010\/berisha_rama.jpg"},{"@type":"BreadcrumbList","@id":"https:\/\/fjala.info\/2009-2015\/rama-berisha-darka-e-strasburgut-pa-rezultat\/#breadcrumb","itemListElement":[{"@type":"ListItem","position":1,"name":"Home","item":"https:\/\/fjala.info\/2009-2015\/"},{"@type":"ListItem","position":2,"name":"Rama-Berisha, darka e Strasburgut pa rezultat"}]},{"@type":"WebSite","@id":"https:\/\/fjala.info\/2009-2015\/#website","url":"https:\/\/fjala.info\/2009-2015\/","name":"FjALA e LIR\u00cb - Arkivi","description":"Arkivi 2009-2015","publisher":{"@id":"https:\/\/fjala.info\/2009-2015\/#organization"},"potentialAction":[{"@type":"SearchAction","target":{"@type":"EntryPoint","urlTemplate":"https:\/\/fjala.info\/2009-2015\/?s={search_term_string}"},"query-input":{"@type":"PropertyValueSpecification","valueRequired":true,"valueName":"search_term_string"}}],"inLanguage":"sq-AL"},{"@type":"Organization","@id":"https:\/\/fjala.info\/2009-2015\/#organization","name":"FjALA e LIR\u00cb - Arkivi","url":"https:\/\/fjala.info\/2009-2015\/","logo":{"@type":"ImageObject","inLanguage":"sq-AL","@id":"https:\/\/fjala.info\/2009-2015\/#\/schema\/logo\/image\/","url":"","contentUrl":"","caption":"FjALA e LIR\u00cb - Arkivi"},"image":{"@id":"https:\/\/fjala.info\/2009-2015\/#\/schema\/logo\/image\/"}},{"@type":"Person","@id":"https:\/\/fjala.info\/2009-2015\/#\/schema\/person\/3aa1163ef05469c496fc94e77611ada2","name":"admin","image":{"@type":"ImageObject","inLanguage":"sq-AL","@id":"https:\/\/fjala.info\/2009-2015\/wp-content\/uploads\/2012\/02\/arben_cokaj-120x150.jpg","url":"https:\/\/fjala.info\/2009-2015\/wp-content\/uploads\/2012\/02\/arben_cokaj-120x150.jpg","contentUrl":"https:\/\/fjala.info\/2009-2015\/wp-content\/uploads\/2012\/02\/arben_cokaj-120x150.jpg","caption":"admin"},"description":"Admin, Fjala e Lir\u00eb","sameAs":["https:\/\/fjala.info\/"],"url":"https:\/\/fjala.info\/2009-2015\/author\/admin\/"}]}},"_links":{"self":[{"href":"https:\/\/fjala.info\/2009-2015\/wp-json\/wp\/v2\/posts\/2745","targetHints":{"allow":["GET"]}}],"collection":[{"href":"https:\/\/fjala.info\/2009-2015\/wp-json\/wp\/v2\/posts"}],"about":[{"href":"https:\/\/fjala.info\/2009-2015\/wp-json\/wp\/v2\/types\/post"}],"author":[{"embeddable":true,"href":"https:\/\/fjala.info\/2009-2015\/wp-json\/wp\/v2\/users\/1"}],"replies":[{"embeddable":true,"href":"https:\/\/fjala.info\/2009-2015\/wp-json\/wp\/v2\/comments?post=2745"}],"version-history":[{"count":0,"href":"https:\/\/fjala.info\/2009-2015\/wp-json\/wp\/v2\/posts\/2745\/revisions"}],"wp:attachment":[{"href":"https:\/\/fjala.info\/2009-2015\/wp-json\/wp\/v2\/media?parent=2745"}],"wp:term":[{"taxonomy":"category","embeddable":true,"href":"https:\/\/fjala.info\/2009-2015\/wp-json\/wp\/v2\/categories?post=2745"},{"taxonomy":"post_tag","embeddable":true,"href":"https:\/\/fjala.info\/2009-2015\/wp-json\/wp\/v2\/tags?post=2745"}],"curies":[{"name":"wp","href":"https:\/\/api.w.org\/{rel}","templated":true}]}}