{"id":2742,"date":"2012-05-11T22:26:53","date_gmt":"2012-05-11T21:26:53","guid":{"rendered":"http:\/\/fjala.shkoder.net\/?p=2742"},"modified":"2012-05-11T22:26:53","modified_gmt":"2012-05-11T21:26:53","slug":"perse-ushtria-amerikane-jep-mesime-per-lufte-totale-ndaj-islamit","status":"publish","type":"post","link":"https:\/\/fjala.info\/2009-2015\/perse-ushtria-amerikane-jep-mesime-per-lufte-totale-ndaj-islamit\/","title":{"rendered":"P\u00ebrse ushtria amerikane jep m\u00ebsime p\u00ebr \u2018luft\u00eb totale\u2019 ndaj Islamit?"},"content":{"rendered":"<p><img decoding=\"async\" class=\"alignleft size-thumbnail wp-image-7236\" title=\"US Army\" src=\"http:\/\/www.shkoder.net\/2012\/us_army.jpg\" alt=\"\" width=\"300\" \/> Nga <strong>Mark Mardell<\/strong>, <em>11 Maj 2012<\/em><\/p>\n<p><strong><em>BBC<\/em><\/strong><\/p>\n<p>Nj\u00eb oficer i lart\u00eb ushtarak amerikan ka d\u00ebnuar nj\u00eb kurs me m\u00ebsime rreth Islamit n\u00eb nj\u00eb nga shkollat kryesore ushtarake n\u00eb SHBA si \u201ctotalisht t\u00eb d\u00ebnuesh\u00ebm\u201d.<\/p>\n<p>Nuk \u00ebsht\u00eb e habitshme. Historia, e publikuar fillimisht nga Wired, \u00ebsht\u00eb befasuese, dhe kreu i Shefave t\u00eb P\u00ebrbashk\u00ebt t\u00eb Shtabit, gjenerali Martin Dempsey duhet t\u00eb jet\u00eb v\u00ebrtet i t\u00ebrbuar.<\/p>\n<p>Kursi u m\u00ebsonte oficer\u00ebve se nuk ekziston nj\u00eb gj\u00eb e till\u00eb si \u2018Islami i moderuar\u2019 dhe se ata duhet ta konsiderojn\u00eb fen\u00eb si armikun e tyre.<\/p>\n<p>N\u00eb kurs m\u00ebsohej p\u00ebr \u2018luft\u00ebn totale\u2019 kund\u00ebr t\u00eb gjith\u00eb mysliman\u00ebve n\u00eb bot\u00eb, p\u00ebrfshi edhe sulmet e mundshme b\u00ebrthamore mbi qytetet e shenjta t\u00eb Mek\u00ebs dhe Medin\u00ebs dhe zhdukjen e popullsis\u00eb civile.<\/p>\n<p>Pentagoni ka konfirmuar se materialet e kursit, t\u00eb gjetur n\u00eb faqen e tyre n\u00eb internet, jan\u00eb autentike.<\/p>\n<p>\u201cDi\u00e7ka e \u00e7uditshme\u201d<\/p>\n<p>Me aq sa mund t\u00eb shoh un\u00eb, kjo nuk ishte di\u00e7ka e q\u00ebllimshme n\u00eb ndonj\u00eb kuptim p\u00ebrve\u00e7se nj\u00eb ushtrim i s\u00ebmur\u00eb akademik q\u00eb synon t\u00eb shtrij\u00eb kufijt\u00eb e asaj q\u00eb mund t\u00eb mendohet. Kjo \u00ebsht\u00eb ajo q\u00eb beson n\u00eb fakt oficeri q\u00eb jep m\u00ebsim.<\/p>\n<p>Me fjal\u00eb t\u00eb tjera: nj\u00eb budallall\u00ebk q\u00eb do t\u00eb t\u00ebrboj\u00eb ekstremet n\u00eb blogosfer\u00eb.<\/p>\n<p>Prandaj nuk \u00ebsht\u00eb \u00e7udi q\u00eb gjenerali Dempsey ka urdh\u00ebruar nj\u00eb hetim n\u00eb lidhje me at\u00eb q\u00eb shkollat ushtarake amerikane m\u00ebsojn\u00eb n\u00eb lidhje me fen\u00eb.<\/p>\n<p>Kursi vullnetar p\u00ebr oficer\u00ebt e lart\u00eb b\u00ebhej n\u00eb Joint Forces Staff College n\u00eb Norfolk, Virxhinia, p\u00ebr nj\u00eb vit.<\/p>\n<p>Gjeneral Dempsey e p\u00ebrshkruan kursin si \u201cn\u00eb kund\u00ebrshtim me vlerat tona t\u00eb vler\u00ebsimit p\u00ebr lirit\u00eb fetare dhe vet\u00ebdijen kulturore\u201d dhe \u201cvet\u00ebm si t\u00eb d\u00ebnuesh\u00ebm dhe t\u00eb pap\u00ebrgjegjsh\u00ebm akademikisht\u201d.<\/p>\n<p>Skandali u b\u00eb publik kur nj\u00eb prej oficer\u00ebve t\u00eb kursit u ankua muajin e shkuar. Tani ka nisur nj\u00eb hetim se si ishte miratuar nj\u00eb kurs i till\u00eb dhe pse ishte pjes\u00eb e kurrikulumit.<\/p>\n<p>Nj\u00eb kolonel \u00ebsht\u00eb pezulluar nga m\u00ebsimdh\u00ebnia, por p\u00ebr momentin e mban grad\u00ebn. Pentagoni shpreson se nj\u00eb raport i plot\u00eb do jet\u00eb gati n\u00eb fund t\u00eb muajit.<\/p>\n<p>Ajo q\u00eb duket m\u00eb e \u00e7uditshme \u00ebsht\u00eb se t\u00eb gjith\u00eb k\u00ebta komandant\u00eb, kapiten\u00eb dhe kolonel\u00eb kan\u00eb marr\u00eb pjes\u00eb n\u00eb k\u00ebt\u00eb kurs dhe nuk kan\u00eb ndjer\u00eb nevoj\u00ebn p\u00ebr t\u2019i treguar dikujt se aty po ndodhnin gj\u00ebra t\u00eb \u00e7uditshme.<\/p>\n","protected":false},"excerpt":{"rendered":"<p>Nga Mark Mardell, 11 Maj 2012 BBC Nj\u00eb oficer i lart\u00eb ushtarak amerikan ka d\u00ebnuar nj\u00eb kurs me m\u00ebsime rreth Islamit n\u00eb nj\u00eb nga shkollat kryesore ushtarake n\u00eb SHBA si \u201ctotalisht t\u00eb d\u00ebnuesh\u00ebm\u201d. Nuk \u00ebsht\u00eb e habitshme. Historia, e publikuar fillimisht nga Wired, \u00ebsht\u00eb befasuese, dhe kreu i Shefave t\u00eb P\u00ebrbashk\u00ebt t\u00eb Shtabit, gjenerali Martin [&hellip;]<\/p>\n","protected":false},"author":1,"featured_media":0,"comment_status":"open","ping_status":"closed","sticky":false,"template":"","format":"standard","meta":{"footnotes":""},"categories":[2],"tags":[],"class_list":{"0":"post-2742","1":"post","2":"type-post","3":"status-publish","4":"format-standard","6":"category-artikuj"},"yoast_head":"<!-- This site is optimized with the Yoast SEO plugin v27.4 - https:\/\/yoast.com\/product\/yoast-seo-wordpress\/ -->\n<title>P\u00ebrse ushtria amerikane jep m\u00ebsime p\u00ebr \u2018luft\u00eb totale\u2019 ndaj Islamit? - FjALA e LIR\u00cb - Arkivi<\/title>\n<meta name=\"robots\" content=\"index, follow, max-snippet:-1, max-image-preview:large, max-video-preview:-1\" \/>\n<link rel=\"canonical\" href=\"https:\/\/fjala.info\/2009-2015\/perse-ushtria-amerikane-jep-mesime-per-lufte-totale-ndaj-islamit\/\" \/>\n<meta property=\"og:locale\" content=\"sq_AL\" \/>\n<meta property=\"og:type\" content=\"article\" \/>\n<meta property=\"og:title\" content=\"P\u00ebrse ushtria amerikane jep m\u00ebsime p\u00ebr \u2018luft\u00eb totale\u2019 ndaj Islamit? - FjALA e LIR\u00cb - Arkivi\" \/>\n<meta property=\"og:description\" content=\"Nga Mark Mardell, 11 Maj 2012 BBC Nj\u00eb oficer i lart\u00eb ushtarak amerikan ka d\u00ebnuar nj\u00eb kurs me m\u00ebsime rreth Islamit n\u00eb nj\u00eb nga shkollat kryesore ushtarake n\u00eb SHBA si \u201ctotalisht t\u00eb d\u00ebnuesh\u00ebm\u201d. Nuk \u00ebsht\u00eb e habitshme. Historia, e publikuar fillimisht nga Wired, \u00ebsht\u00eb befasuese, dhe kreu i Shefave t\u00eb P\u00ebrbashk\u00ebt t\u00eb Shtabit, gjenerali Martin [&hellip;]\" \/>\n<meta property=\"og:url\" content=\"https:\/\/fjala.info\/2009-2015\/perse-ushtria-amerikane-jep-mesime-per-lufte-totale-ndaj-islamit\/\" \/>\n<meta property=\"og:site_name\" content=\"FjALA e LIR\u00cb - Arkivi\" \/>\n<meta property=\"article:published_time\" content=\"2012-05-11T21:26:53+00:00\" \/>\n<meta property=\"og:image\" content=\"http:\/\/www.shkoder.net\/2012\/us_army.jpg\" \/>\n<meta name=\"author\" content=\"admin\" \/>\n<meta name=\"twitter:card\" content=\"summary_large_image\" \/>\n<meta name=\"twitter:label1\" content=\"Written by\" \/>\n\t<meta name=\"twitter:data1\" content=\"admin\" \/>\n\t<meta name=\"twitter:label2\" content=\"Est. reading time\" \/>\n\t<meta name=\"twitter:data2\" content=\"2 minutes\" \/>\n<script type=\"application\/ld+json\" class=\"yoast-schema-graph\">{\"@context\":\"https:\\\/\\\/schema.org\",\"@graph\":[{\"@type\":\"Article\",\"@id\":\"https:\\\/\\\/fjala.info\\\/2009-2015\\\/perse-ushtria-amerikane-jep-mesime-per-lufte-totale-ndaj-islamit\\\/#article\",\"isPartOf\":{\"@id\":\"https:\\\/\\\/fjala.info\\\/2009-2015\\\/perse-ushtria-amerikane-jep-mesime-per-lufte-totale-ndaj-islamit\\\/\"},\"author\":{\"name\":\"admin\",\"@id\":\"https:\\\/\\\/fjala.info\\\/2009-2015\\\/#\\\/schema\\\/person\\\/3aa1163ef05469c496fc94e77611ada2\"},\"headline\":\"P\u00ebrse ushtria amerikane jep m\u00ebsime p\u00ebr \u2018luft\u00eb totale\u2019 ndaj Islamit?\",\"datePublished\":\"2012-05-11T21:26:53+00:00\",\"mainEntityOfPage\":{\"@id\":\"https:\\\/\\\/fjala.info\\\/2009-2015\\\/perse-ushtria-amerikane-jep-mesime-per-lufte-totale-ndaj-islamit\\\/\"},\"wordCount\":429,\"commentCount\":0,\"publisher\":{\"@id\":\"https:\\\/\\\/fjala.info\\\/2009-2015\\\/#organization\"},\"image\":{\"@id\":\"https:\\\/\\\/fjala.info\\\/2009-2015\\\/perse-ushtria-amerikane-jep-mesime-per-lufte-totale-ndaj-islamit\\\/#primaryimage\"},\"thumbnailUrl\":\"http:\\\/\\\/www.shkoder.net\\\/2012\\\/us_army.jpg\",\"articleSection\":[\"Artikuj\"],\"inLanguage\":\"sq-AL\",\"potentialAction\":[{\"@type\":\"CommentAction\",\"name\":\"Comment\",\"target\":[\"https:\\\/\\\/fjala.info\\\/2009-2015\\\/perse-ushtria-amerikane-jep-mesime-per-lufte-totale-ndaj-islamit\\\/#respond\"]}]},{\"@type\":\"WebPage\",\"@id\":\"https:\\\/\\\/fjala.info\\\/2009-2015\\\/perse-ushtria-amerikane-jep-mesime-per-lufte-totale-ndaj-islamit\\\/\",\"url\":\"https:\\\/\\\/fjala.info\\\/2009-2015\\\/perse-ushtria-amerikane-jep-mesime-per-lufte-totale-ndaj-islamit\\\/\",\"name\":\"P\u00ebrse ushtria amerikane jep m\u00ebsime p\u00ebr \u2018luft\u00eb totale\u2019 ndaj Islamit? - FjALA e LIR\u00cb - Arkivi\",\"isPartOf\":{\"@id\":\"https:\\\/\\\/fjala.info\\\/2009-2015\\\/#website\"},\"primaryImageOfPage\":{\"@id\":\"https:\\\/\\\/fjala.info\\\/2009-2015\\\/perse-ushtria-amerikane-jep-mesime-per-lufte-totale-ndaj-islamit\\\/#primaryimage\"},\"image\":{\"@id\":\"https:\\\/\\\/fjala.info\\\/2009-2015\\\/perse-ushtria-amerikane-jep-mesime-per-lufte-totale-ndaj-islamit\\\/#primaryimage\"},\"thumbnailUrl\":\"http:\\\/\\\/www.shkoder.net\\\/2012\\\/us_army.jpg\",\"datePublished\":\"2012-05-11T21:26:53+00:00\",\"breadcrumb\":{\"@id\":\"https:\\\/\\\/fjala.info\\\/2009-2015\\\/perse-ushtria-amerikane-jep-mesime-per-lufte-totale-ndaj-islamit\\\/#breadcrumb\"},\"inLanguage\":\"sq-AL\",\"potentialAction\":[{\"@type\":\"ReadAction\",\"target\":[\"https:\\\/\\\/fjala.info\\\/2009-2015\\\/perse-ushtria-amerikane-jep-mesime-per-lufte-totale-ndaj-islamit\\\/\"]}]},{\"@type\":\"ImageObject\",\"inLanguage\":\"sq-AL\",\"@id\":\"https:\\\/\\\/fjala.info\\\/2009-2015\\\/perse-ushtria-amerikane-jep-mesime-per-lufte-totale-ndaj-islamit\\\/#primaryimage\",\"url\":\"http:\\\/\\\/www.shkoder.net\\\/2012\\\/us_army.jpg\",\"contentUrl\":\"http:\\\/\\\/www.shkoder.net\\\/2012\\\/us_army.jpg\"},{\"@type\":\"BreadcrumbList\",\"@id\":\"https:\\\/\\\/fjala.info\\\/2009-2015\\\/perse-ushtria-amerikane-jep-mesime-per-lufte-totale-ndaj-islamit\\\/#breadcrumb\",\"itemListElement\":[{\"@type\":\"ListItem\",\"position\":1,\"name\":\"Home\",\"item\":\"https:\\\/\\\/fjala.info\\\/2009-2015\\\/\"},{\"@type\":\"ListItem\",\"position\":2,\"name\":\"P\u00ebrse ushtria amerikane jep m\u00ebsime p\u00ebr \u2018luft\u00eb totale\u2019 ndaj Islamit?\"}]},{\"@type\":\"WebSite\",\"@id\":\"https:\\\/\\\/fjala.info\\\/2009-2015\\\/#website\",\"url\":\"https:\\\/\\\/fjala.info\\\/2009-2015\\\/\",\"name\":\"FjALA e LIR\u00cb - Arkivi\",\"description\":\"Arkivi 2009-2015\",\"publisher\":{\"@id\":\"https:\\\/\\\/fjala.info\\\/2009-2015\\\/#organization\"},\"potentialAction\":[{\"@type\":\"SearchAction\",\"target\":{\"@type\":\"EntryPoint\",\"urlTemplate\":\"https:\\\/\\\/fjala.info\\\/2009-2015\\\/?s={search_term_string}\"},\"query-input\":{\"@type\":\"PropertyValueSpecification\",\"valueRequired\":true,\"valueName\":\"search_term_string\"}}],\"inLanguage\":\"sq-AL\"},{\"@type\":\"Organization\",\"@id\":\"https:\\\/\\\/fjala.info\\\/2009-2015\\\/#organization\",\"name\":\"FjALA e LIR\u00cb - Arkivi\",\"url\":\"https:\\\/\\\/fjala.info\\\/2009-2015\\\/\",\"logo\":{\"@type\":\"ImageObject\",\"inLanguage\":\"sq-AL\",\"@id\":\"https:\\\/\\\/fjala.info\\\/2009-2015\\\/#\\\/schema\\\/logo\\\/image\\\/\",\"url\":\"\",\"contentUrl\":\"\",\"caption\":\"FjALA e LIR\u00cb - Arkivi\"},\"image\":{\"@id\":\"https:\\\/\\\/fjala.info\\\/2009-2015\\\/#\\\/schema\\\/logo\\\/image\\\/\"}},{\"@type\":\"Person\",\"@id\":\"https:\\\/\\\/fjala.info\\\/2009-2015\\\/#\\\/schema\\\/person\\\/3aa1163ef05469c496fc94e77611ada2\",\"name\":\"admin\",\"image\":{\"@type\":\"ImageObject\",\"inLanguage\":\"sq-AL\",\"@id\":\"https:\\\/\\\/fjala.info\\\/2009-2015\\\/wp-content\\\/uploads\\\/2012\\\/02\\\/arben_cokaj-120x150.jpg\",\"url\":\"https:\\\/\\\/fjala.info\\\/2009-2015\\\/wp-content\\\/uploads\\\/2012\\\/02\\\/arben_cokaj-120x150.jpg\",\"contentUrl\":\"https:\\\/\\\/fjala.info\\\/2009-2015\\\/wp-content\\\/uploads\\\/2012\\\/02\\\/arben_cokaj-120x150.jpg\",\"caption\":\"admin\"},\"description\":\"Admin, Fjala e Lir\u00eb\",\"sameAs\":[\"https:\\\/\\\/fjala.info\\\/\"],\"url\":\"https:\\\/\\\/fjala.info\\\/2009-2015\\\/author\\\/admin\\\/\"}]}<\/script>\n<!-- \/ Yoast SEO plugin. -->","yoast_head_json":{"title":"P\u00ebrse ushtria amerikane jep m\u00ebsime p\u00ebr \u2018luft\u00eb totale\u2019 ndaj Islamit? - FjALA e LIR\u00cb - Arkivi","robots":{"index":"index","follow":"follow","max-snippet":"max-snippet:-1","max-image-preview":"max-image-preview:large","max-video-preview":"max-video-preview:-1"},"canonical":"https:\/\/fjala.info\/2009-2015\/perse-ushtria-amerikane-jep-mesime-per-lufte-totale-ndaj-islamit\/","og_locale":"sq_AL","og_type":"article","og_title":"P\u00ebrse ushtria amerikane jep m\u00ebsime p\u00ebr \u2018luft\u00eb totale\u2019 ndaj Islamit? - FjALA e LIR\u00cb - Arkivi","og_description":"Nga Mark Mardell, 11 Maj 2012 BBC Nj\u00eb oficer i lart\u00eb ushtarak amerikan ka d\u00ebnuar nj\u00eb kurs me m\u00ebsime rreth Islamit n\u00eb nj\u00eb nga shkollat kryesore ushtarake n\u00eb SHBA si \u201ctotalisht t\u00eb d\u00ebnuesh\u00ebm\u201d. Nuk \u00ebsht\u00eb e habitshme. Historia, e publikuar fillimisht nga Wired, \u00ebsht\u00eb befasuese, dhe kreu i Shefave t\u00eb P\u00ebrbashk\u00ebt t\u00eb Shtabit, gjenerali Martin [&hellip;]","og_url":"https:\/\/fjala.info\/2009-2015\/perse-ushtria-amerikane-jep-mesime-per-lufte-totale-ndaj-islamit\/","og_site_name":"FjALA e LIR\u00cb - Arkivi","article_published_time":"2012-05-11T21:26:53+00:00","og_image":[{"url":"http:\/\/www.shkoder.net\/2012\/us_army.jpg","type":"","width":"","height":""}],"author":"admin","twitter_card":"summary_large_image","twitter_misc":{"Written by":"admin","Est. reading time":"2 minutes"},"schema":{"@context":"https:\/\/schema.org","@graph":[{"@type":"Article","@id":"https:\/\/fjala.info\/2009-2015\/perse-ushtria-amerikane-jep-mesime-per-lufte-totale-ndaj-islamit\/#article","isPartOf":{"@id":"https:\/\/fjala.info\/2009-2015\/perse-ushtria-amerikane-jep-mesime-per-lufte-totale-ndaj-islamit\/"},"author":{"name":"admin","@id":"https:\/\/fjala.info\/2009-2015\/#\/schema\/person\/3aa1163ef05469c496fc94e77611ada2"},"headline":"P\u00ebrse ushtria amerikane jep m\u00ebsime p\u00ebr \u2018luft\u00eb totale\u2019 ndaj Islamit?","datePublished":"2012-05-11T21:26:53+00:00","mainEntityOfPage":{"@id":"https:\/\/fjala.info\/2009-2015\/perse-ushtria-amerikane-jep-mesime-per-lufte-totale-ndaj-islamit\/"},"wordCount":429,"commentCount":0,"publisher":{"@id":"https:\/\/fjala.info\/2009-2015\/#organization"},"image":{"@id":"https:\/\/fjala.info\/2009-2015\/perse-ushtria-amerikane-jep-mesime-per-lufte-totale-ndaj-islamit\/#primaryimage"},"thumbnailUrl":"http:\/\/www.shkoder.net\/2012\/us_army.jpg","articleSection":["Artikuj"],"inLanguage":"sq-AL","potentialAction":[{"@type":"CommentAction","name":"Comment","target":["https:\/\/fjala.info\/2009-2015\/perse-ushtria-amerikane-jep-mesime-per-lufte-totale-ndaj-islamit\/#respond"]}]},{"@type":"WebPage","@id":"https:\/\/fjala.info\/2009-2015\/perse-ushtria-amerikane-jep-mesime-per-lufte-totale-ndaj-islamit\/","url":"https:\/\/fjala.info\/2009-2015\/perse-ushtria-amerikane-jep-mesime-per-lufte-totale-ndaj-islamit\/","name":"P\u00ebrse ushtria amerikane jep m\u00ebsime p\u00ebr \u2018luft\u00eb totale\u2019 ndaj Islamit? - FjALA e LIR\u00cb - Arkivi","isPartOf":{"@id":"https:\/\/fjala.info\/2009-2015\/#website"},"primaryImageOfPage":{"@id":"https:\/\/fjala.info\/2009-2015\/perse-ushtria-amerikane-jep-mesime-per-lufte-totale-ndaj-islamit\/#primaryimage"},"image":{"@id":"https:\/\/fjala.info\/2009-2015\/perse-ushtria-amerikane-jep-mesime-per-lufte-totale-ndaj-islamit\/#primaryimage"},"thumbnailUrl":"http:\/\/www.shkoder.net\/2012\/us_army.jpg","datePublished":"2012-05-11T21:26:53+00:00","breadcrumb":{"@id":"https:\/\/fjala.info\/2009-2015\/perse-ushtria-amerikane-jep-mesime-per-lufte-totale-ndaj-islamit\/#breadcrumb"},"inLanguage":"sq-AL","potentialAction":[{"@type":"ReadAction","target":["https:\/\/fjala.info\/2009-2015\/perse-ushtria-amerikane-jep-mesime-per-lufte-totale-ndaj-islamit\/"]}]},{"@type":"ImageObject","inLanguage":"sq-AL","@id":"https:\/\/fjala.info\/2009-2015\/perse-ushtria-amerikane-jep-mesime-per-lufte-totale-ndaj-islamit\/#primaryimage","url":"http:\/\/www.shkoder.net\/2012\/us_army.jpg","contentUrl":"http:\/\/www.shkoder.net\/2012\/us_army.jpg"},{"@type":"BreadcrumbList","@id":"https:\/\/fjala.info\/2009-2015\/perse-ushtria-amerikane-jep-mesime-per-lufte-totale-ndaj-islamit\/#breadcrumb","itemListElement":[{"@type":"ListItem","position":1,"name":"Home","item":"https:\/\/fjala.info\/2009-2015\/"},{"@type":"ListItem","position":2,"name":"P\u00ebrse ushtria amerikane jep m\u00ebsime p\u00ebr \u2018luft\u00eb totale\u2019 ndaj Islamit?"}]},{"@type":"WebSite","@id":"https:\/\/fjala.info\/2009-2015\/#website","url":"https:\/\/fjala.info\/2009-2015\/","name":"FjALA e LIR\u00cb - Arkivi","description":"Arkivi 2009-2015","publisher":{"@id":"https:\/\/fjala.info\/2009-2015\/#organization"},"potentialAction":[{"@type":"SearchAction","target":{"@type":"EntryPoint","urlTemplate":"https:\/\/fjala.info\/2009-2015\/?s={search_term_string}"},"query-input":{"@type":"PropertyValueSpecification","valueRequired":true,"valueName":"search_term_string"}}],"inLanguage":"sq-AL"},{"@type":"Organization","@id":"https:\/\/fjala.info\/2009-2015\/#organization","name":"FjALA e LIR\u00cb - Arkivi","url":"https:\/\/fjala.info\/2009-2015\/","logo":{"@type":"ImageObject","inLanguage":"sq-AL","@id":"https:\/\/fjala.info\/2009-2015\/#\/schema\/logo\/image\/","url":"","contentUrl":"","caption":"FjALA e LIR\u00cb - Arkivi"},"image":{"@id":"https:\/\/fjala.info\/2009-2015\/#\/schema\/logo\/image\/"}},{"@type":"Person","@id":"https:\/\/fjala.info\/2009-2015\/#\/schema\/person\/3aa1163ef05469c496fc94e77611ada2","name":"admin","image":{"@type":"ImageObject","inLanguage":"sq-AL","@id":"https:\/\/fjala.info\/2009-2015\/wp-content\/uploads\/2012\/02\/arben_cokaj-120x150.jpg","url":"https:\/\/fjala.info\/2009-2015\/wp-content\/uploads\/2012\/02\/arben_cokaj-120x150.jpg","contentUrl":"https:\/\/fjala.info\/2009-2015\/wp-content\/uploads\/2012\/02\/arben_cokaj-120x150.jpg","caption":"admin"},"description":"Admin, Fjala e Lir\u00eb","sameAs":["https:\/\/fjala.info\/"],"url":"https:\/\/fjala.info\/2009-2015\/author\/admin\/"}]}},"_links":{"self":[{"href":"https:\/\/fjala.info\/2009-2015\/wp-json\/wp\/v2\/posts\/2742","targetHints":{"allow":["GET"]}}],"collection":[{"href":"https:\/\/fjala.info\/2009-2015\/wp-json\/wp\/v2\/posts"}],"about":[{"href":"https:\/\/fjala.info\/2009-2015\/wp-json\/wp\/v2\/types\/post"}],"author":[{"embeddable":true,"href":"https:\/\/fjala.info\/2009-2015\/wp-json\/wp\/v2\/users\/1"}],"replies":[{"embeddable":true,"href":"https:\/\/fjala.info\/2009-2015\/wp-json\/wp\/v2\/comments?post=2742"}],"version-history":[{"count":0,"href":"https:\/\/fjala.info\/2009-2015\/wp-json\/wp\/v2\/posts\/2742\/revisions"}],"wp:attachment":[{"href":"https:\/\/fjala.info\/2009-2015\/wp-json\/wp\/v2\/media?parent=2742"}],"wp:term":[{"taxonomy":"category","embeddable":true,"href":"https:\/\/fjala.info\/2009-2015\/wp-json\/wp\/v2\/categories?post=2742"},{"taxonomy":"post_tag","embeddable":true,"href":"https:\/\/fjala.info\/2009-2015\/wp-json\/wp\/v2\/tags?post=2742"}],"curies":[{"name":"wp","href":"https:\/\/api.w.org\/{rel}","templated":true}]}}