{"id":2738,"date":"2010-05-20T07:46:08","date_gmt":"2010-05-20T06:46:08","guid":{"rendered":"http:\/\/fjala.shkoder.net\/?p=2738"},"modified":"2010-05-20T07:46:08","modified_gmt":"2010-05-20T06:46:08","slug":"edhe-njehere-per-vellavrasesit-anonime-te-vetidentifikuar","status":"publish","type":"post","link":"https:\/\/fjala.info\/2009-2015\/edhe-njehere-per-vellavrasesit-anonime-te-vetidentifikuar\/","title":{"rendered":"Edhe nj\u00ebher\u00eb p\u00ebr v\u00ebllavras\u00ebsit (anonim\u00eb) t\u00eb vetidentifikuar"},"content":{"rendered":"<p><img decoding=\"async\" style=\"margin-left: 10px; margin-right: 10px; border: 0px;\" src=\"http:\/\/www.shkoder.net\/images\/fjala\/kico_blushi.jpg\" border=\"0\" alt=\"Ki\u00e7o Blushi \" width=\"100\" align=\"right\" \/><\/p>\n<p>Nga: <strong>Ki\u00e7o Blushi<\/strong><\/p>\n<p>Her\u00ebn e kaluar mora shkas t\u00eb hulumtoj p\u00ebr nj\u00eb v\u00ebllavras\u00ebs konkret, &#8211; i cili tash ndodhet n\u00eb burg, me siguri i penduar &#8211; q\u00eb \u00e7oi n\u00eb bot\u00ebn tjet\u00ebr v\u00ebllan\u00eb p\u00ebr \u201cdy rr\u00ebnj\u00eb domate\u201d\u2026Ky fatzi e lum\u00ebzi q\u00eb u b\u00eb kriminel nga gjaknxeht\u00ebsia apo qoft\u00eb edhe nga bab\u00ebzia e nakatosur me padituri, m\u00eb sh\u00ebrbeu p\u00ebr t\u00eb d\u00ebshmuar se sa kobsjell\u00ebse \u00ebsht\u00eb v\u00ebllavrasja q\u00eb kryhet nd\u00ebr ne, her\u00eb me arm\u00eb, por m\u00eb s\u00eb shumti me fjal\u00eb e me vepra d\u00ebmsjell\u00ebse jo vet\u00ebm p\u00ebr vete, por edhe p\u00ebr shoq\u00ebrin\u00eb; her\u00eb instiktivisht, po m\u00eb s\u00eb shumti me vet\u00ebdije; her\u00eb hapur, por m\u00eb dendur n\u00eb err\u00ebsir\u00eb, n\u00eb anonimitet, n\u00eb tuf\u00eb e n\u00eb turm\u00eb, d.m.th, n\u00eb pusi e pas gardhi, si e kemi pasur p\u00ebr adet jetemot!<\/p>\n<p>Ndoshta e kam gabim, por gjithnj\u00eb e m\u00eb tep\u00ebr m\u00eb ngjan se kjo \u00ebsht\u00eb nj\u00eb ukube e vjet\u00ebr, e trash\u00ebguar q\u00eb gjallon, gjakon e g\u00eblon edhe sot e k\u00ebsaj dite mes nesh. Nuk mund t\u00eb mohohet q\u00eb llapaqen\u00ebria politike sot m\u00ebkon dhe mban gjall\u00eb luft\u00ebn e klasave, n\u00eb vend q\u00eb t\u00eb shuhej n\u00eb demokraci, si pat\u00ebm shpresuar. Lufta e klasave ka marr\u00eb p\u00ebrmasa t\u00eb reja, ndoshta edhe m\u00eb t\u00eb frikshme, p\u00ebr shkak t\u00eb keqp\u00ebrdorimit q\u00eb u b\u00ebjn\u00eb krer\u00ebt partiak\u00eb \u201cintelektual\u00ebve\u201d tan\u00eb sa t\u00eb shquar, aq edhe t\u00eb panjohur\u2026<\/p>\n<p>K\u00ebshtu, v\u00ebllavrasja me llapaqen\u00ebri \u00e7udit\u00ebrisht sot ka marr\u00eb nj\u00eb lul\u00ebzim t\u00eb papar\u00eb, jo vet\u00ebm n\u00eb saj\u00eb t\u00eb pluralizmit, tranzicionit t\u00eb paan\u00eb e t\u00eb pafund, teknologjis\u00eb televizive dhe internetit, shitblerjeve, por ve\u00e7an\u00ebrisht fal\u00eb abuzimit ton\u00eb instiktiv me at\u00eb lloj lirie q\u00eb dreqi e di p\u00ebrse paska aq shum\u00eb qejf t\u00eb vras\u00eb lirin\u00eb e tjetrit p\u00ebr hi\u00e7mosgj\u00eb: p\u00ebr dy rr\u00ebnj\u00eb domate, p\u00ebr militantiz\u00ebm, p\u00ebr nj\u00eb qejfmbetje, p\u00ebr partitokraci, d.m.th, \u201cp\u00ebr inat t\u00eb sime vjehrre\u201d&#8230;<\/p>\n<p>Liria p\u00ebr t\u00eb shpifur e p\u00ebr t\u00eb shar\u00eb cilindo q\u00eb nuk \u00ebsht\u00eb \u201cme ne\u201d, \u00ebsht\u00eb gracka ku demokracia \u00ebsht\u00eb kapur si laraska! P\u00ebr k\u00ebt\u00eb arsye v\u00ebllavras\u00ebsit mediatik\u00eb b\u00ebhen kollaj VIP-at tan\u00eb, edhe pse abetaren e urrejtjes s\u00eb nd\u00ebrsjell\u00eb nuk e heqin nga dora e nga goja! K\u00ebsisoj, armiku i kryetarit t\u00eb partis\u00eb \u201ctime\u201d detyrimisht do t\u00eb quhet has\u00ebm, edhe kur ky i fundit b\u00ebn mir\u00eb, edhe pse \u00ebsht\u00eb nj\u00eb v\u00eblla shqiptar, edhe pse kur nuk t\u00eb ka b\u00ebr\u00eb keq, edhe pse nuk e njeh, edhe kur ndikon n\u00eb t\u00eb mir\u00ebn t\u00ebnde e t\u00eb shoq\u00ebris\u00eb\u2026<\/p>\n<p>* * *<\/p>\n<p>N\u00eb ndryshim nga v\u00ebllavras\u00ebsi dibran, t\u00eb cilin sinqerisht e quaj fatkob, shumica tjet\u00ebr e v\u00ebllavras\u00ebsve tan\u00eb t\u00eb djesh\u00ebm e t\u00eb sot\u00ebm t\u00eb shpres\u00ebs, n\u00eb vend t\u00eb arm\u00ebs, t\u00eb thik\u00ebs, t\u00eb drurit apo t\u00eb gurit pas koke kund\u00ebr \u201carmikut t\u00eb kllas\u00ebs\u201d, kund\u00ebr hasmit t\u00eb partis\u00eb, e sidomos kund\u00ebr Udh\u00ebheq\u00ebsit legjendar e t\u00eb pagabuesh\u00ebm, jan\u00eb \u201coral\u00eb\u201d, jan\u00eb mediatik\u00eb, propagandistik\u00eb, partiak\u00eb t\u00eb paskrupullt, folklorik\u00eb t\u00eb majekrahit, jan\u00eb tekefundit ca hyrjabyrja e ca bjeritibiem t\u00eb koh\u00ebs moderne dhe t\u00eb shoq\u00ebris\u00eb medemek demokratike!\u2026P\u00ebr k\u00ebt\u00eb arsye ia vlen, besoj, t\u00eb hulumtojm\u00eb mbi k\u00ebt\u00eb xhins, n\u00eb genin e k\u00ebtij sojsorrollopi, pasi k\u00ebta tipa tash jan\u00eb b\u00ebr\u00eb t\u00eb kudondodhsh\u00ebm, p\u00ebr m\u00eb tep\u00ebr edhe t\u00eb keqp\u00ebrdorur nga krer\u00ebt partiak\u00eb si gjyle dhe si mish p\u00ebr top.<\/p>\n<p>K\u00ebta \u201cmediatik\u00eb\u201d zakonisht preferojn\u00eb t\u00eb gjuajn\u00eb n\u00eb err\u00ebsir\u00eb p\u00ebr t\u00eb provuar q\u00eb jan\u00eb militant\u00eb fanatik\u00eb, nj\u2019ashjtu si vepruan m\u00eb 14 shtator\u2026Sa her\u00eb ka kriza, \u00e7mimi dhe vlera e tyre rritet! Si arm\u00eb shfaros\u00ebse k\u00ebta v\u00ebllavras\u00ebs trushkulur p\u00ebrdorin fjal\u00ebn, spiunll\u00ebkun, shpifjen, akuz\u00ebn, mallkimin, p\u00ebrbaltjen, n\u00ebmosjen, nxirosjen\u2026P\u00ebrher\u00eb ama, pasi hedhin gurin, fshehin dor\u00ebn. Jan\u00eb ata q\u00eb dje ishin enverist\u00eb t\u00eb thekur, sot antienverist\u00eb t\u00eb t\u00ebrbuar; ata q\u00eb dje k\u00ebndonin \u201cEnver Hoxha tungjatjeta\u201d, sot thurin himne e lavde socrealiste p\u00ebr Sali Boll\u00ebkun; k\u00ebta jan\u00eb t\u00eb gatsh\u00ebm t\u00eb hedhin balt\u00eb edhe mbi Sk\u00ebnderbeun, ngaq\u00eb pandehin se k\u00ebsisoj idhulli i tyre do t\u00eb ngrihet lart e m\u00eb lart.<\/p>\n<p>Por nes\u00ebr, kur t\u00eb mos jet\u00eb Udh\u00ebheq\u00ebsi, ata me siguri do t\u00eb b\u00ebhen nj\u00ebsoj anti, ashtu si enverist\u00ebt brenda nat\u00ebs, pasi u rr\u00ebzua monumenti, u transformuan n\u00eb antienverist\u00eb! Sepse nuk kan\u00eb bindje t\u00eb m\u00ebvetshme, nuk kan\u00eb shtyll\u00eb kurrizore, nuk kan\u00eb em\u00ebr, nuk kan\u00eb dinjitet; ata ushqehen me kasht\u00ebn e me bykun e propagand\u00ebs s\u00eb dit\u00ebs t\u00eb partis\u00eb, nj\u00eblloj si buajt e kuajt e karroc\u00ebs\u2026Asnj\u00eb diktator nuk do t\u00eb mbinte dot n\u00eb k\u00ebt\u00eb tok\u00eb pa ndihm\u00ebn e dhe pa shaluar mbi kurrizin e k\u00ebtyre v\u00ebllavras\u00ebsve t\u00eb shpres\u00ebs e t\u00eb prosperitetit komb\u00ebtar!<\/p>\n<p>Nj\u00eblloj si fuksat q\u00eb p\u00ebrdorte dje Sigurimi dhe m\u00eb pas SHIK-u p\u00ebr t\u00eb spiunuar v\u00ebllai v\u00ebllan\u00eb, gruaja burrin, fqinji fqinjin, t\u00eb till\u00ebt edhe sot k\u00ebrkojn\u00eb t\u00eb mbeten anonim\u00eb, n\u00eb hije; kurr\u00eb nuk e tregojn\u00eb fytyr\u00ebn, as emrin, as origjin\u00ebn, as identitetin, pasi nuk i kan\u00eb, por dhe pse kan\u00eb frik\u00eb t\u2019i ken\u00eb k\u00ebto virtyte, ngaq\u00eb kan\u00eb lindur e do t\u00eb vdesin si skllev\u00ebr \u201ct\u00eb lir\u00eb\u201d\u2026Prandaj futen e fshihen n\u00ebp\u00ebr gjirize, n\u00ebp\u00ebr mitingje, n\u00eb turm\u00eb, duke u transformuar n\u00eb numra, n\u00eb kamikaz\u00eb, n\u00eb altoparlant\u00eb, n\u00eb pseudonime\u2026T\u00eb tjer\u00eb \u201clundrojn\u00eb\u201d me shpifsharje t\u00eb ndyra n\u00ebp\u00ebr faqet e internetit\u2026<\/p>\n<p>Madje ka nga ata q\u00eb dalin e bro\u00e7kullijn\u00eb me z\u00eb n\u00ebp\u00ebr televizione, por gjithsesi duke mbetur p\u00ebrher\u00eb ca palo anonim\u00eb \u201ct\u00eb lumtur\u201d, ca mjeran\u00eb shpifnjak\u00eb e shtinjak\u00eb, t\u00eb cil\u00ebt, sipas tradit\u00ebs, pasi e vrasin \u201carmikun\u201d pas shpine me telefon e me mikrofon, p\u00ebrher\u00eb ikin n\u00eb drejtim t\u00eb paditur\u2026<\/p>\n<p>Jan\u00eb k\u00ebta q\u00eb besojn\u00eb se k\u00ebsisoj do t\u00eb imponojn\u00eb \u201csondazhet\u201d dhe opinionet e rrema; k\u00ebta justifikojn\u00eb vjedhjen e votave, k\u00ebta u japin oksigjen autokrat\u00ebve t\u00eb dehur me vetveten; madje me k\u00ebta mercenar\u00eb kryhen operacionet e manipulimit e t\u00eb \u201clumturis\u00eb\u201d\u2026Me urlat e me duartrokitjet e tyre pa tru e pa bindje krijohet p\u00ebrshtypja e shumicave fiktive, e asaj \u201celite intelektuale\u201d q\u00eb \u00ebsht\u00eb \u201cme ne\u201d\u2026<\/p>\n<p>N\u00eb fund t\u00eb fundit k\u00ebta u japin t\u00eb drejt\u00eb diktator\u00ebve t\u00eb flasin dhe m\u00eb pas t\u00eb ekzekutojn\u00eb kund\u00ebrshtar\u00ebt e tyre \u201cn\u00eb em\u00ebr t\u00eb popullit\u201d! I keni par\u00eb kronikat e gjyqeve t\u00eb \u201carmiqve t\u00eb popullit\u201d pas \u00e7lirimit kur salla th\u00ebrriste n\u00eb korr e me histeri: \u201cMe varje, me varje!\u201d? Jan\u00eb t\u00eb nj\u00ebjt\u00ebt! Jan\u00eb t\u00eb nj\u00ebjt\u00ebt, besom\u00ebni! Vet\u00ebm se gjuha ndryshon. N\u00eb vend t\u00eb k\u00ebrkes\u00ebs s\u00eb \u201cpopullit\u201d p\u00ebr varje n\u00eb litar, sot p\u00ebrdoret p\u00ebrjashtimi, diskreditimi mediatik, shpallja armik i p\u00ebrbetuar, njollosja publike, mbetja pa pun\u00eb, skualifikimi dhe denatyrimi\u2026<\/p>\n<p>E pra, a mund t\u00eb gjendet sot nj\u00eb person q\u00eb t\u00eb jet\u00eb pa njolla e pa p\u00ebrbaltje n\u00eb fytyr\u00eb, pa p\u00ebrjashtuar k\u00ebtu edhe heroin komb\u00ebtar, Sk\u00ebnderbeun? Hyni n\u00eb internet, n\u00eb BallkanWeb, shihni autor\u00ebt q\u00eb guxojn\u00eb t\u00eb shkruajn\u00eb kund\u00ebr partis\u00eb n\u00eb pushtet (kupto: kund\u00ebr Berish\u00ebs) q\u00eb t\u00eb zbuloni se \u00e7far\u00eb sojs\u00ebz\u00ebsh anonim\u00eb jan\u00eb k\u00ebta faqezinj, k\u00ebta v\u00ebllavras\u00ebs pa din e pa iman q\u00eb pranojn\u00eb t\u00eb vetidentifikohen si t\u00eb till\u00eb, qoft\u00eb edhe duke e fshehur emrin e fytyr\u00ebn n\u00eb anonimitet!<\/p>\n<p>\u201cMe varje, me varje!\u201d E \u00e7\u2019ndryshim ka kjo thirrje kriminale e pasluft\u00ebs, nga ato q\u00eb llapaqen\u00ebrojn\u00eb n\u00ebp\u00ebr internet e n\u00ebp\u00ebr T\u00ebV\u00ebra k\u00ebta kameleon\u00eb\u201dt\u00eb lir\u00eb e demokrat\u00eb\u201d?K\u00ebta e mbajn\u00eb peng shoq\u00ebrin\u00eb sikurse dhe moralin e dyshimt\u00eb e t\u00eb parestauruar t\u00eb saj!<\/p>\n<p>* * *<\/p>\n<p>Nd\u00ebrsa ata q\u00eb jan\u00eb futur n\u00ebp\u00ebr lista, ata q\u00eb kryetari i ka em\u00ebruar deputet\u00eb, drejtor\u00eb apo ministra, ata q\u00eb jan\u00eb b\u00ebr\u00eb me prona e grada t\u00eb patrash\u00ebguara e t\u00eb pamerituara, jan\u00eb t\u00eb detyruar t\u00eb dalin e t\u00eb m\u00ebsyjn\u00eb hapur n\u00ebp\u00ebr podiume, n\u00ebp\u00ebr ekrane dhe debate q\u00eb t\u00eb kryejn\u00eb, me z\u00eb e me figur\u00eb, me peticione e me fjalime, me tekste t\u00eb shkruara e t\u00eb pashkruara, me emrin dhe me fytyr\u00ebn e tyre, aktin publik t\u00eb v\u00ebllavrasjes s\u00eb nd\u00ebrsjell\u00eb t\u00eb besimit te kjo shoq\u00ebri\u2026<\/p>\n<p>Kjo \u00ebsht\u00eb nj\u00eb kategori sociale e trash\u00ebguar dhe e stimuluar q\u00eb p\u00ebrdoret r\u00ebndom nga krer\u00ebt e sot\u00ebm partiak\u00eb, ndaj meriton v\u00ebmendje e nj\u00eb studim t\u00eb posa\u00e7\u00ebm jo vet\u00ebm nga sociolog\u00ebt e munguar e akademik\u00ebt e em\u00ebruar, pasi kjo mbetje njer\u00ebzore e agjitpropagand\u00ebs s\u00eb djeshme, n\u00eb t\u00eb v\u00ebrtet\u00eb ka sh\u00ebrbyer e po sh\u00ebrben si l\u00ebnd\u00eb eksplozive e cila, nj\u00eblloj si dje, n\u00eb diktatur\u00eb, edhe sot po hedh n\u00eb er\u00eb e po shkat\u00ebrron shpres\u00ebn ton\u00eb p\u00ebr nj\u00eb t\u00eb ardhme europiane, m\u00eb t\u00eb mir\u00eb e m\u00eb demokratike\u2026Jan\u00eb k\u00ebta q\u00eb nuk e l\u00ebn\u00eb Shqip\u00ebrin\u00eb t\u00eb b\u00ebhet nj\u00eb vend normal.<\/p>\n<p>E pra, k\u00ebta v\u00ebllavras\u00ebs mediatik\u00eb jan\u00eb ku e ku m\u00eb d\u00ebmsjell\u00ebs se dibrani i gjor\u00eb q\u00eb vrau v\u00ebllan\u00eb p\u00ebr dy rr\u00ebnj\u00eb domate, prandaj nuk do t\u00eb ishte keq po t\u00eb k\u00ebrkonim rr\u00ebnj\u00ebt genetike t\u00eb v\u00ebllavras\u00ebsve tan\u00eb partiako-mediatik\u00eb.<\/p>\n<p>Parimi num\u00ebr nj\u00eb i tyre n\u00eb \u00e7do koh\u00eb e n\u00eb \u00e7do sistem mesa duket \u00ebsht\u00eb: N\u00ebna e s\u00eb v\u00ebrtet\u00ebs p\u00ebrher\u00eb do t\u00eb jet\u00eb g\u00ebnjeshtra publike, kur kjo e fundit i leverdis interesit t\u00eb kryetarit.<\/p>\n<p>Asnj\u00eb mashtrim, g\u00ebnjesht\u00ebr apo shpifje, kur k\u00ebt\u00eb e k\u00ebrkon kryetari, nuk \u00ebsht\u00eb as e keqe dhe as e d\u00ebmshme, p\u00ebrkundrazi!<\/p>\n<p>Kryetari ka p\u00ebrher\u00eb t\u00eb drejt\u00eb, ashtu si kund\u00ebrshtari i tij p\u00ebrher\u00eb e ka gabim\u2026 As mos e vrit mendjen t\u00eb kuptosh se \u00e7\u2019thot\u00eb kryetari, po duartrokit e ngaz\u00eblleu, edhe kur nuk i kupton, nuk i beson apo nuk i ke d\u00ebgjuar fjal\u00ebt dhe premtimet e tij\u2026<br \/>\nAi q\u00eb kryen m\u00eb shum\u00eb dhe m\u00eb mir\u00eb v\u00ebllavrasje publike n\u00ebp\u00ebr media kund\u00ebr \u201carmiqve\u201d, ai q\u00eb di t\u00eb gjuaj\u00eb pas shpine dhe t\u00eb nd\u00ebrtoj\u00eb pusira e pabesira politike, ka p\u00ebr t\u00eb p\u00ebrfituar m\u00eb shum\u00eb poste, prona, lavdi dhe ofiqe! Kjo \u00ebsht\u00eb shkolla e v\u00ebrtet\u00eb publike!<\/p>\n<p>Kush nuk hidhet n\u00eb zjarr e nuk mbron kryetarin, ka p\u00ebr t\u00eb mbetur me gisht n\u00eb goj\u00eb!<br \/>\nKush nuk shpif nuk quhet besnik; kush e quan veten intelektual duhet t\u00eb futet patjet\u00ebr n\u00eb \u00e7adr\u00ebn e nj\u00eb kryetari t\u00eb fuqish\u00ebm, p\u00ebrndryshe ka p\u00ebr t\u00eb mbetur qyqar, m\u00eb i mjer\u00eb dhe m\u00eb i harruar se k\u00ebta anonim\u00eb q\u00eb kryejn\u00eb p\u00ebrdit\u00eb v\u00ebllavrasje morale n\u00ebp\u00ebr mikrofona, n\u00eb internete e n\u00eb mitingje.<\/p>\n<p>Kjo pra \u00ebsht\u00eb fytyra e v\u00ebrtet\u00eb e kriz\u00ebs ton\u00eb morale! Sepse pushtetin e kan\u00eb dhe po e mbajn\u00eb v\u00ebllavras\u00ebsit e sot\u00ebm dhe, mesa duket, edhe t\u00eb s\u00eb nes\u00ebrmes t\u00eb af\u00ebrm! Vet\u00ebm kur t\u00eb identifikojm\u00eb v\u00ebllavras\u00ebsit, vet\u00ebm kur t\u00eb distancohemi dhe t\u00eb izolojm\u00eb k\u00ebta d\u00ebmsjell\u00ebs, at\u00ebher\u00eb Shqip\u00ebria ka p\u00ebr t\u00eb hyr\u00eb n\u00eb rrug\u00ebn e mbar\u00eb t\u00eb demokracis\u00eb!<\/p>\n","protected":false},"excerpt":{"rendered":"<p>Nga: Ki\u00e7o Blushi Her\u00ebn e kaluar mora shkas t\u00eb hulumtoj p\u00ebr nj\u00eb v\u00ebllavras\u00ebs konkret, &#8211; i cili tash ndodhet n\u00eb burg, me siguri i penduar &#8211; q\u00eb \u00e7oi n\u00eb bot\u00ebn tjet\u00ebr v\u00ebllan\u00eb p\u00ebr \u201cdy rr\u00ebnj\u00eb domate\u201d\u2026Ky fatzi e lum\u00ebzi q\u00eb u b\u00eb kriminel nga gjaknxeht\u00ebsia apo qoft\u00eb edhe nga bab\u00ebzia e nakatosur me padituri, m\u00eb [&hellip;]<\/p>\n","protected":false},"author":1,"featured_media":0,"comment_status":"open","ping_status":"closed","sticky":false,"template":"","format":"standard","meta":{"footnotes":""},"categories":[2],"tags":[],"class_list":{"0":"post-2738","1":"post","2":"type-post","3":"status-publish","4":"format-standard","6":"category-artikuj"},"yoast_head":"<!-- This site is optimized with the Yoast SEO plugin v27.4 - https:\/\/yoast.com\/product\/yoast-seo-wordpress\/ -->\n<title>Edhe nj\u00ebher\u00eb p\u00ebr v\u00ebllavras\u00ebsit (anonim\u00eb) t\u00eb vetidentifikuar - FjALA e LIR\u00cb - Arkivi<\/title>\n<meta name=\"robots\" content=\"index, follow, max-snippet:-1, max-image-preview:large, max-video-preview:-1\" \/>\n<link rel=\"canonical\" href=\"https:\/\/fjala.info\/2009-2015\/edhe-njehere-per-vellavrasesit-anonime-te-vetidentifikuar\/\" \/>\n<meta property=\"og:locale\" content=\"sq_AL\" \/>\n<meta property=\"og:type\" content=\"article\" \/>\n<meta property=\"og:title\" content=\"Edhe nj\u00ebher\u00eb p\u00ebr v\u00ebllavras\u00ebsit (anonim\u00eb) t\u00eb vetidentifikuar - FjALA e LIR\u00cb - Arkivi\" \/>\n<meta property=\"og:description\" content=\"Nga: Ki\u00e7o Blushi Her\u00ebn e kaluar mora shkas t\u00eb hulumtoj p\u00ebr nj\u00eb v\u00ebllavras\u00ebs konkret, &#8211; i cili tash ndodhet n\u00eb burg, me siguri i penduar &#8211; q\u00eb \u00e7oi n\u00eb bot\u00ebn tjet\u00ebr v\u00ebllan\u00eb p\u00ebr \u201cdy rr\u00ebnj\u00eb domate\u201d\u2026Ky fatzi e lum\u00ebzi q\u00eb u b\u00eb kriminel nga gjaknxeht\u00ebsia apo qoft\u00eb edhe nga bab\u00ebzia e nakatosur me padituri, m\u00eb [&hellip;]\" \/>\n<meta property=\"og:url\" content=\"https:\/\/fjala.info\/2009-2015\/edhe-njehere-per-vellavrasesit-anonime-te-vetidentifikuar\/\" \/>\n<meta property=\"og:site_name\" content=\"FjALA e LIR\u00cb - Arkivi\" \/>\n<meta property=\"article:published_time\" content=\"2010-05-20T06:46:08+00:00\" \/>\n<meta property=\"og:image\" content=\"http:\/\/www.shkoder.net\/images\/fjala\/kico_blushi.jpg\" \/>\n<meta name=\"author\" content=\"admin\" \/>\n<meta name=\"twitter:card\" content=\"summary_large_image\" \/>\n<meta name=\"twitter:label1\" content=\"Written by\" \/>\n\t<meta name=\"twitter:data1\" content=\"admin\" \/>\n\t<meta name=\"twitter:label2\" content=\"Est. reading time\" \/>\n\t<meta name=\"twitter:data2\" content=\"10 minutes\" \/>\n<script type=\"application\/ld+json\" class=\"yoast-schema-graph\">{\"@context\":\"https:\\\/\\\/schema.org\",\"@graph\":[{\"@type\":\"Article\",\"@id\":\"https:\\\/\\\/fjala.info\\\/2009-2015\\\/edhe-njehere-per-vellavrasesit-anonime-te-vetidentifikuar\\\/#article\",\"isPartOf\":{\"@id\":\"https:\\\/\\\/fjala.info\\\/2009-2015\\\/edhe-njehere-per-vellavrasesit-anonime-te-vetidentifikuar\\\/\"},\"author\":{\"name\":\"admin\",\"@id\":\"https:\\\/\\\/fjala.info\\\/2009-2015\\\/#\\\/schema\\\/person\\\/3aa1163ef05469c496fc94e77611ada2\"},\"headline\":\"Edhe nj\u00ebher\u00eb p\u00ebr v\u00ebllavras\u00ebsit (anonim\u00eb) t\u00eb vetidentifikuar\",\"datePublished\":\"2010-05-20T06:46:08+00:00\",\"mainEntityOfPage\":{\"@id\":\"https:\\\/\\\/fjala.info\\\/2009-2015\\\/edhe-njehere-per-vellavrasesit-anonime-te-vetidentifikuar\\\/\"},\"wordCount\":1945,\"commentCount\":0,\"publisher\":{\"@id\":\"https:\\\/\\\/fjala.info\\\/2009-2015\\\/#organization\"},\"image\":{\"@id\":\"https:\\\/\\\/fjala.info\\\/2009-2015\\\/edhe-njehere-per-vellavrasesit-anonime-te-vetidentifikuar\\\/#primaryimage\"},\"thumbnailUrl\":\"http:\\\/\\\/www.shkoder.net\\\/images\\\/fjala\\\/kico_blushi.jpg\",\"articleSection\":[\"Artikuj\"],\"inLanguage\":\"sq-AL\",\"potentialAction\":[{\"@type\":\"CommentAction\",\"name\":\"Comment\",\"target\":[\"https:\\\/\\\/fjala.info\\\/2009-2015\\\/edhe-njehere-per-vellavrasesit-anonime-te-vetidentifikuar\\\/#respond\"]}]},{\"@type\":\"WebPage\",\"@id\":\"https:\\\/\\\/fjala.info\\\/2009-2015\\\/edhe-njehere-per-vellavrasesit-anonime-te-vetidentifikuar\\\/\",\"url\":\"https:\\\/\\\/fjala.info\\\/2009-2015\\\/edhe-njehere-per-vellavrasesit-anonime-te-vetidentifikuar\\\/\",\"name\":\"Edhe nj\u00ebher\u00eb p\u00ebr v\u00ebllavras\u00ebsit (anonim\u00eb) t\u00eb vetidentifikuar - FjALA e LIR\u00cb - Arkivi\",\"isPartOf\":{\"@id\":\"https:\\\/\\\/fjala.info\\\/2009-2015\\\/#website\"},\"primaryImageOfPage\":{\"@id\":\"https:\\\/\\\/fjala.info\\\/2009-2015\\\/edhe-njehere-per-vellavrasesit-anonime-te-vetidentifikuar\\\/#primaryimage\"},\"image\":{\"@id\":\"https:\\\/\\\/fjala.info\\\/2009-2015\\\/edhe-njehere-per-vellavrasesit-anonime-te-vetidentifikuar\\\/#primaryimage\"},\"thumbnailUrl\":\"http:\\\/\\\/www.shkoder.net\\\/images\\\/fjala\\\/kico_blushi.jpg\",\"datePublished\":\"2010-05-20T06:46:08+00:00\",\"breadcrumb\":{\"@id\":\"https:\\\/\\\/fjala.info\\\/2009-2015\\\/edhe-njehere-per-vellavrasesit-anonime-te-vetidentifikuar\\\/#breadcrumb\"},\"inLanguage\":\"sq-AL\",\"potentialAction\":[{\"@type\":\"ReadAction\",\"target\":[\"https:\\\/\\\/fjala.info\\\/2009-2015\\\/edhe-njehere-per-vellavrasesit-anonime-te-vetidentifikuar\\\/\"]}]},{\"@type\":\"ImageObject\",\"inLanguage\":\"sq-AL\",\"@id\":\"https:\\\/\\\/fjala.info\\\/2009-2015\\\/edhe-njehere-per-vellavrasesit-anonime-te-vetidentifikuar\\\/#primaryimage\",\"url\":\"http:\\\/\\\/www.shkoder.net\\\/images\\\/fjala\\\/kico_blushi.jpg\",\"contentUrl\":\"http:\\\/\\\/www.shkoder.net\\\/images\\\/fjala\\\/kico_blushi.jpg\"},{\"@type\":\"BreadcrumbList\",\"@id\":\"https:\\\/\\\/fjala.info\\\/2009-2015\\\/edhe-njehere-per-vellavrasesit-anonime-te-vetidentifikuar\\\/#breadcrumb\",\"itemListElement\":[{\"@type\":\"ListItem\",\"position\":1,\"name\":\"Home\",\"item\":\"https:\\\/\\\/fjala.info\\\/2009-2015\\\/\"},{\"@type\":\"ListItem\",\"position\":2,\"name\":\"Edhe nj\u00ebher\u00eb p\u00ebr v\u00ebllavras\u00ebsit (anonim\u00eb) t\u00eb vetidentifikuar\"}]},{\"@type\":\"WebSite\",\"@id\":\"https:\\\/\\\/fjala.info\\\/2009-2015\\\/#website\",\"url\":\"https:\\\/\\\/fjala.info\\\/2009-2015\\\/\",\"name\":\"FjALA e LIR\u00cb - Arkivi\",\"description\":\"Arkivi 2009-2015\",\"publisher\":{\"@id\":\"https:\\\/\\\/fjala.info\\\/2009-2015\\\/#organization\"},\"potentialAction\":[{\"@type\":\"SearchAction\",\"target\":{\"@type\":\"EntryPoint\",\"urlTemplate\":\"https:\\\/\\\/fjala.info\\\/2009-2015\\\/?s={search_term_string}\"},\"query-input\":{\"@type\":\"PropertyValueSpecification\",\"valueRequired\":true,\"valueName\":\"search_term_string\"}}],\"inLanguage\":\"sq-AL\"},{\"@type\":\"Organization\",\"@id\":\"https:\\\/\\\/fjala.info\\\/2009-2015\\\/#organization\",\"name\":\"FjALA e LIR\u00cb - Arkivi\",\"url\":\"https:\\\/\\\/fjala.info\\\/2009-2015\\\/\",\"logo\":{\"@type\":\"ImageObject\",\"inLanguage\":\"sq-AL\",\"@id\":\"https:\\\/\\\/fjala.info\\\/2009-2015\\\/#\\\/schema\\\/logo\\\/image\\\/\",\"url\":\"\",\"contentUrl\":\"\",\"caption\":\"FjALA e LIR\u00cb - Arkivi\"},\"image\":{\"@id\":\"https:\\\/\\\/fjala.info\\\/2009-2015\\\/#\\\/schema\\\/logo\\\/image\\\/\"}},{\"@type\":\"Person\",\"@id\":\"https:\\\/\\\/fjala.info\\\/2009-2015\\\/#\\\/schema\\\/person\\\/3aa1163ef05469c496fc94e77611ada2\",\"name\":\"admin\",\"image\":{\"@type\":\"ImageObject\",\"inLanguage\":\"sq-AL\",\"@id\":\"https:\\\/\\\/fjala.info\\\/2009-2015\\\/wp-content\\\/uploads\\\/2012\\\/02\\\/arben_cokaj-120x150.jpg\",\"url\":\"https:\\\/\\\/fjala.info\\\/2009-2015\\\/wp-content\\\/uploads\\\/2012\\\/02\\\/arben_cokaj-120x150.jpg\",\"contentUrl\":\"https:\\\/\\\/fjala.info\\\/2009-2015\\\/wp-content\\\/uploads\\\/2012\\\/02\\\/arben_cokaj-120x150.jpg\",\"caption\":\"admin\"},\"description\":\"Admin, Fjala e Lir\u00eb\",\"sameAs\":[\"https:\\\/\\\/fjala.info\\\/\"],\"url\":\"https:\\\/\\\/fjala.info\\\/2009-2015\\\/author\\\/admin\\\/\"}]}<\/script>\n<!-- \/ Yoast SEO plugin. -->","yoast_head_json":{"title":"Edhe nj\u00ebher\u00eb p\u00ebr v\u00ebllavras\u00ebsit (anonim\u00eb) t\u00eb vetidentifikuar - FjALA e LIR\u00cb - Arkivi","robots":{"index":"index","follow":"follow","max-snippet":"max-snippet:-1","max-image-preview":"max-image-preview:large","max-video-preview":"max-video-preview:-1"},"canonical":"https:\/\/fjala.info\/2009-2015\/edhe-njehere-per-vellavrasesit-anonime-te-vetidentifikuar\/","og_locale":"sq_AL","og_type":"article","og_title":"Edhe nj\u00ebher\u00eb p\u00ebr v\u00ebllavras\u00ebsit (anonim\u00eb) t\u00eb vetidentifikuar - FjALA e LIR\u00cb - Arkivi","og_description":"Nga: Ki\u00e7o Blushi Her\u00ebn e kaluar mora shkas t\u00eb hulumtoj p\u00ebr nj\u00eb v\u00ebllavras\u00ebs konkret, &#8211; i cili tash ndodhet n\u00eb burg, me siguri i penduar &#8211; q\u00eb \u00e7oi n\u00eb bot\u00ebn tjet\u00ebr v\u00ebllan\u00eb p\u00ebr \u201cdy rr\u00ebnj\u00eb domate\u201d\u2026Ky fatzi e lum\u00ebzi q\u00eb u b\u00eb kriminel nga gjaknxeht\u00ebsia apo qoft\u00eb edhe nga bab\u00ebzia e nakatosur me padituri, m\u00eb [&hellip;]","og_url":"https:\/\/fjala.info\/2009-2015\/edhe-njehere-per-vellavrasesit-anonime-te-vetidentifikuar\/","og_site_name":"FjALA e LIR\u00cb - Arkivi","article_published_time":"2010-05-20T06:46:08+00:00","og_image":[{"url":"http:\/\/www.shkoder.net\/images\/fjala\/kico_blushi.jpg","type":"","width":"","height":""}],"author":"admin","twitter_card":"summary_large_image","twitter_misc":{"Written by":"admin","Est. reading time":"10 minutes"},"schema":{"@context":"https:\/\/schema.org","@graph":[{"@type":"Article","@id":"https:\/\/fjala.info\/2009-2015\/edhe-njehere-per-vellavrasesit-anonime-te-vetidentifikuar\/#article","isPartOf":{"@id":"https:\/\/fjala.info\/2009-2015\/edhe-njehere-per-vellavrasesit-anonime-te-vetidentifikuar\/"},"author":{"name":"admin","@id":"https:\/\/fjala.info\/2009-2015\/#\/schema\/person\/3aa1163ef05469c496fc94e77611ada2"},"headline":"Edhe nj\u00ebher\u00eb p\u00ebr v\u00ebllavras\u00ebsit (anonim\u00eb) t\u00eb vetidentifikuar","datePublished":"2010-05-20T06:46:08+00:00","mainEntityOfPage":{"@id":"https:\/\/fjala.info\/2009-2015\/edhe-njehere-per-vellavrasesit-anonime-te-vetidentifikuar\/"},"wordCount":1945,"commentCount":0,"publisher":{"@id":"https:\/\/fjala.info\/2009-2015\/#organization"},"image":{"@id":"https:\/\/fjala.info\/2009-2015\/edhe-njehere-per-vellavrasesit-anonime-te-vetidentifikuar\/#primaryimage"},"thumbnailUrl":"http:\/\/www.shkoder.net\/images\/fjala\/kico_blushi.jpg","articleSection":["Artikuj"],"inLanguage":"sq-AL","potentialAction":[{"@type":"CommentAction","name":"Comment","target":["https:\/\/fjala.info\/2009-2015\/edhe-njehere-per-vellavrasesit-anonime-te-vetidentifikuar\/#respond"]}]},{"@type":"WebPage","@id":"https:\/\/fjala.info\/2009-2015\/edhe-njehere-per-vellavrasesit-anonime-te-vetidentifikuar\/","url":"https:\/\/fjala.info\/2009-2015\/edhe-njehere-per-vellavrasesit-anonime-te-vetidentifikuar\/","name":"Edhe nj\u00ebher\u00eb p\u00ebr v\u00ebllavras\u00ebsit (anonim\u00eb) t\u00eb vetidentifikuar - FjALA e LIR\u00cb - Arkivi","isPartOf":{"@id":"https:\/\/fjala.info\/2009-2015\/#website"},"primaryImageOfPage":{"@id":"https:\/\/fjala.info\/2009-2015\/edhe-njehere-per-vellavrasesit-anonime-te-vetidentifikuar\/#primaryimage"},"image":{"@id":"https:\/\/fjala.info\/2009-2015\/edhe-njehere-per-vellavrasesit-anonime-te-vetidentifikuar\/#primaryimage"},"thumbnailUrl":"http:\/\/www.shkoder.net\/images\/fjala\/kico_blushi.jpg","datePublished":"2010-05-20T06:46:08+00:00","breadcrumb":{"@id":"https:\/\/fjala.info\/2009-2015\/edhe-njehere-per-vellavrasesit-anonime-te-vetidentifikuar\/#breadcrumb"},"inLanguage":"sq-AL","potentialAction":[{"@type":"ReadAction","target":["https:\/\/fjala.info\/2009-2015\/edhe-njehere-per-vellavrasesit-anonime-te-vetidentifikuar\/"]}]},{"@type":"ImageObject","inLanguage":"sq-AL","@id":"https:\/\/fjala.info\/2009-2015\/edhe-njehere-per-vellavrasesit-anonime-te-vetidentifikuar\/#primaryimage","url":"http:\/\/www.shkoder.net\/images\/fjala\/kico_blushi.jpg","contentUrl":"http:\/\/www.shkoder.net\/images\/fjala\/kico_blushi.jpg"},{"@type":"BreadcrumbList","@id":"https:\/\/fjala.info\/2009-2015\/edhe-njehere-per-vellavrasesit-anonime-te-vetidentifikuar\/#breadcrumb","itemListElement":[{"@type":"ListItem","position":1,"name":"Home","item":"https:\/\/fjala.info\/2009-2015\/"},{"@type":"ListItem","position":2,"name":"Edhe nj\u00ebher\u00eb p\u00ebr v\u00ebllavras\u00ebsit (anonim\u00eb) t\u00eb vetidentifikuar"}]},{"@type":"WebSite","@id":"https:\/\/fjala.info\/2009-2015\/#website","url":"https:\/\/fjala.info\/2009-2015\/","name":"FjALA e LIR\u00cb - Arkivi","description":"Arkivi 2009-2015","publisher":{"@id":"https:\/\/fjala.info\/2009-2015\/#organization"},"potentialAction":[{"@type":"SearchAction","target":{"@type":"EntryPoint","urlTemplate":"https:\/\/fjala.info\/2009-2015\/?s={search_term_string}"},"query-input":{"@type":"PropertyValueSpecification","valueRequired":true,"valueName":"search_term_string"}}],"inLanguage":"sq-AL"},{"@type":"Organization","@id":"https:\/\/fjala.info\/2009-2015\/#organization","name":"FjALA e LIR\u00cb - Arkivi","url":"https:\/\/fjala.info\/2009-2015\/","logo":{"@type":"ImageObject","inLanguage":"sq-AL","@id":"https:\/\/fjala.info\/2009-2015\/#\/schema\/logo\/image\/","url":"","contentUrl":"","caption":"FjALA e LIR\u00cb - Arkivi"},"image":{"@id":"https:\/\/fjala.info\/2009-2015\/#\/schema\/logo\/image\/"}},{"@type":"Person","@id":"https:\/\/fjala.info\/2009-2015\/#\/schema\/person\/3aa1163ef05469c496fc94e77611ada2","name":"admin","image":{"@type":"ImageObject","inLanguage":"sq-AL","@id":"https:\/\/fjala.info\/2009-2015\/wp-content\/uploads\/2012\/02\/arben_cokaj-120x150.jpg","url":"https:\/\/fjala.info\/2009-2015\/wp-content\/uploads\/2012\/02\/arben_cokaj-120x150.jpg","contentUrl":"https:\/\/fjala.info\/2009-2015\/wp-content\/uploads\/2012\/02\/arben_cokaj-120x150.jpg","caption":"admin"},"description":"Admin, Fjala e Lir\u00eb","sameAs":["https:\/\/fjala.info\/"],"url":"https:\/\/fjala.info\/2009-2015\/author\/admin\/"}]}},"_links":{"self":[{"href":"https:\/\/fjala.info\/2009-2015\/wp-json\/wp\/v2\/posts\/2738","targetHints":{"allow":["GET"]}}],"collection":[{"href":"https:\/\/fjala.info\/2009-2015\/wp-json\/wp\/v2\/posts"}],"about":[{"href":"https:\/\/fjala.info\/2009-2015\/wp-json\/wp\/v2\/types\/post"}],"author":[{"embeddable":true,"href":"https:\/\/fjala.info\/2009-2015\/wp-json\/wp\/v2\/users\/1"}],"replies":[{"embeddable":true,"href":"https:\/\/fjala.info\/2009-2015\/wp-json\/wp\/v2\/comments?post=2738"}],"version-history":[{"count":0,"href":"https:\/\/fjala.info\/2009-2015\/wp-json\/wp\/v2\/posts\/2738\/revisions"}],"wp:attachment":[{"href":"https:\/\/fjala.info\/2009-2015\/wp-json\/wp\/v2\/media?parent=2738"}],"wp:term":[{"taxonomy":"category","embeddable":true,"href":"https:\/\/fjala.info\/2009-2015\/wp-json\/wp\/v2\/categories?post=2738"},{"taxonomy":"post_tag","embeddable":true,"href":"https:\/\/fjala.info\/2009-2015\/wp-json\/wp\/v2\/tags?post=2738"}],"curies":[{"name":"wp","href":"https:\/\/api.w.org\/{rel}","templated":true}]}}