{"id":2736,"date":"2010-05-20T07:09:52","date_gmt":"2010-05-20T06:09:52","guid":{"rendered":"http:\/\/fjala.shkoder.net\/?p=2736"},"modified":"2010-05-20T07:09:52","modified_gmt":"2010-05-20T06:09:52","slug":"fjale-qe-lendojne-fjale-qe-damtojne","status":"publish","type":"post","link":"https:\/\/fjala.info\/2009-2015\/fjale-qe-lendojne-fjale-qe-damtojne\/","title":{"rendered":"FJAL\u00cb Q\u00cb L\u00cbNDOJN\u00cb &#8212; FJAL\u00cb Q\u00cb DAMTOJN\u00cb"},"content":{"rendered":"<p><strong>Mahmut Selimi<\/strong><\/p>\n<p>Fjal\u00ebt e pavend me t\u00eb cilat  Dom Anton Kqira akuzohet t\u00eb ket\u00eb shqiptue (dhe ai nuk i ka mohue por pranue burrenisht, dhe k\u00ebrkue falje bot\u00ebnisht) jan\u00eb shprehje t\u00eb daluna n\u00eb momente d\u00ebshprimi, ashtu si bame edhe na: \u201cDreqi ta marr\u00eb!\u201d \u201cK\u00ebta jan\u00eb horra, fund\u00ebria e populli shqiptar!\u201c e tjera, kur ndigjuem se t\u00eb rij shqiptar\u00eb mobilizohen nga terrorist\u00eb me vra ushtar\u00eb amerikan\u00eb, bash n\u00eb kampin, ku para nji dekade u strehuen dhe, u ushqyen qindra refugjat\u00eb kosovar\u00eb t\u00eb hjedhun jasht\u00eb votrave t\u00eb tyne nga agresioni serb n\u00eb Kosov\u00eb. <\/p>\n<p>Ose, kur 50 shqiptar\u00eb rekrutohen nga Al Kaida me luftue kund\u00ebr Amerik\u00ebs n\u00eb Afganistan, kur organizatat bamirese t\u00eb Arabis\u00eb Saudite mbjellin vner e urrejtje p\u00ebr Amerik\u00ebn n\u00eb mes t\u00eb shqiptar\u00ebve, apo kur termeti shkat\u00ebrron Haitin e interpretohet sikur asht\u00eb nji d\u00ebnim i Zotit p\u00ebr luft\u00ebn kund\u00ebr terrorizmit n\u00eb Irak dhe Afganistan &#8211; si\u00e7 shkruente gazeta \u201cThe Sunday Times\u201d e Londonit, pak dit\u00eb ma par\u00eb.<\/p>\n<p><strong>Sami  Repishti &#038; Tonin Mirakaj<\/strong><\/p>\n<p>Ridgefield, CT. &#8211; Koh\u00ebt e fundit, mjetet e informimit shqiptar kan\u00eb botue thanje, deklarata, interpretime dhe gjykime q\u00eb, p\u00ebr mendimin ton\u00eb, njollosin emnin e mir\u00eb t\u00eb shoqenis\u00eb, dhe prestigjin e shtetit shqiptar.<\/p>\n<p>Shprehje t\u00eb nji momenti deshprimi ose deklarata t\u00eb bame, ndoshta p\u00ebr q\u00ebllime te  llogarituna politike, kan\u00eb krijue nji konfuzion mendor n\u00eb mesin e lexuesve shqiptar\u00eb. Kjo gjendje e pad\u00ebshirueshme u randue shum\u00eb me keqinterpretimet, qoft\u00eb nga paaft\u00ebsia, qoft\u00eb nga q\u00ebllimet e errta, t\u00eb element\u00ebve q\u00eb, t\u00eb mshehun mbas t\u00eb ashtuquejtunave \u201cparime\u201d nuk hezitojn\u00eb me shp\u00ebrthye, n\u00eb form\u00eb e n\u00eb dend\u00ebsi t\u00eb damshme, \u201cn\u00eb mbrojtje\u201d t\u00eb njen\u00ebs apo tjetr\u00ebs ideologji, me frym\u00ebn e zemrimit ose t\u00eb hakmarrjes, e sidomos me qendrimin e patundun se \u201cteza\u201d e tyne asht\u00eb teza e vetme e v\u00ebrtet\u00eb.<\/p>\n<p>Nji qendrim i k\u00ebtill vet\u00ebk\u00ebnaqsie, ose nji qendrim i k\u00ebtill prej gjykatsi suprem asht\u00eb n\u00eb vetevete nji qendrim i gabuem. Askush nuk ka t\u00eb drejt\u00eb t\u00eb reklamoj\u00eb t\u00eb vertet\u00ebn absolute, &#8211; si fashist\u00ebt e komunist\u00ebt &#8211; nji qendrim ky q\u00eb i ka kushtue shum\u00eb popullit e vendit ton\u00eb t\u00eb shum\u00ebvuejtun.<\/p>\n<p>Na lejoni k\u00ebtu t\u00eb pers\u00ebrisim thanjen e nji akademiku amerikan, kur k\u00ebshillonte student\u00ebt e tij n\u00eb Universitetin Princeton, Ne\u00eb Jersey. Ai thonte se, edhe kur t\u00eb jeni plot\u00ebsisht t\u00eb bindun se keni t\u00eb drejt\u00eb mbi nji subjekt diskutimi, mendoni p\u00ebr nji minut\u00eb, se ndoshta 1% mund t\u00eb jeni gabim. Kjo pik\u00eb dyshimi n\u00eb mendjen tuej nuk do t\u00eb lejoj\u00eb t\u00eb baheni fanatik. Nji fjal\u00eb e urt\u00eb, nji keshill\u00eb me vend p\u00ebr t\u00eb gjith\u00eb ne.<br \/>\nK\u00ebtu e kemi fjal\u00ebn p\u00ebr shprehjen e gabueme t\u00eb nji njeriu t\u00eb mir\u00eb, q\u00ebllimi i jet\u00ebs s\u00eb t\u00eb cilit ka qen\u00eb, dhe mbetet, pasunimi i vet\u00ebvetes dhe i t\u00eb tjer\u00ebve me dashuni p\u00ebr krijes\u00ebn e Zotit, (the brotherhood of man) dhe shp\u00ebrndamja e k\u00ebtij pasunimi tek t\u00eb gjith\u00eb.<\/p>\n<p>Ky njeri, q\u00eb na kemi pase fatin me njoh\u00eb shum\u00eb vjete ma par\u00eb, dhe q\u00eb p\u00ebr ne p\u00ebrfaqeson nji nga figurat e ndrituna t\u00eb bashkesis\u00eb son\u00eb shqiptaro &#8211; amerikane, quhet Dom Anton Kqira, famullitar i Kish\u00ebs Katolike Shqipare \u201cSh\u00ebn Pali\u201d n\u00eb Detroit, MI.<\/p>\n<p>Ky personalitet fetar n\u00eb fshatin Glogjan t\u00eb Kosov\u00ebs njihej si prifti q\u00eb vizitonte shtepit\u00eb e bashk\u00ebfshatar\u00ebve myslimane p\u00ebr festat e tyne, kujtohej atje si shembull i nalt\u00eb bashk\u00ebjetese fetare, simbol i mir\u00ebkuptimit dhe toleranc\u00ebs, dhe atdhetar i pal\u00ebkundun n\u00eb luft\u00ebn p\u00ebr liri t\u00eb popullit kosovar dhe Pavar\u00ebsi t\u00eb Kosov\u00ebs.<\/p>\n<p>Na i lejojm\u00eb vet\u00ebs me fol\u00eb k\u00ebshtu, sepse e njoh\u00ebm p\u00ebr s\u00eb af\u00ebrmi k\u00ebt\u00eb sh\u00ebrbestar t\u00eb Kish\u00ebs Katolike Apostolike Shqiptare dhe t\u00eb Atdheut shqiptar. Me te biseduem, qam\u00eb hallet tona, vizituem qeveritar\u00ebt n\u00eb \u00cbashington, D.C. dhe s\u00eb bashku u lutem q\u00eb Amerika e Madhe e Bujare t\u00eb Kethej Syte Kah Kosova e Martirizueme, atje ku populli vuente si gjarpni n\u00ebn gurin serb, ku jeta e shqiptarit nuk vlente asnji pare, ose bahej e padurueshme n\u00eb votr\u00ebn e vet e t\u00eb par\u00ebvet tij.<\/p>\n<p>Fjal\u00ebt e pavend me t\u00eb cilat  Dom Anton Kqira akuzohet t\u00eb ket\u00eb shqiptue (dhe ai nuk i ka mohue por pranue burrenisht, dhe k\u00ebrkue falje bot\u00ebnisht) jan\u00eb shprehje t\u00eb daluna n\u00eb momente d\u00ebshprimi, ashtu si bame edhe na: \u201cDreqi ta marr\u00eb!\u201d \u201cK\u00ebta jan\u00eb horra, fund\u00ebria e populli shqiptar!\u201c e tjera, kur ndigjuem se t\u00eb rij shqiptar\u00eb mobilizohen nga terrorist\u00eb me vra ushtar\u00eb amerikan\u00eb, bash n\u00eb kampin, ku para nji dekade u strehuen dhe, u ushqyen qindra refugjat\u00eb kosovar\u00eb t\u00eb hjedhun jasht\u00eb votrave t\u00eb tyne nga agresioni serb n\u00eb Kosov\u00eb. <\/p>\n<p>Ose, kur 50 shqiptar\u00eb rekrutohen nga Al Kaida me luftue kund\u00ebr Amerik\u00ebs n\u00eb Afganistan, kur organizatat bamirese t\u00eb Arabis\u00eb Saudite mbjellin vner e urrejtje p\u00ebr Amerik\u00ebn n\u00eb mes t\u00eb shqiptar\u00ebve, apo kur termeti shkat\u00ebrron Haitin e interpretohet sikur asht\u00eb nji d\u00ebnim i Zotit p\u00ebr luft\u00ebn kund\u00ebr terrorizmit n\u00eb Irak dhe Afganistan &#8211; si\u00e7 shkruente gazeta \u201cThe Sunday Times\u201d e Londonit, pak dit\u00eb ma par\u00eb.<\/p>\n<p>Natyrisht, qet\u00ebsia dhe meditacioni i mirefillt\u00eb jan\u00eb dy viktim\u00ebt e para n\u00eb raste t\u00eb k\u00ebtilla t\u00eb skajshme. Si rrjedhim, nji perfundim logjik nuk asht\u00eb i mundun. Humbet gjakftoh\u00ebsia, ashtu si ngjau me priftin ton\u00eb t\u00eb nderuem. E quejm\u00eb \u201ct\u00eb nderuem\u201d sepse n\u00eb demonstrat\u00ebn e 12 Qershorit 1998, para Sht\u00ebpis\u00eb s\u00eb Bardh\u00eb n\u00eb \u00cbashington, D.C. dhe para nji turme prej ma shum\u00eb se 1.000 bashk\u00ebatdhetar\u00ebsh, ky prift katolik elektrifikoi masat e shqiptar\u00ebve me p\u00ebrshkrimin e gjendjes s\u00eb rand\u00eb q\u00eb mbret\u00ebnonte n\u00eb trojet shqiptare t\u00eb pushtueme nga serb\u00ebt e Millosheviqigt, e pyeti:<\/p>\n<p>\u201c\u2026Deri kur do t\u00eb duroni Serbin\u00eb, Z. President (Clinton), t\u00eb luej me fatin e popujve t\u00eb pambrojtun? Un\u00eb i lutem Administrat\u00ebs amerikane t\u00eb ndihmoj\u00eb popullin shqiptar t\u00eb Kosov\u00ebs dhe t\u00eb trojeve tjera t\u00eb pushtueme q\u00eb t\u00eb realizojne t\u00eb drejtat e tyne p\u00ebr vet\u00ebvendosje!\u201d (Illyria, #639, 14-16 Qershor 1998, f.9)<\/p>\n<p>Asht\u00eb nji prift katolik q\u00eb lutet p\u00ebr nji popullsi 90 p\u00ebrqind myslimane. Mendoni! Gjeni nji shembull tjet\u00ebr n\u00eb bot\u00ebn e qytetnueme q\u00eb krahasohet me k\u00ebt\u00eb fisnik\u00ebri. Asht\u00eb ky prift katolik, q\u00eb udh\u00ebton n\u00eb Rambouillet (France) n\u00eb dit\u00ebt vendimtare t\u00eb Shkurtit dhe Marsit 1999, me delegacionin e K\u00ebshillit Komb\u00ebtar Shqiptaro &#8211; Amerikan (NAAC) e n\u00eb shoq\u00ebni t\u00eb kongresmen\u00ebve amerikan\u00eb, Elliot Engel and Sue Kelly, q\u00eb takon Ambasadorin Chris Hill, e zyrtar\u00eb t\u00eb Departmentit t\u00eb Shtetit, dhe k\u00ebshillon anetar\u00ebt e delegacionit kosovar: Rugova, Tha\u00e7i, Surroi dhe Qosja. K\u00ebthehet n\u00eb Detroit me shpres\u00eb, e ushqen shpres\u00ebn edhe tek t\u00eb tjer\u00ebt. Gjith\u00ebher\u00eb p\u00ebr Kosov\u00ebn e martirizueme!<\/p>\n<p>Incidenti fatkeq i Dom Anton K\u00e7ir\u00ebs, ka qen\u00eb dhe mbetet nji akt i<br \/>\nvetmuem dhe nuk ka asnji arsye t\u00eb trumbetohet ashtu si fatkeqsisht<br \/>\nngjau para pak kohe. Ndoshta sepse emni i priftit ton\u00eb ka jehon\u00eb t\u00eb<br \/>\nmadhe, peshon shum\u00eb n\u00eb mendjet dhe zemrat tona, e zen edhe nji vend<br \/>\nnderi n\u00eb rreshtin e udh\u00ebheq\u00ebsve t\u00eb bashk\u00ebsis\u00eb son\u00eb. Sidoqoft\u00eb, na nuk<br \/>\nmohojm\u00eb se duhet d\u00ebnue akti, ashtu si asht\u00eb denue nga vet\u00eb aktori.<\/p>\n<p>Fjala e tij nuk p\u00ebrfaqeson popullsin\u00eb katolike, qendrimin e mentalitetin e k\u00ebsaj popullsie, dhe padyshim nuk mund t\u00eb jet\u00eb qendrimi politik i nji kleriku, q\u00eb i ka kushtue jet\u00ebn binomit \u201cFe e Atdhe\u201d, e q\u00eb ka fitue zemrat e qytetar\u00ebve q\u00eb e njohin e mbajn\u00eb kontakt me te. Ashtu si na!<\/p>\n<p>Arsyeja p\u00ebr nji digresion t\u00eb k\u00ebtill asht\u00eb reagimi primitiv, q\u00ebllimkeq dhe shum\u00eb i rreziksh\u00ebm q\u00eb ndoqi k\u00ebt\u00eb incident. A jemi me t\u00eb v\u00ebrtet\u00eb kaq te mbrapsht\u00eb sa q\u00eb t\u00eb krijojm\u00eb situata t\u00eb k\u00ebtilla q\u00eb damtojn\u00eb imazhin ton\u00eb n\u00eb vend dhe n\u00eb bot\u00eb? Individ\u00eb -ose grupe- u ngrit\u00ebn n\u00eb kamb\u00eb, sikur t\u00eb kishin marr\u00eb urdh\u00ebn nga komanda. E filluen sulmin e pa parim dhe shkat\u00ebrrimtar.<\/p>\n<p>K\u00ebta individ\u00eb, ose grupe, kane nevoje per perkrahje publike qe ata nuk e kane dhe qe as e meritojne, nji perkrahje te cilen nuk mund ta fitojne me mjete te ndershme dhe logjike. Prandej, ata shfrytezojne kete \u201cgabim te paqellimte\u201d. Kete \u201clapsus linguae\u201d. Dhe ajo qe shumezon disa here damin e shkaktuem ashte nxitja qe rrjedh nga mjetet e papergjegjeshme te informimit, tue lejue qe njerez te paafte, dhe pa autoritet moral, te ngrihen ne piedestalin e \u201cudhe-rrefyesit\u201d, te keshilltarit, dhe te \u201cpatriotit\u201d.                                                       <\/p>\n<p>*  *  *<\/p>\n<p>Asht\u00eb shum\u00eb lehte me shkat\u00ebrrue at\u00eb q\u00eb kemi nd\u00ebrtue p\u00ebr shekuj me rradh\u00eb; n\u00eb k\u00ebt\u00eb rast. Bashk\u00ebjetes\u00ebn fetare, jo thjesht\u00ebsisht toleranc\u00ebn, por bashk\u00ebpunimin e ngusht\u00eb e t\u00eb p\u00ebrdit\u00ebsh\u00ebm. Asht\u00eb shum\u00eb e v\u00ebshtir\u00eb t\u00eb nd\u00ebrtohet, e sidomos t\u00eb ri-nd\u00ebrtohet. Shqiptar\u00ebt kan\u00eb nji histori t\u00eb gjat\u00eb dhe nuk duhet ta harrojm\u00eb at\u00eb, asnjiher\u00eb!<\/p>\n<p>Na jetojm\u00eb sot n\u00eb nji bot\u00eb, ku shoq\u00ebnia njer\u00ebzore, asht\u00eb n\u00eb nji gjendje fluide, n\u00eb nji fluks q\u00eb ka \u201charrue\u201d rrug\u00ebn e se kaluemes, e qe nuk ka \u201cgjet\u00eb\u201d ende rrug\u00ebn q\u00eb duhet ndjek\u00eb. Shekulli XX ka qen\u00eb shekulli ma gjakatar q\u00eb njohim, shekulli i holokaustit nazist dhe i gulag\u00ebve komunist\u00eb. Shtetet jan\u00eb shue, te tjere kane linde, me ose pa vullnetin e tyne, sikur nji dor\u00eb e msheht\u00eb t\u00eb drejtoj\u00eb fatet e miljonave t\u00eb pazash\u00ebm. Shqiptar\u00ebt e din\u00eb mir\u00eb k\u00ebt\u00eb histori sepse jan\u00eb shkel\u00eb, shtyp\u00eb e shfaros\u00eb pa meshir\u00eb, pa mbrojtje, pa faj. <\/p>\n<p>N\u00eb t\u00eb v\u00ebrtet\u00eb, ajo q\u00eb i jep historis\u00eb son\u00eb karakterin e saj\u00eb tragjik asht\u00eb pik\u00ebrisht fakti se kemi qen\u00eb te pafajsh\u00ebm, dhe pa miq- viktim\u00eb e nji bote pa ndjenja dhe pa mend\u2026!<\/p>\n<p>P\u00ebr nji kombinacion fatlum t\u00eb rrethanave, sot kemi nji shtet shqiptar t\u00eb pavarun, nji Kosov\u00eb Republik\u00eb t\u00eb Pavarun, nji pakic\u00eb shqiptare n\u00eb Maqedoni q\u00eb ka mund\u00ebsi zhvillimi, dhe popullsi shqiptare n\u00eb Mal te Zi e Kosov\u00ebn Lindore (Lugina e Preshev\u00ebs), q\u00eb kan\u00eb guximin me u organizue p\u00ebr sigurimin e t\u00eb drejtave q\u00eb u p\u00ebrkasin. Hap\u00ebsina shqiptare n\u00eb Ballkan &#8211; af\u00ebr shtat\u00eb miljon\u00eb &#8211; asht\u00eb sot n\u00eb fermentim t\u00eb plot\u00eb q\u00eb premton nji zhvillim ma t\u00eb madh, e ma t\u00eb plot\u00eb. <\/p>\n<p>Kauza komb\u00ebtare shqiptare ec\u00ebn ne rrug\u00eb t\u00eb mbar. Nji l\u00ebvizje p\u00ebr bashkim kulturor komb\u00ebtar po rritet \u00e7do dit\u00eb n\u00ebp\u00ebrmjet arsimit dhe institucion\u00ebve tona akademike. Nji afrim ekonomik bashk\u00eb-komb\u00ebtar rritet \u00e7do dit\u00eb, dhe mund\u00ebsia e nji pranie t\u00eb p\u00ebrbashk\u00ebt n\u00eb gjiun e Europ\u00ebs s\u00eb Bashklueme, asht\u00eb sot nji and\u00ebrr q\u00eb guxojm\u00eb t\u00eb ushqejm\u00eb, dhe q\u00eb shpresojm\u00eb t\u00eb realizohet. Me prish\u00eb balanc\u00ebn e nji ecje kaq premtuese asht\u00eb ma shume se faj: asht\u00eb nji krim, q\u00eb duhet pengue dhe d\u00ebnue nga t\u00eb gjith\u00eb.<\/p>\n<p>Nji d\u00ebnim t\u00eb k\u00ebtill meriton fushata shkat\u00ebrrimtare, q\u00eb lekunde bazat e bashk\u00ebpunimit nd\u00ebrfetar, dhe humbja e oportunitetit dhe e konfidenc\u00ebs son\u00eb n\u00eb t\u00eb ardhmen tone do t\u00eb  ishte nji tragjedi komb\u00ebtare me rrjedhime t\u00eb pa parashikueshme!<\/p>\n<p>E kaluemja jon\u00eb nuk ka vdek\u00eb e nuk mund ta vorrosim; ajo asht\u00eb e gjall\u00eb e ushqen &#8211; ose duhet t\u00eb ushqej\u00eb &#8211; t\u00eb tashmen q\u00eb jetojm\u00eb, e t\u00eb ardhmen q\u00eb shpresojm\u00eb me ndertue. E kaluemja asht\u00eb m\u00ebsuesja jon\u00eb. Ajo siguron vazhdim\u00ebsin\u00eb e rrug\u00ebs son\u00eb!<\/p>\n<p>Kjo eg\u00ebrsi q\u00eb po tregohet sot me incidentin K\u00e7ira dhe kjo prirje me harrue t\u00eb kaluemen na frik\u00ebsojne shum\u00eb! Dhe kjo frik\u00eb na kujton nji tjet\u00ebr fenomen q\u00eb ngjau k\u00ebto dit\u00eb n\u00eb Shqip\u00ebri. Mbas takimit Berisha &#8211; Nano n\u00eb restaurantin e Vjenes, shtypi shqiptar filloi spekulimet rreth mund\u00ebsis\u00eb se nji marreveshje politike p\u00ebr promovimin e ish-kryeministrit socialist Nano n\u00eb rolin e presidentit t\u00eb ardh\u00ebm t\u00eb Shqip\u00ebris\u00eb. E gjithe kjo kur n\u00eb Shqip\u00ebri ky post i nalte mbahet nga Dr. Bamir Topi, i njohun si nji demokrat q\u00eb respekton Kushtetuten e vendit.<\/p>\n<p>K\u00ebto mbrapaskena dhe manipulime politike n\u00eb kurriz t\u00eb Presidentit legal Dr. Topi dob\u00ebsojn\u00eb pozit\u00ebn e tij, dhe bajn\u00eb kryemjen e funsksionit tij ma t\u00eb v\u00ebshtir\u00eb se sa duhet, tue ul\u00eb autoritetin e Presidenc\u00ebs n\u00eb dam t\u00eb mbar\u00ebvajtjes shtetnore. Nji shkall\u00ebzim i k\u00ebtill ngjet vet\u00ebm n\u00eb \u201cbanana republics\u201d, ku president\u00ebt ngrit\u00ebn e zbrit\u00ebn simbas d\u00ebshir\u00ebs s\u00eb koorporatave grabit\u00e7are ose kaporion\u00ebve t\u00eb grupeve politike, q\u00eb ndajn\u00eb shtetin e pushtetin n\u00eb dam t\u00eb popullsis\u00eb dhe n\u00eb p\u00ebrfitim t\u00eb tyne vehtiak. Nji shkall\u00ebzim i k\u00ebtill, sidomos n\u00eb Shqip\u00ebni, ku mungesa e autoritetit shtetnor p\u00ebrserit\u00eb skenat makabre t\u00eb kryengritjes leniniste t\u00eb vitit 1997, krijon premisat e mos-stabilitetit politik, t\u00eb konfuzionit ekonomik e t\u00eb trazimeve shoq\u00ebnore p\u00ebr atdheun shqiptar.<\/p>\n<p>Shteti, pavar\u00ebsisht nga t\u00eb metat e tia, asht\u00eb nji domosdoshmeni imperative p\u00ebr t\u00eb gjith\u00eb, e sidomos p\u00ebr shqiptar\u00ebt, munges\u00ebn e t\u00eb cilit e kan\u00eb pague shum\u00eb shtrenjte. Sot, kemi nji president, dhe \u00ebsht\u00eb Dr. Bamir Topi, dob\u00ebsimi gratuit, ose i kalkuluem, i Presidentit Topi dob\u00ebson shtetin shqiptar.<\/p>\n<p>Nji shtet i dob\u00ebt, n\u00eb nji shoq\u00ebni shqiptare t\u00eb tronditun nga diktatura e kuqe pes\u00ebdhjet\u00eb vje\u00e7are dhe v\u00ebshtir\u00ebsit\u00eb e nji tranzicioni t\u00eb pafat n\u00eb demokraci, asht ba objekt i manovrimeve t\u00eb demagog\u00ebve politik\u00eb, q\u00eb premtojn\u00eb gjith\u00e7ka e q\u00eb sjellin vet\u00ebm diktatur\u00eb ose shkat\u00ebrrim.<\/p>\n<p><em>Asht\u00eb kjo Shqip\u00ebria q\u00eb d\u00ebshirojm\u00eb?<\/em><br \/>\nRezultati i nji atmosfere t\u00eb k\u00ebtille n\u00eb Shqip\u00ebri asht\u00eb dalja nga skena e intelektual\u00ebve t\u00eb zhg\u00ebnjyem, t\u00eb pafuqish\u00ebm, pothuejse t\u00eb tradh\u00ebtuem. Intelektual\u00ebt e mir\u00ebfillt\u00eb jan\u00eb zakonisht \u201ct\u00eb angazhueme\u201d t\u00eb lidhun me nji ideal, nji ideologji, ose nji projekt madhor p\u00ebr ripertrimjen dhe riformimin e shoq\u00ebnis\u00eb dhe shtetit. Ata marrin p\u00ebrsip\u00ebr barr\u00ebn e zadh\u00ebn\u00ebsit t\u00eb interesit publik, dhe mbrojtjen e popullit t\u00eb thjesht\u00eb kund\u00ebr forc\u00ebs s\u00eb organizueme t\u00eb shtetit uzurpues, ose forcave dominuese, kryesisht n\u00eb sektorin ekonomik. Sot, kur masat lexojn\u00eb ma shum\u00eb se kurdoher\u00eb ma par\u00eb, e ushqehen nga televizioni e interneti \u00e7do dit\u00eb, \u00e7do or\u00eb e \u00e7do minut, ata jan\u00eb salla ndigjimi p\u00ebr intelektual\u00ebt, dhe rrisisn aft\u00ebsin\u00eb e tyne me influencue opinionin publik.<\/p>\n<p>\u201cFjal\u00ebt kan\u00eb rrjedhime!\u201d deklaroi k\u00ebto dite ish Presidenti Clinton, kur foli p\u00ebr ata q\u00eb sulmojne eg\u00ebrsisht Presidentin Obama. Albert Camus, na qorton se: \u201cIdete e gabueme p\u00ebrfundojn\u00eb n\u00eb gjakderdhje, por me gjakun e \u2018t\u00eb tjer\u00ebve\u2019\u201d (jo t\u00eb atyne q\u00eb i p\u00ebrhapin). Sot n\u00eb Shqip\u00ebri flitet \u201clirisht\u201d jo p\u00ebr mungese frike, por p\u00ebr munges\u00eb p\u00ebrgj\u00ebgjsie morale dhe politike.<\/p>\n<p>Kjo atmosfer\u00eb e helmueme nuk do t\u00eb kaloj\u00eb pa rrjedhime! P\u00ebrpjekjet e mjeteve mediative me sensacionalizue takimin Berisha &#8211; Nano n\u00eb \u201crestaurantin e Vjen\u00ebs\u201d dhe spekulimet n\u00eb kurriz t\u00eb Presidentit t\u00eb Shqip\u00ebris\u00eb jan\u00eb t\u00eb k\u00ebtij lloji, ku mungon p\u00ebrgj\u00ebgjsia dhe ku p\u00ebrplasjet sjellin dam p\u00ebr t\u00eb tjer\u00ebt, jo p\u00ebr ata q\u00eb i nxisin dhe p\u00ebrfitojn\u00eb materialisht.<\/p>\n<p>Le t\u00eb mos harrojm\u00eb t\u00eb kaluemen ton\u00eb! Asht\u00eb e jona  ashtu si asht\u00eb dhe duhet t\u00eb respektojm\u00eb! K\u00ebt\u00eb mund ta themi kur bahet fjal\u00eb p\u00ebr rastin e Dom Anton  K\u00e7ir\u00ebs  munges\u00eb p\u00ebrgjegjsie nga ana e kritik\u00ebve -, ashtu edhe p\u00ebr munges\u00ebn e p\u00ebrgjegjsise nga qeveritar\u00ebt dhe gazetar\u00ebt n\u00eb Shqip\u00ebri n\u00eb rastin e Presidentit Topi.<br \/>\nKjo munges\u00eb nuk sjell\u00eb asgja t\u00eb mir\u00eb, ve\u00e7se konfuzion ma t\u00eb madh, disekuilibrim dhe eventualisht ngjarje t\u00eb rrezikshme, q\u00eb shpesh her\u00eb zhvillohen aq shum\u00eb e aq keq sa q\u00eb perfundojn\u00eb me gjakderdhje.<\/p>\n<p>Shqiptar\u00ebt nuk duhet t\u00eb harrojn\u00eb vitin tragjik 1997!<\/p>\n<p><em>Maj, 2010<\/em><\/p>\n","protected":false},"excerpt":{"rendered":"<p>Mahmut Selimi Fjal\u00ebt e pavend me t\u00eb cilat Dom Anton Kqira akuzohet t\u00eb ket\u00eb shqiptue (dhe ai nuk i ka mohue por pranue burrenisht, dhe k\u00ebrkue falje bot\u00ebnisht) jan\u00eb shprehje t\u00eb daluna n\u00eb momente d\u00ebshprimi, ashtu si bame edhe na: \u201cDreqi ta marr\u00eb!\u201d \u201cK\u00ebta jan\u00eb horra, fund\u00ebria e populli shqiptar!\u201c e tjera, kur ndigjuem se [&hellip;]<\/p>\n","protected":false},"author":1,"featured_media":0,"comment_status":"open","ping_status":"closed","sticky":false,"template":"","format":"standard","meta":{"footnotes":""},"categories":[2],"tags":[],"class_list":{"0":"post-2736","1":"post","2":"type-post","3":"status-publish","4":"format-standard","6":"category-artikuj"},"yoast_head":"<!-- This site is optimized with the Yoast SEO plugin v27.4 - https:\/\/yoast.com\/product\/yoast-seo-wordpress\/ -->\n<title>FJAL\u00cb Q\u00cb L\u00cbNDOJN\u00cb - FJAL\u00cb Q\u00cb DAMTOJN\u00cb - FjALA e LIR\u00cb - Arkivi<\/title>\n<meta name=\"robots\" content=\"index, follow, max-snippet:-1, max-image-preview:large, max-video-preview:-1\" \/>\n<link rel=\"canonical\" href=\"https:\/\/fjala.info\/2009-2015\/fjale-qe-lendojne-fjale-qe-damtojne\/\" \/>\n<meta property=\"og:locale\" content=\"sq_AL\" \/>\n<meta property=\"og:type\" content=\"article\" \/>\n<meta property=\"og:title\" content=\"FJAL\u00cb Q\u00cb L\u00cbNDOJN\u00cb - FJAL\u00cb Q\u00cb DAMTOJN\u00cb - FjALA e LIR\u00cb - Arkivi\" \/>\n<meta property=\"og:description\" content=\"Mahmut Selimi Fjal\u00ebt e pavend me t\u00eb cilat Dom Anton Kqira akuzohet t\u00eb ket\u00eb shqiptue (dhe ai nuk i ka mohue por pranue burrenisht, dhe k\u00ebrkue falje bot\u00ebnisht) jan\u00eb shprehje t\u00eb daluna n\u00eb momente d\u00ebshprimi, ashtu si bame edhe na: \u201cDreqi ta marr\u00eb!\u201d \u201cK\u00ebta jan\u00eb horra, fund\u00ebria e populli shqiptar!\u201c e tjera, kur ndigjuem se [&hellip;]\" \/>\n<meta property=\"og:url\" content=\"https:\/\/fjala.info\/2009-2015\/fjale-qe-lendojne-fjale-qe-damtojne\/\" \/>\n<meta property=\"og:site_name\" content=\"FjALA e LIR\u00cb - Arkivi\" \/>\n<meta property=\"article:published_time\" content=\"2010-05-20T06:09:52+00:00\" \/>\n<meta name=\"author\" content=\"admin\" \/>\n<meta name=\"twitter:card\" content=\"summary_large_image\" \/>\n<meta name=\"twitter:label1\" content=\"Written by\" \/>\n\t<meta name=\"twitter:data1\" content=\"admin\" \/>\n\t<meta name=\"twitter:label2\" content=\"Est. reading time\" \/>\n\t<meta name=\"twitter:data2\" content=\"13 minutes\" \/>\n<script type=\"application\/ld+json\" class=\"yoast-schema-graph\">{\"@context\":\"https:\\\/\\\/schema.org\",\"@graph\":[{\"@type\":\"Article\",\"@id\":\"https:\\\/\\\/fjala.info\\\/2009-2015\\\/fjale-qe-lendojne-fjale-qe-damtojne\\\/#article\",\"isPartOf\":{\"@id\":\"https:\\\/\\\/fjala.info\\\/2009-2015\\\/fjale-qe-lendojne-fjale-qe-damtojne\\\/\"},\"author\":{\"name\":\"admin\",\"@id\":\"https:\\\/\\\/fjala.info\\\/2009-2015\\\/#\\\/schema\\\/person\\\/3aa1163ef05469c496fc94e77611ada2\"},\"headline\":\"FJAL\u00cb Q\u00cb L\u00cbNDOJN\u00cb &#8212; FJAL\u00cb Q\u00cb DAMTOJN\u00cb\",\"datePublished\":\"2010-05-20T06:09:52+00:00\",\"mainEntityOfPage\":{\"@id\":\"https:\\\/\\\/fjala.info\\\/2009-2015\\\/fjale-qe-lendojne-fjale-qe-damtojne\\\/\"},\"wordCount\":2663,\"commentCount\":0,\"publisher\":{\"@id\":\"https:\\\/\\\/fjala.info\\\/2009-2015\\\/#organization\"},\"articleSection\":[\"Artikuj\"],\"inLanguage\":\"sq-AL\",\"potentialAction\":[{\"@type\":\"CommentAction\",\"name\":\"Comment\",\"target\":[\"https:\\\/\\\/fjala.info\\\/2009-2015\\\/fjale-qe-lendojne-fjale-qe-damtojne\\\/#respond\"]}]},{\"@type\":\"WebPage\",\"@id\":\"https:\\\/\\\/fjala.info\\\/2009-2015\\\/fjale-qe-lendojne-fjale-qe-damtojne\\\/\",\"url\":\"https:\\\/\\\/fjala.info\\\/2009-2015\\\/fjale-qe-lendojne-fjale-qe-damtojne\\\/\",\"name\":\"FJAL\u00cb Q\u00cb L\u00cbNDOJN\u00cb - FJAL\u00cb Q\u00cb DAMTOJN\u00cb - FjALA e LIR\u00cb - Arkivi\",\"isPartOf\":{\"@id\":\"https:\\\/\\\/fjala.info\\\/2009-2015\\\/#website\"},\"datePublished\":\"2010-05-20T06:09:52+00:00\",\"breadcrumb\":{\"@id\":\"https:\\\/\\\/fjala.info\\\/2009-2015\\\/fjale-qe-lendojne-fjale-qe-damtojne\\\/#breadcrumb\"},\"inLanguage\":\"sq-AL\",\"potentialAction\":[{\"@type\":\"ReadAction\",\"target\":[\"https:\\\/\\\/fjala.info\\\/2009-2015\\\/fjale-qe-lendojne-fjale-qe-damtojne\\\/\"]}]},{\"@type\":\"BreadcrumbList\",\"@id\":\"https:\\\/\\\/fjala.info\\\/2009-2015\\\/fjale-qe-lendojne-fjale-qe-damtojne\\\/#breadcrumb\",\"itemListElement\":[{\"@type\":\"ListItem\",\"position\":1,\"name\":\"Home\",\"item\":\"https:\\\/\\\/fjala.info\\\/2009-2015\\\/\"},{\"@type\":\"ListItem\",\"position\":2,\"name\":\"FJAL\u00cb Q\u00cb L\u00cbNDOJN\u00cb &#8212; FJAL\u00cb Q\u00cb DAMTOJN\u00cb\"}]},{\"@type\":\"WebSite\",\"@id\":\"https:\\\/\\\/fjala.info\\\/2009-2015\\\/#website\",\"url\":\"https:\\\/\\\/fjala.info\\\/2009-2015\\\/\",\"name\":\"FjALA e LIR\u00cb - Arkivi\",\"description\":\"Arkivi 2009-2015\",\"publisher\":{\"@id\":\"https:\\\/\\\/fjala.info\\\/2009-2015\\\/#organization\"},\"potentialAction\":[{\"@type\":\"SearchAction\",\"target\":{\"@type\":\"EntryPoint\",\"urlTemplate\":\"https:\\\/\\\/fjala.info\\\/2009-2015\\\/?s={search_term_string}\"},\"query-input\":{\"@type\":\"PropertyValueSpecification\",\"valueRequired\":true,\"valueName\":\"search_term_string\"}}],\"inLanguage\":\"sq-AL\"},{\"@type\":\"Organization\",\"@id\":\"https:\\\/\\\/fjala.info\\\/2009-2015\\\/#organization\",\"name\":\"FjALA e LIR\u00cb - Arkivi\",\"url\":\"https:\\\/\\\/fjala.info\\\/2009-2015\\\/\",\"logo\":{\"@type\":\"ImageObject\",\"inLanguage\":\"sq-AL\",\"@id\":\"https:\\\/\\\/fjala.info\\\/2009-2015\\\/#\\\/schema\\\/logo\\\/image\\\/\",\"url\":\"\",\"contentUrl\":\"\",\"caption\":\"FjALA e LIR\u00cb - Arkivi\"},\"image\":{\"@id\":\"https:\\\/\\\/fjala.info\\\/2009-2015\\\/#\\\/schema\\\/logo\\\/image\\\/\"}},{\"@type\":\"Person\",\"@id\":\"https:\\\/\\\/fjala.info\\\/2009-2015\\\/#\\\/schema\\\/person\\\/3aa1163ef05469c496fc94e77611ada2\",\"name\":\"admin\",\"image\":{\"@type\":\"ImageObject\",\"inLanguage\":\"sq-AL\",\"@id\":\"https:\\\/\\\/fjala.info\\\/2009-2015\\\/wp-content\\\/uploads\\\/2012\\\/02\\\/arben_cokaj-120x150.jpg\",\"url\":\"https:\\\/\\\/fjala.info\\\/2009-2015\\\/wp-content\\\/uploads\\\/2012\\\/02\\\/arben_cokaj-120x150.jpg\",\"contentUrl\":\"https:\\\/\\\/fjala.info\\\/2009-2015\\\/wp-content\\\/uploads\\\/2012\\\/02\\\/arben_cokaj-120x150.jpg\",\"caption\":\"admin\"},\"description\":\"Admin, Fjala e Lir\u00eb\",\"sameAs\":[\"https:\\\/\\\/fjala.info\\\/\"],\"url\":\"https:\\\/\\\/fjala.info\\\/2009-2015\\\/author\\\/admin\\\/\"}]}<\/script>\n<!-- \/ Yoast SEO plugin. -->","yoast_head_json":{"title":"FJAL\u00cb Q\u00cb L\u00cbNDOJN\u00cb - FJAL\u00cb Q\u00cb DAMTOJN\u00cb - FjALA e LIR\u00cb - Arkivi","robots":{"index":"index","follow":"follow","max-snippet":"max-snippet:-1","max-image-preview":"max-image-preview:large","max-video-preview":"max-video-preview:-1"},"canonical":"https:\/\/fjala.info\/2009-2015\/fjale-qe-lendojne-fjale-qe-damtojne\/","og_locale":"sq_AL","og_type":"article","og_title":"FJAL\u00cb Q\u00cb L\u00cbNDOJN\u00cb - FJAL\u00cb Q\u00cb DAMTOJN\u00cb - FjALA e LIR\u00cb - Arkivi","og_description":"Mahmut Selimi Fjal\u00ebt e pavend me t\u00eb cilat Dom Anton Kqira akuzohet t\u00eb ket\u00eb shqiptue (dhe ai nuk i ka mohue por pranue burrenisht, dhe k\u00ebrkue falje bot\u00ebnisht) jan\u00eb shprehje t\u00eb daluna n\u00eb momente d\u00ebshprimi, ashtu si bame edhe na: \u201cDreqi ta marr\u00eb!\u201d \u201cK\u00ebta jan\u00eb horra, fund\u00ebria e populli shqiptar!\u201c e tjera, kur ndigjuem se [&hellip;]","og_url":"https:\/\/fjala.info\/2009-2015\/fjale-qe-lendojne-fjale-qe-damtojne\/","og_site_name":"FjALA e LIR\u00cb - Arkivi","article_published_time":"2010-05-20T06:09:52+00:00","author":"admin","twitter_card":"summary_large_image","twitter_misc":{"Written by":"admin","Est. reading time":"13 minutes"},"schema":{"@context":"https:\/\/schema.org","@graph":[{"@type":"Article","@id":"https:\/\/fjala.info\/2009-2015\/fjale-qe-lendojne-fjale-qe-damtojne\/#article","isPartOf":{"@id":"https:\/\/fjala.info\/2009-2015\/fjale-qe-lendojne-fjale-qe-damtojne\/"},"author":{"name":"admin","@id":"https:\/\/fjala.info\/2009-2015\/#\/schema\/person\/3aa1163ef05469c496fc94e77611ada2"},"headline":"FJAL\u00cb Q\u00cb L\u00cbNDOJN\u00cb &#8212; FJAL\u00cb Q\u00cb DAMTOJN\u00cb","datePublished":"2010-05-20T06:09:52+00:00","mainEntityOfPage":{"@id":"https:\/\/fjala.info\/2009-2015\/fjale-qe-lendojne-fjale-qe-damtojne\/"},"wordCount":2663,"commentCount":0,"publisher":{"@id":"https:\/\/fjala.info\/2009-2015\/#organization"},"articleSection":["Artikuj"],"inLanguage":"sq-AL","potentialAction":[{"@type":"CommentAction","name":"Comment","target":["https:\/\/fjala.info\/2009-2015\/fjale-qe-lendojne-fjale-qe-damtojne\/#respond"]}]},{"@type":"WebPage","@id":"https:\/\/fjala.info\/2009-2015\/fjale-qe-lendojne-fjale-qe-damtojne\/","url":"https:\/\/fjala.info\/2009-2015\/fjale-qe-lendojne-fjale-qe-damtojne\/","name":"FJAL\u00cb Q\u00cb L\u00cbNDOJN\u00cb - FJAL\u00cb Q\u00cb DAMTOJN\u00cb - FjALA e LIR\u00cb - Arkivi","isPartOf":{"@id":"https:\/\/fjala.info\/2009-2015\/#website"},"datePublished":"2010-05-20T06:09:52+00:00","breadcrumb":{"@id":"https:\/\/fjala.info\/2009-2015\/fjale-qe-lendojne-fjale-qe-damtojne\/#breadcrumb"},"inLanguage":"sq-AL","potentialAction":[{"@type":"ReadAction","target":["https:\/\/fjala.info\/2009-2015\/fjale-qe-lendojne-fjale-qe-damtojne\/"]}]},{"@type":"BreadcrumbList","@id":"https:\/\/fjala.info\/2009-2015\/fjale-qe-lendojne-fjale-qe-damtojne\/#breadcrumb","itemListElement":[{"@type":"ListItem","position":1,"name":"Home","item":"https:\/\/fjala.info\/2009-2015\/"},{"@type":"ListItem","position":2,"name":"FJAL\u00cb Q\u00cb L\u00cbNDOJN\u00cb &#8212; FJAL\u00cb Q\u00cb DAMTOJN\u00cb"}]},{"@type":"WebSite","@id":"https:\/\/fjala.info\/2009-2015\/#website","url":"https:\/\/fjala.info\/2009-2015\/","name":"FjALA e LIR\u00cb - Arkivi","description":"Arkivi 2009-2015","publisher":{"@id":"https:\/\/fjala.info\/2009-2015\/#organization"},"potentialAction":[{"@type":"SearchAction","target":{"@type":"EntryPoint","urlTemplate":"https:\/\/fjala.info\/2009-2015\/?s={search_term_string}"},"query-input":{"@type":"PropertyValueSpecification","valueRequired":true,"valueName":"search_term_string"}}],"inLanguage":"sq-AL"},{"@type":"Organization","@id":"https:\/\/fjala.info\/2009-2015\/#organization","name":"FjALA e LIR\u00cb - Arkivi","url":"https:\/\/fjala.info\/2009-2015\/","logo":{"@type":"ImageObject","inLanguage":"sq-AL","@id":"https:\/\/fjala.info\/2009-2015\/#\/schema\/logo\/image\/","url":"","contentUrl":"","caption":"FjALA e LIR\u00cb - Arkivi"},"image":{"@id":"https:\/\/fjala.info\/2009-2015\/#\/schema\/logo\/image\/"}},{"@type":"Person","@id":"https:\/\/fjala.info\/2009-2015\/#\/schema\/person\/3aa1163ef05469c496fc94e77611ada2","name":"admin","image":{"@type":"ImageObject","inLanguage":"sq-AL","@id":"https:\/\/fjala.info\/2009-2015\/wp-content\/uploads\/2012\/02\/arben_cokaj-120x150.jpg","url":"https:\/\/fjala.info\/2009-2015\/wp-content\/uploads\/2012\/02\/arben_cokaj-120x150.jpg","contentUrl":"https:\/\/fjala.info\/2009-2015\/wp-content\/uploads\/2012\/02\/arben_cokaj-120x150.jpg","caption":"admin"},"description":"Admin, Fjala e Lir\u00eb","sameAs":["https:\/\/fjala.info\/"],"url":"https:\/\/fjala.info\/2009-2015\/author\/admin\/"}]}},"_links":{"self":[{"href":"https:\/\/fjala.info\/2009-2015\/wp-json\/wp\/v2\/posts\/2736","targetHints":{"allow":["GET"]}}],"collection":[{"href":"https:\/\/fjala.info\/2009-2015\/wp-json\/wp\/v2\/posts"}],"about":[{"href":"https:\/\/fjala.info\/2009-2015\/wp-json\/wp\/v2\/types\/post"}],"author":[{"embeddable":true,"href":"https:\/\/fjala.info\/2009-2015\/wp-json\/wp\/v2\/users\/1"}],"replies":[{"embeddable":true,"href":"https:\/\/fjala.info\/2009-2015\/wp-json\/wp\/v2\/comments?post=2736"}],"version-history":[{"count":0,"href":"https:\/\/fjala.info\/2009-2015\/wp-json\/wp\/v2\/posts\/2736\/revisions"}],"wp:attachment":[{"href":"https:\/\/fjala.info\/2009-2015\/wp-json\/wp\/v2\/media?parent=2736"}],"wp:term":[{"taxonomy":"category","embeddable":true,"href":"https:\/\/fjala.info\/2009-2015\/wp-json\/wp\/v2\/categories?post=2736"},{"taxonomy":"post_tag","embeddable":true,"href":"https:\/\/fjala.info\/2009-2015\/wp-json\/wp\/v2\/tags?post=2736"}],"curies":[{"name":"wp","href":"https:\/\/api.w.org\/{rel}","templated":true}]}}