{"id":2733,"date":"2012-05-10T18:10:06","date_gmt":"2012-05-10T17:10:06","guid":{"rendered":"http:\/\/fjala.shkoder.net\/?p=2733"},"modified":"2012-05-10T18:10:06","modified_gmt":"2012-05-10T17:10:06","slug":"ne-barkun-e-partise-se-presidentit","status":"publish","type":"post","link":"https:\/\/fjala.info\/2009-2015\/ne-barkun-e-partise-se-presidentit\/","title":{"rendered":"N\u00eb \u201cbarkun\u201d e Partis\u00eb s\u00eb Presidentit"},"content":{"rendered":"<p><strong>Gladiola Bendaj<\/strong>, <em>10 Maj 2012<\/em>, <em>Revista JAVA<\/em><\/p>\n<p><em>Nuk \u00ebsht\u00eb barku i Titanikut. As i Concordias. \u00cbsht\u00eb thjesht selia e partis\u00eb m\u00eb t\u00eb re n\u00eb Shqip\u00ebri. E cila, natyrisht q\u00eb s\u2019ka asgj\u00eb t\u00eb p\u00ebrbashk\u00ebt me dy metaforat e m\u00ebsip\u00ebrme. P\u00ebrkundrazi. Projekt ambicioz, fytyra t\u00eb reja e plot energji, fjal\u00eb t\u00eb zgjedhura e mbi t\u00eb gjith\u00eb dhe mbi gjith\u00e7ka \u2013 hija e kreut t\u00eb shtetit q\u00eb shtrihet e padukshme ngado. Ky \u00ebsht\u00eb perceptimi i par\u00eb, kur viziton selin\u00eb e Frym\u00ebs s\u00eb re Demokratike<\/em><\/p>\n<p><img decoding=\"async\" class=\"aligncenter size-thumbnail wp-image-7236\" title=\"FRD\" src=\"http:\/\/www.shkoder.net\/2012\/frd.jpg\" alt=\"\" width=\"450\" \/><\/p>\n<p>\u00cbsht\u00eb mesdita e 1 Majit. Kan\u00eb kaluar vet\u00ebm 24 or\u00eb nga momenti i zhvillimit t\u00eb ceremonis\u00eb s\u00eb zyrtarizmit t\u00eb \u201cFrym\u00ebs s\u00eb Re Demokratike\u201d, partis\u00eb m\u00eb t\u00eb re p\u00ebr shqiptar\u00ebt. Nj\u00eb dit\u00eb m\u00eb par\u00eb, i qet\u00eb dhe sportiv,e qytetar si pakkush, kryetari i grupit nism\u00ebtar t\u00eb FRD-s\u00eb, Gazmend Oketa, mbajti nj\u00eb fjalim t\u00eb gjat\u00eb para mediave dhe qindra t\u00eb pranishm\u00ebve. Nj\u00eb frym\u00eb e re demokratike, nj\u00eb parti q\u00eb do t\u00eb p\u00ebrfaq\u00ebsoj\u00eb shtres\u00ebn e mesme t\u00eb shoq\u00ebris\u00eb shqiptare, klas\u00ebn m\u00eb amullike t\u00eb saj. Nj\u00eb e djatht\u00eb e qendr\u00ebs, fokusuar fort tek rinia, target grupi kryesor. P\u00ebr tu ndier\u00eb k\u00ebshtu, atyre nuk iu duhet shum\u00eb. Mjafton ajri i nj\u00eb zyre, dh\u00ebnia e nj\u00eb p\u00ebrgjegj\u00ebsie, fryma e t\u00eb barabartit n\u00eb grup, nj\u00eb karrige, nj\u00eb k\u00ebmish\u00eb e hekurosur bukur, nj\u00eb CV n\u00eb perspektiv\u00eb, ca shkresa n\u00ebp\u00ebr duar \u2026<\/p>\n<p>Sa i takon politik\u00ebs, partis\u00eb, platform\u00ebs, strategjive, shanseve ose jo, p\u00ebr k\u00ebt\u00eb u fol e do flitet gjat\u00eb. Ne desh\u00ebm t\u00eb ndalim pak n\u00eb k\u00ebt\u00eb atmosfer\u00eb starti t\u00eb dit\u00ebve t\u00eb para t\u00eb pun\u00ebs aty, n\u00eb ambientet e sapokrijuara t\u00eb partis\u00eb m\u00eb t\u00eb re t\u00eb shqiptar\u00ebve \u2013 e 135-ta ose e 136-a n\u00eb list\u00eb, si\u00e7 na than\u00eb m\u00eb von\u00eb vet\u00eb.<\/p>\n<p><strong>Partia e presidentit p\u00ebrball\u00eb Parlamentit<\/strong><\/p>\n<p>\u00cbsht\u00eb dit\u00eb pushimi pothuajse p\u00ebr gjith\u00eb shqiptar\u00ebt. Trafiku \u00ebsht\u00eb periferive dhe zhegu i dit\u00ebs l\u00eb pak vend p\u00ebr l\u00ebvizje. Edhe n\u00eb rrug\u00ebn \u201cGeorge W. Bush\u201d l\u00ebvizin pak makina. Parlamenti duket se ka mbajtur frym\u00ebn, asnj\u00eb l\u00ebvizje nuk duket prej andej. \u00c7erdhja e marr\u00eb me qira nga \u201ct\u00eb zhg\u00ebnjyerit\u201d e PD-s\u00eb, ndodhet fiks p\u00ebrball\u00eb k\u00ebsaj godine, vet\u00ebm pak metra larg nga selia PD-s\u00eb. \u00cbsht\u00eb pa diskutim partia me logon m\u00eb t\u00eb madhe t\u00eb ekspozuar. N\u00eb katin sip\u00ebrm t\u00eb godin\u00ebs s\u00eb \u201cKasm\u00ebve\u201d, veshur me tulla t\u00eb kuqe dekorative, ajo z\u00eb pothuajse gjith\u00eb gjat\u00ebsin\u00eb e tij. Fryma e Re Demokratike, g\u00ebrma t\u00eb m\u00ebdha n\u00eb blu \u201cevropiane\u201d dhe logoja trengjyr\u00ebshe e simbolit t\u00eb Frym\u00ebs s\u00eb Re. Nuk mungon e verdha e s\u00eb djatht\u00ebs dhe blu-ja dhe e kaltra evropiane. Sipas preferenc\u00ebs apo fantazis\u00eb, ca e definojn\u00eb si flaka e nj\u00eb qiriu e ca t\u00eb tjer\u00eb si nj\u00eb syth. Tek e fundit, \u00ebsht\u00eb pranver\u00eb\u2026 Nuk dihej se kush ishte disenjatori i logos, por ama emri ishte p\u00ebrzgjedhur nga nj\u00eb sondazh i b\u00ebr\u00eb, mes plot dhjet\u00eb varianteve t\u00eb tjer\u00eb t\u00eb propozuar: Forca e Re Demokratike; L\u00ebvizja Popullore Europiane; Forca p\u00ebr Integrim dhe Unitet; Fryma e Demokracis\u00eb s\u00eb Re\u2026<\/p>\n<p>Selia e partis\u00eb m\u00eb t\u00eb re n\u00eb vend ka hapur dyert p\u00ebr an\u00ebtar\u00ebt dhe simpatizant\u00ebt e saj. T\u00eb 23 zyrat e saj jan\u00eb vendosur n\u00eb t\u00eb dy katet e fundit t\u00eb godin\u00ebs dhe z\u00ebn\u00eb nj\u00eb sip\u00ebrfaqe t\u00eb p\u00ebrgjithshme prej 550 metrash katror\u00eb. Kati i sip\u00ebrm \u00ebsht\u00eb rezervuar p\u00ebr zyrat e drejtuesve, sall\u00ebn e mbledhjeve dhe at\u00eb t\u00eb konferencave. Modeste n\u00eb sip\u00ebrfaqe k\u00ebto t\u00eb fundit, por gjithsesi, mjaftuesh\u00ebm p\u00ebr nj\u00eb fillim t\u00eb ri. Nj\u00eb kat m\u00eb posht\u00eb, jan\u00eb vendosur zyrat e stafit ekzekutiv dhe administrat\u00ebs. \u00cbsht\u00eb pik\u00ebrisht kjo hap\u00ebsira ku t\u00eb rinjt\u00eb kan\u00eb marr\u00eb n\u00eb dor\u00eb situat\u00ebn dhe presin e p\u00ebrcjellin vizitor\u00ebt. M\u00ebngjesi, thon\u00eb, ka qen\u00eb m\u00eb i zhurmsh\u00ebm. Madje, madje, nuk kan\u00eb munguar as ata q\u00eb prisnin q\u00eb me sabah q\u00eb zyrat t\u00eb hapeshin e t\u00eb futeshin p\u00ebr tu regjistruar.<\/p>\n<p><strong>N\u00eb dit\u00ebn e par\u00eb t\u00eb pun\u00ebs<\/strong><\/p>\n<p>Hyrja p\u00ebr n\u00eb godin\u00eb \u00ebsht\u00eb nj\u00eb der\u00eb e ngusht\u00eb. Sipas saj, \u00ebsht\u00eb vendosur rishtazi nj\u00eb kartel\u00eb me logon blu q\u00eb tregon se je n\u00eb rrug\u00ebn e duhur. Ndjekim nj\u00eb kafaz shum\u00eb t\u00eb ngusht\u00eb shkall\u00ebsh t\u00eb pastra, q\u00eb l\u00eb pas korridore gjithaq t\u00eb ngusht\u00eb dhe jemi lart. Qet\u00ebsi. Nj\u00eb korridor pak m\u00eb i madh prit\u00ebs q\u00eb shpohet nga ca kolona t\u00eb rrumbullak\u00ebta. Nga dera e hapur p\u00ebrball\u00eb, ku shkruhet \u201cFinanca\u201d, duken tre djem t\u00eb rinj t\u00eb ulur n\u00eb nj\u00eb tryez\u00eb t\u00eb vog\u00ebl, ndar\u00eb me hap\u00ebsira xhami, si ato t\u00eb nj\u00eb call-center. Nuk t\u00ebrheqim v\u00ebmendjen e askujt dhe teksa marrim shkall\u00ebt p\u00ebr n\u00eb katin e fundit, na th\u00ebrret z\u00ebri i nj\u00eb vajze. Sip\u00ebr nuk ka njeri, k\u00eb k\u00ebrkoni?<\/p>\n<p>K\u00ebrkojm\u00eb Z. Biberaj. Ka vet\u00ebm pak minuta q\u00eb \u00ebsht\u00eb larguar p\u00ebr drek\u00eb. 1 maji i t\u00eb gjith\u00ebve p\u00ebrkon me dit\u00eblindjen e tij. Teuta na drejton n\u00eb nj\u00eb hap\u00ebsir\u00eb t\u00eb ndri\u00e7cuar mir\u00eb q\u00eb duket si sall\u00eb mbledhjesh. Nj\u00eb tavolin\u00eb e thjesht\u00eb n\u00eb form\u00eb \u201cL\u201d-je, z\u00eb karrige t\u00eb larta me ndenj\u00ebse damasku q\u00eb jan\u00eb ende n\u00eb qese, ca formular\u00eb an\u00ebtar\u00ebsimi t\u00eb plot\u00ebsuar e ca t\u00eb tjer\u00eb bosh t\u00eb radhitur me kujdes, nj\u00eb laptop i vog\u00ebl, stilolapsa dhe nj\u00eb stick p\u00ebr ngjitjen e fotografive. \u201cJemi ende duke punuar me sistemimin e zyrave, pritet t\u00eb vijn\u00eb kompjuter\u00ebt, t\u00eb lidhet interneti, t\u00eb p\u00ebrfundoj\u00eb mobilimi i t\u00eb gjitha zyrave, t\u00eb ndahen pozicionet e pun\u00ebs\u2026 Por k\u00ebto jan\u00eb detaje q\u00eb shum\u00eb shpejt do t\u00eb jen\u00eb gati. Puna ka filluar dhe njer\u00ebzit q\u00eb na kan\u00eb vizituar kan\u00eb qen\u00eb t\u00eb shumt\u00eb. T\u00eb mendosh q\u00eb \u00ebsht\u00eb vet\u00ebm dita e dyt\u00eb\u2026 Cila \u00ebsht\u00eb konkretisht detyra e saj? Tani p\u00ebr tani, t\u00eb gjith\u00eb p\u00ebrpiqen t\u00eb b\u00ebjn\u00eb di\u00e7ka t\u00eb dobishme. Ajo vet\u00eb nuk e di ende k\u00ebt\u00eb, sepse nuk marrim ndonj\u00eb p\u00ebrgjigje shum\u00eb konkrete. Ndoshta \u00ebsht\u00eb her\u00ebt, ndoshta \u00ebsht\u00eb diskrete\u2026 \u201cPor m\u00eb mir\u00eb \u00ebsht\u00eb q\u00eb ju t\u00eb flisni me Z. Biberaj, ai vjen pasdite\u2026\u201d.<\/p>\n<p>Aleksand\u00ebr Biberaj, ish deputeti i PD-s\u00eb, \u00ebsht\u00eb nj\u00eb nga kryesuesit e grupit iniciator dhe mesa duket \u00ebsht\u00eb ai q\u00eb ka marr\u00eb p\u00ebrsip\u00ebr edhe komunikimin me median n\u00eb k\u00ebto dit\u00eb t\u00eb para t\u00eb FRD-s\u00eb. Pasditja vjen shpejt. Djemt\u00eb e turnit t\u00eb paradites jan\u00eb z\u00ebvend\u00ebsuar nga t\u00eb tjer\u00eb. Nuk ka ardhur ende interneti, sepse duhet t\u00eb ishin duke u marr\u00eb dhe me faqen zyrtare t\u00eb partis\u00eb dhe at\u00eb q\u00eb kan\u00eb hapur n\u00eb Facebook. Jan\u00eb t\u00eb sjellsh\u00ebm, t\u00eb kujdessh\u00ebm me fjal\u00ebt dhe flasin me radh\u00eb.<\/p>\n<p><strong>T\u00eb rinjt\u00eb vullnetar\u00eb<\/strong><\/p>\n<p>Rezart Sina \u00ebsht\u00eb vet\u00ebm 24 vje\u00e7. Mes t\u00eb kat\u00ebrve, ai duket si m\u00eb kompetenti. Q\u00ebndron para nj\u00eb laptopi dhe nd\u00ebrsa flet nuk e ndalon pun\u00ebn. Jep e merr duke shkruar e klikuar. Ka nj\u00eb pamje t\u00eb kuruar prej djaloshi q\u00eb sapo ka dal\u00eb nga kolegji, q\u00eb mban p\u00ebr vete nj\u00eb buz\u00ebqeshje t\u00eb p\u00ebrmbajtur. Ai s\u2019ka shum\u00eb q\u00eb \u00ebsht\u00eb kthyer n\u00eb Shqip\u00ebri, pas 6 vitesh studime p\u00ebr financ\u00eb n\u00eb New York. Ideja p\u00ebr t\u2019u angazhuar n\u00eb politik\u00eb duket se nuk ishte dhe aq e rast\u00ebsishme. Pak d\u00ebshira p\u00ebr t\u2019u kthyer e p\u00ebr t\u00eb kontribuuar n\u00eb atdhe, pak familja, t\u00eb njohurit\u2026 \u201cU njoha nga af\u00ebr me nism\u00ebn e FRD-s\u00eb dhe m\u00eb p\u00eblqeu. \u00cbsht\u00eb nj\u00eb sfid\u00eb dhe mua m\u00eb p\u00eblqejn\u00eb sfidat. Mendoj se \u00ebsht\u00eb nj\u00eb fillim i mbar\u00eb p\u00ebr mua dhe kam besim se rezultatet do jen\u00eb t\u00eb k\u00ebnaqshme. M\u00eb t\u00ebrhoqi ideja q\u00eb u jepej prioritet t\u00eb rinjve kryesisht, q\u00eb puna konsistonte n\u00eb sjelljen pran\u00eb t\u00eb k\u00ebtij target grupi, komunikimi i drejtp\u00ebrdrejt\u00eb me ta. Rinia shqiptare ka nevoj\u00eb t\u00eb motivohet, un\u00eb jam nj\u00eb prej tyre\u2026\u201d.<\/p>\n<p>Emri i Rigels Xhemollarit na bie disi i njohur. Ai buz\u00ebqesh jo pa siklet, sikur t\u00eb doj\u00eb t\u00eb thot\u00eb se nuk \u00ebsht\u00eb se ka b\u00ebr\u00eb ndonj\u00eb gj\u00eb t\u00eb madhe. Por ja q\u00eb ndryshe nga shumica e bashk\u00ebmoshatar\u00ebve t\u00eb tij, ka ndjekur angazhime t\u00eb nj\u00ebpasnj\u00ebshme, deri sa m\u00eb n\u00eb fund, pranon se ka gjetur frym\u00ebn e duhur, Frym\u00ebn e Re Demokratike. I p\u00eblqen emri, pun\u00eb e madhe se shum\u00eb e quajt\u00ebn nj\u00eb em\u00ebr demod\u00e8, kur ata e lan\u00e7uan. Banon n\u00eb Tiran\u00eb, ka mbaruar shkoll\u00ebn e mesme n\u00eb Pogradec dhe \u00ebsht\u00eb diplomuar p\u00ebr Drejt\u00ebsi n\u00eb Universitetin \u201cLuigj Gurakuqi\u201d t\u00eb Shkodr\u00ebs. Ai ka qen\u00eb kryetar i Parlamentit Rinor, ka punuar si ekspert p\u00ebr arsimin p\u00ebr Matur\u00ebn Shtet\u00ebrore dhe Altertekstin, pran\u00eb zyrave t\u00eb Soros-it n\u00eb Tiran\u00eb dhe ka qen\u00eb themeluesi i qendr\u00ebs \u201cKujtesa anti-komuniste\u201d.<\/p>\n<p>Aktivist i kahersh\u00ebm i PD-s\u00eb, kjo e fundit e mesa duket e pat zhg\u00ebnjyer dhe Rigelsin. \u201cTek PD, nuk i gjeta idealet e mia. U tha kaq shum\u00eb dhe s\u2019u b\u00eb asgj\u00eb\u2026\u201d. Ai kujton frym\u00ebn frenetike t\u00eb student\u00ebve t\u00eb Dhjetorit dhe nuk vonon t\u00eb shprehet kund\u00ebr censur\u00ebs komuniste dhe pr\u00f2 hapjes s\u00eb dosjeve. Po t\u00eb kesh parasysh q\u00eb n\u00eb dhjetorin \u201990 ai ishte vet\u00ebm dy vje\u00e7, at\u00ebher\u00eb i bie q\u00eb \u00ebsht\u00eb nj\u00eb antikomunist i lindur. \u201cSigurisht q\u00eb un\u00eb nuk kam jetuar asgj\u00eb nga ato, por kam lexuar e d\u00ebgjuar. Gjith\u00eb ata intelektual\u00eb, ajka e men\u00e7uris\u00eb dhe dijes, q\u00eb u mbrus n\u00eb komuniz\u00ebm, u vra e u sakatua nga ai sistem\u2026\u201d.<\/p>\n<p>P\u00ebr momentin ai dhe Rezarti, merren me an\u00ebtar\u00ebsimet. Dy djemt\u00eb e tjer\u00eb jan\u00eb miqt\u00eb e tyre q\u00eb iu b\u00ebjn\u00eb shoq\u00ebri gjat\u00eb pasdites. Paradite kan\u00eb qen\u00eb ca djem t\u00eb tjer\u00eb. Na tregojn\u00eb se gjith\u00eb gjith\u00eb, stafi i tyre, p\u00ebrve\u00e7 drejtuesve, p\u00ebrb\u00ebhet nga 9 a 10 vet\u00eb. T\u00eb gjith\u00eb t\u00eb rinj dhe mosha mesatare \u00ebsht\u00eb diku te 25 vje\u00e7. Punojn\u00eb vullnetarisht dhe nuk paguhen p\u00ebr kontributin e tyre. Familjet e tyre dhe njer\u00ebzit m\u00eb t\u00eb ngusht\u00eb i kan\u00eb mb\u00ebshtetur n\u00eb k\u00ebt\u00eb nism\u00eb dhe, sigurisht, jan\u00eb b\u00ebr\u00eb t\u00eb gjith\u00eb an\u00ebtar\u00eb t\u00eb FRD-s\u00eb.<\/p>\n<p><strong>An\u00ebtar\u00ebt e par\u00eb<\/strong><\/p>\n<p>Fillojn\u00eb t\u00eb vijn\u00eb vizitor\u00eb. Fillimisht nj\u00eb \u00e7ift. Burri, i veshur sportiv dhe me nj\u00eb \u00e7ant\u00eb stil postieri hedhur n\u00eb tani i dikton femr\u00ebs se ku duhet t\u00eb firmos\u00eb, adresa, mjeti identifikimit, plot\u00ebsimi i pyet\u00ebsorit dhe ja ku u b\u00eb. An\u00ebtar\u00ebsimi \u00ebsht\u00eb pa pages\u00eb. Parimisht nuk duhet t\u00eb funksiononte k\u00ebshtu, por\u2026, si fillim\u2026 Si\u00e7 do t\u00eb na shpjegonte ca m\u00eb von\u00eb Biberaj, \u201cpunimet e deritanishme jan\u00eb financuar nga simpatizant\u00eb dhe mb\u00ebshtet\u00ebs. Dikush mobilimin, dikush kompjuter\u00ebt, dikush instalimet e ja k\u00ebshtu\u201d. Pas \u00e7iftit sportiv vijn\u00eb dy t\u00eb rinj t\u00eb tjer\u00eb. Nuk b\u00ebjn\u00eb pyetje. Firmosin qet\u00ebsisht dhe largohen.<\/p>\n<p>Menj\u00ebher\u00eb pas tyre n\u00eb der\u00eb shfaqet nj\u00eb burr\u00eb rreth t\u00eb 70-tave. I veshur me nj\u00eb kostum ngjyr\u00eb qum\u00ebshti, k\u00ebpuc\u00eb t\u00eb \u00e7el\u00ebta, flok\u00ebt e thinjur krehur lart e lyer me brilantin\u00eb, q\u00ebndrim kompetent\u2026 T\u00eb kujton sekretar\u00ebt e partive dikur. Eshref Mersinaj, nuk na tregon se sa vje\u00e7 \u00ebsht\u00eb, madje nuk ka fare d\u00ebshir\u00eb t\u2019i p\u00ebrmendet emri, po ama i p\u00eblqen edhe t\u00eb llafoset nj\u00eb \u00e7ik\u00eb. \u201c20 vjet me par\u00eb, kam qen\u00eb z\u00ebvend\u00ebs president i Sindikatave t\u00eb Pavarura. Nuk kam qen\u00eb asnj\u00ebher\u00eb i aderuar n\u00eb ndonj\u00eb parti politike. Asnj\u00ebher\u00eb! M\u00eb luteshin n\u00eb komuniz\u00ebm, m\u00eb luteshin t\u00eb merrja teser\u00ebn e Partis\u00eb, por un\u00eb nuk pranova asnj\u00ebher\u00eb. Tani, me FRD-n\u00eb u binda. \u201d. Ky \u00ebsht\u00eb \u00ebnd\u00ebrrimtar, ose me shum\u00eb guxim e fat q\u00eb na i paska th\u00ebn\u00eb \u201cJo!\u201d teser\u00ebs s\u00eb komunistit dhe s\u2019qenka b\u00ebr\u00eb pastaj personazh i ndonj\u00ebr\u00ebs prej atyre dosjeve q\u00eb Rigelsi aspiron t\u00eb hapen nj\u00eb sahat e m\u00eb par\u00eb.<\/p>\n<p><strong>Biberaj: Presim Shtatorin<\/strong><\/p>\n<p>N\u00eb der\u00eb shfaqet Biberaj. Na shoq\u00ebron duke treguar disa nga zyrat dhe sall\u00ebn e konferencave. Ngjitur me t\u00eb \u00ebsht\u00eb kryesia. Punimet vazhdojn\u00eb akoma, n\u00eb disa zyra duken ustallar\u00eb q\u00eb japin e marrin me instalime e me dor\u00ebn e fundit t\u00eb ndonj\u00eb lyerje. \u201cPuna nisi diku nga shkurti \u2013 marsi, nd\u00ebrsa ideja sigurisht \u00ebsht\u00eb shum\u00eb m\u00eb e vjet\u00ebr se kaq. Kemi pasur shum\u00eb mb\u00ebshtet\u00ebs dhe numri i t\u00eb an\u00ebtar\u00ebsuarve deri m\u00eb tani ka qen\u00eb surprizues. Jemi vet\u00ebm n\u00eb dit\u00ebn e dyt\u00eb dhe ka arritur rreth 600\u201d, tregon Biberaj. Nuk jan\u00eb p\u00ebrcaktuar ende strukturat, nuk zihet n\u00eb goj\u00eb emri \u2018kryetar\u2019, edhe pse \u00ebsht\u00eb e ditur tashm\u00eb se emri i p\u00ebrve\u00e7\u00ebm i k\u00ebtij posti do t\u00eb jet\u00eb ai i presidentit Topi, sapo ky t\u00eb l\u00ebr\u00eb mandatin. Nuk ka p\u00ebrfunduar ende arredimi dhe sistemimi i zyrave, por ama thuhet se jan\u00eb p\u00ebrcaktuar departamentet baz\u00eb, ai i logjistik\u00ebs e me radh\u00eb. Sipas Biberajt, p\u00ebrfaq\u00ebsimi \u00ebsht\u00eb ende n\u00eb drejtimin e nj\u00eb grupi nism\u00ebtar, q\u00eb do t\u00eb zgjedh\u00eb kryetarin e partis\u00eb dhe t\u00eb mbledh\u00eb kongresin e par\u00eb n\u00eb muajin shtator.<\/p>\n<p>\u201cK\u00ebta jan\u00eb t\u00eb gjith\u00eb djem dhe vajza t\u00eb reja shum\u00eb t\u00eb talentuar q\u00eb punojn\u00eb vullnetarisht. K\u00ebtu jemi t\u00eb gjith\u00eb t\u00eb barabart\u00eb mes t\u00eb barabart\u00ebve, kjo \u00ebsht\u00eb motoja jon\u00eb\u201d, shprehet Biberaj duke b\u00ebr\u00eb me dor\u00eb nga Orjona, nj\u00eb tjet\u00ebr aktiviste q\u00eb sapo ka hyr\u00eb n\u00eb der\u00eb. Ish-studentja e fakultetit t\u00eb Ekonomis\u00eb, tani thot\u00eb se \u00ebsht\u00eb duke vijuar me doktoratur\u00ebn. Nuk p\u00ebrton t\u00eb na flas\u00eb p\u00ebr k\u00ebt\u00eb angazhim t\u00eb ri dhe objektivat baz\u00eb t\u00eb partis\u00eb. \u201cKan\u00eb aderuar dhe jan\u00eb mb\u00ebshtet\u00ebsit tan\u00eb kryesor\u00eb, sidomos po t\u00eb kihet parasysh q\u00eb bashk\u00ebmoshatar\u00ebt e tyre jan\u00eb fokusi yn\u00eb\u201d, vazhdon numri dy i grupit nism\u00ebtar n\u00eb formimin e k\u00ebsaj partie. Gjejm\u00eb rastin t\u2019i urojm\u00eb dit\u00eblindjen. Ai qesh. Pati nga ata q\u00eb shakatuan duke th\u00ebn\u00eb se, pse jo, mund ta zyrtarizonin krijimin e partis\u00eb n\u00eb dit\u00eblindjen e tij. Por nuk kishte vend p\u00ebr koincidenca t\u00eb tilla. \u201cT\u00eb qe ashtu, nuk prisnim 1 majin, kishim l\u00ebn\u00eb 24 Prillin, dit\u00eblindjen e presidentit\u201d, thot\u00eb duke qeshur.<\/p>\n<p><strong>Dita e tret\u00eb<\/strong><\/p>\n<p>Dita e tret\u00eb e FRD-s\u00eb nuk ndryshon shum\u00eb nga e dyta. Me roj\u00ebn merremi vesh p\u00ebrs\u00ebri me shenja. Lart vazhdojn\u00eb l\u00ebvizjet. Kryetari Oketa l\u00ebviz i qet\u00eb n\u00ebp\u00ebr korridore duke dh\u00ebn\u00eb udh\u00ebzime aty k\u00ebtu. Disa njer\u00ebz q\u00eb kan\u00eb ardhur ta takojn\u00eb e presin lart. Dalim nga salla e konferencave dhe shk\u00ebmbehemi me t\u00eb n\u00ebp\u00ebr shkall\u00eb. Na p\u00ebrsh\u00ebndet. N\u00eb kutit\u00eb e regjistrimit t\u00eb an\u00ebtar\u00ebve t\u00eb rinj jan\u00eb rreshtuar kat\u00ebr djem t\u00eb tjer\u00eb. Rezarti ka kaluar nga zyra e hedhjes s\u00eb t\u00eb dh\u00ebnave, Teuta sapo ka marr\u00eb zyr\u00ebn e re dhe po k\u00ebrkon t\u00eb ambientohet. Jan\u00eb mbledhur kok\u00eb m\u00eb kok\u00eb dhe p\u00ebrpiqen t\u00eb deshifrojn\u00eb shkrimin n\u00eb formular\u00ebt e an\u00ebtar\u00ebsimit. Pasi i kalojn\u00eb dor\u00eb m\u00eb dor\u00eb dhe secili jep variantin e vet, vendosin t\u00eb bien n\u00eb nj\u00eb mendje.<\/p>\n<p>Me gjith\u00eb tentativat p\u00ebr t\u00eb qen\u00eb t\u00eb \u00e7ilt\u00ebr, se\u00e7 kan\u00eb t\u00eb gjith\u00eb ng\u00ebr\u00e7 n\u00eb q\u00ebndrim. M\u00eb parehati nga t\u00eb gjith\u00eb duket se ka Orjona, brunia q\u00eb na e prezantoi Biberaj pasditen e nj\u00eb dite m\u00eb par\u00eb. Dhe nuk vonon t\u00eb shprehet: T\u00eb tjer\u00ebt rrin\u00eb e mbajn\u00eb vesh. Nuk e ka kuptuar dhe aq mir\u00eb se p\u00ebr \u00e7far\u00eb jemi aty. \u201c\u00c7\u2019\u00ebsht\u00eb ky artikull, un\u00eb duhet ta kontrolloj p\u00ebrpara se t\u00eb botohet, cili \u00ebsht\u00eb q\u00ebllimi, \u00e7far\u00eb do shkruhet aty\u2026 Reportazh, p\u00ebrshkrim?! \u00c7\u2019dometh\u00ebn\u00eb reportazh?!\u201d Pastaj na kujton Platonin dhe pes\u00eb kolonat e gazetaris\u00eb\u2026 Kjo vajz\u00eb shkodrane e re dhe e bukur kishte koh\u00eb q\u00eb e kishte gjetur modelin e saj t\u00eb politikanes. Se\u00e7 na kujtoi p\u00ebr nj\u00eb fraksion sekonde nj\u00eb tjet\u00ebr figur\u00eb politike nga e nj\u00ebjta pjes\u00eb e vendit\u2026<\/p>\n<p>Ikim, fundja s\u2019kemi \u00e7\u2019pyesim m\u00eb. Marrim me vete nj\u00eb konstatim t\u00eb par\u00eb. At\u00eb konstatim q\u00eb na mjafton, p\u00ebr at\u00eb pjes\u00eb t\u00eb vog\u00ebl rruge q\u00eb kjo parti ka b\u00ebr\u00eb. Fryma e Re Demokratike ka nisur t\u00eb pulsoj\u00eb. Duke sfiduar katrahur\u00ebn e siglave q\u00eb e rrethojn\u00eb, duke pasur besim dhe garancin\u00eb se e af\u00ebrmja s\u2019do t\u00eb jet\u00eb as anonime dhe as e par\u00ebnd\u00ebsishme, sa k\u00ebto or\u00eb t\u00eb para kur orendit\u00eb e zyrave s\u2019e kan\u00eb z\u00ebn\u00eb ende vendin e tyre dhe kur shum\u00ebkush n\u00eb metropolin shqiptar s\u2019e ka m\u00ebsuar adres\u00ebn e partis\u00eb me em\u00ebr t\u00eb gjat\u00eb dhe ambicie t\u00eb madhe politike.<\/p>\n","protected":false},"excerpt":{"rendered":"<p>Gladiola Bendaj, 10 Maj 2012, Revista JAVA Nuk \u00ebsht\u00eb barku i Titanikut. As i Concordias. \u00cbsht\u00eb thjesht selia e partis\u00eb m\u00eb t\u00eb re n\u00eb Shqip\u00ebri. E cila, natyrisht q\u00eb s\u2019ka asgj\u00eb t\u00eb p\u00ebrbashk\u00ebt me dy metaforat e m\u00ebsip\u00ebrme. P\u00ebrkundrazi. Projekt ambicioz, fytyra t\u00eb reja e plot energji, fjal\u00eb t\u00eb zgjedhura e mbi t\u00eb gjith\u00eb dhe [&hellip;]<\/p>\n","protected":false},"author":1,"featured_media":0,"comment_status":"open","ping_status":"closed","sticky":false,"template":"","format":"standard","meta":{"footnotes":""},"categories":[2],"tags":[],"class_list":{"0":"post-2733","1":"post","2":"type-post","3":"status-publish","4":"format-standard","6":"category-artikuj"},"yoast_head":"<!-- This site is optimized with the Yoast SEO plugin v27.4 - https:\/\/yoast.com\/product\/yoast-seo-wordpress\/ -->\n<title>N\u00eb \u201cbarkun\u201d e Partis\u00eb s\u00eb Presidentit - FjALA e LIR\u00cb - Arkivi<\/title>\n<meta name=\"robots\" content=\"index, follow, max-snippet:-1, max-image-preview:large, max-video-preview:-1\" \/>\n<link rel=\"canonical\" href=\"https:\/\/fjala.info\/2009-2015\/ne-barkun-e-partise-se-presidentit\/\" \/>\n<meta property=\"og:locale\" content=\"sq_AL\" \/>\n<meta property=\"og:type\" content=\"article\" \/>\n<meta property=\"og:title\" content=\"N\u00eb \u201cbarkun\u201d e Partis\u00eb s\u00eb Presidentit - FjALA e LIR\u00cb - Arkivi\" \/>\n<meta property=\"og:description\" content=\"Gladiola Bendaj, 10 Maj 2012, Revista JAVA Nuk \u00ebsht\u00eb barku i Titanikut. As i Concordias. \u00cbsht\u00eb thjesht selia e partis\u00eb m\u00eb t\u00eb re n\u00eb Shqip\u00ebri. E cila, natyrisht q\u00eb s\u2019ka asgj\u00eb t\u00eb p\u00ebrbashk\u00ebt me dy metaforat e m\u00ebsip\u00ebrme. P\u00ebrkundrazi. Projekt ambicioz, fytyra t\u00eb reja e plot energji, fjal\u00eb t\u00eb zgjedhura e mbi t\u00eb gjith\u00eb dhe [&hellip;]\" \/>\n<meta property=\"og:url\" content=\"https:\/\/fjala.info\/2009-2015\/ne-barkun-e-partise-se-presidentit\/\" \/>\n<meta property=\"og:site_name\" content=\"FjALA e LIR\u00cb - Arkivi\" \/>\n<meta property=\"article:published_time\" content=\"2012-05-10T17:10:06+00:00\" \/>\n<meta property=\"og:image\" content=\"http:\/\/www.shkoder.net\/2012\/frd.jpg\" \/>\n<meta name=\"author\" content=\"admin\" \/>\n<meta name=\"twitter:card\" content=\"summary_large_image\" \/>\n<meta name=\"twitter:label1\" content=\"Written by\" \/>\n\t<meta name=\"twitter:data1\" content=\"admin\" \/>\n\t<meta name=\"twitter:label2\" content=\"Est. reading time\" \/>\n\t<meta name=\"twitter:data2\" content=\"14 minutes\" \/>\n<script type=\"application\/ld+json\" class=\"yoast-schema-graph\">{\"@context\":\"https:\\\/\\\/schema.org\",\"@graph\":[{\"@type\":\"Article\",\"@id\":\"https:\\\/\\\/fjala.info\\\/2009-2015\\\/ne-barkun-e-partise-se-presidentit\\\/#article\",\"isPartOf\":{\"@id\":\"https:\\\/\\\/fjala.info\\\/2009-2015\\\/ne-barkun-e-partise-se-presidentit\\\/\"},\"author\":{\"name\":\"admin\",\"@id\":\"https:\\\/\\\/fjala.info\\\/2009-2015\\\/#\\\/schema\\\/person\\\/3aa1163ef05469c496fc94e77611ada2\"},\"headline\":\"N\u00eb \u201cbarkun\u201d e Partis\u00eb s\u00eb Presidentit\",\"datePublished\":\"2012-05-10T17:10:06+00:00\",\"mainEntityOfPage\":{\"@id\":\"https:\\\/\\\/fjala.info\\\/2009-2015\\\/ne-barkun-e-partise-se-presidentit\\\/\"},\"wordCount\":2770,\"commentCount\":0,\"publisher\":{\"@id\":\"https:\\\/\\\/fjala.info\\\/2009-2015\\\/#organization\"},\"image\":{\"@id\":\"https:\\\/\\\/fjala.info\\\/2009-2015\\\/ne-barkun-e-partise-se-presidentit\\\/#primaryimage\"},\"thumbnailUrl\":\"http:\\\/\\\/www.shkoder.net\\\/2012\\\/frd.jpg\",\"articleSection\":[\"Artikuj\"],\"inLanguage\":\"sq-AL\",\"potentialAction\":[{\"@type\":\"CommentAction\",\"name\":\"Comment\",\"target\":[\"https:\\\/\\\/fjala.info\\\/2009-2015\\\/ne-barkun-e-partise-se-presidentit\\\/#respond\"]}]},{\"@type\":\"WebPage\",\"@id\":\"https:\\\/\\\/fjala.info\\\/2009-2015\\\/ne-barkun-e-partise-se-presidentit\\\/\",\"url\":\"https:\\\/\\\/fjala.info\\\/2009-2015\\\/ne-barkun-e-partise-se-presidentit\\\/\",\"name\":\"N\u00eb \u201cbarkun\u201d e Partis\u00eb s\u00eb Presidentit - FjALA e LIR\u00cb - Arkivi\",\"isPartOf\":{\"@id\":\"https:\\\/\\\/fjala.info\\\/2009-2015\\\/#website\"},\"primaryImageOfPage\":{\"@id\":\"https:\\\/\\\/fjala.info\\\/2009-2015\\\/ne-barkun-e-partise-se-presidentit\\\/#primaryimage\"},\"image\":{\"@id\":\"https:\\\/\\\/fjala.info\\\/2009-2015\\\/ne-barkun-e-partise-se-presidentit\\\/#primaryimage\"},\"thumbnailUrl\":\"http:\\\/\\\/www.shkoder.net\\\/2012\\\/frd.jpg\",\"datePublished\":\"2012-05-10T17:10:06+00:00\",\"breadcrumb\":{\"@id\":\"https:\\\/\\\/fjala.info\\\/2009-2015\\\/ne-barkun-e-partise-se-presidentit\\\/#breadcrumb\"},\"inLanguage\":\"sq-AL\",\"potentialAction\":[{\"@type\":\"ReadAction\",\"target\":[\"https:\\\/\\\/fjala.info\\\/2009-2015\\\/ne-barkun-e-partise-se-presidentit\\\/\"]}]},{\"@type\":\"ImageObject\",\"inLanguage\":\"sq-AL\",\"@id\":\"https:\\\/\\\/fjala.info\\\/2009-2015\\\/ne-barkun-e-partise-se-presidentit\\\/#primaryimage\",\"url\":\"http:\\\/\\\/www.shkoder.net\\\/2012\\\/frd.jpg\",\"contentUrl\":\"http:\\\/\\\/www.shkoder.net\\\/2012\\\/frd.jpg\"},{\"@type\":\"BreadcrumbList\",\"@id\":\"https:\\\/\\\/fjala.info\\\/2009-2015\\\/ne-barkun-e-partise-se-presidentit\\\/#breadcrumb\",\"itemListElement\":[{\"@type\":\"ListItem\",\"position\":1,\"name\":\"Home\",\"item\":\"https:\\\/\\\/fjala.info\\\/2009-2015\\\/\"},{\"@type\":\"ListItem\",\"position\":2,\"name\":\"N\u00eb \u201cbarkun\u201d e Partis\u00eb s\u00eb Presidentit\"}]},{\"@type\":\"WebSite\",\"@id\":\"https:\\\/\\\/fjala.info\\\/2009-2015\\\/#website\",\"url\":\"https:\\\/\\\/fjala.info\\\/2009-2015\\\/\",\"name\":\"FjALA e LIR\u00cb - Arkivi\",\"description\":\"Arkivi 2009-2015\",\"publisher\":{\"@id\":\"https:\\\/\\\/fjala.info\\\/2009-2015\\\/#organization\"},\"potentialAction\":[{\"@type\":\"SearchAction\",\"target\":{\"@type\":\"EntryPoint\",\"urlTemplate\":\"https:\\\/\\\/fjala.info\\\/2009-2015\\\/?s={search_term_string}\"},\"query-input\":{\"@type\":\"PropertyValueSpecification\",\"valueRequired\":true,\"valueName\":\"search_term_string\"}}],\"inLanguage\":\"sq-AL\"},{\"@type\":\"Organization\",\"@id\":\"https:\\\/\\\/fjala.info\\\/2009-2015\\\/#organization\",\"name\":\"FjALA e LIR\u00cb - Arkivi\",\"url\":\"https:\\\/\\\/fjala.info\\\/2009-2015\\\/\",\"logo\":{\"@type\":\"ImageObject\",\"inLanguage\":\"sq-AL\",\"@id\":\"https:\\\/\\\/fjala.info\\\/2009-2015\\\/#\\\/schema\\\/logo\\\/image\\\/\",\"url\":\"\",\"contentUrl\":\"\",\"caption\":\"FjALA e LIR\u00cb - Arkivi\"},\"image\":{\"@id\":\"https:\\\/\\\/fjala.info\\\/2009-2015\\\/#\\\/schema\\\/logo\\\/image\\\/\"}},{\"@type\":\"Person\",\"@id\":\"https:\\\/\\\/fjala.info\\\/2009-2015\\\/#\\\/schema\\\/person\\\/3aa1163ef05469c496fc94e77611ada2\",\"name\":\"admin\",\"image\":{\"@type\":\"ImageObject\",\"inLanguage\":\"sq-AL\",\"@id\":\"https:\\\/\\\/fjala.info\\\/2009-2015\\\/wp-content\\\/uploads\\\/2012\\\/02\\\/arben_cokaj-120x150.jpg\",\"url\":\"https:\\\/\\\/fjala.info\\\/2009-2015\\\/wp-content\\\/uploads\\\/2012\\\/02\\\/arben_cokaj-120x150.jpg\",\"contentUrl\":\"https:\\\/\\\/fjala.info\\\/2009-2015\\\/wp-content\\\/uploads\\\/2012\\\/02\\\/arben_cokaj-120x150.jpg\",\"caption\":\"admin\"},\"description\":\"Admin, Fjala e Lir\u00eb\",\"sameAs\":[\"https:\\\/\\\/fjala.info\\\/\"],\"url\":\"https:\\\/\\\/fjala.info\\\/2009-2015\\\/author\\\/admin\\\/\"}]}<\/script>\n<!-- \/ Yoast SEO plugin. -->","yoast_head_json":{"title":"N\u00eb \u201cbarkun\u201d e Partis\u00eb s\u00eb Presidentit - FjALA e LIR\u00cb - Arkivi","robots":{"index":"index","follow":"follow","max-snippet":"max-snippet:-1","max-image-preview":"max-image-preview:large","max-video-preview":"max-video-preview:-1"},"canonical":"https:\/\/fjala.info\/2009-2015\/ne-barkun-e-partise-se-presidentit\/","og_locale":"sq_AL","og_type":"article","og_title":"N\u00eb \u201cbarkun\u201d e Partis\u00eb s\u00eb Presidentit - FjALA e LIR\u00cb - Arkivi","og_description":"Gladiola Bendaj, 10 Maj 2012, Revista JAVA Nuk \u00ebsht\u00eb barku i Titanikut. As i Concordias. \u00cbsht\u00eb thjesht selia e partis\u00eb m\u00eb t\u00eb re n\u00eb Shqip\u00ebri. E cila, natyrisht q\u00eb s\u2019ka asgj\u00eb t\u00eb p\u00ebrbashk\u00ebt me dy metaforat e m\u00ebsip\u00ebrme. P\u00ebrkundrazi. Projekt ambicioz, fytyra t\u00eb reja e plot energji, fjal\u00eb t\u00eb zgjedhura e mbi t\u00eb gjith\u00eb dhe [&hellip;]","og_url":"https:\/\/fjala.info\/2009-2015\/ne-barkun-e-partise-se-presidentit\/","og_site_name":"FjALA e LIR\u00cb - Arkivi","article_published_time":"2012-05-10T17:10:06+00:00","og_image":[{"url":"http:\/\/www.shkoder.net\/2012\/frd.jpg","type":"","width":"","height":""}],"author":"admin","twitter_card":"summary_large_image","twitter_misc":{"Written by":"admin","Est. reading time":"14 minutes"},"schema":{"@context":"https:\/\/schema.org","@graph":[{"@type":"Article","@id":"https:\/\/fjala.info\/2009-2015\/ne-barkun-e-partise-se-presidentit\/#article","isPartOf":{"@id":"https:\/\/fjala.info\/2009-2015\/ne-barkun-e-partise-se-presidentit\/"},"author":{"name":"admin","@id":"https:\/\/fjala.info\/2009-2015\/#\/schema\/person\/3aa1163ef05469c496fc94e77611ada2"},"headline":"N\u00eb \u201cbarkun\u201d e Partis\u00eb s\u00eb Presidentit","datePublished":"2012-05-10T17:10:06+00:00","mainEntityOfPage":{"@id":"https:\/\/fjala.info\/2009-2015\/ne-barkun-e-partise-se-presidentit\/"},"wordCount":2770,"commentCount":0,"publisher":{"@id":"https:\/\/fjala.info\/2009-2015\/#organization"},"image":{"@id":"https:\/\/fjala.info\/2009-2015\/ne-barkun-e-partise-se-presidentit\/#primaryimage"},"thumbnailUrl":"http:\/\/www.shkoder.net\/2012\/frd.jpg","articleSection":["Artikuj"],"inLanguage":"sq-AL","potentialAction":[{"@type":"CommentAction","name":"Comment","target":["https:\/\/fjala.info\/2009-2015\/ne-barkun-e-partise-se-presidentit\/#respond"]}]},{"@type":"WebPage","@id":"https:\/\/fjala.info\/2009-2015\/ne-barkun-e-partise-se-presidentit\/","url":"https:\/\/fjala.info\/2009-2015\/ne-barkun-e-partise-se-presidentit\/","name":"N\u00eb \u201cbarkun\u201d e Partis\u00eb s\u00eb Presidentit - FjALA e LIR\u00cb - Arkivi","isPartOf":{"@id":"https:\/\/fjala.info\/2009-2015\/#website"},"primaryImageOfPage":{"@id":"https:\/\/fjala.info\/2009-2015\/ne-barkun-e-partise-se-presidentit\/#primaryimage"},"image":{"@id":"https:\/\/fjala.info\/2009-2015\/ne-barkun-e-partise-se-presidentit\/#primaryimage"},"thumbnailUrl":"http:\/\/www.shkoder.net\/2012\/frd.jpg","datePublished":"2012-05-10T17:10:06+00:00","breadcrumb":{"@id":"https:\/\/fjala.info\/2009-2015\/ne-barkun-e-partise-se-presidentit\/#breadcrumb"},"inLanguage":"sq-AL","potentialAction":[{"@type":"ReadAction","target":["https:\/\/fjala.info\/2009-2015\/ne-barkun-e-partise-se-presidentit\/"]}]},{"@type":"ImageObject","inLanguage":"sq-AL","@id":"https:\/\/fjala.info\/2009-2015\/ne-barkun-e-partise-se-presidentit\/#primaryimage","url":"http:\/\/www.shkoder.net\/2012\/frd.jpg","contentUrl":"http:\/\/www.shkoder.net\/2012\/frd.jpg"},{"@type":"BreadcrumbList","@id":"https:\/\/fjala.info\/2009-2015\/ne-barkun-e-partise-se-presidentit\/#breadcrumb","itemListElement":[{"@type":"ListItem","position":1,"name":"Home","item":"https:\/\/fjala.info\/2009-2015\/"},{"@type":"ListItem","position":2,"name":"N\u00eb \u201cbarkun\u201d e Partis\u00eb s\u00eb Presidentit"}]},{"@type":"WebSite","@id":"https:\/\/fjala.info\/2009-2015\/#website","url":"https:\/\/fjala.info\/2009-2015\/","name":"FjALA e LIR\u00cb - Arkivi","description":"Arkivi 2009-2015","publisher":{"@id":"https:\/\/fjala.info\/2009-2015\/#organization"},"potentialAction":[{"@type":"SearchAction","target":{"@type":"EntryPoint","urlTemplate":"https:\/\/fjala.info\/2009-2015\/?s={search_term_string}"},"query-input":{"@type":"PropertyValueSpecification","valueRequired":true,"valueName":"search_term_string"}}],"inLanguage":"sq-AL"},{"@type":"Organization","@id":"https:\/\/fjala.info\/2009-2015\/#organization","name":"FjALA e LIR\u00cb - Arkivi","url":"https:\/\/fjala.info\/2009-2015\/","logo":{"@type":"ImageObject","inLanguage":"sq-AL","@id":"https:\/\/fjala.info\/2009-2015\/#\/schema\/logo\/image\/","url":"","contentUrl":"","caption":"FjALA e LIR\u00cb - Arkivi"},"image":{"@id":"https:\/\/fjala.info\/2009-2015\/#\/schema\/logo\/image\/"}},{"@type":"Person","@id":"https:\/\/fjala.info\/2009-2015\/#\/schema\/person\/3aa1163ef05469c496fc94e77611ada2","name":"admin","image":{"@type":"ImageObject","inLanguage":"sq-AL","@id":"https:\/\/fjala.info\/2009-2015\/wp-content\/uploads\/2012\/02\/arben_cokaj-120x150.jpg","url":"https:\/\/fjala.info\/2009-2015\/wp-content\/uploads\/2012\/02\/arben_cokaj-120x150.jpg","contentUrl":"https:\/\/fjala.info\/2009-2015\/wp-content\/uploads\/2012\/02\/arben_cokaj-120x150.jpg","caption":"admin"},"description":"Admin, Fjala e Lir\u00eb","sameAs":["https:\/\/fjala.info\/"],"url":"https:\/\/fjala.info\/2009-2015\/author\/admin\/"}]}},"_links":{"self":[{"href":"https:\/\/fjala.info\/2009-2015\/wp-json\/wp\/v2\/posts\/2733","targetHints":{"allow":["GET"]}}],"collection":[{"href":"https:\/\/fjala.info\/2009-2015\/wp-json\/wp\/v2\/posts"}],"about":[{"href":"https:\/\/fjala.info\/2009-2015\/wp-json\/wp\/v2\/types\/post"}],"author":[{"embeddable":true,"href":"https:\/\/fjala.info\/2009-2015\/wp-json\/wp\/v2\/users\/1"}],"replies":[{"embeddable":true,"href":"https:\/\/fjala.info\/2009-2015\/wp-json\/wp\/v2\/comments?post=2733"}],"version-history":[{"count":0,"href":"https:\/\/fjala.info\/2009-2015\/wp-json\/wp\/v2\/posts\/2733\/revisions"}],"wp:attachment":[{"href":"https:\/\/fjala.info\/2009-2015\/wp-json\/wp\/v2\/media?parent=2733"}],"wp:term":[{"taxonomy":"category","embeddable":true,"href":"https:\/\/fjala.info\/2009-2015\/wp-json\/wp\/v2\/categories?post=2733"},{"taxonomy":"post_tag","embeddable":true,"href":"https:\/\/fjala.info\/2009-2015\/wp-json\/wp\/v2\/tags?post=2733"}],"curies":[{"name":"wp","href":"https:\/\/api.w.org\/{rel}","templated":true}]}}