{"id":2732,"date":"2010-05-19T23:50:39","date_gmt":"2010-05-19T22:50:39","guid":{"rendered":"http:\/\/fjala.shkoder.net\/?p=2732"},"modified":"2010-05-19T23:50:39","modified_gmt":"2010-05-19T22:50:39","slug":"plasaritjet-e-greves-se-gabuar","status":"publish","type":"post","link":"https:\/\/fjala.info\/2009-2015\/plasaritjet-e-greves-se-gabuar\/","title":{"rendered":"PLASARITJET E GREV\u00cbS S\u00cb GABUAR"},"content":{"rendered":"<p><img decoding=\"async\" style=\"margin-left: 10px; margin-right: 10px; border: 0px;\" src=\"http:\/\/www.shkoder.net\/images\/fjala\/andrea_stefani.jpg\" border=\"0\" alt=\"Andrea Stefani\" width=\"100\" align=\"left\" \/><\/p>\n<p><strong>Andrea Stefani<\/strong><\/p>\n<p>M\u00eb s\u00eb fundi, edhe Aurel Plasari iu shtua vargut t\u00eb intelektual\u00ebve q\u00eb e shpall\u00ebn t\u00eb gabuar, madje antikomb\u00ebtare grev\u00ebn e uris\u00eb s\u00eb opozit\u00ebs. Por deri k\u00ebtu, asnj\u00eb problem. \u00cbsht\u00eb e drejt\u00eb dhe liri e gjithkujt q\u00eb t\u00eb shpreh\u00eb mendimin, pozicionin e tij lidhur me k\u00ebt\u00eb zhvillim q\u00eb, n\u00eb kuptim politik dhe aspak skenik e teatral, \u00e7do or\u00eb q\u00eb kalon b\u00ebhet gjithnj\u00eb e m\u00eb dramatike. Nj\u00eb grev\u00eb urie \u00ebsht\u00eb n\u00eb vetvete nj\u00eb dram\u00eb njer\u00ebzore, pavar\u00ebsisht se kush e zhvillon dhe pse. Por Plasari ka preferuar, me nj\u00eb ciniz\u00ebm \u201cintelektual\u201d ta quaj\u00eb grev\u00ebn e uris\u00eb thjesht nj\u00eb teat\u00ebr, nj\u00eb spektak\u00ebl q\u00eb nuk \u00ebsht\u00eb i denj\u00eb t\u00eb konkurroj\u00eb me premier\u00ebn e \u201cDarka e Gabuar\u201d t\u00eb Kadares\u00eb.<\/p>\n<p>Dhe ku i gjen argumentet p\u00ebr nj\u00eb t\u00eb till\u00eb p\u00ebr\u00e7mim ndaj nj\u00eb akti vet\u00ebflijimi, q\u00eb na p\u00eblqen apo jo, mbetet nj\u00eb akt sublim? N\u00eb vazhdim do t\u00eb p\u00ebrpiqemi t\u00eb tregojm\u00eb se n\u00eb shpjegimet e Plasarit, q\u00eb e kualifikojn\u00eb grev\u00ebn t\u00eb gabuar, shfaqen shum\u00eb plasa dhe se gjith\u00eb investimi i tij kund\u00ebr grev\u00ebs s\u00eb uris\u00eb, nuk \u00ebsht\u00eb asgj\u00eb m\u00eb shum\u00eb ve\u00e7se nj\u00eb plasaritje, m\u00eb falni, p\u00ebrsiatje propagandistike e r\u00ebndomt\u00eb n\u00eb favor t\u00eb pushtetit aktual.<\/p>\n<p style=\"text-align: center;\">* * *<\/p>\n<p>Q\u00eb n\u00eb nisje t\u00eb artikullit \u201cGreva e gabuar\u201d, Plasari jep shpjegim se p\u00ebrse firma e tij nuk qe e rreshtuar me at\u00eb t\u00eb disa intelektual\u00ebve t\u00eb tjer\u00eb q\u00eb i jan\u00eb drejtuar Edi Ram\u00ebs, me nj\u00eb thirrje p\u00ebr t\u00eb ndaluar grev\u00ebn e uris\u00eb q\u00eb po e nxit i motivuar nga lufta p\u00ebr pushtet. Nuk ka th\u00ebn\u00eb si q\u00ebmoti \u201csh\u00ebnom\u00ebni dhe mua\u201d, sepse nuk beson se Rama ia v\u00eb veshin fjal\u00ebve t\u00eb tij. Duket sikur Plasari mendon q\u00eb ata intelektual\u00ebt e kan\u00eb shkruar peticionin v\u00ebrtet me q\u00ebllimin naiv, q\u00eb t\u00eb bindin apo edukojn\u00eb Edi Ram\u00ebn dhe aspak t\u00eb yshtur nga pushteti p\u00ebr t\u00eb realizuar nj\u00eb mizansen\u00eb \u201cdemokratike\u201d, q\u00eb i kund\u00ebrvihet liderit t\u00eb opozit\u00ebs.<\/p>\n<p>V\u00ebrtet mendon se peticioni nuk \u00ebsht\u00eb n\u00eb llojin e farsave t\u00eb njohura t\u00eb organizuara nga partia dhe se me an\u00eb t\u00eb saj, nuk i bien pragut (Ram\u00ebs) q\u00eb t\u00eb d\u00ebgjoj\u00eb dera (opinioni)? V\u00ebrtet nuk i kujton e gjith\u00eb kjo asgj\u00eb nga ato metodat e \u201cshkath\u00ebta\u201d manipulative t\u00eb Komitetit Qendror? Mundet, por gjithsesi nj\u00eb naivitet i till\u00eb nuk e justifikon Plasarin q\u00eb at\u00eb q\u00eb \u00ebsht\u00eb nj\u00eb dram\u00eb dhe vuajtje njer\u00ebzore, ta marr\u00eb p\u00ebr teat\u00ebr dhe at\u00eb q\u00eb \u00ebsht\u00eb v\u00ebrtet teat\u00ebr me intelektual\u00eb, ta marr\u00eb p\u00ebr t\u00eb v\u00ebrtet\u00eb. M\u00eb pas Plasari korrigjon edhe intelektual\u00ebt me t\u00eb cil\u00ebt solidarizohet. Sepse ata kan\u00eb b\u00ebr\u00eb gabimin t\u2019i k\u00ebrkojn\u00eb Ram\u00ebs t\u00eb mos e zhvilloj\u00eb grev\u00ebn e uris\u00eb n\u00eb em\u00ebr t\u00eb disa interesave m\u00eb t\u00eb m\u00ebdha sikund\u00ebr jan\u00eb ato \u201ct\u00eb kombit\u201d, \u201ct\u00eb marrjes s\u00eb vizave\u201d apo t\u00eb \u201cintegrimit t\u00eb Shqip\u00ebris\u00eb n\u00eb BE\u201d.<\/p>\n<p>Jo, Plasari nuk mendon se greva \u00ebsht\u00eb e gabuar vet\u00ebm sepse pengon \u201cintegrimin\u201d apo \u201cheqjen e vizave\u201d dhe p\u00ebrgjith\u00ebsisht (a nuk \u00ebsht\u00eb kjo tipike p\u00ebr armikun e klas\u00ebs?) interesat e popullit dhe t\u00eb Partis\u00eb. Plasari mendon se greva e uris\u00eb e nj\u00eb partie politike (ve\u00e7an\u00ebrisht Socialiste) \u00ebsht\u00eb kurdoher\u00eb e gabuar. Q\u00eb do t\u00eb thot\u00eb, n\u00eb thelb, se greva e uris\u00eb duhet t\u00eb jet\u00eb fare e ndaluar. Po p\u00ebrse mendon k\u00ebshtu? Sepse \u201c\u2026nj\u00eb grev\u00eb urie e nj\u00eb partie politike parlamentare, si PS, nuk p\u00ebrkon me kurrfar\u00eb parimi dhe praktik\u00eb t\u00eb socializmit europian\u201d. Dhe shpjegon se q\u00eb nga mesi i shek. XIX, grevat e uris\u00eb nuk b\u00ebjn\u00eb pjes\u00eb n\u00eb mjetet dhe metodat e konkurrimit t\u00eb partive socialiste, sidomos kur ato ia kan\u00eb arritur t\u00eb jen\u00eb pjes\u00eb e parlamenteve.<\/p>\n<p>Po p\u00ebrse hyrja e nj\u00eb partie socialiste n\u00eb Parlament e skualifikon grev\u00ebn e uris\u00eb nga arsenali i luft\u00ebs politike t\u00eb saj, nga arsenali i lirive t\u00eb saj? P\u00ebrgjigjen e k\u00ebsaj pyetjeje Plasari e gjen t\u00eb Frederik Engelsi dhe pik\u00ebrisht, te parath\u00ebnia q\u00eb ai ka b\u00ebr\u00eb n\u00eb vitin 1895 me rastin e ribotimit t\u00eb vepr\u00ebs s\u00eb Karl Marksit \u201cLufta e Klasave n\u00eb Franc\u00eb nga viti 1848 deri n\u00eb vitin 1850\u201d. Sipas Plasarit, ishte Engelsi q\u00eb v\u00ebrente se, krejt ndryshe nga \u00e7\u2019ndodhte kur Marksi qe gjall\u00eb, kishin mb\u00ebrritur koh\u00eb t\u00eb reja, kur e drejta e votimit t\u00eb p\u00ebrgjithsh\u00ebm do t\u2019i jepte gjithnj\u00eb e m\u00eb shum\u00eb hap\u00ebsira drejt pushtetit t\u00eb s\u00eb majt\u00ebs. Konkluzioni? Meqen\u00ebse ekziston mund\u00ebsia e marrjes s\u00eb pushtetit me vot\u00eb, p\u00ebrse duhet greva e uris\u00eb?<\/p>\n<p>Plasari ka dashur t\u00eb thot\u00eb pik\u00ebrisht k\u00ebt\u00eb duke cituar Engelsin. Por ai nuk e citon Engelsin plot\u00ebsisht dhe prandaj, n\u00eb mesazhin e tij, nisen t\u00eb shfaqen plasaritjet e para. Engelsi nuk thot\u00eb se e drejta e p\u00ebrgjithshme e vot\u00ebs ishte nj\u00eb rrethan\u00eb e re e shfaqur vet\u00ebm pas vdekjes s\u00eb Marksit. Ai thot\u00eb qart\u00eb, po n\u00eb parath\u00ebnien e cituar nga Plasari, se \u201ce drejta elektorale e p\u00ebrgjithshme ekzistonte prej koh\u00ebsh n\u00eb Franc\u00eb, por ajo kish marr\u00eb nj\u00eb nam t\u00eb keq, sepse ishte shp\u00ebrdoruar nga qeveria bonapartiste\u201d. Edhe n\u00eb shum\u00eb vende t\u00eb tjera (si p.sh. Spanj\u00eb, Zvic\u00ebr) zgjedhjet e p\u00ebrgjithshme shiheshin me mosbesim \u201csi nj\u00eb veg\u00ebl mashtrimi n\u00eb duart e qeveris\u00eb\u201d.<\/p>\n<p>Ajo q\u00eb ndodhi pas vdekjes s\u00eb Marksit ishte se partit\u00eb e majta n\u00eb Gjermani\u2026 u p\u00ebrpoq\u00ebn t\u2019i shfryt\u00ebzojn\u00eb zgjedhjet e p\u00ebrgjithshme p\u00ebr objektivat e veta, ashtu sikund\u00ebr qeveria (Bismarku) u p\u00ebrpoq, n\u00eb an\u00ebn tjet\u00ebr, t\u2019i p\u00ebrdorte po p\u00ebr q\u00ebllimet e veta. Partit\u00eb e majta shkruan Engelsi, t\u00eb drejt\u00ebn elektorale \u201ce shnd\u00ebrruan nga nj\u00eb mjet mashtrimi si\u00e7 ishte deri tani, n\u00eb nj\u00eb veg\u00ebl \u00e7lirimi\u201d. \u00c7\u2019do t\u00eb thot\u00eb e gjith\u00eb kjo po t\u00eb b\u00ebjm\u00eb nj\u00eb p\u00ebrqasje me at\u00eb q\u00eb po ndodh n\u00eb Shqip\u00ebri? Do t\u00eb thot\u00eb se Partia Socialiste dhe partit\u00eb e tjera aleate me t\u00eb, nuk kan\u00eb besim te zgjedhjet elektorale t\u00eb p\u00ebrgjithshme t\u00eb shp\u00ebrdoruara nga qeveria bonapartiste, m\u00eb falni p\u00ebrs\u00ebri, berishiste m\u00eb 28 qershor.<\/p>\n<p>Do t\u00eb thot\u00eb se p\u00ebr sa i takon zgjedhjeve t\u00eb lira e t\u00eb ndershme, Shqip\u00ebria nuk ka arritur ende stadin e zgjedhjeve t\u00eb besueshme q\u00eb shum\u00eb vende t\u00eb Europ\u00ebs e arrit\u00ebn \u201cqysh prej nj\u00eb shekulli e gjysm\u00eb\u201d m\u00eb par\u00eb. Por n\u00eb nj\u00eb aspekt Shqip\u00ebria \u00ebsht\u00eb m\u00eb p\u00ebrpara se t\u00eb themi, Franca e koh\u00ebs s\u00eb Marksit. N\u00eb munges\u00eb t\u00eb besimit te zgjedhjet, partit\u00eb e majta n\u00eb Shqip\u00ebri nuk po i drejtohen barrikadave dhe kryengritjes sikund\u00ebr ndodhte r\u00ebndom, t\u00eb themi, n\u00eb Franc\u00eb, por grev\u00ebs s\u00eb uris\u00eb q\u00eb \u00ebsht\u00eb nj\u00eb mjet i rezistenc\u00ebs paq\u00ebsore demokratike. Me an\u00eb t\u00eb grev\u00ebs s\u00eb uris\u00eb, ata synojn\u00eb q\u00eb qeveria t\u00eb ndihet keq dhe t\u00eb b\u00ebj\u00eb l\u00ebshime. N\u00eb k\u00ebt\u00eb dinamik\u00eb demokratike dalin ca intelektual\u00eb, p\u00ebrfshi Plasarin, dhe i thon\u00eb qeveris\u00eb mos l\u00ebsho se e ke mir\u00eb. E p\u00ebrs\u00ebrisim, \u00ebsht\u00eb e drejta e tyre.<\/p>\n<p>Por nuk mund t\u00eb mos konstatojm\u00eb se zem\u00ebrimi i v\u00ebrtet\u00eb i shum\u00eb mb\u00ebshtet\u00ebsve t\u00eb pushtetit kund\u00ebr grev\u00ebs s\u00eb uris\u00eb, nuk \u00ebsht\u00eb, sikund\u00ebr edhe ankohen, se greva \u00ebsht\u00eb tep\u00ebr radikale, por se nuk \u00ebsht\u00eb aq radikale sa do t\u00eb donin ata. Sepse ata dhe qeveria do t\u00eb donin dhe lusnin q\u00eb e majta, n\u00eb vend t\u00eb grev\u00ebs, t\u2019u drejtohej barrikadave q\u00eb t\u00eb kishin pastaj mund\u00ebsi q\u00eb ta skualifikonin si \u201ckomuniste\u201d, si t\u00eb dhunshme duke dh\u00ebn\u00eb alarm n\u00ebp\u00ebr Europ\u00eb me Pack\u00ebt apo Volantet, se e majta \u00ebsht\u00eb p\u00ebr dhun\u00eb dhe jo p\u00ebr demokraci, se \u00ebsht\u00eb kund\u00ebr Parlamentit. Greva e uris\u00eb i zem\u00ebron, sepse nuk u jep mund\u00ebsi t\u00eb nxjerrin \u201cligjin kund\u00ebr socialist\u00ebve\u201d, si\u00e7 ndodhte k\u00ebtu e dy shekuj m\u00eb par\u00eb n\u00eb jo pak vende t\u00eb Europ\u00ebs, sepse nuk i jep mund\u00ebsi t\u2019i akuzojn\u00eb socialist\u00ebt p\u00ebr djegien e \u201cRajhshtagut\u201d si p\u00ebr nj\u00eb \u201cflamur t\u00eb NATO-s.<\/p>\n<p>Jan\u00eb t\u00eb zem\u00ebruar me grev\u00ebn dhe e quajn\u00eb t\u00eb gabuar, sepse nd\u00ebrsa nuk u jep mund\u00ebsi t\u00eb godasin opozit\u00ebn ajo, greva e uris\u00eb, po godet statukuon\u00eb e korruptimit alarmant t\u00eb vot\u00ebs dhe t\u00eb zgjedhjeve n\u00eb Shqip\u00ebri, duke sh\u00ebnuar nj\u00eb epok\u00eb t\u00eb re. E urrejn\u00eb grev\u00ebn, sepse ajo u tregon jo vet\u00ebm shqiptar\u00ebve, por edhe gjith\u00eb bot\u00ebs, se sot n\u00eb Shqip\u00ebri po b\u00ebhen p\u00ebrpjekje q\u00eb zgjedhjet \u201ct\u00eb shnd\u00ebrrohen nga mjet mashtrimi n\u00eb nj\u00eb mjet \u00e7lirimi\u201d.<\/p>\n<p style=\"text-align: center;\">\n***<\/p>\n<p>T\u00eb gjith\u00eb ata q\u00eb dalin sot kund\u00ebr grev\u00ebs s\u00eb uris\u00eb p\u00ebr vot\u00ebn e lir\u00eb (edhe Plasari) duhet t\u00eb provojn\u00eb se n\u00eb Shqip\u00ebri vota \u00ebsht\u00eb e lir\u00eb dhe se zgjedhjet nuk vidhen. Po kush e pranon nj\u00eb gj\u00eb t\u00eb till\u00eb si t\u00eb v\u00ebrtet\u00eb, p\u00ebrve\u00e7 ca \u201cintelektual\u00ebve t\u00eb kultur\u00ebs dhe t\u00eb pron\u00ebs\u201d q\u00eb mb\u00ebshtesin pushtetin e radh\u00ebs, si dhe t\u00eb gjith\u00eb ato masa fatkeqe njer\u00ebzish q\u00eb besimin ndaj pushteteve e kan\u00eb t\u00eb pakuruesh\u00ebm si nj\u00eb gjymtim? Sepse t\u00eb pranosh q\u00eb n\u00eb Shqip\u00ebri nuk jan\u00eb vjedhur votat, duhet t\u00eb pranosh se ka gjykata t\u00eb pavarura t\u00eb afta t\u00eb k\u00ebrkojn\u00eb pa frik\u00eb votat e vjedhura dhe parat\u00eb e korrupsionit n\u00eb xhepat e pushtetit.<\/p>\n<p>Sepse vota lir\u00eb nuk \u00ebsht\u00eb nj\u00eb mrekulli, nj\u00eb rast\u00ebsi, por nj\u00eb produkt, nj\u00eb domosdoshm\u00ebri e sistemit, nj\u00eb arritje e drejt\u00ebsis\u00eb dhe liris\u00eb. Por q\u00eb Shqip\u00ebria \u00ebsht\u00eb nj\u00eb shtet pa drejt\u00ebsi dhe tejet i korruptuar, e sheh edhe \u201cbufi\u201d. Dhe q\u00eb vota \u00ebsht\u00eb vjedhur (edhe n\u00eb 28 qershor) dhe vidhet n\u00ebn t\u00eb gjitha qeverisjet (demokrate e socialiste) e din\u00eb t\u00eb gjith\u00eb shqiptar\u00ebt, jo pak prej t\u00eb cil\u00ebve, jan\u00eb b\u00ebr\u00eb pjes\u00eb aktive apo pasive e k\u00ebtij megamashtrimi q\u00eb po g\u00ebrryen demokracin\u00eb dhe lirin\u00eb, si erozioni tok\u00ebn dhe mjedisin. Korruptimi i vot\u00ebs dhe i zgjedhjeve \u00ebsht\u00eb pasoj\u00eb e atij korrupsioni galopant q\u00eb ka 20 vjet q\u00eb e b\u00ebn t\u00eb l\u00ebngoj\u00eb Shqip\u00ebrin\u00eb dhe qytetarin.<\/p>\n<p>Plasari thot\u00eb se futja e PS n\u00eb aventur\u00ebn e grev\u00ebs s\u00eb uris\u00eb duhet t\u00eb ket\u00eb shkaqe shum\u00eb t\u00eb forta dhe rendit n\u00eb krye t\u00eb list\u00ebs ato personale t\u00eb Edi Ram\u00ebs, si dhe ato t\u00eb p\u00ebrfitimeve ekonomiko-financiare. Ai thot\u00eb edhe se greva b\u00ebhet p\u00ebr q\u00ebllime pushteti. Pa asnj\u00eb dyshim q\u00eb b\u00ebhet p\u00ebr q\u00ebllime pushteti! Mos duhet t\u00eb pritet ndryshe nga nj\u00eb politikan? Mos do t\u00eb na thot\u00eb vall\u00eb se kutit\u00eb nuk hapen nga Berisha p\u00ebr hir t\u00eb drejt\u00ebsis\u00eb s\u00eb pavarur? Mos do t\u00eb na thot\u00eb se Kryeministri, nj\u00eb autoritarist tashm\u00eb me damk\u00eb, po i l\u00eb 200 vet\u00eb t\u00eb vdesin urie jo p\u00ebr hat\u00ebr t\u00eb pushtetit, por p\u00ebr hat\u00ebr t\u00eb respektimit t\u00eb ligjit?<\/p>\n<p>Mos vall\u00eb me k\u00ebto \u201cplasaritje\u201d do t\u00eb na b\u00ebj\u00eb t\u00eb besojm\u00eb se Edi Rama \u00ebsht\u00eb djall dhe Sali Berisha engj\u00eblli i demokracis\u00eb dhe i respektimit t\u00eb institucioneve dhe (uh!) i pavar\u00ebsis\u00eb s\u00eb drejt\u00ebsis\u00eb? Q\u00eb Berisha ka tentuar e tenton t\u2019i heq\u00eb lirin\u00eb gjith\u00e7kaje n\u00eb k\u00ebt\u00eb vend, provat jan\u00eb pa fund. Edhe mediat, ai punon q\u00eb t\u00eb jen\u00eb \u201ct\u00eb lira\u201d t\u00eb llapin po t\u00eb mos thot\u00eb gj\u00eb. Motoja e Berish\u00ebs dhe e berishizmit \u00ebsht\u00eb: imazh \u201cdemokratik\u201d dhe realitet autokratik. Pjes\u00eb e k\u00ebtij trukimi jan\u00eb edhe peticionet me intelektual\u00eb. Prandaj edhe kur flasin kund\u00ebr grev\u00ebs, n\u00eb plan t\u00eb par\u00eb v\u00ebn\u00eb imazhin e \u201cShqip\u00ebris\u00eb\u201d dhe interesat e \u201ckombit\u201d q\u00eb vazhdon t\u00eb mbetet streha e fundit e sharlatan\u00ebve.<\/p>\n<p>Nd\u00ebrkaq askush nuk mund t\u00eb jap\u00eb garancira p\u00ebr lider\u00eb t\u00eb tjer\u00eb. Do t\u00eb qe shum\u00eb e gabuar. P\u00ebr Edi Ram\u00ebn dhe p\u00ebr k\u00ebdo. Por nj\u00eb gj\u00eb \u00ebsht\u00eb e qart\u00eb. Edi Ram\u00ebs mund t\u2019i q\u00ebmtosh jo pak gabime n\u00eb karrier\u00ebn e tij politike, por p\u00ebrpjekja e tij p\u00ebr vot\u00ebn e lir\u00eb n\u00eb krye t\u00eb opozit\u00ebs, \u00ebsht\u00eb nj\u00eb investim q\u00eb i finalizuar me sukses, do t\u2019i vlente sistemit t\u00eb demokracis\u00eb q\u00eb humbet themel e kuptim n\u00ebse nuk bazohet te vota e lir\u00eb. Vjedhja e vot\u00ebs \u00ebsht\u00eb e barabart\u00eb me nj\u00eb grusht shteti. Madje edhe m\u00eb keq sepse, ndryshe nga tanket dhe topat, nuk duket. Prandaj n\u00ebse arrihet transparenca e vot\u00ebs sot, vet\u00eb Edi Rama dhe kushdo lider tjet\u00ebr, do ta ket\u00eb t\u00eb v\u00ebshtir\u00eb ta dhunoj\u00eb nes\u00ebr kur t\u00eb jet\u00eb n\u00eb pushtet.<\/p>\n<p>Nj\u00eb lider mund t\u00eb ushqej\u00eb n\u00eb fsheht\u00ebsi ambicie aspak t\u00eb sh\u00ebndetshme. Mund t\u00eb ket\u00eb dhe ca dyshime p\u00ebr k\u00ebt\u00eb. Por kjo nuk duhet t\u00eb na b\u00ebj\u00eb q\u00eb t\u00eb mos e mb\u00ebshtesim kur ai, qoft\u00eb edhe p\u00ebr oportunitet politik, \u00ebsht\u00eb i detyruar t\u00eb udh\u00ebheq\u00eb aksione q\u00eb sh\u00ebndoshin sistemin e liris\u00eb. Sepse duke sh\u00ebndoshur sot sistemin bashk\u00eb me cilindo lider, do t\u00eb jet\u00eb sistemi, vota e lir\u00eb, drejt\u00ebsia e pavarur, q\u00eb do na mbroj\u00eb nga lajthitjet dhe lakmit\u00eb e cilitdo lider nes\u00ebr. Prandaj \u00ebsht\u00eb nj\u00eb \u201cplasaritje\u201d pavler\u00eb, t\u00eb pyes\u00ebsh se \u201cp\u00ebrse e b\u00ebn Rama\u201d. \u00cbsht\u00eb ndoshta m\u00eb e dobishme t\u00eb kuptosh se \u00e7\u2019e detyron Edi Ram\u00ebn t\u00eb mbroj\u00eb sot fort vot\u00ebn e lir\u00eb.<\/p>\n<p>T\u00eb kuptosh n\u00ebse ky \u00ebsht\u00eb nj\u00eb aksident, thjesht sepse ai ka p\u00ebr kund\u00ebrshtar nj\u00eb dhunues tradicional t\u00eb vot\u00ebs s\u00eb lir\u00eb me emrin Sali Berisha, apo dedikim i nj\u00eb karakteri demokratik. Koha jep p\u00ebrgjigje m\u00eb t\u00eb sakt\u00eb p\u00ebr t\u00eb tilla dilema. Por sido q\u00eb t\u00eb jet\u00eb, e mbrojtur nga transparenca dhe drejt\u00ebsia, vota e lir\u00eb do mund t\u00eb ket\u00eb m\u00eb shum\u00eb shanse t\u00eb jetoj\u00eb edhe n\u00ebse nes\u00ebr n\u00eb pushtet, miqt\u00eb e saj t\u00eb sot\u00ebm n\u00eb opozit\u00eb i kthejn\u00eb shpin\u00ebn. N\u00eb fund t\u00eb fundit, gjith\u00e7ka duhet t\u00eb shkoj\u00eb n\u00eb hullin\u00eb e asaj q\u00eb thon\u00eb Karl Poper dhe Giovani Sartori, n\u00eb krijimin e nj\u00eb sistemi q\u00eb t\u00eb mos lejoj\u00eb t\u00eb b\u00ebjn\u00eb shum\u00eb d\u00ebm edhe lider\u00eb t\u00eb k\u00ebqij t\u00eb dal\u00eb nga zgjedhjet. Por m\u00eb par\u00eb duhet t\u00eb b\u00ebjm\u00eb zgjedhje t\u00eb ndershme. Dhe p\u00ebr k\u00ebt\u00eb na duhet se s\u2019b\u00ebn transparenca e k\u00ebrkuar nga nj\u00eb grev\u00eb urie e \u201cgabuar\u201d.<\/p>\n","protected":false},"excerpt":{"rendered":"<p>Andrea Stefani M\u00eb s\u00eb fundi, edhe Aurel Plasari iu shtua vargut t\u00eb intelektual\u00ebve q\u00eb e shpall\u00ebn t\u00eb gabuar, madje antikomb\u00ebtare grev\u00ebn e uris\u00eb s\u00eb opozit\u00ebs. Por deri k\u00ebtu, asnj\u00eb problem. \u00cbsht\u00eb e drejt\u00eb dhe liri e gjithkujt q\u00eb t\u00eb shpreh\u00eb mendimin, pozicionin e tij lidhur me k\u00ebt\u00eb zhvillim q\u00eb, n\u00eb kuptim politik dhe aspak skenik [&hellip;]<\/p>\n","protected":false},"author":1,"featured_media":0,"comment_status":"open","ping_status":"closed","sticky":false,"template":"","format":"standard","meta":{"footnotes":""},"categories":[2],"tags":[],"class_list":{"0":"post-2732","1":"post","2":"type-post","3":"status-publish","4":"format-standard","6":"category-artikuj"},"yoast_head":"<!-- This site is optimized with the Yoast SEO plugin v27.4 - https:\/\/yoast.com\/product\/yoast-seo-wordpress\/ -->\n<title>PLASARITJET E GREV\u00cbS S\u00cb GABUAR - FjALA e LIR\u00cb - Arkivi<\/title>\n<meta name=\"robots\" content=\"index, follow, max-snippet:-1, max-image-preview:large, max-video-preview:-1\" \/>\n<link rel=\"canonical\" href=\"https:\/\/fjala.info\/2009-2015\/plasaritjet-e-greves-se-gabuar\/\" \/>\n<meta property=\"og:locale\" content=\"sq_AL\" \/>\n<meta property=\"og:type\" content=\"article\" \/>\n<meta property=\"og:title\" content=\"PLASARITJET E GREV\u00cbS S\u00cb GABUAR - FjALA e LIR\u00cb - Arkivi\" \/>\n<meta property=\"og:description\" content=\"Andrea Stefani M\u00eb s\u00eb fundi, edhe Aurel Plasari iu shtua vargut t\u00eb intelektual\u00ebve q\u00eb e shpall\u00ebn t\u00eb gabuar, madje antikomb\u00ebtare grev\u00ebn e uris\u00eb s\u00eb opozit\u00ebs. Por deri k\u00ebtu, asnj\u00eb problem. \u00cbsht\u00eb e drejt\u00eb dhe liri e gjithkujt q\u00eb t\u00eb shpreh\u00eb mendimin, pozicionin e tij lidhur me k\u00ebt\u00eb zhvillim q\u00eb, n\u00eb kuptim politik dhe aspak skenik [&hellip;]\" \/>\n<meta property=\"og:url\" content=\"https:\/\/fjala.info\/2009-2015\/plasaritjet-e-greves-se-gabuar\/\" \/>\n<meta property=\"og:site_name\" content=\"FjALA e LIR\u00cb - Arkivi\" \/>\n<meta property=\"article:published_time\" content=\"2010-05-19T22:50:39+00:00\" \/>\n<meta property=\"og:image\" content=\"http:\/\/www.shkoder.net\/images\/fjala\/andrea_stefani.jpg\" \/>\n<meta name=\"author\" content=\"admin\" \/>\n<meta name=\"twitter:card\" content=\"summary_large_image\" \/>\n<meta name=\"twitter:label1\" content=\"Written by\" \/>\n\t<meta name=\"twitter:data1\" content=\"admin\" \/>\n\t<meta name=\"twitter:label2\" content=\"Est. reading time\" \/>\n\t<meta name=\"twitter:data2\" content=\"12 minutes\" \/>\n<script type=\"application\/ld+json\" class=\"yoast-schema-graph\">{\"@context\":\"https:\\\/\\\/schema.org\",\"@graph\":[{\"@type\":\"Article\",\"@id\":\"https:\\\/\\\/fjala.info\\\/2009-2015\\\/plasaritjet-e-greves-se-gabuar\\\/#article\",\"isPartOf\":{\"@id\":\"https:\\\/\\\/fjala.info\\\/2009-2015\\\/plasaritjet-e-greves-se-gabuar\\\/\"},\"author\":{\"name\":\"admin\",\"@id\":\"https:\\\/\\\/fjala.info\\\/2009-2015\\\/#\\\/schema\\\/person\\\/3aa1163ef05469c496fc94e77611ada2\"},\"headline\":\"PLASARITJET E GREV\u00cbS S\u00cb GABUAR\",\"datePublished\":\"2010-05-19T22:50:39+00:00\",\"mainEntityOfPage\":{\"@id\":\"https:\\\/\\\/fjala.info\\\/2009-2015\\\/plasaritjet-e-greves-se-gabuar\\\/\"},\"wordCount\":2411,\"commentCount\":0,\"publisher\":{\"@id\":\"https:\\\/\\\/fjala.info\\\/2009-2015\\\/#organization\"},\"image\":{\"@id\":\"https:\\\/\\\/fjala.info\\\/2009-2015\\\/plasaritjet-e-greves-se-gabuar\\\/#primaryimage\"},\"thumbnailUrl\":\"http:\\\/\\\/www.shkoder.net\\\/images\\\/fjala\\\/andrea_stefani.jpg\",\"articleSection\":[\"Artikuj\"],\"inLanguage\":\"sq-AL\",\"potentialAction\":[{\"@type\":\"CommentAction\",\"name\":\"Comment\",\"target\":[\"https:\\\/\\\/fjala.info\\\/2009-2015\\\/plasaritjet-e-greves-se-gabuar\\\/#respond\"]}]},{\"@type\":\"WebPage\",\"@id\":\"https:\\\/\\\/fjala.info\\\/2009-2015\\\/plasaritjet-e-greves-se-gabuar\\\/\",\"url\":\"https:\\\/\\\/fjala.info\\\/2009-2015\\\/plasaritjet-e-greves-se-gabuar\\\/\",\"name\":\"PLASARITJET E GREV\u00cbS S\u00cb GABUAR - FjALA e LIR\u00cb - Arkivi\",\"isPartOf\":{\"@id\":\"https:\\\/\\\/fjala.info\\\/2009-2015\\\/#website\"},\"primaryImageOfPage\":{\"@id\":\"https:\\\/\\\/fjala.info\\\/2009-2015\\\/plasaritjet-e-greves-se-gabuar\\\/#primaryimage\"},\"image\":{\"@id\":\"https:\\\/\\\/fjala.info\\\/2009-2015\\\/plasaritjet-e-greves-se-gabuar\\\/#primaryimage\"},\"thumbnailUrl\":\"http:\\\/\\\/www.shkoder.net\\\/images\\\/fjala\\\/andrea_stefani.jpg\",\"datePublished\":\"2010-05-19T22:50:39+00:00\",\"breadcrumb\":{\"@id\":\"https:\\\/\\\/fjala.info\\\/2009-2015\\\/plasaritjet-e-greves-se-gabuar\\\/#breadcrumb\"},\"inLanguage\":\"sq-AL\",\"potentialAction\":[{\"@type\":\"ReadAction\",\"target\":[\"https:\\\/\\\/fjala.info\\\/2009-2015\\\/plasaritjet-e-greves-se-gabuar\\\/\"]}]},{\"@type\":\"ImageObject\",\"inLanguage\":\"sq-AL\",\"@id\":\"https:\\\/\\\/fjala.info\\\/2009-2015\\\/plasaritjet-e-greves-se-gabuar\\\/#primaryimage\",\"url\":\"http:\\\/\\\/www.shkoder.net\\\/images\\\/fjala\\\/andrea_stefani.jpg\",\"contentUrl\":\"http:\\\/\\\/www.shkoder.net\\\/images\\\/fjala\\\/andrea_stefani.jpg\"},{\"@type\":\"BreadcrumbList\",\"@id\":\"https:\\\/\\\/fjala.info\\\/2009-2015\\\/plasaritjet-e-greves-se-gabuar\\\/#breadcrumb\",\"itemListElement\":[{\"@type\":\"ListItem\",\"position\":1,\"name\":\"Home\",\"item\":\"https:\\\/\\\/fjala.info\\\/2009-2015\\\/\"},{\"@type\":\"ListItem\",\"position\":2,\"name\":\"PLASARITJET E GREV\u00cbS S\u00cb GABUAR\"}]},{\"@type\":\"WebSite\",\"@id\":\"https:\\\/\\\/fjala.info\\\/2009-2015\\\/#website\",\"url\":\"https:\\\/\\\/fjala.info\\\/2009-2015\\\/\",\"name\":\"FjALA e LIR\u00cb - Arkivi\",\"description\":\"Arkivi 2009-2015\",\"publisher\":{\"@id\":\"https:\\\/\\\/fjala.info\\\/2009-2015\\\/#organization\"},\"potentialAction\":[{\"@type\":\"SearchAction\",\"target\":{\"@type\":\"EntryPoint\",\"urlTemplate\":\"https:\\\/\\\/fjala.info\\\/2009-2015\\\/?s={search_term_string}\"},\"query-input\":{\"@type\":\"PropertyValueSpecification\",\"valueRequired\":true,\"valueName\":\"search_term_string\"}}],\"inLanguage\":\"sq-AL\"},{\"@type\":\"Organization\",\"@id\":\"https:\\\/\\\/fjala.info\\\/2009-2015\\\/#organization\",\"name\":\"FjALA e LIR\u00cb - Arkivi\",\"url\":\"https:\\\/\\\/fjala.info\\\/2009-2015\\\/\",\"logo\":{\"@type\":\"ImageObject\",\"inLanguage\":\"sq-AL\",\"@id\":\"https:\\\/\\\/fjala.info\\\/2009-2015\\\/#\\\/schema\\\/logo\\\/image\\\/\",\"url\":\"\",\"contentUrl\":\"\",\"caption\":\"FjALA e LIR\u00cb - Arkivi\"},\"image\":{\"@id\":\"https:\\\/\\\/fjala.info\\\/2009-2015\\\/#\\\/schema\\\/logo\\\/image\\\/\"}},{\"@type\":\"Person\",\"@id\":\"https:\\\/\\\/fjala.info\\\/2009-2015\\\/#\\\/schema\\\/person\\\/3aa1163ef05469c496fc94e77611ada2\",\"name\":\"admin\",\"image\":{\"@type\":\"ImageObject\",\"inLanguage\":\"sq-AL\",\"@id\":\"https:\\\/\\\/fjala.info\\\/2009-2015\\\/wp-content\\\/uploads\\\/2012\\\/02\\\/arben_cokaj-120x150.jpg\",\"url\":\"https:\\\/\\\/fjala.info\\\/2009-2015\\\/wp-content\\\/uploads\\\/2012\\\/02\\\/arben_cokaj-120x150.jpg\",\"contentUrl\":\"https:\\\/\\\/fjala.info\\\/2009-2015\\\/wp-content\\\/uploads\\\/2012\\\/02\\\/arben_cokaj-120x150.jpg\",\"caption\":\"admin\"},\"description\":\"Admin, Fjala e Lir\u00eb\",\"sameAs\":[\"https:\\\/\\\/fjala.info\\\/\"],\"url\":\"https:\\\/\\\/fjala.info\\\/2009-2015\\\/author\\\/admin\\\/\"}]}<\/script>\n<!-- \/ Yoast SEO plugin. -->","yoast_head_json":{"title":"PLASARITJET E GREV\u00cbS S\u00cb GABUAR - FjALA e LIR\u00cb - Arkivi","robots":{"index":"index","follow":"follow","max-snippet":"max-snippet:-1","max-image-preview":"max-image-preview:large","max-video-preview":"max-video-preview:-1"},"canonical":"https:\/\/fjala.info\/2009-2015\/plasaritjet-e-greves-se-gabuar\/","og_locale":"sq_AL","og_type":"article","og_title":"PLASARITJET E GREV\u00cbS S\u00cb GABUAR - FjALA e LIR\u00cb - Arkivi","og_description":"Andrea Stefani M\u00eb s\u00eb fundi, edhe Aurel Plasari iu shtua vargut t\u00eb intelektual\u00ebve q\u00eb e shpall\u00ebn t\u00eb gabuar, madje antikomb\u00ebtare grev\u00ebn e uris\u00eb s\u00eb opozit\u00ebs. Por deri k\u00ebtu, asnj\u00eb problem. \u00cbsht\u00eb e drejt\u00eb dhe liri e gjithkujt q\u00eb t\u00eb shpreh\u00eb mendimin, pozicionin e tij lidhur me k\u00ebt\u00eb zhvillim q\u00eb, n\u00eb kuptim politik dhe aspak skenik [&hellip;]","og_url":"https:\/\/fjala.info\/2009-2015\/plasaritjet-e-greves-se-gabuar\/","og_site_name":"FjALA e LIR\u00cb - Arkivi","article_published_time":"2010-05-19T22:50:39+00:00","og_image":[{"url":"http:\/\/www.shkoder.net\/images\/fjala\/andrea_stefani.jpg","type":"","width":"","height":""}],"author":"admin","twitter_card":"summary_large_image","twitter_misc":{"Written by":"admin","Est. reading time":"12 minutes"},"schema":{"@context":"https:\/\/schema.org","@graph":[{"@type":"Article","@id":"https:\/\/fjala.info\/2009-2015\/plasaritjet-e-greves-se-gabuar\/#article","isPartOf":{"@id":"https:\/\/fjala.info\/2009-2015\/plasaritjet-e-greves-se-gabuar\/"},"author":{"name":"admin","@id":"https:\/\/fjala.info\/2009-2015\/#\/schema\/person\/3aa1163ef05469c496fc94e77611ada2"},"headline":"PLASARITJET E GREV\u00cbS S\u00cb GABUAR","datePublished":"2010-05-19T22:50:39+00:00","mainEntityOfPage":{"@id":"https:\/\/fjala.info\/2009-2015\/plasaritjet-e-greves-se-gabuar\/"},"wordCount":2411,"commentCount":0,"publisher":{"@id":"https:\/\/fjala.info\/2009-2015\/#organization"},"image":{"@id":"https:\/\/fjala.info\/2009-2015\/plasaritjet-e-greves-se-gabuar\/#primaryimage"},"thumbnailUrl":"http:\/\/www.shkoder.net\/images\/fjala\/andrea_stefani.jpg","articleSection":["Artikuj"],"inLanguage":"sq-AL","potentialAction":[{"@type":"CommentAction","name":"Comment","target":["https:\/\/fjala.info\/2009-2015\/plasaritjet-e-greves-se-gabuar\/#respond"]}]},{"@type":"WebPage","@id":"https:\/\/fjala.info\/2009-2015\/plasaritjet-e-greves-se-gabuar\/","url":"https:\/\/fjala.info\/2009-2015\/plasaritjet-e-greves-se-gabuar\/","name":"PLASARITJET E GREV\u00cbS S\u00cb GABUAR - FjALA e LIR\u00cb - Arkivi","isPartOf":{"@id":"https:\/\/fjala.info\/2009-2015\/#website"},"primaryImageOfPage":{"@id":"https:\/\/fjala.info\/2009-2015\/plasaritjet-e-greves-se-gabuar\/#primaryimage"},"image":{"@id":"https:\/\/fjala.info\/2009-2015\/plasaritjet-e-greves-se-gabuar\/#primaryimage"},"thumbnailUrl":"http:\/\/www.shkoder.net\/images\/fjala\/andrea_stefani.jpg","datePublished":"2010-05-19T22:50:39+00:00","breadcrumb":{"@id":"https:\/\/fjala.info\/2009-2015\/plasaritjet-e-greves-se-gabuar\/#breadcrumb"},"inLanguage":"sq-AL","potentialAction":[{"@type":"ReadAction","target":["https:\/\/fjala.info\/2009-2015\/plasaritjet-e-greves-se-gabuar\/"]}]},{"@type":"ImageObject","inLanguage":"sq-AL","@id":"https:\/\/fjala.info\/2009-2015\/plasaritjet-e-greves-se-gabuar\/#primaryimage","url":"http:\/\/www.shkoder.net\/images\/fjala\/andrea_stefani.jpg","contentUrl":"http:\/\/www.shkoder.net\/images\/fjala\/andrea_stefani.jpg"},{"@type":"BreadcrumbList","@id":"https:\/\/fjala.info\/2009-2015\/plasaritjet-e-greves-se-gabuar\/#breadcrumb","itemListElement":[{"@type":"ListItem","position":1,"name":"Home","item":"https:\/\/fjala.info\/2009-2015\/"},{"@type":"ListItem","position":2,"name":"PLASARITJET E GREV\u00cbS S\u00cb GABUAR"}]},{"@type":"WebSite","@id":"https:\/\/fjala.info\/2009-2015\/#website","url":"https:\/\/fjala.info\/2009-2015\/","name":"FjALA e LIR\u00cb - Arkivi","description":"Arkivi 2009-2015","publisher":{"@id":"https:\/\/fjala.info\/2009-2015\/#organization"},"potentialAction":[{"@type":"SearchAction","target":{"@type":"EntryPoint","urlTemplate":"https:\/\/fjala.info\/2009-2015\/?s={search_term_string}"},"query-input":{"@type":"PropertyValueSpecification","valueRequired":true,"valueName":"search_term_string"}}],"inLanguage":"sq-AL"},{"@type":"Organization","@id":"https:\/\/fjala.info\/2009-2015\/#organization","name":"FjALA e LIR\u00cb - Arkivi","url":"https:\/\/fjala.info\/2009-2015\/","logo":{"@type":"ImageObject","inLanguage":"sq-AL","@id":"https:\/\/fjala.info\/2009-2015\/#\/schema\/logo\/image\/","url":"","contentUrl":"","caption":"FjALA e LIR\u00cb - Arkivi"},"image":{"@id":"https:\/\/fjala.info\/2009-2015\/#\/schema\/logo\/image\/"}},{"@type":"Person","@id":"https:\/\/fjala.info\/2009-2015\/#\/schema\/person\/3aa1163ef05469c496fc94e77611ada2","name":"admin","image":{"@type":"ImageObject","inLanguage":"sq-AL","@id":"https:\/\/fjala.info\/2009-2015\/wp-content\/uploads\/2012\/02\/arben_cokaj-120x150.jpg","url":"https:\/\/fjala.info\/2009-2015\/wp-content\/uploads\/2012\/02\/arben_cokaj-120x150.jpg","contentUrl":"https:\/\/fjala.info\/2009-2015\/wp-content\/uploads\/2012\/02\/arben_cokaj-120x150.jpg","caption":"admin"},"description":"Admin, Fjala e Lir\u00eb","sameAs":["https:\/\/fjala.info\/"],"url":"https:\/\/fjala.info\/2009-2015\/author\/admin\/"}]}},"_links":{"self":[{"href":"https:\/\/fjala.info\/2009-2015\/wp-json\/wp\/v2\/posts\/2732","targetHints":{"allow":["GET"]}}],"collection":[{"href":"https:\/\/fjala.info\/2009-2015\/wp-json\/wp\/v2\/posts"}],"about":[{"href":"https:\/\/fjala.info\/2009-2015\/wp-json\/wp\/v2\/types\/post"}],"author":[{"embeddable":true,"href":"https:\/\/fjala.info\/2009-2015\/wp-json\/wp\/v2\/users\/1"}],"replies":[{"embeddable":true,"href":"https:\/\/fjala.info\/2009-2015\/wp-json\/wp\/v2\/comments?post=2732"}],"version-history":[{"count":0,"href":"https:\/\/fjala.info\/2009-2015\/wp-json\/wp\/v2\/posts\/2732\/revisions"}],"wp:attachment":[{"href":"https:\/\/fjala.info\/2009-2015\/wp-json\/wp\/v2\/media?parent=2732"}],"wp:term":[{"taxonomy":"category","embeddable":true,"href":"https:\/\/fjala.info\/2009-2015\/wp-json\/wp\/v2\/categories?post=2732"},{"taxonomy":"post_tag","embeddable":true,"href":"https:\/\/fjala.info\/2009-2015\/wp-json\/wp\/v2\/tags?post=2732"}],"curies":[{"name":"wp","href":"https:\/\/api.w.org\/{rel}","templated":true}]}}