{"id":2728,"date":"2012-05-10T15:25:13","date_gmt":"2012-05-10T14:25:13","guid":{"rendered":"http:\/\/fjala.shkoder.net\/?p=2728"},"modified":"2012-05-10T15:25:13","modified_gmt":"2012-05-10T14:25:13","slug":"shqiperia-e-ndyre-e-blendi-fevziut","status":"publish","type":"post","link":"https:\/\/fjala.info\/2009-2015\/shqiperia-e-ndyre-e-blendi-fevziut\/","title":{"rendered":"Shqip\u00ebria e ndyr\u00eb e Blendi Fevziut"},"content":{"rendered":"<p><img decoding=\"async\" class=\"alignright size-thumbnail wp-image-7236\" title=\"Bledi Mane\" src=\"http:\/\/www.shkoder.net\/2012\/bledi_mane.jpg\" alt=\"\" width=\"150\" \/> Nga <strong>Bledi Mane<\/strong> &#8211; <strong><em>Public Enemy<\/em><\/strong>, <em>9 Maj 2012<\/em><br \/>\n<em><a href=\"http:\/\/www.facebook.com\/bledi.mane\">www.facebook.com\/bledi.mane<\/a> <\/em><\/p>\n<p><strong>1.\/ Hej Fevzo, si t\u00eb duket atdheu pa Ardian Klosin?<\/strong><\/p>\n<p>Bosh, i mpir\u00eb, i tulatur, moskok\u00eb\u00e7ar\u00ebs, halabak, snob, i dhjer\u00eb\u2026 Si thua, i mungon vendit nj\u00eb mendjehapur ironik, racional, cinik dhe i rafinuar si Klosi?<\/p>\n<p>Aha, tani po e kuptoj q\u00eb paskam degraduar un\u00eb. T\u00eb pyes ty n\u00ebse atdheu yt ndjehet ende keq e i munduar nga vet\u00ebvrasja e nj\u00eb kafkiani t\u00eb depresionuar nga m\u00ebkatet e paraardh\u00ebsve t\u00eb tij, t\u00eb l\u00ebnduar nga dhimbjet e atdheut t\u00eb tij q\u00eb vuan e vuan e nuk i vdes kurr\u00eb. Kam degraduar un\u00eb sepse harroj shpejt q\u00eb mes jush, mes teje dhe Klosit ka dy atdhe, ka dy Shqip\u00ebri.<\/p>\n<p>Ikja e Ardian Klosit prej k\u00ebsaj Shqip\u00ebris\u00eb matan\u00eb do t\u00eb mbes\u00eb grop\u00eb e madhe e pambushur, do t\u00eb jet\u00eb si nj\u00eb varr i hapur masiv, i cili do t\u00eb p\u00ebrpij\u00eb mjaft mendje e shpirtra fisnik\u00eb, t\u00eb cil\u00ebt do i dor\u00ebzohen ikjes s\u00eb p\u00ebrjetshme. Do vazhdoj\u00eb t\u00eb p\u00ebrpij\u00eb si me forc\u00eb anteu t\u00eb dob\u00ebtit dhe delikat\u00ebt logjika dhe kurajoja e t\u00eb cil\u00ebve do t\u00eb mposhtet nga vuajtjet e ndjenjave, nga mosguximi gjenetik, na turp\u00ebrimi q\u00eb i b\u00ebhet vendit t\u00eb tyre nga gjysma e republik\u00ebs p\u00ebrball\u00eb.<\/p>\n<p>Ti Fevzo nuk ke arsyen m\u00eb t\u00eb vog\u00ebl t\u00eb d\u00ebshp\u00ebrohesh dhe tulatesh nga (vet\u00eb)vrasja e Klosit. Jo, sepse kur ai ishte drejtor i televizionit publik t\u00eb zboi me ceremoni e u b\u00eb sebep q\u00eb opinioni yt t\u00eb stacionohej pran\u00eb Sandrit t\u00eb Klanit, jo sepse Klosi p\u00ebr ty ishte nj\u00eb bibliotek\u00eb dhe akademi aleksandrie gjigande, s\u00eb cil\u00ebs nuk iu afrove as n\u00eb moniz\u00ebm, as n\u00eb t\u00eb gjall\u00eb e as n\u00eb t\u00eb vdekur. Jo sepse dyshja antikonformiste Klosi-Rama nuk t\u00eb krijoi kurr\u00eb asnj\u00eb xhep sado t\u00eb vog\u00ebl sikur p\u00ebr fasad\u00eb, jo sepse pragmatizmi dhe estetika e karakterit t\u00eb Klosit nuk krahasohen me cekt\u00ebsin\u00eb e inteligjenc\u00ebs t\u00ebnde prej nj\u00eb sh\u00ebrb\u00ebtori tashm\u00eb t\u00eb zbuluar regjimesh\u2026por ndryshimi mes jush jan\u00eb dy cop\u00ebzat Shqip\u00ebri, atdheu yt dhe atdheu i tij.<\/p>\n<p>Atdheut t\u00eb Klosit po i mpaken qytetar\u00ebt me ikjet e g\u00ebrdecasve, kostrebickave, 21 janarsve, ai atdheu po vajton humbjen, nd\u00ebrsa Shqip\u00ebria jote gum\u00ebzhin nga zhurmat e njer\u00ebzve q\u00eb vijn\u00eb v\u00ebrdall\u00eb pa lek n\u00eb xhepa e pa bler\u00eb asgj\u00eb n\u00ebp\u00ebr TEG. Atdheu yt ka vite q\u00eb nuk skuqet e as zverdhet, por thjesht trashet e majmet artificialisht si nj\u00eb obez vagabond. Atdheu yt thjesht var var\u00ebse t\u00eb trasha floriri, xhiron gomat e makinave t\u00eb shtrenjta dhe trash z\u00ebrin si lac lagjeje duke trembur ata q\u00eb nuk e njohin.<\/p>\n<p>Atdheu i Klosit ka mbetur bathorisht dhe paskuqanisht i palegalizuar me barkun bosh, qytetar\u00ebt e t\u00eb cilit ende nuk kan\u00eb marr\u00eb parat\u00eb e premtuara t\u00eb votave q\u00eb hodh\u00ebn trefish m\u00eb 8 maj. Atdheu i Klosit u plagos dy her\u00eb brenda k\u00ebsaj jav\u00eb n\u00eb Peqin dhe te Gjiri i Lalzit. Ende ky atdhe nuk mjekon nga tulatja plag\u00ebn q\u00eb i shkaktoi plumbi i Dashnor Sul\u00ebs me pisqoll\u00ebn e Kuvendit, teksa vet\u00eb atdheu kishte shkuar t\u00eb arg\u00ebtohej n\u00eb stadium. Nd\u00ebrsa i rridhte gjaku i plag\u00ebs s\u00eb par\u00eb, h\u00ebngri nj\u00eb grusht t\u00eb that\u00eb hund\u00ebve tek rrokte t\u00eb shikonte se kush hante dark\u00eb n\u00eb at\u00eb vil\u00ebn e krimur t\u00eb Ilir Met\u00ebs n\u00eb Lal\u00ebz.<\/p>\n<p><strong>Hej Fevzo!<\/strong><\/p>\n<p><strong><em>E di si m\u00eb duket atdheu i Klosit?<\/em><\/strong><\/p>\n<p>Porsi rr\u00ebfimi yt dhe i Ben Blushit n\u00eb numrin e par\u00eb t\u00eb Rilindjes Demokratike ne janarin e 1991-shit. 21 vjet m\u00eb pas dhe ende v\u00ebrtitet e nj\u00ebjta varf\u00ebri, por k\u00ebsaj here m\u00eb injorante dhe m\u00eb e rrezikshme.<\/p>\n<p>Atdheut t\u00ebnd Fevzo i mungon tashm\u00eb idealizmi i brezit tuaj, i mungojn\u00eb gjyshet e tua t\u00eb dashura, t\u00eb cilat si\u00e7 pretendon ti vinin nga dyer t\u00eb r\u00ebnda aristokrat\u00ebsh, por ik\u00ebn me breng\u00ebn se nipi i tyre nuk e filtroi dot gjakun e tij n\u00eb blu ngaq\u00eb tu helmua gjate monizmit. Ato t\u00eb edukuan me fisnik\u00ebrin\u00eb e t\u00eb qenurit superior ngritur mbi themele t\u00eb forta meritash, por ti si p\u00ebr forc\u00eb zakoni e si dembel mesdhetar nuk filtrove gjakun, por flirtove me \u00e7do kryeminist\u00ebr t\u00eb majt\u00eb e t\u00eb djatht\u00eb duke u b\u00ebr\u00eb si ur\u00eb. Ti k\u00ebmbeve urt\u00ebsin\u00eb, gjenez\u00ebn, largpam\u00ebsin\u00eb e Toptanasve dhe Bregasllar\u00ebve me prapaskenat rurale t\u00eb poshtra nordike q\u00eb t\u2019i cyt\u00ebn Frangajt dhe Metat.<\/p>\n<p>Atdheu i Klosit \u00ebsht\u00eb i varf\u00ebr sepse andej nga soji yt p\u00ebrball\u00eb nuk deklarove kurr\u00eb shifr\u00ebn e sakt\u00eb sa ia shite francezit Zhuljen Roche gazet\u00ebn Korrieri, nuk dihet sa fiton tashm\u00eb \u00e7do muaj dhe sa taksa paguan, nuk dihet sa kopje u shit libri yt p\u00ebr shokun Enver dhe nuk dihet n\u00ebse je tatuar ti dhe botuesi yt.<\/p>\n<p>Atdheu i Klosit ndjehet i shokuar sepse studioja e opinionit t\u00ebnd \u00ebsht\u00eb aushvicuar n\u00eb terre k\u00ebrc\u00ebnimesh me varje palmash, plumba ballit, prerje fytesh. Atdheu yt ng\u00ebrdheshet kur d\u00ebgjon Endir\u00ebn e KRTV tek flet p\u00ebr gjoba t\u00eb r\u00ebnda pse miku ish armiku miku yt Arjan Cani puth alla francez\u00e7e ukrainaset e bukura nd\u00ebrsa ty nuk tenton t\u00eb t\u00eb k\u00ebshilloj\u00eb askush p\u00ebr t\u00eb ndryshuar diskursin e debateve.<\/p>\n<p>Atdheu yt Fevzo duket i bukur nga jasht\u00eb, por krimbja e tij nga brenda do ta brej\u00eb shum\u00eb shpejt fasad\u00ebn. Ti megjith\u00ebse ke fjal\u00ebn e r\u00ebnd\u00eb e respektohesh preh hallit, kurr\u00eb nuk guxove ta sh\u00ebroje sado pak. Atdheu yt \u00ebsht\u00eb mbushur me rrug\u00eb t\u00eb reja t\u00eb nisura e t\u00eb pa p\u00ebrfunduara, atdheu yt po \u201ckristalizon\u201d tashm\u00eb sistemin universitar jo publik m\u00eb sharlatanin n\u00eb kontinent, atdheu yt ka frik\u00eb t\u00eb pranoj\u00eb kriz\u00ebn e r\u00ebnd\u00eb t\u00eb nj\u00eb ekonomie informale q\u00eb po azmatohet p\u00ebrfundimisht.<\/p>\n<p>Jepi gjith\u00eb dit\u00ebn atdheut t\u00ebnd t\u00eb pij\u00eb Red Bull nga t\u00eb Gim\u00e7es s\u00eb Ritvanit e p\u00ebrs\u00ebri do i dridhen k\u00ebmb\u00ebt nga pafuqia. Zbukuroje atdheun t\u00ebnd si manekinat e QTU-s\u00eb s\u00eb Samirit, por p\u00ebrs\u00ebri dhjami i krimit nuk ia fsheh kokallat e nj\u00eb ushqyerje spontane. \u00c7oje sa her\u00eb t\u00eb duash n\u00eb Bruksel me aeroplan\u00ebt Belleair t\u00eb Lulit, p\u00ebrs\u00ebri Shqip\u00ebria jote Fevzo e sh\u00ebmtuar e plakur do t\u00eb duket. Vishe me rroba t\u00eb shtrenjta Burrbery si ato t\u00eb bashk\u00ebshortes t\u00ebnde, por s\u00ebrish ky vend do t\u00eb duket oriental e i p\u00ebrdal\u00eb.<\/p>\n<p>Hej Fevzo, nuk dua t\u00eb t\u00eb bej qejfin por ti tashm\u00eb studiohesh n\u00eb shkoll\u00ebn e gazetaris\u00eb shqiptare si \u201cfenomeni i vjollc\u00ebvoksh\u00ebrimit mediatik\u201d. Ti le pa gjum\u00eb student\u00eb gazetarie t\u00eb Qytetit Studenti tek mundohen t\u00eb t\u00eb imitojn\u00eb ty. Duan t\u00eb b\u00ebhen t\u00eb famsh\u00ebm e t\u00eb pasur porsi ty duke mos lexuar asnj\u00eb lib\u00ebr e gazet\u00eb, duke rekrutuar t\u00eb tjer\u00eb t\u00eb punojn\u00eb p\u00ebr ta, duke ngar\u00eb trafikun e influencave n\u00eb hullin\u00eb t\u00ebnde, duke e dredhur \u00e7do 8 vjet sa sheh q\u00eb n\u00eb horizont ndjehet era e ndryshimeve.<\/p>\n<p>Hej Fevzo ti sot je m\u00eb shum\u00eb se nj\u00eb star, je nj\u00eb Rambo, je nj\u00eb Oprah, je nj\u00eb minist\u00ebr pa portofol, je nj\u00eb megaeminent, je nj\u00eb super k\u00ebshilltar, je nj\u00eb Kastro q\u00eb ke kastruar atdheun t\u00ebnd jo at\u00eb t\u00eb Ardian Klosit.<\/p>\n<p>Eh Fevzo djali. Ti ke gjith\u00e7ka n\u00eb dor\u00eb, por un\u00eb t\u00eb shoh porsi mbretin lakuriq t\u00eb atdheut t\u00ebnd. Ti ke koh\u00eb q\u00eb nuk plakesh e as rinohesh. Ti ke koh\u00eb q\u00eb bashk\u00eb me atdheun t\u00ebnd je sh\u00ebmtuar. Ti nuk je m\u00eb ai djali i bukur i nj\u00eb atdheu t\u00eb bukur sepse t\u00eb kan\u00eb ngordhur parimet. Ti nuk je pjese e lumturis\u00eb kolektive, ti v\u00ebrtet\u00eb po sh\u00ebmtohesh dhe shikoje me kujdes veten. Je trashur, ke mbetur pa qaf\u00eb, pa forma, pa flok\u00eb, me fytyr\u00eb e kok\u00eb q\u00eb po t\u00eb vez\u00ebzohet porsi Fantomasi i Marsel Alenit.<\/p>\n<p>Ti po vuan shpagimin e heshtur t\u00eb qindra mij\u00ebrave q\u00eb t\u00eb shohin e t\u00eb d\u00ebgjojn\u00eb \u00e7do nat\u00eb sesi ti skuthsh\u00ebm i posht\u00ebron \u00ebmb\u00ebl. Ti me koshienc\u00eb po shnd\u00ebrrohesh n\u00eb dishepullin dhe imazhin e nj\u00eb diktature t\u00eb zbukuruar, e cila but\u00eb-but\u00eb zbret nga ekrani i televizionit dhe injektohet ne gjakun dhe qelizat e qytetar\u00ebve t\u00eb atdheut t\u00ebnd. Atdheu i Ardian Klosit \u00ebsht\u00eb m\u00eb ndryshe, nuk injektohet kollaj. Ata m\u00eb mir\u00eb vrasin veten sesa t\u00eb kthehen ne ushtare t\u00eb bindur t\u00eb nj\u00eb kauze kaukaziane. Atdheu i Klosit ka tharm evropian. Atdheu i Klosit vdes dhe ngjallet m\u00eb i bukur.<\/p>\n<p><strong>2.\/Nj\u00eb tjet\u00ebr Atdhe<\/strong><\/p>\n<p>Harrova t\u00eb t\u00eb kujtoj Fevzo se mes atdheut t\u00ebnd dhe t\u00eb Klosit ndodhet Atdheu im. Po q\u00ebndron pezull, pa fryme po q\u00ebndron. Thjesht rri e v\u00ebshtron indiferent, por dije se kur t\u00eb zgjohet do t\u2019ia marre frym\u00ebn atdheut t\u00ebnd t\u00eb lodhur, t\u00eb drobitur, atdheut t\u00ebnd kok\u00ebpalar\u00eb. Atdheu im do t\u2019ia shk\u00ebrdhej\u00eb pasurin\u00eb dhe pushtetin atdheut t\u00ebnd t\u00eb sh\u00ebmtuar. Atdheu im nuk \u00ebsht\u00eb frikacak, atdheu im do ua ktheje pasurin\u00eb dhe lavdin\u00eb qytetar\u00ebve t\u00eb tij e asnj\u00ebher\u00eb nuk do t\u2019i detyroj\u00eb ata t\u00eb vrasin veten. E v\u00ebm\u00eb nj\u00eb bast po ke byth\u00eb o Fevzo?<\/p>\n","protected":false},"excerpt":{"rendered":"<p>Nga Bledi Mane &#8211; Public Enemy, 9 Maj 2012 www.facebook.com\/bledi.mane 1.\/ Hej Fevzo, si t\u00eb duket atdheu pa Ardian Klosin? Bosh, i mpir\u00eb, i tulatur, moskok\u00eb\u00e7ar\u00ebs, halabak, snob, i dhjer\u00eb\u2026 Si thua, i mungon vendit nj\u00eb mendjehapur ironik, racional, cinik dhe i rafinuar si Klosi? Aha, tani po e kuptoj q\u00eb paskam degraduar un\u00eb. T\u00eb [&hellip;]<\/p>\n","protected":false},"author":1,"featured_media":0,"comment_status":"open","ping_status":"closed","sticky":false,"template":"","format":"standard","meta":{"footnotes":""},"categories":[2],"tags":[],"class_list":{"0":"post-2728","1":"post","2":"type-post","3":"status-publish","4":"format-standard","6":"category-artikuj"},"yoast_head":"<!-- This site is optimized with the Yoast SEO plugin v27.4 - https:\/\/yoast.com\/product\/yoast-seo-wordpress\/ -->\n<title>Shqip\u00ebria e ndyr\u00eb e Blendi Fevziut - FjALA e LIR\u00cb - Arkivi<\/title>\n<meta name=\"robots\" content=\"index, follow, max-snippet:-1, max-image-preview:large, max-video-preview:-1\" \/>\n<link rel=\"canonical\" href=\"https:\/\/fjala.info\/2009-2015\/shqiperia-e-ndyre-e-blendi-fevziut\/\" \/>\n<meta property=\"og:locale\" content=\"sq_AL\" \/>\n<meta property=\"og:type\" content=\"article\" \/>\n<meta property=\"og:title\" content=\"Shqip\u00ebria e ndyr\u00eb e Blendi Fevziut - FjALA e LIR\u00cb - Arkivi\" \/>\n<meta property=\"og:description\" content=\"Nga Bledi Mane &#8211; Public Enemy, 9 Maj 2012 www.facebook.com\/bledi.mane 1.\/ Hej Fevzo, si t\u00eb duket atdheu pa Ardian Klosin? Bosh, i mpir\u00eb, i tulatur, moskok\u00eb\u00e7ar\u00ebs, halabak, snob, i dhjer\u00eb\u2026 Si thua, i mungon vendit nj\u00eb mendjehapur ironik, racional, cinik dhe i rafinuar si Klosi? Aha, tani po e kuptoj q\u00eb paskam degraduar un\u00eb. T\u00eb [&hellip;]\" \/>\n<meta property=\"og:url\" content=\"https:\/\/fjala.info\/2009-2015\/shqiperia-e-ndyre-e-blendi-fevziut\/\" \/>\n<meta property=\"og:site_name\" content=\"FjALA e LIR\u00cb - Arkivi\" \/>\n<meta property=\"article:published_time\" content=\"2012-05-10T14:25:13+00:00\" \/>\n<meta property=\"og:image\" content=\"http:\/\/www.shkoder.net\/2012\/bledi_mane.jpg\" \/>\n<meta name=\"author\" content=\"admin\" \/>\n<meta name=\"twitter:card\" content=\"summary_large_image\" \/>\n<meta name=\"twitter:label1\" content=\"Written by\" \/>\n\t<meta name=\"twitter:data1\" content=\"admin\" \/>\n\t<meta name=\"twitter:label2\" content=\"Est. reading time\" \/>\n\t<meta name=\"twitter:data2\" content=\"8 minutes\" \/>\n<script type=\"application\/ld+json\" class=\"yoast-schema-graph\">{\"@context\":\"https:\\\/\\\/schema.org\",\"@graph\":[{\"@type\":\"Article\",\"@id\":\"https:\\\/\\\/fjala.info\\\/2009-2015\\\/shqiperia-e-ndyre-e-blendi-fevziut\\\/#article\",\"isPartOf\":{\"@id\":\"https:\\\/\\\/fjala.info\\\/2009-2015\\\/shqiperia-e-ndyre-e-blendi-fevziut\\\/\"},\"author\":{\"name\":\"admin\",\"@id\":\"https:\\\/\\\/fjala.info\\\/2009-2015\\\/#\\\/schema\\\/person\\\/3aa1163ef05469c496fc94e77611ada2\"},\"headline\":\"Shqip\u00ebria e ndyr\u00eb e Blendi Fevziut\",\"datePublished\":\"2012-05-10T14:25:13+00:00\",\"mainEntityOfPage\":{\"@id\":\"https:\\\/\\\/fjala.info\\\/2009-2015\\\/shqiperia-e-ndyre-e-blendi-fevziut\\\/\"},\"wordCount\":1566,\"commentCount\":0,\"publisher\":{\"@id\":\"https:\\\/\\\/fjala.info\\\/2009-2015\\\/#organization\"},\"image\":{\"@id\":\"https:\\\/\\\/fjala.info\\\/2009-2015\\\/shqiperia-e-ndyre-e-blendi-fevziut\\\/#primaryimage\"},\"thumbnailUrl\":\"http:\\\/\\\/www.shkoder.net\\\/2012\\\/bledi_mane.jpg\",\"articleSection\":[\"Artikuj\"],\"inLanguage\":\"sq-AL\",\"potentialAction\":[{\"@type\":\"CommentAction\",\"name\":\"Comment\",\"target\":[\"https:\\\/\\\/fjala.info\\\/2009-2015\\\/shqiperia-e-ndyre-e-blendi-fevziut\\\/#respond\"]}]},{\"@type\":\"WebPage\",\"@id\":\"https:\\\/\\\/fjala.info\\\/2009-2015\\\/shqiperia-e-ndyre-e-blendi-fevziut\\\/\",\"url\":\"https:\\\/\\\/fjala.info\\\/2009-2015\\\/shqiperia-e-ndyre-e-blendi-fevziut\\\/\",\"name\":\"Shqip\u00ebria e ndyr\u00eb e Blendi Fevziut - FjALA e LIR\u00cb - Arkivi\",\"isPartOf\":{\"@id\":\"https:\\\/\\\/fjala.info\\\/2009-2015\\\/#website\"},\"primaryImageOfPage\":{\"@id\":\"https:\\\/\\\/fjala.info\\\/2009-2015\\\/shqiperia-e-ndyre-e-blendi-fevziut\\\/#primaryimage\"},\"image\":{\"@id\":\"https:\\\/\\\/fjala.info\\\/2009-2015\\\/shqiperia-e-ndyre-e-blendi-fevziut\\\/#primaryimage\"},\"thumbnailUrl\":\"http:\\\/\\\/www.shkoder.net\\\/2012\\\/bledi_mane.jpg\",\"datePublished\":\"2012-05-10T14:25:13+00:00\",\"breadcrumb\":{\"@id\":\"https:\\\/\\\/fjala.info\\\/2009-2015\\\/shqiperia-e-ndyre-e-blendi-fevziut\\\/#breadcrumb\"},\"inLanguage\":\"sq-AL\",\"potentialAction\":[{\"@type\":\"ReadAction\",\"target\":[\"https:\\\/\\\/fjala.info\\\/2009-2015\\\/shqiperia-e-ndyre-e-blendi-fevziut\\\/\"]}]},{\"@type\":\"ImageObject\",\"inLanguage\":\"sq-AL\",\"@id\":\"https:\\\/\\\/fjala.info\\\/2009-2015\\\/shqiperia-e-ndyre-e-blendi-fevziut\\\/#primaryimage\",\"url\":\"http:\\\/\\\/www.shkoder.net\\\/2012\\\/bledi_mane.jpg\",\"contentUrl\":\"http:\\\/\\\/www.shkoder.net\\\/2012\\\/bledi_mane.jpg\"},{\"@type\":\"BreadcrumbList\",\"@id\":\"https:\\\/\\\/fjala.info\\\/2009-2015\\\/shqiperia-e-ndyre-e-blendi-fevziut\\\/#breadcrumb\",\"itemListElement\":[{\"@type\":\"ListItem\",\"position\":1,\"name\":\"Home\",\"item\":\"https:\\\/\\\/fjala.info\\\/2009-2015\\\/\"},{\"@type\":\"ListItem\",\"position\":2,\"name\":\"Shqip\u00ebria e ndyr\u00eb e Blendi Fevziut\"}]},{\"@type\":\"WebSite\",\"@id\":\"https:\\\/\\\/fjala.info\\\/2009-2015\\\/#website\",\"url\":\"https:\\\/\\\/fjala.info\\\/2009-2015\\\/\",\"name\":\"FjALA e LIR\u00cb - Arkivi\",\"description\":\"Arkivi 2009-2015\",\"publisher\":{\"@id\":\"https:\\\/\\\/fjala.info\\\/2009-2015\\\/#organization\"},\"potentialAction\":[{\"@type\":\"SearchAction\",\"target\":{\"@type\":\"EntryPoint\",\"urlTemplate\":\"https:\\\/\\\/fjala.info\\\/2009-2015\\\/?s={search_term_string}\"},\"query-input\":{\"@type\":\"PropertyValueSpecification\",\"valueRequired\":true,\"valueName\":\"search_term_string\"}}],\"inLanguage\":\"sq-AL\"},{\"@type\":\"Organization\",\"@id\":\"https:\\\/\\\/fjala.info\\\/2009-2015\\\/#organization\",\"name\":\"FjALA e LIR\u00cb - Arkivi\",\"url\":\"https:\\\/\\\/fjala.info\\\/2009-2015\\\/\",\"logo\":{\"@type\":\"ImageObject\",\"inLanguage\":\"sq-AL\",\"@id\":\"https:\\\/\\\/fjala.info\\\/2009-2015\\\/#\\\/schema\\\/logo\\\/image\\\/\",\"url\":\"\",\"contentUrl\":\"\",\"caption\":\"FjALA e LIR\u00cb - Arkivi\"},\"image\":{\"@id\":\"https:\\\/\\\/fjala.info\\\/2009-2015\\\/#\\\/schema\\\/logo\\\/image\\\/\"}},{\"@type\":\"Person\",\"@id\":\"https:\\\/\\\/fjala.info\\\/2009-2015\\\/#\\\/schema\\\/person\\\/3aa1163ef05469c496fc94e77611ada2\",\"name\":\"admin\",\"image\":{\"@type\":\"ImageObject\",\"inLanguage\":\"sq-AL\",\"@id\":\"https:\\\/\\\/fjala.info\\\/2009-2015\\\/wp-content\\\/uploads\\\/2012\\\/02\\\/arben_cokaj-120x150.jpg\",\"url\":\"https:\\\/\\\/fjala.info\\\/2009-2015\\\/wp-content\\\/uploads\\\/2012\\\/02\\\/arben_cokaj-120x150.jpg\",\"contentUrl\":\"https:\\\/\\\/fjala.info\\\/2009-2015\\\/wp-content\\\/uploads\\\/2012\\\/02\\\/arben_cokaj-120x150.jpg\",\"caption\":\"admin\"},\"description\":\"Admin, Fjala e Lir\u00eb\",\"sameAs\":[\"https:\\\/\\\/fjala.info\\\/\"],\"url\":\"https:\\\/\\\/fjala.info\\\/2009-2015\\\/author\\\/admin\\\/\"}]}<\/script>\n<!-- \/ Yoast SEO plugin. -->","yoast_head_json":{"title":"Shqip\u00ebria e ndyr\u00eb e Blendi Fevziut - FjALA e LIR\u00cb - Arkivi","robots":{"index":"index","follow":"follow","max-snippet":"max-snippet:-1","max-image-preview":"max-image-preview:large","max-video-preview":"max-video-preview:-1"},"canonical":"https:\/\/fjala.info\/2009-2015\/shqiperia-e-ndyre-e-blendi-fevziut\/","og_locale":"sq_AL","og_type":"article","og_title":"Shqip\u00ebria e ndyr\u00eb e Blendi Fevziut - FjALA e LIR\u00cb - Arkivi","og_description":"Nga Bledi Mane &#8211; Public Enemy, 9 Maj 2012 www.facebook.com\/bledi.mane 1.\/ Hej Fevzo, si t\u00eb duket atdheu pa Ardian Klosin? Bosh, i mpir\u00eb, i tulatur, moskok\u00eb\u00e7ar\u00ebs, halabak, snob, i dhjer\u00eb\u2026 Si thua, i mungon vendit nj\u00eb mendjehapur ironik, racional, cinik dhe i rafinuar si Klosi? Aha, tani po e kuptoj q\u00eb paskam degraduar un\u00eb. T\u00eb [&hellip;]","og_url":"https:\/\/fjala.info\/2009-2015\/shqiperia-e-ndyre-e-blendi-fevziut\/","og_site_name":"FjALA e LIR\u00cb - Arkivi","article_published_time":"2012-05-10T14:25:13+00:00","og_image":[{"url":"http:\/\/www.shkoder.net\/2012\/bledi_mane.jpg","type":"","width":"","height":""}],"author":"admin","twitter_card":"summary_large_image","twitter_misc":{"Written by":"admin","Est. reading time":"8 minutes"},"schema":{"@context":"https:\/\/schema.org","@graph":[{"@type":"Article","@id":"https:\/\/fjala.info\/2009-2015\/shqiperia-e-ndyre-e-blendi-fevziut\/#article","isPartOf":{"@id":"https:\/\/fjala.info\/2009-2015\/shqiperia-e-ndyre-e-blendi-fevziut\/"},"author":{"name":"admin","@id":"https:\/\/fjala.info\/2009-2015\/#\/schema\/person\/3aa1163ef05469c496fc94e77611ada2"},"headline":"Shqip\u00ebria e ndyr\u00eb e Blendi Fevziut","datePublished":"2012-05-10T14:25:13+00:00","mainEntityOfPage":{"@id":"https:\/\/fjala.info\/2009-2015\/shqiperia-e-ndyre-e-blendi-fevziut\/"},"wordCount":1566,"commentCount":0,"publisher":{"@id":"https:\/\/fjala.info\/2009-2015\/#organization"},"image":{"@id":"https:\/\/fjala.info\/2009-2015\/shqiperia-e-ndyre-e-blendi-fevziut\/#primaryimage"},"thumbnailUrl":"http:\/\/www.shkoder.net\/2012\/bledi_mane.jpg","articleSection":["Artikuj"],"inLanguage":"sq-AL","potentialAction":[{"@type":"CommentAction","name":"Comment","target":["https:\/\/fjala.info\/2009-2015\/shqiperia-e-ndyre-e-blendi-fevziut\/#respond"]}]},{"@type":"WebPage","@id":"https:\/\/fjala.info\/2009-2015\/shqiperia-e-ndyre-e-blendi-fevziut\/","url":"https:\/\/fjala.info\/2009-2015\/shqiperia-e-ndyre-e-blendi-fevziut\/","name":"Shqip\u00ebria e ndyr\u00eb e Blendi Fevziut - FjALA e LIR\u00cb - Arkivi","isPartOf":{"@id":"https:\/\/fjala.info\/2009-2015\/#website"},"primaryImageOfPage":{"@id":"https:\/\/fjala.info\/2009-2015\/shqiperia-e-ndyre-e-blendi-fevziut\/#primaryimage"},"image":{"@id":"https:\/\/fjala.info\/2009-2015\/shqiperia-e-ndyre-e-blendi-fevziut\/#primaryimage"},"thumbnailUrl":"http:\/\/www.shkoder.net\/2012\/bledi_mane.jpg","datePublished":"2012-05-10T14:25:13+00:00","breadcrumb":{"@id":"https:\/\/fjala.info\/2009-2015\/shqiperia-e-ndyre-e-blendi-fevziut\/#breadcrumb"},"inLanguage":"sq-AL","potentialAction":[{"@type":"ReadAction","target":["https:\/\/fjala.info\/2009-2015\/shqiperia-e-ndyre-e-blendi-fevziut\/"]}]},{"@type":"ImageObject","inLanguage":"sq-AL","@id":"https:\/\/fjala.info\/2009-2015\/shqiperia-e-ndyre-e-blendi-fevziut\/#primaryimage","url":"http:\/\/www.shkoder.net\/2012\/bledi_mane.jpg","contentUrl":"http:\/\/www.shkoder.net\/2012\/bledi_mane.jpg"},{"@type":"BreadcrumbList","@id":"https:\/\/fjala.info\/2009-2015\/shqiperia-e-ndyre-e-blendi-fevziut\/#breadcrumb","itemListElement":[{"@type":"ListItem","position":1,"name":"Home","item":"https:\/\/fjala.info\/2009-2015\/"},{"@type":"ListItem","position":2,"name":"Shqip\u00ebria e ndyr\u00eb e Blendi Fevziut"}]},{"@type":"WebSite","@id":"https:\/\/fjala.info\/2009-2015\/#website","url":"https:\/\/fjala.info\/2009-2015\/","name":"FjALA e LIR\u00cb - Arkivi","description":"Arkivi 2009-2015","publisher":{"@id":"https:\/\/fjala.info\/2009-2015\/#organization"},"potentialAction":[{"@type":"SearchAction","target":{"@type":"EntryPoint","urlTemplate":"https:\/\/fjala.info\/2009-2015\/?s={search_term_string}"},"query-input":{"@type":"PropertyValueSpecification","valueRequired":true,"valueName":"search_term_string"}}],"inLanguage":"sq-AL"},{"@type":"Organization","@id":"https:\/\/fjala.info\/2009-2015\/#organization","name":"FjALA e LIR\u00cb - Arkivi","url":"https:\/\/fjala.info\/2009-2015\/","logo":{"@type":"ImageObject","inLanguage":"sq-AL","@id":"https:\/\/fjala.info\/2009-2015\/#\/schema\/logo\/image\/","url":"","contentUrl":"","caption":"FjALA e LIR\u00cb - Arkivi"},"image":{"@id":"https:\/\/fjala.info\/2009-2015\/#\/schema\/logo\/image\/"}},{"@type":"Person","@id":"https:\/\/fjala.info\/2009-2015\/#\/schema\/person\/3aa1163ef05469c496fc94e77611ada2","name":"admin","image":{"@type":"ImageObject","inLanguage":"sq-AL","@id":"https:\/\/fjala.info\/2009-2015\/wp-content\/uploads\/2012\/02\/arben_cokaj-120x150.jpg","url":"https:\/\/fjala.info\/2009-2015\/wp-content\/uploads\/2012\/02\/arben_cokaj-120x150.jpg","contentUrl":"https:\/\/fjala.info\/2009-2015\/wp-content\/uploads\/2012\/02\/arben_cokaj-120x150.jpg","caption":"admin"},"description":"Admin, Fjala e Lir\u00eb","sameAs":["https:\/\/fjala.info\/"],"url":"https:\/\/fjala.info\/2009-2015\/author\/admin\/"}]}},"_links":{"self":[{"href":"https:\/\/fjala.info\/2009-2015\/wp-json\/wp\/v2\/posts\/2728","targetHints":{"allow":["GET"]}}],"collection":[{"href":"https:\/\/fjala.info\/2009-2015\/wp-json\/wp\/v2\/posts"}],"about":[{"href":"https:\/\/fjala.info\/2009-2015\/wp-json\/wp\/v2\/types\/post"}],"author":[{"embeddable":true,"href":"https:\/\/fjala.info\/2009-2015\/wp-json\/wp\/v2\/users\/1"}],"replies":[{"embeddable":true,"href":"https:\/\/fjala.info\/2009-2015\/wp-json\/wp\/v2\/comments?post=2728"}],"version-history":[{"count":0,"href":"https:\/\/fjala.info\/2009-2015\/wp-json\/wp\/v2\/posts\/2728\/revisions"}],"wp:attachment":[{"href":"https:\/\/fjala.info\/2009-2015\/wp-json\/wp\/v2\/media?parent=2728"}],"wp:term":[{"taxonomy":"category","embeddable":true,"href":"https:\/\/fjala.info\/2009-2015\/wp-json\/wp\/v2\/categories?post=2728"},{"taxonomy":"post_tag","embeddable":true,"href":"https:\/\/fjala.info\/2009-2015\/wp-json\/wp\/v2\/tags?post=2728"}],"curies":[{"name":"wp","href":"https:\/\/api.w.org\/{rel}","templated":true}]}}