{"id":2727,"date":"2010-05-19T23:40:47","date_gmt":"2010-05-19T22:40:47","guid":{"rendered":"http:\/\/fjala.shkoder.net\/?p=2727"},"modified":"2010-05-19T23:40:47","modified_gmt":"2010-05-19T22:40:47","slug":"reformat-ne-ldk-2","status":"publish","type":"post","link":"https:\/\/fjala.info\/2009-2015\/reformat-ne-ldk-2\/","title":{"rendered":"REFORMAT N\u00cb LDK (2)"},"content":{"rendered":"<p><strong>KRYETARI I LDK-S\u00cb DR. FATMIR SEJDIU DUHET T\u2019I B\u00cbN\u00cb REFORMAT N\u00cb PARTI<\/strong><\/p>\n<p><em>Shkrimi \u00ebsht\u00eb d\u00ebrguar n\u00eb: QIK, \u201cBota sot\u201d, \u201cZ\u00ebri i dit\u00ebs\u201d, \u201cKoha ditore\u201d, \u201cGazeta Express\u201d, \u201cKosova sot\u201d, \u201cKosova info\u201d etj.<\/em><\/p>\n<p><img decoding=\"async\" style=\"margin-left: 10px; margin-right: 10px; border: 0px;\" src=\"http:\/\/www.shkoder.net\/images\/fjala\/dibrani.jpg\" border=\"0\" alt=\"Mero Baze\" width=\"150\" align=\"left\" \/> <\/p>\n<p>Shkruan: <strong>Shefqet DIBRANI<\/strong>* <\/p>\n<p>Kryetari i LDK-s\u00eb dr. Fatmir Sejdiu i cili e ka t\u00eb \u201cngrir\u00eb?!\u201d postin e kryetari n\u00eb Lidhjen Demokratike t\u00eb Kosov\u00ebs duhet ta \u201cshkrin\u00eb?!\u201d  k\u00ebt\u00eb post dhe t\u00eb mos e shkat\u00ebrroj m\u00eb tutje LDK-n\u00eb. <\/p>\n<p>N\u00ebse dr. Fatmir Sejdiu nuk ka m\u00ebsuar gj\u00eb nga urtia popullore  se: \u201cDy shalqinj nuk mbahen me nj\u00eb dor\u00eb\u201d, at\u00ebher\u00eb duhet ta din se dy poste n\u00eb t\u00eb nj\u00ebjt\u00ebn koh\u00eb \u00ebsht\u00eb sikur t\u2019i mbaje dy shalqinj n\u00eb nj\u00eb dor\u00eb, prandaj \u00ebsht\u00eb e moralshme n\u00eb aspektin njer\u00ebzor, dhe e obligueshme n\u00eb aspektin juridik t\u2019u jap viz\u00eb reformave n\u00eb LDK. Por a do t\u00eb ndodh\u00eb kjo ndonj\u00ebher\u00eb(?!), edhe m\u00eb naivi \u00ebsht\u00eb skeptik pasi dr. Fatmir Sejdiu prej se i ka uzurpuar dy postet sikur ka ndryshuar(?!), sepse edhe ashtu i ka m\u00ebnjanuar njer\u00ebzit q\u00eb e kan\u00eb avancuar n\u00eb poste t\u00eb r\u00ebnd\u00ebsishme n\u00eb LDK. <\/p>\n<p>Por, p\u00ebr befasin\u00eb m\u00eb t\u00eb madhe kabineti i presidentit mbulohet me njer\u00ebz \u201clabil\u201d q\u00eb n\u00eb situata t\u00eb caktuara nuk i kan\u00eb q\u00ebndruar besnik partis\u00eb e cila e ka avancuar Fatmirin n\u00eb President vendi, p\u00ebrkundrazi publikisht e kan\u00eb atakuar Kryetarin e Presidentin historik t\u00eb Kosov\u00ebs dr. Ibrahim Rugov\u00ebn, n\u00eb mesin e t\u00eb cil\u00ebve dallojn\u00eb sidomos Dr. Isa Mustafa dhe Dr. Ibrahim Berisha t\u00eb cil\u00ebt tashm\u00eb jan\u00eb t\u00eb dekoruar me grad\u00ebn e \u201cDoktorit t\u00eb shkencave\u201d, dhe kjo ka ngjar\u00eb vet\u00ebm pas luft\u00ebs s\u00eb vitit 1999, prandaj as kryetari Sejdiu, por as kabineti i Presidentit kurr\u00eb nuk do t\u00eb ken\u00eb mund\u00ebsi ta drejtojn\u00eb gishtin kah Dr. Jakup Krasniqi i cili si shum\u00eb t\u00eb tjer\u00eb, t\u00eb gjitha gradat e \u201cdijes?!\u201d i ka marr\u00eb vet\u00ebm pas lufte.<\/p>\n<p>Ja p\u00ebrmenda Kryetarit t\u00eb LDK-s\u00eb vet\u00ebm k\u00ebta dy \u201cDr-t\u00eb\u201d e kabinetit t\u00eb tij, p\u00ebr t\u00eb cil\u00ebt jam skeptik n\u00eb sinqeritetin e tyre, dhe p\u00ebr devotshm\u00ebrin\u00eb n\u00eb Kabinetin Presidencial, por analist\u00ebt e LDK-s\u00eb duhet t\u00eb din\u00eb edhe sa njer\u00ebz t\u00eb tjer\u00eb pa asnj\u00eb bagazh politik dhe pa asnj\u00eb stazh brenda LDK-s\u00eb, madje ka mund\u00ebsi edhe tashti nuk jan\u00eb as an\u00ebtar\u00eb t\u00eb LDK-s\u00eb, dhe jan\u00eb angazhuar nga Dr. Fatmir Sejdiu n\u00eb Presidenc\u00ebn, dhe nga aty po tallen p\u00ebrs\u00ebri me veprimtar\u00ebt e LDK-s\u00eb, si\u00e7 kan\u00eb vepruar t\u00eb dy \u201cDr-t\u00eb\u201d e theksuara m\u00eb lart\u00eb.<\/p>\n<p>N\u00ebse kryetari i LDK-s\u00eb Fatmir Sejdiu, vjen n\u00eb postin e Presidentit t\u00eb Kosov\u00ebs n\u00eb saje t\u00eb LDK-s\u00eb, kurse n\u00eb an\u00ebn tjet\u00ebr p\u00ebr k\u00ebshilltar\u00eb t\u00eb tij, (sigurisht edhe n\u00eb departamentin e tij), ka angazhuar njer\u00ebz q\u00eb nuk ishin n\u00eb LDK, at\u00ebher\u00eb shtrohet pyetja ku \u00ebsht\u00eb interesi i an\u00ebtar\u00ebsimit dhe vrapimit pas LDK-s\u00eb?!<\/p>\n<p> Kjo \u00e7\u00ebshtje karikoh\u00ebt  edhe m\u00eb shum\u00eb kur e kemi situat\u00ebn t\u00eb ngjashme  n\u00ebp\u00ebr Ministri e n\u00ebp\u00ebr Drejtori, pastaj n\u00ebp\u00ebr Kuvende Komunale, n\u00ebp\u00ebr Drejtoratet Komunale ku funksionar\u00ebt e LDK-s\u00eb i kan\u00eb  angazhuar n\u00ebp\u00ebr stafet e tyre njer\u00ebz t\u00eb fisit e far\u00ebs, t\u00eb hurit e litarit pa qen\u00eb an\u00ebtar\u00eb t\u00eb LDK-s\u00eb, kurse k\u00ebta njer\u00ebz p\u00ebrseri vazhdojn\u00eb injorimin, n\u00ebn\u00e7mimin dhe p\u00ebrbuzjen kund\u00ebr an\u00ebtar\u00ebsis\u00eb s\u00eb LDK-s\u00eb, dhe kjo gjendje e papranueshme zgjatet e zgjerohet deri m\u00eb cep m\u00eb cep t\u00eb Kosov\u00ebs,  dhe natyrisht kjo gj\u00eb ka ndikuar drejtp\u00ebrdrejt edhe nivelin e votave p\u00ebr ta b\u00ebr\u00eb k\u00ebt\u00eb parti marionet\u00eb t\u00eb PDK-s\u00eb. Ky veprim \u00ebsht\u00eb antistatutar, politikisht i d\u00ebmsh\u00ebm dhe strategjikisht i papranuar, sepse si\u00e7 tham\u00eb m\u00eb par\u00eb: M\u00eb nuk ka asnj\u00eb r\u00ebnd\u00ebsi t\u00eb jesh an\u00ebtar\u00eb i LDK-s\u00eb, n\u00ebse n\u00ebp\u00ebr k\u00ebto poste vijn\u00eb ata q\u00eb s\u2019kan\u00eb asnj\u00eb merit\u00eb politike p\u00ebr t\u2019u angazhuar n\u00eb em\u00ebr t\u00eb LDK-s\u00eb. Kjo strategji e gabuara  tashm\u00eb po i hak\u00ebmmirret LDK-s\u00eb.<\/p>\n<p>A do t\u00eb duhet kryetari i Lidhjes Demokratike t\u00eb Kosov\u00ebs dr. Fatmir Sejdiu n\u00eb Kuvendin e Partis\u00eb s\u00eb tij t\u00eb jap p\u00ebrgjigje?! Mendoj se nuk duhet LDK-ja t\u00eb lejoj m\u00eb k\u00ebt\u00eb loj\u00eb me post \u201ct\u00eb ngrir\u201d. Por ai, n\u00eb cil\u00ebsin\u00eb e Kryetarit t\u00eb LDK-s\u00eb duhet edhe para K\u00ebshillit t\u00eb P\u00ebrgjithsh\u00ebm t\u00eb raportoj. Dr. Fatmir Sejdiu duhet t\u00eb tregoj ai i pari se  cil\u00ebt njer\u00ebz i ka angazhuar, qoft\u00eb n\u00eb cil\u00ebsin\u00eb e k\u00ebshilltar\u00ebve, qoft\u00eb n\u00eb administrat\u00eb, duke i p\u00ebrfshir\u00eb edhe shoferet e automjeteve, stafin q\u00eb b\u00ebjn\u00eb sigurin\u00eb e tij e deri te kamerieret e pastrueset.<\/p>\n<p>Kjo hallk\u00eb zgjerohet dhe b\u00ebhet me p\u00ebrmasa trishtuese, sidomos kur t\u2019i llogaritim nj\u00eb p\u00ebr nj\u00eb, postet e dikasteret q\u00eb udh\u00ebhiqen nga njer\u00ebzit e LDK-s\u00eb, kurse stafi ndihm\u00ebs dhe ai teknik jan\u00eb njer\u00ebz jo t\u00eb LDK-s\u00eb, \u00e7\u00ebshtja b\u00ebhet tejet jo serioze, dhe ky joseriozitet merr p\u00ebrmasa tragjike kur t\u00eb kuptojm\u00eb se shumica syresh jan\u00eb kund\u00ebrshtar t\u00eb LDK-s\u00eb, jan\u00eb njer\u00ebz me interes personal, sepse aty kan\u00eb ardhur p\u00ebr t\u2019i realizuar vet\u00ebm interesat personale. <\/p>\n<p>Tragjikja e k\u00ebtyre veprimeve kuptohet vet\u00ebm at\u00ebher\u00eb kur marrim vesh se k\u00ebta njer\u00ebz thuaja vazhdimisht sillen keq dhe injorojn\u00eb an\u00ebtar\u00ebt e LDK-s\u00eb t\u00eb cil\u00ebt jo pak jan\u00eb ndjer\u00eb keq, jan\u00eb fyer dhe jan\u00eb satanizuar nga k\u00ebta Satan, pik\u00ebrisht ata veprimtar\u00eb t\u00eb LDK-s\u00eb  t\u00eb cil\u00ebt p\u00ebr vite t\u00eb t\u00ebra i kan\u00eb q\u00ebndruar besnik LDK-s\u00eb, kan\u00eb derdh mund dhe kan\u00eb shpenzuar shum\u00eb, madje shum\u00eb syresh e kan\u00eb paguar me kok\u00eb angazhimin n\u00eb LDK.<\/p>\n<p>Tani n\u00eb postet e r\u00ebnd\u00ebsishme vijn\u00eb njer\u00ebz pa kredibilitet partiak t\u00eb cil\u00ebve iu kan\u00eb krijuar privilegje t\u00eb skajshme duke filluar nga Kryetari i LDK-s\u00eb e deri n\u00eb postin m\u00eb t\u00eb skajsh\u00ebm diku n\u00eb ndonj\u00eb komun\u00eb t\u00eb Kosov\u00ebs.<\/p>\n<p>Pik\u00ebrisht Kryetari i LDK-s\u00eb dr. Fatmir Sejdiu, \u00ebsht\u00eb Njeriu i par\u00eb i Partis\u00eb q\u00eb ka shkelur normat statusore t\u00eb LDK-s\u00eb, prandaj edhe K\u00ebshilli i P\u00ebrgjithsh\u00ebm i Lidhjes Demokratike t\u00eb Kosov\u00ebs, por edhe Kuvendi i Partis\u00eb duhet t\u00eb merret me k\u00ebt\u00eb \u00e7\u00ebshtje p\u00ebr ta nxjerr LDK-n\u00eb nga latergjia q\u00eb e ka pllakosur. Masat disiplinore, madje edhe nd\u00ebshkuese, duhet t\u00eb nisin nga kreu i LDK-s\u00eb. Reform\u00ebs demokratike t\u2019i shkohet deri n\u00eb fund. <\/p>\n<p>T\u00eb shqyrtohen t\u00eb gjitha rastet n\u00eb Deg\u00eb, N\u00ebndeg\u00eb e \u201cSythe\u201d t\u00eb LDK-s\u00eb, jo vet\u00ebm n\u00eb Prishtin\u00eb, por kjo reform\u00eb duhet t\u00eb shtrihet an\u00eb e k\u00ebnd Kosov\u00ebs, p\u00ebr t\u2019i p\u00ebrmir\u00ebsuar kjo parti gabimet. Vet\u00ebm at\u00ebher\u00eb mund t\u00eb shpresojm\u00eb se LDK-s\u00eb do t\u2019i kthehet imixhi pozitiv, do t\u2019i kthehet an\u00ebtar\u00ebsai tradicionale dhe do t\u00eb fitoj zgjedhjet e ardhshme n\u00eb nivel Kosove: Kjo reform\u00eb duhet t\u00eb b\u00ebhet pa hezitime n\u00ebse K\u00ebshilli i P\u00ebrgjithsh\u00ebm i LDK-s\u00eb, mendon p\u00ebr t\u00eb ardhmen e LDK-s\u00eb, ve\u00e7mas n\u00ebse mendojn\u00eb mir\u00eb p\u00ebr Kosov\u00ebn ton\u00eb n\u00eb p\u00ebrgjith\u00ebsi.<\/p>\n<p>Askund n\u00eb bot\u00eb nuk ka pushtet shtet\u00ebror efektiv, pa i pasur partit\u00eb e organizuara dhe politikisht t\u00eb disiplinuara. <\/p>\n<p>E.Mail: shefqet.dibrani@bluewin.ch  <\/p>\n<p><em>Zvic\u00ebr, 18 maj 2010<\/em>.<\/p>\n<p>*<em>Autori, \u00ebsht\u00eb an\u00ebtar\u00eb i LDK-s\u00eb q\u00eb nga viti 1989, p\u00ebr vite t\u00eb t\u00ebra ishte an\u00ebtar i kryesis\u00eb s\u00eb Deg\u00ebs s\u00eb LDK-s\u00eb n\u00eb Zvic\u00ebr dhe i N\u00ebndeg\u00ebs n\u00eb Kantonin St. Gallen, ku ai jeton. Po ashtu autori i shkrimit ishte delegat n\u00eb dy Kuvendet e LDK \u2013s\u00eb n\u00eb Prishtin\u00eb t\u00eb mbajtura n\u00eb vitet 1994 dhe 1998, autor i dhjet\u00eb librave t\u00eb publikuar dhe analist politik n\u00eb koh\u00ebt m\u00eb t\u00eb v\u00ebshtira q\u00eb kalonte LDK-ja, duke u b\u00ebr\u00eb z\u00ebri m\u00eb autentik i saj.<\/em><\/p>\n","protected":false},"excerpt":{"rendered":"<p>KRYETARI I LDK-S\u00cb DR. FATMIR SEJDIU DUHET T\u2019I B\u00cbN\u00cb REFORMAT N\u00cb PARTI Shkrimi \u00ebsht\u00eb d\u00ebrguar n\u00eb: QIK, \u201cBota sot\u201d, \u201cZ\u00ebri i dit\u00ebs\u201d, \u201cKoha ditore\u201d, \u201cGazeta Express\u201d, \u201cKosova sot\u201d, \u201cKosova info\u201d etj. Shkruan: Shefqet DIBRANI* Kryetari i LDK-s\u00eb dr. Fatmir Sejdiu i cili e ka t\u00eb \u201cngrir\u00eb?!\u201d postin e kryetari n\u00eb Lidhjen Demokratike t\u00eb Kosov\u00ebs duhet [&hellip;]<\/p>\n","protected":false},"author":1,"featured_media":0,"comment_status":"open","ping_status":"closed","sticky":false,"template":"","format":"standard","meta":{"footnotes":""},"categories":[2],"tags":[],"class_list":{"0":"post-2727","1":"post","2":"type-post","3":"status-publish","4":"format-standard","6":"category-artikuj"},"yoast_head":"<!-- This site is optimized with the Yoast SEO plugin v27.4 - https:\/\/yoast.com\/product\/yoast-seo-wordpress\/ -->\n<title>REFORMAT N\u00cb LDK (2) - FjALA e LIR\u00cb - Arkivi<\/title>\n<meta name=\"robots\" content=\"index, follow, max-snippet:-1, max-image-preview:large, max-video-preview:-1\" \/>\n<link rel=\"canonical\" href=\"https:\/\/fjala.info\/2009-2015\/reformat-ne-ldk-2\/\" \/>\n<meta property=\"og:locale\" content=\"sq_AL\" \/>\n<meta property=\"og:type\" content=\"article\" \/>\n<meta property=\"og:title\" content=\"REFORMAT N\u00cb LDK (2) - FjALA e LIR\u00cb - Arkivi\" \/>\n<meta property=\"og:description\" content=\"KRYETARI I LDK-S\u00cb DR. FATMIR SEJDIU DUHET T\u2019I B\u00cbN\u00cb REFORMAT N\u00cb PARTI Shkrimi \u00ebsht\u00eb d\u00ebrguar n\u00eb: QIK, \u201cBota sot\u201d, \u201cZ\u00ebri i dit\u00ebs\u201d, \u201cKoha ditore\u201d, \u201cGazeta Express\u201d, \u201cKosova sot\u201d, \u201cKosova info\u201d etj. Shkruan: Shefqet DIBRANI* Kryetari i LDK-s\u00eb dr. Fatmir Sejdiu i cili e ka t\u00eb \u201cngrir\u00eb?!\u201d postin e kryetari n\u00eb Lidhjen Demokratike t\u00eb Kosov\u00ebs duhet [&hellip;]\" \/>\n<meta property=\"og:url\" content=\"https:\/\/fjala.info\/2009-2015\/reformat-ne-ldk-2\/\" \/>\n<meta property=\"og:site_name\" content=\"FjALA e LIR\u00cb - Arkivi\" \/>\n<meta property=\"article:published_time\" content=\"2010-05-19T22:40:47+00:00\" \/>\n<meta property=\"og:image\" content=\"http:\/\/www.shkoder.net\/images\/fjala\/dibrani.jpg\" \/>\n<meta name=\"author\" content=\"admin\" \/>\n<meta name=\"twitter:card\" content=\"summary_large_image\" \/>\n<meta name=\"twitter:label1\" content=\"Written by\" \/>\n\t<meta name=\"twitter:data1\" content=\"admin\" \/>\n\t<meta name=\"twitter:label2\" content=\"Est. reading time\" \/>\n\t<meta name=\"twitter:data2\" content=\"7 minutes\" \/>\n<script type=\"application\/ld+json\" class=\"yoast-schema-graph\">{\"@context\":\"https:\\\/\\\/schema.org\",\"@graph\":[{\"@type\":\"Article\",\"@id\":\"https:\\\/\\\/fjala.info\\\/2009-2015\\\/reformat-ne-ldk-2\\\/#article\",\"isPartOf\":{\"@id\":\"https:\\\/\\\/fjala.info\\\/2009-2015\\\/reformat-ne-ldk-2\\\/\"},\"author\":{\"name\":\"admin\",\"@id\":\"https:\\\/\\\/fjala.info\\\/2009-2015\\\/#\\\/schema\\\/person\\\/3aa1163ef05469c496fc94e77611ada2\"},\"headline\":\"REFORMAT N\u00cb LDK (2)\",\"datePublished\":\"2010-05-19T22:40:47+00:00\",\"mainEntityOfPage\":{\"@id\":\"https:\\\/\\\/fjala.info\\\/2009-2015\\\/reformat-ne-ldk-2\\\/\"},\"wordCount\":1317,\"commentCount\":0,\"publisher\":{\"@id\":\"https:\\\/\\\/fjala.info\\\/2009-2015\\\/#organization\"},\"image\":{\"@id\":\"https:\\\/\\\/fjala.info\\\/2009-2015\\\/reformat-ne-ldk-2\\\/#primaryimage\"},\"thumbnailUrl\":\"http:\\\/\\\/www.shkoder.net\\\/images\\\/fjala\\\/dibrani.jpg\",\"articleSection\":[\"Artikuj\"],\"inLanguage\":\"sq-AL\",\"potentialAction\":[{\"@type\":\"CommentAction\",\"name\":\"Comment\",\"target\":[\"https:\\\/\\\/fjala.info\\\/2009-2015\\\/reformat-ne-ldk-2\\\/#respond\"]}]},{\"@type\":\"WebPage\",\"@id\":\"https:\\\/\\\/fjala.info\\\/2009-2015\\\/reformat-ne-ldk-2\\\/\",\"url\":\"https:\\\/\\\/fjala.info\\\/2009-2015\\\/reformat-ne-ldk-2\\\/\",\"name\":\"REFORMAT N\u00cb LDK (2) - FjALA e LIR\u00cb - Arkivi\",\"isPartOf\":{\"@id\":\"https:\\\/\\\/fjala.info\\\/2009-2015\\\/#website\"},\"primaryImageOfPage\":{\"@id\":\"https:\\\/\\\/fjala.info\\\/2009-2015\\\/reformat-ne-ldk-2\\\/#primaryimage\"},\"image\":{\"@id\":\"https:\\\/\\\/fjala.info\\\/2009-2015\\\/reformat-ne-ldk-2\\\/#primaryimage\"},\"thumbnailUrl\":\"http:\\\/\\\/www.shkoder.net\\\/images\\\/fjala\\\/dibrani.jpg\",\"datePublished\":\"2010-05-19T22:40:47+00:00\",\"breadcrumb\":{\"@id\":\"https:\\\/\\\/fjala.info\\\/2009-2015\\\/reformat-ne-ldk-2\\\/#breadcrumb\"},\"inLanguage\":\"sq-AL\",\"potentialAction\":[{\"@type\":\"ReadAction\",\"target\":[\"https:\\\/\\\/fjala.info\\\/2009-2015\\\/reformat-ne-ldk-2\\\/\"]}]},{\"@type\":\"ImageObject\",\"inLanguage\":\"sq-AL\",\"@id\":\"https:\\\/\\\/fjala.info\\\/2009-2015\\\/reformat-ne-ldk-2\\\/#primaryimage\",\"url\":\"http:\\\/\\\/www.shkoder.net\\\/images\\\/fjala\\\/dibrani.jpg\",\"contentUrl\":\"http:\\\/\\\/www.shkoder.net\\\/images\\\/fjala\\\/dibrani.jpg\"},{\"@type\":\"BreadcrumbList\",\"@id\":\"https:\\\/\\\/fjala.info\\\/2009-2015\\\/reformat-ne-ldk-2\\\/#breadcrumb\",\"itemListElement\":[{\"@type\":\"ListItem\",\"position\":1,\"name\":\"Home\",\"item\":\"https:\\\/\\\/fjala.info\\\/2009-2015\\\/\"},{\"@type\":\"ListItem\",\"position\":2,\"name\":\"REFORMAT N\u00cb LDK (2)\"}]},{\"@type\":\"WebSite\",\"@id\":\"https:\\\/\\\/fjala.info\\\/2009-2015\\\/#website\",\"url\":\"https:\\\/\\\/fjala.info\\\/2009-2015\\\/\",\"name\":\"FjALA e LIR\u00cb - Arkivi\",\"description\":\"Arkivi 2009-2015\",\"publisher\":{\"@id\":\"https:\\\/\\\/fjala.info\\\/2009-2015\\\/#organization\"},\"potentialAction\":[{\"@type\":\"SearchAction\",\"target\":{\"@type\":\"EntryPoint\",\"urlTemplate\":\"https:\\\/\\\/fjala.info\\\/2009-2015\\\/?s={search_term_string}\"},\"query-input\":{\"@type\":\"PropertyValueSpecification\",\"valueRequired\":true,\"valueName\":\"search_term_string\"}}],\"inLanguage\":\"sq-AL\"},{\"@type\":\"Organization\",\"@id\":\"https:\\\/\\\/fjala.info\\\/2009-2015\\\/#organization\",\"name\":\"FjALA e LIR\u00cb - Arkivi\",\"url\":\"https:\\\/\\\/fjala.info\\\/2009-2015\\\/\",\"logo\":{\"@type\":\"ImageObject\",\"inLanguage\":\"sq-AL\",\"@id\":\"https:\\\/\\\/fjala.info\\\/2009-2015\\\/#\\\/schema\\\/logo\\\/image\\\/\",\"url\":\"\",\"contentUrl\":\"\",\"caption\":\"FjALA e LIR\u00cb - Arkivi\"},\"image\":{\"@id\":\"https:\\\/\\\/fjala.info\\\/2009-2015\\\/#\\\/schema\\\/logo\\\/image\\\/\"}},{\"@type\":\"Person\",\"@id\":\"https:\\\/\\\/fjala.info\\\/2009-2015\\\/#\\\/schema\\\/person\\\/3aa1163ef05469c496fc94e77611ada2\",\"name\":\"admin\",\"image\":{\"@type\":\"ImageObject\",\"inLanguage\":\"sq-AL\",\"@id\":\"https:\\\/\\\/fjala.info\\\/2009-2015\\\/wp-content\\\/uploads\\\/2012\\\/02\\\/arben_cokaj-120x150.jpg\",\"url\":\"https:\\\/\\\/fjala.info\\\/2009-2015\\\/wp-content\\\/uploads\\\/2012\\\/02\\\/arben_cokaj-120x150.jpg\",\"contentUrl\":\"https:\\\/\\\/fjala.info\\\/2009-2015\\\/wp-content\\\/uploads\\\/2012\\\/02\\\/arben_cokaj-120x150.jpg\",\"caption\":\"admin\"},\"description\":\"Admin, Fjala e Lir\u00eb\",\"sameAs\":[\"https:\\\/\\\/fjala.info\\\/\"],\"url\":\"https:\\\/\\\/fjala.info\\\/2009-2015\\\/author\\\/admin\\\/\"}]}<\/script>\n<!-- \/ Yoast SEO plugin. -->","yoast_head_json":{"title":"REFORMAT N\u00cb LDK (2) - FjALA e LIR\u00cb - Arkivi","robots":{"index":"index","follow":"follow","max-snippet":"max-snippet:-1","max-image-preview":"max-image-preview:large","max-video-preview":"max-video-preview:-1"},"canonical":"https:\/\/fjala.info\/2009-2015\/reformat-ne-ldk-2\/","og_locale":"sq_AL","og_type":"article","og_title":"REFORMAT N\u00cb LDK (2) - FjALA e LIR\u00cb - Arkivi","og_description":"KRYETARI I LDK-S\u00cb DR. FATMIR SEJDIU DUHET T\u2019I B\u00cbN\u00cb REFORMAT N\u00cb PARTI Shkrimi \u00ebsht\u00eb d\u00ebrguar n\u00eb: QIK, \u201cBota sot\u201d, \u201cZ\u00ebri i dit\u00ebs\u201d, \u201cKoha ditore\u201d, \u201cGazeta Express\u201d, \u201cKosova sot\u201d, \u201cKosova info\u201d etj. Shkruan: Shefqet DIBRANI* Kryetari i LDK-s\u00eb dr. Fatmir Sejdiu i cili e ka t\u00eb \u201cngrir\u00eb?!\u201d postin e kryetari n\u00eb Lidhjen Demokratike t\u00eb Kosov\u00ebs duhet [&hellip;]","og_url":"https:\/\/fjala.info\/2009-2015\/reformat-ne-ldk-2\/","og_site_name":"FjALA e LIR\u00cb - Arkivi","article_published_time":"2010-05-19T22:40:47+00:00","og_image":[{"url":"http:\/\/www.shkoder.net\/images\/fjala\/dibrani.jpg","type":"","width":"","height":""}],"author":"admin","twitter_card":"summary_large_image","twitter_misc":{"Written by":"admin","Est. reading time":"7 minutes"},"schema":{"@context":"https:\/\/schema.org","@graph":[{"@type":"Article","@id":"https:\/\/fjala.info\/2009-2015\/reformat-ne-ldk-2\/#article","isPartOf":{"@id":"https:\/\/fjala.info\/2009-2015\/reformat-ne-ldk-2\/"},"author":{"name":"admin","@id":"https:\/\/fjala.info\/2009-2015\/#\/schema\/person\/3aa1163ef05469c496fc94e77611ada2"},"headline":"REFORMAT N\u00cb LDK (2)","datePublished":"2010-05-19T22:40:47+00:00","mainEntityOfPage":{"@id":"https:\/\/fjala.info\/2009-2015\/reformat-ne-ldk-2\/"},"wordCount":1317,"commentCount":0,"publisher":{"@id":"https:\/\/fjala.info\/2009-2015\/#organization"},"image":{"@id":"https:\/\/fjala.info\/2009-2015\/reformat-ne-ldk-2\/#primaryimage"},"thumbnailUrl":"http:\/\/www.shkoder.net\/images\/fjala\/dibrani.jpg","articleSection":["Artikuj"],"inLanguage":"sq-AL","potentialAction":[{"@type":"CommentAction","name":"Comment","target":["https:\/\/fjala.info\/2009-2015\/reformat-ne-ldk-2\/#respond"]}]},{"@type":"WebPage","@id":"https:\/\/fjala.info\/2009-2015\/reformat-ne-ldk-2\/","url":"https:\/\/fjala.info\/2009-2015\/reformat-ne-ldk-2\/","name":"REFORMAT N\u00cb LDK (2) - FjALA e LIR\u00cb - Arkivi","isPartOf":{"@id":"https:\/\/fjala.info\/2009-2015\/#website"},"primaryImageOfPage":{"@id":"https:\/\/fjala.info\/2009-2015\/reformat-ne-ldk-2\/#primaryimage"},"image":{"@id":"https:\/\/fjala.info\/2009-2015\/reformat-ne-ldk-2\/#primaryimage"},"thumbnailUrl":"http:\/\/www.shkoder.net\/images\/fjala\/dibrani.jpg","datePublished":"2010-05-19T22:40:47+00:00","breadcrumb":{"@id":"https:\/\/fjala.info\/2009-2015\/reformat-ne-ldk-2\/#breadcrumb"},"inLanguage":"sq-AL","potentialAction":[{"@type":"ReadAction","target":["https:\/\/fjala.info\/2009-2015\/reformat-ne-ldk-2\/"]}]},{"@type":"ImageObject","inLanguage":"sq-AL","@id":"https:\/\/fjala.info\/2009-2015\/reformat-ne-ldk-2\/#primaryimage","url":"http:\/\/www.shkoder.net\/images\/fjala\/dibrani.jpg","contentUrl":"http:\/\/www.shkoder.net\/images\/fjala\/dibrani.jpg"},{"@type":"BreadcrumbList","@id":"https:\/\/fjala.info\/2009-2015\/reformat-ne-ldk-2\/#breadcrumb","itemListElement":[{"@type":"ListItem","position":1,"name":"Home","item":"https:\/\/fjala.info\/2009-2015\/"},{"@type":"ListItem","position":2,"name":"REFORMAT N\u00cb LDK (2)"}]},{"@type":"WebSite","@id":"https:\/\/fjala.info\/2009-2015\/#website","url":"https:\/\/fjala.info\/2009-2015\/","name":"FjALA e LIR\u00cb - Arkivi","description":"Arkivi 2009-2015","publisher":{"@id":"https:\/\/fjala.info\/2009-2015\/#organization"},"potentialAction":[{"@type":"SearchAction","target":{"@type":"EntryPoint","urlTemplate":"https:\/\/fjala.info\/2009-2015\/?s={search_term_string}"},"query-input":{"@type":"PropertyValueSpecification","valueRequired":true,"valueName":"search_term_string"}}],"inLanguage":"sq-AL"},{"@type":"Organization","@id":"https:\/\/fjala.info\/2009-2015\/#organization","name":"FjALA e LIR\u00cb - Arkivi","url":"https:\/\/fjala.info\/2009-2015\/","logo":{"@type":"ImageObject","inLanguage":"sq-AL","@id":"https:\/\/fjala.info\/2009-2015\/#\/schema\/logo\/image\/","url":"","contentUrl":"","caption":"FjALA e LIR\u00cb - Arkivi"},"image":{"@id":"https:\/\/fjala.info\/2009-2015\/#\/schema\/logo\/image\/"}},{"@type":"Person","@id":"https:\/\/fjala.info\/2009-2015\/#\/schema\/person\/3aa1163ef05469c496fc94e77611ada2","name":"admin","image":{"@type":"ImageObject","inLanguage":"sq-AL","@id":"https:\/\/fjala.info\/2009-2015\/wp-content\/uploads\/2012\/02\/arben_cokaj-120x150.jpg","url":"https:\/\/fjala.info\/2009-2015\/wp-content\/uploads\/2012\/02\/arben_cokaj-120x150.jpg","contentUrl":"https:\/\/fjala.info\/2009-2015\/wp-content\/uploads\/2012\/02\/arben_cokaj-120x150.jpg","caption":"admin"},"description":"Admin, Fjala e Lir\u00eb","sameAs":["https:\/\/fjala.info\/"],"url":"https:\/\/fjala.info\/2009-2015\/author\/admin\/"}]}},"_links":{"self":[{"href":"https:\/\/fjala.info\/2009-2015\/wp-json\/wp\/v2\/posts\/2727","targetHints":{"allow":["GET"]}}],"collection":[{"href":"https:\/\/fjala.info\/2009-2015\/wp-json\/wp\/v2\/posts"}],"about":[{"href":"https:\/\/fjala.info\/2009-2015\/wp-json\/wp\/v2\/types\/post"}],"author":[{"embeddable":true,"href":"https:\/\/fjala.info\/2009-2015\/wp-json\/wp\/v2\/users\/1"}],"replies":[{"embeddable":true,"href":"https:\/\/fjala.info\/2009-2015\/wp-json\/wp\/v2\/comments?post=2727"}],"version-history":[{"count":0,"href":"https:\/\/fjala.info\/2009-2015\/wp-json\/wp\/v2\/posts\/2727\/revisions"}],"wp:attachment":[{"href":"https:\/\/fjala.info\/2009-2015\/wp-json\/wp\/v2\/media?parent=2727"}],"wp:term":[{"taxonomy":"category","embeddable":true,"href":"https:\/\/fjala.info\/2009-2015\/wp-json\/wp\/v2\/categories?post=2727"},{"taxonomy":"post_tag","embeddable":true,"href":"https:\/\/fjala.info\/2009-2015\/wp-json\/wp\/v2\/tags?post=2727"}],"curies":[{"name":"wp","href":"https:\/\/api.w.org\/{rel}","templated":true}]}}