{"id":2724,"date":"2012-05-09T22:22:10","date_gmt":"2012-05-09T21:22:10","guid":{"rendered":"http:\/\/fjala.shkoder.net\/?p=2724"},"modified":"2012-05-09T22:22:10","modified_gmt":"2012-05-09T21:22:10","slug":"shqiptaret-dhe-europa","status":"publish","type":"post","link":"https:\/\/fjala.info\/2009-2015\/shqiptaret-dhe-europa\/","title":{"rendered":"Shqiptar\u00ebt dhe Europa"},"content":{"rendered":"<p><img decoding=\"async\" class=\"alignright size-thumbnail wp-image-7236\" title=\"Ndue UKAJ\" src=\"http:\/\/www.shkoder.net\/2012\/ndue_ukaj.jpg\" alt=\"\" width=\"200\" \/> <strong>Ndue UKAJ<\/strong><\/p>\n<p>Projekti i Unionit Europian, para se t\u00eb jet\u00eb politik\u00eb, ekonomik, \u00ebsht\u00eb i motivuar dhe i shenj\u00ebzuar si projekt kulturor, rr\u00ebnj\u00ebt e s\u00eb cilit jan\u00eb thell\u00ebsisht shpirt\u00ebrore. K\u00ebt\u00eb vler\u00ebsim, e mb\u00ebshtetin gjith\u00eb projektuesit e k\u00ebtij Unioni. Nd\u00ebrsa k\u00ebt\u00eb tez\u00eb e mbron edhe Robert Schuman, ish ministri francez, ideator i k\u00ebsaj bashk\u00ebsie politike. Ai, tek libri \u201cN\u00eb em\u00ebr t\u00eb Europ\u00ebs\u201d nd\u00ebr t\u00eb tjera shkruan: \u201cEuropa para se t\u00eb jet\u00eb Aleanc\u00eb ushtarake apo entitet ekonomik, duhet t\u00eb jet\u00eb bashk\u00ebsi kulturore n\u00eb kuptimin m\u00eb t\u00eb lart\u00eb t\u00eb k\u00ebsaj fjale\u201d. Ky shtresim semantik, v\u00eb n\u00eb pah at\u00eb q\u00eb konsiderohet element bazik p\u00ebr ta nd\u00ebrtuar sht\u00ebpin\u00eb e p\u00ebrbashk\u00ebt europiane.<\/p>\n<p>Jan\u00eb shum\u00eb faktor q\u00eb kan\u00eb ndikuar n\u00eb unitetin kulturor dhe diversitetin politik\u00eb t\u00eb Europ\u00ebs, prandaj shkrimtari i madh gjerman Goethe thoshte se: \u201c\u00c7far\u00eb e bashkon Europ\u00ebn \u00ebsht\u00eb kultura, nd\u00ebrsa \u00e7far\u00eb e ndajn\u00eb jan\u00eb idet\u00eb politike\u201d. Dhe q\u00eb t\u00eb jesh pjes\u00eb e k\u00ebsaj familje, n\u00eb gjitha dimensionet, duhet t\u00eb pranosh at\u00eb r\u00ebnd e sistem, brenda trash\u00ebgimis\u00eb s\u00eb p\u00ebrbashk\u00ebt q\u00eb ka dometh\u00ebnie specifike n\u00eb koh\u00eb, duke kaluar stadin e modeleve t\u00eb kund\u00ebrta. N\u00eb t\u00eb v\u00ebrtet\u00eb, p\u00ebrkund\u00ebr proklamimeve t\u00eb gjithfarshme, n\u00ebp\u00ebr institucione politike, Europa mbetet thell\u00ebsisht projekt kulturor.<\/p>\n<p>Dhe kjo, u d\u00ebshmua jo pak her\u00eb gjat\u00eb k\u00ebtyre dekadave t\u00eb funksionimit t\u00eb saj. P\u00ebr ata q\u00eb kan\u00eb vesh t\u00eb d\u00ebgjojn\u00eb, k\u00ebto kambanat bien shpesh. K\u00ebsisoj duhet kuptuar edhe p\u00ebrpjekja q\u00ebllimmir\u00eb dhe shum\u00eb e nevojshme shkrimtarit Ismail Kadares\u00eb p\u00ebr t\u00eb rr\u00ebnjosur n\u00eb shpirtin e shqiptarit nj\u00eb mend\u00ebsi dhe identitetit puro per\u00ebndimore, si hallk\u00eb esenciale n\u00eb rrug\u00ebn e rikthimit t\u00eb dinjitetsh\u00ebm n\u00eb familjen europiane. Dhe si nj\u00eb premis\u00eb e q\u00ebndrueshme p\u00ebr t\u00eb eliminuar gjitha paragjykimet e sterotipet e caktuara. Ky synim shqiptar, p\u00ebrve\u00e7 se duhet konceptuar si politik\u00eb, duhet t\u00eb ket\u00eb n\u00eb shtresimet bazike, komponenten shpirt\u00ebrore dhe jet\u00ebsimin e send\u00ebrtimin e vlerave t\u00eb p\u00ebrbashk\u00ebta, si filozofi e qen\u00ebsimit dhe rrug\u00ebtimit t\u00eb p\u00ebrbashk\u00ebt t\u00eb nj\u00eb shpirti q\u00eb ka pas strumbullar\u00eb k\u00ebto vler\u00eb.<\/p>\n<p>N\u00eb diskursin ton\u00eb komb\u00ebtar, vazhdon avaria sterotipe e proklamimeve pro dhe kund\u00ebr p\u00ebrkat\u00ebsis\u00eb per\u00ebndimore t\u00eb shqiptareve. Kjo avari, kund sh\u00ebrbehet me analiza e diskutime racionale, kund \u00ebsht\u00eb preh e paragjykimeve dhe munges\u00ebs s\u00eb njohurive bazike p\u00ebr t\u00eb njohur dhe kuptuar Europ\u00ebn realisht. N\u00eb fakt, ajo q\u00eb \u00ebsht\u00eb p\u00ebr t\u00eb ardhur keq n\u00eb k\u00ebt\u00eb debat \u00ebsht\u00eb natyra dhe statusi i debateve shterpe. P\u00ebr problemet tona, m\u00eb s\u00eb shumti polemizojm\u00eb, madje deri n\u00eb ekstreme me nj\u00ebri tjetrin, duke p\u00ebrjashtuar gjithher\u00eb ata q\u00eb jan\u00eb munduar t\u00eb cenojn\u00eb pik\u00ebrisht identitetin ton\u00eb thell\u00ebsisht per\u00ebndimore, apo n\u00eb raste edhe m\u00eb ekstreme kan\u00eb pretenduar t\u00eb shkat\u00ebrrojn\u00eb, shk\u00ebpusin n\u00eb t\u00ebr\u00ebsi qenien shqiptare nga rrjedha dhe rr\u00ebnj\u00ebt e p\u00ebrbashk\u00ebta.<\/p>\n<p>N\u00eb diskursin politik\u00eb ashtu sikurse edhe n\u00eb at\u00eb kulturor e publicistik, procesi i integrimeve, si objektiv shqiptar n\u00ebnkupton integrim n\u00eb Familjen Per\u00ebndimore. Kjo \u00ebsht\u00eb b\u00ebr\u00eb kryefjala e jet\u00ebs politike e mediatike. Madje n\u00eb em\u00ebr t\u00eb k\u00ebsaj, b\u00ebhen marr\u00ebzi t\u00eb panum\u00ebrta n\u00eb jet\u00ebn e brendshme shoq\u00ebrore, gjoja se k\u00ebto b\u00ebhen p\u00ebr hir t\u00eb integrimeve per\u00ebndimore. Mir\u00ebpo, kjo kryefjal\u00eb po t\u00eb analizohet sipas principeve krahasimtare shihet sheshazi se nuk kuptohet drejt. Prandaj, edhe sot e gjith\u00eb dit\u00ebn vazhdojm\u00eb avazin ton\u00eb t\u00eb b\u00ebrit retorik\u00eb boshe: flasim me vend e pa vend p\u00ebr integrimet n\u00eb Familjen Per\u00ebndimore, nd\u00ebrsa gjith\u00e7ka b\u00ebjm\u00eb n\u00eb ambientin ton\u00eb politik\u00eb, kulturor, arsimor, ekonomik, jo q\u00eb s\u2019ka asgj\u00eb t\u00eb p\u00ebrbashk\u00ebt me vlerat e p\u00ebrbashk\u00ebta t\u00eb k\u00ebtij organizimi politik\u00eb q\u00eb quhet Familje Per\u00ebndimore, por \u00ebsht\u00eb antipodi m\u00eb i keq i k\u00ebsaj. Dhe ky antipod \u00ebsht\u00eb i rr\u00ebnjosur thell\u00eb n\u00eb gjitha segmentet q\u00eb e p\u00ebrb\u00ebjn\u00eb jet\u00ebn e kombit.<\/p>\n<p>\u00cbsht\u00eb moment imediat q\u00eb ne t\u00eb kuptojm\u00eb dhe pranojm\u00eb Europ\u00ebn si nj\u00eb bashk\u00ebsi e vlerave t\u00eb p\u00ebrbashk\u00ebta, apo ajo q\u00eb konton si \u201ctrash\u00ebgimia e p\u00ebrbashk\u00ebt me dometh\u00ebnie europiane\u201d t\u00eb b\u00ebhet formul\u00eb p\u00ebr orvatjet tona. N\u00eb k\u00ebt\u00eb formul\u00eb politike e kulturore, fshihet esenca e shum\u00eb debateve p\u00ebr rikthimin e shqiptar\u00ebve n\u00eb Per\u00ebndim. K\u00ebt\u00eb betej\u00eb e kan\u00eb nisur tribun\u00ebt e mendimit shqiptar, Faik Konica, Gjergj Fishta, Ernest Koliqi, Mithat Frash\u00ebri, Krist Maloku, e shum\u00eb te tjer\u00eb, nd\u00ebrkaq idealiteti i tyre akoma nuk \u00ebsht\u00eb jet\u00ebsuar. Ne rropatemi drejt rikthimit n\u00eb Per\u00ebndim, mir\u00ebpo mbesim ende me avarin\u00eb e pashembullt t\u00eb jet\u00ebs jo per\u00ebndimore, nj\u00eb tip i s\u00eb cil\u00ebs funksion n\u00eb \u00e7do segment me r\u00ebnd\u00ebsi.<\/p>\n<p>Procesi i rikthimit te shqiptar\u00ebve n\u00eb Familjen e kombeve t\u00eb civilizuara per\u00ebndimore, duhet, p\u00ebrpos standardeve t\u00eb shum\u00ebfishta q\u00eb lidhem me politik\u00ebn, ekonomin\u00eb, gjyq\u00ebsin\u00eb, t\u00eb rimendoj \u00e7\u00ebshtje t\u00eb ndjeshme psikologjike, transcidentale, ato q\u00eb Plasari i koncepton si vlera nj\u00eb shpirti.<\/p>\n<p>Akulturimi i nj\u00eb kombi \u00ebsht\u00eb vrasja m\u00eb e tmerrshme e tij. Dhe kur ky soj degjenerimi zot\u00ebron nj\u00eb shoq\u00ebri, at\u00ebher\u00eb prishet i t\u00ebr\u00eb sistemi dhe degjenerohet gjith\u00eb hierarkia shoq\u00ebrore. Shqiptar\u00ebt me shekuj e dekada kan\u00eb p\u00ebrjetuar akulturim, prandaj \u00ebsht\u00eb koh\u00eb t\u00eb rimendohet kjo dhe t\u00eb rikthejm\u00eb besimin tek vetja dhe te rruga jon\u00eb e p\u00ebrbashk\u00ebt p\u00ebr t\u00eb qen\u00eb pjes\u00eb e Shpirtit t\u00eb Europ\u00ebs s\u00eb Bashkuar.<\/p>\n<p>N\u00eb pik\u00ebpamje politike, Bashkimi Europian p\u00ebrfaq\u00ebson nj\u00eb organizat\u00eb gjigante, n\u00eb mir\u00ebqeni t\u00eb lakmueshme ekonomike, nj\u00eb sistem t\u00eb avancuar demokratik, p\u00ebrgjith\u00ebsisht nj\u00eb mir\u00ebqeni t\u00eb lart\u00eb. N\u00eb pik\u00ebpamje p\u00ebrtej politike, ato q\u00eb nd\u00ebrlidhen me esencat, me kultur\u00ebn dhe shenjat e p\u00ebrbashk\u00ebta shpirt\u00ebrore q\u00eb i dedikohen edhe trash\u00ebgimis\u00eb s\u00eb p\u00ebrbashk\u00ebt, europa dhe per\u00ebndimi p\u00ebrfaq\u00ebson nj\u00eb shoq\u00ebri t\u00eb hapur, ku puna dhe bashk\u00ebpunimi jan\u00eb prioritet, ku kultura e dialogut dhe e respektimit t\u00eb dinjitetit t\u00eb njeriut \u00ebsht\u00eb \u00e7el\u00ebsi p\u00ebr \u00e7do zgjedhje, ku debatet dhe respektimi i tjetrit mbesin shtylla t\u00eb fuqishme.<\/p>\n<p>\u00c7do her\u00eb kur diskutohen plag\u00ebt tona, t\u00eb metat tona, mosveprimi yn\u00eb, kur stigmatizohet realiteti, nuk duhet t\u00eb tkurremi brenda mureve tona t\u00eb err\u00ebta dhe t\u00eb b\u00ebhemi qaraman, por duhet t\u00eb justifikojm\u00eb me fuqi bind\u00ebse se europa \u00ebsht\u00eb atdhe i vlerave tona t\u00eb p\u00ebrbashk\u00ebta. Prandaj duhet t\u00eb shtrohen p\u00ebr diskutim \u00e7far\u00eb duhet t\u00eb b\u00ebjm\u00eb m\u00eb shum\u00eb dhe si t\u00eb veprojm\u00eb m\u00eb mir\u00eb, q\u00eb Europa t\u00eb b\u00ebhet atdheu i vlerave tona t\u00eb p\u00ebrbashk\u00ebt, si\u00e7 shkruan nobelisti Vaclav Havel, pasi q\u00eb me shekuj kemi jetuar shk\u00ebputur nga k\u00ebto vlera, por me nj\u00eb nostalgji dridhmuese.<\/p>\n<p>Nj\u00eb dijetar i viteve t\u00eb 30-ta Tajar Zavalani n\u00eb eseun \u201c\u00c7\u2019pam\u00eb n\u00eb Evrop\u00eb. \u00c7\u2019gjejm\u00eb n\u00eb Shqip\u00ebri\u201d, nd\u00ebr t\u00eb tjera do t\u00eb shkruan \u201cAtje u munduam, si cilido pas takatit dhe zot\u00ebsis\u00eb, t\u00eb shkundim pluhrin e mrap\u00ebshtis\u00eb ku qem\u00eb rritur, t\u00eb \u00e7k\u00ebputemi nga idhet\u00eb e ndryshkura, paragjykimet e cekta dhe mentaliteti primitiv; u p\u00ebrpoq\u00ebm t\u00eb riedukojm\u00eb vehten dhe t\u00eb armatosemi me dituri dhe vullnet p\u00ebr pun\u00eb\u201d. Dhe ja \u00e7far\u00eb ne duhet t\u00eb b\u00ebjm\u00eb sot.<\/p>\n<p>E pra, \u00ebsht\u00eb tani momenti gjith\u00eb tok t\u00eb rrekemi q\u00eb Europa t\u00eb b\u00ebhet atdheu i vlerave tona t\u00eb p\u00ebrbashk\u00ebta n\u00eb gjitha drejtimet, duke i njohur dhe send\u00ebrtuar lidhjet e tona t\u00eb shum\u00ebfishta me k\u00ebt\u00eb civilizim. N\u00eb t\u00eb kaluar\u00ebn, ne kemi pasur nj\u00eb shk\u00ebputje nga ky sistem vlerash, nd\u00ebrkaq n\u00eb kultur\u00ebn e shkrimit kemi nd\u00ebrtuar nj\u00eb tipologji t\u00eb till\u00eb, e cila k\u00ebt\u00eb shk\u00ebputje e ka vajtuar dhe cil\u00ebsuar si t\u00eb keq\u00ebn m\u00eb t\u00eb madhe q\u00eb ju ka ndodh Shqiptar\u00ebve. Sot, ne q\u00eb jemi n\u00eb prag t\u00eb hyrjes n\u00eb Sht\u00ebpin\u00eb ton\u00eb, t\u00eb kultivojm\u00eb ndjenjat dhe vlerat tona t\u00eb p\u00ebrbashk\u00ebta, duke flakuar gjitha shtresat q\u00eb na jan\u00eb mveshur padrejt\u00ebsisht. Dhe nostalgjin\u00eb p\u00ebr Europ\u00ebn ton\u00eb, ta kthejm\u00eb n\u00eb dashuri realiste, vet\u00ebdije funksionale p\u00ebr nj\u00eb t\u00eb ardhme pa rropatje.<\/p>\n<p>Qeverit\u00eb tona b\u00ebjn\u00eb veprime t\u00eb pakuptimta dhe aspak me vler\u00eb. Ne vend q\u00eb t\u00eb kritikojm\u00eb Bashk\u00ebsin\u00eb Europine, duhet t\u00eb edukohemi me vlerat, parimet dhe standardet e k\u00ebsaj bashk\u00ebsie. Shqiptar\u00ebt jan\u00eb jasht\u00eb BE, sepse transformimet tona n\u00eb p\u00ebrkim me konditat per\u00ebndimore, jan\u00eb t\u00eb zbehta, t\u00eb mos themi, jan\u00eb nj\u00eb fars\u00eb, prapa s\u00eb cilave fshihen gjithfar\u00eb pasionesh t\u00eb \u00e7oroditura.<\/p>\n","protected":false},"excerpt":{"rendered":"<p>Ndue UKAJ Projekti i Unionit Europian, para se t\u00eb jet\u00eb politik\u00eb, ekonomik, \u00ebsht\u00eb i motivuar dhe i shenj\u00ebzuar si projekt kulturor, rr\u00ebnj\u00ebt e s\u00eb cilit jan\u00eb thell\u00ebsisht shpirt\u00ebrore. K\u00ebt\u00eb vler\u00ebsim, e mb\u00ebshtetin gjith\u00eb projektuesit e k\u00ebtij Unioni. Nd\u00ebrsa k\u00ebt\u00eb tez\u00eb e mbron edhe Robert Schuman, ish ministri francez, ideator i k\u00ebsaj bashk\u00ebsie politike. Ai, tek [&hellip;]<\/p>\n","protected":false},"author":1,"featured_media":0,"comment_status":"open","ping_status":"closed","sticky":false,"template":"","format":"standard","meta":{"footnotes":""},"categories":[2],"tags":[],"class_list":{"0":"post-2724","1":"post","2":"type-post","3":"status-publish","4":"format-standard","6":"category-artikuj"},"yoast_head":"<!-- This site is optimized with the Yoast SEO plugin v27.4 - https:\/\/yoast.com\/product\/yoast-seo-wordpress\/ -->\n<title>Shqiptar\u00ebt dhe Europa - FjALA e LIR\u00cb - Arkivi<\/title>\n<meta name=\"robots\" content=\"index, follow, max-snippet:-1, max-image-preview:large, max-video-preview:-1\" \/>\n<link rel=\"canonical\" href=\"https:\/\/fjala.info\/2009-2015\/shqiptaret-dhe-europa\/\" \/>\n<meta property=\"og:locale\" content=\"sq_AL\" \/>\n<meta property=\"og:type\" content=\"article\" \/>\n<meta property=\"og:title\" content=\"Shqiptar\u00ebt dhe Europa - FjALA e LIR\u00cb - Arkivi\" \/>\n<meta property=\"og:description\" content=\"Ndue UKAJ Projekti i Unionit Europian, para se t\u00eb jet\u00eb politik\u00eb, ekonomik, \u00ebsht\u00eb i motivuar dhe i shenj\u00ebzuar si projekt kulturor, rr\u00ebnj\u00ebt e s\u00eb cilit jan\u00eb thell\u00ebsisht shpirt\u00ebrore. K\u00ebt\u00eb vler\u00ebsim, e mb\u00ebshtetin gjith\u00eb projektuesit e k\u00ebtij Unioni. Nd\u00ebrsa k\u00ebt\u00eb tez\u00eb e mbron edhe Robert Schuman, ish ministri francez, ideator i k\u00ebsaj bashk\u00ebsie politike. Ai, tek [&hellip;]\" \/>\n<meta property=\"og:url\" content=\"https:\/\/fjala.info\/2009-2015\/shqiptaret-dhe-europa\/\" \/>\n<meta property=\"og:site_name\" content=\"FjALA e LIR\u00cb - Arkivi\" \/>\n<meta property=\"article:published_time\" content=\"2012-05-09T21:22:10+00:00\" \/>\n<meta property=\"og:image\" content=\"http:\/\/www.shkoder.net\/2012\/ndue_ukaj.jpg\" \/>\n<meta name=\"author\" content=\"admin\" \/>\n<meta name=\"twitter:card\" content=\"summary_large_image\" \/>\n<meta name=\"twitter:label1\" content=\"Written by\" \/>\n\t<meta name=\"twitter:data1\" content=\"admin\" \/>\n\t<meta name=\"twitter:label2\" content=\"Est. reading time\" \/>\n\t<meta name=\"twitter:data2\" content=\"7 minutes\" \/>\n<script type=\"application\/ld+json\" class=\"yoast-schema-graph\">{\"@context\":\"https:\\\/\\\/schema.org\",\"@graph\":[{\"@type\":\"Article\",\"@id\":\"https:\\\/\\\/fjala.info\\\/2009-2015\\\/shqiptaret-dhe-europa\\\/#article\",\"isPartOf\":{\"@id\":\"https:\\\/\\\/fjala.info\\\/2009-2015\\\/shqiptaret-dhe-europa\\\/\"},\"author\":{\"name\":\"admin\",\"@id\":\"https:\\\/\\\/fjala.info\\\/2009-2015\\\/#\\\/schema\\\/person\\\/3aa1163ef05469c496fc94e77611ada2\"},\"headline\":\"Shqiptar\u00ebt dhe Europa\",\"datePublished\":\"2012-05-09T21:22:10+00:00\",\"mainEntityOfPage\":{\"@id\":\"https:\\\/\\\/fjala.info\\\/2009-2015\\\/shqiptaret-dhe-europa\\\/\"},\"wordCount\":1461,\"commentCount\":0,\"publisher\":{\"@id\":\"https:\\\/\\\/fjala.info\\\/2009-2015\\\/#organization\"},\"image\":{\"@id\":\"https:\\\/\\\/fjala.info\\\/2009-2015\\\/shqiptaret-dhe-europa\\\/#primaryimage\"},\"thumbnailUrl\":\"http:\\\/\\\/www.shkoder.net\\\/2012\\\/ndue_ukaj.jpg\",\"articleSection\":[\"Artikuj\"],\"inLanguage\":\"sq-AL\",\"potentialAction\":[{\"@type\":\"CommentAction\",\"name\":\"Comment\",\"target\":[\"https:\\\/\\\/fjala.info\\\/2009-2015\\\/shqiptaret-dhe-europa\\\/#respond\"]}]},{\"@type\":\"WebPage\",\"@id\":\"https:\\\/\\\/fjala.info\\\/2009-2015\\\/shqiptaret-dhe-europa\\\/\",\"url\":\"https:\\\/\\\/fjala.info\\\/2009-2015\\\/shqiptaret-dhe-europa\\\/\",\"name\":\"Shqiptar\u00ebt dhe Europa - FjALA e LIR\u00cb - Arkivi\",\"isPartOf\":{\"@id\":\"https:\\\/\\\/fjala.info\\\/2009-2015\\\/#website\"},\"primaryImageOfPage\":{\"@id\":\"https:\\\/\\\/fjala.info\\\/2009-2015\\\/shqiptaret-dhe-europa\\\/#primaryimage\"},\"image\":{\"@id\":\"https:\\\/\\\/fjala.info\\\/2009-2015\\\/shqiptaret-dhe-europa\\\/#primaryimage\"},\"thumbnailUrl\":\"http:\\\/\\\/www.shkoder.net\\\/2012\\\/ndue_ukaj.jpg\",\"datePublished\":\"2012-05-09T21:22:10+00:00\",\"breadcrumb\":{\"@id\":\"https:\\\/\\\/fjala.info\\\/2009-2015\\\/shqiptaret-dhe-europa\\\/#breadcrumb\"},\"inLanguage\":\"sq-AL\",\"potentialAction\":[{\"@type\":\"ReadAction\",\"target\":[\"https:\\\/\\\/fjala.info\\\/2009-2015\\\/shqiptaret-dhe-europa\\\/\"]}]},{\"@type\":\"ImageObject\",\"inLanguage\":\"sq-AL\",\"@id\":\"https:\\\/\\\/fjala.info\\\/2009-2015\\\/shqiptaret-dhe-europa\\\/#primaryimage\",\"url\":\"http:\\\/\\\/www.shkoder.net\\\/2012\\\/ndue_ukaj.jpg\",\"contentUrl\":\"http:\\\/\\\/www.shkoder.net\\\/2012\\\/ndue_ukaj.jpg\"},{\"@type\":\"BreadcrumbList\",\"@id\":\"https:\\\/\\\/fjala.info\\\/2009-2015\\\/shqiptaret-dhe-europa\\\/#breadcrumb\",\"itemListElement\":[{\"@type\":\"ListItem\",\"position\":1,\"name\":\"Home\",\"item\":\"https:\\\/\\\/fjala.info\\\/2009-2015\\\/\"},{\"@type\":\"ListItem\",\"position\":2,\"name\":\"Shqiptar\u00ebt dhe Europa\"}]},{\"@type\":\"WebSite\",\"@id\":\"https:\\\/\\\/fjala.info\\\/2009-2015\\\/#website\",\"url\":\"https:\\\/\\\/fjala.info\\\/2009-2015\\\/\",\"name\":\"FjALA e LIR\u00cb - Arkivi\",\"description\":\"Arkivi 2009-2015\",\"publisher\":{\"@id\":\"https:\\\/\\\/fjala.info\\\/2009-2015\\\/#organization\"},\"potentialAction\":[{\"@type\":\"SearchAction\",\"target\":{\"@type\":\"EntryPoint\",\"urlTemplate\":\"https:\\\/\\\/fjala.info\\\/2009-2015\\\/?s={search_term_string}\"},\"query-input\":{\"@type\":\"PropertyValueSpecification\",\"valueRequired\":true,\"valueName\":\"search_term_string\"}}],\"inLanguage\":\"sq-AL\"},{\"@type\":\"Organization\",\"@id\":\"https:\\\/\\\/fjala.info\\\/2009-2015\\\/#organization\",\"name\":\"FjALA e LIR\u00cb - Arkivi\",\"url\":\"https:\\\/\\\/fjala.info\\\/2009-2015\\\/\",\"logo\":{\"@type\":\"ImageObject\",\"inLanguage\":\"sq-AL\",\"@id\":\"https:\\\/\\\/fjala.info\\\/2009-2015\\\/#\\\/schema\\\/logo\\\/image\\\/\",\"url\":\"\",\"contentUrl\":\"\",\"caption\":\"FjALA e LIR\u00cb - Arkivi\"},\"image\":{\"@id\":\"https:\\\/\\\/fjala.info\\\/2009-2015\\\/#\\\/schema\\\/logo\\\/image\\\/\"}},{\"@type\":\"Person\",\"@id\":\"https:\\\/\\\/fjala.info\\\/2009-2015\\\/#\\\/schema\\\/person\\\/3aa1163ef05469c496fc94e77611ada2\",\"name\":\"admin\",\"image\":{\"@type\":\"ImageObject\",\"inLanguage\":\"sq-AL\",\"@id\":\"https:\\\/\\\/fjala.info\\\/2009-2015\\\/wp-content\\\/uploads\\\/2012\\\/02\\\/arben_cokaj-120x150.jpg\",\"url\":\"https:\\\/\\\/fjala.info\\\/2009-2015\\\/wp-content\\\/uploads\\\/2012\\\/02\\\/arben_cokaj-120x150.jpg\",\"contentUrl\":\"https:\\\/\\\/fjala.info\\\/2009-2015\\\/wp-content\\\/uploads\\\/2012\\\/02\\\/arben_cokaj-120x150.jpg\",\"caption\":\"admin\"},\"description\":\"Admin, Fjala e Lir\u00eb\",\"sameAs\":[\"https:\\\/\\\/fjala.info\\\/\"],\"url\":\"https:\\\/\\\/fjala.info\\\/2009-2015\\\/author\\\/admin\\\/\"}]}<\/script>\n<!-- \/ Yoast SEO plugin. -->","yoast_head_json":{"title":"Shqiptar\u00ebt dhe Europa - FjALA e LIR\u00cb - Arkivi","robots":{"index":"index","follow":"follow","max-snippet":"max-snippet:-1","max-image-preview":"max-image-preview:large","max-video-preview":"max-video-preview:-1"},"canonical":"https:\/\/fjala.info\/2009-2015\/shqiptaret-dhe-europa\/","og_locale":"sq_AL","og_type":"article","og_title":"Shqiptar\u00ebt dhe Europa - FjALA e LIR\u00cb - Arkivi","og_description":"Ndue UKAJ Projekti i Unionit Europian, para se t\u00eb jet\u00eb politik\u00eb, ekonomik, \u00ebsht\u00eb i motivuar dhe i shenj\u00ebzuar si projekt kulturor, rr\u00ebnj\u00ebt e s\u00eb cilit jan\u00eb thell\u00ebsisht shpirt\u00ebrore. K\u00ebt\u00eb vler\u00ebsim, e mb\u00ebshtetin gjith\u00eb projektuesit e k\u00ebtij Unioni. Nd\u00ebrsa k\u00ebt\u00eb tez\u00eb e mbron edhe Robert Schuman, ish ministri francez, ideator i k\u00ebsaj bashk\u00ebsie politike. Ai, tek [&hellip;]","og_url":"https:\/\/fjala.info\/2009-2015\/shqiptaret-dhe-europa\/","og_site_name":"FjALA e LIR\u00cb - Arkivi","article_published_time":"2012-05-09T21:22:10+00:00","og_image":[{"url":"http:\/\/www.shkoder.net\/2012\/ndue_ukaj.jpg","type":"","width":"","height":""}],"author":"admin","twitter_card":"summary_large_image","twitter_misc":{"Written by":"admin","Est. reading time":"7 minutes"},"schema":{"@context":"https:\/\/schema.org","@graph":[{"@type":"Article","@id":"https:\/\/fjala.info\/2009-2015\/shqiptaret-dhe-europa\/#article","isPartOf":{"@id":"https:\/\/fjala.info\/2009-2015\/shqiptaret-dhe-europa\/"},"author":{"name":"admin","@id":"https:\/\/fjala.info\/2009-2015\/#\/schema\/person\/3aa1163ef05469c496fc94e77611ada2"},"headline":"Shqiptar\u00ebt dhe Europa","datePublished":"2012-05-09T21:22:10+00:00","mainEntityOfPage":{"@id":"https:\/\/fjala.info\/2009-2015\/shqiptaret-dhe-europa\/"},"wordCount":1461,"commentCount":0,"publisher":{"@id":"https:\/\/fjala.info\/2009-2015\/#organization"},"image":{"@id":"https:\/\/fjala.info\/2009-2015\/shqiptaret-dhe-europa\/#primaryimage"},"thumbnailUrl":"http:\/\/www.shkoder.net\/2012\/ndue_ukaj.jpg","articleSection":["Artikuj"],"inLanguage":"sq-AL","potentialAction":[{"@type":"CommentAction","name":"Comment","target":["https:\/\/fjala.info\/2009-2015\/shqiptaret-dhe-europa\/#respond"]}]},{"@type":"WebPage","@id":"https:\/\/fjala.info\/2009-2015\/shqiptaret-dhe-europa\/","url":"https:\/\/fjala.info\/2009-2015\/shqiptaret-dhe-europa\/","name":"Shqiptar\u00ebt dhe Europa - FjALA e LIR\u00cb - Arkivi","isPartOf":{"@id":"https:\/\/fjala.info\/2009-2015\/#website"},"primaryImageOfPage":{"@id":"https:\/\/fjala.info\/2009-2015\/shqiptaret-dhe-europa\/#primaryimage"},"image":{"@id":"https:\/\/fjala.info\/2009-2015\/shqiptaret-dhe-europa\/#primaryimage"},"thumbnailUrl":"http:\/\/www.shkoder.net\/2012\/ndue_ukaj.jpg","datePublished":"2012-05-09T21:22:10+00:00","breadcrumb":{"@id":"https:\/\/fjala.info\/2009-2015\/shqiptaret-dhe-europa\/#breadcrumb"},"inLanguage":"sq-AL","potentialAction":[{"@type":"ReadAction","target":["https:\/\/fjala.info\/2009-2015\/shqiptaret-dhe-europa\/"]}]},{"@type":"ImageObject","inLanguage":"sq-AL","@id":"https:\/\/fjala.info\/2009-2015\/shqiptaret-dhe-europa\/#primaryimage","url":"http:\/\/www.shkoder.net\/2012\/ndue_ukaj.jpg","contentUrl":"http:\/\/www.shkoder.net\/2012\/ndue_ukaj.jpg"},{"@type":"BreadcrumbList","@id":"https:\/\/fjala.info\/2009-2015\/shqiptaret-dhe-europa\/#breadcrumb","itemListElement":[{"@type":"ListItem","position":1,"name":"Home","item":"https:\/\/fjala.info\/2009-2015\/"},{"@type":"ListItem","position":2,"name":"Shqiptar\u00ebt dhe Europa"}]},{"@type":"WebSite","@id":"https:\/\/fjala.info\/2009-2015\/#website","url":"https:\/\/fjala.info\/2009-2015\/","name":"FjALA e LIR\u00cb - Arkivi","description":"Arkivi 2009-2015","publisher":{"@id":"https:\/\/fjala.info\/2009-2015\/#organization"},"potentialAction":[{"@type":"SearchAction","target":{"@type":"EntryPoint","urlTemplate":"https:\/\/fjala.info\/2009-2015\/?s={search_term_string}"},"query-input":{"@type":"PropertyValueSpecification","valueRequired":true,"valueName":"search_term_string"}}],"inLanguage":"sq-AL"},{"@type":"Organization","@id":"https:\/\/fjala.info\/2009-2015\/#organization","name":"FjALA e LIR\u00cb - Arkivi","url":"https:\/\/fjala.info\/2009-2015\/","logo":{"@type":"ImageObject","inLanguage":"sq-AL","@id":"https:\/\/fjala.info\/2009-2015\/#\/schema\/logo\/image\/","url":"","contentUrl":"","caption":"FjALA e LIR\u00cb - Arkivi"},"image":{"@id":"https:\/\/fjala.info\/2009-2015\/#\/schema\/logo\/image\/"}},{"@type":"Person","@id":"https:\/\/fjala.info\/2009-2015\/#\/schema\/person\/3aa1163ef05469c496fc94e77611ada2","name":"admin","image":{"@type":"ImageObject","inLanguage":"sq-AL","@id":"https:\/\/fjala.info\/2009-2015\/wp-content\/uploads\/2012\/02\/arben_cokaj-120x150.jpg","url":"https:\/\/fjala.info\/2009-2015\/wp-content\/uploads\/2012\/02\/arben_cokaj-120x150.jpg","contentUrl":"https:\/\/fjala.info\/2009-2015\/wp-content\/uploads\/2012\/02\/arben_cokaj-120x150.jpg","caption":"admin"},"description":"Admin, Fjala e Lir\u00eb","sameAs":["https:\/\/fjala.info\/"],"url":"https:\/\/fjala.info\/2009-2015\/author\/admin\/"}]}},"_links":{"self":[{"href":"https:\/\/fjala.info\/2009-2015\/wp-json\/wp\/v2\/posts\/2724","targetHints":{"allow":["GET"]}}],"collection":[{"href":"https:\/\/fjala.info\/2009-2015\/wp-json\/wp\/v2\/posts"}],"about":[{"href":"https:\/\/fjala.info\/2009-2015\/wp-json\/wp\/v2\/types\/post"}],"author":[{"embeddable":true,"href":"https:\/\/fjala.info\/2009-2015\/wp-json\/wp\/v2\/users\/1"}],"replies":[{"embeddable":true,"href":"https:\/\/fjala.info\/2009-2015\/wp-json\/wp\/v2\/comments?post=2724"}],"version-history":[{"count":0,"href":"https:\/\/fjala.info\/2009-2015\/wp-json\/wp\/v2\/posts\/2724\/revisions"}],"wp:attachment":[{"href":"https:\/\/fjala.info\/2009-2015\/wp-json\/wp\/v2\/media?parent=2724"}],"wp:term":[{"taxonomy":"category","embeddable":true,"href":"https:\/\/fjala.info\/2009-2015\/wp-json\/wp\/v2\/categories?post=2724"},{"taxonomy":"post_tag","embeddable":true,"href":"https:\/\/fjala.info\/2009-2015\/wp-json\/wp\/v2\/tags?post=2724"}],"curies":[{"name":"wp","href":"https:\/\/api.w.org\/{rel}","templated":true}]}}