{"id":2723,"date":"2010-05-19T23:27:42","date_gmt":"2010-05-19T22:27:42","guid":{"rendered":"http:\/\/fjala.shkoder.net\/?p=2723"},"modified":"2010-05-19T23:27:42","modified_gmt":"2010-05-19T22:27:42","slug":"ndarja-e-shoqerise-si-objektiv-paresor-i-berishes","status":"publish","type":"post","link":"https:\/\/fjala.info\/2009-2015\/ndarja-e-shoqerise-si-objektiv-paresor-i-berishes\/","title":{"rendered":"Ndarja e shoq\u00ebris\u00eb, si objektiv par\u00ebsor i Berish\u00ebs"},"content":{"rendered":"<p><img decoding=\"async\" style=\"margin-left: 10px; margin-right: 10px; border: 0px;\" src=\"http:\/\/www.shkoder.net\/images\/fjala\/mero_baze1.jpg\" border=\"0\" alt=\"Mero Baze\" width=\"100\" align=\"right\" \/><\/p>\n<p>Nga <strong>Mero Baze<\/strong>, &#8220;<em>Faktori Plus<\/em>&#8221;<\/p>\n<p>Ka disa dit\u00eb q\u00eb po ringjallen debate mbi rolin e mundsh\u00ebm t\u00eb Ilir Met\u00ebs n\u00eb k\u00ebt\u00eb kriz\u00eb politike. Hamendjet e para filluan kur u m\u00ebsua se zoti Meta u kishte dh\u00ebn\u00eb garanci nd\u00ebrkomb\u00ebtar\u00ebve n\u00eb Bruksel dhe Tiran\u00eb p\u00ebr marr\u00ebveshjen e p\u00ebrfolur nga ambasadori i OSBE. Po mbi t\u00eb gjitha p\u00ebrfolja e rolit t\u00eb Ilir Met\u00ebs n\u00eb mund\u00ebsin\u00eb e nj\u00eb zgjidhje politike p\u00ebr kriz\u00ebn, vjen nga llogarit\u00eb e gabuara mbi t\u00eb ardhmen e paqart\u00eb politike t\u00eb tij dhe shpres\u00ebn se mos ai ka fuqi t\u00eb marr vendime politike p\u00ebr \u00ebt dal nga koalicioni. <\/p>\n<p>N\u00eb t\u00eb v\u00ebrtet\u00eb nj\u00eb zgjidhje q\u00eb do t\u00eb vinte nga faktor\u00ebt politik\u00eb, do t\u00eb ishte e mir\u00ebpritur. Por n\u00eb k\u00ebt\u00eb rast, llogarit\u00eb mbi LSI nuk jan\u00eb llogarit\u00eb e duhura. LSI nuk ka hyr\u00eb n\u00eb koalicion me Berish\u00ebn si partnere dhe si nj\u00eb forc\u00eb q\u00eb ka diktuar Marr\u00ebveshjen e Koalicionit. Ajo nuk ka zhvilluar as bisedime dhe as ka kusht\u00ebzuar pjes\u00ebmarrjen n\u00eb koalicion me kushte politike. LSI \u00ebsht\u00eb t\u00ebrhequr zvarr\u00eb n\u00eb koalicion me Berish\u00ebn pik\u00ebrisht nga profil i ul\u00ebt, me t\u00eb cilin ajo mbylli betej\u00ebn elektorale dhe pazarin paraprak t\u00eb nj\u00eb deputeti t\u00eb saj me kryeministrin Sali Berisha. <\/p>\n<p>Koalicioni mes Berish\u00ebs dhe Met\u00ebs, \u00ebsht\u00eb i ligjsh\u00ebm nga pik\u00ebpamja juridike, por nuk ka kurrfar\u00eb legjitimiteti politik. Ai nuk \u00ebsht\u00eb nj\u00eb koalicion mes njer\u00ebzve t\u00eb lir\u00eb apo faktor\u00ebve politik\u00eb, q\u00eb kontrollojn\u00eb pjes\u00eb t\u00eb caktuara t\u00eb elektoratit. Ai \u00ebsht\u00eb nj\u00eb partner i em\u00ebruar nga Berisha n\u00eb koalicion dhe i vlen Berish\u00ebs vet\u00ebm p\u00ebr an\u00ebn legale t\u00eb qeveris\u00eb. Si i till\u00eb ai nuk ka fuqi t\u00eb b\u00ebhet pjes\u00eb e zgjidhjeve q\u00eb do t\u00eb vinin nga faktor\u00eb politik\u00eb. S\u00eb dyti, kushdo q\u00eb p\u00ebrpiqet t\u00eb interpretoj\u00eb p\u00ebrfshirjen e Ilir Met\u00ebs n\u00eb propozimin e Marr\u00ebveshjes negociuar nga faktori nd\u00ebrkomb\u00ebtar si vullnet pozitiv ndaj opozit\u00ebs, gabon. <\/p>\n<p>Ilir Meta m\u00eb shum\u00eb se kushdo tjet\u00ebr \u00ebsht\u00eb i interesuar p\u00ebr jet\u00ebgjat\u00ebsin\u00eb e k\u00ebtij koalicioni dhe ai do me \u00e7do kusht nj\u00eb \u00e7mim t\u00eb ul\u00ebt p\u00ebr zgjidhjen e k\u00ebsaj krize. Ndryshe nga Ilir Meta, Berisha k\u00ebrkon ta p\u00ebrdor\u00eb kriz\u00ebn dhe p\u00ebr t\u00eb keqp\u00ebrdorur partnerin e tij n\u00eb koalicion apo partner\u00ebt jo legal\u00eb t\u00eb tij si\u00e7 \u00ebsht\u00eb rasti i Fatos Nanos. Berisha ka objektiv politik t\u00eb p\u00ebrdor\u00eb k\u00ebt\u00eb kriz\u00eb p\u00ebr t\u00eb ndar\u00eb Shqip\u00ebrin\u00eb dhe p\u00ebr t\u00eb ndar\u00eb pal\u00ebt n\u00eb pro dhe kund\u00ebr tij. Ai ndau n\u00eb dy pjes\u00eb shoq\u00ebrin\u00eb, n\u00ebpun\u00ebsit, intelektual\u00ebt, artist\u00ebt mjek\u00ebt natyrisht dhe lider\u00ebt e s\u00eb majt\u00ebs. <\/p>\n<p>Dy ish-kryeministra socialist\u00eb jan\u00eb sot n\u00ebn komand\u00ebn e tij dhe po p\u00ebrdoren rregullisht kund\u00ebr opozit\u00ebs s\u00eb majt\u00eb me q\u00ebllim q\u00eb t\u00eb b\u00ebhen t\u00eb pavlefsh\u00ebm n\u00eb t\u00eb ardhmen e tyre si pjes\u00eb e s\u00eb majt\u00ebs. Fakti q\u00eb Berisha ka posht\u00ebruar Ilir Met\u00ebn duke ia hedhur n\u00eb kosh marr\u00ebveshjen, p\u00ebr t\u00eb cilin ai ka r\u00ebn\u00eb dakord me nd\u00ebrkomb\u00ebtar\u00ebt, ka t\u00eb b\u00ebj\u00eb pik\u00ebrisht me faktin se Berisha do ta p\u00ebrdor\u00eb Ilir Met\u00ebn deri sa ta b\u00ebj\u00eb t\u00eb pap\u00ebrdorsh\u00ebm nga askush tjet\u00ebr p\u00ebrve\u00e7 tij, edhe n\u00eb t\u00eb ardhmen. Nj\u00eb zgjidhje e kriz\u00ebs me negociator Ilir Met\u00ebn do zbuste m\u00ebrin\u00eb e s\u00eb majt\u00ebs ndaj djalit plangprish\u00ebs t\u00eb tyre dhe ky nuk \u00ebsht\u00eb nj\u00eb lajm i mir\u00eb p\u00ebr Berish\u00ebn. <\/p>\n<p>Ai mund t\u00eb b\u00ebj\u00eb vet\u00eb pas disa koh\u00ebsh t\u00eb nj\u00ebjt\u00ebn ofert\u00eb q\u00eb b\u00ebri Ilir Meta, por kjo do t\u00eb ndodh\u00eb vet\u00ebm at\u00ebher\u00eb kur Ilir Meta t\u00eb jet\u00eb st\u00ebrkonsumuar prej tij. Ajo q\u00eb i intereson m\u00eb shum\u00eb se \u00e7do gj\u00eb tjet\u00ebr Berish\u00ebs n\u00eb k\u00ebto moment, \u00ebsht\u00eb ndarja e shoq\u00ebris\u00eb dhe pozicioni i saj pro dhe kund\u00ebr tij dhe opozit\u00ebs. Berisha nuk pranon dot faktor t\u00eb tret\u00eb n\u00eb k\u00ebt\u00eb histori, nuk pranon dot parti t\u00eb treta, intelektual\u00eb t\u00eb tret\u00eb mbi pal\u00ebt, faktor nd\u00ebrkomb\u00ebtar mbi pal\u00ebt dhe mbi t\u00eb gjitha t\u00eb majt\u00eb mbi pal\u00ebt. <\/p>\n<p>\u00cbsht\u00eb aq i pam\u00ebshirsh\u00ebm n\u00eb k\u00ebt\u00eb pik\u00eb, sa dhe p\u00ebr t\u00eb fyer grat\u00eb deputete t\u00eb opozit\u00ebs, p\u00ebrdor femrat m\u00eb t\u00eb p\u00ebrfolura dhe m\u00eb t\u00eb njollosura me histori korruptive nga PD-ja. Kjo \u00ebsht\u00eb n\u00eb t\u00eb v\u00ebrtet\u00eb shkolla politike klasike e Sali Berish\u00ebs. Vet\u00ebm kur t\u00eb ket\u00eb krijuar nj\u00eb hendek t\u00eb thell\u00eb mes tij dhe opozit\u00ebs, at\u00ebher\u00eb ai do t\u00eb vendos\u00eb n\u00ebse ia vlen lufta apo paqja me t\u00eb. Tani \u00ebsht\u00eb ende larg k\u00ebtij vendimi. \u00cbsht\u00eb ende duke punuar q\u00eb t\u00eb mos l\u00ebr\u00eb asnj\u00eb faktor tjet\u00ebr ve\u00e7 tij p\u00ebr t\u00eb vendosur mbi fatin politik t\u00eb k\u00ebsaj beteje.<\/p>\n","protected":false},"excerpt":{"rendered":"<p>Nga Mero Baze, &#8220;Faktori Plus&#8221; Ka disa dit\u00eb q\u00eb po ringjallen debate mbi rolin e mundsh\u00ebm t\u00eb Ilir Met\u00ebs n\u00eb k\u00ebt\u00eb kriz\u00eb politike. Hamendjet e para filluan kur u m\u00ebsua se zoti Meta u kishte dh\u00ebn\u00eb garanci nd\u00ebrkomb\u00ebtar\u00ebve n\u00eb Bruksel dhe Tiran\u00eb p\u00ebr marr\u00ebveshjen e p\u00ebrfolur nga ambasadori i OSBE. Po mbi t\u00eb gjitha p\u00ebrfolja [&hellip;]<\/p>\n","protected":false},"author":1,"featured_media":0,"comment_status":"open","ping_status":"closed","sticky":false,"template":"","format":"standard","meta":{"footnotes":""},"categories":[2],"tags":[],"class_list":{"0":"post-2723","1":"post","2":"type-post","3":"status-publish","4":"format-standard","6":"category-artikuj"},"yoast_head":"<!-- This site is optimized with the Yoast SEO plugin v27.4 - https:\/\/yoast.com\/product\/yoast-seo-wordpress\/ -->\n<title>Ndarja e shoq\u00ebris\u00eb, si objektiv par\u00ebsor i Berish\u00ebs - FjALA e LIR\u00cb - Arkivi<\/title>\n<meta name=\"robots\" content=\"index, follow, max-snippet:-1, max-image-preview:large, max-video-preview:-1\" \/>\n<link rel=\"canonical\" href=\"https:\/\/fjala.info\/2009-2015\/ndarja-e-shoqerise-si-objektiv-paresor-i-berishes\/\" \/>\n<meta property=\"og:locale\" content=\"sq_AL\" \/>\n<meta property=\"og:type\" content=\"article\" \/>\n<meta property=\"og:title\" content=\"Ndarja e shoq\u00ebris\u00eb, si objektiv par\u00ebsor i Berish\u00ebs - FjALA e LIR\u00cb - Arkivi\" \/>\n<meta property=\"og:description\" content=\"Nga Mero Baze, &#8220;Faktori Plus&#8221; Ka disa dit\u00eb q\u00eb po ringjallen debate mbi rolin e mundsh\u00ebm t\u00eb Ilir Met\u00ebs n\u00eb k\u00ebt\u00eb kriz\u00eb politike. Hamendjet e para filluan kur u m\u00ebsua se zoti Meta u kishte dh\u00ebn\u00eb garanci nd\u00ebrkomb\u00ebtar\u00ebve n\u00eb Bruksel dhe Tiran\u00eb p\u00ebr marr\u00ebveshjen e p\u00ebrfolur nga ambasadori i OSBE. Po mbi t\u00eb gjitha p\u00ebrfolja [&hellip;]\" \/>\n<meta property=\"og:url\" content=\"https:\/\/fjala.info\/2009-2015\/ndarja-e-shoqerise-si-objektiv-paresor-i-berishes\/\" \/>\n<meta property=\"og:site_name\" content=\"FjALA e LIR\u00cb - Arkivi\" \/>\n<meta property=\"article:published_time\" content=\"2010-05-19T22:27:42+00:00\" \/>\n<meta property=\"og:image\" content=\"http:\/\/www.shkoder.net\/images\/fjala\/mero_baze1.jpg\" \/>\n<meta name=\"author\" content=\"admin\" \/>\n<meta name=\"twitter:card\" content=\"summary_large_image\" \/>\n<meta name=\"twitter:label1\" content=\"Written by\" \/>\n\t<meta name=\"twitter:data1\" content=\"admin\" \/>\n\t<meta name=\"twitter:label2\" content=\"Est. reading time\" \/>\n\t<meta name=\"twitter:data2\" content=\"4 minutes\" \/>\n<script type=\"application\/ld+json\" class=\"yoast-schema-graph\">{\"@context\":\"https:\\\/\\\/schema.org\",\"@graph\":[{\"@type\":\"Article\",\"@id\":\"https:\\\/\\\/fjala.info\\\/2009-2015\\\/ndarja-e-shoqerise-si-objektiv-paresor-i-berishes\\\/#article\",\"isPartOf\":{\"@id\":\"https:\\\/\\\/fjala.info\\\/2009-2015\\\/ndarja-e-shoqerise-si-objektiv-paresor-i-berishes\\\/\"},\"author\":{\"name\":\"admin\",\"@id\":\"https:\\\/\\\/fjala.info\\\/2009-2015\\\/#\\\/schema\\\/person\\\/3aa1163ef05469c496fc94e77611ada2\"},\"headline\":\"Ndarja e shoq\u00ebris\u00eb, si objektiv par\u00ebsor i Berish\u00ebs\",\"datePublished\":\"2010-05-19T22:27:42+00:00\",\"mainEntityOfPage\":{\"@id\":\"https:\\\/\\\/fjala.info\\\/2009-2015\\\/ndarja-e-shoqerise-si-objektiv-paresor-i-berishes\\\/\"},\"wordCount\":852,\"commentCount\":0,\"publisher\":{\"@id\":\"https:\\\/\\\/fjala.info\\\/2009-2015\\\/#organization\"},\"image\":{\"@id\":\"https:\\\/\\\/fjala.info\\\/2009-2015\\\/ndarja-e-shoqerise-si-objektiv-paresor-i-berishes\\\/#primaryimage\"},\"thumbnailUrl\":\"http:\\\/\\\/www.shkoder.net\\\/images\\\/fjala\\\/mero_baze1.jpg\",\"articleSection\":[\"Artikuj\"],\"inLanguage\":\"sq-AL\",\"potentialAction\":[{\"@type\":\"CommentAction\",\"name\":\"Comment\",\"target\":[\"https:\\\/\\\/fjala.info\\\/2009-2015\\\/ndarja-e-shoqerise-si-objektiv-paresor-i-berishes\\\/#respond\"]}]},{\"@type\":\"WebPage\",\"@id\":\"https:\\\/\\\/fjala.info\\\/2009-2015\\\/ndarja-e-shoqerise-si-objektiv-paresor-i-berishes\\\/\",\"url\":\"https:\\\/\\\/fjala.info\\\/2009-2015\\\/ndarja-e-shoqerise-si-objektiv-paresor-i-berishes\\\/\",\"name\":\"Ndarja e shoq\u00ebris\u00eb, si objektiv par\u00ebsor i Berish\u00ebs - FjALA e LIR\u00cb - Arkivi\",\"isPartOf\":{\"@id\":\"https:\\\/\\\/fjala.info\\\/2009-2015\\\/#website\"},\"primaryImageOfPage\":{\"@id\":\"https:\\\/\\\/fjala.info\\\/2009-2015\\\/ndarja-e-shoqerise-si-objektiv-paresor-i-berishes\\\/#primaryimage\"},\"image\":{\"@id\":\"https:\\\/\\\/fjala.info\\\/2009-2015\\\/ndarja-e-shoqerise-si-objektiv-paresor-i-berishes\\\/#primaryimage\"},\"thumbnailUrl\":\"http:\\\/\\\/www.shkoder.net\\\/images\\\/fjala\\\/mero_baze1.jpg\",\"datePublished\":\"2010-05-19T22:27:42+00:00\",\"breadcrumb\":{\"@id\":\"https:\\\/\\\/fjala.info\\\/2009-2015\\\/ndarja-e-shoqerise-si-objektiv-paresor-i-berishes\\\/#breadcrumb\"},\"inLanguage\":\"sq-AL\",\"potentialAction\":[{\"@type\":\"ReadAction\",\"target\":[\"https:\\\/\\\/fjala.info\\\/2009-2015\\\/ndarja-e-shoqerise-si-objektiv-paresor-i-berishes\\\/\"]}]},{\"@type\":\"ImageObject\",\"inLanguage\":\"sq-AL\",\"@id\":\"https:\\\/\\\/fjala.info\\\/2009-2015\\\/ndarja-e-shoqerise-si-objektiv-paresor-i-berishes\\\/#primaryimage\",\"url\":\"http:\\\/\\\/www.shkoder.net\\\/images\\\/fjala\\\/mero_baze1.jpg\",\"contentUrl\":\"http:\\\/\\\/www.shkoder.net\\\/images\\\/fjala\\\/mero_baze1.jpg\"},{\"@type\":\"BreadcrumbList\",\"@id\":\"https:\\\/\\\/fjala.info\\\/2009-2015\\\/ndarja-e-shoqerise-si-objektiv-paresor-i-berishes\\\/#breadcrumb\",\"itemListElement\":[{\"@type\":\"ListItem\",\"position\":1,\"name\":\"Home\",\"item\":\"https:\\\/\\\/fjala.info\\\/2009-2015\\\/\"},{\"@type\":\"ListItem\",\"position\":2,\"name\":\"Ndarja e shoq\u00ebris\u00eb, si objektiv par\u00ebsor i Berish\u00ebs\"}]},{\"@type\":\"WebSite\",\"@id\":\"https:\\\/\\\/fjala.info\\\/2009-2015\\\/#website\",\"url\":\"https:\\\/\\\/fjala.info\\\/2009-2015\\\/\",\"name\":\"FjALA e LIR\u00cb - Arkivi\",\"description\":\"Arkivi 2009-2015\",\"publisher\":{\"@id\":\"https:\\\/\\\/fjala.info\\\/2009-2015\\\/#organization\"},\"potentialAction\":[{\"@type\":\"SearchAction\",\"target\":{\"@type\":\"EntryPoint\",\"urlTemplate\":\"https:\\\/\\\/fjala.info\\\/2009-2015\\\/?s={search_term_string}\"},\"query-input\":{\"@type\":\"PropertyValueSpecification\",\"valueRequired\":true,\"valueName\":\"search_term_string\"}}],\"inLanguage\":\"sq-AL\"},{\"@type\":\"Organization\",\"@id\":\"https:\\\/\\\/fjala.info\\\/2009-2015\\\/#organization\",\"name\":\"FjALA e LIR\u00cb - Arkivi\",\"url\":\"https:\\\/\\\/fjala.info\\\/2009-2015\\\/\",\"logo\":{\"@type\":\"ImageObject\",\"inLanguage\":\"sq-AL\",\"@id\":\"https:\\\/\\\/fjala.info\\\/2009-2015\\\/#\\\/schema\\\/logo\\\/image\\\/\",\"url\":\"\",\"contentUrl\":\"\",\"caption\":\"FjALA e LIR\u00cb - Arkivi\"},\"image\":{\"@id\":\"https:\\\/\\\/fjala.info\\\/2009-2015\\\/#\\\/schema\\\/logo\\\/image\\\/\"}},{\"@type\":\"Person\",\"@id\":\"https:\\\/\\\/fjala.info\\\/2009-2015\\\/#\\\/schema\\\/person\\\/3aa1163ef05469c496fc94e77611ada2\",\"name\":\"admin\",\"image\":{\"@type\":\"ImageObject\",\"inLanguage\":\"sq-AL\",\"@id\":\"https:\\\/\\\/fjala.info\\\/2009-2015\\\/wp-content\\\/uploads\\\/2012\\\/02\\\/arben_cokaj-120x150.jpg\",\"url\":\"https:\\\/\\\/fjala.info\\\/2009-2015\\\/wp-content\\\/uploads\\\/2012\\\/02\\\/arben_cokaj-120x150.jpg\",\"contentUrl\":\"https:\\\/\\\/fjala.info\\\/2009-2015\\\/wp-content\\\/uploads\\\/2012\\\/02\\\/arben_cokaj-120x150.jpg\",\"caption\":\"admin\"},\"description\":\"Admin, Fjala e Lir\u00eb\",\"sameAs\":[\"https:\\\/\\\/fjala.info\\\/\"],\"url\":\"https:\\\/\\\/fjala.info\\\/2009-2015\\\/author\\\/admin\\\/\"}]}<\/script>\n<!-- \/ Yoast SEO plugin. -->","yoast_head_json":{"title":"Ndarja e shoq\u00ebris\u00eb, si objektiv par\u00ebsor i Berish\u00ebs - FjALA e LIR\u00cb - Arkivi","robots":{"index":"index","follow":"follow","max-snippet":"max-snippet:-1","max-image-preview":"max-image-preview:large","max-video-preview":"max-video-preview:-1"},"canonical":"https:\/\/fjala.info\/2009-2015\/ndarja-e-shoqerise-si-objektiv-paresor-i-berishes\/","og_locale":"sq_AL","og_type":"article","og_title":"Ndarja e shoq\u00ebris\u00eb, si objektiv par\u00ebsor i Berish\u00ebs - FjALA e LIR\u00cb - Arkivi","og_description":"Nga Mero Baze, &#8220;Faktori Plus&#8221; Ka disa dit\u00eb q\u00eb po ringjallen debate mbi rolin e mundsh\u00ebm t\u00eb Ilir Met\u00ebs n\u00eb k\u00ebt\u00eb kriz\u00eb politike. Hamendjet e para filluan kur u m\u00ebsua se zoti Meta u kishte dh\u00ebn\u00eb garanci nd\u00ebrkomb\u00ebtar\u00ebve n\u00eb Bruksel dhe Tiran\u00eb p\u00ebr marr\u00ebveshjen e p\u00ebrfolur nga ambasadori i OSBE. Po mbi t\u00eb gjitha p\u00ebrfolja [&hellip;]","og_url":"https:\/\/fjala.info\/2009-2015\/ndarja-e-shoqerise-si-objektiv-paresor-i-berishes\/","og_site_name":"FjALA e LIR\u00cb - Arkivi","article_published_time":"2010-05-19T22:27:42+00:00","og_image":[{"url":"http:\/\/www.shkoder.net\/images\/fjala\/mero_baze1.jpg","type":"","width":"","height":""}],"author":"admin","twitter_card":"summary_large_image","twitter_misc":{"Written by":"admin","Est. reading time":"4 minutes"},"schema":{"@context":"https:\/\/schema.org","@graph":[{"@type":"Article","@id":"https:\/\/fjala.info\/2009-2015\/ndarja-e-shoqerise-si-objektiv-paresor-i-berishes\/#article","isPartOf":{"@id":"https:\/\/fjala.info\/2009-2015\/ndarja-e-shoqerise-si-objektiv-paresor-i-berishes\/"},"author":{"name":"admin","@id":"https:\/\/fjala.info\/2009-2015\/#\/schema\/person\/3aa1163ef05469c496fc94e77611ada2"},"headline":"Ndarja e shoq\u00ebris\u00eb, si objektiv par\u00ebsor i Berish\u00ebs","datePublished":"2010-05-19T22:27:42+00:00","mainEntityOfPage":{"@id":"https:\/\/fjala.info\/2009-2015\/ndarja-e-shoqerise-si-objektiv-paresor-i-berishes\/"},"wordCount":852,"commentCount":0,"publisher":{"@id":"https:\/\/fjala.info\/2009-2015\/#organization"},"image":{"@id":"https:\/\/fjala.info\/2009-2015\/ndarja-e-shoqerise-si-objektiv-paresor-i-berishes\/#primaryimage"},"thumbnailUrl":"http:\/\/www.shkoder.net\/images\/fjala\/mero_baze1.jpg","articleSection":["Artikuj"],"inLanguage":"sq-AL","potentialAction":[{"@type":"CommentAction","name":"Comment","target":["https:\/\/fjala.info\/2009-2015\/ndarja-e-shoqerise-si-objektiv-paresor-i-berishes\/#respond"]}]},{"@type":"WebPage","@id":"https:\/\/fjala.info\/2009-2015\/ndarja-e-shoqerise-si-objektiv-paresor-i-berishes\/","url":"https:\/\/fjala.info\/2009-2015\/ndarja-e-shoqerise-si-objektiv-paresor-i-berishes\/","name":"Ndarja e shoq\u00ebris\u00eb, si objektiv par\u00ebsor i Berish\u00ebs - FjALA e LIR\u00cb - Arkivi","isPartOf":{"@id":"https:\/\/fjala.info\/2009-2015\/#website"},"primaryImageOfPage":{"@id":"https:\/\/fjala.info\/2009-2015\/ndarja-e-shoqerise-si-objektiv-paresor-i-berishes\/#primaryimage"},"image":{"@id":"https:\/\/fjala.info\/2009-2015\/ndarja-e-shoqerise-si-objektiv-paresor-i-berishes\/#primaryimage"},"thumbnailUrl":"http:\/\/www.shkoder.net\/images\/fjala\/mero_baze1.jpg","datePublished":"2010-05-19T22:27:42+00:00","breadcrumb":{"@id":"https:\/\/fjala.info\/2009-2015\/ndarja-e-shoqerise-si-objektiv-paresor-i-berishes\/#breadcrumb"},"inLanguage":"sq-AL","potentialAction":[{"@type":"ReadAction","target":["https:\/\/fjala.info\/2009-2015\/ndarja-e-shoqerise-si-objektiv-paresor-i-berishes\/"]}]},{"@type":"ImageObject","inLanguage":"sq-AL","@id":"https:\/\/fjala.info\/2009-2015\/ndarja-e-shoqerise-si-objektiv-paresor-i-berishes\/#primaryimage","url":"http:\/\/www.shkoder.net\/images\/fjala\/mero_baze1.jpg","contentUrl":"http:\/\/www.shkoder.net\/images\/fjala\/mero_baze1.jpg"},{"@type":"BreadcrumbList","@id":"https:\/\/fjala.info\/2009-2015\/ndarja-e-shoqerise-si-objektiv-paresor-i-berishes\/#breadcrumb","itemListElement":[{"@type":"ListItem","position":1,"name":"Home","item":"https:\/\/fjala.info\/2009-2015\/"},{"@type":"ListItem","position":2,"name":"Ndarja e shoq\u00ebris\u00eb, si objektiv par\u00ebsor i Berish\u00ebs"}]},{"@type":"WebSite","@id":"https:\/\/fjala.info\/2009-2015\/#website","url":"https:\/\/fjala.info\/2009-2015\/","name":"FjALA e LIR\u00cb - Arkivi","description":"Arkivi 2009-2015","publisher":{"@id":"https:\/\/fjala.info\/2009-2015\/#organization"},"potentialAction":[{"@type":"SearchAction","target":{"@type":"EntryPoint","urlTemplate":"https:\/\/fjala.info\/2009-2015\/?s={search_term_string}"},"query-input":{"@type":"PropertyValueSpecification","valueRequired":true,"valueName":"search_term_string"}}],"inLanguage":"sq-AL"},{"@type":"Organization","@id":"https:\/\/fjala.info\/2009-2015\/#organization","name":"FjALA e LIR\u00cb - Arkivi","url":"https:\/\/fjala.info\/2009-2015\/","logo":{"@type":"ImageObject","inLanguage":"sq-AL","@id":"https:\/\/fjala.info\/2009-2015\/#\/schema\/logo\/image\/","url":"","contentUrl":"","caption":"FjALA e LIR\u00cb - Arkivi"},"image":{"@id":"https:\/\/fjala.info\/2009-2015\/#\/schema\/logo\/image\/"}},{"@type":"Person","@id":"https:\/\/fjala.info\/2009-2015\/#\/schema\/person\/3aa1163ef05469c496fc94e77611ada2","name":"admin","image":{"@type":"ImageObject","inLanguage":"sq-AL","@id":"https:\/\/fjala.info\/2009-2015\/wp-content\/uploads\/2012\/02\/arben_cokaj-120x150.jpg","url":"https:\/\/fjala.info\/2009-2015\/wp-content\/uploads\/2012\/02\/arben_cokaj-120x150.jpg","contentUrl":"https:\/\/fjala.info\/2009-2015\/wp-content\/uploads\/2012\/02\/arben_cokaj-120x150.jpg","caption":"admin"},"description":"Admin, Fjala e Lir\u00eb","sameAs":["https:\/\/fjala.info\/"],"url":"https:\/\/fjala.info\/2009-2015\/author\/admin\/"}]}},"_links":{"self":[{"href":"https:\/\/fjala.info\/2009-2015\/wp-json\/wp\/v2\/posts\/2723","targetHints":{"allow":["GET"]}}],"collection":[{"href":"https:\/\/fjala.info\/2009-2015\/wp-json\/wp\/v2\/posts"}],"about":[{"href":"https:\/\/fjala.info\/2009-2015\/wp-json\/wp\/v2\/types\/post"}],"author":[{"embeddable":true,"href":"https:\/\/fjala.info\/2009-2015\/wp-json\/wp\/v2\/users\/1"}],"replies":[{"embeddable":true,"href":"https:\/\/fjala.info\/2009-2015\/wp-json\/wp\/v2\/comments?post=2723"}],"version-history":[{"count":0,"href":"https:\/\/fjala.info\/2009-2015\/wp-json\/wp\/v2\/posts\/2723\/revisions"}],"wp:attachment":[{"href":"https:\/\/fjala.info\/2009-2015\/wp-json\/wp\/v2\/media?parent=2723"}],"wp:term":[{"taxonomy":"category","embeddable":true,"href":"https:\/\/fjala.info\/2009-2015\/wp-json\/wp\/v2\/categories?post=2723"},{"taxonomy":"post_tag","embeddable":true,"href":"https:\/\/fjala.info\/2009-2015\/wp-json\/wp\/v2\/tags?post=2723"}],"curies":[{"name":"wp","href":"https:\/\/api.w.org\/{rel}","templated":true}]}}