{"id":2718,"date":"2010-05-19T08:55:27","date_gmt":"2010-05-19T07:55:27","guid":{"rendered":"http:\/\/fjala.shkoder.net\/?p=2718"},"modified":"2010-05-19T08:55:27","modified_gmt":"2010-05-19T07:55:27","slug":"xhenxhefilat-e-demokracise-1","status":"publish","type":"post","link":"https:\/\/fjala.info\/2009-2015\/xhenxhefilat-e-demokracise-1\/","title":{"rendered":"XHENXHEFILAT E DEMOKRACIS\u00cb (1)"},"content":{"rendered":"<p><strong>SHEMBULLI I LABURISTVE BRITANIK P\u00cbR KRYETARIN E LDK-S\u00cb DR. FATMIR SEJDIU <\/strong><\/p>\n<p><img decoding=\"async\" style=\"margin-left: 10px; margin-right: 10px; border: 0px;\" src=\"http:\/\/www.shkoder.net\/images\/fjala\/dibrani.jpg\" border=\"0\" alt=\"Shefqet DIBRANI\" width=\"150\" align=\"left\" \/><\/p>\n<p>Shkruan: <strong>Shefqet DIBRANI<\/strong>*<\/p>\n<p>Kryetari i LDK-s\u00eb dr. Fatmir Sejdiu n\u00ebse \u00ebsht\u00eb i vet\u00ebdijsh\u00ebm se partia e tij ka p\u00ebsuar humbje katastrofale n\u00eb zgjedhjet p\u00ebr pushtetin lokal q\u00eb u mbajt\u00ebn n\u00eb vitin e sivjetm\u00eb, duhet t\u00eb jap\u00eb dor\u00ebheqje t\u00eb parevokueshme nga kreu i LDK-s\u00eb, bashk\u00eb me \u00be e kryesis\u00eb qendrore, q\u00eb edhe ata duhet t\u00eb largohen sa m\u00eb par\u00eb nga kryesia e LDK-s\u00eb. K\u00ebt\u00eb akt moral duhet ta b\u00ebjn\u00eb n\u00ebse me t\u00eb v\u00ebrtet\u00eb nuk kan\u00eb q\u00ebllim ta shkat\u00ebrrojn\u00eb p\u00ebrfundimisht LDK-n\u00eb, e cila si parti ka dh\u00ebn\u00eb shum\u00eb p\u00ebr Kosov\u00ebn, dhe tani \u00ebsht\u00eb para kolapsit t\u00eb v\u00ebrtet\u00eb nga krizat e m\u00ebdha n\u00eb fush\u00ebn e reformimit t\u00eb brendsh\u00ebm dhe t\u00eb organizimit, q\u00eb po e p\u00ebrcjellin LDK-n\u00eb q\u00eb prej sa vitesh.<\/p>\n<p>Po ashtu duhet t\u00eb japin dor\u00ebheqje t\u00eb gjith\u00eb kryetar\u00ebt e Deg\u00ebve t\u00eb LDK-s\u00eb an\u00eb e k\u00ebnd Kosov\u00ebs, ku LDK-ja i ka humbur zgjedhjet, kurse Deg\u00ebt q\u00eb kan\u00eb mbetur n\u00eb balotazh duhet t\u00eb reformohen rr\u00ebnj\u00ebsisht. K\u00ebt\u00eb veprim duhet ta b\u00ebjn\u00eb t\u00eb gjith\u00eb Deg\u00ebt dhe N\u00ebndeg\u00ebt e LDK-s\u00eb pa asnj\u00eb hezitim, dhe sidomos ata politikan q\u00eb n\u00eb fjalorin e tyre po p\u00ebrmendin vazhdimisht demokracin\u00eb Evropiane duhet t\u00eb ndjekin shembullin e Laburistve Britanik.<\/p>\n<p>Shembulli i Laburistve Britanik dhe ve\u00e7mas ai i Kryetarit t\u00eb Partis\u00eb Laburiste ish kryeministri Gordon Braun duhet t\u00eb sh\u00ebrbej\u00eb si leksion p\u00ebr kreun e LDK-s\u00eb, sidomos p\u00ebr kryetarin e partis\u00eb Dr. Fatmir Sejdiun, i cili p\u00ebr fat t\u00eb keq e ka \u201cngrir\u00eb\u201d postin e tij n\u00eb kryesin\u00eb e LDK-s\u00eb, duke i shkaktuar k\u00ebsaj partie humbje katastrofale, q\u00eb u pan\u00eb haptas n\u00eb zgjedhjet lokale, t\u00eb cilat u mbajt\u00ebn sivjet, ku LDK-ja doli humb\u00ebsja m\u00eb e madhe.<\/p>\n<p>Nj\u00eb konflikt i papar\u00eb moral, politik e juridik po ndodh n\u00eb Kosov\u00eb, n\u00eb k\u00ebt\u00eb vazhd\u00eb LDK nuk duhet t\u2019u g\u00ebzohet zhvillimeve politike n\u00eb LDD, as \u201ckorrupsionit n\u00eb qeveri?!\u201d, as bastisjeve q\u00eb po i b\u00ebn\u00eb policia e EULEX-it, p\u00ebr t&#8217;i mbuluar veprimet antidemokratike, antistatutore q\u00eb po ndodhin prej sa vitesh brenda k\u00ebsaj partie.<\/p>\n<p>P\u00ebr LDK-n\u00eb, gangren\u00eb e shnd\u00ebrruar n\u00eb s\u00ebmundje kanceroze q\u00eb i ngulfat veprimet demokratike, jan\u00eb postet e dyfishta dhe funksionet e pes\u00ebfishta q\u00eb po i mbajn\u00eb nj\u00eb klan i ngusht\u00eb, i cili \u00ebsht\u00eb i instaluar n\u00eb kreun LDK-s\u00eb. Ngulfatja e vazhdueshme q\u00eb po i b\u00ebhet mendimit demokratik n\u00eb LDK i ka rr\u00ebnj\u00ebt te ky klan, i cili ka arritur t\u00eb largoj\u00eb e t\u00eb izoloj\u00eb nga partia nj\u00eb num\u00ebr t\u00eb madh intelektual\u00ebsh, t\u00eb cil\u00ebt tashm\u00eb jan\u00eb n\u00eb margjinat e veprimit politik, dhe sikur \u00ebsht\u00eb krijuar bindja se n\u00eb LDK ka deficite dhe mungesa t\u00eb theksuara t\u00eb intelektual\u00ebve dhe t\u00eb njer\u00ebzve, q\u00eb mund t\u00eb kryejn\u00eb nj\u00ebrin nga funksionet e dyfishta q\u00eb po i mbajn\u00eb disa nga an\u00ebtar\u00ebt e kryesis\u00eb qendrore dhe an\u00ebtar\u00eb t\u00eb K\u00ebshillit t\u00eb P\u00ebrgjithsh\u00ebm t\u00eb k\u00ebsaj partie.<\/p>\n<p>Demokracia n\u00eb Kosov\u00eb, q\u00eb mban\u00eb vul\u00ebn e LDK-s\u00eb, ka dhjet\u00eb vjet q\u00eb vuan nga kjo ngulfatje e cila po i vjen pik\u00ebrisht nga njer\u00ebzit e vet. Tash \u201cdemokracia\u201d ngjan tamam me nj\u00eb \u201csalep me xhenxhefil\u201d, prandaj nocioni p\u00ebr demokracin\u00eb q\u00eb e kan\u00eb kultivuar disa nga an\u00ebtar\u00ebt e kryesis\u00eb qendrore t\u00eb LDK-s\u00eb, sidomos pas vdekjes s\u00eb Presidentit historik Dr. Ibrahim Rugova, nuk ka asgj\u00eb t\u00eb p\u00ebrbashk\u00ebt me demokracin\u00eb, ajo mund t\u00eb ket\u00eb vet\u00ebm arom\u00eb t\u00eb nj\u00eb xhenxhefili q\u00eb i duhet salepit.<br \/>\nShtrohet pyetja se kush do t\u00eb pij\u00eb sot \u201csalepin\u201d q\u00eb e prodhojn\u00eb njer\u00ebzit e harxhuar moralisht e politikisht, t\u00eb cil\u00ebt jan\u00eb kalbur e mykur pik\u00ebrisht duke p\u00ebrs\u00ebritur retorik\u00ebn p\u00ebr demokraci, p\u00ebr nj\u00eb reformim t\u00eb partis\u00eb, p\u00ebr teste demokratike e bro\u00e7kulla gjithfar\u00ebshe. Por q\u00eb kan\u00eb humbur zgjedhjet e sivjetme p\u00ebr pushtetin lokal nuk mund t\u2019i mbulojn\u00eb sikur t\u00eb merrnin me tonelata gjethe xhenxhefili, k\u00ebt\u00eb bim\u00eb barishtore e cila e rregullon salepin, sepse salepin me emrin \u201cdemokraci\u201d, q\u00eb po e prodhojn\u00eb si produkt vendor, \u00ebsht\u00eb nj\u00eb retorik\u00eb q\u00eb s&#8217;e ha m\u00eb pazari dhe nuk e rregullon as retorika demokratike p\u00ebr t\u00eb cil\u00ebn mblla\u00e7itin disa \u201cdemokrat\u00eb\u201d. Thjesht nocioni demokraci q\u00eb del nga njer\u00ebzit e harxhuar moralisht e politikisht nuk ka t\u00eb b\u00ebj\u00eb me strategjin\u00eb politike t\u00eb LDK-s\u00eb, t\u00eb cil\u00ebn e ka kultivuar p\u00ebr vitet t\u00eb t\u00ebra ish kryetari historik i Kosov\u00ebs dhe i LDK-s\u00eb Dr. Ibrahim Rugova.<br \/>\nMbititulli \u201cXHENXHEFILAT E DEMOKRACIS\u00cb\u201d, do t&#8217;i shoq\u00ebron disa nga opinionet e mia p\u00ebrkitazi me stagnimet n\u00eb LDK-s\u00eb, p\u00ebr disa nga faktor\u00ebt q\u00eb ndikuan n\u00eb k\u00ebto ng\u00ebr\u00e7e demokratike, p\u00ebr disa nga l\u00ebvizjet e l\u00ebkundjet brenda dhe rreth LDK-s\u00eb, e shum\u00eb opinione t\u00eb tjera me r\u00ebnd\u00ebsi p\u00ebr t\u00eb tashmen dhe t\u00eb ardhmen e k\u00ebsaj partie.<br \/>\nSigurisht, nuk do t\u00eb harrojm\u00eb pa ua p\u00ebrmendur emrat dhe mbiemrat shum\u00eb bart\u00ebsve t\u00eb funksioneve, qofshin ato funksione partiake apo shtet\u00ebrore.<br \/>\nMe nj\u00eb fjal\u00eb LDK-ja duhet t\u00eb reformohet dhe t\u00eb del nga kjo letargji q\u00eb e ka pllakosur partin\u00eb, e cila po bllokon edhe shum\u00eb procese t\u00eb tjera p\u00ebr Kosov\u00ebn n\u00eb p\u00ebrgjith\u00ebsi.<\/p>\n<p>E-Mail: shefqet.dibrani@bluewin.ch<\/p>\n<p><em>Zvic\u00ebr, 15 maj 2010<\/em>.<\/p>\n<p>*<em>Autori, \u00ebsht\u00eb an\u00ebtar\u00eb i LDK-s\u00eb q\u00eb nga viti 1989, p\u00ebr vite t\u00eb t\u00ebra ishte an\u00ebtar i kryesis\u00eb s\u00eb Deg\u00ebs s\u00eb LDK-s\u00eb n\u00eb Zvic\u00ebr dhe i N\u00ebndeg\u00ebs n\u00eb Kantonin ku ai jeton. Po ashtu Sh. Dibrani ishte delegat n\u00eb dy Kuvendet e LDK\u2013s\u00eb n\u00eb Prishtin\u00eb t\u00eb mbajtura n\u00eb vitet 1994 dhe 1998, autor i dhjet\u00eb librave t\u00eb publikuar dhe analist politik. Sh. Dibrani n\u00eb koh\u00ebt m\u00eb t\u00eb v\u00ebshtira q\u00eb kalonte LDK-ja ka qen\u00eb z\u00ebri m\u00eb autentik i saj.<\/em><\/p>\n","protected":false},"excerpt":{"rendered":"<p>SHEMBULLI I LABURISTVE BRITANIK P\u00cbR KRYETARIN E LDK-S\u00cb DR. FATMIR SEJDIU Shkruan: Shefqet DIBRANI* Kryetari i LDK-s\u00eb dr. Fatmir Sejdiu n\u00ebse \u00ebsht\u00eb i vet\u00ebdijsh\u00ebm se partia e tij ka p\u00ebsuar humbje katastrofale n\u00eb zgjedhjet p\u00ebr pushtetin lokal q\u00eb u mbajt\u00ebn n\u00eb vitin e sivjetm\u00eb, duhet t\u00eb jap\u00eb dor\u00ebheqje t\u00eb parevokueshme nga kreu i LDK-s\u00eb, bashk\u00eb [&hellip;]<\/p>\n","protected":false},"author":1,"featured_media":0,"comment_status":"open","ping_status":"closed","sticky":false,"template":"","format":"standard","meta":{"footnotes":""},"categories":[2],"tags":[],"class_list":{"0":"post-2718","1":"post","2":"type-post","3":"status-publish","4":"format-standard","6":"category-artikuj"},"yoast_head":"<!-- This site is optimized with the Yoast SEO plugin v27.4 - https:\/\/yoast.com\/product\/yoast-seo-wordpress\/ -->\n<title>XHENXHEFILAT E DEMOKRACIS\u00cb (1) - FjALA e LIR\u00cb - Arkivi<\/title>\n<meta name=\"robots\" content=\"index, follow, max-snippet:-1, max-image-preview:large, max-video-preview:-1\" \/>\n<link rel=\"canonical\" href=\"https:\/\/fjala.info\/2009-2015\/xhenxhefilat-e-demokracise-1\/\" \/>\n<meta property=\"og:locale\" content=\"sq_AL\" \/>\n<meta property=\"og:type\" content=\"article\" \/>\n<meta property=\"og:title\" content=\"XHENXHEFILAT E DEMOKRACIS\u00cb (1) - FjALA e LIR\u00cb - Arkivi\" \/>\n<meta property=\"og:description\" content=\"SHEMBULLI I LABURISTVE BRITANIK P\u00cbR KRYETARIN E LDK-S\u00cb DR. FATMIR SEJDIU Shkruan: Shefqet DIBRANI* Kryetari i LDK-s\u00eb dr. Fatmir Sejdiu n\u00ebse \u00ebsht\u00eb i vet\u00ebdijsh\u00ebm se partia e tij ka p\u00ebsuar humbje katastrofale n\u00eb zgjedhjet p\u00ebr pushtetin lokal q\u00eb u mbajt\u00ebn n\u00eb vitin e sivjetm\u00eb, duhet t\u00eb jap\u00eb dor\u00ebheqje t\u00eb parevokueshme nga kreu i LDK-s\u00eb, bashk\u00eb [&hellip;]\" \/>\n<meta property=\"og:url\" content=\"https:\/\/fjala.info\/2009-2015\/xhenxhefilat-e-demokracise-1\/\" \/>\n<meta property=\"og:site_name\" content=\"FjALA e LIR\u00cb - Arkivi\" \/>\n<meta property=\"article:published_time\" content=\"2010-05-19T07:55:27+00:00\" \/>\n<meta property=\"og:image\" content=\"http:\/\/www.shkoder.net\/images\/fjala\/dibrani.jpg\" \/>\n<meta name=\"author\" content=\"admin\" \/>\n<meta name=\"twitter:card\" content=\"summary_large_image\" \/>\n<meta name=\"twitter:label1\" content=\"Written by\" \/>\n\t<meta name=\"twitter:data1\" content=\"admin\" \/>\n\t<meta name=\"twitter:label2\" content=\"Est. reading time\" \/>\n\t<meta name=\"twitter:data2\" content=\"5 minutes\" \/>\n<script type=\"application\/ld+json\" class=\"yoast-schema-graph\">{\"@context\":\"https:\\\/\\\/schema.org\",\"@graph\":[{\"@type\":\"Article\",\"@id\":\"https:\\\/\\\/fjala.info\\\/2009-2015\\\/xhenxhefilat-e-demokracise-1\\\/#article\",\"isPartOf\":{\"@id\":\"https:\\\/\\\/fjala.info\\\/2009-2015\\\/xhenxhefilat-e-demokracise-1\\\/\"},\"author\":{\"name\":\"admin\",\"@id\":\"https:\\\/\\\/fjala.info\\\/2009-2015\\\/#\\\/schema\\\/person\\\/3aa1163ef05469c496fc94e77611ada2\"},\"headline\":\"XHENXHEFILAT E DEMOKRACIS\u00cb (1)\",\"datePublished\":\"2010-05-19T07:55:27+00:00\",\"mainEntityOfPage\":{\"@id\":\"https:\\\/\\\/fjala.info\\\/2009-2015\\\/xhenxhefilat-e-demokracise-1\\\/\"},\"wordCount\":1003,\"commentCount\":0,\"publisher\":{\"@id\":\"https:\\\/\\\/fjala.info\\\/2009-2015\\\/#organization\"},\"image\":{\"@id\":\"https:\\\/\\\/fjala.info\\\/2009-2015\\\/xhenxhefilat-e-demokracise-1\\\/#primaryimage\"},\"thumbnailUrl\":\"http:\\\/\\\/www.shkoder.net\\\/images\\\/fjala\\\/dibrani.jpg\",\"articleSection\":[\"Artikuj\"],\"inLanguage\":\"sq-AL\",\"potentialAction\":[{\"@type\":\"CommentAction\",\"name\":\"Comment\",\"target\":[\"https:\\\/\\\/fjala.info\\\/2009-2015\\\/xhenxhefilat-e-demokracise-1\\\/#respond\"]}]},{\"@type\":\"WebPage\",\"@id\":\"https:\\\/\\\/fjala.info\\\/2009-2015\\\/xhenxhefilat-e-demokracise-1\\\/\",\"url\":\"https:\\\/\\\/fjala.info\\\/2009-2015\\\/xhenxhefilat-e-demokracise-1\\\/\",\"name\":\"XHENXHEFILAT E DEMOKRACIS\u00cb (1) - FjALA e LIR\u00cb - Arkivi\",\"isPartOf\":{\"@id\":\"https:\\\/\\\/fjala.info\\\/2009-2015\\\/#website\"},\"primaryImageOfPage\":{\"@id\":\"https:\\\/\\\/fjala.info\\\/2009-2015\\\/xhenxhefilat-e-demokracise-1\\\/#primaryimage\"},\"image\":{\"@id\":\"https:\\\/\\\/fjala.info\\\/2009-2015\\\/xhenxhefilat-e-demokracise-1\\\/#primaryimage\"},\"thumbnailUrl\":\"http:\\\/\\\/www.shkoder.net\\\/images\\\/fjala\\\/dibrani.jpg\",\"datePublished\":\"2010-05-19T07:55:27+00:00\",\"breadcrumb\":{\"@id\":\"https:\\\/\\\/fjala.info\\\/2009-2015\\\/xhenxhefilat-e-demokracise-1\\\/#breadcrumb\"},\"inLanguage\":\"sq-AL\",\"potentialAction\":[{\"@type\":\"ReadAction\",\"target\":[\"https:\\\/\\\/fjala.info\\\/2009-2015\\\/xhenxhefilat-e-demokracise-1\\\/\"]}]},{\"@type\":\"ImageObject\",\"inLanguage\":\"sq-AL\",\"@id\":\"https:\\\/\\\/fjala.info\\\/2009-2015\\\/xhenxhefilat-e-demokracise-1\\\/#primaryimage\",\"url\":\"http:\\\/\\\/www.shkoder.net\\\/images\\\/fjala\\\/dibrani.jpg\",\"contentUrl\":\"http:\\\/\\\/www.shkoder.net\\\/images\\\/fjala\\\/dibrani.jpg\"},{\"@type\":\"BreadcrumbList\",\"@id\":\"https:\\\/\\\/fjala.info\\\/2009-2015\\\/xhenxhefilat-e-demokracise-1\\\/#breadcrumb\",\"itemListElement\":[{\"@type\":\"ListItem\",\"position\":1,\"name\":\"Home\",\"item\":\"https:\\\/\\\/fjala.info\\\/2009-2015\\\/\"},{\"@type\":\"ListItem\",\"position\":2,\"name\":\"XHENXHEFILAT E DEMOKRACIS\u00cb (1)\"}]},{\"@type\":\"WebSite\",\"@id\":\"https:\\\/\\\/fjala.info\\\/2009-2015\\\/#website\",\"url\":\"https:\\\/\\\/fjala.info\\\/2009-2015\\\/\",\"name\":\"FjALA e LIR\u00cb - Arkivi\",\"description\":\"Arkivi 2009-2015\",\"publisher\":{\"@id\":\"https:\\\/\\\/fjala.info\\\/2009-2015\\\/#organization\"},\"potentialAction\":[{\"@type\":\"SearchAction\",\"target\":{\"@type\":\"EntryPoint\",\"urlTemplate\":\"https:\\\/\\\/fjala.info\\\/2009-2015\\\/?s={search_term_string}\"},\"query-input\":{\"@type\":\"PropertyValueSpecification\",\"valueRequired\":true,\"valueName\":\"search_term_string\"}}],\"inLanguage\":\"sq-AL\"},{\"@type\":\"Organization\",\"@id\":\"https:\\\/\\\/fjala.info\\\/2009-2015\\\/#organization\",\"name\":\"FjALA e LIR\u00cb - Arkivi\",\"url\":\"https:\\\/\\\/fjala.info\\\/2009-2015\\\/\",\"logo\":{\"@type\":\"ImageObject\",\"inLanguage\":\"sq-AL\",\"@id\":\"https:\\\/\\\/fjala.info\\\/2009-2015\\\/#\\\/schema\\\/logo\\\/image\\\/\",\"url\":\"\",\"contentUrl\":\"\",\"caption\":\"FjALA e LIR\u00cb - Arkivi\"},\"image\":{\"@id\":\"https:\\\/\\\/fjala.info\\\/2009-2015\\\/#\\\/schema\\\/logo\\\/image\\\/\"}},{\"@type\":\"Person\",\"@id\":\"https:\\\/\\\/fjala.info\\\/2009-2015\\\/#\\\/schema\\\/person\\\/3aa1163ef05469c496fc94e77611ada2\",\"name\":\"admin\",\"image\":{\"@type\":\"ImageObject\",\"inLanguage\":\"sq-AL\",\"@id\":\"https:\\\/\\\/fjala.info\\\/2009-2015\\\/wp-content\\\/uploads\\\/2012\\\/02\\\/arben_cokaj-120x150.jpg\",\"url\":\"https:\\\/\\\/fjala.info\\\/2009-2015\\\/wp-content\\\/uploads\\\/2012\\\/02\\\/arben_cokaj-120x150.jpg\",\"contentUrl\":\"https:\\\/\\\/fjala.info\\\/2009-2015\\\/wp-content\\\/uploads\\\/2012\\\/02\\\/arben_cokaj-120x150.jpg\",\"caption\":\"admin\"},\"description\":\"Admin, Fjala e Lir\u00eb\",\"sameAs\":[\"https:\\\/\\\/fjala.info\\\/\"],\"url\":\"https:\\\/\\\/fjala.info\\\/2009-2015\\\/author\\\/admin\\\/\"}]}<\/script>\n<!-- \/ Yoast SEO plugin. -->","yoast_head_json":{"title":"XHENXHEFILAT E DEMOKRACIS\u00cb (1) - FjALA e LIR\u00cb - Arkivi","robots":{"index":"index","follow":"follow","max-snippet":"max-snippet:-1","max-image-preview":"max-image-preview:large","max-video-preview":"max-video-preview:-1"},"canonical":"https:\/\/fjala.info\/2009-2015\/xhenxhefilat-e-demokracise-1\/","og_locale":"sq_AL","og_type":"article","og_title":"XHENXHEFILAT E DEMOKRACIS\u00cb (1) - FjALA e LIR\u00cb - Arkivi","og_description":"SHEMBULLI I LABURISTVE BRITANIK P\u00cbR KRYETARIN E LDK-S\u00cb DR. FATMIR SEJDIU Shkruan: Shefqet DIBRANI* Kryetari i LDK-s\u00eb dr. Fatmir Sejdiu n\u00ebse \u00ebsht\u00eb i vet\u00ebdijsh\u00ebm se partia e tij ka p\u00ebsuar humbje katastrofale n\u00eb zgjedhjet p\u00ebr pushtetin lokal q\u00eb u mbajt\u00ebn n\u00eb vitin e sivjetm\u00eb, duhet t\u00eb jap\u00eb dor\u00ebheqje t\u00eb parevokueshme nga kreu i LDK-s\u00eb, bashk\u00eb [&hellip;]","og_url":"https:\/\/fjala.info\/2009-2015\/xhenxhefilat-e-demokracise-1\/","og_site_name":"FjALA e LIR\u00cb - Arkivi","article_published_time":"2010-05-19T07:55:27+00:00","og_image":[{"url":"http:\/\/www.shkoder.net\/images\/fjala\/dibrani.jpg","type":"","width":"","height":""}],"author":"admin","twitter_card":"summary_large_image","twitter_misc":{"Written by":"admin","Est. reading time":"5 minutes"},"schema":{"@context":"https:\/\/schema.org","@graph":[{"@type":"Article","@id":"https:\/\/fjala.info\/2009-2015\/xhenxhefilat-e-demokracise-1\/#article","isPartOf":{"@id":"https:\/\/fjala.info\/2009-2015\/xhenxhefilat-e-demokracise-1\/"},"author":{"name":"admin","@id":"https:\/\/fjala.info\/2009-2015\/#\/schema\/person\/3aa1163ef05469c496fc94e77611ada2"},"headline":"XHENXHEFILAT E DEMOKRACIS\u00cb (1)","datePublished":"2010-05-19T07:55:27+00:00","mainEntityOfPage":{"@id":"https:\/\/fjala.info\/2009-2015\/xhenxhefilat-e-demokracise-1\/"},"wordCount":1003,"commentCount":0,"publisher":{"@id":"https:\/\/fjala.info\/2009-2015\/#organization"},"image":{"@id":"https:\/\/fjala.info\/2009-2015\/xhenxhefilat-e-demokracise-1\/#primaryimage"},"thumbnailUrl":"http:\/\/www.shkoder.net\/images\/fjala\/dibrani.jpg","articleSection":["Artikuj"],"inLanguage":"sq-AL","potentialAction":[{"@type":"CommentAction","name":"Comment","target":["https:\/\/fjala.info\/2009-2015\/xhenxhefilat-e-demokracise-1\/#respond"]}]},{"@type":"WebPage","@id":"https:\/\/fjala.info\/2009-2015\/xhenxhefilat-e-demokracise-1\/","url":"https:\/\/fjala.info\/2009-2015\/xhenxhefilat-e-demokracise-1\/","name":"XHENXHEFILAT E DEMOKRACIS\u00cb (1) - FjALA e LIR\u00cb - Arkivi","isPartOf":{"@id":"https:\/\/fjala.info\/2009-2015\/#website"},"primaryImageOfPage":{"@id":"https:\/\/fjala.info\/2009-2015\/xhenxhefilat-e-demokracise-1\/#primaryimage"},"image":{"@id":"https:\/\/fjala.info\/2009-2015\/xhenxhefilat-e-demokracise-1\/#primaryimage"},"thumbnailUrl":"http:\/\/www.shkoder.net\/images\/fjala\/dibrani.jpg","datePublished":"2010-05-19T07:55:27+00:00","breadcrumb":{"@id":"https:\/\/fjala.info\/2009-2015\/xhenxhefilat-e-demokracise-1\/#breadcrumb"},"inLanguage":"sq-AL","potentialAction":[{"@type":"ReadAction","target":["https:\/\/fjala.info\/2009-2015\/xhenxhefilat-e-demokracise-1\/"]}]},{"@type":"ImageObject","inLanguage":"sq-AL","@id":"https:\/\/fjala.info\/2009-2015\/xhenxhefilat-e-demokracise-1\/#primaryimage","url":"http:\/\/www.shkoder.net\/images\/fjala\/dibrani.jpg","contentUrl":"http:\/\/www.shkoder.net\/images\/fjala\/dibrani.jpg"},{"@type":"BreadcrumbList","@id":"https:\/\/fjala.info\/2009-2015\/xhenxhefilat-e-demokracise-1\/#breadcrumb","itemListElement":[{"@type":"ListItem","position":1,"name":"Home","item":"https:\/\/fjala.info\/2009-2015\/"},{"@type":"ListItem","position":2,"name":"XHENXHEFILAT E DEMOKRACIS\u00cb (1)"}]},{"@type":"WebSite","@id":"https:\/\/fjala.info\/2009-2015\/#website","url":"https:\/\/fjala.info\/2009-2015\/","name":"FjALA e LIR\u00cb - Arkivi","description":"Arkivi 2009-2015","publisher":{"@id":"https:\/\/fjala.info\/2009-2015\/#organization"},"potentialAction":[{"@type":"SearchAction","target":{"@type":"EntryPoint","urlTemplate":"https:\/\/fjala.info\/2009-2015\/?s={search_term_string}"},"query-input":{"@type":"PropertyValueSpecification","valueRequired":true,"valueName":"search_term_string"}}],"inLanguage":"sq-AL"},{"@type":"Organization","@id":"https:\/\/fjala.info\/2009-2015\/#organization","name":"FjALA e LIR\u00cb - Arkivi","url":"https:\/\/fjala.info\/2009-2015\/","logo":{"@type":"ImageObject","inLanguage":"sq-AL","@id":"https:\/\/fjala.info\/2009-2015\/#\/schema\/logo\/image\/","url":"","contentUrl":"","caption":"FjALA e LIR\u00cb - Arkivi"},"image":{"@id":"https:\/\/fjala.info\/2009-2015\/#\/schema\/logo\/image\/"}},{"@type":"Person","@id":"https:\/\/fjala.info\/2009-2015\/#\/schema\/person\/3aa1163ef05469c496fc94e77611ada2","name":"admin","image":{"@type":"ImageObject","inLanguage":"sq-AL","@id":"https:\/\/fjala.info\/2009-2015\/wp-content\/uploads\/2012\/02\/arben_cokaj-120x150.jpg","url":"https:\/\/fjala.info\/2009-2015\/wp-content\/uploads\/2012\/02\/arben_cokaj-120x150.jpg","contentUrl":"https:\/\/fjala.info\/2009-2015\/wp-content\/uploads\/2012\/02\/arben_cokaj-120x150.jpg","caption":"admin"},"description":"Admin, Fjala e Lir\u00eb","sameAs":["https:\/\/fjala.info\/"],"url":"https:\/\/fjala.info\/2009-2015\/author\/admin\/"}]}},"_links":{"self":[{"href":"https:\/\/fjala.info\/2009-2015\/wp-json\/wp\/v2\/posts\/2718","targetHints":{"allow":["GET"]}}],"collection":[{"href":"https:\/\/fjala.info\/2009-2015\/wp-json\/wp\/v2\/posts"}],"about":[{"href":"https:\/\/fjala.info\/2009-2015\/wp-json\/wp\/v2\/types\/post"}],"author":[{"embeddable":true,"href":"https:\/\/fjala.info\/2009-2015\/wp-json\/wp\/v2\/users\/1"}],"replies":[{"embeddable":true,"href":"https:\/\/fjala.info\/2009-2015\/wp-json\/wp\/v2\/comments?post=2718"}],"version-history":[{"count":0,"href":"https:\/\/fjala.info\/2009-2015\/wp-json\/wp\/v2\/posts\/2718\/revisions"}],"wp:attachment":[{"href":"https:\/\/fjala.info\/2009-2015\/wp-json\/wp\/v2\/media?parent=2718"}],"wp:term":[{"taxonomy":"category","embeddable":true,"href":"https:\/\/fjala.info\/2009-2015\/wp-json\/wp\/v2\/categories?post=2718"},{"taxonomy":"post_tag","embeddable":true,"href":"https:\/\/fjala.info\/2009-2015\/wp-json\/wp\/v2\/tags?post=2718"}],"curies":[{"name":"wp","href":"https:\/\/api.w.org\/{rel}","templated":true}]}}