{"id":2715,"date":"2012-05-07T17:27:19","date_gmt":"2012-05-07T16:27:19","guid":{"rendered":"http:\/\/fjala.shkoder.net\/?p=2715"},"modified":"2012-05-07T17:27:19","modified_gmt":"2012-05-07T16:27:19","slug":"heronjeve-te-diaspores-shqiptare","status":"publish","type":"post","link":"https:\/\/fjala.info\/2009-2015\/heronjeve-te-diaspores-shqiptare\/","title":{"rendered":"Heronj\u00ebve t\u00eb Diaspor\u00ebs Shqiptare"},"content":{"rendered":"<p><img decoding=\"async\" class=\"alignright size-thumbnail wp-image-7236\" title=\"Miradije Gashi\" src=\"http:\/\/www.shkoder.net\/2012\/miradije_gashi2.jpg\" alt=\"\" width=\"200\" \/> Nga <strong>Miradije Gashi<\/strong>, <em>Stuttgart<\/em><\/p>\n<p>Q\u00eb n\u00eb or\u00ebt e hershme t\u00eb m\u00ebngjesit t\u00eb dat\u00ebs 1 maj 2012, s\u2019bashku m\u00eb familj\u00ebn Pre\u00e7i, udh\u00ebtuam p\u00ebr n\u00eb qytetin Koblenc, ku ishte vendosur te mbahej Akademia P\u00ebrkujtimore \u201cTrinomi i Liris\u00eb\u201c, kushtuar v\u00ebllez\u00ebrve G\u00ebrvalla dhe Kadri zeka!<\/p>\n<p>N\u00eb k\u00ebt\u00eb dit\u00eb p\u00ebrjetuam \u00e7aste shum\u00eb te shk\u00eblqyera m\u00ebrgimtaresh shqiptar t\u00eb ardhur nga t\u00eb gjitha an\u00ebt e Gjermanis\u00eb. Pjes\u00ebmarrja ishte e nivelit dhe me t\u00eb v\u00ebrtet ishte nj\u00eb p\u00ebrjetim emocional, ku \u00e7do fjal\u00eb e organizator\u00ebve, veprimtar\u00ebve, k\u00ebng\u00ebtarve, musafirve, bashk\u00ebatdhetarve la mbresa dhe u p\u00ebrcjell me vemendje nga te pranishmit t\u00eb cil\u00ebt shpalosen vlera historike dhe komb\u00ebtare! Nd\u00ebrsa vet\u00eb zgjodha t\u00eb ulem kah mesi dhe mu kujtuan shum\u00eb atdhetar\u00eb t\u00eb cil\u00ebt dhan\u00eb jet\u00ebn p\u00ebr pavar\u00ebsin\u00eb e \u00ebnd\u00ebrruar n\u00eb shekuj.<\/p>\n<p>Me nj\u00eb kultur\u00eb t\u00eb lindur q\u00eb dot\u00eb dalloheshin nd\u00ebr t\u00eb gjith\u00eb m\u00ebrgimtar\u00ebt e dot\u00eb ktheheshin n\u00eb legjenden e mend\u00ebsis\u00eb s\u00eb nj\u00eb kombi, mbet\u00ebn p\u00ebr jet\u00eb t\u00eb jet\u00ebs Heronj\u00ebt e Diaspor\u00ebs Shqiptare, v\u00ebll\u00ebzrit G\u00ebrvalla, Kadri Zeka dhe Sali Qekaj. Decenjet na kan\u00eb p\u00ebrcjellur p\u00ebr dit\u00ebt q\u00eb lind\u00ebn mes dhimbjesh n\u00eb momente historike t\u00eb ve\u00e7anta, si\u00e7 linden vigan\u00ebt e ve\u00e7ant\u00eb e t\u00eb pap\u00ebrs\u00ebritsh\u00ebm. Ata, kurr\u00eb nuk mund t\u00eb harrohen dhe nj\u00ebkoh\u00ebsisht kurre nuk mund te shp\u00ebrblehen sa meritojn\u00eb.<\/p>\n<p>P\u00ebr d\u00ebshmin\u00eb e zgjuar\u00ebsin\u00eb e k\u00ebtyre burrave u fol\u00eb e u shkru, u recitu e u kendu dhe k\u00ebshtu dot\u00eb thuhet e shkruhet do t\u00eb recitohet e kendohet sa mbi k\u00ebt\u00eb tok\u00eb m\u00eb shqiptar\u00eb t\u00eb jetohet! P\u00ebr historin\u00eb, traditat patriotike t\u00eb k\u00ebtyre trimave krenohesha q\u00eb isha n\u00eb mesin e shok\u00ebve dhe bij\u00ebs s\u00eb tyre zonj\u00ebs Donika G\u00ebrvalla.<\/p>\n<p><strong>Zonja Donika G\u00ebrvalla n\u00eb mesin e m\u00ebrgimtar\u00ebve ne Koblenc<\/strong><\/p>\n<p>Ndonse me etjen e atdheut fjal\u00ebn e moren shum\u00eb p\u00ebrsona secili n\u00eb stilin dhe m\u00ebnyr\u00ebn e vet\u00eb paraqiten vargjet t\u00eb cil\u00ebt begatuan Akademin\u00eb P\u00ebrkujtimore. P\u00ebr martiret e \u00e7\u00ebshtjes komb\u00ebtare t\u00eb gjith\u00eb duhet t\u00eb p\u00ebrulemi me respektin m\u00eb t\u00eb thell\u00eb.<\/p>\n<p>Prandaj edhe n\u00eb t\u00eb ardhmen, duhet t\u00eb ngulisim n\u00eb nd\u00ebrgjegjen e k\u00ebti brezi krenarin\u00eb e t\u00eb qenit shqiptar dhe vlerat tona komb\u00ebtare. Derisa q\u00ebndroja mes publikut m\u00eb b\u00ebhej se v\u00ebreja nj\u00eb mall\u00ebngjim nj\u00eb pohim ku secili donte t\u00eb thoshte di\u00e7ka p\u00ebr t\u00eb madh\u00ebrishmit e kombit shqiptar v\u00ebllez\u00ebrit G\u00ebrvalla e Kadri Zeka.<\/p>\n<p>\u00cbsht\u00eb madh\u00ebshti kur takohen m\u00ebrgimtaret, artistet, diplomatet, intelektualet e krijuesit sepse p\u00ebrmes pend\u00ebs s\u00eb bashkuar b\u00ebjm\u00eb fuqin\u00eb e ndri\u00e7imit t\u00eb fatit t\u00eb trimave dhe rrug\u00ebtimin e tyre komb\u00ebtar p\u00ebr ta forcuar klithm\u00ebn e fundit; nj\u00eb gjuh\u00eb, nj\u00eb komb\u00eb, nj\u00eb flamur. N\u00eb imazhin tim sillej n\u00eb heshtje mendimi: Vall\u00eb \u00e7\u2019mund t\u00eb b\u00ebjm\u00eb p\u00ebr t\u2019i dh\u00ebn\u00eb k\u00ebsaj pjese m\u00ebrgimtar\u00ebsh pak ngroht\u00ebsi, e n\u00eb heshtje poeti sikur don t\u2019i jap shqip\u00ebtaris\u00eb shum\u00eb fuqi, Bashkimin e Trojeve Etnike, por q\u00eb krijuesi m\u00eb shum\u00eb hesht se sa ekspozohet e implikohet! Por vall\u00eb p\u00ebr t\u00eb njer\u00ebzishmen p\u00ebr tok\u00eb e shk\u00ebmb, ku jemi e ku do vemi?! Ndoshta p\u00ebr t\u00eb b\u00ebr\u00eb gj\u00ebra madhore, duhet punuar me nj\u00eb p\u00ebrkushtim tjet\u00ebr komb\u00ebtar, apo heronj\u00ebt sikur q\u00eb d\u00ebshmuan k\u00ebta mbase jan\u00eb lindur e edukuar ndryeshe nga ne!!!<\/p>\n","protected":false},"excerpt":{"rendered":"<p>Nga Miradije Gashi, Stuttgart Q\u00eb n\u00eb or\u00ebt e hershme t\u00eb m\u00ebngjesit t\u00eb dat\u00ebs 1 maj 2012, s\u2019bashku m\u00eb familj\u00ebn Pre\u00e7i, udh\u00ebtuam p\u00ebr n\u00eb qytetin Koblenc, ku ishte vendosur te mbahej Akademia P\u00ebrkujtimore \u201cTrinomi i Liris\u00eb\u201c, kushtuar v\u00ebllez\u00ebrve G\u00ebrvalla dhe Kadri zeka! N\u00eb k\u00ebt\u00eb dit\u00eb p\u00ebrjetuam \u00e7aste shum\u00eb te shk\u00eblqyera m\u00ebrgimtaresh shqiptar t\u00eb ardhur nga t\u00eb [&hellip;]<\/p>\n","protected":false},"author":1,"featured_media":0,"comment_status":"open","ping_status":"closed","sticky":false,"template":"","format":"standard","meta":{"footnotes":""},"categories":[2],"tags":[],"class_list":{"0":"post-2715","1":"post","2":"type-post","3":"status-publish","4":"format-standard","6":"category-artikuj"},"yoast_head":"<!-- This site is optimized with the Yoast SEO plugin v27.4 - https:\/\/yoast.com\/product\/yoast-seo-wordpress\/ -->\n<title>Heronj\u00ebve t\u00eb Diaspor\u00ebs Shqiptare - FjALA e LIR\u00cb - Arkivi<\/title>\n<meta name=\"robots\" content=\"index, follow, max-snippet:-1, max-image-preview:large, max-video-preview:-1\" \/>\n<link rel=\"canonical\" href=\"https:\/\/fjala.info\/2009-2015\/heronjeve-te-diaspores-shqiptare\/\" \/>\n<meta property=\"og:locale\" content=\"sq_AL\" \/>\n<meta property=\"og:type\" content=\"article\" \/>\n<meta property=\"og:title\" content=\"Heronj\u00ebve t\u00eb Diaspor\u00ebs Shqiptare - FjALA e LIR\u00cb - Arkivi\" \/>\n<meta property=\"og:description\" content=\"Nga Miradije Gashi, Stuttgart Q\u00eb n\u00eb or\u00ebt e hershme t\u00eb m\u00ebngjesit t\u00eb dat\u00ebs 1 maj 2012, s\u2019bashku m\u00eb familj\u00ebn Pre\u00e7i, udh\u00ebtuam p\u00ebr n\u00eb qytetin Koblenc, ku ishte vendosur te mbahej Akademia P\u00ebrkujtimore \u201cTrinomi i Liris\u00eb\u201c, kushtuar v\u00ebllez\u00ebrve G\u00ebrvalla dhe Kadri zeka! N\u00eb k\u00ebt\u00eb dit\u00eb p\u00ebrjetuam \u00e7aste shum\u00eb te shk\u00eblqyera m\u00ebrgimtaresh shqiptar t\u00eb ardhur nga t\u00eb [&hellip;]\" \/>\n<meta property=\"og:url\" content=\"https:\/\/fjala.info\/2009-2015\/heronjeve-te-diaspores-shqiptare\/\" \/>\n<meta property=\"og:site_name\" content=\"FjALA e LIR\u00cb - Arkivi\" \/>\n<meta property=\"article:published_time\" content=\"2012-05-07T16:27:19+00:00\" \/>\n<meta property=\"og:image\" content=\"http:\/\/www.shkoder.net\/2012\/miradije_gashi2.jpg\" \/>\n<meta name=\"author\" content=\"admin\" \/>\n<meta name=\"twitter:card\" content=\"summary_large_image\" \/>\n<meta name=\"twitter:label1\" content=\"Written by\" \/>\n\t<meta name=\"twitter:data1\" content=\"admin\" \/>\n\t<meta name=\"twitter:label2\" content=\"Est. reading time\" \/>\n\t<meta name=\"twitter:data2\" content=\"3 minutes\" \/>\n<script type=\"application\/ld+json\" class=\"yoast-schema-graph\">{\"@context\":\"https:\\\/\\\/schema.org\",\"@graph\":[{\"@type\":\"Article\",\"@id\":\"https:\\\/\\\/fjala.info\\\/2009-2015\\\/heronjeve-te-diaspores-shqiptare\\\/#article\",\"isPartOf\":{\"@id\":\"https:\\\/\\\/fjala.info\\\/2009-2015\\\/heronjeve-te-diaspores-shqiptare\\\/\"},\"author\":{\"name\":\"admin\",\"@id\":\"https:\\\/\\\/fjala.info\\\/2009-2015\\\/#\\\/schema\\\/person\\\/3aa1163ef05469c496fc94e77611ada2\"},\"headline\":\"Heronj\u00ebve t\u00eb Diaspor\u00ebs Shqiptare\",\"datePublished\":\"2012-05-07T16:27:19+00:00\",\"mainEntityOfPage\":{\"@id\":\"https:\\\/\\\/fjala.info\\\/2009-2015\\\/heronjeve-te-diaspores-shqiptare\\\/\"},\"wordCount\":611,\"commentCount\":0,\"publisher\":{\"@id\":\"https:\\\/\\\/fjala.info\\\/2009-2015\\\/#organization\"},\"image\":{\"@id\":\"https:\\\/\\\/fjala.info\\\/2009-2015\\\/heronjeve-te-diaspores-shqiptare\\\/#primaryimage\"},\"thumbnailUrl\":\"http:\\\/\\\/www.shkoder.net\\\/2012\\\/miradije_gashi2.jpg\",\"articleSection\":[\"Artikuj\"],\"inLanguage\":\"sq-AL\",\"potentialAction\":[{\"@type\":\"CommentAction\",\"name\":\"Comment\",\"target\":[\"https:\\\/\\\/fjala.info\\\/2009-2015\\\/heronjeve-te-diaspores-shqiptare\\\/#respond\"]}]},{\"@type\":\"WebPage\",\"@id\":\"https:\\\/\\\/fjala.info\\\/2009-2015\\\/heronjeve-te-diaspores-shqiptare\\\/\",\"url\":\"https:\\\/\\\/fjala.info\\\/2009-2015\\\/heronjeve-te-diaspores-shqiptare\\\/\",\"name\":\"Heronj\u00ebve t\u00eb Diaspor\u00ebs Shqiptare - FjALA e LIR\u00cb - Arkivi\",\"isPartOf\":{\"@id\":\"https:\\\/\\\/fjala.info\\\/2009-2015\\\/#website\"},\"primaryImageOfPage\":{\"@id\":\"https:\\\/\\\/fjala.info\\\/2009-2015\\\/heronjeve-te-diaspores-shqiptare\\\/#primaryimage\"},\"image\":{\"@id\":\"https:\\\/\\\/fjala.info\\\/2009-2015\\\/heronjeve-te-diaspores-shqiptare\\\/#primaryimage\"},\"thumbnailUrl\":\"http:\\\/\\\/www.shkoder.net\\\/2012\\\/miradije_gashi2.jpg\",\"datePublished\":\"2012-05-07T16:27:19+00:00\",\"breadcrumb\":{\"@id\":\"https:\\\/\\\/fjala.info\\\/2009-2015\\\/heronjeve-te-diaspores-shqiptare\\\/#breadcrumb\"},\"inLanguage\":\"sq-AL\",\"potentialAction\":[{\"@type\":\"ReadAction\",\"target\":[\"https:\\\/\\\/fjala.info\\\/2009-2015\\\/heronjeve-te-diaspores-shqiptare\\\/\"]}]},{\"@type\":\"ImageObject\",\"inLanguage\":\"sq-AL\",\"@id\":\"https:\\\/\\\/fjala.info\\\/2009-2015\\\/heronjeve-te-diaspores-shqiptare\\\/#primaryimage\",\"url\":\"http:\\\/\\\/www.shkoder.net\\\/2012\\\/miradije_gashi2.jpg\",\"contentUrl\":\"http:\\\/\\\/www.shkoder.net\\\/2012\\\/miradije_gashi2.jpg\"},{\"@type\":\"BreadcrumbList\",\"@id\":\"https:\\\/\\\/fjala.info\\\/2009-2015\\\/heronjeve-te-diaspores-shqiptare\\\/#breadcrumb\",\"itemListElement\":[{\"@type\":\"ListItem\",\"position\":1,\"name\":\"Home\",\"item\":\"https:\\\/\\\/fjala.info\\\/2009-2015\\\/\"},{\"@type\":\"ListItem\",\"position\":2,\"name\":\"Heronj\u00ebve t\u00eb Diaspor\u00ebs Shqiptare\"}]},{\"@type\":\"WebSite\",\"@id\":\"https:\\\/\\\/fjala.info\\\/2009-2015\\\/#website\",\"url\":\"https:\\\/\\\/fjala.info\\\/2009-2015\\\/\",\"name\":\"FjALA e LIR\u00cb - Arkivi\",\"description\":\"Arkivi 2009-2015\",\"publisher\":{\"@id\":\"https:\\\/\\\/fjala.info\\\/2009-2015\\\/#organization\"},\"potentialAction\":[{\"@type\":\"SearchAction\",\"target\":{\"@type\":\"EntryPoint\",\"urlTemplate\":\"https:\\\/\\\/fjala.info\\\/2009-2015\\\/?s={search_term_string}\"},\"query-input\":{\"@type\":\"PropertyValueSpecification\",\"valueRequired\":true,\"valueName\":\"search_term_string\"}}],\"inLanguage\":\"sq-AL\"},{\"@type\":\"Organization\",\"@id\":\"https:\\\/\\\/fjala.info\\\/2009-2015\\\/#organization\",\"name\":\"FjALA e LIR\u00cb - Arkivi\",\"url\":\"https:\\\/\\\/fjala.info\\\/2009-2015\\\/\",\"logo\":{\"@type\":\"ImageObject\",\"inLanguage\":\"sq-AL\",\"@id\":\"https:\\\/\\\/fjala.info\\\/2009-2015\\\/#\\\/schema\\\/logo\\\/image\\\/\",\"url\":\"\",\"contentUrl\":\"\",\"caption\":\"FjALA e LIR\u00cb - Arkivi\"},\"image\":{\"@id\":\"https:\\\/\\\/fjala.info\\\/2009-2015\\\/#\\\/schema\\\/logo\\\/image\\\/\"}},{\"@type\":\"Person\",\"@id\":\"https:\\\/\\\/fjala.info\\\/2009-2015\\\/#\\\/schema\\\/person\\\/3aa1163ef05469c496fc94e77611ada2\",\"name\":\"admin\",\"image\":{\"@type\":\"ImageObject\",\"inLanguage\":\"sq-AL\",\"@id\":\"https:\\\/\\\/fjala.info\\\/2009-2015\\\/wp-content\\\/uploads\\\/2012\\\/02\\\/arben_cokaj-120x150.jpg\",\"url\":\"https:\\\/\\\/fjala.info\\\/2009-2015\\\/wp-content\\\/uploads\\\/2012\\\/02\\\/arben_cokaj-120x150.jpg\",\"contentUrl\":\"https:\\\/\\\/fjala.info\\\/2009-2015\\\/wp-content\\\/uploads\\\/2012\\\/02\\\/arben_cokaj-120x150.jpg\",\"caption\":\"admin\"},\"description\":\"Admin, Fjala e Lir\u00eb\",\"sameAs\":[\"https:\\\/\\\/fjala.info\\\/\"],\"url\":\"https:\\\/\\\/fjala.info\\\/2009-2015\\\/author\\\/admin\\\/\"}]}<\/script>\n<!-- \/ Yoast SEO plugin. -->","yoast_head_json":{"title":"Heronj\u00ebve t\u00eb Diaspor\u00ebs Shqiptare - FjALA e LIR\u00cb - Arkivi","robots":{"index":"index","follow":"follow","max-snippet":"max-snippet:-1","max-image-preview":"max-image-preview:large","max-video-preview":"max-video-preview:-1"},"canonical":"https:\/\/fjala.info\/2009-2015\/heronjeve-te-diaspores-shqiptare\/","og_locale":"sq_AL","og_type":"article","og_title":"Heronj\u00ebve t\u00eb Diaspor\u00ebs Shqiptare - FjALA e LIR\u00cb - Arkivi","og_description":"Nga Miradije Gashi, Stuttgart Q\u00eb n\u00eb or\u00ebt e hershme t\u00eb m\u00ebngjesit t\u00eb dat\u00ebs 1 maj 2012, s\u2019bashku m\u00eb familj\u00ebn Pre\u00e7i, udh\u00ebtuam p\u00ebr n\u00eb qytetin Koblenc, ku ishte vendosur te mbahej Akademia P\u00ebrkujtimore \u201cTrinomi i Liris\u00eb\u201c, kushtuar v\u00ebllez\u00ebrve G\u00ebrvalla dhe Kadri zeka! N\u00eb k\u00ebt\u00eb dit\u00eb p\u00ebrjetuam \u00e7aste shum\u00eb te shk\u00eblqyera m\u00ebrgimtaresh shqiptar t\u00eb ardhur nga t\u00eb [&hellip;]","og_url":"https:\/\/fjala.info\/2009-2015\/heronjeve-te-diaspores-shqiptare\/","og_site_name":"FjALA e LIR\u00cb - Arkivi","article_published_time":"2012-05-07T16:27:19+00:00","og_image":[{"url":"http:\/\/www.shkoder.net\/2012\/miradije_gashi2.jpg","type":"","width":"","height":""}],"author":"admin","twitter_card":"summary_large_image","twitter_misc":{"Written by":"admin","Est. reading time":"3 minutes"},"schema":{"@context":"https:\/\/schema.org","@graph":[{"@type":"Article","@id":"https:\/\/fjala.info\/2009-2015\/heronjeve-te-diaspores-shqiptare\/#article","isPartOf":{"@id":"https:\/\/fjala.info\/2009-2015\/heronjeve-te-diaspores-shqiptare\/"},"author":{"name":"admin","@id":"https:\/\/fjala.info\/2009-2015\/#\/schema\/person\/3aa1163ef05469c496fc94e77611ada2"},"headline":"Heronj\u00ebve t\u00eb Diaspor\u00ebs Shqiptare","datePublished":"2012-05-07T16:27:19+00:00","mainEntityOfPage":{"@id":"https:\/\/fjala.info\/2009-2015\/heronjeve-te-diaspores-shqiptare\/"},"wordCount":611,"commentCount":0,"publisher":{"@id":"https:\/\/fjala.info\/2009-2015\/#organization"},"image":{"@id":"https:\/\/fjala.info\/2009-2015\/heronjeve-te-diaspores-shqiptare\/#primaryimage"},"thumbnailUrl":"http:\/\/www.shkoder.net\/2012\/miradije_gashi2.jpg","articleSection":["Artikuj"],"inLanguage":"sq-AL","potentialAction":[{"@type":"CommentAction","name":"Comment","target":["https:\/\/fjala.info\/2009-2015\/heronjeve-te-diaspores-shqiptare\/#respond"]}]},{"@type":"WebPage","@id":"https:\/\/fjala.info\/2009-2015\/heronjeve-te-diaspores-shqiptare\/","url":"https:\/\/fjala.info\/2009-2015\/heronjeve-te-diaspores-shqiptare\/","name":"Heronj\u00ebve t\u00eb Diaspor\u00ebs Shqiptare - FjALA e LIR\u00cb - Arkivi","isPartOf":{"@id":"https:\/\/fjala.info\/2009-2015\/#website"},"primaryImageOfPage":{"@id":"https:\/\/fjala.info\/2009-2015\/heronjeve-te-diaspores-shqiptare\/#primaryimage"},"image":{"@id":"https:\/\/fjala.info\/2009-2015\/heronjeve-te-diaspores-shqiptare\/#primaryimage"},"thumbnailUrl":"http:\/\/www.shkoder.net\/2012\/miradije_gashi2.jpg","datePublished":"2012-05-07T16:27:19+00:00","breadcrumb":{"@id":"https:\/\/fjala.info\/2009-2015\/heronjeve-te-diaspores-shqiptare\/#breadcrumb"},"inLanguage":"sq-AL","potentialAction":[{"@type":"ReadAction","target":["https:\/\/fjala.info\/2009-2015\/heronjeve-te-diaspores-shqiptare\/"]}]},{"@type":"ImageObject","inLanguage":"sq-AL","@id":"https:\/\/fjala.info\/2009-2015\/heronjeve-te-diaspores-shqiptare\/#primaryimage","url":"http:\/\/www.shkoder.net\/2012\/miradije_gashi2.jpg","contentUrl":"http:\/\/www.shkoder.net\/2012\/miradije_gashi2.jpg"},{"@type":"BreadcrumbList","@id":"https:\/\/fjala.info\/2009-2015\/heronjeve-te-diaspores-shqiptare\/#breadcrumb","itemListElement":[{"@type":"ListItem","position":1,"name":"Home","item":"https:\/\/fjala.info\/2009-2015\/"},{"@type":"ListItem","position":2,"name":"Heronj\u00ebve t\u00eb Diaspor\u00ebs Shqiptare"}]},{"@type":"WebSite","@id":"https:\/\/fjala.info\/2009-2015\/#website","url":"https:\/\/fjala.info\/2009-2015\/","name":"FjALA e LIR\u00cb - Arkivi","description":"Arkivi 2009-2015","publisher":{"@id":"https:\/\/fjala.info\/2009-2015\/#organization"},"potentialAction":[{"@type":"SearchAction","target":{"@type":"EntryPoint","urlTemplate":"https:\/\/fjala.info\/2009-2015\/?s={search_term_string}"},"query-input":{"@type":"PropertyValueSpecification","valueRequired":true,"valueName":"search_term_string"}}],"inLanguage":"sq-AL"},{"@type":"Organization","@id":"https:\/\/fjala.info\/2009-2015\/#organization","name":"FjALA e LIR\u00cb - Arkivi","url":"https:\/\/fjala.info\/2009-2015\/","logo":{"@type":"ImageObject","inLanguage":"sq-AL","@id":"https:\/\/fjala.info\/2009-2015\/#\/schema\/logo\/image\/","url":"","contentUrl":"","caption":"FjALA e LIR\u00cb - Arkivi"},"image":{"@id":"https:\/\/fjala.info\/2009-2015\/#\/schema\/logo\/image\/"}},{"@type":"Person","@id":"https:\/\/fjala.info\/2009-2015\/#\/schema\/person\/3aa1163ef05469c496fc94e77611ada2","name":"admin","image":{"@type":"ImageObject","inLanguage":"sq-AL","@id":"https:\/\/fjala.info\/2009-2015\/wp-content\/uploads\/2012\/02\/arben_cokaj-120x150.jpg","url":"https:\/\/fjala.info\/2009-2015\/wp-content\/uploads\/2012\/02\/arben_cokaj-120x150.jpg","contentUrl":"https:\/\/fjala.info\/2009-2015\/wp-content\/uploads\/2012\/02\/arben_cokaj-120x150.jpg","caption":"admin"},"description":"Admin, Fjala e Lir\u00eb","sameAs":["https:\/\/fjala.info\/"],"url":"https:\/\/fjala.info\/2009-2015\/author\/admin\/"}]}},"_links":{"self":[{"href":"https:\/\/fjala.info\/2009-2015\/wp-json\/wp\/v2\/posts\/2715","targetHints":{"allow":["GET"]}}],"collection":[{"href":"https:\/\/fjala.info\/2009-2015\/wp-json\/wp\/v2\/posts"}],"about":[{"href":"https:\/\/fjala.info\/2009-2015\/wp-json\/wp\/v2\/types\/post"}],"author":[{"embeddable":true,"href":"https:\/\/fjala.info\/2009-2015\/wp-json\/wp\/v2\/users\/1"}],"replies":[{"embeddable":true,"href":"https:\/\/fjala.info\/2009-2015\/wp-json\/wp\/v2\/comments?post=2715"}],"version-history":[{"count":0,"href":"https:\/\/fjala.info\/2009-2015\/wp-json\/wp\/v2\/posts\/2715\/revisions"}],"wp:attachment":[{"href":"https:\/\/fjala.info\/2009-2015\/wp-json\/wp\/v2\/media?parent=2715"}],"wp:term":[{"taxonomy":"category","embeddable":true,"href":"https:\/\/fjala.info\/2009-2015\/wp-json\/wp\/v2\/categories?post=2715"},{"taxonomy":"post_tag","embeddable":true,"href":"https:\/\/fjala.info\/2009-2015\/wp-json\/wp\/v2\/tags?post=2715"}],"curies":[{"name":"wp","href":"https:\/\/api.w.org\/{rel}","templated":true}]}}