{"id":2712,"date":"2010-05-18T22:58:10","date_gmt":"2010-05-18T21:58:10","guid":{"rendered":"http:\/\/fjala.shkoder.net\/?p=2712"},"modified":"2010-05-18T22:58:10","modified_gmt":"2010-05-18T21:58:10","slug":"ne-burg-dhe-me-te-njejtat-pranga-me-qemal-stafen","status":"publish","type":"post","link":"https:\/\/fjala.info\/2009-2015\/ne-burg-dhe-me-te-njejtat-pranga-me-qemal-stafen\/","title":{"rendered":"N\u00eb burg dhe me t\u00eb nj\u00ebjtat pranga me Qemal Staf\u00ebn"},"content":{"rendered":"<p><img decoding=\"async\" style=\"margin-left: 10px; margin-right: 10px; border: 0px;\" src=\"http:\/\/www.shkoder.net\/images\/fjala\/2010\/xhemal_broja_e_shoqja_qemal_stafa.jpg\" border=\"0\" alt=\"Qemal Stafa dhe Xhemal Broja\" width=\"300\" align=\"right\" \/><\/p>\n<p><strong>Agron Luka<\/strong>, <em>17.05.2010<\/em><\/p>\n<p>Gjyqi zogist, fillimisht i akuzoi p\u00ebr p\u00ebrmbysje t\u00eb regjimit me revolucion. Zogu I kishte menduar t&#8217;ia b\u00ebnte qejfin Du\u00e7es, mir\u00ebpo shum\u00eb shpejt e kuptoi se gaboi r\u00ebnd\u00eb, sepse Du\u00e7ja e shfryt\u00ebzoi rastin &#8220;p\u00ebr t&#8217;i ardhur n\u00eb ndihm\u00eb urgjentisht&#8221;.<\/p>\n<p>K\u00ebshtu edhe akuzat dal\u00eb e ngadal\u00eb filluan t\u00eb ndryshonin dhe t\u00eb zbuteshin. Gjat\u00eb procesit gjyq\u00ebsor, situata precipitoi me shpejt\u00ebsi dhe tashm\u00eb po shihej qart\u00eb se agresioni dhe okupacioni fashit italian ishte te porta.<\/p>\n<p>Historiografia zyrtare, sipas diktatit dhe stilit letraro-historik romancier, ia dedikoi ekskluzivisht vjersh\u00ebn &#8220;Shokut t\u00eb Prangave&#8221;, shokut Vasil Shanto, megjith\u00ebse n\u00eb dor\u00ebshkrim nuk dukej gj\u00ebkundi ndonj\u00eb dedikim p\u00ebr Vasil Shanton.<\/p>\n<p>Mbi dor\u00ebshkrimin, nj\u00eb dor\u00eb kishte futur edhe disa fshirje shkarravina&#8230;Simbas mendimit t\u00eb babait tim, Qemal Stafa nuk e kishte shkruar k\u00ebt\u00eb vjersh\u00eb &#8220;fill e flak\u00eb&#8221; n\u00eb koh\u00ebn e burgut, por disa koh\u00eb mbrapa.<\/p>\n<p>Arrestimi i Qemal Staf\u00ebs dhe komunist\u00ebve t\u00eb tjer\u00eb nga ana e Mbretit Zog n\u00eb 1939 dhe retushimet q\u00eb iu b\u00ebn\u00eb dokumenteve t\u00eb koh\u00ebs nga historiografia pas \u00e7lirimit, duke futur emrin e Vasil Shantos te dedikimi i vjersh\u00ebs &#8220;Shokut t\u00eb Prangave&#8221;<\/p>\n<p>Nga dhjetori 1938 e janari 1939, qeveria e Nalt Madhnis\u00eb s\u00eb Tij Mbretit Zog I, arrestoi pothuajse t\u00eb gjith\u00eb pjes\u00ebtar\u00ebt e Organizat\u00ebs Komuniste te Shqip\u00ebris\u00eb me qend\u00ebr n\u00eb Shkod\u00ebr dhe i hapi nj\u00eb proces gjyq\u00ebsor t\u00eb bujsh\u00ebm.<\/p>\n<p>Dikush andej nga nahija e Kor\u00e7\u00ebs dhe e Bilishtit, e kishte dekonspiruar Organizat\u00ebn Komuniste t\u00eb Shqip\u00ebris\u00eb me qend\u00ebr n\u00eb Shkod\u00ebr.<\/p>\n<p>Nd\u00ebrkaq, nga dhjetori 1938 a nga janari 1939, nj\u00eb person q\u00eb medemek digjej p\u00ebr luft\u00eb dhe nuk linte rast pa p\u00ebrgojuar, me preteksin e nj\u00eb &#8220;reumatizmi acut&#8221; ia mbathi p\u00ebr n\u00eb Bari t\u00eb Italis\u00eb me vapor, ku pasi nd\u00ebnji nja dy-tre muaj, vajti p\u00ebrs\u00ebri edhe n\u00eb behar p\u00ebr banja termale dhe u kthye n\u00eb &#8220;Shqip\u00ebrin\u00eb e \u00c7liruar&#8221;, i \u00e7liruar edhe nga reumatizma, bashk\u00eb me miqt\u00eb, duke f\u00ebrsh\u00ebllyer Internacionalen dhe duke kritikuar frikacak\u00ebt.<\/p>\n<p>Kishte koh\u00eb q\u00eb me an\u00ebn e fashist\u00ebve t\u00eb brendsh\u00ebm ishin shtuar dhum\u00eb provokacionet antizogiste, p\u00ebr ta detyruar Mbretin t&#8217;ia dor\u00ebzonte Shqip\u00ebrin\u00eb vullnetarisht Italis\u00eb. K\u00ebto akte fashist\u00ebt ia ngjisnin komunist\u00ebve&#8230; Gjyqi zogist, fillimisht i akuzoi p\u00ebr p\u00ebrmbysje t\u00eb regjimit me revolucion.<\/p>\n<p>Zogu I kishte menduar t&#8217;ia b\u00ebnte qejfin Du\u00e7es, mir\u00ebpo shum\u00eb shpejt e kuptoi se gaboi r\u00ebnd\u00eb, sepse Du\u00e7ja e shfryt\u00ebzoi rastin &#8220;p\u00ebr t&#8217;i ardhur n\u00eb ndihm\u00eb urgjentisht&#8221;. K\u00ebshtu edhe akuzat dal\u00eb e ngadal\u00eb filluan t\u00eb ndryshonin dhe t\u00eb zbuteshin. Gjat\u00eb pro\u00e7esit gjyq\u00ebsor, situata precipitoi me shpejt\u00ebsi dhe tashm\u00eb po shihej qart\u00eb se agresioni dhe okupacioni fashist italian ishte te porta.<\/p>\n<p>Nga burgu pjes\u00ebtar\u00ebt e Organizat\u00ebs Komuniste t\u00eb Shqip\u00ebris\u00eb e kuptuan rrezikun e gllab\u00ebrimit t\u00eb Shqip\u00ebris\u00eb nga Italia. Ishin b\u00ebr\u00eb disa tentativa, madje edhe nga burgu iu d\u00ebrgua nj\u00eb telegram, duke e ftuar Mbretin Zog I, p\u00ebr t\u00eb organizuar &#8220;Frontin Popullor&#8221;, nj\u00eb rezistenc\u00eb afatgjate bashk\u00ebrisht dhe jo ndonj\u00eb t\u00eb ashtuquajtur &#8220;rezistenc\u00eb nderi aventureske e vetasgj\u00ebsuese&#8221;.<\/p>\n<p>(Nj\u00eb t\u00eb till\u00eb &#8220;rezistenc\u00eb fantaziste&#8221; t\u00eb 7 prillit 1939, do ta shkruante retrospektivisht Enver Hoxha) N\u00eb k\u00ebt\u00eb atmosfer\u00eb nga Qemal Stafa dhe shoku i tij i ngusht\u00eb Gjovalin Luka, n\u00eb koh\u00ebn kur po zhvillohej gjyqi u ideua dhe u hartua si vjersh\u00eb dhe si k\u00ebng\u00eb<\/p>\n<p>&#8220;<strong>K\u00ebnga e Frontit Popullor<\/strong>&#8220;:<\/p>\n<p><em>Mjaft ma me k\u00ebmisha t&#8221;ngjyrueme,<br \/>\nmjaft jetoi kryqi nazist!<br \/>\nNa jemi ushtri e bashkueme,<br \/>\ns&#8217;na g\u00ebnjen turpi fashist.<br \/>\nKuq asht ku lind e per\u00ebndon,<br \/>\nkuq asht n\u00eb jug e n\u00eb veri,<br \/>\nkuq asht kudo n\u00eb horizont,<br \/>\nS&#8217;na g\u00ebnjen turpi fashist,<br \/>\nToka n\u00ebn \u00e7apet sulmonj\u00ebse ushton:<br \/>\nRrofsh o i Popullit Front!<\/em><\/p>\n<p>Por, &#8220;Mbreti i Shqyptarve&#8221;, preferoi t&#8217;ia mbathte k\u00ebmb\u00ebve&#8230;<br \/>\nNj\u00ebri nd\u00ebr shok\u00ebt e prangave ishte Gjovalin Luka. N\u00eb Shkod\u00ebr e n\u00eb gjimnazin e Shkodr\u00ebs e kan\u00eb ditur t\u00eb gjith\u00eb se Qemal Stafa dhe Gjovalin Luka kan\u00eb qen\u00eb shok\u00eb shum\u00eb t\u00eb ngusht\u00eb&#8230; (Por, historiografia me diktat e porosi e zhduku komplet si t\u00eb paqen\u00eb Gjovalinin.<\/p>\n<p>Shoku dhe bashk\u00ebidealisti i Qemal Staf\u00ebs, Gjovalin Luka, kishte shkruar qysh m\u00eb 1946, p\u00ebr k\u00ebt\u00eb hero si simbolin e rinis\u00eb antifashiste, patriotike dhe internacionaliste t\u00eb brezit t\u00eb asaj kohe, kur mbajti fjal\u00ebn p\u00ebrkujtimore me rastin e 5 majit. Gjovalini shkruante: &#8220;Kam qen\u00eb edhe un\u00eb njeri nd\u00ebr shok\u00ebt e shumt\u00eb bashk\u00ebkoh\u00ebs e bashk\u00ebluft\u00ebtar\u00eb t\u00eb Qemal Staf\u00ebs&#8230;<\/p>\n<p>P\u00ebr her\u00eb t\u00eb fundit u takuem me Qemalin n\u00eb Shkod\u00ebr&#8230; Fjal\u00ebt e tij t\u00eb fundit, gjithmon\u00eb do t&#8217;i kujtoj: &#8220;Duhet t\u00eb kemi besim n\u00eb forc\u00ebn e madhe revolucionare q\u00eb mbyllet mbrenda popullit ton\u00eb, duhet t\u00eb dijm\u00eb me e udh\u00ebheq\u00eb dhe fitoria do t\u00eb jet\u00eb e tija. Kemi p\u00ebr t&#8217;ia arrijt\u00eb ne k\u00ebsaj fitoreje ose jo, kjo ka ma pak rand\u00ebsi&#8221;.<\/p>\n<p>Sipas pohimeve t\u00eb tij, Gjovalin Luka, ishte edhe nj\u00ebri nd\u00ebr shok\u00ebt m\u00eb t\u00eb zakonsh\u00ebm t\u00eb dyshe-prangave q\u00eb e lidhnin me Qemal Staf\u00ebn, n\u00eb shoq\u00ebrimin p\u00ebr n\u00eb procesin e n\u00eb gjyqin zogist t\u00eb 1939, mbasi edhe qelit\u00eb i kishin ngjitur, pastaj ishte ruajtur si tradit\u00eb edhe n\u00eb burgun e Beratit e n\u00eb guroren e Mbrezhdanit. Ishte edhe pseudonimi &#8220;Shkrepi&#8221;.<\/p>\n<p>Historiografia zyrtare, sipas diktatit dhe stilit letraro-historik romancier, ia dedikoi eskluzivisht vjersh\u00ebn &#8220;Shokut t\u00eb Prangave&#8221;, shokut Vasil Shanto, megjith\u00ebse n\u00eb dor\u00ebshkrim nuk dukej gj\u00ebkundi ndonj\u00eb dedikim p\u00ebr Vasil Shanton.<\/p>\n<p>Mbi dor\u00ebshkrimin, nj\u00eb dor\u00eb kishte futur edhe disa fshirje shkarravina&#8230;Simbas mendimit t\u00eb babait tim, Qemal Stafa nuk e kishte shkruar k\u00ebt\u00eb vjersh\u00eb &#8220;fill e flak\u00eb&#8221; n\u00eb koh\u00ebn e burgut, por disa koh\u00eb mbrapa. Q. Stafa, me rastin e vdekjes s\u00eb t\u00eb v\u00ebllait ishte liruar p\u00ebrkoh\u00ebsisht.<\/p>\n<p>N\u00eb nxitim e sip\u00ebr duke ngarkuar rraqet dhe arin Nalt Madhnija e Tij Mbreti i Shqyptarve Zog I, &#8220;i harroi&#8221; komunist\u00ebt n\u00eb burg, ua la si peshqesh dashje pa dashje fashist\u00ebve! Ata e shp\u00ebrthyen burgun&#8230;<\/p>\n<p>Nga disa &#8220;Kujtime&#8221; dhe nga disa shkrime q\u00eb m\u00eb kan\u00eb dhuruar shok\u00ebt, pohohet se vjersha e Qemal Staf\u00ebs i qe kushtuar Gjovalin Luk\u00ebs, si\u00e7 duket edhe nga fotoskanimi &#8220;Kujtime&#8221; t\u00eb z. Mark Uli.<\/p>\n<p>Ajo q\u00eb sot duhet ta themi me shum\u00eb modesti, \u00ebsht\u00eb se, gjithsesi edhe Gjovalin Luka e ka nj\u00eb pjes\u00ebz\u00eb t\u00eb merituar t\u00eb asaj vjershe, si\u00e7 duket edhe te fotoskanimi Nr 4 e Nr. 5 i vjersh\u00ebs, &#8220;Shokut t\u00eb Prangave&#8221;).<\/p>\n<p>Ishte koha kur &#8220;mutacionet natyrale&#8221; fillimisht dhe pak m\u00eb von\u00eb edhe &#8220;Pakti Ribentrop-Molotov&#8221; shkaktoi gjith at\u00eb depresion e konfuzion&#8230;Dhe Du\u00e7ia &#8220;Pistolet\u00ebs Albani-Shqip\u00ebri, q\u00eb ia kishte montuar n\u00eb kok\u00eb Italis\u00eb \u00cbilsoni i kund\u00ebrvuri topin&#8221;!<\/p>\n<p>Pushtimi i Shqip\u00ebris\u00eb u paraqit si i mir\u00ebpritur p\u00ebrzem\u00ebrsisht e me entuziaz\u00ebm nga populli shqiptar dhe sidomos nga fashist\u00ebt shqiptar\u00eb&#8230;Tani po ngjisnin disa gj\u00ebra shum\u00eb t\u00eb pabesueshme, jo vet\u00ebm &#8220;me kolon\u00ebn e pest\u00eb&#8221;, por edhe me nj\u00eb fjal\u00eb shum\u00eb t\u00eb \u00e7udit\u00ebshme &#8220;mutacione natyrale&#8221;!<\/p>\n<p>Duke komentuar me entuziaz\u00ebm mar\u00ebveshjen midis Hitlerit dhe Stalinit n\u00eb artikullin &#8220;PATTO DI NON AGGRESSIONE&#8221; (Pakti i mossulmimit), n\u00eb 31 gusht revista TEMPO shkruante: &#8220;Fushata e Hitlerit kund\u00ebr bolshevizmit zuri vend n\u00eb Paktin e mossulmimit ruso-gjerman ashtu si konflikti italo-gjerman p\u00ebr Austrin\u00eb ishte n\u00eb baz\u00eb t\u00eb aksit Rom\u00eb-Berlin. Populli q\u00eb beson bindet e beson, i jeton k\u00ebto ngjarje si nj\u00eb organiz\u00ebm i sh\u00ebndetsh\u00ebm me mutacionet natyrale&#8221;.<\/p>\n<p>Edhe Presidenti i Polonis\u00eb, Moscicki (po ashtu si Zogu I dhe Enver Hoxha), nd\u00ebrsa komunist\u00ebt luftonin p\u00ebr mbrojtjen e Varshav\u00ebs, ia kishte mbathur k\u00ebmb\u00ebve n\u00eb shtator 1939, me nj\u00eb pasaport\u00eb dhe llogari rrjedh\u00ebse zvicerane.<\/p>\n<p>Qemal Stafa ra d\u00ebshmor duke u p\u00ebrpjekur t\u00eb \u00e7ante rrethimin fashist m\u00eb 5 maj 1942, mbas nj\u00eb dekonspirimi&#8230;. Gjovalini dhe disa nga shok\u00ebt e burgut 1939, me rastin e vdekjes heroike dhe t\u00eb ceremonis\u00eb s\u00eb varrimit i ngrit\u00ebn k\u00ebng\u00ebn &#8220;Funerali&#8221;.<\/p>\n<p>U hodh edhe nj\u00eb Trakt me pjes\u00eb nga kjo K\u00ebng\u00eb, por sa fytyr\u00eb kishin ata q\u00eb nuk e kishin provuar asnj\u00eb dit\u00eb burg t\u00eb pretendonin &#8220;pjes\u00ebn e luanit&#8221;&#8230;T\u00eb shkruash t\u00eb v\u00ebrtet\u00ebn, sado edhe von\u00eb, nuk \u00ebsht\u00eb aspak turp, t\u00eb g\u00ebnjesh dit\u00ebn p\u00ebr diell dhe t\u00eb fsheh\u00ebsh identitetin dhe mendimet e v\u00ebrteta dhe t\u00eb p\u00ebrulesh si lyp\u00ebs \u00ebsht\u00eb me t\u00eb v\u00ebrtet\u00eb turp!<\/p>\n<p>Ilustrimet dokumentare:<\/p>\n<p>Pjes\u00eb nga dor\u00ebshkrimi dhe daktilografimi me rastin e fjal\u00ebs p\u00ebrkujtimore nga Gjovalin Luka p\u00ebr Qemal Staf\u00ebn, m\u00eb 1946.<\/p>\n<p>Pjes\u00eb nga &#8220;Kujtimet&#8221; e z. Mark Uli dhe plot\u00ebsimi me shkrimin e dor\u00ebs s\u00eb tij.<\/p>\n<p>Faksimile e flet\u00ebs dor\u00ebshkrimore t\u00eb vjersh\u00ebs &#8220;Shokut t\u00eb Prangave&#8221;.<\/p>\n<p>Fotoskanim i vjersh\u00ebs &#8220;Shokut t\u00eb Prangave&#8221;<\/p>\n<p>Revista TEMPO. Zbarkimi Italian n\u00eb 7 prill 1939 n\u00eb Shqip\u00ebri. Ish &#8220;pistolet\u00ebs Albani-Shqip\u00ebri t\u00eb Wilsonit&#8221;, i kund\u00ebrvihet &#8220;topi italian&#8221;!<\/p>\n<p>Revista TEMPO, themelimi i fashios s\u00eb Durr\u00ebsit, si pjes\u00eb e historis\u00eb s\u00eb P. F. Shqiptare.<\/p>\n<p>Vjersha e k\u00ebnga e nxjerr\u00eb me rastin e vrasjes dhe varrimit t\u00eb Qemal Staf\u00ebs te &#8220;Vorret e Bamit&#8221;.<\/p>\n<p>Nxjerr\u00eb nga libri, &#8220;K\u00ebng\u00eb Partizane&#8221;, bot. (?), f 17. Sh\u00ebnuar me shkrimin e tij nga vet\u00eb Gjovalin Luka<\/p>\n","protected":false},"excerpt":{"rendered":"<p>Agron Luka, 17.05.2010 Gjyqi zogist, fillimisht i akuzoi p\u00ebr p\u00ebrmbysje t\u00eb regjimit me revolucion. Zogu I kishte menduar t&#8217;ia b\u00ebnte qejfin Du\u00e7es, mir\u00ebpo shum\u00eb shpejt e kuptoi se gaboi r\u00ebnd\u00eb, sepse Du\u00e7ja e shfryt\u00ebzoi rastin &#8220;p\u00ebr t&#8217;i ardhur n\u00eb ndihm\u00eb urgjentisht&#8221;. K\u00ebshtu edhe akuzat dal\u00eb e ngadal\u00eb filluan t\u00eb ndryshonin dhe t\u00eb zbuteshin. Gjat\u00eb procesit [&hellip;]<\/p>\n","protected":false},"author":1,"featured_media":0,"comment_status":"open","ping_status":"closed","sticky":false,"template":"","format":"standard","meta":{"footnotes":""},"categories":[2],"tags":[],"class_list":{"0":"post-2712","1":"post","2":"type-post","3":"status-publish","4":"format-standard","6":"category-artikuj"},"yoast_head":"<!-- This site is optimized with the Yoast SEO plugin v27.4 - https:\/\/yoast.com\/product\/yoast-seo-wordpress\/ -->\n<title>N\u00eb burg dhe me t\u00eb nj\u00ebjtat pranga me Qemal Staf\u00ebn - FjALA e LIR\u00cb - Arkivi<\/title>\n<meta name=\"robots\" content=\"index, follow, max-snippet:-1, max-image-preview:large, max-video-preview:-1\" \/>\n<link rel=\"canonical\" href=\"https:\/\/fjala.info\/2009-2015\/ne-burg-dhe-me-te-njejtat-pranga-me-qemal-stafen\/\" \/>\n<meta property=\"og:locale\" content=\"sq_AL\" \/>\n<meta property=\"og:type\" content=\"article\" \/>\n<meta property=\"og:title\" content=\"N\u00eb burg dhe me t\u00eb nj\u00ebjtat pranga me Qemal Staf\u00ebn - FjALA e LIR\u00cb - Arkivi\" \/>\n<meta property=\"og:description\" content=\"Agron Luka, 17.05.2010 Gjyqi zogist, fillimisht i akuzoi p\u00ebr p\u00ebrmbysje t\u00eb regjimit me revolucion. Zogu I kishte menduar t&#8217;ia b\u00ebnte qejfin Du\u00e7es, mir\u00ebpo shum\u00eb shpejt e kuptoi se gaboi r\u00ebnd\u00eb, sepse Du\u00e7ja e shfryt\u00ebzoi rastin &#8220;p\u00ebr t&#8217;i ardhur n\u00eb ndihm\u00eb urgjentisht&#8221;. K\u00ebshtu edhe akuzat dal\u00eb e ngadal\u00eb filluan t\u00eb ndryshonin dhe t\u00eb zbuteshin. Gjat\u00eb procesit [&hellip;]\" \/>\n<meta property=\"og:url\" content=\"https:\/\/fjala.info\/2009-2015\/ne-burg-dhe-me-te-njejtat-pranga-me-qemal-stafen\/\" \/>\n<meta property=\"og:site_name\" content=\"FjALA e LIR\u00cb - Arkivi\" \/>\n<meta property=\"article:published_time\" content=\"2010-05-18T21:58:10+00:00\" \/>\n<meta property=\"og:image\" content=\"http:\/\/www.shkoder.net\/images\/fjala\/2010\/xhemal_broja_e_shoqja_qemal_stafa.jpg\" \/>\n<meta name=\"author\" content=\"admin\" \/>\n<meta name=\"twitter:card\" content=\"summary_large_image\" \/>\n<meta name=\"twitter:label1\" content=\"Written by\" \/>\n\t<meta name=\"twitter:data1\" content=\"admin\" \/>\n\t<meta name=\"twitter:label2\" content=\"Est. reading time\" \/>\n\t<meta name=\"twitter:data2\" content=\"8 minutes\" \/>\n<script type=\"application\/ld+json\" class=\"yoast-schema-graph\">{\"@context\":\"https:\\\/\\\/schema.org\",\"@graph\":[{\"@type\":\"Article\",\"@id\":\"https:\\\/\\\/fjala.info\\\/2009-2015\\\/ne-burg-dhe-me-te-njejtat-pranga-me-qemal-stafen\\\/#article\",\"isPartOf\":{\"@id\":\"https:\\\/\\\/fjala.info\\\/2009-2015\\\/ne-burg-dhe-me-te-njejtat-pranga-me-qemal-stafen\\\/\"},\"author\":{\"name\":\"admin\",\"@id\":\"https:\\\/\\\/fjala.info\\\/2009-2015\\\/#\\\/schema\\\/person\\\/3aa1163ef05469c496fc94e77611ada2\"},\"headline\":\"N\u00eb burg dhe me t\u00eb nj\u00ebjtat pranga me Qemal Staf\u00ebn\",\"datePublished\":\"2010-05-18T21:58:10+00:00\",\"mainEntityOfPage\":{\"@id\":\"https:\\\/\\\/fjala.info\\\/2009-2015\\\/ne-burg-dhe-me-te-njejtat-pranga-me-qemal-stafen\\\/\"},\"wordCount\":1583,\"commentCount\":0,\"publisher\":{\"@id\":\"https:\\\/\\\/fjala.info\\\/2009-2015\\\/#organization\"},\"image\":{\"@id\":\"https:\\\/\\\/fjala.info\\\/2009-2015\\\/ne-burg-dhe-me-te-njejtat-pranga-me-qemal-stafen\\\/#primaryimage\"},\"thumbnailUrl\":\"http:\\\/\\\/www.shkoder.net\\\/images\\\/fjala\\\/2010\\\/xhemal_broja_e_shoqja_qemal_stafa.jpg\",\"articleSection\":[\"Artikuj\"],\"inLanguage\":\"sq-AL\",\"potentialAction\":[{\"@type\":\"CommentAction\",\"name\":\"Comment\",\"target\":[\"https:\\\/\\\/fjala.info\\\/2009-2015\\\/ne-burg-dhe-me-te-njejtat-pranga-me-qemal-stafen\\\/#respond\"]}]},{\"@type\":\"WebPage\",\"@id\":\"https:\\\/\\\/fjala.info\\\/2009-2015\\\/ne-burg-dhe-me-te-njejtat-pranga-me-qemal-stafen\\\/\",\"url\":\"https:\\\/\\\/fjala.info\\\/2009-2015\\\/ne-burg-dhe-me-te-njejtat-pranga-me-qemal-stafen\\\/\",\"name\":\"N\u00eb burg dhe me t\u00eb nj\u00ebjtat pranga me Qemal Staf\u00ebn - FjALA e LIR\u00cb - Arkivi\",\"isPartOf\":{\"@id\":\"https:\\\/\\\/fjala.info\\\/2009-2015\\\/#website\"},\"primaryImageOfPage\":{\"@id\":\"https:\\\/\\\/fjala.info\\\/2009-2015\\\/ne-burg-dhe-me-te-njejtat-pranga-me-qemal-stafen\\\/#primaryimage\"},\"image\":{\"@id\":\"https:\\\/\\\/fjala.info\\\/2009-2015\\\/ne-burg-dhe-me-te-njejtat-pranga-me-qemal-stafen\\\/#primaryimage\"},\"thumbnailUrl\":\"http:\\\/\\\/www.shkoder.net\\\/images\\\/fjala\\\/2010\\\/xhemal_broja_e_shoqja_qemal_stafa.jpg\",\"datePublished\":\"2010-05-18T21:58:10+00:00\",\"breadcrumb\":{\"@id\":\"https:\\\/\\\/fjala.info\\\/2009-2015\\\/ne-burg-dhe-me-te-njejtat-pranga-me-qemal-stafen\\\/#breadcrumb\"},\"inLanguage\":\"sq-AL\",\"potentialAction\":[{\"@type\":\"ReadAction\",\"target\":[\"https:\\\/\\\/fjala.info\\\/2009-2015\\\/ne-burg-dhe-me-te-njejtat-pranga-me-qemal-stafen\\\/\"]}]},{\"@type\":\"ImageObject\",\"inLanguage\":\"sq-AL\",\"@id\":\"https:\\\/\\\/fjala.info\\\/2009-2015\\\/ne-burg-dhe-me-te-njejtat-pranga-me-qemal-stafen\\\/#primaryimage\",\"url\":\"http:\\\/\\\/www.shkoder.net\\\/images\\\/fjala\\\/2010\\\/xhemal_broja_e_shoqja_qemal_stafa.jpg\",\"contentUrl\":\"http:\\\/\\\/www.shkoder.net\\\/images\\\/fjala\\\/2010\\\/xhemal_broja_e_shoqja_qemal_stafa.jpg\"},{\"@type\":\"BreadcrumbList\",\"@id\":\"https:\\\/\\\/fjala.info\\\/2009-2015\\\/ne-burg-dhe-me-te-njejtat-pranga-me-qemal-stafen\\\/#breadcrumb\",\"itemListElement\":[{\"@type\":\"ListItem\",\"position\":1,\"name\":\"Home\",\"item\":\"https:\\\/\\\/fjala.info\\\/2009-2015\\\/\"},{\"@type\":\"ListItem\",\"position\":2,\"name\":\"N\u00eb burg dhe me t\u00eb nj\u00ebjtat pranga me Qemal Staf\u00ebn\"}]},{\"@type\":\"WebSite\",\"@id\":\"https:\\\/\\\/fjala.info\\\/2009-2015\\\/#website\",\"url\":\"https:\\\/\\\/fjala.info\\\/2009-2015\\\/\",\"name\":\"FjALA e LIR\u00cb - Arkivi\",\"description\":\"Arkivi 2009-2015\",\"publisher\":{\"@id\":\"https:\\\/\\\/fjala.info\\\/2009-2015\\\/#organization\"},\"potentialAction\":[{\"@type\":\"SearchAction\",\"target\":{\"@type\":\"EntryPoint\",\"urlTemplate\":\"https:\\\/\\\/fjala.info\\\/2009-2015\\\/?s={search_term_string}\"},\"query-input\":{\"@type\":\"PropertyValueSpecification\",\"valueRequired\":true,\"valueName\":\"search_term_string\"}}],\"inLanguage\":\"sq-AL\"},{\"@type\":\"Organization\",\"@id\":\"https:\\\/\\\/fjala.info\\\/2009-2015\\\/#organization\",\"name\":\"FjALA e LIR\u00cb - Arkivi\",\"url\":\"https:\\\/\\\/fjala.info\\\/2009-2015\\\/\",\"logo\":{\"@type\":\"ImageObject\",\"inLanguage\":\"sq-AL\",\"@id\":\"https:\\\/\\\/fjala.info\\\/2009-2015\\\/#\\\/schema\\\/logo\\\/image\\\/\",\"url\":\"\",\"contentUrl\":\"\",\"caption\":\"FjALA e LIR\u00cb - Arkivi\"},\"image\":{\"@id\":\"https:\\\/\\\/fjala.info\\\/2009-2015\\\/#\\\/schema\\\/logo\\\/image\\\/\"}},{\"@type\":\"Person\",\"@id\":\"https:\\\/\\\/fjala.info\\\/2009-2015\\\/#\\\/schema\\\/person\\\/3aa1163ef05469c496fc94e77611ada2\",\"name\":\"admin\",\"image\":{\"@type\":\"ImageObject\",\"inLanguage\":\"sq-AL\",\"@id\":\"https:\\\/\\\/fjala.info\\\/2009-2015\\\/wp-content\\\/uploads\\\/2012\\\/02\\\/arben_cokaj-120x150.jpg\",\"url\":\"https:\\\/\\\/fjala.info\\\/2009-2015\\\/wp-content\\\/uploads\\\/2012\\\/02\\\/arben_cokaj-120x150.jpg\",\"contentUrl\":\"https:\\\/\\\/fjala.info\\\/2009-2015\\\/wp-content\\\/uploads\\\/2012\\\/02\\\/arben_cokaj-120x150.jpg\",\"caption\":\"admin\"},\"description\":\"Admin, Fjala e Lir\u00eb\",\"sameAs\":[\"https:\\\/\\\/fjala.info\\\/\"],\"url\":\"https:\\\/\\\/fjala.info\\\/2009-2015\\\/author\\\/admin\\\/\"}]}<\/script>\n<!-- \/ Yoast SEO plugin. -->","yoast_head_json":{"title":"N\u00eb burg dhe me t\u00eb nj\u00ebjtat pranga me Qemal Staf\u00ebn - FjALA e LIR\u00cb - Arkivi","robots":{"index":"index","follow":"follow","max-snippet":"max-snippet:-1","max-image-preview":"max-image-preview:large","max-video-preview":"max-video-preview:-1"},"canonical":"https:\/\/fjala.info\/2009-2015\/ne-burg-dhe-me-te-njejtat-pranga-me-qemal-stafen\/","og_locale":"sq_AL","og_type":"article","og_title":"N\u00eb burg dhe me t\u00eb nj\u00ebjtat pranga me Qemal Staf\u00ebn - FjALA e LIR\u00cb - Arkivi","og_description":"Agron Luka, 17.05.2010 Gjyqi zogist, fillimisht i akuzoi p\u00ebr p\u00ebrmbysje t\u00eb regjimit me revolucion. Zogu I kishte menduar t&#8217;ia b\u00ebnte qejfin Du\u00e7es, mir\u00ebpo shum\u00eb shpejt e kuptoi se gaboi r\u00ebnd\u00eb, sepse Du\u00e7ja e shfryt\u00ebzoi rastin &#8220;p\u00ebr t&#8217;i ardhur n\u00eb ndihm\u00eb urgjentisht&#8221;. K\u00ebshtu edhe akuzat dal\u00eb e ngadal\u00eb filluan t\u00eb ndryshonin dhe t\u00eb zbuteshin. Gjat\u00eb procesit [&hellip;]","og_url":"https:\/\/fjala.info\/2009-2015\/ne-burg-dhe-me-te-njejtat-pranga-me-qemal-stafen\/","og_site_name":"FjALA e LIR\u00cb - Arkivi","article_published_time":"2010-05-18T21:58:10+00:00","og_image":[{"url":"http:\/\/www.shkoder.net\/images\/fjala\/2010\/xhemal_broja_e_shoqja_qemal_stafa.jpg","type":"","width":"","height":""}],"author":"admin","twitter_card":"summary_large_image","twitter_misc":{"Written by":"admin","Est. reading time":"8 minutes"},"schema":{"@context":"https:\/\/schema.org","@graph":[{"@type":"Article","@id":"https:\/\/fjala.info\/2009-2015\/ne-burg-dhe-me-te-njejtat-pranga-me-qemal-stafen\/#article","isPartOf":{"@id":"https:\/\/fjala.info\/2009-2015\/ne-burg-dhe-me-te-njejtat-pranga-me-qemal-stafen\/"},"author":{"name":"admin","@id":"https:\/\/fjala.info\/2009-2015\/#\/schema\/person\/3aa1163ef05469c496fc94e77611ada2"},"headline":"N\u00eb burg dhe me t\u00eb nj\u00ebjtat pranga me Qemal Staf\u00ebn","datePublished":"2010-05-18T21:58:10+00:00","mainEntityOfPage":{"@id":"https:\/\/fjala.info\/2009-2015\/ne-burg-dhe-me-te-njejtat-pranga-me-qemal-stafen\/"},"wordCount":1583,"commentCount":0,"publisher":{"@id":"https:\/\/fjala.info\/2009-2015\/#organization"},"image":{"@id":"https:\/\/fjala.info\/2009-2015\/ne-burg-dhe-me-te-njejtat-pranga-me-qemal-stafen\/#primaryimage"},"thumbnailUrl":"http:\/\/www.shkoder.net\/images\/fjala\/2010\/xhemal_broja_e_shoqja_qemal_stafa.jpg","articleSection":["Artikuj"],"inLanguage":"sq-AL","potentialAction":[{"@type":"CommentAction","name":"Comment","target":["https:\/\/fjala.info\/2009-2015\/ne-burg-dhe-me-te-njejtat-pranga-me-qemal-stafen\/#respond"]}]},{"@type":"WebPage","@id":"https:\/\/fjala.info\/2009-2015\/ne-burg-dhe-me-te-njejtat-pranga-me-qemal-stafen\/","url":"https:\/\/fjala.info\/2009-2015\/ne-burg-dhe-me-te-njejtat-pranga-me-qemal-stafen\/","name":"N\u00eb burg dhe me t\u00eb nj\u00ebjtat pranga me Qemal Staf\u00ebn - FjALA e LIR\u00cb - Arkivi","isPartOf":{"@id":"https:\/\/fjala.info\/2009-2015\/#website"},"primaryImageOfPage":{"@id":"https:\/\/fjala.info\/2009-2015\/ne-burg-dhe-me-te-njejtat-pranga-me-qemal-stafen\/#primaryimage"},"image":{"@id":"https:\/\/fjala.info\/2009-2015\/ne-burg-dhe-me-te-njejtat-pranga-me-qemal-stafen\/#primaryimage"},"thumbnailUrl":"http:\/\/www.shkoder.net\/images\/fjala\/2010\/xhemal_broja_e_shoqja_qemal_stafa.jpg","datePublished":"2010-05-18T21:58:10+00:00","breadcrumb":{"@id":"https:\/\/fjala.info\/2009-2015\/ne-burg-dhe-me-te-njejtat-pranga-me-qemal-stafen\/#breadcrumb"},"inLanguage":"sq-AL","potentialAction":[{"@type":"ReadAction","target":["https:\/\/fjala.info\/2009-2015\/ne-burg-dhe-me-te-njejtat-pranga-me-qemal-stafen\/"]}]},{"@type":"ImageObject","inLanguage":"sq-AL","@id":"https:\/\/fjala.info\/2009-2015\/ne-burg-dhe-me-te-njejtat-pranga-me-qemal-stafen\/#primaryimage","url":"http:\/\/www.shkoder.net\/images\/fjala\/2010\/xhemal_broja_e_shoqja_qemal_stafa.jpg","contentUrl":"http:\/\/www.shkoder.net\/images\/fjala\/2010\/xhemal_broja_e_shoqja_qemal_stafa.jpg"},{"@type":"BreadcrumbList","@id":"https:\/\/fjala.info\/2009-2015\/ne-burg-dhe-me-te-njejtat-pranga-me-qemal-stafen\/#breadcrumb","itemListElement":[{"@type":"ListItem","position":1,"name":"Home","item":"https:\/\/fjala.info\/2009-2015\/"},{"@type":"ListItem","position":2,"name":"N\u00eb burg dhe me t\u00eb nj\u00ebjtat pranga me Qemal Staf\u00ebn"}]},{"@type":"WebSite","@id":"https:\/\/fjala.info\/2009-2015\/#website","url":"https:\/\/fjala.info\/2009-2015\/","name":"FjALA e LIR\u00cb - Arkivi","description":"Arkivi 2009-2015","publisher":{"@id":"https:\/\/fjala.info\/2009-2015\/#organization"},"potentialAction":[{"@type":"SearchAction","target":{"@type":"EntryPoint","urlTemplate":"https:\/\/fjala.info\/2009-2015\/?s={search_term_string}"},"query-input":{"@type":"PropertyValueSpecification","valueRequired":true,"valueName":"search_term_string"}}],"inLanguage":"sq-AL"},{"@type":"Organization","@id":"https:\/\/fjala.info\/2009-2015\/#organization","name":"FjALA e LIR\u00cb - Arkivi","url":"https:\/\/fjala.info\/2009-2015\/","logo":{"@type":"ImageObject","inLanguage":"sq-AL","@id":"https:\/\/fjala.info\/2009-2015\/#\/schema\/logo\/image\/","url":"","contentUrl":"","caption":"FjALA e LIR\u00cb - Arkivi"},"image":{"@id":"https:\/\/fjala.info\/2009-2015\/#\/schema\/logo\/image\/"}},{"@type":"Person","@id":"https:\/\/fjala.info\/2009-2015\/#\/schema\/person\/3aa1163ef05469c496fc94e77611ada2","name":"admin","image":{"@type":"ImageObject","inLanguage":"sq-AL","@id":"https:\/\/fjala.info\/2009-2015\/wp-content\/uploads\/2012\/02\/arben_cokaj-120x150.jpg","url":"https:\/\/fjala.info\/2009-2015\/wp-content\/uploads\/2012\/02\/arben_cokaj-120x150.jpg","contentUrl":"https:\/\/fjala.info\/2009-2015\/wp-content\/uploads\/2012\/02\/arben_cokaj-120x150.jpg","caption":"admin"},"description":"Admin, Fjala e Lir\u00eb","sameAs":["https:\/\/fjala.info\/"],"url":"https:\/\/fjala.info\/2009-2015\/author\/admin\/"}]}},"_links":{"self":[{"href":"https:\/\/fjala.info\/2009-2015\/wp-json\/wp\/v2\/posts\/2712","targetHints":{"allow":["GET"]}}],"collection":[{"href":"https:\/\/fjala.info\/2009-2015\/wp-json\/wp\/v2\/posts"}],"about":[{"href":"https:\/\/fjala.info\/2009-2015\/wp-json\/wp\/v2\/types\/post"}],"author":[{"embeddable":true,"href":"https:\/\/fjala.info\/2009-2015\/wp-json\/wp\/v2\/users\/1"}],"replies":[{"embeddable":true,"href":"https:\/\/fjala.info\/2009-2015\/wp-json\/wp\/v2\/comments?post=2712"}],"version-history":[{"count":0,"href":"https:\/\/fjala.info\/2009-2015\/wp-json\/wp\/v2\/posts\/2712\/revisions"}],"wp:attachment":[{"href":"https:\/\/fjala.info\/2009-2015\/wp-json\/wp\/v2\/media?parent=2712"}],"wp:term":[{"taxonomy":"category","embeddable":true,"href":"https:\/\/fjala.info\/2009-2015\/wp-json\/wp\/v2\/categories?post=2712"},{"taxonomy":"post_tag","embeddable":true,"href":"https:\/\/fjala.info\/2009-2015\/wp-json\/wp\/v2\/tags?post=2712"}],"curies":[{"name":"wp","href":"https:\/\/api.w.org\/{rel}","templated":true}]}}