{"id":2711,"date":"2012-05-05T09:09:55","date_gmt":"2012-05-05T08:09:55","guid":{"rendered":"http:\/\/fjala.shkoder.net\/?p=2711"},"modified":"2012-05-05T09:09:55","modified_gmt":"2012-05-05T08:09:55","slug":"pse-liria-e-medias-i-ben-shoqerite-me-te-shendetshme","status":"publish","type":"post","link":"https:\/\/fjala.info\/2009-2015\/pse-liria-e-medias-i-ben-shoqerite-me-te-shendetshme\/","title":{"rendered":"Pse liria e medias i b\u00ebn shoq\u00ebrit\u00eb m\u00eb t\u00eb sh\u00ebndetshme"},"content":{"rendered":"<p><img decoding=\"async\" class=\"alignleft size-thumbnail wp-image-7236\" title=\"Aleksand\u00ebr A. Arvizu\" src=\"http:\/\/www.shkoder.net\/2012\/aleksander_arvizu.jpg\" alt=\"\" width=\"200\" \/> Nga <strong>Aleksand\u00ebr A. Arvizu<\/strong> \/ <em>Ambasador i SHBA<\/em><\/p>\n<p>Informacioni \u00ebsht\u00eb pushtet. Pak njer\u00ebz mund t\u00eb p\u00ebrballojn\u00eb jetes\u00ebn, t\u2019iu k\u00ebrkojn\u00eb llogari qeverive t\u00eb tyre, dhe t\u00eb edukojn\u00eb f\u00ebmij\u00ebt pa nj\u00eb rrjedh\u00eb t\u00eb sh\u00ebndetshme e t\u00eb lir\u00eb informacioni. Qytetar\u00ebt kan\u00eb nevoj\u00eb p\u00ebr lajme t\u00eb sakta, n\u00eb koh\u00eb, si dhe t\u00eb pavarura t\u00eb cilave mund t\u2019iu besojn\u00eb. E nj\u00ebjta gj\u00eb mund t\u00eb thuhet p\u00ebr bizneset dhe tregjet. Po k\u00ebshtu edhe qeverit\u00eb. Liria e medias i mban shoq\u00ebrit\u00eb dhe ekonomit\u00eb t\u00eb gjalla, energjike dhe t\u00eb sh\u00ebndetshme.<\/p>\n<p>Kur nd\u00ebrpritet rrjedha e lir\u00eb e lajmeve dhe informacionit, individ\u00ebt vuajn\u00eb. Shoq\u00ebrit\u00eb vuajn\u00eb. Ekonomit\u00eb vuajn\u00eb. Megjithat\u00eb, teksa njer\u00ebzit anemban\u00eb bot\u00ebs nderuan Dit\u00ebn Bot\u00ebrore t\u00eb Liris\u00eb s\u00eb Shtypit, organizuar nga UNESCO n\u00eb Tuniz k\u00ebt\u00eb vit, k\u00ebrc\u00ebnimet kund\u00ebr gazetar\u00ebve vijn\u00eb duke u rritur. Deri dhjetorin e shkuar, Komiteti p\u00ebr Mbrojtjen e Gazetar\u00ebve num\u00ebronte 179 gazetar\u00eb n\u00eb burgje anek\u00ebnd bot\u00ebs. Dhe gazetar\u00ebt vazhdojn\u00eb t\u00eb k\u00ebrc\u00ebnohen, t\u00eb sulmohen, t\u00eb zhduken, apo t\u00eb vriten sepse p\u00ebrpiqen t\u00eb raportojn\u00eb lajmet. Gjat\u00eb vitit t\u00eb kaluar, bota ishte d\u00ebshmitare si e premtimit ashtu edhe rrezikut ndaj nj\u00eb shtypi t\u00eb lir\u00eb.<\/p>\n<p>Kudo n\u00eb Lindjen e Mesme dhe Afrik\u00ebn e Veriut, gazetar\u00ebt, blogerat, regjisor\u00ebt, dhe analist\u00ebt u b\u00ebn\u00eb kronikan\u00eb t\u00eb protestave q\u00eb rrok\u00ebn t\u00eb gjith\u00eb rajonin, nd\u00ebrkoh\u00eb q\u00eb disa qytetar\u00eb, t\u00eb armatosur me asgj\u00eb tjet\u00ebr ve\u00e7 telefonave celular\u00eb, rrezikuan jet\u00ebn p\u00ebr t\u00eb ngarkuar t\u00eb v\u00ebrtet\u00ebn \u2013 me tekst, Twitter, and piksel. Duke b\u00ebr\u00eb k\u00ebt\u00eb, po ushtronin nj\u00eb liri themelore t\u00eb shenjt\u00ebruar n\u00eb Deklarat\u00ebn Universale p\u00ebr t\u00eb Drejtat e Njeriut, e cila deklaron: \u201cCilido ka t\u00eb drejt\u00ebn ndaj liris\u00eb s\u00eb mendimit dhe shprehjes; kjo e drejt\u00eb p\u00ebrfshin lirin\u00eb p\u00ebr t\u00eb pasur mendime pa nd\u00ebrhyrje prej ndokujt si dhe p\u00ebr t\u00eb k\u00ebrkuar, marr\u00eb dhe p\u00ebrcjell\u00eb informacion dhe ide n\u00ebp\u00ebrmjet \u00e7far\u00ebdolloj media dhe pavar\u00ebsisht prej kufijve\u201d. Megjithat\u00eb, tep\u00ebr qeveri p\u00ebrpiqen t\u00eb censurojn\u00eb median, drejtp\u00ebrdrejt apo t\u00ebrthorazi.<\/p>\n<p>Shum\u00eb gazetar\u00ebve investigues po u mbyllet goja, shum\u00eb prej tyre sepse ekspozojn\u00eb korrupsionin \u2013 n\u00eb nivele t\u00eb qeverisjes vendore, shtet\u00ebrore, and komb\u00ebtare. Shum\u00eb sulme e vrasje t\u00eb gazetar\u00ebve mbeten pa u nd\u00ebshkuar. N\u00eb Shqip\u00ebri, panorama ka qen\u00eb e p\u00ebrzier. Nga ana pozitive, u pa p\u00ebrparim n\u00eb miratimin e legjislacionit t\u00eb r\u00ebnd\u00ebsish\u00ebm p\u00ebr shpifjen n\u00eb muajin shkurt. Ky ishte nj\u00eb hap i v\u00ebrtet\u00eb p\u00ebrpara. Megjithat\u00eb, nga ana tjet\u00ebr, Raporti vjetor i Departamentit t\u00eb Shtetit p\u00ebr T\u00eb Drejtat e Njeriut v\u00ebrente nj\u00eb num\u00ebr fushash q\u00eb kan\u00eb nevoj\u00eb p\u00ebr p\u00ebrmir\u00ebsim, duke v\u00ebn\u00eb n\u00eb dukje: \u201c\u2026Media ishte aktive dhe n\u00eb mas\u00eb t\u00eb gjer\u00eb e pakufizuar; megjithat\u00eb, pati raste presioni politik t\u00eb drejtp\u00ebrdrejt\u00eb ose t\u00eb t\u00ebrthort\u00eb mbi median, p\u00ebrfshir\u00eb k\u00ebrc\u00ebnime ndaj gazetar\u00ebve.<\/p>\n<p>N\u00eb disa raste presioni politik dhe mungesa e fondeve kufizuan median e shkruar t\u00eb pavarur, dhe gazetar\u00ebt raportuan se kishin ushtruar gjer\u00ebsisht vet\u00ebcensur\u00eb\u2026\u201d M\u00eb tej raporti v\u00ebren, \u201cVazhduan forma t\u00eb ndryshme t\u00eb kanosjes ndaj medias. Gazetar\u00ebt vazhduan t\u00eb ankoheshin se botuesit dhe redaktor\u00ebt censuronin pun\u00ebn e tyre, drejtp\u00ebrdrejt ose t\u00ebrthorazi n\u00eb p\u00ebrgjigje t\u00eb presioneve politike apo t\u00eb biznesit. Shum\u00eb gazetar\u00eb u ankuan se mungesa e kontratave t\u00eb pun\u00ebs p\u00ebr ta shpesh pengonte mund\u00ebsin\u00eb e tyre p\u00ebr t\u00eb raportuar n\u00eb m\u00ebnyr\u00eb objektive.\u201d Ambasada e SHBA n\u00eb Tiran\u00eb shpreson q\u00eb t\u00eb gjith\u00eb aktor\u00ebt \u2013 parlamenti shqiptar, organizatat e medias, si dhe vet\u00eb gazetar\u00ebt \u2013 do t\u00eb ecin p\u00ebrpara me nj\u00eb p\u00ebrpjekje t\u00eb p\u00ebrbashk\u00ebt p\u00ebr t\u00eb kryer ndryshimet e duhura q\u00eb do t\u00eb \u00e7ojn\u00eb p\u00ebrpara lirin\u00eb e medias n\u00eb Shqip\u00ebri. E ardhmja e drejt\u00eb e Shqip\u00ebris\u00eb n\u00eb Bashkimin Europian varet nga nj\u00eb media e fort\u00eb dhe e pavarur.<\/p>\n<p>Nevoja e Shqip\u00ebris\u00eb p\u00ebr t\u00eb luftuar p\u00ebr nj\u00eb shtyp t\u00eb fort\u00eb dhe t\u00eb pavarur nuk \u00ebsht\u00eb e izoluar. Anemban\u00eb bot\u00ebs, lirit\u00eb e medias jan\u00eb g\u00ebrryer. N\u00eb disa raste, nuk jan\u00eb vet\u00ebm qeverit\u00eb q\u00eb sulmojn\u00eb, kanosin, dhe k\u00ebrc\u00ebnojn\u00eb gazetar\u00ebt. Jan\u00eb edhe kriminel\u00ebt \u2013 kartelet e drog\u00ebs \u2013 terrorist\u00ebt apo fraksionet politike. Kur gazetar\u00ebt k\u00ebrc\u00ebnohen, sulmohen, burgosen, apo zhduken, gazetar\u00ebt e tjer\u00eb vet\u00ebcensurohen. Nuk raportojn\u00eb m\u00eb lajmet. Ulin tonet e lajmeve. L\u00ebn\u00eb holl\u00ebsi pa p\u00ebrmendur. Burimet nuk i ndihmojn\u00eb m\u00eb. Redaktor\u00ebt hezitojn\u00eb t\u00eb botojn\u00eb artikuj. Vendin e s\u00eb v\u00ebrtet\u00ebs e z\u00eb frika. T\u00eb gjitha shoq\u00ebrit\u00eb tona vuajn\u00eb.<\/p>\n<p>Me rastin e Dit\u00ebs Bot\u00ebrore t\u00eb Liris\u00eb s\u00eb Shtypit, Shtetet e Bashkuara iu b\u00ebjn\u00eb thirrje t\u00eb gjitha qeverive q\u00eb t\u00eb nd\u00ebrmarrin hapat e nevojshme p\u00ebr t\u00eb krijuar hap\u00ebsir\u00eb q\u00eb gazetar\u00ebt e pavarur t\u00eb b\u00ebjn\u00eb pun\u00ebn e tyre pa frik\u00eb nga dhuna apo p\u00ebrndjekja. P\u00ebrsh\u00ebndesim n\u00eb ve\u00e7anti ata gazetar\u00eb, blogera dhe qytetar\u00eb t\u00eb guximsh\u00ebm q\u00eb kan\u00eb sakrifikuar jet\u00ebn, sh\u00ebndetin, apo lirin\u00eb e tyre me q\u00ebllim q\u00eb t\u00eb tjer\u00ebt t\u00eb m\u00ebsonin t\u00eb v\u00ebrtet\u00ebn. Po ashtu, nderojm\u00eb rolin e medias s\u00eb lir\u00eb dhe t\u00eb pavarur p\u00ebr t\u00eb krijuar demokraci t\u00eb q\u00ebndrueshme dhe shoq\u00ebri t\u00eb hapura e t\u00eb sh\u00ebndetshme.<\/p>\n","protected":false},"excerpt":{"rendered":"<p>Nga Aleksand\u00ebr A. Arvizu \/ Ambasador i SHBA Informacioni \u00ebsht\u00eb pushtet. Pak njer\u00ebz mund t\u00eb p\u00ebrballojn\u00eb jetes\u00ebn, t\u2019iu k\u00ebrkojn\u00eb llogari qeverive t\u00eb tyre, dhe t\u00eb edukojn\u00eb f\u00ebmij\u00ebt pa nj\u00eb rrjedh\u00eb t\u00eb sh\u00ebndetshme e t\u00eb lir\u00eb informacioni. Qytetar\u00ebt kan\u00eb nevoj\u00eb p\u00ebr lajme t\u00eb sakta, n\u00eb koh\u00eb, si dhe t\u00eb pavarura t\u00eb cilave mund t\u2019iu besojn\u00eb. E [&hellip;]<\/p>\n","protected":false},"author":1,"featured_media":0,"comment_status":"open","ping_status":"closed","sticky":false,"template":"","format":"standard","meta":{"footnotes":""},"categories":[2],"tags":[],"class_list":{"0":"post-2711","1":"post","2":"type-post","3":"status-publish","4":"format-standard","6":"category-artikuj"},"yoast_head":"<!-- This site is optimized with the Yoast SEO plugin v27.4 - https:\/\/yoast.com\/product\/yoast-seo-wordpress\/ -->\n<title>Pse liria e medias i b\u00ebn shoq\u00ebrit\u00eb m\u00eb t\u00eb sh\u00ebndetshme - FjALA e LIR\u00cb - Arkivi<\/title>\n<meta name=\"robots\" content=\"index, follow, max-snippet:-1, max-image-preview:large, max-video-preview:-1\" \/>\n<link rel=\"canonical\" href=\"https:\/\/fjala.info\/2009-2015\/pse-liria-e-medias-i-ben-shoqerite-me-te-shendetshme\/\" \/>\n<meta property=\"og:locale\" content=\"sq_AL\" \/>\n<meta property=\"og:type\" content=\"article\" \/>\n<meta property=\"og:title\" content=\"Pse liria e medias i b\u00ebn shoq\u00ebrit\u00eb m\u00eb t\u00eb sh\u00ebndetshme - FjALA e LIR\u00cb - Arkivi\" \/>\n<meta property=\"og:description\" content=\"Nga Aleksand\u00ebr A. Arvizu \/ Ambasador i SHBA Informacioni \u00ebsht\u00eb pushtet. Pak njer\u00ebz mund t\u00eb p\u00ebrballojn\u00eb jetes\u00ebn, t\u2019iu k\u00ebrkojn\u00eb llogari qeverive t\u00eb tyre, dhe t\u00eb edukojn\u00eb f\u00ebmij\u00ebt pa nj\u00eb rrjedh\u00eb t\u00eb sh\u00ebndetshme e t\u00eb lir\u00eb informacioni. Qytetar\u00ebt kan\u00eb nevoj\u00eb p\u00ebr lajme t\u00eb sakta, n\u00eb koh\u00eb, si dhe t\u00eb pavarura t\u00eb cilave mund t\u2019iu besojn\u00eb. E [&hellip;]\" \/>\n<meta property=\"og:url\" content=\"https:\/\/fjala.info\/2009-2015\/pse-liria-e-medias-i-ben-shoqerite-me-te-shendetshme\/\" \/>\n<meta property=\"og:site_name\" content=\"FjALA e LIR\u00cb - Arkivi\" \/>\n<meta property=\"article:published_time\" content=\"2012-05-05T08:09:55+00:00\" \/>\n<meta property=\"og:image\" content=\"http:\/\/www.shkoder.net\/2012\/aleksander_arvizu.jpg\" \/>\n<meta name=\"author\" content=\"admin\" \/>\n<meta name=\"twitter:card\" content=\"summary_large_image\" \/>\n<meta name=\"twitter:label1\" content=\"Written by\" \/>\n\t<meta name=\"twitter:data1\" content=\"admin\" \/>\n\t<meta name=\"twitter:label2\" content=\"Est. reading time\" \/>\n\t<meta name=\"twitter:data2\" content=\"5 minutes\" \/>\n<script type=\"application\/ld+json\" class=\"yoast-schema-graph\">{\"@context\":\"https:\\\/\\\/schema.org\",\"@graph\":[{\"@type\":\"Article\",\"@id\":\"https:\\\/\\\/fjala.info\\\/2009-2015\\\/pse-liria-e-medias-i-ben-shoqerite-me-te-shendetshme\\\/#article\",\"isPartOf\":{\"@id\":\"https:\\\/\\\/fjala.info\\\/2009-2015\\\/pse-liria-e-medias-i-ben-shoqerite-me-te-shendetshme\\\/\"},\"author\":{\"name\":\"admin\",\"@id\":\"https:\\\/\\\/fjala.info\\\/2009-2015\\\/#\\\/schema\\\/person\\\/3aa1163ef05469c496fc94e77611ada2\"},\"headline\":\"Pse liria e medias i b\u00ebn shoq\u00ebrit\u00eb m\u00eb t\u00eb sh\u00ebndetshme\",\"datePublished\":\"2012-05-05T08:09:55+00:00\",\"mainEntityOfPage\":{\"@id\":\"https:\\\/\\\/fjala.info\\\/2009-2015\\\/pse-liria-e-medias-i-ben-shoqerite-me-te-shendetshme\\\/\"},\"wordCount\":925,\"commentCount\":0,\"publisher\":{\"@id\":\"https:\\\/\\\/fjala.info\\\/2009-2015\\\/#organization\"},\"image\":{\"@id\":\"https:\\\/\\\/fjala.info\\\/2009-2015\\\/pse-liria-e-medias-i-ben-shoqerite-me-te-shendetshme\\\/#primaryimage\"},\"thumbnailUrl\":\"http:\\\/\\\/www.shkoder.net\\\/2012\\\/aleksander_arvizu.jpg\",\"articleSection\":[\"Artikuj\"],\"inLanguage\":\"sq-AL\",\"potentialAction\":[{\"@type\":\"CommentAction\",\"name\":\"Comment\",\"target\":[\"https:\\\/\\\/fjala.info\\\/2009-2015\\\/pse-liria-e-medias-i-ben-shoqerite-me-te-shendetshme\\\/#respond\"]}]},{\"@type\":\"WebPage\",\"@id\":\"https:\\\/\\\/fjala.info\\\/2009-2015\\\/pse-liria-e-medias-i-ben-shoqerite-me-te-shendetshme\\\/\",\"url\":\"https:\\\/\\\/fjala.info\\\/2009-2015\\\/pse-liria-e-medias-i-ben-shoqerite-me-te-shendetshme\\\/\",\"name\":\"Pse liria e medias i b\u00ebn shoq\u00ebrit\u00eb m\u00eb t\u00eb sh\u00ebndetshme - FjALA e LIR\u00cb - Arkivi\",\"isPartOf\":{\"@id\":\"https:\\\/\\\/fjala.info\\\/2009-2015\\\/#website\"},\"primaryImageOfPage\":{\"@id\":\"https:\\\/\\\/fjala.info\\\/2009-2015\\\/pse-liria-e-medias-i-ben-shoqerite-me-te-shendetshme\\\/#primaryimage\"},\"image\":{\"@id\":\"https:\\\/\\\/fjala.info\\\/2009-2015\\\/pse-liria-e-medias-i-ben-shoqerite-me-te-shendetshme\\\/#primaryimage\"},\"thumbnailUrl\":\"http:\\\/\\\/www.shkoder.net\\\/2012\\\/aleksander_arvizu.jpg\",\"datePublished\":\"2012-05-05T08:09:55+00:00\",\"breadcrumb\":{\"@id\":\"https:\\\/\\\/fjala.info\\\/2009-2015\\\/pse-liria-e-medias-i-ben-shoqerite-me-te-shendetshme\\\/#breadcrumb\"},\"inLanguage\":\"sq-AL\",\"potentialAction\":[{\"@type\":\"ReadAction\",\"target\":[\"https:\\\/\\\/fjala.info\\\/2009-2015\\\/pse-liria-e-medias-i-ben-shoqerite-me-te-shendetshme\\\/\"]}]},{\"@type\":\"ImageObject\",\"inLanguage\":\"sq-AL\",\"@id\":\"https:\\\/\\\/fjala.info\\\/2009-2015\\\/pse-liria-e-medias-i-ben-shoqerite-me-te-shendetshme\\\/#primaryimage\",\"url\":\"http:\\\/\\\/www.shkoder.net\\\/2012\\\/aleksander_arvizu.jpg\",\"contentUrl\":\"http:\\\/\\\/www.shkoder.net\\\/2012\\\/aleksander_arvizu.jpg\"},{\"@type\":\"BreadcrumbList\",\"@id\":\"https:\\\/\\\/fjala.info\\\/2009-2015\\\/pse-liria-e-medias-i-ben-shoqerite-me-te-shendetshme\\\/#breadcrumb\",\"itemListElement\":[{\"@type\":\"ListItem\",\"position\":1,\"name\":\"Home\",\"item\":\"https:\\\/\\\/fjala.info\\\/2009-2015\\\/\"},{\"@type\":\"ListItem\",\"position\":2,\"name\":\"Pse liria e medias i b\u00ebn shoq\u00ebrit\u00eb m\u00eb t\u00eb sh\u00ebndetshme\"}]},{\"@type\":\"WebSite\",\"@id\":\"https:\\\/\\\/fjala.info\\\/2009-2015\\\/#website\",\"url\":\"https:\\\/\\\/fjala.info\\\/2009-2015\\\/\",\"name\":\"FjALA e LIR\u00cb - Arkivi\",\"description\":\"Arkivi 2009-2015\",\"publisher\":{\"@id\":\"https:\\\/\\\/fjala.info\\\/2009-2015\\\/#organization\"},\"potentialAction\":[{\"@type\":\"SearchAction\",\"target\":{\"@type\":\"EntryPoint\",\"urlTemplate\":\"https:\\\/\\\/fjala.info\\\/2009-2015\\\/?s={search_term_string}\"},\"query-input\":{\"@type\":\"PropertyValueSpecification\",\"valueRequired\":true,\"valueName\":\"search_term_string\"}}],\"inLanguage\":\"sq-AL\"},{\"@type\":\"Organization\",\"@id\":\"https:\\\/\\\/fjala.info\\\/2009-2015\\\/#organization\",\"name\":\"FjALA e LIR\u00cb - Arkivi\",\"url\":\"https:\\\/\\\/fjala.info\\\/2009-2015\\\/\",\"logo\":{\"@type\":\"ImageObject\",\"inLanguage\":\"sq-AL\",\"@id\":\"https:\\\/\\\/fjala.info\\\/2009-2015\\\/#\\\/schema\\\/logo\\\/image\\\/\",\"url\":\"\",\"contentUrl\":\"\",\"caption\":\"FjALA e LIR\u00cb - Arkivi\"},\"image\":{\"@id\":\"https:\\\/\\\/fjala.info\\\/2009-2015\\\/#\\\/schema\\\/logo\\\/image\\\/\"}},{\"@type\":\"Person\",\"@id\":\"https:\\\/\\\/fjala.info\\\/2009-2015\\\/#\\\/schema\\\/person\\\/3aa1163ef05469c496fc94e77611ada2\",\"name\":\"admin\",\"image\":{\"@type\":\"ImageObject\",\"inLanguage\":\"sq-AL\",\"@id\":\"https:\\\/\\\/fjala.info\\\/2009-2015\\\/wp-content\\\/uploads\\\/2012\\\/02\\\/arben_cokaj-120x150.jpg\",\"url\":\"https:\\\/\\\/fjala.info\\\/2009-2015\\\/wp-content\\\/uploads\\\/2012\\\/02\\\/arben_cokaj-120x150.jpg\",\"contentUrl\":\"https:\\\/\\\/fjala.info\\\/2009-2015\\\/wp-content\\\/uploads\\\/2012\\\/02\\\/arben_cokaj-120x150.jpg\",\"caption\":\"admin\"},\"description\":\"Admin, Fjala e Lir\u00eb\",\"sameAs\":[\"https:\\\/\\\/fjala.info\\\/\"],\"url\":\"https:\\\/\\\/fjala.info\\\/2009-2015\\\/author\\\/admin\\\/\"}]}<\/script>\n<!-- \/ Yoast SEO plugin. -->","yoast_head_json":{"title":"Pse liria e medias i b\u00ebn shoq\u00ebrit\u00eb m\u00eb t\u00eb sh\u00ebndetshme - FjALA e LIR\u00cb - Arkivi","robots":{"index":"index","follow":"follow","max-snippet":"max-snippet:-1","max-image-preview":"max-image-preview:large","max-video-preview":"max-video-preview:-1"},"canonical":"https:\/\/fjala.info\/2009-2015\/pse-liria-e-medias-i-ben-shoqerite-me-te-shendetshme\/","og_locale":"sq_AL","og_type":"article","og_title":"Pse liria e medias i b\u00ebn shoq\u00ebrit\u00eb m\u00eb t\u00eb sh\u00ebndetshme - FjALA e LIR\u00cb - Arkivi","og_description":"Nga Aleksand\u00ebr A. Arvizu \/ Ambasador i SHBA Informacioni \u00ebsht\u00eb pushtet. Pak njer\u00ebz mund t\u00eb p\u00ebrballojn\u00eb jetes\u00ebn, t\u2019iu k\u00ebrkojn\u00eb llogari qeverive t\u00eb tyre, dhe t\u00eb edukojn\u00eb f\u00ebmij\u00ebt pa nj\u00eb rrjedh\u00eb t\u00eb sh\u00ebndetshme e t\u00eb lir\u00eb informacioni. Qytetar\u00ebt kan\u00eb nevoj\u00eb p\u00ebr lajme t\u00eb sakta, n\u00eb koh\u00eb, si dhe t\u00eb pavarura t\u00eb cilave mund t\u2019iu besojn\u00eb. E [&hellip;]","og_url":"https:\/\/fjala.info\/2009-2015\/pse-liria-e-medias-i-ben-shoqerite-me-te-shendetshme\/","og_site_name":"FjALA e LIR\u00cb - Arkivi","article_published_time":"2012-05-05T08:09:55+00:00","og_image":[{"url":"http:\/\/www.shkoder.net\/2012\/aleksander_arvizu.jpg","type":"","width":"","height":""}],"author":"admin","twitter_card":"summary_large_image","twitter_misc":{"Written by":"admin","Est. reading time":"5 minutes"},"schema":{"@context":"https:\/\/schema.org","@graph":[{"@type":"Article","@id":"https:\/\/fjala.info\/2009-2015\/pse-liria-e-medias-i-ben-shoqerite-me-te-shendetshme\/#article","isPartOf":{"@id":"https:\/\/fjala.info\/2009-2015\/pse-liria-e-medias-i-ben-shoqerite-me-te-shendetshme\/"},"author":{"name":"admin","@id":"https:\/\/fjala.info\/2009-2015\/#\/schema\/person\/3aa1163ef05469c496fc94e77611ada2"},"headline":"Pse liria e medias i b\u00ebn shoq\u00ebrit\u00eb m\u00eb t\u00eb sh\u00ebndetshme","datePublished":"2012-05-05T08:09:55+00:00","mainEntityOfPage":{"@id":"https:\/\/fjala.info\/2009-2015\/pse-liria-e-medias-i-ben-shoqerite-me-te-shendetshme\/"},"wordCount":925,"commentCount":0,"publisher":{"@id":"https:\/\/fjala.info\/2009-2015\/#organization"},"image":{"@id":"https:\/\/fjala.info\/2009-2015\/pse-liria-e-medias-i-ben-shoqerite-me-te-shendetshme\/#primaryimage"},"thumbnailUrl":"http:\/\/www.shkoder.net\/2012\/aleksander_arvizu.jpg","articleSection":["Artikuj"],"inLanguage":"sq-AL","potentialAction":[{"@type":"CommentAction","name":"Comment","target":["https:\/\/fjala.info\/2009-2015\/pse-liria-e-medias-i-ben-shoqerite-me-te-shendetshme\/#respond"]}]},{"@type":"WebPage","@id":"https:\/\/fjala.info\/2009-2015\/pse-liria-e-medias-i-ben-shoqerite-me-te-shendetshme\/","url":"https:\/\/fjala.info\/2009-2015\/pse-liria-e-medias-i-ben-shoqerite-me-te-shendetshme\/","name":"Pse liria e medias i b\u00ebn shoq\u00ebrit\u00eb m\u00eb t\u00eb sh\u00ebndetshme - FjALA e LIR\u00cb - Arkivi","isPartOf":{"@id":"https:\/\/fjala.info\/2009-2015\/#website"},"primaryImageOfPage":{"@id":"https:\/\/fjala.info\/2009-2015\/pse-liria-e-medias-i-ben-shoqerite-me-te-shendetshme\/#primaryimage"},"image":{"@id":"https:\/\/fjala.info\/2009-2015\/pse-liria-e-medias-i-ben-shoqerite-me-te-shendetshme\/#primaryimage"},"thumbnailUrl":"http:\/\/www.shkoder.net\/2012\/aleksander_arvizu.jpg","datePublished":"2012-05-05T08:09:55+00:00","breadcrumb":{"@id":"https:\/\/fjala.info\/2009-2015\/pse-liria-e-medias-i-ben-shoqerite-me-te-shendetshme\/#breadcrumb"},"inLanguage":"sq-AL","potentialAction":[{"@type":"ReadAction","target":["https:\/\/fjala.info\/2009-2015\/pse-liria-e-medias-i-ben-shoqerite-me-te-shendetshme\/"]}]},{"@type":"ImageObject","inLanguage":"sq-AL","@id":"https:\/\/fjala.info\/2009-2015\/pse-liria-e-medias-i-ben-shoqerite-me-te-shendetshme\/#primaryimage","url":"http:\/\/www.shkoder.net\/2012\/aleksander_arvizu.jpg","contentUrl":"http:\/\/www.shkoder.net\/2012\/aleksander_arvizu.jpg"},{"@type":"BreadcrumbList","@id":"https:\/\/fjala.info\/2009-2015\/pse-liria-e-medias-i-ben-shoqerite-me-te-shendetshme\/#breadcrumb","itemListElement":[{"@type":"ListItem","position":1,"name":"Home","item":"https:\/\/fjala.info\/2009-2015\/"},{"@type":"ListItem","position":2,"name":"Pse liria e medias i b\u00ebn shoq\u00ebrit\u00eb m\u00eb t\u00eb sh\u00ebndetshme"}]},{"@type":"WebSite","@id":"https:\/\/fjala.info\/2009-2015\/#website","url":"https:\/\/fjala.info\/2009-2015\/","name":"FjALA e LIR\u00cb - Arkivi","description":"Arkivi 2009-2015","publisher":{"@id":"https:\/\/fjala.info\/2009-2015\/#organization"},"potentialAction":[{"@type":"SearchAction","target":{"@type":"EntryPoint","urlTemplate":"https:\/\/fjala.info\/2009-2015\/?s={search_term_string}"},"query-input":{"@type":"PropertyValueSpecification","valueRequired":true,"valueName":"search_term_string"}}],"inLanguage":"sq-AL"},{"@type":"Organization","@id":"https:\/\/fjala.info\/2009-2015\/#organization","name":"FjALA e LIR\u00cb - Arkivi","url":"https:\/\/fjala.info\/2009-2015\/","logo":{"@type":"ImageObject","inLanguage":"sq-AL","@id":"https:\/\/fjala.info\/2009-2015\/#\/schema\/logo\/image\/","url":"","contentUrl":"","caption":"FjALA e LIR\u00cb - Arkivi"},"image":{"@id":"https:\/\/fjala.info\/2009-2015\/#\/schema\/logo\/image\/"}},{"@type":"Person","@id":"https:\/\/fjala.info\/2009-2015\/#\/schema\/person\/3aa1163ef05469c496fc94e77611ada2","name":"admin","image":{"@type":"ImageObject","inLanguage":"sq-AL","@id":"https:\/\/fjala.info\/2009-2015\/wp-content\/uploads\/2012\/02\/arben_cokaj-120x150.jpg","url":"https:\/\/fjala.info\/2009-2015\/wp-content\/uploads\/2012\/02\/arben_cokaj-120x150.jpg","contentUrl":"https:\/\/fjala.info\/2009-2015\/wp-content\/uploads\/2012\/02\/arben_cokaj-120x150.jpg","caption":"admin"},"description":"Admin, Fjala e Lir\u00eb","sameAs":["https:\/\/fjala.info\/"],"url":"https:\/\/fjala.info\/2009-2015\/author\/admin\/"}]}},"_links":{"self":[{"href":"https:\/\/fjala.info\/2009-2015\/wp-json\/wp\/v2\/posts\/2711","targetHints":{"allow":["GET"]}}],"collection":[{"href":"https:\/\/fjala.info\/2009-2015\/wp-json\/wp\/v2\/posts"}],"about":[{"href":"https:\/\/fjala.info\/2009-2015\/wp-json\/wp\/v2\/types\/post"}],"author":[{"embeddable":true,"href":"https:\/\/fjala.info\/2009-2015\/wp-json\/wp\/v2\/users\/1"}],"replies":[{"embeddable":true,"href":"https:\/\/fjala.info\/2009-2015\/wp-json\/wp\/v2\/comments?post=2711"}],"version-history":[{"count":0,"href":"https:\/\/fjala.info\/2009-2015\/wp-json\/wp\/v2\/posts\/2711\/revisions"}],"wp:attachment":[{"href":"https:\/\/fjala.info\/2009-2015\/wp-json\/wp\/v2\/media?parent=2711"}],"wp:term":[{"taxonomy":"category","embeddable":true,"href":"https:\/\/fjala.info\/2009-2015\/wp-json\/wp\/v2\/categories?post=2711"},{"taxonomy":"post_tag","embeddable":true,"href":"https:\/\/fjala.info\/2009-2015\/wp-json\/wp\/v2\/tags?post=2711"}],"curies":[{"name":"wp","href":"https:\/\/api.w.org\/{rel}","templated":true}]}}