{"id":2710,"date":"2010-05-18T22:52:44","date_gmt":"2010-05-18T21:52:44","guid":{"rendered":"http:\/\/fjala.shkoder.net\/?p=2710"},"modified":"2010-05-18T22:52:44","modified_gmt":"2010-05-18T21:52:44","slug":"shenomeni-edhe-mua","status":"publish","type":"post","link":"https:\/\/fjala.info\/2009-2015\/shenomeni-edhe-mua\/","title":{"rendered":"Sh\u00ebnom\u00ebni edhe mua!"},"content":{"rendered":"<p><img decoding=\"async\" style=\"margin-left: 10px; margin-right: 10px; border: 0px;\" src=\"http:\/\/www.shkoder.net\/images\/fjala\/arben_rrozhani.jpg\" border=\"0\" alt=\"Arben Rrozhani\" width=\"150\" align=\"right\" \/><\/p>\n<p><strong>Arben Rrozhani<\/strong>, <em>18.05.2010<\/em><\/p>\n<p>&#8220;Sh\u00ebnom\u00ebni edhe mua&#8221;, nj\u00eb titull drame shqiptare shkon shum\u00eb p\u00ebr nj\u00eb dram\u00eb t\u00eb dit\u00ebve t\u00eb sotme: at\u00eb q\u00eb po luhet n\u00eb sheshin mes zyrave t\u00eb Ekzekutivit dhe t\u00eb Legjislativit, ku mbi 150 shpirtra p\u00ebr minut\u00eb e m\u00eb t\u00eb drobitur jan\u00eb sot n\u00eb dit\u00ebn e 18-t\u00eb t\u00eb grev\u00ebs s\u00eb uris\u00eb.<\/p>\n<p>Ky titull dramatik shkon shum\u00eb dhe me d\u00ebshir\u00ebn e shum\u00eb njer\u00ebzve q\u00eb sapo t&#8217;i l\u00ebn\u00eb t\u00eb futen atje tek ato \u00e7adra q\u00eb jan\u00eb b\u00ebr\u00eb prej mbr\u00ebmjes s\u00eb 30 prillit simboli i rezistenc\u00ebs q\u00eb nj\u00eb populli t\u00eb bashkuar rreth politik\u00ebs q\u00eb nuk k\u00ebrkon asgj\u00eb m\u00eb shum\u00eb se t\u00eb shoh\u00eb \u00e7far\u00eb b\u00ebri qeveria e shkuar dhe kryeministri i sot\u00ebm me vot\u00ebn e 28 qershorit 2009.<\/p>\n<p>T\u00eb shkosh n\u00eb grev\u00eb urie p\u00ebrtej lajmit t\u00eb dit\u00ebs, \u00ebsht\u00eb nj\u00eb nder dhe sakrific\u00eb. Jan\u00eb par\u00eb shum\u00eb t\u00eb tilla dhe jan\u00eb mbushur qindra faqe gazetash.<\/p>\n<p>Shum\u00eb prej tyre i ka b\u00ebr\u00eb PD-ja. Si ajo e vitit 1997, kur disa ish-gjyqtar\u00eb t\u00eb ardhur nga shtresa e t\u00eb p\u00ebrndjekurve mbylleshin n\u00eb selin\u00eb e nj\u00eb partie t\u00eb djatht\u00eb n\u00eb rrug\u00ebn &#8220;Mine Peza&#8221;, n\u00ebn thirrjet e vazhdueshme p\u00ebr q\u00ebndres\u00eb t\u00eb PD-s\u00eb s\u00eb dal\u00eb n\u00eb opozit\u00eb.<\/p>\n<p>Si ajo e disa prej eksponent\u00ebve po t\u00eb PD-s\u00eb t\u00eb ndryr\u00eb n\u00eb nj\u00eb furgon p\u00ebrpara selis\u00eb s\u00eb RTVSH-s\u00eb, q\u00eb protestonin kund\u00ebr p\u00ebrdorimit politik t\u00eb medias publike nga qeveria e Fatos Nanos.<\/p>\n<p>Apo si greva unikale e Mandel\u00ebs s\u00eb Shqip\u00ebris\u00eb, Pjet\u00ebr Arbnori, po n\u00eb at\u00eb koh\u00eb n\u00eb em\u00ebr t\u00eb liris\u00eb s\u00eb medias dhe t\u00eb shprehjes, n\u00eb nj\u00ebr\u00ebn prej zyrave t\u00eb Kryesis\u00eb s\u00eb Kuvendit t\u00eb Shqip\u00ebris\u00eb. Apo qoft\u00eb edhe si greva e partive t\u00eb vogla dy vite m\u00eb par\u00eb, kund\u00ebr Kodit t\u00eb ri Elektoral, n\u00eb sall\u00ebn Plenare t\u00eb Kuvendit t\u00eb Shqip\u00ebris\u00eb.<\/p>\n<p>K\u00ebto greva urie, q\u00eb nuk mund t&#8217;i b\u00ebj\u00eb kush tjet\u00ebr p\u00ebrve\u00e7se opozita q\u00eb ndjehet e dhunuar nga pozita n\u00eb pushtet, si n\u00eb rastet e cituara m\u00eb sip\u00ebr jan\u00eb nj\u00eb pasuri jo vet\u00ebm politike dhe historike, por edhe njer\u00ebzore.<\/p>\n<p>Sepse pavar\u00ebsisht fyerjeve dhe sarkazm\u00ebs nga ana e pushtetit t\u00eb nginjur, shumica ka shprehur admirimin p\u00ebr l\u00ebvizjen paq\u00ebsore t\u00eb atyre personazheve, nga Arbnori, Meta e deri te 200 grevist\u00ebt e sakrific\u00ebs s\u00eb sotme t\u00eb uris\u00eb.<\/p>\n<p>Sot \u00ebsht\u00eb e v\u00ebshtir\u00eb t\u00eb mos jesh sot solidar me k\u00ebt\u00eb form\u00eb ekstreme proteste, ndaj nj\u00eb k\u00ebrkese kaq minimaliste, sa demokratike aq edhe kushtetuese: t\u00eb shoh\u00ebsh se \u00e7far\u00eb ka b\u00ebr\u00eb pushteti me vot\u00ebn t\u00ebnde t\u00eb hedhur m\u00eb 28 qershor 2009.<\/p>\n<p>Shumica prej nesh ka votuar n\u00eb qendra t\u00eb qet\u00eb dhe t\u00eb mir\u00ebv\u00ebzhguara t\u00eb Tiran\u00ebs, p\u00ebrball\u00eb komisioner\u00ebsh korrekt\u00eb dhe buzagaz, me boj\u00eb n\u00eb thua, numrat e identifikimit p\u00ebrbri gjeneraliteteve, mbushjen e flet\u00ebs s\u00eb votimit i strukur mir\u00eb pas perdes. Por nuk ngjau k\u00ebshtu n\u00ebp\u00ebr Shqip\u00ebri. Sepse ndodhi si n\u00eb Ruzhdie.<\/p>\n<p>Dosja e saj t\u00eb ngjall neveri dhe pesimiz\u00ebm. Komisioner\u00eb t\u00eb pushtetit q\u00eb votojn\u00eb n\u00eb em\u00ebr t\u00eb bashk\u00ebfshatar\u00ebve q\u00eb kan\u00eb ikur nga syt\u00eb k\u00ebmb\u00ebt p\u00ebr t\u00eb siguruar buk\u00ebn e goj\u00ebs n\u00eb emigracion, q\u00eb radhitin numra serial\u00eb dhe identifikimi fals\u00eb, q\u00eb k\u00ebrc\u00ebnojn\u00eb me vdekje koleg\u00ebt e opozit\u00ebs pse nuk pranojn\u00eb t\u00eb b\u00ebhen pjes\u00eb e manipulimit zgjedhor, komisioner\u00eb si ai i Ruzhdies, q\u00eb si p\u00ebr ironi t\u00eb faktit ka sht\u00ebpin\u00eb m\u00eb t\u00eb mir\u00eb n\u00eb fshatin q\u00eb po gremiset dhe ku duhet disa or\u00eb p\u00ebr t\u00eb vajtur edhe pse \u00ebsht\u00eb pak kilometra larg Fierit.<\/p>\n<p>Mbi ta jan\u00eb urdh\u00ebruesit e tyre n\u00eb Tiran\u00eb, q\u00eb dit\u00ebn e pasvotimeve e kthyen shesh beteje p\u00ebr t\u00eb vjedhur mandate t\u00eb mjafta sa p\u00ebr t\u00eb siguruar shumic\u00ebn parlamentare, pa\u00e7ka se ishin zotuar se do t\u00eb b\u00ebnin zgjedhje t\u00eb lira dhe ndershme, si\u00e7 i ka hije nj\u00eb vendi q\u00eb sapo ishte pranuar n\u00eb NATO dhe sapo kishte dor\u00ebzuar zarfin e aplikimit p\u00ebr an\u00ebtar\u00ebsim n\u00eb BE.<\/p>\n<p>Nga Afganistani apo Iraku i p\u00ebrgjakur, te Rumania an\u00ebtare e BE-s\u00eb, kur pati k\u00ebrkesa t\u00eb tilla kutit\u00eb e hap\u00ebn, \u00e7do vot\u00eb u num\u00ebrua dhe qeverit\u00eb dol\u00ebn t\u00eb palara para popullit, nd\u00ebrsa e v\u00ebrteta n\u00eb shesh.<\/p>\n<p>Si qytetar \u00ebsht\u00eb e v\u00ebshtir\u00eb t\u00eb mos jesh solidar me grev\u00ebn e uris\u00eb dhe kund\u00ebr qeveris\u00eb, e cila gati pas nj\u00eb viti, kur lan\u00e7oi sloganin &#8220;Shqip\u00ebria po ndryshon&#8221; e ka mbajtur fjal\u00ebn, sipas m\u00ebnyr\u00ebs s\u00eb vet, dhe ky vend po ndryshon p\u00ebrdit\u00eb e p\u00ebr m\u00eb keq.<\/p>\n<p>Sepse vet\u00ebm nj\u00eb qeveri q\u00eb merr \u00e7far\u00eb t\u00eb mund\u00eb, n\u00eb fillim vot\u00ebn pastaj parat\u00eb mund t\u00eb b\u00ebj\u00eb me vendin si\u00e7 po b\u00ebn qeveria aktuale me shqiptar\u00ebt, t\u00eb cil\u00ebt po b\u00ebhen gjithnj\u00eb e m\u00eb t\u00eb varf\u00ebr dhe gjithnj\u00eb e m\u00eb t\u00eb papranuesh\u00ebm nga komuniteti nd\u00ebrkomb\u00ebtar, p\u00ebrball\u00eb nj\u00eb kaste pushteti gjithnj\u00eb e m\u00eb t\u00eb pasur dhe m\u00eb arrogante.<\/p>\n<p>K\u00ebto dit\u00eb q\u00ebndrese paq\u00ebsore, kan\u00eb v\u00ebn\u00eb p\u00ebrball\u00eb dy kampe n\u00eb Shqip\u00ebri, q\u00eb kan\u00eb interesa t\u00eb kund\u00ebrta: nga nj\u00ebra an\u00eb \u00ebsht\u00eb pushteti me t\u00eb (pa)ngopurit e tij q\u00eb nuk kan\u00eb nd\u00ebrmend t\u00eb l\u00ebshojn\u00eb asnj\u00eb fije t\u00eb pushtetit t\u00eb rr\u00ebmbyer me mashtrime dhe manipulime n\u00eb 28 qershor 2009, nd\u00ebrsa p\u00ebrball\u00eb tij \u00ebsht\u00eb armata e t\u00eb uriturve, q\u00eb n\u00ebse jan\u00eb shtuar, kjo \u00ebsht\u00eb p\u00ebr merit\u00eb t\u00eb keqqeverisjes dhe kan\u00eb shum\u00eb m\u00eb tep\u00ebr arsye t\u00eb bashkohen paq\u00ebsisht kund\u00ebr qeveris\u00eb te \u00e7adra e uris\u00eb, duke k\u00ebrkuar &#8220;sh\u00ebnom\u00ebni edhe mua!&#8221;.<\/p>\n","protected":false},"excerpt":{"rendered":"<p>Arben Rrozhani, 18.05.2010 &#8220;Sh\u00ebnom\u00ebni edhe mua&#8221;, nj\u00eb titull drame shqiptare shkon shum\u00eb p\u00ebr nj\u00eb dram\u00eb t\u00eb dit\u00ebve t\u00eb sotme: at\u00eb q\u00eb po luhet n\u00eb sheshin mes zyrave t\u00eb Ekzekutivit dhe t\u00eb Legjislativit, ku mbi 150 shpirtra p\u00ebr minut\u00eb e m\u00eb t\u00eb drobitur jan\u00eb sot n\u00eb dit\u00ebn e 18-t\u00eb t\u00eb grev\u00ebs s\u00eb uris\u00eb. Ky titull dramatik [&hellip;]<\/p>\n","protected":false},"author":1,"featured_media":0,"comment_status":"open","ping_status":"closed","sticky":false,"template":"","format":"standard","meta":{"footnotes":""},"categories":[2],"tags":[],"class_list":{"0":"post-2710","1":"post","2":"type-post","3":"status-publish","4":"format-standard","6":"category-artikuj"},"yoast_head":"<!-- This site is optimized with the Yoast SEO plugin v27.4 - https:\/\/yoast.com\/product\/yoast-seo-wordpress\/ -->\n<title>Sh\u00ebnom\u00ebni edhe mua! - FjALA e LIR\u00cb - Arkivi<\/title>\n<meta name=\"robots\" content=\"index, follow, max-snippet:-1, max-image-preview:large, max-video-preview:-1\" \/>\n<link rel=\"canonical\" href=\"https:\/\/fjala.info\/2009-2015\/shenomeni-edhe-mua\/\" \/>\n<meta property=\"og:locale\" content=\"sq_AL\" \/>\n<meta property=\"og:type\" content=\"article\" \/>\n<meta property=\"og:title\" content=\"Sh\u00ebnom\u00ebni edhe mua! - FjALA e LIR\u00cb - Arkivi\" \/>\n<meta property=\"og:description\" content=\"Arben Rrozhani, 18.05.2010 &#8220;Sh\u00ebnom\u00ebni edhe mua&#8221;, nj\u00eb titull drame shqiptare shkon shum\u00eb p\u00ebr nj\u00eb dram\u00eb t\u00eb dit\u00ebve t\u00eb sotme: at\u00eb q\u00eb po luhet n\u00eb sheshin mes zyrave t\u00eb Ekzekutivit dhe t\u00eb Legjislativit, ku mbi 150 shpirtra p\u00ebr minut\u00eb e m\u00eb t\u00eb drobitur jan\u00eb sot n\u00eb dit\u00ebn e 18-t\u00eb t\u00eb grev\u00ebs s\u00eb uris\u00eb. Ky titull dramatik [&hellip;]\" \/>\n<meta property=\"og:url\" content=\"https:\/\/fjala.info\/2009-2015\/shenomeni-edhe-mua\/\" \/>\n<meta property=\"og:site_name\" content=\"FjALA e LIR\u00cb - Arkivi\" \/>\n<meta property=\"article:published_time\" content=\"2010-05-18T21:52:44+00:00\" \/>\n<meta property=\"og:image\" content=\"http:\/\/www.shkoder.net\/images\/fjala\/arben_rrozhani.jpg\" \/>\n<meta name=\"author\" content=\"admin\" \/>\n<meta name=\"twitter:card\" content=\"summary_large_image\" \/>\n<meta name=\"twitter:label1\" content=\"Written by\" \/>\n\t<meta name=\"twitter:data1\" content=\"admin\" \/>\n\t<meta name=\"twitter:label2\" content=\"Est. reading time\" \/>\n\t<meta name=\"twitter:data2\" content=\"5 minutes\" \/>\n<script type=\"application\/ld+json\" class=\"yoast-schema-graph\">{\"@context\":\"https:\\\/\\\/schema.org\",\"@graph\":[{\"@type\":\"Article\",\"@id\":\"https:\\\/\\\/fjala.info\\\/2009-2015\\\/shenomeni-edhe-mua\\\/#article\",\"isPartOf\":{\"@id\":\"https:\\\/\\\/fjala.info\\\/2009-2015\\\/shenomeni-edhe-mua\\\/\"},\"author\":{\"name\":\"admin\",\"@id\":\"https:\\\/\\\/fjala.info\\\/2009-2015\\\/#\\\/schema\\\/person\\\/3aa1163ef05469c496fc94e77611ada2\"},\"headline\":\"Sh\u00ebnom\u00ebni edhe mua!\",\"datePublished\":\"2010-05-18T21:52:44+00:00\",\"mainEntityOfPage\":{\"@id\":\"https:\\\/\\\/fjala.info\\\/2009-2015\\\/shenomeni-edhe-mua\\\/\"},\"wordCount\":962,\"commentCount\":0,\"publisher\":{\"@id\":\"https:\\\/\\\/fjala.info\\\/2009-2015\\\/#organization\"},\"image\":{\"@id\":\"https:\\\/\\\/fjala.info\\\/2009-2015\\\/shenomeni-edhe-mua\\\/#primaryimage\"},\"thumbnailUrl\":\"http:\\\/\\\/www.shkoder.net\\\/images\\\/fjala\\\/arben_rrozhani.jpg\",\"articleSection\":[\"Artikuj\"],\"inLanguage\":\"sq-AL\",\"potentialAction\":[{\"@type\":\"CommentAction\",\"name\":\"Comment\",\"target\":[\"https:\\\/\\\/fjala.info\\\/2009-2015\\\/shenomeni-edhe-mua\\\/#respond\"]}]},{\"@type\":\"WebPage\",\"@id\":\"https:\\\/\\\/fjala.info\\\/2009-2015\\\/shenomeni-edhe-mua\\\/\",\"url\":\"https:\\\/\\\/fjala.info\\\/2009-2015\\\/shenomeni-edhe-mua\\\/\",\"name\":\"Sh\u00ebnom\u00ebni edhe mua! - FjALA e LIR\u00cb - Arkivi\",\"isPartOf\":{\"@id\":\"https:\\\/\\\/fjala.info\\\/2009-2015\\\/#website\"},\"primaryImageOfPage\":{\"@id\":\"https:\\\/\\\/fjala.info\\\/2009-2015\\\/shenomeni-edhe-mua\\\/#primaryimage\"},\"image\":{\"@id\":\"https:\\\/\\\/fjala.info\\\/2009-2015\\\/shenomeni-edhe-mua\\\/#primaryimage\"},\"thumbnailUrl\":\"http:\\\/\\\/www.shkoder.net\\\/images\\\/fjala\\\/arben_rrozhani.jpg\",\"datePublished\":\"2010-05-18T21:52:44+00:00\",\"breadcrumb\":{\"@id\":\"https:\\\/\\\/fjala.info\\\/2009-2015\\\/shenomeni-edhe-mua\\\/#breadcrumb\"},\"inLanguage\":\"sq-AL\",\"potentialAction\":[{\"@type\":\"ReadAction\",\"target\":[\"https:\\\/\\\/fjala.info\\\/2009-2015\\\/shenomeni-edhe-mua\\\/\"]}]},{\"@type\":\"ImageObject\",\"inLanguage\":\"sq-AL\",\"@id\":\"https:\\\/\\\/fjala.info\\\/2009-2015\\\/shenomeni-edhe-mua\\\/#primaryimage\",\"url\":\"http:\\\/\\\/www.shkoder.net\\\/images\\\/fjala\\\/arben_rrozhani.jpg\",\"contentUrl\":\"http:\\\/\\\/www.shkoder.net\\\/images\\\/fjala\\\/arben_rrozhani.jpg\"},{\"@type\":\"BreadcrumbList\",\"@id\":\"https:\\\/\\\/fjala.info\\\/2009-2015\\\/shenomeni-edhe-mua\\\/#breadcrumb\",\"itemListElement\":[{\"@type\":\"ListItem\",\"position\":1,\"name\":\"Home\",\"item\":\"https:\\\/\\\/fjala.info\\\/2009-2015\\\/\"},{\"@type\":\"ListItem\",\"position\":2,\"name\":\"Sh\u00ebnom\u00ebni edhe mua!\"}]},{\"@type\":\"WebSite\",\"@id\":\"https:\\\/\\\/fjala.info\\\/2009-2015\\\/#website\",\"url\":\"https:\\\/\\\/fjala.info\\\/2009-2015\\\/\",\"name\":\"FjALA e LIR\u00cb - Arkivi\",\"description\":\"Arkivi 2009-2015\",\"publisher\":{\"@id\":\"https:\\\/\\\/fjala.info\\\/2009-2015\\\/#organization\"},\"potentialAction\":[{\"@type\":\"SearchAction\",\"target\":{\"@type\":\"EntryPoint\",\"urlTemplate\":\"https:\\\/\\\/fjala.info\\\/2009-2015\\\/?s={search_term_string}\"},\"query-input\":{\"@type\":\"PropertyValueSpecification\",\"valueRequired\":true,\"valueName\":\"search_term_string\"}}],\"inLanguage\":\"sq-AL\"},{\"@type\":\"Organization\",\"@id\":\"https:\\\/\\\/fjala.info\\\/2009-2015\\\/#organization\",\"name\":\"FjALA e LIR\u00cb - Arkivi\",\"url\":\"https:\\\/\\\/fjala.info\\\/2009-2015\\\/\",\"logo\":{\"@type\":\"ImageObject\",\"inLanguage\":\"sq-AL\",\"@id\":\"https:\\\/\\\/fjala.info\\\/2009-2015\\\/#\\\/schema\\\/logo\\\/image\\\/\",\"url\":\"\",\"contentUrl\":\"\",\"caption\":\"FjALA e LIR\u00cb - Arkivi\"},\"image\":{\"@id\":\"https:\\\/\\\/fjala.info\\\/2009-2015\\\/#\\\/schema\\\/logo\\\/image\\\/\"}},{\"@type\":\"Person\",\"@id\":\"https:\\\/\\\/fjala.info\\\/2009-2015\\\/#\\\/schema\\\/person\\\/3aa1163ef05469c496fc94e77611ada2\",\"name\":\"admin\",\"image\":{\"@type\":\"ImageObject\",\"inLanguage\":\"sq-AL\",\"@id\":\"https:\\\/\\\/fjala.info\\\/2009-2015\\\/wp-content\\\/uploads\\\/2012\\\/02\\\/arben_cokaj-120x150.jpg\",\"url\":\"https:\\\/\\\/fjala.info\\\/2009-2015\\\/wp-content\\\/uploads\\\/2012\\\/02\\\/arben_cokaj-120x150.jpg\",\"contentUrl\":\"https:\\\/\\\/fjala.info\\\/2009-2015\\\/wp-content\\\/uploads\\\/2012\\\/02\\\/arben_cokaj-120x150.jpg\",\"caption\":\"admin\"},\"description\":\"Admin, Fjala e Lir\u00eb\",\"sameAs\":[\"https:\\\/\\\/fjala.info\\\/\"],\"url\":\"https:\\\/\\\/fjala.info\\\/2009-2015\\\/author\\\/admin\\\/\"}]}<\/script>\n<!-- \/ Yoast SEO plugin. -->","yoast_head_json":{"title":"Sh\u00ebnom\u00ebni edhe mua! - FjALA e LIR\u00cb - Arkivi","robots":{"index":"index","follow":"follow","max-snippet":"max-snippet:-1","max-image-preview":"max-image-preview:large","max-video-preview":"max-video-preview:-1"},"canonical":"https:\/\/fjala.info\/2009-2015\/shenomeni-edhe-mua\/","og_locale":"sq_AL","og_type":"article","og_title":"Sh\u00ebnom\u00ebni edhe mua! - FjALA e LIR\u00cb - Arkivi","og_description":"Arben Rrozhani, 18.05.2010 &#8220;Sh\u00ebnom\u00ebni edhe mua&#8221;, nj\u00eb titull drame shqiptare shkon shum\u00eb p\u00ebr nj\u00eb dram\u00eb t\u00eb dit\u00ebve t\u00eb sotme: at\u00eb q\u00eb po luhet n\u00eb sheshin mes zyrave t\u00eb Ekzekutivit dhe t\u00eb Legjislativit, ku mbi 150 shpirtra p\u00ebr minut\u00eb e m\u00eb t\u00eb drobitur jan\u00eb sot n\u00eb dit\u00ebn e 18-t\u00eb t\u00eb grev\u00ebs s\u00eb uris\u00eb. Ky titull dramatik [&hellip;]","og_url":"https:\/\/fjala.info\/2009-2015\/shenomeni-edhe-mua\/","og_site_name":"FjALA e LIR\u00cb - Arkivi","article_published_time":"2010-05-18T21:52:44+00:00","og_image":[{"url":"http:\/\/www.shkoder.net\/images\/fjala\/arben_rrozhani.jpg","type":"","width":"","height":""}],"author":"admin","twitter_card":"summary_large_image","twitter_misc":{"Written by":"admin","Est. reading time":"5 minutes"},"schema":{"@context":"https:\/\/schema.org","@graph":[{"@type":"Article","@id":"https:\/\/fjala.info\/2009-2015\/shenomeni-edhe-mua\/#article","isPartOf":{"@id":"https:\/\/fjala.info\/2009-2015\/shenomeni-edhe-mua\/"},"author":{"name":"admin","@id":"https:\/\/fjala.info\/2009-2015\/#\/schema\/person\/3aa1163ef05469c496fc94e77611ada2"},"headline":"Sh\u00ebnom\u00ebni edhe mua!","datePublished":"2010-05-18T21:52:44+00:00","mainEntityOfPage":{"@id":"https:\/\/fjala.info\/2009-2015\/shenomeni-edhe-mua\/"},"wordCount":962,"commentCount":0,"publisher":{"@id":"https:\/\/fjala.info\/2009-2015\/#organization"},"image":{"@id":"https:\/\/fjala.info\/2009-2015\/shenomeni-edhe-mua\/#primaryimage"},"thumbnailUrl":"http:\/\/www.shkoder.net\/images\/fjala\/arben_rrozhani.jpg","articleSection":["Artikuj"],"inLanguage":"sq-AL","potentialAction":[{"@type":"CommentAction","name":"Comment","target":["https:\/\/fjala.info\/2009-2015\/shenomeni-edhe-mua\/#respond"]}]},{"@type":"WebPage","@id":"https:\/\/fjala.info\/2009-2015\/shenomeni-edhe-mua\/","url":"https:\/\/fjala.info\/2009-2015\/shenomeni-edhe-mua\/","name":"Sh\u00ebnom\u00ebni edhe mua! - FjALA e LIR\u00cb - Arkivi","isPartOf":{"@id":"https:\/\/fjala.info\/2009-2015\/#website"},"primaryImageOfPage":{"@id":"https:\/\/fjala.info\/2009-2015\/shenomeni-edhe-mua\/#primaryimage"},"image":{"@id":"https:\/\/fjala.info\/2009-2015\/shenomeni-edhe-mua\/#primaryimage"},"thumbnailUrl":"http:\/\/www.shkoder.net\/images\/fjala\/arben_rrozhani.jpg","datePublished":"2010-05-18T21:52:44+00:00","breadcrumb":{"@id":"https:\/\/fjala.info\/2009-2015\/shenomeni-edhe-mua\/#breadcrumb"},"inLanguage":"sq-AL","potentialAction":[{"@type":"ReadAction","target":["https:\/\/fjala.info\/2009-2015\/shenomeni-edhe-mua\/"]}]},{"@type":"ImageObject","inLanguage":"sq-AL","@id":"https:\/\/fjala.info\/2009-2015\/shenomeni-edhe-mua\/#primaryimage","url":"http:\/\/www.shkoder.net\/images\/fjala\/arben_rrozhani.jpg","contentUrl":"http:\/\/www.shkoder.net\/images\/fjala\/arben_rrozhani.jpg"},{"@type":"BreadcrumbList","@id":"https:\/\/fjala.info\/2009-2015\/shenomeni-edhe-mua\/#breadcrumb","itemListElement":[{"@type":"ListItem","position":1,"name":"Home","item":"https:\/\/fjala.info\/2009-2015\/"},{"@type":"ListItem","position":2,"name":"Sh\u00ebnom\u00ebni edhe mua!"}]},{"@type":"WebSite","@id":"https:\/\/fjala.info\/2009-2015\/#website","url":"https:\/\/fjala.info\/2009-2015\/","name":"FjALA e LIR\u00cb - Arkivi","description":"Arkivi 2009-2015","publisher":{"@id":"https:\/\/fjala.info\/2009-2015\/#organization"},"potentialAction":[{"@type":"SearchAction","target":{"@type":"EntryPoint","urlTemplate":"https:\/\/fjala.info\/2009-2015\/?s={search_term_string}"},"query-input":{"@type":"PropertyValueSpecification","valueRequired":true,"valueName":"search_term_string"}}],"inLanguage":"sq-AL"},{"@type":"Organization","@id":"https:\/\/fjala.info\/2009-2015\/#organization","name":"FjALA e LIR\u00cb - Arkivi","url":"https:\/\/fjala.info\/2009-2015\/","logo":{"@type":"ImageObject","inLanguage":"sq-AL","@id":"https:\/\/fjala.info\/2009-2015\/#\/schema\/logo\/image\/","url":"","contentUrl":"","caption":"FjALA e LIR\u00cb - Arkivi"},"image":{"@id":"https:\/\/fjala.info\/2009-2015\/#\/schema\/logo\/image\/"}},{"@type":"Person","@id":"https:\/\/fjala.info\/2009-2015\/#\/schema\/person\/3aa1163ef05469c496fc94e77611ada2","name":"admin","image":{"@type":"ImageObject","inLanguage":"sq-AL","@id":"https:\/\/fjala.info\/2009-2015\/wp-content\/uploads\/2012\/02\/arben_cokaj-120x150.jpg","url":"https:\/\/fjala.info\/2009-2015\/wp-content\/uploads\/2012\/02\/arben_cokaj-120x150.jpg","contentUrl":"https:\/\/fjala.info\/2009-2015\/wp-content\/uploads\/2012\/02\/arben_cokaj-120x150.jpg","caption":"admin"},"description":"Admin, Fjala e Lir\u00eb","sameAs":["https:\/\/fjala.info\/"],"url":"https:\/\/fjala.info\/2009-2015\/author\/admin\/"}]}},"_links":{"self":[{"href":"https:\/\/fjala.info\/2009-2015\/wp-json\/wp\/v2\/posts\/2710","targetHints":{"allow":["GET"]}}],"collection":[{"href":"https:\/\/fjala.info\/2009-2015\/wp-json\/wp\/v2\/posts"}],"about":[{"href":"https:\/\/fjala.info\/2009-2015\/wp-json\/wp\/v2\/types\/post"}],"author":[{"embeddable":true,"href":"https:\/\/fjala.info\/2009-2015\/wp-json\/wp\/v2\/users\/1"}],"replies":[{"embeddable":true,"href":"https:\/\/fjala.info\/2009-2015\/wp-json\/wp\/v2\/comments?post=2710"}],"version-history":[{"count":0,"href":"https:\/\/fjala.info\/2009-2015\/wp-json\/wp\/v2\/posts\/2710\/revisions"}],"wp:attachment":[{"href":"https:\/\/fjala.info\/2009-2015\/wp-json\/wp\/v2\/media?parent=2710"}],"wp:term":[{"taxonomy":"category","embeddable":true,"href":"https:\/\/fjala.info\/2009-2015\/wp-json\/wp\/v2\/categories?post=2710"},{"taxonomy":"post_tag","embeddable":true,"href":"https:\/\/fjala.info\/2009-2015\/wp-json\/wp\/v2\/tags?post=2710"}],"curies":[{"name":"wp","href":"https:\/\/api.w.org\/{rel}","templated":true}]}}