{"id":2708,"date":"2010-05-18T22:50:42","date_gmt":"2010-05-18T21:50:42","guid":{"rendered":"http:\/\/fjala.shkoder.net\/?p=2708"},"modified":"2010-05-18T22:50:42","modified_gmt":"2010-05-18T21:50:42","slug":"nevoja-per-te-mbajtur-gjalle-frymen-opozitare","status":"publish","type":"post","link":"https:\/\/fjala.info\/2009-2015\/nevoja-per-te-mbajtur-gjalle-frymen-opozitare\/","title":{"rendered":"Nevoja p\u00ebr t\u00eb mbajtur gjall\u00eb frym\u00ebn opozitare"},"content":{"rendered":"<p><img decoding=\"async\" style=\"margin-left: 10px; margin-right: 10px; border: 0px;\" src=\"http:\/\/www.shkoder.net\/images\/fjala\/mero_baze1.jpg\" border=\"0\" alt=\"Mero Baze\" width=\"100\" align=\"right\" \/><\/p>\n<p>Nga <strong>Mero Baze<\/strong>, &#8220;<em>Faktori Plus<\/em>&#8221;<\/p>\n<p>Opozita shqiptare po p\u00ebrballet me pasojat sh\u00ebndet\u00ebsore dhe fizike q\u00eb vijn\u00eb nga tejzgjatja e kriz\u00ebs politike n\u00eb vend, pasi dhjet\u00ebra grevist\u00eb t\u00eb uris\u00eb po d\u00ebrgohen \u00e7do or\u00eb n\u00eb spital n\u00eb gjendje kritike. Situata e cila r\u00ebndohet nga \u00e7asti n\u00eb \u00e7ast, natyrisht q\u00eb ka futur n\u00eb v\u00ebshtir\u00ebsi lidershipin e opozit\u00ebs rreth marrjes s\u00eb nj\u00eb vendimi teknik p\u00ebr vazhdimin e protest\u00ebs. Vendimi\u00a0i sot\u00ebm\u00a0i grupit parlamentar socialist, \u00ebsht\u00eb vendim politik, i cili garanton vazhdimin e grev\u00ebs dhe protestave n\u00eb rrug\u00eb. Por p\u00ebrball\u00eb opozit\u00ebs tanim\u00eb gjenden dy mund\u00ebsi teknike p\u00ebr ta vazhduar grev\u00ebn. E para \u00ebsht\u00eb q\u00eb t\u00eb z\u00ebvend\u00ebsohen grevist\u00ebt e larguar p\u00ebr arsye sh\u00ebndet\u00ebsore.<\/p>\n<p>Edhe pse e gjitha \u00ebsht\u00eb thjesht nj\u00eb veprim taktik, n\u00eb thelb ajo zbeh vlerat dhe sakrificat e grevist\u00ebve q\u00eb hyn\u00eb n\u00eb grev\u00eb urie m\u00eb 30 Prill. Sakrifica e tyre njer\u00ebzore dhe q\u00ebndresa n\u00eb bulevard p\u00ebr 18 dit\u00eb ka l\u00ebn\u00eb gjurm\u00eb t\u00eb forta n\u00eb politik\u00ebn shqiptare dhe\u00a0i ka dh\u00ebn\u00eb nj\u00eb leksion t\u00eb ashp\u00ebr arroganc\u00ebs s\u00eb qeveris\u00eb. Njer\u00ebzit q\u00eb kan\u00eb sakrifikuar n\u00eb k\u00ebt\u00eb grev\u00eb, kan\u00eb fituar mb\u00ebshtetje popullore dhe kan\u00eb sh\u00ebrbyer si b\u00ebrtham\u00eb e nj\u00eb proteste t\u00eb pand\u00ebrprer\u00eb p\u00ebr gati 18 dit\u00eb. Greva e tyre meriton t\u00eb p\u00ebrfundoj\u00eb si grev\u00eb e tyre. Ata duhet t\u00eb q\u00ebndrojn\u00eb aty deri n\u00eb nj\u00eb moment kritik dhe ta mbyllin grev\u00ebn pa u p\u00ebrzier\u00eb me mb\u00ebshtet\u00ebs t\u00eb tjer\u00eb. Mund\u00ebsia e dyt\u00eb teknike, ajo e nj\u00eb greve t\u00eb re pas mbylljes s\u00eb k\u00ebtij cikli \u00ebsht\u00eb m\u00eb dinjitoze.<\/p>\n<p>Kur grevisti i fundit t\u00eb l\u00ebr\u00eb \u00e7adrat n\u00eb Bulevardin \u201cD\u00ebshmor\u00ebt e Kombit\u201d, opozita mund t\u00eb vendos\u00eb t\u00eb p\u00ebrshkall\u00ebzoj\u00eb protest\u00ebn me nj\u00eb grev\u00eb t\u00eb re, me k\u00ebrkesa m\u00eb radikale dhe natyrisht me nj\u00eb kualitet t\u00eb ri. Vala e re e grev\u00ebs s\u00eb uris\u00eb ka kuptim p\u00ebr aq koh\u00eb sa ka vendosm\u00ebri p\u00ebr t\u00eb b\u00ebr\u00eb betej\u00eb p\u00ebr transparenc\u00eb e zgjedhjeve dhe k\u00ebrkesat e tjera q\u00eb opozita parashtroi publikisht. N\u00ebse opozita radikalizon q\u00ebndrimet e saj, n\u00ebse k\u00ebrkon zgjedhje t\u00eb parakohshme dhe jo m\u00eb hapje kutish apo komision hetimor, at\u00ebher\u00eb ajo duhet te kaloj n\u00eb nj\u00eb plan protestash popullore, duke \u00e7uar vendin drejt mosbindjes civile.<\/p>\n<p>N\u00ebse kalohet n\u00eb k\u00ebt\u00eb faz\u00eb, greva e uris\u00eb nuk ka m\u00eb kuptim, pasi ajo e ka konsumuar fuqin\u00eb e saj dhe ka testuar arroganc\u00ebn e qeveris\u00eb duke ja l\u00ebn\u00eb asaj p\u00ebrgjegj\u00ebsin\u00eb p\u00ebr agarvimin e kriz\u00ebs. Pra e r\u00ebnd\u00ebsishme \u00ebsht\u00eb t\u00eb kuptohet se greva e uris\u00eb \u00ebsht\u00eb nj\u00eb protest\u00eb ekstreme e opozit\u00ebs p\u00ebr nj\u00eb q\u00ebllim final t\u00eb saj, q\u00eb \u00ebsht\u00eb transparenca e zgjedhjeve. Ajo mund t\u00eb vazhdoj duke u kthyer n\u00eb grev\u00eb\u2013stafet\u00eb, vet\u00ebm n\u00ebse vazhdon t\u00eb ruaj si k\u00ebrkes\u00eb kryesor e hapjen e kutive. N\u00eb rast t\u00eb kund\u00ebrt, pra n\u00ebse opozita nuk njeh m\u00eb qeverin\u00eb dhe legjitimitetin e saj, at\u00ebher\u00eb nuk ka arsye t\u00eb vazhdohet protesta me grev\u00eb urie. Detyra e opozit\u00ebs p\u00ebrball\u00eb nj\u00eb regjimi t\u00eb paligjsh\u00ebm, \u00ebsht\u00eb konfrontimi me t\u00eb dhe mosbindja civile.<\/p>\n<p>P\u00ebrpjekja e qeveris\u00eb p\u00ebr t\u00eb frik\u00ebsuar demonstruesit p\u00ebrmes arrestimeve arrogante dhe sh\u00ebtitjes me pranga nga qyteti n\u00eb qytet, \u00ebsht\u00eb pik\u00ebrisht frika nga p\u00ebrshkall\u00ebzimi\u00a0i protestave. Dhe si\u00e7 ndodh r\u00ebndom n\u00eb k\u00ebto raste, m\u00eb shum\u00eb se sa uj\u00eb mbi zjarr, arrestime t\u00eb tilla ngjan si benzin\u00eb mbi zjarr. P\u00ebr k\u00ebt\u00eb arsye opozita nuk duhet t\u00eb mbetet peng\u00a0i projekteve q\u00eb ka b\u00ebr\u00eb p\u00ebr grev\u00ebn e uris\u00eb, pasi realiteti mund t\u00eb ofroj zgjidhje dhe m\u00eb radikale se sa ajo. E r\u00ebnd\u00ebsishme \u00ebsht\u00eb q\u00eb fryma e protest\u00ebs t\u00eb vazhdoj dhe t\u00eb mbahet gjall\u00eb p\u00ebrmes aksionit opozitar, qoft\u00eb kjo grev\u00eb urie, apo protesta popullore.<\/p>\n","protected":false},"excerpt":{"rendered":"<p>Nga Mero Baze, &#8220;Faktori Plus&#8221; Opozita shqiptare po p\u00ebrballet me pasojat sh\u00ebndet\u00ebsore dhe fizike q\u00eb vijn\u00eb nga tejzgjatja e kriz\u00ebs politike n\u00eb vend, pasi dhjet\u00ebra grevist\u00eb t\u00eb uris\u00eb po d\u00ebrgohen \u00e7do or\u00eb n\u00eb spital n\u00eb gjendje kritike. Situata e cila r\u00ebndohet nga \u00e7asti n\u00eb \u00e7ast, natyrisht q\u00eb ka futur n\u00eb v\u00ebshtir\u00ebsi lidershipin e opozit\u00ebs rreth [&hellip;]<\/p>\n","protected":false},"author":1,"featured_media":0,"comment_status":"open","ping_status":"closed","sticky":false,"template":"","format":"standard","meta":{"footnotes":""},"categories":[2],"tags":[],"class_list":{"0":"post-2708","1":"post","2":"type-post","3":"status-publish","4":"format-standard","6":"category-artikuj"},"yoast_head":"<!-- This site is optimized with the Yoast SEO plugin v27.4 - https:\/\/yoast.com\/product\/yoast-seo-wordpress\/ -->\n<title>Nevoja p\u00ebr t\u00eb mbajtur gjall\u00eb frym\u00ebn opozitare - FjALA e LIR\u00cb - Arkivi<\/title>\n<meta name=\"robots\" content=\"index, follow, max-snippet:-1, max-image-preview:large, max-video-preview:-1\" \/>\n<link rel=\"canonical\" href=\"https:\/\/fjala.info\/2009-2015\/nevoja-per-te-mbajtur-gjalle-frymen-opozitare\/\" \/>\n<meta property=\"og:locale\" content=\"sq_AL\" \/>\n<meta property=\"og:type\" content=\"article\" \/>\n<meta property=\"og:title\" content=\"Nevoja p\u00ebr t\u00eb mbajtur gjall\u00eb frym\u00ebn opozitare - FjALA e LIR\u00cb - Arkivi\" \/>\n<meta property=\"og:description\" content=\"Nga Mero Baze, &#8220;Faktori Plus&#8221; Opozita shqiptare po p\u00ebrballet me pasojat sh\u00ebndet\u00ebsore dhe fizike q\u00eb vijn\u00eb nga tejzgjatja e kriz\u00ebs politike n\u00eb vend, pasi dhjet\u00ebra grevist\u00eb t\u00eb uris\u00eb po d\u00ebrgohen \u00e7do or\u00eb n\u00eb spital n\u00eb gjendje kritike. Situata e cila r\u00ebndohet nga \u00e7asti n\u00eb \u00e7ast, natyrisht q\u00eb ka futur n\u00eb v\u00ebshtir\u00ebsi lidershipin e opozit\u00ebs rreth [&hellip;]\" \/>\n<meta property=\"og:url\" content=\"https:\/\/fjala.info\/2009-2015\/nevoja-per-te-mbajtur-gjalle-frymen-opozitare\/\" \/>\n<meta property=\"og:site_name\" content=\"FjALA e LIR\u00cb - Arkivi\" \/>\n<meta property=\"article:published_time\" content=\"2010-05-18T21:50:42+00:00\" \/>\n<meta property=\"og:image\" content=\"http:\/\/www.shkoder.net\/images\/fjala\/mero_baze1.jpg\" \/>\n<meta name=\"author\" content=\"admin\" \/>\n<meta name=\"twitter:card\" content=\"summary_large_image\" \/>\n<meta name=\"twitter:label1\" content=\"Written by\" \/>\n\t<meta name=\"twitter:data1\" content=\"admin\" \/>\n\t<meta name=\"twitter:label2\" content=\"Est. reading time\" \/>\n\t<meta name=\"twitter:data2\" content=\"3 minutes\" \/>\n<script type=\"application\/ld+json\" class=\"yoast-schema-graph\">{\"@context\":\"https:\\\/\\\/schema.org\",\"@graph\":[{\"@type\":\"Article\",\"@id\":\"https:\\\/\\\/fjala.info\\\/2009-2015\\\/nevoja-per-te-mbajtur-gjalle-frymen-opozitare\\\/#article\",\"isPartOf\":{\"@id\":\"https:\\\/\\\/fjala.info\\\/2009-2015\\\/nevoja-per-te-mbajtur-gjalle-frymen-opozitare\\\/\"},\"author\":{\"name\":\"admin\",\"@id\":\"https:\\\/\\\/fjala.info\\\/2009-2015\\\/#\\\/schema\\\/person\\\/3aa1163ef05469c496fc94e77611ada2\"},\"headline\":\"Nevoja p\u00ebr t\u00eb mbajtur gjall\u00eb frym\u00ebn opozitare\",\"datePublished\":\"2010-05-18T21:50:42+00:00\",\"mainEntityOfPage\":{\"@id\":\"https:\\\/\\\/fjala.info\\\/2009-2015\\\/nevoja-per-te-mbajtur-gjalle-frymen-opozitare\\\/\"},\"wordCount\":678,\"commentCount\":0,\"publisher\":{\"@id\":\"https:\\\/\\\/fjala.info\\\/2009-2015\\\/#organization\"},\"image\":{\"@id\":\"https:\\\/\\\/fjala.info\\\/2009-2015\\\/nevoja-per-te-mbajtur-gjalle-frymen-opozitare\\\/#primaryimage\"},\"thumbnailUrl\":\"http:\\\/\\\/www.shkoder.net\\\/images\\\/fjala\\\/mero_baze1.jpg\",\"articleSection\":[\"Artikuj\"],\"inLanguage\":\"sq-AL\",\"potentialAction\":[{\"@type\":\"CommentAction\",\"name\":\"Comment\",\"target\":[\"https:\\\/\\\/fjala.info\\\/2009-2015\\\/nevoja-per-te-mbajtur-gjalle-frymen-opozitare\\\/#respond\"]}]},{\"@type\":\"WebPage\",\"@id\":\"https:\\\/\\\/fjala.info\\\/2009-2015\\\/nevoja-per-te-mbajtur-gjalle-frymen-opozitare\\\/\",\"url\":\"https:\\\/\\\/fjala.info\\\/2009-2015\\\/nevoja-per-te-mbajtur-gjalle-frymen-opozitare\\\/\",\"name\":\"Nevoja p\u00ebr t\u00eb mbajtur gjall\u00eb frym\u00ebn opozitare - FjALA e LIR\u00cb - Arkivi\",\"isPartOf\":{\"@id\":\"https:\\\/\\\/fjala.info\\\/2009-2015\\\/#website\"},\"primaryImageOfPage\":{\"@id\":\"https:\\\/\\\/fjala.info\\\/2009-2015\\\/nevoja-per-te-mbajtur-gjalle-frymen-opozitare\\\/#primaryimage\"},\"image\":{\"@id\":\"https:\\\/\\\/fjala.info\\\/2009-2015\\\/nevoja-per-te-mbajtur-gjalle-frymen-opozitare\\\/#primaryimage\"},\"thumbnailUrl\":\"http:\\\/\\\/www.shkoder.net\\\/images\\\/fjala\\\/mero_baze1.jpg\",\"datePublished\":\"2010-05-18T21:50:42+00:00\",\"breadcrumb\":{\"@id\":\"https:\\\/\\\/fjala.info\\\/2009-2015\\\/nevoja-per-te-mbajtur-gjalle-frymen-opozitare\\\/#breadcrumb\"},\"inLanguage\":\"sq-AL\",\"potentialAction\":[{\"@type\":\"ReadAction\",\"target\":[\"https:\\\/\\\/fjala.info\\\/2009-2015\\\/nevoja-per-te-mbajtur-gjalle-frymen-opozitare\\\/\"]}]},{\"@type\":\"ImageObject\",\"inLanguage\":\"sq-AL\",\"@id\":\"https:\\\/\\\/fjala.info\\\/2009-2015\\\/nevoja-per-te-mbajtur-gjalle-frymen-opozitare\\\/#primaryimage\",\"url\":\"http:\\\/\\\/www.shkoder.net\\\/images\\\/fjala\\\/mero_baze1.jpg\",\"contentUrl\":\"http:\\\/\\\/www.shkoder.net\\\/images\\\/fjala\\\/mero_baze1.jpg\"},{\"@type\":\"BreadcrumbList\",\"@id\":\"https:\\\/\\\/fjala.info\\\/2009-2015\\\/nevoja-per-te-mbajtur-gjalle-frymen-opozitare\\\/#breadcrumb\",\"itemListElement\":[{\"@type\":\"ListItem\",\"position\":1,\"name\":\"Home\",\"item\":\"https:\\\/\\\/fjala.info\\\/2009-2015\\\/\"},{\"@type\":\"ListItem\",\"position\":2,\"name\":\"Nevoja p\u00ebr t\u00eb mbajtur gjall\u00eb frym\u00ebn opozitare\"}]},{\"@type\":\"WebSite\",\"@id\":\"https:\\\/\\\/fjala.info\\\/2009-2015\\\/#website\",\"url\":\"https:\\\/\\\/fjala.info\\\/2009-2015\\\/\",\"name\":\"FjALA e LIR\u00cb - Arkivi\",\"description\":\"Arkivi 2009-2015\",\"publisher\":{\"@id\":\"https:\\\/\\\/fjala.info\\\/2009-2015\\\/#organization\"},\"potentialAction\":[{\"@type\":\"SearchAction\",\"target\":{\"@type\":\"EntryPoint\",\"urlTemplate\":\"https:\\\/\\\/fjala.info\\\/2009-2015\\\/?s={search_term_string}\"},\"query-input\":{\"@type\":\"PropertyValueSpecification\",\"valueRequired\":true,\"valueName\":\"search_term_string\"}}],\"inLanguage\":\"sq-AL\"},{\"@type\":\"Organization\",\"@id\":\"https:\\\/\\\/fjala.info\\\/2009-2015\\\/#organization\",\"name\":\"FjALA e LIR\u00cb - Arkivi\",\"url\":\"https:\\\/\\\/fjala.info\\\/2009-2015\\\/\",\"logo\":{\"@type\":\"ImageObject\",\"inLanguage\":\"sq-AL\",\"@id\":\"https:\\\/\\\/fjala.info\\\/2009-2015\\\/#\\\/schema\\\/logo\\\/image\\\/\",\"url\":\"\",\"contentUrl\":\"\",\"caption\":\"FjALA e LIR\u00cb - Arkivi\"},\"image\":{\"@id\":\"https:\\\/\\\/fjala.info\\\/2009-2015\\\/#\\\/schema\\\/logo\\\/image\\\/\"}},{\"@type\":\"Person\",\"@id\":\"https:\\\/\\\/fjala.info\\\/2009-2015\\\/#\\\/schema\\\/person\\\/3aa1163ef05469c496fc94e77611ada2\",\"name\":\"admin\",\"image\":{\"@type\":\"ImageObject\",\"inLanguage\":\"sq-AL\",\"@id\":\"https:\\\/\\\/fjala.info\\\/2009-2015\\\/wp-content\\\/uploads\\\/2012\\\/02\\\/arben_cokaj-120x150.jpg\",\"url\":\"https:\\\/\\\/fjala.info\\\/2009-2015\\\/wp-content\\\/uploads\\\/2012\\\/02\\\/arben_cokaj-120x150.jpg\",\"contentUrl\":\"https:\\\/\\\/fjala.info\\\/2009-2015\\\/wp-content\\\/uploads\\\/2012\\\/02\\\/arben_cokaj-120x150.jpg\",\"caption\":\"admin\"},\"description\":\"Admin, Fjala e Lir\u00eb\",\"sameAs\":[\"https:\\\/\\\/fjala.info\\\/\"],\"url\":\"https:\\\/\\\/fjala.info\\\/2009-2015\\\/author\\\/admin\\\/\"}]}<\/script>\n<!-- \/ Yoast SEO plugin. -->","yoast_head_json":{"title":"Nevoja p\u00ebr t\u00eb mbajtur gjall\u00eb frym\u00ebn opozitare - FjALA e LIR\u00cb - Arkivi","robots":{"index":"index","follow":"follow","max-snippet":"max-snippet:-1","max-image-preview":"max-image-preview:large","max-video-preview":"max-video-preview:-1"},"canonical":"https:\/\/fjala.info\/2009-2015\/nevoja-per-te-mbajtur-gjalle-frymen-opozitare\/","og_locale":"sq_AL","og_type":"article","og_title":"Nevoja p\u00ebr t\u00eb mbajtur gjall\u00eb frym\u00ebn opozitare - FjALA e LIR\u00cb - Arkivi","og_description":"Nga Mero Baze, &#8220;Faktori Plus&#8221; Opozita shqiptare po p\u00ebrballet me pasojat sh\u00ebndet\u00ebsore dhe fizike q\u00eb vijn\u00eb nga tejzgjatja e kriz\u00ebs politike n\u00eb vend, pasi dhjet\u00ebra grevist\u00eb t\u00eb uris\u00eb po d\u00ebrgohen \u00e7do or\u00eb n\u00eb spital n\u00eb gjendje kritike. Situata e cila r\u00ebndohet nga \u00e7asti n\u00eb \u00e7ast, natyrisht q\u00eb ka futur n\u00eb v\u00ebshtir\u00ebsi lidershipin e opozit\u00ebs rreth [&hellip;]","og_url":"https:\/\/fjala.info\/2009-2015\/nevoja-per-te-mbajtur-gjalle-frymen-opozitare\/","og_site_name":"FjALA e LIR\u00cb - Arkivi","article_published_time":"2010-05-18T21:50:42+00:00","og_image":[{"url":"http:\/\/www.shkoder.net\/images\/fjala\/mero_baze1.jpg","type":"","width":"","height":""}],"author":"admin","twitter_card":"summary_large_image","twitter_misc":{"Written by":"admin","Est. reading time":"3 minutes"},"schema":{"@context":"https:\/\/schema.org","@graph":[{"@type":"Article","@id":"https:\/\/fjala.info\/2009-2015\/nevoja-per-te-mbajtur-gjalle-frymen-opozitare\/#article","isPartOf":{"@id":"https:\/\/fjala.info\/2009-2015\/nevoja-per-te-mbajtur-gjalle-frymen-opozitare\/"},"author":{"name":"admin","@id":"https:\/\/fjala.info\/2009-2015\/#\/schema\/person\/3aa1163ef05469c496fc94e77611ada2"},"headline":"Nevoja p\u00ebr t\u00eb mbajtur gjall\u00eb frym\u00ebn opozitare","datePublished":"2010-05-18T21:50:42+00:00","mainEntityOfPage":{"@id":"https:\/\/fjala.info\/2009-2015\/nevoja-per-te-mbajtur-gjalle-frymen-opozitare\/"},"wordCount":678,"commentCount":0,"publisher":{"@id":"https:\/\/fjala.info\/2009-2015\/#organization"},"image":{"@id":"https:\/\/fjala.info\/2009-2015\/nevoja-per-te-mbajtur-gjalle-frymen-opozitare\/#primaryimage"},"thumbnailUrl":"http:\/\/www.shkoder.net\/images\/fjala\/mero_baze1.jpg","articleSection":["Artikuj"],"inLanguage":"sq-AL","potentialAction":[{"@type":"CommentAction","name":"Comment","target":["https:\/\/fjala.info\/2009-2015\/nevoja-per-te-mbajtur-gjalle-frymen-opozitare\/#respond"]}]},{"@type":"WebPage","@id":"https:\/\/fjala.info\/2009-2015\/nevoja-per-te-mbajtur-gjalle-frymen-opozitare\/","url":"https:\/\/fjala.info\/2009-2015\/nevoja-per-te-mbajtur-gjalle-frymen-opozitare\/","name":"Nevoja p\u00ebr t\u00eb mbajtur gjall\u00eb frym\u00ebn opozitare - FjALA e LIR\u00cb - Arkivi","isPartOf":{"@id":"https:\/\/fjala.info\/2009-2015\/#website"},"primaryImageOfPage":{"@id":"https:\/\/fjala.info\/2009-2015\/nevoja-per-te-mbajtur-gjalle-frymen-opozitare\/#primaryimage"},"image":{"@id":"https:\/\/fjala.info\/2009-2015\/nevoja-per-te-mbajtur-gjalle-frymen-opozitare\/#primaryimage"},"thumbnailUrl":"http:\/\/www.shkoder.net\/images\/fjala\/mero_baze1.jpg","datePublished":"2010-05-18T21:50:42+00:00","breadcrumb":{"@id":"https:\/\/fjala.info\/2009-2015\/nevoja-per-te-mbajtur-gjalle-frymen-opozitare\/#breadcrumb"},"inLanguage":"sq-AL","potentialAction":[{"@type":"ReadAction","target":["https:\/\/fjala.info\/2009-2015\/nevoja-per-te-mbajtur-gjalle-frymen-opozitare\/"]}]},{"@type":"ImageObject","inLanguage":"sq-AL","@id":"https:\/\/fjala.info\/2009-2015\/nevoja-per-te-mbajtur-gjalle-frymen-opozitare\/#primaryimage","url":"http:\/\/www.shkoder.net\/images\/fjala\/mero_baze1.jpg","contentUrl":"http:\/\/www.shkoder.net\/images\/fjala\/mero_baze1.jpg"},{"@type":"BreadcrumbList","@id":"https:\/\/fjala.info\/2009-2015\/nevoja-per-te-mbajtur-gjalle-frymen-opozitare\/#breadcrumb","itemListElement":[{"@type":"ListItem","position":1,"name":"Home","item":"https:\/\/fjala.info\/2009-2015\/"},{"@type":"ListItem","position":2,"name":"Nevoja p\u00ebr t\u00eb mbajtur gjall\u00eb frym\u00ebn opozitare"}]},{"@type":"WebSite","@id":"https:\/\/fjala.info\/2009-2015\/#website","url":"https:\/\/fjala.info\/2009-2015\/","name":"FjALA e LIR\u00cb - Arkivi","description":"Arkivi 2009-2015","publisher":{"@id":"https:\/\/fjala.info\/2009-2015\/#organization"},"potentialAction":[{"@type":"SearchAction","target":{"@type":"EntryPoint","urlTemplate":"https:\/\/fjala.info\/2009-2015\/?s={search_term_string}"},"query-input":{"@type":"PropertyValueSpecification","valueRequired":true,"valueName":"search_term_string"}}],"inLanguage":"sq-AL"},{"@type":"Organization","@id":"https:\/\/fjala.info\/2009-2015\/#organization","name":"FjALA e LIR\u00cb - Arkivi","url":"https:\/\/fjala.info\/2009-2015\/","logo":{"@type":"ImageObject","inLanguage":"sq-AL","@id":"https:\/\/fjala.info\/2009-2015\/#\/schema\/logo\/image\/","url":"","contentUrl":"","caption":"FjALA e LIR\u00cb - Arkivi"},"image":{"@id":"https:\/\/fjala.info\/2009-2015\/#\/schema\/logo\/image\/"}},{"@type":"Person","@id":"https:\/\/fjala.info\/2009-2015\/#\/schema\/person\/3aa1163ef05469c496fc94e77611ada2","name":"admin","image":{"@type":"ImageObject","inLanguage":"sq-AL","@id":"https:\/\/fjala.info\/2009-2015\/wp-content\/uploads\/2012\/02\/arben_cokaj-120x150.jpg","url":"https:\/\/fjala.info\/2009-2015\/wp-content\/uploads\/2012\/02\/arben_cokaj-120x150.jpg","contentUrl":"https:\/\/fjala.info\/2009-2015\/wp-content\/uploads\/2012\/02\/arben_cokaj-120x150.jpg","caption":"admin"},"description":"Admin, Fjala e Lir\u00eb","sameAs":["https:\/\/fjala.info\/"],"url":"https:\/\/fjala.info\/2009-2015\/author\/admin\/"}]}},"_links":{"self":[{"href":"https:\/\/fjala.info\/2009-2015\/wp-json\/wp\/v2\/posts\/2708","targetHints":{"allow":["GET"]}}],"collection":[{"href":"https:\/\/fjala.info\/2009-2015\/wp-json\/wp\/v2\/posts"}],"about":[{"href":"https:\/\/fjala.info\/2009-2015\/wp-json\/wp\/v2\/types\/post"}],"author":[{"embeddable":true,"href":"https:\/\/fjala.info\/2009-2015\/wp-json\/wp\/v2\/users\/1"}],"replies":[{"embeddable":true,"href":"https:\/\/fjala.info\/2009-2015\/wp-json\/wp\/v2\/comments?post=2708"}],"version-history":[{"count":0,"href":"https:\/\/fjala.info\/2009-2015\/wp-json\/wp\/v2\/posts\/2708\/revisions"}],"wp:attachment":[{"href":"https:\/\/fjala.info\/2009-2015\/wp-json\/wp\/v2\/media?parent=2708"}],"wp:term":[{"taxonomy":"category","embeddable":true,"href":"https:\/\/fjala.info\/2009-2015\/wp-json\/wp\/v2\/categories?post=2708"},{"taxonomy":"post_tag","embeddable":true,"href":"https:\/\/fjala.info\/2009-2015\/wp-json\/wp\/v2\/tags?post=2708"}],"curies":[{"name":"wp","href":"https:\/\/api.w.org\/{rel}","templated":true}]}}