{"id":2706,"date":"2010-05-18T22:46:57","date_gmt":"2010-05-18T21:46:57","guid":{"rendered":"http:\/\/fjala.shkoder.net\/?p=2706"},"modified":"2010-05-18T22:46:57","modified_gmt":"2010-05-18T21:46:57","slug":"13-mbeshtetes-te-opozites-sillen-te-lidhur-me-pranga-ne-tirane","status":"publish","type":"post","link":"https:\/\/fjala.info\/2009-2015\/13-mbeshtetes-te-opozites-sillen-te-lidhur-me-pranga-ne-tirane\/","title":{"rendered":"13 mb\u00ebshtet\u00ebs t\u00eb opozit\u00ebs sillen t\u00eb lidhur me pranga n\u00eb Tiran\u00eb"},"content":{"rendered":"<p>Nga <strong>TemA<\/strong><\/p>\n<p>13 qytetare nga Shkodra jan\u00eb arrestuar sot n\u00eb m\u00ebngjes dhe jan\u00eb shoq\u00ebruar t\u00eb lidhur me pranga p\u00ebr n\u00eb Tiran\u00eb. Drejtoria e Policis\u00eb s\u00eb Tiran\u00ebs konfirmon lajmin, por nuk sqaron arsyet p\u00ebrse protestuesit e arrestuar t\u00eb opozit\u00ebs n\u00eb Shkod\u00ebr jan\u00eb sjell\u00eb n\u00eb Tiran\u00eb. Ndaj tyre duket se r\u00ebndon akzua p\u00ebr bllokimin e rrug\u00ebs n\u00eb Bushat jav\u00ebn e kaluar.<\/p>\n<p>Nj\u00eb avokate e t\u00eb arrestuar\u00ebve i tha gazet\u00ebs Tema, se klenti\u00a0i saj u arrestua n\u00eb or\u00ebn 7 30 minuta n\u00eb m\u00ebngjes, nd\u00ebrkoh\u00eb q\u00eb ishte duke shkuar p\u00ebr n\u00eb pun\u00eb.<\/p>\n<p>T\u00eb arrestuarve ende nuk ju kan\u00eb komunikuar akuz\u00ebn. Sipas ligjit ata duhet t\u00eb mbahen 10 or\u00eb, pa ju komunikuar akuza, ose duhet t\u00eb lihen t\u00eb lir\u00eb. Ndalimi\u00a0i tyre \u00ebsht\u00eb b\u00ebr\u00eb n\u00eb kund\u00ebrshtim me ligjin pasi normalisht ata vet\u00ebm duhet te identifikoheshin. Aryseja e transferimit nga Shkodra n\u00eb Tiran\u00eb, t\u00eb lidhur me pranga, besohet se b\u00ebhet p\u00ebr t\u00eb rritur presionin psikologjik mbi ta. Familjar\u00ebt e t\u00eb ndaluareve jan\u00eb t\u00eb shqet\u00ebsuar dhe nuk kan\u00eb marr ende asnj\u00eb konfimrim zyrtar p\u00ebr vendndodhjen e t\u00eb af\u00ebrmve t\u00eb tyre.<\/p>\n","protected":false},"excerpt":{"rendered":"<p>Nga TemA 13 qytetare nga Shkodra jan\u00eb arrestuar sot n\u00eb m\u00ebngjes dhe jan\u00eb shoq\u00ebruar t\u00eb lidhur me pranga p\u00ebr n\u00eb Tiran\u00eb. Drejtoria e Policis\u00eb s\u00eb Tiran\u00ebs konfirmon lajmin, por nuk sqaron arsyet p\u00ebrse protestuesit e arrestuar t\u00eb opozit\u00ebs n\u00eb Shkod\u00ebr jan\u00eb sjell\u00eb n\u00eb Tiran\u00eb. Ndaj tyre duket se r\u00ebndon akzua p\u00ebr bllokimin e rrug\u00ebs n\u00eb [&hellip;]<\/p>\n","protected":false},"author":1,"featured_media":0,"comment_status":"open","ping_status":"closed","sticky":false,"template":"","format":"standard","meta":{"footnotes":""},"categories":[2],"tags":[],"class_list":{"0":"post-2706","1":"post","2":"type-post","3":"status-publish","4":"format-standard","6":"category-artikuj"},"yoast_head":"<!-- This site is optimized with the Yoast SEO plugin v27.4 - https:\/\/yoast.com\/product\/yoast-seo-wordpress\/ -->\n<title>13 mb\u00ebshtet\u00ebs t\u00eb opozit\u00ebs sillen t\u00eb lidhur me pranga n\u00eb Tiran\u00eb - FjALA e LIR\u00cb - Arkivi<\/title>\n<meta name=\"robots\" content=\"index, follow, max-snippet:-1, max-image-preview:large, max-video-preview:-1\" \/>\n<link rel=\"canonical\" href=\"https:\/\/fjala.info\/2009-2015\/13-mbeshtetes-te-opozites-sillen-te-lidhur-me-pranga-ne-tirane\/\" \/>\n<meta property=\"og:locale\" content=\"sq_AL\" \/>\n<meta property=\"og:type\" content=\"article\" \/>\n<meta property=\"og:title\" content=\"13 mb\u00ebshtet\u00ebs t\u00eb opozit\u00ebs sillen t\u00eb lidhur me pranga n\u00eb Tiran\u00eb - FjALA e LIR\u00cb - Arkivi\" \/>\n<meta property=\"og:description\" content=\"Nga TemA 13 qytetare nga Shkodra jan\u00eb arrestuar sot n\u00eb m\u00ebngjes dhe jan\u00eb shoq\u00ebruar t\u00eb lidhur me pranga p\u00ebr n\u00eb Tiran\u00eb. Drejtoria e Policis\u00eb s\u00eb Tiran\u00ebs konfirmon lajmin, por nuk sqaron arsyet p\u00ebrse protestuesit e arrestuar t\u00eb opozit\u00ebs n\u00eb Shkod\u00ebr jan\u00eb sjell\u00eb n\u00eb Tiran\u00eb. Ndaj tyre duket se r\u00ebndon akzua p\u00ebr bllokimin e rrug\u00ebs n\u00eb [&hellip;]\" \/>\n<meta property=\"og:url\" content=\"https:\/\/fjala.info\/2009-2015\/13-mbeshtetes-te-opozites-sillen-te-lidhur-me-pranga-ne-tirane\/\" \/>\n<meta property=\"og:site_name\" content=\"FjALA e LIR\u00cb - Arkivi\" \/>\n<meta property=\"article:published_time\" content=\"2010-05-18T21:46:57+00:00\" \/>\n<meta name=\"author\" content=\"admin\" \/>\n<meta name=\"twitter:card\" content=\"summary_large_image\" \/>\n<meta name=\"twitter:label1\" content=\"Written by\" \/>\n\t<meta name=\"twitter:data1\" content=\"admin\" \/>\n\t<meta name=\"twitter:label2\" content=\"Est. reading time\" \/>\n\t<meta name=\"twitter:data2\" content=\"1 minute\" \/>\n<script type=\"application\/ld+json\" class=\"yoast-schema-graph\">{\"@context\":\"https:\\\/\\\/schema.org\",\"@graph\":[{\"@type\":\"Article\",\"@id\":\"https:\\\/\\\/fjala.info\\\/2009-2015\\\/13-mbeshtetes-te-opozites-sillen-te-lidhur-me-pranga-ne-tirane\\\/#article\",\"isPartOf\":{\"@id\":\"https:\\\/\\\/fjala.info\\\/2009-2015\\\/13-mbeshtetes-te-opozites-sillen-te-lidhur-me-pranga-ne-tirane\\\/\"},\"author\":{\"name\":\"admin\",\"@id\":\"https:\\\/\\\/fjala.info\\\/2009-2015\\\/#\\\/schema\\\/person\\\/3aa1163ef05469c496fc94e77611ada2\"},\"headline\":\"13 mb\u00ebshtet\u00ebs t\u00eb opozit\u00ebs sillen t\u00eb lidhur me pranga n\u00eb Tiran\u00eb\",\"datePublished\":\"2010-05-18T21:46:57+00:00\",\"mainEntityOfPage\":{\"@id\":\"https:\\\/\\\/fjala.info\\\/2009-2015\\\/13-mbeshtetes-te-opozites-sillen-te-lidhur-me-pranga-ne-tirane\\\/\"},\"wordCount\":210,\"commentCount\":0,\"publisher\":{\"@id\":\"https:\\\/\\\/fjala.info\\\/2009-2015\\\/#organization\"},\"articleSection\":[\"Artikuj\"],\"inLanguage\":\"sq-AL\",\"potentialAction\":[{\"@type\":\"CommentAction\",\"name\":\"Comment\",\"target\":[\"https:\\\/\\\/fjala.info\\\/2009-2015\\\/13-mbeshtetes-te-opozites-sillen-te-lidhur-me-pranga-ne-tirane\\\/#respond\"]}]},{\"@type\":\"WebPage\",\"@id\":\"https:\\\/\\\/fjala.info\\\/2009-2015\\\/13-mbeshtetes-te-opozites-sillen-te-lidhur-me-pranga-ne-tirane\\\/\",\"url\":\"https:\\\/\\\/fjala.info\\\/2009-2015\\\/13-mbeshtetes-te-opozites-sillen-te-lidhur-me-pranga-ne-tirane\\\/\",\"name\":\"13 mb\u00ebshtet\u00ebs t\u00eb opozit\u00ebs sillen t\u00eb lidhur me pranga n\u00eb Tiran\u00eb - FjALA e LIR\u00cb - Arkivi\",\"isPartOf\":{\"@id\":\"https:\\\/\\\/fjala.info\\\/2009-2015\\\/#website\"},\"datePublished\":\"2010-05-18T21:46:57+00:00\",\"breadcrumb\":{\"@id\":\"https:\\\/\\\/fjala.info\\\/2009-2015\\\/13-mbeshtetes-te-opozites-sillen-te-lidhur-me-pranga-ne-tirane\\\/#breadcrumb\"},\"inLanguage\":\"sq-AL\",\"potentialAction\":[{\"@type\":\"ReadAction\",\"target\":[\"https:\\\/\\\/fjala.info\\\/2009-2015\\\/13-mbeshtetes-te-opozites-sillen-te-lidhur-me-pranga-ne-tirane\\\/\"]}]},{\"@type\":\"BreadcrumbList\",\"@id\":\"https:\\\/\\\/fjala.info\\\/2009-2015\\\/13-mbeshtetes-te-opozites-sillen-te-lidhur-me-pranga-ne-tirane\\\/#breadcrumb\",\"itemListElement\":[{\"@type\":\"ListItem\",\"position\":1,\"name\":\"Home\",\"item\":\"https:\\\/\\\/fjala.info\\\/2009-2015\\\/\"},{\"@type\":\"ListItem\",\"position\":2,\"name\":\"13 mb\u00ebshtet\u00ebs t\u00eb opozit\u00ebs sillen t\u00eb lidhur me pranga n\u00eb Tiran\u00eb\"}]},{\"@type\":\"WebSite\",\"@id\":\"https:\\\/\\\/fjala.info\\\/2009-2015\\\/#website\",\"url\":\"https:\\\/\\\/fjala.info\\\/2009-2015\\\/\",\"name\":\"FjALA e LIR\u00cb - Arkivi\",\"description\":\"Arkivi 2009-2015\",\"publisher\":{\"@id\":\"https:\\\/\\\/fjala.info\\\/2009-2015\\\/#organization\"},\"potentialAction\":[{\"@type\":\"SearchAction\",\"target\":{\"@type\":\"EntryPoint\",\"urlTemplate\":\"https:\\\/\\\/fjala.info\\\/2009-2015\\\/?s={search_term_string}\"},\"query-input\":{\"@type\":\"PropertyValueSpecification\",\"valueRequired\":true,\"valueName\":\"search_term_string\"}}],\"inLanguage\":\"sq-AL\"},{\"@type\":\"Organization\",\"@id\":\"https:\\\/\\\/fjala.info\\\/2009-2015\\\/#organization\",\"name\":\"FjALA e LIR\u00cb - Arkivi\",\"url\":\"https:\\\/\\\/fjala.info\\\/2009-2015\\\/\",\"logo\":{\"@type\":\"ImageObject\",\"inLanguage\":\"sq-AL\",\"@id\":\"https:\\\/\\\/fjala.info\\\/2009-2015\\\/#\\\/schema\\\/logo\\\/image\\\/\",\"url\":\"\",\"contentUrl\":\"\",\"caption\":\"FjALA e LIR\u00cb - Arkivi\"},\"image\":{\"@id\":\"https:\\\/\\\/fjala.info\\\/2009-2015\\\/#\\\/schema\\\/logo\\\/image\\\/\"}},{\"@type\":\"Person\",\"@id\":\"https:\\\/\\\/fjala.info\\\/2009-2015\\\/#\\\/schema\\\/person\\\/3aa1163ef05469c496fc94e77611ada2\",\"name\":\"admin\",\"image\":{\"@type\":\"ImageObject\",\"inLanguage\":\"sq-AL\",\"@id\":\"https:\\\/\\\/fjala.info\\\/2009-2015\\\/wp-content\\\/uploads\\\/2012\\\/02\\\/arben_cokaj-120x150.jpg\",\"url\":\"https:\\\/\\\/fjala.info\\\/2009-2015\\\/wp-content\\\/uploads\\\/2012\\\/02\\\/arben_cokaj-120x150.jpg\",\"contentUrl\":\"https:\\\/\\\/fjala.info\\\/2009-2015\\\/wp-content\\\/uploads\\\/2012\\\/02\\\/arben_cokaj-120x150.jpg\",\"caption\":\"admin\"},\"description\":\"Admin, Fjala e Lir\u00eb\",\"sameAs\":[\"https:\\\/\\\/fjala.info\\\/\"],\"url\":\"https:\\\/\\\/fjala.info\\\/2009-2015\\\/author\\\/admin\\\/\"}]}<\/script>\n<!-- \/ Yoast SEO plugin. -->","yoast_head_json":{"title":"13 mb\u00ebshtet\u00ebs t\u00eb opozit\u00ebs sillen t\u00eb lidhur me pranga n\u00eb Tiran\u00eb - FjALA e LIR\u00cb - Arkivi","robots":{"index":"index","follow":"follow","max-snippet":"max-snippet:-1","max-image-preview":"max-image-preview:large","max-video-preview":"max-video-preview:-1"},"canonical":"https:\/\/fjala.info\/2009-2015\/13-mbeshtetes-te-opozites-sillen-te-lidhur-me-pranga-ne-tirane\/","og_locale":"sq_AL","og_type":"article","og_title":"13 mb\u00ebshtet\u00ebs t\u00eb opozit\u00ebs sillen t\u00eb lidhur me pranga n\u00eb Tiran\u00eb - FjALA e LIR\u00cb - Arkivi","og_description":"Nga TemA 13 qytetare nga Shkodra jan\u00eb arrestuar sot n\u00eb m\u00ebngjes dhe jan\u00eb shoq\u00ebruar t\u00eb lidhur me pranga p\u00ebr n\u00eb Tiran\u00eb. Drejtoria e Policis\u00eb s\u00eb Tiran\u00ebs konfirmon lajmin, por nuk sqaron arsyet p\u00ebrse protestuesit e arrestuar t\u00eb opozit\u00ebs n\u00eb Shkod\u00ebr jan\u00eb sjell\u00eb n\u00eb Tiran\u00eb. Ndaj tyre duket se r\u00ebndon akzua p\u00ebr bllokimin e rrug\u00ebs n\u00eb [&hellip;]","og_url":"https:\/\/fjala.info\/2009-2015\/13-mbeshtetes-te-opozites-sillen-te-lidhur-me-pranga-ne-tirane\/","og_site_name":"FjALA e LIR\u00cb - Arkivi","article_published_time":"2010-05-18T21:46:57+00:00","author":"admin","twitter_card":"summary_large_image","twitter_misc":{"Written by":"admin","Est. reading time":"1 minute"},"schema":{"@context":"https:\/\/schema.org","@graph":[{"@type":"Article","@id":"https:\/\/fjala.info\/2009-2015\/13-mbeshtetes-te-opozites-sillen-te-lidhur-me-pranga-ne-tirane\/#article","isPartOf":{"@id":"https:\/\/fjala.info\/2009-2015\/13-mbeshtetes-te-opozites-sillen-te-lidhur-me-pranga-ne-tirane\/"},"author":{"name":"admin","@id":"https:\/\/fjala.info\/2009-2015\/#\/schema\/person\/3aa1163ef05469c496fc94e77611ada2"},"headline":"13 mb\u00ebshtet\u00ebs t\u00eb opozit\u00ebs sillen t\u00eb lidhur me pranga n\u00eb Tiran\u00eb","datePublished":"2010-05-18T21:46:57+00:00","mainEntityOfPage":{"@id":"https:\/\/fjala.info\/2009-2015\/13-mbeshtetes-te-opozites-sillen-te-lidhur-me-pranga-ne-tirane\/"},"wordCount":210,"commentCount":0,"publisher":{"@id":"https:\/\/fjala.info\/2009-2015\/#organization"},"articleSection":["Artikuj"],"inLanguage":"sq-AL","potentialAction":[{"@type":"CommentAction","name":"Comment","target":["https:\/\/fjala.info\/2009-2015\/13-mbeshtetes-te-opozites-sillen-te-lidhur-me-pranga-ne-tirane\/#respond"]}]},{"@type":"WebPage","@id":"https:\/\/fjala.info\/2009-2015\/13-mbeshtetes-te-opozites-sillen-te-lidhur-me-pranga-ne-tirane\/","url":"https:\/\/fjala.info\/2009-2015\/13-mbeshtetes-te-opozites-sillen-te-lidhur-me-pranga-ne-tirane\/","name":"13 mb\u00ebshtet\u00ebs t\u00eb opozit\u00ebs sillen t\u00eb lidhur me pranga n\u00eb Tiran\u00eb - FjALA e LIR\u00cb - Arkivi","isPartOf":{"@id":"https:\/\/fjala.info\/2009-2015\/#website"},"datePublished":"2010-05-18T21:46:57+00:00","breadcrumb":{"@id":"https:\/\/fjala.info\/2009-2015\/13-mbeshtetes-te-opozites-sillen-te-lidhur-me-pranga-ne-tirane\/#breadcrumb"},"inLanguage":"sq-AL","potentialAction":[{"@type":"ReadAction","target":["https:\/\/fjala.info\/2009-2015\/13-mbeshtetes-te-opozites-sillen-te-lidhur-me-pranga-ne-tirane\/"]}]},{"@type":"BreadcrumbList","@id":"https:\/\/fjala.info\/2009-2015\/13-mbeshtetes-te-opozites-sillen-te-lidhur-me-pranga-ne-tirane\/#breadcrumb","itemListElement":[{"@type":"ListItem","position":1,"name":"Home","item":"https:\/\/fjala.info\/2009-2015\/"},{"@type":"ListItem","position":2,"name":"13 mb\u00ebshtet\u00ebs t\u00eb opozit\u00ebs sillen t\u00eb lidhur me pranga n\u00eb Tiran\u00eb"}]},{"@type":"WebSite","@id":"https:\/\/fjala.info\/2009-2015\/#website","url":"https:\/\/fjala.info\/2009-2015\/","name":"FjALA e LIR\u00cb - Arkivi","description":"Arkivi 2009-2015","publisher":{"@id":"https:\/\/fjala.info\/2009-2015\/#organization"},"potentialAction":[{"@type":"SearchAction","target":{"@type":"EntryPoint","urlTemplate":"https:\/\/fjala.info\/2009-2015\/?s={search_term_string}"},"query-input":{"@type":"PropertyValueSpecification","valueRequired":true,"valueName":"search_term_string"}}],"inLanguage":"sq-AL"},{"@type":"Organization","@id":"https:\/\/fjala.info\/2009-2015\/#organization","name":"FjALA e LIR\u00cb - Arkivi","url":"https:\/\/fjala.info\/2009-2015\/","logo":{"@type":"ImageObject","inLanguage":"sq-AL","@id":"https:\/\/fjala.info\/2009-2015\/#\/schema\/logo\/image\/","url":"","contentUrl":"","caption":"FjALA e LIR\u00cb - Arkivi"},"image":{"@id":"https:\/\/fjala.info\/2009-2015\/#\/schema\/logo\/image\/"}},{"@type":"Person","@id":"https:\/\/fjala.info\/2009-2015\/#\/schema\/person\/3aa1163ef05469c496fc94e77611ada2","name":"admin","image":{"@type":"ImageObject","inLanguage":"sq-AL","@id":"https:\/\/fjala.info\/2009-2015\/wp-content\/uploads\/2012\/02\/arben_cokaj-120x150.jpg","url":"https:\/\/fjala.info\/2009-2015\/wp-content\/uploads\/2012\/02\/arben_cokaj-120x150.jpg","contentUrl":"https:\/\/fjala.info\/2009-2015\/wp-content\/uploads\/2012\/02\/arben_cokaj-120x150.jpg","caption":"admin"},"description":"Admin, Fjala e Lir\u00eb","sameAs":["https:\/\/fjala.info\/"],"url":"https:\/\/fjala.info\/2009-2015\/author\/admin\/"}]}},"_links":{"self":[{"href":"https:\/\/fjala.info\/2009-2015\/wp-json\/wp\/v2\/posts\/2706","targetHints":{"allow":["GET"]}}],"collection":[{"href":"https:\/\/fjala.info\/2009-2015\/wp-json\/wp\/v2\/posts"}],"about":[{"href":"https:\/\/fjala.info\/2009-2015\/wp-json\/wp\/v2\/types\/post"}],"author":[{"embeddable":true,"href":"https:\/\/fjala.info\/2009-2015\/wp-json\/wp\/v2\/users\/1"}],"replies":[{"embeddable":true,"href":"https:\/\/fjala.info\/2009-2015\/wp-json\/wp\/v2\/comments?post=2706"}],"version-history":[{"count":0,"href":"https:\/\/fjala.info\/2009-2015\/wp-json\/wp\/v2\/posts\/2706\/revisions"}],"wp:attachment":[{"href":"https:\/\/fjala.info\/2009-2015\/wp-json\/wp\/v2\/media?parent=2706"}],"wp:term":[{"taxonomy":"category","embeddable":true,"href":"https:\/\/fjala.info\/2009-2015\/wp-json\/wp\/v2\/categories?post=2706"},{"taxonomy":"post_tag","embeddable":true,"href":"https:\/\/fjala.info\/2009-2015\/wp-json\/wp\/v2\/tags?post=2706"}],"curies":[{"name":"wp","href":"https:\/\/api.w.org\/{rel}","templated":true}]}}