{"id":2704,"date":"2012-05-01T22:16:13","date_gmt":"2012-05-01T21:16:13","guid":{"rendered":"http:\/\/fjala.shkoder.net\/?p=2704"},"modified":"2012-05-01T22:16:13","modified_gmt":"2012-05-01T21:16:13","slug":"pa-pasion-nuk-ka-kulture-te-vertete","status":"publish","type":"post","link":"https:\/\/fjala.info\/2009-2015\/pa-pasion-nuk-ka-kulture-te-vertete\/","title":{"rendered":"Pa pasion nuk ka kultur\u00eb t\u00eb v\u00ebrtet\u00eb"},"content":{"rendered":"<p><img decoding=\"async\" class=\"alignright size-thumbnail wp-image-7236\" title=\"Arjan Th. Kall\u00e7o\" src=\"http:\/\/www.shkoder.net\/images\/fjala\/2011\/arjan_kallco.jpg\" alt=\"\" width=\"150\" \/> <strong>Arjan Th. Kall\u00e7o<\/strong><\/p>\n<p><strong><em>Dialogu i Platonit \u2013 nj\u00eb nga klasik\u00ebt e mendimit dhe filozofis\u00eb s\u00eb lasht\u00eb<\/em><\/strong><\/p>\n<p>Kolana filozofike e nj\u00eb prej gazetave m\u00eb t\u00eb m\u00ebdha italiane q\u00eb lidhet me mendimin e lir\u00eb, \u00ebsht\u00eb nj\u00eb moment i r\u00ebnd\u00ebsish\u00ebm p\u00ebrsihatjesh n\u00eb koh\u00ebt q\u00eb po kalojm\u00eb. Dialogu \u00ebsht\u00eb dhe duhet t\u00eb jet\u00eb lajtmotivi baz\u00eb I bashk\u00ebveprimit n\u00eb shoq\u00ebri, ku secili t\u00eb ket\u00eb rolin e vet dhe t\u00eb jap\u00eb kontributin e vet n\u00eb sfidat e njer\u00ebzimit. N\u00eb fakt dialogu ka koh\u00eb q\u00eb \u00ebsht\u00eb z\u00ebvend\u00ebsuar me antidialogun, me dhun\u00ebn dhe komand\u00ebn, duke e larguar edhe m\u00eb shum\u00eb natyr\u00ebn e ides\u00eb s\u00eb lasht\u00ebsis\u00eb ndaj dialogut. Mesa duket shoq\u00ebria e sotme, e kapur nga ethet e histerizmit, nuk ka m\u00eb asnj\u00eb d\u00ebshir\u00eb ta inkuadroj\u00eb dialogun n\u00eb zgjidhjen e problemeve.<\/p>\n<p>Do t\u00eb ishte mir\u00eb sikur dituria t\u00eb ishte di\u00e7ka q\u00eb t\u00eb mund t\u00eb rridhte, n\u00eb kontaktin m\u00eb t\u00eb thjesht\u00eb, nga m\u00eb i ploti n\u00eb m\u00eb t\u00eb zbraz\u00ebtin prej nesh, si p\u00ebrmes nj\u00eb filli leshi ku rrjedh uji nga filxhani m\u00eb i mbushur tek m\u00eb boshi; batuta ironike e Sokratit q\u00eb i drejtohet tragjediografit grek Agatoni, prek nj\u00eb prej nyjeve themelore t\u00eb Simpoziumit t\u00eb Platonit. Dashuria dhe dituria sa larg, por dhe sa af\u00ebr nj\u00ebra-tjetr\u00ebs.<\/p>\n<p>Dashuria &#8211; ndjenja m\u00eb e bukur dhe fisnike e njeriut, ushqimi i shiprtit, q\u00eb e rrethon ngado n\u00eb jet\u00eb, q\u00eb e lumturon dhe trishton, q\u00eb e marron dhe e ftillon, \u00ebsht\u00eb nj\u00eb dhurat\u00eb e \u00e7muar q\u00eb edhe t\u00eb troket, e vet\u00eb karakterit shoq\u00ebror t\u00eb tij dhe q\u00eb askush nuk \u00ebsht\u00eb refrektar ndaj saj. Dituria \u2013 libri m\u00eb i madh dhe m\u00eb me vler\u00eb i njeriut q\u00eb duhet ta shoq\u00ebroj\u00eb n\u00eb \u00e7do hap, ushqimi i mendjes q\u00eb e rrethon, por shpesh pa e lexuar, e mundon, e lodh, e m\u00ebson, \u00ebsht\u00eb dhurat\u00eb q\u00eb duhet ta marr\u00ebsh se askush nuk ta ofron.<\/p>\n<p>Por dituria, sipas pedagogjis\u00eb edoniste, nuk \u00ebsht\u00eb nj\u00eb dhurat\u00eb, qorrsokak n\u00eb t\u00eb cilat hyri n\u00eb dhjet\u00ebvje\u00e7ar\u00ebt e fundit shkolla, ajo as mund t\u00eb blihet, qoft\u00eb edhe n\u00eb nj\u00eb shoq\u00ebri, ku gjith\u00e7ka mund t\u00eb blihet dhe shitet, gjith\u00e7ka tashm\u00eb \u00ebsht\u00eb shnd\u00ebrruar n\u00eb mall, dashuria dhe dituria nuk b\u00ebjn\u00eb p\u00ebrjashtim, bile dhe vet\u00eb parlamentar\u00ebt veprojn\u00eb ai tregtar\u00eb t\u00eb k\u00ebqinj, kur ua k\u00ebrkon interesi elektoral i pushtetit. Njohja dhe zgjedhja e nj\u00eb jete t\u00eb drejt\u00eb, t\u00eb thjesht\u00eb dhe t\u00eb barabart\u00eb p\u00ebr t\u00eb gjith\u00eb, presupozon nj\u00eb sforco t\u00eb brendshme tek vetja, nj\u00eb pjes\u00ebmarrje aktive n\u00eb t\u00eb mir\u00eb t\u00eb shoq\u00ebris\u00eb, nj\u00eb k\u00ebrkim dhe synim t\u00eb vazhduesh\u00ebm dhe t\u00eb p\u00ebrhersh\u00ebm.<\/p>\n<p>Nuk \u00ebsht\u00eb e rast\u00ebsishme q\u00eb protagonisti absolut i k\u00ebtij dialogu platonik \u00ebsht\u00eb Erosi. P\u00ebr t\u00eb diskutojn\u00eb dhe rrahin mendime t\u00eb shtat\u00eb personazhet e librit dhe b\u00ebhen tet\u00eb, n\u00ebse p\u00ebrfshijm\u00eb prift\u00ebresh\u00ebn Diotima e cila nuk hyn drejp\u00ebrdrejt n\u00eb debat, por p\u00ebrmes fjal\u00ebve t\u00eb sjella nga Sokrati, duke na ofruar p\u00ebrcaktime t\u00eb ndryshme : midis trupit dhe shpirtit, midis k\u00ebnaq\u00ebsis\u00eb q\u00eb vjen nga seksi dhe bukuris\u00eb morale, midis njer\u00ebzores dhe hyjnores, midis vujatjes dhe lumturis\u00eb, midis ndarjes dhe bashkimit, midis t\u00eb ve\u00e7ant\u00ebs dhe t\u00eb p\u00ebrgjithshmes.<\/p>\n<p>Dashuria karakterizohet si shprehje e nj\u00eb mungese, e nj\u00eb privimi. Aristofani t\u00eb futi nj\u00eb prej imazheve m\u00eb poetike t\u00eb evokuara n\u00eb mitet platonike. Q\u00ebniet njer\u00ebzore t\u00eb origjin\u00ebs ishin t\u00eb karakterizuara nga nj\u00eb form\u00eb sferike : nj\u00eb trup t\u00eb dyfisht\u00eb t\u00eb p\u00ebrb\u00ebr\u00eb nga nj\u00eb fytyr\u00eb t\u00eb dyfisht\u00eb, prej kat\u00ebr duarve dhe kat\u00ebr k\u00ebmb\u00ebve. T\u00eb ve\u00e7uar n\u00eb tre sekse, burr\u00eb-grua, grua-grua, burr\u00eb grua, u ndan\u00eb prej Jupiterit q\u00eb i preu m\u00ebdysh si nd\u00ebshkim p\u00ebr guximin q\u00eb sulmuan qiellin.<\/p>\n<p>K\u00ebshtu Erosi nuk \u00ebsht\u00eb ve\u00e7 k\u00ebrkimi i q\u00ebllimit t\u00eb vet; nj\u00eb k\u00ebrkim q\u00eb i shtyn t\u00eb dashurit t\u00eb rigjejn\u00eb nj\u00eb nj\u00ebsi t\u00eb humbur. Diotima m\u00eb pas e vendos n\u00eb nj\u00eb dimension t\u00eb ndrysh\u00ebm dhe m\u00eb t\u00eb lart\u00eb tem\u00ebn e privimit p\u00ebrmes mitit t\u00eb ngjizjes s\u00eb Erosit. Gjat\u00eb fest\u00ebs p\u00ebr lindjen e Af\u00ebrdit\u00ebs, Porosi, zoti i mendjes, i dehur me nektar, i jepet Penis\u00eb, per\u00ebndesh\u00ebs s\u00eb varf\u00ebris\u00eb: nga bashkimi i tyre lind Erosi, i destinuar, p\u00ebr shkak t\u00eb cil\u00ebsive t\u00eb kund\u00ebrta t\u00eb prind\u00ebrve, t\u00eb humb\u00eb dhe t\u00eb fitoj\u00eb \u00e7do gj\u00eb.<\/p>\n<p>As i vdeksh\u00ebm, as i pavdeksh\u00ebm, as i pasur, as i varf\u00ebr, Dashuria, n\u00eb rolin e vet si nd\u00ebrmjet\u00ebs, arrin ta p\u00ebrfaq\u00ebsoj\u00eb simbolikisht gjendjen e filozofit, gjithmon\u00eb pezull midis padituris\u00eb dhe dituris\u00eb. N\u00eb fakt midis per\u00ebndive q\u00eb nuk e k\u00ebrkojn\u00eb diturin\u00eb, sepse e zot\u00ebrojn\u00eb dhe t\u00eb paditurve q\u00eb nuk e k\u00ebrkojn\u00eb, sepse besojn\u00eb se e zot\u00ebrojn\u00eb, filozofi i v\u00ebrtet\u00eb, q\u00eb e do diturin\u00eb, do t\u00eb p\u00ebrpiqet t\u00eb afrohet me t\u00eb, duke e ndjekur gjat\u00eb gjith\u00eb jet\u00ebs. Dituria fitohet dhe nuk \u00ebsht\u00eb e lindur, pavar\u00ebsisht se n\u00eb shekuj krijimi apo transmetimi i tyre tek njer\u00ebzit u dedikohet per\u00ebndive apo t\u00eb vetm\u00ebs q\u00eb besohet se e qeveris bot\u00ebn.<\/p>\n<p>Erosi p\u00ebrmes lindjes mund ta b\u00ebj\u00eb t\u00eb pavdekshme q\u00ebnien e vdekshme. Por nga Dashuria nuk lindin vet\u00ebm f\u00ebmij\u00eb, pasi lindin apo rilindin ndjenja t\u00eb tjera, shpirtra binjak\u00eb q\u00eb b\u00ebhen m\u00eb t\u00eb fort\u00eb n\u00eb lidhjen e tyre, tashm\u00eb jo vet\u00ebm dyshe, por n\u00eb pranin\u00eb edhe t\u00eb nj\u00eb fryti shum\u00eb t\u00eb \u00ebmb\u00ebl t\u00eb dashuris\u00eb. \u201cP\u00ebrve\u00e7 fekondimit t\u00eb trupit, fekondohen edhe shpirtrat q\u00eb lindin, nga ana e tyre, virtytet. Nj\u00eb shpirt i ngjizur kalon nga bukuria e trupave tek bukuria e brendshme e nj\u00eb shpirti.<\/p>\n<p>Dhe prej bashkimit t\u00eb shpirtrave t\u00eb bukur mund t\u2019i jepet jet\u00eb atyre filozof\u00ebve, miq t\u00eb s\u00eb Mir\u00ebs, n\u00eb gjendje q\u00eb t\u00eb mbajn\u00eb shtetin, qyteti ideal i evokuar shum\u00eb her\u00eb prej Platonit\u201d. Nuk duhet t\u00eb mashtrohemi nga aparenca. Nj\u00eb trup jo i bukur mund t\u00eb mbaj\u00eb brenda vetes nj\u00eb shpirt me bukuri t\u00eb jasht\u00ebzakonshme. \u00cbsht\u00eb shembulli i vet\u00eb Sokratit q\u00eb Al\u00e7ibiadi, n\u00eb faqet e fundit plot pasion dhe prek\u00ebse, e krahason me nj\u00eb Sileno : b\u00ebhet fjal\u00eb p\u00ebr nj\u00eb statuj\u00eb q\u00eb n\u00eb Greqin\u00eb e vjet\u00ebr p\u00ebrfaq\u00ebsonte nga jasht\u00eb nj\u00eb imazh komik, satiri dhe brenda p\u00ebrfaq\u00ebsonte nj\u00eb hyjni.<\/p>\n<p>K\u00ebtu Platoni na fton t\u00eb eksplorojm\u00eb Silenin, t\u00eb dep\u00ebrtojm\u00eb brenda tij, gjithmon\u00eb t\u00eb mos i besojm\u00eb, pra, p\u00ebr at\u00eb q\u00eb shohim n\u00eb sip\u00ebrfaqe. Thesari i Sokratit \u00ebsht\u00eb i ruajtur brenda tij. Simpoziumi na propozon nj\u00eb hermeneutik\u00eb q\u00eb m\u00ebsyn edhe gjinit\u00eb letrare. Komiku &#8211; n\u00eb t\u00eb kund\u00ebrt sesa do t\u00eb m\u00ebshtet\u00eb m\u00eb von\u00eb Aristoteli \u2013 nuk mund t\u00eb ndahet nga tragjiku : Sokrati i detyronte t\u00eb pranonin q\u00eb vet\u00eb autori duhet t\u00eb dij\u00eb t\u00eb kompozoj\u00eb komedi dhe tragjedi, dhe ai q\u00eb n\u00eb artin e tij \u00ebsht\u00eb tragjediograf duhet t\u00eb jet\u00eb edhe komediograf.<\/p>\n<p>N\u00eb tekste dhe n\u00eb jet\u00eb ulje-ngritjet, tragjedia dhe komedia nd\u00ebrveprojn\u00eb vazhdimisht mes tyre. Jo rast\u00ebsisht imazhi i Silenit do t\u00eb rishfaqet me shum\u00eb sukses n\u00eb Rilindje nga autor\u00eb si Erasmosi, Rab\u00ebleja, Brunoja. K\u00ebshtu si miti i Dashuris\u00eb-filozof, pavar\u00ebsisht nga aderimi tek metafizika platonike, do t\u00eb kthehet shum\u00eb her\u00eb n\u00eb shum\u00eb refleksione t\u00eb dedikuara ndaj natyr\u00ebs s\u00eb filozofis\u00eb. Pa Erosin, pa at\u00eb pasion p\u00ebrmbys\u00ebs q\u00eb trondit trupin dhe shpirtin, do t\u00eb ishte e v\u00ebshtir\u00eb ta imagjinoje aventur\u00ebn e njohjes-p\u00ebrfundon re\u00e7ensioni.<\/p>\n","protected":false},"excerpt":{"rendered":"<p>Arjan Th. Kall\u00e7o Dialogu i Platonit \u2013 nj\u00eb nga klasik\u00ebt e mendimit dhe filozofis\u00eb s\u00eb lasht\u00eb Kolana filozofike e nj\u00eb prej gazetave m\u00eb t\u00eb m\u00ebdha italiane q\u00eb lidhet me mendimin e lir\u00eb, \u00ebsht\u00eb nj\u00eb moment i r\u00ebnd\u00ebsish\u00ebm p\u00ebrsihatjesh n\u00eb koh\u00ebt q\u00eb po kalojm\u00eb. Dialogu \u00ebsht\u00eb dhe duhet t\u00eb jet\u00eb lajtmotivi baz\u00eb I bashk\u00ebveprimit n\u00eb shoq\u00ebri, [&hellip;]<\/p>\n","protected":false},"author":1,"featured_media":0,"comment_status":"open","ping_status":"closed","sticky":false,"template":"","format":"standard","meta":{"footnotes":""},"categories":[2,7],"tags":[],"class_list":{"0":"post-2704","1":"post","2":"type-post","3":"status-publish","4":"format-standard","6":"category-artikuj","7":"category-letersi"},"yoast_head":"<!-- This site is optimized with the Yoast SEO plugin v27.4 - https:\/\/yoast.com\/product\/yoast-seo-wordpress\/ -->\n<title>Pa pasion nuk ka kultur\u00eb t\u00eb v\u00ebrtet\u00eb - FjALA e LIR\u00cb - Arkivi<\/title>\n<meta name=\"robots\" content=\"index, follow, max-snippet:-1, max-image-preview:large, max-video-preview:-1\" \/>\n<link rel=\"canonical\" href=\"https:\/\/fjala.info\/2009-2015\/pa-pasion-nuk-ka-kulture-te-vertete\/\" \/>\n<meta property=\"og:locale\" content=\"sq_AL\" \/>\n<meta property=\"og:type\" content=\"article\" \/>\n<meta property=\"og:title\" content=\"Pa pasion nuk ka kultur\u00eb t\u00eb v\u00ebrtet\u00eb - FjALA e LIR\u00cb - Arkivi\" \/>\n<meta property=\"og:description\" content=\"Arjan Th. Kall\u00e7o Dialogu i Platonit \u2013 nj\u00eb nga klasik\u00ebt e mendimit dhe filozofis\u00eb s\u00eb lasht\u00eb Kolana filozofike e nj\u00eb prej gazetave m\u00eb t\u00eb m\u00ebdha italiane q\u00eb lidhet me mendimin e lir\u00eb, \u00ebsht\u00eb nj\u00eb moment i r\u00ebnd\u00ebsish\u00ebm p\u00ebrsihatjesh n\u00eb koh\u00ebt q\u00eb po kalojm\u00eb. Dialogu \u00ebsht\u00eb dhe duhet t\u00eb jet\u00eb lajtmotivi baz\u00eb I bashk\u00ebveprimit n\u00eb shoq\u00ebri, [&hellip;]\" \/>\n<meta property=\"og:url\" content=\"https:\/\/fjala.info\/2009-2015\/pa-pasion-nuk-ka-kulture-te-vertete\/\" \/>\n<meta property=\"og:site_name\" content=\"FjALA e LIR\u00cb - Arkivi\" \/>\n<meta property=\"article:published_time\" content=\"2012-05-01T21:16:13+00:00\" \/>\n<meta property=\"og:image\" content=\"http:\/\/www.shkoder.net\/images\/fjala\/2011\/arjan_kallco.jpg\" \/>\n<meta name=\"author\" content=\"admin\" \/>\n<meta name=\"twitter:card\" content=\"summary_large_image\" \/>\n<meta name=\"twitter:label1\" content=\"Written by\" \/>\n\t<meta name=\"twitter:data1\" content=\"admin\" \/>\n\t<meta name=\"twitter:label2\" content=\"Est. reading time\" \/>\n\t<meta name=\"twitter:data2\" content=\"6 minutes\" \/>\n<script type=\"application\/ld+json\" class=\"yoast-schema-graph\">{\"@context\":\"https:\\\/\\\/schema.org\",\"@graph\":[{\"@type\":\"Article\",\"@id\":\"https:\\\/\\\/fjala.info\\\/2009-2015\\\/pa-pasion-nuk-ka-kulture-te-vertete\\\/#article\",\"isPartOf\":{\"@id\":\"https:\\\/\\\/fjala.info\\\/2009-2015\\\/pa-pasion-nuk-ka-kulture-te-vertete\\\/\"},\"author\":{\"name\":\"admin\",\"@id\":\"https:\\\/\\\/fjala.info\\\/2009-2015\\\/#\\\/schema\\\/person\\\/3aa1163ef05469c496fc94e77611ada2\"},\"headline\":\"Pa pasion nuk ka kultur\u00eb t\u00eb v\u00ebrtet\u00eb\",\"datePublished\":\"2012-05-01T21:16:13+00:00\",\"mainEntityOfPage\":{\"@id\":\"https:\\\/\\\/fjala.info\\\/2009-2015\\\/pa-pasion-nuk-ka-kulture-te-vertete\\\/\"},\"wordCount\":1264,\"commentCount\":0,\"publisher\":{\"@id\":\"https:\\\/\\\/fjala.info\\\/2009-2015\\\/#organization\"},\"image\":{\"@id\":\"https:\\\/\\\/fjala.info\\\/2009-2015\\\/pa-pasion-nuk-ka-kulture-te-vertete\\\/#primaryimage\"},\"thumbnailUrl\":\"http:\\\/\\\/www.shkoder.net\\\/images\\\/fjala\\\/2011\\\/arjan_kallco.jpg\",\"articleSection\":[\"Artikuj\",\"Let\u00ebrsi\"],\"inLanguage\":\"sq-AL\",\"potentialAction\":[{\"@type\":\"CommentAction\",\"name\":\"Comment\",\"target\":[\"https:\\\/\\\/fjala.info\\\/2009-2015\\\/pa-pasion-nuk-ka-kulture-te-vertete\\\/#respond\"]}]},{\"@type\":\"WebPage\",\"@id\":\"https:\\\/\\\/fjala.info\\\/2009-2015\\\/pa-pasion-nuk-ka-kulture-te-vertete\\\/\",\"url\":\"https:\\\/\\\/fjala.info\\\/2009-2015\\\/pa-pasion-nuk-ka-kulture-te-vertete\\\/\",\"name\":\"Pa pasion nuk ka kultur\u00eb t\u00eb v\u00ebrtet\u00eb - FjALA e LIR\u00cb - Arkivi\",\"isPartOf\":{\"@id\":\"https:\\\/\\\/fjala.info\\\/2009-2015\\\/#website\"},\"primaryImageOfPage\":{\"@id\":\"https:\\\/\\\/fjala.info\\\/2009-2015\\\/pa-pasion-nuk-ka-kulture-te-vertete\\\/#primaryimage\"},\"image\":{\"@id\":\"https:\\\/\\\/fjala.info\\\/2009-2015\\\/pa-pasion-nuk-ka-kulture-te-vertete\\\/#primaryimage\"},\"thumbnailUrl\":\"http:\\\/\\\/www.shkoder.net\\\/images\\\/fjala\\\/2011\\\/arjan_kallco.jpg\",\"datePublished\":\"2012-05-01T21:16:13+00:00\",\"breadcrumb\":{\"@id\":\"https:\\\/\\\/fjala.info\\\/2009-2015\\\/pa-pasion-nuk-ka-kulture-te-vertete\\\/#breadcrumb\"},\"inLanguage\":\"sq-AL\",\"potentialAction\":[{\"@type\":\"ReadAction\",\"target\":[\"https:\\\/\\\/fjala.info\\\/2009-2015\\\/pa-pasion-nuk-ka-kulture-te-vertete\\\/\"]}]},{\"@type\":\"ImageObject\",\"inLanguage\":\"sq-AL\",\"@id\":\"https:\\\/\\\/fjala.info\\\/2009-2015\\\/pa-pasion-nuk-ka-kulture-te-vertete\\\/#primaryimage\",\"url\":\"http:\\\/\\\/www.shkoder.net\\\/images\\\/fjala\\\/2011\\\/arjan_kallco.jpg\",\"contentUrl\":\"http:\\\/\\\/www.shkoder.net\\\/images\\\/fjala\\\/2011\\\/arjan_kallco.jpg\"},{\"@type\":\"BreadcrumbList\",\"@id\":\"https:\\\/\\\/fjala.info\\\/2009-2015\\\/pa-pasion-nuk-ka-kulture-te-vertete\\\/#breadcrumb\",\"itemListElement\":[{\"@type\":\"ListItem\",\"position\":1,\"name\":\"Home\",\"item\":\"https:\\\/\\\/fjala.info\\\/2009-2015\\\/\"},{\"@type\":\"ListItem\",\"position\":2,\"name\":\"Pa pasion nuk ka kultur\u00eb t\u00eb v\u00ebrtet\u00eb\"}]},{\"@type\":\"WebSite\",\"@id\":\"https:\\\/\\\/fjala.info\\\/2009-2015\\\/#website\",\"url\":\"https:\\\/\\\/fjala.info\\\/2009-2015\\\/\",\"name\":\"FjALA e LIR\u00cb - Arkivi\",\"description\":\"Arkivi 2009-2015\",\"publisher\":{\"@id\":\"https:\\\/\\\/fjala.info\\\/2009-2015\\\/#organization\"},\"potentialAction\":[{\"@type\":\"SearchAction\",\"target\":{\"@type\":\"EntryPoint\",\"urlTemplate\":\"https:\\\/\\\/fjala.info\\\/2009-2015\\\/?s={search_term_string}\"},\"query-input\":{\"@type\":\"PropertyValueSpecification\",\"valueRequired\":true,\"valueName\":\"search_term_string\"}}],\"inLanguage\":\"sq-AL\"},{\"@type\":\"Organization\",\"@id\":\"https:\\\/\\\/fjala.info\\\/2009-2015\\\/#organization\",\"name\":\"FjALA e LIR\u00cb - Arkivi\",\"url\":\"https:\\\/\\\/fjala.info\\\/2009-2015\\\/\",\"logo\":{\"@type\":\"ImageObject\",\"inLanguage\":\"sq-AL\",\"@id\":\"https:\\\/\\\/fjala.info\\\/2009-2015\\\/#\\\/schema\\\/logo\\\/image\\\/\",\"url\":\"\",\"contentUrl\":\"\",\"caption\":\"FjALA e LIR\u00cb - Arkivi\"},\"image\":{\"@id\":\"https:\\\/\\\/fjala.info\\\/2009-2015\\\/#\\\/schema\\\/logo\\\/image\\\/\"}},{\"@type\":\"Person\",\"@id\":\"https:\\\/\\\/fjala.info\\\/2009-2015\\\/#\\\/schema\\\/person\\\/3aa1163ef05469c496fc94e77611ada2\",\"name\":\"admin\",\"image\":{\"@type\":\"ImageObject\",\"inLanguage\":\"sq-AL\",\"@id\":\"https:\\\/\\\/fjala.info\\\/2009-2015\\\/wp-content\\\/uploads\\\/2012\\\/02\\\/arben_cokaj-120x150.jpg\",\"url\":\"https:\\\/\\\/fjala.info\\\/2009-2015\\\/wp-content\\\/uploads\\\/2012\\\/02\\\/arben_cokaj-120x150.jpg\",\"contentUrl\":\"https:\\\/\\\/fjala.info\\\/2009-2015\\\/wp-content\\\/uploads\\\/2012\\\/02\\\/arben_cokaj-120x150.jpg\",\"caption\":\"admin\"},\"description\":\"Admin, Fjala e Lir\u00eb\",\"sameAs\":[\"https:\\\/\\\/fjala.info\\\/\"],\"url\":\"https:\\\/\\\/fjala.info\\\/2009-2015\\\/author\\\/admin\\\/\"}]}<\/script>\n<!-- \/ Yoast SEO plugin. -->","yoast_head_json":{"title":"Pa pasion nuk ka kultur\u00eb t\u00eb v\u00ebrtet\u00eb - FjALA e LIR\u00cb - Arkivi","robots":{"index":"index","follow":"follow","max-snippet":"max-snippet:-1","max-image-preview":"max-image-preview:large","max-video-preview":"max-video-preview:-1"},"canonical":"https:\/\/fjala.info\/2009-2015\/pa-pasion-nuk-ka-kulture-te-vertete\/","og_locale":"sq_AL","og_type":"article","og_title":"Pa pasion nuk ka kultur\u00eb t\u00eb v\u00ebrtet\u00eb - FjALA e LIR\u00cb - Arkivi","og_description":"Arjan Th. Kall\u00e7o Dialogu i Platonit \u2013 nj\u00eb nga klasik\u00ebt e mendimit dhe filozofis\u00eb s\u00eb lasht\u00eb Kolana filozofike e nj\u00eb prej gazetave m\u00eb t\u00eb m\u00ebdha italiane q\u00eb lidhet me mendimin e lir\u00eb, \u00ebsht\u00eb nj\u00eb moment i r\u00ebnd\u00ebsish\u00ebm p\u00ebrsihatjesh n\u00eb koh\u00ebt q\u00eb po kalojm\u00eb. Dialogu \u00ebsht\u00eb dhe duhet t\u00eb jet\u00eb lajtmotivi baz\u00eb I bashk\u00ebveprimit n\u00eb shoq\u00ebri, [&hellip;]","og_url":"https:\/\/fjala.info\/2009-2015\/pa-pasion-nuk-ka-kulture-te-vertete\/","og_site_name":"FjALA e LIR\u00cb - Arkivi","article_published_time":"2012-05-01T21:16:13+00:00","og_image":[{"url":"http:\/\/www.shkoder.net\/images\/fjala\/2011\/arjan_kallco.jpg","type":"","width":"","height":""}],"author":"admin","twitter_card":"summary_large_image","twitter_misc":{"Written by":"admin","Est. reading time":"6 minutes"},"schema":{"@context":"https:\/\/schema.org","@graph":[{"@type":"Article","@id":"https:\/\/fjala.info\/2009-2015\/pa-pasion-nuk-ka-kulture-te-vertete\/#article","isPartOf":{"@id":"https:\/\/fjala.info\/2009-2015\/pa-pasion-nuk-ka-kulture-te-vertete\/"},"author":{"name":"admin","@id":"https:\/\/fjala.info\/2009-2015\/#\/schema\/person\/3aa1163ef05469c496fc94e77611ada2"},"headline":"Pa pasion nuk ka kultur\u00eb t\u00eb v\u00ebrtet\u00eb","datePublished":"2012-05-01T21:16:13+00:00","mainEntityOfPage":{"@id":"https:\/\/fjala.info\/2009-2015\/pa-pasion-nuk-ka-kulture-te-vertete\/"},"wordCount":1264,"commentCount":0,"publisher":{"@id":"https:\/\/fjala.info\/2009-2015\/#organization"},"image":{"@id":"https:\/\/fjala.info\/2009-2015\/pa-pasion-nuk-ka-kulture-te-vertete\/#primaryimage"},"thumbnailUrl":"http:\/\/www.shkoder.net\/images\/fjala\/2011\/arjan_kallco.jpg","articleSection":["Artikuj","Let\u00ebrsi"],"inLanguage":"sq-AL","potentialAction":[{"@type":"CommentAction","name":"Comment","target":["https:\/\/fjala.info\/2009-2015\/pa-pasion-nuk-ka-kulture-te-vertete\/#respond"]}]},{"@type":"WebPage","@id":"https:\/\/fjala.info\/2009-2015\/pa-pasion-nuk-ka-kulture-te-vertete\/","url":"https:\/\/fjala.info\/2009-2015\/pa-pasion-nuk-ka-kulture-te-vertete\/","name":"Pa pasion nuk ka kultur\u00eb t\u00eb v\u00ebrtet\u00eb - FjALA e LIR\u00cb - Arkivi","isPartOf":{"@id":"https:\/\/fjala.info\/2009-2015\/#website"},"primaryImageOfPage":{"@id":"https:\/\/fjala.info\/2009-2015\/pa-pasion-nuk-ka-kulture-te-vertete\/#primaryimage"},"image":{"@id":"https:\/\/fjala.info\/2009-2015\/pa-pasion-nuk-ka-kulture-te-vertete\/#primaryimage"},"thumbnailUrl":"http:\/\/www.shkoder.net\/images\/fjala\/2011\/arjan_kallco.jpg","datePublished":"2012-05-01T21:16:13+00:00","breadcrumb":{"@id":"https:\/\/fjala.info\/2009-2015\/pa-pasion-nuk-ka-kulture-te-vertete\/#breadcrumb"},"inLanguage":"sq-AL","potentialAction":[{"@type":"ReadAction","target":["https:\/\/fjala.info\/2009-2015\/pa-pasion-nuk-ka-kulture-te-vertete\/"]}]},{"@type":"ImageObject","inLanguage":"sq-AL","@id":"https:\/\/fjala.info\/2009-2015\/pa-pasion-nuk-ka-kulture-te-vertete\/#primaryimage","url":"http:\/\/www.shkoder.net\/images\/fjala\/2011\/arjan_kallco.jpg","contentUrl":"http:\/\/www.shkoder.net\/images\/fjala\/2011\/arjan_kallco.jpg"},{"@type":"BreadcrumbList","@id":"https:\/\/fjala.info\/2009-2015\/pa-pasion-nuk-ka-kulture-te-vertete\/#breadcrumb","itemListElement":[{"@type":"ListItem","position":1,"name":"Home","item":"https:\/\/fjala.info\/2009-2015\/"},{"@type":"ListItem","position":2,"name":"Pa pasion nuk ka kultur\u00eb t\u00eb v\u00ebrtet\u00eb"}]},{"@type":"WebSite","@id":"https:\/\/fjala.info\/2009-2015\/#website","url":"https:\/\/fjala.info\/2009-2015\/","name":"FjALA e LIR\u00cb - Arkivi","description":"Arkivi 2009-2015","publisher":{"@id":"https:\/\/fjala.info\/2009-2015\/#organization"},"potentialAction":[{"@type":"SearchAction","target":{"@type":"EntryPoint","urlTemplate":"https:\/\/fjala.info\/2009-2015\/?s={search_term_string}"},"query-input":{"@type":"PropertyValueSpecification","valueRequired":true,"valueName":"search_term_string"}}],"inLanguage":"sq-AL"},{"@type":"Organization","@id":"https:\/\/fjala.info\/2009-2015\/#organization","name":"FjALA e LIR\u00cb - Arkivi","url":"https:\/\/fjala.info\/2009-2015\/","logo":{"@type":"ImageObject","inLanguage":"sq-AL","@id":"https:\/\/fjala.info\/2009-2015\/#\/schema\/logo\/image\/","url":"","contentUrl":"","caption":"FjALA e LIR\u00cb - Arkivi"},"image":{"@id":"https:\/\/fjala.info\/2009-2015\/#\/schema\/logo\/image\/"}},{"@type":"Person","@id":"https:\/\/fjala.info\/2009-2015\/#\/schema\/person\/3aa1163ef05469c496fc94e77611ada2","name":"admin","image":{"@type":"ImageObject","inLanguage":"sq-AL","@id":"https:\/\/fjala.info\/2009-2015\/wp-content\/uploads\/2012\/02\/arben_cokaj-120x150.jpg","url":"https:\/\/fjala.info\/2009-2015\/wp-content\/uploads\/2012\/02\/arben_cokaj-120x150.jpg","contentUrl":"https:\/\/fjala.info\/2009-2015\/wp-content\/uploads\/2012\/02\/arben_cokaj-120x150.jpg","caption":"admin"},"description":"Admin, Fjala e Lir\u00eb","sameAs":["https:\/\/fjala.info\/"],"url":"https:\/\/fjala.info\/2009-2015\/author\/admin\/"}]}},"_links":{"self":[{"href":"https:\/\/fjala.info\/2009-2015\/wp-json\/wp\/v2\/posts\/2704","targetHints":{"allow":["GET"]}}],"collection":[{"href":"https:\/\/fjala.info\/2009-2015\/wp-json\/wp\/v2\/posts"}],"about":[{"href":"https:\/\/fjala.info\/2009-2015\/wp-json\/wp\/v2\/types\/post"}],"author":[{"embeddable":true,"href":"https:\/\/fjala.info\/2009-2015\/wp-json\/wp\/v2\/users\/1"}],"replies":[{"embeddable":true,"href":"https:\/\/fjala.info\/2009-2015\/wp-json\/wp\/v2\/comments?post=2704"}],"version-history":[{"count":0,"href":"https:\/\/fjala.info\/2009-2015\/wp-json\/wp\/v2\/posts\/2704\/revisions"}],"wp:attachment":[{"href":"https:\/\/fjala.info\/2009-2015\/wp-json\/wp\/v2\/media?parent=2704"}],"wp:term":[{"taxonomy":"category","embeddable":true,"href":"https:\/\/fjala.info\/2009-2015\/wp-json\/wp\/v2\/categories?post=2704"},{"taxonomy":"post_tag","embeddable":true,"href":"https:\/\/fjala.info\/2009-2015\/wp-json\/wp\/v2\/tags?post=2704"}],"curies":[{"name":"wp","href":"https:\/\/api.w.org\/{rel}","templated":true}]}}