{"id":2702,"date":"2010-05-18T22:41:30","date_gmt":"2010-05-18T21:41:30","guid":{"rendered":"http:\/\/fjala.shkoder.net\/?p=2702"},"modified":"2010-05-18T22:41:30","modified_gmt":"2010-05-18T21:41:30","slug":"2702","status":"publish","type":"post","link":"https:\/\/fjala.info\/2009-2015\/2702\/","title":{"rendered":"Nj\u00eb arbit\u00ebr p\u00ebr arbitrat"},"content":{"rendered":"<p><img decoding=\"async\" style=\"margin-left: 10px; margin-right: 10px; border: 0px;\" src=\"http:\/\/www.shkoder.net\/images\/fjala\/skender_minxhozi.jpg\" border=\"0\" alt=\"Sk\u00ebnder Minxhozi\" width=\"100\" align=\"right\" \/><\/p>\n<p><strong>Sk\u00ebnder Minxhozi<\/strong><\/p>\n<p>Ambasadori i OSBE, Robert Bosh, ndodhet prej dit\u00ebsh n\u00eb mesin e nj\u00eb incidenti politiko-diplomatik, pas nj\u00eb deklarimi publik, ku informonte se pal\u00ebt kan\u00eb n\u00eb dor\u00eb nj\u00eb projekt p\u00ebr zgjidhjen e kriz\u00ebs, i cili kishte p\u00ebrkrahjen e aktor\u00ebve kryesor\u00eb nd\u00ebrkomb\u00ebtar\u00eb, t\u00eb SHBA dhe BE. Vet\u00ebm pak or\u00eb m\u00eb von\u00eb, nd\u00ebrkoh\u00eb q\u00eb PS shprehej se nj\u00eb draft i till\u00eb ekzistonte dhe se e p\u00ebrkrahte at\u00eb, ambasadori do t\u00eb p\u00ebrg\u00ebnjeshtrohej po publikisht nga Kryeministri, i cili nuk mungonte as ta konsideronte at\u00eb t\u00ebrthorazi si nj\u00eb z\u00ebdh\u00ebn\u00ebs t\u00eb interesave politike t\u00eb opozit\u00ebs. Sikur t\u00eb mos mjaftonte kjo, kreu i delegacionit t\u00eb BE-s\u00eb, pak or\u00eb m\u00eb von\u00eb, praktikisht i dha t\u00eb drejt\u00eb qeveris\u00eb, duke hedhur posht\u00eb kolegun e tij. Nd\u00ebrkoh\u00eb, dje nga Prezenca e OSBE, filtroi nj\u00eb lajm telegrafik, n\u00eb t\u00eb cilin thuhej se organizata konfirmonte at\u00eb q\u00eb kishte th\u00ebn\u00eb ambasadori i saj n\u00eb Tiran\u00eb. Pra, q\u00eb ka nj\u00eb projekt dhe q\u00eb pal\u00ebt jan\u00eb n\u00eb dijeni t\u00eb tij.<\/p>\n<p>Kjo amulli diplomatike, \u00ebsht\u00eb pasqyra m\u00eb besnike e kaosit q\u00eb ka mbjell\u00eb prej muajsh kriza elektorale shqiptare n\u00eb gjirin e bashk\u00ebsis\u00eb nd\u00ebrkomb\u00ebtare. Kurr\u00eb m\u00eb par\u00eb, para zgjedhjeve t\u00eb 28 qershorit, Europa politike nuk ishte ndar\u00eb n\u00eb dy kampe, nj\u00ebri n\u00eb favor t\u00eb qeveris\u00eb, tjetri n\u00eb mb\u00ebshtetje t\u00eb opozit\u00ebs. Kurr\u00eb s\u2019e kemi par\u00eb Parlamentin Europian dhe K\u00ebshillin e Europ\u00ebs t\u00eb loboj\u00eb sipas ngjyrimit politik, si n\u00eb k\u00ebt\u00eb rast, pro ose kund\u00ebr kauz\u00ebs s\u00eb transparenc\u00ebs s\u00eb zgjedhjeve shqiptare.<br \/>\nKjo klim\u00eb e polarizuar, ku kumbon n\u00eb rreshtin e par\u00eb patosi i Doris Pakut (kjo zonj\u00eb dikur godiste me t\u00eb nj\u00ebjtat akuza Sali Berish\u00ebn), ka v\u00ebn\u00eb jo pak n\u00eb v\u00ebshtir\u00ebsi edhe organizmat e tjera m\u00eb teknike, duke nisur nga Komisioni Europian q\u00eb po shqyrton \u00e7\u00ebshtjen e statusit t\u00eb kandidatit dhe at\u00eb t\u00eb heqjes s\u00eb vizave. Q\u00eb Europa e Bashkuar nuk ka nj\u00eb politik\u00eb t\u00eb jashtme t\u00eb unifikuar, nuk t\u00eb duhet t\u00eb shkosh deri n\u00eb Bagdad apo n\u00eb Kabul. Mjafton t\u00eb shoh\u00ebsh sesi sillen n\u00eb Tiran\u00eb, ku natyrisht nuk luhen t\u00eb nj\u00ebjtat interesa dhe ku skena \u00ebsht\u00eb mjaft modeste. Me ironi rr\u00ebqeth\u00ebse k\u00ebt\u00eb e ka konstatuar dikur edhe sekretari i shtetit amerikan, Kisinger, i cili thoshte se d\u00ebshironte t\u2019i telefononte dikujt n\u00eb Europ\u00eb, por s\u2019dinte se kujt.<\/p>\n<p>Ky \u00ebsht\u00eb precedenti i par\u00eb, mesa mbahet mend n\u00eb vitet e fundit, q\u00eb arbitrat tan\u00eb nd\u00ebrkomb\u00ebtar\u00eb kan\u00eb nevoj\u00eb p\u00ebr nj\u00eb arbit\u00ebr. Por p\u00ebrtej k\u00ebsaj batute, q\u00ebndrimi nd\u00ebrkomb\u00ebtar p\u00ebr sherrin e zgjedhjeve ka qen\u00eb gjithaq problematik. Ka pasur m\u00eb shum\u00eb se nj\u00eb t\u00eb \u00e7ar\u00eb strategjia e nd\u00ebrkomb\u00ebtar\u00ebve pas zgjedhjeve t\u00eb 28 qershorit, p\u00ebr t\u00eb qet\u00ebsuar nj\u00eb kriz\u00eb, e cila qysh at\u00ebher\u00eb dukej e komplikuar dhe me pasoja p\u00ebr stabilitetin e brendsh\u00ebm t\u00eb vendit. Nuk p\u00ebrb\u00ebn ndonj\u00eb marr\u00ebzi apo fantazi t\u00eb s\u00ebmur\u00eb fakti se kriza e sotme, e eg\u00ebr dhe brutale, si\u00e7 po e shohim t\u00eb konsumohet n\u00eb syt\u00eb tan\u00eb, e ka nj\u00ebr\u00ebn prej origjinave te dokumenti kryesor i referenc\u00ebs q\u00eb \u00ebsht\u00eb prodhuar pas zgjedhjeve nga ekipi i v\u00ebzhguesve t\u00eb OSBE-ODIHR-it. Ambiguiteti i raportit final t\u00eb OSBE-ODIHR, kap\u00ebrcimet logjike, q\u00ebndrimet me dy faqe, frazat e tipit \u2018nj\u00eb e treta u num\u00ebrua keq dhe shum\u00eb keq, por s\u2019ka prova p\u00ebr manipulim\u2019, v\u00ebrejtjet e mjegullta dhe gjith\u00e7ka tjet\u00ebr q\u00eb mund t\u00eb konsiderohet si e keqinterpretueshme, n\u00eb nj\u00eb ambient ku r\u00ebndom keqinterpretimi \u00ebsht\u00eb karta m\u00eb e p\u00ebrdorur \u2013 t\u00eb gjith\u00eb k\u00ebta p\u00ebrb\u00ebr\u00ebs q\u00eb krijuan p\u00ebrzierjen eksplozive q\u00eb mund t\u00eb plas\u00eb sot, i gjejm\u00eb n\u00eb raportin e k\u00ebsaj organizate, e cila prej nj\u00eb dekade e gjysm\u00eb i v\u00eb not\u00ebn zgjedhjeve shqiptare. E pra, formula e k\u00ebsaj radhe \u201cm\u00eb t\u00eb mira, por s\u00ebrish jo t\u00eb mira\u201d, e p\u00ebrdorur rregullisht edhe n\u00eb t\u00eb shkuar\u00ebn p\u00ebr t\u00eb cil\u00ebsuar zgjedhjet tona, duket se k\u00ebsaj radhe, n\u00eb kushtet e nj\u00eb rezultati virtualisht t\u00eb barabart\u00eb mes pozit\u00ebs dhe opozit\u00ebs, nuk mund ve\u00e7se t\u00eb prodhonte kriz\u00ebn q\u00eb kemi mes nesh.<\/p>\n<p>Kjo grev\u00eb duhet t\u00eb marr\u00eb fund. Jo p\u00ebrmes \u201c\u00e7nderimit\u201d t\u00eb nj\u00ebr\u00ebs apo tjetr\u00ebs pal\u00eb, por p\u00ebrmes gjetjes s\u00eb nj\u00eb marr\u00ebveshjeje. Kund\u00ebrv\u00ebnia mur me mur \u00ebsht\u00eb strategjia m\u00eb e keqe dhe m\u00eb traumatike p\u00ebr vendin, qeverin\u00eb, opozit\u00ebn dhe mbi t\u00eb gjitha p\u00ebr grevist\u00ebt q\u00eb vuajn\u00eb nj\u00eb kolaps, i cili jasht\u00eb grev\u00ebs p\u00ebrb\u00ebn nj\u00eb afer\u00eb politike, kurse aty brenda, si\u00e7 e po e shohim, ka form\u00ebn e nj\u00eb lufte p\u00ebr mbijetes\u00eb.<br \/>\nSi Berisha, ashtu edhe Rama, mesa duket do ta \u00e7ojn\u00eb p\u00ebrpara k\u00ebt\u00eb absurd n\u00eb mes t\u00eb bulevardit, p\u00ebr sa koh\u00eb q\u00eb t\u00eb ndiejn\u00eb se aty do t\u00eb luhet me t\u00eb ardhmen e tyre dhe t\u00eb forcave q\u00eb p\u00ebrfaq\u00ebsojn\u00eb. K\u00ebsisoj duhet gjetur nj\u00eb pik\u00ebtakimi, nj\u00eb moment kompromisi dhe nj\u00eb formul\u00eb q\u00eb t\u2019i l\u00ebr\u00eb nj\u00ebfar\u00ebsoj t\u00eb k\u00ebnaqura t\u00eb gjitha pal\u00ebt. Opozita ka \u00e7eduar jo pak nga pozicioni fillestar n\u00eb k\u00ebto tet\u00eb muaj krize. Ajo ka pranuar zyrtarisht zgjedhjet, \u00ebsht\u00eb kthyer n\u00eb Parlament, ka l\u00ebshuar kutit\u00eb e votave n\u00eb dor\u00ebn e Komisionit t\u00eb Venecias, si\u00e7 i \u00ebsht\u00eb k\u00ebrkuar t\u00eb b\u00ebj\u00eb nga K\u00ebshilli i Europ\u00ebs dhe po pretendon t\u00eb hetoj\u00eb kutit\u00eb e materialeve t\u00eb votimit. Nj\u00eb k\u00ebrkes\u00eb e cila n\u00eb fakt s\u2019p\u00ebrb\u00ebn asnj\u00eb problem, nga momenti q\u00eb sipas Kodit Zgjedhor n\u00eb fuqi, materialet zgjedhore depozitohen n\u00eb Arkivin e Shtetit dhe mund t\u00eb konsultohen nga gjithkush. N\u00eb k\u00ebto kushte, ajo q\u00eb ka radh\u00ebn t\u00eb b\u00ebj\u00eb nj\u00eb hap para, \u00ebsht\u00eb mazhoranca, e cila prej korrikut t\u00eb vitit t\u00eb shkuar vijon t\u00eb p\u00ebrs\u00ebris\u00eb refrenin e gjykatave.<\/p>\n<p>N\u00ebse duhet nj\u00eb kompromis, si parakusht duhet l\u00ebvizur nga fr\u00ebngjia. Por n\u00ebse nd\u00ebrkomb\u00ebtar\u00ebt nuk vendosin m\u00eb n\u00eb fund q\u00eb t\u00eb dalin nga fjal\u00ebformimet e mjegullta, p\u00ebr t\u2019i v\u00ebn\u00eb gishtin nj\u00eb formule t\u00eb qart\u00eb dhe t\u00eb detyrueshme p\u00ebr t\u00eb gjitha pal\u00ebt, situata nuk do t\u00eb vij\u00eb ve\u00e7se duke u p\u00ebrkeq\u00ebsuar. T\u00eb huajt jan\u00eb sot alibia kryesore e sherrit, si p\u00ebr Berish\u00ebn ashtu edhe p\u00ebr Ram\u00ebn. Dhe kjo \u00ebsht\u00eb thjesht jonormale.<\/p>\n","protected":false},"excerpt":{"rendered":"<p>Sk\u00ebnder Minxhozi Ambasadori i OSBE, Robert Bosh, ndodhet prej dit\u00ebsh n\u00eb mesin e nj\u00eb incidenti politiko-diplomatik, pas nj\u00eb deklarimi publik, ku informonte se pal\u00ebt kan\u00eb n\u00eb dor\u00eb nj\u00eb projekt p\u00ebr zgjidhjen e kriz\u00ebs, i cili kishte p\u00ebrkrahjen e aktor\u00ebve kryesor\u00eb nd\u00ebrkomb\u00ebtar\u00eb, t\u00eb SHBA dhe BE. Vet\u00ebm pak or\u00eb m\u00eb von\u00eb, nd\u00ebrkoh\u00eb q\u00eb PS shprehej se [&hellip;]<\/p>\n","protected":false},"author":1,"featured_media":0,"comment_status":"open","ping_status":"closed","sticky":false,"template":"","format":"standard","meta":{"footnotes":""},"categories":[2],"tags":[],"class_list":{"0":"post-2702","1":"post","2":"type-post","3":"status-publish","4":"format-standard","6":"category-artikuj"},"yoast_head":"<!-- This site is optimized with the Yoast SEO plugin v27.4 - https:\/\/yoast.com\/product\/yoast-seo-wordpress\/ -->\n<title>Nj\u00eb arbit\u00ebr p\u00ebr arbitrat - FjALA e LIR\u00cb - Arkivi<\/title>\n<meta name=\"robots\" content=\"index, follow, max-snippet:-1, max-image-preview:large, max-video-preview:-1\" \/>\n<link rel=\"canonical\" href=\"https:\/\/fjala.info\/2009-2015\/2702\/\" \/>\n<meta property=\"og:locale\" content=\"sq_AL\" \/>\n<meta property=\"og:type\" content=\"article\" \/>\n<meta property=\"og:title\" content=\"Nj\u00eb arbit\u00ebr p\u00ebr arbitrat - FjALA e LIR\u00cb - Arkivi\" \/>\n<meta property=\"og:description\" content=\"Sk\u00ebnder Minxhozi Ambasadori i OSBE, Robert Bosh, ndodhet prej dit\u00ebsh n\u00eb mesin e nj\u00eb incidenti politiko-diplomatik, pas nj\u00eb deklarimi publik, ku informonte se pal\u00ebt kan\u00eb n\u00eb dor\u00eb nj\u00eb projekt p\u00ebr zgjidhjen e kriz\u00ebs, i cili kishte p\u00ebrkrahjen e aktor\u00ebve kryesor\u00eb nd\u00ebrkomb\u00ebtar\u00eb, t\u00eb SHBA dhe BE. Vet\u00ebm pak or\u00eb m\u00eb von\u00eb, nd\u00ebrkoh\u00eb q\u00eb PS shprehej se [&hellip;]\" \/>\n<meta property=\"og:url\" content=\"https:\/\/fjala.info\/2009-2015\/2702\/\" \/>\n<meta property=\"og:site_name\" content=\"FjALA e LIR\u00cb - Arkivi\" \/>\n<meta property=\"article:published_time\" content=\"2010-05-18T21:41:30+00:00\" \/>\n<meta property=\"og:image\" content=\"http:\/\/www.shkoder.net\/images\/fjala\/skender_minxhozi.jpg\" \/>\n<meta name=\"author\" content=\"admin\" \/>\n<meta name=\"twitter:card\" content=\"summary_large_image\" \/>\n<meta name=\"twitter:label1\" content=\"Written by\" \/>\n\t<meta name=\"twitter:data1\" content=\"admin\" \/>\n\t<meta name=\"twitter:label2\" content=\"Est. reading time\" \/>\n\t<meta name=\"twitter:data2\" content=\"5 minutes\" \/>\n<script type=\"application\/ld+json\" class=\"yoast-schema-graph\">{\"@context\":\"https:\\\/\\\/schema.org\",\"@graph\":[{\"@type\":\"Article\",\"@id\":\"https:\\\/\\\/fjala.info\\\/2009-2015\\\/2702\\\/#article\",\"isPartOf\":{\"@id\":\"https:\\\/\\\/fjala.info\\\/2009-2015\\\/2702\\\/\"},\"author\":{\"name\":\"admin\",\"@id\":\"https:\\\/\\\/fjala.info\\\/2009-2015\\\/#\\\/schema\\\/person\\\/3aa1163ef05469c496fc94e77611ada2\"},\"headline\":\"Nj\u00eb arbit\u00ebr p\u00ebr arbitrat\",\"datePublished\":\"2010-05-18T21:41:30+00:00\",\"mainEntityOfPage\":{\"@id\":\"https:\\\/\\\/fjala.info\\\/2009-2015\\\/2702\\\/\"},\"wordCount\":1093,\"commentCount\":0,\"publisher\":{\"@id\":\"https:\\\/\\\/fjala.info\\\/2009-2015\\\/#organization\"},\"image\":{\"@id\":\"https:\\\/\\\/fjala.info\\\/2009-2015\\\/2702\\\/#primaryimage\"},\"thumbnailUrl\":\"http:\\\/\\\/www.shkoder.net\\\/images\\\/fjala\\\/skender_minxhozi.jpg\",\"articleSection\":[\"Artikuj\"],\"inLanguage\":\"sq-AL\",\"potentialAction\":[{\"@type\":\"CommentAction\",\"name\":\"Comment\",\"target\":[\"https:\\\/\\\/fjala.info\\\/2009-2015\\\/2702\\\/#respond\"]}]},{\"@type\":\"WebPage\",\"@id\":\"https:\\\/\\\/fjala.info\\\/2009-2015\\\/2702\\\/\",\"url\":\"https:\\\/\\\/fjala.info\\\/2009-2015\\\/2702\\\/\",\"name\":\"Nj\u00eb arbit\u00ebr p\u00ebr arbitrat - FjALA e LIR\u00cb - Arkivi\",\"isPartOf\":{\"@id\":\"https:\\\/\\\/fjala.info\\\/2009-2015\\\/#website\"},\"primaryImageOfPage\":{\"@id\":\"https:\\\/\\\/fjala.info\\\/2009-2015\\\/2702\\\/#primaryimage\"},\"image\":{\"@id\":\"https:\\\/\\\/fjala.info\\\/2009-2015\\\/2702\\\/#primaryimage\"},\"thumbnailUrl\":\"http:\\\/\\\/www.shkoder.net\\\/images\\\/fjala\\\/skender_minxhozi.jpg\",\"datePublished\":\"2010-05-18T21:41:30+00:00\",\"breadcrumb\":{\"@id\":\"https:\\\/\\\/fjala.info\\\/2009-2015\\\/2702\\\/#breadcrumb\"},\"inLanguage\":\"sq-AL\",\"potentialAction\":[{\"@type\":\"ReadAction\",\"target\":[\"https:\\\/\\\/fjala.info\\\/2009-2015\\\/2702\\\/\"]}]},{\"@type\":\"ImageObject\",\"inLanguage\":\"sq-AL\",\"@id\":\"https:\\\/\\\/fjala.info\\\/2009-2015\\\/2702\\\/#primaryimage\",\"url\":\"http:\\\/\\\/www.shkoder.net\\\/images\\\/fjala\\\/skender_minxhozi.jpg\",\"contentUrl\":\"http:\\\/\\\/www.shkoder.net\\\/images\\\/fjala\\\/skender_minxhozi.jpg\"},{\"@type\":\"BreadcrumbList\",\"@id\":\"https:\\\/\\\/fjala.info\\\/2009-2015\\\/2702\\\/#breadcrumb\",\"itemListElement\":[{\"@type\":\"ListItem\",\"position\":1,\"name\":\"Home\",\"item\":\"https:\\\/\\\/fjala.info\\\/2009-2015\\\/\"},{\"@type\":\"ListItem\",\"position\":2,\"name\":\"Nj\u00eb arbit\u00ebr p\u00ebr arbitrat\"}]},{\"@type\":\"WebSite\",\"@id\":\"https:\\\/\\\/fjala.info\\\/2009-2015\\\/#website\",\"url\":\"https:\\\/\\\/fjala.info\\\/2009-2015\\\/\",\"name\":\"FjALA e LIR\u00cb - Arkivi\",\"description\":\"Arkivi 2009-2015\",\"publisher\":{\"@id\":\"https:\\\/\\\/fjala.info\\\/2009-2015\\\/#organization\"},\"potentialAction\":[{\"@type\":\"SearchAction\",\"target\":{\"@type\":\"EntryPoint\",\"urlTemplate\":\"https:\\\/\\\/fjala.info\\\/2009-2015\\\/?s={search_term_string}\"},\"query-input\":{\"@type\":\"PropertyValueSpecification\",\"valueRequired\":true,\"valueName\":\"search_term_string\"}}],\"inLanguage\":\"sq-AL\"},{\"@type\":\"Organization\",\"@id\":\"https:\\\/\\\/fjala.info\\\/2009-2015\\\/#organization\",\"name\":\"FjALA e LIR\u00cb - Arkivi\",\"url\":\"https:\\\/\\\/fjala.info\\\/2009-2015\\\/\",\"logo\":{\"@type\":\"ImageObject\",\"inLanguage\":\"sq-AL\",\"@id\":\"https:\\\/\\\/fjala.info\\\/2009-2015\\\/#\\\/schema\\\/logo\\\/image\\\/\",\"url\":\"\",\"contentUrl\":\"\",\"caption\":\"FjALA e LIR\u00cb - Arkivi\"},\"image\":{\"@id\":\"https:\\\/\\\/fjala.info\\\/2009-2015\\\/#\\\/schema\\\/logo\\\/image\\\/\"}},{\"@type\":\"Person\",\"@id\":\"https:\\\/\\\/fjala.info\\\/2009-2015\\\/#\\\/schema\\\/person\\\/3aa1163ef05469c496fc94e77611ada2\",\"name\":\"admin\",\"image\":{\"@type\":\"ImageObject\",\"inLanguage\":\"sq-AL\",\"@id\":\"https:\\\/\\\/fjala.info\\\/2009-2015\\\/wp-content\\\/uploads\\\/2012\\\/02\\\/arben_cokaj-120x150.jpg\",\"url\":\"https:\\\/\\\/fjala.info\\\/2009-2015\\\/wp-content\\\/uploads\\\/2012\\\/02\\\/arben_cokaj-120x150.jpg\",\"contentUrl\":\"https:\\\/\\\/fjala.info\\\/2009-2015\\\/wp-content\\\/uploads\\\/2012\\\/02\\\/arben_cokaj-120x150.jpg\",\"caption\":\"admin\"},\"description\":\"Admin, Fjala e Lir\u00eb\",\"sameAs\":[\"https:\\\/\\\/fjala.info\\\/\"],\"url\":\"https:\\\/\\\/fjala.info\\\/2009-2015\\\/author\\\/admin\\\/\"}]}<\/script>\n<!-- \/ Yoast SEO plugin. -->","yoast_head_json":{"title":"Nj\u00eb arbit\u00ebr p\u00ebr arbitrat - FjALA e LIR\u00cb - Arkivi","robots":{"index":"index","follow":"follow","max-snippet":"max-snippet:-1","max-image-preview":"max-image-preview:large","max-video-preview":"max-video-preview:-1"},"canonical":"https:\/\/fjala.info\/2009-2015\/2702\/","og_locale":"sq_AL","og_type":"article","og_title":"Nj\u00eb arbit\u00ebr p\u00ebr arbitrat - FjALA e LIR\u00cb - Arkivi","og_description":"Sk\u00ebnder Minxhozi Ambasadori i OSBE, Robert Bosh, ndodhet prej dit\u00ebsh n\u00eb mesin e nj\u00eb incidenti politiko-diplomatik, pas nj\u00eb deklarimi publik, ku informonte se pal\u00ebt kan\u00eb n\u00eb dor\u00eb nj\u00eb projekt p\u00ebr zgjidhjen e kriz\u00ebs, i cili kishte p\u00ebrkrahjen e aktor\u00ebve kryesor\u00eb nd\u00ebrkomb\u00ebtar\u00eb, t\u00eb SHBA dhe BE. Vet\u00ebm pak or\u00eb m\u00eb von\u00eb, nd\u00ebrkoh\u00eb q\u00eb PS shprehej se [&hellip;]","og_url":"https:\/\/fjala.info\/2009-2015\/2702\/","og_site_name":"FjALA e LIR\u00cb - Arkivi","article_published_time":"2010-05-18T21:41:30+00:00","og_image":[{"url":"http:\/\/www.shkoder.net\/images\/fjala\/skender_minxhozi.jpg","type":"","width":"","height":""}],"author":"admin","twitter_card":"summary_large_image","twitter_misc":{"Written by":"admin","Est. reading time":"5 minutes"},"schema":{"@context":"https:\/\/schema.org","@graph":[{"@type":"Article","@id":"https:\/\/fjala.info\/2009-2015\/2702\/#article","isPartOf":{"@id":"https:\/\/fjala.info\/2009-2015\/2702\/"},"author":{"name":"admin","@id":"https:\/\/fjala.info\/2009-2015\/#\/schema\/person\/3aa1163ef05469c496fc94e77611ada2"},"headline":"Nj\u00eb arbit\u00ebr p\u00ebr arbitrat","datePublished":"2010-05-18T21:41:30+00:00","mainEntityOfPage":{"@id":"https:\/\/fjala.info\/2009-2015\/2702\/"},"wordCount":1093,"commentCount":0,"publisher":{"@id":"https:\/\/fjala.info\/2009-2015\/#organization"},"image":{"@id":"https:\/\/fjala.info\/2009-2015\/2702\/#primaryimage"},"thumbnailUrl":"http:\/\/www.shkoder.net\/images\/fjala\/skender_minxhozi.jpg","articleSection":["Artikuj"],"inLanguage":"sq-AL","potentialAction":[{"@type":"CommentAction","name":"Comment","target":["https:\/\/fjala.info\/2009-2015\/2702\/#respond"]}]},{"@type":"WebPage","@id":"https:\/\/fjala.info\/2009-2015\/2702\/","url":"https:\/\/fjala.info\/2009-2015\/2702\/","name":"Nj\u00eb arbit\u00ebr p\u00ebr arbitrat - FjALA e LIR\u00cb - Arkivi","isPartOf":{"@id":"https:\/\/fjala.info\/2009-2015\/#website"},"primaryImageOfPage":{"@id":"https:\/\/fjala.info\/2009-2015\/2702\/#primaryimage"},"image":{"@id":"https:\/\/fjala.info\/2009-2015\/2702\/#primaryimage"},"thumbnailUrl":"http:\/\/www.shkoder.net\/images\/fjala\/skender_minxhozi.jpg","datePublished":"2010-05-18T21:41:30+00:00","breadcrumb":{"@id":"https:\/\/fjala.info\/2009-2015\/2702\/#breadcrumb"},"inLanguage":"sq-AL","potentialAction":[{"@type":"ReadAction","target":["https:\/\/fjala.info\/2009-2015\/2702\/"]}]},{"@type":"ImageObject","inLanguage":"sq-AL","@id":"https:\/\/fjala.info\/2009-2015\/2702\/#primaryimage","url":"http:\/\/www.shkoder.net\/images\/fjala\/skender_minxhozi.jpg","contentUrl":"http:\/\/www.shkoder.net\/images\/fjala\/skender_minxhozi.jpg"},{"@type":"BreadcrumbList","@id":"https:\/\/fjala.info\/2009-2015\/2702\/#breadcrumb","itemListElement":[{"@type":"ListItem","position":1,"name":"Home","item":"https:\/\/fjala.info\/2009-2015\/"},{"@type":"ListItem","position":2,"name":"Nj\u00eb arbit\u00ebr p\u00ebr arbitrat"}]},{"@type":"WebSite","@id":"https:\/\/fjala.info\/2009-2015\/#website","url":"https:\/\/fjala.info\/2009-2015\/","name":"FjALA e LIR\u00cb - Arkivi","description":"Arkivi 2009-2015","publisher":{"@id":"https:\/\/fjala.info\/2009-2015\/#organization"},"potentialAction":[{"@type":"SearchAction","target":{"@type":"EntryPoint","urlTemplate":"https:\/\/fjala.info\/2009-2015\/?s={search_term_string}"},"query-input":{"@type":"PropertyValueSpecification","valueRequired":true,"valueName":"search_term_string"}}],"inLanguage":"sq-AL"},{"@type":"Organization","@id":"https:\/\/fjala.info\/2009-2015\/#organization","name":"FjALA e LIR\u00cb - Arkivi","url":"https:\/\/fjala.info\/2009-2015\/","logo":{"@type":"ImageObject","inLanguage":"sq-AL","@id":"https:\/\/fjala.info\/2009-2015\/#\/schema\/logo\/image\/","url":"","contentUrl":"","caption":"FjALA e LIR\u00cb - Arkivi"},"image":{"@id":"https:\/\/fjala.info\/2009-2015\/#\/schema\/logo\/image\/"}},{"@type":"Person","@id":"https:\/\/fjala.info\/2009-2015\/#\/schema\/person\/3aa1163ef05469c496fc94e77611ada2","name":"admin","image":{"@type":"ImageObject","inLanguage":"sq-AL","@id":"https:\/\/fjala.info\/2009-2015\/wp-content\/uploads\/2012\/02\/arben_cokaj-120x150.jpg","url":"https:\/\/fjala.info\/2009-2015\/wp-content\/uploads\/2012\/02\/arben_cokaj-120x150.jpg","contentUrl":"https:\/\/fjala.info\/2009-2015\/wp-content\/uploads\/2012\/02\/arben_cokaj-120x150.jpg","caption":"admin"},"description":"Admin, Fjala e Lir\u00eb","sameAs":["https:\/\/fjala.info\/"],"url":"https:\/\/fjala.info\/2009-2015\/author\/admin\/"}]}},"_links":{"self":[{"href":"https:\/\/fjala.info\/2009-2015\/wp-json\/wp\/v2\/posts\/2702","targetHints":{"allow":["GET"]}}],"collection":[{"href":"https:\/\/fjala.info\/2009-2015\/wp-json\/wp\/v2\/posts"}],"about":[{"href":"https:\/\/fjala.info\/2009-2015\/wp-json\/wp\/v2\/types\/post"}],"author":[{"embeddable":true,"href":"https:\/\/fjala.info\/2009-2015\/wp-json\/wp\/v2\/users\/1"}],"replies":[{"embeddable":true,"href":"https:\/\/fjala.info\/2009-2015\/wp-json\/wp\/v2\/comments?post=2702"}],"version-history":[{"count":0,"href":"https:\/\/fjala.info\/2009-2015\/wp-json\/wp\/v2\/posts\/2702\/revisions"}],"wp:attachment":[{"href":"https:\/\/fjala.info\/2009-2015\/wp-json\/wp\/v2\/media?parent=2702"}],"wp:term":[{"taxonomy":"category","embeddable":true,"href":"https:\/\/fjala.info\/2009-2015\/wp-json\/wp\/v2\/categories?post=2702"},{"taxonomy":"post_tag","embeddable":true,"href":"https:\/\/fjala.info\/2009-2015\/wp-json\/wp\/v2\/tags?post=2702"}],"curies":[{"name":"wp","href":"https:\/\/api.w.org\/{rel}","templated":true}]}}