{"id":2700,"date":"2010-05-17T22:29:47","date_gmt":"2010-05-17T21:29:47","guid":{"rendered":"http:\/\/fjala.shkoder.net\/?p=2700"},"modified":"2010-05-17T22:29:47","modified_gmt":"2010-05-17T21:29:47","slug":"zgjidhja-e-mesme-osbe-dhe-keshilli-i-europes","status":"publish","type":"post","link":"https:\/\/fjala.info\/2009-2015\/zgjidhja-e-mesme-osbe-dhe-keshilli-i-europes\/","title":{"rendered":"Zgjidhja e mesme, OSBE dhe K\u00ebshilli i Europ\u00ebs"},"content":{"rendered":"<p><img decoding=\"async\" style=\"margin-left: 10px; margin-right: 10px; border: 0px;\" src=\"http:\/\/www.shkoder.net\/images\/fjala\/prec_zogaj.jpg\" border=\"0\" alt=\"Pre\u00e7 Zogaj\" width=\"150\" align=\"left\" \/><\/p>\n<p><strong>Pre\u00e7 Zogaj<\/strong>, <em>17.05.2010<\/em><\/p>\n<p>Hetimi i kutive ku mbahen materialet zgjedhore dhe konservimi i kutive ku mbahen flet\u00ebt e votimit, n\u00eb pritje t\u00eb nj\u00eb opinioni nga Komisioni i Venecias. Kjo \u00ebsht\u00eb formula m\u00eb e fundit p\u00ebr zgjidhjen e kriz\u00ebs. Nuk ka dal\u00eb nga opozita. Propozuesit dhe njoftuesit, n\u00eb p\u00ebrgjith\u00ebsi, kan\u00eb qen\u00eb dhe jan\u00eb t\u00eb paansh\u00ebm n\u00eb raport me pal\u00ebt n\u00eb kriz\u00eb.<\/p>\n<p>Madje ambasadori i OSBE-s\u00eb, zoti Boch, e ka r\u00ebnduar disa her\u00eb opozit\u00ebn me t\u00eb folur\u00ebn e tij pa doreza. P\u00ebr ket\u00eb shkak, lajmi q\u00eb ai dha pardje se kishte nj\u00eb &#8220;kompromis shum\u00eb t\u00eb mir\u00eb&#8221;, u prit me skepticiz\u00ebm, p\u00ebr t\u00eb mos th\u00ebn\u00eb me dyshim nga disa politikan\u00eb t\u00eb opozit\u00ebs.<\/p>\n<p>\u00c7far\u00eb mund t\u00eb nxirret nga materialet zgjedhore, po nuk u pan\u00eb edhe flet\u00ebt e votimit? Si mund t\u00eb kuptohet sa vota jan\u00eb shtuar n\u00eb procesverbale, n\u00ebse nuk num\u00ebrohen flet\u00ebt e votimit? \u00c7&#8217;duam ne n\u00eb Komisionin e Venecias? \u00c7&#8217;kuptim ka t\u00eb vijm\u00eb pas gjith\u00eb k\u00ebtyre sakrificave te nj\u00eb zgjidhje me bisht?<\/p>\n<p>K\u00ebto ishin pak a shum\u00eb v\u00ebrejtjet dhe kund\u00ebrshtimet, q\u00eb skeptik\u00ebt po i debatonin me mb\u00ebshtet\u00ebsit e kompromisit, ku b\u00ebnte pjes\u00eb edhe kryetari i PS-s\u00eb, zoti Rama. K\u00ebta t\u00eb fundit e vler\u00ebsonin formul\u00ebn e &#8220;shumic\u00ebs s\u00eb nd\u00ebrkomb\u00ebtar\u00ebve&#8221; si nj\u00eb zgjidhje t\u00eb mesme. Qeveria pranonte gjysm\u00ebn e asaj q\u00eb po k\u00ebrkon prej muajsh opozita.<\/p>\n<p>Opozita pranonte gjysm\u00ebn e asaj q\u00eb kishte k\u00ebrkuar qeveria. Zgjidhja q\u00ebndronte brenda korniz\u00ebs ligjore dhe kushtetuese t\u00eb vendit. Me pranimin e saj, merrte fund greva e uris\u00eb; komisioni hetimor parlamentar fillonte menj\u00ebher\u00eb nga puna p\u00ebr t\u00eb b\u00ebr\u00eb transparenc\u00ebn e famshme t\u00eb zgjedhjeve, q\u00eb \u00e7do vend me nj\u00eb minumim demokracie e b\u00ebn pa sforcimin m\u00eb t\u00eb vog\u00ebl.<\/p>\n<p>Por Shqip\u00ebria politike e ka talentin e saj, nd\u00ebrlikimin e gj\u00ebrave elementare dhe banalizimin e gj\u00ebrave t\u00eb bukura!<br \/>\nPo vendosej mes diskutimesh e debatesh pranimi pa entuziaz\u00ebm i kompromisit.<\/p>\n<p>Dhe askujt nuk i shkonte nd\u00ebrmend se zgjidhja e mesme mund t\u00eb refuzohej nga kryeministri, nga shumica, madje edhe nga ata qeveritar\u00eb q\u00eb ua kishin l\u00ebn\u00eb n\u00eb dor\u00eb nd\u00ebrkomb\u00ebtar\u00ebve ,me sa duket p\u00ebr t\u00eb luajtur bllofin me opozit\u00ebn, me paramendimin se opozita do ta hidhte posht\u00eb, duke harruar se kur bllofi pranohet nga pala tjet\u00ebr nuk mund t\u00eb luhet m\u00eb si bllof, nuk mund t\u00eb t\u00ebrhiqet m\u00eb, sepse prishet gjith\u00e7ka.<br \/>\nDo ishte mir\u00eb t\u00eb kishte nj\u00eb draft t\u00eb shkruar t\u00eb kompromisit dhe ky draft t&#8217;i jepej me respektin e duhur kryministrit t\u00eb vendit.<\/p>\n<p>Por realisht, nd\u00ebrsa kriza ka nj\u00eb dinamik\u00eb t\u00eb saj\u00ebn q\u00eb ndryshon nga dita n\u00eb dit\u00eb e nga ora n\u00eb or\u00eb, nuk \u00ebsht\u00eb e r\u00ebnd\u00ebsishme a \u00ebsht\u00eb shkruar apo jo drafti , a ka shkuar apo jo n\u00eb zyr\u00ebn e kryeministrit.<\/p>\n<p>Prezenca nd\u00ebrkomb\u00ebtare n\u00eb Tiran\u00eb e zgjedh vet\u00eb m\u00ebnyr\u00ebn si vepron p\u00ebr t\u00eb na ndihmuar. P\u00ebr ne ka interes ajo q\u00eb ata propozojn\u00eb dhe jo m\u00ebnyra si e propozojn\u00eb. Pra ka interes p\u00ebrmbajtja dhe jo forma e propozimit. E r\u00ebnd\u00ebsishme \u00ebsht\u00eb a e pranon n\u00eb parim zgjidhjen e ofruar pala qeveritare, a e pranon Berisha?<\/p>\n<p>Prononcimet e tij t\u00eb deritanishme, megjith\u00ebse nuk jan\u00eb t\u00eb drejtp\u00ebrdrejta, priren ta refuzojn\u00eb at\u00eb.<\/p>\n<p>Refuzimi p\u00ebrfundimtar i kompromisit, q\u00eb sipas Boch ka mb\u00ebshtetjen e shumic\u00ebs s\u00eb nd\u00ebrkomb\u00ebtar\u00ebve, dometh\u00ebn\u00eb edhe t\u00eb Shteteve t\u00eb Bashkuara t\u00eb Amerik\u00ebs, do t\u00eb hapte nj\u00eb faqe t\u00eb re t\u00eb kriz\u00ebs q\u00eb po jeton vendi: faqen e zhvler\u00ebsimit t\u00eb plot\u00eb t\u00eb argumenteve q\u00eb ka p\u00ebrdorur deri me sot pushteti p\u00ebr t\u00eb refuzuar transparenc\u00ebn.<\/p>\n<p>Nuk ka realisht asnj\u00eb kontradikt\u00eb midis formul\u00ebs s\u00eb kompromisit q\u00eb u njoftua pardje, rezolut\u00ebs s\u00eb K\u00ebshillit t\u00eb Europ\u00ebs dhe sugjerimeve t\u00eb Komisionit Europian p\u00ebr Zgjerimin. T\u00eb gjith\u00eb k\u00ebrkojn\u00eb transparenc\u00eb n\u00eb respekt t\u00eb kushtetut\u00ebs. Edhe OSBE, edhe KiE, edhe BE, edhe SHBA, edhe opozita. Qeveria shqiptare ka luajtur deri tani me iden\u00eb sikur kushtetuta pengon hetimin e kutive t\u00eb votimit.<\/p>\n<p>Duke respektuar principin se \u00e7do veprim duhet t\u00eb mb\u00ebshteten n\u00eb ligjin themelor t\u00eb shtetit, nd\u00ebrkomb\u00ebtar\u00ebt i kan\u00eb b\u00ebr\u00eb jehon\u00eb karakterit kushtetues t\u00eb hetimit parlamentar. Por ata po lexojn\u00eb tani Kushtetut\u00ebn e Shqip\u00ebris\u00eb dhe po kuptojn\u00eb se qeveria po e p\u00ebrdor kushtetut\u00ebn p\u00ebr t\u00eb mbuluar mosdashjen e saj p\u00ebr t\u00eb b\u00ebr\u00eb transparenc\u00eb.<\/p>\n<p>Kjo \u00ebsht\u00eb arsyeja q\u00eb n\u00eb p\u00ebrpjekjen e tyre fisnike p\u00ebr t\u00eb ndihmuar Shqip\u00ebrin\u00eb, nd\u00ebrkomb\u00ebtar\u00ebt po kalojn\u00eb nga formulat e p\u00ebrgjithshme t\u00eb rezolutave, te formulat konkrete t\u00eb rrug\u00ebdaljeve nga kriza, duke ruajtur bashk\u00eb me parimet, edhe dinjitetin e pal\u00ebve.<\/p>\n<p>K\u00ebshtu meriton t\u00eb lexohet e t\u00eb vler\u00ebsohet njoftimi i zotit Boch. OSBE nuk \u00ebsht\u00eb nj\u00eb shtet. Me OSBE nuk japim e nuk marrim as mallra, as fuqi pun\u00ebtore, as viza, as arm\u00eb dhe teknik\u00eb luftarake.<\/p>\n<p>Marr\u00ebdh\u00ebniet me OSBE &#8220;kufizohen&#8221; n\u00eb fush\u00ebn e vlerave dhe standardeve t\u00eb demokracis\u00eb. Q\u00eb do t\u00eb thot\u00eb se p\u00ebrfaq\u00ebsuesi i OSBE-s\u00eb nuk \u00ebsht\u00eb si diplomat\u00ebt e tjer\u00eb. Atij i shkon t\u00eb flas\u00eb pa doreza.<\/p>\n<p>E folura e drejtp\u00ebrdrejt\u00eb e p\u00ebrfaq\u00ebsuesve m\u00eb t\u00eb lart\u00eb t\u00eb zyr\u00ebs s\u00eb OSBE-s\u00eb ka qen\u00eb gjithnj\u00eb nj\u00eb lloj kurthi p\u00ebr politikan\u00eb t\u00eb ndrysh\u00ebm shqiptar\u00eb, q\u00eb kan\u00eb reaguar deri me fyerje, kur q\u00ebndrimi i k\u00ebtyre p\u00ebrfaq\u00ebsuesve nuk u ka ardhur p\u00ebr shtat. T\u00eb m\u00ebsuar me qytetar\u00ebt e tyre, t\u00eb cil\u00ebve tradicionalisht u k\u00ebrkojn\u00eb t\u00eb zgjedhin&#8221; o me ne, o kund\u00ebr nesh, rrug\u00eb t\u00eb mesme nuk ka&#8221;, ata e kan\u00eb pretenduar edhe nga te huajt k\u00ebt\u00eb zgjedhje arkaike, posht\u00ebruese.<\/p>\n<p>Edhe pse t\u00eb pasjellsh\u00ebm, k\u00ebta politikan\u00eb nuk besoj se kan\u00eb qen\u00eb e jan\u00eb naiv\u00eb q\u00eb t\u00eb mos e kuptojm\u00eb se e folura e OSBE-s\u00eb \u00ebsht\u00eb nj\u00eb m\u00ebnyr\u00eb t\u00eb foluri e shteteve me pesh\u00eb t\u00eb k\u00ebsaj organizate. Por n\u00eb pamjen e jashtme, OSBE, aq sa \u00e7&#8217;\u00ebsht\u00eb e gjith\u00eb vendeve, nuk \u00ebsht\u00eb e asnj\u00eb vendi. Pra \u00ebsht\u00eb jetime n\u00eb kuptimin q\u00eb kan\u00eb p\u00ebr forc\u00ebn politikan\u00ebt &#8221; e fort\u00eb&#8221; t\u00eb Shqip\u00ebris\u00eb. Prandaj ndodh ti turren me &#8221; bjeri ti biem&#8221;. Ky \u00ebsht\u00eb kurthi.<\/p>\n","protected":false},"excerpt":{"rendered":"<p>Pre\u00e7 Zogaj, 17.05.2010 Hetimi i kutive ku mbahen materialet zgjedhore dhe konservimi i kutive ku mbahen flet\u00ebt e votimit, n\u00eb pritje t\u00eb nj\u00eb opinioni nga Komisioni i Venecias. Kjo \u00ebsht\u00eb formula m\u00eb e fundit p\u00ebr zgjidhjen e kriz\u00ebs. Nuk ka dal\u00eb nga opozita. Propozuesit dhe njoftuesit, n\u00eb p\u00ebrgjith\u00ebsi, kan\u00eb qen\u00eb dhe jan\u00eb t\u00eb paansh\u00ebm n\u00eb [&hellip;]<\/p>\n","protected":false},"author":1,"featured_media":0,"comment_status":"open","ping_status":"closed","sticky":false,"template":"","format":"standard","meta":{"footnotes":""},"categories":[2],"tags":[],"class_list":{"0":"post-2700","1":"post","2":"type-post","3":"status-publish","4":"format-standard","6":"category-artikuj"},"yoast_head":"<!-- This site is optimized with the Yoast SEO plugin v27.4 - https:\/\/yoast.com\/product\/yoast-seo-wordpress\/ -->\n<title>Zgjidhja e mesme, OSBE dhe K\u00ebshilli i Europ\u00ebs - FjALA e LIR\u00cb - Arkivi<\/title>\n<meta name=\"robots\" content=\"index, follow, max-snippet:-1, max-image-preview:large, max-video-preview:-1\" \/>\n<link rel=\"canonical\" href=\"https:\/\/fjala.info\/2009-2015\/zgjidhja-e-mesme-osbe-dhe-keshilli-i-europes\/\" \/>\n<meta property=\"og:locale\" content=\"sq_AL\" \/>\n<meta property=\"og:type\" content=\"article\" \/>\n<meta property=\"og:title\" content=\"Zgjidhja e mesme, OSBE dhe K\u00ebshilli i Europ\u00ebs - FjALA e LIR\u00cb - Arkivi\" \/>\n<meta property=\"og:description\" content=\"Pre\u00e7 Zogaj, 17.05.2010 Hetimi i kutive ku mbahen materialet zgjedhore dhe konservimi i kutive ku mbahen flet\u00ebt e votimit, n\u00eb pritje t\u00eb nj\u00eb opinioni nga Komisioni i Venecias. Kjo \u00ebsht\u00eb formula m\u00eb e fundit p\u00ebr zgjidhjen e kriz\u00ebs. Nuk ka dal\u00eb nga opozita. Propozuesit dhe njoftuesit, n\u00eb p\u00ebrgjith\u00ebsi, kan\u00eb qen\u00eb dhe jan\u00eb t\u00eb paansh\u00ebm n\u00eb [&hellip;]\" \/>\n<meta property=\"og:url\" content=\"https:\/\/fjala.info\/2009-2015\/zgjidhja-e-mesme-osbe-dhe-keshilli-i-europes\/\" \/>\n<meta property=\"og:site_name\" content=\"FjALA e LIR\u00cb - Arkivi\" \/>\n<meta property=\"article:published_time\" content=\"2010-05-17T21:29:47+00:00\" \/>\n<meta property=\"og:image\" content=\"http:\/\/www.shkoder.net\/images\/fjala\/prec_zogaj.jpg\" \/>\n<meta name=\"author\" content=\"admin\" \/>\n<meta name=\"twitter:card\" content=\"summary_large_image\" \/>\n<meta name=\"twitter:label1\" content=\"Written by\" \/>\n\t<meta name=\"twitter:data1\" content=\"admin\" \/>\n\t<meta name=\"twitter:label2\" content=\"Est. reading time\" \/>\n\t<meta name=\"twitter:data2\" content=\"5 minutes\" \/>\n<script type=\"application\/ld+json\" class=\"yoast-schema-graph\">{\"@context\":\"https:\\\/\\\/schema.org\",\"@graph\":[{\"@type\":\"Article\",\"@id\":\"https:\\\/\\\/fjala.info\\\/2009-2015\\\/zgjidhja-e-mesme-osbe-dhe-keshilli-i-europes\\\/#article\",\"isPartOf\":{\"@id\":\"https:\\\/\\\/fjala.info\\\/2009-2015\\\/zgjidhja-e-mesme-osbe-dhe-keshilli-i-europes\\\/\"},\"author\":{\"name\":\"admin\",\"@id\":\"https:\\\/\\\/fjala.info\\\/2009-2015\\\/#\\\/schema\\\/person\\\/3aa1163ef05469c496fc94e77611ada2\"},\"headline\":\"Zgjidhja e mesme, OSBE dhe K\u00ebshilli i Europ\u00ebs\",\"datePublished\":\"2010-05-17T21:29:47+00:00\",\"mainEntityOfPage\":{\"@id\":\"https:\\\/\\\/fjala.info\\\/2009-2015\\\/zgjidhja-e-mesme-osbe-dhe-keshilli-i-europes\\\/\"},\"wordCount\":1083,\"commentCount\":0,\"publisher\":{\"@id\":\"https:\\\/\\\/fjala.info\\\/2009-2015\\\/#organization\"},\"image\":{\"@id\":\"https:\\\/\\\/fjala.info\\\/2009-2015\\\/zgjidhja-e-mesme-osbe-dhe-keshilli-i-europes\\\/#primaryimage\"},\"thumbnailUrl\":\"http:\\\/\\\/www.shkoder.net\\\/images\\\/fjala\\\/prec_zogaj.jpg\",\"articleSection\":[\"Artikuj\"],\"inLanguage\":\"sq-AL\",\"potentialAction\":[{\"@type\":\"CommentAction\",\"name\":\"Comment\",\"target\":[\"https:\\\/\\\/fjala.info\\\/2009-2015\\\/zgjidhja-e-mesme-osbe-dhe-keshilli-i-europes\\\/#respond\"]}]},{\"@type\":\"WebPage\",\"@id\":\"https:\\\/\\\/fjala.info\\\/2009-2015\\\/zgjidhja-e-mesme-osbe-dhe-keshilli-i-europes\\\/\",\"url\":\"https:\\\/\\\/fjala.info\\\/2009-2015\\\/zgjidhja-e-mesme-osbe-dhe-keshilli-i-europes\\\/\",\"name\":\"Zgjidhja e mesme, OSBE dhe K\u00ebshilli i Europ\u00ebs - FjALA e LIR\u00cb - Arkivi\",\"isPartOf\":{\"@id\":\"https:\\\/\\\/fjala.info\\\/2009-2015\\\/#website\"},\"primaryImageOfPage\":{\"@id\":\"https:\\\/\\\/fjala.info\\\/2009-2015\\\/zgjidhja-e-mesme-osbe-dhe-keshilli-i-europes\\\/#primaryimage\"},\"image\":{\"@id\":\"https:\\\/\\\/fjala.info\\\/2009-2015\\\/zgjidhja-e-mesme-osbe-dhe-keshilli-i-europes\\\/#primaryimage\"},\"thumbnailUrl\":\"http:\\\/\\\/www.shkoder.net\\\/images\\\/fjala\\\/prec_zogaj.jpg\",\"datePublished\":\"2010-05-17T21:29:47+00:00\",\"breadcrumb\":{\"@id\":\"https:\\\/\\\/fjala.info\\\/2009-2015\\\/zgjidhja-e-mesme-osbe-dhe-keshilli-i-europes\\\/#breadcrumb\"},\"inLanguage\":\"sq-AL\",\"potentialAction\":[{\"@type\":\"ReadAction\",\"target\":[\"https:\\\/\\\/fjala.info\\\/2009-2015\\\/zgjidhja-e-mesme-osbe-dhe-keshilli-i-europes\\\/\"]}]},{\"@type\":\"ImageObject\",\"inLanguage\":\"sq-AL\",\"@id\":\"https:\\\/\\\/fjala.info\\\/2009-2015\\\/zgjidhja-e-mesme-osbe-dhe-keshilli-i-europes\\\/#primaryimage\",\"url\":\"http:\\\/\\\/www.shkoder.net\\\/images\\\/fjala\\\/prec_zogaj.jpg\",\"contentUrl\":\"http:\\\/\\\/www.shkoder.net\\\/images\\\/fjala\\\/prec_zogaj.jpg\"},{\"@type\":\"BreadcrumbList\",\"@id\":\"https:\\\/\\\/fjala.info\\\/2009-2015\\\/zgjidhja-e-mesme-osbe-dhe-keshilli-i-europes\\\/#breadcrumb\",\"itemListElement\":[{\"@type\":\"ListItem\",\"position\":1,\"name\":\"Home\",\"item\":\"https:\\\/\\\/fjala.info\\\/2009-2015\\\/\"},{\"@type\":\"ListItem\",\"position\":2,\"name\":\"Zgjidhja e mesme, OSBE dhe K\u00ebshilli i Europ\u00ebs\"}]},{\"@type\":\"WebSite\",\"@id\":\"https:\\\/\\\/fjala.info\\\/2009-2015\\\/#website\",\"url\":\"https:\\\/\\\/fjala.info\\\/2009-2015\\\/\",\"name\":\"FjALA e LIR\u00cb - Arkivi\",\"description\":\"Arkivi 2009-2015\",\"publisher\":{\"@id\":\"https:\\\/\\\/fjala.info\\\/2009-2015\\\/#organization\"},\"potentialAction\":[{\"@type\":\"SearchAction\",\"target\":{\"@type\":\"EntryPoint\",\"urlTemplate\":\"https:\\\/\\\/fjala.info\\\/2009-2015\\\/?s={search_term_string}\"},\"query-input\":{\"@type\":\"PropertyValueSpecification\",\"valueRequired\":true,\"valueName\":\"search_term_string\"}}],\"inLanguage\":\"sq-AL\"},{\"@type\":\"Organization\",\"@id\":\"https:\\\/\\\/fjala.info\\\/2009-2015\\\/#organization\",\"name\":\"FjALA e LIR\u00cb - Arkivi\",\"url\":\"https:\\\/\\\/fjala.info\\\/2009-2015\\\/\",\"logo\":{\"@type\":\"ImageObject\",\"inLanguage\":\"sq-AL\",\"@id\":\"https:\\\/\\\/fjala.info\\\/2009-2015\\\/#\\\/schema\\\/logo\\\/image\\\/\",\"url\":\"\",\"contentUrl\":\"\",\"caption\":\"FjALA e LIR\u00cb - Arkivi\"},\"image\":{\"@id\":\"https:\\\/\\\/fjala.info\\\/2009-2015\\\/#\\\/schema\\\/logo\\\/image\\\/\"}},{\"@type\":\"Person\",\"@id\":\"https:\\\/\\\/fjala.info\\\/2009-2015\\\/#\\\/schema\\\/person\\\/3aa1163ef05469c496fc94e77611ada2\",\"name\":\"admin\",\"image\":{\"@type\":\"ImageObject\",\"inLanguage\":\"sq-AL\",\"@id\":\"https:\\\/\\\/fjala.info\\\/2009-2015\\\/wp-content\\\/uploads\\\/2012\\\/02\\\/arben_cokaj-120x150.jpg\",\"url\":\"https:\\\/\\\/fjala.info\\\/2009-2015\\\/wp-content\\\/uploads\\\/2012\\\/02\\\/arben_cokaj-120x150.jpg\",\"contentUrl\":\"https:\\\/\\\/fjala.info\\\/2009-2015\\\/wp-content\\\/uploads\\\/2012\\\/02\\\/arben_cokaj-120x150.jpg\",\"caption\":\"admin\"},\"description\":\"Admin, Fjala e Lir\u00eb\",\"sameAs\":[\"https:\\\/\\\/fjala.info\\\/\"],\"url\":\"https:\\\/\\\/fjala.info\\\/2009-2015\\\/author\\\/admin\\\/\"}]}<\/script>\n<!-- \/ Yoast SEO plugin. -->","yoast_head_json":{"title":"Zgjidhja e mesme, OSBE dhe K\u00ebshilli i Europ\u00ebs - FjALA e LIR\u00cb - Arkivi","robots":{"index":"index","follow":"follow","max-snippet":"max-snippet:-1","max-image-preview":"max-image-preview:large","max-video-preview":"max-video-preview:-1"},"canonical":"https:\/\/fjala.info\/2009-2015\/zgjidhja-e-mesme-osbe-dhe-keshilli-i-europes\/","og_locale":"sq_AL","og_type":"article","og_title":"Zgjidhja e mesme, OSBE dhe K\u00ebshilli i Europ\u00ebs - FjALA e LIR\u00cb - Arkivi","og_description":"Pre\u00e7 Zogaj, 17.05.2010 Hetimi i kutive ku mbahen materialet zgjedhore dhe konservimi i kutive ku mbahen flet\u00ebt e votimit, n\u00eb pritje t\u00eb nj\u00eb opinioni nga Komisioni i Venecias. Kjo \u00ebsht\u00eb formula m\u00eb e fundit p\u00ebr zgjidhjen e kriz\u00ebs. Nuk ka dal\u00eb nga opozita. Propozuesit dhe njoftuesit, n\u00eb p\u00ebrgjith\u00ebsi, kan\u00eb qen\u00eb dhe jan\u00eb t\u00eb paansh\u00ebm n\u00eb [&hellip;]","og_url":"https:\/\/fjala.info\/2009-2015\/zgjidhja-e-mesme-osbe-dhe-keshilli-i-europes\/","og_site_name":"FjALA e LIR\u00cb - Arkivi","article_published_time":"2010-05-17T21:29:47+00:00","og_image":[{"url":"http:\/\/www.shkoder.net\/images\/fjala\/prec_zogaj.jpg","type":"","width":"","height":""}],"author":"admin","twitter_card":"summary_large_image","twitter_misc":{"Written by":"admin","Est. reading time":"5 minutes"},"schema":{"@context":"https:\/\/schema.org","@graph":[{"@type":"Article","@id":"https:\/\/fjala.info\/2009-2015\/zgjidhja-e-mesme-osbe-dhe-keshilli-i-europes\/#article","isPartOf":{"@id":"https:\/\/fjala.info\/2009-2015\/zgjidhja-e-mesme-osbe-dhe-keshilli-i-europes\/"},"author":{"name":"admin","@id":"https:\/\/fjala.info\/2009-2015\/#\/schema\/person\/3aa1163ef05469c496fc94e77611ada2"},"headline":"Zgjidhja e mesme, OSBE dhe K\u00ebshilli i Europ\u00ebs","datePublished":"2010-05-17T21:29:47+00:00","mainEntityOfPage":{"@id":"https:\/\/fjala.info\/2009-2015\/zgjidhja-e-mesme-osbe-dhe-keshilli-i-europes\/"},"wordCount":1083,"commentCount":0,"publisher":{"@id":"https:\/\/fjala.info\/2009-2015\/#organization"},"image":{"@id":"https:\/\/fjala.info\/2009-2015\/zgjidhja-e-mesme-osbe-dhe-keshilli-i-europes\/#primaryimage"},"thumbnailUrl":"http:\/\/www.shkoder.net\/images\/fjala\/prec_zogaj.jpg","articleSection":["Artikuj"],"inLanguage":"sq-AL","potentialAction":[{"@type":"CommentAction","name":"Comment","target":["https:\/\/fjala.info\/2009-2015\/zgjidhja-e-mesme-osbe-dhe-keshilli-i-europes\/#respond"]}]},{"@type":"WebPage","@id":"https:\/\/fjala.info\/2009-2015\/zgjidhja-e-mesme-osbe-dhe-keshilli-i-europes\/","url":"https:\/\/fjala.info\/2009-2015\/zgjidhja-e-mesme-osbe-dhe-keshilli-i-europes\/","name":"Zgjidhja e mesme, OSBE dhe K\u00ebshilli i Europ\u00ebs - FjALA e LIR\u00cb - Arkivi","isPartOf":{"@id":"https:\/\/fjala.info\/2009-2015\/#website"},"primaryImageOfPage":{"@id":"https:\/\/fjala.info\/2009-2015\/zgjidhja-e-mesme-osbe-dhe-keshilli-i-europes\/#primaryimage"},"image":{"@id":"https:\/\/fjala.info\/2009-2015\/zgjidhja-e-mesme-osbe-dhe-keshilli-i-europes\/#primaryimage"},"thumbnailUrl":"http:\/\/www.shkoder.net\/images\/fjala\/prec_zogaj.jpg","datePublished":"2010-05-17T21:29:47+00:00","breadcrumb":{"@id":"https:\/\/fjala.info\/2009-2015\/zgjidhja-e-mesme-osbe-dhe-keshilli-i-europes\/#breadcrumb"},"inLanguage":"sq-AL","potentialAction":[{"@type":"ReadAction","target":["https:\/\/fjala.info\/2009-2015\/zgjidhja-e-mesme-osbe-dhe-keshilli-i-europes\/"]}]},{"@type":"ImageObject","inLanguage":"sq-AL","@id":"https:\/\/fjala.info\/2009-2015\/zgjidhja-e-mesme-osbe-dhe-keshilli-i-europes\/#primaryimage","url":"http:\/\/www.shkoder.net\/images\/fjala\/prec_zogaj.jpg","contentUrl":"http:\/\/www.shkoder.net\/images\/fjala\/prec_zogaj.jpg"},{"@type":"BreadcrumbList","@id":"https:\/\/fjala.info\/2009-2015\/zgjidhja-e-mesme-osbe-dhe-keshilli-i-europes\/#breadcrumb","itemListElement":[{"@type":"ListItem","position":1,"name":"Home","item":"https:\/\/fjala.info\/2009-2015\/"},{"@type":"ListItem","position":2,"name":"Zgjidhja e mesme, OSBE dhe K\u00ebshilli i Europ\u00ebs"}]},{"@type":"WebSite","@id":"https:\/\/fjala.info\/2009-2015\/#website","url":"https:\/\/fjala.info\/2009-2015\/","name":"FjALA e LIR\u00cb - Arkivi","description":"Arkivi 2009-2015","publisher":{"@id":"https:\/\/fjala.info\/2009-2015\/#organization"},"potentialAction":[{"@type":"SearchAction","target":{"@type":"EntryPoint","urlTemplate":"https:\/\/fjala.info\/2009-2015\/?s={search_term_string}"},"query-input":{"@type":"PropertyValueSpecification","valueRequired":true,"valueName":"search_term_string"}}],"inLanguage":"sq-AL"},{"@type":"Organization","@id":"https:\/\/fjala.info\/2009-2015\/#organization","name":"FjALA e LIR\u00cb - Arkivi","url":"https:\/\/fjala.info\/2009-2015\/","logo":{"@type":"ImageObject","inLanguage":"sq-AL","@id":"https:\/\/fjala.info\/2009-2015\/#\/schema\/logo\/image\/","url":"","contentUrl":"","caption":"FjALA e LIR\u00cb - Arkivi"},"image":{"@id":"https:\/\/fjala.info\/2009-2015\/#\/schema\/logo\/image\/"}},{"@type":"Person","@id":"https:\/\/fjala.info\/2009-2015\/#\/schema\/person\/3aa1163ef05469c496fc94e77611ada2","name":"admin","image":{"@type":"ImageObject","inLanguage":"sq-AL","@id":"https:\/\/fjala.info\/2009-2015\/wp-content\/uploads\/2012\/02\/arben_cokaj-120x150.jpg","url":"https:\/\/fjala.info\/2009-2015\/wp-content\/uploads\/2012\/02\/arben_cokaj-120x150.jpg","contentUrl":"https:\/\/fjala.info\/2009-2015\/wp-content\/uploads\/2012\/02\/arben_cokaj-120x150.jpg","caption":"admin"},"description":"Admin, Fjala e Lir\u00eb","sameAs":["https:\/\/fjala.info\/"],"url":"https:\/\/fjala.info\/2009-2015\/author\/admin\/"}]}},"_links":{"self":[{"href":"https:\/\/fjala.info\/2009-2015\/wp-json\/wp\/v2\/posts\/2700","targetHints":{"allow":["GET"]}}],"collection":[{"href":"https:\/\/fjala.info\/2009-2015\/wp-json\/wp\/v2\/posts"}],"about":[{"href":"https:\/\/fjala.info\/2009-2015\/wp-json\/wp\/v2\/types\/post"}],"author":[{"embeddable":true,"href":"https:\/\/fjala.info\/2009-2015\/wp-json\/wp\/v2\/users\/1"}],"replies":[{"embeddable":true,"href":"https:\/\/fjala.info\/2009-2015\/wp-json\/wp\/v2\/comments?post=2700"}],"version-history":[{"count":0,"href":"https:\/\/fjala.info\/2009-2015\/wp-json\/wp\/v2\/posts\/2700\/revisions"}],"wp:attachment":[{"href":"https:\/\/fjala.info\/2009-2015\/wp-json\/wp\/v2\/media?parent=2700"}],"wp:term":[{"taxonomy":"category","embeddable":true,"href":"https:\/\/fjala.info\/2009-2015\/wp-json\/wp\/v2\/categories?post=2700"},{"taxonomy":"post_tag","embeddable":true,"href":"https:\/\/fjala.info\/2009-2015\/wp-json\/wp\/v2\/tags?post=2700"}],"curies":[{"name":"wp","href":"https:\/\/api.w.org\/{rel}","templated":true}]}}