{"id":2698,"date":"2010-05-17T22:27:57","date_gmt":"2010-05-17T21:27:57","guid":{"rendered":"http:\/\/fjala.shkoder.net\/?p=2698"},"modified":"2010-05-17T22:27:57","modified_gmt":"2010-05-17T21:27:57","slug":"nen-corapen-e-mendafshte","status":"publish","type":"post","link":"https:\/\/fjala.info\/2009-2015\/nen-corapen-e-mendafshte\/","title":{"rendered":"N\u00ebn \u00e7orapen e m\u00ebndafsht\u00eb"},"content":{"rendered":"<p><img decoding=\"async\" style=\"margin-left: 10px; margin-right: 10px; border: 0px;\" src=\"http:\/\/www.shkoder.net\/images\/fjala\/aklosi.jpg\" border=\"0\" alt=\"Ardian Klosi\" width=\"100\" align=\"left\" \/><\/p>\n<p><strong>Ardian Klosi<\/strong>, <em>17.05.2010<\/em><\/p>\n<p>Kujt i bie rruga shpesh nat\u00ebn von\u00eb bulevardit t\u00eb Tiran\u00ebs, pa tjet\u00ebr q\u00eb do t\u00eb ket\u00eb par\u00eb dy silueta burrash q\u00eb b\u00ebjn\u00eb sh\u00ebtitjen e tyre nokturne her\u00eb mbi nj\u00ebrin e her\u00eb mbi tjetrin trotuar.<\/p>\n<p>Jan\u00eb diku n\u00eb mes t\u00eb t\u00eb pes\u00ebdhjetave, i pari me flok\u00eb t\u00eb qethura shkurt, me syze e mustaqe, i dyti me leshra t\u00eb zgjatura, trup t\u00eb ngjallm\u00eb e sy gati t\u00eb zhdukur n\u00ebn palat e fytyr\u00ebs, pak a shum\u00eb t\u00eb shkurt\u00ebr t\u00eb dy.<\/p>\n<p>Sh\u00ebtitja e tyre \u00ebsht\u00eb e ngadalt\u00eb dhe e qet\u00eb, me duart n\u00eb xhepat e pardesyve t\u00eb gufuara, her\u00eb-her\u00eb mbajn\u00eb hapin si t\u00eb mos bien dakord mes diskutimit q\u00eb b\u00ebjn\u00eb pastaj, duket si kan\u00eb r\u00ebn\u00eb prap\u00eb n\u00eb nj\u00eb mendje, vazhdojn\u00eb rrug\u00ebn dhe bised\u00ebn me t\u00eb nj\u00ebjt\u00ebn qet\u00ebsi.<\/p>\n<p>I pari \u00ebsht\u00eb drejtori i Bibliotek\u00ebs Komb\u00ebtare, njeri i ditur e me talente n\u00eb fush\u00ebn e fjal\u00ebs. E njoh dhe kam miq\u00ebsi me t\u00eb prej shum\u00eb vitesh qysh kur p\u00ebrpiqeshim p\u00ebr let\u00ebrsi m\u00eb t\u00eb mir\u00eb e p\u00ebr m\u00eb shum\u00eb liri n\u00eb mjediset e Lidhjes s\u00eb Shkrimtar\u00ebve dhe t\u00eb Naim Frash\u00ebrti.<\/p>\n<p>Ka kontribut t\u00eb padiskutuesh\u00ebm n\u00eb fush\u00ebn e shqip\u00ebrimeve n\u00eb proz\u00eb e n\u00eb poezi dhe n\u00eb at\u00eb t\u00eb historis\u00eb s\u00eb kultur\u00ebs e t\u00eb historis\u00eb shqiptare.<\/p>\n<p>Jan\u00eb t\u00eb paharrueshme p\u00ebr t\u00eb gjith\u00eb lexuesit romanet e Markezit, dramat e Lork\u00ebs, poezit\u00eb e Ahmatov\u00ebs n\u00eb shqip\u00ebrimin e tij. Jan\u00eb t\u00eb vlera studimet e tij p\u00ebr qytetin e Voskopoj\u00ebs, parath\u00ebniet dhe paraqitjet e shumta q\u00eb ka b\u00ebr\u00eb p\u00ebr figura t\u00eb nderuara t\u00eb kultur\u00ebs, fes\u00eb, bot\u00ebs shqiptare.<br \/>\nI dyti \u00ebsht\u00eb drejtor i gazet\u00ebs 55.<\/p>\n<p>Kjo \u00ebsht\u00eb fletushka m\u00eb agresive dhe me shpif\u00ebse e Shqip\u00ebris\u00eb. Aty sulmohen hapur dhe me germa t\u00eb m\u00ebdha t\u00eb gjith\u00eb ata q\u00eb mund t\u00eb jen\u00eb kund\u00ebr pushtetit t\u00eb Berish\u00ebs dhe kund\u00ebr pushteteve t\u00eb tjera okulte q\u00eb mbajn\u00eb fletushk\u00ebn.<\/p>\n<p>Me g\u00ebnjeshtrat e p\u00ebrditshme q\u00eb p\u00ebrhap t\u00eb kujton organet m\u00eb t\u00eb k\u00ebqija t\u00eb periudh\u00ebs staliniste n\u00eb BRSS dhe gazetat fashiste t\u00eb Gjermanis\u00eb e Italis\u00eb n\u00eb vitet 30. Aty mund t\u00eb sulmohen me jav\u00eb t\u00eb t\u00ebra edhe intelektual\u00eb q\u00eb nuk flasin kund\u00ebr Berish\u00ebs, bie fjala shkrimtari Kas\u00ebm Trebeshina, p\u00ebr interesa t\u00eb dikujt tjet\u00ebr. Sepse cil\u00ebsi e botuesit t\u00eb 55-\u00ebs \u00ebsht\u00eb q\u00eb ai gjithmon\u00eb i ka sh\u00ebrbyer m\u00eb t\u00eb fuqishmit.<\/p>\n<p>E mbaj mend qysh n\u00eb vitet 76-80 gjat\u00eb periudh\u00ebs s\u00eb studimeve kur i servilosej djalit t\u00eb kryeministrit dhe djalit t\u00eb ministrit t\u00eb Brendsh\u00ebm, pastaj kur doli n\u00eb jet\u00eb Kadares\u00eb e sidomos Foto \u00c7amit dhe Ramiz Alis\u00eb.<\/p>\n<p>Ishte koha kur punonte si libretisti m\u00eb i patalentuar q\u00eb ka njohur Teatrit Popullor n\u00eb kat\u00ebr dekada, shkruante skenarin e famsh\u00ebm t\u00eb termo\u00e7ifteve p\u00ebr filmin Furrnalta, botonte nj\u00eb v\u00ebllim me tregime p\u00ebr heronjt\u00eb e pun\u00ebs socialiste me titullin &#8220;Hasmi i nyjeve&#8221; (demek ata q\u00eb rr\u00ebzonin pyjet shekullore) dhe pastaj shkoi te &#8220;Z\u00ebri i Popullit&#8221; ku nuk la vizit\u00eb t\u00eb dy shok\u00ebve q\u00eb p\u00ebrmend\u00ebm m\u00eb lart (\u00c7ami dhe Alia), pa pasqyruar n\u00eb reportazhe t\u00eb nj\u00eb entuziazmi t\u00eb vrullsh\u00ebm komunist.<\/p>\n<p>Pas nd\u00ebrrimit t\u00eb sistemeve u b\u00eb, natyrisht, i djatht\u00eb dhe u shqua sidomos n\u00eb vitin 1997, at\u00ebher\u00eb kur shteti u rr\u00ebnua n\u00ebn ish-presidentin Berisha dhe ky pritej nga \u00e7asti n\u00eb \u00e7ast t\u00eb largohej me helikopter nga vendi, me librin &#8220;Berisha kund\u00ebr Kasandrave&#8221;, d.m.th. ky \u00ebsht\u00eb udh\u00ebheq\u00ebsi q\u00eb i duhet Shqip\u00ebris\u00eb, pa le t\u00eb flasin \u00e7&#8217;t\u00eb duan disfatist\u00ebt.<\/p>\n<p>Sa ishin n\u00eb pushtet socialist\u00ebt fletushka e tij nuk la dit\u00eb pa goditur kund\u00ebrshtar\u00ebt me shpifje dhe p\u00ebg\u00ebrje lloj-lloj. Me rikthimin n\u00eb pushtet t\u00eb Berish\u00ebs fillon edhe lul\u00ebzimi m\u00eb i madh i botuesit t\u00eb 55-\u00ebs.<\/p>\n<p>Pasurit\u00eb e tij t\u00eb panjohura, q\u00eb doemos nuk i nxjerr nga nj\u00eb fletushk\u00eb q\u00eb s&#8217;e blen kush, e b\u00ebjn\u00eb t\u00eb nxjerr\u00eb libra luksoz\u00eb, t\u00eb mos \u00e7aj\u00eb kok\u00ebn p\u00ebr \u00e7mime (&#8220;Mali magjik&#8221; i Tomas Manit 4800 lek\u00eb t\u00eb reja) dhe t\u00eb ngrej\u00eb nj\u00eb librari t\u00eb madhe me emrin Kadare n\u00eb qend\u00ebr t\u00eb kryeqytetit.<\/p>\n<p>Pa folur k\u00ebtu p\u00ebr biznese t\u00eb tjera t\u00eb padukshme, si ai i ngritjes s\u00eb fabrik\u00ebs s\u00eb G\u00ebrdecit n\u00eb bashk\u00ebpunim me Mediun dhe Delijorgjin, t\u00eb cilat duken vet\u00ebm kur shp\u00ebrthejn\u00eb.<\/p>\n<p>U ndal\u00ebm m\u00eb gjat\u00eb te personazhi i dyt\u00eb i sh\u00ebtitjes son\u00eb nokturne, p\u00ebr t\u00eb shpjeguar pyetjen e pashpjegueshme q\u00eb b\u00ebjm\u00eb her\u00eb pas here me koleg\u00eb e miq nga t\u00eb fush\u00ebs: \u00e7&#8217;pun\u00eb ka Aurel Plasari me Fahri Balliun?<\/p>\n<p>\u00c7&#8217;mund ta lidh\u00eb nj\u00eb njeri t\u00eb kultur\u00ebs me nj\u00eb fabrikant t\u00eb propagand\u00ebs qeveritare, nj\u00eb njeri modest n\u00eb m\u00ebnyr\u00ebn e jetes\u00ebs e q\u00eb vet\u00ebm p\u00ebr korrupsion nuk mund ta akuzosh n\u00eb institucionin e tij, me nj\u00eb i v\u00ebrvit milionat posht\u00eb e lart dhe q\u00eb pa korrupsionin nuk e kupton dot?<\/p>\n<p>Pyetja s&#8217;ka gjetur asnj\u00ebher\u00eb p\u00ebrgjigje t\u00eb k\u00ebnaqshme, ajo le t&#8217;u mbetet p\u00ebr zgjidhje studiuesve t\u00eb ardhsh\u00ebm.<\/p>\n<p>Por nj\u00eb shkrim i djesh\u00ebm i kolegut dhe mikut Plasari n\u00eb gazet\u00ebn Panorama megjithat\u00eb hedh deri-diku drit\u00eb mbi \u00e7\u00ebshtjen se si e pse mund t\u00eb bashkohet kultura me antikultur\u00ebn. P\u00ebr vete u shtanga nga ai shkrim, sepse Plasarin e njoh si njeri q\u00eb nuk ka qejf t\u00eb prononcohet p\u00ebr politik\u00ebn dhe p\u00ebr k\u00ebt\u00eb gj\u00eb e kam respektuar p\u00ebrher\u00eb. Jo vet\u00ebm pse \u00ebsht\u00eb mir\u00ebfilli njeri i kultur\u00ebs, por edhe pse \u00ebsht\u00eb drejtor i Bibliotek\u00ebs Komb\u00ebtare.<\/p>\n<p>Kjo gj\u00eb mund t\u00eb thuhej nj\u00ebsoj edhe p\u00ebr drejtoresh\u00ebn e Arkivave t\u00eb Shtetit, drejtorin e Teatrit t\u00eb Oper\u00ebs, drejtorin e Muzeut Komb\u00ebtar, drejtorin e Hipotek\u00ebs dhe shum\u00eb drejtor\u00eb t\u00eb tjer\u00eb. Nj\u00eb drejtori me rrog\u00eb t\u00eb shtetit n\u00eb institucione t\u00eb m\u00ebdha komb\u00ebtare, q\u00eb shpesh u takon t\u00eb trajtojn\u00eb tema tep\u00ebr t\u00eb ndjeshme, bie fjala t\u00eb politik\u00ebs s\u00eb t\u00eb shkuar\u00ebs, nuk i shkon t\u00eb mbaj\u00eb an\u00ebn e PD-s\u00eb ose t\u00eb PS-s\u00eb.<\/p>\n<p>Kjo an\u00ebsi shum\u00eb shpejt mund t\u00eb krijoj\u00eb p\u00ebrshtypjen n\u00eb publik se edhe n\u00eb institucionin komb\u00ebtar q\u00eb ai p\u00ebrfaq\u00ebson punohet me an\u00ebsi politike.<\/p>\n<p>Aq m\u00eb shum\u00eb p\u00ebr nj\u00eb konflikt q\u00eb duket se \u00ebsht\u00eb shum\u00eb serioz dhe k\u00ebrkon njohje t\u00eb thell\u00eb, p\u00ebrderisa ka shkaktuar dhjet\u00ebra vet\u00eb t\u00eb b\u00ebjn\u00eb sakrifica t\u00eb r\u00ebnda trupore dhe qindra mij\u00ebra t\u00eb tjer\u00eb t\u00eb zbresin n\u00eb rrug\u00eb.<\/p>\n<p>Ne q\u00eb shkruajm\u00eb jo rrall\u00eb p\u00ebr politik\u00eb e q\u00eb her\u00eb na quajn\u00eb publicist\u00eb e her\u00eb analist\u00eb ose opinionist\u00eb (budallall\u00ebqe t\u00eb gjitha, jam thjesht njeri i gjuh\u00ebs e i let\u00ebrsis\u00eb q\u00eb s&#8217;e kam mbajtur dot dor\u00ebn e goj\u00ebn kur m\u00eb \u00ebsht\u00eb dukur se z\u00ebri im mund t\u00eb ndryshoj\u00eb di\u00e7ka), jo se jemi t\u00eb privilegjuar n\u00eb krahasim me drejtor\u00ebt, por t\u00eb pakt\u00ebn p\u00ebrfaq\u00ebsojm\u00eb vet\u00ebm veten, si Mark Tuejni q\u00eb shkroi dikur n\u00eb nj\u00eb hotel t\u00eb Indis\u00eb n\u00eb regjist\u00ebr, pas nj\u00eb suite t\u00eb madhe t\u00eb princit t\u00eb Panxhabit, &#8220;Mark Tuejni me valixhen e tij&#8221;.<\/p>\n<p>Tani, n\u00eb shkrimin e tij me titullin &#8220;Greva e gabuar&#8221; Plasari jo vet\u00ebm q\u00eb mban pozicionin e qeveris\u00eb, por e mban at\u00eb n\u00eb nj\u00eb m\u00ebnyr\u00eb ekstreme.<\/p>\n<p>Kujt mund t&#8217;ia marrin mendt\u00eb erudicioni, shakat\u00eb dhe metaforat q\u00eb i derdh t\u00eb leze\u00e7me n\u00eb at\u00eb shkrim, i lutem t\u00eb lexoj\u00eb thelbin apo mesazhin e tij krejt t\u00eb qart\u00eb.<\/p>\n<p>T\u00eb m\u00eb fal\u00eb autori q\u00eb po ia q\u00ebroj l\u00ebvozhgat brilante t\u00eb stilit dhe po e nxjerr k\u00ebt\u00eb thelb p\u00ebr popullin e thjesht\u00eb q\u00eb mund ta ket\u00eb pasur t\u00eb v\u00ebshtir\u00eb t\u00eb hyj\u00eb n\u00eb labirintet akrobatike t\u00eb fjal\u00ebs: Aventura e PS-s\u00eb me grev\u00ebn e uris\u00eb, si\u00e7 do t\u00eb dal\u00eb n\u00eb nj\u00eb t\u00eb ardhme t\u00eb af\u00ebrt, ka shkaqe ekonomike-financiare. Ajo nuk p\u00ebrkon me kurrfar\u00eb parimi dhe praktike t\u00eb socializmit europian (vijon nj\u00eb shpjegim i gjat\u00eb q\u00eb e mb\u00ebshtet k\u00ebt\u00eb historikisht).<\/p>\n<p>Derisa greva e uris\u00eb nuk ka tradit\u00eb n\u00eb socializmin europian, frym\u00ebzimin Edi Rama mund ta ket\u00eb gjetur vet\u00ebm te veprat e Enver Hoxh\u00ebs q\u00eb hidhte posht\u00eb luft\u00ebn parlamentare dhe sugjeronte vet\u00ebm taktikat e luft\u00ebs jasht\u00ebparlamentare.<\/p>\n<p>Mir\u00ebpo grevat e uris\u00eb n\u00eb t\u00eb v\u00ebrtet\u00eb jan\u00eb karakteristik\u00eb &#8220;tanim\u00eb qysh prej nj\u00eb shekulli e gjysm\u00eb, e individ\u00ebve dhe\/ose grupeve t\u00eb padrejt\u00ebsuar dhe\/ose t\u00eb pap\u00ebrfaq\u00ebsuar politikisht&#8221;.<\/p>\n<p>P\u00ebrfundimi, i gjith\u00eb ky teat\u00ebr me grev\u00eb urie, q\u00eb Plasari e v\u00eb n\u00eb paralel me premier\u00ebn teatrore &#8220;Darka e gabuar&#8221;, \u00ebsht\u00eb inskenuar nga Rama si nj\u00eb rrug\u00eb ekstraparlamentare p\u00ebr t\u00eb ardhur n\u00eb pushtet.<\/p>\n<p>Me asnj\u00eb germ\u00eb t\u00eb shkrimit t\u00eb tij prej 2200 fjal\u00ebsh (si\u00e7 del nga Word Count te Tools), Plasari nuk p\u00ebrmend \u00e7\u00ebshtjen e kutive t\u00eb votimit. N\u00eb asnj\u00eb rresht nuk p\u00ebrmendet q\u00eb njer\u00ebzit e mbyllur n\u00eb \u00e7ad\u00ebr mund t\u00eb besojn\u00eb q\u00eb zgjedhjet e 28 qershorit 2009 kan\u00eb qen\u00eb nj\u00eb mashtrim i madh.<\/p>\n<p>T\u00eb gjith\u00eb autor\u00ebt q\u00eb kan\u00eb ngarendur k\u00ebto dit\u00eb, n\u00eb em\u00ebr t\u00eb atij bashkimi t\u00eb pandodhur intelektual\u00ebsh me firma drejtor\u00ebsh q\u00eb fryhen e fryhen, nuk e p\u00ebrmendin \u00e7\u00ebshtjen e v\u00ebrtet\u00eb t\u00eb konfliktit &#8220;casus belli&#8221;, meq\u00eb Plasari e ka qejf latinishten. \u00c7uditem pse nuk e b\u00ebjn\u00eb k\u00ebt\u00eb gj\u00eb, as ai as Tupja, as Lubonja as Irini Qirjako.<\/p>\n<p>Mua ky dyshim i fort\u00eb se te ato kuti fshihet shejtani i shishes, duke e ditur edhe se Berisha i 1996-\u00ebs l\u00ebkur\u00ebn e nd\u00ebrron por zakonin s&#8217;e harron, dhe aspak miq\u00ebsia e vjet\u00ebr q\u00eb kam me Antiheroin (= Rama, sipas Kongolit, Tupes etj.), m\u00eb b\u00ebri ta besoj idealizmin e nj\u00eb pjese t\u00eb mir\u00eb t\u00eb grevist\u00ebve dhe t\u00eb shkoj e t&#8217;u jap dor\u00ebn me p\u00ebrulje. Ku gjen m\u00eb sot idealiz\u00ebm?<\/p>\n<p>Mir\u00eb nja 20 deputet\u00eb brenda q\u00eb shpresuakan t\u00eb marrin poste nga Rama si t\u00eb kuror\u00ebzohet greva me sukses, po gjith\u00eb ata student\u00eb, po ata fshatar\u00eb t\u00eb Mallakastr\u00ebs e t\u00eb Vlor\u00ebs q\u00eb takova, \u00e7far\u00eb shpresojn\u00eb t\u00eb marrin? P\u00ebr cinik\u00ebt idealizmi n\u00eb k\u00ebt\u00eb vend ka vdekur me koh\u00eb, por p\u00ebr t\u00eb tjer\u00eb ndoshta s&#8217;\u00ebsht\u00eb k\u00ebshtu.<\/p>\n<p>Aty n\u00eb \u00e7ad\u00ebr t\u00eb ngjitej edhe ty nga mendimi i tyre. Se thua: k\u00ebta s&#8217;jan\u00eb t\u00eb qet\u00eb, edhe ti s&#8217;mund t\u00eb flesh i qet\u00eb n\u00eb qoft\u00eb se mbi krye t\u00eb ka hipur nj\u00eb pushtet q\u00eb s&#8217;ka ardhur aty me vot\u00eb t\u00eb ndershme, aq m\u00eb shum\u00eb nj\u00eb pushtet q\u00eb i b\u00ebn keq vendit, q\u00eb e ngjesh me borxhe, i shet nj\u00eb cop\u00eb nga deti atje, i heq nj\u00eb gisht Karaburuni k\u00ebtu, fal tok\u00eb andej e lumenj k\u00ebndej, mbush ult\u00ebsirat e bekuara me fabrika \u00e7imentoje e jep bregdet p\u00ebr termotece e p\u00ebr b\u00ebrthamor\u00ebt e fqinj\u00ebve. T\u00eb iki nj\u00eb or\u00eb e m\u00eb par\u00eb n\u00eb qoft\u00eb se ka b\u00ebr\u00eb zullum n\u00eb ato kuti.<\/p>\n<p>Por t\u00eb iki nj\u00eb or\u00eb e m\u00eb par\u00eb edhe Edi Rama me t\u00eb tijt\u00eb, n\u00eb qoft\u00eb se na kan\u00eb rrokanisur kok\u00ebn kot gjith\u00eb k\u00ebta muaj, n\u00eb qoft\u00eb se kan\u00eb ngritur nj\u00eb iluzion t\u00eb madh me k\u00ebto kutit\u00eb q\u00eb pastaj hapen dhe u del blof. Ama krijojani mund\u00ebsin\u00eb t\u00eb dal\u00eb bosh, ju intelektual\u00ebt e djatht\u00eb, ju an\u00ebtar\u00ebt e dikursh\u00ebm t\u00eb N\u00ebn\u00ebs Lidhje e t\u00eb N\u00ebn\u00ebs Parti, k\u00ebrkoni dhe ju hapjen e kutive q\u00eb t\u00eb qet\u00ebsohet vendi.<\/p>\n<p>Prandaj them se Plasari me shkrimin e djesh\u00ebm shkon edhe m\u00eb larg nga pozicioni i qeveris\u00eb, i cili thot\u00eb t\u00eb pakt\u00ebn se kutit\u00eb mund t\u00eb hapen, vet\u00ebm se duhet t&#8217;i hapin gjykatat. P\u00ebr arsye t\u00eb shk\u00eblqimit t\u00eb jasht\u00ebm dhe munges\u00ebs s\u00eb argumentit kryesor, na vjen t\u00eb perifrazojm\u00eb p\u00ebr t\u00eb shprehjen e Napoleonit p\u00ebr Talejranin: Ky shkrim i ngjan nj\u00eb \u00e7orapeje m\u00ebndafshi q\u00eb ka t\u00eb mb\u00ebshtjell brenda mutin qeveritar.<\/p>\n<p>Dhe ngaq\u00eb anashkalon argumentin qendror, autorit i mbetet t\u00eb merret me cinizma krejt pa shije si &#8220;nuk po e quajm\u00eb Ram\u00ebn bojaxhi, p\u00ebr t\u00eb mos fyer komunitetin e nderuar t\u00eb bojaxhinjve t\u00eb Tiran\u00ebs&#8221; ose &#8220;ju jap 10.000 lek\u00eb sikur t\u00eb m\u00eb l\u00ebpini k\u00ebpuc\u00ebt&#8221;, ose q\u00eb Elsa Lila mund t\u00eb vdes\u00eb urie apo ta vras\u00eb veten se &#8220;fundja, artist\u00ebt anek\u00ebnd bot\u00ebs spikasin p\u00ebr aktet e skajshme: nga grevat pa-v\u00ebn\u00eb gj\u00eb-n\u00eb goj\u00eb te vet\u00ebvrasjet&#8221; (!)<\/p>\n<p>Kur u kthyem n\u00eb Shqip\u00ebri para 12 vjet\u00ebsh s\u00eb bashku me Edi Ram\u00ebn dhe me disa miq t\u00eb tjer\u00eb p\u00ebr t\u00eb drejtuar institucione qendrore t\u00eb vendit, mbaj mend nj\u00eb dit\u00eb Edi q\u00eb m\u00eb ndaloi me vrull si\u00e7 b\u00ebn shpesh &#8211; ishte at\u00eb koh\u00eb minist\u00ebr Kulture &#8211; dhe m\u00eb tha: kam nj\u00eb ide t\u00eb madhe, do t\u00eb propozoj q\u00eb Aurel Plasari t\u00eb b\u00ebhet drejtor i Bibliotek\u00ebs Komb\u00ebtare. P\u00ebr qeverin\u00eb socialiste ato koh\u00eb ky propozim i nj\u00eb personi &#8220;t\u00eb djatht\u00eb&#8221; dukej gati-gati si provokim. Mua m&#8217;u b\u00eb qejfi dhe ia miratova megjith\u00eb zem\u00ebr.<\/p>\n<p>Do t&#8217;i lutesha Edit n\u00eb distanc\u00eb q\u00eb t\u00eb mos pendohet asnj\u00ebher\u00eb p\u00ebr at\u00eb em\u00ebrim, edhe pse sot kryetari i PS mund t\u00eb mos jet\u00eb i denj\u00eb as q\u00eb t&#8217;i l\u00ebpij\u00eb k\u00ebpuc\u00ebt drejtorit t\u00eb BK. Ai drejtorin e Bibliotek\u00ebs Komb\u00ebtare e b\u00ebn mir\u00eb, sikurse b\u00ebn mir\u00eb n\u00eb p\u00ebrgjith\u00ebsi pun\u00ebt e librit dhe t\u00eb let\u00ebrsis\u00eb. Kurse me t\u00eb tjerat gabon rregullisht.<\/p>\n<p>Tani q\u00eb them se shpjeguam di\u00e7ka nga ajo miq\u00ebsi enigmatike midis drejtorit t\u00eb BK dhe botuesit t\u00eb fletushk\u00ebs 55, le t&#8217;i l\u00ebm\u00eb t\u00eb qet\u00eb t\u00eb vazhdojn\u00eb baritjen e tyre n\u00ebp\u00ebr nat\u00eb n\u00eb bulevard, me nj\u00eb trajektore t\u00eb kufizuar koh\u00ebt e fundit nga \u00e7adrat e grev\u00ebs s\u00eb uris\u00eb.<\/p>\n","protected":false},"excerpt":{"rendered":"<p>Ardian Klosi, 17.05.2010 Kujt i bie rruga shpesh nat\u00ebn von\u00eb bulevardit t\u00eb Tiran\u00ebs, pa tjet\u00ebr q\u00eb do t\u00eb ket\u00eb par\u00eb dy silueta burrash q\u00eb b\u00ebjn\u00eb sh\u00ebtitjen e tyre nokturne her\u00eb mbi nj\u00ebrin e her\u00eb mbi tjetrin trotuar. Jan\u00eb diku n\u00eb mes t\u00eb t\u00eb pes\u00ebdhjetave, i pari me flok\u00eb t\u00eb qethura shkurt, me syze e mustaqe, [&hellip;]<\/p>\n","protected":false},"author":1,"featured_media":0,"comment_status":"open","ping_status":"closed","sticky":false,"template":"","format":"standard","meta":{"footnotes":""},"categories":[2],"tags":[],"class_list":{"0":"post-2698","1":"post","2":"type-post","3":"status-publish","4":"format-standard","6":"category-artikuj"},"yoast_head":"<!-- This site is optimized with the Yoast SEO plugin v27.4 - https:\/\/yoast.com\/product\/yoast-seo-wordpress\/ -->\n<title>N\u00ebn \u00e7orapen e m\u00ebndafsht\u00eb - FjALA e LIR\u00cb - Arkivi<\/title>\n<meta name=\"robots\" content=\"index, follow, max-snippet:-1, max-image-preview:large, max-video-preview:-1\" \/>\n<link rel=\"canonical\" href=\"https:\/\/fjala.info\/2009-2015\/nen-corapen-e-mendafshte\/\" \/>\n<meta property=\"og:locale\" content=\"sq_AL\" \/>\n<meta property=\"og:type\" content=\"article\" \/>\n<meta property=\"og:title\" content=\"N\u00ebn \u00e7orapen e m\u00ebndafsht\u00eb - FjALA e LIR\u00cb - Arkivi\" \/>\n<meta property=\"og:description\" content=\"Ardian Klosi, 17.05.2010 Kujt i bie rruga shpesh nat\u00ebn von\u00eb bulevardit t\u00eb Tiran\u00ebs, pa tjet\u00ebr q\u00eb do t\u00eb ket\u00eb par\u00eb dy silueta burrash q\u00eb b\u00ebjn\u00eb sh\u00ebtitjen e tyre nokturne her\u00eb mbi nj\u00ebrin e her\u00eb mbi tjetrin trotuar. Jan\u00eb diku n\u00eb mes t\u00eb t\u00eb pes\u00ebdhjetave, i pari me flok\u00eb t\u00eb qethura shkurt, me syze e mustaqe, [&hellip;]\" \/>\n<meta property=\"og:url\" content=\"https:\/\/fjala.info\/2009-2015\/nen-corapen-e-mendafshte\/\" \/>\n<meta property=\"og:site_name\" content=\"FjALA e LIR\u00cb - Arkivi\" \/>\n<meta property=\"article:published_time\" content=\"2010-05-17T21:27:57+00:00\" \/>\n<meta property=\"og:image\" content=\"http:\/\/www.shkoder.net\/images\/fjala\/aklosi.jpg\" \/>\n<meta name=\"author\" content=\"admin\" \/>\n<meta name=\"twitter:card\" content=\"summary_large_image\" \/>\n<meta name=\"twitter:label1\" content=\"Written by\" \/>\n\t<meta name=\"twitter:data1\" content=\"admin\" \/>\n\t<meta name=\"twitter:label2\" content=\"Est. reading time\" \/>\n\t<meta name=\"twitter:data2\" content=\"12 minutes\" \/>\n<script type=\"application\/ld+json\" class=\"yoast-schema-graph\">{\"@context\":\"https:\\\/\\\/schema.org\",\"@graph\":[{\"@type\":\"Article\",\"@id\":\"https:\\\/\\\/fjala.info\\\/2009-2015\\\/nen-corapen-e-mendafshte\\\/#article\",\"isPartOf\":{\"@id\":\"https:\\\/\\\/fjala.info\\\/2009-2015\\\/nen-corapen-e-mendafshte\\\/\"},\"author\":{\"name\":\"admin\",\"@id\":\"https:\\\/\\\/fjala.info\\\/2009-2015\\\/#\\\/schema\\\/person\\\/3aa1163ef05469c496fc94e77611ada2\"},\"headline\":\"N\u00ebn \u00e7orapen e m\u00ebndafsht\u00eb\",\"datePublished\":\"2010-05-17T21:27:57+00:00\",\"mainEntityOfPage\":{\"@id\":\"https:\\\/\\\/fjala.info\\\/2009-2015\\\/nen-corapen-e-mendafshte\\\/\"},\"wordCount\":2358,\"commentCount\":1,\"publisher\":{\"@id\":\"https:\\\/\\\/fjala.info\\\/2009-2015\\\/#organization\"},\"image\":{\"@id\":\"https:\\\/\\\/fjala.info\\\/2009-2015\\\/nen-corapen-e-mendafshte\\\/#primaryimage\"},\"thumbnailUrl\":\"http:\\\/\\\/www.shkoder.net\\\/images\\\/fjala\\\/aklosi.jpg\",\"articleSection\":[\"Artikuj\"],\"inLanguage\":\"sq-AL\",\"potentialAction\":[{\"@type\":\"CommentAction\",\"name\":\"Comment\",\"target\":[\"https:\\\/\\\/fjala.info\\\/2009-2015\\\/nen-corapen-e-mendafshte\\\/#respond\"]}]},{\"@type\":\"WebPage\",\"@id\":\"https:\\\/\\\/fjala.info\\\/2009-2015\\\/nen-corapen-e-mendafshte\\\/\",\"url\":\"https:\\\/\\\/fjala.info\\\/2009-2015\\\/nen-corapen-e-mendafshte\\\/\",\"name\":\"N\u00ebn \u00e7orapen e m\u00ebndafsht\u00eb - FjALA e LIR\u00cb - Arkivi\",\"isPartOf\":{\"@id\":\"https:\\\/\\\/fjala.info\\\/2009-2015\\\/#website\"},\"primaryImageOfPage\":{\"@id\":\"https:\\\/\\\/fjala.info\\\/2009-2015\\\/nen-corapen-e-mendafshte\\\/#primaryimage\"},\"image\":{\"@id\":\"https:\\\/\\\/fjala.info\\\/2009-2015\\\/nen-corapen-e-mendafshte\\\/#primaryimage\"},\"thumbnailUrl\":\"http:\\\/\\\/www.shkoder.net\\\/images\\\/fjala\\\/aklosi.jpg\",\"datePublished\":\"2010-05-17T21:27:57+00:00\",\"breadcrumb\":{\"@id\":\"https:\\\/\\\/fjala.info\\\/2009-2015\\\/nen-corapen-e-mendafshte\\\/#breadcrumb\"},\"inLanguage\":\"sq-AL\",\"potentialAction\":[{\"@type\":\"ReadAction\",\"target\":[\"https:\\\/\\\/fjala.info\\\/2009-2015\\\/nen-corapen-e-mendafshte\\\/\"]}]},{\"@type\":\"ImageObject\",\"inLanguage\":\"sq-AL\",\"@id\":\"https:\\\/\\\/fjala.info\\\/2009-2015\\\/nen-corapen-e-mendafshte\\\/#primaryimage\",\"url\":\"http:\\\/\\\/www.shkoder.net\\\/images\\\/fjala\\\/aklosi.jpg\",\"contentUrl\":\"http:\\\/\\\/www.shkoder.net\\\/images\\\/fjala\\\/aklosi.jpg\"},{\"@type\":\"BreadcrumbList\",\"@id\":\"https:\\\/\\\/fjala.info\\\/2009-2015\\\/nen-corapen-e-mendafshte\\\/#breadcrumb\",\"itemListElement\":[{\"@type\":\"ListItem\",\"position\":1,\"name\":\"Home\",\"item\":\"https:\\\/\\\/fjala.info\\\/2009-2015\\\/\"},{\"@type\":\"ListItem\",\"position\":2,\"name\":\"N\u00ebn \u00e7orapen e m\u00ebndafsht\u00eb\"}]},{\"@type\":\"WebSite\",\"@id\":\"https:\\\/\\\/fjala.info\\\/2009-2015\\\/#website\",\"url\":\"https:\\\/\\\/fjala.info\\\/2009-2015\\\/\",\"name\":\"FjALA e LIR\u00cb - Arkivi\",\"description\":\"Arkivi 2009-2015\",\"publisher\":{\"@id\":\"https:\\\/\\\/fjala.info\\\/2009-2015\\\/#organization\"},\"potentialAction\":[{\"@type\":\"SearchAction\",\"target\":{\"@type\":\"EntryPoint\",\"urlTemplate\":\"https:\\\/\\\/fjala.info\\\/2009-2015\\\/?s={search_term_string}\"},\"query-input\":{\"@type\":\"PropertyValueSpecification\",\"valueRequired\":true,\"valueName\":\"search_term_string\"}}],\"inLanguage\":\"sq-AL\"},{\"@type\":\"Organization\",\"@id\":\"https:\\\/\\\/fjala.info\\\/2009-2015\\\/#organization\",\"name\":\"FjALA e LIR\u00cb - Arkivi\",\"url\":\"https:\\\/\\\/fjala.info\\\/2009-2015\\\/\",\"logo\":{\"@type\":\"ImageObject\",\"inLanguage\":\"sq-AL\",\"@id\":\"https:\\\/\\\/fjala.info\\\/2009-2015\\\/#\\\/schema\\\/logo\\\/image\\\/\",\"url\":\"\",\"contentUrl\":\"\",\"caption\":\"FjALA e LIR\u00cb - Arkivi\"},\"image\":{\"@id\":\"https:\\\/\\\/fjala.info\\\/2009-2015\\\/#\\\/schema\\\/logo\\\/image\\\/\"}},{\"@type\":\"Person\",\"@id\":\"https:\\\/\\\/fjala.info\\\/2009-2015\\\/#\\\/schema\\\/person\\\/3aa1163ef05469c496fc94e77611ada2\",\"name\":\"admin\",\"image\":{\"@type\":\"ImageObject\",\"inLanguage\":\"sq-AL\",\"@id\":\"https:\\\/\\\/fjala.info\\\/2009-2015\\\/wp-content\\\/uploads\\\/2012\\\/02\\\/arben_cokaj-120x150.jpg\",\"url\":\"https:\\\/\\\/fjala.info\\\/2009-2015\\\/wp-content\\\/uploads\\\/2012\\\/02\\\/arben_cokaj-120x150.jpg\",\"contentUrl\":\"https:\\\/\\\/fjala.info\\\/2009-2015\\\/wp-content\\\/uploads\\\/2012\\\/02\\\/arben_cokaj-120x150.jpg\",\"caption\":\"admin\"},\"description\":\"Admin, Fjala e Lir\u00eb\",\"sameAs\":[\"https:\\\/\\\/fjala.info\\\/\"],\"url\":\"https:\\\/\\\/fjala.info\\\/2009-2015\\\/author\\\/admin\\\/\"}]}<\/script>\n<!-- \/ Yoast SEO plugin. -->","yoast_head_json":{"title":"N\u00ebn \u00e7orapen e m\u00ebndafsht\u00eb - FjALA e LIR\u00cb - Arkivi","robots":{"index":"index","follow":"follow","max-snippet":"max-snippet:-1","max-image-preview":"max-image-preview:large","max-video-preview":"max-video-preview:-1"},"canonical":"https:\/\/fjala.info\/2009-2015\/nen-corapen-e-mendafshte\/","og_locale":"sq_AL","og_type":"article","og_title":"N\u00ebn \u00e7orapen e m\u00ebndafsht\u00eb - FjALA e LIR\u00cb - Arkivi","og_description":"Ardian Klosi, 17.05.2010 Kujt i bie rruga shpesh nat\u00ebn von\u00eb bulevardit t\u00eb Tiran\u00ebs, pa tjet\u00ebr q\u00eb do t\u00eb ket\u00eb par\u00eb dy silueta burrash q\u00eb b\u00ebjn\u00eb sh\u00ebtitjen e tyre nokturne her\u00eb mbi nj\u00ebrin e her\u00eb mbi tjetrin trotuar. Jan\u00eb diku n\u00eb mes t\u00eb t\u00eb pes\u00ebdhjetave, i pari me flok\u00eb t\u00eb qethura shkurt, me syze e mustaqe, [&hellip;]","og_url":"https:\/\/fjala.info\/2009-2015\/nen-corapen-e-mendafshte\/","og_site_name":"FjALA e LIR\u00cb - Arkivi","article_published_time":"2010-05-17T21:27:57+00:00","og_image":[{"url":"http:\/\/www.shkoder.net\/images\/fjala\/aklosi.jpg","type":"","width":"","height":""}],"author":"admin","twitter_card":"summary_large_image","twitter_misc":{"Written by":"admin","Est. reading time":"12 minutes"},"schema":{"@context":"https:\/\/schema.org","@graph":[{"@type":"Article","@id":"https:\/\/fjala.info\/2009-2015\/nen-corapen-e-mendafshte\/#article","isPartOf":{"@id":"https:\/\/fjala.info\/2009-2015\/nen-corapen-e-mendafshte\/"},"author":{"name":"admin","@id":"https:\/\/fjala.info\/2009-2015\/#\/schema\/person\/3aa1163ef05469c496fc94e77611ada2"},"headline":"N\u00ebn \u00e7orapen e m\u00ebndafsht\u00eb","datePublished":"2010-05-17T21:27:57+00:00","mainEntityOfPage":{"@id":"https:\/\/fjala.info\/2009-2015\/nen-corapen-e-mendafshte\/"},"wordCount":2358,"commentCount":1,"publisher":{"@id":"https:\/\/fjala.info\/2009-2015\/#organization"},"image":{"@id":"https:\/\/fjala.info\/2009-2015\/nen-corapen-e-mendafshte\/#primaryimage"},"thumbnailUrl":"http:\/\/www.shkoder.net\/images\/fjala\/aklosi.jpg","articleSection":["Artikuj"],"inLanguage":"sq-AL","potentialAction":[{"@type":"CommentAction","name":"Comment","target":["https:\/\/fjala.info\/2009-2015\/nen-corapen-e-mendafshte\/#respond"]}]},{"@type":"WebPage","@id":"https:\/\/fjala.info\/2009-2015\/nen-corapen-e-mendafshte\/","url":"https:\/\/fjala.info\/2009-2015\/nen-corapen-e-mendafshte\/","name":"N\u00ebn \u00e7orapen e m\u00ebndafsht\u00eb - FjALA e LIR\u00cb - Arkivi","isPartOf":{"@id":"https:\/\/fjala.info\/2009-2015\/#website"},"primaryImageOfPage":{"@id":"https:\/\/fjala.info\/2009-2015\/nen-corapen-e-mendafshte\/#primaryimage"},"image":{"@id":"https:\/\/fjala.info\/2009-2015\/nen-corapen-e-mendafshte\/#primaryimage"},"thumbnailUrl":"http:\/\/www.shkoder.net\/images\/fjala\/aklosi.jpg","datePublished":"2010-05-17T21:27:57+00:00","breadcrumb":{"@id":"https:\/\/fjala.info\/2009-2015\/nen-corapen-e-mendafshte\/#breadcrumb"},"inLanguage":"sq-AL","potentialAction":[{"@type":"ReadAction","target":["https:\/\/fjala.info\/2009-2015\/nen-corapen-e-mendafshte\/"]}]},{"@type":"ImageObject","inLanguage":"sq-AL","@id":"https:\/\/fjala.info\/2009-2015\/nen-corapen-e-mendafshte\/#primaryimage","url":"http:\/\/www.shkoder.net\/images\/fjala\/aklosi.jpg","contentUrl":"http:\/\/www.shkoder.net\/images\/fjala\/aklosi.jpg"},{"@type":"BreadcrumbList","@id":"https:\/\/fjala.info\/2009-2015\/nen-corapen-e-mendafshte\/#breadcrumb","itemListElement":[{"@type":"ListItem","position":1,"name":"Home","item":"https:\/\/fjala.info\/2009-2015\/"},{"@type":"ListItem","position":2,"name":"N\u00ebn \u00e7orapen e m\u00ebndafsht\u00eb"}]},{"@type":"WebSite","@id":"https:\/\/fjala.info\/2009-2015\/#website","url":"https:\/\/fjala.info\/2009-2015\/","name":"FjALA e LIR\u00cb - Arkivi","description":"Arkivi 2009-2015","publisher":{"@id":"https:\/\/fjala.info\/2009-2015\/#organization"},"potentialAction":[{"@type":"SearchAction","target":{"@type":"EntryPoint","urlTemplate":"https:\/\/fjala.info\/2009-2015\/?s={search_term_string}"},"query-input":{"@type":"PropertyValueSpecification","valueRequired":true,"valueName":"search_term_string"}}],"inLanguage":"sq-AL"},{"@type":"Organization","@id":"https:\/\/fjala.info\/2009-2015\/#organization","name":"FjALA e LIR\u00cb - Arkivi","url":"https:\/\/fjala.info\/2009-2015\/","logo":{"@type":"ImageObject","inLanguage":"sq-AL","@id":"https:\/\/fjala.info\/2009-2015\/#\/schema\/logo\/image\/","url":"","contentUrl":"","caption":"FjALA e LIR\u00cb - Arkivi"},"image":{"@id":"https:\/\/fjala.info\/2009-2015\/#\/schema\/logo\/image\/"}},{"@type":"Person","@id":"https:\/\/fjala.info\/2009-2015\/#\/schema\/person\/3aa1163ef05469c496fc94e77611ada2","name":"admin","image":{"@type":"ImageObject","inLanguage":"sq-AL","@id":"https:\/\/fjala.info\/2009-2015\/wp-content\/uploads\/2012\/02\/arben_cokaj-120x150.jpg","url":"https:\/\/fjala.info\/2009-2015\/wp-content\/uploads\/2012\/02\/arben_cokaj-120x150.jpg","contentUrl":"https:\/\/fjala.info\/2009-2015\/wp-content\/uploads\/2012\/02\/arben_cokaj-120x150.jpg","caption":"admin"},"description":"Admin, Fjala e Lir\u00eb","sameAs":["https:\/\/fjala.info\/"],"url":"https:\/\/fjala.info\/2009-2015\/author\/admin\/"}]}},"_links":{"self":[{"href":"https:\/\/fjala.info\/2009-2015\/wp-json\/wp\/v2\/posts\/2698","targetHints":{"allow":["GET"]}}],"collection":[{"href":"https:\/\/fjala.info\/2009-2015\/wp-json\/wp\/v2\/posts"}],"about":[{"href":"https:\/\/fjala.info\/2009-2015\/wp-json\/wp\/v2\/types\/post"}],"author":[{"embeddable":true,"href":"https:\/\/fjala.info\/2009-2015\/wp-json\/wp\/v2\/users\/1"}],"replies":[{"embeddable":true,"href":"https:\/\/fjala.info\/2009-2015\/wp-json\/wp\/v2\/comments?post=2698"}],"version-history":[{"count":0,"href":"https:\/\/fjala.info\/2009-2015\/wp-json\/wp\/v2\/posts\/2698\/revisions"}],"wp:attachment":[{"href":"https:\/\/fjala.info\/2009-2015\/wp-json\/wp\/v2\/media?parent=2698"}],"wp:term":[{"taxonomy":"category","embeddable":true,"href":"https:\/\/fjala.info\/2009-2015\/wp-json\/wp\/v2\/categories?post=2698"},{"taxonomy":"post_tag","embeddable":true,"href":"https:\/\/fjala.info\/2009-2015\/wp-json\/wp\/v2\/tags?post=2698"}],"curies":[{"name":"wp","href":"https:\/\/api.w.org\/{rel}","templated":true}]}}