{"id":2696,"date":"2010-05-17T22:16:51","date_gmt":"2010-05-17T21:16:51","guid":{"rendered":"http:\/\/fjala.shkoder.net\/?p=2696"},"modified":"2010-05-17T22:16:51","modified_gmt":"2010-05-17T21:16:51","slug":"pazari-i-intelektualeve","status":"publish","type":"post","link":"https:\/\/fjala.info\/2009-2015\/pazari-i-intelektualeve\/","title":{"rendered":"PAZARI I INTELEKTUAL\u00cbVE"},"content":{"rendered":"<p><strong>Artan Lame<\/strong><\/p>\n<p>Nuk besoj se ka ndonj\u00eb t\u00eb djatht\u00eb normal q\u00eb nuk ka qeshur me vete k\u00ebto dit\u00eb kur sheh njoftimin e p\u00ebrditsh\u00ebm: \u201cShkon n\u00eb aq e kaq numri i intelektual\u00ebve q\u00eb shprehen kund\u00ebr grev\u00ebs s\u00eb uris\u00eb\u201d. Kishte koh\u00eb, ndonj\u00eb \u00e7erek shekulli, q\u00eb nuk d\u00ebgjonim t\u00eb rreshtoheshin k\u00ebshtu intelektual\u00ebt p\u00ebr t\u00eb mb\u00ebshtetur nismat e Partis\u00eb.<\/p>\n<p>Nuk besoj se ka ndonj\u00eb t\u00eb majt\u00eb normal q\u00eb nuk ka qeshur me vete k\u00ebto dit\u00eb, kur d\u00ebgjonte Avokatin q\u00eb nga tribuna ju jepte porosi artist\u00ebve t\u00eb rinj t\u00eb fillonin nga kompozimi i k\u00ebng\u00ebs s\u00eb liris\u00eb. Kishte koh\u00eb, ndonj\u00eb \u00e7erek shekulli, q\u00eb nuk d\u00ebgjonim shokun Enver t\u2019u jepte direktiva intelektual\u00ebve se \u00e7\u2019duhej t\u00eb shkruanin, si t\u00eb kompozonin a qysh t\u00eb pikturonin.<\/p>\n<p>Q\u00eb t\u00eb merremi vesht, nuk kam nd\u00ebr mend t\u2019i hyj debatit se kush \u00ebsht\u00eb autoriteti q\u00eb t\u00eb shpall intelektual, \u00e7far\u00eb duhet t\u00eb b\u00ebsh p\u00ebr t\u2019u quajtur intelektual, dhe \u00e7far\u00eb duhet t\u00eb b\u00ebsh q\u00eb t\u00eb mos jesh m\u00eb intelektual. Nuk po i hyj k\u00ebtij debati, jo se \u00ebsht\u00eb shum\u00eb i koklavitur, por p\u00ebrkund\u00ebr \u00ebsht\u00eb shum\u00eb i thjesht\u00eb dhe i zgjidhur tashm\u00eb. Autoriteti i ligjsh\u00ebm p\u00ebr t\u00eb t\u00eb shpallur intelektual, \u00ebsht\u00eb partia politike, p\u00ebr ta merituar k\u00ebt\u00eb titull mjafton t\u00eb mb\u00ebshtet\u00ebsh nj\u00eb parti, nd\u00ebrsa p\u00ebr ta humbur titullin mjafton t\u00eb shash partin\u00eb tjet\u00ebr. P\u00ebr shembull, Toskanini ishte dirigjenti m\u00eb i madh italian deri n\u00eb dit\u00ebn q\u00eb i quajti pala\u00e7oll\u00ebqe ceremonit\u00eb fashiste. Pas asaj dite ai u quajt plak i rrjedhur dhe madje, n\u00eb mes t\u00eb La Skal\u00ebs h\u00ebngri edhe nj\u00eb shpull\u00eb nga nj\u00eb federal fashist. Apo Ajnshtajni, ishte nj\u00eb shkenc\u00ebtar i madh deri dit\u00ebn q\u00eb u zbulua se ishte hebre dhe pas asaj dite ishte thjesht nj\u00eb derr \u00e7ifut. <\/p>\n<p>N\u00eb koh\u00eb t\u00eb Komandantit, nuk ishte e rrall\u00eb t\u00eb shikoje salla t\u00eb mbushura me profesor\u00eb, artist\u00eb e shkenc\u00ebtar\u00eb, q\u00eb mbanin sh\u00ebnime nga fjala e ndonj\u00eb an\u00ebtari t\u00eb Byros\u00eb Politike q\u00eb kish qen\u00eb karrocier, teneqexhi apo kooperativist i dalluar. Po t\u00eb vijm\u00eb m\u00eb af\u00ebr n\u00eb koh\u00eb, intelektuali Nard Ndoka, sa ishte minist\u00ebr, ishte nj\u00eb administrator i aft\u00eb p\u00ebr nj\u00ebr\u00ebn pal\u00eb dhe nj\u00eb hajdut i r\u00ebndomt\u00eb p\u00ebr pal\u00ebn tjet\u00ebr. Pasi ju prish pazari i votave, u shnd\u00ebrrua n\u00eb tradhtar injorant p\u00ebr pal\u00ebn e par\u00eb dhe, n\u00eb luft\u00ebtar i vot\u00ebs s\u00eb lir\u00eb p\u00ebr pal\u00ebn e dyt\u00eb.<\/p>\n<p>T\u00eb tilla sh\u00ebmb\u00eblla mund t\u00eb sjellim sa t\u00eb duam dhe do t\u2019ju lodhja t\u2019u mbush mendjen p\u00ebr nj\u00eb gj\u00eb q\u00eb duket ashiqare, p\u00ebr at\u00eb q\u00eb edhe k\u00ebsaj radhe partit\u00eb ia dol\u00ebn jo vet\u00ebm t\u00eb ruajn\u00eb tagrin p\u00ebr t\u00eb dh\u00ebn\u00eb titullin \u201cintelektual\u201d, por edhe t\u2019u mbushin mendjen se si duhet t\u00eb duartrokasin, atyre q\u00eb tashm\u00eb e kan\u00eb fituar k\u00ebt\u00eb titull. Nd\u00ebrsa e v\u00ebrteta dhe e drejta, p\u00ebr fatin ton\u00eb t\u00eb keq, edhe k\u00ebsaj radhe gjendet si gjithmon\u00eb n\u00eb cepin e kund\u00ebrt t\u00eb asaj q\u00eb b\u00ebjm\u00eb ne. Intelektual nuk \u00ebsht\u00eb ai q\u00eb duartroket partit\u00eb dhe marr\u00ebzit\u00eb e tyre, por ai q\u00eb ia del t\u2019i b\u00ebj\u00eb partit\u00eb t\u00eb heshtin kur flet, pa edhe n\u00eb mos ia dalt\u00eb t\u2019i b\u00ebj\u00eb t\u00eb heshtin e ta d\u00ebgjojn\u00eb, vazhdon t\u00eb flas\u00eb e t\u2019ua p\u00ebrplas\u00eb n\u00eb fytyr\u00eb marr\u00ebzin\u00eb e tyre.<\/p>\n<p>N\u00eb fakt, ka edhe nj\u00eb tjat\u00ebr m\u00ebnyr\u00eb p\u00ebr t\u2019u qojtur intelektual dhe kjo \u00ebsht\u00eb ajo m\u00eb e sigurta fare. Mjaft t\u00eb jesh k\u00ebng\u00ebtar ahengjesh, a futbollist q\u00eb rreh arbitrat, a t\u00eb hysh n\u00eb \u201cBig Bradh\u00ebr\u201d. Kini par\u00eb ndonj\u00eb parti q\u00eb t\u00eb shaj\u00eb ndonj\u00eb t\u00eb k\u00ebtill\u00eb edhe n\u00eb ju shpreht\u00eb kund\u00ebr? As q\u00eb b\u00ebhet llaf, se do rrezikonte t\u00eb humbiste nj\u00eb lum\u00eb mb\u00ebshtet\u00ebsish q\u00eb durojn\u00eb fukarall\u00ebkun dhe maskarall\u00ebkun e partive, por jo q\u00eb t\u2019u kritikosh t\u00eb k\u00ebtill\u00eb idhuj.<\/p>\n<p>Albert Speri, arkitekti i Hitlerit, n\u00eb qet\u00ebsin\u00eb e burgut ku e shpun\u00eb aleat\u00ebt pas Lufte, shkruante se i vinte turp kur kujtonte dalldin\u00eb e madhe t\u00eb turmave gjermane, ndaj lloj-lloj mediok\u00ebrve e injorant\u00ebve me pushtet, q\u00eb asokohe edhe atij vet\u00eb i dukeshin si kulmi i dituris\u00eb. Mir\u00ebpo ishte von\u00eb. P\u00ebr t\u2019i dal\u00eb dehja atij dhe atyre gjerman\u00ebve q\u00eb mbet\u00ebn, u desh\u00ebn 60 milion\u00eb t\u00eb vdekur dhe shkretimi i bot\u00ebs mbar\u00eb. Per\u00ebndia, me t\u00eb madh t\u00eb saj, na ka b\u00ebr\u00eb vet\u00ebm 3 milion\u00eb k\u00ebtu brenda kufijve, k\u00ebshtu q\u00eb me marr\u00ebzit\u00eb tona mund t\u2019i b\u00ebjm\u00eb d\u00ebm vet\u00ebm vetes e jo tjet\u00ebrkujt.<\/p>\n<p>Nd\u00ebrsa un\u00eb po i falem Per\u00ebndis\u00eb p\u00ebr k\u00ebt\u00eb men\u00e7uri t\u00eb saj\u00ebn, lista e gjat\u00eb e intelektual\u00ebve q\u00eb solidarizohen kund\u00ebr grev\u00ebs s\u00eb uris\u00eb do vazhdoj\u00eb t\u00eb zgjatet n\u00ebp\u00ebr gazeta.<\/p>\n<p><strong>HAXHI SALIU<\/strong><br \/>\nLajmi ekonomik q\u00eb m\u00eb s\u00eb shumti i \u00e7uditi shqiptar\u00ebt k\u00ebsaj jave, na erdhi nga larg: Europa pask\u00ebsh llogaritur se niveli i mir\u00ebqenies s\u00eb shqiptar\u00ebve n\u00eb raport me nivelin e Europ\u00ebs, n\u00eb vitin 2010 \u00ebsht\u00eb i nj\u00ebjt\u00eb me at\u00eb t\u00eb vitit 1910. Pra, n\u00eb k\u00ebta nj\u00ebqind vjet s\u2019paskemi lojtur nga istikami as edhe nj\u00eb gisht. Do goxha pun\u00eb e mund q\u00eb t\u00eb mbash nj\u00eb istikam t\u00eb till\u00eb se, sado, edhe jasht\u00eb vullnetit ton\u00eb, n\u00eb bot\u00eb ndodhin shum\u00eb shpikje e zhvillime t\u00eb cilat t\u00eb \u00e7ojn\u00eb p\u00ebrpara edhe pa dashje dhe politikan\u00ebve tan\u00eb n\u00eb k\u00ebta nj\u00ebqind vjet u \u00ebsht\u00eb dashur t\u00eb derdhin djers\u00eb pa prajtur p\u00ebr t\u00eb na mbajtur te gropa e \u2018910-\u00ebs.<\/p>\n<p>Mua m\u00eb p\u00eblqen q\u00eb her\u00eb pas here t\u2019u sjell k\u00ebndonj\u00ebsve t\u00eb mij sh\u00ebmb\u00eblla nga historia jon\u00eb, po k\u00ebsaj radhe ma mor\u00ebn llafin nga goja burokrat\u00ebt e Brukselit. K\u00ebshtu q\u00eb m\u00eb lini q\u00eb p\u00ebrmes nj\u00eb tjet\u00ebr sh\u00ebmb\u00eblli historik, t\u2019u shpjegoj pse ka ndodhur kjo pun\u00eb.<\/p>\n<p>Sejfi Vllamasi, n\u00eb kujtimet e tija, na sjell nj\u00eb historiz\u00eb t\u00eb jasht\u00ebzakonshme t\u00eb Shqip\u00ebris\u00eb karnavaleske t\u00eb vitit 1914. Ndodhi at\u00eb mot q\u00eb udh\u00ebheq\u00ebsi i madh vizionar e popullor Haxhi Qamili, t\u00eb ulej e t\u00eb pinte me ca t\u00eb tjer\u00eb myteber\u00eb si puna e vet, diku n\u00eb fshatrat e Tiran\u00ebs. N\u00eb mes t\u00eb nat\u00ebs vijn\u00eb e i thon\u00eb: ngrihuni oburra t\u00eb ikim, se po vijn\u00eb nemcet. <\/p>\n<p>N\u00eb t\u00eb folmen e Shqip\u00ebris\u00eb s\u00eb Mesme, \u201cnemce\u201d u thonin austriak\u00ebve dhe n\u00eb p\u00ebrgjith\u00ebsi trupave nd\u00ebrkomb\u00ebtare, t\u00eb cil\u00ebt n\u00eb at\u00eb periudh\u00eb gjendeshin n\u00eb Shqip\u00ebri p\u00ebr t\u00eb paqtuar shqiptar\u00ebt mes vedit. E dini p\u00ebrgjigjen e Xhikes? \u201cSa t\u00eb kem Kavaj\u00ebn dhe Tapiz\u00ebn nuk pys p\u00ebr nemce un\u00eb!\u201d. 95 vjet m\u00eb pas, Xhikja i radh\u00ebs, q\u00eb tani \u00ebsht\u00eb b\u00ebr\u00eb kryeminist\u00ebr i Shqip\u00ebris\u00eb, p\u00ebr t\u00eb treguar se nuk i trembet syri nga kriza politike, ndoqi t\u00eb nj\u00ebjt\u00ebn formul\u00eb, shkoi para ca dit\u00ebsh n\u00eb Kam\u00ebz p\u00ebr t\u00eb inauguruar rrug\u00ebn e Tapiz\u00ebs.<\/p>\n<p>Edhe pas nj\u00ebqind vjet\u00ebsh, nuk u shkul\u00ebm dot nga Tapiza p\u00ebr t\u2019i treguar bot\u00ebs se sa t\u00eb fort\u00eb jemi!!! Sa p\u00ebr Kavaj\u00ebn, \u00ebsht\u00eb e kot\u00eb t\u00eb shtoj se edhe ajo vazhdon t\u00eb jet\u00eb si nj\u00ebqind vjet t\u00eb shkuara bastion, aso kohe i dum babist\u00ebve t\u00eb Haxhiut dhe sot i demokracis\u00eb s\u00eb Saliut.<\/p>\n<p>Dhe juve ju vjen inat pastaj se pse na thot\u00eb Europa q\u00eb n\u00eb 2010-\u00ebn jemi n\u00eb nivelin e 1910-\u00ebs.<\/p>\n","protected":false},"excerpt":{"rendered":"<p>Artan Lame Nuk besoj se ka ndonj\u00eb t\u00eb djatht\u00eb normal q\u00eb nuk ka qeshur me vete k\u00ebto dit\u00eb kur sheh njoftimin e p\u00ebrditsh\u00ebm: \u201cShkon n\u00eb aq e kaq numri i intelektual\u00ebve q\u00eb shprehen kund\u00ebr grev\u00ebs s\u00eb uris\u00eb\u201d. Kishte koh\u00eb, ndonj\u00eb \u00e7erek shekulli, q\u00eb nuk d\u00ebgjonim t\u00eb rreshtoheshin k\u00ebshtu intelektual\u00ebt p\u00ebr t\u00eb mb\u00ebshtetur nismat e Partis\u00eb. [&hellip;]<\/p>\n","protected":false},"author":1,"featured_media":0,"comment_status":"open","ping_status":"closed","sticky":false,"template":"","format":"standard","meta":{"footnotes":""},"categories":[2],"tags":[],"class_list":{"0":"post-2696","1":"post","2":"type-post","3":"status-publish","4":"format-standard","6":"category-artikuj"},"yoast_head":"<!-- This site is optimized with the Yoast SEO plugin v27.4 - https:\/\/yoast.com\/product\/yoast-seo-wordpress\/ -->\n<title>PAZARI I INTELEKTUAL\u00cbVE - FjALA e LIR\u00cb - Arkivi<\/title>\n<meta name=\"robots\" content=\"index, follow, max-snippet:-1, max-image-preview:large, max-video-preview:-1\" \/>\n<link rel=\"canonical\" href=\"https:\/\/fjala.info\/2009-2015\/pazari-i-intelektualeve\/\" \/>\n<meta property=\"og:locale\" content=\"sq_AL\" \/>\n<meta property=\"og:type\" content=\"article\" \/>\n<meta property=\"og:title\" content=\"PAZARI I INTELEKTUAL\u00cbVE - FjALA e LIR\u00cb - Arkivi\" \/>\n<meta property=\"og:description\" content=\"Artan Lame Nuk besoj se ka ndonj\u00eb t\u00eb djatht\u00eb normal q\u00eb nuk ka qeshur me vete k\u00ebto dit\u00eb kur sheh njoftimin e p\u00ebrditsh\u00ebm: \u201cShkon n\u00eb aq e kaq numri i intelektual\u00ebve q\u00eb shprehen kund\u00ebr grev\u00ebs s\u00eb uris\u00eb\u201d. Kishte koh\u00eb, ndonj\u00eb \u00e7erek shekulli, q\u00eb nuk d\u00ebgjonim t\u00eb rreshtoheshin k\u00ebshtu intelektual\u00ebt p\u00ebr t\u00eb mb\u00ebshtetur nismat e Partis\u00eb. [&hellip;]\" \/>\n<meta property=\"og:url\" content=\"https:\/\/fjala.info\/2009-2015\/pazari-i-intelektualeve\/\" \/>\n<meta property=\"og:site_name\" content=\"FjALA e LIR\u00cb - Arkivi\" \/>\n<meta property=\"article:published_time\" content=\"2010-05-17T21:16:51+00:00\" \/>\n<meta name=\"author\" content=\"admin\" \/>\n<meta name=\"twitter:card\" content=\"summary_large_image\" \/>\n<meta name=\"twitter:label1\" content=\"Written by\" \/>\n\t<meta name=\"twitter:data1\" content=\"admin\" \/>\n\t<meta name=\"twitter:label2\" content=\"Est. reading time\" \/>\n\t<meta name=\"twitter:data2\" content=\"6 minutes\" \/>\n<script type=\"application\/ld+json\" class=\"yoast-schema-graph\">{\"@context\":\"https:\\\/\\\/schema.org\",\"@graph\":[{\"@type\":\"Article\",\"@id\":\"https:\\\/\\\/fjala.info\\\/2009-2015\\\/pazari-i-intelektualeve\\\/#article\",\"isPartOf\":{\"@id\":\"https:\\\/\\\/fjala.info\\\/2009-2015\\\/pazari-i-intelektualeve\\\/\"},\"author\":{\"name\":\"admin\",\"@id\":\"https:\\\/\\\/fjala.info\\\/2009-2015\\\/#\\\/schema\\\/person\\\/3aa1163ef05469c496fc94e77611ada2\"},\"headline\":\"PAZARI I INTELEKTUAL\u00cbVE\",\"datePublished\":\"2010-05-17T21:16:51+00:00\",\"mainEntityOfPage\":{\"@id\":\"https:\\\/\\\/fjala.info\\\/2009-2015\\\/pazari-i-intelektualeve\\\/\"},\"wordCount\":1295,\"commentCount\":0,\"publisher\":{\"@id\":\"https:\\\/\\\/fjala.info\\\/2009-2015\\\/#organization\"},\"articleSection\":[\"Artikuj\"],\"inLanguage\":\"sq-AL\",\"potentialAction\":[{\"@type\":\"CommentAction\",\"name\":\"Comment\",\"target\":[\"https:\\\/\\\/fjala.info\\\/2009-2015\\\/pazari-i-intelektualeve\\\/#respond\"]}]},{\"@type\":\"WebPage\",\"@id\":\"https:\\\/\\\/fjala.info\\\/2009-2015\\\/pazari-i-intelektualeve\\\/\",\"url\":\"https:\\\/\\\/fjala.info\\\/2009-2015\\\/pazari-i-intelektualeve\\\/\",\"name\":\"PAZARI I INTELEKTUAL\u00cbVE - FjALA e LIR\u00cb - Arkivi\",\"isPartOf\":{\"@id\":\"https:\\\/\\\/fjala.info\\\/2009-2015\\\/#website\"},\"datePublished\":\"2010-05-17T21:16:51+00:00\",\"breadcrumb\":{\"@id\":\"https:\\\/\\\/fjala.info\\\/2009-2015\\\/pazari-i-intelektualeve\\\/#breadcrumb\"},\"inLanguage\":\"sq-AL\",\"potentialAction\":[{\"@type\":\"ReadAction\",\"target\":[\"https:\\\/\\\/fjala.info\\\/2009-2015\\\/pazari-i-intelektualeve\\\/\"]}]},{\"@type\":\"BreadcrumbList\",\"@id\":\"https:\\\/\\\/fjala.info\\\/2009-2015\\\/pazari-i-intelektualeve\\\/#breadcrumb\",\"itemListElement\":[{\"@type\":\"ListItem\",\"position\":1,\"name\":\"Home\",\"item\":\"https:\\\/\\\/fjala.info\\\/2009-2015\\\/\"},{\"@type\":\"ListItem\",\"position\":2,\"name\":\"PAZARI I INTELEKTUAL\u00cbVE\"}]},{\"@type\":\"WebSite\",\"@id\":\"https:\\\/\\\/fjala.info\\\/2009-2015\\\/#website\",\"url\":\"https:\\\/\\\/fjala.info\\\/2009-2015\\\/\",\"name\":\"FjALA e LIR\u00cb - Arkivi\",\"description\":\"Arkivi 2009-2015\",\"publisher\":{\"@id\":\"https:\\\/\\\/fjala.info\\\/2009-2015\\\/#organization\"},\"potentialAction\":[{\"@type\":\"SearchAction\",\"target\":{\"@type\":\"EntryPoint\",\"urlTemplate\":\"https:\\\/\\\/fjala.info\\\/2009-2015\\\/?s={search_term_string}\"},\"query-input\":{\"@type\":\"PropertyValueSpecification\",\"valueRequired\":true,\"valueName\":\"search_term_string\"}}],\"inLanguage\":\"sq-AL\"},{\"@type\":\"Organization\",\"@id\":\"https:\\\/\\\/fjala.info\\\/2009-2015\\\/#organization\",\"name\":\"FjALA e LIR\u00cb - Arkivi\",\"url\":\"https:\\\/\\\/fjala.info\\\/2009-2015\\\/\",\"logo\":{\"@type\":\"ImageObject\",\"inLanguage\":\"sq-AL\",\"@id\":\"https:\\\/\\\/fjala.info\\\/2009-2015\\\/#\\\/schema\\\/logo\\\/image\\\/\",\"url\":\"\",\"contentUrl\":\"\",\"caption\":\"FjALA e LIR\u00cb - Arkivi\"},\"image\":{\"@id\":\"https:\\\/\\\/fjala.info\\\/2009-2015\\\/#\\\/schema\\\/logo\\\/image\\\/\"}},{\"@type\":\"Person\",\"@id\":\"https:\\\/\\\/fjala.info\\\/2009-2015\\\/#\\\/schema\\\/person\\\/3aa1163ef05469c496fc94e77611ada2\",\"name\":\"admin\",\"image\":{\"@type\":\"ImageObject\",\"inLanguage\":\"sq-AL\",\"@id\":\"https:\\\/\\\/fjala.info\\\/2009-2015\\\/wp-content\\\/uploads\\\/2012\\\/02\\\/arben_cokaj-120x150.jpg\",\"url\":\"https:\\\/\\\/fjala.info\\\/2009-2015\\\/wp-content\\\/uploads\\\/2012\\\/02\\\/arben_cokaj-120x150.jpg\",\"contentUrl\":\"https:\\\/\\\/fjala.info\\\/2009-2015\\\/wp-content\\\/uploads\\\/2012\\\/02\\\/arben_cokaj-120x150.jpg\",\"caption\":\"admin\"},\"description\":\"Admin, Fjala e Lir\u00eb\",\"sameAs\":[\"https:\\\/\\\/fjala.info\\\/\"],\"url\":\"https:\\\/\\\/fjala.info\\\/2009-2015\\\/author\\\/admin\\\/\"}]}<\/script>\n<!-- \/ Yoast SEO plugin. -->","yoast_head_json":{"title":"PAZARI I INTELEKTUAL\u00cbVE - FjALA e LIR\u00cb - Arkivi","robots":{"index":"index","follow":"follow","max-snippet":"max-snippet:-1","max-image-preview":"max-image-preview:large","max-video-preview":"max-video-preview:-1"},"canonical":"https:\/\/fjala.info\/2009-2015\/pazari-i-intelektualeve\/","og_locale":"sq_AL","og_type":"article","og_title":"PAZARI I INTELEKTUAL\u00cbVE - FjALA e LIR\u00cb - Arkivi","og_description":"Artan Lame Nuk besoj se ka ndonj\u00eb t\u00eb djatht\u00eb normal q\u00eb nuk ka qeshur me vete k\u00ebto dit\u00eb kur sheh njoftimin e p\u00ebrditsh\u00ebm: \u201cShkon n\u00eb aq e kaq numri i intelektual\u00ebve q\u00eb shprehen kund\u00ebr grev\u00ebs s\u00eb uris\u00eb\u201d. Kishte koh\u00eb, ndonj\u00eb \u00e7erek shekulli, q\u00eb nuk d\u00ebgjonim t\u00eb rreshtoheshin k\u00ebshtu intelektual\u00ebt p\u00ebr t\u00eb mb\u00ebshtetur nismat e Partis\u00eb. [&hellip;]","og_url":"https:\/\/fjala.info\/2009-2015\/pazari-i-intelektualeve\/","og_site_name":"FjALA e LIR\u00cb - Arkivi","article_published_time":"2010-05-17T21:16:51+00:00","author":"admin","twitter_card":"summary_large_image","twitter_misc":{"Written by":"admin","Est. reading time":"6 minutes"},"schema":{"@context":"https:\/\/schema.org","@graph":[{"@type":"Article","@id":"https:\/\/fjala.info\/2009-2015\/pazari-i-intelektualeve\/#article","isPartOf":{"@id":"https:\/\/fjala.info\/2009-2015\/pazari-i-intelektualeve\/"},"author":{"name":"admin","@id":"https:\/\/fjala.info\/2009-2015\/#\/schema\/person\/3aa1163ef05469c496fc94e77611ada2"},"headline":"PAZARI I INTELEKTUAL\u00cbVE","datePublished":"2010-05-17T21:16:51+00:00","mainEntityOfPage":{"@id":"https:\/\/fjala.info\/2009-2015\/pazari-i-intelektualeve\/"},"wordCount":1295,"commentCount":0,"publisher":{"@id":"https:\/\/fjala.info\/2009-2015\/#organization"},"articleSection":["Artikuj"],"inLanguage":"sq-AL","potentialAction":[{"@type":"CommentAction","name":"Comment","target":["https:\/\/fjala.info\/2009-2015\/pazari-i-intelektualeve\/#respond"]}]},{"@type":"WebPage","@id":"https:\/\/fjala.info\/2009-2015\/pazari-i-intelektualeve\/","url":"https:\/\/fjala.info\/2009-2015\/pazari-i-intelektualeve\/","name":"PAZARI I INTELEKTUAL\u00cbVE - FjALA e LIR\u00cb - Arkivi","isPartOf":{"@id":"https:\/\/fjala.info\/2009-2015\/#website"},"datePublished":"2010-05-17T21:16:51+00:00","breadcrumb":{"@id":"https:\/\/fjala.info\/2009-2015\/pazari-i-intelektualeve\/#breadcrumb"},"inLanguage":"sq-AL","potentialAction":[{"@type":"ReadAction","target":["https:\/\/fjala.info\/2009-2015\/pazari-i-intelektualeve\/"]}]},{"@type":"BreadcrumbList","@id":"https:\/\/fjala.info\/2009-2015\/pazari-i-intelektualeve\/#breadcrumb","itemListElement":[{"@type":"ListItem","position":1,"name":"Home","item":"https:\/\/fjala.info\/2009-2015\/"},{"@type":"ListItem","position":2,"name":"PAZARI I INTELEKTUAL\u00cbVE"}]},{"@type":"WebSite","@id":"https:\/\/fjala.info\/2009-2015\/#website","url":"https:\/\/fjala.info\/2009-2015\/","name":"FjALA e LIR\u00cb - Arkivi","description":"Arkivi 2009-2015","publisher":{"@id":"https:\/\/fjala.info\/2009-2015\/#organization"},"potentialAction":[{"@type":"SearchAction","target":{"@type":"EntryPoint","urlTemplate":"https:\/\/fjala.info\/2009-2015\/?s={search_term_string}"},"query-input":{"@type":"PropertyValueSpecification","valueRequired":true,"valueName":"search_term_string"}}],"inLanguage":"sq-AL"},{"@type":"Organization","@id":"https:\/\/fjala.info\/2009-2015\/#organization","name":"FjALA e LIR\u00cb - Arkivi","url":"https:\/\/fjala.info\/2009-2015\/","logo":{"@type":"ImageObject","inLanguage":"sq-AL","@id":"https:\/\/fjala.info\/2009-2015\/#\/schema\/logo\/image\/","url":"","contentUrl":"","caption":"FjALA e LIR\u00cb - Arkivi"},"image":{"@id":"https:\/\/fjala.info\/2009-2015\/#\/schema\/logo\/image\/"}},{"@type":"Person","@id":"https:\/\/fjala.info\/2009-2015\/#\/schema\/person\/3aa1163ef05469c496fc94e77611ada2","name":"admin","image":{"@type":"ImageObject","inLanguage":"sq-AL","@id":"https:\/\/fjala.info\/2009-2015\/wp-content\/uploads\/2012\/02\/arben_cokaj-120x150.jpg","url":"https:\/\/fjala.info\/2009-2015\/wp-content\/uploads\/2012\/02\/arben_cokaj-120x150.jpg","contentUrl":"https:\/\/fjala.info\/2009-2015\/wp-content\/uploads\/2012\/02\/arben_cokaj-120x150.jpg","caption":"admin"},"description":"Admin, Fjala e Lir\u00eb","sameAs":["https:\/\/fjala.info\/"],"url":"https:\/\/fjala.info\/2009-2015\/author\/admin\/"}]}},"_links":{"self":[{"href":"https:\/\/fjala.info\/2009-2015\/wp-json\/wp\/v2\/posts\/2696","targetHints":{"allow":["GET"]}}],"collection":[{"href":"https:\/\/fjala.info\/2009-2015\/wp-json\/wp\/v2\/posts"}],"about":[{"href":"https:\/\/fjala.info\/2009-2015\/wp-json\/wp\/v2\/types\/post"}],"author":[{"embeddable":true,"href":"https:\/\/fjala.info\/2009-2015\/wp-json\/wp\/v2\/users\/1"}],"replies":[{"embeddable":true,"href":"https:\/\/fjala.info\/2009-2015\/wp-json\/wp\/v2\/comments?post=2696"}],"version-history":[{"count":0,"href":"https:\/\/fjala.info\/2009-2015\/wp-json\/wp\/v2\/posts\/2696\/revisions"}],"wp:attachment":[{"href":"https:\/\/fjala.info\/2009-2015\/wp-json\/wp\/v2\/media?parent=2696"}],"wp:term":[{"taxonomy":"category","embeddable":true,"href":"https:\/\/fjala.info\/2009-2015\/wp-json\/wp\/v2\/categories?post=2696"},{"taxonomy":"post_tag","embeddable":true,"href":"https:\/\/fjala.info\/2009-2015\/wp-json\/wp\/v2\/tags?post=2696"}],"curies":[{"name":"wp","href":"https:\/\/api.w.org\/{rel}","templated":true}]}}