{"id":2695,"date":"2012-05-01T09:23:12","date_gmt":"2012-05-01T08:23:12","guid":{"rendered":"http:\/\/fjala.shkoder.net\/?p=2695"},"modified":"2012-05-01T09:23:12","modified_gmt":"2012-05-01T08:23:12","slug":"manifestim-i-shkelqyer-i-vatres-ne-100-vjetorin-e-themelimit","status":"publish","type":"post","link":"https:\/\/fjala.info\/2009-2015\/manifestim-i-shkelqyer-i-vatres-ne-100-vjetorin-e-themelimit\/","title":{"rendered":"MANIFESTIM I SHKELQYER I VATRES NE 100 VJETORIN E THEMELIMIT"},"content":{"rendered":"<p><img decoding=\"async\" class=\"alignleft size-thumbnail wp-image-7236\" title=\"BEQIR SINA\" src=\"http:\/\/www.shkoder.net\/images\/fjala\/2011\/beqir_sina.jpg\" alt=\"\" width=\"200\" \/><em>1 mij\u00eb shqiptar\u00eb t\u00eb ardhur nga t\u00eb gjitha an\u00ebt e Amerik\u00ebs, Kanadas\u00eb, dhe mbar\u00eb trojeve shqiptare, Shqip\u00ebria Etnike ishte mbr\u00ebm\u00eb n\u00eb 100 vjetorin e krijimit t\u00eb Vatr\u00ebs. Shqiptaret e Amerikes shpalosen vlera kombetare. E mbeshteten Vatren duke i hedhur pas shpine sulmet meskine te shgarravitesve te gazetave percarese dhe te atyre qe deshen ta pengonin manifestimin. Kishte kohe qe nuk mbusheshin sallat ne keto permasa.Ne fjalimin e senatorit Shumer dhe te kongresmenit Engel, u vleresua kontributi i Vatres dhe shqiptareve\u2026<\/em><\/p>\n<p>NGA <strong>BEQIR SINA<\/strong><\/p>\n<p><img decoding=\"async\" class=\"aligncenter size-thumbnail wp-image-7236\" title=\"100 vjetori i Vatres\" src=\"http:\/\/www.shkoder.net\/2012\/festa_100_vjetorit_vatra.jpg\" alt=\"\" width=\"500\" \/><br \/>\n<em>Pamje nga Mbremja Gala e Vatres, 29 prill 2012<\/em><\/p>\n<p>NEW YORK CITY : N\u00eb lokalin e famous n\u00eb New York, Chelsea Piers 60, Federata PanShqiptare e Amerik\u00ebs VATRA sh\u00ebnoi 100 vjetorin e saj, nj\u00eb jetgjat\u00ebsi q\u00eb do t&#8217;a kishte zili \u00e7do shoqat. K\u00ebt\u00eb fat dhe k\u00ebt\u00eb pervilegje e pat\u00ebn mbr\u00ebm\u00eb shqiptar\u00ebt e Amerik\u00ebs. T\u00eb cil\u00ebt, t\u00eb djel\u00ebn m\u00eb 29 prill &#8211; N\u00eb New York, p\u00ebrjetuan ngjarjen shekullore &#8211; Dit\u00eblindjen e Vatr\u00ebs &#8211; e cila dje u b\u00eb 100 vjet. Pjesmarrja n\u00eb k\u00ebt\u00eb mbr\u00ebmje festive, ishte me t\u00eb v\u00ebrtet nj\u00eb p\u00ebrjetim emocional, q\u00eb \u00e7do bashk\u00ebatdhetar dhe f\u00ebmij\u00ebt e tyre, n\u00eb breza kan p\u00ebr t&#8217;a p\u00ebrcjellur gjat\u00eb gjith\u00eb jet\u00ebs s\u00eb tyre, p\u00ebr k\u00ebt\u00eb ngjarje me t\u00eb v\u00ebrtet historike, n\u00eb komunitet.<\/p>\n<p>Me k\u00ebt\u00eb mbr\u00ebmje Gala, t\u00eb pa harruar shoqata m\u00eb e vjet\u00ebr shqiptare e Amerik\u00ebs Vatra i p\u00ebrmbylli dje festimet e 100 vjetorit t\u00eb krijimit t\u00eb saj n\u00eb restorantin Chelsea Piers 60 n\u00eb Nju Jork, dark\u00eb, kjo ku mor\u00ebn pjes\u00eb rreth 1 mij\u00eb vet\u00eb, shqiptar\u00eb t\u00eb ardhur nga t\u00eb gjitha an\u00ebt e Amerik\u00ebs, Kanadas\u00eb, dhe mbar\u00eb trojeve shqiptare, Shqip\u00ebria Etnike ishte mbr\u00ebm\u00eb n\u00eb 100 vjetorin e Vatr\u00ebs.<\/p>\n<p>Lokali famous Chelsea Piers 60, \u00ebsht\u00eb restoranti mjaft i njohur n\u00eb brigjet e lumit Hudson t\u00eb Nju Jorkut, i cili rezervohet zakonisht nga amerikan\u00ebt dhe komunitetet e tjera, ve\u00e7an\u00ebrisht p\u00ebr veprimtari t\u00eb tilla t\u00eb m\u00ebdha me pjesmarr\u00ebs kaq t\u00eb shumt\u00eb. P\u00ebr dark\u00ebn e mbr\u00ebmshme me rastin e 100 vjetorit t\u00eb Vatr\u00ebs, kryesia e Vatr\u00ebs, kryetari i saj Dr. Gjon Bu\u00e7aj, n\u00ebn kryetari Agim Rexhaj, editori i Diellit Dalip Greca, z. Deny Blloshmi, por pa harruar edhe grupet e pun\u00ebs komisionet e organizimit kishin kohe q\u00eb punonin.Dhe u shkojn\u00eb t\u00eb gjitha falemnderimet dhe u takojn\u00eb takojn\u00eb fjal\u00ebt m\u00eb t\u00eb mir\u00eb, p\u00ebr k\u00ebt\u00eb organizimim kaq t\u00eb shk\u00eblqyer. Nj\u00eb falemnderim i ve\u00e7ant\u00eb shkon me k\u00ebt\u00eb rast nga vatran\u00ebt edhe p\u00ebr kujdesin q\u00eb tregoj\u00eb Qeveria e Shqip\u00ebris\u00eb, Kryeministri i i saj miku i Vatran\u00ebve dr Sali Berisha.<\/p>\n<p>100 Vjetori i Vatr\u00ebs Ishte nj\u00eb mbr\u00ebmje q\u00eb u solli Vatran\u00ebve, kujtimin e hereshme t\u00eb kolonive shqiptare, kur mblidheshin s\u00eb bashku t\u00eb kremtonin themelimin e Vatr\u00ebs, prej kolosve t\u00eb saj Nolit e Konic\u00ebs. Dhe n\u00eb nd\u00ebrsa tryezat shtroheshin, t\u00eb ftuarit, me veshje luksoze, dhe me nj\u00eb g\u00ebzim, takoheshin dhe njiheshin me nj\u00ebri tjetrin, duke shk\u00ebmbyer me ket\u00eb rast mesazhe vllaz\u00ebrie n\u00eb mesin e shqiptar\u00ebve, t\u00eb nj\u00eb gjaku.<\/p>\n<p>Pjesmarr\u00ebsit n\u00eb mbr\u00ebmje i p\u00ebrsh\u00ebndeti edhe Zyhdi Karagjozi, i briri i kryetarit historik t\u00eb Vatr\u00ebs, Kryetarit t\u00eb p\u00ebrjet\u00ebsh\u00ebm zotit Agim Karagjozi, si dhe shum\u00eb personalitete, p\u00ebrfshir\u00eb edhe mysafir\u00ebt: L.T.M. Princi Leka II, miku i shqiptar\u00ebve Senatori i njohur i New Yorkut, Charles &#8220;Chuck&#8221; Schumer, dhe me nj\u00eb let\u00ebr presidentia Kosov\u00ebs Atifete Jahjaga, e cila kishte d\u00ebrguar nj\u00eb mesazh. Nd\u00ebrkoh\u00eb, q\u00eb liderit shpirt\u00ebror t\u00eb t\u00eb gjitha besimeve fetare n\u00eb haromi t\u00eb plot\u00eb, kryen lutjen fetare dhe bekuan mbr\u00ebmjen e 100 vjetorit t\u00eb Vatr\u00ebs.<\/p>\n<p>I pranish\u00ebm n\u00eb dark\u00eb ishte dhe ambasadori i Shteteve t\u00eb Bashkuara n\u00eb Shqip\u00ebri, Aleksand\u00ebr Arvizu, n\u00ebn kryeministria e Maqedonis\u00eb, zonja Teuta Arifi, Ministri i Diaspor\u00ebs Ibrahim Makolli , zoti Nertian, Ceka, zoti Tahir Muhedini, Prof. Fehari Ramadani Ndodhej edhe ligjv\u00ebn\u00ebsi nga Nju Jorku, Eliot Engell, nism\u00ebtari dhe kryetari i grupit t\u00eb ligj\u00ebv\u00ebn\u00ebsve amerikan\u00eb q\u00eb kujdesen p\u00ebr \u00e7\u00ebshtjet shqiptare. Ambasadori i Shqipp\u00ebris\u00eb n\u00eb Washington, zoti Galanxhi, ambasadori Ferit Hoti, ambasadori i Shqip\u00ebris\u00eb n\u00eb Maqedoni Arben \u00c7ejku, diplomati Mal Berisha, Prof. Nicholas C. Pano, Dr. Elez Biberaj, historiani i njohur Bejtullah Destani \u2013 dhe shum\u00eb mysafir\u00eb t\u00eb tjer\u00eb, perfaqesues diplomatike te Republikes se Shqiperise, Kosoves dhe te Maqedonise, n\u00eb Konsullatat e P\u00ebrgjith\u00ebshme, studjues, diplomat\u00eb, artist\u00eb, gazetar, mjete t\u00eb informimit, aktivist\u00eb, shqiptar\u00eb nga t\u00ebra an\u00ebt e bot\u00ebs dhe t\u00eb Amerik\u00ebs<\/p>\n<p>Senatori i New Yorkut,Charles &#8220;Chuck&#8221; Schumer mbasi p\u00ebrsh\u00ebndeti n\u00eb gjuh\u00ebn e \u00ebmb\u00ebl dhe t\u00eb bukur shqipe :G\u00ebzuar dit\u00eblindjen Vatra!&#8221;, ka vlersuar lart rolin dhe kontributin e shqiptar\u00ebve t\u00eb Amerik\u00ebs &#8220;Kam aq shum\u00eb miq shqiptar\u00eb&#8221; tha Eliot Engel &#8220;sa koleg\u00ebt n\u00eb Kongres shpesh m\u00eb pyesin &#8211; a mos je edhe ti shqiptar? &#8211; dhe un\u00eb u them Po&#8221;.<\/p>\n<p>Mbr\u00ebmja madh\u00ebshtor e Vatr\u00ebs 100 vjet u \u00e7el\u00eb me tre himnet. Himnin komb\u00ebtar t\u00eb Shteteve t\u00eb Bashkuara t\u00eb Amerik\u00ebs k\u00ebnduar Carrie Hopper, sikurse, Aurela Ga\u00e7e k\u00ebndoi himnin e Republik\u00ebs s\u00eb Shqip\u00ebris\u00eb dhe at\u00eb t\u00eb sjellur enkas nga arshivat komb\u00ebtare t\u00eb Shqip\u00ebris\u00eb, himnin historik t\u00eb VATRES. M\u00eb pas\u00eb konferencieret zonja Rafaela Prifiti dhe professor David Avdul &#8211; ftuan pjesmarr\u00ebsit t\u00eb respektojn\u00eb me nj\u00eb minut heshtje kujtimin e t\u00eb gjith\u00eb vatran\u00ebve q\u00eb nuk jan\u00eb m\u00eb, dhe t\u00eb gjith\u00eb atyre q\u00eb vdiq\u00ebn p\u00ebr liri e demokraci.<\/p>\n<p>Lutja dhe bekimi i dark\u00ebs s\u00eb 100 vjetorit u krye nga i Nderuari Papas Antonio Bellusci, delegat i Episkopit Arb\u00ebresh t\u00eb Ungr\u00ebs, t\u00eb P\u00ebrndershmit Donato Olivero p\u00ebrcjellur me nga nj\u00eb mesazh prej P\u00ebrfaqsuesve t\u00eb t\u00eb gjitha Komuniteteve Fetare Shqiptare. T\u00eb cil\u00ebt, jan\u00eb simbol i bashk\u00ebjetes fetare q\u00eb kemi n\u00eb shqiptar\u00ebt n\u00eb bot\u00eb, : Shk\u00eblqesia e Tij, At Liolini, i P\u00ebrndershmi Nikon, Peshkop i Bostonit, i Nju Ingl\u00ebnd, Gazmend Aga, N\u00ebn kryetar i Komunitetit Mysliman t\u00eb Shqip\u00ebris\u00eb, i P\u00ebrndershmi Imzot Dod Gjergji, Ipeshk\u00ebv i Kish\u00ebs Katolike t\u00eb Kosov\u00ebs, i Nderuari Edmond Brahimaj, Kryegjyshi Bot\u00ebror i Bektashinj\u00ebve, Imam Shuaip Gerguri, Dom Pjet\u00ebr Popaj, dom Fran Kola, dhe Pastor Fr. Nathan Preston.<\/p>\n<p>N\u00eb em\u00ebr t\u00eb shoqat\u00ebs Vatra, p\u00ebrsh\u00ebndeti n\u00ebnkryetari i saj zoti Agim Rexhaj, &#8220;Si\u00e7 e dini, tha zoti Rexhaj, festimet p\u00ebr k\u00ebt\u00eb 100 vjetor kan\u00eb filluar q\u00eb prej disa koh\u00ebsh, nd\u00ebrsa dje ato kulmuan me nj\u00eb simpozium shkencor, i cili hodhi drit\u00eb mbi historin\u00eb e lavdishme t\u00eb Vatr\u00ebs. N\u00eb t\u00eb mor\u00ebn pjes\u00eb qindra vatran\u00eb, bashk\u00ebatdhetar\u00eb, nga Shqip\u00ebria, Kosova, Maqedonia, \u00c7am\u00ebria, Mali i Zi dhe Presheva si dhe nga Diaspora jon\u00eb m\u00eb e vjet\u00ebr dhe m\u00eb mir\u00eb e ruajtur n\u00eb traditat e veta, Arb\u00ebresh\u00ebt e Italis\u00eb.&#8221;<\/p>\n<p>Rexhaj gjat\u00eb fjal\u00ebs s\u00eb tij permendi se Vatr\u00ebn e nderoi Kryeministri i Republik\u00ebs s\u00eb Shqip\u00ebris\u00eb Prof Dr Sali Berisha,Kleriket fetare te tri besimeve,katolike,ortodokse,muslimane, Princi Leka, Ministri i Diapsor\u00ebs ne Qeverin\u00eb e Kosov\u00ebs, Z. Ibrahim Makolli, zv\/Kryeministrja e Republik\u00ebs s\u00eb Maqedonis\u00eb znj. Teuta Arifi, si dhe studjues, diplomat\u00eb, artiste,gazetar,mjete te informimit, aktivist\u00eb, shqiptar\u00eb nga t\u00ebra an\u00ebt e bot\u00ebs dhe t\u00eb Amerik\u00ebs.<\/p>\n<p>M\u00eb tej ai tha q\u00eb m\u00eb lejoni t\u00eb dashur pjesmarr\u00ebs t\u2019ju njoftoj se p\u00ebr Vatr\u00ebn, p\u00ebr ju, vatran\u00eb, antar\u00eb t\u00eb saj nuk ka patur ngjarje m\u00eb t\u00eb madhe se sa kjo e festimeve t\u00eb 100 vjetorit ku ne b\u00ebm\u00eb dhe po b\u00ebjm\u00eb nj\u00eb bilanc t\u00eb asaj q\u00eb kemi arritur n\u00eb nj\u00eb shekull dhe po hapim nj\u00eb dritare t\u00eb re t\u00eb atyre q\u00eb do t\u00eb arrijm\u00eb n\u00eb shekullin q\u00eb sapo hyme.<\/p>\n<p>&#8220;Ne, fund t\u00eb fundit, u shpreh n\u00ebn\u00eb kryetari i Vatr\u00ebs, zoti Rexhaj, kemi nj\u00eb bilanc i cili \u00ebsht\u00eb i qart\u00eb. Vatra luftoi p\u00ebr themelimin e shtetit shqiptar dhe ja doli, Vatra, luftoi p\u00ebr shp\u00ebtimin trojeve shqiptare, dhe ja doli, Vatra luftoi p\u00ebr nxjerrjen e Shqip\u00ebris\u00eb nga kthetrat e komunizmit, dhe ja doli, Vatra luftoi p\u00ebr \u00e7lirimin e Kosov\u00ebs dhe ja doli, Vatra luftoi p\u00ebr ta b\u00ebr\u00eb kombin shqiptar, mik t\u00eb Amerik\u00ebs dhe ja doli. Vatra, natyrisht si nj\u00eb segment i zgjatur i kombit shqiptar n\u00eb Bot\u00ebn e Re, k\u00ebtu n\u00eb Amerik\u00eb, mbajti krahun e forcave m\u00eb progresive n\u00eb atdhe dhe ja ku jemi sonte t\u00eb gjith\u00eb bashk\u00eb n\u00eb k\u00ebt\u00eb mbr\u00ebmje jubilare t\u00eb mrekullueshme n\u00eb vendin e liris\u00eb, n\u00eb Nu Jorkun e bukur&#8221;.<\/p>\n<p>Duke mbyllur fjal\u00ebn e tij zoti Rexhaj, p\u00ebrcolli Urimet e Vatres Kombetare ne kete ditelindje te arte te 100 vjetorit te lindjes! duke shtuar &#8220;Qofshin te bekuar ata qe e themeluan kete keshtjelle te shqiptarizmit ne kete vend te bekuar,qe beri aq shume per kombin tone! Nderim per Shtetet e Bashkuara te Amerikes qe shpetoj Shqiperin dhe i dha lirin Kosoves.<\/p>\n<p>Prania kaq massive e juaja sonte k\u00ebtu, verteton plot\u00ebsisht at\u00eb q\u00eb Vatra edhe pse nj\u00eb qint &#8211; vje\u00e7are, \u00ebsht\u00eb e re, e fort\u00eb, m\u00eb e fort\u00eb se kurr\u00eb. Ju falemndeirt q\u00eb m\u00eb pjesmarrjen tuaj e b\u00ebt\u00eb Vatr\u00ebn m\u00eb t\u00eb fort\u00eb, m\u00eb t\u00eb bukur, m\u00eb t\u00eb dashur se kurr\u00eb! tha Rexhaj.<\/p>\n<p>Pas p\u00ebrsh\u00ebndetjeve, t\u00eb rastit dhe ndarjen e disa \u00e7mimeve p\u00ebr Vatr\u00ebn nga komuniteti shqiptar\u00eb i Kanadas\u00eb, dhe nga Shqip\u00ebria, programi festin u pasurua me k\u00ebng\u00ebt dhe vallet nga t\u00eb gjitha viset shqiptare t\u00eb cilat vazhduan deri nat\u00ebn von\u00eb.Ka qen\u00eb k\u00ebng\u00ebtari i njohur G\u00ebzim Nikaj q\u00eb ngriti pesh\u00eb zemrat e pjes\u00ebmarr\u00ebsve me k\u00ebng\u00ebn &#8220;Shqip\u00ebri O N\u00ebna ime&#8221;.<\/p>\n<p>N\u00eb k\u00ebt\u00eb mbr\u00ebmje Gala , \u00c7un Laj\u00e7i nga Kosova, si dhe disa nga k\u00ebng\u00ebtar\u00ebt m\u00eb t\u00eb njohur t\u00eb bot\u00ebs ton\u00eb shqiptare , Aurela, Ga\u00e7e, Sinan Vasalliu, G\u00ebzim Nika, Ermira Babaliu, Maja Ali\u00e7ka, Remi, edhe shum\u00eb t\u00eb tjer\u00eb n\u00ebn drejtimin e mjeshtrit t\u00eb muzik\u00ebs Edmont Xhanit &#8211; grupit muzikor Alba, e madh\u00ebshtuan fest\u00ebn me k\u00ebng\u00eb valle nga e gjith\u00eb Shqip\u00ebria. Grupi e vall\u00ebtarve t\u00eb Rozafatit Kisha Katolike Shqiptare Zoja Shkodres nga New Yorku, i cili drejtohet nga Koreografia : Angjelina Nika, ishte pjes\u00eb e programit muzikor me nj\u00eb kolazh t\u00eb valleve t\u00eb tyre.<\/p>\n","protected":false},"excerpt":{"rendered":"<p>1 mij\u00eb shqiptar\u00eb t\u00eb ardhur nga t\u00eb gjitha an\u00ebt e Amerik\u00ebs, Kanadas\u00eb, dhe mbar\u00eb trojeve shqiptare, Shqip\u00ebria Etnike ishte mbr\u00ebm\u00eb n\u00eb 100 vjetorin e krijimit t\u00eb Vatr\u00ebs. Shqiptaret e Amerikes shpalosen vlera kombetare. E mbeshteten Vatren duke i hedhur pas shpine sulmet meskine te shgarravitesve te gazetave percarese dhe te atyre qe deshen ta pengonin [&hellip;]<\/p>\n","protected":false},"author":1,"featured_media":0,"comment_status":"open","ping_status":"closed","sticky":false,"template":"","format":"standard","meta":{"footnotes":""},"categories":[2],"tags":[],"class_list":{"0":"post-2695","1":"post","2":"type-post","3":"status-publish","4":"format-standard","6":"category-artikuj"},"yoast_head":"<!-- This site is optimized with the Yoast SEO plugin v27.4 - https:\/\/yoast.com\/product\/yoast-seo-wordpress\/ -->\n<title>MANIFESTIM I SHKELQYER I VATRES NE 100 VJETORIN E THEMELIMIT - FjALA e LIR\u00cb - Arkivi<\/title>\n<meta name=\"robots\" content=\"index, follow, max-snippet:-1, max-image-preview:large, max-video-preview:-1\" \/>\n<link rel=\"canonical\" href=\"https:\/\/fjala.info\/2009-2015\/manifestim-i-shkelqyer-i-vatres-ne-100-vjetorin-e-themelimit\/\" \/>\n<meta property=\"og:locale\" content=\"sq_AL\" \/>\n<meta property=\"og:type\" content=\"article\" \/>\n<meta property=\"og:title\" content=\"MANIFESTIM I SHKELQYER I VATRES NE 100 VJETORIN E THEMELIMIT - FjALA e LIR\u00cb - Arkivi\" \/>\n<meta property=\"og:description\" content=\"1 mij\u00eb shqiptar\u00eb t\u00eb ardhur nga t\u00eb gjitha an\u00ebt e Amerik\u00ebs, Kanadas\u00eb, dhe mbar\u00eb trojeve shqiptare, Shqip\u00ebria Etnike ishte mbr\u00ebm\u00eb n\u00eb 100 vjetorin e krijimit t\u00eb Vatr\u00ebs. Shqiptaret e Amerikes shpalosen vlera kombetare. E mbeshteten Vatren duke i hedhur pas shpine sulmet meskine te shgarravitesve te gazetave percarese dhe te atyre qe deshen ta pengonin [&hellip;]\" \/>\n<meta property=\"og:url\" content=\"https:\/\/fjala.info\/2009-2015\/manifestim-i-shkelqyer-i-vatres-ne-100-vjetorin-e-themelimit\/\" \/>\n<meta property=\"og:site_name\" content=\"FjALA e LIR\u00cb - Arkivi\" \/>\n<meta property=\"article:published_time\" content=\"2012-05-01T08:23:12+00:00\" \/>\n<meta property=\"og:image\" content=\"http:\/\/www.shkoder.net\/images\/fjala\/2011\/beqir_sina.jpg\" \/>\n<meta name=\"author\" content=\"admin\" \/>\n<meta name=\"twitter:card\" content=\"summary_large_image\" \/>\n<meta name=\"twitter:label1\" content=\"Written by\" \/>\n\t<meta name=\"twitter:data1\" content=\"admin\" \/>\n\t<meta name=\"twitter:label2\" content=\"Est. reading time\" \/>\n\t<meta name=\"twitter:data2\" content=\"9 minutes\" \/>\n<script type=\"application\/ld+json\" class=\"yoast-schema-graph\">{\"@context\":\"https:\\\/\\\/schema.org\",\"@graph\":[{\"@type\":\"Article\",\"@id\":\"https:\\\/\\\/fjala.info\\\/2009-2015\\\/manifestim-i-shkelqyer-i-vatres-ne-100-vjetorin-e-themelimit\\\/#article\",\"isPartOf\":{\"@id\":\"https:\\\/\\\/fjala.info\\\/2009-2015\\\/manifestim-i-shkelqyer-i-vatres-ne-100-vjetorin-e-themelimit\\\/\"},\"author\":{\"name\":\"admin\",\"@id\":\"https:\\\/\\\/fjala.info\\\/2009-2015\\\/#\\\/schema\\\/person\\\/3aa1163ef05469c496fc94e77611ada2\"},\"headline\":\"MANIFESTIM I SHKELQYER I VATRES NE 100 VJETORIN E THEMELIMIT\",\"datePublished\":\"2012-05-01T08:23:12+00:00\",\"mainEntityOfPage\":{\"@id\":\"https:\\\/\\\/fjala.info\\\/2009-2015\\\/manifestim-i-shkelqyer-i-vatres-ne-100-vjetorin-e-themelimit\\\/\"},\"wordCount\":1771,\"commentCount\":0,\"publisher\":{\"@id\":\"https:\\\/\\\/fjala.info\\\/2009-2015\\\/#organization\"},\"image\":{\"@id\":\"https:\\\/\\\/fjala.info\\\/2009-2015\\\/manifestim-i-shkelqyer-i-vatres-ne-100-vjetorin-e-themelimit\\\/#primaryimage\"},\"thumbnailUrl\":\"http:\\\/\\\/www.shkoder.net\\\/images\\\/fjala\\\/2011\\\/beqir_sina.jpg\",\"articleSection\":[\"Artikuj\"],\"inLanguage\":\"sq-AL\",\"potentialAction\":[{\"@type\":\"CommentAction\",\"name\":\"Comment\",\"target\":[\"https:\\\/\\\/fjala.info\\\/2009-2015\\\/manifestim-i-shkelqyer-i-vatres-ne-100-vjetorin-e-themelimit\\\/#respond\"]}]},{\"@type\":\"WebPage\",\"@id\":\"https:\\\/\\\/fjala.info\\\/2009-2015\\\/manifestim-i-shkelqyer-i-vatres-ne-100-vjetorin-e-themelimit\\\/\",\"url\":\"https:\\\/\\\/fjala.info\\\/2009-2015\\\/manifestim-i-shkelqyer-i-vatres-ne-100-vjetorin-e-themelimit\\\/\",\"name\":\"MANIFESTIM I SHKELQYER I VATRES NE 100 VJETORIN E THEMELIMIT - FjALA e LIR\u00cb - Arkivi\",\"isPartOf\":{\"@id\":\"https:\\\/\\\/fjala.info\\\/2009-2015\\\/#website\"},\"primaryImageOfPage\":{\"@id\":\"https:\\\/\\\/fjala.info\\\/2009-2015\\\/manifestim-i-shkelqyer-i-vatres-ne-100-vjetorin-e-themelimit\\\/#primaryimage\"},\"image\":{\"@id\":\"https:\\\/\\\/fjala.info\\\/2009-2015\\\/manifestim-i-shkelqyer-i-vatres-ne-100-vjetorin-e-themelimit\\\/#primaryimage\"},\"thumbnailUrl\":\"http:\\\/\\\/www.shkoder.net\\\/images\\\/fjala\\\/2011\\\/beqir_sina.jpg\",\"datePublished\":\"2012-05-01T08:23:12+00:00\",\"breadcrumb\":{\"@id\":\"https:\\\/\\\/fjala.info\\\/2009-2015\\\/manifestim-i-shkelqyer-i-vatres-ne-100-vjetorin-e-themelimit\\\/#breadcrumb\"},\"inLanguage\":\"sq-AL\",\"potentialAction\":[{\"@type\":\"ReadAction\",\"target\":[\"https:\\\/\\\/fjala.info\\\/2009-2015\\\/manifestim-i-shkelqyer-i-vatres-ne-100-vjetorin-e-themelimit\\\/\"]}]},{\"@type\":\"ImageObject\",\"inLanguage\":\"sq-AL\",\"@id\":\"https:\\\/\\\/fjala.info\\\/2009-2015\\\/manifestim-i-shkelqyer-i-vatres-ne-100-vjetorin-e-themelimit\\\/#primaryimage\",\"url\":\"http:\\\/\\\/www.shkoder.net\\\/images\\\/fjala\\\/2011\\\/beqir_sina.jpg\",\"contentUrl\":\"http:\\\/\\\/www.shkoder.net\\\/images\\\/fjala\\\/2011\\\/beqir_sina.jpg\"},{\"@type\":\"BreadcrumbList\",\"@id\":\"https:\\\/\\\/fjala.info\\\/2009-2015\\\/manifestim-i-shkelqyer-i-vatres-ne-100-vjetorin-e-themelimit\\\/#breadcrumb\",\"itemListElement\":[{\"@type\":\"ListItem\",\"position\":1,\"name\":\"Home\",\"item\":\"https:\\\/\\\/fjala.info\\\/2009-2015\\\/\"},{\"@type\":\"ListItem\",\"position\":2,\"name\":\"MANIFESTIM I SHKELQYER I VATRES NE 100 VJETORIN E THEMELIMIT\"}]},{\"@type\":\"WebSite\",\"@id\":\"https:\\\/\\\/fjala.info\\\/2009-2015\\\/#website\",\"url\":\"https:\\\/\\\/fjala.info\\\/2009-2015\\\/\",\"name\":\"FjALA e LIR\u00cb - Arkivi\",\"description\":\"Arkivi 2009-2015\",\"publisher\":{\"@id\":\"https:\\\/\\\/fjala.info\\\/2009-2015\\\/#organization\"},\"potentialAction\":[{\"@type\":\"SearchAction\",\"target\":{\"@type\":\"EntryPoint\",\"urlTemplate\":\"https:\\\/\\\/fjala.info\\\/2009-2015\\\/?s={search_term_string}\"},\"query-input\":{\"@type\":\"PropertyValueSpecification\",\"valueRequired\":true,\"valueName\":\"search_term_string\"}}],\"inLanguage\":\"sq-AL\"},{\"@type\":\"Organization\",\"@id\":\"https:\\\/\\\/fjala.info\\\/2009-2015\\\/#organization\",\"name\":\"FjALA e LIR\u00cb - Arkivi\",\"url\":\"https:\\\/\\\/fjala.info\\\/2009-2015\\\/\",\"logo\":{\"@type\":\"ImageObject\",\"inLanguage\":\"sq-AL\",\"@id\":\"https:\\\/\\\/fjala.info\\\/2009-2015\\\/#\\\/schema\\\/logo\\\/image\\\/\",\"url\":\"\",\"contentUrl\":\"\",\"caption\":\"FjALA e LIR\u00cb - Arkivi\"},\"image\":{\"@id\":\"https:\\\/\\\/fjala.info\\\/2009-2015\\\/#\\\/schema\\\/logo\\\/image\\\/\"}},{\"@type\":\"Person\",\"@id\":\"https:\\\/\\\/fjala.info\\\/2009-2015\\\/#\\\/schema\\\/person\\\/3aa1163ef05469c496fc94e77611ada2\",\"name\":\"admin\",\"image\":{\"@type\":\"ImageObject\",\"inLanguage\":\"sq-AL\",\"@id\":\"https:\\\/\\\/fjala.info\\\/2009-2015\\\/wp-content\\\/uploads\\\/2012\\\/02\\\/arben_cokaj-120x150.jpg\",\"url\":\"https:\\\/\\\/fjala.info\\\/2009-2015\\\/wp-content\\\/uploads\\\/2012\\\/02\\\/arben_cokaj-120x150.jpg\",\"contentUrl\":\"https:\\\/\\\/fjala.info\\\/2009-2015\\\/wp-content\\\/uploads\\\/2012\\\/02\\\/arben_cokaj-120x150.jpg\",\"caption\":\"admin\"},\"description\":\"Admin, Fjala e Lir\u00eb\",\"sameAs\":[\"https:\\\/\\\/fjala.info\\\/\"],\"url\":\"https:\\\/\\\/fjala.info\\\/2009-2015\\\/author\\\/admin\\\/\"}]}<\/script>\n<!-- \/ Yoast SEO plugin. -->","yoast_head_json":{"title":"MANIFESTIM I SHKELQYER I VATRES NE 100 VJETORIN E THEMELIMIT - FjALA e LIR\u00cb - Arkivi","robots":{"index":"index","follow":"follow","max-snippet":"max-snippet:-1","max-image-preview":"max-image-preview:large","max-video-preview":"max-video-preview:-1"},"canonical":"https:\/\/fjala.info\/2009-2015\/manifestim-i-shkelqyer-i-vatres-ne-100-vjetorin-e-themelimit\/","og_locale":"sq_AL","og_type":"article","og_title":"MANIFESTIM I SHKELQYER I VATRES NE 100 VJETORIN E THEMELIMIT - FjALA e LIR\u00cb - Arkivi","og_description":"1 mij\u00eb shqiptar\u00eb t\u00eb ardhur nga t\u00eb gjitha an\u00ebt e Amerik\u00ebs, Kanadas\u00eb, dhe mbar\u00eb trojeve shqiptare, Shqip\u00ebria Etnike ishte mbr\u00ebm\u00eb n\u00eb 100 vjetorin e krijimit t\u00eb Vatr\u00ebs. Shqiptaret e Amerikes shpalosen vlera kombetare. E mbeshteten Vatren duke i hedhur pas shpine sulmet meskine te shgarravitesve te gazetave percarese dhe te atyre qe deshen ta pengonin [&hellip;]","og_url":"https:\/\/fjala.info\/2009-2015\/manifestim-i-shkelqyer-i-vatres-ne-100-vjetorin-e-themelimit\/","og_site_name":"FjALA e LIR\u00cb - Arkivi","article_published_time":"2012-05-01T08:23:12+00:00","og_image":[{"url":"http:\/\/www.shkoder.net\/images\/fjala\/2011\/beqir_sina.jpg","type":"","width":"","height":""}],"author":"admin","twitter_card":"summary_large_image","twitter_misc":{"Written by":"admin","Est. reading time":"9 minutes"},"schema":{"@context":"https:\/\/schema.org","@graph":[{"@type":"Article","@id":"https:\/\/fjala.info\/2009-2015\/manifestim-i-shkelqyer-i-vatres-ne-100-vjetorin-e-themelimit\/#article","isPartOf":{"@id":"https:\/\/fjala.info\/2009-2015\/manifestim-i-shkelqyer-i-vatres-ne-100-vjetorin-e-themelimit\/"},"author":{"name":"admin","@id":"https:\/\/fjala.info\/2009-2015\/#\/schema\/person\/3aa1163ef05469c496fc94e77611ada2"},"headline":"MANIFESTIM I SHKELQYER I VATRES NE 100 VJETORIN E THEMELIMIT","datePublished":"2012-05-01T08:23:12+00:00","mainEntityOfPage":{"@id":"https:\/\/fjala.info\/2009-2015\/manifestim-i-shkelqyer-i-vatres-ne-100-vjetorin-e-themelimit\/"},"wordCount":1771,"commentCount":0,"publisher":{"@id":"https:\/\/fjala.info\/2009-2015\/#organization"},"image":{"@id":"https:\/\/fjala.info\/2009-2015\/manifestim-i-shkelqyer-i-vatres-ne-100-vjetorin-e-themelimit\/#primaryimage"},"thumbnailUrl":"http:\/\/www.shkoder.net\/images\/fjala\/2011\/beqir_sina.jpg","articleSection":["Artikuj"],"inLanguage":"sq-AL","potentialAction":[{"@type":"CommentAction","name":"Comment","target":["https:\/\/fjala.info\/2009-2015\/manifestim-i-shkelqyer-i-vatres-ne-100-vjetorin-e-themelimit\/#respond"]}]},{"@type":"WebPage","@id":"https:\/\/fjala.info\/2009-2015\/manifestim-i-shkelqyer-i-vatres-ne-100-vjetorin-e-themelimit\/","url":"https:\/\/fjala.info\/2009-2015\/manifestim-i-shkelqyer-i-vatres-ne-100-vjetorin-e-themelimit\/","name":"MANIFESTIM I SHKELQYER I VATRES NE 100 VJETORIN E THEMELIMIT - FjALA e LIR\u00cb - Arkivi","isPartOf":{"@id":"https:\/\/fjala.info\/2009-2015\/#website"},"primaryImageOfPage":{"@id":"https:\/\/fjala.info\/2009-2015\/manifestim-i-shkelqyer-i-vatres-ne-100-vjetorin-e-themelimit\/#primaryimage"},"image":{"@id":"https:\/\/fjala.info\/2009-2015\/manifestim-i-shkelqyer-i-vatres-ne-100-vjetorin-e-themelimit\/#primaryimage"},"thumbnailUrl":"http:\/\/www.shkoder.net\/images\/fjala\/2011\/beqir_sina.jpg","datePublished":"2012-05-01T08:23:12+00:00","breadcrumb":{"@id":"https:\/\/fjala.info\/2009-2015\/manifestim-i-shkelqyer-i-vatres-ne-100-vjetorin-e-themelimit\/#breadcrumb"},"inLanguage":"sq-AL","potentialAction":[{"@type":"ReadAction","target":["https:\/\/fjala.info\/2009-2015\/manifestim-i-shkelqyer-i-vatres-ne-100-vjetorin-e-themelimit\/"]}]},{"@type":"ImageObject","inLanguage":"sq-AL","@id":"https:\/\/fjala.info\/2009-2015\/manifestim-i-shkelqyer-i-vatres-ne-100-vjetorin-e-themelimit\/#primaryimage","url":"http:\/\/www.shkoder.net\/images\/fjala\/2011\/beqir_sina.jpg","contentUrl":"http:\/\/www.shkoder.net\/images\/fjala\/2011\/beqir_sina.jpg"},{"@type":"BreadcrumbList","@id":"https:\/\/fjala.info\/2009-2015\/manifestim-i-shkelqyer-i-vatres-ne-100-vjetorin-e-themelimit\/#breadcrumb","itemListElement":[{"@type":"ListItem","position":1,"name":"Home","item":"https:\/\/fjala.info\/2009-2015\/"},{"@type":"ListItem","position":2,"name":"MANIFESTIM I SHKELQYER I VATRES NE 100 VJETORIN E THEMELIMIT"}]},{"@type":"WebSite","@id":"https:\/\/fjala.info\/2009-2015\/#website","url":"https:\/\/fjala.info\/2009-2015\/","name":"FjALA e LIR\u00cb - Arkivi","description":"Arkivi 2009-2015","publisher":{"@id":"https:\/\/fjala.info\/2009-2015\/#organization"},"potentialAction":[{"@type":"SearchAction","target":{"@type":"EntryPoint","urlTemplate":"https:\/\/fjala.info\/2009-2015\/?s={search_term_string}"},"query-input":{"@type":"PropertyValueSpecification","valueRequired":true,"valueName":"search_term_string"}}],"inLanguage":"sq-AL"},{"@type":"Organization","@id":"https:\/\/fjala.info\/2009-2015\/#organization","name":"FjALA e LIR\u00cb - Arkivi","url":"https:\/\/fjala.info\/2009-2015\/","logo":{"@type":"ImageObject","inLanguage":"sq-AL","@id":"https:\/\/fjala.info\/2009-2015\/#\/schema\/logo\/image\/","url":"","contentUrl":"","caption":"FjALA e LIR\u00cb - Arkivi"},"image":{"@id":"https:\/\/fjala.info\/2009-2015\/#\/schema\/logo\/image\/"}},{"@type":"Person","@id":"https:\/\/fjala.info\/2009-2015\/#\/schema\/person\/3aa1163ef05469c496fc94e77611ada2","name":"admin","image":{"@type":"ImageObject","inLanguage":"sq-AL","@id":"https:\/\/fjala.info\/2009-2015\/wp-content\/uploads\/2012\/02\/arben_cokaj-120x150.jpg","url":"https:\/\/fjala.info\/2009-2015\/wp-content\/uploads\/2012\/02\/arben_cokaj-120x150.jpg","contentUrl":"https:\/\/fjala.info\/2009-2015\/wp-content\/uploads\/2012\/02\/arben_cokaj-120x150.jpg","caption":"admin"},"description":"Admin, Fjala e Lir\u00eb","sameAs":["https:\/\/fjala.info\/"],"url":"https:\/\/fjala.info\/2009-2015\/author\/admin\/"}]}},"_links":{"self":[{"href":"https:\/\/fjala.info\/2009-2015\/wp-json\/wp\/v2\/posts\/2695","targetHints":{"allow":["GET"]}}],"collection":[{"href":"https:\/\/fjala.info\/2009-2015\/wp-json\/wp\/v2\/posts"}],"about":[{"href":"https:\/\/fjala.info\/2009-2015\/wp-json\/wp\/v2\/types\/post"}],"author":[{"embeddable":true,"href":"https:\/\/fjala.info\/2009-2015\/wp-json\/wp\/v2\/users\/1"}],"replies":[{"embeddable":true,"href":"https:\/\/fjala.info\/2009-2015\/wp-json\/wp\/v2\/comments?post=2695"}],"version-history":[{"count":0,"href":"https:\/\/fjala.info\/2009-2015\/wp-json\/wp\/v2\/posts\/2695\/revisions"}],"wp:attachment":[{"href":"https:\/\/fjala.info\/2009-2015\/wp-json\/wp\/v2\/media?parent=2695"}],"wp:term":[{"taxonomy":"category","embeddable":true,"href":"https:\/\/fjala.info\/2009-2015\/wp-json\/wp\/v2\/categories?post=2695"},{"taxonomy":"post_tag","embeddable":true,"href":"https:\/\/fjala.info\/2009-2015\/wp-json\/wp\/v2\/tags?post=2695"}],"curies":[{"name":"wp","href":"https:\/\/api.w.org\/{rel}","templated":true}]}}