{"id":2694,"date":"2010-05-17T22:04:41","date_gmt":"2010-05-17T21:04:41","guid":{"rendered":"http:\/\/fjala.shkoder.net\/?p=2694"},"modified":"2010-05-17T22:04:41","modified_gmt":"2010-05-17T21:04:41","slug":"bashkepergjegjesia-e-nderkombetareve","status":"publish","type":"post","link":"https:\/\/fjala.info\/2009-2015\/bashkepergjegjesia-e-nderkombetareve\/","title":{"rendered":"Bashk\u00ebp\u00ebrgjegj\u00ebsia e nd\u00ebrkomb\u00ebtar\u00ebve"},"content":{"rendered":"<p><img decoding=\"async\" style=\"margin-left: 10px; margin-right: 10px; border: 0px;\" src=\"http:\/\/www.shkoder.net\/images\/fjala\/rudina_seseri.jpg\" border=\"0\" alt=\"Rudina Seseri\" width=\"100\" align=\"left\" \/><\/p>\n<p><strong>Rudina Seseri<\/strong>, <em>17.05.2010<\/em><\/p>\n<p>Nd\u00ebrsa kriza e r\u00ebnd\u00eb politike e Shqip\u00ebris\u00eb \u00ebsht\u00eb pranuar nd\u00ebrkomb\u00ebtarisht, zgjidhja e saj \u00ebsht\u00eb l\u00ebn\u00eb qartazi p\u00ebr nj\u00eb koh\u00eb t\u00eb gjat\u00eb n\u00eb dor\u00eb t\u00eb faktor\u00ebve t\u00eb brendsh\u00ebm politik\u00eb. Ky q\u00ebndrim, n\u00eb dukje, \u00ebsht\u00eb i p\u00ebrligjur. Shqip\u00ebria ka p\u00ebrparuar n\u00eb proceset integruese dhe kjo n\u00ebnkupton nj\u00eb shkall\u00eb t\u00eb mjaftueshme pjekurie demokratike p\u00ebr t&#8217;i zgjidhur vet\u00eb problemet e brendshme t\u00eb vendit. N\u00eb dukje ngjan k\u00ebshtu, sepse p\u00ebr ata q\u00eb e njohin mir\u00eb realitetin shqiptar, kjo gj\u00eb po ting\u00ebllon gjithnj\u00eb e m\u00eb shum\u00eb si jo realiste.<\/p>\n<p>Kriz\u00ebn duhet ta zgjidhin ata q\u00eb jan\u00eb p\u00ebrgjegj\u00ebsit dhe shkaktar\u00ebt e saj. Kjo \u00ebsht\u00eb nj\u00eb tem\u00eb e debatuar gjer\u00ebsisht k\u00ebto koh\u00eb brenda dhe jasht\u00eb vendit. Po nd\u00ebrkomb\u00ebtar\u00ebt, a kan\u00eb ndopak p\u00ebrgjegj\u00ebsi p\u00ebr kriz\u00ebn? Me duket se \u00ebsht\u00eb koha t\u00eb vler\u00ebsojm\u00eb me kuraj\u00eb edhe k\u00ebt\u00eb pyetje.<\/p>\n<p>Q\u00eb n\u00eb krye e theksoj se jo vet\u00ebm nuk e pranoj, por edhe e kund\u00ebrshtoj me forc\u00eb mendimin se nd\u00ebrkomb\u00ebtaret nuk jan\u00eb t\u00eb interesuar p\u00ebr Shqip\u00ebrin\u00eb, mjaft q\u00eb n\u00eb k\u00ebt\u00eb k\u00ebnd t\u00eb Ballkanit t\u00eb ket\u00eb paqe e qet\u00ebsi. Shqip\u00ebria ka g\u00ebzuar kurdoher\u00eb ndihm\u00eb politike dhe ekonomike prej partner\u00ebve t\u00eb saj nd\u00ebrkomb\u00ebtar\u00eb, por ka gjithmon\u00eb e m\u00eb shum\u00eb argumente q\u00eb tregojn\u00eb se kriza q\u00eb po kalojm\u00eb nuk \u00ebsht\u00eb ekskluzivisht pasoj\u00eb e gabimeve t\u00eb klas\u00ebs politike shqiptare.<\/p>\n<p>Sigurisht, k\u00ebtu nuk \u00ebsht\u00eb fjala p\u00ebr bashk\u00ebp\u00ebrgjegj\u00ebsi si pasoj\u00eb e q\u00ebndrimeve individuale t\u00eb personazheve t\u00eb ndrysh\u00ebm politik\u00eb t\u00eb partner\u00ebve tan\u00eb. Nuk \u00ebsht\u00eb fjala, p\u00ebr shembull, p\u00ebr veprimet e pamenduara t\u00eb zonj\u00ebs Doris Pack, q\u00eb tashm\u00eb e sheh veten si tutore t\u00eb Shqip\u00ebris\u00eb. As deklaratat e saj se p\u00ebrgjegj\u00ebsia p\u00ebr mos heqjen e vizave bie mbi opozit\u00ebn dhe mbi Edi Ram\u00ebn nuk na \u00e7udisin, pasi nuk ka m\u00eb dyshim se zonja Pack nuk e ka profilin e mjaftuesh\u00ebm kulturor e politik p\u00ebr t\u00eb kuptuar pozit\u00ebn n\u00eb t\u00eb cil\u00ebn e v\u00eb veten para shqiptareve. Th\u00ebniet e zonj\u00ebs Pack jan\u00eb kopje e deklarat\u00ebs s\u00eb zotit Berisha dhe para se t\u00eb pretendoj p\u00ebr pavar\u00ebsin\u00eb e mendimeve t\u00eb saj, zonj\u00ebs Pack do t&#8217;i duhet t\u00eb jap\u00eb argumente p\u00ebr t\u00eb kund\u00ebrshtuar akuz\u00ebn publike t\u00eb 14 majit, q\u00eb ajo \u00ebsht\u00eb p\u00ebrfituese e programeve te sponsorizimit nga zoti Berisha p\u00ebr t\u00eb lobuar p\u00ebr partin\u00eb e tij.<\/p>\n<p>Nuk \u00ebsht\u00eb fjala as p\u00ebr vizit\u00ebn qesharake t\u00eb zotit Fini, t\u00eb cilit nuk i b\u00ebri asnj\u00eb p\u00ebrshtypje kalimi m\u00eb k\u00ebmb\u00eb p\u00ebrbri \u00e7adrave ku ishin t\u00eb ngujuar koleg\u00ebt deputet\u00eb shqiptar\u00eb. P\u00ebrkundrazi, e p\u00ebrshkoi rrug\u00ebn duke qeshur, madje m\u00eb shum\u00eb se zakonisht, duke i b\u00ebr\u00eb fresk shoq\u00ebruesit t\u00eb tij, pa menduar pesh\u00ebn e k\u00ebtij veprimi dhe mesazhin mjaft negativ q\u00eb i transmetoi publikut. Nj\u00eblloj si nj\u00eb paraardh\u00ebse e tij n\u00eb Parlamentin Italian q\u00eb vite m\u00eb par\u00eb b\u00ebri thirrje q\u00eb refugjat\u00ebt shqiptar\u00eb t\u00eb hidheshin n\u00eb det, duke paraprir\u00eb (jo inkurajuar) tragjedin\u00eb e Otrantos.<\/p>\n<p>Nuk \u00ebsht\u00eb fjala as p\u00ebr protokollin pa vler\u00eb t\u00eb zotit Berluskoni me zotin Berisha, i cili, p\u00ebr t\u00eb d\u00ebshmuar partneritetin partiak dhe miq\u00ebsin\u00eb personale kur ky ishte n\u00eb nj\u00eb situat\u00eb t\u00eb v\u00ebshtir\u00eb, shpall se do t\u00eb ndihmoj\u00eb Shqip\u00ebrin\u00eb t\u00eb ngrej\u00eb nj\u00eb central b\u00ebrthamor, vet\u00ebm pak jav\u00eb para marr\u00ebveshjes q\u00eb Berluskoni b\u00ebri me Kryeministrin rus q\u00eb Rusia t\u00eb ndihmoj\u00eb Italin\u00eb p\u00ebr t\u00eb ngritur nj\u00eb central t\u00eb till\u00eb n\u00eb Itali, duke provuar se Italia s&#8217;ka kapacitete t\u00eb tilla.<\/p>\n<p>Fjala \u00ebsht\u00eb p\u00ebr q\u00ebndrime t\u00eb papeshuara mir\u00eb t\u00eb disa p\u00ebrfaq\u00ebsuesve nd\u00ebrkomb\u00ebtar\u00eb, q\u00eb p\u00ebr arsye q\u00eb nuk jan\u00eb objekt i k\u00ebtij shkrimi, nuk vler\u00ebsojn\u00eb si duhet pasojat e nes\u00ebrme t\u00eb asaj q\u00eb (nuk) thon\u00eb ose (nuk) shkruajn\u00eb sot.<br \/>\nMonitorimi i zhvillimeve demokratike dhe sidomos i zgjedhjeve ka qen\u00eb gjithnj\u00eb pjes\u00eb e mandatit t\u00eb nd\u00ebrkomb\u00ebtareve. N\u00eb raportin e tyre p\u00ebr zgjedhjet e 28 qershorit ata shkruan se zgjedhjet ishin m\u00eb t\u00eb mira se t\u00eb m\u00ebparshmet dhe se nj\u00eb e treta e kutive t\u00eb votimit kishin parregullsi.<\/p>\n<p>Fjalia e par\u00eb \u00ebsht\u00eb nj\u00eb vler\u00ebsim q\u00eb nuk i nderon aspak raportshkruesit, sepse edhe n\u00eb shkollat m\u00eb t\u00eb prapambetura lindore, jo m\u00eb n\u00eb ato per\u00ebndimoret, m\u00ebsohet se krahasimi b\u00ebhet me kritere e standarde e jo me fjal\u00eb boshe. Ata duhet t\u00eb shkruanin qart\u00eb a ishin apo jo zgjedhjet n\u00eb Shqip\u00ebri t\u00eb lira e t\u00eb ndershme dhe a p\u00ebrputheshin, po apo jo, me standardet nd\u00ebrkomb\u00ebtare. Fjalia e dyt\u00eb \u00ebsht\u00eb edhe m\u00eb shqet\u00ebsuese. Si mund t\u00eb quhen zgjedhjet demokratike, kur ka kaq shum\u00eb kuti t\u00eb parregullta? Tymi i k\u00ebtij raporti joprofesional doli m\u00eb pas. Shqip\u00ebria u zhyt n\u00eb nj\u00eb kriz\u00eb t\u00eb r\u00ebnd\u00eb politike, nd\u00ebrkoh\u00eb q\u00eb autor\u00ebt e raportit heshtin dhe nuk ndjehen aspak bashk\u00ebp\u00ebrgjegj\u00ebs.<\/p>\n<p>Gjithkush mund t\u00eb thot\u00eb me t\u00eb drejt\u00eb q\u00eb ne duhet t\u00eb shohim veten para se t\u00eb flasim p\u00ebr t\u00eb tjer\u00ebt. Plot\u00ebsisht dakord. Por ne dhe nd\u00ebrkomb\u00ebtaret flasim p\u00ebr partneritet dhe si t\u00eb till\u00eb duhet t\u00eb flasim hapur me nj\u00ebri-tjetrin. P\u00ebrfaq\u00ebsuesit dhe ekspertet e partnereve tan\u00eb nd\u00ebrkomb\u00ebtar\u00eb shpenzojn\u00eb para (t\u00eb taksapaguesve t\u00eb tyre ose t\u00eb kredive tona) dhe nuk mund t\u00eb q\u00ebndrojn\u00eb indiferent\u00eb ndaj moseficiences s\u00eb pun\u00ebs s\u00eb tyre. Vet\u00ebm pak dit\u00eb para zgjedhjeve t\u00eb kaluara, Banka Bot\u00ebrore dhe UNDP shpallen se bashku me INSTAT rezultatet e bujshme &#8220;paraprake&#8221; t\u00eb anket\u00ebs p\u00ebr nivelin e jetes\u00ebs, sipas t\u00eb cil\u00ebs, varf\u00ebria n\u00eb Shqip\u00ebri ishte p\u00ebrgjysmuar fal\u00eb politikave qeveritare.<\/p>\n<p>Nuk kemi d\u00ebgjuar q\u00eb k\u00ebto institucione t\u00eb ken\u00eb p\u00ebrfunduar studimin e plot\u00eb q\u00eb t\u00eb argumentojn\u00eb konkluzionet e nxituara, t\u00eb publikuara p\u00ebr t\u00eb sponsorizuar Qeverin\u00eb n\u00eb fushat\u00eb elektorale.<br \/>\nSi partner\u00eb, e kemi th\u00ebn\u00eb hapur q\u00eb vizita e n\u00ebnpresidentit t\u00eb Bank\u00ebs Bot\u00ebrore n\u00eb Shqip\u00ebri duhet t&#8217;i n\u00ebnshtrohet nj\u00eb investigimi administrativ nga ky institucion. I mir\u00ebseardhur, ai nuk u shqet\u00ebsua aspak p\u00ebr gjendjen e r\u00ebnd\u00eb t\u00eb projekteve t\u00eb Bank\u00ebs n\u00eb Shqip\u00ebri dhe as i p\u00ebrmendi ato, por erdhi vet\u00ebm p\u00ebr t\u00eb k\u00ebrkuar t\u00eb falur se banka e ka shqet\u00ebsuar familjen kryeministrore p\u00ebr afere korruptive n\u00eb nj\u00ebrin prej projekteve t\u00eb saj.<\/p>\n<p>Si dhe pse erdh\u00ebn k\u00ebta zot\u00ebrinj t\u00eb nderuar n\u00eb Shqip\u00ebri? \u00cbsht\u00eb legjitime pyetja e shqiptareve, n\u00ebse k\u00ebto vizita jan\u00eb t\u00eb rastit apo kan\u00eb lidhje me qindra-mij\u00ebra dollar\u00ebt e miratuara nga Qeveria p\u00ebr t\u00eb lobuar n\u00eb dobi t\u00eb saj. Ka ardhur koha q\u00eb nd\u00ebrkomb\u00ebtar\u00ebt t\u00eb thon\u00eb hapur q\u00eb deklaratat e zotit Berisha se Shqip\u00ebria kishte zgjedhje t\u00eb lira e demokratike, se Shqip\u00ebria \u00ebsht\u00eb i vetmi vend n\u00eb bot\u00eb i paprekur nga kriza ekonomike, sepse e parashikoi dhe e parandaloi at\u00eb, se Shqip\u00ebria p\u00ebr tre vite do ket\u00eb infrastruktur\u00ebn rrugore m\u00eb t\u00eb mir\u00eb n\u00eb Evrop\u00eb dhe do t\u00eb jet\u00eb nj\u00eb superfuqi energjitike b\u00ebrthamore etj., jan\u00eb p\u00ebrralla t\u00eb tij, por jo t\u00eb partnereve nd\u00ebrkomb\u00ebtar\u00eb t\u00eb Shqip\u00ebris\u00eb.<\/p>\n","protected":false},"excerpt":{"rendered":"<p>Rudina Seseri, 17.05.2010 Nd\u00ebrsa kriza e r\u00ebnd\u00eb politike e Shqip\u00ebris\u00eb \u00ebsht\u00eb pranuar nd\u00ebrkomb\u00ebtarisht, zgjidhja e saj \u00ebsht\u00eb l\u00ebn\u00eb qartazi p\u00ebr nj\u00eb koh\u00eb t\u00eb gjat\u00eb n\u00eb dor\u00eb t\u00eb faktor\u00ebve t\u00eb brendsh\u00ebm politik\u00eb. Ky q\u00ebndrim, n\u00eb dukje, \u00ebsht\u00eb i p\u00ebrligjur. Shqip\u00ebria ka p\u00ebrparuar n\u00eb proceset integruese dhe kjo n\u00ebnkupton nj\u00eb shkall\u00eb t\u00eb mjaftueshme pjekurie demokratike p\u00ebr t&#8217;i [&hellip;]<\/p>\n","protected":false},"author":1,"featured_media":0,"comment_status":"open","ping_status":"closed","sticky":false,"template":"","format":"standard","meta":{"footnotes":""},"categories":[2],"tags":[],"class_list":{"0":"post-2694","1":"post","2":"type-post","3":"status-publish","4":"format-standard","6":"category-artikuj"},"yoast_head":"<!-- This site is optimized with the Yoast SEO plugin v27.4 - https:\/\/yoast.com\/product\/yoast-seo-wordpress\/ -->\n<title>Bashk\u00ebp\u00ebrgjegj\u00ebsia e nd\u00ebrkomb\u00ebtar\u00ebve - FjALA e LIR\u00cb - Arkivi<\/title>\n<meta name=\"robots\" content=\"index, follow, max-snippet:-1, max-image-preview:large, max-video-preview:-1\" \/>\n<link rel=\"canonical\" href=\"https:\/\/fjala.info\/2009-2015\/bashkepergjegjesia-e-nderkombetareve\/\" \/>\n<meta property=\"og:locale\" content=\"sq_AL\" \/>\n<meta property=\"og:type\" content=\"article\" \/>\n<meta property=\"og:title\" content=\"Bashk\u00ebp\u00ebrgjegj\u00ebsia e nd\u00ebrkomb\u00ebtar\u00ebve - FjALA e LIR\u00cb - Arkivi\" \/>\n<meta property=\"og:description\" content=\"Rudina Seseri, 17.05.2010 Nd\u00ebrsa kriza e r\u00ebnd\u00eb politike e Shqip\u00ebris\u00eb \u00ebsht\u00eb pranuar nd\u00ebrkomb\u00ebtarisht, zgjidhja e saj \u00ebsht\u00eb l\u00ebn\u00eb qartazi p\u00ebr nj\u00eb koh\u00eb t\u00eb gjat\u00eb n\u00eb dor\u00eb t\u00eb faktor\u00ebve t\u00eb brendsh\u00ebm politik\u00eb. Ky q\u00ebndrim, n\u00eb dukje, \u00ebsht\u00eb i p\u00ebrligjur. Shqip\u00ebria ka p\u00ebrparuar n\u00eb proceset integruese dhe kjo n\u00ebnkupton nj\u00eb shkall\u00eb t\u00eb mjaftueshme pjekurie demokratike p\u00ebr t&#8217;i [&hellip;]\" \/>\n<meta property=\"og:url\" content=\"https:\/\/fjala.info\/2009-2015\/bashkepergjegjesia-e-nderkombetareve\/\" \/>\n<meta property=\"og:site_name\" content=\"FjALA e LIR\u00cb - Arkivi\" \/>\n<meta property=\"article:published_time\" content=\"2010-05-17T21:04:41+00:00\" \/>\n<meta property=\"og:image\" content=\"http:\/\/www.shkoder.net\/images\/fjala\/rudina_seseri.jpg\" \/>\n<meta name=\"author\" content=\"admin\" \/>\n<meta name=\"twitter:card\" content=\"summary_large_image\" \/>\n<meta name=\"twitter:label1\" content=\"Written by\" \/>\n\t<meta name=\"twitter:data1\" content=\"admin\" \/>\n\t<meta name=\"twitter:label2\" content=\"Est. reading time\" \/>\n\t<meta name=\"twitter:data2\" content=\"6 minutes\" \/>\n<script type=\"application\/ld+json\" class=\"yoast-schema-graph\">{\"@context\":\"https:\\\/\\\/schema.org\",\"@graph\":[{\"@type\":\"Article\",\"@id\":\"https:\\\/\\\/fjala.info\\\/2009-2015\\\/bashkepergjegjesia-e-nderkombetareve\\\/#article\",\"isPartOf\":{\"@id\":\"https:\\\/\\\/fjala.info\\\/2009-2015\\\/bashkepergjegjesia-e-nderkombetareve\\\/\"},\"author\":{\"name\":\"admin\",\"@id\":\"https:\\\/\\\/fjala.info\\\/2009-2015\\\/#\\\/schema\\\/person\\\/3aa1163ef05469c496fc94e77611ada2\"},\"headline\":\"Bashk\u00ebp\u00ebrgjegj\u00ebsia e nd\u00ebrkomb\u00ebtar\u00ebve\",\"datePublished\":\"2010-05-17T21:04:41+00:00\",\"mainEntityOfPage\":{\"@id\":\"https:\\\/\\\/fjala.info\\\/2009-2015\\\/bashkepergjegjesia-e-nderkombetareve\\\/\"},\"wordCount\":1249,\"commentCount\":0,\"publisher\":{\"@id\":\"https:\\\/\\\/fjala.info\\\/2009-2015\\\/#organization\"},\"image\":{\"@id\":\"https:\\\/\\\/fjala.info\\\/2009-2015\\\/bashkepergjegjesia-e-nderkombetareve\\\/#primaryimage\"},\"thumbnailUrl\":\"http:\\\/\\\/www.shkoder.net\\\/images\\\/fjala\\\/rudina_seseri.jpg\",\"articleSection\":[\"Artikuj\"],\"inLanguage\":\"sq-AL\",\"potentialAction\":[{\"@type\":\"CommentAction\",\"name\":\"Comment\",\"target\":[\"https:\\\/\\\/fjala.info\\\/2009-2015\\\/bashkepergjegjesia-e-nderkombetareve\\\/#respond\"]}]},{\"@type\":\"WebPage\",\"@id\":\"https:\\\/\\\/fjala.info\\\/2009-2015\\\/bashkepergjegjesia-e-nderkombetareve\\\/\",\"url\":\"https:\\\/\\\/fjala.info\\\/2009-2015\\\/bashkepergjegjesia-e-nderkombetareve\\\/\",\"name\":\"Bashk\u00ebp\u00ebrgjegj\u00ebsia e nd\u00ebrkomb\u00ebtar\u00ebve - FjALA e LIR\u00cb - Arkivi\",\"isPartOf\":{\"@id\":\"https:\\\/\\\/fjala.info\\\/2009-2015\\\/#website\"},\"primaryImageOfPage\":{\"@id\":\"https:\\\/\\\/fjala.info\\\/2009-2015\\\/bashkepergjegjesia-e-nderkombetareve\\\/#primaryimage\"},\"image\":{\"@id\":\"https:\\\/\\\/fjala.info\\\/2009-2015\\\/bashkepergjegjesia-e-nderkombetareve\\\/#primaryimage\"},\"thumbnailUrl\":\"http:\\\/\\\/www.shkoder.net\\\/images\\\/fjala\\\/rudina_seseri.jpg\",\"datePublished\":\"2010-05-17T21:04:41+00:00\",\"breadcrumb\":{\"@id\":\"https:\\\/\\\/fjala.info\\\/2009-2015\\\/bashkepergjegjesia-e-nderkombetareve\\\/#breadcrumb\"},\"inLanguage\":\"sq-AL\",\"potentialAction\":[{\"@type\":\"ReadAction\",\"target\":[\"https:\\\/\\\/fjala.info\\\/2009-2015\\\/bashkepergjegjesia-e-nderkombetareve\\\/\"]}]},{\"@type\":\"ImageObject\",\"inLanguage\":\"sq-AL\",\"@id\":\"https:\\\/\\\/fjala.info\\\/2009-2015\\\/bashkepergjegjesia-e-nderkombetareve\\\/#primaryimage\",\"url\":\"http:\\\/\\\/www.shkoder.net\\\/images\\\/fjala\\\/rudina_seseri.jpg\",\"contentUrl\":\"http:\\\/\\\/www.shkoder.net\\\/images\\\/fjala\\\/rudina_seseri.jpg\"},{\"@type\":\"BreadcrumbList\",\"@id\":\"https:\\\/\\\/fjala.info\\\/2009-2015\\\/bashkepergjegjesia-e-nderkombetareve\\\/#breadcrumb\",\"itemListElement\":[{\"@type\":\"ListItem\",\"position\":1,\"name\":\"Home\",\"item\":\"https:\\\/\\\/fjala.info\\\/2009-2015\\\/\"},{\"@type\":\"ListItem\",\"position\":2,\"name\":\"Bashk\u00ebp\u00ebrgjegj\u00ebsia e nd\u00ebrkomb\u00ebtar\u00ebve\"}]},{\"@type\":\"WebSite\",\"@id\":\"https:\\\/\\\/fjala.info\\\/2009-2015\\\/#website\",\"url\":\"https:\\\/\\\/fjala.info\\\/2009-2015\\\/\",\"name\":\"FjALA e LIR\u00cb - Arkivi\",\"description\":\"Arkivi 2009-2015\",\"publisher\":{\"@id\":\"https:\\\/\\\/fjala.info\\\/2009-2015\\\/#organization\"},\"potentialAction\":[{\"@type\":\"SearchAction\",\"target\":{\"@type\":\"EntryPoint\",\"urlTemplate\":\"https:\\\/\\\/fjala.info\\\/2009-2015\\\/?s={search_term_string}\"},\"query-input\":{\"@type\":\"PropertyValueSpecification\",\"valueRequired\":true,\"valueName\":\"search_term_string\"}}],\"inLanguage\":\"sq-AL\"},{\"@type\":\"Organization\",\"@id\":\"https:\\\/\\\/fjala.info\\\/2009-2015\\\/#organization\",\"name\":\"FjALA e LIR\u00cb - Arkivi\",\"url\":\"https:\\\/\\\/fjala.info\\\/2009-2015\\\/\",\"logo\":{\"@type\":\"ImageObject\",\"inLanguage\":\"sq-AL\",\"@id\":\"https:\\\/\\\/fjala.info\\\/2009-2015\\\/#\\\/schema\\\/logo\\\/image\\\/\",\"url\":\"\",\"contentUrl\":\"\",\"caption\":\"FjALA e LIR\u00cb - Arkivi\"},\"image\":{\"@id\":\"https:\\\/\\\/fjala.info\\\/2009-2015\\\/#\\\/schema\\\/logo\\\/image\\\/\"}},{\"@type\":\"Person\",\"@id\":\"https:\\\/\\\/fjala.info\\\/2009-2015\\\/#\\\/schema\\\/person\\\/3aa1163ef05469c496fc94e77611ada2\",\"name\":\"admin\",\"image\":{\"@type\":\"ImageObject\",\"inLanguage\":\"sq-AL\",\"@id\":\"https:\\\/\\\/fjala.info\\\/2009-2015\\\/wp-content\\\/uploads\\\/2012\\\/02\\\/arben_cokaj-120x150.jpg\",\"url\":\"https:\\\/\\\/fjala.info\\\/2009-2015\\\/wp-content\\\/uploads\\\/2012\\\/02\\\/arben_cokaj-120x150.jpg\",\"contentUrl\":\"https:\\\/\\\/fjala.info\\\/2009-2015\\\/wp-content\\\/uploads\\\/2012\\\/02\\\/arben_cokaj-120x150.jpg\",\"caption\":\"admin\"},\"description\":\"Admin, Fjala e Lir\u00eb\",\"sameAs\":[\"https:\\\/\\\/fjala.info\\\/\"],\"url\":\"https:\\\/\\\/fjala.info\\\/2009-2015\\\/author\\\/admin\\\/\"}]}<\/script>\n<!-- \/ Yoast SEO plugin. -->","yoast_head_json":{"title":"Bashk\u00ebp\u00ebrgjegj\u00ebsia e nd\u00ebrkomb\u00ebtar\u00ebve - FjALA e LIR\u00cb - Arkivi","robots":{"index":"index","follow":"follow","max-snippet":"max-snippet:-1","max-image-preview":"max-image-preview:large","max-video-preview":"max-video-preview:-1"},"canonical":"https:\/\/fjala.info\/2009-2015\/bashkepergjegjesia-e-nderkombetareve\/","og_locale":"sq_AL","og_type":"article","og_title":"Bashk\u00ebp\u00ebrgjegj\u00ebsia e nd\u00ebrkomb\u00ebtar\u00ebve - FjALA e LIR\u00cb - Arkivi","og_description":"Rudina Seseri, 17.05.2010 Nd\u00ebrsa kriza e r\u00ebnd\u00eb politike e Shqip\u00ebris\u00eb \u00ebsht\u00eb pranuar nd\u00ebrkomb\u00ebtarisht, zgjidhja e saj \u00ebsht\u00eb l\u00ebn\u00eb qartazi p\u00ebr nj\u00eb koh\u00eb t\u00eb gjat\u00eb n\u00eb dor\u00eb t\u00eb faktor\u00ebve t\u00eb brendsh\u00ebm politik\u00eb. Ky q\u00ebndrim, n\u00eb dukje, \u00ebsht\u00eb i p\u00ebrligjur. Shqip\u00ebria ka p\u00ebrparuar n\u00eb proceset integruese dhe kjo n\u00ebnkupton nj\u00eb shkall\u00eb t\u00eb mjaftueshme pjekurie demokratike p\u00ebr t&#8217;i [&hellip;]","og_url":"https:\/\/fjala.info\/2009-2015\/bashkepergjegjesia-e-nderkombetareve\/","og_site_name":"FjALA e LIR\u00cb - Arkivi","article_published_time":"2010-05-17T21:04:41+00:00","og_image":[{"url":"http:\/\/www.shkoder.net\/images\/fjala\/rudina_seseri.jpg","type":"","width":"","height":""}],"author":"admin","twitter_card":"summary_large_image","twitter_misc":{"Written by":"admin","Est. reading time":"6 minutes"},"schema":{"@context":"https:\/\/schema.org","@graph":[{"@type":"Article","@id":"https:\/\/fjala.info\/2009-2015\/bashkepergjegjesia-e-nderkombetareve\/#article","isPartOf":{"@id":"https:\/\/fjala.info\/2009-2015\/bashkepergjegjesia-e-nderkombetareve\/"},"author":{"name":"admin","@id":"https:\/\/fjala.info\/2009-2015\/#\/schema\/person\/3aa1163ef05469c496fc94e77611ada2"},"headline":"Bashk\u00ebp\u00ebrgjegj\u00ebsia e nd\u00ebrkomb\u00ebtar\u00ebve","datePublished":"2010-05-17T21:04:41+00:00","mainEntityOfPage":{"@id":"https:\/\/fjala.info\/2009-2015\/bashkepergjegjesia-e-nderkombetareve\/"},"wordCount":1249,"commentCount":0,"publisher":{"@id":"https:\/\/fjala.info\/2009-2015\/#organization"},"image":{"@id":"https:\/\/fjala.info\/2009-2015\/bashkepergjegjesia-e-nderkombetareve\/#primaryimage"},"thumbnailUrl":"http:\/\/www.shkoder.net\/images\/fjala\/rudina_seseri.jpg","articleSection":["Artikuj"],"inLanguage":"sq-AL","potentialAction":[{"@type":"CommentAction","name":"Comment","target":["https:\/\/fjala.info\/2009-2015\/bashkepergjegjesia-e-nderkombetareve\/#respond"]}]},{"@type":"WebPage","@id":"https:\/\/fjala.info\/2009-2015\/bashkepergjegjesia-e-nderkombetareve\/","url":"https:\/\/fjala.info\/2009-2015\/bashkepergjegjesia-e-nderkombetareve\/","name":"Bashk\u00ebp\u00ebrgjegj\u00ebsia e nd\u00ebrkomb\u00ebtar\u00ebve - FjALA e LIR\u00cb - Arkivi","isPartOf":{"@id":"https:\/\/fjala.info\/2009-2015\/#website"},"primaryImageOfPage":{"@id":"https:\/\/fjala.info\/2009-2015\/bashkepergjegjesia-e-nderkombetareve\/#primaryimage"},"image":{"@id":"https:\/\/fjala.info\/2009-2015\/bashkepergjegjesia-e-nderkombetareve\/#primaryimage"},"thumbnailUrl":"http:\/\/www.shkoder.net\/images\/fjala\/rudina_seseri.jpg","datePublished":"2010-05-17T21:04:41+00:00","breadcrumb":{"@id":"https:\/\/fjala.info\/2009-2015\/bashkepergjegjesia-e-nderkombetareve\/#breadcrumb"},"inLanguage":"sq-AL","potentialAction":[{"@type":"ReadAction","target":["https:\/\/fjala.info\/2009-2015\/bashkepergjegjesia-e-nderkombetareve\/"]}]},{"@type":"ImageObject","inLanguage":"sq-AL","@id":"https:\/\/fjala.info\/2009-2015\/bashkepergjegjesia-e-nderkombetareve\/#primaryimage","url":"http:\/\/www.shkoder.net\/images\/fjala\/rudina_seseri.jpg","contentUrl":"http:\/\/www.shkoder.net\/images\/fjala\/rudina_seseri.jpg"},{"@type":"BreadcrumbList","@id":"https:\/\/fjala.info\/2009-2015\/bashkepergjegjesia-e-nderkombetareve\/#breadcrumb","itemListElement":[{"@type":"ListItem","position":1,"name":"Home","item":"https:\/\/fjala.info\/2009-2015\/"},{"@type":"ListItem","position":2,"name":"Bashk\u00ebp\u00ebrgjegj\u00ebsia e nd\u00ebrkomb\u00ebtar\u00ebve"}]},{"@type":"WebSite","@id":"https:\/\/fjala.info\/2009-2015\/#website","url":"https:\/\/fjala.info\/2009-2015\/","name":"FjALA e LIR\u00cb - Arkivi","description":"Arkivi 2009-2015","publisher":{"@id":"https:\/\/fjala.info\/2009-2015\/#organization"},"potentialAction":[{"@type":"SearchAction","target":{"@type":"EntryPoint","urlTemplate":"https:\/\/fjala.info\/2009-2015\/?s={search_term_string}"},"query-input":{"@type":"PropertyValueSpecification","valueRequired":true,"valueName":"search_term_string"}}],"inLanguage":"sq-AL"},{"@type":"Organization","@id":"https:\/\/fjala.info\/2009-2015\/#organization","name":"FjALA e LIR\u00cb - Arkivi","url":"https:\/\/fjala.info\/2009-2015\/","logo":{"@type":"ImageObject","inLanguage":"sq-AL","@id":"https:\/\/fjala.info\/2009-2015\/#\/schema\/logo\/image\/","url":"","contentUrl":"","caption":"FjALA e LIR\u00cb - Arkivi"},"image":{"@id":"https:\/\/fjala.info\/2009-2015\/#\/schema\/logo\/image\/"}},{"@type":"Person","@id":"https:\/\/fjala.info\/2009-2015\/#\/schema\/person\/3aa1163ef05469c496fc94e77611ada2","name":"admin","image":{"@type":"ImageObject","inLanguage":"sq-AL","@id":"https:\/\/fjala.info\/2009-2015\/wp-content\/uploads\/2012\/02\/arben_cokaj-120x150.jpg","url":"https:\/\/fjala.info\/2009-2015\/wp-content\/uploads\/2012\/02\/arben_cokaj-120x150.jpg","contentUrl":"https:\/\/fjala.info\/2009-2015\/wp-content\/uploads\/2012\/02\/arben_cokaj-120x150.jpg","caption":"admin"},"description":"Admin, Fjala e Lir\u00eb","sameAs":["https:\/\/fjala.info\/"],"url":"https:\/\/fjala.info\/2009-2015\/author\/admin\/"}]}},"_links":{"self":[{"href":"https:\/\/fjala.info\/2009-2015\/wp-json\/wp\/v2\/posts\/2694","targetHints":{"allow":["GET"]}}],"collection":[{"href":"https:\/\/fjala.info\/2009-2015\/wp-json\/wp\/v2\/posts"}],"about":[{"href":"https:\/\/fjala.info\/2009-2015\/wp-json\/wp\/v2\/types\/post"}],"author":[{"embeddable":true,"href":"https:\/\/fjala.info\/2009-2015\/wp-json\/wp\/v2\/users\/1"}],"replies":[{"embeddable":true,"href":"https:\/\/fjala.info\/2009-2015\/wp-json\/wp\/v2\/comments?post=2694"}],"version-history":[{"count":0,"href":"https:\/\/fjala.info\/2009-2015\/wp-json\/wp\/v2\/posts\/2694\/revisions"}],"wp:attachment":[{"href":"https:\/\/fjala.info\/2009-2015\/wp-json\/wp\/v2\/media?parent=2694"}],"wp:term":[{"taxonomy":"category","embeddable":true,"href":"https:\/\/fjala.info\/2009-2015\/wp-json\/wp\/v2\/categories?post=2694"},{"taxonomy":"post_tag","embeddable":true,"href":"https:\/\/fjala.info\/2009-2015\/wp-json\/wp\/v2\/tags?post=2694"}],"curies":[{"name":"wp","href":"https:\/\/api.w.org\/{rel}","templated":true}]}}