{"id":2688,"date":"2010-05-16T23:59:37","date_gmt":"2010-05-16T22:59:37","guid":{"rendered":"http:\/\/fjala.shkoder.net\/?p=2688"},"modified":"2010-05-16T23:59:37","modified_gmt":"2010-05-16T22:59:37","slug":"deshtimi-i-projektit-europian-dhe-renia-e-nato-s","status":"publish","type":"post","link":"https:\/\/fjala.info\/2009-2015\/deshtimi-i-projektit-europian-dhe-renia-e-nato-s\/","title":{"rendered":"D\u00ebshtimi i projektit europian dhe r\u00ebnia e NATO-s"},"content":{"rendered":"<p>Nga <strong>Financial Times<\/strong>, <em>16.05.2010<\/em><\/p>\n<p>\u00cbsht\u00eb m\u00eb tep\u00ebr sesa ironike q\u00eb NATO-ja \u00ebsht\u00eb p\u00ebrkushtuar p\u00ebr t\u00eb p\u00ebrcaktuar nj\u00eb koncept t\u00eb ri strategjik, pik\u00ebrisht n\u00eb momentin kur marr\u00ebdh\u00ebniet transatlantike konsiderohen si m\u00eb pak t\u00eb af\u00ebrta q\u00eb nga vitet 1930.<\/p>\n<p>\u041ay zhvillim, n\u00eb nj\u00ebfar\u00eb mase, pasqyron suksesin e Evrop\u00ebs. Nd\u00ebrsa Evropa ishte arena qendrore n\u00eb pjes\u00ebn m\u00eb t\u00eb madhe t\u00eb shekullit 20 dhe nj\u00eb teat\u00ebr kryesor p\u00ebr t\u00eb dyja luft\u00ebrat bot\u00ebrore dhe luft\u00ebn e ftoht\u00eb, ajo tani \u00ebsht\u00eb kryesisht n\u00eb paqe.<\/p>\n<p>\u00c7arja franko-gjermane \u00ebsht\u00eb z\u00ebvend\u00ebsuar nga nj\u00eb integrim m\u00eb i gjer\u00eb i kontinentit brenda Bashkimit Evropian, me Franc\u00ebn dhe Gjermanin\u00eb n\u00eb thelbin e tij. Evropa \u00ebsht\u00eb n\u00eb nj\u00eb mas\u00eb t\u00eb madhe e kompeltuar dhe e lir\u00eb. \u00c7far\u00eb ndodh brenda saj, nuk do t\u0430 p\u00ebrcaktoj\u00eb harkun e shekullit 21.<\/p>\n<p>Por, humbja e r\u00ebnd\u00ebsis\u00eb e Evrop\u00ebs gjithashtu pasqyron d\u00ebshtimet e saj. Projekti evropian po rr\u00ebzohet. Greqia \u00ebsht\u00eb problemi m\u00eb i theksuar, i nxitur nga vet\u00eb moskok\u00eb\u00e7arja e saj dhe lidershipi i dob\u00ebt evropian, q\u00eb ka lejuar t\u00eb veproj\u00eb p\u00ebrtej mund\u00ebsive dhe t&#8217;i shkel\u00eb kushtet, n\u00ebn t\u00eb cilat \u00ebsht\u00eb vendosur euroja.<\/p>\n<p>Kriza u p\u00ebrkeq\u00ebsua nga ngurrimi gjerman dhe fillimisht nga p\u00ebrgjigjet e ndrojtura t\u00eb institucioneve dhe qeverive evropiane. Dhe, euro mund t\u00eb jet\u00eb nj\u00eb nga viktimat.<\/p>\n<p>Tashm\u00eb ka shenja se kriza po p\u00ebrhapet n\u00eb vende t\u00eb tjera, t\u00eb cilat jan\u00eb duke vuajtur nga falimentimi. Pakoja e shp\u00ebtimit prej 750 miliard\u00eb eurosh, q\u00eb u miratua k\u00ebt\u00eb jav\u00eb, do t\u00eb blej\u00eb koh\u00eb, por nuk do ta adresoj\u00eb falimentimin n\u00eb thelb.<\/p>\n<p>Rim\u00ebk\u00ebmbja e Evrop\u00ebs do t\u00eb jet\u00eb e dob\u00ebt n\u00eb terma absolut\u00eb dhe relativ\u00eb. Evropa tani \u00ebsht\u00eb ekonomia m\u00eb e madhe n\u00eb bot\u00eb, pak m\u00eb e madhe se Shtetet e Bashkuara, por nuk do t\u00eb jet\u00eb p\u00ebr koh\u00eb t\u00eb gjat\u00eb.<\/p>\n<p>Edhe para k\u00ebsaj krize ekonomike, Evropa ishte dob\u00ebsuar nga krizat politike. Shum\u00eb evropian\u00eb kan\u00eb qen\u00eb t\u00eb preokupuar me rishikimin e institucioneve evropiane, por refuzimet e nj\u00ebpasnj\u00ebshme t\u00eb Traktatit t\u00eb Lisbon\u00ebs tregojn\u00eb se nj\u00eb Evrop\u00eb e bashkuar nuk \u00ebsht\u00eb m\u00eb n\u00eb imagjinat\u00ebn e shum\u00eb banor\u00ebve t\u00eb saj.<\/p>\n<p>Pas k\u00ebsaj \u00ebsht\u00eb edhe realiteti i zymt\u00eb q\u00eb evropian\u00ebt kurr\u00eb nuk i jan\u00eb p\u00ebrkushtuar Evrop\u00ebs, kryesisht p\u00ebr shkak t\u00eb ndikimit t\u00eb vazhduesh\u00ebm t\u00eb nacionalizmit.<\/p>\n<p>N\u00ebse evropian\u00ebt do t\u00eb ishin serioz\u00eb p\u00ebr t\u00eb qen\u00eb fuqi kryesore, do t&#8217;i k\u00ebmbenin ul\u00ebset q\u00eb britanik\u00ebt dhe francez\u00ebt kan\u00eb n\u00eb K\u00ebshillin e Sigurimit t\u00eb Kombeve t\u00eb Bashkuara me nj\u00eb ul\u00ebse p\u00ebr evropian\u00ebt. Por, kjo nuk ka gjasa t\u00eb ndodh\u00eb.<\/p>\n<p>Rr\u00ebshqitja e Evrop\u00ebs manifestohet edhe ushtarakisht. Disa shtete evropiane jan\u00eb t\u00eb gatshme t\u00eb investojn\u00eb edhe 2 p\u00ebr qind t\u00eb buxheteve t\u00eb tyre p\u00ebr mbrojtjen. Dhe, ajo n\u00eb \u00e7far\u00eb ata i shpenzojn\u00eb parat\u00eb, ka pak kuptim.<\/p>\n<p>Koha dhe demografit\u00eb nuk do ta p\u00ebrmir\u00ebsojn\u00eb situat\u00ebn. Nga mesi i shekullit, p\u00ebrqindja e evropian\u00ebve mbi mosh\u00ebn 65-vje\u00e7are parashikohet t\u00eb dyfishohet. Shum\u00eb m\u00eb pak do t\u00eb jen\u00eb p\u00ebr mosh\u00eb ushtarake; nj\u00eb num\u00ebr i vog\u00ebl do t\u00eb punoj\u00eb p\u00ebr pensione.<\/p>\n<p>Historia ka vendin e vet k\u00ebtu. Lidhjet SHBA-Evrop\u00eb dhe NATO-ja ishin destinuar t\u00eb b\u00ebhen m\u00eb t\u00eb dob\u00ebta, duke i dh\u00ebn\u00eb fund luft\u00ebs s\u00eb ftoht\u00eb. Aleancat tentojn\u00eb t\u00eb formohen dhe t\u00eb lul\u00ebzojn\u00eb n\u00eb periudha t\u00eb pashmangshme dhe konsensusi mbi k\u00ebrc\u00ebnimet dhe obligimet.<\/p>\n<p>Kombinimi i t\u00eb metave ekonomike, bot\u00ebkuptimi i ngusht\u00eb politik dhe limitet ushtarake do ta p\u00ebrshpejtojn\u00eb k\u00ebt\u00eb rr\u00ebshqitje transatlantike. Nj\u00eb Evrop\u00eb e dob\u00ebt do t\u00eb ket\u00eb nj\u00eb z\u00eb m\u00eb t\u00eb ul\u00ebt dhe nj\u00eb rol m\u00eb t\u00eb vog\u00ebl.<\/p>\n<p>NATO-ja nuk do t\u00eb jet\u00eb m\u00eb partner i p\u00ebrzgjedhur p\u00ebr politik\u00ebn e jashtme amerikane. N\u00eb vend t\u00eb k\u00ebsaj, Shtetet e Bashkuara do t\u00eb krijojn\u00eb koalicione, t\u00eb gatshme p\u00ebr t&#8217;u marr\u00eb me sfida t\u00eb ve\u00e7anta.<\/p>\n<p>K\u00ebto grupe do t&#8217;i p\u00ebrfshijn\u00eb ndonj\u00ebher\u00eb vendet evropiane. Por, SHBA-t\u00eb rrall\u00eb do ta shohin NATO-n apo Bashkimin Evropian si nj\u00eb. Edhe para se t\u00eb filloj\u00eb kjo, koha e Evrop\u00ebs si fuqi kryesore bot\u00ebrore n\u00eb shekulllin 21 duket t\u00eb ket\u00eb p\u00ebrfunduar.<\/p>\n","protected":false},"excerpt":{"rendered":"<p>Nga Financial Times, 16.05.2010 \u00cbsht\u00eb m\u00eb tep\u00ebr sesa ironike q\u00eb NATO-ja \u00ebsht\u00eb p\u00ebrkushtuar p\u00ebr t\u00eb p\u00ebrcaktuar nj\u00eb koncept t\u00eb ri strategjik, pik\u00ebrisht n\u00eb momentin kur marr\u00ebdh\u00ebniet transatlantike konsiderohen si m\u00eb pak t\u00eb af\u00ebrta q\u00eb nga vitet 1930. \u041ay zhvillim, n\u00eb nj\u00ebfar\u00eb mase, pasqyron suksesin e Evrop\u00ebs. Nd\u00ebrsa Evropa ishte arena qendrore n\u00eb pjes\u00ebn m\u00eb t\u00eb [&hellip;]<\/p>\n","protected":false},"author":1,"featured_media":0,"comment_status":"open","ping_status":"closed","sticky":false,"template":"","format":"standard","meta":{"footnotes":""},"categories":[2],"tags":[],"class_list":{"0":"post-2688","1":"post","2":"type-post","3":"status-publish","4":"format-standard","6":"category-artikuj"},"yoast_head":"<!-- This site is optimized with the Yoast SEO plugin v27.4 - https:\/\/yoast.com\/product\/yoast-seo-wordpress\/ -->\n<title>D\u00ebshtimi i projektit europian dhe r\u00ebnia e NATO-s - FjALA e LIR\u00cb - Arkivi<\/title>\n<meta name=\"robots\" content=\"index, follow, max-snippet:-1, max-image-preview:large, max-video-preview:-1\" \/>\n<link rel=\"canonical\" href=\"https:\/\/fjala.info\/2009-2015\/deshtimi-i-projektit-europian-dhe-renia-e-nato-s\/\" \/>\n<meta property=\"og:locale\" content=\"sq_AL\" \/>\n<meta property=\"og:type\" content=\"article\" \/>\n<meta property=\"og:title\" content=\"D\u00ebshtimi i projektit europian dhe r\u00ebnia e NATO-s - FjALA e LIR\u00cb - Arkivi\" \/>\n<meta property=\"og:description\" content=\"Nga Financial Times, 16.05.2010 \u00cbsht\u00eb m\u00eb tep\u00ebr sesa ironike q\u00eb NATO-ja \u00ebsht\u00eb p\u00ebrkushtuar p\u00ebr t\u00eb p\u00ebrcaktuar nj\u00eb koncept t\u00eb ri strategjik, pik\u00ebrisht n\u00eb momentin kur marr\u00ebdh\u00ebniet transatlantike konsiderohen si m\u00eb pak t\u00eb af\u00ebrta q\u00eb nga vitet 1930. \u041ay zhvillim, n\u00eb nj\u00ebfar\u00eb mase, pasqyron suksesin e Evrop\u00ebs. Nd\u00ebrsa Evropa ishte arena qendrore n\u00eb pjes\u00ebn m\u00eb t\u00eb [&hellip;]\" \/>\n<meta property=\"og:url\" content=\"https:\/\/fjala.info\/2009-2015\/deshtimi-i-projektit-europian-dhe-renia-e-nato-s\/\" \/>\n<meta property=\"og:site_name\" content=\"FjALA e LIR\u00cb - Arkivi\" \/>\n<meta property=\"article:published_time\" content=\"2010-05-16T22:59:37+00:00\" \/>\n<meta name=\"author\" content=\"admin\" \/>\n<meta name=\"twitter:card\" content=\"summary_large_image\" \/>\n<meta name=\"twitter:label1\" content=\"Written by\" \/>\n\t<meta name=\"twitter:data1\" content=\"admin\" \/>\n\t<meta name=\"twitter:label2\" content=\"Est. reading time\" \/>\n\t<meta name=\"twitter:data2\" content=\"4 minutes\" \/>\n<script type=\"application\/ld+json\" class=\"yoast-schema-graph\">{\"@context\":\"https:\\\/\\\/schema.org\",\"@graph\":[{\"@type\":\"Article\",\"@id\":\"https:\\\/\\\/fjala.info\\\/2009-2015\\\/deshtimi-i-projektit-europian-dhe-renia-e-nato-s\\\/#article\",\"isPartOf\":{\"@id\":\"https:\\\/\\\/fjala.info\\\/2009-2015\\\/deshtimi-i-projektit-europian-dhe-renia-e-nato-s\\\/\"},\"author\":{\"name\":\"admin\",\"@id\":\"https:\\\/\\\/fjala.info\\\/2009-2015\\\/#\\\/schema\\\/person\\\/3aa1163ef05469c496fc94e77611ada2\"},\"headline\":\"D\u00ebshtimi i projektit europian dhe r\u00ebnia e NATO-s\",\"datePublished\":\"2010-05-16T22:59:37+00:00\",\"mainEntityOfPage\":{\"@id\":\"https:\\\/\\\/fjala.info\\\/2009-2015\\\/deshtimi-i-projektit-europian-dhe-renia-e-nato-s\\\/\"},\"wordCount\":731,\"commentCount\":0,\"publisher\":{\"@id\":\"https:\\\/\\\/fjala.info\\\/2009-2015\\\/#organization\"},\"articleSection\":[\"Artikuj\"],\"inLanguage\":\"sq-AL\",\"potentialAction\":[{\"@type\":\"CommentAction\",\"name\":\"Comment\",\"target\":[\"https:\\\/\\\/fjala.info\\\/2009-2015\\\/deshtimi-i-projektit-europian-dhe-renia-e-nato-s\\\/#respond\"]}]},{\"@type\":\"WebPage\",\"@id\":\"https:\\\/\\\/fjala.info\\\/2009-2015\\\/deshtimi-i-projektit-europian-dhe-renia-e-nato-s\\\/\",\"url\":\"https:\\\/\\\/fjala.info\\\/2009-2015\\\/deshtimi-i-projektit-europian-dhe-renia-e-nato-s\\\/\",\"name\":\"D\u00ebshtimi i projektit europian dhe r\u00ebnia e NATO-s - FjALA e LIR\u00cb - Arkivi\",\"isPartOf\":{\"@id\":\"https:\\\/\\\/fjala.info\\\/2009-2015\\\/#website\"},\"datePublished\":\"2010-05-16T22:59:37+00:00\",\"breadcrumb\":{\"@id\":\"https:\\\/\\\/fjala.info\\\/2009-2015\\\/deshtimi-i-projektit-europian-dhe-renia-e-nato-s\\\/#breadcrumb\"},\"inLanguage\":\"sq-AL\",\"potentialAction\":[{\"@type\":\"ReadAction\",\"target\":[\"https:\\\/\\\/fjala.info\\\/2009-2015\\\/deshtimi-i-projektit-europian-dhe-renia-e-nato-s\\\/\"]}]},{\"@type\":\"BreadcrumbList\",\"@id\":\"https:\\\/\\\/fjala.info\\\/2009-2015\\\/deshtimi-i-projektit-europian-dhe-renia-e-nato-s\\\/#breadcrumb\",\"itemListElement\":[{\"@type\":\"ListItem\",\"position\":1,\"name\":\"Home\",\"item\":\"https:\\\/\\\/fjala.info\\\/2009-2015\\\/\"},{\"@type\":\"ListItem\",\"position\":2,\"name\":\"D\u00ebshtimi i projektit europian dhe r\u00ebnia e NATO-s\"}]},{\"@type\":\"WebSite\",\"@id\":\"https:\\\/\\\/fjala.info\\\/2009-2015\\\/#website\",\"url\":\"https:\\\/\\\/fjala.info\\\/2009-2015\\\/\",\"name\":\"FjALA e LIR\u00cb - Arkivi\",\"description\":\"Arkivi 2009-2015\",\"publisher\":{\"@id\":\"https:\\\/\\\/fjala.info\\\/2009-2015\\\/#organization\"},\"potentialAction\":[{\"@type\":\"SearchAction\",\"target\":{\"@type\":\"EntryPoint\",\"urlTemplate\":\"https:\\\/\\\/fjala.info\\\/2009-2015\\\/?s={search_term_string}\"},\"query-input\":{\"@type\":\"PropertyValueSpecification\",\"valueRequired\":true,\"valueName\":\"search_term_string\"}}],\"inLanguage\":\"sq-AL\"},{\"@type\":\"Organization\",\"@id\":\"https:\\\/\\\/fjala.info\\\/2009-2015\\\/#organization\",\"name\":\"FjALA e LIR\u00cb - Arkivi\",\"url\":\"https:\\\/\\\/fjala.info\\\/2009-2015\\\/\",\"logo\":{\"@type\":\"ImageObject\",\"inLanguage\":\"sq-AL\",\"@id\":\"https:\\\/\\\/fjala.info\\\/2009-2015\\\/#\\\/schema\\\/logo\\\/image\\\/\",\"url\":\"\",\"contentUrl\":\"\",\"caption\":\"FjALA e LIR\u00cb - Arkivi\"},\"image\":{\"@id\":\"https:\\\/\\\/fjala.info\\\/2009-2015\\\/#\\\/schema\\\/logo\\\/image\\\/\"}},{\"@type\":\"Person\",\"@id\":\"https:\\\/\\\/fjala.info\\\/2009-2015\\\/#\\\/schema\\\/person\\\/3aa1163ef05469c496fc94e77611ada2\",\"name\":\"admin\",\"image\":{\"@type\":\"ImageObject\",\"inLanguage\":\"sq-AL\",\"@id\":\"https:\\\/\\\/fjala.info\\\/2009-2015\\\/wp-content\\\/uploads\\\/2012\\\/02\\\/arben_cokaj-120x150.jpg\",\"url\":\"https:\\\/\\\/fjala.info\\\/2009-2015\\\/wp-content\\\/uploads\\\/2012\\\/02\\\/arben_cokaj-120x150.jpg\",\"contentUrl\":\"https:\\\/\\\/fjala.info\\\/2009-2015\\\/wp-content\\\/uploads\\\/2012\\\/02\\\/arben_cokaj-120x150.jpg\",\"caption\":\"admin\"},\"description\":\"Admin, Fjala e Lir\u00eb\",\"sameAs\":[\"https:\\\/\\\/fjala.info\\\/\"],\"url\":\"https:\\\/\\\/fjala.info\\\/2009-2015\\\/author\\\/admin\\\/\"}]}<\/script>\n<!-- \/ Yoast SEO plugin. -->","yoast_head_json":{"title":"D\u00ebshtimi i projektit europian dhe r\u00ebnia e NATO-s - FjALA e LIR\u00cb - Arkivi","robots":{"index":"index","follow":"follow","max-snippet":"max-snippet:-1","max-image-preview":"max-image-preview:large","max-video-preview":"max-video-preview:-1"},"canonical":"https:\/\/fjala.info\/2009-2015\/deshtimi-i-projektit-europian-dhe-renia-e-nato-s\/","og_locale":"sq_AL","og_type":"article","og_title":"D\u00ebshtimi i projektit europian dhe r\u00ebnia e NATO-s - FjALA e LIR\u00cb - Arkivi","og_description":"Nga Financial Times, 16.05.2010 \u00cbsht\u00eb m\u00eb tep\u00ebr sesa ironike q\u00eb NATO-ja \u00ebsht\u00eb p\u00ebrkushtuar p\u00ebr t\u00eb p\u00ebrcaktuar nj\u00eb koncept t\u00eb ri strategjik, pik\u00ebrisht n\u00eb momentin kur marr\u00ebdh\u00ebniet transatlantike konsiderohen si m\u00eb pak t\u00eb af\u00ebrta q\u00eb nga vitet 1930. \u041ay zhvillim, n\u00eb nj\u00ebfar\u00eb mase, pasqyron suksesin e Evrop\u00ebs. Nd\u00ebrsa Evropa ishte arena qendrore n\u00eb pjes\u00ebn m\u00eb t\u00eb [&hellip;]","og_url":"https:\/\/fjala.info\/2009-2015\/deshtimi-i-projektit-europian-dhe-renia-e-nato-s\/","og_site_name":"FjALA e LIR\u00cb - Arkivi","article_published_time":"2010-05-16T22:59:37+00:00","author":"admin","twitter_card":"summary_large_image","twitter_misc":{"Written by":"admin","Est. reading time":"4 minutes"},"schema":{"@context":"https:\/\/schema.org","@graph":[{"@type":"Article","@id":"https:\/\/fjala.info\/2009-2015\/deshtimi-i-projektit-europian-dhe-renia-e-nato-s\/#article","isPartOf":{"@id":"https:\/\/fjala.info\/2009-2015\/deshtimi-i-projektit-europian-dhe-renia-e-nato-s\/"},"author":{"name":"admin","@id":"https:\/\/fjala.info\/2009-2015\/#\/schema\/person\/3aa1163ef05469c496fc94e77611ada2"},"headline":"D\u00ebshtimi i projektit europian dhe r\u00ebnia e NATO-s","datePublished":"2010-05-16T22:59:37+00:00","mainEntityOfPage":{"@id":"https:\/\/fjala.info\/2009-2015\/deshtimi-i-projektit-europian-dhe-renia-e-nato-s\/"},"wordCount":731,"commentCount":0,"publisher":{"@id":"https:\/\/fjala.info\/2009-2015\/#organization"},"articleSection":["Artikuj"],"inLanguage":"sq-AL","potentialAction":[{"@type":"CommentAction","name":"Comment","target":["https:\/\/fjala.info\/2009-2015\/deshtimi-i-projektit-europian-dhe-renia-e-nato-s\/#respond"]}]},{"@type":"WebPage","@id":"https:\/\/fjala.info\/2009-2015\/deshtimi-i-projektit-europian-dhe-renia-e-nato-s\/","url":"https:\/\/fjala.info\/2009-2015\/deshtimi-i-projektit-europian-dhe-renia-e-nato-s\/","name":"D\u00ebshtimi i projektit europian dhe r\u00ebnia e NATO-s - FjALA e LIR\u00cb - Arkivi","isPartOf":{"@id":"https:\/\/fjala.info\/2009-2015\/#website"},"datePublished":"2010-05-16T22:59:37+00:00","breadcrumb":{"@id":"https:\/\/fjala.info\/2009-2015\/deshtimi-i-projektit-europian-dhe-renia-e-nato-s\/#breadcrumb"},"inLanguage":"sq-AL","potentialAction":[{"@type":"ReadAction","target":["https:\/\/fjala.info\/2009-2015\/deshtimi-i-projektit-europian-dhe-renia-e-nato-s\/"]}]},{"@type":"BreadcrumbList","@id":"https:\/\/fjala.info\/2009-2015\/deshtimi-i-projektit-europian-dhe-renia-e-nato-s\/#breadcrumb","itemListElement":[{"@type":"ListItem","position":1,"name":"Home","item":"https:\/\/fjala.info\/2009-2015\/"},{"@type":"ListItem","position":2,"name":"D\u00ebshtimi i projektit europian dhe r\u00ebnia e NATO-s"}]},{"@type":"WebSite","@id":"https:\/\/fjala.info\/2009-2015\/#website","url":"https:\/\/fjala.info\/2009-2015\/","name":"FjALA e LIR\u00cb - Arkivi","description":"Arkivi 2009-2015","publisher":{"@id":"https:\/\/fjala.info\/2009-2015\/#organization"},"potentialAction":[{"@type":"SearchAction","target":{"@type":"EntryPoint","urlTemplate":"https:\/\/fjala.info\/2009-2015\/?s={search_term_string}"},"query-input":{"@type":"PropertyValueSpecification","valueRequired":true,"valueName":"search_term_string"}}],"inLanguage":"sq-AL"},{"@type":"Organization","@id":"https:\/\/fjala.info\/2009-2015\/#organization","name":"FjALA e LIR\u00cb - Arkivi","url":"https:\/\/fjala.info\/2009-2015\/","logo":{"@type":"ImageObject","inLanguage":"sq-AL","@id":"https:\/\/fjala.info\/2009-2015\/#\/schema\/logo\/image\/","url":"","contentUrl":"","caption":"FjALA e LIR\u00cb - Arkivi"},"image":{"@id":"https:\/\/fjala.info\/2009-2015\/#\/schema\/logo\/image\/"}},{"@type":"Person","@id":"https:\/\/fjala.info\/2009-2015\/#\/schema\/person\/3aa1163ef05469c496fc94e77611ada2","name":"admin","image":{"@type":"ImageObject","inLanguage":"sq-AL","@id":"https:\/\/fjala.info\/2009-2015\/wp-content\/uploads\/2012\/02\/arben_cokaj-120x150.jpg","url":"https:\/\/fjala.info\/2009-2015\/wp-content\/uploads\/2012\/02\/arben_cokaj-120x150.jpg","contentUrl":"https:\/\/fjala.info\/2009-2015\/wp-content\/uploads\/2012\/02\/arben_cokaj-120x150.jpg","caption":"admin"},"description":"Admin, Fjala e Lir\u00eb","sameAs":["https:\/\/fjala.info\/"],"url":"https:\/\/fjala.info\/2009-2015\/author\/admin\/"}]}},"_links":{"self":[{"href":"https:\/\/fjala.info\/2009-2015\/wp-json\/wp\/v2\/posts\/2688","targetHints":{"allow":["GET"]}}],"collection":[{"href":"https:\/\/fjala.info\/2009-2015\/wp-json\/wp\/v2\/posts"}],"about":[{"href":"https:\/\/fjala.info\/2009-2015\/wp-json\/wp\/v2\/types\/post"}],"author":[{"embeddable":true,"href":"https:\/\/fjala.info\/2009-2015\/wp-json\/wp\/v2\/users\/1"}],"replies":[{"embeddable":true,"href":"https:\/\/fjala.info\/2009-2015\/wp-json\/wp\/v2\/comments?post=2688"}],"version-history":[{"count":0,"href":"https:\/\/fjala.info\/2009-2015\/wp-json\/wp\/v2\/posts\/2688\/revisions"}],"wp:attachment":[{"href":"https:\/\/fjala.info\/2009-2015\/wp-json\/wp\/v2\/media?parent=2688"}],"wp:term":[{"taxonomy":"category","embeddable":true,"href":"https:\/\/fjala.info\/2009-2015\/wp-json\/wp\/v2\/categories?post=2688"},{"taxonomy":"post_tag","embeddable":true,"href":"https:\/\/fjala.info\/2009-2015\/wp-json\/wp\/v2\/tags?post=2688"}],"curies":[{"name":"wp","href":"https:\/\/api.w.org\/{rel}","templated":true}]}}