{"id":2686,"date":"2010-05-16T16:18:05","date_gmt":"2010-05-16T15:18:05","guid":{"rendered":"http:\/\/fjala.shkoder.net\/?p=2686"},"modified":"2010-05-16T16:18:05","modified_gmt":"2010-05-16T15:18:05","slug":"berisha-gris-kompromisin","status":"publish","type":"post","link":"https:\/\/fjala.info\/2009-2015\/berisha-gris-kompromisin\/","title":{"rendered":"BERISHA GRIS KOMPROMISIN"},"content":{"rendered":"<p><img decoding=\"async\" style=\"margin-left: 10px; margin-right: 10px; border: 0px;\" src=\"http:\/\/www.shkoder.net\/images\/fjala\/andrea_stefani.jpg\" border=\"0\" alt=\"Andrea Stefani\" width=\"100\" align=\"left\" \/><\/p>\n<p><strong>Andrea Stefani<\/strong><\/p>\n<p>Kriza politike \u00ebsht\u00eb nj\u00eb tragjedi q\u00eb ka n\u00eb themel t\u00eb saj g\u00ebnjeshtrat dhe mashtrimet e Kryeministrit shqiptar, Sali Berisha. Nj\u00eb gj\u00eb e till\u00eb u rikonfirmua edhe dje, kur Berisha u p\u00ebrpoq t\u00eb nxirrte g\u00ebnjeshtar ambasadorin e OSBE-s\u00eb n\u00eb Tiran\u00eb, Robert Bosch. Ky i fundit kish deklaruar t\u00eb premten se tashm\u00eb ka nj\u00eb ofert\u00eb kompromisi p\u00ebr zgjidhjen e kriz\u00ebs, q\u00eb mb\u00ebshtetet nga shumica e nd\u00ebrkomb\u00ebtar\u00ebve, duke i b\u00ebr\u00eb thirrje Edi Ram\u00ebs dhe Sali Berish\u00ebs q\u00eb ta pranonin sa nuk \u00ebsht\u00eb von\u00eb. Por nj\u00eb dit\u00eb m\u00eb pas Berisha p\u00ebrg\u00ebnjeshtroi t\u00eb ket\u00eb dijeni p\u00ebr nj\u00eb ofert\u00eb t\u00eb till\u00eb, duke e v\u00ebn\u00eb n\u00eb dyshim (nj\u00eb skandal m\u00eb vete ky) integritetin e ambasadorit t\u00eb OSBE-s\u00eb.<\/p>\n<p>Kush g\u00ebnjen, Berisha apo Bosch? Dhe, m\u00eb tej, a do ta kund\u00ebrp\u00ebrg\u00ebnjeshtroj\u00eb OSBE dhe ambasadori i saj Berish\u00ebn? Nd\u00ebrsa k\u00ebto pyetje presin p\u00ebrgjigje, nj\u00eb num\u00ebr treguesish flasin n\u00eb favor t\u00eb Bosch dhe kund\u00ebr Berish\u00ebs, duke e nxjerr\u00eb k\u00ebt\u00eb t\u00eb fundit, ashtu sikund\u00ebr edhe \u00ebsht\u00eb, nj\u00eb politikan q\u00eb p\u00ebrpiqet t\u00eb mbroj\u00eb pushtetin e vjedhur duke bllokuar transparenc\u00ebn e vot\u00ebs me g\u00ebnjeshtra \u201cligjore\u201d dhe \u201ckushtetuese\u201d. Ve\u00e7 g\u00ebnjeshtra mund t\u00eb jet\u00eb kusht p\u00ebr sukses n\u00eb filmin e Xhim Kerrit \u201cLiar, liar\u201d, por n\u00eb politik\u00eb, si kudo n\u00eb jet\u00eb, ajo i ka k\u00ebmb\u00ebt e shkurtra. Grisja e kompromisit t\u00eb ofruar nga OSBE, e denoncon pa ekuivok Berish\u00ebn ekzakt\u00ebsisht p\u00ebr at\u00eb q\u00eb ai akuzon kund\u00ebrshtar\u00ebt e tij, si shkaktar t\u00eb tejzgjatjes s\u00eb kriz\u00ebs dhe bllokues t\u00eb integrimit t\u00eb Shqip\u00ebris\u00eb n\u00eb Europ\u00eb.<\/p>\n<p style=\"text-align: center;\">* * *<\/p>\n<p>Duket se g\u00ebnjeshtr\u00ebs berishiste, se gjoja hapja e kutive pengohet nga Kushtetuta dhe nj\u00eb vendim gjykate, po i vjen fundi. Dhe kompromisi i publikuar nga ambasadori i OSBE-s\u00eb duket se \u00ebsht\u00eb pik\u00ebrisht nj\u00eb ofert\u00eb q\u00eb i hap rrug\u00eb transparenc\u00ebs s\u00eb zgjedhjeve pa cenuar as Kushtetut\u00ebn dhe as ndonj\u00eb vendim gjykate. Kryeministri Berisha e fshihte me v\u00ebshtir\u00ebsi zem\u00ebrimin ndaj asaj q\u00eb sapo kish deklaruar Bosch, nj\u00eb zem\u00ebrim q\u00eb e b\u00ebri t\u2019i cil\u00ebsoj\u00eb si t\u00eb bazuara n\u00eb mashtrime dhe trillim t\u00eb gjitha ato q\u00eb ishin th\u00ebn\u00eb p\u00ebr ekzistenc\u00ebn e nj\u00eb projekti kompromisi. Berisha shtoi se nuk do t\u00eb d\u00ebshironte t\u00eb komentonte deklarimin e ambasadorit Bosch, por n\u00ebnvizoi se nuk kish qen\u00eb kurr\u00eb dakord me at\u00eb q\u00eb ai e cil\u00ebsoi se \u201cdiplomaci e gramafonit\u201d.<\/p>\n<p>K\u00ebto t\u00eb fundit ishin shigjetime kund\u00ebr Bosch dhe opinioni publik ka t\u00eb drejt\u00eb t\u00eb m\u00ebsoj\u00eb m\u00eb n\u00eb fund se kush g\u00ebnjen. N\u00ebse g\u00ebnjen Kryeministri, ai nuk e meriton t\u00eb jet\u00eb m\u00eb Kryeminist\u00ebr, por n\u00ebse g\u00ebnjen Bosch, at\u00ebher\u00eb ai nuk e meriton t\u00eb jet\u00eb m\u00eb ambasador i nj\u00eb organizate si OSBE, q\u00eb ka p\u00ebr mision t\u00eb ndaj\u00eb t\u00eb v\u00ebrtet\u00ebn nga g\u00ebnjeshtra. Por \u00ebsht\u00eb e paimagjinueshme edhe ta mendosh q\u00eb nj\u00eb ambasador do t\u00eb mund t\u00eb mashtronte (duke rrezikuar reputacionin personal), duke shpikur ekzistenc\u00ebn e nj\u00eb formule kompromisi. Nd\u00ebrkaq, ka shenja q\u00eb mb\u00ebshtesin v\u00ebrtet\u00ebsin\u00eb e deklarat\u00ebs s\u00eb Bosch.<\/p>\n<p>Jan\u00eb disa deklarata t\u00eb ministrit t\u00eb Jasht\u00ebm, Ilir Meta, q\u00eb dit\u00ebt e fundit ka n\u00ebnvizuar disa her\u00eb publikisht se ekzistojn\u00eb hap\u00ebsira p\u00ebr gjetjen e nj\u00eb zgjidhjeje t\u00eb kriz\u00ebs q\u00eb respekton edhe Kushtetut\u00ebn, edhe transparenc\u00ebn. Jan\u00eb prononcime q\u00eb rezonojn\u00eb me at\u00eb q\u00eb deklaroi t\u00eb premten Bosch. Nd\u00ebrkaq, mediat kan\u00eb publikuar deri edhe pes\u00eb pika t\u00eb kompromisit (ku i gjet\u00ebn?) nd\u00ebr t\u00eb cilat \u00ebsht\u00eb edhe hapja nga komisioni hetimor parlamentar i kutive t\u00eb materialeve zgjedhore. N\u00eb lidershipin e PS kishin pranuar q\u00eb t\u00eb premten ekzistenc\u00ebn e formul\u00ebs s\u00eb kompromisit t\u00eb deklaruar nga Bosch.<\/p>\n<p>N\u00eb protest\u00ebn e s\u00eb premtes, lideri socialist, Rama, deklaroi se \u201czgjidhja \u00ebsht\u00eb af\u00ebr\u201d, nd\u00ebrkoh\u00eb q\u00eb aleati i tij, Spartak Ngjela, u pohoi protestuesve t\u00eb shumt\u00eb ekzistenc\u00ebn e nj\u00eb formule shum\u00eb t\u00eb mir\u00eb kompromisi q\u00eb g\u00ebzon mb\u00ebshtetjen e SHBA, BE dhe OSBE-s\u00eb. M\u00eb n\u00eb fund ishte p\u00ebrs\u00ebri lideri i socialist\u00ebve, Rama, q\u00eb e cil\u00ebsoi dje kompromisin e ofruar nga Bosch si nj\u00eb zgjidhje t\u00eb art\u00eb. Ndaj Berisha v\u00ebrtet mund t\u00eb mos ket\u00eb nj\u00eb ofert\u00eb t\u00eb shkruar n\u00eb tryez\u00eb, por ka shum\u00eb shenja e zhvillime q\u00eb t\u00eb japin t\u00eb kuptosh se formula e kompromisit, e deklaruar nga Bosch, kish disa dit\u00eb q\u00eb po diskutohej n\u00eb prapaskenat e politik\u00ebs dhe diplomacis\u00eb n\u00eb Tiran\u00eb.<\/p>\n<p>Madje, n\u00eb favor t\u00eb k\u00ebsaj teze, \u00ebsht\u00eb edhe nj\u00eb reagim ekstremist i vet\u00eb Berish\u00ebs, kund\u00ebr Edi Ram\u00ebs dhe opozit\u00ebs, gjat\u00eb inaugurimit t\u00eb nj\u00eb rruge n\u00eb Kam\u00ebz. Si vet\u00ebm n\u00eb momente kur \u00ebsht\u00eb i t\u00ebrbuar nga ndonj\u00eb disfat\u00eb, Berisha ju rikthye fjalorit t\u00eb vitit 1997, kur pas humbjes n\u00eb zgjedhje, i k\u00ebrc\u00ebnonte socialist\u00ebt (tamam si q\u00ebmoti Adolf Hitleri armiqt\u00eb), se do jua ngrinte buz\u00ebqeshjen. Duke ngjallur entuziazmin e fanatik\u00ebve q\u00eb e rrethonin, Berisha deklaroi: \u201cM\u00eb duhet t\u2019u them bllokqen\u00ebve t\u00eb mos ju qesh\u00eb buza\u201d. Cila ishte kjo buz\u00ebqeshje q\u00eb Berisha duhet t\u2019ia ngrinte p\u00ebrs\u00ebri n\u00eb buz\u00eb opozit\u00ebs? Ku e pa Berisha buz\u00ebqeshjen e socialist\u00ebve, p\u00ebrve\u00e7se te kompromisi q\u00eb nd\u00ebrkoh\u00eb po ngjizej dhe q\u00eb u deklarua m\u00eb von\u00eb nga ambasadori Bosch? Pa nj\u00eb kompromis t\u00eb till\u00eb, opozita nuk do t\u00eb kish asnj\u00eb shkak t\u00eb buz\u00ebqeshte.<\/p>\n<p>Por n\u00ebse t\u00ebrbimi i pazakont\u00eb i Berish\u00ebs n\u00eb Kam\u00ebz denoncon ekzistenc\u00ebn e nj\u00eb formule kompromisi t\u00eb pak\u00ebndshme p\u00ebr Berish\u00ebn, pas deklarat\u00ebs s\u00eb Bosch, ajo q\u00eb denoncon mashtrimin e Berish\u00ebs \u00ebsht\u00eb edhe heshtja e Berish\u00ebs. Gjith\u00eb t\u00eb premten, e deri n\u00eb mesdit\u00ebn e s\u00eb shtun\u00ebs, kur Berisha doli n\u00eb konferenc\u00eb shtypi, PD mbajti nj\u00eb heshtje t\u00eb plot\u00eb rreth deklarat\u00ebs s\u00eb Bosch. Ndryshe nga mediat e tjera, gazeta e partis\u00eb n\u00eb pushtet nuk kishte as edhe nj\u00eb germ\u00eb lidhur me deklarat\u00ebn e Bosch. Nj\u00eb heshtje dhe censurim i nj\u00eb superlajmi (i p\u00eblqen apo jo Berish\u00ebs, q\u00eb Bosch kishte folur p\u00ebr nj\u00eb kompromis, mbetet fakt i pamohuesh\u00ebm) q\u00eb fliste qart\u00eb se PD dhe Berisha jo vet\u00ebm ishin t\u00eb zem\u00ebruar, por edhe se po p\u00ebrgatisnin p\u00ebrg\u00ebnjeshtrimin e ambasadorit Bosch.<\/p>\n<p style=\"text-align: center;\">* * *<\/p>\n<p>Tashm\u00eb shihet qart\u00eb se Berisha \u00ebsht\u00eb kund\u00ebr \u00e7do lloj transparence, edhe p\u00ebr at\u00eb q\u00eb kufizohet me dokumentacionin zgjedhor. Kjo p\u00ebrligj dyshimet mbi vjedhjen e p\u00ebrmasave t\u00eb m\u00ebdha t\u00eb zgjedhjeve t\u00eb 28 qershorit. Edhe alibit\u00eb e Berish\u00ebs me rezolut\u00ebn e KiE nuk jan\u00eb bind\u00ebse, sepse nj\u00eb rezolut\u00eb e till\u00eb nuk bie aspak n\u00eb kund\u00ebrshtim me hapjen e kutive q\u00eb mbajn\u00eb t\u00eb mbyllura materialet zgjedhore. Po p\u00ebrse nuk e kund\u00ebrshtoi m\u00eb par\u00eb kompromisin q\u00eb po mpiksej n\u00eb prapasken\u00ebn e politik\u00ebs? P\u00ebrse Berisha, sikund\u00ebr duket, \u00ebsht\u00eb shprehur fillimisht pro hapjes s\u00eb kutive me materiale dhe kund\u00ebr vet\u00ebm hapjes s\u00eb kutive ku ndryhen votat? Dhe p\u00ebrse tani mohon jo vet\u00ebm t\u00eb ket\u00eb qen\u00eb dakord me hapjen e kutive t\u00eb materialeve zgjedhore, por edhe krejt dinamik\u00ebn e negociatave t\u00eb fshehta e t\u00eb pashkruara? Ka vet\u00ebm nj\u00eb shpjegim.<\/p>\n<p>Duket se Berisha ka shpresuar q\u00eb socialist\u00ebt nuk do t\u00eb pranonin nj\u00eb kompromis q\u00eb mjaftohet me transparenc\u00ebn mbi kutit\u00eb me materiale zgjedhore, por jo mbi kutit\u00eb e votave. Ka menduar se do ta maskoj\u00eb munges\u00ebn e d\u00ebshir\u00ebs s\u00eb tij p\u00ebr t\u00eb hapur qoft\u00eb edhe vet\u00ebm kutit\u00eb me materialet zgjedhore, pas k\u00ebmb\u00ebnguljes s\u00eb socialist\u00ebve p\u00ebr t\u00eb hapur edhe kutit\u00eb e votave.<\/p>\n<p>Por kur u pa se socialist\u00ebt mund t\u00eb hiqnin dor\u00eb nga hapja e kutive t\u00eb votimit, Berisha vendosi t\u00eb hedh\u00eb posht\u00eb t\u00ebr\u00eb kompromisin, duke e mohuar fare ekzistenc\u00ebn e nj\u00eb projekti t\u00eb till\u00eb. Nj\u00eb veprim q\u00eb provon edhe nj\u00eb her\u00eb se Berisha \u00ebsht\u00eb kund\u00ebr edhe minimumit t\u00eb transparenc\u00ebs dhe se, sikund\u00ebr kemi theksuar me koh\u00eb, do t\u00eb jet\u00eb i gatsh\u00ebm m\u00eb mir\u00eb t\u00eb shkoj\u00eb n\u00eb zgjedhje t\u00eb parakohshme, sesa t\u00eb lejoj\u00eb nj\u00eb transparenc\u00eb q\u00eb rrezikon ta demaskoj\u00eb si grabit\u00ebs t\u00eb zgjedhjeve. \u00cbsht\u00eb nj\u00eb q\u00ebndrim q\u00eb pritet ta b\u00ebj\u00eb edhe m\u00eb t\u00eb thell\u00eb \u00e7arjen politike n\u00eb Shqip\u00ebri dhe daljen nga kriza edhe m\u00eb t\u00eb v\u00ebshtir\u00eb. Dhe duke flakur nj\u00eb kompromis t\u00eb mb\u00ebshtetur nga SHBA, BE dhe OSBE, Berisha jo vet\u00ebm rrezikon t\u00eb vihet p\u00ebrball\u00eb tyre, por duke pasur parasysh se socialist\u00ebt e kan\u00eb pranuar at\u00eb, t\u00eb mbaj\u00eb p\u00ebrgjegj\u00ebsi p\u00ebr tejzgjatjen e kriz\u00ebs dhe gjith\u00eb pasojat negative q\u00eb rrjedhin prej saj.<\/p>\n","protected":false},"excerpt":{"rendered":"<p>Andrea Stefani Kriza politike \u00ebsht\u00eb nj\u00eb tragjedi q\u00eb ka n\u00eb themel t\u00eb saj g\u00ebnjeshtrat dhe mashtrimet e Kryeministrit shqiptar, Sali Berisha. Nj\u00eb gj\u00eb e till\u00eb u rikonfirmua edhe dje, kur Berisha u p\u00ebrpoq t\u00eb nxirrte g\u00ebnjeshtar ambasadorin e OSBE-s\u00eb n\u00eb Tiran\u00eb, Robert Bosch. Ky i fundit kish deklaruar t\u00eb premten se tashm\u00eb ka nj\u00eb ofert\u00eb [&hellip;]<\/p>\n","protected":false},"author":1,"featured_media":0,"comment_status":"open","ping_status":"closed","sticky":false,"template":"","format":"standard","meta":{"footnotes":""},"categories":[2],"tags":[],"class_list":{"0":"post-2686","1":"post","2":"type-post","3":"status-publish","4":"format-standard","6":"category-artikuj"},"yoast_head":"<!-- This site is optimized with the Yoast SEO plugin v27.4 - https:\/\/yoast.com\/product\/yoast-seo-wordpress\/ -->\n<title>BERISHA GRIS KOMPROMISIN - FjALA e LIR\u00cb - Arkivi<\/title>\n<meta name=\"robots\" content=\"index, follow, max-snippet:-1, max-image-preview:large, max-video-preview:-1\" \/>\n<link rel=\"canonical\" href=\"https:\/\/fjala.info\/2009-2015\/berisha-gris-kompromisin\/\" \/>\n<meta property=\"og:locale\" content=\"sq_AL\" \/>\n<meta property=\"og:type\" content=\"article\" \/>\n<meta property=\"og:title\" content=\"BERISHA GRIS KOMPROMISIN - FjALA e LIR\u00cb - Arkivi\" \/>\n<meta property=\"og:description\" content=\"Andrea Stefani Kriza politike \u00ebsht\u00eb nj\u00eb tragjedi q\u00eb ka n\u00eb themel t\u00eb saj g\u00ebnjeshtrat dhe mashtrimet e Kryeministrit shqiptar, Sali Berisha. Nj\u00eb gj\u00eb e till\u00eb u rikonfirmua edhe dje, kur Berisha u p\u00ebrpoq t\u00eb nxirrte g\u00ebnjeshtar ambasadorin e OSBE-s\u00eb n\u00eb Tiran\u00eb, Robert Bosch. Ky i fundit kish deklaruar t\u00eb premten se tashm\u00eb ka nj\u00eb ofert\u00eb [&hellip;]\" \/>\n<meta property=\"og:url\" content=\"https:\/\/fjala.info\/2009-2015\/berisha-gris-kompromisin\/\" \/>\n<meta property=\"og:site_name\" content=\"FjALA e LIR\u00cb - Arkivi\" \/>\n<meta property=\"article:published_time\" content=\"2010-05-16T15:18:05+00:00\" \/>\n<meta property=\"og:image\" content=\"http:\/\/www.shkoder.net\/images\/fjala\/andrea_stefani.jpg\" \/>\n<meta name=\"author\" content=\"admin\" \/>\n<meta name=\"twitter:card\" content=\"summary_large_image\" \/>\n<meta name=\"twitter:label1\" content=\"Written by\" \/>\n\t<meta name=\"twitter:data1\" content=\"admin\" \/>\n\t<meta name=\"twitter:label2\" content=\"Est. reading time\" \/>\n\t<meta name=\"twitter:data2\" content=\"7 minutes\" \/>\n<script type=\"application\/ld+json\" class=\"yoast-schema-graph\">{\"@context\":\"https:\\\/\\\/schema.org\",\"@graph\":[{\"@type\":\"Article\",\"@id\":\"https:\\\/\\\/fjala.info\\\/2009-2015\\\/berisha-gris-kompromisin\\\/#article\",\"isPartOf\":{\"@id\":\"https:\\\/\\\/fjala.info\\\/2009-2015\\\/berisha-gris-kompromisin\\\/\"},\"author\":{\"name\":\"admin\",\"@id\":\"https:\\\/\\\/fjala.info\\\/2009-2015\\\/#\\\/schema\\\/person\\\/3aa1163ef05469c496fc94e77611ada2\"},\"headline\":\"BERISHA GRIS KOMPROMISIN\",\"datePublished\":\"2010-05-16T15:18:05+00:00\",\"mainEntityOfPage\":{\"@id\":\"https:\\\/\\\/fjala.info\\\/2009-2015\\\/berisha-gris-kompromisin\\\/\"},\"wordCount\":1466,\"commentCount\":0,\"publisher\":{\"@id\":\"https:\\\/\\\/fjala.info\\\/2009-2015\\\/#organization\"},\"image\":{\"@id\":\"https:\\\/\\\/fjala.info\\\/2009-2015\\\/berisha-gris-kompromisin\\\/#primaryimage\"},\"thumbnailUrl\":\"http:\\\/\\\/www.shkoder.net\\\/images\\\/fjala\\\/andrea_stefani.jpg\",\"articleSection\":[\"Artikuj\"],\"inLanguage\":\"sq-AL\",\"potentialAction\":[{\"@type\":\"CommentAction\",\"name\":\"Comment\",\"target\":[\"https:\\\/\\\/fjala.info\\\/2009-2015\\\/berisha-gris-kompromisin\\\/#respond\"]}]},{\"@type\":\"WebPage\",\"@id\":\"https:\\\/\\\/fjala.info\\\/2009-2015\\\/berisha-gris-kompromisin\\\/\",\"url\":\"https:\\\/\\\/fjala.info\\\/2009-2015\\\/berisha-gris-kompromisin\\\/\",\"name\":\"BERISHA GRIS KOMPROMISIN - FjALA e LIR\u00cb - Arkivi\",\"isPartOf\":{\"@id\":\"https:\\\/\\\/fjala.info\\\/2009-2015\\\/#website\"},\"primaryImageOfPage\":{\"@id\":\"https:\\\/\\\/fjala.info\\\/2009-2015\\\/berisha-gris-kompromisin\\\/#primaryimage\"},\"image\":{\"@id\":\"https:\\\/\\\/fjala.info\\\/2009-2015\\\/berisha-gris-kompromisin\\\/#primaryimage\"},\"thumbnailUrl\":\"http:\\\/\\\/www.shkoder.net\\\/images\\\/fjala\\\/andrea_stefani.jpg\",\"datePublished\":\"2010-05-16T15:18:05+00:00\",\"breadcrumb\":{\"@id\":\"https:\\\/\\\/fjala.info\\\/2009-2015\\\/berisha-gris-kompromisin\\\/#breadcrumb\"},\"inLanguage\":\"sq-AL\",\"potentialAction\":[{\"@type\":\"ReadAction\",\"target\":[\"https:\\\/\\\/fjala.info\\\/2009-2015\\\/berisha-gris-kompromisin\\\/\"]}]},{\"@type\":\"ImageObject\",\"inLanguage\":\"sq-AL\",\"@id\":\"https:\\\/\\\/fjala.info\\\/2009-2015\\\/berisha-gris-kompromisin\\\/#primaryimage\",\"url\":\"http:\\\/\\\/www.shkoder.net\\\/images\\\/fjala\\\/andrea_stefani.jpg\",\"contentUrl\":\"http:\\\/\\\/www.shkoder.net\\\/images\\\/fjala\\\/andrea_stefani.jpg\"},{\"@type\":\"BreadcrumbList\",\"@id\":\"https:\\\/\\\/fjala.info\\\/2009-2015\\\/berisha-gris-kompromisin\\\/#breadcrumb\",\"itemListElement\":[{\"@type\":\"ListItem\",\"position\":1,\"name\":\"Home\",\"item\":\"https:\\\/\\\/fjala.info\\\/2009-2015\\\/\"},{\"@type\":\"ListItem\",\"position\":2,\"name\":\"BERISHA GRIS KOMPROMISIN\"}]},{\"@type\":\"WebSite\",\"@id\":\"https:\\\/\\\/fjala.info\\\/2009-2015\\\/#website\",\"url\":\"https:\\\/\\\/fjala.info\\\/2009-2015\\\/\",\"name\":\"FjALA e LIR\u00cb - Arkivi\",\"description\":\"Arkivi 2009-2015\",\"publisher\":{\"@id\":\"https:\\\/\\\/fjala.info\\\/2009-2015\\\/#organization\"},\"potentialAction\":[{\"@type\":\"SearchAction\",\"target\":{\"@type\":\"EntryPoint\",\"urlTemplate\":\"https:\\\/\\\/fjala.info\\\/2009-2015\\\/?s={search_term_string}\"},\"query-input\":{\"@type\":\"PropertyValueSpecification\",\"valueRequired\":true,\"valueName\":\"search_term_string\"}}],\"inLanguage\":\"sq-AL\"},{\"@type\":\"Organization\",\"@id\":\"https:\\\/\\\/fjala.info\\\/2009-2015\\\/#organization\",\"name\":\"FjALA e LIR\u00cb - Arkivi\",\"url\":\"https:\\\/\\\/fjala.info\\\/2009-2015\\\/\",\"logo\":{\"@type\":\"ImageObject\",\"inLanguage\":\"sq-AL\",\"@id\":\"https:\\\/\\\/fjala.info\\\/2009-2015\\\/#\\\/schema\\\/logo\\\/image\\\/\",\"url\":\"\",\"contentUrl\":\"\",\"caption\":\"FjALA e LIR\u00cb - Arkivi\"},\"image\":{\"@id\":\"https:\\\/\\\/fjala.info\\\/2009-2015\\\/#\\\/schema\\\/logo\\\/image\\\/\"}},{\"@type\":\"Person\",\"@id\":\"https:\\\/\\\/fjala.info\\\/2009-2015\\\/#\\\/schema\\\/person\\\/3aa1163ef05469c496fc94e77611ada2\",\"name\":\"admin\",\"image\":{\"@type\":\"ImageObject\",\"inLanguage\":\"sq-AL\",\"@id\":\"https:\\\/\\\/fjala.info\\\/2009-2015\\\/wp-content\\\/uploads\\\/2012\\\/02\\\/arben_cokaj-120x150.jpg\",\"url\":\"https:\\\/\\\/fjala.info\\\/2009-2015\\\/wp-content\\\/uploads\\\/2012\\\/02\\\/arben_cokaj-120x150.jpg\",\"contentUrl\":\"https:\\\/\\\/fjala.info\\\/2009-2015\\\/wp-content\\\/uploads\\\/2012\\\/02\\\/arben_cokaj-120x150.jpg\",\"caption\":\"admin\"},\"description\":\"Admin, Fjala e Lir\u00eb\",\"sameAs\":[\"https:\\\/\\\/fjala.info\\\/\"],\"url\":\"https:\\\/\\\/fjala.info\\\/2009-2015\\\/author\\\/admin\\\/\"}]}<\/script>\n<!-- \/ Yoast SEO plugin. -->","yoast_head_json":{"title":"BERISHA GRIS KOMPROMISIN - FjALA e LIR\u00cb - Arkivi","robots":{"index":"index","follow":"follow","max-snippet":"max-snippet:-1","max-image-preview":"max-image-preview:large","max-video-preview":"max-video-preview:-1"},"canonical":"https:\/\/fjala.info\/2009-2015\/berisha-gris-kompromisin\/","og_locale":"sq_AL","og_type":"article","og_title":"BERISHA GRIS KOMPROMISIN - FjALA e LIR\u00cb - Arkivi","og_description":"Andrea Stefani Kriza politike \u00ebsht\u00eb nj\u00eb tragjedi q\u00eb ka n\u00eb themel t\u00eb saj g\u00ebnjeshtrat dhe mashtrimet e Kryeministrit shqiptar, Sali Berisha. Nj\u00eb gj\u00eb e till\u00eb u rikonfirmua edhe dje, kur Berisha u p\u00ebrpoq t\u00eb nxirrte g\u00ebnjeshtar ambasadorin e OSBE-s\u00eb n\u00eb Tiran\u00eb, Robert Bosch. Ky i fundit kish deklaruar t\u00eb premten se tashm\u00eb ka nj\u00eb ofert\u00eb [&hellip;]","og_url":"https:\/\/fjala.info\/2009-2015\/berisha-gris-kompromisin\/","og_site_name":"FjALA e LIR\u00cb - Arkivi","article_published_time":"2010-05-16T15:18:05+00:00","og_image":[{"url":"http:\/\/www.shkoder.net\/images\/fjala\/andrea_stefani.jpg","type":"","width":"","height":""}],"author":"admin","twitter_card":"summary_large_image","twitter_misc":{"Written by":"admin","Est. reading time":"7 minutes"},"schema":{"@context":"https:\/\/schema.org","@graph":[{"@type":"Article","@id":"https:\/\/fjala.info\/2009-2015\/berisha-gris-kompromisin\/#article","isPartOf":{"@id":"https:\/\/fjala.info\/2009-2015\/berisha-gris-kompromisin\/"},"author":{"name":"admin","@id":"https:\/\/fjala.info\/2009-2015\/#\/schema\/person\/3aa1163ef05469c496fc94e77611ada2"},"headline":"BERISHA GRIS KOMPROMISIN","datePublished":"2010-05-16T15:18:05+00:00","mainEntityOfPage":{"@id":"https:\/\/fjala.info\/2009-2015\/berisha-gris-kompromisin\/"},"wordCount":1466,"commentCount":0,"publisher":{"@id":"https:\/\/fjala.info\/2009-2015\/#organization"},"image":{"@id":"https:\/\/fjala.info\/2009-2015\/berisha-gris-kompromisin\/#primaryimage"},"thumbnailUrl":"http:\/\/www.shkoder.net\/images\/fjala\/andrea_stefani.jpg","articleSection":["Artikuj"],"inLanguage":"sq-AL","potentialAction":[{"@type":"CommentAction","name":"Comment","target":["https:\/\/fjala.info\/2009-2015\/berisha-gris-kompromisin\/#respond"]}]},{"@type":"WebPage","@id":"https:\/\/fjala.info\/2009-2015\/berisha-gris-kompromisin\/","url":"https:\/\/fjala.info\/2009-2015\/berisha-gris-kompromisin\/","name":"BERISHA GRIS KOMPROMISIN - FjALA e LIR\u00cb - Arkivi","isPartOf":{"@id":"https:\/\/fjala.info\/2009-2015\/#website"},"primaryImageOfPage":{"@id":"https:\/\/fjala.info\/2009-2015\/berisha-gris-kompromisin\/#primaryimage"},"image":{"@id":"https:\/\/fjala.info\/2009-2015\/berisha-gris-kompromisin\/#primaryimage"},"thumbnailUrl":"http:\/\/www.shkoder.net\/images\/fjala\/andrea_stefani.jpg","datePublished":"2010-05-16T15:18:05+00:00","breadcrumb":{"@id":"https:\/\/fjala.info\/2009-2015\/berisha-gris-kompromisin\/#breadcrumb"},"inLanguage":"sq-AL","potentialAction":[{"@type":"ReadAction","target":["https:\/\/fjala.info\/2009-2015\/berisha-gris-kompromisin\/"]}]},{"@type":"ImageObject","inLanguage":"sq-AL","@id":"https:\/\/fjala.info\/2009-2015\/berisha-gris-kompromisin\/#primaryimage","url":"http:\/\/www.shkoder.net\/images\/fjala\/andrea_stefani.jpg","contentUrl":"http:\/\/www.shkoder.net\/images\/fjala\/andrea_stefani.jpg"},{"@type":"BreadcrumbList","@id":"https:\/\/fjala.info\/2009-2015\/berisha-gris-kompromisin\/#breadcrumb","itemListElement":[{"@type":"ListItem","position":1,"name":"Home","item":"https:\/\/fjala.info\/2009-2015\/"},{"@type":"ListItem","position":2,"name":"BERISHA GRIS KOMPROMISIN"}]},{"@type":"WebSite","@id":"https:\/\/fjala.info\/2009-2015\/#website","url":"https:\/\/fjala.info\/2009-2015\/","name":"FjALA e LIR\u00cb - Arkivi","description":"Arkivi 2009-2015","publisher":{"@id":"https:\/\/fjala.info\/2009-2015\/#organization"},"potentialAction":[{"@type":"SearchAction","target":{"@type":"EntryPoint","urlTemplate":"https:\/\/fjala.info\/2009-2015\/?s={search_term_string}"},"query-input":{"@type":"PropertyValueSpecification","valueRequired":true,"valueName":"search_term_string"}}],"inLanguage":"sq-AL"},{"@type":"Organization","@id":"https:\/\/fjala.info\/2009-2015\/#organization","name":"FjALA e LIR\u00cb - Arkivi","url":"https:\/\/fjala.info\/2009-2015\/","logo":{"@type":"ImageObject","inLanguage":"sq-AL","@id":"https:\/\/fjala.info\/2009-2015\/#\/schema\/logo\/image\/","url":"","contentUrl":"","caption":"FjALA e LIR\u00cb - Arkivi"},"image":{"@id":"https:\/\/fjala.info\/2009-2015\/#\/schema\/logo\/image\/"}},{"@type":"Person","@id":"https:\/\/fjala.info\/2009-2015\/#\/schema\/person\/3aa1163ef05469c496fc94e77611ada2","name":"admin","image":{"@type":"ImageObject","inLanguage":"sq-AL","@id":"https:\/\/fjala.info\/2009-2015\/wp-content\/uploads\/2012\/02\/arben_cokaj-120x150.jpg","url":"https:\/\/fjala.info\/2009-2015\/wp-content\/uploads\/2012\/02\/arben_cokaj-120x150.jpg","contentUrl":"https:\/\/fjala.info\/2009-2015\/wp-content\/uploads\/2012\/02\/arben_cokaj-120x150.jpg","caption":"admin"},"description":"Admin, Fjala e Lir\u00eb","sameAs":["https:\/\/fjala.info\/"],"url":"https:\/\/fjala.info\/2009-2015\/author\/admin\/"}]}},"_links":{"self":[{"href":"https:\/\/fjala.info\/2009-2015\/wp-json\/wp\/v2\/posts\/2686","targetHints":{"allow":["GET"]}}],"collection":[{"href":"https:\/\/fjala.info\/2009-2015\/wp-json\/wp\/v2\/posts"}],"about":[{"href":"https:\/\/fjala.info\/2009-2015\/wp-json\/wp\/v2\/types\/post"}],"author":[{"embeddable":true,"href":"https:\/\/fjala.info\/2009-2015\/wp-json\/wp\/v2\/users\/1"}],"replies":[{"embeddable":true,"href":"https:\/\/fjala.info\/2009-2015\/wp-json\/wp\/v2\/comments?post=2686"}],"version-history":[{"count":0,"href":"https:\/\/fjala.info\/2009-2015\/wp-json\/wp\/v2\/posts\/2686\/revisions"}],"wp:attachment":[{"href":"https:\/\/fjala.info\/2009-2015\/wp-json\/wp\/v2\/media?parent=2686"}],"wp:term":[{"taxonomy":"category","embeddable":true,"href":"https:\/\/fjala.info\/2009-2015\/wp-json\/wp\/v2\/categories?post=2686"},{"taxonomy":"post_tag","embeddable":true,"href":"https:\/\/fjala.info\/2009-2015\/wp-json\/wp\/v2\/tags?post=2686"}],"curies":[{"name":"wp","href":"https:\/\/api.w.org\/{rel}","templated":true}]}}