{"id":2684,"date":"2010-05-16T16:13:21","date_gmt":"2010-05-16T15:13:21","guid":{"rendered":"http:\/\/fjala.shkoder.net\/?p=2684"},"modified":"2010-05-16T16:13:21","modified_gmt":"2010-05-16T15:13:21","slug":"ne-emer-te-sovranitetit","status":"publish","type":"post","link":"https:\/\/fjala.info\/2009-2015\/ne-emer-te-sovranitetit\/","title":{"rendered":"N\u00eb em\u00ebr t\u00eb sovranitetit"},"content":{"rendered":"<p><img decoding=\"async\" style=\"margin-left: 10px; margin-right: 10px; border: 0px;\" src=\"http:\/\/www.shkoder.net\/images\/fjala\/afrim_krasniqi.jpg\" border=\"0\" alt=\"Afrim Krasniqi\" width=\"100\" align=\"right\" \/><\/p>\n<p>NGA: <strong>AFRIM KRASNIQI<\/strong> <\/p>\n<p>Faik Konica, duke shkruar p\u00ebr Shqip\u00ebrin\u00eb e viteve 1914, thoshte se \u201cvendi i ngjason nj\u00eb tregu t\u00eb madh e t\u00eb populluar fshatar ku shumica jeton n\u00eb varf\u00ebri, t\u00eb pasurit num\u00ebrohen me gishta dhe ata b\u00ebrtasin n\u00eb em\u00ebr t\u00eb kombit, t\u00eb paditurit flasin me z\u00eb t\u00eb lart\u00eb e pa kufi p\u00ebr patriotizma, t\u00eb men\u00e7urit jan\u00eb pak e nuk i d\u00ebgjon askush dhe mes tyre gjen ca t\u00eb tjer\u00eb, me kostume mode e bastun\u00eb, q\u00eb nuk flasin shqip, po q\u00eb ata, e ve\u00e7 ata, vendosin se \u00e7far\u00eb do ndodh\u00eb me k\u00ebt\u00eb vend. Ata jan\u00eb diplomat\u00ebt, t\u00eb huajt, misionar\u00ebt, sjellja e t\u00eb cil\u00ebve n\u00eb tok\u00ebn e shqiptar\u00ebve me shtet n\u00eb let\u00ebr, n\u00eb shi e n\u00eb diell, lexohet si fjala e zotit t\u00eb plotfuqish\u00ebm n\u00eb tok\u00eb. <\/p>\n<p>Prania e tyre, edhe kur teprohet, edhe kur ngat\u00ebrrojn\u00eb, edhe kur ndihmojn\u00eb, na ndihmon q\u00eb fshati yn\u00eb t\u00eb mos jet\u00eb vet\u00ebm fshat, po t\u00eb quhet shtet\u201d. Faik Konica vdiq shpejt, por portretizimi i tij mbi atdheun ton\u00eb n\u00eb muajt e par\u00eb t\u00eb pavar\u00ebsis\u00eb dhe mbret\u00ebrimit t\u00eb Wied, \u00ebsht\u00eb aktual, edhe tani, edhe pas 100 vjet\u00ebsh.<br \/>\nDy dit\u00eb m\u00eb par\u00eb nj\u00eb ambasador i huaj, i d\u00ebrguar i nj\u00eb organizate dhe jo nj\u00eb shteti t\u00eb huaj, b\u00ebri deklarat\u00ebn e dyt\u00eb trondit\u00ebse n\u00eb politik\u00ebn shqiptare. <\/p>\n<p>Her\u00ebn e par\u00eb, rreth nj\u00eb vit m\u00eb par\u00eb, i nj\u00ebjti ambasador dha nj\u00eb deklarat\u00eb t\u00eb fort\u00eb, po dy or\u00eb m\u00eb von\u00eb ambasada e tij e p\u00ebrg\u00ebnjeshtroi dhe e ndryshoi p\u00ebrmbajtjen. Tani \u00ebsht\u00eb hera e dyt\u00eb p\u00ebr t\u00eb dhe e para p\u00ebr nj\u00eb diplomat t\u00eb huaj q\u00eb i b\u00ebn thirrje lider\u00ebve tan\u00eb politik\u00eb t\u00eb jen\u00eb burra shteti, t\u00eb sillen si burra shteti e t\u00eb hedhin firmat mbi kompromisin politik p\u00ebr zgjidhjen e kriz\u00ebs. Ai tha se koha nuk pret dhe se flet n\u00eb em\u00ebr t\u00eb SHBA, BE dhe OSBE. Ambasadori Borsh \u00ebsht\u00eb n\u00eb Tiran\u00eb, ai duhet dhe do t\u00eb flas\u00eb, por k\u00ebt\u00eb her\u00eb urojm\u00eb t\u00eb mos ndodh\u00eb si her\u00ebn e par\u00eb.<\/p>\n<p>Pal\u00ebt dhe institucionet shqiptare reaguan si\u00e7 flitet n\u00eb tregun e fshatit. Kryetari i shtetit tha se nuk ka dijeni p\u00ebr drafte kompromisi. Opozita me miting dha p\u00eblqimin e saj, maxhoranca priti sa t\u00eb kthehet prij\u00ebsi i saj p\u00ebr t\u00eb hedhur posht\u00eb iden\u00eb e kompromisit. Sa her\u00eb liderit shqiptar\u00eb duan t\u00eb refuzojn\u00eb di\u00e7ka q\u00eb cenon pushtetin e tyre, preteksti \u00ebsht\u00eb i nj\u00ebjt\u00eb: jemi vend sovran, nuk pyes ambasador\u00ebt, kemi gjykata e kushtetut\u00eb. K\u00ebshtu than\u00eb krer\u00ebt e shtetit m\u00eb 1914, por Konferenca e Londr\u00ebs vendosi kund\u00ebr tyre. <\/p>\n<p>K\u00ebshtu than\u00eb krer\u00ebt e shtetit m\u00eb 1924-\u201925, por e gjith\u00eb bota reagoi kund\u00ebr tyre. K\u00ebshtu than\u00eb edhe m\u00eb 1945, dhe Shqip\u00ebria nisi 46 vjet diktatur\u00eb. K\u00ebshtu tham\u00eb m\u00eb 1990, dhe qindra mij\u00ebra qytetar\u00eb shp\u00ebrthyen n\u00eb ambasada e protesta. K\u00ebshtu than\u00eb m\u00eb 1996, dhe ndodhi kriza e r\u00ebnd\u00eb e 1997. K\u00ebshtu than\u00eb m\u00eb 2001, dhe nj\u00eb vit m\u00eb von\u00eb dor\u00ebzuan gjysm\u00ebn e pushtetit politik. M\u00eb 2010 historia po p\u00ebrs\u00ebritet. Pushteti flet n\u00eb em\u00ebr t\u00eb sovranitetit, opozita n\u00eb em\u00ebr t\u00eb demokracis\u00eb, t\u00eb huajt n\u00eb em\u00ebr t\u00eb interesave t\u00eb Shqip\u00ebris\u00eb.<\/p>\n<p>Shqip\u00ebria \u00ebsht\u00eb nj\u00eb vend sovran, aq sa \u00ebsht\u00eb sovrane Kroacia, Sllovenia, \u00c7ekia apo Hungaria, Greqia apo Polonia. Ne jemi n\u00eb NATO, ne duam t\u00eb jemi n\u00eb BE, pra ne kemi pranuar kalimin e mbrojtjes s\u00eb sovranitetit tek NATO, duam kalimin e sovranitetit t\u00eb mbetur n\u00eb familjen e p\u00ebrbashk\u00ebt europiane. Ne i duam ambasador\u00ebt dhe politikan\u00ebt e huaj, p.sh, kur ata flasin para kamerave televizive shqiptare si n\u00eb mitingun e opozit\u00ebs ose n\u00eb antimitingun e qeveris\u00eb, por nuk i duam kur ata \u201ckalojn\u00eb cakun\u201d, flasin hapur, mbi interesat e Shqip\u00ebris\u00eb dhe p\u00ebrgjegj\u00ebsit\u00eb e prij\u00ebsve tan\u00eb politik\u00eb. <\/p>\n<p>Ne e duam ambasadorin amerikan kur sjell telegrame lavd\u00ebrimi t\u00eb presidentit amerikan p\u00ebr krer\u00ebt shqiptar\u00eb lidhur me misionet tona ushtarake, por ne e refuzojm\u00eb, e kritikojm\u00eb, flasim p\u00ebr sovranitet shtet\u00ebror kur SHBA, p\u00ebrmes ambasadorit thot\u00eb se me ligjin e SHISH kemi cenuar miq\u00ebsin\u00eb amerikane, se ka korrupsion t\u00eb lart\u00eb, qeverisja nuk \u00ebsht\u00eb transparente, pal\u00ebt nuk po mbrojn\u00eb demokracin\u00eb, por pushtetin dhe interesat e tyre. Ne e duam OSBE-n\u00eb dhe e ftojm\u00eb t\u00eb vij\u00eb n\u00eb zgjedhje, por kur ajo b\u00ebn raportin zgjedhor, nisin sulmet saj. <\/p>\n<p>Ne e duam BE-n\u00eb, duam miq\u00ebsin\u00eb gjermane, duam ndihmat italiane, duam nd\u00ebrmjet\u00ebsimin britanik, por kur ambasador\u00ebt e tyre b\u00ebjn\u00eb kritika mbi prij\u00ebsit tan\u00eb politik\u00eb, ata anatemohen, dhe secilit prej tyre u tregojm\u00eb der\u00ebn. Si m\u00eb 1914, si m\u00eb 1924, si m\u00eb 1928, si m\u00eb 1945, si m\u00eb 1990, si m\u00eb 1997, si m\u00eb 2001, ashtu edhe m\u00eb 2010.<\/p>\n<p>Ne ankohemi p\u00ebr t\u00eb huajt, u kujtojm\u00eb atyre sovranitetin, por nj\u00ebher\u00ebsh ne, sa her\u00eb zihemi me njeri-tjetrin, u drejtohemi kancelarive t\u00eb huaja p\u00ebr nd\u00ebrmjet\u00ebsim, sa her\u00eb grindemi, sulemi n\u00eb zyrat nd\u00ebrkomb\u00ebtare p\u00ebr t\u00eb sulmuar e diskretituar pal\u00ebn tjet\u00ebr, b\u00ebjm\u00eb raporte e shkresa pafund kund\u00ebr pal\u00ebs tjet\u00ebr dhe me to mbushim kutit\u00eb postare t\u00eb t\u00eb huajve, i ftojm\u00eb n\u00eb ceremoni dhe shtyhemi n\u00eb radh\u00eb p\u00ebr t\u00eb b\u00ebr\u00eb nj\u00eb foto me ta, b\u00ebjm\u00eb servilin n\u00eb marr\u00ebdh\u00ebnie nd\u00ebrkomb\u00ebtare n\u00eb shk\u00ebmbim me nj\u00eb foto zyrtare me nj\u00eb president, kryeminist\u00ebr a kancelar. <\/p>\n<p>Nuk jan\u00eb t\u00eb huajt q\u00eb p\u00ebrfshihen n\u00eb politik\u00ebn e brendshme, jemi ne q\u00eb i p\u00ebrfshijm\u00eb, jemi ne q\u00eb i duam t\u00eb jen\u00eb gjyqtar\u00eb, jemi ne q\u00eb u besojm\u00eb m\u00eb shum\u00eb se institucioneve tona, jemi ne q\u00eb i kemi goditur aq shum\u00eb institucionet tona vendore sa i kemi b\u00ebr\u00eb t\u00eb pabesueshme p\u00ebrpara \u00e7do deklarate anglisht t\u00eb nj\u00eb ambasadori, jemi ne q\u00eb u hapim pun\u00eb ambasadave t\u00eb huaja, u k\u00ebrkojm\u00eb t\u00eb mos sillen si t\u00eb huaj, por si m\u00ebk\u00ebmb\u00ebs t\u00eb s\u00eb v\u00ebrtet\u00ebs, u k\u00ebrkojm\u00eb t\u00eb mos flasin me gjuh\u00eb diplomatike, por me gjuh\u00eb t\u00eb qart\u00eb popullore, dhe kur e b\u00ebjn\u00eb k\u00ebt\u00eb, si\u00e7 ndodhi edhe tani, u themi se kan\u00eb kaluar kufirin e lejuar dhe kan\u00eb cenuar sovranitetin. <\/p>\n<p>Kryeministri tha se Per\u00ebndimi pret q\u00eb kriza t\u00eb zgjidhet nga vet\u00eb shqiptar\u00ebt. Ai ishte dakord me ket\u00eb dhe n\u00eb em\u00ebr t\u00eb gjysm\u00ebs shqiptare (maxhoranc\u00ebs) tha se opozita duhet t\u00eb mbyll\u00eb goj\u00ebn, t\u00eb mbyll\u00eb protest\u00ebn dhe t\u00eb pranoj\u00eb \u00e7do k\u00ebrkes\u00eb e kusht t\u00eb qeveris\u00eb. Edhe opozita \u00ebsht\u00eb p\u00ebr zgjidhje shqiptare, edhe ajo n\u00eb em\u00ebr t\u00eb gjysm\u00ebs tjet\u00ebr, i k\u00ebrkon qeveris\u00eb t\u00eb largohet. Imagjinoni dy pal\u00eb q\u00eb thon\u00eb se kriz\u00ebn e zgjidhim vet\u00eb dhe nj\u00ebher\u00ebsh secila i k\u00ebrkon pal\u00ebs tjet\u00ebr jo dialog e marr\u00ebveshje, por t\u00ebrheqje pa kushte, dor\u00ebzim pa kushte, posht\u00ebrim pa kushte. Si m\u00eb 1914, si m\u00eb 1924, si m\u00eb 1945, si m\u00eb 1990, si m\u00eb 1997, ashtu edhe m\u00eb 2010. Pal\u00eb t\u00eb tjera nuk kemi, sepse t\u00eb tjer\u00ebt qenien asnjan\u00ebs e keqkuptojn\u00eb me mosp\u00ebrfshirjen fare n\u00eb zgjidhje, ose kan\u00eb zgjedhur t\u00eb b\u00ebhen pal\u00eb me pal\u00ebt. <\/p>\n<p>N\u00eb em\u00ebr t\u00eb sovranitetit pal\u00ebt po na \u00e7ojn\u00eb n\u00eb kriz\u00eb t\u00eb thell\u00eb politike, shoq\u00ebrore, ekonomike dhe diplomatike. N\u00eb em\u00ebr t\u00eb sovranitetit, pal\u00ebt po na k\u00ebrkojn\u00eb t\u00eb mos d\u00ebgjojm\u00eb \u00e7far\u00eb thon\u00eb SHBA, BE apo OSBE, por t\u00eb lexojm\u00eb vet\u00ebm \u2018RD\u2019 apo \u2018ZP\u2019. N\u00eb em\u00ebr t\u00eb sovranitetit, vet\u00eb Per\u00ebndimi po na v\u00eb n\u00eb prov\u00ebn e humbur t\u00eb paaft\u00ebsis\u00eb ton\u00eb t\u00eb radh\u00ebs p\u00ebr t\u00eb ofruar zgjidhje, partneritet dhe p\u00ebrgjegj\u00ebsi. Kjo nuk \u00ebsht\u00eb ajo q\u00eb duam, ajo q\u00eb kemi nevoj\u00eb, ajo q\u00eb duhet t\u00eb pranojm\u00eb, ajo q\u00eb na sjell stabilitet e demokraci funksionale. N\u00ebse ka politikan q\u00eb p\u00ebr interesa politike momenti k\u00ebrkon q\u00eb n\u00eb em\u00ebr t\u00eb sovranitetit t\u2019i tregoj\u00eb der\u00ebn ambasadorit amerikan, atij t\u00eb BE-s\u00eb, atij t\u00eb OSBE-s\u00eb, etj, kjo nuk \u00ebsht\u00eb nj\u00eb politik\u00eb n\u00eb dobi t\u00eb shoq\u00ebris\u00eb e t\u00eb shtetit shqiptar. Kjo \u00ebsht\u00eb nj\u00eb axhend\u00eb personale kund\u00ebr axhend\u00ebs dhe interesit publik.<\/p>\n<p>Kriza \u00ebsht\u00eb aty, kriza k\u00ebrkon zgjidhje, kriza nuk zgjidhet dot nga aktor\u00ebt vendore, kriza k\u00ebrkon patjet\u00ebr investim direkt nd\u00ebrkomb\u00ebtar, ndryshe rrezikojm\u00eb \u201czgjidhje shqiptare\u201d q\u00eb do t\u00eb k\u00ebrkoj\u00eb m\u00eb vone misione diplomatike e paqj\u00ebeje si ato te viteve 1991 dhe 1997. N\u00eb k\u00ebto rrethana, n\u00ebse me vend sovran e sovranitet quhet mandati p\u00ebr ta sunduar dhe jo mir\u00ebqeverisur k\u00ebt\u00eb vend, p\u00ebr t\u00eb mbajtur apo marr\u00eb me \u00e7do kusht pushtet, p\u00ebr politik\u00eb pa rregulla e parime, pa moral e p\u00ebrgjegj\u00ebsi, at\u00ebher\u00eb si un\u00eb, jam i sigurte se gjenden nj\u00eb shumic\u00eb shqiptare e heshtur, q\u00eb do t\u00eb donin \u201ccenimin e sovranitetit\u201d nga SHBA, BE, OSBE n\u00eb shk\u00ebmbim t\u00eb nj\u00eb Shqip\u00ebrie normale dhe europiane, pa prij\u00ebs feudal\u00eb politik\u00eb, po me qytetar\u00eb t\u00eb lir\u00eb dhe politikan\u00eb, q\u00eb si\u00e7 k\u00ebshillon Konica, duhet t\u00eb flasin vet\u00ebm kur kan\u00eb di\u00e7ka p\u00ebr t\u00eb th\u00ebn\u00eb. <\/p>\n","protected":false},"excerpt":{"rendered":"<p>NGA: AFRIM KRASNIQI Faik Konica, duke shkruar p\u00ebr Shqip\u00ebrin\u00eb e viteve 1914, thoshte se \u201cvendi i ngjason nj\u00eb tregu t\u00eb madh e t\u00eb populluar fshatar ku shumica jeton n\u00eb varf\u00ebri, t\u00eb pasurit num\u00ebrohen me gishta dhe ata b\u00ebrtasin n\u00eb em\u00ebr t\u00eb kombit, t\u00eb paditurit flasin me z\u00eb t\u00eb lart\u00eb e pa kufi p\u00ebr patriotizma, t\u00eb [&hellip;]<\/p>\n","protected":false},"author":1,"featured_media":0,"comment_status":"open","ping_status":"closed","sticky":false,"template":"","format":"standard","meta":{"footnotes":""},"categories":[2],"tags":[],"class_list":{"0":"post-2684","1":"post","2":"type-post","3":"status-publish","4":"format-standard","6":"category-artikuj"},"yoast_head":"<!-- This site is optimized with the Yoast SEO plugin v27.4 - https:\/\/yoast.com\/product\/yoast-seo-wordpress\/ -->\n<title>N\u00eb em\u00ebr t\u00eb sovranitetit - FjALA e LIR\u00cb - Arkivi<\/title>\n<meta name=\"robots\" content=\"index, follow, max-snippet:-1, max-image-preview:large, max-video-preview:-1\" \/>\n<link rel=\"canonical\" href=\"https:\/\/fjala.info\/2009-2015\/ne-emer-te-sovranitetit\/\" \/>\n<meta property=\"og:locale\" content=\"sq_AL\" \/>\n<meta property=\"og:type\" content=\"article\" \/>\n<meta property=\"og:title\" content=\"N\u00eb em\u00ebr t\u00eb sovranitetit - FjALA e LIR\u00cb - Arkivi\" \/>\n<meta property=\"og:description\" content=\"NGA: AFRIM KRASNIQI Faik Konica, duke shkruar p\u00ebr Shqip\u00ebrin\u00eb e viteve 1914, thoshte se \u201cvendi i ngjason nj\u00eb tregu t\u00eb madh e t\u00eb populluar fshatar ku shumica jeton n\u00eb varf\u00ebri, t\u00eb pasurit num\u00ebrohen me gishta dhe ata b\u00ebrtasin n\u00eb em\u00ebr t\u00eb kombit, t\u00eb paditurit flasin me z\u00eb t\u00eb lart\u00eb e pa kufi p\u00ebr patriotizma, t\u00eb [&hellip;]\" \/>\n<meta property=\"og:url\" content=\"https:\/\/fjala.info\/2009-2015\/ne-emer-te-sovranitetit\/\" \/>\n<meta property=\"og:site_name\" content=\"FjALA e LIR\u00cb - Arkivi\" \/>\n<meta property=\"article:published_time\" content=\"2010-05-16T15:13:21+00:00\" \/>\n<meta property=\"og:image\" content=\"http:\/\/www.shkoder.net\/images\/fjala\/afrim_krasniqi.jpg\" \/>\n<meta name=\"author\" content=\"admin\" \/>\n<meta name=\"twitter:card\" content=\"summary_large_image\" \/>\n<meta name=\"twitter:label1\" content=\"Written by\" \/>\n\t<meta name=\"twitter:data1\" content=\"admin\" \/>\n\t<meta name=\"twitter:label2\" content=\"Est. reading time\" \/>\n\t<meta name=\"twitter:data2\" content=\"8 minutes\" \/>\n<script type=\"application\/ld+json\" class=\"yoast-schema-graph\">{\"@context\":\"https:\\\/\\\/schema.org\",\"@graph\":[{\"@type\":\"Article\",\"@id\":\"https:\\\/\\\/fjala.info\\\/2009-2015\\\/ne-emer-te-sovranitetit\\\/#article\",\"isPartOf\":{\"@id\":\"https:\\\/\\\/fjala.info\\\/2009-2015\\\/ne-emer-te-sovranitetit\\\/\"},\"author\":{\"name\":\"admin\",\"@id\":\"https:\\\/\\\/fjala.info\\\/2009-2015\\\/#\\\/schema\\\/person\\\/3aa1163ef05469c496fc94e77611ada2\"},\"headline\":\"N\u00eb em\u00ebr t\u00eb sovranitetit\",\"datePublished\":\"2010-05-16T15:13:21+00:00\",\"mainEntityOfPage\":{\"@id\":\"https:\\\/\\\/fjala.info\\\/2009-2015\\\/ne-emer-te-sovranitetit\\\/\"},\"wordCount\":1532,\"commentCount\":0,\"publisher\":{\"@id\":\"https:\\\/\\\/fjala.info\\\/2009-2015\\\/#organization\"},\"image\":{\"@id\":\"https:\\\/\\\/fjala.info\\\/2009-2015\\\/ne-emer-te-sovranitetit\\\/#primaryimage\"},\"thumbnailUrl\":\"http:\\\/\\\/www.shkoder.net\\\/images\\\/fjala\\\/afrim_krasniqi.jpg\",\"articleSection\":[\"Artikuj\"],\"inLanguage\":\"sq-AL\",\"potentialAction\":[{\"@type\":\"CommentAction\",\"name\":\"Comment\",\"target\":[\"https:\\\/\\\/fjala.info\\\/2009-2015\\\/ne-emer-te-sovranitetit\\\/#respond\"]}]},{\"@type\":\"WebPage\",\"@id\":\"https:\\\/\\\/fjala.info\\\/2009-2015\\\/ne-emer-te-sovranitetit\\\/\",\"url\":\"https:\\\/\\\/fjala.info\\\/2009-2015\\\/ne-emer-te-sovranitetit\\\/\",\"name\":\"N\u00eb em\u00ebr t\u00eb sovranitetit - FjALA e LIR\u00cb - Arkivi\",\"isPartOf\":{\"@id\":\"https:\\\/\\\/fjala.info\\\/2009-2015\\\/#website\"},\"primaryImageOfPage\":{\"@id\":\"https:\\\/\\\/fjala.info\\\/2009-2015\\\/ne-emer-te-sovranitetit\\\/#primaryimage\"},\"image\":{\"@id\":\"https:\\\/\\\/fjala.info\\\/2009-2015\\\/ne-emer-te-sovranitetit\\\/#primaryimage\"},\"thumbnailUrl\":\"http:\\\/\\\/www.shkoder.net\\\/images\\\/fjala\\\/afrim_krasniqi.jpg\",\"datePublished\":\"2010-05-16T15:13:21+00:00\",\"breadcrumb\":{\"@id\":\"https:\\\/\\\/fjala.info\\\/2009-2015\\\/ne-emer-te-sovranitetit\\\/#breadcrumb\"},\"inLanguage\":\"sq-AL\",\"potentialAction\":[{\"@type\":\"ReadAction\",\"target\":[\"https:\\\/\\\/fjala.info\\\/2009-2015\\\/ne-emer-te-sovranitetit\\\/\"]}]},{\"@type\":\"ImageObject\",\"inLanguage\":\"sq-AL\",\"@id\":\"https:\\\/\\\/fjala.info\\\/2009-2015\\\/ne-emer-te-sovranitetit\\\/#primaryimage\",\"url\":\"http:\\\/\\\/www.shkoder.net\\\/images\\\/fjala\\\/afrim_krasniqi.jpg\",\"contentUrl\":\"http:\\\/\\\/www.shkoder.net\\\/images\\\/fjala\\\/afrim_krasniqi.jpg\"},{\"@type\":\"BreadcrumbList\",\"@id\":\"https:\\\/\\\/fjala.info\\\/2009-2015\\\/ne-emer-te-sovranitetit\\\/#breadcrumb\",\"itemListElement\":[{\"@type\":\"ListItem\",\"position\":1,\"name\":\"Home\",\"item\":\"https:\\\/\\\/fjala.info\\\/2009-2015\\\/\"},{\"@type\":\"ListItem\",\"position\":2,\"name\":\"N\u00eb em\u00ebr t\u00eb sovranitetit\"}]},{\"@type\":\"WebSite\",\"@id\":\"https:\\\/\\\/fjala.info\\\/2009-2015\\\/#website\",\"url\":\"https:\\\/\\\/fjala.info\\\/2009-2015\\\/\",\"name\":\"FjALA e LIR\u00cb - Arkivi\",\"description\":\"Arkivi 2009-2015\",\"publisher\":{\"@id\":\"https:\\\/\\\/fjala.info\\\/2009-2015\\\/#organization\"},\"potentialAction\":[{\"@type\":\"SearchAction\",\"target\":{\"@type\":\"EntryPoint\",\"urlTemplate\":\"https:\\\/\\\/fjala.info\\\/2009-2015\\\/?s={search_term_string}\"},\"query-input\":{\"@type\":\"PropertyValueSpecification\",\"valueRequired\":true,\"valueName\":\"search_term_string\"}}],\"inLanguage\":\"sq-AL\"},{\"@type\":\"Organization\",\"@id\":\"https:\\\/\\\/fjala.info\\\/2009-2015\\\/#organization\",\"name\":\"FjALA e LIR\u00cb - Arkivi\",\"url\":\"https:\\\/\\\/fjala.info\\\/2009-2015\\\/\",\"logo\":{\"@type\":\"ImageObject\",\"inLanguage\":\"sq-AL\",\"@id\":\"https:\\\/\\\/fjala.info\\\/2009-2015\\\/#\\\/schema\\\/logo\\\/image\\\/\",\"url\":\"\",\"contentUrl\":\"\",\"caption\":\"FjALA e LIR\u00cb - Arkivi\"},\"image\":{\"@id\":\"https:\\\/\\\/fjala.info\\\/2009-2015\\\/#\\\/schema\\\/logo\\\/image\\\/\"}},{\"@type\":\"Person\",\"@id\":\"https:\\\/\\\/fjala.info\\\/2009-2015\\\/#\\\/schema\\\/person\\\/3aa1163ef05469c496fc94e77611ada2\",\"name\":\"admin\",\"image\":{\"@type\":\"ImageObject\",\"inLanguage\":\"sq-AL\",\"@id\":\"https:\\\/\\\/fjala.info\\\/2009-2015\\\/wp-content\\\/uploads\\\/2012\\\/02\\\/arben_cokaj-120x150.jpg\",\"url\":\"https:\\\/\\\/fjala.info\\\/2009-2015\\\/wp-content\\\/uploads\\\/2012\\\/02\\\/arben_cokaj-120x150.jpg\",\"contentUrl\":\"https:\\\/\\\/fjala.info\\\/2009-2015\\\/wp-content\\\/uploads\\\/2012\\\/02\\\/arben_cokaj-120x150.jpg\",\"caption\":\"admin\"},\"description\":\"Admin, Fjala e Lir\u00eb\",\"sameAs\":[\"https:\\\/\\\/fjala.info\\\/\"],\"url\":\"https:\\\/\\\/fjala.info\\\/2009-2015\\\/author\\\/admin\\\/\"}]}<\/script>\n<!-- \/ Yoast SEO plugin. -->","yoast_head_json":{"title":"N\u00eb em\u00ebr t\u00eb sovranitetit - FjALA e LIR\u00cb - Arkivi","robots":{"index":"index","follow":"follow","max-snippet":"max-snippet:-1","max-image-preview":"max-image-preview:large","max-video-preview":"max-video-preview:-1"},"canonical":"https:\/\/fjala.info\/2009-2015\/ne-emer-te-sovranitetit\/","og_locale":"sq_AL","og_type":"article","og_title":"N\u00eb em\u00ebr t\u00eb sovranitetit - FjALA e LIR\u00cb - Arkivi","og_description":"NGA: AFRIM KRASNIQI Faik Konica, duke shkruar p\u00ebr Shqip\u00ebrin\u00eb e viteve 1914, thoshte se \u201cvendi i ngjason nj\u00eb tregu t\u00eb madh e t\u00eb populluar fshatar ku shumica jeton n\u00eb varf\u00ebri, t\u00eb pasurit num\u00ebrohen me gishta dhe ata b\u00ebrtasin n\u00eb em\u00ebr t\u00eb kombit, t\u00eb paditurit flasin me z\u00eb t\u00eb lart\u00eb e pa kufi p\u00ebr patriotizma, t\u00eb [&hellip;]","og_url":"https:\/\/fjala.info\/2009-2015\/ne-emer-te-sovranitetit\/","og_site_name":"FjALA e LIR\u00cb - Arkivi","article_published_time":"2010-05-16T15:13:21+00:00","og_image":[{"url":"http:\/\/www.shkoder.net\/images\/fjala\/afrim_krasniqi.jpg","type":"","width":"","height":""}],"author":"admin","twitter_card":"summary_large_image","twitter_misc":{"Written by":"admin","Est. reading time":"8 minutes"},"schema":{"@context":"https:\/\/schema.org","@graph":[{"@type":"Article","@id":"https:\/\/fjala.info\/2009-2015\/ne-emer-te-sovranitetit\/#article","isPartOf":{"@id":"https:\/\/fjala.info\/2009-2015\/ne-emer-te-sovranitetit\/"},"author":{"name":"admin","@id":"https:\/\/fjala.info\/2009-2015\/#\/schema\/person\/3aa1163ef05469c496fc94e77611ada2"},"headline":"N\u00eb em\u00ebr t\u00eb sovranitetit","datePublished":"2010-05-16T15:13:21+00:00","mainEntityOfPage":{"@id":"https:\/\/fjala.info\/2009-2015\/ne-emer-te-sovranitetit\/"},"wordCount":1532,"commentCount":0,"publisher":{"@id":"https:\/\/fjala.info\/2009-2015\/#organization"},"image":{"@id":"https:\/\/fjala.info\/2009-2015\/ne-emer-te-sovranitetit\/#primaryimage"},"thumbnailUrl":"http:\/\/www.shkoder.net\/images\/fjala\/afrim_krasniqi.jpg","articleSection":["Artikuj"],"inLanguage":"sq-AL","potentialAction":[{"@type":"CommentAction","name":"Comment","target":["https:\/\/fjala.info\/2009-2015\/ne-emer-te-sovranitetit\/#respond"]}]},{"@type":"WebPage","@id":"https:\/\/fjala.info\/2009-2015\/ne-emer-te-sovranitetit\/","url":"https:\/\/fjala.info\/2009-2015\/ne-emer-te-sovranitetit\/","name":"N\u00eb em\u00ebr t\u00eb sovranitetit - FjALA e LIR\u00cb - Arkivi","isPartOf":{"@id":"https:\/\/fjala.info\/2009-2015\/#website"},"primaryImageOfPage":{"@id":"https:\/\/fjala.info\/2009-2015\/ne-emer-te-sovranitetit\/#primaryimage"},"image":{"@id":"https:\/\/fjala.info\/2009-2015\/ne-emer-te-sovranitetit\/#primaryimage"},"thumbnailUrl":"http:\/\/www.shkoder.net\/images\/fjala\/afrim_krasniqi.jpg","datePublished":"2010-05-16T15:13:21+00:00","breadcrumb":{"@id":"https:\/\/fjala.info\/2009-2015\/ne-emer-te-sovranitetit\/#breadcrumb"},"inLanguage":"sq-AL","potentialAction":[{"@type":"ReadAction","target":["https:\/\/fjala.info\/2009-2015\/ne-emer-te-sovranitetit\/"]}]},{"@type":"ImageObject","inLanguage":"sq-AL","@id":"https:\/\/fjala.info\/2009-2015\/ne-emer-te-sovranitetit\/#primaryimage","url":"http:\/\/www.shkoder.net\/images\/fjala\/afrim_krasniqi.jpg","contentUrl":"http:\/\/www.shkoder.net\/images\/fjala\/afrim_krasniqi.jpg"},{"@type":"BreadcrumbList","@id":"https:\/\/fjala.info\/2009-2015\/ne-emer-te-sovranitetit\/#breadcrumb","itemListElement":[{"@type":"ListItem","position":1,"name":"Home","item":"https:\/\/fjala.info\/2009-2015\/"},{"@type":"ListItem","position":2,"name":"N\u00eb em\u00ebr t\u00eb sovranitetit"}]},{"@type":"WebSite","@id":"https:\/\/fjala.info\/2009-2015\/#website","url":"https:\/\/fjala.info\/2009-2015\/","name":"FjALA e LIR\u00cb - Arkivi","description":"Arkivi 2009-2015","publisher":{"@id":"https:\/\/fjala.info\/2009-2015\/#organization"},"potentialAction":[{"@type":"SearchAction","target":{"@type":"EntryPoint","urlTemplate":"https:\/\/fjala.info\/2009-2015\/?s={search_term_string}"},"query-input":{"@type":"PropertyValueSpecification","valueRequired":true,"valueName":"search_term_string"}}],"inLanguage":"sq-AL"},{"@type":"Organization","@id":"https:\/\/fjala.info\/2009-2015\/#organization","name":"FjALA e LIR\u00cb - Arkivi","url":"https:\/\/fjala.info\/2009-2015\/","logo":{"@type":"ImageObject","inLanguage":"sq-AL","@id":"https:\/\/fjala.info\/2009-2015\/#\/schema\/logo\/image\/","url":"","contentUrl":"","caption":"FjALA e LIR\u00cb - Arkivi"},"image":{"@id":"https:\/\/fjala.info\/2009-2015\/#\/schema\/logo\/image\/"}},{"@type":"Person","@id":"https:\/\/fjala.info\/2009-2015\/#\/schema\/person\/3aa1163ef05469c496fc94e77611ada2","name":"admin","image":{"@type":"ImageObject","inLanguage":"sq-AL","@id":"https:\/\/fjala.info\/2009-2015\/wp-content\/uploads\/2012\/02\/arben_cokaj-120x150.jpg","url":"https:\/\/fjala.info\/2009-2015\/wp-content\/uploads\/2012\/02\/arben_cokaj-120x150.jpg","contentUrl":"https:\/\/fjala.info\/2009-2015\/wp-content\/uploads\/2012\/02\/arben_cokaj-120x150.jpg","caption":"admin"},"description":"Admin, Fjala e Lir\u00eb","sameAs":["https:\/\/fjala.info\/"],"url":"https:\/\/fjala.info\/2009-2015\/author\/admin\/"}]}},"_links":{"self":[{"href":"https:\/\/fjala.info\/2009-2015\/wp-json\/wp\/v2\/posts\/2684","targetHints":{"allow":["GET"]}}],"collection":[{"href":"https:\/\/fjala.info\/2009-2015\/wp-json\/wp\/v2\/posts"}],"about":[{"href":"https:\/\/fjala.info\/2009-2015\/wp-json\/wp\/v2\/types\/post"}],"author":[{"embeddable":true,"href":"https:\/\/fjala.info\/2009-2015\/wp-json\/wp\/v2\/users\/1"}],"replies":[{"embeddable":true,"href":"https:\/\/fjala.info\/2009-2015\/wp-json\/wp\/v2\/comments?post=2684"}],"version-history":[{"count":0,"href":"https:\/\/fjala.info\/2009-2015\/wp-json\/wp\/v2\/posts\/2684\/revisions"}],"wp:attachment":[{"href":"https:\/\/fjala.info\/2009-2015\/wp-json\/wp\/v2\/media?parent=2684"}],"wp:term":[{"taxonomy":"category","embeddable":true,"href":"https:\/\/fjala.info\/2009-2015\/wp-json\/wp\/v2\/categories?post=2684"},{"taxonomy":"post_tag","embeddable":true,"href":"https:\/\/fjala.info\/2009-2015\/wp-json\/wp\/v2\/tags?post=2684"}],"curies":[{"name":"wp","href":"https:\/\/api.w.org\/{rel}","templated":true}]}}