{"id":2683,"date":"2012-04-28T22:05:55","date_gmt":"2012-04-28T21:05:55","guid":{"rendered":"http:\/\/fjala.shkoder.net\/?p=2683"},"modified":"2012-04-28T22:05:55","modified_gmt":"2012-04-28T21:05:55","slug":"o-dan","status":"publish","type":"post","link":"https:\/\/fjala.info\/2009-2015\/o-dan\/","title":{"rendered":"O Dan!"},"content":{"rendered":"<p><img decoding=\"async\" class=\"alignright size-thumbnail wp-image-7236\" title=\"Ardian Klosi\" src=\"http:\/\/www.shkoder.net\/2012\/ardian_klosi1.jpg\" alt=\"\" width=\"300\" \/> Nga <strong>Ledi Shamku-Shkreli<\/strong>, <em>28 Prill 2012<\/em><\/p>\n<p>Thon\u00eb se vdekja e shokut \u00ebsht\u00eb si rr\u00ebzimi i nj\u00eb lisi t\u00eb gjer\u00eb \u2013 l\u00eb nj\u00eb grop\u00eb t\u00eb madhe zbuluar p\u00ebr nga qielli. Lisi ra e ma b\u00ebri zemr\u00ebn grop\u00eb sot\u2026 U shihka qielli edhe p\u00ebrmes zgavr\u00ebs n\u00eb zem\u00ebr! Por ty ende s\u2019po t\u00eb shoh.<\/p>\n<p>Jam e pasprovuar me vdekjen. P\u00ebrve\u00e7 sime gjysheje, nuk kam p\u00ebrjetuar tjet\u00ebr vdekje t\u00eb af\u00ebrt. Ty t\u2019kam shok o Dan, m\u00eb t\u00eb mirin shok e mik, dhe kaq mjafton q\u00eb ti t\u00eb mos ik\u00ebsh. M\u00eb i miri ik\u2019ka i pari?! Prit, prit\u2026 . Nuk mjafton t\u00eb \u00e7ohesh me ik\u00eb, duhet edhe t\u00eb t\u00eb l\u00ebn\u00eb me ik\u00eb. E mban mend q\u00eb ishim bashk\u00eb para nj\u00eb jave, un\u00eb ti e Tani, n\u00eb mbasdreken me gjurm\u00eb zanash e me fjal\u00eb arb\u00ebrishte? N\u00eb mbasdreken ku na the vendimin p\u00ebr t\u2019ia kthyer albanologjis\u00eb Ardian Klosin me gjith\u00eb sa ka dije e pasion.<\/p>\n<p>Un\u00eb e hapa lajmin e mir\u00eb, e tash ka do djem e vajza q\u00eb t\u00eb presin, profesor! Oh \u00e7\u2019fat p\u00ebr ata, sikur ta d\u00ebgjojn\u00eb Shqipen e Vjet\u00ebr nga nj\u00eb rilind\u00ebs si ty; nga ty, veshur me jelekun e setr\u00ebs e ngjeshur me dashurin\u00eb e zemr\u00ebs p\u00ebr \u00e7do tingull a rr\u00ebfenj\u00eb amtarishte. Nga ty q\u00eb je m\u00eb murg se Buzuku e m\u00eb i ngrysur se Budi, por je po aq i ri sa Bardhi e me po aq vlag\u00eb pasioni sa Bogdani. Nga ty, Dan q\u00eb di t\u00eb prrallesh magjish\u00ebm si Reinholdi yt. Rri pra rri, se edhe koha dro\u2019 zgjedh t\u00eb ndalet po u ndale ti.<\/p>\n<p>A mban mend q\u00eb m\u00eb the se po b\u00ebje gati m\u00eb t\u00eb mirat shkrime t\u00eb Aleksand\u00ebr Xhuvanit, nj\u00eb p\u00ebrmbledhje q\u00eb askush tjet\u00ebr ve\u00e7 teje s\u2019mund ta b\u00ebj\u00eb m\u00eb sakt\u00eb, me p\u00ebrkushtim prej nipi? Sigurisht q\u00eb e mban mend, se m\u00eb premtove q\u00eb do ta botonim shpejt-e-shpejt n\u00eb Excipere, e un\u00eb po ashtu t\u00eb dhash\u00eb fjal\u00ebn se do t\u2019i mblidhja e p\u00ebrmblidhja vet\u00eb n\u00eb nj\u00eb v\u00ebllim gjith\u00eb shkrimet e tua p\u00ebr gjuh\u00ebsin\u00eb, meq\u00eb ti lodhesh e zdrit shum\u00ebk\u00ebnd ve\u00e7 vetes. T\u00eb dhash fjal\u00ebn Dan, t\u00eb t\u2019i p\u00ebrmblidhja, se ashtu ku e ku, nd\u00ebr koh\u00eb e gazeta, hap\u00ebrdahen, ikin, treten, largohen e na largohen o Dan! T\u2019i duam k\u00ebtu fjal\u00ebt. Dhe shpirtin ta duam k\u00ebtu. Se kemi nevoj\u00eb ta mbajm\u00eb prap\u00eb shok me tonin, sa her\u00eb q\u00eb ky shpirti yn\u00eb na liget nga kurthet e antiqytet\u00ebrimit. K\u00ebshtu ka qen\u00eb p\u00ebrher\u00eb. Ti e di, ndaj mos e v\u00ebr m\u00eb kot cepin e buz\u00ebs n\u00eb gaz si p\u00ebr t\u00eb th\u00ebn\u00eb: \u201cUn\u00eb forc\u00eb?! \u00c7\u2019nemelaz\u00ebm!\u201d.<\/p>\n<p>Vijm\u00eb tek ti, sekushi nga ne, sa her\u00eb ndjehemi fillikat n\u00eb betejat me muzgun. Vijm\u00eb e nuk e b\u00ebjm\u00eb asfare at\u00eb pyetjen prej ng\u00ebr\u00e7i marroq: \u201c\u00c7\u2019do b\u00ebsh Dan, si e ke mendjen k\u00ebsaj radhe\u201d, se ti nisesh vetiu i pari p\u00ebr luft\u00eb. E ne t\u00eb vijm\u00eb pas, t\u00eb ngush\u00eblluar nga prania jote. Ndaj nuk t\u00eb l\u00eb t\u00eb ik\u00ebsh sot or Dan, a d\u00ebgjon? Nuk ik\u00ebn dot. Kush niset i pari p\u00ebr n\u00eb luft\u00eb, nuk mund t\u00eb niset i pari edhe p\u00ebr n\u00eb paqe.<\/p>\n<p>Si\u00e7 po t\u00eb thoja, ta kam dh\u00ebn\u00eb fjal\u00ebn o shok, e kam me t\u2019i p\u00ebrmbledh\u00eb t\u00eb gjitha shtigjet e arsyes t\u00ebnde p\u00ebr k\u00ebt\u00eb shqipen ton\u00eb. Po nd\u00ebrkoh\u00eb kan\u00eb me rend\u00eb dit\u00ebt e ka me ardh\u00eb s\u00ebrish ajo tryeza jon\u00eb e p\u00ebrvitshme e gjuh\u00ebsis\u00eb, e as aty Dan s\u2019mund t\u00eb mungosh. Pa ty jemi pak, edhe jemi t\u00eb vobek\u00ebt n\u00eb shpirt e n\u00eb frym\u00eb.<\/p>\n<p>Lajmet e gazetat miz\u00ebrijn\u00eb sot, Dan e t\u00eb shoh gjithkund mbi let\u00ebr a celuloid. Nderojn\u00eb, kujtojn\u00eb, \u00e7mojn\u00eb, rr\u00ebmojn\u00eb \u2013 si lajmet! E hutuar nga gjith\u00eb kjo parad\u00eb ngjyr\u00eb plumbi, m\u00eb vjen t\u2019u th\u00ebrras si sh\u00ebn Luka: \u201c\u00c7far\u00eb prisnit t\u00eb gjenit n\u00eb shkret\u00ebtir\u00eb? Nj\u00eb lastar t\u00eb thyer m\u00eb dysh nga stuhit\u00eb? Nj\u00eb burr\u00eb t\u00eb veshur me tesha t\u00eb \u00e7muara? H\u00eb\u00eb, po ata q\u00eb vishen e ngjishen k\u00ebsisoj e rrojn\u00eb majm\u00ebrisht, ata i keni te sarajet e mbretit! \u00c7far\u00eb prisnit t\u00eb gjenit n\u00eb shkret\u00ebtir\u00eb? Nj\u00eb profet? Po, aty e keni, me t\u00eb v\u00ebrtet\u00eb e keni, dhe \u00ebsht\u00eb m\u00eb tep\u00ebr se profet!\u201d.<\/p>\n<p>Aty e kishit, aty t\u00eb kishim o Dan, aty\u2026 .<\/p>\n<p>Rri me ne, e ndiqe ve\u00e7 me v\u00ebshtrim at\u00eb radhuan e mortit. Ka rrug\u00ebn e vet ai, bart tjet\u00ebr l\u00ebnd\u00eb e nuk bart frym\u00ebn. Ajo je ti. Ajo frym\u00eb e ngadalt\u00eb dhe e shtruar q\u00eb lexohet n\u00eb shqipen e Pouqueville-it \u2013 ajo je ti. Ai gaz deri me lot n\u00eb tryezat tona, p\u00ebr t\u00eb cilat ime bij\u00eb e madhja m\u00eb tha sot se i ka pika referimi, ai gaz je ti. Ajo gatishm\u00ebri e qet\u00eb dhe natyrore p\u00ebr t\u2019i dal\u00eb s\u00eb keqes ballas, ajo je ti. Ai tingull qibar q\u00eb t\u00eb ka fjala e q\u00eb sa her\u00eb e kam d\u00ebgjuar, m\u00eb ka dh\u00ebn\u00eb ndjesin\u00eb e streh\u00ebs n\u00eb rrebesh, ai je ti. Ai mundim rr\u00ebgjues e i p\u00ebrditsh\u00ebm p\u00ebr t\u2019i dh\u00ebn\u00eb familjes sate dinjitet e qet\u00ebsi, n\u00eb k\u00ebt\u00eb vend ku mendjet e skllav\u00ebruara jan\u00eb n\u00eb liri kurse mendjet e lira duhet t\u00eb skllav\u00ebrohen n\u00eb pun\u00eb, ai mundim je ti.<\/p>\n<p>E shikon sa shum\u00eb arsye ka q\u00eb mos t\u00eb t\u00eb l\u00eb t\u00eb ik\u00ebsh? T\u00eb rrish k\u00ebtu si frym\u00eb e si kuraj\u00eb \u2013 kjo \u00ebsht\u00eb shortja jote. Ti je SHOKU. Gjith\u00eb t\u00eb tjer\u00ebt jan\u00eb o miq, o thjesht t\u00eb njohur.<\/p>\n<p>Kam nj\u00eb grop\u00eb n\u00eb zem\u00ebr sot prej nga shoh qiellin. Po ty ende nuk t\u00eb shoh aty n\u2019eter, o Dan.<\/p>\n","protected":false},"excerpt":{"rendered":"<p>Nga Ledi Shamku-Shkreli, 28 Prill 2012 Thon\u00eb se vdekja e shokut \u00ebsht\u00eb si rr\u00ebzimi i nj\u00eb lisi t\u00eb gjer\u00eb \u2013 l\u00eb nj\u00eb grop\u00eb t\u00eb madhe zbuluar p\u00ebr nga qielli. Lisi ra e ma b\u00ebri zemr\u00ebn grop\u00eb sot\u2026 U shihka qielli edhe p\u00ebrmes zgavr\u00ebs n\u00eb zem\u00ebr! Por ty ende s\u2019po t\u00eb shoh. Jam e pasprovuar me [&hellip;]<\/p>\n","protected":false},"author":1,"featured_media":0,"comment_status":"open","ping_status":"closed","sticky":false,"template":"","format":"standard","meta":{"footnotes":""},"categories":[2],"tags":[],"class_list":{"0":"post-2683","1":"post","2":"type-post","3":"status-publish","4":"format-standard","6":"category-artikuj"},"yoast_head":"<!-- This site is optimized with the Yoast SEO plugin v27.4 - https:\/\/yoast.com\/product\/yoast-seo-wordpress\/ -->\n<title>O Dan! - FjALA e LIR\u00cb - Arkivi<\/title>\n<meta name=\"robots\" content=\"index, follow, max-snippet:-1, max-image-preview:large, max-video-preview:-1\" \/>\n<link rel=\"canonical\" href=\"https:\/\/fjala.info\/2009-2015\/o-dan\/\" \/>\n<meta property=\"og:locale\" content=\"sq_AL\" \/>\n<meta property=\"og:type\" content=\"article\" \/>\n<meta property=\"og:title\" content=\"O Dan! - FjALA e LIR\u00cb - Arkivi\" \/>\n<meta property=\"og:description\" content=\"Nga Ledi Shamku-Shkreli, 28 Prill 2012 Thon\u00eb se vdekja e shokut \u00ebsht\u00eb si rr\u00ebzimi i nj\u00eb lisi t\u00eb gjer\u00eb \u2013 l\u00eb nj\u00eb grop\u00eb t\u00eb madhe zbuluar p\u00ebr nga qielli. Lisi ra e ma b\u00ebri zemr\u00ebn grop\u00eb sot\u2026 U shihka qielli edhe p\u00ebrmes zgavr\u00ebs n\u00eb zem\u00ebr! Por ty ende s\u2019po t\u00eb shoh. Jam e pasprovuar me [&hellip;]\" \/>\n<meta property=\"og:url\" content=\"https:\/\/fjala.info\/2009-2015\/o-dan\/\" \/>\n<meta property=\"og:site_name\" content=\"FjALA e LIR\u00cb - Arkivi\" \/>\n<meta property=\"article:published_time\" content=\"2012-04-28T21:05:55+00:00\" \/>\n<meta property=\"og:image\" content=\"http:\/\/www.shkoder.net\/2012\/ardian_klosi1.jpg\" \/>\n<meta name=\"author\" content=\"admin\" \/>\n<meta name=\"twitter:card\" content=\"summary_large_image\" \/>\n<meta name=\"twitter:label1\" content=\"Written by\" \/>\n\t<meta name=\"twitter:data1\" content=\"admin\" \/>\n\t<meta name=\"twitter:label2\" content=\"Est. reading time\" \/>\n\t<meta name=\"twitter:data2\" content=\"5 minutes\" \/>\n<script type=\"application\/ld+json\" class=\"yoast-schema-graph\">{\"@context\":\"https:\\\/\\\/schema.org\",\"@graph\":[{\"@type\":\"Article\",\"@id\":\"https:\\\/\\\/fjala.info\\\/2009-2015\\\/o-dan\\\/#article\",\"isPartOf\":{\"@id\":\"https:\\\/\\\/fjala.info\\\/2009-2015\\\/o-dan\\\/\"},\"author\":{\"name\":\"admin\",\"@id\":\"https:\\\/\\\/fjala.info\\\/2009-2015\\\/#\\\/schema\\\/person\\\/3aa1163ef05469c496fc94e77611ada2\"},\"headline\":\"O Dan!\",\"datePublished\":\"2012-04-28T21:05:55+00:00\",\"mainEntityOfPage\":{\"@id\":\"https:\\\/\\\/fjala.info\\\/2009-2015\\\/o-dan\\\/\"},\"wordCount\":994,\"commentCount\":0,\"publisher\":{\"@id\":\"https:\\\/\\\/fjala.info\\\/2009-2015\\\/#organization\"},\"image\":{\"@id\":\"https:\\\/\\\/fjala.info\\\/2009-2015\\\/o-dan\\\/#primaryimage\"},\"thumbnailUrl\":\"http:\\\/\\\/www.shkoder.net\\\/2012\\\/ardian_klosi1.jpg\",\"articleSection\":[\"Artikuj\"],\"inLanguage\":\"sq-AL\",\"potentialAction\":[{\"@type\":\"CommentAction\",\"name\":\"Comment\",\"target\":[\"https:\\\/\\\/fjala.info\\\/2009-2015\\\/o-dan\\\/#respond\"]}]},{\"@type\":\"WebPage\",\"@id\":\"https:\\\/\\\/fjala.info\\\/2009-2015\\\/o-dan\\\/\",\"url\":\"https:\\\/\\\/fjala.info\\\/2009-2015\\\/o-dan\\\/\",\"name\":\"O Dan! - FjALA e LIR\u00cb - Arkivi\",\"isPartOf\":{\"@id\":\"https:\\\/\\\/fjala.info\\\/2009-2015\\\/#website\"},\"primaryImageOfPage\":{\"@id\":\"https:\\\/\\\/fjala.info\\\/2009-2015\\\/o-dan\\\/#primaryimage\"},\"image\":{\"@id\":\"https:\\\/\\\/fjala.info\\\/2009-2015\\\/o-dan\\\/#primaryimage\"},\"thumbnailUrl\":\"http:\\\/\\\/www.shkoder.net\\\/2012\\\/ardian_klosi1.jpg\",\"datePublished\":\"2012-04-28T21:05:55+00:00\",\"breadcrumb\":{\"@id\":\"https:\\\/\\\/fjala.info\\\/2009-2015\\\/o-dan\\\/#breadcrumb\"},\"inLanguage\":\"sq-AL\",\"potentialAction\":[{\"@type\":\"ReadAction\",\"target\":[\"https:\\\/\\\/fjala.info\\\/2009-2015\\\/o-dan\\\/\"]}]},{\"@type\":\"ImageObject\",\"inLanguage\":\"sq-AL\",\"@id\":\"https:\\\/\\\/fjala.info\\\/2009-2015\\\/o-dan\\\/#primaryimage\",\"url\":\"http:\\\/\\\/www.shkoder.net\\\/2012\\\/ardian_klosi1.jpg\",\"contentUrl\":\"http:\\\/\\\/www.shkoder.net\\\/2012\\\/ardian_klosi1.jpg\"},{\"@type\":\"BreadcrumbList\",\"@id\":\"https:\\\/\\\/fjala.info\\\/2009-2015\\\/o-dan\\\/#breadcrumb\",\"itemListElement\":[{\"@type\":\"ListItem\",\"position\":1,\"name\":\"Home\",\"item\":\"https:\\\/\\\/fjala.info\\\/2009-2015\\\/\"},{\"@type\":\"ListItem\",\"position\":2,\"name\":\"O Dan!\"}]},{\"@type\":\"WebSite\",\"@id\":\"https:\\\/\\\/fjala.info\\\/2009-2015\\\/#website\",\"url\":\"https:\\\/\\\/fjala.info\\\/2009-2015\\\/\",\"name\":\"FjALA e LIR\u00cb - Arkivi\",\"description\":\"Arkivi 2009-2015\",\"publisher\":{\"@id\":\"https:\\\/\\\/fjala.info\\\/2009-2015\\\/#organization\"},\"potentialAction\":[{\"@type\":\"SearchAction\",\"target\":{\"@type\":\"EntryPoint\",\"urlTemplate\":\"https:\\\/\\\/fjala.info\\\/2009-2015\\\/?s={search_term_string}\"},\"query-input\":{\"@type\":\"PropertyValueSpecification\",\"valueRequired\":true,\"valueName\":\"search_term_string\"}}],\"inLanguage\":\"sq-AL\"},{\"@type\":\"Organization\",\"@id\":\"https:\\\/\\\/fjala.info\\\/2009-2015\\\/#organization\",\"name\":\"FjALA e LIR\u00cb - Arkivi\",\"url\":\"https:\\\/\\\/fjala.info\\\/2009-2015\\\/\",\"logo\":{\"@type\":\"ImageObject\",\"inLanguage\":\"sq-AL\",\"@id\":\"https:\\\/\\\/fjala.info\\\/2009-2015\\\/#\\\/schema\\\/logo\\\/image\\\/\",\"url\":\"\",\"contentUrl\":\"\",\"caption\":\"FjALA e LIR\u00cb - Arkivi\"},\"image\":{\"@id\":\"https:\\\/\\\/fjala.info\\\/2009-2015\\\/#\\\/schema\\\/logo\\\/image\\\/\"}},{\"@type\":\"Person\",\"@id\":\"https:\\\/\\\/fjala.info\\\/2009-2015\\\/#\\\/schema\\\/person\\\/3aa1163ef05469c496fc94e77611ada2\",\"name\":\"admin\",\"image\":{\"@type\":\"ImageObject\",\"inLanguage\":\"sq-AL\",\"@id\":\"https:\\\/\\\/fjala.info\\\/2009-2015\\\/wp-content\\\/uploads\\\/2012\\\/02\\\/arben_cokaj-120x150.jpg\",\"url\":\"https:\\\/\\\/fjala.info\\\/2009-2015\\\/wp-content\\\/uploads\\\/2012\\\/02\\\/arben_cokaj-120x150.jpg\",\"contentUrl\":\"https:\\\/\\\/fjala.info\\\/2009-2015\\\/wp-content\\\/uploads\\\/2012\\\/02\\\/arben_cokaj-120x150.jpg\",\"caption\":\"admin\"},\"description\":\"Admin, Fjala e Lir\u00eb\",\"sameAs\":[\"https:\\\/\\\/fjala.info\\\/\"],\"url\":\"https:\\\/\\\/fjala.info\\\/2009-2015\\\/author\\\/admin\\\/\"}]}<\/script>\n<!-- \/ Yoast SEO plugin. -->","yoast_head_json":{"title":"O Dan! - FjALA e LIR\u00cb - Arkivi","robots":{"index":"index","follow":"follow","max-snippet":"max-snippet:-1","max-image-preview":"max-image-preview:large","max-video-preview":"max-video-preview:-1"},"canonical":"https:\/\/fjala.info\/2009-2015\/o-dan\/","og_locale":"sq_AL","og_type":"article","og_title":"O Dan! - FjALA e LIR\u00cb - Arkivi","og_description":"Nga Ledi Shamku-Shkreli, 28 Prill 2012 Thon\u00eb se vdekja e shokut \u00ebsht\u00eb si rr\u00ebzimi i nj\u00eb lisi t\u00eb gjer\u00eb \u2013 l\u00eb nj\u00eb grop\u00eb t\u00eb madhe zbuluar p\u00ebr nga qielli. Lisi ra e ma b\u00ebri zemr\u00ebn grop\u00eb sot\u2026 U shihka qielli edhe p\u00ebrmes zgavr\u00ebs n\u00eb zem\u00ebr! Por ty ende s\u2019po t\u00eb shoh. Jam e pasprovuar me [&hellip;]","og_url":"https:\/\/fjala.info\/2009-2015\/o-dan\/","og_site_name":"FjALA e LIR\u00cb - Arkivi","article_published_time":"2012-04-28T21:05:55+00:00","og_image":[{"url":"http:\/\/www.shkoder.net\/2012\/ardian_klosi1.jpg","type":"","width":"","height":""}],"author":"admin","twitter_card":"summary_large_image","twitter_misc":{"Written by":"admin","Est. reading time":"5 minutes"},"schema":{"@context":"https:\/\/schema.org","@graph":[{"@type":"Article","@id":"https:\/\/fjala.info\/2009-2015\/o-dan\/#article","isPartOf":{"@id":"https:\/\/fjala.info\/2009-2015\/o-dan\/"},"author":{"name":"admin","@id":"https:\/\/fjala.info\/2009-2015\/#\/schema\/person\/3aa1163ef05469c496fc94e77611ada2"},"headline":"O Dan!","datePublished":"2012-04-28T21:05:55+00:00","mainEntityOfPage":{"@id":"https:\/\/fjala.info\/2009-2015\/o-dan\/"},"wordCount":994,"commentCount":0,"publisher":{"@id":"https:\/\/fjala.info\/2009-2015\/#organization"},"image":{"@id":"https:\/\/fjala.info\/2009-2015\/o-dan\/#primaryimage"},"thumbnailUrl":"http:\/\/www.shkoder.net\/2012\/ardian_klosi1.jpg","articleSection":["Artikuj"],"inLanguage":"sq-AL","potentialAction":[{"@type":"CommentAction","name":"Comment","target":["https:\/\/fjala.info\/2009-2015\/o-dan\/#respond"]}]},{"@type":"WebPage","@id":"https:\/\/fjala.info\/2009-2015\/o-dan\/","url":"https:\/\/fjala.info\/2009-2015\/o-dan\/","name":"O Dan! - FjALA e LIR\u00cb - Arkivi","isPartOf":{"@id":"https:\/\/fjala.info\/2009-2015\/#website"},"primaryImageOfPage":{"@id":"https:\/\/fjala.info\/2009-2015\/o-dan\/#primaryimage"},"image":{"@id":"https:\/\/fjala.info\/2009-2015\/o-dan\/#primaryimage"},"thumbnailUrl":"http:\/\/www.shkoder.net\/2012\/ardian_klosi1.jpg","datePublished":"2012-04-28T21:05:55+00:00","breadcrumb":{"@id":"https:\/\/fjala.info\/2009-2015\/o-dan\/#breadcrumb"},"inLanguage":"sq-AL","potentialAction":[{"@type":"ReadAction","target":["https:\/\/fjala.info\/2009-2015\/o-dan\/"]}]},{"@type":"ImageObject","inLanguage":"sq-AL","@id":"https:\/\/fjala.info\/2009-2015\/o-dan\/#primaryimage","url":"http:\/\/www.shkoder.net\/2012\/ardian_klosi1.jpg","contentUrl":"http:\/\/www.shkoder.net\/2012\/ardian_klosi1.jpg"},{"@type":"BreadcrumbList","@id":"https:\/\/fjala.info\/2009-2015\/o-dan\/#breadcrumb","itemListElement":[{"@type":"ListItem","position":1,"name":"Home","item":"https:\/\/fjala.info\/2009-2015\/"},{"@type":"ListItem","position":2,"name":"O Dan!"}]},{"@type":"WebSite","@id":"https:\/\/fjala.info\/2009-2015\/#website","url":"https:\/\/fjala.info\/2009-2015\/","name":"FjALA e LIR\u00cb - Arkivi","description":"Arkivi 2009-2015","publisher":{"@id":"https:\/\/fjala.info\/2009-2015\/#organization"},"potentialAction":[{"@type":"SearchAction","target":{"@type":"EntryPoint","urlTemplate":"https:\/\/fjala.info\/2009-2015\/?s={search_term_string}"},"query-input":{"@type":"PropertyValueSpecification","valueRequired":true,"valueName":"search_term_string"}}],"inLanguage":"sq-AL"},{"@type":"Organization","@id":"https:\/\/fjala.info\/2009-2015\/#organization","name":"FjALA e LIR\u00cb - Arkivi","url":"https:\/\/fjala.info\/2009-2015\/","logo":{"@type":"ImageObject","inLanguage":"sq-AL","@id":"https:\/\/fjala.info\/2009-2015\/#\/schema\/logo\/image\/","url":"","contentUrl":"","caption":"FjALA e LIR\u00cb - Arkivi"},"image":{"@id":"https:\/\/fjala.info\/2009-2015\/#\/schema\/logo\/image\/"}},{"@type":"Person","@id":"https:\/\/fjala.info\/2009-2015\/#\/schema\/person\/3aa1163ef05469c496fc94e77611ada2","name":"admin","image":{"@type":"ImageObject","inLanguage":"sq-AL","@id":"https:\/\/fjala.info\/2009-2015\/wp-content\/uploads\/2012\/02\/arben_cokaj-120x150.jpg","url":"https:\/\/fjala.info\/2009-2015\/wp-content\/uploads\/2012\/02\/arben_cokaj-120x150.jpg","contentUrl":"https:\/\/fjala.info\/2009-2015\/wp-content\/uploads\/2012\/02\/arben_cokaj-120x150.jpg","caption":"admin"},"description":"Admin, Fjala e Lir\u00eb","sameAs":["https:\/\/fjala.info\/"],"url":"https:\/\/fjala.info\/2009-2015\/author\/admin\/"}]}},"_links":{"self":[{"href":"https:\/\/fjala.info\/2009-2015\/wp-json\/wp\/v2\/posts\/2683","targetHints":{"allow":["GET"]}}],"collection":[{"href":"https:\/\/fjala.info\/2009-2015\/wp-json\/wp\/v2\/posts"}],"about":[{"href":"https:\/\/fjala.info\/2009-2015\/wp-json\/wp\/v2\/types\/post"}],"author":[{"embeddable":true,"href":"https:\/\/fjala.info\/2009-2015\/wp-json\/wp\/v2\/users\/1"}],"replies":[{"embeddable":true,"href":"https:\/\/fjala.info\/2009-2015\/wp-json\/wp\/v2\/comments?post=2683"}],"version-history":[{"count":0,"href":"https:\/\/fjala.info\/2009-2015\/wp-json\/wp\/v2\/posts\/2683\/revisions"}],"wp:attachment":[{"href":"https:\/\/fjala.info\/2009-2015\/wp-json\/wp\/v2\/media?parent=2683"}],"wp:term":[{"taxonomy":"category","embeddable":true,"href":"https:\/\/fjala.info\/2009-2015\/wp-json\/wp\/v2\/categories?post=2683"},{"taxonomy":"post_tag","embeddable":true,"href":"https:\/\/fjala.info\/2009-2015\/wp-json\/wp\/v2\/tags?post=2683"}],"curies":[{"name":"wp","href":"https:\/\/api.w.org\/{rel}","templated":true}]}}