{"id":2682,"date":"2010-05-16T08:50:13","date_gmt":"2010-05-16T07:50:13","guid":{"rendered":"http:\/\/fjala.shkoder.net\/?p=2682"},"modified":"2010-05-16T08:50:13","modified_gmt":"2010-05-16T07:50:13","slug":"nje-dorashke-per-kaloresin","status":"publish","type":"post","link":"https:\/\/fjala.info\/2009-2015\/nje-dorashke-per-kaloresin\/","title":{"rendered":"Nj\u00eb dorashk\u00eb p\u00ebr &#8220;kalor\u00ebsin&#8221;"},"content":{"rendered":"<p><img decoding=\"async\" style=\"margin-left: 10px; margin-right: 10px; border: 0px;\" src=\"http:\/\/www.shkoder.net\/images\/fjala\/arben_rrozhani.jpg\" border=\"0\" alt=\"Arben Rrozhani\" width=\"150\" align=\"right\" \/><\/p>\n<p><strong>Arben Rrozhani<\/strong>, <em>16.05.2010<\/em><\/p>\n<p>Zhvillimet e dit\u00ebve t\u00eb fundit, edhe pse nuk kan\u00eb arritur ta zgjidhin kriz\u00ebn politike q\u00eb mban peng vendin, kan\u00eb arritur n\u00eb nj\u00eb pik\u00eb ku mund t\u00eb shpresohet: nga nd\u00ebrkomb\u00ebtar\u00ebt dhe nga opozita \u00ebsht\u00eb shprehur moduli i zgjidhjes dhe tani pritet vet\u00ebm p\u00ebrgjigjja e partis\u00eb qeveris\u00ebse.<\/p>\n<p>\u00cbsht\u00eb ajo q\u00eb fillimisht nuk e kishte fort p\u00ebr zem\u00ebr vet\u00eb opozita, e cila ngulmonte te hapja e t\u00eb gjitha dokumenteve q\u00eb kan\u00eb kutit\u00eb dhe verifikimin e \u00e7do vote t\u00eb hedhur n\u00eb 28 qershor 2009, p\u00ebrve\u00e7 atyre p\u00ebr t\u00eb cilat ka marr\u00eb vendim Kolegji Zgjedhor.<\/p>\n<p>B\u00ebhet fjal\u00eb p\u00ebr hapjen kutive dhe marrjen e materialeve zgjedhore dhe sipas ekspert\u00ebve t\u00eb fush\u00ebs, duke pasur parasysh numrin e madh t\u00eb tyre, p\u00ebrzgjedhja duhet b\u00ebr\u00eb me short p\u00ebr t\u00eb disa &#8220;kampione&#8221; t\u00eb dokumenteve t\u00eb zgjedhjeve parlamentare.<\/p>\n<p>\u00cbsht\u00eb pak a shum\u00eb ajo q\u00eb b\u00ebri Prokuroria e qarkut t\u00eb Fierit me materialet zgjedhore t\u00eb qendr\u00ebs 3052 n\u00eb fshatin Ruzhdie, pas padis\u00eb s\u00eb komisioner\u00ebve t\u00eb subjektit politik t\u00eb PS-s\u00eb, ku sipas konkluzioneve t\u00eb hetimit dhe t\u00eb akt-ekspertimit ishin konsumuar t\u00eb gjitha veprat penale t\u00eb mundshme nga komisioner\u00ebt e PD-s\u00eb, t\u00eb mjafta p\u00ebr t\u00eb nxjerr\u00eb t\u00eb pavlefsh\u00ebm dhe t\u00eb manipuluar procesin zgjedhor n\u00eb k\u00ebt\u00eb qend\u00ebr votimi. Zgjidhjen e pranuar dje nga kryetari i PS-s\u00eb, Rama, po e mban ende peng kryetari i PD-s\u00eb Berisha.<\/p>\n<p>P\u00ebr hetimin e zgjedhjeve mbi 200 deputet\u00eb dhe mb\u00ebshtet\u00ebs t\u00eb PS-s\u00eb prej 16 dit\u00ebsh jan\u00eb n\u00eb grev\u00eb urie n\u00eb bulevard posht\u00eb zyr\u00ebs s\u00eb tij dhe mij\u00ebra protestues dy her\u00eb kan\u00eb rrethuar selin\u00eb e qeveris\u00eb apo kan\u00eb bllokuar rrug\u00ebt komb\u00ebtare p\u00ebr t\u00eb shprehur indinjat\u00ebn ndaj q\u00ebndrimit refraktar t\u00eb qeveris\u00eb s\u00eb tij.<\/p>\n<p>I vet\u00ebquajtur &#8220;kalor\u00ebs&#8221; pak muaj m\u00eb par\u00eb, n\u00eb drejtim t\u00eb z. Berisha \u00ebsht\u00eb hedhur dorashka e duelit p\u00ebr t\u00eb v\u00ebrtet\u00ebn e sfid\u00ebs s\u00eb fundit zgjedhore t\u00eb 11 muajve m\u00eb par\u00eb, p\u00ebr t\u00eb cilat komuniteti nd\u00ebrkomb\u00ebtar, b\u00ebri nj\u00eb sy qorr dhe nj\u00eb vesh t\u00eb shurdh\u00ebr, megjith\u00ebse shenjat ishin parath\u00ebn\u00eb.<\/p>\n<p>Zyra e OSBE-s\u00eb dhe ODIHR-i soll\u00ebn n\u00eb Shqip\u00ebri m\u00eb shum\u00eb v\u00ebzhgues se asnj\u00ebher\u00eb tjet\u00ebr, duke mbuluar shumic\u00ebn e qendrave kryesore t\u00eb votimit dhe m\u00eb pas ato t\u00eb num\u00ebrimit t\u00eb votave, sepse si\u00e7 thuhej, zgjedhjet ishin nj\u00eb test i r\u00ebnd\u00ebsish\u00ebm p\u00ebr Shqip\u00ebrin\u00eb dhe p\u00ebr qeverin\u00eb.<\/p>\n<p>Por p\u00ebrfaq\u00ebsuesja e zyr\u00ebs s\u00eb ODIHR, Audrey Glover, nuk u pranua nga z. Berisha dhe qeveria e tij, p\u00ebr shkak se 13 vite m\u00eb par\u00eb, zyra e drejtuar prej saj kishte th\u00ebn\u00eb gjith\u00e7ka ndodhi me zgjedhjet skandaloze t\u00eb 26 majit 1996, nj\u00eb klonim t\u00eb t\u00eb cilave, Z. Berisha tashm\u00eb si kryeminist\u00ebr do ta b\u00ebnte me zgjedhjet e 28 qershorit 2009.<\/p>\n<p>Ambasadori i OSBE-s\u00eb n\u00eb Tiran\u00eb, Robert Bosch, ishte d\u00ebshmitari okular i procesit m\u00eb t\u00eb fundit zgjedhor n\u00eb Shqip\u00ebri p\u00ebr t\u00eb cilin, n\u00eb raportin final t\u00eb OSBE\/ODIHR-it, pjesa m\u00eb kritike ishte ajo e num\u00ebrimit t\u00eb votave, ku thuhej se n\u00eb dy t\u00eb tretat e qendrave t\u00eb num\u00ebrimit t\u00eb votave, pra n\u00eb 22 nga 66 t\u00eb tilla num\u00ebrimi ishte i keq ose shum\u00eb i keq.<\/p>\n<p>Hetimi prej nj\u00eb komisioni hetimor parlamentar, me shumic\u00eb an\u00ebtar\u00ebsh nga opozita dhe t\u00eb drejtuar po nga ajo do t\u00eb kishte tagrin p\u00ebr t\u00eb hetuar materialet zgjedhore, pra ato t\u00eb jan\u00eb brenda n\u00ebp\u00ebr kuti, pa p\u00ebrfshir\u00eb flet\u00ebt e votimit dhe n\u00eb rast parregullsish do t\u00eb ishte Komisioni i Venecias, ai q\u00eb do t\u00eb vendoste hapjen e kutive me probleme.<\/p>\n<p>Ngurrimi i z. Berisha \u00ebsht\u00eb i p\u00ebrligjur, me akuzat e opozit\u00ebs dhe raportin e OSBE\/ODIHR-it, p\u00ebr manipulime skandaloze n\u00eb shumic\u00ebn e qendrave t\u00eb votimit, ve\u00e7an\u00ebrisht n\u00eb zonat rurale dhe n\u00eb bastionet e PD-s\u00eb, ku opozita e pati shum\u00eb t\u00eb v\u00ebshtir\u00eb t\u00eb menaxhonte kontrollin e procesit t\u00eb votimit. Pak e shum\u00eb si n\u00eb Ruzhdie.<\/p>\n<p>Ekspertimi i materialeve zgjedhore nga ana e Policis\u00eb Shkencore, t\u00eb dh\u00ebnat nga Ministria e Brendshme dhe d\u00ebshmit\u00eb e personave t\u00eb implikuar k\u00ebt\u00eb procesin elektoral, treguan se n\u00eb qendr\u00ebn e votimit num\u00ebr 3052, manipulimi nisi me l\u00ebnien e zgjedh\u00ebsve p\u00ebr t\u00eb votuar n\u00eb m\u00ebnyr\u00eb t\u00eb hapur dhe n\u00eb em\u00ebr t\u00eb zgjedh\u00ebsve t\u00eb tjer\u00eb, me falsifikimin nga ana e komisioner\u00ebve t\u00eb list\u00ebs s\u00eb zgjedh\u00ebsve, duke sh\u00ebnuar p\u00ebrbri emrave, numra serie t\u00eb dokumenteve t\u00eb identifikimit si pasaporta dhe karta e identitetit t\u00eb falsifikuara, n\u00eb nj\u00eb qend\u00ebr me vet\u00ebm 592 zgjedh\u00ebs ishin falsifikuar firmat, numrat e serive, t\u00eb kartave t\u00eb identitetit dhe pasaportave t\u00eb 376 zgjedh\u00ebsve.<\/p>\n<p>Opozita mbron me forc\u00eb iden\u00eb se k\u00ebshtu ka ndodhur n\u00eb shumic\u00ebn e qendrave t\u00eb votimit n\u00eb Shqip\u00ebri, \u00e7ka ndikoi seriozisht n\u00eb rezultatin p\u00ebrfundimtar t\u00eb zgjedhjeve. OSBE\/ODIHR-i vuri n\u00eb dyshim num\u00ebrimin n\u00eb 22 qendrat e num\u00ebrimit t\u00eb votave. K\u00ebto v\u00ebrtetohen me shkresat zyrtare q\u00eb jan\u00eb brenda n\u00eb kutit\u00eb e zgjedhjeve t\u00eb 28 qershorit.<\/p>\n<p>P\u00ebr &#8220;kalor\u00ebsin&#8221; Berisha dorashka \u00ebsht\u00eb hedhur si nga opozita q\u00eb po sakrifikon n\u00eb grev\u00eb urie, ashtu edhe nga nd\u00ebrkomb\u00ebtar\u00ebt e lodhur nga zgjedhjet pa zgjidhje t\u00eb Shqip\u00ebris\u00eb. Pritet vet\u00ebm p\u00ebrgjigjja e tij.<\/p>\n","protected":false},"excerpt":{"rendered":"<p>Arben Rrozhani, 16.05.2010 Zhvillimet e dit\u00ebve t\u00eb fundit, edhe pse nuk kan\u00eb arritur ta zgjidhin kriz\u00ebn politike q\u00eb mban peng vendin, kan\u00eb arritur n\u00eb nj\u00eb pik\u00eb ku mund t\u00eb shpresohet: nga nd\u00ebrkomb\u00ebtar\u00ebt dhe nga opozita \u00ebsht\u00eb shprehur moduli i zgjidhjes dhe tani pritet vet\u00ebm p\u00ebrgjigjja e partis\u00eb qeveris\u00ebse. \u00cbsht\u00eb ajo q\u00eb fillimisht nuk e kishte [&hellip;]<\/p>\n","protected":false},"author":1,"featured_media":0,"comment_status":"open","ping_status":"closed","sticky":false,"template":"","format":"standard","meta":{"footnotes":""},"categories":[2],"tags":[],"class_list":{"0":"post-2682","1":"post","2":"type-post","3":"status-publish","4":"format-standard","6":"category-artikuj"},"yoast_head":"<!-- This site is optimized with the Yoast SEO plugin v27.4 - https:\/\/yoast.com\/product\/yoast-seo-wordpress\/ -->\n<title>Nj\u00eb dorashk\u00eb p\u00ebr &quot;kalor\u00ebsin&quot; - FjALA e LIR\u00cb - Arkivi<\/title>\n<meta name=\"robots\" content=\"index, follow, max-snippet:-1, max-image-preview:large, max-video-preview:-1\" \/>\n<link rel=\"canonical\" href=\"https:\/\/fjala.info\/2009-2015\/nje-dorashke-per-kaloresin\/\" \/>\n<meta property=\"og:locale\" content=\"sq_AL\" \/>\n<meta property=\"og:type\" content=\"article\" \/>\n<meta property=\"og:title\" content=\"Nj\u00eb dorashk\u00eb p\u00ebr &quot;kalor\u00ebsin&quot; - FjALA e LIR\u00cb - Arkivi\" \/>\n<meta property=\"og:description\" content=\"Arben Rrozhani, 16.05.2010 Zhvillimet e dit\u00ebve t\u00eb fundit, edhe pse nuk kan\u00eb arritur ta zgjidhin kriz\u00ebn politike q\u00eb mban peng vendin, kan\u00eb arritur n\u00eb nj\u00eb pik\u00eb ku mund t\u00eb shpresohet: nga nd\u00ebrkomb\u00ebtar\u00ebt dhe nga opozita \u00ebsht\u00eb shprehur moduli i zgjidhjes dhe tani pritet vet\u00ebm p\u00ebrgjigjja e partis\u00eb qeveris\u00ebse. \u00cbsht\u00eb ajo q\u00eb fillimisht nuk e kishte [&hellip;]\" \/>\n<meta property=\"og:url\" content=\"https:\/\/fjala.info\/2009-2015\/nje-dorashke-per-kaloresin\/\" \/>\n<meta property=\"og:site_name\" content=\"FjALA e LIR\u00cb - Arkivi\" \/>\n<meta property=\"article:published_time\" content=\"2010-05-16T07:50:13+00:00\" \/>\n<meta property=\"og:image\" content=\"http:\/\/www.shkoder.net\/images\/fjala\/arben_rrozhani.jpg\" \/>\n<meta name=\"author\" content=\"admin\" \/>\n<meta name=\"twitter:card\" content=\"summary_large_image\" \/>\n<meta name=\"twitter:label1\" content=\"Written by\" \/>\n\t<meta name=\"twitter:data1\" content=\"admin\" \/>\n\t<meta name=\"twitter:label2\" content=\"Est. reading time\" \/>\n\t<meta name=\"twitter:data2\" content=\"4 minutes\" \/>\n<script type=\"application\/ld+json\" class=\"yoast-schema-graph\">{\"@context\":\"https:\\\/\\\/schema.org\",\"@graph\":[{\"@type\":\"Article\",\"@id\":\"https:\\\/\\\/fjala.info\\\/2009-2015\\\/nje-dorashke-per-kaloresin\\\/#article\",\"isPartOf\":{\"@id\":\"https:\\\/\\\/fjala.info\\\/2009-2015\\\/nje-dorashke-per-kaloresin\\\/\"},\"author\":{\"name\":\"admin\",\"@id\":\"https:\\\/\\\/fjala.info\\\/2009-2015\\\/#\\\/schema\\\/person\\\/3aa1163ef05469c496fc94e77611ada2\"},\"headline\":\"Nj\u00eb dorashk\u00eb p\u00ebr &#8220;kalor\u00ebsin&#8221;\",\"datePublished\":\"2010-05-16T07:50:13+00:00\",\"mainEntityOfPage\":{\"@id\":\"https:\\\/\\\/fjala.info\\\/2009-2015\\\/nje-dorashke-per-kaloresin\\\/\"},\"wordCount\":894,\"commentCount\":0,\"publisher\":{\"@id\":\"https:\\\/\\\/fjala.info\\\/2009-2015\\\/#organization\"},\"image\":{\"@id\":\"https:\\\/\\\/fjala.info\\\/2009-2015\\\/nje-dorashke-per-kaloresin\\\/#primaryimage\"},\"thumbnailUrl\":\"http:\\\/\\\/www.shkoder.net\\\/images\\\/fjala\\\/arben_rrozhani.jpg\",\"articleSection\":[\"Artikuj\"],\"inLanguage\":\"sq-AL\",\"potentialAction\":[{\"@type\":\"CommentAction\",\"name\":\"Comment\",\"target\":[\"https:\\\/\\\/fjala.info\\\/2009-2015\\\/nje-dorashke-per-kaloresin\\\/#respond\"]}]},{\"@type\":\"WebPage\",\"@id\":\"https:\\\/\\\/fjala.info\\\/2009-2015\\\/nje-dorashke-per-kaloresin\\\/\",\"url\":\"https:\\\/\\\/fjala.info\\\/2009-2015\\\/nje-dorashke-per-kaloresin\\\/\",\"name\":\"Nj\u00eb dorashk\u00eb p\u00ebr \\\"kalor\u00ebsin\\\" - FjALA e LIR\u00cb - Arkivi\",\"isPartOf\":{\"@id\":\"https:\\\/\\\/fjala.info\\\/2009-2015\\\/#website\"},\"primaryImageOfPage\":{\"@id\":\"https:\\\/\\\/fjala.info\\\/2009-2015\\\/nje-dorashke-per-kaloresin\\\/#primaryimage\"},\"image\":{\"@id\":\"https:\\\/\\\/fjala.info\\\/2009-2015\\\/nje-dorashke-per-kaloresin\\\/#primaryimage\"},\"thumbnailUrl\":\"http:\\\/\\\/www.shkoder.net\\\/images\\\/fjala\\\/arben_rrozhani.jpg\",\"datePublished\":\"2010-05-16T07:50:13+00:00\",\"breadcrumb\":{\"@id\":\"https:\\\/\\\/fjala.info\\\/2009-2015\\\/nje-dorashke-per-kaloresin\\\/#breadcrumb\"},\"inLanguage\":\"sq-AL\",\"potentialAction\":[{\"@type\":\"ReadAction\",\"target\":[\"https:\\\/\\\/fjala.info\\\/2009-2015\\\/nje-dorashke-per-kaloresin\\\/\"]}]},{\"@type\":\"ImageObject\",\"inLanguage\":\"sq-AL\",\"@id\":\"https:\\\/\\\/fjala.info\\\/2009-2015\\\/nje-dorashke-per-kaloresin\\\/#primaryimage\",\"url\":\"http:\\\/\\\/www.shkoder.net\\\/images\\\/fjala\\\/arben_rrozhani.jpg\",\"contentUrl\":\"http:\\\/\\\/www.shkoder.net\\\/images\\\/fjala\\\/arben_rrozhani.jpg\"},{\"@type\":\"BreadcrumbList\",\"@id\":\"https:\\\/\\\/fjala.info\\\/2009-2015\\\/nje-dorashke-per-kaloresin\\\/#breadcrumb\",\"itemListElement\":[{\"@type\":\"ListItem\",\"position\":1,\"name\":\"Home\",\"item\":\"https:\\\/\\\/fjala.info\\\/2009-2015\\\/\"},{\"@type\":\"ListItem\",\"position\":2,\"name\":\"Nj\u00eb dorashk\u00eb p\u00ebr &#8220;kalor\u00ebsin&#8221;\"}]},{\"@type\":\"WebSite\",\"@id\":\"https:\\\/\\\/fjala.info\\\/2009-2015\\\/#website\",\"url\":\"https:\\\/\\\/fjala.info\\\/2009-2015\\\/\",\"name\":\"FjALA e LIR\u00cb - Arkivi\",\"description\":\"Arkivi 2009-2015\",\"publisher\":{\"@id\":\"https:\\\/\\\/fjala.info\\\/2009-2015\\\/#organization\"},\"potentialAction\":[{\"@type\":\"SearchAction\",\"target\":{\"@type\":\"EntryPoint\",\"urlTemplate\":\"https:\\\/\\\/fjala.info\\\/2009-2015\\\/?s={search_term_string}\"},\"query-input\":{\"@type\":\"PropertyValueSpecification\",\"valueRequired\":true,\"valueName\":\"search_term_string\"}}],\"inLanguage\":\"sq-AL\"},{\"@type\":\"Organization\",\"@id\":\"https:\\\/\\\/fjala.info\\\/2009-2015\\\/#organization\",\"name\":\"FjALA e LIR\u00cb - Arkivi\",\"url\":\"https:\\\/\\\/fjala.info\\\/2009-2015\\\/\",\"logo\":{\"@type\":\"ImageObject\",\"inLanguage\":\"sq-AL\",\"@id\":\"https:\\\/\\\/fjala.info\\\/2009-2015\\\/#\\\/schema\\\/logo\\\/image\\\/\",\"url\":\"\",\"contentUrl\":\"\",\"caption\":\"FjALA e LIR\u00cb - Arkivi\"},\"image\":{\"@id\":\"https:\\\/\\\/fjala.info\\\/2009-2015\\\/#\\\/schema\\\/logo\\\/image\\\/\"}},{\"@type\":\"Person\",\"@id\":\"https:\\\/\\\/fjala.info\\\/2009-2015\\\/#\\\/schema\\\/person\\\/3aa1163ef05469c496fc94e77611ada2\",\"name\":\"admin\",\"image\":{\"@type\":\"ImageObject\",\"inLanguage\":\"sq-AL\",\"@id\":\"https:\\\/\\\/fjala.info\\\/2009-2015\\\/wp-content\\\/uploads\\\/2012\\\/02\\\/arben_cokaj-120x150.jpg\",\"url\":\"https:\\\/\\\/fjala.info\\\/2009-2015\\\/wp-content\\\/uploads\\\/2012\\\/02\\\/arben_cokaj-120x150.jpg\",\"contentUrl\":\"https:\\\/\\\/fjala.info\\\/2009-2015\\\/wp-content\\\/uploads\\\/2012\\\/02\\\/arben_cokaj-120x150.jpg\",\"caption\":\"admin\"},\"description\":\"Admin, Fjala e Lir\u00eb\",\"sameAs\":[\"https:\\\/\\\/fjala.info\\\/\"],\"url\":\"https:\\\/\\\/fjala.info\\\/2009-2015\\\/author\\\/admin\\\/\"}]}<\/script>\n<!-- \/ Yoast SEO plugin. -->","yoast_head_json":{"title":"Nj\u00eb dorashk\u00eb p\u00ebr \"kalor\u00ebsin\" - FjALA e LIR\u00cb - Arkivi","robots":{"index":"index","follow":"follow","max-snippet":"max-snippet:-1","max-image-preview":"max-image-preview:large","max-video-preview":"max-video-preview:-1"},"canonical":"https:\/\/fjala.info\/2009-2015\/nje-dorashke-per-kaloresin\/","og_locale":"sq_AL","og_type":"article","og_title":"Nj\u00eb dorashk\u00eb p\u00ebr \"kalor\u00ebsin\" - FjALA e LIR\u00cb - Arkivi","og_description":"Arben Rrozhani, 16.05.2010 Zhvillimet e dit\u00ebve t\u00eb fundit, edhe pse nuk kan\u00eb arritur ta zgjidhin kriz\u00ebn politike q\u00eb mban peng vendin, kan\u00eb arritur n\u00eb nj\u00eb pik\u00eb ku mund t\u00eb shpresohet: nga nd\u00ebrkomb\u00ebtar\u00ebt dhe nga opozita \u00ebsht\u00eb shprehur moduli i zgjidhjes dhe tani pritet vet\u00ebm p\u00ebrgjigjja e partis\u00eb qeveris\u00ebse. \u00cbsht\u00eb ajo q\u00eb fillimisht nuk e kishte [&hellip;]","og_url":"https:\/\/fjala.info\/2009-2015\/nje-dorashke-per-kaloresin\/","og_site_name":"FjALA e LIR\u00cb - Arkivi","article_published_time":"2010-05-16T07:50:13+00:00","og_image":[{"url":"http:\/\/www.shkoder.net\/images\/fjala\/arben_rrozhani.jpg","type":"","width":"","height":""}],"author":"admin","twitter_card":"summary_large_image","twitter_misc":{"Written by":"admin","Est. reading time":"4 minutes"},"schema":{"@context":"https:\/\/schema.org","@graph":[{"@type":"Article","@id":"https:\/\/fjala.info\/2009-2015\/nje-dorashke-per-kaloresin\/#article","isPartOf":{"@id":"https:\/\/fjala.info\/2009-2015\/nje-dorashke-per-kaloresin\/"},"author":{"name":"admin","@id":"https:\/\/fjala.info\/2009-2015\/#\/schema\/person\/3aa1163ef05469c496fc94e77611ada2"},"headline":"Nj\u00eb dorashk\u00eb p\u00ebr &#8220;kalor\u00ebsin&#8221;","datePublished":"2010-05-16T07:50:13+00:00","mainEntityOfPage":{"@id":"https:\/\/fjala.info\/2009-2015\/nje-dorashke-per-kaloresin\/"},"wordCount":894,"commentCount":0,"publisher":{"@id":"https:\/\/fjala.info\/2009-2015\/#organization"},"image":{"@id":"https:\/\/fjala.info\/2009-2015\/nje-dorashke-per-kaloresin\/#primaryimage"},"thumbnailUrl":"http:\/\/www.shkoder.net\/images\/fjala\/arben_rrozhani.jpg","articleSection":["Artikuj"],"inLanguage":"sq-AL","potentialAction":[{"@type":"CommentAction","name":"Comment","target":["https:\/\/fjala.info\/2009-2015\/nje-dorashke-per-kaloresin\/#respond"]}]},{"@type":"WebPage","@id":"https:\/\/fjala.info\/2009-2015\/nje-dorashke-per-kaloresin\/","url":"https:\/\/fjala.info\/2009-2015\/nje-dorashke-per-kaloresin\/","name":"Nj\u00eb dorashk\u00eb p\u00ebr \"kalor\u00ebsin\" - FjALA e LIR\u00cb - Arkivi","isPartOf":{"@id":"https:\/\/fjala.info\/2009-2015\/#website"},"primaryImageOfPage":{"@id":"https:\/\/fjala.info\/2009-2015\/nje-dorashke-per-kaloresin\/#primaryimage"},"image":{"@id":"https:\/\/fjala.info\/2009-2015\/nje-dorashke-per-kaloresin\/#primaryimage"},"thumbnailUrl":"http:\/\/www.shkoder.net\/images\/fjala\/arben_rrozhani.jpg","datePublished":"2010-05-16T07:50:13+00:00","breadcrumb":{"@id":"https:\/\/fjala.info\/2009-2015\/nje-dorashke-per-kaloresin\/#breadcrumb"},"inLanguage":"sq-AL","potentialAction":[{"@type":"ReadAction","target":["https:\/\/fjala.info\/2009-2015\/nje-dorashke-per-kaloresin\/"]}]},{"@type":"ImageObject","inLanguage":"sq-AL","@id":"https:\/\/fjala.info\/2009-2015\/nje-dorashke-per-kaloresin\/#primaryimage","url":"http:\/\/www.shkoder.net\/images\/fjala\/arben_rrozhani.jpg","contentUrl":"http:\/\/www.shkoder.net\/images\/fjala\/arben_rrozhani.jpg"},{"@type":"BreadcrumbList","@id":"https:\/\/fjala.info\/2009-2015\/nje-dorashke-per-kaloresin\/#breadcrumb","itemListElement":[{"@type":"ListItem","position":1,"name":"Home","item":"https:\/\/fjala.info\/2009-2015\/"},{"@type":"ListItem","position":2,"name":"Nj\u00eb dorashk\u00eb p\u00ebr &#8220;kalor\u00ebsin&#8221;"}]},{"@type":"WebSite","@id":"https:\/\/fjala.info\/2009-2015\/#website","url":"https:\/\/fjala.info\/2009-2015\/","name":"FjALA e LIR\u00cb - Arkivi","description":"Arkivi 2009-2015","publisher":{"@id":"https:\/\/fjala.info\/2009-2015\/#organization"},"potentialAction":[{"@type":"SearchAction","target":{"@type":"EntryPoint","urlTemplate":"https:\/\/fjala.info\/2009-2015\/?s={search_term_string}"},"query-input":{"@type":"PropertyValueSpecification","valueRequired":true,"valueName":"search_term_string"}}],"inLanguage":"sq-AL"},{"@type":"Organization","@id":"https:\/\/fjala.info\/2009-2015\/#organization","name":"FjALA e LIR\u00cb - Arkivi","url":"https:\/\/fjala.info\/2009-2015\/","logo":{"@type":"ImageObject","inLanguage":"sq-AL","@id":"https:\/\/fjala.info\/2009-2015\/#\/schema\/logo\/image\/","url":"","contentUrl":"","caption":"FjALA e LIR\u00cb - Arkivi"},"image":{"@id":"https:\/\/fjala.info\/2009-2015\/#\/schema\/logo\/image\/"}},{"@type":"Person","@id":"https:\/\/fjala.info\/2009-2015\/#\/schema\/person\/3aa1163ef05469c496fc94e77611ada2","name":"admin","image":{"@type":"ImageObject","inLanguage":"sq-AL","@id":"https:\/\/fjala.info\/2009-2015\/wp-content\/uploads\/2012\/02\/arben_cokaj-120x150.jpg","url":"https:\/\/fjala.info\/2009-2015\/wp-content\/uploads\/2012\/02\/arben_cokaj-120x150.jpg","contentUrl":"https:\/\/fjala.info\/2009-2015\/wp-content\/uploads\/2012\/02\/arben_cokaj-120x150.jpg","caption":"admin"},"description":"Admin, Fjala e Lir\u00eb","sameAs":["https:\/\/fjala.info\/"],"url":"https:\/\/fjala.info\/2009-2015\/author\/admin\/"}]}},"_links":{"self":[{"href":"https:\/\/fjala.info\/2009-2015\/wp-json\/wp\/v2\/posts\/2682","targetHints":{"allow":["GET"]}}],"collection":[{"href":"https:\/\/fjala.info\/2009-2015\/wp-json\/wp\/v2\/posts"}],"about":[{"href":"https:\/\/fjala.info\/2009-2015\/wp-json\/wp\/v2\/types\/post"}],"author":[{"embeddable":true,"href":"https:\/\/fjala.info\/2009-2015\/wp-json\/wp\/v2\/users\/1"}],"replies":[{"embeddable":true,"href":"https:\/\/fjala.info\/2009-2015\/wp-json\/wp\/v2\/comments?post=2682"}],"version-history":[{"count":0,"href":"https:\/\/fjala.info\/2009-2015\/wp-json\/wp\/v2\/posts\/2682\/revisions"}],"wp:attachment":[{"href":"https:\/\/fjala.info\/2009-2015\/wp-json\/wp\/v2\/media?parent=2682"}],"wp:term":[{"taxonomy":"category","embeddable":true,"href":"https:\/\/fjala.info\/2009-2015\/wp-json\/wp\/v2\/categories?post=2682"},{"taxonomy":"post_tag","embeddable":true,"href":"https:\/\/fjala.info\/2009-2015\/wp-json\/wp\/v2\/tags?post=2682"}],"curies":[{"name":"wp","href":"https:\/\/api.w.org\/{rel}","templated":true}]}}