{"id":2681,"date":"2012-04-28T22:03:11","date_gmt":"2012-04-28T21:03:11","guid":{"rendered":"http:\/\/fjala.shkoder.net\/?p=2681"},"modified":"2012-04-28T22:03:11","modified_gmt":"2012-04-28T21:03:11","slug":"festa-e-hipokrizise","status":"publish","type":"post","link":"https:\/\/fjala.info\/2009-2015\/festa-e-hipokrizise\/","title":{"rendered":"Festa e hipokrizis\u00eb"},"content":{"rendered":"<p><img decoding=\"async\" class=\"alignright size-thumbnail wp-image-7236\" title=\"Gary Q. Kokalari\" src=\"http:\/\/www.shkoder.net\/images\/fjala\/2009\/gary_kokalari.jpg\" alt=\"\" width=\"200\" \/> Nga <strong>Gary Q. Kokalari<\/strong>, <em>28 Prill 2012<\/em><\/p>\n<p>Nj\u00eb shekull m\u00eb par\u00eb, Shazuvan Pashun, gjyshi im, emigroi nga malet e Lab\u00ebris\u00eb n\u00eb New Bedford, Massachusetts. Ai ishte mes shqiptaro-amerikan\u00ebve t\u00eb rinj q\u00eb mb\u00ebshteti Fan Nolin n\u00eb vitet e para t\u00eb Vatr\u00ebs. Ai m\u00eb pas u vendos n\u00eb New York ku u b\u00eb president i Vatras p\u00ebr New York-un. Babai im, Lemi Kokalari, ishte po ashtu nj\u00eb nga lider\u00ebt e Vatr\u00ebs dhe ishte p\u00ebrkrah Fan Nolit gjat\u00eb 50 vjetorit t\u00eb Vatr\u00ebs n\u00eb Boston. Miqt\u00eb e tij t\u00eb af\u00ebrm, p\u00ebrfshir\u00eb k\u00ebtu burra si Vahit Cika, ishin mes atyre q\u00eb e b\u00ebn\u00eb Vatr\u00ebn institucionin e nderuar q\u00eb ishte dukur.<\/p>\n<p>Jam p\u00ebrpjekur t\u00eb vazhdoj tradit\u00ebn e familjes sime n\u00eb sh\u00ebrbim t\u00eb komunitetit shqiptaro- amerikan. Kam themeluar dhe kam funksionuar si lider i organizatave bamir\u00ebse dhe civile q\u00eb kan\u00eb mb\u00ebshtetur kauzat shqiptare. Kam luftuar gjithashtu kund\u00ebr padrejt\u00ebsis\u00eb dhe korrupsionit n\u00eb Shqip\u00ebri- pavar\u00ebsisht se cila parti ishte n\u00eb pushtet.<\/p>\n<p><img decoding=\"async\" class=\"aligncenter size-thumbnail wp-image-7236\" title=\"Lemi - Noli\" src=\"http:\/\/www.shkoder.net\/2012\/lemi_noli.jpg\" alt=\"\" width=\"500\" \/><br \/>\n<em>NE FOTO: Nga e majta: Peshkopi, Stefan Lasko, Lemi Kokalari, Fan Noli, Vasil Germenji (nipi i Themistokli Germenji)<\/em><\/p>\n<p>Si i till\u00eb, mund t\u00eb jem nga t\u00eb pakt\u00ebt njer\u00ebz q\u00eb pretendon se ka vazhduar tradit\u00ebn e familjes n\u00eb sh\u00ebrbim t\u00eb komunitetit shqiptaro- amerikan, e cila nj\u00ebsoj si Vatra p\u00ebrfshin nj\u00eb shekull.<\/p>\n<p>Kur Fan Noli themeloi Vatr\u00ebn 100 vjet m\u00eb par\u00eb, vizioni i tij ishte p\u00ebr nj\u00eb Shqip\u00ebri q\u00eb do ecte p\u00ebrtej nj\u00eb kulture bazuar n\u00eb klanet primitive, n\u00eb nj\u00eb vend t\u00eb bazuar n\u00eb parimet demokratike. Fan Noli q\u00ebndroi kund\u00ebr padrejt\u00ebsis\u00eb dhe korrupsionit n\u00eb Shqip\u00ebri.<\/p>\n<p>K\u00ebt\u00eb fundjav\u00eb, Vatra do t\u00eb organizoj\u00eb festime p\u00ebr p\u00ebrvjetorin dhe i ftuari i nderit do jet\u00eb Sali Berisha, nj\u00eb person q\u00eb \u00ebsht\u00eb antiteza e gjith\u00e7kaje q\u00eb p\u00ebrfaq\u00ebsonte Fan Noli.<\/p>\n<p>Duke e njohur burrin e nderuar q\u00eb dikur drejtoi Vatr\u00ebn, besoj se ata do ishin m\u00ebrzitur nga kjo kthes\u00eb e ngjarjeve. Jam i sigurt se ata do e shihnin k\u00ebt\u00eb si nj\u00eb festim t\u00eb zbraz\u00ebt p\u00ebr shkak se Vatra \u00ebsht\u00eb b\u00ebr\u00eb fantazm\u00eb e vetes s\u00eb saj, q\u00eb ndjek profet\u00eb fals\u00eb. Ajo q\u00eb \u00ebsht\u00eb v\u00ebrtet patetike \u00ebsht\u00eb se Vatra shkoi t\u00eb lyp\u00eb tek Berisha p\u00ebr t\u00eb paguar p\u00ebr k\u00ebt\u00eb fest\u00eb dhe Berisha me k\u00ebnaq\u00ebsi n\u00ebnshkroi nj\u00eb \u00e7ek me parat\u00eb e taksapaguesve shqiptar\u00eb. Ai pa asnj\u00eb dyshim do e p\u00ebrdor\u00eb k\u00ebt\u00eb ngjarje p\u00ebr t\u00eb promovuar veten si pasardh\u00ebsi i Fan Nolit.<\/p>\n<p>P\u00ebr shkak t\u00eb adhurimit t\u00eb tyre p\u00ebr Berish\u00ebn, vatran\u00ebt duhet t\u00eb marrin n\u00eb konsiderat\u00eb sjelljen prej struci. \u00cbsht\u00eb shum\u00eb e qart\u00eb se ata kan\u00eb vendosur q\u00eb t\u00eb groposin kok\u00ebn e tyre n\u00eb r\u00ebr\u00eb kur vjen fakti p\u00ebr t\u00eb pranuar karakterin e v\u00ebrtet\u00eb t\u00eb Sali \u201cEnver\u201d Berish\u00ebs. Ata jan\u00eb n\u00eb amnezi n\u00eb lidhje me rr\u00ebnj\u00ebt e thella komuniste t\u00eb Berish\u00ebs dhe p\u00ebr adhurimin e tij ndaj Enver Hoxh\u00ebs, ata kan\u00eb mbyllur syt\u00eb p\u00ebrpara korrupsionit t\u00eb qeveris\u00eb s\u00eb Berish\u00ebs dhe kan\u00eb injoruar shum\u00eb nga pisll\u00ebqet e drejt\u00ebsis\u00eb s\u00eb pushtuar nga gjyqtar\u00eb t\u00eb korruptuar, t\u00eb kontrolluar nga Berisha, t\u00eb fundit prej tyre gjyqi p\u00ebr G\u00ebrdecin dhe Met\u00ebn.<\/p>\n<p>Vatran\u00ebt kan\u00eb treguar nj\u00eb verb\u00ebri me d\u00ebshir\u00eb kur vjen fakti tek praktikat m\u00eb dor\u00eb t\u00eb r\u00ebnd\u00eb q\u00eb p\u00ebrdor Berisha p\u00ebr t\u00eb shtypur fjal\u00ebn e lir\u00eb. Duket se ata e kan\u00eb harruar se ishte heroi i Vatr\u00ebs, Berisha, q\u00eb i \u00e7oi shqiptar\u00ebt n\u00eb abisin e skemave piramidale e m\u00eb pas kur Shqip\u00ebria u ndez flak\u00eb, ai u struk n\u00eb zyr\u00ebn e tij n\u00eb mesin e nj\u00eb k\u00ebputje nervore, duke qar\u00eb si f\u00ebmij\u00eb. Dhe p\u00ebr t\u00eb vijuar m\u00eb tej, vatran\u00ebt duhet t\u00eb jen\u00eb krenar\u00eb p\u00ebr faktin q\u00eb Berisha, burri q\u00eb dikur premtonte t\u00eb hetonte Fatos Nanon p\u00ebr korrupsion, tani k\u00ebndon duke vler\u00ebsuar djallin e tij.<\/p>\n<p>Duke p\u00ebrqafuar Berish\u00ebn, Vatra ka b\u00ebr\u00eb nj\u00eb hipokrizi t\u00eb plot\u00eb, duke dal\u00eb nga statuti i saj origjinal. Kjo nuk duhet t\u00eb jet\u00eb shum\u00eb surpriz\u00eb kur vjen nga nj\u00eb grup i ngecur n\u00eb t\u00eb nj\u00ebjtin mentalitet klani, t\u00eb cilit i druhej m\u00eb shum\u00eb Fan Noli.<\/p>\n<p>Fan Noli \u00ebsht\u00eb p\u00ebrgjegj\u00ebs p\u00ebr fjal\u00ebt \u201cN\u00ebna mos keni frik\u00eb, se keni djemt\u00eb n\u00eb Amerik\u00eb\u201d. N\u00ebse Noli do t\u00eb ngrihej nga varri p\u00ebr t\u00eb marr\u00eb pjes\u00eb n\u00eb banketin e Vatr\u00ebs p\u00ebr 100 vjetorin dhe do t\u00eb d\u00ebshmonte nderimet p\u00ebr Sali Berisha, do tundte kok\u00ebn nga neveria e do thoshte: \u201cN\u00ebna, keni frik\u00eb, sepse me miq si k\u00ebta, nuk kemi nevoj\u00eb p\u00ebr armiq\u201d.<\/p>\n<p>\u00cbsht\u00eb koha p\u00ebr shqiptar\u00ebt t\u00eb kuptojn\u00eb se organizata si Vatra, q\u00eb ka mb\u00ebshtetur vazhdimisht kauzat shqiptare, jan\u00eb kthyer n\u00eb organizata anemike dhe konfliktuale. Vatran\u00ebt dhe Berisha ndajn\u00eb s\u00eb bashku nj\u00eb bot\u00eb joreale, ku p\u00ebrk\u00ebdhelin egot e nj\u00ebri- tjetrit, por n\u00eb realitet nuk ka asnj\u00eb organizat\u00eb shqiptaro- amerikane q\u00eb i sh\u00ebrben interesave t\u00eb Shqip\u00ebris\u00eb. P\u00ebrvjetori i Vatr\u00ebs duhet t\u00eb sh\u00ebrbej\u00eb si thirrje p\u00ebr zgjim p\u00ebr diaspor\u00ebn p\u00ebr t\u00eb b\u00ebr\u00eb at\u00eb q\u00eb Vatra ka d\u00ebshtuar ta b\u00ebj\u00eb- t\u00eb ndihmojn\u00eb njer\u00ebzit n\u00eb Shqip\u00ebri t\u00eb realizojn\u00eb \u00ebndrr\u00ebn p\u00ebr nj\u00eb demokraci t\u00eb v\u00ebrtet\u00eb.<\/p>\n","protected":false},"excerpt":{"rendered":"<p>Nga Gary Q. Kokalari, 28 Prill 2012 Nj\u00eb shekull m\u00eb par\u00eb, Shazuvan Pashun, gjyshi im, emigroi nga malet e Lab\u00ebris\u00eb n\u00eb New Bedford, Massachusetts. Ai ishte mes shqiptaro-amerikan\u00ebve t\u00eb rinj q\u00eb mb\u00ebshteti Fan Nolin n\u00eb vitet e para t\u00eb Vatr\u00ebs. Ai m\u00eb pas u vendos n\u00eb New York ku u b\u00eb president i Vatras p\u00ebr [&hellip;]<\/p>\n","protected":false},"author":1,"featured_media":0,"comment_status":"open","ping_status":"closed","sticky":false,"template":"","format":"standard","meta":{"footnotes":""},"categories":[2],"tags":[],"class_list":{"0":"post-2681","1":"post","2":"type-post","3":"status-publish","4":"format-standard","6":"category-artikuj"},"yoast_head":"<!-- This site is optimized with the Yoast SEO plugin v27.4 - https:\/\/yoast.com\/product\/yoast-seo-wordpress\/ -->\n<title>Festa e hipokrizis\u00eb - FjALA e LIR\u00cb - Arkivi<\/title>\n<meta name=\"robots\" content=\"index, follow, max-snippet:-1, max-image-preview:large, max-video-preview:-1\" \/>\n<link rel=\"canonical\" href=\"https:\/\/fjala.info\/2009-2015\/festa-e-hipokrizise\/\" \/>\n<meta property=\"og:locale\" content=\"sq_AL\" \/>\n<meta property=\"og:type\" content=\"article\" \/>\n<meta property=\"og:title\" content=\"Festa e hipokrizis\u00eb - FjALA e LIR\u00cb - Arkivi\" \/>\n<meta property=\"og:description\" content=\"Nga Gary Q. Kokalari, 28 Prill 2012 Nj\u00eb shekull m\u00eb par\u00eb, Shazuvan Pashun, gjyshi im, emigroi nga malet e Lab\u00ebris\u00eb n\u00eb New Bedford, Massachusetts. Ai ishte mes shqiptaro-amerikan\u00ebve t\u00eb rinj q\u00eb mb\u00ebshteti Fan Nolin n\u00eb vitet e para t\u00eb Vatr\u00ebs. Ai m\u00eb pas u vendos n\u00eb New York ku u b\u00eb president i Vatras p\u00ebr [&hellip;]\" \/>\n<meta property=\"og:url\" content=\"https:\/\/fjala.info\/2009-2015\/festa-e-hipokrizise\/\" \/>\n<meta property=\"og:site_name\" content=\"FjALA e LIR\u00cb - Arkivi\" \/>\n<meta property=\"article:published_time\" content=\"2012-04-28T21:03:11+00:00\" \/>\n<meta property=\"og:image\" content=\"http:\/\/www.shkoder.net\/images\/fjala\/2009\/gary_kokalari.jpg\" \/>\n<meta name=\"author\" content=\"admin\" \/>\n<meta name=\"twitter:card\" content=\"summary_large_image\" \/>\n<meta name=\"twitter:label1\" content=\"Written by\" \/>\n\t<meta name=\"twitter:data1\" content=\"admin\" \/>\n\t<meta name=\"twitter:label2\" content=\"Est. reading time\" \/>\n\t<meta name=\"twitter:data2\" content=\"5 minutes\" \/>\n<script type=\"application\/ld+json\" class=\"yoast-schema-graph\">{\"@context\":\"https:\\\/\\\/schema.org\",\"@graph\":[{\"@type\":\"Article\",\"@id\":\"https:\\\/\\\/fjala.info\\\/2009-2015\\\/festa-e-hipokrizise\\\/#article\",\"isPartOf\":{\"@id\":\"https:\\\/\\\/fjala.info\\\/2009-2015\\\/festa-e-hipokrizise\\\/\"},\"author\":{\"name\":\"admin\",\"@id\":\"https:\\\/\\\/fjala.info\\\/2009-2015\\\/#\\\/schema\\\/person\\\/3aa1163ef05469c496fc94e77611ada2\"},\"headline\":\"Festa e hipokrizis\u00eb\",\"datePublished\":\"2012-04-28T21:03:11+00:00\",\"mainEntityOfPage\":{\"@id\":\"https:\\\/\\\/fjala.info\\\/2009-2015\\\/festa-e-hipokrizise\\\/\"},\"wordCount\":916,\"commentCount\":1,\"publisher\":{\"@id\":\"https:\\\/\\\/fjala.info\\\/2009-2015\\\/#organization\"},\"image\":{\"@id\":\"https:\\\/\\\/fjala.info\\\/2009-2015\\\/festa-e-hipokrizise\\\/#primaryimage\"},\"thumbnailUrl\":\"http:\\\/\\\/www.shkoder.net\\\/images\\\/fjala\\\/2009\\\/gary_kokalari.jpg\",\"articleSection\":[\"Artikuj\"],\"inLanguage\":\"sq-AL\",\"potentialAction\":[{\"@type\":\"CommentAction\",\"name\":\"Comment\",\"target\":[\"https:\\\/\\\/fjala.info\\\/2009-2015\\\/festa-e-hipokrizise\\\/#respond\"]}]},{\"@type\":\"WebPage\",\"@id\":\"https:\\\/\\\/fjala.info\\\/2009-2015\\\/festa-e-hipokrizise\\\/\",\"url\":\"https:\\\/\\\/fjala.info\\\/2009-2015\\\/festa-e-hipokrizise\\\/\",\"name\":\"Festa e hipokrizis\u00eb - FjALA e LIR\u00cb - Arkivi\",\"isPartOf\":{\"@id\":\"https:\\\/\\\/fjala.info\\\/2009-2015\\\/#website\"},\"primaryImageOfPage\":{\"@id\":\"https:\\\/\\\/fjala.info\\\/2009-2015\\\/festa-e-hipokrizise\\\/#primaryimage\"},\"image\":{\"@id\":\"https:\\\/\\\/fjala.info\\\/2009-2015\\\/festa-e-hipokrizise\\\/#primaryimage\"},\"thumbnailUrl\":\"http:\\\/\\\/www.shkoder.net\\\/images\\\/fjala\\\/2009\\\/gary_kokalari.jpg\",\"datePublished\":\"2012-04-28T21:03:11+00:00\",\"breadcrumb\":{\"@id\":\"https:\\\/\\\/fjala.info\\\/2009-2015\\\/festa-e-hipokrizise\\\/#breadcrumb\"},\"inLanguage\":\"sq-AL\",\"potentialAction\":[{\"@type\":\"ReadAction\",\"target\":[\"https:\\\/\\\/fjala.info\\\/2009-2015\\\/festa-e-hipokrizise\\\/\"]}]},{\"@type\":\"ImageObject\",\"inLanguage\":\"sq-AL\",\"@id\":\"https:\\\/\\\/fjala.info\\\/2009-2015\\\/festa-e-hipokrizise\\\/#primaryimage\",\"url\":\"http:\\\/\\\/www.shkoder.net\\\/images\\\/fjala\\\/2009\\\/gary_kokalari.jpg\",\"contentUrl\":\"http:\\\/\\\/www.shkoder.net\\\/images\\\/fjala\\\/2009\\\/gary_kokalari.jpg\"},{\"@type\":\"BreadcrumbList\",\"@id\":\"https:\\\/\\\/fjala.info\\\/2009-2015\\\/festa-e-hipokrizise\\\/#breadcrumb\",\"itemListElement\":[{\"@type\":\"ListItem\",\"position\":1,\"name\":\"Home\",\"item\":\"https:\\\/\\\/fjala.info\\\/2009-2015\\\/\"},{\"@type\":\"ListItem\",\"position\":2,\"name\":\"Festa e hipokrizis\u00eb\"}]},{\"@type\":\"WebSite\",\"@id\":\"https:\\\/\\\/fjala.info\\\/2009-2015\\\/#website\",\"url\":\"https:\\\/\\\/fjala.info\\\/2009-2015\\\/\",\"name\":\"FjALA e LIR\u00cb - Arkivi\",\"description\":\"Arkivi 2009-2015\",\"publisher\":{\"@id\":\"https:\\\/\\\/fjala.info\\\/2009-2015\\\/#organization\"},\"potentialAction\":[{\"@type\":\"SearchAction\",\"target\":{\"@type\":\"EntryPoint\",\"urlTemplate\":\"https:\\\/\\\/fjala.info\\\/2009-2015\\\/?s={search_term_string}\"},\"query-input\":{\"@type\":\"PropertyValueSpecification\",\"valueRequired\":true,\"valueName\":\"search_term_string\"}}],\"inLanguage\":\"sq-AL\"},{\"@type\":\"Organization\",\"@id\":\"https:\\\/\\\/fjala.info\\\/2009-2015\\\/#organization\",\"name\":\"FjALA e LIR\u00cb - Arkivi\",\"url\":\"https:\\\/\\\/fjala.info\\\/2009-2015\\\/\",\"logo\":{\"@type\":\"ImageObject\",\"inLanguage\":\"sq-AL\",\"@id\":\"https:\\\/\\\/fjala.info\\\/2009-2015\\\/#\\\/schema\\\/logo\\\/image\\\/\",\"url\":\"\",\"contentUrl\":\"\",\"caption\":\"FjALA e LIR\u00cb - Arkivi\"},\"image\":{\"@id\":\"https:\\\/\\\/fjala.info\\\/2009-2015\\\/#\\\/schema\\\/logo\\\/image\\\/\"}},{\"@type\":\"Person\",\"@id\":\"https:\\\/\\\/fjala.info\\\/2009-2015\\\/#\\\/schema\\\/person\\\/3aa1163ef05469c496fc94e77611ada2\",\"name\":\"admin\",\"image\":{\"@type\":\"ImageObject\",\"inLanguage\":\"sq-AL\",\"@id\":\"https:\\\/\\\/fjala.info\\\/2009-2015\\\/wp-content\\\/uploads\\\/2012\\\/02\\\/arben_cokaj-120x150.jpg\",\"url\":\"https:\\\/\\\/fjala.info\\\/2009-2015\\\/wp-content\\\/uploads\\\/2012\\\/02\\\/arben_cokaj-120x150.jpg\",\"contentUrl\":\"https:\\\/\\\/fjala.info\\\/2009-2015\\\/wp-content\\\/uploads\\\/2012\\\/02\\\/arben_cokaj-120x150.jpg\",\"caption\":\"admin\"},\"description\":\"Admin, Fjala e Lir\u00eb\",\"sameAs\":[\"https:\\\/\\\/fjala.info\\\/\"],\"url\":\"https:\\\/\\\/fjala.info\\\/2009-2015\\\/author\\\/admin\\\/\"}]}<\/script>\n<!-- \/ Yoast SEO plugin. -->","yoast_head_json":{"title":"Festa e hipokrizis\u00eb - FjALA e LIR\u00cb - Arkivi","robots":{"index":"index","follow":"follow","max-snippet":"max-snippet:-1","max-image-preview":"max-image-preview:large","max-video-preview":"max-video-preview:-1"},"canonical":"https:\/\/fjala.info\/2009-2015\/festa-e-hipokrizise\/","og_locale":"sq_AL","og_type":"article","og_title":"Festa e hipokrizis\u00eb - FjALA e LIR\u00cb - Arkivi","og_description":"Nga Gary Q. Kokalari, 28 Prill 2012 Nj\u00eb shekull m\u00eb par\u00eb, Shazuvan Pashun, gjyshi im, emigroi nga malet e Lab\u00ebris\u00eb n\u00eb New Bedford, Massachusetts. Ai ishte mes shqiptaro-amerikan\u00ebve t\u00eb rinj q\u00eb mb\u00ebshteti Fan Nolin n\u00eb vitet e para t\u00eb Vatr\u00ebs. Ai m\u00eb pas u vendos n\u00eb New York ku u b\u00eb president i Vatras p\u00ebr [&hellip;]","og_url":"https:\/\/fjala.info\/2009-2015\/festa-e-hipokrizise\/","og_site_name":"FjALA e LIR\u00cb - Arkivi","article_published_time":"2012-04-28T21:03:11+00:00","og_image":[{"url":"http:\/\/www.shkoder.net\/images\/fjala\/2009\/gary_kokalari.jpg","type":"","width":"","height":""}],"author":"admin","twitter_card":"summary_large_image","twitter_misc":{"Written by":"admin","Est. reading time":"5 minutes"},"schema":{"@context":"https:\/\/schema.org","@graph":[{"@type":"Article","@id":"https:\/\/fjala.info\/2009-2015\/festa-e-hipokrizise\/#article","isPartOf":{"@id":"https:\/\/fjala.info\/2009-2015\/festa-e-hipokrizise\/"},"author":{"name":"admin","@id":"https:\/\/fjala.info\/2009-2015\/#\/schema\/person\/3aa1163ef05469c496fc94e77611ada2"},"headline":"Festa e hipokrizis\u00eb","datePublished":"2012-04-28T21:03:11+00:00","mainEntityOfPage":{"@id":"https:\/\/fjala.info\/2009-2015\/festa-e-hipokrizise\/"},"wordCount":916,"commentCount":1,"publisher":{"@id":"https:\/\/fjala.info\/2009-2015\/#organization"},"image":{"@id":"https:\/\/fjala.info\/2009-2015\/festa-e-hipokrizise\/#primaryimage"},"thumbnailUrl":"http:\/\/www.shkoder.net\/images\/fjala\/2009\/gary_kokalari.jpg","articleSection":["Artikuj"],"inLanguage":"sq-AL","potentialAction":[{"@type":"CommentAction","name":"Comment","target":["https:\/\/fjala.info\/2009-2015\/festa-e-hipokrizise\/#respond"]}]},{"@type":"WebPage","@id":"https:\/\/fjala.info\/2009-2015\/festa-e-hipokrizise\/","url":"https:\/\/fjala.info\/2009-2015\/festa-e-hipokrizise\/","name":"Festa e hipokrizis\u00eb - FjALA e LIR\u00cb - Arkivi","isPartOf":{"@id":"https:\/\/fjala.info\/2009-2015\/#website"},"primaryImageOfPage":{"@id":"https:\/\/fjala.info\/2009-2015\/festa-e-hipokrizise\/#primaryimage"},"image":{"@id":"https:\/\/fjala.info\/2009-2015\/festa-e-hipokrizise\/#primaryimage"},"thumbnailUrl":"http:\/\/www.shkoder.net\/images\/fjala\/2009\/gary_kokalari.jpg","datePublished":"2012-04-28T21:03:11+00:00","breadcrumb":{"@id":"https:\/\/fjala.info\/2009-2015\/festa-e-hipokrizise\/#breadcrumb"},"inLanguage":"sq-AL","potentialAction":[{"@type":"ReadAction","target":["https:\/\/fjala.info\/2009-2015\/festa-e-hipokrizise\/"]}]},{"@type":"ImageObject","inLanguage":"sq-AL","@id":"https:\/\/fjala.info\/2009-2015\/festa-e-hipokrizise\/#primaryimage","url":"http:\/\/www.shkoder.net\/images\/fjala\/2009\/gary_kokalari.jpg","contentUrl":"http:\/\/www.shkoder.net\/images\/fjala\/2009\/gary_kokalari.jpg"},{"@type":"BreadcrumbList","@id":"https:\/\/fjala.info\/2009-2015\/festa-e-hipokrizise\/#breadcrumb","itemListElement":[{"@type":"ListItem","position":1,"name":"Home","item":"https:\/\/fjala.info\/2009-2015\/"},{"@type":"ListItem","position":2,"name":"Festa e hipokrizis\u00eb"}]},{"@type":"WebSite","@id":"https:\/\/fjala.info\/2009-2015\/#website","url":"https:\/\/fjala.info\/2009-2015\/","name":"FjALA e LIR\u00cb - Arkivi","description":"Arkivi 2009-2015","publisher":{"@id":"https:\/\/fjala.info\/2009-2015\/#organization"},"potentialAction":[{"@type":"SearchAction","target":{"@type":"EntryPoint","urlTemplate":"https:\/\/fjala.info\/2009-2015\/?s={search_term_string}"},"query-input":{"@type":"PropertyValueSpecification","valueRequired":true,"valueName":"search_term_string"}}],"inLanguage":"sq-AL"},{"@type":"Organization","@id":"https:\/\/fjala.info\/2009-2015\/#organization","name":"FjALA e LIR\u00cb - Arkivi","url":"https:\/\/fjala.info\/2009-2015\/","logo":{"@type":"ImageObject","inLanguage":"sq-AL","@id":"https:\/\/fjala.info\/2009-2015\/#\/schema\/logo\/image\/","url":"","contentUrl":"","caption":"FjALA e LIR\u00cb - Arkivi"},"image":{"@id":"https:\/\/fjala.info\/2009-2015\/#\/schema\/logo\/image\/"}},{"@type":"Person","@id":"https:\/\/fjala.info\/2009-2015\/#\/schema\/person\/3aa1163ef05469c496fc94e77611ada2","name":"admin","image":{"@type":"ImageObject","inLanguage":"sq-AL","@id":"https:\/\/fjala.info\/2009-2015\/wp-content\/uploads\/2012\/02\/arben_cokaj-120x150.jpg","url":"https:\/\/fjala.info\/2009-2015\/wp-content\/uploads\/2012\/02\/arben_cokaj-120x150.jpg","contentUrl":"https:\/\/fjala.info\/2009-2015\/wp-content\/uploads\/2012\/02\/arben_cokaj-120x150.jpg","caption":"admin"},"description":"Admin, Fjala e Lir\u00eb","sameAs":["https:\/\/fjala.info\/"],"url":"https:\/\/fjala.info\/2009-2015\/author\/admin\/"}]}},"_links":{"self":[{"href":"https:\/\/fjala.info\/2009-2015\/wp-json\/wp\/v2\/posts\/2681","targetHints":{"allow":["GET"]}}],"collection":[{"href":"https:\/\/fjala.info\/2009-2015\/wp-json\/wp\/v2\/posts"}],"about":[{"href":"https:\/\/fjala.info\/2009-2015\/wp-json\/wp\/v2\/types\/post"}],"author":[{"embeddable":true,"href":"https:\/\/fjala.info\/2009-2015\/wp-json\/wp\/v2\/users\/1"}],"replies":[{"embeddable":true,"href":"https:\/\/fjala.info\/2009-2015\/wp-json\/wp\/v2\/comments?post=2681"}],"version-history":[{"count":0,"href":"https:\/\/fjala.info\/2009-2015\/wp-json\/wp\/v2\/posts\/2681\/revisions"}],"wp:attachment":[{"href":"https:\/\/fjala.info\/2009-2015\/wp-json\/wp\/v2\/media?parent=2681"}],"wp:term":[{"taxonomy":"category","embeddable":true,"href":"https:\/\/fjala.info\/2009-2015\/wp-json\/wp\/v2\/categories?post=2681"},{"taxonomy":"post_tag","embeddable":true,"href":"https:\/\/fjala.info\/2009-2015\/wp-json\/wp\/v2\/tags?post=2681"}],"curies":[{"name":"wp","href":"https:\/\/api.w.org\/{rel}","templated":true}]}}