{"id":2680,"date":"2010-05-16T08:48:32","date_gmt":"2010-05-16T07:48:32","guid":{"rendered":"http:\/\/fjala.shkoder.net\/?p=2680"},"modified":"2010-05-16T08:48:32","modified_gmt":"2010-05-16T07:48:32","slug":"pa-normativitet-ska-normalitet","status":"publish","type":"post","link":"https:\/\/fjala.info\/2009-2015\/pa-normativitet-ska-normalitet\/","title":{"rendered":"Pa normativitet, s&#8217;ka normalitet"},"content":{"rendered":"<p><img decoding=\"async\" style=\"margin-left: 10px; margin-right: 10px; border: 0px;\" src=\"http:\/\/www.shkoder.net\/images\/fjala\/2010\/albin_kurti.jpg\" border=\"0\" alt=\"Mero Baze\" width=\"200\" align=\"right\" \/><\/p>\n<p><strong>Albin Kurti<\/strong>, <em>16.05.2010<\/em><\/p>\n<p><em><strong>Duke k\u00ebrkuar di\u00e7ka vet\u00ebm p\u00ebr hir t\u00eb dobis\u00eb e p\u00ebrfitimit, gjithmon\u00eb do t\u00eb pranojm\u00eb edhe m\u00eb pak, madje gjithnj\u00eb e m\u00eb pak<\/strong><\/em><\/p>\n<p>N\u00eb demonstratat e vitit 1981 k\u00ebrkohej Republika p\u00ebr Kosov\u00ebn. Parimi i k\u00ebrkes\u00ebs, si nj\u00eb n\u00ebnshtrat i k\u00ebsaj k\u00ebrkese, ishte barazia. Pra, nuk brohoritej &#8220;Kosova Republik\u00eb&#8221; vet\u00ebm pse republika do t\u00eb sillte m\u00eb shum\u00eb t\u00eb mira materiale e shpirt\u00ebrore apo p\u00ebr shkak se mungesa e m\u00ebtutjeshme e k\u00ebtij statusi t\u00eb avancuar do t\u00eb ishte shum\u00eb e d\u00ebmshme.<\/p>\n<p>K\u00ebrkesa p\u00ebr Republik\u00ebn e Kosov\u00ebs bazohej n\u00eb barazin\u00eb q\u00eb duhej ta kishin popujt n\u00eb ish-Jugosllavi. Motivi i k\u00ebrkes\u00ebs nuk kishte thjesht karakter utilitar: ia vlen t\u00eb burgosemi e vritemi disa ashtu q\u00eb nj\u00eb dit\u00eb t\u00eb jet\u00eb shum\u00eb m\u00eb mir\u00eb p\u00ebr t\u00eb gjith\u00eb.<\/p>\n<p>Motivi kishte edhe karakter normativ: Kosova duhet t\u00eb jet\u00eb republik\u00eb, meq\u00eb ajo duhet t\u00eb jet\u00eb e barabart\u00eb me nj\u00ebsit\u00eb e tjera t\u00eb federat\u00ebs. M\u00eb par\u00eb sesa q\u00eb interesi i ngjallte d\u00ebshirat, vullneti po i diktonte veprimet.<\/p>\n<p>Nj\u00eb dekad\u00eb m\u00eb von\u00eb, k\u00ebrkohej pavar\u00ebsia e Kosov\u00ebs. Ish-Jugosllavia po shp\u00ebrb\u00ebhej dhe nga republikat e saj po dilnin shtete t\u00eb pavarura. Kosova, e cila e kishte shpallur pavar\u00ebsin\u00eb me 2 korrik 1990, po ashtu synonte q\u00eb t\u00eb b\u00ebhej shtet i pavarur. Mir\u00ebpo, s\u00ebrish, jo vet\u00ebm p\u00ebr shkak se nuk d\u00ebshironte t\u00eb mbetej n\u00ebn Serbin\u00eb e Madhe dhe as vet\u00ebm p\u00ebr arsye q\u00eb si vend i pavarur do t\u00eb mund t\u00eb zhvillohej e p\u00ebrparonte.<\/p>\n<p>Pavar\u00ebsia na duhej, sepse ajo na b\u00ebnte t\u00eb barabart\u00eb me t\u00eb tjer\u00ebt. T\u00eb barabart\u00eb me shtetet e reja q\u00eb dol\u00ebn prej Jugosllavis\u00eb n\u00eb Europ\u00ebn e shteteve, t\u00eb cilave po u shtohej numri. Sikurse k\u00ebrkesa p\u00ebr republik\u00eb, edhe kjo p\u00ebr pavar\u00ebsi, ng\u00ebrthente n\u00eb vete nj\u00eb dimension universal. K\u00ebrkohej ajo q\u00eb do t\u00eb ishte e p\u00ebrbashk\u00ebt p\u00ebr t\u00eb gjith\u00eb, q\u00eb do ta kishte secili (n\u00ebse tanim\u00eb nuk e kishte). Pra, duke k\u00ebrkuar di\u00e7ka p\u00ebr veten ton\u00eb po afirmohej e nj\u00ebjta gj\u00eb edhe p\u00ebr t\u00eb tjer\u00ebt.<\/p>\n<p>Dy dekada m\u00eb von\u00eb, pra pasi q\u00eb mbaroi lufta, vazhdonte k\u00ebrkesa p\u00ebr pavar\u00ebsi. Mund t\u00eb mendohet q\u00eb asgj\u00eb nuk paska ndryshuar sa i p\u00ebrket k\u00ebrkes\u00ebs, mir\u00ebpo nuk \u00ebsht\u00eb kaq e thjesht\u00eb. K\u00ebrkesa p\u00ebr pavar\u00ebsi e kishte humbur tashm\u00eb aspektin e vet normativ.<\/p>\n<p>Statusi i Kosov\u00ebs ishte kurthuar n\u00eb KS t\u00eb OKB-s\u00eb, ku ishte z\u00ebn\u00eb peng n\u00eb rrjetin e interesave t\u00eb fuqive t\u00eb m\u00ebdha. N\u00eb instanc\u00ebn m\u00eb t\u00eb lart\u00eb globale, e cila krenohej me universalitetin e dokumenteve t\u00eb saj, paradoksalisht, Kosova ishte nxjerr\u00eb jasht\u00eb universales.<\/p>\n<p>E ndihmuar nga injoranca e meskiniteti i elit\u00ebs politike vendase, statusi i Kosov\u00ebs ishte b\u00ebr\u00eb ekskluzivisht \u00e7\u00ebshtje e hegjemoneve t\u00eb an\u00ebtar\u00ebve t\u00eb p\u00ebrhersh\u00ebm t\u00eb KS t\u00eb OKB-s\u00eb. Shoq\u00ebria kosovare nga t\u00eb qenit faktor nuk mbeti as aktor, por ve\u00e7se spektator i ndeshjeve diplomatike t\u00eb t\u00eb m\u00ebdhenjve.<\/p>\n<p>K\u00ebrkesa p\u00ebr pavar\u00ebsi sigurisht q\u00eb ishte aty dhe i drejtohej bashk\u00ebsis\u00eb nd\u00ebrkomb\u00ebtare. Por, kjo \u00ebsht\u00eb dashur t\u00eb jet\u00eb nj\u00eb arsye m\u00eb shum\u00eb q\u00eb t\u00eb mir\u00ebmbahet dimensioni normativ i saj. Ne duam pavar\u00ebsi sepse duam t\u00eb jemi t\u00eb barabart\u00eb me shtetet q\u00eb jan\u00eb nj\u00ebsi themelore e organizmave nd\u00ebrkomb\u00ebtar\u00eb si OKB, BE etj., t\u00eb cilave iu drejtohej ajo k\u00ebrkes\u00eb p\u00ebr mb\u00ebshtetje dhe ndihm\u00eb.<\/p>\n<p>Edhe at\u00ebher\u00eb kur kjo k\u00ebrkes\u00eb i adresohej nj\u00eb shteti t\u00eb vet\u00ebm \u00ebsht\u00eb dashur t\u00eb ruhet karakteri normativ: ne duam t\u00eb jemi shtet ashtu sikurse ai shteti nga i cili kemi k\u00ebrkuar p\u00ebrkrahje.<\/p>\n<p>Universaliteti e reciprociteti jan\u00eb terme t\u00eb af\u00ebrta. Por, ato u b\u00ebn\u00eb pafund\u00ebsisht t\u00eb larg\u00ebta nga termi &#8216;statusi i Kosov\u00ebs&#8217;. Nuk vonoi shum\u00eb e na definuan si &#8220;sui generis&#8221; &#8211; jasht\u00eb prej \u00e7far\u00ebdo parimi, norme a kriteri.<\/p>\n<p>Ishim d\u00ebbuar jasht\u00eb universales t\u00eb cil\u00ebn po e p\u00ebrforconim negativisht. Universalja u b\u00eb ca m\u00eb e qart\u00eb se p\u00ebrpara n\u00ebp\u00ebrmjet faktit q\u00eb dihej se universale \u00ebsht\u00eb di\u00e7ka q\u00eb nuk \u00ebsht\u00eb rasti i Kosov\u00ebs.<\/p>\n<p>Njer\u00ebzit nuk k\u00ebrkonin m\u00eb barazi, liri a drejt\u00ebsi por vet\u00ebm k\u00ebrkonin q\u00eb t\u00eb jetojn\u00eb pak m\u00eb mir\u00eb. Nuk ekzistonte m\u00eb fitorja porse vet\u00ebm p\u00ebrmir\u00ebsimi. N\u00ebse dikur ishim si i burgosuri n\u00eb qeli q\u00eb do t\u00eb jet\u00eb i lir\u00eb, mandej u b\u00ebm\u00eb si pacienti i shtrir\u00eb n\u00eb spital q\u00eb shpreson t&#8217;i p\u00ebrmir\u00ebsohet gjendja sadopak.<\/p>\n<p>Nga nj\u00eb subjekt i fort\u00eb q\u00eb shtypet e diskriminohet por q\u00eb insiston n\u00eb k\u00ebrkes\u00ebn e tij normative, u shnd\u00ebrruam n\u00eb nj\u00eb subjekt t\u00eb ndrojtur, i cili ndahet dyfish i k\u00ebnaqur at\u00ebher\u00eb kur me l\u00ebmosh\u00ebn nuk e merr edhe nj\u00eb shqelm prapa. Nga nj\u00eb subjekt t\u00eb cilin nuk e pyesnin polic\u00ebt, sepse dihej se \u00e7ka do, u shnd\u00ebrruam n\u00eb nj\u00eb subjekt q\u00eb pyetet ve\u00e7se p\u00ebr ta pohuar me kok\u00eb aprovimin e mjekut m\u00eb ri.<\/p>\n<p>N\u00eb periudh\u00ebn e luft\u00ebs \u00e7lirimtare d\u00ebshironim t\u00eb \u00e7lirohemi p\u00ebr t\u00eb qen\u00eb t\u00eb lir\u00eb SIKUR popujt e tjer\u00eb q\u00eb jan\u00eb t\u00eb lir\u00eb &#8211; t\u00eb jemi t\u00eb barabart\u00eb me ta. N\u00eb periudh\u00ebn e negociatave p\u00ebr statusin e Kosov\u00ebs d\u00ebshirohej q\u00eb t\u00eb na trajtojn\u00eb si ask\u00ebnd tjet\u00ebr, q\u00eb t\u00eb jemi pambarimisht t\u00eb ve\u00e7ant\u00eb, t\u00eb jemi &#8216;sui generis&#8217;. &#8220;Rasti i Kosov\u00ebs \u00ebsht\u00eb i ve\u00e7ant\u00eb dhe Kosova s&#8217;b\u00ebn t\u00eb krahasohet me asnj\u00eb rast tjet\u00ebr&#8221;, thoshin q\u00eb nga presidenti Sejdiu e teposht\u00eb.<\/p>\n<p>P\u00ebr pasoj\u00eb, sot pavar\u00ebsia e Kosov\u00ebs nuk ka baz\u00eb normative dhe prandaj vazhdimisht prej Kosov\u00ebs k\u00ebrkohet t\u00eb negocioj\u00eb me Serbin\u00eb. P\u00ebr dallim, Mali i Zi nuk negocioi m\u00eb me Serbin\u00eb p\u00ebr veten e tij. Ai i ndoqi hapat e duhur: referendumin q\u00eb mish\u00ebron vet\u00ebvendosjen si e drejt\u00eb universale e pastaj shpalljen e pavar\u00ebsis\u00eb t\u00eb bazuar n\u00eb at\u00eb referendum. Kushtetuta q\u00eb ne kemi nuk na jep kurrfar\u00eb sigurie.<\/p>\n<p>N\u00eb fakt, ajo \u00ebsht\u00eb vet\u00eb pasiguria. Sepse, kjo Kushtetut\u00eb duhet t\u00eb lexohet prej fundit, prej atje ku n\u00eb pak nene rr\u00ebfehen fuqit\u00eb arbitrare t\u00eb ICO-s\u00eb dhe dominimi i Planit t\u00eb Ahtisaarit mbi kushtetut\u00ebn, e t\u00eb cilin e interpreton s\u00ebrish ICO-ja. Bazat e shtetit t\u00eb Kosov\u00ebs nuk jan\u00eb aspak normale. Ato jan\u00eb aq abnormale saq\u00eb s&#8217;mund t\u00eb jen\u00eb baza q\u00eb arrijn\u00eb t\u00eb bartin di\u00e7ka sip\u00ebr tyre.<\/p>\n<p>Duke e trajtuar pavar\u00ebsin\u00eb vet\u00ebm si dobi e p\u00ebrfitim q\u00eb ishte vet\u00ebm kaq i mundur n\u00eb rrethanat aktuale dhe jo si e drejt\u00eb e jona e vullnet yni, pazari me Serbin\u00eb asnj\u00ebher\u00eb s&#8217;arrin dot t\u00eb mbyllet. Shpallja e pavar\u00ebsis\u00eb nuk mund t\u00eb jet\u00eb fundi sepse konsiderata q\u00eb ka Kosova nga krer\u00ebt e saj shtet\u00ebror\u00eb nuk ka ndryshuar form\u00eb.<\/p>\n<p>Tash jetojm\u00eb m\u00eb mir\u00eb, na thon\u00eb politikan\u00ebt. Ndoshta edhe dikush tjet\u00ebr p\u00ebrve\u00e7 politikan\u00ebve po jeton m\u00eb mir\u00eb, por problemi \u00ebsht\u00eb gjetiu. T\u00eb jetosh m\u00eb mir\u00eb do t\u00eb thot\u00eb q\u00eb ende nuk po k\u00ebrkon t\u00eb jetosh mir\u00eb (si vendet normale). M\u00eb mir\u00eb, kurr\u00eb s&#8217;\u00ebsht\u00eb mir\u00eb. Vet\u00ebm mir\u00eb \u00ebsht\u00eb mir\u00eb. Duke e k\u00ebrkuar k\u00ebt\u00eb &#8216;m\u00eb mir\u00eb&#8217; nuk mund ta arrijm\u00eb at\u00eb t\u00eb mir\u00ebn normale. Pa normativitet, s&#8217;ka normalitet.<\/p>\n<p>Duke k\u00ebrkuar di\u00e7ka vet\u00ebm p\u00ebr hir t\u00eb dobis\u00eb e p\u00ebrfitimit gjithmon\u00eb do t\u00eb pranojm\u00eb edhe m\u00eb pak, madje gjithnj\u00eb e m\u00eb pak. P\u00ebrderisa k\u00ebrkesa e synimi nuk kan\u00eb edhe baz\u00eb normative rezultati final gjithmon\u00eb del i shp\u00ebrfytyruar. Disi sikurse kjo pavar\u00ebsia jon\u00eb. Me logjik\u00ebn e kufizuar nga dobia e p\u00ebrfitimi madje edhe vet\u00eb k\u00ebto mbesin t\u00eb pakta.<\/p>\n<p>K\u00ebto dit\u00eb, tri dekada m\u00eb von\u00eb, megjithat\u00eb d\u00ebgjoj gjithnj\u00eb e m\u00eb shum\u00eb njer\u00ebz teksa thon\u00eb q\u00eb duan jet\u00eb normale. Dhe, kjo gj\u00eb natyrisht q\u00eb ma ngroh zemr\u00ebn. \u00cbsht\u00eb e qart\u00eb q\u00eb normale ata e quajn\u00eb jet\u00ebn e qytetar\u00ebve n\u00eb nj\u00eb vend t\u00eb BE-s\u00eb.<\/p>\n<p>Njer\u00ebzit n\u00eb Kosov\u00eb duan t\u00eb jen\u00eb t\u00eb lir\u00eb si ata e t\u00eb barabart\u00eb me ta. Ata po b\u00ebhen p\u00ebrher\u00eb e m\u00eb t\u00eb gatsh\u00ebm q\u00eb ta braktisin p\u00ebrvoj\u00ebn (gjithsesi t\u00eb hidhur) si pik\u00ebnisje p\u00ebr ta b\u00ebr\u00eb at\u00eb q\u00eb duhet (sipas vullnetit t\u00eb tyre). Rruga p\u00ebr te normaliteti kalon n\u00ebp\u00ebr normativitet.<\/p>\n","protected":false},"excerpt":{"rendered":"<p>Albin Kurti, 16.05.2010 Duke k\u00ebrkuar di\u00e7ka vet\u00ebm p\u00ebr hir t\u00eb dobis\u00eb e p\u00ebrfitimit, gjithmon\u00eb do t\u00eb pranojm\u00eb edhe m\u00eb pak, madje gjithnj\u00eb e m\u00eb pak N\u00eb demonstratat e vitit 1981 k\u00ebrkohej Republika p\u00ebr Kosov\u00ebn. Parimi i k\u00ebrkes\u00ebs, si nj\u00eb n\u00ebnshtrat i k\u00ebsaj k\u00ebrkese, ishte barazia. Pra, nuk brohoritej &#8220;Kosova Republik\u00eb&#8221; vet\u00ebm pse republika do t\u00eb [&hellip;]<\/p>\n","protected":false},"author":1,"featured_media":0,"comment_status":"open","ping_status":"closed","sticky":false,"template":"","format":"standard","meta":{"footnotes":""},"categories":[2],"tags":[],"class_list":{"0":"post-2680","1":"post","2":"type-post","3":"status-publish","4":"format-standard","6":"category-artikuj"},"yoast_head":"<!-- This site is optimized with the Yoast SEO plugin v27.4 - https:\/\/yoast.com\/product\/yoast-seo-wordpress\/ -->\n<title>Pa normativitet, s&#039;ka normalitet - FjALA e LIR\u00cb - Arkivi<\/title>\n<meta name=\"robots\" content=\"index, follow, max-snippet:-1, max-image-preview:large, max-video-preview:-1\" \/>\n<link rel=\"canonical\" href=\"https:\/\/fjala.info\/2009-2015\/pa-normativitet-ska-normalitet\/\" \/>\n<meta property=\"og:locale\" content=\"sq_AL\" \/>\n<meta property=\"og:type\" content=\"article\" \/>\n<meta property=\"og:title\" content=\"Pa normativitet, s&#039;ka normalitet - FjALA e LIR\u00cb - Arkivi\" \/>\n<meta property=\"og:description\" content=\"Albin Kurti, 16.05.2010 Duke k\u00ebrkuar di\u00e7ka vet\u00ebm p\u00ebr hir t\u00eb dobis\u00eb e p\u00ebrfitimit, gjithmon\u00eb do t\u00eb pranojm\u00eb edhe m\u00eb pak, madje gjithnj\u00eb e m\u00eb pak N\u00eb demonstratat e vitit 1981 k\u00ebrkohej Republika p\u00ebr Kosov\u00ebn. Parimi i k\u00ebrkes\u00ebs, si nj\u00eb n\u00ebnshtrat i k\u00ebsaj k\u00ebrkese, ishte barazia. Pra, nuk brohoritej &#8220;Kosova Republik\u00eb&#8221; vet\u00ebm pse republika do t\u00eb [&hellip;]\" \/>\n<meta property=\"og:url\" content=\"https:\/\/fjala.info\/2009-2015\/pa-normativitet-ska-normalitet\/\" \/>\n<meta property=\"og:site_name\" content=\"FjALA e LIR\u00cb - Arkivi\" \/>\n<meta property=\"article:published_time\" content=\"2010-05-16T07:48:32+00:00\" \/>\n<meta property=\"og:image\" content=\"http:\/\/www.shkoder.net\/images\/fjala\/2010\/albin_kurti.jpg\" \/>\n<meta name=\"author\" content=\"admin\" \/>\n<meta name=\"twitter:card\" content=\"summary_large_image\" \/>\n<meta name=\"twitter:label1\" content=\"Written by\" \/>\n\t<meta name=\"twitter:data1\" content=\"admin\" \/>\n\t<meta name=\"twitter:label2\" content=\"Est. reading time\" \/>\n\t<meta name=\"twitter:data2\" content=\"7 minutes\" \/>\n<script type=\"application\/ld+json\" class=\"yoast-schema-graph\">{\"@context\":\"https:\\\/\\\/schema.org\",\"@graph\":[{\"@type\":\"Article\",\"@id\":\"https:\\\/\\\/fjala.info\\\/2009-2015\\\/pa-normativitet-ska-normalitet\\\/#article\",\"isPartOf\":{\"@id\":\"https:\\\/\\\/fjala.info\\\/2009-2015\\\/pa-normativitet-ska-normalitet\\\/\"},\"author\":{\"name\":\"admin\",\"@id\":\"https:\\\/\\\/fjala.info\\\/2009-2015\\\/#\\\/schema\\\/person\\\/3aa1163ef05469c496fc94e77611ada2\"},\"headline\":\"Pa normativitet, s&#8217;ka normalitet\",\"datePublished\":\"2010-05-16T07:48:32+00:00\",\"mainEntityOfPage\":{\"@id\":\"https:\\\/\\\/fjala.info\\\/2009-2015\\\/pa-normativitet-ska-normalitet\\\/\"},\"wordCount\":1445,\"commentCount\":0,\"publisher\":{\"@id\":\"https:\\\/\\\/fjala.info\\\/2009-2015\\\/#organization\"},\"image\":{\"@id\":\"https:\\\/\\\/fjala.info\\\/2009-2015\\\/pa-normativitet-ska-normalitet\\\/#primaryimage\"},\"thumbnailUrl\":\"http:\\\/\\\/www.shkoder.net\\\/images\\\/fjala\\\/2010\\\/albin_kurti.jpg\",\"articleSection\":[\"Artikuj\"],\"inLanguage\":\"sq-AL\",\"potentialAction\":[{\"@type\":\"CommentAction\",\"name\":\"Comment\",\"target\":[\"https:\\\/\\\/fjala.info\\\/2009-2015\\\/pa-normativitet-ska-normalitet\\\/#respond\"]}]},{\"@type\":\"WebPage\",\"@id\":\"https:\\\/\\\/fjala.info\\\/2009-2015\\\/pa-normativitet-ska-normalitet\\\/\",\"url\":\"https:\\\/\\\/fjala.info\\\/2009-2015\\\/pa-normativitet-ska-normalitet\\\/\",\"name\":\"Pa normativitet, s'ka normalitet - FjALA e LIR\u00cb - Arkivi\",\"isPartOf\":{\"@id\":\"https:\\\/\\\/fjala.info\\\/2009-2015\\\/#website\"},\"primaryImageOfPage\":{\"@id\":\"https:\\\/\\\/fjala.info\\\/2009-2015\\\/pa-normativitet-ska-normalitet\\\/#primaryimage\"},\"image\":{\"@id\":\"https:\\\/\\\/fjala.info\\\/2009-2015\\\/pa-normativitet-ska-normalitet\\\/#primaryimage\"},\"thumbnailUrl\":\"http:\\\/\\\/www.shkoder.net\\\/images\\\/fjala\\\/2010\\\/albin_kurti.jpg\",\"datePublished\":\"2010-05-16T07:48:32+00:00\",\"breadcrumb\":{\"@id\":\"https:\\\/\\\/fjala.info\\\/2009-2015\\\/pa-normativitet-ska-normalitet\\\/#breadcrumb\"},\"inLanguage\":\"sq-AL\",\"potentialAction\":[{\"@type\":\"ReadAction\",\"target\":[\"https:\\\/\\\/fjala.info\\\/2009-2015\\\/pa-normativitet-ska-normalitet\\\/\"]}]},{\"@type\":\"ImageObject\",\"inLanguage\":\"sq-AL\",\"@id\":\"https:\\\/\\\/fjala.info\\\/2009-2015\\\/pa-normativitet-ska-normalitet\\\/#primaryimage\",\"url\":\"http:\\\/\\\/www.shkoder.net\\\/images\\\/fjala\\\/2010\\\/albin_kurti.jpg\",\"contentUrl\":\"http:\\\/\\\/www.shkoder.net\\\/images\\\/fjala\\\/2010\\\/albin_kurti.jpg\"},{\"@type\":\"BreadcrumbList\",\"@id\":\"https:\\\/\\\/fjala.info\\\/2009-2015\\\/pa-normativitet-ska-normalitet\\\/#breadcrumb\",\"itemListElement\":[{\"@type\":\"ListItem\",\"position\":1,\"name\":\"Home\",\"item\":\"https:\\\/\\\/fjala.info\\\/2009-2015\\\/\"},{\"@type\":\"ListItem\",\"position\":2,\"name\":\"Pa normativitet, s&#8217;ka normalitet\"}]},{\"@type\":\"WebSite\",\"@id\":\"https:\\\/\\\/fjala.info\\\/2009-2015\\\/#website\",\"url\":\"https:\\\/\\\/fjala.info\\\/2009-2015\\\/\",\"name\":\"FjALA e LIR\u00cb - Arkivi\",\"description\":\"Arkivi 2009-2015\",\"publisher\":{\"@id\":\"https:\\\/\\\/fjala.info\\\/2009-2015\\\/#organization\"},\"potentialAction\":[{\"@type\":\"SearchAction\",\"target\":{\"@type\":\"EntryPoint\",\"urlTemplate\":\"https:\\\/\\\/fjala.info\\\/2009-2015\\\/?s={search_term_string}\"},\"query-input\":{\"@type\":\"PropertyValueSpecification\",\"valueRequired\":true,\"valueName\":\"search_term_string\"}}],\"inLanguage\":\"sq-AL\"},{\"@type\":\"Organization\",\"@id\":\"https:\\\/\\\/fjala.info\\\/2009-2015\\\/#organization\",\"name\":\"FjALA e LIR\u00cb - Arkivi\",\"url\":\"https:\\\/\\\/fjala.info\\\/2009-2015\\\/\",\"logo\":{\"@type\":\"ImageObject\",\"inLanguage\":\"sq-AL\",\"@id\":\"https:\\\/\\\/fjala.info\\\/2009-2015\\\/#\\\/schema\\\/logo\\\/image\\\/\",\"url\":\"\",\"contentUrl\":\"\",\"caption\":\"FjALA e LIR\u00cb - Arkivi\"},\"image\":{\"@id\":\"https:\\\/\\\/fjala.info\\\/2009-2015\\\/#\\\/schema\\\/logo\\\/image\\\/\"}},{\"@type\":\"Person\",\"@id\":\"https:\\\/\\\/fjala.info\\\/2009-2015\\\/#\\\/schema\\\/person\\\/3aa1163ef05469c496fc94e77611ada2\",\"name\":\"admin\",\"image\":{\"@type\":\"ImageObject\",\"inLanguage\":\"sq-AL\",\"@id\":\"https:\\\/\\\/fjala.info\\\/2009-2015\\\/wp-content\\\/uploads\\\/2012\\\/02\\\/arben_cokaj-120x150.jpg\",\"url\":\"https:\\\/\\\/fjala.info\\\/2009-2015\\\/wp-content\\\/uploads\\\/2012\\\/02\\\/arben_cokaj-120x150.jpg\",\"contentUrl\":\"https:\\\/\\\/fjala.info\\\/2009-2015\\\/wp-content\\\/uploads\\\/2012\\\/02\\\/arben_cokaj-120x150.jpg\",\"caption\":\"admin\"},\"description\":\"Admin, Fjala e Lir\u00eb\",\"sameAs\":[\"https:\\\/\\\/fjala.info\\\/\"],\"url\":\"https:\\\/\\\/fjala.info\\\/2009-2015\\\/author\\\/admin\\\/\"}]}<\/script>\n<!-- \/ Yoast SEO plugin. -->","yoast_head_json":{"title":"Pa normativitet, s'ka normalitet - FjALA e LIR\u00cb - Arkivi","robots":{"index":"index","follow":"follow","max-snippet":"max-snippet:-1","max-image-preview":"max-image-preview:large","max-video-preview":"max-video-preview:-1"},"canonical":"https:\/\/fjala.info\/2009-2015\/pa-normativitet-ska-normalitet\/","og_locale":"sq_AL","og_type":"article","og_title":"Pa normativitet, s'ka normalitet - FjALA e LIR\u00cb - Arkivi","og_description":"Albin Kurti, 16.05.2010 Duke k\u00ebrkuar di\u00e7ka vet\u00ebm p\u00ebr hir t\u00eb dobis\u00eb e p\u00ebrfitimit, gjithmon\u00eb do t\u00eb pranojm\u00eb edhe m\u00eb pak, madje gjithnj\u00eb e m\u00eb pak N\u00eb demonstratat e vitit 1981 k\u00ebrkohej Republika p\u00ebr Kosov\u00ebn. Parimi i k\u00ebrkes\u00ebs, si nj\u00eb n\u00ebnshtrat i k\u00ebsaj k\u00ebrkese, ishte barazia. Pra, nuk brohoritej &#8220;Kosova Republik\u00eb&#8221; vet\u00ebm pse republika do t\u00eb [&hellip;]","og_url":"https:\/\/fjala.info\/2009-2015\/pa-normativitet-ska-normalitet\/","og_site_name":"FjALA e LIR\u00cb - Arkivi","article_published_time":"2010-05-16T07:48:32+00:00","og_image":[{"url":"http:\/\/www.shkoder.net\/images\/fjala\/2010\/albin_kurti.jpg","type":"","width":"","height":""}],"author":"admin","twitter_card":"summary_large_image","twitter_misc":{"Written by":"admin","Est. reading time":"7 minutes"},"schema":{"@context":"https:\/\/schema.org","@graph":[{"@type":"Article","@id":"https:\/\/fjala.info\/2009-2015\/pa-normativitet-ska-normalitet\/#article","isPartOf":{"@id":"https:\/\/fjala.info\/2009-2015\/pa-normativitet-ska-normalitet\/"},"author":{"name":"admin","@id":"https:\/\/fjala.info\/2009-2015\/#\/schema\/person\/3aa1163ef05469c496fc94e77611ada2"},"headline":"Pa normativitet, s&#8217;ka normalitet","datePublished":"2010-05-16T07:48:32+00:00","mainEntityOfPage":{"@id":"https:\/\/fjala.info\/2009-2015\/pa-normativitet-ska-normalitet\/"},"wordCount":1445,"commentCount":0,"publisher":{"@id":"https:\/\/fjala.info\/2009-2015\/#organization"},"image":{"@id":"https:\/\/fjala.info\/2009-2015\/pa-normativitet-ska-normalitet\/#primaryimage"},"thumbnailUrl":"http:\/\/www.shkoder.net\/images\/fjala\/2010\/albin_kurti.jpg","articleSection":["Artikuj"],"inLanguage":"sq-AL","potentialAction":[{"@type":"CommentAction","name":"Comment","target":["https:\/\/fjala.info\/2009-2015\/pa-normativitet-ska-normalitet\/#respond"]}]},{"@type":"WebPage","@id":"https:\/\/fjala.info\/2009-2015\/pa-normativitet-ska-normalitet\/","url":"https:\/\/fjala.info\/2009-2015\/pa-normativitet-ska-normalitet\/","name":"Pa normativitet, s'ka normalitet - FjALA e LIR\u00cb - Arkivi","isPartOf":{"@id":"https:\/\/fjala.info\/2009-2015\/#website"},"primaryImageOfPage":{"@id":"https:\/\/fjala.info\/2009-2015\/pa-normativitet-ska-normalitet\/#primaryimage"},"image":{"@id":"https:\/\/fjala.info\/2009-2015\/pa-normativitet-ska-normalitet\/#primaryimage"},"thumbnailUrl":"http:\/\/www.shkoder.net\/images\/fjala\/2010\/albin_kurti.jpg","datePublished":"2010-05-16T07:48:32+00:00","breadcrumb":{"@id":"https:\/\/fjala.info\/2009-2015\/pa-normativitet-ska-normalitet\/#breadcrumb"},"inLanguage":"sq-AL","potentialAction":[{"@type":"ReadAction","target":["https:\/\/fjala.info\/2009-2015\/pa-normativitet-ska-normalitet\/"]}]},{"@type":"ImageObject","inLanguage":"sq-AL","@id":"https:\/\/fjala.info\/2009-2015\/pa-normativitet-ska-normalitet\/#primaryimage","url":"http:\/\/www.shkoder.net\/images\/fjala\/2010\/albin_kurti.jpg","contentUrl":"http:\/\/www.shkoder.net\/images\/fjala\/2010\/albin_kurti.jpg"},{"@type":"BreadcrumbList","@id":"https:\/\/fjala.info\/2009-2015\/pa-normativitet-ska-normalitet\/#breadcrumb","itemListElement":[{"@type":"ListItem","position":1,"name":"Home","item":"https:\/\/fjala.info\/2009-2015\/"},{"@type":"ListItem","position":2,"name":"Pa normativitet, s&#8217;ka normalitet"}]},{"@type":"WebSite","@id":"https:\/\/fjala.info\/2009-2015\/#website","url":"https:\/\/fjala.info\/2009-2015\/","name":"FjALA e LIR\u00cb - Arkivi","description":"Arkivi 2009-2015","publisher":{"@id":"https:\/\/fjala.info\/2009-2015\/#organization"},"potentialAction":[{"@type":"SearchAction","target":{"@type":"EntryPoint","urlTemplate":"https:\/\/fjala.info\/2009-2015\/?s={search_term_string}"},"query-input":{"@type":"PropertyValueSpecification","valueRequired":true,"valueName":"search_term_string"}}],"inLanguage":"sq-AL"},{"@type":"Organization","@id":"https:\/\/fjala.info\/2009-2015\/#organization","name":"FjALA e LIR\u00cb - Arkivi","url":"https:\/\/fjala.info\/2009-2015\/","logo":{"@type":"ImageObject","inLanguage":"sq-AL","@id":"https:\/\/fjala.info\/2009-2015\/#\/schema\/logo\/image\/","url":"","contentUrl":"","caption":"FjALA e LIR\u00cb - Arkivi"},"image":{"@id":"https:\/\/fjala.info\/2009-2015\/#\/schema\/logo\/image\/"}},{"@type":"Person","@id":"https:\/\/fjala.info\/2009-2015\/#\/schema\/person\/3aa1163ef05469c496fc94e77611ada2","name":"admin","image":{"@type":"ImageObject","inLanguage":"sq-AL","@id":"https:\/\/fjala.info\/2009-2015\/wp-content\/uploads\/2012\/02\/arben_cokaj-120x150.jpg","url":"https:\/\/fjala.info\/2009-2015\/wp-content\/uploads\/2012\/02\/arben_cokaj-120x150.jpg","contentUrl":"https:\/\/fjala.info\/2009-2015\/wp-content\/uploads\/2012\/02\/arben_cokaj-120x150.jpg","caption":"admin"},"description":"Admin, Fjala e Lir\u00eb","sameAs":["https:\/\/fjala.info\/"],"url":"https:\/\/fjala.info\/2009-2015\/author\/admin\/"}]}},"_links":{"self":[{"href":"https:\/\/fjala.info\/2009-2015\/wp-json\/wp\/v2\/posts\/2680","targetHints":{"allow":["GET"]}}],"collection":[{"href":"https:\/\/fjala.info\/2009-2015\/wp-json\/wp\/v2\/posts"}],"about":[{"href":"https:\/\/fjala.info\/2009-2015\/wp-json\/wp\/v2\/types\/post"}],"author":[{"embeddable":true,"href":"https:\/\/fjala.info\/2009-2015\/wp-json\/wp\/v2\/users\/1"}],"replies":[{"embeddable":true,"href":"https:\/\/fjala.info\/2009-2015\/wp-json\/wp\/v2\/comments?post=2680"}],"version-history":[{"count":0,"href":"https:\/\/fjala.info\/2009-2015\/wp-json\/wp\/v2\/posts\/2680\/revisions"}],"wp:attachment":[{"href":"https:\/\/fjala.info\/2009-2015\/wp-json\/wp\/v2\/media?parent=2680"}],"wp:term":[{"taxonomy":"category","embeddable":true,"href":"https:\/\/fjala.info\/2009-2015\/wp-json\/wp\/v2\/categories?post=2680"},{"taxonomy":"post_tag","embeddable":true,"href":"https:\/\/fjala.info\/2009-2015\/wp-json\/wp\/v2\/tags?post=2680"}],"curies":[{"name":"wp","href":"https:\/\/api.w.org\/{rel}","templated":true}]}}