{"id":2678,"date":"2010-05-16T08:46:44","date_gmt":"2010-05-16T07:46:44","guid":{"rendered":"http:\/\/fjala.shkoder.net\/?p=2678"},"modified":"2010-05-16T08:46:44","modified_gmt":"2010-05-16T07:46:44","slug":"lubonja-kunder-lubonjes","status":"publish","type":"post","link":"https:\/\/fjala.info\/2009-2015\/lubonja-kunder-lubonjes\/","title":{"rendered":"Lubonja kund\u00ebr Lubonj\u00ebs!"},"content":{"rendered":"<p><img decoding=\"async\" style=\"margin-left: 10px; margin-right: 10px; border: 0px;\" src=\"http:\/\/www.shkoder.net\/images\/fjala\/bledar_prifti.jpg\" border=\"0\" alt=\"Bledar H. Prifti\" width=\"100\" align=\"right\" \/><\/p>\n<p><strong>Bledar H. Prifti<\/strong>, <em>15.05.2010<\/em><\/p>\n<p>Fatos Lubonja \u00ebsht\u00eb analisti im m\u00eb i preferuar, pavar\u00ebsisht se n\u00eb shumic\u00ebn e rasteve mendimet dhe p\u00ebrqasjet tona rreth \u00e7\u00ebshtjeve t\u00eb caktuara mund t\u00eb jen\u00eb t\u00eb ndryshme. Vet jeta e Lubonj\u00ebs, formimi i tij intelektual dhe profesional, dhe angazhimi i tij si qenie politike n\u00eb jet\u00ebn shoq\u00ebrore dhe politike m\u00eb kan\u00eb imponuar respekt dhe admirim p\u00ebr k\u00ebt\u00eb figur\u00eb. Por, ky shkrim nuk ka p\u00ebr q\u00ebllim t&#8217;i thuri lavde Lubonj\u00ebs, jo, sepse ai nuk i ka merituar ato, por sepse as ai vet\u00eb, ma merr mendja, nuk do ta d\u00ebshironte nj\u00eb gj\u00eb t\u00eb till\u00eb.<\/p>\n<p>Kam p\u00ebrshtypjes se Lubonj\u00ebs nuk i interesojn\u00eb m\u00eb shum\u00eb lavdet dhe konfirmimi i mendimeve sesa p\u00ebrplasja e mendimeve t\u00eb ndryshme apo t\u00eb kund\u00ebrta, p\u00ebrplasje e cila do t\u00eb promovonte t\u00eb menduarin kritik dhe gjenerimin e ideve dhe mendimeve t\u00eb reja. Duke u nisur nga ky q\u00ebllim, d\u00ebshiroj t&#8217;i paraqes lexuesit mendimet e mija n\u00eb lidhje me p\u00ebrqasjet dhe pozicionimin e Lubonj\u00ebs, p\u00ebr sa i p\u00ebrket kriz\u00ebs politike q\u00eb ka pllakosur vendin. Ka nj\u00eb s\u00ebr\u00eb arsyesh p\u00ebrse un\u00eb e kund\u00ebrshtoj (dhe dyshoj) fuqish\u00ebm pozicionimin e Lubonj\u00ebs n\u00eb lidhje me situat\u00ebn aktuale t\u00eb politik\u00ebs Shqiptare. K\u00ebto arsye fokusohen tek pozicionimi i Lubonj\u00ebs n\u00eb lidhje me \u00e7\u00ebshtjen e transparenc\u00ebs s\u00eb zgjedhjeve parlamentare t\u00eb 28 qershorit dhe nevoj\u00ebn p\u00ebr qarkullimin e elitave t\u00eb pushtetit.<\/p>\n<p>N\u00eb lidhje me \u00e7\u00ebshtjen e transparenc\u00ebs s\u00eb zgjedhjeve parlamentare t\u00eb 28 qershorit, Lubonja shprehet kund\u00ebr iniciativave politike t\u00eb opozit\u00ebs dhe ka hedhur tez\u00ebn e tij q\u00eb t\u00eb arkivohet \u00e7do gj\u00eb e lidhur me procesin dhe politika t\u00eb vazhdoj\u00eb p\u00ebrpara, duke p\u00ebrmir\u00ebsuar kuadrin ligjor dhe Kodin Zgjedhor. Kjo l\u00ebvizje e Lubonj\u00ebs t\u00eb kujton &#8220;qet\u00ebsimin&#8221; q\u00eb Europian\u00ebt i b\u00ebn Hitlerit n\u00eb vitin 1938, duke i hapur rrug\u00eb bab\u00ebzis\u00eb Hitleriane p\u00ebr pushtet. Ky pozicionim e komprometon figur\u00ebn e Lubonj\u00ebs, duke u nisur jo vet\u00ebm nga aspekti ligjor i \u00e7\u00ebshtjes, por edhe nga ai moral dhe shoq\u00ebror.<\/p>\n<p>Par\u00eb nga k\u00ebndv\u00ebshtrimi ligjor, transparenca e procesit zgjedhor dhe hapja e kutive \u00ebsht\u00eb nj\u00eb e drejt\u00eb kushtetuese e opozit\u00ebs dhe e \u00e7do shtetasi t\u00eb Republik\u00ebs. Kjo e drejt\u00eb i jepet opozit\u00ebs p\u00ebrmes hetimit parlamentar bazuar n\u00eb Nenin 77, pika 2, i cili thekson shprehimisht se &#8220;kuvendi ka t\u00eb drejt\u00eb dhe, me k\u00ebrkes\u00ebn e nj\u00eb s\u00eb katr\u00ebs s\u00eb t\u00eb gjith\u00eb an\u00ebtar\u00ebve t\u00eb tij, \u00ebsht\u00eb i detyruar t\u00eb caktoj\u00eb komision hetimi p\u00ebr t\u00eb shqyrtuar nj\u00eb \u00e7\u00ebshtje t\u00eb ve\u00e7ant\u00eb. P\u00ebrfundimet e tyre nuk jan\u00eb detyruese p\u00ebr gjykatat, por mund t&#8217;i njoftohen prokuroris\u00eb, e cila i vler\u00ebson sipas procedur\u00ebs ligjore.&#8221;<\/p>\n<p>Gjithashtu, k\u00ebrkesat e kryeministrit Berisha dhe e zyrtar\u00ebve Europian\u00eb q\u00eb i sugjerojn\u00eb Partis\u00eb Socialiste t\u00eb d\u00ebrgoj\u00eb \u00e7\u00ebshtjen e hapjes s\u00eb kutive n\u00eb Gjykat\u00eb Kushtetuese \u00ebsht\u00eb nj\u00eb k\u00ebrkes\u00eb e pavlefshme juridikisht, pasi nj\u00eb veprim i atill\u00eb nuk ka baz\u00eb kushtetuese. N\u00ebse gjykata \u00ebsht\u00eb shprehur nj\u00ebher\u00eb p\u00ebr antikushtetutshm\u00ebri t\u00eb hapjes s\u00eb kutive t\u00eb zgjedhjeve t\u00eb 28 qershorit (pretendimi i Berish\u00ebs), at\u00ebher\u00eb p\u00ebrse duhet t\u00eb shkoj\u00eb Partia Socialiste n\u00eb Gjykat\u00eb Kushtetuese? Kjo Gjykat\u00eb nuk mund t\u00eb shprehen dy her\u00eb p\u00ebr t\u00eb nj\u00ebjt\u00ebn \u00e7\u00ebshtje! Nga ana tjet\u00ebr, n\u00ebse Gjykata Kushtetuese nuk \u00ebsht\u00eb shprehur p\u00ebr kutit\u00eb e votimit t\u00eb 28 qershorit, at\u00ebher\u00eb kryeministrit Berisha i lind detyrimi kushtetues t\u00eb provoj\u00eb k\u00ebt\u00eb pretendim dhe t\u00eb mos mbaj\u00eb mbyllur kutit\u00eb deri n\u00eb nj\u00eb vendim t\u00eb gjykat\u00ebs.<\/p>\n<p>Bazuar p\u00ebr sa m\u00eb sip\u00ebr, Lubonja n\u00eb m\u00ebnyr\u00eb direkte n\u00ebnvler\u00ebson, injoron dhe mohon (moralisht) t\u00eb drejt\u00ebn kushtetuese t\u00eb nj\u00eb individi apo grupimi politik. N\u00ebse ai ka objeksione rreth grev\u00ebs si instrument politik, Lubonja duhet ta kuptoj\u00eb se nuk ekziston asnj\u00eb mund\u00ebsi ligjore dhe mjet tjet\u00ebr demokratik p\u00ebr opozit\u00ebn q\u00eb do t\u00eb funksiononte m\u00eb mir\u00eb. Si i persekutuar i regjimit komunist, ai duhet t\u00eb kuptoj\u00eb se respektimi i t\u00eb drejtave t\u00eb gjithsecilit (inkluduar e drejta p\u00ebr t\u00eb protestuar) \u00ebsht\u00eb baza e demokracis\u00eb. R\u00ebnd\u00ebsin\u00eb e asaj t\u00eb drejte kushtetuese e kupton dhe e vler\u00ebson vet\u00ebm ai q\u00eb e vuan at\u00eb mbi supe.<\/p>\n<p>N\u00ebse p\u00ebr Lubonj\u00ebn ajo gj\u00eb nuk \u00ebsht\u00eb e r\u00ebnd\u00ebsishme, at\u00ebher\u00eb ai ka detyrim moral (apo edhe kushtetues) q\u00eb t\u00eb respektoj\u00eb moralisht dhe kushtetutshm\u00ebrisht t\u00eb drejtat e t\u00eb tjer\u00ebve, sepse ndryshe nuk do t\u00eb mund t\u00eb dallonim diktator\u00ebt nga demokrat\u00ebt. Dikush mund t\u00eb thot\u00eb se &#8220;jemi n\u00eb demokraci dhe Lubonja do t\u00eb flas\u00eb si i do qejfi&#8221;. N\u00ebse p\u00ebrgjigja do t\u00eb ishte e till\u00eb, at\u00ebher\u00eb nuk do t\u00eb kishte ndryshim midis moralit t\u00eb dikujt q\u00eb punonte dhe brohoriste dje p\u00ebr &#8220;partin\u00eb&#8221; dhe &#8220;shokun Enver&#8221; me moralin e atij q\u00eb sot nuk respekton t\u00eb drejtat e t\u00eb tjer\u00ebve. Njer\u00ebzit nuk b\u00ebhen diktator\u00eb nga Kushtetuta, por nga vlerat dhe morali i tyre.<\/p>\n<p>Por, \u00e7\u00ebshtja nuk q\u00ebndron vet\u00ebm k\u00ebtu. Nj\u00eb m\u00ebndje ma thot\u00eb se reagimet e Lubonj\u00ebs kund\u00ebr grev\u00ebs jan\u00eb t\u00eb kondicionuara nga &#8220;urrejtja&#8221; politike q\u00eb Lubonja ushqen p\u00ebr liderin socialist, Edi Rama. Personalizimi i kauz\u00ebs s\u00eb opozit\u00ebs nga ana e Lubonj\u00ebs p\u00ebr hir t\u00eb &#8220;urrejtjes&#8221; politike q\u00eb ai ka kund\u00ebr Ram\u00ebs e komprometon moralisht dhe intelektualisht figur\u00ebn e Lubonj\u00ebs. N\u00eb aspektin m\u00eb t\u00eb mir\u00eb t\u00eb \u00e7\u00ebshtjes, Lubonja i hakmerret Ram\u00ebs; kurse n\u00eb aspektin m\u00eb t\u00eb keq, ai i sh\u00ebrben Sali Berish\u00ebs, me ose pa dashje. Lubonja duhet ta dij\u00eb se dy t\u00eb k\u00ebqija nuk b\u00ebjn\u00eb nj\u00eb t\u00eb mir\u00eb, por dy t\u00eb k\u00ebqija t\u00eb m\u00ebdha.<\/p>\n<p>Hakmarrja e Lubonj\u00ebs kund\u00ebr Ram\u00ebs po zhvillohet duke shkelur mbi t\u00eb drejtat e mij\u00ebrave dhe milionave t\u00eb tjer\u00ebve. P\u00ebrmes k\u00ebtij pozicionimi t\u00eb Lubonj\u00ebs nuk humbet vet\u00ebm Edi Rama, por edhe mij\u00ebra e miliona Shqiptar\u00eb t\u00eb tjer\u00eb. I vetmi fitues real \u00ebsht\u00eb Sali Berisha dhe pushteti i tij. Me nj\u00eb fjal\u00eb, n\u00ebse i marrim t\u00eb q\u00ebna pretendimet e Lubonj\u00ebs, duket se ai po ndjek parimin q\u00eb &#8220;p\u00ebr nj\u00eb plesht djeg gjith\u00eb jorganin&#8221;. N\u00eb vazhd\u00ebn e personalizimit t\u00eb kauz\u00ebs s\u00eb opozit\u00ebs, Lubonja shprehu antipatin\u00eb dhe inatin (&#8220;nuk e duroj dot k\u00ebt\u00eb&#8230;&#8221;) e tij kund\u00ebr nj\u00eb deputeti grevist p\u00ebr shkak se ky deputet i ri \u00ebsht\u00eb i pasur dhe me burim pasurie t\u00eb panjohur. N\u00ebse dikush deklaron se \u00ebsht\u00eb i pasur, \u00ebsht\u00eb e papranueshme q\u00eb ai\/ajo t\u00eb etiketohet dhe vler\u00ebsohet si\u00e7 b\u00ebhej me &#8220;kulak\u00ebt&#8221; dhe &#8220;bejler\u00ebt&#8221; q\u00eb moti. Gjithsesi, \u00e7&#8217;lidhje ka kauza e transparenc\u00ebs me pasurin\u00eb e nj\u00eb deputeti grevist?<\/p>\n<p>Lubonja shprehet se transparenca e procesit zgjedhor \u00ebsht\u00eb nj\u00eb mjet p\u00ebr Ram\u00ebn p\u00ebr t\u00eb ardhur n\u00eb pushtet. Lind pyetja: P\u00ebrse? P\u00ebrse transparenca e zgjedhjeve t\u00eb 28 qershorit na sjellka Ram\u00ebn n\u00eb pushtet? N\u00ebse num\u00ebrohen votat dhe prej andej del se num\u00ebrimi \u00ebsht\u00eb i rregullt dhe Berisha i ka fituar zgjedhjet, at\u00ebher\u00eb si do t\u00eb vij\u00eb Rama n\u00eb pushtet? N\u00ebse kjo \u00ebsht\u00eb e v\u00ebrtet\u00eb, Rama jo vet\u00ebm q\u00eb nuk do t\u00eb vinte n\u00eb pushtet, por ai do t\u00eb merrte fund si figur\u00eb politike. Mos vall\u00eb Lubonja e thekson k\u00ebt\u00eb nga bindja se transparenca do t\u00eb zbulonte q\u00eb Rama ka qen\u00eb fituesi real t\u00eb zgjedhjeve t\u00eb 28 qershorit dhe jo Berisha? Mos vall\u00eb Lubonja ka frik\u00eb se n\u00ebse Rama rezulton fitues real i zgjedhjeve, at\u00ebher\u00eb t\u00eb gjith\u00eb tezat e tij dhe t\u00eb kopes\u00eb s\u00eb analist\u00ebve, mjek\u00ebve, dhe artist\u00ebve do t\u00eb shnd\u00ebrroheshin n\u00eb nj\u00eb turp mediatik dhe politik?<\/p>\n<p>N\u00ebse v\u00ebrtet\u00eb e beson dhe e mendon v\u00ebrtet nj\u00eb gj\u00eb t\u00eb till\u00eb, at\u00ebher\u00eb ky \u00ebsht\u00eb turp i madh p\u00ebr Lubonj\u00ebn! N\u00ebse v\u00ebrtet\u00eb e b\u00ebn p\u00ebr k\u00ebt\u00eb arsye, at\u00ebher\u00eb, mund t\u00eb them pa frik\u00eb se Lubonja nuk \u00ebsht\u00eb m\u00eb i mir\u00eb sesa ata sekretar\u00eb partie dhe komunist\u00eb q\u00eb e burgos\u00ebn n\u00eb koh\u00ebn e regjimit. Kjo tregon se Lubonj\u00ebn nga Rama nuk e ndajn\u00eb vlerat dhe idet\u00eb, por hakmarrja e verb\u00ebr q\u00eb nuk ndalohet edhe kur ajo prek dhe godet popullin e pafajsh\u00ebm dhe principet e demokracis\u00eb, p\u00ebr t\u00eb cilat ka luftuar dhe vuajtur Lubonja dje.<\/p>\n<p>Ky mentalitet dhe nerv hakmarr\u00ebs i Lubonj\u00ebs pasohet nga nj\u00eb strategji e disa analist\u00ebve dhe artist\u00ebve t\u00eb oborrit t\u00eb pushtetit t\u00eb djesh\u00ebm dhe atij t\u00eb sot\u00ebm, t\u00eb cil\u00ebt p\u00ebrrallisin popullin, duke theksuar se gjoja edhe varf\u00ebria ekstreme e Shqiptar\u00ebve po p\u00ebrdoret nga opozita dhe Rama si kopertur\u00eb p\u00ebr t\u00eb mbuluar d\u00ebshir\u00ebn p\u00ebr t\u00eb ardhur n\u00eb pushtet. Disa qyqe t\u00eb tjera vazhdojn\u00eb k\u00ebng\u00ebt e tyre p\u00ebr arritjet e Shqip\u00ebris\u00eb n\u00ebn udh\u00ebheqjen e &#8220;partis\u00eb&#8221; dhe shokut Sali. Me k\u00ebto mend q\u00eb kan\u00eb k\u00ebta analist\u00eb dhe artist\u00eb oborresh, bota nuk do t\u00eb kishte par\u00eb ndonj\u00ebher\u00eb rokad\u00eb pushtetesh e sistemesh dhe mbret\u00ebria do t\u00eb ishte sistemi ideal i qeverisjes.<\/p>\n<p>T\u00eb ishte p\u00ebr k\u00ebta oborrtar\u00eb, sot ne do t\u00eb ishim kthyer n\u00eb nj\u00eb &#8220;Kub\u00eb e Dyt\u00eb&#8221;, ku do t\u00eb ishim akoma duke par\u00eb filma t\u00eb realizmit socialist dhe duke p\u00ebrsh\u00ebndetur &#8220;Mir\u00ebm\u00ebngjes Shoku Lenin&#8221;. Lubonja nuk b\u00ebn pjes\u00eb tek kjo kategori dhe as tek ajo kategori q\u00eb pasi i ka sh\u00ebrbyer regjimit t\u00eb djesh\u00ebm, sot e kuptuar q\u00eb nj\u00eb i ri duhet nd\u00ebrtuar. Por, ashtu si Lubonja, edhe k\u00ebta artist\u00eb e mjek\u00eb besojn\u00eb se dy t\u00eb k\u00ebqija b\u00ebjn\u00eb nj\u00eb t\u00eb mir\u00eb.<\/p>\n<p>S\u00eb fundmi, dy fjal\u00eb p\u00ebr qarkullimin e elitave t\u00eb pushtetit. Lubonja ka ide shum\u00eb interesante, por q\u00eb, fatkeq\u00ebsisht, kund\u00ebrshtohen nga retorika dhe veprimet e tij. Me nj\u00eb fjal\u00eb, Lubonja krijon nj\u00eb paradoks p\u00ebr sa i p\u00ebrket ideve n\u00eb lidhje me qarkullimin e elitave. Qarkullimi i elitave nuk b\u00ebhet duke sulmuar opozit\u00ebn dhe duke ruajtur status quo-n\u00eb e politik\u00ebs, por duke sulmuar pushtetin dhe duke promovuar p\u00ebrplasje brenda elit\u00ebs. Disfatat politike t\u00eb nj\u00ebpasnj\u00ebshme n\u00eb kampet politike krijojn\u00eb oportunitete politike p\u00ebr p\u00ebrplasje midis elit\u00ebs s\u00eb re me elit\u00ebn e vjet\u00ebr. Beteja e sotme midis Berish\u00ebs dhe Ram\u00ebs \u00ebsht\u00eb nj\u00eb p\u00ebrplasje elitash, vlerash dhe filozofish politike, e cila do t\u00eb b\u00ebj\u00eb t\u00eb mundur z\u00ebvend\u00ebsimin e nj\u00ebr\u00ebs elit\u00eb me tjetr\u00ebn.<\/p>\n<p>Oportuniteti politik p\u00ebr k\u00ebt\u00eb p\u00ebrplasje lindi menj\u00ebher\u00eb pas humbjes s\u00eb Fatos Nanos dhe socialist\u00ebve n\u00eb zgjedhjet e 2005-\u00ebs. Oportunitete t\u00eb tjera politike do t\u00eb lindin, pasi Berisha dhe elita q\u00eb ai p\u00ebrfaq\u00ebson t\u00eb largohet nga skena politike. Kjo \u00ebsht\u00eb nj\u00eb dialektik\u00eb e pafundme dhe e paevitueshme zhvillimi q\u00eb do ta perfeksionoj\u00eb dhe sofistikoj\u00eb elit\u00ebn politike n\u00eb t\u00eb ardhmen. N\u00eb k\u00ebt\u00eb proces, Lubonja i sot\u00ebm duhet t&#8217;i hapi rrug\u00eb Lubonj\u00ebs s\u00eb djesh\u00ebm dhe hakmarrja duhet t&#8217;i l\u00ebri vendin t\u00eb mir\u00ebs, arsyes dhe kompromisit.<\/p>\n","protected":false},"excerpt":{"rendered":"<p>Bledar H. Prifti, 15.05.2010 Fatos Lubonja \u00ebsht\u00eb analisti im m\u00eb i preferuar, pavar\u00ebsisht se n\u00eb shumic\u00ebn e rasteve mendimet dhe p\u00ebrqasjet tona rreth \u00e7\u00ebshtjeve t\u00eb caktuara mund t\u00eb jen\u00eb t\u00eb ndryshme. Vet jeta e Lubonj\u00ebs, formimi i tij intelektual dhe profesional, dhe angazhimi i tij si qenie politike n\u00eb jet\u00ebn shoq\u00ebrore dhe politike m\u00eb kan\u00eb [&hellip;]<\/p>\n","protected":false},"author":1,"featured_media":0,"comment_status":"open","ping_status":"closed","sticky":false,"template":"","format":"standard","meta":{"footnotes":""},"categories":[2],"tags":[],"class_list":{"0":"post-2678","1":"post","2":"type-post","3":"status-publish","4":"format-standard","6":"category-artikuj"},"yoast_head":"<!-- This site is optimized with the Yoast SEO plugin v27.4 - https:\/\/yoast.com\/product\/yoast-seo-wordpress\/ -->\n<title>Lubonja kund\u00ebr Lubonj\u00ebs! - FjALA e LIR\u00cb - Arkivi<\/title>\n<meta name=\"robots\" content=\"index, follow, max-snippet:-1, max-image-preview:large, max-video-preview:-1\" \/>\n<link rel=\"canonical\" href=\"https:\/\/fjala.info\/2009-2015\/lubonja-kunder-lubonjes\/\" \/>\n<meta property=\"og:locale\" content=\"sq_AL\" \/>\n<meta property=\"og:type\" content=\"article\" \/>\n<meta property=\"og:title\" content=\"Lubonja kund\u00ebr Lubonj\u00ebs! - FjALA e LIR\u00cb - Arkivi\" \/>\n<meta property=\"og:description\" content=\"Bledar H. Prifti, 15.05.2010 Fatos Lubonja \u00ebsht\u00eb analisti im m\u00eb i preferuar, pavar\u00ebsisht se n\u00eb shumic\u00ebn e rasteve mendimet dhe p\u00ebrqasjet tona rreth \u00e7\u00ebshtjeve t\u00eb caktuara mund t\u00eb jen\u00eb t\u00eb ndryshme. Vet jeta e Lubonj\u00ebs, formimi i tij intelektual dhe profesional, dhe angazhimi i tij si qenie politike n\u00eb jet\u00ebn shoq\u00ebrore dhe politike m\u00eb kan\u00eb [&hellip;]\" \/>\n<meta property=\"og:url\" content=\"https:\/\/fjala.info\/2009-2015\/lubonja-kunder-lubonjes\/\" \/>\n<meta property=\"og:site_name\" content=\"FjALA e LIR\u00cb - Arkivi\" \/>\n<meta property=\"article:published_time\" content=\"2010-05-16T07:46:44+00:00\" \/>\n<meta property=\"og:image\" content=\"http:\/\/www.shkoder.net\/images\/fjala\/bledar_prifti.jpg\" \/>\n<meta name=\"author\" content=\"admin\" \/>\n<meta name=\"twitter:card\" content=\"summary_large_image\" \/>\n<meta name=\"twitter:label1\" content=\"Written by\" \/>\n\t<meta name=\"twitter:data1\" content=\"admin\" \/>\n\t<meta name=\"twitter:label2\" content=\"Est. reading time\" \/>\n\t<meta name=\"twitter:data2\" content=\"9 minutes\" \/>\n<script type=\"application\/ld+json\" class=\"yoast-schema-graph\">{\"@context\":\"https:\\\/\\\/schema.org\",\"@graph\":[{\"@type\":\"Article\",\"@id\":\"https:\\\/\\\/fjala.info\\\/2009-2015\\\/lubonja-kunder-lubonjes\\\/#article\",\"isPartOf\":{\"@id\":\"https:\\\/\\\/fjala.info\\\/2009-2015\\\/lubonja-kunder-lubonjes\\\/\"},\"author\":{\"name\":\"admin\",\"@id\":\"https:\\\/\\\/fjala.info\\\/2009-2015\\\/#\\\/schema\\\/person\\\/3aa1163ef05469c496fc94e77611ada2\"},\"headline\":\"Lubonja kund\u00ebr Lubonj\u00ebs!\",\"datePublished\":\"2010-05-16T07:46:44+00:00\",\"mainEntityOfPage\":{\"@id\":\"https:\\\/\\\/fjala.info\\\/2009-2015\\\/lubonja-kunder-lubonjes\\\/\"},\"wordCount\":1897,\"commentCount\":0,\"publisher\":{\"@id\":\"https:\\\/\\\/fjala.info\\\/2009-2015\\\/#organization\"},\"image\":{\"@id\":\"https:\\\/\\\/fjala.info\\\/2009-2015\\\/lubonja-kunder-lubonjes\\\/#primaryimage\"},\"thumbnailUrl\":\"http:\\\/\\\/www.shkoder.net\\\/images\\\/fjala\\\/bledar_prifti.jpg\",\"articleSection\":[\"Artikuj\"],\"inLanguage\":\"sq-AL\",\"potentialAction\":[{\"@type\":\"CommentAction\",\"name\":\"Comment\",\"target\":[\"https:\\\/\\\/fjala.info\\\/2009-2015\\\/lubonja-kunder-lubonjes\\\/#respond\"]}]},{\"@type\":\"WebPage\",\"@id\":\"https:\\\/\\\/fjala.info\\\/2009-2015\\\/lubonja-kunder-lubonjes\\\/\",\"url\":\"https:\\\/\\\/fjala.info\\\/2009-2015\\\/lubonja-kunder-lubonjes\\\/\",\"name\":\"Lubonja kund\u00ebr Lubonj\u00ebs! - FjALA e LIR\u00cb - Arkivi\",\"isPartOf\":{\"@id\":\"https:\\\/\\\/fjala.info\\\/2009-2015\\\/#website\"},\"primaryImageOfPage\":{\"@id\":\"https:\\\/\\\/fjala.info\\\/2009-2015\\\/lubonja-kunder-lubonjes\\\/#primaryimage\"},\"image\":{\"@id\":\"https:\\\/\\\/fjala.info\\\/2009-2015\\\/lubonja-kunder-lubonjes\\\/#primaryimage\"},\"thumbnailUrl\":\"http:\\\/\\\/www.shkoder.net\\\/images\\\/fjala\\\/bledar_prifti.jpg\",\"datePublished\":\"2010-05-16T07:46:44+00:00\",\"breadcrumb\":{\"@id\":\"https:\\\/\\\/fjala.info\\\/2009-2015\\\/lubonja-kunder-lubonjes\\\/#breadcrumb\"},\"inLanguage\":\"sq-AL\",\"potentialAction\":[{\"@type\":\"ReadAction\",\"target\":[\"https:\\\/\\\/fjala.info\\\/2009-2015\\\/lubonja-kunder-lubonjes\\\/\"]}]},{\"@type\":\"ImageObject\",\"inLanguage\":\"sq-AL\",\"@id\":\"https:\\\/\\\/fjala.info\\\/2009-2015\\\/lubonja-kunder-lubonjes\\\/#primaryimage\",\"url\":\"http:\\\/\\\/www.shkoder.net\\\/images\\\/fjala\\\/bledar_prifti.jpg\",\"contentUrl\":\"http:\\\/\\\/www.shkoder.net\\\/images\\\/fjala\\\/bledar_prifti.jpg\"},{\"@type\":\"BreadcrumbList\",\"@id\":\"https:\\\/\\\/fjala.info\\\/2009-2015\\\/lubonja-kunder-lubonjes\\\/#breadcrumb\",\"itemListElement\":[{\"@type\":\"ListItem\",\"position\":1,\"name\":\"Home\",\"item\":\"https:\\\/\\\/fjala.info\\\/2009-2015\\\/\"},{\"@type\":\"ListItem\",\"position\":2,\"name\":\"Lubonja kund\u00ebr Lubonj\u00ebs!\"}]},{\"@type\":\"WebSite\",\"@id\":\"https:\\\/\\\/fjala.info\\\/2009-2015\\\/#website\",\"url\":\"https:\\\/\\\/fjala.info\\\/2009-2015\\\/\",\"name\":\"FjALA e LIR\u00cb - Arkivi\",\"description\":\"Arkivi 2009-2015\",\"publisher\":{\"@id\":\"https:\\\/\\\/fjala.info\\\/2009-2015\\\/#organization\"},\"potentialAction\":[{\"@type\":\"SearchAction\",\"target\":{\"@type\":\"EntryPoint\",\"urlTemplate\":\"https:\\\/\\\/fjala.info\\\/2009-2015\\\/?s={search_term_string}\"},\"query-input\":{\"@type\":\"PropertyValueSpecification\",\"valueRequired\":true,\"valueName\":\"search_term_string\"}}],\"inLanguage\":\"sq-AL\"},{\"@type\":\"Organization\",\"@id\":\"https:\\\/\\\/fjala.info\\\/2009-2015\\\/#organization\",\"name\":\"FjALA e LIR\u00cb - Arkivi\",\"url\":\"https:\\\/\\\/fjala.info\\\/2009-2015\\\/\",\"logo\":{\"@type\":\"ImageObject\",\"inLanguage\":\"sq-AL\",\"@id\":\"https:\\\/\\\/fjala.info\\\/2009-2015\\\/#\\\/schema\\\/logo\\\/image\\\/\",\"url\":\"\",\"contentUrl\":\"\",\"caption\":\"FjALA e LIR\u00cb - Arkivi\"},\"image\":{\"@id\":\"https:\\\/\\\/fjala.info\\\/2009-2015\\\/#\\\/schema\\\/logo\\\/image\\\/\"}},{\"@type\":\"Person\",\"@id\":\"https:\\\/\\\/fjala.info\\\/2009-2015\\\/#\\\/schema\\\/person\\\/3aa1163ef05469c496fc94e77611ada2\",\"name\":\"admin\",\"image\":{\"@type\":\"ImageObject\",\"inLanguage\":\"sq-AL\",\"@id\":\"https:\\\/\\\/fjala.info\\\/2009-2015\\\/wp-content\\\/uploads\\\/2012\\\/02\\\/arben_cokaj-120x150.jpg\",\"url\":\"https:\\\/\\\/fjala.info\\\/2009-2015\\\/wp-content\\\/uploads\\\/2012\\\/02\\\/arben_cokaj-120x150.jpg\",\"contentUrl\":\"https:\\\/\\\/fjala.info\\\/2009-2015\\\/wp-content\\\/uploads\\\/2012\\\/02\\\/arben_cokaj-120x150.jpg\",\"caption\":\"admin\"},\"description\":\"Admin, Fjala e Lir\u00eb\",\"sameAs\":[\"https:\\\/\\\/fjala.info\\\/\"],\"url\":\"https:\\\/\\\/fjala.info\\\/2009-2015\\\/author\\\/admin\\\/\"}]}<\/script>\n<!-- \/ Yoast SEO plugin. -->","yoast_head_json":{"title":"Lubonja kund\u00ebr Lubonj\u00ebs! - FjALA e LIR\u00cb - Arkivi","robots":{"index":"index","follow":"follow","max-snippet":"max-snippet:-1","max-image-preview":"max-image-preview:large","max-video-preview":"max-video-preview:-1"},"canonical":"https:\/\/fjala.info\/2009-2015\/lubonja-kunder-lubonjes\/","og_locale":"sq_AL","og_type":"article","og_title":"Lubonja kund\u00ebr Lubonj\u00ebs! - FjALA e LIR\u00cb - Arkivi","og_description":"Bledar H. Prifti, 15.05.2010 Fatos Lubonja \u00ebsht\u00eb analisti im m\u00eb i preferuar, pavar\u00ebsisht se n\u00eb shumic\u00ebn e rasteve mendimet dhe p\u00ebrqasjet tona rreth \u00e7\u00ebshtjeve t\u00eb caktuara mund t\u00eb jen\u00eb t\u00eb ndryshme. Vet jeta e Lubonj\u00ebs, formimi i tij intelektual dhe profesional, dhe angazhimi i tij si qenie politike n\u00eb jet\u00ebn shoq\u00ebrore dhe politike m\u00eb kan\u00eb [&hellip;]","og_url":"https:\/\/fjala.info\/2009-2015\/lubonja-kunder-lubonjes\/","og_site_name":"FjALA e LIR\u00cb - Arkivi","article_published_time":"2010-05-16T07:46:44+00:00","og_image":[{"url":"http:\/\/www.shkoder.net\/images\/fjala\/bledar_prifti.jpg","type":"","width":"","height":""}],"author":"admin","twitter_card":"summary_large_image","twitter_misc":{"Written by":"admin","Est. reading time":"9 minutes"},"schema":{"@context":"https:\/\/schema.org","@graph":[{"@type":"Article","@id":"https:\/\/fjala.info\/2009-2015\/lubonja-kunder-lubonjes\/#article","isPartOf":{"@id":"https:\/\/fjala.info\/2009-2015\/lubonja-kunder-lubonjes\/"},"author":{"name":"admin","@id":"https:\/\/fjala.info\/2009-2015\/#\/schema\/person\/3aa1163ef05469c496fc94e77611ada2"},"headline":"Lubonja kund\u00ebr Lubonj\u00ebs!","datePublished":"2010-05-16T07:46:44+00:00","mainEntityOfPage":{"@id":"https:\/\/fjala.info\/2009-2015\/lubonja-kunder-lubonjes\/"},"wordCount":1897,"commentCount":0,"publisher":{"@id":"https:\/\/fjala.info\/2009-2015\/#organization"},"image":{"@id":"https:\/\/fjala.info\/2009-2015\/lubonja-kunder-lubonjes\/#primaryimage"},"thumbnailUrl":"http:\/\/www.shkoder.net\/images\/fjala\/bledar_prifti.jpg","articleSection":["Artikuj"],"inLanguage":"sq-AL","potentialAction":[{"@type":"CommentAction","name":"Comment","target":["https:\/\/fjala.info\/2009-2015\/lubonja-kunder-lubonjes\/#respond"]}]},{"@type":"WebPage","@id":"https:\/\/fjala.info\/2009-2015\/lubonja-kunder-lubonjes\/","url":"https:\/\/fjala.info\/2009-2015\/lubonja-kunder-lubonjes\/","name":"Lubonja kund\u00ebr Lubonj\u00ebs! - FjALA e LIR\u00cb - Arkivi","isPartOf":{"@id":"https:\/\/fjala.info\/2009-2015\/#website"},"primaryImageOfPage":{"@id":"https:\/\/fjala.info\/2009-2015\/lubonja-kunder-lubonjes\/#primaryimage"},"image":{"@id":"https:\/\/fjala.info\/2009-2015\/lubonja-kunder-lubonjes\/#primaryimage"},"thumbnailUrl":"http:\/\/www.shkoder.net\/images\/fjala\/bledar_prifti.jpg","datePublished":"2010-05-16T07:46:44+00:00","breadcrumb":{"@id":"https:\/\/fjala.info\/2009-2015\/lubonja-kunder-lubonjes\/#breadcrumb"},"inLanguage":"sq-AL","potentialAction":[{"@type":"ReadAction","target":["https:\/\/fjala.info\/2009-2015\/lubonja-kunder-lubonjes\/"]}]},{"@type":"ImageObject","inLanguage":"sq-AL","@id":"https:\/\/fjala.info\/2009-2015\/lubonja-kunder-lubonjes\/#primaryimage","url":"http:\/\/www.shkoder.net\/images\/fjala\/bledar_prifti.jpg","contentUrl":"http:\/\/www.shkoder.net\/images\/fjala\/bledar_prifti.jpg"},{"@type":"BreadcrumbList","@id":"https:\/\/fjala.info\/2009-2015\/lubonja-kunder-lubonjes\/#breadcrumb","itemListElement":[{"@type":"ListItem","position":1,"name":"Home","item":"https:\/\/fjala.info\/2009-2015\/"},{"@type":"ListItem","position":2,"name":"Lubonja kund\u00ebr Lubonj\u00ebs!"}]},{"@type":"WebSite","@id":"https:\/\/fjala.info\/2009-2015\/#website","url":"https:\/\/fjala.info\/2009-2015\/","name":"FjALA e LIR\u00cb - Arkivi","description":"Arkivi 2009-2015","publisher":{"@id":"https:\/\/fjala.info\/2009-2015\/#organization"},"potentialAction":[{"@type":"SearchAction","target":{"@type":"EntryPoint","urlTemplate":"https:\/\/fjala.info\/2009-2015\/?s={search_term_string}"},"query-input":{"@type":"PropertyValueSpecification","valueRequired":true,"valueName":"search_term_string"}}],"inLanguage":"sq-AL"},{"@type":"Organization","@id":"https:\/\/fjala.info\/2009-2015\/#organization","name":"FjALA e LIR\u00cb - Arkivi","url":"https:\/\/fjala.info\/2009-2015\/","logo":{"@type":"ImageObject","inLanguage":"sq-AL","@id":"https:\/\/fjala.info\/2009-2015\/#\/schema\/logo\/image\/","url":"","contentUrl":"","caption":"FjALA e LIR\u00cb - Arkivi"},"image":{"@id":"https:\/\/fjala.info\/2009-2015\/#\/schema\/logo\/image\/"}},{"@type":"Person","@id":"https:\/\/fjala.info\/2009-2015\/#\/schema\/person\/3aa1163ef05469c496fc94e77611ada2","name":"admin","image":{"@type":"ImageObject","inLanguage":"sq-AL","@id":"https:\/\/fjala.info\/2009-2015\/wp-content\/uploads\/2012\/02\/arben_cokaj-120x150.jpg","url":"https:\/\/fjala.info\/2009-2015\/wp-content\/uploads\/2012\/02\/arben_cokaj-120x150.jpg","contentUrl":"https:\/\/fjala.info\/2009-2015\/wp-content\/uploads\/2012\/02\/arben_cokaj-120x150.jpg","caption":"admin"},"description":"Admin, Fjala e Lir\u00eb","sameAs":["https:\/\/fjala.info\/"],"url":"https:\/\/fjala.info\/2009-2015\/author\/admin\/"}]}},"_links":{"self":[{"href":"https:\/\/fjala.info\/2009-2015\/wp-json\/wp\/v2\/posts\/2678","targetHints":{"allow":["GET"]}}],"collection":[{"href":"https:\/\/fjala.info\/2009-2015\/wp-json\/wp\/v2\/posts"}],"about":[{"href":"https:\/\/fjala.info\/2009-2015\/wp-json\/wp\/v2\/types\/post"}],"author":[{"embeddable":true,"href":"https:\/\/fjala.info\/2009-2015\/wp-json\/wp\/v2\/users\/1"}],"replies":[{"embeddable":true,"href":"https:\/\/fjala.info\/2009-2015\/wp-json\/wp\/v2\/comments?post=2678"}],"version-history":[{"count":0,"href":"https:\/\/fjala.info\/2009-2015\/wp-json\/wp\/v2\/posts\/2678\/revisions"}],"wp:attachment":[{"href":"https:\/\/fjala.info\/2009-2015\/wp-json\/wp\/v2\/media?parent=2678"}],"wp:term":[{"taxonomy":"category","embeddable":true,"href":"https:\/\/fjala.info\/2009-2015\/wp-json\/wp\/v2\/categories?post=2678"},{"taxonomy":"post_tag","embeddable":true,"href":"https:\/\/fjala.info\/2009-2015\/wp-json\/wp\/v2\/tags?post=2678"}],"curies":[{"name":"wp","href":"https:\/\/api.w.org\/{rel}","templated":true}]}}