{"id":2675,"date":"2010-05-16T08:44:30","date_gmt":"2010-05-16T07:44:30","guid":{"rendered":"http:\/\/fjala.shkoder.net\/?p=2675"},"modified":"2010-05-16T08:44:30","modified_gmt":"2010-05-16T07:44:30","slug":"komisioni-i-sherbimit-civil-ai-i-ruzhdies-dhe-greva-e-urise","status":"publish","type":"post","link":"https:\/\/fjala.info\/2009-2015\/komisioni-i-sherbimit-civil-ai-i-ruzhdies-dhe-greva-e-urise\/","title":{"rendered":"Komisioni i Sh\u00ebrbimit Civil, ai i Ruzhdies dhe greva e uris\u00eb"},"content":{"rendered":"<p><img decoding=\"async\" style=\"margin-left: 10px; margin-right: 10px; border: 0px;\" src=\"http:\/\/www.shkoder.net\/images\/fjala\/adri_nurellari.jpg\" border=\"0\" alt=\"Adri Nurellari\" width=\"150\" align=\"right\" \/><\/p>\n<p><strong>Adri Nurellari<\/strong><\/p>\n<p>E gjith\u00eb v\u00ebmendja e opinionit publik tanim\u00eb \u00ebsht\u00eb p\u00ebrqendruar tek greva e uris\u00eb q\u00eb k\u00ebrkon hapjen e kutive p\u00ebr hir t\u00eb transparenc\u00ebs dhe p\u00ebr t\u00eb b\u00ebr\u00eb nj\u00eb pik\u00eb kthese nj\u00ebher\u00eb e mir\u00eb nga tradita e deritanishme e cenimit t\u00eb zgjedhjeve. \u00cbsht\u00eb m\u00eb se qesharake t\u00eb pretendohet se hapja e kutive p\u00ebr hir t\u00eb hetimit, duke shmangur num\u00ebrimin, \u00ebsht\u00eb nj\u00eb precedent negativ. Transparenca n\u00eb sistemin demokratik nuk duhet t\u00eb jet\u00eb p\u00ebrjashtim, por rregulli. Fakti q\u00eb transparenca nga nj\u00eb pjes\u00eb e mir\u00eb e opinionit po konsiderohet si precedent i rreziksh\u00ebm tregon se n\u00eb Shqip\u00ebri ka nj\u00eb problem t\u00eb madh me kultur\u00ebn politike, e cila ndryshon n\u00eb m\u00ebnyr\u00eb shum\u00eb graduale e nuk \u00e7rr\u00ebnjoset menj\u00ebher\u00eb, as me nj\u00eb grev\u00eb urie.<\/p>\n<p>Perfektja do ishte q\u00eb me nj\u00eb t\u00eb sht\u00ebn\u00eb t\u00eb shkopit magjik t\u00eb Merlinit gjith\u00e7ka t\u00eb ndryshohej n\u00eb m\u00ebnyr\u00eb drastike e radikale dhe kjo grev\u00eb t\u00eb sh\u00ebrbente si epilogu i fundit t\u00eb parregullsive n\u00eb votime. Mir\u00ebpo si\u00e7 thoshte Volteri, perfektja \u00ebsht\u00eb armikja e s\u00eb mir\u00ebs, sepse duke pretenduar vet\u00ebm perfekten n\u00eb Shqip\u00ebri po eliminohet ose n\u00ebn\u00e7mohet plot\u00ebsisht avancimi i b\u00ebr\u00eb apo p\u00ebrmir\u00ebsimi. Pra n\u00eb qoft\u00eb se do pretendohet p\u00ebrsosm\u00ebri absolute n\u00eb zgjedhje, at\u00ebher\u00eb ajo v\u00ebshtir\u00eb se arrihet ndonj\u00ebher\u00eb n\u00eb Shqip\u00ebri.<\/p>\n<p>N\u00eb vitet e ardhshme, \u00e7do pal\u00eb humb\u00ebse do ket\u00eb arsye p\u00ebr t\u00eb pretenduar pap\u00ebrsosm\u00ebri t\u00eb zgjedhjeve, mir\u00ebpo nd\u00ebrkaq vendi ka nevoj\u00eb p\u00ebr qeverisje. N\u00eb pamund\u00ebsi t\u00eb nj\u00eb p\u00ebrsosm\u00ebrie t\u00eb procesit duhet t\u00eb biem dakord p\u00ebr nj\u00eb dimension relativ, p\u00ebr nj\u00eb maksimum rrethanor t\u00eb rigorozitetit. Pra t\u00eb mos shpresojm\u00eb p\u00ebr nj\u00eb revolucion q\u00eb ndryshon e \u00e7on n\u00eb p\u00ebrsosm\u00ebri, por p\u00ebr evolucion drejt s\u00eb p\u00ebrkryer\u00ebs. Kjo do t\u00eb thot\u00eb q\u00eb duhet t\u00eb kemi nj\u00eb ide t\u00eb tolerimit t\u00eb deri dikursh\u00ebm t\u00eb parregullsive, pra t\u00eb kemi nj\u00ebfar\u00eb mase kritike, p\u00ebrtej s\u00eb cil\u00ebs zgjedhjet quhen t\u00eb papranueshme. N\u00eb fakt komuniteti nd\u00ebrkomb\u00ebtar kam p\u00ebrshtypjen se e ka pasur k\u00ebt\u00eb p\u00ebrqasje dhe i ka pranuar rezultatet e zgjedhjeve, edhe pse ka pasur v\u00ebrejtje boll.<\/p>\n<p>Konkretisht mund t\u00eb merret e mir\u00ebqen\u00eb q\u00eb ka pasur parregullsi n\u00eb zgjedhje, mir\u00ebpo v\u00ebshtir\u00eb t\u00eb besohet q\u00eb k\u00ebto parregullsi n\u00eb proces t\u00eb ken\u00eb qen\u00eb m\u00eb t\u00eb m\u00ebdha se ato t\u00eb vitit 2005, kur rezultati u pranua nga dy pal\u00ebt. Dallimi k\u00ebsaj radhe \u00ebsht\u00eb se sistemi i ri zgjedhor, n\u00eb m\u00ebnyr\u00eb t\u00eb pashmangshme, do t\u2019i \u00e7onte t\u00eb dyja pal\u00ebt n\u00eb nj\u00eb rezultat shum\u00eb t\u00eb p\u00ebraf\u00ebrt, duke b\u00ebr\u00eb q\u00eb secila pal\u00eb t\u00eb pretendonte fitoren. Pra ky proces me k\u00ebto vota po t\u00eb num\u00ebroheshin me sistemin e m\u00ebparsh\u00ebm do sillte nj\u00eb rezultat m\u00eb t\u00eb qart\u00eb me diferenc\u00eb m\u00eb t\u00eb madhe, nd\u00ebrkoh\u00eb q\u00eb k\u00ebsaj radhe doli 70 me 70.<\/p>\n<p>Rasti i nxjerr\u00eb me t\u00eb drejt\u00eb prej opozit\u00ebs si cenues i vot\u00ebs s\u00eb lir\u00eb, ai i Ruzhdies, duhet t\u00eb sh\u00ebrbej\u00eb jo vet\u00ebm p\u00ebr t\u00eb treguar nj\u00eb problem institucional t\u00eb procesit demokratik, por edhe p\u00ebr t\u00eb v\u00ebn\u00eb n\u00eb dukje nj\u00eb problem t\u00eb mpreht\u00eb kulturor, q\u00eb lihet pas dore me q\u00ebllim jasht\u00eb analiz\u00ebs. Argumenti im n\u00eb k\u00ebt\u00eb rast \u00ebsht\u00eb se edhe po t\u00eb ket\u00eb ujdi n\u00eb nivel qendror p\u00ebr zgjedhjet, do ket\u00eb v\u00ebshtir\u00ebsi t\u00eb m\u00ebdha q\u00eb ujdia t\u00eb zbatohet n\u00eb nivel lokal. Pra edhe po t\u00eb ket\u00eb vullnet t\u00eb mir\u00eb, lider\u00ebt e t\u00eb dyja partive kryesore q\u00eb zot\u00ebrojn\u00eb monopolin e administrimit t\u00eb zgjedhjeve (gj\u00eb q\u00eb s\u2019ka qen\u00eb e v\u00ebrtet\u00eb n\u00eb qershor t\u00eb 2009-s) do doj\u00eb koh\u00eb q\u00eb edhe n\u00eb nivel lokal t\u00eb b\u00ebhet ndersh\u00ebm loja.<\/p>\n<p>P\u00ebr t\u00eb shtjelluar k\u00ebt\u00eb p\u00ebrqasje t\u00eb evolucionit p\u00ebrkundrejt revolucionit, t\u00eb p\u00ebrmir\u00ebsimit p\u00ebrkundrejt s\u00eb p\u00ebrsosur\u00ebs, t\u00eb kontekstualizimit p\u00ebrkundrejt virtualizimit, do ishte mir\u00eb q\u00eb t\u00eb b\u00ebnim paralel midis Ruzhdies dhe Komisionit t\u00eb Sh\u00ebrbimit Civil. Fatkeq\u00ebsisht problemet shum\u00eb serioze t\u00eb k\u00ebtij komisioni shum\u00eb t\u00eb r\u00ebnd\u00ebsish\u00ebm jan\u00eb eklipsuar nga opinioni n\u00eb kushtet kur n\u00eb qend\u00ebr t\u00eb v\u00ebmendjes ka ngelur komisioni zgjedhor i Ruzhdies. Po t\u00eb lexohet raporti i progresit i Bashkimit Europian p\u00ebr Shqip\u00ebrin\u00eb i tetorit 2009, shihet q\u00eb nj\u00eb pjes\u00eb e mir\u00eb e v\u00ebmendjes, kritik\u00ebs dhe rekomandimeve shkonin pik\u00ebrisht p\u00ebr rritjen e kapaciteteve, efikasitetit dhe ndershm\u00ebris\u00eb t\u00eb administrat\u00ebs publike.<\/p>\n<p>N\u00eb pamje t\u00eb par\u00eb, administrata publike duket si antitez\u00eb e demokracis\u00eb, duke qen\u00eb se t\u00eb par\u00ebt jan\u00eb t\u00eb em\u00ebruar dhe t\u00eb dyt\u00ebt t\u00eb p\u00ebrzgjedhur, mir\u00ebpo shumica e kontakteve midis votuesve dhe t\u00eb zgjedhurve kryhet pik\u00ebrisht n\u00ebp\u00ebrmjet administrat\u00ebs. Administrata \u00ebsht\u00eb aktor thelb\u00ebsor n\u00eb zbatimin e politikave, n\u00eb kryerjen e sh\u00ebrbimeve, zgjidhjen e problemeve teknike, aplikimin e teknologjis\u00eb dhe procedurave, duke sh\u00ebrbyer shpesh si kutimat\u00ebs i qytetar\u00ebve p\u00ebr realizimin e detyrave q\u00eb ata presin prej shtetit.<\/p>\n<p>Literatura shkencore ka treguar se problemet me administrat\u00ebn publike jan\u00eb shum\u00eb t\u00eb d\u00ebmshme p\u00ebr zhvillimin dhe konsolidimin e sistemeve politike demokratike, pik\u00ebrisht sepse sh\u00ebrbimi civil luan rol thelb\u00ebsor n\u00eb p\u00ebrmbushjen e interesave dhe nevojave t\u00eb qytetar\u00ebve. N\u00ebse nuk ia del ta luaj\u00eb si\u00e7 duhet k\u00ebt\u00eb rol, diskreditohet i gjith\u00eb shteti. P\u00ebr m\u00eb tep\u00ebr ndryshe nga nj\u00eb shekull m\u00eb par\u00eb, n\u00eb epok\u00ebn kur jetojm\u00eb, p\u00ebrmasa e shtetit dhe n\u00ebpun\u00ebsve shtet\u00ebror\u00eb \u00ebsht\u00eb shtuar shum\u00eb, duke e b\u00ebr\u00eb akoma m\u00eb t\u00eb r\u00ebnd\u00ebsishme profesionalizmin, efikasitetin, etik\u00ebn dhe cil\u00ebsin\u00eb e veprimtaris\u00eb s\u00eb tyre.<\/p>\n<p>P\u00ebr t\u00eb b\u00ebr\u00eb mbik\u00ebqyrjen e menaxhimit t\u00eb sh\u00ebrbimit civil n\u00eb t\u00eb gjitha institucionet \u00ebsht\u00eb krijuar si institucion i pavarur Komisioni i Sh\u00ebrbimit Civil. Ky \u00ebsht\u00eb organi administrativ q\u00eb zgjidh ankimet ndaj vendimeve, lidhur me n\u00ebpun\u00ebsin civil e merr mandatin prej Parlamentit dhe ka autoritetin apo tipare t\u00eb nj\u00eb gjykate administrative. Veprimtaria e viteve t\u00eb fundit t\u00eb k\u00ebtij komisioni i ngjan nj\u00eb kalvari harbutlliku aspak t\u00eb denj\u00eb p\u00ebr rolin dhe funksionin q\u00eb ai ka, duke mos dalluar shum\u00eb nga komisioni zgjedhor i Ruzhdies.<\/p>\n<p>N\u00eb vitin 2007, kryetari i m\u00ebparsh\u00ebm, Samir Mani, u eliminua nga drejtimi i komisionit me nj\u00eb lloj pu\u00e7i, pasi disa an\u00ebtar\u00eb t\u00eb komisionit ia zaptuan postin duke i shqyer der\u00ebn dhe ndryshuar \u00e7el\u00ebsat e zyr\u00ebs, nd\u00ebrkoh\u00eb q\u00eb Mani ishte n\u00eb nj\u00eb vizit\u00eb n\u00eb Spanj\u00eb. Kryetarja e Parlamentit e ligj\u00ebroi k\u00ebt\u00eb akt t\u00eb pahijsh\u00ebm, duke autorizuar si kryetare t\u00eb KSHC-s\u00eb vet\u00ebm znj. Mimoza Hysenaj, mir\u00ebpo kjo gj\u00eb nuk mjaftoi p\u00ebr ta b\u00ebr\u00eb funksional dhe efikas k\u00ebt\u00eb institucion kaq t\u00eb r\u00ebnd\u00ebsish\u00ebm. N\u00eb mars t\u00eb k\u00ebtij viti, tre an\u00ebtar\u00eb t\u00eb komisionit k\u00ebsaj radhe vendos\u00ebn t\u00eb shkarkonin znj. Hysenaj dhe kjo e fundit dor\u00ebzoi p\u00ebr k\u00ebta t\u00eb tre nj\u00eb kall\u00ebzim penal n\u00eb prokurori.<\/p>\n<p>Kjo situat\u00eb qesharake e shkaktuar nga disa individ\u00eb q\u00eb hamend\u00ebsoheshin t\u00eb ishin shum\u00eb t\u00eb kualifikuar dhe profesional b\u00ebri q\u00eb Komisioni parlamentar i Ligjeve i Parlamentit ta shqyrtonte k\u00ebt\u00eb situat\u00eb dhe t\u00eb vendoste p\u00ebr eliminimin plot\u00ebsisht t\u00eb k\u00ebtij komisioni. Relatorja, deputetja Arenca Trashani, deklaroi n\u00eb prill tekstualisht se: \u201cKonfliktet e brendshme tuaja nuk i ngjajn\u00eb nj\u00eb institucioni shtet\u00ebror, por nj\u00eb telenovele t\u00eb dal\u00eb mode fare. Kan\u00eb sh\u00ebmtuar imazhin e k\u00ebtij institucioni si garant i zbatimit t\u00eb ligjit p\u00ebr statusin e sh\u00ebrbimit civil. Kjo situat\u00eb absurde ka sjell\u00eb nj\u00eb kolaps t\u00eb plote n\u00eb shqyrtimin e ankesave t\u00eb n\u00ebpun\u00ebsve\u201d.<\/p>\n<p>Situata banale e KSHC-s\u00eb d\u00ebshmon se n\u00eb Shqip\u00ebri, fatkeq\u00ebsisht \u00ebsht\u00eb e pamundur t\u00eb nd\u00ebrtohet nj\u00eb institucion mbik\u00ebqyr\u00ebs dinjitoz t\u00eb n\u00ebpun\u00ebsve civil\u00eb e jo m\u00eb t\u00eb mendohet p\u00ebr t\u00eb krijuar nj\u00eb administrat\u00eb publike funksionale dhe t\u00eb ndershme e aq m\u00eb pak p\u00ebr nj\u00eb struktur\u00eb dinjitoze t\u00eb administrimit t\u00eb zgjedhjeve n\u00eb nivel lokal. Pra kur katandiset n\u00eb k\u00ebt\u00eb situat\u00eb, nj\u00eb grusht i vog\u00ebl komisioner\u00ebsh t\u00eb KSHC-s\u00eb n\u00eb qend\u00ebr t\u00eb Tiran\u00ebs, t\u00eb ngarkuar me nj\u00eb detyr\u00eb kaq t\u00eb r\u00ebnd\u00ebsishme prej Parlamentit, sa mund t\u00eb pretendohet nga komisioner\u00ebt e Ruzhdies dhe dhjet\u00ebra mij\u00ebra t\u00eb tjer\u00eb q\u00eb kan\u00eb qen\u00eb n\u00ebp\u00ebr qendrat e votimit n\u00ebp\u00ebr skutat m\u00eb periferike t\u00eb Shqip\u00ebris\u00eb? Ky paraleliz\u00ebm e tregon qart\u00eb q\u00eb lufta p\u00ebr t\u00eb arritur nj\u00eb p\u00ebrsosm\u00ebri n\u00eb procesin e organizimit t\u00eb zgjedhjeve nuk mbyllet thjesht me nj\u00eb betej\u00eb ekstreme, si greva e uris\u00eb, por \u00ebsht\u00eb nj\u00eb proces afatgjat\u00eb, i ngadalsh\u00ebm dhe i lodhsh\u00ebm.<\/p>\n","protected":false},"excerpt":{"rendered":"<p>Adri Nurellari E gjith\u00eb v\u00ebmendja e opinionit publik tanim\u00eb \u00ebsht\u00eb p\u00ebrqendruar tek greva e uris\u00eb q\u00eb k\u00ebrkon hapjen e kutive p\u00ebr hir t\u00eb transparenc\u00ebs dhe p\u00ebr t\u00eb b\u00ebr\u00eb nj\u00eb pik\u00eb kthese nj\u00ebher\u00eb e mir\u00eb nga tradita e deritanishme e cenimit t\u00eb zgjedhjeve. \u00cbsht\u00eb m\u00eb se qesharake t\u00eb pretendohet se hapja e kutive p\u00ebr hir t\u00eb [&hellip;]<\/p>\n","protected":false},"author":1,"featured_media":0,"comment_status":"open","ping_status":"closed","sticky":false,"template":"","format":"standard","meta":{"footnotes":""},"categories":[2],"tags":[],"class_list":{"0":"post-2675","1":"post","2":"type-post","3":"status-publish","4":"format-standard","6":"category-artikuj"},"yoast_head":"<!-- This site is optimized with the Yoast SEO plugin v27.4 - https:\/\/yoast.com\/product\/yoast-seo-wordpress\/ -->\n<title>Komisioni i Sh\u00ebrbimit Civil, ai i Ruzhdies dhe greva e uris\u00eb - FjALA e LIR\u00cb - Arkivi<\/title>\n<meta name=\"robots\" content=\"index, follow, max-snippet:-1, max-image-preview:large, max-video-preview:-1\" \/>\n<link rel=\"canonical\" href=\"https:\/\/fjala.info\/2009-2015\/komisioni-i-sherbimit-civil-ai-i-ruzhdies-dhe-greva-e-urise\/\" \/>\n<meta property=\"og:locale\" content=\"sq_AL\" \/>\n<meta property=\"og:type\" content=\"article\" \/>\n<meta property=\"og:title\" content=\"Komisioni i Sh\u00ebrbimit Civil, ai i Ruzhdies dhe greva e uris\u00eb - FjALA e LIR\u00cb - Arkivi\" \/>\n<meta property=\"og:description\" content=\"Adri Nurellari E gjith\u00eb v\u00ebmendja e opinionit publik tanim\u00eb \u00ebsht\u00eb p\u00ebrqendruar tek greva e uris\u00eb q\u00eb k\u00ebrkon hapjen e kutive p\u00ebr hir t\u00eb transparenc\u00ebs dhe p\u00ebr t\u00eb b\u00ebr\u00eb nj\u00eb pik\u00eb kthese nj\u00ebher\u00eb e mir\u00eb nga tradita e deritanishme e cenimit t\u00eb zgjedhjeve. \u00cbsht\u00eb m\u00eb se qesharake t\u00eb pretendohet se hapja e kutive p\u00ebr hir t\u00eb [&hellip;]\" \/>\n<meta property=\"og:url\" content=\"https:\/\/fjala.info\/2009-2015\/komisioni-i-sherbimit-civil-ai-i-ruzhdies-dhe-greva-e-urise\/\" \/>\n<meta property=\"og:site_name\" content=\"FjALA e LIR\u00cb - Arkivi\" \/>\n<meta property=\"article:published_time\" content=\"2010-05-16T07:44:30+00:00\" \/>\n<meta property=\"og:image\" content=\"http:\/\/www.shkoder.net\/images\/fjala\/adri_nurellari.jpg\" \/>\n<meta name=\"author\" content=\"admin\" \/>\n<meta name=\"twitter:card\" content=\"summary_large_image\" \/>\n<meta name=\"twitter:label1\" content=\"Written by\" \/>\n\t<meta name=\"twitter:data1\" content=\"admin\" \/>\n\t<meta name=\"twitter:label2\" content=\"Est. reading time\" \/>\n\t<meta name=\"twitter:data2\" content=\"7 minutes\" \/>\n<script type=\"application\/ld+json\" class=\"yoast-schema-graph\">{\"@context\":\"https:\\\/\\\/schema.org\",\"@graph\":[{\"@type\":\"Article\",\"@id\":\"https:\\\/\\\/fjala.info\\\/2009-2015\\\/komisioni-i-sherbimit-civil-ai-i-ruzhdies-dhe-greva-e-urise\\\/#article\",\"isPartOf\":{\"@id\":\"https:\\\/\\\/fjala.info\\\/2009-2015\\\/komisioni-i-sherbimit-civil-ai-i-ruzhdies-dhe-greva-e-urise\\\/\"},\"author\":{\"name\":\"admin\",\"@id\":\"https:\\\/\\\/fjala.info\\\/2009-2015\\\/#\\\/schema\\\/person\\\/3aa1163ef05469c496fc94e77611ada2\"},\"headline\":\"Komisioni i Sh\u00ebrbimit Civil, ai i Ruzhdies dhe greva e uris\u00eb\",\"datePublished\":\"2010-05-16T07:44:30+00:00\",\"mainEntityOfPage\":{\"@id\":\"https:\\\/\\\/fjala.info\\\/2009-2015\\\/komisioni-i-sherbimit-civil-ai-i-ruzhdies-dhe-greva-e-urise\\\/\"},\"wordCount\":1486,\"commentCount\":0,\"publisher\":{\"@id\":\"https:\\\/\\\/fjala.info\\\/2009-2015\\\/#organization\"},\"image\":{\"@id\":\"https:\\\/\\\/fjala.info\\\/2009-2015\\\/komisioni-i-sherbimit-civil-ai-i-ruzhdies-dhe-greva-e-urise\\\/#primaryimage\"},\"thumbnailUrl\":\"http:\\\/\\\/www.shkoder.net\\\/images\\\/fjala\\\/adri_nurellari.jpg\",\"articleSection\":[\"Artikuj\"],\"inLanguage\":\"sq-AL\",\"potentialAction\":[{\"@type\":\"CommentAction\",\"name\":\"Comment\",\"target\":[\"https:\\\/\\\/fjala.info\\\/2009-2015\\\/komisioni-i-sherbimit-civil-ai-i-ruzhdies-dhe-greva-e-urise\\\/#respond\"]}]},{\"@type\":\"WebPage\",\"@id\":\"https:\\\/\\\/fjala.info\\\/2009-2015\\\/komisioni-i-sherbimit-civil-ai-i-ruzhdies-dhe-greva-e-urise\\\/\",\"url\":\"https:\\\/\\\/fjala.info\\\/2009-2015\\\/komisioni-i-sherbimit-civil-ai-i-ruzhdies-dhe-greva-e-urise\\\/\",\"name\":\"Komisioni i Sh\u00ebrbimit Civil, ai i Ruzhdies dhe greva e uris\u00eb - FjALA e LIR\u00cb - Arkivi\",\"isPartOf\":{\"@id\":\"https:\\\/\\\/fjala.info\\\/2009-2015\\\/#website\"},\"primaryImageOfPage\":{\"@id\":\"https:\\\/\\\/fjala.info\\\/2009-2015\\\/komisioni-i-sherbimit-civil-ai-i-ruzhdies-dhe-greva-e-urise\\\/#primaryimage\"},\"image\":{\"@id\":\"https:\\\/\\\/fjala.info\\\/2009-2015\\\/komisioni-i-sherbimit-civil-ai-i-ruzhdies-dhe-greva-e-urise\\\/#primaryimage\"},\"thumbnailUrl\":\"http:\\\/\\\/www.shkoder.net\\\/images\\\/fjala\\\/adri_nurellari.jpg\",\"datePublished\":\"2010-05-16T07:44:30+00:00\",\"breadcrumb\":{\"@id\":\"https:\\\/\\\/fjala.info\\\/2009-2015\\\/komisioni-i-sherbimit-civil-ai-i-ruzhdies-dhe-greva-e-urise\\\/#breadcrumb\"},\"inLanguage\":\"sq-AL\",\"potentialAction\":[{\"@type\":\"ReadAction\",\"target\":[\"https:\\\/\\\/fjala.info\\\/2009-2015\\\/komisioni-i-sherbimit-civil-ai-i-ruzhdies-dhe-greva-e-urise\\\/\"]}]},{\"@type\":\"ImageObject\",\"inLanguage\":\"sq-AL\",\"@id\":\"https:\\\/\\\/fjala.info\\\/2009-2015\\\/komisioni-i-sherbimit-civil-ai-i-ruzhdies-dhe-greva-e-urise\\\/#primaryimage\",\"url\":\"http:\\\/\\\/www.shkoder.net\\\/images\\\/fjala\\\/adri_nurellari.jpg\",\"contentUrl\":\"http:\\\/\\\/www.shkoder.net\\\/images\\\/fjala\\\/adri_nurellari.jpg\"},{\"@type\":\"BreadcrumbList\",\"@id\":\"https:\\\/\\\/fjala.info\\\/2009-2015\\\/komisioni-i-sherbimit-civil-ai-i-ruzhdies-dhe-greva-e-urise\\\/#breadcrumb\",\"itemListElement\":[{\"@type\":\"ListItem\",\"position\":1,\"name\":\"Home\",\"item\":\"https:\\\/\\\/fjala.info\\\/2009-2015\\\/\"},{\"@type\":\"ListItem\",\"position\":2,\"name\":\"Komisioni i Sh\u00ebrbimit Civil, ai i Ruzhdies dhe greva e uris\u00eb\"}]},{\"@type\":\"WebSite\",\"@id\":\"https:\\\/\\\/fjala.info\\\/2009-2015\\\/#website\",\"url\":\"https:\\\/\\\/fjala.info\\\/2009-2015\\\/\",\"name\":\"FjALA e LIR\u00cb - Arkivi\",\"description\":\"Arkivi 2009-2015\",\"publisher\":{\"@id\":\"https:\\\/\\\/fjala.info\\\/2009-2015\\\/#organization\"},\"potentialAction\":[{\"@type\":\"SearchAction\",\"target\":{\"@type\":\"EntryPoint\",\"urlTemplate\":\"https:\\\/\\\/fjala.info\\\/2009-2015\\\/?s={search_term_string}\"},\"query-input\":{\"@type\":\"PropertyValueSpecification\",\"valueRequired\":true,\"valueName\":\"search_term_string\"}}],\"inLanguage\":\"sq-AL\"},{\"@type\":\"Organization\",\"@id\":\"https:\\\/\\\/fjala.info\\\/2009-2015\\\/#organization\",\"name\":\"FjALA e LIR\u00cb - Arkivi\",\"url\":\"https:\\\/\\\/fjala.info\\\/2009-2015\\\/\",\"logo\":{\"@type\":\"ImageObject\",\"inLanguage\":\"sq-AL\",\"@id\":\"https:\\\/\\\/fjala.info\\\/2009-2015\\\/#\\\/schema\\\/logo\\\/image\\\/\",\"url\":\"\",\"contentUrl\":\"\",\"caption\":\"FjALA e LIR\u00cb - Arkivi\"},\"image\":{\"@id\":\"https:\\\/\\\/fjala.info\\\/2009-2015\\\/#\\\/schema\\\/logo\\\/image\\\/\"}},{\"@type\":\"Person\",\"@id\":\"https:\\\/\\\/fjala.info\\\/2009-2015\\\/#\\\/schema\\\/person\\\/3aa1163ef05469c496fc94e77611ada2\",\"name\":\"admin\",\"image\":{\"@type\":\"ImageObject\",\"inLanguage\":\"sq-AL\",\"@id\":\"https:\\\/\\\/fjala.info\\\/2009-2015\\\/wp-content\\\/uploads\\\/2012\\\/02\\\/arben_cokaj-120x150.jpg\",\"url\":\"https:\\\/\\\/fjala.info\\\/2009-2015\\\/wp-content\\\/uploads\\\/2012\\\/02\\\/arben_cokaj-120x150.jpg\",\"contentUrl\":\"https:\\\/\\\/fjala.info\\\/2009-2015\\\/wp-content\\\/uploads\\\/2012\\\/02\\\/arben_cokaj-120x150.jpg\",\"caption\":\"admin\"},\"description\":\"Admin, Fjala e Lir\u00eb\",\"sameAs\":[\"https:\\\/\\\/fjala.info\\\/\"],\"url\":\"https:\\\/\\\/fjala.info\\\/2009-2015\\\/author\\\/admin\\\/\"}]}<\/script>\n<!-- \/ Yoast SEO plugin. -->","yoast_head_json":{"title":"Komisioni i Sh\u00ebrbimit Civil, ai i Ruzhdies dhe greva e uris\u00eb - FjALA e LIR\u00cb - Arkivi","robots":{"index":"index","follow":"follow","max-snippet":"max-snippet:-1","max-image-preview":"max-image-preview:large","max-video-preview":"max-video-preview:-1"},"canonical":"https:\/\/fjala.info\/2009-2015\/komisioni-i-sherbimit-civil-ai-i-ruzhdies-dhe-greva-e-urise\/","og_locale":"sq_AL","og_type":"article","og_title":"Komisioni i Sh\u00ebrbimit Civil, ai i Ruzhdies dhe greva e uris\u00eb - FjALA e LIR\u00cb - Arkivi","og_description":"Adri Nurellari E gjith\u00eb v\u00ebmendja e opinionit publik tanim\u00eb \u00ebsht\u00eb p\u00ebrqendruar tek greva e uris\u00eb q\u00eb k\u00ebrkon hapjen e kutive p\u00ebr hir t\u00eb transparenc\u00ebs dhe p\u00ebr t\u00eb b\u00ebr\u00eb nj\u00eb pik\u00eb kthese nj\u00ebher\u00eb e mir\u00eb nga tradita e deritanishme e cenimit t\u00eb zgjedhjeve. \u00cbsht\u00eb m\u00eb se qesharake t\u00eb pretendohet se hapja e kutive p\u00ebr hir t\u00eb [&hellip;]","og_url":"https:\/\/fjala.info\/2009-2015\/komisioni-i-sherbimit-civil-ai-i-ruzhdies-dhe-greva-e-urise\/","og_site_name":"FjALA e LIR\u00cb - Arkivi","article_published_time":"2010-05-16T07:44:30+00:00","og_image":[{"url":"http:\/\/www.shkoder.net\/images\/fjala\/adri_nurellari.jpg","type":"","width":"","height":""}],"author":"admin","twitter_card":"summary_large_image","twitter_misc":{"Written by":"admin","Est. reading time":"7 minutes"},"schema":{"@context":"https:\/\/schema.org","@graph":[{"@type":"Article","@id":"https:\/\/fjala.info\/2009-2015\/komisioni-i-sherbimit-civil-ai-i-ruzhdies-dhe-greva-e-urise\/#article","isPartOf":{"@id":"https:\/\/fjala.info\/2009-2015\/komisioni-i-sherbimit-civil-ai-i-ruzhdies-dhe-greva-e-urise\/"},"author":{"name":"admin","@id":"https:\/\/fjala.info\/2009-2015\/#\/schema\/person\/3aa1163ef05469c496fc94e77611ada2"},"headline":"Komisioni i Sh\u00ebrbimit Civil, ai i Ruzhdies dhe greva e uris\u00eb","datePublished":"2010-05-16T07:44:30+00:00","mainEntityOfPage":{"@id":"https:\/\/fjala.info\/2009-2015\/komisioni-i-sherbimit-civil-ai-i-ruzhdies-dhe-greva-e-urise\/"},"wordCount":1486,"commentCount":0,"publisher":{"@id":"https:\/\/fjala.info\/2009-2015\/#organization"},"image":{"@id":"https:\/\/fjala.info\/2009-2015\/komisioni-i-sherbimit-civil-ai-i-ruzhdies-dhe-greva-e-urise\/#primaryimage"},"thumbnailUrl":"http:\/\/www.shkoder.net\/images\/fjala\/adri_nurellari.jpg","articleSection":["Artikuj"],"inLanguage":"sq-AL","potentialAction":[{"@type":"CommentAction","name":"Comment","target":["https:\/\/fjala.info\/2009-2015\/komisioni-i-sherbimit-civil-ai-i-ruzhdies-dhe-greva-e-urise\/#respond"]}]},{"@type":"WebPage","@id":"https:\/\/fjala.info\/2009-2015\/komisioni-i-sherbimit-civil-ai-i-ruzhdies-dhe-greva-e-urise\/","url":"https:\/\/fjala.info\/2009-2015\/komisioni-i-sherbimit-civil-ai-i-ruzhdies-dhe-greva-e-urise\/","name":"Komisioni i Sh\u00ebrbimit Civil, ai i Ruzhdies dhe greva e uris\u00eb - FjALA e LIR\u00cb - Arkivi","isPartOf":{"@id":"https:\/\/fjala.info\/2009-2015\/#website"},"primaryImageOfPage":{"@id":"https:\/\/fjala.info\/2009-2015\/komisioni-i-sherbimit-civil-ai-i-ruzhdies-dhe-greva-e-urise\/#primaryimage"},"image":{"@id":"https:\/\/fjala.info\/2009-2015\/komisioni-i-sherbimit-civil-ai-i-ruzhdies-dhe-greva-e-urise\/#primaryimage"},"thumbnailUrl":"http:\/\/www.shkoder.net\/images\/fjala\/adri_nurellari.jpg","datePublished":"2010-05-16T07:44:30+00:00","breadcrumb":{"@id":"https:\/\/fjala.info\/2009-2015\/komisioni-i-sherbimit-civil-ai-i-ruzhdies-dhe-greva-e-urise\/#breadcrumb"},"inLanguage":"sq-AL","potentialAction":[{"@type":"ReadAction","target":["https:\/\/fjala.info\/2009-2015\/komisioni-i-sherbimit-civil-ai-i-ruzhdies-dhe-greva-e-urise\/"]}]},{"@type":"ImageObject","inLanguage":"sq-AL","@id":"https:\/\/fjala.info\/2009-2015\/komisioni-i-sherbimit-civil-ai-i-ruzhdies-dhe-greva-e-urise\/#primaryimage","url":"http:\/\/www.shkoder.net\/images\/fjala\/adri_nurellari.jpg","contentUrl":"http:\/\/www.shkoder.net\/images\/fjala\/adri_nurellari.jpg"},{"@type":"BreadcrumbList","@id":"https:\/\/fjala.info\/2009-2015\/komisioni-i-sherbimit-civil-ai-i-ruzhdies-dhe-greva-e-urise\/#breadcrumb","itemListElement":[{"@type":"ListItem","position":1,"name":"Home","item":"https:\/\/fjala.info\/2009-2015\/"},{"@type":"ListItem","position":2,"name":"Komisioni i Sh\u00ebrbimit Civil, ai i Ruzhdies dhe greva e uris\u00eb"}]},{"@type":"WebSite","@id":"https:\/\/fjala.info\/2009-2015\/#website","url":"https:\/\/fjala.info\/2009-2015\/","name":"FjALA e LIR\u00cb - Arkivi","description":"Arkivi 2009-2015","publisher":{"@id":"https:\/\/fjala.info\/2009-2015\/#organization"},"potentialAction":[{"@type":"SearchAction","target":{"@type":"EntryPoint","urlTemplate":"https:\/\/fjala.info\/2009-2015\/?s={search_term_string}"},"query-input":{"@type":"PropertyValueSpecification","valueRequired":true,"valueName":"search_term_string"}}],"inLanguage":"sq-AL"},{"@type":"Organization","@id":"https:\/\/fjala.info\/2009-2015\/#organization","name":"FjALA e LIR\u00cb - Arkivi","url":"https:\/\/fjala.info\/2009-2015\/","logo":{"@type":"ImageObject","inLanguage":"sq-AL","@id":"https:\/\/fjala.info\/2009-2015\/#\/schema\/logo\/image\/","url":"","contentUrl":"","caption":"FjALA e LIR\u00cb - Arkivi"},"image":{"@id":"https:\/\/fjala.info\/2009-2015\/#\/schema\/logo\/image\/"}},{"@type":"Person","@id":"https:\/\/fjala.info\/2009-2015\/#\/schema\/person\/3aa1163ef05469c496fc94e77611ada2","name":"admin","image":{"@type":"ImageObject","inLanguage":"sq-AL","@id":"https:\/\/fjala.info\/2009-2015\/wp-content\/uploads\/2012\/02\/arben_cokaj-120x150.jpg","url":"https:\/\/fjala.info\/2009-2015\/wp-content\/uploads\/2012\/02\/arben_cokaj-120x150.jpg","contentUrl":"https:\/\/fjala.info\/2009-2015\/wp-content\/uploads\/2012\/02\/arben_cokaj-120x150.jpg","caption":"admin"},"description":"Admin, Fjala e Lir\u00eb","sameAs":["https:\/\/fjala.info\/"],"url":"https:\/\/fjala.info\/2009-2015\/author\/admin\/"}]}},"_links":{"self":[{"href":"https:\/\/fjala.info\/2009-2015\/wp-json\/wp\/v2\/posts\/2675","targetHints":{"allow":["GET"]}}],"collection":[{"href":"https:\/\/fjala.info\/2009-2015\/wp-json\/wp\/v2\/posts"}],"about":[{"href":"https:\/\/fjala.info\/2009-2015\/wp-json\/wp\/v2\/types\/post"}],"author":[{"embeddable":true,"href":"https:\/\/fjala.info\/2009-2015\/wp-json\/wp\/v2\/users\/1"}],"replies":[{"embeddable":true,"href":"https:\/\/fjala.info\/2009-2015\/wp-json\/wp\/v2\/comments?post=2675"}],"version-history":[{"count":0,"href":"https:\/\/fjala.info\/2009-2015\/wp-json\/wp\/v2\/posts\/2675\/revisions"}],"wp:attachment":[{"href":"https:\/\/fjala.info\/2009-2015\/wp-json\/wp\/v2\/media?parent=2675"}],"wp:term":[{"taxonomy":"category","embeddable":true,"href":"https:\/\/fjala.info\/2009-2015\/wp-json\/wp\/v2\/categories?post=2675"},{"taxonomy":"post_tag","embeddable":true,"href":"https:\/\/fjala.info\/2009-2015\/wp-json\/wp\/v2\/tags?post=2675"}],"curies":[{"name":"wp","href":"https:\/\/api.w.org\/{rel}","templated":true}]}}